{"id":194422,"date":"2019-03-11T12:36:18","date_gmt":"2019-03-11T12:36:18","guid":{"rendered":"https:\/\/www.meydan.tv\/article\/usagimi-ne-sagaldirlar-ne-de-oldururler\/"},"modified":"2019-03-11T12:36:18","modified_gmt":"2019-03-11T12:36:18","slug":"usagimi-ne-sagaldirlar-ne-de-oldururler","status":"publish","type":"post","link":"https:\/\/www.meydan.tv\/az\/article\/usagimi-ne-sagaldirlar-ne-de-oldururler\/","title":{"rendered":"&#8221;U\u015fa\u011f\u0131m\u0131 n\u0259 sa\u011fald\u0131rlar, n\u0259 d\u0259 \u00f6ld\u00fcr\u00fcrl\u0259r&#8221;"},"content":{"rendered":"<p>\n  4 ya\u015fl\u0131 H\u00fcseynin anas\u0131 h\u0259m d\u00f6vl\u0259tin bigan\u0259liyind\u0259n naraz\u0131d\u0131r, h\u0259m d\u0259 h\u0259kiml\u0259rd\u0259n&#8230;\n<\/p>\n<p>\n  Siy\u0259z\u0259nin Gilgil\u00e7ay k\u0259ndind\u0259 ya\u015fayan 4 ya\u015fl\u0131 H\u00fcseyn do\u011fulandan h\u0259yatda qalmaq u\u011frunda m\u00fcbariz\u0259 apar\u0131r. O, serebral iflicl\u0259 d\u00fcnyaya g\u0259lib. \u0130ndi n\u0259 g\u0259z\u0259 bilir, n\u0259 d\u0259 dan\u0131\u015f\u0131r.\n<\/p>\n<p>\n  <b><br \/>\n    <i><br \/>\n      \u201cGec\u0259 z\u0259ng vurdular ki, g\u0259lin, \u00f6l\u00fcr\u201d<br \/>\n    <\/i><br \/>\n  <\/b>\n<\/p>\n<p>\n  H\u00fcseynin n\u0259n\u0259si S\u00fcr\u0259yya V\u0259liyeva deyir ki, u\u015faq d\u00fcnyaya g\u0259l\u0259nd\u0259n onu h\u0259yatda saxlamaq \u00fc\u00e7\u00fcn vuru\u015fublar:\n<\/p>\n<p>\n  \u201cGec\u0259 saat 3-d\u0259 z\u0259ng vurdular ki, g\u0259lin, \u00f6l\u00fcr. Siy\u0259z\u0259nd\u0259 bir \u00e7ar\u0259 q\u0131la bilm\u0259dil\u0259r. \u018fvv\u0259lc\u0259 Qubaya aparma\u011f\u0131 t\u0259klif el\u0259dil\u0259r. Sonra t\u0259cili Bak\u0131ya \u00e7atd\u0131rd\u0131q. Bir ay \u015f\u00fc\u015f\u0259 alt\u0131nda qald\u0131. \u0130ki-\u00fc\u00e7 ay s\u0259si \u00e7\u0131xmad\u0131\u201d.\n<\/p>\n<p>\n  U\u015fa\u011f\u0131n anas\u0131 Tavat V\u0259liyeva \u0259lav\u0259 edir ki, hamil\u0259lik d\u00f6vr\u00fcnd\u0259 imkans\u0131zl\u0131qdan m\u00fcalic\u0259 ala bilm\u0259yib:\n<\/p>\n<p>\n  \u201cBa\u015f\u0131 normadan b\u00f6y\u00fck do\u011fulmu\u015fdu. Zondla yem\u0259k verirdil\u0259r. Bo\u011fulurdu. Hals\u0131z olurdu. Ana s\u00fcd\u00fc icaz\u0259 vermirdil\u0259r. Bak\u0131da g\u0259zm\u0259diyimiz x\u0259st\u0259xana qalmad\u0131. Bir ya\u015f\u0131na q\u0259d\u0259r \u00e7ox m\u00fcalic\u0259 el\u0259tdir\u0259 bilm\u0259dik. \u00c7ox a\u011f\u0131r v\u0259ziyy\u0259td\u0259 ya\u015fay\u0131rd\u0131q. Sonra bacard\u0131qca m\u00fcalic\u0259y\u0259 aparm\u0131\u015f\u0131q. Yolda\u015f\u0131m f\u0259hl\u0259di. H\u0259r c\u00fcr a\u011f\u0131r i\u015fl\u0259 m\u0259\u015f\u011ful olur ki, u\u015faq sa\u011fals\u0131n. N\u0259 qazan\u0131rsa, ham\u0131s\u0131n\u0131 m\u00fcalic\u0259y\u0259 veririk\u201d.\n<\/p>\n<p>\n  <b><br \/>\n    <i><br \/>\n      \u201cH\u0259kiml\u0259r biz\u0259 daimi m\u00fc\u015ft\u0259ri kimi bax\u0131r\u201d<br \/>\n    <\/i><br \/>\n  <\/b>\n<\/p>\n<p>\n  Ail\u0259 u\u015fa\u011f\u0131n m\u00fcalic\u0259si \u00fc\u00e7\u00fcn h\u0259r c\u00fcr z\u0259hm\u0259t\u0259 qatla\u015f\u0131r. \u018fn \u00e7ox h\u0259kiml\u0259rd\u0259n gileyl\u0259nirl\u0259r. Tavat V\u0259liyeva deyir, biz\u0259 daimi m\u00fc\u015ft\u0259ri kimi bax\u0131rlar:\n<\/p>\n<p>\n  \u201cBu ill\u0259r \u0259rzind\u0259 h\u0259mi\u015f\u0259 yax\u015f\u0131 h\u0259kim axtarm\u0131\u015f\u0131q. H\u0259r\u0259si bir m\u00fcalic\u0259 metodu deyir. Bir h\u0259kim tapm\u0131\u015fd\u0131lar, ilk d\u0259f\u0259 m\u00fcayin\u0259y\u0259 ged\u0259nd\u0259 20 manat verdim. Dedi: \u201cBu n\u0259di verirs\u0259n?\u201d 9 ay n\u0259 q\u0259d\u0259r pulumuzu ald\u0131. 10-cu ay dedi ki, bu u\u015fa\u011f\u0131n m\u00fcalic\u0259si m\u0259nlik deyil. Yand\u0131r\u0131b yaxd\u0131 bizi&#8230;\u201d\n<\/p>\n<figure class=\"wp-block-image size-large\">\n  <img decoding=\"async\" src=\"https:\/\/www.meydan.tv\/az\/image_from_ios-1-jpg-3\/\" alt=\"image_from_ios (1).jpg\" class=\"wp-image-119804\"\/><figcaption>\n    s\u0259n\u0259dl\u0259r<br \/>\n  <\/figcaption><\/figure>\n<p>\n  H\u00fcseynin atas\u0131 az qala, h\u0259r g\u00fcn i\u015fl\u0259yir. B\u0259z\u0259n g\u00fcnl\u0259rl\u0259 evd\u0259n uzaq yerl\u0259rd\u0259 f\u0259hl\u0259lik edir ki, m\u00fcalic\u0259y\u0259 pul ay\u0131rs\u0131n.\n<\/p>\n<p>\n  Tavat V\u0259liyeva deyir: \u201cAlmaniyadan g\u0259l\u0259n c\u0259nubi az\u0259rbaycanl\u0131 h\u0259kim vard\u0131. Bir g\u00fcn\u0259 340 manat x\u0259rcimiz \u00e7\u0131x\u0131rd\u0131. Be\u015f g\u00fcn yan\u0131na apard\u0131q. He\u00e7 bir xeyri olmad\u0131. N\u0259 q\u0259d\u0259r ruhdan d\u00fc\u015fd\u00fck. M\u00fcalic\u0259ni dayand\u0131rd\u0131q. O pulu z\u00fclml\u0259 qazan\u0131r\u0131q. H\u0259kiml\u0259rin m\u0259qs\u0259di yaln\u0131z istifad\u0259 el\u0259m\u0259kdi. U\u015fa\u011f\u0131m\u0131 n\u0259 sa\u011fald\u0131rlar, n\u0259 d\u0259 \u00f6ld\u00fcr\u00fcrl\u0259r\u201d.\n<\/p>\n<p>\n  <b><br \/>\n    <i><br \/>\n      \u201cMehriban \u018fliyevan\u0131n m\u0259ktubunu a\u00e7\u0131b oxumu\u015fdular\u201d<br \/>\n    <\/i><br \/>\n  <\/b>\n<\/p>\n<p>\n  V\u0259liyevl\u0259r ail\u0259si \u00f6vladlar\u0131n\u0131 \u00f6z imkanlar\u0131 daxilind\u0259 m\u00fcalic\u0259 etm\u0259y\u0259 \u00e7al\u0131\u015f\u0131rlar. Ki\u00e7ik b\u00fcdc\u0259 il\u0259 m\u00fcalic\u0259nin he\u00e7 bir effekt verm\u0259diyini g\u00f6rd\u00fckl\u0259rind\u0259n ke\u00e7\u0259n il \u00f6lk\u0259nin vitse-prezidenti, Heyd\u0259r \u018fliyev Fondunun r\u0259hb\u0259ri Mehriban \u018fliyevaya m\u00fcraci\u0259t edibl\u0259r. Tavat V\u0259liyeva deyir ki, onun m\u0259ktubuna reaksiya verilib \u2013 Fond onun \u015fikay\u0259tini ara\u015fd\u0131r\u0131lmaq \u00fc\u00e7\u00fcn S\u0259hiyy\u0259 Nazirliyin\u0259 g\u00f6nd\u0259rib, laz\u0131mi t\u0259dbir g\u00f6r\u00fclm\u0259si tap\u015f\u0131r\u0131l\u0131b. Bu bar\u0259d\u0259 \u015fikay\u0259t\u00e7inin \u00f6z\u00fcn\u00fc d\u0259 m\u0259lumatland\u0131rmaq \u00fc\u00e7\u00fcn onlara da cavab m\u0259ktubu g\u00f6nd\u0259rilib. Anan\u0131n s\u00f6zl\u0259rin\u0259 g\u00f6r\u0259, Heyd\u0259r \u018fliyev Fondundan onlara g\u00f6nd\u0259ril\u0259n m\u0259ktubu gedib g\u00f6t\u00fcr\u0259nd\u0259 z\u0259rf a\u00e7\u0131lm\u0131\u015f v\u0259ziyy\u0259td\u0259 olub:\n<\/p>\n<p>\n  \u201cMehriban \u018fliyevan\u0131n m\u0259ktubunu a\u00e7\u0131b oxumu\u015fdular. Bundan sonra da m\u0259ni Siy\u0259z\u0259n x\u0259st\u0259xanas\u0131na \u00e7a\u011f\u0131r\u0131b, aldatd\u0131lar. Bir ka\u011f\u0131za qol \u00e7\u0259kdirdil\u0259r. Dem\u0259, o ka\u011f\u0131zda yaz\u0131l\u0131bm\u0131\u015f ki, he\u00e7 bir \u015fikay\u0259tim yoxdu. Qol \u00e7\u0259km\u0259y\u0259 m\u0259cbur el\u0259dil\u0259r. Yan\u0131mda da he\u00e7 kim yox idi. Ondan sonra ikinci d\u0259f\u0259 m\u0259ktub yazd\u0131m. \u0130kinci m\u0259ktubuma he\u00e7 cavab g\u0259lm\u0259di. B\u0259lk\u0259 d\u0259, cavab g\u0259ldi, \u00f6zl\u0259ri a\u00e7\u0131b oxudular, m\u0259n\u0259 \u00e7atd\u0131rmad\u0131lar\u201d.\n<\/p>\n<p>\n  <b><br \/>\n    <i><br \/>\n      \u201cNec\u0259 \u0259zab \u00e7\u0259kdiyin\u0259 baxa bilmir\u0259m\u201d<br \/>\n    <\/i><br \/>\n  <\/b>\n<\/p>\n<p>\n  H\u00fcseyn g\u00fcn\u00fcn \u0259ks\u0259r hiss\u0259sini a\u011flay\u0131r. G\u00f6z\u00fcn\u0259 azac\u0131q yuxu gedir, amma oyananda \u00e7ox \u0259s\u0259bi olur. Ki\u00e7ik qarda\u015f\u0131n\u0131 tutub di\u015fl\u0259yir. Yax\u0131nla\u015fanlar\u0131n sa\u00e7\u0131n\u0131 yolur, \u00fcz\u00fcn\u00fc c\u0131rmaqlay\u0131r. Amma anas\u0131 onun haqq\u0131nda \u00fcmidl\u0259 dan\u0131\u015f\u0131r: \u201c\u018fslind\u0259, h\u0259r \u015feyi d\u0259rk el\u0259yir. N\u0259 deyir\u0259ms\u0259, ba\u015fa d\u00fc\u015f\u00fcr. Baxd\u0131\u011f\u0131 b\u00fct\u00fcn cizgi filml\u0259rinin q\u0259hr\u0259manlar\u0131n\u0131 tan\u0131y\u0131r. Bu da onun hesab\u0131na ba\u015fa g\u0259lib ki, n\u0259yimiz var, sat\u0131b m\u00fcalic\u0259y\u0259 s\u0259rf el\u0259mi\u015fik, daha he\u00e7 n\u0259yimiz qalmay\u0131b. Ukraynada m\u00fcalic\u0259 m\u0259sl\u0259h\u0259t g\u00f6rm\u00fc\u015fd\u00fcl\u0259r, imkans\u0131zl\u0131qdan ged\u0259 bilm\u0259dik&#8230;\u201d\n<\/p>\n<p>\n  Anas\u0131 deyir ki, t\u0259xmin\u0259n bir ay \u00f6nc\u0259 yen\u0259 qohum-qarda\u015fdan pul toplay\u0131b H\u00fcseyni \u0130rana apar\u0131blar. Orada h\u0259kim sa\u011falaca\u011f\u0131na s\u00f6z verm\u0259s\u0259 d\u0259, onlarda azac\u0131q \u00fcmid yarad\u0131b:\n<\/p>\n<p><img \/><\/p>\n<p>\n  \u201cBizi burada h\u0259kiml\u0259r \u00e7ox aldad\u0131b. El\u0259 d\u0259rmanlar yaz\u0131rd\u0131lar ki, h\u0259m baha, h\u0259m d\u0259 u\u015fa\u011f\u0131 aqressiv el\u0259yirdi. Yalandan tam sa\u011faldacaqlar\u0131na s\u00f6z verirdil\u0259r. Birc\u0259 \u0130randak\u0131 h\u0259kim konkret s\u00f6z verm\u0259di, amma dedi, yax\u015f\u0131la\u015fmas\u0131na \u00e7al\u0131\u015facam. Burada d\u0259rmanlar baha oldu\u011fundan, \u0130randan \u00fc\u00e7 ayl\u0131q dava-d\u0259rman al\u0131b g\u0259tirmi\u015fik\u201d.\n<\/p>\n<p>\n  T.V\u0259liyeva dan\u0131\u015f\u0131r ki, m\u00fcalic\u0259ni dayand\u0131rmaq ba\u015fqa f\u0259sadlar ortaya \u00e7\u0131xar\u0131r. Bir d\u0259f\u0259 m\u00fcalic\u0259sini k\u0259s\u0259nd\u0259 u\u015fa\u011f\u0131n ba\u015f\u0131nda \u015fi\u015f \u0259m\u0259l\u0259 g\u0259lib. Apar\u0131b k\u0259sdiribl\u0259r. \u0130kinci d\u0259f\u0259 m\u00fcalic\u0259ni saxlayanda g\u00f6z\u00fcn\u00fcn i\u00e7ind\u0259 a\u011f \u00e7\u0131x\u0131nt\u0131 peyda olub. M\u00fcalic\u0259ni davam etdir\u0259n kimi g\u00f6z\u00fcnd\u0259ki problem h\u0259llini tap\u0131b. Gah b\u0259d\u0259nin\u0259 yara \u00e7\u0131x\u0131r, gah da g\u00f6zl\u0259ri q\u0131zar\u0131r, \u00fcz\u00fc \u015fi\u015fir.\n<\/p>\n<p>\n  \u201cNec\u0259 \u0259zab \u00e7\u0259kdiyin\u0259 baxa bilmir\u0259m. Tez-tez a\u011fr\u0131dan ba\u015f\u0131n\u0131 divara vurur\u201d, &#8211; ana bel\u0259 deyir. Sonra a\u011flay\u0131r&#8230;\n<\/p>\n<p>\n  <b><br \/>\n    <i><br \/>\n      \u201cO 82 manat he\u00e7 bir h\u0259ft\u0259lik d\u0259rman\u0131na \u00e7atm\u0131r\u201d<br \/>\n    <\/i><br \/>\n  <\/b>\n<\/p>\n<p>\n  Anas\u0131 deyir ki, d\u00f6vl\u0259td\u0259n c\u0259mi 82 manat pensiya al\u0131rlar. Bu da H\u00fcseynin he\u00e7 bir h\u0259ft\u0259lik d\u0259rman\u0131na \u00e7atm\u0131r: \u201cU\u015fa\u011fa, \u00fcmumiyy\u0259tl\u0259, pensiya vermirl\u0259r. M\u0259n\u0259 dedil\u0259r ki, o 82 manat da x\u0259st\u0259 u\u015fa\u011fa baxma\u011fa g\u00f6r\u0259 s\u0259nin \u00f6z\u00fcn\u0259 verilir. \u0130nan\u0131n, 82 manat he\u00e7 bir h\u0259ft\u0259lik d\u0259rman\u0131na \u00e7atm\u0131r. Onu bir d\u0259qiq\u0259 g\u00f6zd\u0259n qoymaq olmur. Ona g\u00f6r\u0259 evin dolan\u0131\u015f\u0131\u011f\u0131 \u00fc\u00e7\u00fcn \u0259lav\u0259 i\u015fl\u0259 d\u0259 m\u0259\u015f\u011ful ola bilmir\u0259m. Yax\u015f\u0131, b\u0259s biz nec\u0259 el\u0259y\u0259k? D\u00f6vl\u0259t orqanlar\u0131 niy\u0259 bunu d\u00fc\u015f\u00fcnm\u00fcr?\u201d\n<\/p>\n<p>\n  H\u00fcseyn b\u00fct\u00fcn g\u00fcn\u00fc a\u00e7\u0131q hava ist\u0259yir. N\u0259 ist\u0259diyini soru\u015fanda h\u0259r \u015fey\u0259 ba\u015f i\u015far\u0259si il\u0259 \u201cyox\u201d cavab\u0131 verir, birc\u0259 havada g\u0259zm\u0259y\u0259 \u201ch\u0259\u201d deyir. K\u00fc\u00e7\u0259d\u0259 qucaqda g\u0259zdir\u0259nd\u0259 \u00f6z\u00fcn\u0259m\u0259xsus \u015f\u0259kild\u0259 sevinir.\n<\/p>\n<p>\n  \u201cBeynin\u0259 oksigen \u00e7\u0259tinlikl\u0259 gedir dey\u0259, a\u00e7\u0131q havada daha rahat olur,\u201d- anas\u0131 deyir.<\/p>\n","protected":false},"excerpt":{"rendered":"<p>H\u00fcseynin n\u0259n\u0259si S\u00fcr\u0259yya V\u0259liyeva deyir ki, u\u015faq d\u00fcnyaya g\u0259l\u0259nd\u0259n onu h\u0259yatda saxlamaq \u00fc\u00e7\u00fcn vuru\u015fublar<\/p>\n","protected":false},"author":11,"featured_media":119801,"comment_status":"closed","ping_status":"open","sticky":false,"template":"","format":"standard","meta":{"_acf_changed":false,"_sitemap_exclude":false,"_sitemap_priority":"","_sitemap_frequency":"","footnotes":""},"categories":[60],"tags":[],"class_list":["post-194422","post","type-post","status-publish","format-standard","has-post-thumbnail","hentry","category-bolge","infinite-scroll-item","generate-columns","tablet-grid-50","mobile-grid-100","grid-parent","grid-33","no-featured-image-padding"],"acf":[],"yoast_head":"<!-- This site is optimized with the Yoast SEO plugin v27.4 - https:\/\/yoast.com\/product\/yoast-seo-wordpress\/ -->\n<title>&#039;&#039;U\u015fa\u011f\u0131m\u0131 n\u0259 sa\u011fald\u0131rlar, n\u0259 d\u0259 \u00f6ld\u00fcr\u00fcrl\u0259r&#039;&#039; - MEYDAN.TV<\/title>\n<meta name=\"robots\" content=\"index, follow, max-snippet:-1, max-image-preview:large, max-video-preview:-1\" \/>\n<link rel=\"canonical\" href=\"https:\/\/www.meydan.tv\/az\/article\/usagimi-ne-sagaldirlar-ne-de-oldururler\/\" \/>\n<meta property=\"og:locale\" content=\"az_AZ\" \/>\n<meta property=\"og:type\" content=\"article\" \/>\n<meta property=\"og:title\" content=\"&#039;&#039;U\u015fa\u011f\u0131m\u0131 n\u0259 sa\u011fald\u0131rlar, n\u0259 d\u0259 \u00f6ld\u00fcr\u00fcrl\u0259r&#039;&#039; - MEYDAN.TV\" \/>\n<meta property=\"og:description\" content=\"H\u00fcseynin n\u0259n\u0259si S\u00fcr\u0259yya V\u0259liyeva deyir ki, u\u015faq d\u00fcnyaya g\u0259l\u0259nd\u0259n onu h\u0259yatda saxlamaq \u00fc\u00e7\u00fcn vuru\u015fublar\" \/>\n<meta property=\"og:url\" content=\"https:\/\/www.meydan.tv\/az\/article\/usagimi-ne-sagaldirlar-ne-de-oldururler\/\" \/>\n<meta property=\"og:site_name\" content=\"MEYDAN.TV\" \/>\n<meta property=\"article:published_time\" content=\"2019-03-11T12:36:18+00:00\" \/>\n<meta property=\"og:image\" content=\"https:\/\/www.meydan.tv\/wp-content\/uploads\/image_from_ios_wslblw9.jpg\" \/>\n\t<meta property=\"og:image:width\" content=\"1004\" \/>\n\t<meta property=\"og:image:height\" content=\"750\" \/>\n\t<meta property=\"og:image:type\" content=\"image\/jpeg\" \/>\n<meta name=\"author\" content=\"user-manager\" \/>\n<meta name=\"twitter:card\" content=\"summary_large_image\" \/>\n<script type=\"application\/ld+json\" class=\"yoast-schema-graph\">{\"@context\":\"https:\\\/\\\/schema.org\",\"@graph\":[{\"@type\":\"Article\",\"@id\":\"https:\\\/\\\/www.meydan.tv\\\/az\\\/article\\\/usagimi-ne-sagaldirlar-ne-de-oldururler\\\/#article\",\"isPartOf\":{\"@id\":\"https:\\\/\\\/www.meydan.tv\\\/az\\\/article\\\/usagimi-ne-sagaldirlar-ne-de-oldururler\\\/\"},\"author\":{\"name\":\"user-manager\",\"@id\":\"https:\\\/\\\/www.meydan.tv\\\/az\\\/#\\\/schema\\\/person\\\/10d11eccf6da3662cf5fdab9806ea91a\"},\"headline\":\"&#8221;U\u015fa\u011f\u0131m\u0131 n\u0259 sa\u011fald\u0131rlar, n\u0259 d\u0259 \u00f6ld\u00fcr\u00fcrl\u0259r&#8221;\",\"datePublished\":\"2019-03-11T12:36:18+00:00\",\"mainEntityOfPage\":{\"@id\":\"https:\\\/\\\/www.meydan.tv\\\/az\\\/article\\\/usagimi-ne-sagaldirlar-ne-de-oldururler\\\/\"},\"wordCount\":1299,\"publisher\":{\"@id\":\"https:\\\/\\\/www.meydan.tv\\\/az\\\/#organization\"},\"image\":{\"@id\":\"https:\\\/\\\/www.meydan.tv\\\/az\\\/article\\\/usagimi-ne-sagaldirlar-ne-de-oldururler\\\/#primaryimage\"},\"thumbnailUrl\":\"https:\\\/\\\/www.meydan.tv\\\/wp-content\\\/uploads\\\/image_from_ios_wslblw9.jpg\",\"articleSection\":[\"B\u00f6lg\u0259\"],\"inLanguage\":\"az\"},{\"@type\":\"WebPage\",\"@id\":\"https:\\\/\\\/www.meydan.tv\\\/az\\\/article\\\/usagimi-ne-sagaldirlar-ne-de-oldururler\\\/\",\"url\":\"https:\\\/\\\/www.meydan.tv\\\/az\\\/article\\\/usagimi-ne-sagaldirlar-ne-de-oldururler\\\/\",\"name\":\"''U\u015fa\u011f\u0131m\u0131 n\u0259 sa\u011fald\u0131rlar, n\u0259 d\u0259 \u00f6ld\u00fcr\u00fcrl\u0259r'' - MEYDAN.TV\",\"isPartOf\":{\"@id\":\"https:\\\/\\\/www.meydan.tv\\\/az\\\/#website\"},\"primaryImageOfPage\":{\"@id\":\"https:\\\/\\\/www.meydan.tv\\\/az\\\/article\\\/usagimi-ne-sagaldirlar-ne-de-oldururler\\\/#primaryimage\"},\"image\":{\"@id\":\"https:\\\/\\\/www.meydan.tv\\\/az\\\/article\\\/usagimi-ne-sagaldirlar-ne-de-oldururler\\\/#primaryimage\"},\"thumbnailUrl\":\"https:\\\/\\\/www.meydan.tv\\\/wp-content\\\/uploads\\\/image_from_ios_wslblw9.jpg\",\"datePublished\":\"2019-03-11T12:36:18+00:00\",\"breadcrumb\":{\"@id\":\"https:\\\/\\\/www.meydan.tv\\\/az\\\/article\\\/usagimi-ne-sagaldirlar-ne-de-oldururler\\\/#breadcrumb\"},\"inLanguage\":\"az\",\"potentialAction\":[{\"@type\":\"ReadAction\",\"target\":[\"https:\\\/\\\/www.meydan.tv\\\/az\\\/article\\\/usagimi-ne-sagaldirlar-ne-de-oldururler\\\/\"]}]},{\"@type\":\"ImageObject\",\"inLanguage\":\"az\",\"@id\":\"https:\\\/\\\/www.meydan.tv\\\/az\\\/article\\\/usagimi-ne-sagaldirlar-ne-de-oldururler\\\/#primaryimage\",\"url\":\"https:\\\/\\\/www.meydan.tv\\\/wp-content\\\/uploads\\\/image_from_ios_wslblw9.jpg\",\"contentUrl\":\"https:\\\/\\\/www.meydan.tv\\\/wp-content\\\/uploads\\\/image_from_ios_wslblw9.jpg\",\"width\":1004,\"height\":750,\"caption\":\"Source: meydan tv\"},{\"@type\":\"BreadcrumbList\",\"@id\":\"https:\\\/\\\/www.meydan.tv\\\/az\\\/article\\\/usagimi-ne-sagaldirlar-ne-de-oldururler\\\/#breadcrumb\",\"itemListElement\":[{\"@type\":\"ListItem\",\"position\":1,\"name\":\"Ana s\u0259hif\u0259\",\"item\":\"https:\\\/\\\/www.meydan.tv\\\/az\\\/\"},{\"@type\":\"ListItem\",\"position\":2,\"name\":\"B\u00f6lg\u0259\",\"item\":\"https:\\\/\\\/www.meydan.tv\\\/az\\\/section\\\/bolge\\\/\"},{\"@type\":\"ListItem\",\"position\":3,\"name\":\"&#8221;U\u015fa\u011f\u0131m\u0131 n\u0259 sa\u011fald\u0131rlar, n\u0259 d\u0259 \u00f6ld\u00fcr\u00fcrl\u0259r&#8221;\"}]},{\"@type\":\"WebSite\",\"@id\":\"https:\\\/\\\/www.meydan.tv\\\/az\\\/#website\",\"url\":\"https:\\\/\\\/www.meydan.tv\\\/az\\\/\",\"name\":\"MEYDAN.TV\",\"description\":\"Meydan TV Az\u0259rbaycan\u0131n media m\u0259kan\u0131ndak\u0131 alternativ s\u0259sidir\",\"publisher\":{\"@id\":\"https:\\\/\\\/www.meydan.tv\\\/az\\\/#organization\"},\"potentialAction\":[{\"@type\":\"SearchAction\",\"target\":{\"@type\":\"EntryPoint\",\"urlTemplate\":\"https:\\\/\\\/www.meydan.tv\\\/az\\\/?s={search_term_string}\"},\"query-input\":{\"@type\":\"PropertyValueSpecification\",\"valueRequired\":true,\"valueName\":\"search_term_string\"}}],\"inLanguage\":\"az\"},{\"@type\":\"Organization\",\"@id\":\"https:\\\/\\\/www.meydan.tv\\\/az\\\/#organization\",\"name\":\"Meydan TV\",\"url\":\"https:\\\/\\\/www.meydan.tv\\\/az\\\/\",\"logo\":{\"@type\":\"ImageObject\",\"inLanguage\":\"az\",\"@id\":\"https:\\\/\\\/www.meydan.tv\\\/az\\\/#\\\/schema\\\/logo\\\/image\\\/\",\"url\":\"https:\\\/\\\/www.meydan.tv\\\/wp-content\\\/uploads\\\/2021\\\/07\\\/meydan-logo.svg\",\"contentUrl\":\"https:\\\/\\\/www.meydan.tv\\\/wp-content\\\/uploads\\\/2021\\\/07\\\/meydan-logo.svg\",\"width\":195,\"height\":46,\"caption\":\"Meydan TV\"},\"image\":{\"@id\":\"https:\\\/\\\/www.meydan.tv\\\/az\\\/#\\\/schema\\\/logo\\\/image\\\/\"}},{\"@type\":\"Person\",\"@id\":\"https:\\\/\\\/www.meydan.tv\\\/az\\\/#\\\/schema\\\/person\\\/10d11eccf6da3662cf5fdab9806ea91a\",\"name\":\"user-manager\"}]}<\/script>\n<!-- \/ Yoast SEO plugin. -->","yoast_head_json":{"title":"''U\u015fa\u011f\u0131m\u0131 n\u0259 sa\u011fald\u0131rlar, n\u0259 d\u0259 \u00f6ld\u00fcr\u00fcrl\u0259r'' - MEYDAN.TV","robots":{"index":"index","follow":"follow","max-snippet":"max-snippet:-1","max-image-preview":"max-image-preview:large","max-video-preview":"max-video-preview:-1"},"canonical":"https:\/\/www.meydan.tv\/az\/article\/usagimi-ne-sagaldirlar-ne-de-oldururler\/","og_locale":"az_AZ","og_type":"article","og_title":"''U\u015fa\u011f\u0131m\u0131 n\u0259 sa\u011fald\u0131rlar, n\u0259 d\u0259 \u00f6ld\u00fcr\u00fcrl\u0259r'' - MEYDAN.TV","og_description":"H\u00fcseynin n\u0259n\u0259si S\u00fcr\u0259yya V\u0259liyeva deyir ki, u\u015faq d\u00fcnyaya g\u0259l\u0259nd\u0259n onu h\u0259yatda saxlamaq \u00fc\u00e7\u00fcn vuru\u015fublar","og_url":"https:\/\/www.meydan.tv\/az\/article\/usagimi-ne-sagaldirlar-ne-de-oldururler\/","og_site_name":"MEYDAN.TV","article_published_time":"2019-03-11T12:36:18+00:00","og_image":[{"width":1004,"height":750,"url":"https:\/\/www.meydan.tv\/wp-content\/uploads\/image_from_ios_wslblw9.jpg","type":"image\/jpeg"}],"author":"user-manager","twitter_card":"summary_large_image","schema":{"@context":"https:\/\/schema.org","@graph":[{"@type":"Article","@id":"https:\/\/www.meydan.tv\/az\/article\/usagimi-ne-sagaldirlar-ne-de-oldururler\/#article","isPartOf":{"@id":"https:\/\/www.meydan.tv\/az\/article\/usagimi-ne-sagaldirlar-ne-de-oldururler\/"},"author":{"name":"user-manager","@id":"https:\/\/www.meydan.tv\/az\/#\/schema\/person\/10d11eccf6da3662cf5fdab9806ea91a"},"headline":"&#8221;U\u015fa\u011f\u0131m\u0131 n\u0259 sa\u011fald\u0131rlar, n\u0259 d\u0259 \u00f6ld\u00fcr\u00fcrl\u0259r&#8221;","datePublished":"2019-03-11T12:36:18+00:00","mainEntityOfPage":{"@id":"https:\/\/www.meydan.tv\/az\/article\/usagimi-ne-sagaldirlar-ne-de-oldururler\/"},"wordCount":1299,"publisher":{"@id":"https:\/\/www.meydan.tv\/az\/#organization"},"image":{"@id":"https:\/\/www.meydan.tv\/az\/article\/usagimi-ne-sagaldirlar-ne-de-oldururler\/#primaryimage"},"thumbnailUrl":"https:\/\/www.meydan.tv\/wp-content\/uploads\/image_from_ios_wslblw9.jpg","articleSection":["B\u00f6lg\u0259"],"inLanguage":"az"},{"@type":"WebPage","@id":"https:\/\/www.meydan.tv\/az\/article\/usagimi-ne-sagaldirlar-ne-de-oldururler\/","url":"https:\/\/www.meydan.tv\/az\/article\/usagimi-ne-sagaldirlar-ne-de-oldururler\/","name":"''U\u015fa\u011f\u0131m\u0131 n\u0259 sa\u011fald\u0131rlar, n\u0259 d\u0259 \u00f6ld\u00fcr\u00fcrl\u0259r'' - MEYDAN.TV","isPartOf":{"@id":"https:\/\/www.meydan.tv\/az\/#website"},"primaryImageOfPage":{"@id":"https:\/\/www.meydan.tv\/az\/article\/usagimi-ne-sagaldirlar-ne-de-oldururler\/#primaryimage"},"image":{"@id":"https:\/\/www.meydan.tv\/az\/article\/usagimi-ne-sagaldirlar-ne-de-oldururler\/#primaryimage"},"thumbnailUrl":"https:\/\/www.meydan.tv\/wp-content\/uploads\/image_from_ios_wslblw9.jpg","datePublished":"2019-03-11T12:36:18+00:00","breadcrumb":{"@id":"https:\/\/www.meydan.tv\/az\/article\/usagimi-ne-sagaldirlar-ne-de-oldururler\/#breadcrumb"},"inLanguage":"az","potentialAction":[{"@type":"ReadAction","target":["https:\/\/www.meydan.tv\/az\/article\/usagimi-ne-sagaldirlar-ne-de-oldururler\/"]}]},{"@type":"ImageObject","inLanguage":"az","@id":"https:\/\/www.meydan.tv\/az\/article\/usagimi-ne-sagaldirlar-ne-de-oldururler\/#primaryimage","url":"https:\/\/www.meydan.tv\/wp-content\/uploads\/image_from_ios_wslblw9.jpg","contentUrl":"https:\/\/www.meydan.tv\/wp-content\/uploads\/image_from_ios_wslblw9.jpg","width":1004,"height":750,"caption":"Source: meydan tv"},{"@type":"BreadcrumbList","@id":"https:\/\/www.meydan.tv\/az\/article\/usagimi-ne-sagaldirlar-ne-de-oldururler\/#breadcrumb","itemListElement":[{"@type":"ListItem","position":1,"name":"Ana s\u0259hif\u0259","item":"https:\/\/www.meydan.tv\/az\/"},{"@type":"ListItem","position":2,"name":"B\u00f6lg\u0259","item":"https:\/\/www.meydan.tv\/az\/section\/bolge\/"},{"@type":"ListItem","position":3,"name":"&#8221;U\u015fa\u011f\u0131m\u0131 n\u0259 sa\u011fald\u0131rlar, n\u0259 d\u0259 \u00f6ld\u00fcr\u00fcrl\u0259r&#8221;"}]},{"@type":"WebSite","@id":"https:\/\/www.meydan.tv\/az\/#website","url":"https:\/\/www.meydan.tv\/az\/","name":"MEYDAN.TV","description":"Meydan TV Az\u0259rbaycan\u0131n media m\u0259kan\u0131ndak\u0131 alternativ s\u0259sidir","publisher":{"@id":"https:\/\/www.meydan.tv\/az\/#organization"},"potentialAction":[{"@type":"SearchAction","target":{"@type":"EntryPoint","urlTemplate":"https:\/\/www.meydan.tv\/az\/?s={search_term_string}"},"query-input":{"@type":"PropertyValueSpecification","valueRequired":true,"valueName":"search_term_string"}}],"inLanguage":"az"},{"@type":"Organization","@id":"https:\/\/www.meydan.tv\/az\/#organization","name":"Meydan TV","url":"https:\/\/www.meydan.tv\/az\/","logo":{"@type":"ImageObject","inLanguage":"az","@id":"https:\/\/www.meydan.tv\/az\/#\/schema\/logo\/image\/","url":"https:\/\/www.meydan.tv\/wp-content\/uploads\/2021\/07\/meydan-logo.svg","contentUrl":"https:\/\/www.meydan.tv\/wp-content\/uploads\/2021\/07\/meydan-logo.svg","width":195,"height":46,"caption":"Meydan TV"},"image":{"@id":"https:\/\/www.meydan.tv\/az\/#\/schema\/logo\/image\/"}},{"@type":"Person","@id":"https:\/\/www.meydan.tv\/az\/#\/schema\/person\/10d11eccf6da3662cf5fdab9806ea91a","name":"user-manager"}]}},"_links":{"self":[{"href":"https:\/\/www.meydan.tv\/az\/wp-json\/wp\/v2\/posts\/194422","targetHints":{"allow":["GET"]}}],"collection":[{"href":"https:\/\/www.meydan.tv\/az\/wp-json\/wp\/v2\/posts"}],"about":[{"href":"https:\/\/www.meydan.tv\/az\/wp-json\/wp\/v2\/types\/post"}],"author":[{"embeddable":true,"href":"https:\/\/www.meydan.tv\/az\/wp-json\/wp\/v2\/users\/11"}],"replies":[{"embeddable":true,"href":"https:\/\/www.meydan.tv\/az\/wp-json\/wp\/v2\/comments?post=194422"}],"version-history":[{"count":0,"href":"https:\/\/www.meydan.tv\/az\/wp-json\/wp\/v2\/posts\/194422\/revisions"}],"wp:featuredmedia":[{"embeddable":true,"href":"https:\/\/www.meydan.tv\/az\/wp-json\/wp\/v2\/media\/119801"}],"wp:attachment":[{"href":"https:\/\/www.meydan.tv\/az\/wp-json\/wp\/v2\/media?parent=194422"}],"wp:term":[{"taxonomy":"category","embeddable":true,"href":"https:\/\/www.meydan.tv\/az\/wp-json\/wp\/v2\/categories?post=194422"},{"taxonomy":"post_tag","embeddable":true,"href":"https:\/\/www.meydan.tv\/az\/wp-json\/wp\/v2\/tags?post=194422"}],"curies":[{"name":"wp","href":"https:\/\/api.w.org\/{rel}","templated":true}]}}