{"id":194407,"date":"2019-03-09T18:48:11","date_gmt":"2019-03-09T18:48:11","guid":{"rendered":"https:\/\/www.meydan.tv\/article\/qarabag-elili-niye-menden-sonra-novbeye-dayanan-adamin-evi-tikilib\/"},"modified":"2019-03-09T18:48:11","modified_gmt":"2019-03-09T18:48:11","slug":"qarabag-elili-niye-menden-sonra-novbeye-dayanan-adamin-evi-tikilib","status":"publish","type":"post","link":"https:\/\/www.meydan.tv\/az\/article\/qarabag-elili-niye-menden-sonra-novbeye-dayanan-adamin-evi-tikilib\/","title":{"rendered":"Qaraba\u011f \u0259lili: Niy\u0259 m\u0259nd\u0259n sonra n\u00f6vb\u0259y\u0259 dayanan adam\u0131n evi tikilib?"},"content":{"rendered":"<p>\n  <i><br \/>\n    T\u0259hm\u0259z H\u0259bilov evsizlikd\u0259n, araba ala bilm\u0259m\u0259sind\u0259n gileylidir<br \/>\n  <\/i>\n<\/p>\n<p>\n  A\u011fda\u015f sakini, Qaraba\u011f \u0259lili T\u0259hm\u0259z H\u0259bilov ona verilm\u0259li olan m\u0259nzili ala bilm\u0259m\u0259sind\u0259n \u015fikay\u0259t\u00e7idir.\n<\/p>\n<p>\n  2010-cu ild\u0259n qeydiyyat\u0131 \u00fczr\u0259 ev n\u00f6vb\u0259sin\u0259 dayanan qazi Meydan TV-y\u0259 bildirir ki, ondan sonra n\u00f6vb\u0259y\u0259 duranlar ev alsa da, o, h\u0259l\u0259 d\u0259 g\u00f6zl\u0259yir. Qazinin dediyin\u0259 g\u00f6r\u0259, A\u011fda\u015f rayonu \u0259razisind\u0259 Qaraba\u011f qazil\u0259ri v\u0259 \u015f\u0259hid ail\u0259l\u0259ri \u00fc\u00e7\u00fcn tikil\u0259n evl\u0259r he\u00e7 d\u0259 t\u0259yinat\u0131 \u00fczr\u0259 paylanm\u0131r:\n<\/p>\n<p>\n  \u201cM\u0259n n\u00f6vb\u0259y\u0259 2010-cu ild\u0259 A\u011fda\u015f rayon \u018fhalinin Sosial M\u00fcdafi\u0259si M\u0259rk\u0259zind\u0259 dayanm\u0131\u015fam. 2012-ci ild\u0259 ev n\u00f6vb\u0259sind\u0259 duran adam\u0131n evi tikilir, m\u0259n is\u0259 h\u0259l\u0259 d\u0259 g\u00f6zl\u0259yir\u0259m. Soru\u015furam ki, bu, nec\u0259 olur? Niy\u0259 m\u0259nd\u0259n sonra n\u00f6vb\u0259y\u0259 dayanan adam\u0131n evi tikilib? Bel\u0259 \u00e7\u0131x\u0131r ki, burada r\u00fc\u015fv\u0259t rol oynay\u0131b. M\u0259n\u0259 \u00e7atma\u011fa iki ev qalm\u0131\u015fd\u0131, \u015f\u0259h\u0259r il\u0259 k\u0259nd siyah\u0131s\u0131n\u0131 birl\u0259\u015fdirdil\u0259r. Bel\u0259 olandan sonra da siyah\u0131da 88-ci adam oldum. \u0130ndi Allah bilir, n\u0259 vaxt n\u00f6vb\u0259 g\u0259lib, m\u0259n\u0259 \u00e7atacaq\u201d.\n<\/p>\n<p>\n  Bug\u00fcn\u0259d\u0259k A\u011fda\u015f rayon \u018fhalinin Sosial M\u00fcdafi\u0259si M\u0259rk\u0259zind\u0259 m\u0259s\u0259l\u0259y\u0259 \u0259sasl\u0131 cavab ala bilm\u0259y\u0259n qazi deyir ki, Birinci vitse-prezident Mehriban \u018fliyevaya v\u0259 \u0259m\u0259k v\u0259 \u0259halinin sosial m\u00fcdafi\u0259si naziri Sahil Babayev\u0259 m\u0259ktub yazacaq. Ail\u0259 v\u0259ziyy\u0259tinin a\u011f\u0131r oldu\u011funu bildir\u0259n T\u0259hm\u0259z H\u0259bibov, haz\u0131rda o\u011flunun ail\u0259si il\u0259 birg\u0259 ata yurdunda ya\u015fad\u0131\u011f\u0131n\u0131 s\u00f6yl\u0259yir:\n<\/p>\n<p>\n  \u201c\u0130ki o\u011flum var, biri evlidir. Atamdan qalma 3 otaql\u0131 evd\u0259 ya\u015fay\u0131r\u0131q. H\u0259y\u0259tyan\u0131 sah\u0259dir, f\u0259rdi tikintidir, 1967-ci ild\u0259 in\u015fa olunub. Ev ki\u00e7ik qarda\u015f\u0131m\u0131n ad\u0131nad\u0131r. Onun da ail\u0259si d\u00f6rd n\u0259f\u0259rd\u0259n ibar\u0259tdir. M\u0259n ev n\u00f6vb\u0259sin\u0259 dayananda, qarda\u015f\u0131m ail\u0259si il\u0259 kiray\u0259 ev\u0259 \u00e7\u0131xd\u0131, dedi ki, s\u0259n\u0259 ev veril\u0259nd\u0259n sonra qay\u0131daram. Ev verilmir, nec\u0259 olaca\u011f\u0131 da b\u0259lli deyil. Qarda\u015f\u0131m da dir\u0259nib ki, evd\u0259n \u00e7\u0131x. Deyir ki, kiray\u0259d\u0259 ya\u015faya bilmir\u0259m, evim\u0259 qay\u0131d\u0131ram. Bu da m\u0259nim \u00fc\u00e7\u00fcn \u00e7\u0259tinlik dem\u0259kdir. \u00c7\u0131x\u0131lmaz v\u0259ziyy\u0259td\u0259 qalm\u0131\u015fam, bilmir\u0259m n\u0259 edim. \u00dc\u00e7 ki\u00e7ik otaqlard\u0131r, n\u0259mi\u015flikdir. X\u0259st\u0259lik tapm\u0131\u015f\u0131q. Birind\u0259 o\u011flum yolda\u015f\u0131 il\u0259, dig\u0259rind\u0259 yolda\u015f\u0131mla m\u0259n qal\u0131ram. Bir otaqdan da \u00fcmumi otaq kimi istifad\u0259 edirik. Qaraba\u011f m\u00fcharib\u0259si \u0259lilinin ya\u015fad\u0131\u011f\u0131 evi g\u0259lib g\u00f6zl\u0259ri il\u0259 g\u00f6r\u0259n olsa, d\u0259h\u015f\u0259t\u0259 g\u0259l\u0259c\u0259k\u201d.\n<\/p>\n<p>\n  1994-c\u00fc ild\u0259 A\u011fd\u0259r\u0259 d\u00f6y\u00fc\u015fl\u0259rind\u0259 h\u0259r iki aya\u011f\u0131n\u0131 da itir\u0259n 1-ci qrup Qaraba\u011f m\u00fcharib\u0259si \u0259lili deyir ki, ikinci d\u0259f\u0259 araba almaq ist\u0259yir, lakin buna m\u00fcv\u0259ff\u0259q ola bilmir:\n<\/p>\n<p>\n  \u201c2018-ci ilin dekabr\u0131nda \u0259lil arabas\u0131 almaq \u00fc\u00e7\u00fcn s\u0259n\u0259d y\u0131\u011fd\u0131m. H\u0259kim komissiyas\u0131ndan t\u0259sdiql\u0259ndi, s\u0259n\u0259dl\u0259r onlayn olaraq VTEK-\u0259 (\u018fm\u0259k v\u0259 \u018fhalinin Sosial M\u00fcdafi\u0259si Nazirliyi n\u0259zdind\u0259 Tibbi-Sosial Ekspert Komissiyas\u0131 (TSEK). Xalq aras\u0131nda VTEK kimi tan\u0131n\u0131r \u2013 red) g\u00f6nd\u0259rildi. \u00dcst\u00fcnd\u0259n ne\u00e7\u0259 ay ke\u00e7ib, he\u00e7 bir n\u0259tic\u0259si olmay\u0131b\u201d.\n<\/p>\n<p>\n  M\u0259s\u0259l\u0259 il\u0259 ba\u011fl\u0131 \u018fm\u0259k v\u0259 \u018fhalinin Sosial M\u00fcdafi\u0259si Nazirliyind\u0259n, h\u0259m\u00e7inin A\u011fda\u015f rayon \u018fhalinin Sosial M\u00fcdafi\u0259si M\u0259rk\u0259zind\u0259n a\u00e7\u0131qlama almaq m\u00fcmk\u00fcn olmay\u0131b.\n<\/p>\n<p>\n  Protez Ortopedik B\u0259rpa M\u0259rk\u0259zind\u0259n is\u0259 Meydan TV-y\u0259 bildirilib ki, T\u0259hm\u0259z H\u0259bilov sonuncu d\u0259f\u0259 2013-c\u00fc ild\u0259 araba al\u0131b. Yenid\u0259n araba almas\u0131 \u00fc\u00e7\u00fcn \u00e7\u0131xar\u0131\u015f\u0131 olmal\u0131d\u0131r.<\/p>\n","protected":false},"excerpt":{"rendered":"<p>T\u0259hm\u0259z H\u0259bilov evsizlikd\u0259n, araba ala bilm\u0259m\u0259sind\u0259n gileylidir<\/p>\n","protected":false},"author":11,"featured_media":119750,"comment_status":"closed","ping_status":"open","sticky":false,"template":"","format":"standard","meta":{"_acf_changed":false,"_sitemap_exclude":false,"_sitemap_priority":"","_sitemap_frequency":"","footnotes":""},"categories":[60],"tags":[],"class_list":["post-194407","post","type-post","status-publish","format-standard","has-post-thumbnail","hentry","category-bolge","infinite-scroll-item","generate-columns","tablet-grid-50","mobile-grid-100","grid-parent","grid-33","no-featured-image-padding"],"acf":[],"yoast_head":"<!-- This site is optimized with the Yoast SEO plugin v27.4 - https:\/\/yoast.com\/product\/yoast-seo-wordpress\/ -->\n<title>Qaraba\u011f \u0259lili: Niy\u0259 m\u0259nd\u0259n sonra n\u00f6vb\u0259y\u0259 dayanan adam\u0131n evi tikilib? - MEYDAN.TV<\/title>\n<meta name=\"robots\" content=\"index, follow, max-snippet:-1, max-image-preview:large, max-video-preview:-1\" \/>\n<link rel=\"canonical\" href=\"https:\/\/www.meydan.tv\/az\/article\/qarabag-elili-niye-menden-sonra-novbeye-dayanan-adamin-evi-tikilib\/\" \/>\n<meta property=\"og:locale\" content=\"az_AZ\" \/>\n<meta property=\"og:type\" content=\"article\" \/>\n<meta property=\"og:title\" content=\"Qaraba\u011f \u0259lili: Niy\u0259 m\u0259nd\u0259n sonra n\u00f6vb\u0259y\u0259 dayanan adam\u0131n evi tikilib? - MEYDAN.TV\" \/>\n<meta property=\"og:description\" content=\"T\u0259hm\u0259z H\u0259bilov evsizlikd\u0259n, araba ala bilm\u0259m\u0259sind\u0259n gileylidir\" \/>\n<meta property=\"og:url\" content=\"https:\/\/www.meydan.tv\/az\/article\/qarabag-elili-niye-menden-sonra-novbeye-dayanan-adamin-evi-tikilib\/\" \/>\n<meta property=\"og:site_name\" content=\"MEYDAN.TV\" \/>\n<meta property=\"article:published_time\" content=\"2019-03-09T18:48:11+00:00\" \/>\n<meta property=\"og:image\" content=\"https:\/\/www.meydan.tv\/wp-content\/uploads\/untitled_design_7.png\" \/>\n\t<meta property=\"og:image:width\" content=\"1280\" \/>\n\t<meta property=\"og:image:height\" content=\"720\" \/>\n\t<meta property=\"og:image:type\" content=\"image\/png\" \/>\n<meta name=\"author\" content=\"user-manager\" \/>\n<meta name=\"twitter:card\" content=\"summary_large_image\" \/>\n<script type=\"application\/ld+json\" class=\"yoast-schema-graph\">{\"@context\":\"https:\\\/\\\/schema.org\",\"@graph\":[{\"@type\":\"Article\",\"@id\":\"https:\\\/\\\/www.meydan.tv\\\/az\\\/article\\\/qarabag-elili-niye-menden-sonra-novbeye-dayanan-adamin-evi-tikilib\\\/#article\",\"isPartOf\":{\"@id\":\"https:\\\/\\\/www.meydan.tv\\\/az\\\/article\\\/qarabag-elili-niye-menden-sonra-novbeye-dayanan-adamin-evi-tikilib\\\/\"},\"author\":{\"name\":\"user-manager\",\"@id\":\"https:\\\/\\\/www.meydan.tv\\\/az\\\/#\\\/schema\\\/person\\\/10d11eccf6da3662cf5fdab9806ea91a\"},\"headline\":\"Qaraba\u011f \u0259lili: Niy\u0259 m\u0259nd\u0259n sonra n\u00f6vb\u0259y\u0259 dayanan adam\u0131n evi tikilib?\",\"datePublished\":\"2019-03-09T18:48:11+00:00\",\"mainEntityOfPage\":{\"@id\":\"https:\\\/\\\/www.meydan.tv\\\/az\\\/article\\\/qarabag-elili-niye-menden-sonra-novbeye-dayanan-adamin-evi-tikilib\\\/\"},\"wordCount\":665,\"publisher\":{\"@id\":\"https:\\\/\\\/www.meydan.tv\\\/az\\\/#organization\"},\"image\":{\"@id\":\"https:\\\/\\\/www.meydan.tv\\\/az\\\/article\\\/qarabag-elili-niye-menden-sonra-novbeye-dayanan-adamin-evi-tikilib\\\/#primaryimage\"},\"thumbnailUrl\":\"https:\\\/\\\/www.meydan.tv\\\/wp-content\\\/uploads\\\/untitled_design_7.png\",\"articleSection\":[\"B\u00f6lg\u0259\"],\"inLanguage\":\"az\"},{\"@type\":\"WebPage\",\"@id\":\"https:\\\/\\\/www.meydan.tv\\\/az\\\/article\\\/qarabag-elili-niye-menden-sonra-novbeye-dayanan-adamin-evi-tikilib\\\/\",\"url\":\"https:\\\/\\\/www.meydan.tv\\\/az\\\/article\\\/qarabag-elili-niye-menden-sonra-novbeye-dayanan-adamin-evi-tikilib\\\/\",\"name\":\"Qaraba\u011f \u0259lili: Niy\u0259 m\u0259nd\u0259n sonra n\u00f6vb\u0259y\u0259 dayanan adam\u0131n evi tikilib? - MEYDAN.TV\",\"isPartOf\":{\"@id\":\"https:\\\/\\\/www.meydan.tv\\\/az\\\/#website\"},\"primaryImageOfPage\":{\"@id\":\"https:\\\/\\\/www.meydan.tv\\\/az\\\/article\\\/qarabag-elili-niye-menden-sonra-novbeye-dayanan-adamin-evi-tikilib\\\/#primaryimage\"},\"image\":{\"@id\":\"https:\\\/\\\/www.meydan.tv\\\/az\\\/article\\\/qarabag-elili-niye-menden-sonra-novbeye-dayanan-adamin-evi-tikilib\\\/#primaryimage\"},\"thumbnailUrl\":\"https:\\\/\\\/www.meydan.tv\\\/wp-content\\\/uploads\\\/untitled_design_7.png\",\"datePublished\":\"2019-03-09T18:48:11+00:00\",\"breadcrumb\":{\"@id\":\"https:\\\/\\\/www.meydan.tv\\\/az\\\/article\\\/qarabag-elili-niye-menden-sonra-novbeye-dayanan-adamin-evi-tikilib\\\/#breadcrumb\"},\"inLanguage\":\"az\",\"potentialAction\":[{\"@type\":\"ReadAction\",\"target\":[\"https:\\\/\\\/www.meydan.tv\\\/az\\\/article\\\/qarabag-elili-niye-menden-sonra-novbeye-dayanan-adamin-evi-tikilib\\\/\"]}]},{\"@type\":\"ImageObject\",\"inLanguage\":\"az\",\"@id\":\"https:\\\/\\\/www.meydan.tv\\\/az\\\/article\\\/qarabag-elili-niye-menden-sonra-novbeye-dayanan-adamin-evi-tikilib\\\/#primaryimage\",\"url\":\"https:\\\/\\\/www.meydan.tv\\\/wp-content\\\/uploads\\\/untitled_design_7.png\",\"contentUrl\":\"https:\\\/\\\/www.meydan.tv\\\/wp-content\\\/uploads\\\/untitled_design_7.png\",\"width\":1280,\"height\":720,\"caption\":\"Source: Meydan TV\"},{\"@type\":\"BreadcrumbList\",\"@id\":\"https:\\\/\\\/www.meydan.tv\\\/az\\\/article\\\/qarabag-elili-niye-menden-sonra-novbeye-dayanan-adamin-evi-tikilib\\\/#breadcrumb\",\"itemListElement\":[{\"@type\":\"ListItem\",\"position\":1,\"name\":\"Ana s\u0259hif\u0259\",\"item\":\"https:\\\/\\\/www.meydan.tv\\\/az\\\/\"},{\"@type\":\"ListItem\",\"position\":2,\"name\":\"B\u00f6lg\u0259\",\"item\":\"https:\\\/\\\/www.meydan.tv\\\/az\\\/section\\\/bolge\\\/\"},{\"@type\":\"ListItem\",\"position\":3,\"name\":\"Qaraba\u011f \u0259lili: Niy\u0259 m\u0259nd\u0259n sonra n\u00f6vb\u0259y\u0259 dayanan adam\u0131n evi tikilib?\"}]},{\"@type\":\"WebSite\",\"@id\":\"https:\\\/\\\/www.meydan.tv\\\/az\\\/#website\",\"url\":\"https:\\\/\\\/www.meydan.tv\\\/az\\\/\",\"name\":\"MEYDAN.TV\",\"description\":\"Meydan TV Az\u0259rbaycan\u0131n media m\u0259kan\u0131ndak\u0131 alternativ s\u0259sidir\",\"publisher\":{\"@id\":\"https:\\\/\\\/www.meydan.tv\\\/az\\\/#organization\"},\"potentialAction\":[{\"@type\":\"SearchAction\",\"target\":{\"@type\":\"EntryPoint\",\"urlTemplate\":\"https:\\\/\\\/www.meydan.tv\\\/az\\\/?s={search_term_string}\"},\"query-input\":{\"@type\":\"PropertyValueSpecification\",\"valueRequired\":true,\"valueName\":\"search_term_string\"}}],\"inLanguage\":\"az\"},{\"@type\":\"Organization\",\"@id\":\"https:\\\/\\\/www.meydan.tv\\\/az\\\/#organization\",\"name\":\"Meydan TV\",\"url\":\"https:\\\/\\\/www.meydan.tv\\\/az\\\/\",\"logo\":{\"@type\":\"ImageObject\",\"inLanguage\":\"az\",\"@id\":\"https:\\\/\\\/www.meydan.tv\\\/az\\\/#\\\/schema\\\/logo\\\/image\\\/\",\"url\":\"https:\\\/\\\/www.meydan.tv\\\/wp-content\\\/uploads\\\/2021\\\/07\\\/meydan-logo.svg\",\"contentUrl\":\"https:\\\/\\\/www.meydan.tv\\\/wp-content\\\/uploads\\\/2021\\\/07\\\/meydan-logo.svg\",\"width\":195,\"height\":46,\"caption\":\"Meydan TV\"},\"image\":{\"@id\":\"https:\\\/\\\/www.meydan.tv\\\/az\\\/#\\\/schema\\\/logo\\\/image\\\/\"}},{\"@type\":\"Person\",\"@id\":\"https:\\\/\\\/www.meydan.tv\\\/az\\\/#\\\/schema\\\/person\\\/10d11eccf6da3662cf5fdab9806ea91a\",\"name\":\"user-manager\"}]}<\/script>\n<!-- \/ Yoast SEO plugin. -->","yoast_head_json":{"title":"Qaraba\u011f \u0259lili: Niy\u0259 m\u0259nd\u0259n sonra n\u00f6vb\u0259y\u0259 dayanan adam\u0131n evi tikilib? - MEYDAN.TV","robots":{"index":"index","follow":"follow","max-snippet":"max-snippet:-1","max-image-preview":"max-image-preview:large","max-video-preview":"max-video-preview:-1"},"canonical":"https:\/\/www.meydan.tv\/az\/article\/qarabag-elili-niye-menden-sonra-novbeye-dayanan-adamin-evi-tikilib\/","og_locale":"az_AZ","og_type":"article","og_title":"Qaraba\u011f \u0259lili: Niy\u0259 m\u0259nd\u0259n sonra n\u00f6vb\u0259y\u0259 dayanan adam\u0131n evi tikilib? - MEYDAN.TV","og_description":"T\u0259hm\u0259z H\u0259bilov evsizlikd\u0259n, araba ala bilm\u0259m\u0259sind\u0259n gileylidir","og_url":"https:\/\/www.meydan.tv\/az\/article\/qarabag-elili-niye-menden-sonra-novbeye-dayanan-adamin-evi-tikilib\/","og_site_name":"MEYDAN.TV","article_published_time":"2019-03-09T18:48:11+00:00","og_image":[{"width":1280,"height":720,"url":"https:\/\/www.meydan.tv\/wp-content\/uploads\/untitled_design_7.png","type":"image\/png"}],"author":"user-manager","twitter_card":"summary_large_image","schema":{"@context":"https:\/\/schema.org","@graph":[{"@type":"Article","@id":"https:\/\/www.meydan.tv\/az\/article\/qarabag-elili-niye-menden-sonra-novbeye-dayanan-adamin-evi-tikilib\/#article","isPartOf":{"@id":"https:\/\/www.meydan.tv\/az\/article\/qarabag-elili-niye-menden-sonra-novbeye-dayanan-adamin-evi-tikilib\/"},"author":{"name":"user-manager","@id":"https:\/\/www.meydan.tv\/az\/#\/schema\/person\/10d11eccf6da3662cf5fdab9806ea91a"},"headline":"Qaraba\u011f \u0259lili: Niy\u0259 m\u0259nd\u0259n sonra n\u00f6vb\u0259y\u0259 dayanan adam\u0131n evi tikilib?","datePublished":"2019-03-09T18:48:11+00:00","mainEntityOfPage":{"@id":"https:\/\/www.meydan.tv\/az\/article\/qarabag-elili-niye-menden-sonra-novbeye-dayanan-adamin-evi-tikilib\/"},"wordCount":665,"publisher":{"@id":"https:\/\/www.meydan.tv\/az\/#organization"},"image":{"@id":"https:\/\/www.meydan.tv\/az\/article\/qarabag-elili-niye-menden-sonra-novbeye-dayanan-adamin-evi-tikilib\/#primaryimage"},"thumbnailUrl":"https:\/\/www.meydan.tv\/wp-content\/uploads\/untitled_design_7.png","articleSection":["B\u00f6lg\u0259"],"inLanguage":"az"},{"@type":"WebPage","@id":"https:\/\/www.meydan.tv\/az\/article\/qarabag-elili-niye-menden-sonra-novbeye-dayanan-adamin-evi-tikilib\/","url":"https:\/\/www.meydan.tv\/az\/article\/qarabag-elili-niye-menden-sonra-novbeye-dayanan-adamin-evi-tikilib\/","name":"Qaraba\u011f \u0259lili: Niy\u0259 m\u0259nd\u0259n sonra n\u00f6vb\u0259y\u0259 dayanan adam\u0131n evi tikilib? - MEYDAN.TV","isPartOf":{"@id":"https:\/\/www.meydan.tv\/az\/#website"},"primaryImageOfPage":{"@id":"https:\/\/www.meydan.tv\/az\/article\/qarabag-elili-niye-menden-sonra-novbeye-dayanan-adamin-evi-tikilib\/#primaryimage"},"image":{"@id":"https:\/\/www.meydan.tv\/az\/article\/qarabag-elili-niye-menden-sonra-novbeye-dayanan-adamin-evi-tikilib\/#primaryimage"},"thumbnailUrl":"https:\/\/www.meydan.tv\/wp-content\/uploads\/untitled_design_7.png","datePublished":"2019-03-09T18:48:11+00:00","breadcrumb":{"@id":"https:\/\/www.meydan.tv\/az\/article\/qarabag-elili-niye-menden-sonra-novbeye-dayanan-adamin-evi-tikilib\/#breadcrumb"},"inLanguage":"az","potentialAction":[{"@type":"ReadAction","target":["https:\/\/www.meydan.tv\/az\/article\/qarabag-elili-niye-menden-sonra-novbeye-dayanan-adamin-evi-tikilib\/"]}]},{"@type":"ImageObject","inLanguage":"az","@id":"https:\/\/www.meydan.tv\/az\/article\/qarabag-elili-niye-menden-sonra-novbeye-dayanan-adamin-evi-tikilib\/#primaryimage","url":"https:\/\/www.meydan.tv\/wp-content\/uploads\/untitled_design_7.png","contentUrl":"https:\/\/www.meydan.tv\/wp-content\/uploads\/untitled_design_7.png","width":1280,"height":720,"caption":"Source: Meydan TV"},{"@type":"BreadcrumbList","@id":"https:\/\/www.meydan.tv\/az\/article\/qarabag-elili-niye-menden-sonra-novbeye-dayanan-adamin-evi-tikilib\/#breadcrumb","itemListElement":[{"@type":"ListItem","position":1,"name":"Ana s\u0259hif\u0259","item":"https:\/\/www.meydan.tv\/az\/"},{"@type":"ListItem","position":2,"name":"B\u00f6lg\u0259","item":"https:\/\/www.meydan.tv\/az\/section\/bolge\/"},{"@type":"ListItem","position":3,"name":"Qaraba\u011f \u0259lili: Niy\u0259 m\u0259nd\u0259n sonra n\u00f6vb\u0259y\u0259 dayanan adam\u0131n evi tikilib?"}]},{"@type":"WebSite","@id":"https:\/\/www.meydan.tv\/az\/#website","url":"https:\/\/www.meydan.tv\/az\/","name":"MEYDAN.TV","description":"Meydan TV Az\u0259rbaycan\u0131n media m\u0259kan\u0131ndak\u0131 alternativ s\u0259sidir","publisher":{"@id":"https:\/\/www.meydan.tv\/az\/#organization"},"potentialAction":[{"@type":"SearchAction","target":{"@type":"EntryPoint","urlTemplate":"https:\/\/www.meydan.tv\/az\/?s={search_term_string}"},"query-input":{"@type":"PropertyValueSpecification","valueRequired":true,"valueName":"search_term_string"}}],"inLanguage":"az"},{"@type":"Organization","@id":"https:\/\/www.meydan.tv\/az\/#organization","name":"Meydan TV","url":"https:\/\/www.meydan.tv\/az\/","logo":{"@type":"ImageObject","inLanguage":"az","@id":"https:\/\/www.meydan.tv\/az\/#\/schema\/logo\/image\/","url":"https:\/\/www.meydan.tv\/wp-content\/uploads\/2021\/07\/meydan-logo.svg","contentUrl":"https:\/\/www.meydan.tv\/wp-content\/uploads\/2021\/07\/meydan-logo.svg","width":195,"height":46,"caption":"Meydan TV"},"image":{"@id":"https:\/\/www.meydan.tv\/az\/#\/schema\/logo\/image\/"}},{"@type":"Person","@id":"https:\/\/www.meydan.tv\/az\/#\/schema\/person\/10d11eccf6da3662cf5fdab9806ea91a","name":"user-manager"}]}},"_links":{"self":[{"href":"https:\/\/www.meydan.tv\/az\/wp-json\/wp\/v2\/posts\/194407","targetHints":{"allow":["GET"]}}],"collection":[{"href":"https:\/\/www.meydan.tv\/az\/wp-json\/wp\/v2\/posts"}],"about":[{"href":"https:\/\/www.meydan.tv\/az\/wp-json\/wp\/v2\/types\/post"}],"author":[{"embeddable":true,"href":"https:\/\/www.meydan.tv\/az\/wp-json\/wp\/v2\/users\/11"}],"replies":[{"embeddable":true,"href":"https:\/\/www.meydan.tv\/az\/wp-json\/wp\/v2\/comments?post=194407"}],"version-history":[{"count":0,"href":"https:\/\/www.meydan.tv\/az\/wp-json\/wp\/v2\/posts\/194407\/revisions"}],"wp:featuredmedia":[{"embeddable":true,"href":"https:\/\/www.meydan.tv\/az\/wp-json\/wp\/v2\/media\/119750"}],"wp:attachment":[{"href":"https:\/\/www.meydan.tv\/az\/wp-json\/wp\/v2\/media?parent=194407"}],"wp:term":[{"taxonomy":"category","embeddable":true,"href":"https:\/\/www.meydan.tv\/az\/wp-json\/wp\/v2\/categories?post=194407"},{"taxonomy":"post_tag","embeddable":true,"href":"https:\/\/www.meydan.tv\/az\/wp-json\/wp\/v2\/tags?post=194407"}],"curies":[{"name":"wp","href":"https:\/\/api.w.org\/{rel}","templated":true}]}}