{"id":194368,"date":"2019-03-06T09:12:18","date_gmt":"2019-03-06T09:12:18","guid":{"rendered":"https:\/\/www.meydan.tv\/article\/memurlarin-toyuq-hini-bizim-evlerimizden-seraitlidir\/"},"modified":"2019-03-06T09:12:18","modified_gmt":"2019-03-06T09:12:18","slug":"memurlarin-toyuq-hini-bizim-evlerimizden-seraitlidir","status":"publish","type":"post","link":"https:\/\/www.meydan.tv\/az\/article\/memurlarin-toyuq-hini-bizim-evlerimizden-seraitlidir\/","title":{"rendered":"&#8221;M\u0259murlar\u0131n toyuq hini bizim evl\u0259rimizd\u0259n \u015f\u0259raitlidir&#8221;"},"content":{"rendered":"<p>\n  <b><br \/>\n    F\u00fczuli k\u00f6\u00e7k\u00fcn\u00fc: &#x27;&#x27;U\u015faql\u0131\u011f\u0131m\u0131z ke\u00e7di, indi d\u0259 g\u0259ncliyimiz<br \/>\n  <\/b><br \/>\n  <b><br \/>\n    \u00e7\u00fcr\u00fcy\u00fcr&#x27;&#x27;<br \/>\n  <\/b>\n<\/p>\n<p>\n  \u201cYa\u015fay\u0131\u015f\u0131m\u0131z, \u015f\u0259raitimiz yoxdur. Hans\u0131 m\u0259mur bu yerd\u0259 ya\u015fayar? Hans\u0131 ail\u0259sini bel\u0259 z\u00fclm\u0259 r\u0259va g\u00f6r\u0259r? Din\u0259nd\u0259 deyirl\u0259r, m\u00fcharib\u0259 \u015f\u0259raitind\u0259 olan d\u00f6vl\u0259tik, d\u00f6z\u00fcn, ham\u0131 k\u00f6\u00e7\u00fcr\u00fcl\u0259c\u0259k. 1993-c\u00fc ild\u0259n bu yana d\u00f6z\u00fcr\u00fck. B\u00fct\u00fcn u\u015faql\u0131\u011f\u0131m\u0131z ke\u00e7di, indi d\u0259 g\u0259ncliyimiz burada \u00e7\u00fcr\u00fcy\u00fcr\u201d.\n<\/p>\n<p>\n  Marusya Al\u0131yeva bel\u0259 deyir. O, F\u00fczulid\u0259n olan m\u0259cburi k\u00f6\u00e7k\u00fcnd\u00fcr. Beyl\u0259qan\u0131n \u015e\u0259f\u0259q q\u0259s\u0259b\u0259si yax\u0131nl\u0131\u011f\u0131nda 5-ci \u015f\u00f6b\u0259 adlanan yerd\u0259, yolun k\u0259nar\u0131nda ya\u015fay\u0131r. 1993-c\u00fc ild\u0259n burada m\u0259skunla\u015f\u0131blar. \u00d6zl\u0259rin\u0259 pal\u00e7\u0131q v\u0259 saman qar\u0131\u015f\u0131m\u0131ndan ki\u00e7ik daxmalar tikibl\u0259r. Burada az\u0131 10-15 ail\u0259 m\u0259skunla\u015f\u0131b.\n<\/p>\n<p>\n  1990-c\u0131 ilin \u0259vv\u0259ll\u0259rind\u0259 Qaraba\u011fda Az\u0259rbaycan v\u0259 Erm\u0259nistan aras\u0131nda silahl\u0131 m\u00fcnaqi\u015f\u0259 y\u00fcz minl\u0259rl\u0259 insan\u0131 evind\u0259n k\u00f6\u00e7k\u00fcn sald\u0131.\n<\/p>\n<p>\n  <a href=\"https:\/\/www.refworld.org\/country,,UNHCR,,AZE,,5b081e2f4,0.html\"><br \/>\n    BMT-nin Miqrasiya Agentliyi<br \/>\n  <\/a><br \/>\n  nin m\u0259lumat\u0131na \u0259sas\u0259n, 1994-c\u00fc ild\u0259 at\u0259\u015fk\u0259s imzalanana q\u0259d\u0259r m\u00fcharib\u0259d\u0259 30000-d\u0259n \u00e7ox insan h\u0259yat\u0131n\u0131 itirib, 600 mind\u0259n \u00e7ox insan m\u0259cburi k\u00f6\u00e7k\u00fcn v\u0259 250 mind\u0259n \u00e7ox etnik az\u0259rbaycanl\u0131 is\u0259 qa\u00e7q\u0131n d\u00fc\u015f\u00fcb.\n<\/p>\n<figure class=\"wp-block-image size-large\">\n  <img decoding=\"async\" src=\"https:\/\/www.meydan.tv\/az\/marusiya-aliyeva-jpeg\/\" alt=\"Marusiya aliyeva.jpeg\" class=\"wp-image-119453\"\/><figcaption>\n    Marusiya Al\u0131yeva<br \/>\n  <\/figcaption><\/figure>\n<p>\n  K\u00f6\u00e7k\u00fcn d\u00fc\u015fm\u00fc\u015f \u0259hali s\u0131\u011f\u0131nacaq kimi istifad\u0259 ed\u0259 bil\u0259c\u0259kl\u0259ri h\u0259r yerd\u0259 m\u0259skunla\u015f\u0131b. M\u0259kt\u0259bl\u0259r, x\u0259st\u0259xanalar, u\u015faq ba\u011f\u00e7alar\u0131, kitabxanalar, yol k\u0259narlar\u0131, h\u0259tta ilk vaxtlarda \u00e7ad\u0131rlarda qalanlar da var idi. Bu s\u0131\u011f\u0131nacaqlar m\u00fcv\u0259qq\u0259ti say\u0131l\u0131rd\u0131, ancaq insanlar 25 ild\u0259n art\u0131qd\u0131r ki, bu yerl\u0259rd\u0259 ya\u015fay\u0131rlar. M\u00fcv\u0259qq\u0259ti s\u0131\u011f\u0131nd\u0131qlar\u0131 bu yerl\u0259r onlar\u0131n daimi ya\u015fay\u0131\u015f m\u0259sk\u0259nl\u0259rin\u0259 \u00e7evrilib.\n<\/p>\n<p>\n  <i><br \/>\n    \u201cTeleviziyalarda dan\u0131\u015f\u0131lan inki\u015faf biz\u0259 g\u0259lib \u00e7\u0131xm\u0131r\u201d<br \/>\n  <\/i>\n<\/p>\n<p>\n  \u201cD\u00fczd\u00fcr, m\u00fcharib\u0259 olub, ancaq bu, bizim g\u00fcnah\u0131m\u0131z deyildi. \u0130ndi ki sakitlikdir. Mill\u0259ti yeni evl\u0259rl\u0259 t\u0259min etdil\u0259r. B\u0259s biz\u0259 s\u0131ra n\u0259 zaman \u00e7atacaq? F\u00fczulid\u0259ki ev-e\u015fiyimiz, h\u0259r \u015feyimiz \u0259limizd\u0259n \u00e7\u0131xd\u0131. \u0130ll\u0259rdir bu \u015f\u0259raitsiz yerd\u0259 ya\u015fama\u011fa m\u0259hkum olmu\u015fuq. Ancaq televiziyalarda h\u0259r g\u00fcn \u00e7i\u00e7\u0259kl\u0259n\u0259n \u00f6lk\u0259mizd\u0259n dan\u0131\u015f\u0131l\u0131r. Han\u0131 o inki\u015faf ki, biz\u0259 g\u0259lib \u00e7\u0131xm\u0131r? Nolar, biz\u0259 d\u0259 bir g\u00fcn a\u011flas\u0131nlar. Daha n\u0259 q\u0259d\u0259r d\u00f6zm\u0259liyik?\u201d \u2013 Marusya Al\u0131yeva \u0259lav\u0259 edir.\n<\/p>\n<p>\n  <i><br \/>\n    \u201cYa\u011f\u0131\u015f ya\u011fanda pal\u00e7\u0131q-pal\u00e7\u0131\u011fa qar\u0131\u015f\u0131r\u201d<br \/>\n  <\/i>\n<\/p>\n<p>\n  Sakinl\u0259rd\u0259n Kifay\u0259t \u018fliyeva art\u0131q pal\u00e7\u0131\u011f\u0131n i\u00e7ind\u0259 ya\u015famaqdan bezib. Deyir, az qal\u0131r can\u0131n\u0131 qurtarmaq \u00fc\u00e7\u00fcn intihar etsin:\n<\/p>\n<figure class=\"wp-block-image size-large\">\n  <img decoding=\"async\" src=\"https:\/\/www.meydan.tv\/az\/kifayet-eliyeva-jpeg\/\" alt=\"Kifay\u0259t \u018fliyeva.jpeg\" class=\"wp-image-119456\"\/><figcaption>\n    Kifay\u0259t \u018fliyeva<br \/>\n  <\/figcaption><\/figure>\n<p>\n  \u201cEvl\u0259rimiz d\u0259 pal\u00e7\u0131qdan tikilib, d\u00f6\u015f\u0259m\u0259si d\u0259 pal\u00e7\u0131qd\u0131r. Ya\u011f\u0131\u015f ya\u011fanda d\u00fc\u015f\u00fcn\u00fcn d\u0259 bizim v\u0259ziyy\u0259timizi. Pal\u00e7\u0131q-pal\u00e7\u0131\u011fa qar\u0131\u015f\u0131r. Pul da yox ki, da\u015f t\u00f6k\u0259k, n\u0259 bilim t\u0259mir ed\u0259k. Din\u0259nd\u0259 deyirl\u0259r, yard\u0131m veririk d\u0259. Ald\u0131\u011f\u0131m\u0131z da ayda adamba\u015f\u0131na veril\u0259n 22 manatd\u0131r. El\u0259 adam var, onu da k\u0259sibl\u0259r. Onunla \u00f6z\u00fcm\u00fcz\u0259 n\u0259 \u015f\u0259rait quraq? Ad\u0131 \u00fcst\u00fcnd\u0259, \u00e7\u00f6r\u0259kpuludur. Ba\u015fqa n\u0259y\u0259s\u0259 \u00e7atm\u0131r\u201d.\n<\/p>\n<p>\n  <i><br \/>\n    \u201cN\u0259 q\u0259d\u0259r t\u0259miz, s\u0259liq\u0259li saxlasaq da, olmur, b\u0259rbad g\u00fcnd\u0259dir\u201d<br \/>\n  <\/i>\n<\/p>\n<p>\n  Ya\u015fad\u0131\u011f\u0131 ev\u0259 g\u0259linc\u0259, Kifay\u0259t \u018fliyeva deyir ki, 1993-c\u00fc ild\u0259 ad\u0131n\u0131 bilm\u0259diyi bir xarici t\u0259\u015fkilat bu evl\u0259ri onlara m\u00fcv\u0259qq\u0259ti s\u0131\u011f\u0131nacaq kimi tikib. O m\u00fcv\u0259qq\u0259ti ya\u015famaqd\u0131r ki, 26 ildir buradad\u0131rlar:\n<\/p>\n<figure class=\"wp-block-image size-large\">\n  <img decoding=\"async\" src=\"https:\/\/www.meydan.tv\/az\/image00021-jpeg\/\" alt=\"image00021.jpeg\" class=\"wp-image-119459\"\/><figcaption>\n    ev<br \/>\n  <\/figcaption><\/figure>\n<p>\n  \u201cM\u00fcv\u0259qq\u0259ti ya\u015fay\u0131\u015f 26 il\u0259 ke\u00e7ib. H\u0259l\u0259 d\u0259 davam edir. B\u00f6yr\u0259kl\u0259rimiz x\u0259st\u0259 d\u00fc\u015f\u00fcb, revmatizmam\u0131z var. Otaqlara bax\u0131n d\u0259, tavan\u0131 al\u00e7aq, yeri r\u00fctub\u0259t, divarlar \u00fcst\u00fcm\u00fcz\u0259 t\u00f6k\u00fcl\u00fcr. H\u0259r \u015fey var burada. Qurd, qu\u015f, b\u00f6c\u0259k \u00e7\u0131x\u0131r daimi. \u0130\u00e7-i\u00e7\u0259 2 otaqd\u0131r, q\u0131zd\u0131rmaq m\u00fcmk\u00fcn deyil. N\u0259 q\u0259d\u0259r t\u0259miz, s\u0259liq\u0259li saxlasaq da, olmur, b\u0259rbad g\u00fcnd\u0259dir. U\u015faqlar gec\u0259 olanda \u00e7\u0131\u011f\u0131r\u0131rlar ki, ayaqlar\u0131m\u0131z\u0131 isti suya qoyun, d\u00f6z\u0259 bilmirik. N\u0259 olar, o tikil\u0259n evl\u0259rd\u0259n biz\u0259 d\u0259 vers\u0259l\u0259r? Bizi d\u00fc\u015f\u00fcnm\u00fcrl\u0259r, bar\u0131 k\u00f6rp\u0259 u\u015faqlar\u0131m\u0131za yaz\u0131qlar\u0131 g\u0259lsin\u201d.\n<\/p>\n<p>\n  <i><br \/>\n    \u201cDey\u0259s\u0259n \u00f6mr\u00fcm\u00fcz\u00fc el\u0259 bu \u00e7\u00f6ll\u00fckd\u0259 ba\u015fa vuraca\u011f\u0131q\u201d<br \/>\n  <\/i>\n<\/p>\n<p>\n  \u015e\u0259han\u0259 Mehdiyevan\u0131n u\u015faqlar\u0131 yel x\u0259st\u0259liyind\u0259n \u0259ziyy\u0259t \u00e7\u0259kir. Deyir, ham\u0131s\u0131n\u0131n s\u0259b\u0259bi ya\u015fad\u0131qlar\u0131 evdir, bu \u0259razidir:\n<\/p>\n<figure class=\"wp-block-image size-large\">\n  <img decoding=\"async\" src=\"https:\/\/www.meydan.tv\/az\/image00009-jpeg-2\/\" alt=\"image00009.jpeg\" class=\"wp-image-119462\"\/><figcaption>\n    \u015e\u0259han\u0259 Mehdiyeva<br \/>\n  <\/figcaption><\/figure>\n<p>\n  \u201cH\u0259r yer r\u00fctub\u0259tdir. Gec\u0259 olan kimi u\u015faqlar ayaqlar\u0131n tutub qal\u0131rlar. A\u011fr\u0131dan, s\u0131z\u0131lt\u0131dan yata bilmirl\u0259r. Ham\u0131s\u0131 revmatizmadan \u0259ziyy\u0259t \u00e7\u0259kir. Torpa\u011f\u0131n \u00fcst\u00fcnd\u0259 ya\u015fayanda nec\u0259 olmal\u0131d\u0131r ki? \u018fslind\u0259 buralara ev dem\u0259k olmaz. M\u0259murlar\u0131n toyuq hini bizim evl\u0259rimizd\u0259n \u015f\u0259raitlidir, geni\u015fdir, s\u0259liq\u0259lidir. D\u0259f\u0259l\u0259rl\u0259 k\u00f6\u00e7\u00fcr\u00fcl\u0259c\u0259ksiniz, deyibl\u0259r, h\u0259l\u0259 bir s\u0259s-soraq yoxdur. Art\u0131q \u00fcmid d\u0259 qalmay\u0131b, dey\u0259s\u0259n \u00f6mr\u00fcm\u00fcz\u00fc el\u0259 bu \u00e7\u00f6ll\u00fckd\u0259 ba\u015fa vuraca\u011f\u0131q\u201d.\n<\/p>\n<p>\n  <b><br \/>\n    \u201cG\u0259ncliyim \u00e7\u00fcr\u00fcy\u00fcr, \u00f6vlad\u0131m\u0131n u\u015faql\u0131\u011f\u0131 burada ke\u00e7ir\u201d<br \/>\n  <\/b>\n<\/p>\n<p>\n  Kamil\u0259 Ov\u00e7uyeva ya\u015fad\u0131\u011f\u0131 yeri evd\u0259n \u00e7ox t\u00f6vl\u0259y\u0259 b\u0259nz\u0259dir. Deyir, b\u0259xti onda g\u0259tirm\u0259yib ki, u\u015faql\u0131\u011f\u0131 Qaraba\u011f m\u00fcharib\u0259si d\u00f6vr\u00fcn\u0259 d\u00fc\u015f\u00fcb. N\u0259tic\u0259d\u0259, u\u015faql\u0131\u011f\u0131n\u0131 k\u00f6\u00e7m\u0259kl\u0259, qa\u00e7maqla, \u015f\u0259raitsiz yerl\u0259rd\u0259 m\u0259skunla\u015fmaqla, \u00e7ox pis ke\u00e7irib:\n<\/p>\n<figure class=\"wp-block-image size-large\">\n  <img decoding=\"async\" src=\"https:\/\/www.meydan.tv\/az\/kamile-ovcuyeva-jpeg\/\" alt=\"Kamil\u0259 Ov\u00e7uyeva.jpeg\" class=\"wp-image-119465\"\/><figcaption>\n    Kamil\u0259 Ov\u00e7uyeva<br \/>\n  <\/figcaption><\/figure>\n<p>\n  \u201c\u018flav\u0259 n\u0259 dey\u0259 bil\u0259r\u0259m ki? Bax\u0131n, s\u00f6z\u00fcn h\u0259qiqi m\u0259nas\u0131nda p\u0259y\u0259d\u0259 ya\u015fay\u0131r\u0131q. U\u015faql\u0131\u011f\u0131m burada ke\u00e7di. \u0130ndi d\u0259 g\u0259ncliyim \u00e7\u00fcr\u00fcy\u00fcr, \u00f6vlad\u0131m\u0131n u\u015faql\u0131\u011f\u0131 burada ke\u00e7ir. \u00dcz\u00fcn\u0259 baxma\u011fa utan\u0131ram. \u0130ndi ba\u015fa d\u00fc\u015f\u00fcr\u0259m ki, valideynl\u0259rimiz ill\u0259rdir n\u0259 \u00e7\u0259kirl\u0259r. Biz\u0259 ev versinl\u0259r, n\u0259 olar. \u00c7\u0131xaq ged\u0259k buradan. Bax\u0131n, basabas, soyuq, r\u00fctub\u0259t, t\u00f6r-t\u00f6k\u00fcnt\u00fc, pal\u00e7\u0131\u011f\u0131n i\u00e7i, bir s\u00f6zl\u0259, vallah, bu ya\u015fay\u0131\u015f deyil. Biz ya\u015fay\u0131r\u0131q dey\u0259, \u00f6y\u00fcnm\u0259y\u0259k. Bu s\u00fcr\u00fcnm\u0259kdir\u201d.\n<\/p>\n<p>\n  <b><br \/>\n    \u201cD\u00fcnyaya bir d\u0259f\u0259 g\u0259ldik, onu da s\u00fcr\u00fcn\u00fcr\u00fck\u201d<br \/>\n  <\/b>\n<\/p>\n<p>\n  Vahid Quliyev d\u0259 1993-c\u00fc ild\u0259n burada m\u0259skunla\u015f\u0131b. Deyir, indiy\u0259 q\u0259d\u0259r d\u00f6vl\u0259td\u0259n onlara bir k\u00f6m\u0259k g\u00f6st\u0259r\u0259n olmay\u0131b:\n<\/p>\n<figure class=\"wp-block-image size-large\">\n  <img decoding=\"async\" src=\"https:\/\/www.meydan.tv\/az\/vahid-quliyev-jpeg\/\" alt=\"Vahid Quliyev.jpeg\" class=\"wp-image-119468\"\/><figcaption>\n    Vahid Quliyev<br \/>\n  <\/figcaption><\/figure>\n<p>\n  \u201cG\u0259lib maraqlanan yoxdur. El\u0259 ordan-burdan e\u015fidirik ki, bizi k\u00f6\u00e7\u00fcr\u0259c\u0259kl\u0259r. Han\u0131, k\u00f6\u00e7\u00fcrm\u00fcrl\u0259r ax\u0131. Daha 26 ilimiz burada ke\u00e7ib. Bir t\u0259l\u0259ssinl\u0259r d\u0259, anlas\u0131nlar ki, bizim \u00f6mr\u00fcm\u00fczd\u00fcr ged\u0259n. Onu saxlaya bilmirik. Bir g\u00fcn g\u00f6rm\u0259dik, d\u00fcnyaya bir d\u0259f\u0259 g\u0259ldik, onu da s\u00fcr\u00fcng\u0259n kimi ya\u015fad\u0131q, bitdi. Nolar, prezidentimiz biz\u0259 ev versin. Bezmi\u015fik, inan\u0131n\u201d.\n<\/p>\n<p>\n  <b><br \/>\n    \u201cAyaqqab\u0131lardan pal\u00e7\u0131q yumaqdan birt\u0259h\u0259r olmu\u015fuq\u201d<br \/>\n  <\/b>\n<\/p>\n<p>\n  \u00dclk\u0259r \u018fzimova bura g\u0259lin k\u00f6\u00e7\u00fcb. Deyir, k\u00f6rp\u0259 u\u015faqla burada ya\u015famaq z\u00fclmd\u00fcr. H\u0259r yer pal\u00e7\u0131q, hamam yox, ayaqyolu \u015f\u0259raitsiz. Ev is\u0259 pal\u00e7\u0131q, t\u0259mirsiz, u\u00e7ub-t\u00f6k\u00fcl\u00fcr:\n<\/p>\n<figure class=\"wp-block-image size-large\">\n  <img decoding=\"async\" src=\"https:\/\/www.meydan.tv\/az\/ulker-ezimova-jpeg\/\" alt=\"\u00dclk\u0259r \u018fzimova.jpeg\" class=\"wp-image-119471\"\/><figcaption>\n    \u00dclk\u0259r \u018fzimova<br \/>\n  <\/figcaption><\/figure>\n<p>\n  \u201cG\u00f6r\u0259n biz\u0259 niy\u0259 ev verilmir? Vallah, qalm\u0131\u015f\u0131q pal\u00e7\u0131\u011f\u0131n i\u00e7ind\u0259. M\u0259n bir ne\u00e7\u0259 il\u0259 art\u0131q dil\u0259 g\u0259lmi\u015f\u0259m. Buradak\u0131lar 26 ildir z\u00fclmd\u0259dirl\u0259r. K\u00f6rp\u0259 u\u015faqla buz kimi evd\u0259 ya\u015fay\u0131r\u0131q. Pal\u00e7\u0131qda yeriy\u0259 d\u0259 bilmirik. Ayaqqab\u0131lardan pal\u00e7\u0131q yumaqdan birt\u0259h\u0259r olmu\u015fuq. Yax\u0131nda he\u00e7 m\u0259kt\u0259b d\u0259 yoxdur. Bu g\u00fcn-sabah u\u015faq m\u0259kt\u0259b\u0259 ged\u0259nd\u0259 g\u0259r\u0259k ma\u015f\u0131n tutaq. Onu da n\u0259 il\u0259 ed\u0259c\u0259yik, bilmir\u0259m\u201d.\n<\/p>\n<p>\n  <b><br \/>\n    \u201cN\u0259 olar, bu d\u0259f\u0259 d\u0259 biz\u0259 t\u0259r\u0259f baxs\u0131nlar\u201d<br \/>\n  <\/b>\n<\/p>\n<p>\n  Flora Zeynalova F\u00fczulinin A\u015fa\u011f\u0131 Seyid\u0259hm\u0259dli k\u0259ndind\u0259n k\u00f6\u00e7k\u00fcn d\u00fc\u015f\u00fcb. Deyir, orada ev-e\u015fiyini, g\u00f6z\u0259l \u015f\u0259raitini qoyub g\u0259lib. 26 ildir burada ya\u015fama\u011fa m\u0259hkum olub:\n<\/p>\n<figure class=\"wp-block-image size-large\">\n  <img decoding=\"async\" src=\"https:\/\/www.meydan.tv\/az\/ds-jpg\/\" alt=\"ds.jpg\" class=\"wp-image-119534\"\/><figcaption>\n    ev<br \/>\n  <\/figcaption><\/figure>\n<p>\n  \u201c\u0130lan, qurba\u011fa, c\u00fcc\u00fcn\u00fcn i\u00e7ind\u0259 ya\u015fay\u0131r\u0131q. Biz bel\u0259 \u015f\u0259rait g\u00f6rm\u0259mi\u015fdik. \u0130ndi n\u0259 ed\u0259k ki, imkans\u0131z olduq. H\u0259r \u015feyimiz \u0259limizd\u0259n \u00e7\u0131xd\u0131. D\u00f6vl\u0259tin ayda verdiyi 22 manatl\u0131q \u00e7\u00f6r\u0259kpulu il\u0259 dolanan adam\u0131q. Yayda ala\u011fa, pamb\u0131\u011fa da gedirik. Bu ya\u015fad\u0131\u011f\u0131m\u0131z \u0259razid\u0259 torpaq da yoxdur ki, \u0259k\u0259k-bec\u0259r\u0259k, mal-heyvan saxlayaq. Ona g\u00f6r\u0259 d\u0259 bizim bu g\u00fcn \u00f6z\u00fcm\u00fcz\u0259 ev tik\u0259c\u0259k pulumuz yoxdur. D\u00f6vl\u0259r m\u0259cburi k\u00f6\u00e7k\u00fcnl\u0259ri evl\u0259 t\u0259min edir. N\u0259 olar, bu d\u0259f\u0259 d\u0259 biz\u0259 t\u0259r\u0259f baxs\u0131nlar\u201d.\n<\/p>\n<p>\n  <b><br \/>\n    \u201cZamanla ham\u0131 evl\u0259 t\u0259min edil\u0259c\u0259k\u201d<br \/>\n  <\/b>\n<\/p>\n<p>\n  Meydan TV m\u0259s\u0259l\u0259y\u0259 m\u00fcnasib\u0259t \u00f6yr\u0259nm\u0259k \u00fc\u00e7\u00fcn Beyl\u0259qan Rayon \u0130cra Hakimiyy\u0259ti il\u0259 \u0259laq\u0259 saxlay\u0131b. \u0130cra hakimiyy\u0259tind\u0259n k\u00f6\u00e7k\u00fcnl\u0259r\u0259 ev tikilm\u0259si, onlar\u0131n siyah\u0131ya al\u0131nmas\u0131, yerl\u0259\u015fdirilm\u0259si m\u0259s\u0259l\u0259l\u0259rin\u0259 Qa\u00e7q\u0131nlar\u0131n v\u0259 M\u0259cburi K\u00f6\u00e7k\u00fcnl\u0259rin \u0130\u015fl\u0259ri \u00fczr\u0259 D\u00f6vl\u0259t Komit\u0259sinin baxd\u0131\u011f\u0131n\u0131 bildiribl\u0259r.\n<\/p>\n<figure class=\"wp-block-image size-large\">\n  <img decoding=\"async\" src=\"https:\/\/www.meydan.tv\/az\/image00022-jpeg\/\" alt=\"image00022.jpeg\" class=\"wp-image-119474\"\/><figcaption>\n    h\u0259y\u0259t<br \/>\n  <\/figcaption><\/figure>\n<p>\n  Qa\u00e7q\u0131nlar\u0131n v\u0259 M\u0259cburi K\u00f6\u00e7k\u00fcnl\u0259rin \u0130\u015fl\u0259ri \u00fczr\u0259 D\u00f6vl\u0259t Komit\u0259sind\u0259n is\u0259 bildirilib ki, evl\u0259 t\u0259min edilm\u0259y\u0259n b\u00fct\u00fcn m\u0259cburi k\u00f6\u00e7k\u00fcnl\u0259r siyah\u0131ya al\u0131n\u0131b. Ev n\u00f6vb\u0259sind\u0259 olanlara uy\u011fun yeni m\u0259nzill\u0259r tikil\u0259n kimi ham\u0131s\u0131 k\u00f6\u00e7\u00fcr\u00fcl\u0259c\u0259kl\u0259r:\n<\/p>\n<p>\n  \u201cBu prosesl\u0259r m\u0259rh\u0259l\u0259li \u015f\u0259kild\u0259 h\u0259yata ke\u00e7irilir. B\u00fct\u00fcn siyah\u0131dak\u0131lar\u0131 bir g\u00fcnd\u0259 k\u00f6\u00e7\u00fcrm\u0259k al\u0131nan i\u015f deyil. Zamanla ham\u0131 evl\u0259 t\u0259min edil\u0259c\u0259k\u201d.\n<\/p>\n<figure class=\"wp-block-image size-large\">\n  <img decoding=\"async\" src=\"https:\/\/www.meydan.tv\/az\/ssss-jpg\/\" alt=\"ssss.jpg\" class=\"wp-image-119537\"\/><figcaption>\n    h\u0259y\u0259t<br \/>\n  <\/figcaption><\/figure>\n","protected":false},"excerpt":{"rendered":"<p>F\u00fczuli k\u00f6\u00e7k\u00fcn\u00fc: \u201cU\u015faql\u0131\u011f\u0131m\u0131z ke\u00e7di, indi d\u0259 g\u0259ncliyimiz  \u00e7\u00fcr\u00fcy\u00fcr\u201d<\/p>\n","protected":false},"author":11,"featured_media":119450,"comment_status":"closed","ping_status":"open","sticky":false,"template":"","format":"standard","meta":{"_acf_changed":false,"_sitemap_exclude":false,"_sitemap_priority":"","_sitemap_frequency":"","footnotes":""},"categories":[60],"tags":[],"class_list":["post-194368","post","type-post","status-publish","format-standard","has-post-thumbnail","hentry","category-bolge","infinite-scroll-item","generate-columns","tablet-grid-50","mobile-grid-100","grid-parent","grid-33","no-featured-image-padding"],"acf":[],"yoast_head":"<!-- This site is optimized with the Yoast SEO plugin v27.4 - https:\/\/yoast.com\/product\/yoast-seo-wordpress\/ -->\n<title>&#039;&#039;M\u0259murlar\u0131n toyuq hini bizim evl\u0259rimizd\u0259n \u015f\u0259raitlidir&#039;&#039; - MEYDAN.TV<\/title>\n<meta name=\"robots\" content=\"index, follow, max-snippet:-1, max-image-preview:large, max-video-preview:-1\" \/>\n<link rel=\"canonical\" href=\"https:\/\/www.meydan.tv\/az\/article\/memurlarin-toyuq-hini-bizim-evlerimizden-seraitlidir\/\" \/>\n<meta property=\"og:locale\" content=\"az_AZ\" \/>\n<meta property=\"og:type\" content=\"article\" \/>\n<meta property=\"og:title\" content=\"&#039;&#039;M\u0259murlar\u0131n toyuq hini bizim evl\u0259rimizd\u0259n \u015f\u0259raitlidir&#039;&#039; - MEYDAN.TV\" \/>\n<meta property=\"og:description\" content=\"F\u00fczuli k\u00f6\u00e7k\u00fcn\u00fc: \u201cU\u015faql\u0131\u011f\u0131m\u0131z ke\u00e7di, indi d\u0259 g\u0259ncliyimiz \u00e7\u00fcr\u00fcy\u00fcr\u201d\" \/>\n<meta property=\"og:url\" content=\"https:\/\/www.meydan.tv\/az\/article\/memurlarin-toyuq-hini-bizim-evlerimizden-seraitlidir\/\" \/>\n<meta property=\"og:site_name\" content=\"MEYDAN.TV\" \/>\n<meta property=\"article:published_time\" content=\"2019-03-06T09:12:18+00:00\" \/>\n<meta property=\"og:image\" content=\"https:\/\/www.meydan.tv\/wp-content\/uploads\/image00006_zlw7fxz.jpeg\" \/>\n\t<meta property=\"og:image:width\" content=\"640\" \/>\n\t<meta property=\"og:image:height\" content=\"480\" \/>\n\t<meta property=\"og:image:type\" content=\"image\/jpeg\" \/>\n<meta name=\"author\" content=\"user-manager\" \/>\n<meta name=\"twitter:card\" content=\"summary_large_image\" \/>\n<script type=\"application\/ld+json\" class=\"yoast-schema-graph\">{\"@context\":\"https:\\\/\\\/schema.org\",\"@graph\":[{\"@type\":\"Article\",\"@id\":\"https:\\\/\\\/www.meydan.tv\\\/az\\\/article\\\/memurlarin-toyuq-hini-bizim-evlerimizden-seraitlidir\\\/#article\",\"isPartOf\":{\"@id\":\"https:\\\/\\\/www.meydan.tv\\\/az\\\/article\\\/memurlarin-toyuq-hini-bizim-evlerimizden-seraitlidir\\\/\"},\"author\":{\"name\":\"user-manager\",\"@id\":\"https:\\\/\\\/www.meydan.tv\\\/az\\\/#\\\/schema\\\/person\\\/10d11eccf6da3662cf5fdab9806ea91a\"},\"headline\":\"&#8221;M\u0259murlar\u0131n toyuq hini bizim evl\u0259rimizd\u0259n \u015f\u0259raitlidir&#8221;\",\"datePublished\":\"2019-03-06T09:12:18+00:00\",\"mainEntityOfPage\":{\"@id\":\"https:\\\/\\\/www.meydan.tv\\\/az\\\/article\\\/memurlarin-toyuq-hini-bizim-evlerimizden-seraitlidir\\\/\"},\"wordCount\":1714,\"publisher\":{\"@id\":\"https:\\\/\\\/www.meydan.tv\\\/az\\\/#organization\"},\"image\":{\"@id\":\"https:\\\/\\\/www.meydan.tv\\\/az\\\/article\\\/memurlarin-toyuq-hini-bizim-evlerimizden-seraitlidir\\\/#primaryimage\"},\"thumbnailUrl\":\"https:\\\/\\\/www.meydan.tv\\\/wp-content\\\/uploads\\\/image00006_zlw7fxz.jpeg\",\"articleSection\":[\"B\u00f6lg\u0259\"],\"inLanguage\":\"az\"},{\"@type\":\"WebPage\",\"@id\":\"https:\\\/\\\/www.meydan.tv\\\/az\\\/article\\\/memurlarin-toyuq-hini-bizim-evlerimizden-seraitlidir\\\/\",\"url\":\"https:\\\/\\\/www.meydan.tv\\\/az\\\/article\\\/memurlarin-toyuq-hini-bizim-evlerimizden-seraitlidir\\\/\",\"name\":\"''M\u0259murlar\u0131n toyuq hini bizim evl\u0259rimizd\u0259n \u015f\u0259raitlidir'' - MEYDAN.TV\",\"isPartOf\":{\"@id\":\"https:\\\/\\\/www.meydan.tv\\\/az\\\/#website\"},\"primaryImageOfPage\":{\"@id\":\"https:\\\/\\\/www.meydan.tv\\\/az\\\/article\\\/memurlarin-toyuq-hini-bizim-evlerimizden-seraitlidir\\\/#primaryimage\"},\"image\":{\"@id\":\"https:\\\/\\\/www.meydan.tv\\\/az\\\/article\\\/memurlarin-toyuq-hini-bizim-evlerimizden-seraitlidir\\\/#primaryimage\"},\"thumbnailUrl\":\"https:\\\/\\\/www.meydan.tv\\\/wp-content\\\/uploads\\\/image00006_zlw7fxz.jpeg\",\"datePublished\":\"2019-03-06T09:12:18+00:00\",\"breadcrumb\":{\"@id\":\"https:\\\/\\\/www.meydan.tv\\\/az\\\/article\\\/memurlarin-toyuq-hini-bizim-evlerimizden-seraitlidir\\\/#breadcrumb\"},\"inLanguage\":\"az\",\"potentialAction\":[{\"@type\":\"ReadAction\",\"target\":[\"https:\\\/\\\/www.meydan.tv\\\/az\\\/article\\\/memurlarin-toyuq-hini-bizim-evlerimizden-seraitlidir\\\/\"]}]},{\"@type\":\"ImageObject\",\"inLanguage\":\"az\",\"@id\":\"https:\\\/\\\/www.meydan.tv\\\/az\\\/article\\\/memurlarin-toyuq-hini-bizim-evlerimizden-seraitlidir\\\/#primaryimage\",\"url\":\"https:\\\/\\\/www.meydan.tv\\\/wp-content\\\/uploads\\\/image00006_zlw7fxz.jpeg\",\"contentUrl\":\"https:\\\/\\\/www.meydan.tv\\\/wp-content\\\/uploads\\\/image00006_zlw7fxz.jpeg\",\"width\":640,\"height\":480,\"caption\":\"Source: meydan tv\"},{\"@type\":\"BreadcrumbList\",\"@id\":\"https:\\\/\\\/www.meydan.tv\\\/az\\\/article\\\/memurlarin-toyuq-hini-bizim-evlerimizden-seraitlidir\\\/#breadcrumb\",\"itemListElement\":[{\"@type\":\"ListItem\",\"position\":1,\"name\":\"Ana s\u0259hif\u0259\",\"item\":\"https:\\\/\\\/www.meydan.tv\\\/az\\\/\"},{\"@type\":\"ListItem\",\"position\":2,\"name\":\"B\u00f6lg\u0259\",\"item\":\"https:\\\/\\\/www.meydan.tv\\\/az\\\/section\\\/bolge\\\/\"},{\"@type\":\"ListItem\",\"position\":3,\"name\":\"&#8221;M\u0259murlar\u0131n toyuq hini bizim evl\u0259rimizd\u0259n \u015f\u0259raitlidir&#8221;\"}]},{\"@type\":\"WebSite\",\"@id\":\"https:\\\/\\\/www.meydan.tv\\\/az\\\/#website\",\"url\":\"https:\\\/\\\/www.meydan.tv\\\/az\\\/\",\"name\":\"MEYDAN.TV\",\"description\":\"Meydan TV Az\u0259rbaycan\u0131n media m\u0259kan\u0131ndak\u0131 alternativ s\u0259sidir\",\"publisher\":{\"@id\":\"https:\\\/\\\/www.meydan.tv\\\/az\\\/#organization\"},\"potentialAction\":[{\"@type\":\"SearchAction\",\"target\":{\"@type\":\"EntryPoint\",\"urlTemplate\":\"https:\\\/\\\/www.meydan.tv\\\/az\\\/?s={search_term_string}\"},\"query-input\":{\"@type\":\"PropertyValueSpecification\",\"valueRequired\":true,\"valueName\":\"search_term_string\"}}],\"inLanguage\":\"az\"},{\"@type\":\"Organization\",\"@id\":\"https:\\\/\\\/www.meydan.tv\\\/az\\\/#organization\",\"name\":\"Meydan TV\",\"url\":\"https:\\\/\\\/www.meydan.tv\\\/az\\\/\",\"logo\":{\"@type\":\"ImageObject\",\"inLanguage\":\"az\",\"@id\":\"https:\\\/\\\/www.meydan.tv\\\/az\\\/#\\\/schema\\\/logo\\\/image\\\/\",\"url\":\"https:\\\/\\\/www.meydan.tv\\\/wp-content\\\/uploads\\\/2021\\\/07\\\/meydan-logo.svg\",\"contentUrl\":\"https:\\\/\\\/www.meydan.tv\\\/wp-content\\\/uploads\\\/2021\\\/07\\\/meydan-logo.svg\",\"width\":195,\"height\":46,\"caption\":\"Meydan TV\"},\"image\":{\"@id\":\"https:\\\/\\\/www.meydan.tv\\\/az\\\/#\\\/schema\\\/logo\\\/image\\\/\"}},{\"@type\":\"Person\",\"@id\":\"https:\\\/\\\/www.meydan.tv\\\/az\\\/#\\\/schema\\\/person\\\/10d11eccf6da3662cf5fdab9806ea91a\",\"name\":\"user-manager\"}]}<\/script>\n<!-- \/ Yoast SEO plugin. -->","yoast_head_json":{"title":"''M\u0259murlar\u0131n toyuq hini bizim evl\u0259rimizd\u0259n \u015f\u0259raitlidir'' - MEYDAN.TV","robots":{"index":"index","follow":"follow","max-snippet":"max-snippet:-1","max-image-preview":"max-image-preview:large","max-video-preview":"max-video-preview:-1"},"canonical":"https:\/\/www.meydan.tv\/az\/article\/memurlarin-toyuq-hini-bizim-evlerimizden-seraitlidir\/","og_locale":"az_AZ","og_type":"article","og_title":"''M\u0259murlar\u0131n toyuq hini bizim evl\u0259rimizd\u0259n \u015f\u0259raitlidir'' - MEYDAN.TV","og_description":"F\u00fczuli k\u00f6\u00e7k\u00fcn\u00fc: \u201cU\u015faql\u0131\u011f\u0131m\u0131z ke\u00e7di, indi d\u0259 g\u0259ncliyimiz \u00e7\u00fcr\u00fcy\u00fcr\u201d","og_url":"https:\/\/www.meydan.tv\/az\/article\/memurlarin-toyuq-hini-bizim-evlerimizden-seraitlidir\/","og_site_name":"MEYDAN.TV","article_published_time":"2019-03-06T09:12:18+00:00","og_image":[{"width":640,"height":480,"url":"https:\/\/www.meydan.tv\/wp-content\/uploads\/image00006_zlw7fxz.jpeg","type":"image\/jpeg"}],"author":"user-manager","twitter_card":"summary_large_image","schema":{"@context":"https:\/\/schema.org","@graph":[{"@type":"Article","@id":"https:\/\/www.meydan.tv\/az\/article\/memurlarin-toyuq-hini-bizim-evlerimizden-seraitlidir\/#article","isPartOf":{"@id":"https:\/\/www.meydan.tv\/az\/article\/memurlarin-toyuq-hini-bizim-evlerimizden-seraitlidir\/"},"author":{"name":"user-manager","@id":"https:\/\/www.meydan.tv\/az\/#\/schema\/person\/10d11eccf6da3662cf5fdab9806ea91a"},"headline":"&#8221;M\u0259murlar\u0131n toyuq hini bizim evl\u0259rimizd\u0259n \u015f\u0259raitlidir&#8221;","datePublished":"2019-03-06T09:12:18+00:00","mainEntityOfPage":{"@id":"https:\/\/www.meydan.tv\/az\/article\/memurlarin-toyuq-hini-bizim-evlerimizden-seraitlidir\/"},"wordCount":1714,"publisher":{"@id":"https:\/\/www.meydan.tv\/az\/#organization"},"image":{"@id":"https:\/\/www.meydan.tv\/az\/article\/memurlarin-toyuq-hini-bizim-evlerimizden-seraitlidir\/#primaryimage"},"thumbnailUrl":"https:\/\/www.meydan.tv\/wp-content\/uploads\/image00006_zlw7fxz.jpeg","articleSection":["B\u00f6lg\u0259"],"inLanguage":"az"},{"@type":"WebPage","@id":"https:\/\/www.meydan.tv\/az\/article\/memurlarin-toyuq-hini-bizim-evlerimizden-seraitlidir\/","url":"https:\/\/www.meydan.tv\/az\/article\/memurlarin-toyuq-hini-bizim-evlerimizden-seraitlidir\/","name":"''M\u0259murlar\u0131n toyuq hini bizim evl\u0259rimizd\u0259n \u015f\u0259raitlidir'' - MEYDAN.TV","isPartOf":{"@id":"https:\/\/www.meydan.tv\/az\/#website"},"primaryImageOfPage":{"@id":"https:\/\/www.meydan.tv\/az\/article\/memurlarin-toyuq-hini-bizim-evlerimizden-seraitlidir\/#primaryimage"},"image":{"@id":"https:\/\/www.meydan.tv\/az\/article\/memurlarin-toyuq-hini-bizim-evlerimizden-seraitlidir\/#primaryimage"},"thumbnailUrl":"https:\/\/www.meydan.tv\/wp-content\/uploads\/image00006_zlw7fxz.jpeg","datePublished":"2019-03-06T09:12:18+00:00","breadcrumb":{"@id":"https:\/\/www.meydan.tv\/az\/article\/memurlarin-toyuq-hini-bizim-evlerimizden-seraitlidir\/#breadcrumb"},"inLanguage":"az","potentialAction":[{"@type":"ReadAction","target":["https:\/\/www.meydan.tv\/az\/article\/memurlarin-toyuq-hini-bizim-evlerimizden-seraitlidir\/"]}]},{"@type":"ImageObject","inLanguage":"az","@id":"https:\/\/www.meydan.tv\/az\/article\/memurlarin-toyuq-hini-bizim-evlerimizden-seraitlidir\/#primaryimage","url":"https:\/\/www.meydan.tv\/wp-content\/uploads\/image00006_zlw7fxz.jpeg","contentUrl":"https:\/\/www.meydan.tv\/wp-content\/uploads\/image00006_zlw7fxz.jpeg","width":640,"height":480,"caption":"Source: meydan tv"},{"@type":"BreadcrumbList","@id":"https:\/\/www.meydan.tv\/az\/article\/memurlarin-toyuq-hini-bizim-evlerimizden-seraitlidir\/#breadcrumb","itemListElement":[{"@type":"ListItem","position":1,"name":"Ana s\u0259hif\u0259","item":"https:\/\/www.meydan.tv\/az\/"},{"@type":"ListItem","position":2,"name":"B\u00f6lg\u0259","item":"https:\/\/www.meydan.tv\/az\/section\/bolge\/"},{"@type":"ListItem","position":3,"name":"&#8221;M\u0259murlar\u0131n toyuq hini bizim evl\u0259rimizd\u0259n \u015f\u0259raitlidir&#8221;"}]},{"@type":"WebSite","@id":"https:\/\/www.meydan.tv\/az\/#website","url":"https:\/\/www.meydan.tv\/az\/","name":"MEYDAN.TV","description":"Meydan TV Az\u0259rbaycan\u0131n media m\u0259kan\u0131ndak\u0131 alternativ s\u0259sidir","publisher":{"@id":"https:\/\/www.meydan.tv\/az\/#organization"},"potentialAction":[{"@type":"SearchAction","target":{"@type":"EntryPoint","urlTemplate":"https:\/\/www.meydan.tv\/az\/?s={search_term_string}"},"query-input":{"@type":"PropertyValueSpecification","valueRequired":true,"valueName":"search_term_string"}}],"inLanguage":"az"},{"@type":"Organization","@id":"https:\/\/www.meydan.tv\/az\/#organization","name":"Meydan TV","url":"https:\/\/www.meydan.tv\/az\/","logo":{"@type":"ImageObject","inLanguage":"az","@id":"https:\/\/www.meydan.tv\/az\/#\/schema\/logo\/image\/","url":"https:\/\/www.meydan.tv\/wp-content\/uploads\/2021\/07\/meydan-logo.svg","contentUrl":"https:\/\/www.meydan.tv\/wp-content\/uploads\/2021\/07\/meydan-logo.svg","width":195,"height":46,"caption":"Meydan TV"},"image":{"@id":"https:\/\/www.meydan.tv\/az\/#\/schema\/logo\/image\/"}},{"@type":"Person","@id":"https:\/\/www.meydan.tv\/az\/#\/schema\/person\/10d11eccf6da3662cf5fdab9806ea91a","name":"user-manager"}]}},"_links":{"self":[{"href":"https:\/\/www.meydan.tv\/az\/wp-json\/wp\/v2\/posts\/194368","targetHints":{"allow":["GET"]}}],"collection":[{"href":"https:\/\/www.meydan.tv\/az\/wp-json\/wp\/v2\/posts"}],"about":[{"href":"https:\/\/www.meydan.tv\/az\/wp-json\/wp\/v2\/types\/post"}],"author":[{"embeddable":true,"href":"https:\/\/www.meydan.tv\/az\/wp-json\/wp\/v2\/users\/11"}],"replies":[{"embeddable":true,"href":"https:\/\/www.meydan.tv\/az\/wp-json\/wp\/v2\/comments?post=194368"}],"version-history":[{"count":0,"href":"https:\/\/www.meydan.tv\/az\/wp-json\/wp\/v2\/posts\/194368\/revisions"}],"wp:featuredmedia":[{"embeddable":true,"href":"https:\/\/www.meydan.tv\/az\/wp-json\/wp\/v2\/media\/119450"}],"wp:attachment":[{"href":"https:\/\/www.meydan.tv\/az\/wp-json\/wp\/v2\/media?parent=194368"}],"wp:term":[{"taxonomy":"category","embeddable":true,"href":"https:\/\/www.meydan.tv\/az\/wp-json\/wp\/v2\/categories?post=194368"},{"taxonomy":"post_tag","embeddable":true,"href":"https:\/\/www.meydan.tv\/az\/wp-json\/wp\/v2\/tags?post=194368"}],"curies":[{"name":"wp","href":"https:\/\/api.w.org\/{rel}","templated":true}]}}