{"id":194366,"date":"2019-03-06T10:58:48","date_gmt":"2019-03-06T10:58:48","guid":{"rendered":"https:\/\/www.meydan.tv\/article\/ana-yasadigi-haqsizliqdan-qizimin-basi-pozuldu\/"},"modified":"2019-03-06T10:58:48","modified_gmt":"2019-03-06T10:58:48","slug":"ana-yasadigi-haqsizliqdan-qizimin-basi-pozuldu","status":"publish","type":"post","link":"https:\/\/www.meydan.tv\/az\/article\/ana-yasadigi-haqsizliqdan-qizimin-basi-pozuldu\/","title":{"rendered":"Ana: Ya\u015fad\u0131\u011f\u0131 haqs\u0131zl\u0131qdan q\u0131z\u0131m\u0131n ba\u015f\u0131 pozuldu"},"content":{"rendered":"<p>\n  &#x27;&#x27;\u0130mkan olmad\u0131 m\u00fcalic\u0259y\u0259, v\u0259ziyy\u0259ti getdikc\u0259 pisl\u0259\u015fdi&#x27;&#x27;\n<\/p>\n<p>\n  B\u0259rd\u0259 rayonunun \u00c7\u0259l\u0259bil\u0259r k\u0259ndinin 80 ya\u015fl\u0131 sakini Nabat Salmanova v\u0259 q\u0131z\u0131 C.M. \u00e7\u0259tin \u015f\u0259raitd\u0259 ya\u015fay\u0131rlar. \u201cQon\u015fular olmasa, \u00e7\u00f6r\u0259k, \u00e7ay g\u0259tirm\u0259s\u0259l\u0259r, ac-susuz qalar\u0131q,\u201d- deyirl\u0259r.\n<\/p>\n<p>\n  Onlar ki\u00e7ik, c\u0259mi birp\u0259nc\u0259r\u0259li, k\u0259rpicd\u0259n tikilmi\u015f, alaqaranl\u0131q daxmada ya\u015fay\u0131rlar. Bir ay \u00f6nc\u0259y\u0259 q\u0259d\u0259r evl\u0259rinin i\u015f\u0131\u011f\u0131, h\u0259tta ayaqyolusu bel\u0259 olmay\u0131b. Qon\u015fular y\u0131\u011f\u0131\u015f\u0131b i\u015f\u0131q x\u0259tti \u00e7\u0259kibl\u0259r. B\u0259rd\u0259d\u0259 ya\u015fayan dindarlar is\u0259 onlar \u00fc\u00e7\u00fcn ayaqyolu tikibl\u0259r. \u00c7\u0259tinlikl\u0259 d\u0259 olsa, h\u0259y\u0259td\u0259ki ayaqyoluna gedib-g\u0259lirl\u0259r.\n<\/p>\n<figure class=\"wp-block-image size-large\">\n  <img decoding=\"async\" src=\"https:\/\/www.meydan.tv\/az\/image00007-jpeg-2\/\" alt=\"image00007.jpeg\" class=\"wp-image-119555\"\/><figcaption>\n    ev<br \/>\n  <\/figcaption><\/figure>\n<p>\n  \u201cV\u0259ziyy\u0259t a\u011f\u0131rd\u0131r. Kims\u0259sizik. Qon\u015fular\u0131n verdiyi \u00e7\u00f6r\u0259kl\u0259 dolan\u0131r\u0131q. Ya\u015f\u0131ma g\u00f6r\u0259 50 manat pensiya al\u0131ram. Ondan ba\u015fqa bu ev\u0259 bir q\u0259pik d\u0259 girmir. Evimizi d\u0259 g\u00f6r\u00fcrs\u00fcz, soyuqdu, r\u00fctub\u0259tlidir, donuruq\u201d \u2013 deyir, Nabat Salmanova.\n<\/p>\n<p>\n  C.M ali t\u0259hsilini G\u0259nc\u0259d\u0259 al\u0131b. T\u0259l\u0259b\u0259 vaxt\u0131 t\u0259cav\u00fcz olay\u0131 il\u0259 \u00fczl\u0259\u015fib. Bundan sonra psixoloji probleml\u0259ri yaran\u0131b. O vaxtdan \u00f6z\u00fcn\u0259 g\u0259l\u0259 bilm\u0259yib. Ana deyir ki, m\u0259hk\u0259m\u0259l\u0259r onlar\u0131n iddialar\u0131n\u0131 t\u0259min etm\u0259y\u0259nd\u0259n sonra q\u0131z\u0131n\u0131n durumu daha da d\u0259rinl\u0259\u015fib, \u00f6z\u00fcn\u0259 qapan\u0131b.\n<\/p>\n<p>\n  \u201cUzun ill\u0259r m\u0259hk\u0259m\u0259l\u0259rd\u0259 \u0259dal\u0259t axtard\u0131lar. \u018fn sonuncu m\u0259hk\u0259m\u0259d\u0259n d\u0259 \u0259ll\u0259ri \u00fcz\u00fcl\u0259nd\u0259n sonra Nabat\u0131n s\u0259hh\u0259tind\u0259 probleml\u0259r yarand\u0131. B\u00fct\u00fcn g\u00fcn\u00fc i\u015f\u0259 baxan hakimin ad\u0131n\u0131 sayaqlay\u0131r,\u201d \u2013 qon\u015fular deyir.\n<\/p>\n<figure class=\"wp-block-image size-large\">\n  <img decoding=\"async\" src=\"https:\/\/www.meydan.tv\/az\/image00006-jpeg-3\/\" alt=\"image00006.jpeg\" class=\"wp-image-119561\"\/><figcaption>\n    Nabat Salmanova v\u0259 q\u0131z\u0131<br \/>\n  <\/figcaption><\/figure>\n<p>\n  Ail\u0259 he\u00e7 yerd\u0259 qeydiyyata da d\u00fc\u015f\u0259 bilmir. Bu balaca daxman\u0131 da onlara xeyirxah insanlar tikib:\n<\/p>\n<p>\n  \u201cBu evi biz\u0259 verm\u0259s\u0259ydil\u0259r, k\u00fc\u00e7\u0259d\u0259 qalard\u0131q. D\u0259f\u0259l\u0259rl\u0259 B\u0259rd\u0259 Rayon \u0130cra Hakimiyy\u0259tin\u0259 m\u00fcraci\u0259t etmi\u015f\u0259m. Q\u0131\u015fd\u0131, \u00e7\u0259tindi. Evimiz birqat k\u0259rpicd\u0259n tikilib, sobam\u0131z yoxdur. Aylarla \u00e7imm\u0259y\u0259 hamam tapm\u0131r\u0131q. H\u0259y\u0259td\u0259 ocaq qalayanda da naraz\u0131l\u0131q olur. D\u00f6vl\u0259timiz biziml\u0259 maraqlanm\u0131r, qap\u0131m\u0131z\u0131 qon\u015fulardan ba\u015fqa a\u00e7an yoxdur. Qalm\u0131\u015f\u0131q t\u0259k, soyudan dona-dona, pis v\u0259ziyy\u0259td\u0259\u201d.\n<\/p>\n<p>\n  Ana q\u0131z\u0131n\u0131n tamamil\u0259 a\u011fl\u0131n\u0131 itirdiyini deyir. Onun s\u00f6zl\u0259rin\u0259 g\u00f6r\u0259, q\u0131z\u0131 \u00f6z\u00fcn\u00fc idar\u0259 etm\u0259kd\u0259 \u00e7\u0259tinlik \u00e7\u0259kir. Yax\u015f\u0131 m\u00fcalic\u0259y\u0259 ehtiyac\u0131 var, ancaq imkanlar\u0131 yoxdur, ed\u0259 bilmirl\u0259r:\n<\/p>\n<p>\n  \u201cYa\u015fad\u0131\u011f\u0131 haqs\u0131zl\u0131qdan ba\u015f\u0131 pozuldu. \u0130mkan olmad\u0131 m\u00fcalic\u0259y\u0259, v\u0259ziyy\u0259ti getdikc\u0259 pisl\u0259\u015fdi. \u0130ndi lap a\u011f\u0131r v\u0259ziyy\u0259td\u0259dir. Onun ba\u015f\u0131 pozuldu, h\u0259yat\u0131 m\u0259hv oldu. M\u0259n ora-bura m\u00fcraci\u0259t etm\u0259kd\u0259n \u0259s\u0259b x\u0259st\u0259sin\u0259 \u00e7evrildim. \u0130ndi \u0259limiz h\u0259r \u015feyd\u0259n \u00fcz\u00fcl\u00fcb\u201d.\n<\/p>\n<figure class=\"wp-block-image size-large\">\n  <img decoding=\"async\" src=\"https:\/\/www.meydan.tv\/az\/image00002-jpeg-2\/\" alt=\"image00002.jpeg\" class=\"wp-image-119573\"\/><figcaption>\n    ev<br \/>\n  <\/figcaption><\/figure>\n<p>\n  C.M x\u0259st\u0259liyi il\u0259 ba\u011fl\u0131 h\u0259r hans\u0131 t\u0259qa\u00fcd alm\u0131r. Ail\u0259nin imkan\u0131 \u0259l verm\u0259diyind\u0259n m\u00fcalic\u0259 d\u0259 oluna bilmir. B\u00fct\u00fcn g\u00fcn\u00fc yata\u011f\u0131nda uzan\u0131r, \u00e7\u00f6l\u0259-bay\u0131ra da \u00e7\u0131xm\u0131r.\n<\/p>\n<p>\n  Meydan TV B\u0259rd\u0259 Rayon \u0130cra Hakimiyy\u0259tini ail\u0259nin v\u0259ziyy\u0259ti il\u0259 ba\u011fl\u0131 m\u0259lumatland\u0131r\u0131b. Onlar m\u0259s\u0259l\u0259 il\u0259 maraqlanacaqlar\u0131n\u0131 s\u00f6yl\u0259yibl\u0259r.<\/p>\n","protected":false},"excerpt":{"rendered":"<p>Meydan TV B\u0259rd\u0259 Rayon \u0130cra Hakimiyy\u0259tini ail\u0259nin v\u0259ziyy\u0259ti il\u0259 ba\u011fl\u0131 m\u0259lumatland\u0131r\u0131b. Onlar m\u0259s\u0259l\u0259 il\u0259 maraqlanacaqlar\u0131n\u0131 s\u00f6yl\u0259yibl\u0259r.<\/p>\n","protected":false},"author":11,"featured_media":119558,"comment_status":"closed","ping_status":"open","sticky":false,"template":"","format":"standard","meta":{"_acf_changed":false,"_sitemap_exclude":false,"_sitemap_priority":"","_sitemap_frequency":"","footnotes":""},"categories":[60],"tags":[],"class_list":["post-194366","post","type-post","status-publish","format-standard","has-post-thumbnail","hentry","category-bolge","infinite-scroll-item","generate-columns","tablet-grid-50","mobile-grid-100","grid-parent","grid-33","no-featured-image-padding"],"acf":[],"yoast_head":"<!-- This site is optimized with the Yoast SEO plugin v27.4 - https:\/\/yoast.com\/product\/yoast-seo-wordpress\/ -->\n<title>Ana: Ya\u015fad\u0131\u011f\u0131 haqs\u0131zl\u0131qdan q\u0131z\u0131m\u0131n ba\u015f\u0131 pozuldu - MEYDAN.TV<\/title>\n<meta name=\"robots\" content=\"index, follow, max-snippet:-1, max-image-preview:large, max-video-preview:-1\" \/>\n<link rel=\"canonical\" href=\"https:\/\/www.meydan.tv\/az\/article\/ana-yasadigi-haqsizliqdan-qizimin-basi-pozuldu\/\" \/>\n<meta property=\"og:locale\" content=\"az_AZ\" \/>\n<meta property=\"og:type\" content=\"article\" \/>\n<meta property=\"og:title\" content=\"Ana: Ya\u015fad\u0131\u011f\u0131 haqs\u0131zl\u0131qdan q\u0131z\u0131m\u0131n ba\u015f\u0131 pozuldu - MEYDAN.TV\" \/>\n<meta property=\"og:description\" content=\"Meydan TV B\u0259rd\u0259 Rayon \u0130cra Hakimiyy\u0259tini ail\u0259nin v\u0259ziyy\u0259ti il\u0259 ba\u011fl\u0131 m\u0259lumatland\u0131r\u0131b. Onlar m\u0259s\u0259l\u0259 il\u0259 maraqlanacaqlar\u0131n\u0131 s\u00f6yl\u0259yibl\u0259r.\" \/>\n<meta property=\"og:url\" content=\"https:\/\/www.meydan.tv\/az\/article\/ana-yasadigi-haqsizliqdan-qizimin-basi-pozuldu\/\" \/>\n<meta property=\"og:site_name\" content=\"MEYDAN.TV\" \/>\n<meta property=\"article:published_time\" content=\"2019-03-06T10:58:48+00:00\" \/>\n<meta property=\"og:image\" content=\"https:\/\/www.meydan.tv\/wp-content\/uploads\/image00005_8vyuagm-scaled.jpeg\" \/>\n\t<meta property=\"og:image:width\" content=\"2560\" \/>\n\t<meta property=\"og:image:height\" content=\"1920\" \/>\n\t<meta property=\"og:image:type\" content=\"image\/jpeg\" \/>\n<meta name=\"author\" content=\"user-manager\" \/>\n<meta name=\"twitter:card\" content=\"summary_large_image\" \/>\n<script type=\"application\/ld+json\" class=\"yoast-schema-graph\">{\"@context\":\"https:\\\/\\\/schema.org\",\"@graph\":[{\"@type\":\"Article\",\"@id\":\"https:\\\/\\\/www.meydan.tv\\\/az\\\/article\\\/ana-yasadigi-haqsizliqdan-qizimin-basi-pozuldu\\\/#article\",\"isPartOf\":{\"@id\":\"https:\\\/\\\/www.meydan.tv\\\/az\\\/article\\\/ana-yasadigi-haqsizliqdan-qizimin-basi-pozuldu\\\/\"},\"author\":{\"name\":\"user-manager\",\"@id\":\"https:\\\/\\\/www.meydan.tv\\\/az\\\/#\\\/schema\\\/person\\\/10d11eccf6da3662cf5fdab9806ea91a\"},\"headline\":\"Ana: Ya\u015fad\u0131\u011f\u0131 haqs\u0131zl\u0131qdan q\u0131z\u0131m\u0131n ba\u015f\u0131 pozuldu\",\"datePublished\":\"2019-03-06T10:58:48+00:00\",\"mainEntityOfPage\":{\"@id\":\"https:\\\/\\\/www.meydan.tv\\\/az\\\/article\\\/ana-yasadigi-haqsizliqdan-qizimin-basi-pozuldu\\\/\"},\"wordCount\":576,\"publisher\":{\"@id\":\"https:\\\/\\\/www.meydan.tv\\\/az\\\/#organization\"},\"image\":{\"@id\":\"https:\\\/\\\/www.meydan.tv\\\/az\\\/article\\\/ana-yasadigi-haqsizliqdan-qizimin-basi-pozuldu\\\/#primaryimage\"},\"thumbnailUrl\":\"https:\\\/\\\/www.meydan.tv\\\/wp-content\\\/uploads\\\/image00005_8vyuagm-scaled.jpeg\",\"articleSection\":[\"B\u00f6lg\u0259\"],\"inLanguage\":\"az\"},{\"@type\":\"WebPage\",\"@id\":\"https:\\\/\\\/www.meydan.tv\\\/az\\\/article\\\/ana-yasadigi-haqsizliqdan-qizimin-basi-pozuldu\\\/\",\"url\":\"https:\\\/\\\/www.meydan.tv\\\/az\\\/article\\\/ana-yasadigi-haqsizliqdan-qizimin-basi-pozuldu\\\/\",\"name\":\"Ana: Ya\u015fad\u0131\u011f\u0131 haqs\u0131zl\u0131qdan q\u0131z\u0131m\u0131n ba\u015f\u0131 pozuldu - MEYDAN.TV\",\"isPartOf\":{\"@id\":\"https:\\\/\\\/www.meydan.tv\\\/az\\\/#website\"},\"primaryImageOfPage\":{\"@id\":\"https:\\\/\\\/www.meydan.tv\\\/az\\\/article\\\/ana-yasadigi-haqsizliqdan-qizimin-basi-pozuldu\\\/#primaryimage\"},\"image\":{\"@id\":\"https:\\\/\\\/www.meydan.tv\\\/az\\\/article\\\/ana-yasadigi-haqsizliqdan-qizimin-basi-pozuldu\\\/#primaryimage\"},\"thumbnailUrl\":\"https:\\\/\\\/www.meydan.tv\\\/wp-content\\\/uploads\\\/image00005_8vyuagm-scaled.jpeg\",\"datePublished\":\"2019-03-06T10:58:48+00:00\",\"breadcrumb\":{\"@id\":\"https:\\\/\\\/www.meydan.tv\\\/az\\\/article\\\/ana-yasadigi-haqsizliqdan-qizimin-basi-pozuldu\\\/#breadcrumb\"},\"inLanguage\":\"az\",\"potentialAction\":[{\"@type\":\"ReadAction\",\"target\":[\"https:\\\/\\\/www.meydan.tv\\\/az\\\/article\\\/ana-yasadigi-haqsizliqdan-qizimin-basi-pozuldu\\\/\"]}]},{\"@type\":\"ImageObject\",\"inLanguage\":\"az\",\"@id\":\"https:\\\/\\\/www.meydan.tv\\\/az\\\/article\\\/ana-yasadigi-haqsizliqdan-qizimin-basi-pozuldu\\\/#primaryimage\",\"url\":\"https:\\\/\\\/www.meydan.tv\\\/wp-content\\\/uploads\\\/image00005_8vyuagm-scaled.jpeg\",\"contentUrl\":\"https:\\\/\\\/www.meydan.tv\\\/wp-content\\\/uploads\\\/image00005_8vyuagm-scaled.jpeg\",\"width\":2560,\"height\":1920,\"caption\":\"Source: meydan tv\"},{\"@type\":\"BreadcrumbList\",\"@id\":\"https:\\\/\\\/www.meydan.tv\\\/az\\\/article\\\/ana-yasadigi-haqsizliqdan-qizimin-basi-pozuldu\\\/#breadcrumb\",\"itemListElement\":[{\"@type\":\"ListItem\",\"position\":1,\"name\":\"Ana s\u0259hif\u0259\",\"item\":\"https:\\\/\\\/www.meydan.tv\\\/az\\\/\"},{\"@type\":\"ListItem\",\"position\":2,\"name\":\"B\u00f6lg\u0259\",\"item\":\"https:\\\/\\\/www.meydan.tv\\\/az\\\/section\\\/bolge\\\/\"},{\"@type\":\"ListItem\",\"position\":3,\"name\":\"Ana: Ya\u015fad\u0131\u011f\u0131 haqs\u0131zl\u0131qdan q\u0131z\u0131m\u0131n ba\u015f\u0131 pozuldu\"}]},{\"@type\":\"WebSite\",\"@id\":\"https:\\\/\\\/www.meydan.tv\\\/az\\\/#website\",\"url\":\"https:\\\/\\\/www.meydan.tv\\\/az\\\/\",\"name\":\"MEYDAN.TV\",\"description\":\"Meydan TV Az\u0259rbaycan\u0131n media m\u0259kan\u0131ndak\u0131 alternativ s\u0259sidir\",\"publisher\":{\"@id\":\"https:\\\/\\\/www.meydan.tv\\\/az\\\/#organization\"},\"potentialAction\":[{\"@type\":\"SearchAction\",\"target\":{\"@type\":\"EntryPoint\",\"urlTemplate\":\"https:\\\/\\\/www.meydan.tv\\\/az\\\/?s={search_term_string}\"},\"query-input\":{\"@type\":\"PropertyValueSpecification\",\"valueRequired\":true,\"valueName\":\"search_term_string\"}}],\"inLanguage\":\"az\"},{\"@type\":\"Organization\",\"@id\":\"https:\\\/\\\/www.meydan.tv\\\/az\\\/#organization\",\"name\":\"Meydan TV\",\"url\":\"https:\\\/\\\/www.meydan.tv\\\/az\\\/\",\"logo\":{\"@type\":\"ImageObject\",\"inLanguage\":\"az\",\"@id\":\"https:\\\/\\\/www.meydan.tv\\\/az\\\/#\\\/schema\\\/logo\\\/image\\\/\",\"url\":\"https:\\\/\\\/www.meydan.tv\\\/wp-content\\\/uploads\\\/2021\\\/07\\\/meydan-logo.svg\",\"contentUrl\":\"https:\\\/\\\/www.meydan.tv\\\/wp-content\\\/uploads\\\/2021\\\/07\\\/meydan-logo.svg\",\"width\":195,\"height\":46,\"caption\":\"Meydan TV\"},\"image\":{\"@id\":\"https:\\\/\\\/www.meydan.tv\\\/az\\\/#\\\/schema\\\/logo\\\/image\\\/\"}},{\"@type\":\"Person\",\"@id\":\"https:\\\/\\\/www.meydan.tv\\\/az\\\/#\\\/schema\\\/person\\\/10d11eccf6da3662cf5fdab9806ea91a\",\"name\":\"user-manager\"}]}<\/script>\n<!-- \/ Yoast SEO plugin. -->","yoast_head_json":{"title":"Ana: Ya\u015fad\u0131\u011f\u0131 haqs\u0131zl\u0131qdan q\u0131z\u0131m\u0131n ba\u015f\u0131 pozuldu - MEYDAN.TV","robots":{"index":"index","follow":"follow","max-snippet":"max-snippet:-1","max-image-preview":"max-image-preview:large","max-video-preview":"max-video-preview:-1"},"canonical":"https:\/\/www.meydan.tv\/az\/article\/ana-yasadigi-haqsizliqdan-qizimin-basi-pozuldu\/","og_locale":"az_AZ","og_type":"article","og_title":"Ana: Ya\u015fad\u0131\u011f\u0131 haqs\u0131zl\u0131qdan q\u0131z\u0131m\u0131n ba\u015f\u0131 pozuldu - MEYDAN.TV","og_description":"Meydan TV B\u0259rd\u0259 Rayon \u0130cra Hakimiyy\u0259tini ail\u0259nin v\u0259ziyy\u0259ti il\u0259 ba\u011fl\u0131 m\u0259lumatland\u0131r\u0131b. Onlar m\u0259s\u0259l\u0259 il\u0259 maraqlanacaqlar\u0131n\u0131 s\u00f6yl\u0259yibl\u0259r.","og_url":"https:\/\/www.meydan.tv\/az\/article\/ana-yasadigi-haqsizliqdan-qizimin-basi-pozuldu\/","og_site_name":"MEYDAN.TV","article_published_time":"2019-03-06T10:58:48+00:00","og_image":[{"width":2560,"height":1920,"url":"https:\/\/www.meydan.tv\/wp-content\/uploads\/image00005_8vyuagm-scaled.jpeg","type":"image\/jpeg"}],"author":"user-manager","twitter_card":"summary_large_image","schema":{"@context":"https:\/\/schema.org","@graph":[{"@type":"Article","@id":"https:\/\/www.meydan.tv\/az\/article\/ana-yasadigi-haqsizliqdan-qizimin-basi-pozuldu\/#article","isPartOf":{"@id":"https:\/\/www.meydan.tv\/az\/article\/ana-yasadigi-haqsizliqdan-qizimin-basi-pozuldu\/"},"author":{"name":"user-manager","@id":"https:\/\/www.meydan.tv\/az\/#\/schema\/person\/10d11eccf6da3662cf5fdab9806ea91a"},"headline":"Ana: Ya\u015fad\u0131\u011f\u0131 haqs\u0131zl\u0131qdan q\u0131z\u0131m\u0131n ba\u015f\u0131 pozuldu","datePublished":"2019-03-06T10:58:48+00:00","mainEntityOfPage":{"@id":"https:\/\/www.meydan.tv\/az\/article\/ana-yasadigi-haqsizliqdan-qizimin-basi-pozuldu\/"},"wordCount":576,"publisher":{"@id":"https:\/\/www.meydan.tv\/az\/#organization"},"image":{"@id":"https:\/\/www.meydan.tv\/az\/article\/ana-yasadigi-haqsizliqdan-qizimin-basi-pozuldu\/#primaryimage"},"thumbnailUrl":"https:\/\/www.meydan.tv\/wp-content\/uploads\/image00005_8vyuagm-scaled.jpeg","articleSection":["B\u00f6lg\u0259"],"inLanguage":"az"},{"@type":"WebPage","@id":"https:\/\/www.meydan.tv\/az\/article\/ana-yasadigi-haqsizliqdan-qizimin-basi-pozuldu\/","url":"https:\/\/www.meydan.tv\/az\/article\/ana-yasadigi-haqsizliqdan-qizimin-basi-pozuldu\/","name":"Ana: Ya\u015fad\u0131\u011f\u0131 haqs\u0131zl\u0131qdan q\u0131z\u0131m\u0131n ba\u015f\u0131 pozuldu - MEYDAN.TV","isPartOf":{"@id":"https:\/\/www.meydan.tv\/az\/#website"},"primaryImageOfPage":{"@id":"https:\/\/www.meydan.tv\/az\/article\/ana-yasadigi-haqsizliqdan-qizimin-basi-pozuldu\/#primaryimage"},"image":{"@id":"https:\/\/www.meydan.tv\/az\/article\/ana-yasadigi-haqsizliqdan-qizimin-basi-pozuldu\/#primaryimage"},"thumbnailUrl":"https:\/\/www.meydan.tv\/wp-content\/uploads\/image00005_8vyuagm-scaled.jpeg","datePublished":"2019-03-06T10:58:48+00:00","breadcrumb":{"@id":"https:\/\/www.meydan.tv\/az\/article\/ana-yasadigi-haqsizliqdan-qizimin-basi-pozuldu\/#breadcrumb"},"inLanguage":"az","potentialAction":[{"@type":"ReadAction","target":["https:\/\/www.meydan.tv\/az\/article\/ana-yasadigi-haqsizliqdan-qizimin-basi-pozuldu\/"]}]},{"@type":"ImageObject","inLanguage":"az","@id":"https:\/\/www.meydan.tv\/az\/article\/ana-yasadigi-haqsizliqdan-qizimin-basi-pozuldu\/#primaryimage","url":"https:\/\/www.meydan.tv\/wp-content\/uploads\/image00005_8vyuagm-scaled.jpeg","contentUrl":"https:\/\/www.meydan.tv\/wp-content\/uploads\/image00005_8vyuagm-scaled.jpeg","width":2560,"height":1920,"caption":"Source: meydan tv"},{"@type":"BreadcrumbList","@id":"https:\/\/www.meydan.tv\/az\/article\/ana-yasadigi-haqsizliqdan-qizimin-basi-pozuldu\/#breadcrumb","itemListElement":[{"@type":"ListItem","position":1,"name":"Ana s\u0259hif\u0259","item":"https:\/\/www.meydan.tv\/az\/"},{"@type":"ListItem","position":2,"name":"B\u00f6lg\u0259","item":"https:\/\/www.meydan.tv\/az\/section\/bolge\/"},{"@type":"ListItem","position":3,"name":"Ana: Ya\u015fad\u0131\u011f\u0131 haqs\u0131zl\u0131qdan q\u0131z\u0131m\u0131n ba\u015f\u0131 pozuldu"}]},{"@type":"WebSite","@id":"https:\/\/www.meydan.tv\/az\/#website","url":"https:\/\/www.meydan.tv\/az\/","name":"MEYDAN.TV","description":"Meydan TV Az\u0259rbaycan\u0131n media m\u0259kan\u0131ndak\u0131 alternativ s\u0259sidir","publisher":{"@id":"https:\/\/www.meydan.tv\/az\/#organization"},"potentialAction":[{"@type":"SearchAction","target":{"@type":"EntryPoint","urlTemplate":"https:\/\/www.meydan.tv\/az\/?s={search_term_string}"},"query-input":{"@type":"PropertyValueSpecification","valueRequired":true,"valueName":"search_term_string"}}],"inLanguage":"az"},{"@type":"Organization","@id":"https:\/\/www.meydan.tv\/az\/#organization","name":"Meydan TV","url":"https:\/\/www.meydan.tv\/az\/","logo":{"@type":"ImageObject","inLanguage":"az","@id":"https:\/\/www.meydan.tv\/az\/#\/schema\/logo\/image\/","url":"https:\/\/www.meydan.tv\/wp-content\/uploads\/2021\/07\/meydan-logo.svg","contentUrl":"https:\/\/www.meydan.tv\/wp-content\/uploads\/2021\/07\/meydan-logo.svg","width":195,"height":46,"caption":"Meydan TV"},"image":{"@id":"https:\/\/www.meydan.tv\/az\/#\/schema\/logo\/image\/"}},{"@type":"Person","@id":"https:\/\/www.meydan.tv\/az\/#\/schema\/person\/10d11eccf6da3662cf5fdab9806ea91a","name":"user-manager"}]}},"_links":{"self":[{"href":"https:\/\/www.meydan.tv\/az\/wp-json\/wp\/v2\/posts\/194366","targetHints":{"allow":["GET"]}}],"collection":[{"href":"https:\/\/www.meydan.tv\/az\/wp-json\/wp\/v2\/posts"}],"about":[{"href":"https:\/\/www.meydan.tv\/az\/wp-json\/wp\/v2\/types\/post"}],"author":[{"embeddable":true,"href":"https:\/\/www.meydan.tv\/az\/wp-json\/wp\/v2\/users\/11"}],"replies":[{"embeddable":true,"href":"https:\/\/www.meydan.tv\/az\/wp-json\/wp\/v2\/comments?post=194366"}],"version-history":[{"count":0,"href":"https:\/\/www.meydan.tv\/az\/wp-json\/wp\/v2\/posts\/194366\/revisions"}],"wp:featuredmedia":[{"embeddable":true,"href":"https:\/\/www.meydan.tv\/az\/wp-json\/wp\/v2\/media\/119558"}],"wp:attachment":[{"href":"https:\/\/www.meydan.tv\/az\/wp-json\/wp\/v2\/media?parent=194366"}],"wp:term":[{"taxonomy":"category","embeddable":true,"href":"https:\/\/www.meydan.tv\/az\/wp-json\/wp\/v2\/categories?post=194366"},{"taxonomy":"post_tag","embeddable":true,"href":"https:\/\/www.meydan.tv\/az\/wp-json\/wp\/v2\/tags?post=194366"}],"curies":[{"name":"wp","href":"https:\/\/api.w.org\/{rel}","templated":true}]}}