{"id":194364,"date":"2019-03-06T08:55:57","date_gmt":"2019-03-06T08:55:57","guid":{"rendered":"https:\/\/www.meydan.tv\/article\/yeni-mektib-tikibler-amma-ne-istiliyi-var-ne-idman-zali\/"},"modified":"2019-03-06T08:55:57","modified_gmt":"2019-03-06T08:55:57","slug":"yeni-mektib-tikibler-amma-ne-istiliyi-var-ne-idman-zali","status":"publish","type":"post","link":"https:\/\/www.meydan.tv\/az\/article\/yeni-mektib-tikibler-amma-ne-istiliyi-var-ne-idman-zali\/","title":{"rendered":"&#8221;Yeni m\u0259kt\u0259b tikibl\u0259r, amma n\u0259 istiliyi var, n\u0259 idman zal\u0131&#8221;"},"content":{"rendered":"<p>\n  K\u00fcrd\u015fabanl\u0131lar orta m\u0259kt\u0259bd\u0259ki \u015f\u0259raitsizlikd\u0259n gileylidirl\u0259r\n<\/p>\n<p>\n  G\u00f6y\u00e7ay\u0131n K\u00fcrd\u015faban k\u0259nd m\u0259kt\u0259binin valideynl\u0259ri \u015fikay\u0259t\u00e7idir. Onlar k\u0259ndl\u0259rind\u0259ki m\u0259kt\u0259bin yeni tikildiyini, ancaq layih\u0259l\u0259ndirm\u0259d\u0259 binan\u0131n nec\u0259 isidil\u0259c\u0259yinin n\u0259z\u0259r\u0259 al\u0131nmad\u0131\u011f\u0131n\u0131 s\u00f6yl\u0259yirl\u0259r.\n<\/p>\n<p>\n  \u201cN\u0259tic\u0259d\u0259 u\u015faqlar\u0131m\u0131z sinif otaqlar\u0131nda donur. Bu, harada g\u00f6r\u00fcl\u00fcb ki, x\u0259rc \u00e7\u0259kib, yeni m\u0259kt\u0259b tik\u0259s\u0259n, ancaq h\u0259min binan\u0131n nec\u0259 isidil\u0259c\u0259yini d\u00fc\u015f\u00fcnm\u0259y\u0259s\u0259n?\u201d &#8211; valideynl\u0259rd\u0259n Qism\u0259t \u015eirinov bel\u0259 deyir.\n<\/p>\n<p>\n  <b><br \/>\n    <i><br \/>\n      \u201cBu mill\u0259t h\u0259mi\u015f\u0259 \u0259zab \u00e7\u0259km\u0259lidir d\u0259\u201d<br \/>\n    <\/i><br \/>\n  <\/b>\n<\/p>\n<p>\n  Q.\u015eirinov bildirir ki, m\u0259kt\u0259b binas\u0131n\u0131n dizell\u0259 isidilm\u0259si n\u0259z\u0259rd\u0259 tutulub. Ancaq o da ki, \u00e7ox vaxt olmur. N\u0259tic\u0259d\u0259, bu yax\u0131nlarda m\u00fc\u0259lliml\u0259r valideynl\u0259r\u0259 sifari\u015f g\u00f6nd\u0259ribl\u0259r ki, sinifl\u0259r\u0259 elektrik sobalar\u0131 almaq ist\u0259yirl\u0259r. Buna g\u00f6r\u0259 aralar\u0131nda pul toplas\u0131nlar:\n<\/p>\n<figure class=\"wp-block-image size-large\">\n  <img decoding=\"async\" src=\"https:\/\/www.meydan.tv\/az\/qismet-siriniov-jpeg\/\" alt=\"qismet siriniov.jpeg\" class=\"wp-image-119384\"\/><figcaption>\n    Qism\u0259t \u015eirinov<br \/>\n  <\/figcaption><\/figure>\n<p>\n  \u201cElektrik sobas\u0131 ald\u0131lar. O da ancaq \u0259traf\u0131n\u0131 isidir. Balaca bir elektrik sobas\u0131 az\u0131 30-40 kvadratl\u0131q sinfi nec\u0259 q\u0131zd\u0131rs\u0131n? Yenidir, tikibl\u0259r, sa\u011folsunlar, amma istiliyini d\u0259 d\u00fc\u015f\u00fcnm\u0259k laz\u0131m idi. Birini ed\u0259nd\u0259 dig\u0259rini niy\u0259 unudurlar? Bu mill\u0259t h\u0259mi\u015f\u0259 \u0259zab \u00e7\u0259km\u0259lidir d\u0259. He\u00e7 vaxt h\u0259r \u015fey tam olmamal\u0131d\u0131r, el\u0259mi? Dizel verilm\u0259lidir. Onun da \u00e7oxunu bas\u0131b yeyirl\u0259r. N\u0259tic\u0259d\u0259 otaqlar soyuq olur\u201d.\n<\/p>\n<p>\n  <b><br \/>\n    <i><br \/>\n      \u201cD\u00f6vl\u0259t m\u0259kt\u0259b tikib, z\u0259hm\u0259t \u00e7\u0259kib istiliyini d\u0259 d\u00fc\u015f\u00fcns\u00fcn\u201d<br \/>\n    <\/i><br \/>\n  <\/b>\n<\/p>\n<p>\n  Q. \u015eirinov anlaya bilmir ki, niy\u0259 m\u0259kt\u0259bi istilikl\u0259 valideynl\u0259r t\u0259min etm\u0259lidir:\n<\/p>\n<p>\n  \u201cAnlam\u0131ram, d\u00f6vl\u0259t m\u0259kt\u0259b tikib, z\u0259hm\u0259t \u00e7\u0259kib istiliyini d\u0259 d\u00fc\u015f\u00fcns\u00fcn. M\u0259kt\u0259b ilinin az qala 6 ay\u0131 soyuqlara d\u00fc\u015f\u00fcr. Bunu d\u00fc\u015f\u00fcnm\u0259m\u0259k olard\u0131m\u0131?\u201d\n<\/p>\n<p>\n  Valideynl\u0259rd\u0259n \u018fdal\u0259t C\u0259f\u0259rov is\u0259 deyir ki, u\u015fa\u011f\u0131 s\u0259h\u0259r nec\u0259 geyindirib, ba\u015f\u0131na papaq qoyub m\u0259kt\u0259b\u0259 g\u00f6nd\u0259rirl\u0259rs\u0259, d\u0259rsd\u0259 el\u0259c\u0259 oturur:\n<\/p>\n<p>\n  \u201cGeyiml\u0259 gedir, sinifd\u0259 geyiml\u0259 oturur, ev\u0259 d\u0259 eyni v\u0259ziyy\u0259td\u0259 d\u00f6n\u00fcr. U\u015faq ki sinif ota\u011f\u0131nda \u00fcst geyimini soyunmad\u0131, rahat yaz\u0131b, oxumad\u0131, bu, t\u0259hsil almaq deyil. Ged\u0259nd\u0259 islan\u0131b gedir, h\u0259min islanm\u0131\u015f paltarla oturur, d\u0259rsini ke\u00e7ib, qay\u0131d\u0131r. \u0130ki g\u00fcnd\u0259n bir d\u0259 pul toplay\u0131rlar\u201d.\n<\/p>\n<p>\n  <b><br \/>\n    <i><br \/>\n      \u201cQ\u0131\u015fda b\u0259d\u0259n t\u0259rbiy\u0259si d\u0259rsi olmur\u201d<br \/>\n    <\/i><br \/>\n  <\/b>\n<\/p>\n<p>\n  \u018fdal\u0259t C\u0259f\u0259rov deyir ki, \u00fcst\u0259lik, m\u0259kt\u0259bin idman zal\u0131 da yoxdur. U\u015faqlar\u0131na b\u0259d\u0259n t\u0259rbiy\u0259si d\u0259rsi ke\u00e7irilmir:\n<\/p>\n<figure class=\"wp-block-image size-large\">\n  <img decoding=\"async\" src=\"https:\/\/www.meydan.tv\/az\/asdalat-ceferov-jpeg\/\" alt=\"asdalat ceferov.jpeg\" class=\"wp-image-119393\"\/><figcaption>\n    \u018fdal\u0259t C\u0259f\u0259rov<br \/>\n  <\/figcaption><\/figure>\n<p>\n  \u201cH\u0259min d\u0259rsi otururlar sinifd\u0259. Ancaq yaydan yaya h\u0259y\u0259td\u0259 oynay\u0131rlar. Q\u0131\u015fda b\u0259d\u0259n t\u0259rbiy\u0259si d\u0259rsi olmur. Yayda da m\u0259kt\u0259b 1 ay olur ax\u0131. Bizim vaxtlar\u0131m\u0131zda k\u0259ndin m\u0259kt\u0259b komandas\u0131 yar\u0131\u015flarda y\u00fcks\u0259k n\u0259tic\u0259l\u0259r g\u00f6st\u0259rirdi. Yad\u0131mdad\u0131r, rayonda voleybol, futbol yar\u0131\u015flar\u0131 ke\u00e7iril\u0259nd\u0259 1-2-ci yerl\u0259ri tutmu\u015fuq. Bu u\u015faqlar h\u0259m d\u0259 \u0259yl\u0259nm\u0259lidir ax\u0131. N\u0259 normal istiliyi var, n\u0259 u\u015faqlar\u0131n sevdiyi f\u0259nn t\u0259dris olunur\u201d.\n<\/p>\n<p>\n  <b><br \/>\n    <i><br \/>\n      \u201cDaha m\u0259kt\u0259b\u0259 idman zal\u0131 tik\u0259 bilm\u0259zl\u0259r, he\u00e7 olmazsa istiliyini h\u0259ll etsinl\u0259r\u201d<br \/>\n    <\/i><br \/>\n  <\/b>\n<\/p>\n<p>\n  Emin M\u0259mm\u0259dovun da \u00f6vladlar\u0131 bu m\u0259kt\u0259bd\u0259 t\u0259hsil al\u0131r. O da h\u0259m b\u0259d\u0259n t\u0259rbiy\u0259si d\u0259rsinin ke\u00e7irilm\u0259m\u0259sind\u0259n, h\u0259m d\u0259 istiliyin olmamas\u0131ndan gileyl\u0259nir. Deyir, b\u0259lk\u0259 d\u0259 bu k\u0259ndd\u0259 g\u0259l\u0259c\u0259kd\u0259 \u00e7ox yax\u015f\u0131 idman\u00e7\u0131 ola bil\u0259c\u0259k u\u015faqlar var. Amma d\u0259rs ke\u00e7irilm\u0259diyind\u0259n, bu, he\u00e7 vaxt \u00fcz\u0259 \u00e7\u0131xmayacaq:\n<\/p>\n<figure class=\"wp-block-image size-large\">\n  <img decoding=\"async\" src=\"https:\/\/www.meydan.tv\/az\/emin-memmedov-jpeg\/\" alt=\"emin memmedov.jpeg\" class=\"wp-image-119399\"\/><figcaption>\n    Emin M\u0259mm\u0259dov<br \/>\n  <\/figcaption><\/figure>\n<p>\n  \u201cBu boyda q\u0259\u015f\u0259ng m\u0259kt\u0259b tikibl\u0259r. Ancaq n\u0259 istiliyi var, n\u0259 d\u0259 idman zal\u0131. M\u0259nc\u0259, layih\u0259l\u0259ndirm\u0259 zaman\u0131 bunlar n\u0259z\u0259r\u0259 al\u0131nmal\u0131yd\u0131. Xahi\u015f edirik ki, bir t\u0259dbir g\u00f6rs\u00fcnl\u0259r. Bundan sonra m\u0259kt\u0259b\u0259 idman zal\u0131 tik\u0259 bilm\u0259zl\u0259r, he\u00e7 olmazsa istiliyini h\u0259ll etsinl\u0259r. Bu ili birt\u0259h\u0259r d\u00f6z\u0259rik, yayda bu problemi aradan qald\u0131ra bil\u0259rl\u0259r\u201d.\n<\/p>\n<p>\n  <b><br \/>\n    <i><br \/>\n      \u201cH\u0259y\u0259tyan\u0131 sah\u0259si var, d\u0259rsl\u0259ri orada ke\u00e7\u0259 bil\u0259rl\u0259r\u201d<br \/>\n    <\/i><br \/>\n  <\/b>\n<\/p>\n<p>\n  Meydan TV m\u0259s\u0259l\u0259y\u0259 m\u00fcnasib\u0259t \u00f6yr\u0259nm\u0259k \u00fc\u00e7\u00fcn G\u00f6y\u00e7ay Rayon \u0130cra Hakimiyy\u0259ti il\u0259 \u0259laq\u0259 saxlay\u0131b. \u00dcmumi \u015f\u00f6b\u0259d\u0259n bildiribl\u0259r ki, K\u00fcrd\u015faban k\u0259ndind\u0259ki tam orta m\u0259kt\u0259b yeni tikilib v\u0259 b\u00fct\u00fcn standartlara cavab verir:\n<\/p>\n<p>\n  \u201c\u0130dman zal\u0131 bar\u0259d\u0259 m\u0259lumat\u0131m yoxdur. H\u0259y\u0259tyan\u0131 sah\u0259si var, d\u0259rsl\u0259ri orada ke\u00e7\u0259 bil\u0259rl\u0259r. \u0130stilik sistemind\u0259 d\u0259 he\u00e7 bir problem yoxdur\u201d.<\/p>\n","protected":false},"excerpt":{"rendered":"<p>K\u00fcrd\u015fabanl\u0131lar orta m\u0259kt\u0259bd\u0259ki \u015f\u0259raitsizlikd\u0259n gileylidirl\u0259r<\/p>\n","protected":false},"author":11,"featured_media":119336,"comment_status":"closed","ping_status":"open","sticky":false,"template":"","format":"standard","meta":{"_acf_changed":false,"_sitemap_exclude":false,"_sitemap_priority":"","_sitemap_frequency":"","footnotes":""},"categories":[60],"tags":[],"class_list":["post-194364","post","type-post","status-publish","format-standard","has-post-thumbnail","hentry","category-bolge","infinite-scroll-item","generate-columns","tablet-grid-50","mobile-grid-100","grid-parent","grid-33","no-featured-image-padding"],"acf":[],"yoast_head":"<!-- This site is optimized with the Yoast SEO plugin v27.4 - https:\/\/yoast.com\/product\/yoast-seo-wordpress\/ -->\n<title>&#039;&#039;Yeni m\u0259kt\u0259b tikibl\u0259r, amma n\u0259 istiliyi var, n\u0259 idman zal\u0131&#039;&#039; - MEYDAN.TV<\/title>\n<meta name=\"robots\" content=\"index, follow, max-snippet:-1, max-image-preview:large, max-video-preview:-1\" \/>\n<link rel=\"canonical\" href=\"https:\/\/www.meydan.tv\/az\/article\/yeni-mektib-tikibler-amma-ne-istiliyi-var-ne-idman-zali\/\" \/>\n<meta property=\"og:locale\" content=\"az_AZ\" \/>\n<meta property=\"og:type\" content=\"article\" \/>\n<meta property=\"og:title\" content=\"&#039;&#039;Yeni m\u0259kt\u0259b tikibl\u0259r, amma n\u0259 istiliyi var, n\u0259 idman zal\u0131&#039;&#039; - MEYDAN.TV\" \/>\n<meta property=\"og:description\" content=\"K\u00fcrd\u015fabanl\u0131lar orta m\u0259kt\u0259bd\u0259ki \u015f\u0259raitsizlikd\u0259n gileylidirl\u0259r\" \/>\n<meta property=\"og:url\" content=\"https:\/\/www.meydan.tv\/az\/article\/yeni-mektib-tikibler-amma-ne-istiliyi-var-ne-idman-zali\/\" \/>\n<meta property=\"og:site_name\" content=\"MEYDAN.TV\" \/>\n<meta property=\"article:published_time\" content=\"2019-03-06T08:55:57+00:00\" \/>\n<meta property=\"og:image\" content=\"https:\/\/www.meydan.tv\/wp-content\/uploads\/image00006-scaled.jpeg\" \/>\n\t<meta property=\"og:image:width\" content=\"2560\" \/>\n\t<meta property=\"og:image:height\" content=\"1920\" \/>\n\t<meta property=\"og:image:type\" content=\"image\/jpeg\" \/>\n<meta name=\"author\" content=\"user-manager\" \/>\n<meta name=\"twitter:card\" content=\"summary_large_image\" \/>\n<script type=\"application\/ld+json\" class=\"yoast-schema-graph\">{\"@context\":\"https:\\\/\\\/schema.org\",\"@graph\":[{\"@type\":\"Article\",\"@id\":\"https:\\\/\\\/www.meydan.tv\\\/az\\\/article\\\/yeni-mektib-tikibler-amma-ne-istiliyi-var-ne-idman-zali\\\/#article\",\"isPartOf\":{\"@id\":\"https:\\\/\\\/www.meydan.tv\\\/az\\\/article\\\/yeni-mektib-tikibler-amma-ne-istiliyi-var-ne-idman-zali\\\/\"},\"author\":{\"name\":\"user-manager\",\"@id\":\"https:\\\/\\\/www.meydan.tv\\\/az\\\/#\\\/schema\\\/person\\\/10d11eccf6da3662cf5fdab9806ea91a\"},\"headline\":\"&#8221;Yeni m\u0259kt\u0259b tikibl\u0259r, amma n\u0259 istiliyi var, n\u0259 idman zal\u0131&#8221;\",\"datePublished\":\"2019-03-06T08:55:57+00:00\",\"mainEntityOfPage\":{\"@id\":\"https:\\\/\\\/www.meydan.tv\\\/az\\\/article\\\/yeni-mektib-tikibler-amma-ne-istiliyi-var-ne-idman-zali\\\/\"},\"wordCount\":837,\"publisher\":{\"@id\":\"https:\\\/\\\/www.meydan.tv\\\/az\\\/#organization\"},\"image\":{\"@id\":\"https:\\\/\\\/www.meydan.tv\\\/az\\\/article\\\/yeni-mektib-tikibler-amma-ne-istiliyi-var-ne-idman-zali\\\/#primaryimage\"},\"thumbnailUrl\":\"https:\\\/\\\/www.meydan.tv\\\/wp-content\\\/uploads\\\/image00006-scaled.jpeg\",\"articleSection\":[\"B\u00f6lg\u0259\"],\"inLanguage\":\"az\"},{\"@type\":\"WebPage\",\"@id\":\"https:\\\/\\\/www.meydan.tv\\\/az\\\/article\\\/yeni-mektib-tikibler-amma-ne-istiliyi-var-ne-idman-zali\\\/\",\"url\":\"https:\\\/\\\/www.meydan.tv\\\/az\\\/article\\\/yeni-mektib-tikibler-amma-ne-istiliyi-var-ne-idman-zali\\\/\",\"name\":\"''Yeni m\u0259kt\u0259b tikibl\u0259r, amma n\u0259 istiliyi var, n\u0259 idman zal\u0131'' - MEYDAN.TV\",\"isPartOf\":{\"@id\":\"https:\\\/\\\/www.meydan.tv\\\/az\\\/#website\"},\"primaryImageOfPage\":{\"@id\":\"https:\\\/\\\/www.meydan.tv\\\/az\\\/article\\\/yeni-mektib-tikibler-amma-ne-istiliyi-var-ne-idman-zali\\\/#primaryimage\"},\"image\":{\"@id\":\"https:\\\/\\\/www.meydan.tv\\\/az\\\/article\\\/yeni-mektib-tikibler-amma-ne-istiliyi-var-ne-idman-zali\\\/#primaryimage\"},\"thumbnailUrl\":\"https:\\\/\\\/www.meydan.tv\\\/wp-content\\\/uploads\\\/image00006-scaled.jpeg\",\"datePublished\":\"2019-03-06T08:55:57+00:00\",\"breadcrumb\":{\"@id\":\"https:\\\/\\\/www.meydan.tv\\\/az\\\/article\\\/yeni-mektib-tikibler-amma-ne-istiliyi-var-ne-idman-zali\\\/#breadcrumb\"},\"inLanguage\":\"az\",\"potentialAction\":[{\"@type\":\"ReadAction\",\"target\":[\"https:\\\/\\\/www.meydan.tv\\\/az\\\/article\\\/yeni-mektib-tikibler-amma-ne-istiliyi-var-ne-idman-zali\\\/\"]}]},{\"@type\":\"ImageObject\",\"inLanguage\":\"az\",\"@id\":\"https:\\\/\\\/www.meydan.tv\\\/az\\\/article\\\/yeni-mektib-tikibler-amma-ne-istiliyi-var-ne-idman-zali\\\/#primaryimage\",\"url\":\"https:\\\/\\\/www.meydan.tv\\\/wp-content\\\/uploads\\\/image00006-scaled.jpeg\",\"contentUrl\":\"https:\\\/\\\/www.meydan.tv\\\/wp-content\\\/uploads\\\/image00006-scaled.jpeg\",\"width\":2560,\"height\":1920,\"caption\":\"Source: meydan.tv\"},{\"@type\":\"BreadcrumbList\",\"@id\":\"https:\\\/\\\/www.meydan.tv\\\/az\\\/article\\\/yeni-mektib-tikibler-amma-ne-istiliyi-var-ne-idman-zali\\\/#breadcrumb\",\"itemListElement\":[{\"@type\":\"ListItem\",\"position\":1,\"name\":\"Ana s\u0259hif\u0259\",\"item\":\"https:\\\/\\\/www.meydan.tv\\\/az\\\/\"},{\"@type\":\"ListItem\",\"position\":2,\"name\":\"B\u00f6lg\u0259\",\"item\":\"https:\\\/\\\/www.meydan.tv\\\/az\\\/section\\\/bolge\\\/\"},{\"@type\":\"ListItem\",\"position\":3,\"name\":\"&#8221;Yeni m\u0259kt\u0259b tikibl\u0259r, amma n\u0259 istiliyi var, n\u0259 idman zal\u0131&#8221;\"}]},{\"@type\":\"WebSite\",\"@id\":\"https:\\\/\\\/www.meydan.tv\\\/az\\\/#website\",\"url\":\"https:\\\/\\\/www.meydan.tv\\\/az\\\/\",\"name\":\"MEYDAN.TV\",\"description\":\"Meydan TV Az\u0259rbaycan\u0131n media m\u0259kan\u0131ndak\u0131 alternativ s\u0259sidir\",\"publisher\":{\"@id\":\"https:\\\/\\\/www.meydan.tv\\\/az\\\/#organization\"},\"potentialAction\":[{\"@type\":\"SearchAction\",\"target\":{\"@type\":\"EntryPoint\",\"urlTemplate\":\"https:\\\/\\\/www.meydan.tv\\\/az\\\/?s={search_term_string}\"},\"query-input\":{\"@type\":\"PropertyValueSpecification\",\"valueRequired\":true,\"valueName\":\"search_term_string\"}}],\"inLanguage\":\"az\"},{\"@type\":\"Organization\",\"@id\":\"https:\\\/\\\/www.meydan.tv\\\/az\\\/#organization\",\"name\":\"Meydan TV\",\"url\":\"https:\\\/\\\/www.meydan.tv\\\/az\\\/\",\"logo\":{\"@type\":\"ImageObject\",\"inLanguage\":\"az\",\"@id\":\"https:\\\/\\\/www.meydan.tv\\\/az\\\/#\\\/schema\\\/logo\\\/image\\\/\",\"url\":\"https:\\\/\\\/www.meydan.tv\\\/wp-content\\\/uploads\\\/2021\\\/07\\\/meydan-logo.svg\",\"contentUrl\":\"https:\\\/\\\/www.meydan.tv\\\/wp-content\\\/uploads\\\/2021\\\/07\\\/meydan-logo.svg\",\"width\":195,\"height\":46,\"caption\":\"Meydan TV\"},\"image\":{\"@id\":\"https:\\\/\\\/www.meydan.tv\\\/az\\\/#\\\/schema\\\/logo\\\/image\\\/\"}},{\"@type\":\"Person\",\"@id\":\"https:\\\/\\\/www.meydan.tv\\\/az\\\/#\\\/schema\\\/person\\\/10d11eccf6da3662cf5fdab9806ea91a\",\"name\":\"user-manager\"}]}<\/script>\n<!-- \/ Yoast SEO plugin. -->","yoast_head_json":{"title":"''Yeni m\u0259kt\u0259b tikibl\u0259r, amma n\u0259 istiliyi var, n\u0259 idman zal\u0131'' - MEYDAN.TV","robots":{"index":"index","follow":"follow","max-snippet":"max-snippet:-1","max-image-preview":"max-image-preview:large","max-video-preview":"max-video-preview:-1"},"canonical":"https:\/\/www.meydan.tv\/az\/article\/yeni-mektib-tikibler-amma-ne-istiliyi-var-ne-idman-zali\/","og_locale":"az_AZ","og_type":"article","og_title":"''Yeni m\u0259kt\u0259b tikibl\u0259r, amma n\u0259 istiliyi var, n\u0259 idman zal\u0131'' - MEYDAN.TV","og_description":"K\u00fcrd\u015fabanl\u0131lar orta m\u0259kt\u0259bd\u0259ki \u015f\u0259raitsizlikd\u0259n gileylidirl\u0259r","og_url":"https:\/\/www.meydan.tv\/az\/article\/yeni-mektib-tikibler-amma-ne-istiliyi-var-ne-idman-zali\/","og_site_name":"MEYDAN.TV","article_published_time":"2019-03-06T08:55:57+00:00","og_image":[{"width":2560,"height":1920,"url":"https:\/\/www.meydan.tv\/wp-content\/uploads\/image00006-scaled.jpeg","type":"image\/jpeg"}],"author":"user-manager","twitter_card":"summary_large_image","schema":{"@context":"https:\/\/schema.org","@graph":[{"@type":"Article","@id":"https:\/\/www.meydan.tv\/az\/article\/yeni-mektib-tikibler-amma-ne-istiliyi-var-ne-idman-zali\/#article","isPartOf":{"@id":"https:\/\/www.meydan.tv\/az\/article\/yeni-mektib-tikibler-amma-ne-istiliyi-var-ne-idman-zali\/"},"author":{"name":"user-manager","@id":"https:\/\/www.meydan.tv\/az\/#\/schema\/person\/10d11eccf6da3662cf5fdab9806ea91a"},"headline":"&#8221;Yeni m\u0259kt\u0259b tikibl\u0259r, amma n\u0259 istiliyi var, n\u0259 idman zal\u0131&#8221;","datePublished":"2019-03-06T08:55:57+00:00","mainEntityOfPage":{"@id":"https:\/\/www.meydan.tv\/az\/article\/yeni-mektib-tikibler-amma-ne-istiliyi-var-ne-idman-zali\/"},"wordCount":837,"publisher":{"@id":"https:\/\/www.meydan.tv\/az\/#organization"},"image":{"@id":"https:\/\/www.meydan.tv\/az\/article\/yeni-mektib-tikibler-amma-ne-istiliyi-var-ne-idman-zali\/#primaryimage"},"thumbnailUrl":"https:\/\/www.meydan.tv\/wp-content\/uploads\/image00006-scaled.jpeg","articleSection":["B\u00f6lg\u0259"],"inLanguage":"az"},{"@type":"WebPage","@id":"https:\/\/www.meydan.tv\/az\/article\/yeni-mektib-tikibler-amma-ne-istiliyi-var-ne-idman-zali\/","url":"https:\/\/www.meydan.tv\/az\/article\/yeni-mektib-tikibler-amma-ne-istiliyi-var-ne-idman-zali\/","name":"''Yeni m\u0259kt\u0259b tikibl\u0259r, amma n\u0259 istiliyi var, n\u0259 idman zal\u0131'' - MEYDAN.TV","isPartOf":{"@id":"https:\/\/www.meydan.tv\/az\/#website"},"primaryImageOfPage":{"@id":"https:\/\/www.meydan.tv\/az\/article\/yeni-mektib-tikibler-amma-ne-istiliyi-var-ne-idman-zali\/#primaryimage"},"image":{"@id":"https:\/\/www.meydan.tv\/az\/article\/yeni-mektib-tikibler-amma-ne-istiliyi-var-ne-idman-zali\/#primaryimage"},"thumbnailUrl":"https:\/\/www.meydan.tv\/wp-content\/uploads\/image00006-scaled.jpeg","datePublished":"2019-03-06T08:55:57+00:00","breadcrumb":{"@id":"https:\/\/www.meydan.tv\/az\/article\/yeni-mektib-tikibler-amma-ne-istiliyi-var-ne-idman-zali\/#breadcrumb"},"inLanguage":"az","potentialAction":[{"@type":"ReadAction","target":["https:\/\/www.meydan.tv\/az\/article\/yeni-mektib-tikibler-amma-ne-istiliyi-var-ne-idman-zali\/"]}]},{"@type":"ImageObject","inLanguage":"az","@id":"https:\/\/www.meydan.tv\/az\/article\/yeni-mektib-tikibler-amma-ne-istiliyi-var-ne-idman-zali\/#primaryimage","url":"https:\/\/www.meydan.tv\/wp-content\/uploads\/image00006-scaled.jpeg","contentUrl":"https:\/\/www.meydan.tv\/wp-content\/uploads\/image00006-scaled.jpeg","width":2560,"height":1920,"caption":"Source: meydan.tv"},{"@type":"BreadcrumbList","@id":"https:\/\/www.meydan.tv\/az\/article\/yeni-mektib-tikibler-amma-ne-istiliyi-var-ne-idman-zali\/#breadcrumb","itemListElement":[{"@type":"ListItem","position":1,"name":"Ana s\u0259hif\u0259","item":"https:\/\/www.meydan.tv\/az\/"},{"@type":"ListItem","position":2,"name":"B\u00f6lg\u0259","item":"https:\/\/www.meydan.tv\/az\/section\/bolge\/"},{"@type":"ListItem","position":3,"name":"&#8221;Yeni m\u0259kt\u0259b tikibl\u0259r, amma n\u0259 istiliyi var, n\u0259 idman zal\u0131&#8221;"}]},{"@type":"WebSite","@id":"https:\/\/www.meydan.tv\/az\/#website","url":"https:\/\/www.meydan.tv\/az\/","name":"MEYDAN.TV","description":"Meydan TV Az\u0259rbaycan\u0131n media m\u0259kan\u0131ndak\u0131 alternativ s\u0259sidir","publisher":{"@id":"https:\/\/www.meydan.tv\/az\/#organization"},"potentialAction":[{"@type":"SearchAction","target":{"@type":"EntryPoint","urlTemplate":"https:\/\/www.meydan.tv\/az\/?s={search_term_string}"},"query-input":{"@type":"PropertyValueSpecification","valueRequired":true,"valueName":"search_term_string"}}],"inLanguage":"az"},{"@type":"Organization","@id":"https:\/\/www.meydan.tv\/az\/#organization","name":"Meydan TV","url":"https:\/\/www.meydan.tv\/az\/","logo":{"@type":"ImageObject","inLanguage":"az","@id":"https:\/\/www.meydan.tv\/az\/#\/schema\/logo\/image\/","url":"https:\/\/www.meydan.tv\/wp-content\/uploads\/2021\/07\/meydan-logo.svg","contentUrl":"https:\/\/www.meydan.tv\/wp-content\/uploads\/2021\/07\/meydan-logo.svg","width":195,"height":46,"caption":"Meydan TV"},"image":{"@id":"https:\/\/www.meydan.tv\/az\/#\/schema\/logo\/image\/"}},{"@type":"Person","@id":"https:\/\/www.meydan.tv\/az\/#\/schema\/person\/10d11eccf6da3662cf5fdab9806ea91a","name":"user-manager"}]}},"_links":{"self":[{"href":"https:\/\/www.meydan.tv\/az\/wp-json\/wp\/v2\/posts\/194364","targetHints":{"allow":["GET"]}}],"collection":[{"href":"https:\/\/www.meydan.tv\/az\/wp-json\/wp\/v2\/posts"}],"about":[{"href":"https:\/\/www.meydan.tv\/az\/wp-json\/wp\/v2\/types\/post"}],"author":[{"embeddable":true,"href":"https:\/\/www.meydan.tv\/az\/wp-json\/wp\/v2\/users\/11"}],"replies":[{"embeddable":true,"href":"https:\/\/www.meydan.tv\/az\/wp-json\/wp\/v2\/comments?post=194364"}],"version-history":[{"count":0,"href":"https:\/\/www.meydan.tv\/az\/wp-json\/wp\/v2\/posts\/194364\/revisions"}],"wp:featuredmedia":[{"embeddable":true,"href":"https:\/\/www.meydan.tv\/az\/wp-json\/wp\/v2\/media\/119336"}],"wp:attachment":[{"href":"https:\/\/www.meydan.tv\/az\/wp-json\/wp\/v2\/media?parent=194364"}],"wp:term":[{"taxonomy":"category","embeddable":true,"href":"https:\/\/www.meydan.tv\/az\/wp-json\/wp\/v2\/categories?post=194364"},{"taxonomy":"post_tag","embeddable":true,"href":"https:\/\/www.meydan.tv\/az\/wp-json\/wp\/v2\/tags?post=194364"}],"curies":[{"name":"wp","href":"https:\/\/api.w.org\/{rel}","templated":true}]}}