{"id":194326,"date":"2019-03-04T13:03:33","date_gmt":"2019-03-04T13:03:33","guid":{"rendered":"https:\/\/www.meydan.tv\/article\/icra-hakimiyyeti-mene-basqasinin-torpagini-satib\/"},"modified":"2019-03-04T13:03:33","modified_gmt":"2019-03-04T13:03:33","slug":"icra-hakimiyyeti-mene-basqasinin-torpagini-satib","status":"publish","type":"post","link":"https:\/\/www.meydan.tv\/az\/article\/icra-hakimiyyeti-mene-basqasinin-torpagini-satib\/","title":{"rendered":"&#8221;\u0130cra Hakimiyy\u0259ti m\u0259n\u0259 ba\u015fqas\u0131n\u0131n torpa\u011f\u0131n\u0131 sat\u0131b&#8221;"},"content":{"rendered":"<figure class=\"wp-block-image size-large\">\n  <img decoding=\"async\" src=\"https:\/\/www.meydan.tv\/az\/image00012-jpeg\/\" alt=\"image00012.jpeg\" class=\"wp-image-119381\"\/><figcaption>\n    Seymur Azadovun emalatxanas\u0131<br \/>\n  <\/figcaption><\/figure>\n<p>\n  Seymur Azadov: &#x27;&#x27;11 ayd\u0131r k\u00fc\u00e7\u0259d\u0259, ya\u011f\u0131\u015f\u0131n, qar\u0131n alt\u0131nda i\u015fl\u0259yir\u0259m&#x27;&#x27;\n<\/p>\n<p>\n  \u201cG\u00f6y\u00e7ay Rayon \u0130cra Hakimiyy\u0259ti m\u0259n\u0259 torpaq satd\u0131. 5 min manat\u0131m\u0131 ald\u0131. Sonradan m\u0259lum oldu ki, torpa\u011f\u0131n 2 sahibi var\u201d, &#8211; G\u00f6y\u00e7ay sakini Seymur Azadov bel\u0259 deyir.\n<\/p>\n<p>\n  S.Azadov avtomobil t\u0259mir\u00e7isidir. \u0130ll\u0259rl\u0259 G\u00f6y\u00e7ay\u0131n giri\u015find\u0259, ki\u00e7ik t\u0259mir\u00e7i sexind\u0259 \u00e7al\u0131\u015f\u0131b. Deyir, 9 n\u0259f\u0259rlik ail\u0259sini bununla doland\u0131r\u0131b. Sonradan G\u00f6y\u00e7ay\u0131n giri\u015find\u0259 tikil\u0259n qap\u0131lara g\u00f6r\u0259 \u00e7al\u0131\u015fd\u0131\u011f\u0131 sexin yerl\u0259\u015fdiyi \u0259razi plana d\u00fc\u015f\u00fcb:\n<\/p>\n<figure class=\"wp-block-image size-large\">\n  <img decoding=\"async\" src=\"https:\/\/www.meydan.tv\/az\/image00009-jpeg\/\" alt=\"image00009.jpeg\" class=\"wp-image-119375\"\/><figcaption>\n    Seymur Azadov emalatxanas\u0131<br \/>\n  <\/figcaption><\/figure>\n<p>\n  \u201cDedil\u0259r, d\u00f6vl\u0259t \u0259h\u0259miyy\u0259tli layih\u0259dir, kompensasiya veril\u0259c\u0259k. Verm\u0259dil\u0259r, ancaq sexi s\u00f6kd\u00fcl\u0259r. \u00c7ox get-g\u0259l, yalvar-yaxardan sonra m\u0259n\u0259 yax\u0131nl\u0131qda ki\u00e7ik bir sah\u0259 ay\u0131rd\u0131lar. Buna g\u00f6r\u0259 d\u0259 5 min manat\u0131m\u0131 ald\u0131lar. N\u0259 is\u0259, ba\u015flad\u0131m yenid\u0259n sex tikm\u0259y\u0259. El\u0259 tikintini bitirirdim, bir n\u0259f\u0259r g\u0259ldi ki, m\u0259nim torpa\u011f\u0131mda n\u0259 tikirs\u0259n? Dedim, qarda\u015f, buran\u0131 m\u0259n\u0259 icra hakimiyy\u0259tind\u0259n veribl\u0259r, el\u0259 \u015fey olmaz. S\u0259n\u0259dim var. O da s\u0259n\u0259dl\u0259rini g\u00f6st\u0259rdi, daha deyil\u0259si s\u00f6z\u00fcm yox idi\u201d.\n<\/p>\n<p>\n  \u201c8 min manat ziyana d\u00fc\u015fm\u00fc\u015f\u0259m\u201d\n<\/p>\n<p>\n  S.Azadov deyir ki, bundan sonra torpa\u011f\u0131n sahibi onun tikdiyini u\u00e7urub. Buradan da az\u0131 3 min manat ziyana d\u00fc\u015fd\u00fcy\u00fcn\u00fc dey\u0259n t\u0259mir\u00e7i \u0259lav\u0259 edir ki, buna g\u00f6r\u0259 icra hakimiyy\u0259ti ona he\u00e7 bir a\u00e7\u0131qlama verm\u0259yib. N\u0259 d\u0259 ona d\u0259y\u0259n z\u0259r\u0259r \u00f6d\u0259nib:\n<\/p>\n<p>\n  \u201cBa\u015fqa i\u015f d\u0259 \u0259limd\u0259n g\u0259lmir. M\u0259n 25 ilin ustas\u0131yam. Ail\u0259mizin ba\u015fqa he\u00e7 yerd\u0259n g\u0259liri yoxdur. M\u0259n yen\u0259 icra hakimiyy\u0259tin\u0259 \u00fcz tutdum. \u00c7ox get-g\u0259ld\u0259n sonra yen\u0259 m\u0259n\u0259 yax\u0131nl\u0131qda ba\u015fqa bir torpaq sah\u0259si ay\u0131rd\u0131lar. \u0130ndi d\u0259 h\u0259min sah\u0259nin s\u0259n\u0259dl\u0259rini vermirl\u0259r ki, tikinti apar\u0131m. \u00d6z\u00fcm\u0259 s\u00f6z vermi\u015f\u0259m, s\u0259n\u0259dsiz i\u015f g\u00f6rm\u0259y\u0259c\u0259y\u0259m. S\u0259n\u0259dim saxta \u00e7\u0131x\u0131b. \u0130ndi s\u0259n\u0259dsiz nec\u0259 i\u015f tutum? \u0130nam\u0131m\u0131 itirmi\u015f\u0259m. 8 min az pul deyil, batd\u0131, getdi. Bunu m\u0259n\u0259 kims\u0259 \u00f6d\u0259m\u0259di. \u0130ndi \u0259vv\u0259lki t\u0259mir seximin yax\u0131nl\u0131\u011f\u0131nda \u00e7ad\u0131r qurub, alt\u0131nda i\u015fl\u0259yir\u0259m. Art\u0131q 11 ayd\u0131r ki, ya\u011f\u0131\u015f\u0131n, qar\u0131n, k\u00fcl\u0259yin alt\u0131nda, \u00e7\u00f6ll\u00fckd\u0259 qalm\u0131\u015fam\u201d.\n<\/p>\n<p>\n  \u201c\u0130cra ba\u015f\u00e7\u0131s\u0131 Mehdi S\u0259limzad\u0259 hara bax\u0131r?\u201d\n<\/p>\n<p>\n  39 ya\u015fl\u0131 Seymur Azadov 4 u\u015faq atas\u0131d\u0131r. Ana v\u0259 atas\u0131n\u0131n \u0259lilliyi var. 9 n\u0259f\u0259r\u0259 bax\u0131r. \u0130\u015fi d\u0259 k\u00f6hn\u0259 avtomobill\u0259rin t\u0259miridir:\n<\/p>\n<figure class=\"wp-block-image size-large\">\n  <img decoding=\"async\" src=\"https:\/\/www.meydan.tv\/az\/image00007-jpeg\/\" alt=\"image00007.jpeg\" class=\"wp-image-119390\"\/><figcaption>\n    Seymur Azadov<br \/>\n  <\/figcaption><\/figure>\n<p>\n  \u201c\u00dcst\u0259lik, t\u0259kc\u0259 m\u0259nim ail\u0259m yox, qarda\u015f\u0131mgilin d\u0259 yegan\u0259 dolan\u0131\u015f\u0131q yeri h\u0259min sex idi. Birg\u0259 i\u015fl\u0259yirdik, buradan iki ail\u0259 dolan\u0131rd\u0131. Ba\u015f\u0131m\u0131za oyun a\u00e7d\u0131lar. \u0130cra ba\u015f\u00e7\u0131s\u0131 Mehdi S\u0259limzad\u0259 hara bax\u0131r? Yazmad\u0131\u011f\u0131m yer, m\u00fcraci\u0259t etm\u0259diyim idar\u0259 qalmay\u0131b\u201d.\n<\/p>\n<p>\n  \u201cS\u0259simi e\u015fid\u0259n yoxdur\u201d\n<\/p>\n<p>\n  Seymur Azadov deyir ki, problem il\u0259 ba\u011fl\u0131 m\u0259ktub yazmad\u0131\u011f\u0131, qap\u0131\u0131n\u0131 d\u00f6ym\u0259diyi d\u00f6vl\u0259t qurumu qalmay\u0131b:\n<\/p>\n<p>\n  \u201cH\u0259r yer\u0259 yaz\u0131b, problemimi demi\u015f\u0259m. Onu da qeyd etmi\u015f\u0259m ki, h\u0259min torpa\u011f\u0131 m\u0259n\u0259 G\u00f6y\u00e7ay Rayon \u0130cra Hakimiyy\u0259tinin memarl\u0131q \u015f\u00f6b\u0259sind\u0259n veribl\u0259r. Ancaq faydas\u0131zd\u0131, s\u0259simi e\u015fid\u0259n yoxdur. Yeri pulla alm\u0131\u015fam, amma s\u0259n\u0259dli-s\u00fcbutlu ba\u015fqas\u0131na aid imi\u015f\u201d.\n<\/p>\n<p>\n  \u201cM\u0259ni aldadanlar\u0131n ham\u0131s\u0131 icra hakimiyy\u0259tind\u0259 oturublar\u201d\n<\/p>\n<p>\n  Seymur Azadov bildirir ki, pulu G\u00f6y\u00e7ay Rayon \u0130cra Hakimiyy\u0259tinin memarl\u0131q \u015f\u00f6b\u0259sind\u0259 \u00f6d\u0259y\u0259nd\u0259 ona da s\u0259n\u0259d verilib. Ancaq sonradan m\u0259lum olub ki, h\u0259min s\u0259n\u0259d saxtad\u0131r:\n<\/p>\n<figure class=\"wp-block-image size-large\">\n  <img decoding=\"async\" src=\"https:\/\/www.meydan.tv\/az\/image00011-jpeg\/\" alt=\"image00011.jpeg\" class=\"wp-image-119387\"\/><figcaption>\n    Seymur Azadov emalatxanas\u0131<br \/>\n  <\/figcaption><\/figure>\n<p>\n  \u201cN\u0259 pulumu qaytar\u0131r, n\u0259 d\u0259 verdikl\u0259ri yer\u0259 s\u0259n\u0259d ala bilir\u0259m. Polis\u0259, prokurorlu\u011fa da m\u00fcraci\u0259t etmi\u015f\u0259m. Prezident \u0130lham \u018fliyev\u0259, Vitse-prezident Mehriban \u018fliyevaya m\u00fcraci\u0259t etmi\u015f\u0259m, cavab almam\u0131\u015fam. Prokurorluqda m\u00fcst\u0259ntiq m\u0259n\u0259 veril\u0259n s\u0259n\u0259d\u0259 baxd\u0131, dedi ki, saxtad\u0131r, aldad\u0131lm\u0131san. Deyir, dem\u0259yin\u0259, ancaq n\u0259s\u0259 t\u0259dbir g\u00f6rm\u00fcr. S\u00fcbut, s\u0259n\u0259d olsa da, i\u015f\u0259 baxan yoxdur. \u00c7\u00fcnki m\u0259ni aldadanlar el\u0259-bel\u0259 insanlar deyil ax\u0131. Ham\u0131s\u0131 icra hakimiyy\u0259tind\u0259 oturublar\u201d.\n<\/p>\n<p>\n  \u0130cra Hakimiyy\u0259ti: \u201cAldad\u0131l\u0131bsa, polis\u0259, prokurorlu\u011fa m\u00fcraci\u0259t etsin\u201d\n<\/p>\n<p>\n  G\u00f6y\u00e7ay Rayon \u0130cra Hakimiyy\u0259tind\u0259n is\u0259 bildiribl\u0259r ki, Seymur Azadovun onlarla ba\u011fl\u0131 \u015fikay\u0259ti varsa, m\u00fcraci\u0259t etsin. M\u0259s\u0259l\u0259ni \u015fi\u015firtm\u0259k laz\u0131m deyil:\n<\/p>\n<p>\n  \u201cYox, \u0259g\u0259r israrla aldad\u0131ld\u0131\u011f\u0131n\u0131 deyirs\u0259, o zaman polis\u0259, prokurorlu\u011fa m\u00fcraci\u0259t etsin. Daha Meydan TV-y\u0259 niy\u0259 \u015fikay\u0259t edir?\u201d<\/p>\n","protected":false},"excerpt":{"rendered":"<p>Seymur Azadov: \u201c11 ayd\u0131r k\u00fc\u00e7\u0259d\u0259, ya\u011f\u0131\u015f\u0131n, qar\u0131n alt\u0131nda i\u015fl\u0259yir\u0259m\u201d<\/p>\n","protected":false},"author":11,"featured_media":119378,"comment_status":"closed","ping_status":"open","sticky":false,"template":"","format":"standard","meta":{"_acf_changed":false,"_sitemap_exclude":false,"_sitemap_priority":"","_sitemap_frequency":"","footnotes":""},"categories":[60],"tags":[],"class_list":["post-194326","post","type-post","status-publish","format-standard","has-post-thumbnail","hentry","category-bolge","infinite-scroll-item","generate-columns","tablet-grid-50","mobile-grid-100","grid-parent","grid-33","no-featured-image-padding"],"acf":[],"yoast_head":"<!-- This site is optimized with the Yoast SEO plugin v27.4 - https:\/\/yoast.com\/product\/yoast-seo-wordpress\/ -->\n<title>&#039;&#039;\u0130cra Hakimiyy\u0259ti m\u0259n\u0259 ba\u015fqas\u0131n\u0131n torpa\u011f\u0131n\u0131 sat\u0131b&#039;&#039; - MEYDAN.TV<\/title>\n<meta name=\"robots\" content=\"index, follow, max-snippet:-1, max-image-preview:large, max-video-preview:-1\" \/>\n<link rel=\"canonical\" href=\"https:\/\/www.meydan.tv\/az\/article\/icra-hakimiyyeti-mene-basqasinin-torpagini-satib\/\" \/>\n<meta property=\"og:locale\" content=\"az_AZ\" \/>\n<meta property=\"og:type\" content=\"article\" \/>\n<meta property=\"og:title\" content=\"&#039;&#039;\u0130cra Hakimiyy\u0259ti m\u0259n\u0259 ba\u015fqas\u0131n\u0131n torpa\u011f\u0131n\u0131 sat\u0131b&#039;&#039; - MEYDAN.TV\" \/>\n<meta property=\"og:description\" content=\"Seymur Azadov: \u201c11 ayd\u0131r k\u00fc\u00e7\u0259d\u0259, ya\u011f\u0131\u015f\u0131n, qar\u0131n alt\u0131nda i\u015fl\u0259yir\u0259m\u201d\" \/>\n<meta property=\"og:url\" content=\"https:\/\/www.meydan.tv\/az\/article\/icra-hakimiyyeti-mene-basqasinin-torpagini-satib\/\" \/>\n<meta property=\"og:site_name\" content=\"MEYDAN.TV\" \/>\n<meta property=\"article:published_time\" content=\"2019-03-04T13:03:33+00:00\" \/>\n<meta property=\"og:image\" content=\"https:\/\/www.meydan.tv\/wp-content\/uploads\/image00008.jpeg\" \/>\n\t<meta property=\"og:image:width\" content=\"640\" \/>\n\t<meta property=\"og:image:height\" content=\"480\" \/>\n\t<meta property=\"og:image:type\" content=\"image\/jpeg\" \/>\n<meta name=\"author\" content=\"user-manager\" \/>\n<meta name=\"twitter:card\" content=\"summary_large_image\" \/>\n<script type=\"application\/ld+json\" class=\"yoast-schema-graph\">{\"@context\":\"https:\\\/\\\/schema.org\",\"@graph\":[{\"@type\":\"Article\",\"@id\":\"https:\\\/\\\/www.meydan.tv\\\/az\\\/article\\\/icra-hakimiyyeti-mene-basqasinin-torpagini-satib\\\/#article\",\"isPartOf\":{\"@id\":\"https:\\\/\\\/www.meydan.tv\\\/az\\\/article\\\/icra-hakimiyyeti-mene-basqasinin-torpagini-satib\\\/\"},\"author\":{\"name\":\"user-manager\",\"@id\":\"https:\\\/\\\/www.meydan.tv\\\/az\\\/#\\\/schema\\\/person\\\/10d11eccf6da3662cf5fdab9806ea91a\"},\"headline\":\"&#8221;\u0130cra Hakimiyy\u0259ti m\u0259n\u0259 ba\u015fqas\u0131n\u0131n torpa\u011f\u0131n\u0131 sat\u0131b&#8221;\",\"datePublished\":\"2019-03-04T13:03:33+00:00\",\"mainEntityOfPage\":{\"@id\":\"https:\\\/\\\/www.meydan.tv\\\/az\\\/article\\\/icra-hakimiyyeti-mene-basqasinin-torpagini-satib\\\/\"},\"wordCount\":842,\"publisher\":{\"@id\":\"https:\\\/\\\/www.meydan.tv\\\/az\\\/#organization\"},\"image\":{\"@id\":\"https:\\\/\\\/www.meydan.tv\\\/az\\\/article\\\/icra-hakimiyyeti-mene-basqasinin-torpagini-satib\\\/#primaryimage\"},\"thumbnailUrl\":\"https:\\\/\\\/www.meydan.tv\\\/wp-content\\\/uploads\\\/image00008.jpeg\",\"articleSection\":[\"B\u00f6lg\u0259\"],\"inLanguage\":\"az\"},{\"@type\":\"WebPage\",\"@id\":\"https:\\\/\\\/www.meydan.tv\\\/az\\\/article\\\/icra-hakimiyyeti-mene-basqasinin-torpagini-satib\\\/\",\"url\":\"https:\\\/\\\/www.meydan.tv\\\/az\\\/article\\\/icra-hakimiyyeti-mene-basqasinin-torpagini-satib\\\/\",\"name\":\"''\u0130cra Hakimiyy\u0259ti m\u0259n\u0259 ba\u015fqas\u0131n\u0131n torpa\u011f\u0131n\u0131 sat\u0131b'' - MEYDAN.TV\",\"isPartOf\":{\"@id\":\"https:\\\/\\\/www.meydan.tv\\\/az\\\/#website\"},\"primaryImageOfPage\":{\"@id\":\"https:\\\/\\\/www.meydan.tv\\\/az\\\/article\\\/icra-hakimiyyeti-mene-basqasinin-torpagini-satib\\\/#primaryimage\"},\"image\":{\"@id\":\"https:\\\/\\\/www.meydan.tv\\\/az\\\/article\\\/icra-hakimiyyeti-mene-basqasinin-torpagini-satib\\\/#primaryimage\"},\"thumbnailUrl\":\"https:\\\/\\\/www.meydan.tv\\\/wp-content\\\/uploads\\\/image00008.jpeg\",\"datePublished\":\"2019-03-04T13:03:33+00:00\",\"breadcrumb\":{\"@id\":\"https:\\\/\\\/www.meydan.tv\\\/az\\\/article\\\/icra-hakimiyyeti-mene-basqasinin-torpagini-satib\\\/#breadcrumb\"},\"inLanguage\":\"az\",\"potentialAction\":[{\"@type\":\"ReadAction\",\"target\":[\"https:\\\/\\\/www.meydan.tv\\\/az\\\/article\\\/icra-hakimiyyeti-mene-basqasinin-torpagini-satib\\\/\"]}]},{\"@type\":\"ImageObject\",\"inLanguage\":\"az\",\"@id\":\"https:\\\/\\\/www.meydan.tv\\\/az\\\/article\\\/icra-hakimiyyeti-mene-basqasinin-torpagini-satib\\\/#primaryimage\",\"url\":\"https:\\\/\\\/www.meydan.tv\\\/wp-content\\\/uploads\\\/image00008.jpeg\",\"contentUrl\":\"https:\\\/\\\/www.meydan.tv\\\/wp-content\\\/uploads\\\/image00008.jpeg\",\"width\":640,\"height\":480,\"caption\":\"Source: meydan tv\"},{\"@type\":\"BreadcrumbList\",\"@id\":\"https:\\\/\\\/www.meydan.tv\\\/az\\\/article\\\/icra-hakimiyyeti-mene-basqasinin-torpagini-satib\\\/#breadcrumb\",\"itemListElement\":[{\"@type\":\"ListItem\",\"position\":1,\"name\":\"Ana s\u0259hif\u0259\",\"item\":\"https:\\\/\\\/www.meydan.tv\\\/az\\\/\"},{\"@type\":\"ListItem\",\"position\":2,\"name\":\"B\u00f6lg\u0259\",\"item\":\"https:\\\/\\\/www.meydan.tv\\\/az\\\/section\\\/bolge\\\/\"},{\"@type\":\"ListItem\",\"position\":3,\"name\":\"&#8221;\u0130cra Hakimiyy\u0259ti m\u0259n\u0259 ba\u015fqas\u0131n\u0131n torpa\u011f\u0131n\u0131 sat\u0131b&#8221;\"}]},{\"@type\":\"WebSite\",\"@id\":\"https:\\\/\\\/www.meydan.tv\\\/az\\\/#website\",\"url\":\"https:\\\/\\\/www.meydan.tv\\\/az\\\/\",\"name\":\"MEYDAN.TV\",\"description\":\"Meydan TV Az\u0259rbaycan\u0131n media m\u0259kan\u0131ndak\u0131 alternativ s\u0259sidir\",\"publisher\":{\"@id\":\"https:\\\/\\\/www.meydan.tv\\\/az\\\/#organization\"},\"potentialAction\":[{\"@type\":\"SearchAction\",\"target\":{\"@type\":\"EntryPoint\",\"urlTemplate\":\"https:\\\/\\\/www.meydan.tv\\\/az\\\/?s={search_term_string}\"},\"query-input\":{\"@type\":\"PropertyValueSpecification\",\"valueRequired\":true,\"valueName\":\"search_term_string\"}}],\"inLanguage\":\"az\"},{\"@type\":\"Organization\",\"@id\":\"https:\\\/\\\/www.meydan.tv\\\/az\\\/#organization\",\"name\":\"Meydan TV\",\"url\":\"https:\\\/\\\/www.meydan.tv\\\/az\\\/\",\"logo\":{\"@type\":\"ImageObject\",\"inLanguage\":\"az\",\"@id\":\"https:\\\/\\\/www.meydan.tv\\\/az\\\/#\\\/schema\\\/logo\\\/image\\\/\",\"url\":\"https:\\\/\\\/www.meydan.tv\\\/wp-content\\\/uploads\\\/2021\\\/07\\\/meydan-logo.svg\",\"contentUrl\":\"https:\\\/\\\/www.meydan.tv\\\/wp-content\\\/uploads\\\/2021\\\/07\\\/meydan-logo.svg\",\"width\":195,\"height\":46,\"caption\":\"Meydan TV\"},\"image\":{\"@id\":\"https:\\\/\\\/www.meydan.tv\\\/az\\\/#\\\/schema\\\/logo\\\/image\\\/\"}},{\"@type\":\"Person\",\"@id\":\"https:\\\/\\\/www.meydan.tv\\\/az\\\/#\\\/schema\\\/person\\\/10d11eccf6da3662cf5fdab9806ea91a\",\"name\":\"user-manager\"}]}<\/script>\n<!-- \/ Yoast SEO plugin. -->","yoast_head_json":{"title":"''\u0130cra Hakimiyy\u0259ti m\u0259n\u0259 ba\u015fqas\u0131n\u0131n torpa\u011f\u0131n\u0131 sat\u0131b'' - MEYDAN.TV","robots":{"index":"index","follow":"follow","max-snippet":"max-snippet:-1","max-image-preview":"max-image-preview:large","max-video-preview":"max-video-preview:-1"},"canonical":"https:\/\/www.meydan.tv\/az\/article\/icra-hakimiyyeti-mene-basqasinin-torpagini-satib\/","og_locale":"az_AZ","og_type":"article","og_title":"''\u0130cra Hakimiyy\u0259ti m\u0259n\u0259 ba\u015fqas\u0131n\u0131n torpa\u011f\u0131n\u0131 sat\u0131b'' - MEYDAN.TV","og_description":"Seymur Azadov: \u201c11 ayd\u0131r k\u00fc\u00e7\u0259d\u0259, ya\u011f\u0131\u015f\u0131n, qar\u0131n alt\u0131nda i\u015fl\u0259yir\u0259m\u201d","og_url":"https:\/\/www.meydan.tv\/az\/article\/icra-hakimiyyeti-mene-basqasinin-torpagini-satib\/","og_site_name":"MEYDAN.TV","article_published_time":"2019-03-04T13:03:33+00:00","og_image":[{"width":640,"height":480,"url":"https:\/\/www.meydan.tv\/wp-content\/uploads\/image00008.jpeg","type":"image\/jpeg"}],"author":"user-manager","twitter_card":"summary_large_image","schema":{"@context":"https:\/\/schema.org","@graph":[{"@type":"Article","@id":"https:\/\/www.meydan.tv\/az\/article\/icra-hakimiyyeti-mene-basqasinin-torpagini-satib\/#article","isPartOf":{"@id":"https:\/\/www.meydan.tv\/az\/article\/icra-hakimiyyeti-mene-basqasinin-torpagini-satib\/"},"author":{"name":"user-manager","@id":"https:\/\/www.meydan.tv\/az\/#\/schema\/person\/10d11eccf6da3662cf5fdab9806ea91a"},"headline":"&#8221;\u0130cra Hakimiyy\u0259ti m\u0259n\u0259 ba\u015fqas\u0131n\u0131n torpa\u011f\u0131n\u0131 sat\u0131b&#8221;","datePublished":"2019-03-04T13:03:33+00:00","mainEntityOfPage":{"@id":"https:\/\/www.meydan.tv\/az\/article\/icra-hakimiyyeti-mene-basqasinin-torpagini-satib\/"},"wordCount":842,"publisher":{"@id":"https:\/\/www.meydan.tv\/az\/#organization"},"image":{"@id":"https:\/\/www.meydan.tv\/az\/article\/icra-hakimiyyeti-mene-basqasinin-torpagini-satib\/#primaryimage"},"thumbnailUrl":"https:\/\/www.meydan.tv\/wp-content\/uploads\/image00008.jpeg","articleSection":["B\u00f6lg\u0259"],"inLanguage":"az"},{"@type":"WebPage","@id":"https:\/\/www.meydan.tv\/az\/article\/icra-hakimiyyeti-mene-basqasinin-torpagini-satib\/","url":"https:\/\/www.meydan.tv\/az\/article\/icra-hakimiyyeti-mene-basqasinin-torpagini-satib\/","name":"''\u0130cra Hakimiyy\u0259ti m\u0259n\u0259 ba\u015fqas\u0131n\u0131n torpa\u011f\u0131n\u0131 sat\u0131b'' - MEYDAN.TV","isPartOf":{"@id":"https:\/\/www.meydan.tv\/az\/#website"},"primaryImageOfPage":{"@id":"https:\/\/www.meydan.tv\/az\/article\/icra-hakimiyyeti-mene-basqasinin-torpagini-satib\/#primaryimage"},"image":{"@id":"https:\/\/www.meydan.tv\/az\/article\/icra-hakimiyyeti-mene-basqasinin-torpagini-satib\/#primaryimage"},"thumbnailUrl":"https:\/\/www.meydan.tv\/wp-content\/uploads\/image00008.jpeg","datePublished":"2019-03-04T13:03:33+00:00","breadcrumb":{"@id":"https:\/\/www.meydan.tv\/az\/article\/icra-hakimiyyeti-mene-basqasinin-torpagini-satib\/#breadcrumb"},"inLanguage":"az","potentialAction":[{"@type":"ReadAction","target":["https:\/\/www.meydan.tv\/az\/article\/icra-hakimiyyeti-mene-basqasinin-torpagini-satib\/"]}]},{"@type":"ImageObject","inLanguage":"az","@id":"https:\/\/www.meydan.tv\/az\/article\/icra-hakimiyyeti-mene-basqasinin-torpagini-satib\/#primaryimage","url":"https:\/\/www.meydan.tv\/wp-content\/uploads\/image00008.jpeg","contentUrl":"https:\/\/www.meydan.tv\/wp-content\/uploads\/image00008.jpeg","width":640,"height":480,"caption":"Source: meydan tv"},{"@type":"BreadcrumbList","@id":"https:\/\/www.meydan.tv\/az\/article\/icra-hakimiyyeti-mene-basqasinin-torpagini-satib\/#breadcrumb","itemListElement":[{"@type":"ListItem","position":1,"name":"Ana s\u0259hif\u0259","item":"https:\/\/www.meydan.tv\/az\/"},{"@type":"ListItem","position":2,"name":"B\u00f6lg\u0259","item":"https:\/\/www.meydan.tv\/az\/section\/bolge\/"},{"@type":"ListItem","position":3,"name":"&#8221;\u0130cra Hakimiyy\u0259ti m\u0259n\u0259 ba\u015fqas\u0131n\u0131n torpa\u011f\u0131n\u0131 sat\u0131b&#8221;"}]},{"@type":"WebSite","@id":"https:\/\/www.meydan.tv\/az\/#website","url":"https:\/\/www.meydan.tv\/az\/","name":"MEYDAN.TV","description":"Meydan TV Az\u0259rbaycan\u0131n media m\u0259kan\u0131ndak\u0131 alternativ s\u0259sidir","publisher":{"@id":"https:\/\/www.meydan.tv\/az\/#organization"},"potentialAction":[{"@type":"SearchAction","target":{"@type":"EntryPoint","urlTemplate":"https:\/\/www.meydan.tv\/az\/?s={search_term_string}"},"query-input":{"@type":"PropertyValueSpecification","valueRequired":true,"valueName":"search_term_string"}}],"inLanguage":"az"},{"@type":"Organization","@id":"https:\/\/www.meydan.tv\/az\/#organization","name":"Meydan TV","url":"https:\/\/www.meydan.tv\/az\/","logo":{"@type":"ImageObject","inLanguage":"az","@id":"https:\/\/www.meydan.tv\/az\/#\/schema\/logo\/image\/","url":"https:\/\/www.meydan.tv\/wp-content\/uploads\/2021\/07\/meydan-logo.svg","contentUrl":"https:\/\/www.meydan.tv\/wp-content\/uploads\/2021\/07\/meydan-logo.svg","width":195,"height":46,"caption":"Meydan TV"},"image":{"@id":"https:\/\/www.meydan.tv\/az\/#\/schema\/logo\/image\/"}},{"@type":"Person","@id":"https:\/\/www.meydan.tv\/az\/#\/schema\/person\/10d11eccf6da3662cf5fdab9806ea91a","name":"user-manager"}]}},"_links":{"self":[{"href":"https:\/\/www.meydan.tv\/az\/wp-json\/wp\/v2\/posts\/194326","targetHints":{"allow":["GET"]}}],"collection":[{"href":"https:\/\/www.meydan.tv\/az\/wp-json\/wp\/v2\/posts"}],"about":[{"href":"https:\/\/www.meydan.tv\/az\/wp-json\/wp\/v2\/types\/post"}],"author":[{"embeddable":true,"href":"https:\/\/www.meydan.tv\/az\/wp-json\/wp\/v2\/users\/11"}],"replies":[{"embeddable":true,"href":"https:\/\/www.meydan.tv\/az\/wp-json\/wp\/v2\/comments?post=194326"}],"version-history":[{"count":0,"href":"https:\/\/www.meydan.tv\/az\/wp-json\/wp\/v2\/posts\/194326\/revisions"}],"wp:featuredmedia":[{"embeddable":true,"href":"https:\/\/www.meydan.tv\/az\/wp-json\/wp\/v2\/media\/119378"}],"wp:attachment":[{"href":"https:\/\/www.meydan.tv\/az\/wp-json\/wp\/v2\/media?parent=194326"}],"wp:term":[{"taxonomy":"category","embeddable":true,"href":"https:\/\/www.meydan.tv\/az\/wp-json\/wp\/v2\/categories?post=194326"},{"taxonomy":"post_tag","embeddable":true,"href":"https:\/\/www.meydan.tv\/az\/wp-json\/wp\/v2\/tags?post=194326"}],"curies":[{"name":"wp","href":"https:\/\/api.w.org\/{rel}","templated":true}]}}