{"id":194279,"date":"2019-02-28T21:32:45","date_gmt":"2019-02-28T21:32:45","guid":{"rendered":"https:\/\/www.meydan.tv\/article\/evi-sokulen-aciq-askar-deyirler-pul-kimdedirse-guc-de-ondadir\/"},"modified":"2019-02-28T21:32:45","modified_gmt":"2019-02-28T21:32:45","slug":"evi-sokulen-aciq-askar-deyirler-pul-kimdedirse-guc-de-ondadir","status":"publish","type":"post","link":"https:\/\/www.meydan.tv\/az\/article\/evi-sokulen-aciq-askar-deyirler-pul-kimdedirse-guc-de-ondadir\/","title":{"rendered":"Evi s\u00f6k\u00fcl\u0259n: A\u00e7\u0131q-a\u015fkar deyirl\u0259r, pul kimd\u0259dirs\u0259, g\u00fcc d\u0259 ondad\u0131r"},"content":{"rendered":"<p>\n  <b><br \/>\n    <i><br \/>\n      \u015e\u0259mkir sakini Tahir Abdullayev deyir, m\u0259hk\u0259m\u0259y\u0259 r\u00fc\u015fv\u0259t verm\u0259yib, hakim qar\u015f\u0131 t\u0259r\u0259fin xeyrin\u0259 Q\u0259tnam\u0259 \u00e7\u0131xar\u0131b<br \/>\n    <\/i><br \/>\n  <\/b>\n<\/p>\n<p>\n  \u201cHakim a\u00e7\u0131q-a\u015fkar pul umurdu, m\u0259n d\u0259 h\u0259r d\u0259f\u0259 qula\u011f\u0131na e\u015fitdirirdim ki, f\u0259hl\u0259 adamam, bir \u00e7\u0259t\u0259n k\u00fclf\u0259t\u0259 bax\u0131ram, qanun da t\u0259r\u0259fimd\u0259dir, 24 ildir \u00fcst\u00fcnd\u0259 ev tikib ya\u015fad\u0131\u011f\u0131m torpa\u011f\u0131 m\u0259nd\u0259n he\u00e7 kim ala bil\u0131m\u0259z. 24 ildir m\u0259n o torpa\u011fa g\u00f6r\u0259 vergi \u00f6d\u0259yir\u0259m, \u00fcst\u00fcnd\u0259 tikdiyim evin kommunal\u0131n\u0131 \u00f6d\u0259yir\u0259m, s\u0259n\u0259dl\u0259rim var. Ancaq bir daha \u0259min oldum k\u0130, pul g\u00fcc\u00fcn\u0259 h\u0259r \u015fey m\u00fcmk\u00fcn imi\u015f\u201d.\n<\/p>\n<p>\n  \u015e\u0259mkir \u015f\u0259h\u0259r sakini Tahir Allahverdiyev Meydan TV-y\u0259 dan\u0131\u015f\u0131r ki, 2015-ci ilin sentyabr\u0131nda \u015f\u0259xsi \u0259mlak\u0131 olan evi, h\u0259y\u0259tyan\u0131 sah\u0259si da\u011f\u0131d\u0131l\u0131b, torpaq sah\u0259si ba\u015fqas\u0131na verilib. N\u0259tic\u0259d\u0259 ona xeyli m\u0259n\u0259vi v\u0259 maddi z\u0259r\u0259r d\u0259yib. Ancaq 3 ild\u0259n \u00e7oxdur ki, s\u0259sini e\u015fid\u0259n yoxdur.\n<\/p>\n<blockquote><p>\n  Evimi, ba\u011f\u0131m\u0131 g\u00f6z\u00fcm\u00fcn qar\u015f\u0131s\u0131nda yerl\u0259-yeksan el\u0259dil\u0259r\n<\/p><\/blockquote>\n<p>\n  \u201cHasar\u0131m\u0131 da\u011f\u0131td\u0131lar, h\u0259y\u0259timd\u0259 \u00fcst\u00fcnd\u0259ki meyv\u0259l\u0259rl\u0259 birlikd\u0259 xeyli a\u011fac\u0131 q\u0131r\u0131b y\u00fck ma\u015f\u0131nlar\u0131na y\u00fckl\u0259dil\u0259r. Evimi, ba\u011f\u0131m\u0131 g\u00f6z\u00fcm\u00fcn qar\u015f\u0131s\u0131nda traktorun, buldozerin qaba\u011f\u0131na verib s\u00f6kd\u00fcl\u0259r. Avadanl\u0131qlar\u0131m ayaqlar alt\u0131na at\u0131ld\u0131. Bu 3 ild\u0259n \u00e7ox m\u00fcdd\u0259td\u0259 qap\u0131s\u0131ndan ke\u00e7m\u0259diyim idar\u0259, m\u0259hk\u0259m\u0259 qalmad\u0131. A\u00e7\u0131q-a\u015fkar deyirl\u0259r ki, pul kimd\u0259dir, g\u00fcc d\u0259 ondad\u0131r,\u201d- Tahir Allahverdiyev deyir.\n<\/p>\n<p>\n  Tahir Abdullayevin s\u00f6zl\u0259rin\u0259 g\u00f6r\u0259, 1989-cu ild\u0259n Mehman Abdullayev k\u00fc\u00e7\u0259sind\u0259ki 23 sayl\u0131 evd\u0259 ya\u015fay\u0131r. 1992-ci ild\u0259 evinin qon\u015fulu\u011fundak\u0131 torpaq sah\u0259sini tan\u0131\u015f\u0131 Eyvaz S\u00fcleymanovdan sat\u0131n al\u0131b. Torpaq sah\u0259sin\u0259 aid s\u0259n\u0259dl\u0259r \u0259misi q\u0131z\u0131 S\u00fcr\u0259yya Allahverdiyevan\u0131n ad\u0131na s\u0259n\u0259dl\u0259\u015fdirilib. El\u0259 h\u0259min il torpaq sah\u0259sini da\u015f hasara al\u0131b, i\u00e7\u0259risind\u0259 ev tikib, h\u0259y\u0259tyan\u0131 sah\u0259d\u0259 a\u011faclar \u0259kib. 24 il evd\u0259n istifad\u0259 edib, torpaq vergisi, kommunal x\u0259rcl\u0259r \u00f6d\u0259yib. 2013-c\u00fc ild\u0259 ya\u015fad\u0131\u011f\u0131 \u00fcnvana g\u0259l\u0259n m\u0259hk\u0259m\u0259 bildiri\u015fi sonradan ba\u015f\u0131na g\u0259l\u0259c\u0259kl\u0259rin ilk \u201cm\u00fcjd\u0259\u00e7isi\u201d olub.\n<\/p>\n<blockquote><p>\n  M\u0259hk\u0259m\u0259y\u0259 \u00e7a\u011f\u0131randa bildim ki, evim\u0259 \u0259l qoyublar\n<\/p><\/blockquote>\n<p>\n  \u201cBildiri\u015f g\u0259ldi ki, b\u0259s, H\u00fcseyn \u0130smay\u0131lov soyadl\u0131 birisi m\u0259hk\u0259m\u0259d\u0259 m\u0259n\u0259 qar\u015f\u0131 iddia qald\u0131r\u0131b. Evim s\u00f6k\u00fcls\u00fcn, torpa\u011f\u0131m \u0259limd\u0259n al\u0131n\u0131b ona verilsin&#8230; Ail\u0259likc\u0259 \u00e7a\u015f\u0131b qald\u0131q ki, bu, n\u0259 m\u0259s\u0259l\u0259dir&#8230; 24 il \u0259vv\u0259l 6 min rus pulu verib torpaq alm\u0131\u015fam, ev-e\u015fik, h\u0259y\u0259t-baca tikib-qurmu\u015fam. Bu kimdir ki, g\u0259lib ev-e\u015fiyimiz\u0259 \u0259l qoyub?\u201d- \u015fikay\u0259t\u00e7i dan\u0131\u015f\u0131r.\n<\/p>\n<p>\n  H\u00fcseyn \u0130smay\u0131lov \u0259vv\u0259lc\u0259 2009-cu ild\u0259 \u015e\u0259mkir Rayon M\u0259hk\u0259m\u0259sind\u0259 D\u00f6vl\u0259t Torpaq v\u0259 X\u0259rit\u0259\u00e7\u0259km\u0259 Komit\u0259sinin \u015e\u0259mkir rayon \u015e\u00f6b\u0259sin\u0259 qar\u015f\u0131 idda qald\u0131r\u0131b. \u0130ddias\u0131n\u0131 bel\u0259 \u0259sasland\u0131r\u0131b ki, 1989-cu ild\u0259 \u015eamxor (\u015e\u0259mkir) rayon XDS \u0130craiyy\u0259 Komit\u0259sinin q\u0259rar\u0131yla ona veril\u0259n 5 sot torpaq sah\u0259si Komit\u0259d\u0259 s\u0259hv\u0259n ba\u015fqas\u0131n\u0131n ad\u0131na qeyd\u0259 al\u0131n\u0131b. H\u0259min \u015f\u0259xs v\u0259fat edib. H\u00fcseyn \u0130smay\u0131lov vaxtil\u0259 h\u0259min \u015f\u0259xsin ad\u0131na veril\u0259n \u015f\u0259had\u0259tnam\u0259nin l\u0259\u011fv olunmas\u0131n\u0131 t\u0259l\u0259b edib. M\u0259hk\u0259m\u0259 iddian\u0131 t\u0259min edib, h\u0259min torpaq sah\u0259sin\u0259 H\u00fcseyn \u0130smay\u0131lovun m\u00fclkiyy\u0259t h\u00fcquqlar\u0131n\u0131 tan\u0131y\u0131b. 2013-c\u00fc ild\u0259 H\u00fcseyn \u0130smay\u0131lov yen\u0259 m\u0259hk\u0259m\u0259y\u0259 m\u00fcraci\u0259t edib. Bu d\u0259f\u0259 o, h\u0259min torpaq sah\u0259sinin \u00fcst\u00fcnd\u0259ki tikilinin s\u00f6k\u00fclm\u0259sini, torpa\u011f\u0131n bo\u015fald\u0131laraq ona verilm\u0259sini t\u0259l\u0259b edib. Cavabdeh t\u0259r\u0259fs\u0259 Tahir Abdullayev olub.\n<\/p>\n<blockquote><p>\n  Hakim g\u00f6rd\u00fc ki, r\u00fc\u015fv\u0259t verm\u0259k fikrim yoxdu\n<\/p><\/blockquote>\n<p>\n  \u201cBel\u0259c\u0259, 5 il \u0259vv\u0259l m\u0259ni \u015e\u0259mkir Rayon M\u0259hk\u0259m\u0259sin\u0259 \u00e7a\u011f\u0131rd\u0131lar. Bildirdim ki, m\u0259n bu torpa\u011f\u0131 o vaxt m\u0259hk\u0259m\u0259d\u0259 icra \u015f\u00f6b\u0259sinin r\u0259isi i\u015fl\u0259y\u0259n Eyvaz S\u00fcleymanovdan \u0259mim q\u0131z\u0131n\u0131n ad\u0131na alm\u0131\u015fam. M\u0259hk\u0259m\u0259y\u0259 d\u0259v\u0259t edin, g\u0259lsin \u015fahidlik etsin. \u00dcst\u0259lik d\u0259, bu adama verilmi\u015f torpaq sah\u0259si k\u00fc\u00e7\u0259nin \u015f\u0259rq, m\u0259nim torpa\u011f\u0131m, evim k\u00fc\u00e7\u0259nin q\u0259rb hiss\u0259sind\u0259dir. Yerl\u0259r \u00fcst-\u00fcst\u0259 d\u00fc\u015fm\u00fcr. Hakim m\u0259nd\u0259n pul g\u00fcd\u00fcrd\u00fc, a\u00e7\u0131q-a\u015fkar dedim ki, f\u0259hl\u0259 adamam, ail\u0259mi zorla doland\u0131r\u0131ram, yer d\u0259 m\u0259nimdir, 24 ildir ev-e\u015fik tikib ail\u0259ml\u0259 ya\u015fay\u0131ram. Ax\u0131rda g\u00f6rd\u00fc r\u00fc\u015fv\u0259t verm\u0259k fikrim yoxdur, iddian\u0131 t\u0259min el\u0259di. Halbuki, m\u0259n \u0259mim q\u0131z\u0131n\u0131n ad\u0131na olan s\u0259n\u0259dl\u0259ri d\u0259 m\u0259hk\u0259m\u0259y\u0259 t\u0259qdim etmi\u015fdim, hakim he\u00e7 g\u00f6z\u00fcn\u00fcn ucuyla da baxmad\u0131. Evim s\u00f6k\u00fcl\u0259nd\u0259 iddia\u00e7\u0131ya dedim, ax\u0131 s\u0259n \u00f6z\u00fcn d\u0259 yax\u015f\u0131 bilirs\u0259n ki, s\u0259nin yerin bura deyil, niy\u0259 bu haqs\u0131zl\u0131\u011fa g\u00f6z yumursan? Niy\u0259 t\u0259l\u0259b etmirs\u0259n ki, s\u0259nin torpa\u011f\u0131n hardad\u0131r, oran\u0131 versinl\u0259r s\u0259n\u0259?.. Dedi, o t\u0259r\u0259fd\u0259 d\u0259 yer yoxdur, tikilib. M\u0259nim\u00e7\u00fcn \u0259sas odur ki, yer olsun, o t\u0259r\u0259fd\u0259n, ya bu t\u0259r\u0259fd\u0259n f\u0259rq el\u0259mir, \u0259sas odur ki, torpa\u011f\u0131m\u0131 versinl\u0259r. Adam\u0131 yand\u0131ran odur ki, ev-e\u015fiyi s\u00f6k\u00fcbl\u0259r, 3 il yar\u0131md\u0131r ki, sah\u0259 bombo\u015f qal\u0131b, he\u00e7 o adam da ortal\u0131qda yoxdur,\u201d- Tahir Abdullayev deyir.\n<\/p>\n<p>\n  \u015e\u0259mkir Rayon \u0130cra Hakimiyy\u0259tind\u0259n bildirilib ki, Tahir Abdullayevin ald\u0131\u011f\u0131 torpaq sah\u0259sinin s\u0259n\u0259di olmay\u0131b. 1992-ci ild\u0259 N\u0259riman N\u0259rimanov ad\u0131na sovxozun ad\u0131ndan S\u00fcr\u0259yya Allahverdiyevaya guya sovxozun i\u015f\u00e7isi kimi ev tikm\u0259k \u00fc\u00e7\u00fcn verilmi\u015f s\u0259n\u0259d is\u0259 saxta olub. Sonradan torpa\u011f\u0131n sahibi ortaya \u00e7\u0131xaraq m\u0259hk\u0259m\u0259 yoluyla geri t\u0259l\u0259b edib.<\/p>\n","protected":false},"excerpt":{"rendered":"<p>\u015e\u0259mkir Rayon \u0130cra Hakimiyy\u0259tind\u0259n bildirilib ki, Tahir Abdullayevin ald\u0131\u011f\u0131 torpaq sah\u0259sinin s\u0259n\u0259di olmay\u0131b<\/p>\n","protected":false},"author":11,"featured_media":119129,"comment_status":"closed","ping_status":"open","sticky":false,"template":"","format":"standard","meta":{"_acf_changed":false,"_sitemap_exclude":false,"_sitemap_priority":"","_sitemap_frequency":"","footnotes":""},"categories":[60],"tags":[],"class_list":["post-194279","post","type-post","status-publish","format-standard","has-post-thumbnail","hentry","category-bolge","infinite-scroll-item","generate-columns","tablet-grid-50","mobile-grid-100","grid-parent","grid-33","no-featured-image-padding"],"acf":[],"yoast_head":"<!-- This site is optimized with the Yoast SEO plugin v27.4 - https:\/\/yoast.com\/product\/yoast-seo-wordpress\/ -->\n<title>Evi s\u00f6k\u00fcl\u0259n: A\u00e7\u0131q-a\u015fkar deyirl\u0259r, pul kimd\u0259dirs\u0259, g\u00fcc d\u0259 ondad\u0131r - MEYDAN.TV<\/title>\n<meta name=\"robots\" content=\"index, follow, max-snippet:-1, max-image-preview:large, max-video-preview:-1\" \/>\n<link rel=\"canonical\" href=\"https:\/\/www.meydan.tv\/az\/article\/evi-sokulen-aciq-askar-deyirler-pul-kimdedirse-guc-de-ondadir\/\" \/>\n<meta property=\"og:locale\" content=\"az_AZ\" \/>\n<meta property=\"og:type\" content=\"article\" \/>\n<meta property=\"og:title\" content=\"Evi s\u00f6k\u00fcl\u0259n: A\u00e7\u0131q-a\u015fkar deyirl\u0259r, pul kimd\u0259dirs\u0259, g\u00fcc d\u0259 ondad\u0131r - MEYDAN.TV\" \/>\n<meta property=\"og:description\" content=\"\u015e\u0259mkir Rayon \u0130cra Hakimiyy\u0259tind\u0259n bildirilib ki, Tahir Abdullayevin ald\u0131\u011f\u0131 torpaq sah\u0259sinin s\u0259n\u0259di olmay\u0131b\" \/>\n<meta property=\"og:url\" content=\"https:\/\/www.meydan.tv\/az\/article\/evi-sokulen-aciq-askar-deyirler-pul-kimdedirse-guc-de-ondadir\/\" \/>\n<meta property=\"og:site_name\" content=\"MEYDAN.TV\" \/>\n<meta property=\"article:published_time\" content=\"2019-02-28T21:32:45+00:00\" \/>\n<meta property=\"og:image\" content=\"https:\/\/www.meydan.tv\/wp-content\/uploads\/image_from_ios_2_tw1kyu9.jpg\" \/>\n\t<meta property=\"og:image:width\" content=\"1280\" \/>\n\t<meta property=\"og:image:height\" content=\"721\" \/>\n\t<meta property=\"og:image:type\" content=\"image\/jpeg\" \/>\n<meta name=\"author\" content=\"user-manager\" \/>\n<meta name=\"twitter:card\" content=\"summary_large_image\" \/>\n<script type=\"application\/ld+json\" class=\"yoast-schema-graph\">{\"@context\":\"https:\\\/\\\/schema.org\",\"@graph\":[{\"@type\":\"Article\",\"@id\":\"https:\\\/\\\/www.meydan.tv\\\/az\\\/article\\\/evi-sokulen-aciq-askar-deyirler-pul-kimdedirse-guc-de-ondadir\\\/#article\",\"isPartOf\":{\"@id\":\"https:\\\/\\\/www.meydan.tv\\\/az\\\/article\\\/evi-sokulen-aciq-askar-deyirler-pul-kimdedirse-guc-de-ondadir\\\/\"},\"author\":{\"name\":\"user-manager\",\"@id\":\"https:\\\/\\\/www.meydan.tv\\\/az\\\/#\\\/schema\\\/person\\\/10d11eccf6da3662cf5fdab9806ea91a\"},\"headline\":\"Evi s\u00f6k\u00fcl\u0259n: A\u00e7\u0131q-a\u015fkar deyirl\u0259r, pul kimd\u0259dirs\u0259, g\u00fcc d\u0259 ondad\u0131r\",\"datePublished\":\"2019-02-28T21:32:45+00:00\",\"mainEntityOfPage\":{\"@id\":\"https:\\\/\\\/www.meydan.tv\\\/az\\\/article\\\/evi-sokulen-aciq-askar-deyirler-pul-kimdedirse-guc-de-ondadir\\\/\"},\"wordCount\":1071,\"publisher\":{\"@id\":\"https:\\\/\\\/www.meydan.tv\\\/az\\\/#organization\"},\"image\":{\"@id\":\"https:\\\/\\\/www.meydan.tv\\\/az\\\/article\\\/evi-sokulen-aciq-askar-deyirler-pul-kimdedirse-guc-de-ondadir\\\/#primaryimage\"},\"thumbnailUrl\":\"https:\\\/\\\/www.meydan.tv\\\/wp-content\\\/uploads\\\/image_from_ios_2_tw1kyu9.jpg\",\"articleSection\":[\"B\u00f6lg\u0259\"],\"inLanguage\":\"az\"},{\"@type\":\"WebPage\",\"@id\":\"https:\\\/\\\/www.meydan.tv\\\/az\\\/article\\\/evi-sokulen-aciq-askar-deyirler-pul-kimdedirse-guc-de-ondadir\\\/\",\"url\":\"https:\\\/\\\/www.meydan.tv\\\/az\\\/article\\\/evi-sokulen-aciq-askar-deyirler-pul-kimdedirse-guc-de-ondadir\\\/\",\"name\":\"Evi s\u00f6k\u00fcl\u0259n: A\u00e7\u0131q-a\u015fkar deyirl\u0259r, pul kimd\u0259dirs\u0259, g\u00fcc d\u0259 ondad\u0131r - MEYDAN.TV\",\"isPartOf\":{\"@id\":\"https:\\\/\\\/www.meydan.tv\\\/az\\\/#website\"},\"primaryImageOfPage\":{\"@id\":\"https:\\\/\\\/www.meydan.tv\\\/az\\\/article\\\/evi-sokulen-aciq-askar-deyirler-pul-kimdedirse-guc-de-ondadir\\\/#primaryimage\"},\"image\":{\"@id\":\"https:\\\/\\\/www.meydan.tv\\\/az\\\/article\\\/evi-sokulen-aciq-askar-deyirler-pul-kimdedirse-guc-de-ondadir\\\/#primaryimage\"},\"thumbnailUrl\":\"https:\\\/\\\/www.meydan.tv\\\/wp-content\\\/uploads\\\/image_from_ios_2_tw1kyu9.jpg\",\"datePublished\":\"2019-02-28T21:32:45+00:00\",\"breadcrumb\":{\"@id\":\"https:\\\/\\\/www.meydan.tv\\\/az\\\/article\\\/evi-sokulen-aciq-askar-deyirler-pul-kimdedirse-guc-de-ondadir\\\/#breadcrumb\"},\"inLanguage\":\"az\",\"potentialAction\":[{\"@type\":\"ReadAction\",\"target\":[\"https:\\\/\\\/www.meydan.tv\\\/az\\\/article\\\/evi-sokulen-aciq-askar-deyirler-pul-kimdedirse-guc-de-ondadir\\\/\"]}]},{\"@type\":\"ImageObject\",\"inLanguage\":\"az\",\"@id\":\"https:\\\/\\\/www.meydan.tv\\\/az\\\/article\\\/evi-sokulen-aciq-askar-deyirler-pul-kimdedirse-guc-de-ondadir\\\/#primaryimage\",\"url\":\"https:\\\/\\\/www.meydan.tv\\\/wp-content\\\/uploads\\\/image_from_ios_2_tw1kyu9.jpg\",\"contentUrl\":\"https:\\\/\\\/www.meydan.tv\\\/wp-content\\\/uploads\\\/image_from_ios_2_tw1kyu9.jpg\",\"width\":1280,\"height\":721,\"caption\":\"Source: meydan.tv\"},{\"@type\":\"BreadcrumbList\",\"@id\":\"https:\\\/\\\/www.meydan.tv\\\/az\\\/article\\\/evi-sokulen-aciq-askar-deyirler-pul-kimdedirse-guc-de-ondadir\\\/#breadcrumb\",\"itemListElement\":[{\"@type\":\"ListItem\",\"position\":1,\"name\":\"Ana s\u0259hif\u0259\",\"item\":\"https:\\\/\\\/www.meydan.tv\\\/az\\\/\"},{\"@type\":\"ListItem\",\"position\":2,\"name\":\"B\u00f6lg\u0259\",\"item\":\"https:\\\/\\\/www.meydan.tv\\\/az\\\/section\\\/bolge\\\/\"},{\"@type\":\"ListItem\",\"position\":3,\"name\":\"Evi s\u00f6k\u00fcl\u0259n: A\u00e7\u0131q-a\u015fkar deyirl\u0259r, pul kimd\u0259dirs\u0259, g\u00fcc d\u0259 ondad\u0131r\"}]},{\"@type\":\"WebSite\",\"@id\":\"https:\\\/\\\/www.meydan.tv\\\/az\\\/#website\",\"url\":\"https:\\\/\\\/www.meydan.tv\\\/az\\\/\",\"name\":\"MEYDAN.TV\",\"description\":\"Meydan TV Az\u0259rbaycan\u0131n media m\u0259kan\u0131ndak\u0131 alternativ s\u0259sidir\",\"publisher\":{\"@id\":\"https:\\\/\\\/www.meydan.tv\\\/az\\\/#organization\"},\"potentialAction\":[{\"@type\":\"SearchAction\",\"target\":{\"@type\":\"EntryPoint\",\"urlTemplate\":\"https:\\\/\\\/www.meydan.tv\\\/az\\\/?s={search_term_string}\"},\"query-input\":{\"@type\":\"PropertyValueSpecification\",\"valueRequired\":true,\"valueName\":\"search_term_string\"}}],\"inLanguage\":\"az\"},{\"@type\":\"Organization\",\"@id\":\"https:\\\/\\\/www.meydan.tv\\\/az\\\/#organization\",\"name\":\"Meydan TV\",\"url\":\"https:\\\/\\\/www.meydan.tv\\\/az\\\/\",\"logo\":{\"@type\":\"ImageObject\",\"inLanguage\":\"az\",\"@id\":\"https:\\\/\\\/www.meydan.tv\\\/az\\\/#\\\/schema\\\/logo\\\/image\\\/\",\"url\":\"https:\\\/\\\/www.meydan.tv\\\/wp-content\\\/uploads\\\/2021\\\/07\\\/meydan-logo.svg\",\"contentUrl\":\"https:\\\/\\\/www.meydan.tv\\\/wp-content\\\/uploads\\\/2021\\\/07\\\/meydan-logo.svg\",\"width\":195,\"height\":46,\"caption\":\"Meydan TV\"},\"image\":{\"@id\":\"https:\\\/\\\/www.meydan.tv\\\/az\\\/#\\\/schema\\\/logo\\\/image\\\/\"}},{\"@type\":\"Person\",\"@id\":\"https:\\\/\\\/www.meydan.tv\\\/az\\\/#\\\/schema\\\/person\\\/10d11eccf6da3662cf5fdab9806ea91a\",\"name\":\"user-manager\"}]}<\/script>\n<!-- \/ Yoast SEO plugin. -->","yoast_head_json":{"title":"Evi s\u00f6k\u00fcl\u0259n: A\u00e7\u0131q-a\u015fkar deyirl\u0259r, pul kimd\u0259dirs\u0259, g\u00fcc d\u0259 ondad\u0131r - MEYDAN.TV","robots":{"index":"index","follow":"follow","max-snippet":"max-snippet:-1","max-image-preview":"max-image-preview:large","max-video-preview":"max-video-preview:-1"},"canonical":"https:\/\/www.meydan.tv\/az\/article\/evi-sokulen-aciq-askar-deyirler-pul-kimdedirse-guc-de-ondadir\/","og_locale":"az_AZ","og_type":"article","og_title":"Evi s\u00f6k\u00fcl\u0259n: A\u00e7\u0131q-a\u015fkar deyirl\u0259r, pul kimd\u0259dirs\u0259, g\u00fcc d\u0259 ondad\u0131r - MEYDAN.TV","og_description":"\u015e\u0259mkir Rayon \u0130cra Hakimiyy\u0259tind\u0259n bildirilib ki, Tahir Abdullayevin ald\u0131\u011f\u0131 torpaq sah\u0259sinin s\u0259n\u0259di olmay\u0131b","og_url":"https:\/\/www.meydan.tv\/az\/article\/evi-sokulen-aciq-askar-deyirler-pul-kimdedirse-guc-de-ondadir\/","og_site_name":"MEYDAN.TV","article_published_time":"2019-02-28T21:32:45+00:00","og_image":[{"width":1280,"height":721,"url":"https:\/\/www.meydan.tv\/wp-content\/uploads\/image_from_ios_2_tw1kyu9.jpg","type":"image\/jpeg"}],"author":"user-manager","twitter_card":"summary_large_image","schema":{"@context":"https:\/\/schema.org","@graph":[{"@type":"Article","@id":"https:\/\/www.meydan.tv\/az\/article\/evi-sokulen-aciq-askar-deyirler-pul-kimdedirse-guc-de-ondadir\/#article","isPartOf":{"@id":"https:\/\/www.meydan.tv\/az\/article\/evi-sokulen-aciq-askar-deyirler-pul-kimdedirse-guc-de-ondadir\/"},"author":{"name":"user-manager","@id":"https:\/\/www.meydan.tv\/az\/#\/schema\/person\/10d11eccf6da3662cf5fdab9806ea91a"},"headline":"Evi s\u00f6k\u00fcl\u0259n: A\u00e7\u0131q-a\u015fkar deyirl\u0259r, pul kimd\u0259dirs\u0259, g\u00fcc d\u0259 ondad\u0131r","datePublished":"2019-02-28T21:32:45+00:00","mainEntityOfPage":{"@id":"https:\/\/www.meydan.tv\/az\/article\/evi-sokulen-aciq-askar-deyirler-pul-kimdedirse-guc-de-ondadir\/"},"wordCount":1071,"publisher":{"@id":"https:\/\/www.meydan.tv\/az\/#organization"},"image":{"@id":"https:\/\/www.meydan.tv\/az\/article\/evi-sokulen-aciq-askar-deyirler-pul-kimdedirse-guc-de-ondadir\/#primaryimage"},"thumbnailUrl":"https:\/\/www.meydan.tv\/wp-content\/uploads\/image_from_ios_2_tw1kyu9.jpg","articleSection":["B\u00f6lg\u0259"],"inLanguage":"az"},{"@type":"WebPage","@id":"https:\/\/www.meydan.tv\/az\/article\/evi-sokulen-aciq-askar-deyirler-pul-kimdedirse-guc-de-ondadir\/","url":"https:\/\/www.meydan.tv\/az\/article\/evi-sokulen-aciq-askar-deyirler-pul-kimdedirse-guc-de-ondadir\/","name":"Evi s\u00f6k\u00fcl\u0259n: A\u00e7\u0131q-a\u015fkar deyirl\u0259r, pul kimd\u0259dirs\u0259, g\u00fcc d\u0259 ondad\u0131r - MEYDAN.TV","isPartOf":{"@id":"https:\/\/www.meydan.tv\/az\/#website"},"primaryImageOfPage":{"@id":"https:\/\/www.meydan.tv\/az\/article\/evi-sokulen-aciq-askar-deyirler-pul-kimdedirse-guc-de-ondadir\/#primaryimage"},"image":{"@id":"https:\/\/www.meydan.tv\/az\/article\/evi-sokulen-aciq-askar-deyirler-pul-kimdedirse-guc-de-ondadir\/#primaryimage"},"thumbnailUrl":"https:\/\/www.meydan.tv\/wp-content\/uploads\/image_from_ios_2_tw1kyu9.jpg","datePublished":"2019-02-28T21:32:45+00:00","breadcrumb":{"@id":"https:\/\/www.meydan.tv\/az\/article\/evi-sokulen-aciq-askar-deyirler-pul-kimdedirse-guc-de-ondadir\/#breadcrumb"},"inLanguage":"az","potentialAction":[{"@type":"ReadAction","target":["https:\/\/www.meydan.tv\/az\/article\/evi-sokulen-aciq-askar-deyirler-pul-kimdedirse-guc-de-ondadir\/"]}]},{"@type":"ImageObject","inLanguage":"az","@id":"https:\/\/www.meydan.tv\/az\/article\/evi-sokulen-aciq-askar-deyirler-pul-kimdedirse-guc-de-ondadir\/#primaryimage","url":"https:\/\/www.meydan.tv\/wp-content\/uploads\/image_from_ios_2_tw1kyu9.jpg","contentUrl":"https:\/\/www.meydan.tv\/wp-content\/uploads\/image_from_ios_2_tw1kyu9.jpg","width":1280,"height":721,"caption":"Source: meydan.tv"},{"@type":"BreadcrumbList","@id":"https:\/\/www.meydan.tv\/az\/article\/evi-sokulen-aciq-askar-deyirler-pul-kimdedirse-guc-de-ondadir\/#breadcrumb","itemListElement":[{"@type":"ListItem","position":1,"name":"Ana s\u0259hif\u0259","item":"https:\/\/www.meydan.tv\/az\/"},{"@type":"ListItem","position":2,"name":"B\u00f6lg\u0259","item":"https:\/\/www.meydan.tv\/az\/section\/bolge\/"},{"@type":"ListItem","position":3,"name":"Evi s\u00f6k\u00fcl\u0259n: A\u00e7\u0131q-a\u015fkar deyirl\u0259r, pul kimd\u0259dirs\u0259, g\u00fcc d\u0259 ondad\u0131r"}]},{"@type":"WebSite","@id":"https:\/\/www.meydan.tv\/az\/#website","url":"https:\/\/www.meydan.tv\/az\/","name":"MEYDAN.TV","description":"Meydan TV Az\u0259rbaycan\u0131n media m\u0259kan\u0131ndak\u0131 alternativ s\u0259sidir","publisher":{"@id":"https:\/\/www.meydan.tv\/az\/#organization"},"potentialAction":[{"@type":"SearchAction","target":{"@type":"EntryPoint","urlTemplate":"https:\/\/www.meydan.tv\/az\/?s={search_term_string}"},"query-input":{"@type":"PropertyValueSpecification","valueRequired":true,"valueName":"search_term_string"}}],"inLanguage":"az"},{"@type":"Organization","@id":"https:\/\/www.meydan.tv\/az\/#organization","name":"Meydan TV","url":"https:\/\/www.meydan.tv\/az\/","logo":{"@type":"ImageObject","inLanguage":"az","@id":"https:\/\/www.meydan.tv\/az\/#\/schema\/logo\/image\/","url":"https:\/\/www.meydan.tv\/wp-content\/uploads\/2021\/07\/meydan-logo.svg","contentUrl":"https:\/\/www.meydan.tv\/wp-content\/uploads\/2021\/07\/meydan-logo.svg","width":195,"height":46,"caption":"Meydan TV"},"image":{"@id":"https:\/\/www.meydan.tv\/az\/#\/schema\/logo\/image\/"}},{"@type":"Person","@id":"https:\/\/www.meydan.tv\/az\/#\/schema\/person\/10d11eccf6da3662cf5fdab9806ea91a","name":"user-manager"}]}},"_links":{"self":[{"href":"https:\/\/www.meydan.tv\/az\/wp-json\/wp\/v2\/posts\/194279","targetHints":{"allow":["GET"]}}],"collection":[{"href":"https:\/\/www.meydan.tv\/az\/wp-json\/wp\/v2\/posts"}],"about":[{"href":"https:\/\/www.meydan.tv\/az\/wp-json\/wp\/v2\/types\/post"}],"author":[{"embeddable":true,"href":"https:\/\/www.meydan.tv\/az\/wp-json\/wp\/v2\/users\/11"}],"replies":[{"embeddable":true,"href":"https:\/\/www.meydan.tv\/az\/wp-json\/wp\/v2\/comments?post=194279"}],"version-history":[{"count":0,"href":"https:\/\/www.meydan.tv\/az\/wp-json\/wp\/v2\/posts\/194279\/revisions"}],"wp:featuredmedia":[{"embeddable":true,"href":"https:\/\/www.meydan.tv\/az\/wp-json\/wp\/v2\/media\/119129"}],"wp:attachment":[{"href":"https:\/\/www.meydan.tv\/az\/wp-json\/wp\/v2\/media?parent=194279"}],"wp:term":[{"taxonomy":"category","embeddable":true,"href":"https:\/\/www.meydan.tv\/az\/wp-json\/wp\/v2\/categories?post=194279"},{"taxonomy":"post_tag","embeddable":true,"href":"https:\/\/www.meydan.tv\/az\/wp-json\/wp\/v2\/tags?post=194279"}],"curies":[{"name":"wp","href":"https:\/\/api.w.org\/{rel}","templated":true}]}}