{"id":194278,"date":"2019-02-28T21:25:07","date_gmt":"2019-02-28T21:25:07","guid":{"rendered":"https:\/\/www.meydan.tv\/article\/bu-kendde-muellimler-mektebe-qalosla-gedir\/"},"modified":"2019-02-28T21:25:07","modified_gmt":"2019-02-28T21:25:07","slug":"bu-kendde-muellimler-mektebe-qalosla-gedir","status":"publish","type":"post","link":"https:\/\/www.meydan.tv\/az\/article\/bu-kendde-muellimler-mektebe-qalosla-gedir\/","title":{"rendered":"Bu k\u0259ndd\u0259 m\u00fc\u0259lliml\u0259r m\u0259kt\u0259b\u0259 qalo\u015fla gedir"},"content":{"rendered":"<p>\n  \u201cK\u0259ndin 2 mind\u0259n \u00e7ox \u0259halisi var. 2 min insan b\u0259rbad yollar\u0131n \u0259lind\u0259 \u0259sir\u0259 \u00e7evrilib. Ya\u011f\u0131\u015f ya\u011fd\u0131, qar ya\u011fd\u0131, k\u0259nd i\u00e7in\u0259 \u00e7\u0131xa bilmirik, rayon m\u0259rk\u0259zin\u0259 ged\u0259 bilmirik. T\u0259s\u0259rr\u00fcfatla m\u0259\u015f\u011ful ola bilmirik. H\u0259r \u015fey g\u0259lib yola dir\u0259nir. Bir k\u0259ndd\u0259 sosial v\u0259ziyy\u0259tini d\u00fcz\u0259ltm\u0259k \u00fc\u00e7\u00fcn \u0259vv\u0259l onun yolundan ba\u015flamaq laz\u0131md\u0131r. G\u00f6r\u00fcn\u0259n odur ki, h\u00f6kum\u0259ti h\u0259l\u0259 d\u0259 k\u0259ndimizd\u0259ki sosial v\u0259ziyy\u0259t maraqland\u0131rm\u0131r\u201d.\n<\/p>\n<p>\n  \u015e\u0259kinin Baltal\u0131 k\u0259ndinin sakinl\u0259ri Meydan TV-y\u0259 yollardan \u015fikay\u0259t edirl\u0259r. Dem\u0259l\u0259rin\u0259 g\u00f6r\u0259, k\u0259ndd\u0259ki yol problem Sovetd\u0259n miras qal\u0131b. B\u0259rbad yol k\u0259ndlinin h\u0259yat\u0131n\u0131 \u00e7\u0259tinl\u0259\u015fdirir.\n<\/p>\n<blockquote><p>\n  Yolsuzluqdan adamlar i\u015fl\u0259rini itirirl\u0259r, u\u015faqlar m\u0259kt\u0259b\u0259 getmirl\u0259r\n<\/p><\/blockquote>\n<p>\n  K\u0259nd sakini M\u0259hs\u0259ti \u0130smay\u0131lzad\u0259 deyir, yolu olmayan k\u0259ndd\u0259 h\u0259yat da yoxdur:\n<\/p>\n<p>\n  \u201cYol h\u0259r \u015feydir. M\u0259s\u0259l\u0259n, yol b\u0259rbadd\u0131rsa, m\u0259kt\u0259bd\u0259 davamiyy\u0259t yoxdur, yol b\u0259rbadd\u0131rsa, kims\u0259 m\u0259hsulunu bazara \u00e7\u0131xara bilmir. Yol b\u0259rbadd\u0131rsa, kims\u0259 rayon m\u0259rk\u0259zind\u0259ki i\u015fin\u0259 \u00e7ata bilmir v\u0259 i\u015fini itirir\u2026 Yol b\u0259rbadd\u0131rsa, ya\u011f\u0131\u015f, qar ya\u011fanda tibbi yard\u0131ma ehtiyac\u0131 olan yataqdaca ke\u00e7inir. Bir s\u00f6zl\u0259, 2 minlik \u0259halisi olan k\u0259nd \u00fc\u00e7\u00fcn yol h\u0259r \u015feydir. Bizim yollarda pal\u00e7\u0131qdan add\u0131mlamaq olmur. Pal\u00e7\u0131qda \u015f\u00fct\u00fcy\u0259n ma\u015f\u0131nlar s\u00fcr\u00fc\u015f\u00fcb piyadalara d\u0259yir, adamlar x\u0259sar\u0259t al\u0131r\u201d.\n<\/p>\n<blockquote><p>\n  Ayaqqab\u0131lar\u0131n \u00fcst\u00fcn\u0259 klyonka ba\u011flay\u0131ram\n<\/p><\/blockquote>\n<p>\n  K\u0259nd sakini Hicran \u018fliyeva gileyl\u0259nir ki, yollar\u0131 ya\u011f\u0131\u015fda, pal\u00e7\u0131qda ir\u0259lil\u0259m\u0259k olmur. M\u0259cbur olub yol ma\u015f\u0131nlar\u0131ndan istifad\u0259 edirl\u0259r. Bu da baha ba\u015fa g\u0259lir:\n<\/p>\n<p>\n  \u201c2-3 manatl\u0131q yolu b\u0259z\u0259n 8-10 manata g\u0259lm\u0259li oluruq. \u00c7\u00fcnki s\u00fcr\u00fcc\u00fc s\u0259rni\u015fini d\u00fc\u015f\u00fcr\u0259nd\u0259n sonra gedib ma\u015f\u0131n\u0131n alt\u0131n\u0131, t\u0259k\u0259rini d\u00fcz\u0259ltdirm\u0259lidir. Da\u015fl\u0131-k\u0259s\u0259kli yollard\u0131r, u\u015faqlar m\u0259kt\u0259b\u0259 y\u0131x\u0131la-dura gedib g\u0259lirl\u0259r. \u015e\u0259xs\u0259n m\u0259n q\u0131z\u0131m\u0131n aya\u011f\u0131na ayaqqab\u0131lar\u0131n\u0131n \u00fcst\u00fcnd\u0259n klyonka ba\u011flay\u0131ram, deyir, ana, bel\u0259 g\u0259zm\u0259y\u0259 utan\u0131ram. Deyir\u0259m, ana qurban, g\u00f6r\u00fcrs\u0259n ki, yek\u0259-yek\u0259 ki\u015fil\u0259r d\u0259 bel\u0259 g\u0259zir. M\u00fc\u0259llim\u0259 d\u0259 i\u015f\u0259 qalo\u015fla gedib g\u0259l\u0259r? Bizim k\u0259ndd\u0259 bel\u0259dir\u201d.\n<\/p>\n<h3>\n  T\u0259cili yard\u0131m k\u0259nd\u0259 yeti\u015f\u0259 bilmir<br \/>\n<\/h3>\n<p>\n  K\u0259nd yollar\u0131n\u0131n da\u015fl\u0131-k\u0259s\u0259kli olmas\u0131 q\u0131\u015fda daha \u00e7ox \u00e7\u0259tinlik yarad\u0131r. K\u0259nd\u0259 t\u0259cili yard\u0131m ma\u015f\u0131n\u0131 yeti\u015f\u0259 bilmir. Yollar ma\u015f\u0131nlar\u0131n tez-tez s\u0131radan \u00e7\u0131xmas\u0131na s\u0259b\u0259b olur.\n<\/p>\n<p>\n  Baltal\u0131n\u0131n 2 mind\u0259n \u00e7ox \u0259halisi var. \u018fhali \u0259sas\u0259n tax\u0131l\u00e7\u0131l\u0131q v\u0259 t\u0259r\u0259v\u0259z\u00e7ilikl\u0259 m\u0259\u015f\u011ful olur. Ancaq yol problemi k\u0259nd t\u0259s\u0259rr\u00fcfat\u0131 m\u0259hsullar\u0131n\u0131n da\u015f\u0131nmas\u0131na \u0259ng\u0259l yaratd\u0131\u011f\u0131ndan \u0259halinin bir qismi \u0259kin\u00e7iliyin ba\u015f\u0131n\u0131 burax\u0131b.\n<\/p>\n<p>\n  \u201cYollar yenid\u0259n qurulacaq\u201d \u015e\u0259kid\u0259 yarars\u0131z yoluyla tan\u0131nan t\u0259kc\u0259 Baltal\u0131 deyil. Rayonun xeyli k\u0259ndind\u0259 bu problem m\u00f6vcuddur. \u015e\u0259ki \u015e\u0259h\u0259r \u0130cra Hakimiyy\u0259tind\u0259n bildirilib ki, tezlikl\u0259 yol problem qalmayacaq:\n<\/p>\n<p>\n  \u201c2019-cu ild\u0259 avtomobil yollar\u0131n\u0131n yenid\u0259n qurulmas\u0131 v\u0259 \u0259sasl\u0131 \u015f\u0259kild\u0259 b\u0259rpas\u0131 n\u0259z\u0259rd\u0259 tutulub. Bununla ba\u011fl\u0131 Avtomobil Yollar\u0131 D\u00f6vl\u0259t Agentliyi t\u0259r\u0259find\u0259n t\u0259dbirl\u0259r t\u0259rtib olunub. Qoxmuq-Baltal\u0131-Babaratma-Qarada\u011fl\u0131-Qudula-Da\u015f\u00fcz k\u0259ndl\u0259rini \u0259hat\u0259 ed\u0259n avtomobil yollar\u0131 yenid\u0259n qurulacaq\u201d.\n<\/p>\n<p>\n  Qurumdan bildirilib ki, yenid\u0259n qurulacaq yolun uzunlu\u011fu 33 kilometrdir. \u00c7\u0131nq\u0131l, qara \u00f6rt\u00fck v\u0259 asfalt-beton \u00f6rt\u00fckd\u0259n ibar\u0259t bu yol uzun ill\u0259r istismar olundu\u011fundan v\u0259 t\u0259miraras\u0131 istismar m\u00fcdd\u0259ti ke\u00e7diyind\u0259n yol \u00f6rt\u00fcy\u00fcnd\u0259 \u00e7alalar, \u00e7\u00f6km\u0259l\u0259r v\u0259 qabarmalar \u0259m\u0259l\u0259 g\u0259lib. \u00dcst\u0259lik yolun s\u0259viyy\u0259si yerin t\u0259bii relyefi il\u0259 eyni s\u0259viyy\u0259d\u0259 oldu\u011fundan, yolun torpaq yata\u011f\u0131 atmosfer v\u0259 qrunt sular\u0131n\u0131n t\u0259siri alt\u0131nda qalaraq yolun h\u0259r\u0259k\u0259t hiss\u0259si yuyulub. Bu yollar\u0131n t\u0259miri zaman\u0131 k\u0259ndi\u00e7i yollar da d\u00fcz\u0259ldil\u0259c\u0259k.<\/p>\n","protected":false},"excerpt":{"rendered":"<p>\u015e\u0259kinin bu k\u0259ndind\u0259ki yol problemi Sovet vaxt\u0131ndan miras qal\u0131b<\/p>\n","protected":false},"author":11,"featured_media":119135,"comment_status":"closed","ping_status":"open","sticky":false,"template":"","format":"standard","meta":{"_acf_changed":false,"_sitemap_exclude":false,"_sitemap_priority":"","_sitemap_frequency":"","footnotes":""},"categories":[60],"tags":[],"class_list":["post-194278","post","type-post","status-publish","format-standard","has-post-thumbnail","hentry","category-bolge","infinite-scroll-item","generate-columns","tablet-grid-50","mobile-grid-100","grid-parent","grid-33","no-featured-image-padding"],"acf":[],"yoast_head":"<!-- This site is optimized with the Yoast SEO plugin v27.4 - https:\/\/yoast.com\/product\/yoast-seo-wordpress\/ -->\n<title>Bu k\u0259ndd\u0259 m\u00fc\u0259lliml\u0259r m\u0259kt\u0259b\u0259 qalo\u015fla gedir - MEYDAN.TV<\/title>\n<meta name=\"robots\" content=\"index, follow, max-snippet:-1, max-image-preview:large, max-video-preview:-1\" \/>\n<link rel=\"canonical\" href=\"https:\/\/www.meydan.tv\/az\/article\/bu-kendde-muellimler-mektebe-qalosla-gedir\/\" \/>\n<meta property=\"og:locale\" content=\"az_AZ\" \/>\n<meta property=\"og:type\" content=\"article\" \/>\n<meta property=\"og:title\" content=\"Bu k\u0259ndd\u0259 m\u00fc\u0259lliml\u0259r m\u0259kt\u0259b\u0259 qalo\u015fla gedir - MEYDAN.TV\" \/>\n<meta property=\"og:description\" content=\"\u015e\u0259kinin bu k\u0259ndind\u0259ki yol problemi Sovet vaxt\u0131ndan miras qal\u0131b\" \/>\n<meta property=\"og:url\" content=\"https:\/\/www.meydan.tv\/az\/article\/bu-kendde-muellimler-mektebe-qalosla-gedir\/\" \/>\n<meta property=\"og:site_name\" content=\"MEYDAN.TV\" \/>\n<meta property=\"article:published_time\" content=\"2019-02-28T21:25:07+00:00\" \/>\n<meta property=\"og:image\" content=\"https:\/\/www.meydan.tv\/wp-content\/uploads\/image_from_ios_3-1.jpg\" \/>\n\t<meta property=\"og:image:width\" content=\"750\" \/>\n\t<meta property=\"og:image:height\" content=\"856\" \/>\n\t<meta property=\"og:image:type\" content=\"image\/jpeg\" \/>\n<meta name=\"author\" content=\"user-manager\" \/>\n<meta name=\"twitter:card\" content=\"summary_large_image\" \/>\n<script type=\"application\/ld+json\" class=\"yoast-schema-graph\">{\"@context\":\"https:\\\/\\\/schema.org\",\"@graph\":[{\"@type\":\"Article\",\"@id\":\"https:\\\/\\\/www.meydan.tv\\\/az\\\/article\\\/bu-kendde-muellimler-mektebe-qalosla-gedir\\\/#article\",\"isPartOf\":{\"@id\":\"https:\\\/\\\/www.meydan.tv\\\/az\\\/article\\\/bu-kendde-muellimler-mektebe-qalosla-gedir\\\/\"},\"author\":{\"name\":\"user-manager\",\"@id\":\"https:\\\/\\\/www.meydan.tv\\\/az\\\/#\\\/schema\\\/person\\\/10d11eccf6da3662cf5fdab9806ea91a\"},\"headline\":\"Bu k\u0259ndd\u0259 m\u00fc\u0259lliml\u0259r m\u0259kt\u0259b\u0259 qalo\u015fla gedir\",\"datePublished\":\"2019-02-28T21:25:07+00:00\",\"mainEntityOfPage\":{\"@id\":\"https:\\\/\\\/www.meydan.tv\\\/az\\\/article\\\/bu-kendde-muellimler-mektebe-qalosla-gedir\\\/\"},\"wordCount\":737,\"publisher\":{\"@id\":\"https:\\\/\\\/www.meydan.tv\\\/az\\\/#organization\"},\"image\":{\"@id\":\"https:\\\/\\\/www.meydan.tv\\\/az\\\/article\\\/bu-kendde-muellimler-mektebe-qalosla-gedir\\\/#primaryimage\"},\"thumbnailUrl\":\"https:\\\/\\\/www.meydan.tv\\\/wp-content\\\/uploads\\\/image_from_ios_3-1.jpg\",\"articleSection\":[\"B\u00f6lg\u0259\"],\"inLanguage\":\"az\"},{\"@type\":\"WebPage\",\"@id\":\"https:\\\/\\\/www.meydan.tv\\\/az\\\/article\\\/bu-kendde-muellimler-mektebe-qalosla-gedir\\\/\",\"url\":\"https:\\\/\\\/www.meydan.tv\\\/az\\\/article\\\/bu-kendde-muellimler-mektebe-qalosla-gedir\\\/\",\"name\":\"Bu k\u0259ndd\u0259 m\u00fc\u0259lliml\u0259r m\u0259kt\u0259b\u0259 qalo\u015fla gedir - MEYDAN.TV\",\"isPartOf\":{\"@id\":\"https:\\\/\\\/www.meydan.tv\\\/az\\\/#website\"},\"primaryImageOfPage\":{\"@id\":\"https:\\\/\\\/www.meydan.tv\\\/az\\\/article\\\/bu-kendde-muellimler-mektebe-qalosla-gedir\\\/#primaryimage\"},\"image\":{\"@id\":\"https:\\\/\\\/www.meydan.tv\\\/az\\\/article\\\/bu-kendde-muellimler-mektebe-qalosla-gedir\\\/#primaryimage\"},\"thumbnailUrl\":\"https:\\\/\\\/www.meydan.tv\\\/wp-content\\\/uploads\\\/image_from_ios_3-1.jpg\",\"datePublished\":\"2019-02-28T21:25:07+00:00\",\"breadcrumb\":{\"@id\":\"https:\\\/\\\/www.meydan.tv\\\/az\\\/article\\\/bu-kendde-muellimler-mektebe-qalosla-gedir\\\/#breadcrumb\"},\"inLanguage\":\"az\",\"potentialAction\":[{\"@type\":\"ReadAction\",\"target\":[\"https:\\\/\\\/www.meydan.tv\\\/az\\\/article\\\/bu-kendde-muellimler-mektebe-qalosla-gedir\\\/\"]}]},{\"@type\":\"ImageObject\",\"inLanguage\":\"az\",\"@id\":\"https:\\\/\\\/www.meydan.tv\\\/az\\\/article\\\/bu-kendde-muellimler-mektebe-qalosla-gedir\\\/#primaryimage\",\"url\":\"https:\\\/\\\/www.meydan.tv\\\/wp-content\\\/uploads\\\/image_from_ios_3-1.jpg\",\"contentUrl\":\"https:\\\/\\\/www.meydan.tv\\\/wp-content\\\/uploads\\\/image_from_ios_3-1.jpg\",\"width\":750,\"height\":856,\"caption\":\"Source: meydan.tv\"},{\"@type\":\"BreadcrumbList\",\"@id\":\"https:\\\/\\\/www.meydan.tv\\\/az\\\/article\\\/bu-kendde-muellimler-mektebe-qalosla-gedir\\\/#breadcrumb\",\"itemListElement\":[{\"@type\":\"ListItem\",\"position\":1,\"name\":\"Ana s\u0259hif\u0259\",\"item\":\"https:\\\/\\\/www.meydan.tv\\\/az\\\/\"},{\"@type\":\"ListItem\",\"position\":2,\"name\":\"B\u00f6lg\u0259\",\"item\":\"https:\\\/\\\/www.meydan.tv\\\/az\\\/section\\\/bolge\\\/\"},{\"@type\":\"ListItem\",\"position\":3,\"name\":\"Bu k\u0259ndd\u0259 m\u00fc\u0259lliml\u0259r m\u0259kt\u0259b\u0259 qalo\u015fla gedir\"}]},{\"@type\":\"WebSite\",\"@id\":\"https:\\\/\\\/www.meydan.tv\\\/az\\\/#website\",\"url\":\"https:\\\/\\\/www.meydan.tv\\\/az\\\/\",\"name\":\"MEYDAN.TV\",\"description\":\"Meydan TV Az\u0259rbaycan\u0131n media m\u0259kan\u0131ndak\u0131 alternativ s\u0259sidir\",\"publisher\":{\"@id\":\"https:\\\/\\\/www.meydan.tv\\\/az\\\/#organization\"},\"potentialAction\":[{\"@type\":\"SearchAction\",\"target\":{\"@type\":\"EntryPoint\",\"urlTemplate\":\"https:\\\/\\\/www.meydan.tv\\\/az\\\/?s={search_term_string}\"},\"query-input\":{\"@type\":\"PropertyValueSpecification\",\"valueRequired\":true,\"valueName\":\"search_term_string\"}}],\"inLanguage\":\"az\"},{\"@type\":\"Organization\",\"@id\":\"https:\\\/\\\/www.meydan.tv\\\/az\\\/#organization\",\"name\":\"Meydan TV\",\"url\":\"https:\\\/\\\/www.meydan.tv\\\/az\\\/\",\"logo\":{\"@type\":\"ImageObject\",\"inLanguage\":\"az\",\"@id\":\"https:\\\/\\\/www.meydan.tv\\\/az\\\/#\\\/schema\\\/logo\\\/image\\\/\",\"url\":\"https:\\\/\\\/www.meydan.tv\\\/wp-content\\\/uploads\\\/2021\\\/07\\\/meydan-logo.svg\",\"contentUrl\":\"https:\\\/\\\/www.meydan.tv\\\/wp-content\\\/uploads\\\/2021\\\/07\\\/meydan-logo.svg\",\"width\":195,\"height\":46,\"caption\":\"Meydan TV\"},\"image\":{\"@id\":\"https:\\\/\\\/www.meydan.tv\\\/az\\\/#\\\/schema\\\/logo\\\/image\\\/\"}},{\"@type\":\"Person\",\"@id\":\"https:\\\/\\\/www.meydan.tv\\\/az\\\/#\\\/schema\\\/person\\\/10d11eccf6da3662cf5fdab9806ea91a\",\"name\":\"user-manager\"}]}<\/script>\n<!-- \/ Yoast SEO plugin. -->","yoast_head_json":{"title":"Bu k\u0259ndd\u0259 m\u00fc\u0259lliml\u0259r m\u0259kt\u0259b\u0259 qalo\u015fla gedir - MEYDAN.TV","robots":{"index":"index","follow":"follow","max-snippet":"max-snippet:-1","max-image-preview":"max-image-preview:large","max-video-preview":"max-video-preview:-1"},"canonical":"https:\/\/www.meydan.tv\/az\/article\/bu-kendde-muellimler-mektebe-qalosla-gedir\/","og_locale":"az_AZ","og_type":"article","og_title":"Bu k\u0259ndd\u0259 m\u00fc\u0259lliml\u0259r m\u0259kt\u0259b\u0259 qalo\u015fla gedir - MEYDAN.TV","og_description":"\u015e\u0259kinin bu k\u0259ndind\u0259ki yol problemi Sovet vaxt\u0131ndan miras qal\u0131b","og_url":"https:\/\/www.meydan.tv\/az\/article\/bu-kendde-muellimler-mektebe-qalosla-gedir\/","og_site_name":"MEYDAN.TV","article_published_time":"2019-02-28T21:25:07+00:00","og_image":[{"width":750,"height":856,"url":"https:\/\/www.meydan.tv\/wp-content\/uploads\/image_from_ios_3-1.jpg","type":"image\/jpeg"}],"author":"user-manager","twitter_card":"summary_large_image","schema":{"@context":"https:\/\/schema.org","@graph":[{"@type":"Article","@id":"https:\/\/www.meydan.tv\/az\/article\/bu-kendde-muellimler-mektebe-qalosla-gedir\/#article","isPartOf":{"@id":"https:\/\/www.meydan.tv\/az\/article\/bu-kendde-muellimler-mektebe-qalosla-gedir\/"},"author":{"name":"user-manager","@id":"https:\/\/www.meydan.tv\/az\/#\/schema\/person\/10d11eccf6da3662cf5fdab9806ea91a"},"headline":"Bu k\u0259ndd\u0259 m\u00fc\u0259lliml\u0259r m\u0259kt\u0259b\u0259 qalo\u015fla gedir","datePublished":"2019-02-28T21:25:07+00:00","mainEntityOfPage":{"@id":"https:\/\/www.meydan.tv\/az\/article\/bu-kendde-muellimler-mektebe-qalosla-gedir\/"},"wordCount":737,"publisher":{"@id":"https:\/\/www.meydan.tv\/az\/#organization"},"image":{"@id":"https:\/\/www.meydan.tv\/az\/article\/bu-kendde-muellimler-mektebe-qalosla-gedir\/#primaryimage"},"thumbnailUrl":"https:\/\/www.meydan.tv\/wp-content\/uploads\/image_from_ios_3-1.jpg","articleSection":["B\u00f6lg\u0259"],"inLanguage":"az"},{"@type":"WebPage","@id":"https:\/\/www.meydan.tv\/az\/article\/bu-kendde-muellimler-mektebe-qalosla-gedir\/","url":"https:\/\/www.meydan.tv\/az\/article\/bu-kendde-muellimler-mektebe-qalosla-gedir\/","name":"Bu k\u0259ndd\u0259 m\u00fc\u0259lliml\u0259r m\u0259kt\u0259b\u0259 qalo\u015fla gedir - MEYDAN.TV","isPartOf":{"@id":"https:\/\/www.meydan.tv\/az\/#website"},"primaryImageOfPage":{"@id":"https:\/\/www.meydan.tv\/az\/article\/bu-kendde-muellimler-mektebe-qalosla-gedir\/#primaryimage"},"image":{"@id":"https:\/\/www.meydan.tv\/az\/article\/bu-kendde-muellimler-mektebe-qalosla-gedir\/#primaryimage"},"thumbnailUrl":"https:\/\/www.meydan.tv\/wp-content\/uploads\/image_from_ios_3-1.jpg","datePublished":"2019-02-28T21:25:07+00:00","breadcrumb":{"@id":"https:\/\/www.meydan.tv\/az\/article\/bu-kendde-muellimler-mektebe-qalosla-gedir\/#breadcrumb"},"inLanguage":"az","potentialAction":[{"@type":"ReadAction","target":["https:\/\/www.meydan.tv\/az\/article\/bu-kendde-muellimler-mektebe-qalosla-gedir\/"]}]},{"@type":"ImageObject","inLanguage":"az","@id":"https:\/\/www.meydan.tv\/az\/article\/bu-kendde-muellimler-mektebe-qalosla-gedir\/#primaryimage","url":"https:\/\/www.meydan.tv\/wp-content\/uploads\/image_from_ios_3-1.jpg","contentUrl":"https:\/\/www.meydan.tv\/wp-content\/uploads\/image_from_ios_3-1.jpg","width":750,"height":856,"caption":"Source: meydan.tv"},{"@type":"BreadcrumbList","@id":"https:\/\/www.meydan.tv\/az\/article\/bu-kendde-muellimler-mektebe-qalosla-gedir\/#breadcrumb","itemListElement":[{"@type":"ListItem","position":1,"name":"Ana s\u0259hif\u0259","item":"https:\/\/www.meydan.tv\/az\/"},{"@type":"ListItem","position":2,"name":"B\u00f6lg\u0259","item":"https:\/\/www.meydan.tv\/az\/section\/bolge\/"},{"@type":"ListItem","position":3,"name":"Bu k\u0259ndd\u0259 m\u00fc\u0259lliml\u0259r m\u0259kt\u0259b\u0259 qalo\u015fla gedir"}]},{"@type":"WebSite","@id":"https:\/\/www.meydan.tv\/az\/#website","url":"https:\/\/www.meydan.tv\/az\/","name":"MEYDAN.TV","description":"Meydan TV Az\u0259rbaycan\u0131n media m\u0259kan\u0131ndak\u0131 alternativ s\u0259sidir","publisher":{"@id":"https:\/\/www.meydan.tv\/az\/#organization"},"potentialAction":[{"@type":"SearchAction","target":{"@type":"EntryPoint","urlTemplate":"https:\/\/www.meydan.tv\/az\/?s={search_term_string}"},"query-input":{"@type":"PropertyValueSpecification","valueRequired":true,"valueName":"search_term_string"}}],"inLanguage":"az"},{"@type":"Organization","@id":"https:\/\/www.meydan.tv\/az\/#organization","name":"Meydan TV","url":"https:\/\/www.meydan.tv\/az\/","logo":{"@type":"ImageObject","inLanguage":"az","@id":"https:\/\/www.meydan.tv\/az\/#\/schema\/logo\/image\/","url":"https:\/\/www.meydan.tv\/wp-content\/uploads\/2021\/07\/meydan-logo.svg","contentUrl":"https:\/\/www.meydan.tv\/wp-content\/uploads\/2021\/07\/meydan-logo.svg","width":195,"height":46,"caption":"Meydan TV"},"image":{"@id":"https:\/\/www.meydan.tv\/az\/#\/schema\/logo\/image\/"}},{"@type":"Person","@id":"https:\/\/www.meydan.tv\/az\/#\/schema\/person\/10d11eccf6da3662cf5fdab9806ea91a","name":"user-manager"}]}},"_links":{"self":[{"href":"https:\/\/www.meydan.tv\/az\/wp-json\/wp\/v2\/posts\/194278","targetHints":{"allow":["GET"]}}],"collection":[{"href":"https:\/\/www.meydan.tv\/az\/wp-json\/wp\/v2\/posts"}],"about":[{"href":"https:\/\/www.meydan.tv\/az\/wp-json\/wp\/v2\/types\/post"}],"author":[{"embeddable":true,"href":"https:\/\/www.meydan.tv\/az\/wp-json\/wp\/v2\/users\/11"}],"replies":[{"embeddable":true,"href":"https:\/\/www.meydan.tv\/az\/wp-json\/wp\/v2\/comments?post=194278"}],"version-history":[{"count":0,"href":"https:\/\/www.meydan.tv\/az\/wp-json\/wp\/v2\/posts\/194278\/revisions"}],"wp:featuredmedia":[{"embeddable":true,"href":"https:\/\/www.meydan.tv\/az\/wp-json\/wp\/v2\/media\/119135"}],"wp:attachment":[{"href":"https:\/\/www.meydan.tv\/az\/wp-json\/wp\/v2\/media?parent=194278"}],"wp:term":[{"taxonomy":"category","embeddable":true,"href":"https:\/\/www.meydan.tv\/az\/wp-json\/wp\/v2\/categories?post=194278"},{"taxonomy":"post_tag","embeddable":true,"href":"https:\/\/www.meydan.tv\/az\/wp-json\/wp\/v2\/tags?post=194278"}],"curies":[{"name":"wp","href":"https:\/\/api.w.org\/{rel}","templated":true}]}}