{"id":194277,"date":"2019-02-28T21:20:33","date_gmt":"2019-02-28T21:20:33","guid":{"rendered":"https:\/\/www.meydan.tv\/article\/sahhuseynliler-torpaqlar-elimizden-alinib-heyvandarliq-mehv-edilib\/"},"modified":"2019-02-28T21:20:33","modified_gmt":"2019-02-28T21:20:33","slug":"sahhuseynliler-torpaqlar-elimizden-alinib-heyvandarliq-mehv-edilib","status":"publish","type":"post","link":"https:\/\/www.meydan.tv\/az\/article\/sahhuseynliler-torpaqlar-elimizden-alinib-heyvandarliq-mehv-edilib\/","title":{"rendered":"\u015eahh\u00fcseynlil\u0259r: Torpaqlar \u0259limizd\u0259n al\u0131n\u0131b, heyvandarl\u0131q m\u0259hv edilib"},"content":{"rendered":"<p>\n  \u201c5-6 il \u0259vv\u0259l\u0259d\u0259k k\u0259ndlil\u0259rin istifad\u0259sind\u0259 olan 700 hektardan \u00e7ox sah\u0259 sat\u0131l\u0131b. K\u0259ndlil\u0259r iribuynuzlu v\u0259 x\u0131rdabuynuzlu heyvanlar\u0131 h\u0259y\u0259tyan\u0131 sah\u0259l\u0259rind\u0259ki t\u00f6vl\u0259l\u0259rd\u0259 saxlamaq m\u0259cburiyy\u0259tind\u0259 qal\u0131b. Buna g\u00f6r\u0259 d\u0259 doyunca ot yem\u0259y\u0259n, hava g\u00f6rm\u0259y\u0259n heyvanlar baladan, s\u00fcdd\u0259n k\u0259silib. N\u0259tic\u0259d\u0259 z\u0259r\u0259rini k\u0259ndli \u00e7\u0259kir\u201d.\n<\/p>\n<blockquote><p>\n  Olan-qalan heyvanlar\u0131 t\u00f6vl\u0259d\u0259 saxlay\u0131r\u0131q\n<\/p><\/blockquote>\n<p>\n  Z\u0259rdab\u0131n \u015eahh\u00fcseynli k\u0259nd sakinl\u0259ri Meydan TV-y\u0259 dan\u0131\u015f\u0131rlar ki, uzun ill\u0259rdir faktiki istifad\u0259l\u0259rind\u0259 olan \u00f6r\u00fc\u015f sah\u0259l\u0259ri rayonun v\u0259zif\u0259li \u015f\u0259xsl\u0259ri t\u0259r\u0259find\u0259n hiss\u0259-hiss\u0259 olmaqla d\u00f6rd n\u0259f\u0259r\u0259 sat\u0131l\u0131b. H\u0259min \u015f\u0259xsl\u0259r bu \u0259razil\u0259rin bir hiss\u0259sind\u0259 fermalar tikib, bir hiss\u0259sini \u0259kin sah\u0259l\u0259rin\u0259 \u00e7eviribl\u0259r. Bununla da k\u0259ndlil\u0259rin \u0259sas m\u0259\u015f\u011fuliyy\u0259ti v\u0259 dolan\u0131\u015f\u0131q yeri olan heyvandarl\u0131q iflasa u\u011fray\u0131b. Heyvan saxlamaq \u00fc\u00e7\u00fcn \u015f\u0259raiti olmayan k\u0259ndlil\u0259rin bir qismi heyvanlar\u0131n\u0131 satmaq m\u0259cburiyy\u0259tind\u0259 qal\u0131b. T\u00f6vl\u0259l\u0259rd\u0259 saxlanan heyvanlardansa \u0259vv\u0259lki kimi \u0259t, s\u00fcd, bala g\u00f6t\u00fcrm\u0259k m\u00fcmk\u00fcn deyil. K\u0259nd sakinl\u0259rinin s\u00f6zl\u0259rin\u0259 g\u00f6r\u0259, bu probleml\u0259ri ictimail\u0259\u015fdirm\u0259k ist\u0259y\u0259nd\u0259 rayondak\u0131 v\u0259zif\u0259lil\u0259rin t\u0259hdidl\u0259ri il\u0259 \u00fczl\u0259\u015firl\u0259r:\n<\/p>\n<blockquote><p>\n  Kim dan\u0131\u015f\u0131rsa, h\u0259d\u0259l\u0259nir\n<\/p><\/blockquote>\n<p>\n  \u201cKim \u015fikay\u0259t edir, ya ail\u0259 \u00fczv\u00fcn\u00fc, ya hans\u0131sa qohumunu i\u015fd\u0259n \u00e7\u0131xar\u0131rlar, incidirl\u0259r, qohumlar\u0131 \u00fcz-\u00fcz\u0259 qoyurlar. Bu yax\u0131nlarda k\u0259nd\u0259 hans\u0131sa internet tv-d\u0259n \u00e7\u0259kili\u015f g\u0259ldi, \u00e7\u0259kdi, icra hakimiyy\u0259tinin i\u015f\u00e7il\u0259ri tutub kameras\u0131n\u0131 \u0259lind\u0259n ald\u0131lar, \u00e7\u0259kdiyini sildil\u0259r, yola sald\u0131lar. Sonra da adamlar\u0131 h\u0259d\u0259l\u0259dil\u0259r. Prezindent\u0259, Birinci vitse-prezident\u0259, prokurorlu\u011fa yazd\u0131\u011f\u0131m\u0131z \u015fikay\u0259t m\u0259ktublar\u0131 cavabs\u0131z qalandan sonra anlad\u0131q ki, h\u0259r \u015fey m\u0259nas\u0131zd\u0131r. Yazd\u0131qlar\u0131m\u0131z rayonun v\u0259zif\u0259li \u015f\u0259xsl\u0259rin\u0259 g\u00f6nd\u0259rilir, ara yerd\u0259 incidilirik. Ona g\u00f6r\u0259 d\u0259 \u015fikay\u0259timizi \u00fcmumi k\u0259nd sakinl\u0259rinin ad\u0131ndan i\u015f\u0131qland\u0131r\u0131n ki, ba\u015f\u0131m\u0131z b\u0259laya girm\u0259sin.\n<\/p>\n<p>\n  Sad\u0259c\u0259, bu m\u0259s\u0259l\u0259nin ictimail\u0259\u015fm\u0259sini ist\u0259yirik, g\u00f6rs\u00fcnl\u0259r ki, k\u0259ndimizd\u0259 n\u0259l\u0259r ba\u015f verir\u201d.\n<\/p>\n<h3>\n  Bu torpaqda 400 ail\u0259 heyvan otar\u0131rm\u0131\u015f<br \/>\n<\/h3>\n<p>\n  Sakinl\u0259r deyir, sat\u0131lan \u0259razi 700 hektardan \u00e7oxdur. \u018fslind\u0259 \u0259razi \u0259kin \u00fc\u00e7\u00fcn n\u0259z\u0259rd\u0259 tutulub, ancaq su olmad\u0131\u011f\u0131ndan \u0259kib-bec\u0259rm\u0259k m\u00fcmk\u00fcn olmay\u0131b. Ona g\u00f6r\u0259 d\u0259 otlaq sah\u0259sin\u0259 \u00e7eviribl\u0259r. 400 ail\u0259 \u00f6z heyvanlar\u0131n\u0131 burada otar\u0131rm\u0131\u015f:\n<\/p>\n<p>\n  \u201cSu olmad\u0131\u011f\u0131na g\u00f6r\u0259 pay torpa\u011f\u0131 kimi b\u00f6l\u00fcnm\u0259di, mal-qara \u00fc\u00e7\u00fcn otlaq sah\u0259si el\u0259dik. K\u0259ndd\u0259ki h\u0259r ail\u0259y\u0259 1 hektardan \u00e7ox yer d\u00fc\u015fm\u00fc\u015fd\u00fc. 400 ail\u0259 ill\u0259r idi ki, \u00e7ox mehriban qaydada bu torpaqlarda mal-qara otar\u0131rd\u0131lar. Sonra sah\u0259l\u0259r\u0259 su \u00e7\u0259kildi, onda da g\u0259lib \u0259limizd\u0259n ald\u0131lar. \u0130ndi ham\u0131 heyvan\u0131 t\u00f6vl\u0259d\u0259, h\u0259y\u0259td\u0259 saxlay\u0131r, heyvanlar doyunca ot yemir, s\u00fcd vermir, k\u00f6k\u0259lmir, x\u0259st\u0259lik tap\u0131r. Ot tayas\u0131 da bahad\u0131r, k\u0259ndlid\u0259 h\u0259r d\u0259f\u0259 taya alma\u011fa imkan olmur. N\u0259 \u0259kin yerimiz var, n\u0259 otlaq yerimiz&#8230; N\u0259 d\u0259 h\u00f6kum\u0259t i\u015f verir ki, i\u015fl\u0259yib dolanaq. \u018flimizd\u0259n al\u0131nan torpaqlarda ferma tikilib, yonca, tax\u0131l, pamb\u0131q \u0259kilib. \u00d6z\u00fcm\u00fcz\u00fc sah\u0259l\u0259r\u0259 yax\u0131n buraxm\u0131rlar\u201d.\n<\/p>\n<p>\n  \u0130\u015f oras\u0131ndad\u0131r ki, k\u0259ndlil\u0259rin heyvan otard\u0131qlar\u0131 \u0259razil\u0259r\u0259 k\u0259nardan yox, el\u0259 k\u0259ndd\u0259n \u0259l qoyulub. Torpaqlar\u0131 alanlar k\u0259ndin bir ne\u00e7\u0259 imkanl\u0131 sakinidir.\n<\/p>\n<blockquote><p>\n  Yul\u011fun a\u011faclar\u0131n\u0131 k\u0259sib sah\u0259d\u0259 istifad\u0259 edirl\u0259r\n<\/p><\/blockquote>\n<p>\n  \u201cBizi aldad\u0131rlar ki, arxay\u0131n olun, yax\u0131n vaxtlarda torpaqlar bo\u015fald\u0131l\u0131b \u00f6z\u00fcn\u00fcz\u0259 qaytar\u0131lacaq, yen\u0259 heyvanlar\u0131n\u0131z\u0131 orada otaracaqs\u0131z. Ancaq 6 ild\u0259n \u00e7ox vaxt ke\u00e7ir v\u0259 h\u0259r il eyni v\u0259dl\u0259ri e\u015fitm\u0259kd\u0259n doymu\u015fuq. M\u0259murlar bizi aldatd\u0131qca, torpa\u011f\u0131 alanlar o t\u0259r\u0259fd\u0259 \u00f6z \u0259kin i\u015fl\u0259rini geni\u015fl\u0259ndirirl\u0259r, fermalar\u0131n\u0131 art\u0131r\u0131rlar\u201d.\n<\/p>\n<p>\n  K\u0259ndlil\u0259rin \u0259lind\u0259n al\u0131nm\u0131\u015f al\u0131nm\u0131\u015f torpaqlarda xeyli sayda yul\u011fun agaclar\u0131 olub. (Bu a\u011faclar Q\u0131rm\u0131z\u0131 Kitaba d\u00fc\u015f\u00fcb, k\u0259silm\u0259si qada\u011fand\u0131r). K\u0259ndlil\u0259rin dem\u0259sin\u0259 g\u00f6r\u0259, torpaqlar al\u0131nandan sonra h\u0259min a\u011faclar da q\u0131r\u0131laraq \u0259kin sah\u0259sind\u0259 istifad\u0259 olunur.\n<\/p>\n<p>\n  \u015eahh\u00fcseynlinin \u0259halisinin say\u0131 2 mind\u0259n \u00e7oxdur. K\u0259ndlil\u0259r deyir, bir t\u0259r\u0259fd\u0259n i\u015fsizlik, bir t\u0259r\u0259fd\u0259n d\u0259 k\u0259nd t\u0259s\u0259rr\u00fcfat\u0131 il\u0259 m\u0259\u015f\u011fuliyy\u0259t\u0259 yarad\u0131lan \u0259ng\u0259ll\u0259r \u00fcz\u00fcnd\u0259n \u0259halinin i\u015f qabiliyy\u0259tli t\u0259b\u0259q\u0259si Rusiyaya k\u00f6\u00e7\u00fcb v\u0259 orada i\u015fl\u0259yib, ya\u015fay\u0131r:\n<\/p>\n<p>\n  \u201cK\u0259ndimizd\u0259n Rusiyaya ged\u0259nl\u0259rin say\u0131 500-d\u0259n \u00e7oxdur, \u0259n ac\u0131nacaql\u0131s\u0131 odur ki, ged\u0259nl\u0259r orda \u00f6z i\u015fl\u0259rini, h\u0259yatlar\u0131n\u0131 qurublar, h\u0259mi\u015f\u0259lik orada ya\u015fama\u011fa q\u0259rar veribl\u0259r. V\u0259ziyy\u0259t bel\u0259 davam ed\u0259rs\u0259, q\u0131sa vaxtda k\u0259nd bo\u015falacaq. Adamlar yem\u0259y\u0259 \u00e7\u00f6r\u0259k tapm\u0131r, yegan\u0259 \u00fcmidi torpa\u011fad\u0131r, onu da \u0259lind\u0259n al\u0131rlar\u201d.\n<\/p>\n<h3>\n  Prezident\u0259 m\u0259ktub v\u0259&#8230;<br \/>\n<\/h3>\n<p>\n  K\u0259nd sakinl\u0259ri bu aralar n\u00f6vb\u0259ti d\u0259f\u0259 \u00f6lk\u0259 ba\u015f\u00e7\u0131s\u0131na m\u00fcraci\u0259t edibl\u0259r: \u201cC\u0259nab prezident, k\u0259ndimizd\u0259 b\u00fct\u00fcn sah\u0259l\u0259r bir ne\u00e7\u0259 n\u0259f\u0259rin \u0259lind\u0259 birl\u0259\u015fib. Yal\u0131n\u0131z onlar \u0259kir, bi\u00e7ir, faydalan\u0131rlar. Biz he\u00e7 pay torpaqlar\u0131m\u0131z\u0131 da \u0259kib bec\u0259r\u0259 bilmirik. \u00c7\u00fcnki su, texnika, mineral v\u0259 \u00fczvi g\u00fcbr\u0259l\u0259r bir qrup adam\u0131n \u0259lind\u0259dir, biz\u0259 verilmir. Su laz\u0131m oldu-olmad\u0131, yaln\u0131z onlar\u0131n sah\u0259l\u0259rin\u0259 ax\u0131d\u0131l\u0131r. Bizs\u0259 h\u0259rt\u0259r\u0259fli korluq i\u00e7ind\u0259yik. \u018fsas f\u0259aliyy\u0259timiz \u0259kin\u00e7ilik v\u0259 heyvandarl\u0131q olmal\u0131d\u0131r, ancaq sadalad\u0131\u011f\u0131m\u0131z s\u0259b\u0259bl\u0259rd\u0259n he\u00e7 biriyl\u0259 m\u0259\u015f\u011ful ola bilmirik. N\u0259tic\u0259d\u0259 onsuz da ac\u0131nacaql\u0131 durumumuz getdikc\u0259 daha da pisl\u0259\u015fir. Bunlar o q\u0259d\u0259r acg\u00f6zl\u0259\u015fibl\u0259r ki, k\u0259ndd\u0259 bir qar\u0131\u015f da torpaq sah\u0259si qoymurlar, ham\u0131s\u0131n\u0131 \u0259l\u0259 ke\u00e7irirl\u0259r. \u00d6r\u00fc\u015f sah\u0259l\u0259rimizi \u0259l\u0259 ke\u00e7irib \u00f6zl\u0259ri \u00fc\u00e7\u00fcn \u0259kin sah\u0259l\u0259rin\u0259, fermalar\u0131 \u00fc\u00e7\u00fcn yataq yerin\u0259 \u00e7eviribl\u0259r. C\u0259mi 3-4 n\u0259f\u0259r cibl\u0259r\u0259 r\u00fc\u015fv\u0259td\u0259n bas\u0131b k\u0259ndd\u0259 s\u0259n\u0259dli-s\u0259n\u0259dsiz, zor hesab\u0131na h\u0259r yer\u0259, h\u0259r \u015fey\u0259 sahibl\u0259nib\u201d.\n<\/p>\n<p>\n  Sakinl\u0259r prezidentd\u0259n k\u0259ndd\u0259ki bu durumun ara\u015fd\u0131r\u0131lmas\u0131na g\u00f6st\u0259ri\u015f verm\u0259sini, m\u0259s\u0259l\u0259ni n\u0259zar\u0259t\u0259 g\u00f6t\u00fcrm\u0259sini ist\u0259yibl\u0259r. Ancaq dem\u0259l\u0259rin\u0259 g\u00f6r\u0259, prezidentd\u0259n s\u0259s \u00e7\u0131xmasa da, yerli icra hakimiyy\u0259tind\u0259n s\u0259s \u00e7\u0131x\u0131b. Sakinl\u0259r, bir d\u0259 yuxar\u0131lara yazarlarsa, yax\u0131n qohumlar\u0131n\u0131n i\u015fsiz qalaca\u011f\u0131, \u0259ll\u0259rind\u0259ki olan-qalan imkanlardan da m\u0259hrum olunacaqlar\u0131 il\u0259 h\u0259d\u0259l\u0259nibl\u0259r.\n<\/p>\n<p>\n  Z\u0259rdab Rayon \u0130cra Hakimiyy\u0259tind\u0259n is\u0259 bildirilib ki, k\u0259ndlil\u0259rin istifad\u0259l\u0259rind\u0259 pay torpaqlar\u0131 var. Pay torpaqlar\u0131n\u0131 \u0259km\u0259k \u00fc\u00e7\u00fcn h\u0259r c\u00fcr imkanlar\u0131 m\u00f6vcuddur. Onlar\u0131n istifad\u0259sind\u0259 olan torpaqlar\u0131n sat\u0131lmas\u0131na g\u0259linc\u0259, qurumdan bildirilib ki, k\u0259ndlil\u0259r h\u0259min torpaqlardan s\u0259n\u0259dsiz v\u0259 qanunsuz istifad\u0259 edibl\u0259r. Haz\u0131rda istifad\u0259 ed\u0259nl\u0259r d\u0259 eyni k\u0259ndin sakinl\u0259ridir, f\u0259rq ondad\u0131r ki, torpaqdan indiki istifad\u0259\u00e7il\u0259r i\u015fl\u0259rini qanuni qurublar, h\u0259min sah\u0259l\u0259r\u0259 g\u00f6r\u0259 icar\u0259 m\u00fcqavil\u0259l\u0259ri ba\u011flay\u0131blar: \u201cK\u0259ndlil\u0259rin naraz\u0131l\u0131\u011f\u0131 varsa, h\u0259min \u015f\u0259xsl\u0259r\u0259 qar\u015f\u0131 m\u0259hk\u0259m\u0259 iddias\u0131 qald\u0131rs\u0131nlar, m\u0259hk\u0259m\u0259 ara\u015fd\u0131rs\u0131n, kimin s\u0259n\u0259di var, kimin yoxdur, kimin f\u0259aliyy\u0259ti qanunidir, ya qanunsuzdur, h\u00fcquqi qiym\u0259t verilsin\u201d. Otlaq sah\u0259si q\u0131tl\u0131\u011f\u0131n\u0131n yaranmas\u0131 il\u0259 ba\u011fl\u0131 deyil\u0259nl\u0259r\u0259 is\u0259 qurumdan bel\u0259 cavab verilib ki, k\u0259ndd\u0259 heyvan otarmaq \u00fc\u00e7\u00fcn kifay\u0259t q\u0259d\u0259r sah\u0259 var.<\/p>\n","protected":false},"excerpt":{"rendered":"<p>Z\u0259rdab Rayon \u0130cra Hakimiyy\u0259tind\u0259n is\u0259 bildirilib ki, k\u0259ndlil\u0259rin istifad\u0259l\u0259rind\u0259 pay torpaqlar\u0131 var<\/p>\n","protected":false},"author":11,"featured_media":119138,"comment_status":"closed","ping_status":"open","sticky":false,"template":"","format":"standard","meta":{"_acf_changed":false,"_sitemap_exclude":false,"_sitemap_priority":"","_sitemap_frequency":"","footnotes":""},"categories":[60],"tags":[],"class_list":["post-194277","post","type-post","status-publish","format-standard","has-post-thumbnail","hentry","category-bolge","infinite-scroll-item","generate-columns","tablet-grid-50","mobile-grid-100","grid-parent","grid-33","no-featured-image-padding"],"acf":[],"yoast_head":"<!-- This site is optimized with the Yoast SEO plugin v27.4 - https:\/\/yoast.com\/product\/yoast-seo-wordpress\/ -->\n<title>\u015eahh\u00fcseynlil\u0259r: Torpaqlar \u0259limizd\u0259n al\u0131n\u0131b, heyvandarl\u0131q m\u0259hv edilib - MEYDAN.TV<\/title>\n<meta name=\"robots\" content=\"index, follow, max-snippet:-1, max-image-preview:large, max-video-preview:-1\" \/>\n<link rel=\"canonical\" href=\"https:\/\/www.meydan.tv\/az\/article\/sahhuseynliler-torpaqlar-elimizden-alinib-heyvandarliq-mehv-edilib\/\" \/>\n<meta property=\"og:locale\" content=\"az_AZ\" \/>\n<meta property=\"og:type\" content=\"article\" \/>\n<meta property=\"og:title\" content=\"\u015eahh\u00fcseynlil\u0259r: Torpaqlar \u0259limizd\u0259n al\u0131n\u0131b, heyvandarl\u0131q m\u0259hv edilib - MEYDAN.TV\" \/>\n<meta property=\"og:description\" content=\"Z\u0259rdab Rayon \u0130cra Hakimiyy\u0259tind\u0259n is\u0259 bildirilib ki, k\u0259ndlil\u0259rin istifad\u0259l\u0259rind\u0259 pay torpaqlar\u0131 var\" \/>\n<meta property=\"og:url\" content=\"https:\/\/www.meydan.tv\/az\/article\/sahhuseynliler-torpaqlar-elimizden-alinib-heyvandarliq-mehv-edilib\/\" \/>\n<meta property=\"og:site_name\" content=\"MEYDAN.TV\" \/>\n<meta property=\"article:published_time\" content=\"2019-02-28T21:20:33+00:00\" \/>\n<meta property=\"og:image\" content=\"https:\/\/www.meydan.tv\/wp-content\/uploads\/image_from_ios_4-1-scaled.jpg\" \/>\n\t<meta property=\"og:image:width\" content=\"2560\" \/>\n\t<meta property=\"og:image:height\" content=\"1440\" \/>\n\t<meta property=\"og:image:type\" content=\"image\/jpeg\" \/>\n<meta name=\"author\" content=\"user-manager\" \/>\n<meta name=\"twitter:card\" content=\"summary_large_image\" \/>\n<script type=\"application\/ld+json\" class=\"yoast-schema-graph\">{\"@context\":\"https:\\\/\\\/schema.org\",\"@graph\":[{\"@type\":\"Article\",\"@id\":\"https:\\\/\\\/www.meydan.tv\\\/az\\\/article\\\/sahhuseynliler-torpaqlar-elimizden-alinib-heyvandarliq-mehv-edilib\\\/#article\",\"isPartOf\":{\"@id\":\"https:\\\/\\\/www.meydan.tv\\\/az\\\/article\\\/sahhuseynliler-torpaqlar-elimizden-alinib-heyvandarliq-mehv-edilib\\\/\"},\"author\":{\"name\":\"user-manager\",\"@id\":\"https:\\\/\\\/www.meydan.tv\\\/az\\\/#\\\/schema\\\/person\\\/10d11eccf6da3662cf5fdab9806ea91a\"},\"headline\":\"\u015eahh\u00fcseynlil\u0259r: Torpaqlar \u0259limizd\u0259n al\u0131n\u0131b, heyvandarl\u0131q m\u0259hv edilib\",\"datePublished\":\"2019-02-28T21:20:33+00:00\",\"mainEntityOfPage\":{\"@id\":\"https:\\\/\\\/www.meydan.tv\\\/az\\\/article\\\/sahhuseynliler-torpaqlar-elimizden-alinib-heyvandarliq-mehv-edilib\\\/\"},\"wordCount\":1396,\"publisher\":{\"@id\":\"https:\\\/\\\/www.meydan.tv\\\/az\\\/#organization\"},\"image\":{\"@id\":\"https:\\\/\\\/www.meydan.tv\\\/az\\\/article\\\/sahhuseynliler-torpaqlar-elimizden-alinib-heyvandarliq-mehv-edilib\\\/#primaryimage\"},\"thumbnailUrl\":\"https:\\\/\\\/www.meydan.tv\\\/wp-content\\\/uploads\\\/image_from_ios_4-1-scaled.jpg\",\"articleSection\":[\"B\u00f6lg\u0259\"],\"inLanguage\":\"az\"},{\"@type\":\"WebPage\",\"@id\":\"https:\\\/\\\/www.meydan.tv\\\/az\\\/article\\\/sahhuseynliler-torpaqlar-elimizden-alinib-heyvandarliq-mehv-edilib\\\/\",\"url\":\"https:\\\/\\\/www.meydan.tv\\\/az\\\/article\\\/sahhuseynliler-torpaqlar-elimizden-alinib-heyvandarliq-mehv-edilib\\\/\",\"name\":\"\u015eahh\u00fcseynlil\u0259r: Torpaqlar \u0259limizd\u0259n al\u0131n\u0131b, heyvandarl\u0131q m\u0259hv edilib - MEYDAN.TV\",\"isPartOf\":{\"@id\":\"https:\\\/\\\/www.meydan.tv\\\/az\\\/#website\"},\"primaryImageOfPage\":{\"@id\":\"https:\\\/\\\/www.meydan.tv\\\/az\\\/article\\\/sahhuseynliler-torpaqlar-elimizden-alinib-heyvandarliq-mehv-edilib\\\/#primaryimage\"},\"image\":{\"@id\":\"https:\\\/\\\/www.meydan.tv\\\/az\\\/article\\\/sahhuseynliler-torpaqlar-elimizden-alinib-heyvandarliq-mehv-edilib\\\/#primaryimage\"},\"thumbnailUrl\":\"https:\\\/\\\/www.meydan.tv\\\/wp-content\\\/uploads\\\/image_from_ios_4-1-scaled.jpg\",\"datePublished\":\"2019-02-28T21:20:33+00:00\",\"breadcrumb\":{\"@id\":\"https:\\\/\\\/www.meydan.tv\\\/az\\\/article\\\/sahhuseynliler-torpaqlar-elimizden-alinib-heyvandarliq-mehv-edilib\\\/#breadcrumb\"},\"inLanguage\":\"az\",\"potentialAction\":[{\"@type\":\"ReadAction\",\"target\":[\"https:\\\/\\\/www.meydan.tv\\\/az\\\/article\\\/sahhuseynliler-torpaqlar-elimizden-alinib-heyvandarliq-mehv-edilib\\\/\"]}]},{\"@type\":\"ImageObject\",\"inLanguage\":\"az\",\"@id\":\"https:\\\/\\\/www.meydan.tv\\\/az\\\/article\\\/sahhuseynliler-torpaqlar-elimizden-alinib-heyvandarliq-mehv-edilib\\\/#primaryimage\",\"url\":\"https:\\\/\\\/www.meydan.tv\\\/wp-content\\\/uploads\\\/image_from_ios_4-1-scaled.jpg\",\"contentUrl\":\"https:\\\/\\\/www.meydan.tv\\\/wp-content\\\/uploads\\\/image_from_ios_4-1-scaled.jpg\",\"width\":2560,\"height\":1440,\"caption\":\"Source: Meydan.tv\"},{\"@type\":\"BreadcrumbList\",\"@id\":\"https:\\\/\\\/www.meydan.tv\\\/az\\\/article\\\/sahhuseynliler-torpaqlar-elimizden-alinib-heyvandarliq-mehv-edilib\\\/#breadcrumb\",\"itemListElement\":[{\"@type\":\"ListItem\",\"position\":1,\"name\":\"Ana s\u0259hif\u0259\",\"item\":\"https:\\\/\\\/www.meydan.tv\\\/az\\\/\"},{\"@type\":\"ListItem\",\"position\":2,\"name\":\"B\u00f6lg\u0259\",\"item\":\"https:\\\/\\\/www.meydan.tv\\\/az\\\/section\\\/bolge\\\/\"},{\"@type\":\"ListItem\",\"position\":3,\"name\":\"\u015eahh\u00fcseynlil\u0259r: Torpaqlar \u0259limizd\u0259n al\u0131n\u0131b, heyvandarl\u0131q m\u0259hv edilib\"}]},{\"@type\":\"WebSite\",\"@id\":\"https:\\\/\\\/www.meydan.tv\\\/az\\\/#website\",\"url\":\"https:\\\/\\\/www.meydan.tv\\\/az\\\/\",\"name\":\"MEYDAN.TV\",\"description\":\"Meydan TV Az\u0259rbaycan\u0131n media m\u0259kan\u0131ndak\u0131 alternativ s\u0259sidir\",\"publisher\":{\"@id\":\"https:\\\/\\\/www.meydan.tv\\\/az\\\/#organization\"},\"potentialAction\":[{\"@type\":\"SearchAction\",\"target\":{\"@type\":\"EntryPoint\",\"urlTemplate\":\"https:\\\/\\\/www.meydan.tv\\\/az\\\/?s={search_term_string}\"},\"query-input\":{\"@type\":\"PropertyValueSpecification\",\"valueRequired\":true,\"valueName\":\"search_term_string\"}}],\"inLanguage\":\"az\"},{\"@type\":\"Organization\",\"@id\":\"https:\\\/\\\/www.meydan.tv\\\/az\\\/#organization\",\"name\":\"Meydan TV\",\"url\":\"https:\\\/\\\/www.meydan.tv\\\/az\\\/\",\"logo\":{\"@type\":\"ImageObject\",\"inLanguage\":\"az\",\"@id\":\"https:\\\/\\\/www.meydan.tv\\\/az\\\/#\\\/schema\\\/logo\\\/image\\\/\",\"url\":\"https:\\\/\\\/www.meydan.tv\\\/wp-content\\\/uploads\\\/2021\\\/07\\\/meydan-logo.svg\",\"contentUrl\":\"https:\\\/\\\/www.meydan.tv\\\/wp-content\\\/uploads\\\/2021\\\/07\\\/meydan-logo.svg\",\"width\":195,\"height\":46,\"caption\":\"Meydan TV\"},\"image\":{\"@id\":\"https:\\\/\\\/www.meydan.tv\\\/az\\\/#\\\/schema\\\/logo\\\/image\\\/\"}},{\"@type\":\"Person\",\"@id\":\"https:\\\/\\\/www.meydan.tv\\\/az\\\/#\\\/schema\\\/person\\\/10d11eccf6da3662cf5fdab9806ea91a\",\"name\":\"user-manager\"}]}<\/script>\n<!-- \/ Yoast SEO plugin. -->","yoast_head_json":{"title":"\u015eahh\u00fcseynlil\u0259r: Torpaqlar \u0259limizd\u0259n al\u0131n\u0131b, heyvandarl\u0131q m\u0259hv edilib - MEYDAN.TV","robots":{"index":"index","follow":"follow","max-snippet":"max-snippet:-1","max-image-preview":"max-image-preview:large","max-video-preview":"max-video-preview:-1"},"canonical":"https:\/\/www.meydan.tv\/az\/article\/sahhuseynliler-torpaqlar-elimizden-alinib-heyvandarliq-mehv-edilib\/","og_locale":"az_AZ","og_type":"article","og_title":"\u015eahh\u00fcseynlil\u0259r: Torpaqlar \u0259limizd\u0259n al\u0131n\u0131b, heyvandarl\u0131q m\u0259hv edilib - MEYDAN.TV","og_description":"Z\u0259rdab Rayon \u0130cra Hakimiyy\u0259tind\u0259n is\u0259 bildirilib ki, k\u0259ndlil\u0259rin istifad\u0259l\u0259rind\u0259 pay torpaqlar\u0131 var","og_url":"https:\/\/www.meydan.tv\/az\/article\/sahhuseynliler-torpaqlar-elimizden-alinib-heyvandarliq-mehv-edilib\/","og_site_name":"MEYDAN.TV","article_published_time":"2019-02-28T21:20:33+00:00","og_image":[{"width":2560,"height":1440,"url":"https:\/\/www.meydan.tv\/wp-content\/uploads\/image_from_ios_4-1-scaled.jpg","type":"image\/jpeg"}],"author":"user-manager","twitter_card":"summary_large_image","schema":{"@context":"https:\/\/schema.org","@graph":[{"@type":"Article","@id":"https:\/\/www.meydan.tv\/az\/article\/sahhuseynliler-torpaqlar-elimizden-alinib-heyvandarliq-mehv-edilib\/#article","isPartOf":{"@id":"https:\/\/www.meydan.tv\/az\/article\/sahhuseynliler-torpaqlar-elimizden-alinib-heyvandarliq-mehv-edilib\/"},"author":{"name":"user-manager","@id":"https:\/\/www.meydan.tv\/az\/#\/schema\/person\/10d11eccf6da3662cf5fdab9806ea91a"},"headline":"\u015eahh\u00fcseynlil\u0259r: Torpaqlar \u0259limizd\u0259n al\u0131n\u0131b, heyvandarl\u0131q m\u0259hv edilib","datePublished":"2019-02-28T21:20:33+00:00","mainEntityOfPage":{"@id":"https:\/\/www.meydan.tv\/az\/article\/sahhuseynliler-torpaqlar-elimizden-alinib-heyvandarliq-mehv-edilib\/"},"wordCount":1396,"publisher":{"@id":"https:\/\/www.meydan.tv\/az\/#organization"},"image":{"@id":"https:\/\/www.meydan.tv\/az\/article\/sahhuseynliler-torpaqlar-elimizden-alinib-heyvandarliq-mehv-edilib\/#primaryimage"},"thumbnailUrl":"https:\/\/www.meydan.tv\/wp-content\/uploads\/image_from_ios_4-1-scaled.jpg","articleSection":["B\u00f6lg\u0259"],"inLanguage":"az"},{"@type":"WebPage","@id":"https:\/\/www.meydan.tv\/az\/article\/sahhuseynliler-torpaqlar-elimizden-alinib-heyvandarliq-mehv-edilib\/","url":"https:\/\/www.meydan.tv\/az\/article\/sahhuseynliler-torpaqlar-elimizden-alinib-heyvandarliq-mehv-edilib\/","name":"\u015eahh\u00fcseynlil\u0259r: Torpaqlar \u0259limizd\u0259n al\u0131n\u0131b, heyvandarl\u0131q m\u0259hv edilib - MEYDAN.TV","isPartOf":{"@id":"https:\/\/www.meydan.tv\/az\/#website"},"primaryImageOfPage":{"@id":"https:\/\/www.meydan.tv\/az\/article\/sahhuseynliler-torpaqlar-elimizden-alinib-heyvandarliq-mehv-edilib\/#primaryimage"},"image":{"@id":"https:\/\/www.meydan.tv\/az\/article\/sahhuseynliler-torpaqlar-elimizden-alinib-heyvandarliq-mehv-edilib\/#primaryimage"},"thumbnailUrl":"https:\/\/www.meydan.tv\/wp-content\/uploads\/image_from_ios_4-1-scaled.jpg","datePublished":"2019-02-28T21:20:33+00:00","breadcrumb":{"@id":"https:\/\/www.meydan.tv\/az\/article\/sahhuseynliler-torpaqlar-elimizden-alinib-heyvandarliq-mehv-edilib\/#breadcrumb"},"inLanguage":"az","potentialAction":[{"@type":"ReadAction","target":["https:\/\/www.meydan.tv\/az\/article\/sahhuseynliler-torpaqlar-elimizden-alinib-heyvandarliq-mehv-edilib\/"]}]},{"@type":"ImageObject","inLanguage":"az","@id":"https:\/\/www.meydan.tv\/az\/article\/sahhuseynliler-torpaqlar-elimizden-alinib-heyvandarliq-mehv-edilib\/#primaryimage","url":"https:\/\/www.meydan.tv\/wp-content\/uploads\/image_from_ios_4-1-scaled.jpg","contentUrl":"https:\/\/www.meydan.tv\/wp-content\/uploads\/image_from_ios_4-1-scaled.jpg","width":2560,"height":1440,"caption":"Source: Meydan.tv"},{"@type":"BreadcrumbList","@id":"https:\/\/www.meydan.tv\/az\/article\/sahhuseynliler-torpaqlar-elimizden-alinib-heyvandarliq-mehv-edilib\/#breadcrumb","itemListElement":[{"@type":"ListItem","position":1,"name":"Ana s\u0259hif\u0259","item":"https:\/\/www.meydan.tv\/az\/"},{"@type":"ListItem","position":2,"name":"B\u00f6lg\u0259","item":"https:\/\/www.meydan.tv\/az\/section\/bolge\/"},{"@type":"ListItem","position":3,"name":"\u015eahh\u00fcseynlil\u0259r: Torpaqlar \u0259limizd\u0259n al\u0131n\u0131b, heyvandarl\u0131q m\u0259hv edilib"}]},{"@type":"WebSite","@id":"https:\/\/www.meydan.tv\/az\/#website","url":"https:\/\/www.meydan.tv\/az\/","name":"MEYDAN.TV","description":"Meydan TV Az\u0259rbaycan\u0131n media m\u0259kan\u0131ndak\u0131 alternativ s\u0259sidir","publisher":{"@id":"https:\/\/www.meydan.tv\/az\/#organization"},"potentialAction":[{"@type":"SearchAction","target":{"@type":"EntryPoint","urlTemplate":"https:\/\/www.meydan.tv\/az\/?s={search_term_string}"},"query-input":{"@type":"PropertyValueSpecification","valueRequired":true,"valueName":"search_term_string"}}],"inLanguage":"az"},{"@type":"Organization","@id":"https:\/\/www.meydan.tv\/az\/#organization","name":"Meydan TV","url":"https:\/\/www.meydan.tv\/az\/","logo":{"@type":"ImageObject","inLanguage":"az","@id":"https:\/\/www.meydan.tv\/az\/#\/schema\/logo\/image\/","url":"https:\/\/www.meydan.tv\/wp-content\/uploads\/2021\/07\/meydan-logo.svg","contentUrl":"https:\/\/www.meydan.tv\/wp-content\/uploads\/2021\/07\/meydan-logo.svg","width":195,"height":46,"caption":"Meydan TV"},"image":{"@id":"https:\/\/www.meydan.tv\/az\/#\/schema\/logo\/image\/"}},{"@type":"Person","@id":"https:\/\/www.meydan.tv\/az\/#\/schema\/person\/10d11eccf6da3662cf5fdab9806ea91a","name":"user-manager"}]}},"_links":{"self":[{"href":"https:\/\/www.meydan.tv\/az\/wp-json\/wp\/v2\/posts\/194277","targetHints":{"allow":["GET"]}}],"collection":[{"href":"https:\/\/www.meydan.tv\/az\/wp-json\/wp\/v2\/posts"}],"about":[{"href":"https:\/\/www.meydan.tv\/az\/wp-json\/wp\/v2\/types\/post"}],"author":[{"embeddable":true,"href":"https:\/\/www.meydan.tv\/az\/wp-json\/wp\/v2\/users\/11"}],"replies":[{"embeddable":true,"href":"https:\/\/www.meydan.tv\/az\/wp-json\/wp\/v2\/comments?post=194277"}],"version-history":[{"count":0,"href":"https:\/\/www.meydan.tv\/az\/wp-json\/wp\/v2\/posts\/194277\/revisions"}],"wp:featuredmedia":[{"embeddable":true,"href":"https:\/\/www.meydan.tv\/az\/wp-json\/wp\/v2\/media\/119138"}],"wp:attachment":[{"href":"https:\/\/www.meydan.tv\/az\/wp-json\/wp\/v2\/media?parent=194277"}],"wp:term":[{"taxonomy":"category","embeddable":true,"href":"https:\/\/www.meydan.tv\/az\/wp-json\/wp\/v2\/categories?post=194277"},{"taxonomy":"post_tag","embeddable":true,"href":"https:\/\/www.meydan.tv\/az\/wp-json\/wp\/v2\/tags?post=194277"}],"curies":[{"name":"wp","href":"https:\/\/api.w.org\/{rel}","templated":true}]}}