{"id":194266,"date":"2019-02-28T11:36:04","date_gmt":"2019-02-28T11:36:04","guid":{"rendered":"https:\/\/www.meydan.tv\/article\/milletcilik-ve-din\/"},"modified":"2019-02-28T11:36:04","modified_gmt":"2019-02-28T11:36:04","slug":"milletcilik-ve-din","status":"publish","type":"post","link":"https:\/\/www.meydan.tv\/az\/article\/milletcilik-ve-din\/","title":{"rendered":"Mill\u0259t\u00e7ilik v\u0259 din"},"content":{"rendered":"<p>\n  <i><br \/>\n    Onlar\u0131 m\u00fcmk\u00fcn q\u0259d\u0259r \u00e7ox adam t\u0259rk etm\u0259lidir<br \/>\n  <\/i>\n<\/p>\n<p>\n  Deyirl\u0259r, b\u00fct\u00fcn \u00f6lk\u0259l\u0259rd\u0259 mill\u0259t\u00e7i h\u0259r\u0259katlar\u0131 d\u00f6vl\u0259t koordinasiya edir. \u00c7\u00fcnki \u00e7ox t\u0259hl\u00fck\u0259lidir. M\u0259ntiql\u0259 d\u00fcz g\u0259lir, real olaraq, nec\u0259dir, bilmir\u0259m.\n<\/p>\n<p>\n  Mill\u0259t\u00e7i v\u0259 dini hissl\u0259r siqaret kimidir, \u00fcst\u00fcn\u0259 \u0259n az\u0131 aksiz vergisi qoyaraq, yaxud da \u00fcmumiyy\u0259tl\u0259, qada\u011fan ed\u0259r\u0259k, he\u00e7 olmasa hans\u0131sa m\u0259kanlarda, televizorda, radioda qada\u011fan ed\u0259r\u0259k, t\u0259nziml\u0259nir. \u018fks halda \u00e7ox baha ba\u015fa g\u0259l\u0259 bil\u0259r.\n<\/p>\n<p>\n  Siqaret, spirtli i\u00e7kil\u0259r v\u0259 bu kimi m\u0259hsullar\u0131n \u00fcz\u0259rin\u0259 aksiz vergisinin qoyulmas\u0131 onunla ba\u011fl\u0131d\u0131r ki, bu m\u0259hsullar h\u0259dd\u0259n \u00e7ox sat\u0131l\u0131r. O q\u0259d\u0259r \u00e7ox ki, bel\u0259 x\u00fcsusi y\u00fcks\u0259k vergil\u0259r olmasa, camaat bu biznesd\u0259 olan h\u0259r k\u0259si milyon\u00e7u ed\u0259 bil\u0259r.\n<\/p>\n<p>\n  Mill\u0259t\u00e7ilik, dini propoqanda da el\u0259dir. Tez yay\u0131l\u0131r, yoluxucudur, siqaretd\u0259n daha ziyanl\u0131d\u0131rlar, onu satanlar\u0131 milyon\u00e7u, milyarder ed\u0259 bilirl\u0259r, narkotik kimi insan\u0131 as\u0131l\u0131 v\u0259ziyy\u0259t\u0259 sala bilirl\u0259r, k\u00f6l\u0259 edirl\u0259r, cinay\u0259t\u0259 s\u00f6vq edirl\u0259r, b\u00fct\u00fcn bu h\u0259r\u0259k\u0259tl\u0259r\u0259 d\u0259 haqq qazand\u0131racaq q\u0259d\u0259r g\u00f6z\u00fcba\u011fl\u0131 ed\u0259 bilirl\u0259r.\n<\/p>\n<p>\n  Buna g\u00f6r\u0259 d\u0259 d\u00f6vl\u0259tin bunlar\u0131 t\u0259nziml\u0259m\u0259si m\u0259ntiqlidir (T\u0259bii ki, s\u00f6hb\u0259t legitim d\u00f6vl\u0259td\u0259n gedir, z\u0259bt olunmu\u015f hakimiyy\u0259td\u0259n yox, amma buras\u0131 ba\u015fqa s\u00f6hb\u0259tin m\u00f6vzusudur).\n<\/p>\n<p>\n  Fikir vers\u0259niz, g\u00f6r\u0259 bil\u0259rsiniz ki, insanlar ictimai m\u0259s\u0259l\u0259l\u0259r\u0259 ilk reaksiyalar\u0131n\u0131 ver\u0259rk\u0259n, daha \u00e7ox mill\u0259t\u00e7i v\u0259 ya dindar olurlar. Bu, yeniyetm\u0259likd\u0259 d\u0259 olanda bel\u0259dir, yetkin ya\u015flarda da (ya\u015flar\u0131 yetkin olur, ictimai m\u00f6vqel\u0259ri is\u0259 yeniyetm\u0259 &#8211; \u0259rg\u0259n).\n<\/p>\n<p>\n  Bir hiss\u0259si sonradan ba\u015fqa ideologiyalara ke\u00e7ir, \u00f6z\u00fcn\u00fcn mill\u0259t\u00e7i v\u0259 (ya) dindar d\u00f6vr\u00fcn\u00fc utanaraq, g\u00fcl\u0259r\u0259k, xat\u0131rlay\u0131r. Amma s\u0259hvini etiraf etm\u0259k, \u00f6z\u00fcn\u0259 g\u00fclm\u0259k az adama xas x\u00fcsusiyy\u0259tdir. \u018fks\u0259riyy\u0259t \u00f6z\u00fcn\u0259 b\u0259ra\u0259t qazand\u0131r\u0131r. Ona g\u00f6r\u0259 d\u0259 \u00f6z\u00fcnd\u0259 mill\u0259t\u00e7iliyind\u0259n v\u0259 (ya) dindarl\u0131\u011f\u0131ndan n\u0259 is\u0259 saxlay\u0131r. Laz\u0131m g\u0259l\u0259nd\u0259 g\u0259ncliyini, yeniyetm\u0259liyini m\u00fcdafi\u0259 ed\u0259 bilsin dey\u0259.\n<\/p>\n<p>\n  N\u0259tic\u0259d\u0259 bu saxlan\u0131lm\u0131\u015f bir tik\u0259 mill\u0259t\u00e7ilik v\u0259 (ya) dindarl\u0131q onu \u201cnarkotik alver\u00e7il\u0259ri\u201dnin asan yemin\u0259 \u00e7evirir. G\u00f6r\u00fcrs\u0259n ki, s\u00fcni \u015f\u0259kild\u0259 q\u0131z\u0131\u015fd\u0131r\u0131lm\u0131\u015f m\u00fcnasib\u0259tl\u0259rin davam\u0131 kimi c\u0259bh\u0259d\u0259 at\u0131\u015fma t\u0259\u015fkil olunur, 5 g\u00fcn\u0259 y\u00fczl\u0259rl\u0259 q\u0131z\u0131l kimi o\u011ful \u00f6l\u00fcm\u0259 g\u00f6nd\u0259rilir, a\u011f\u0131ll\u0131-ba\u015fl\u0131, savadl\u0131 insanlar kimi tan\u0131d\u0131\u011f\u0131n insanlar is\u0259 \u00f6zl\u0259rind\u0259 saxlad\u0131qlar\u0131 bu bir tik\u0259 mill\u0259t\u00e7iliyin \u0259siri olub, bu q\u0259tliam\u0131 alq\u0131\u015flay\u0131rlar.\n<\/p>\n<p>\n  Yaxud \u015eimali Qafqaz\u0131n qula\u011f\u0131 q\u0131r\u0131q, dindar, fiziki g\u00fccl\u0259 h\u0259r \u015feyi h\u0259ll ed\u0259 bilm\u0259 ideyas\u0131n\u0131n a\u00e7\u0131q reklam\u0131 olan bir idman\u00e7\u0131s\u0131 irlandiyal\u0131 bir artisti d\u00f6y\u00fcr, ara\u015fd\u0131rmalar aparan, xaricd\u0259 universitet(l\u0259r) bitir\u0259n insanlar is\u0259 i\u00e7l\u0259rind\u0259 saxlad\u0131qlar\u0131 bir tik\u0259 dindarl\u0131\u011f\u0131n \u0259siri olub, olurlar qabibnurmaqomedov\u00e7u.\n<\/p>\n<p>\n  Mill\u0259t\u00e7ilik v\u0259 din bu q\u0259d\u0259r t\u0259hl\u00fck\u0259li \u015feyl\u0259rdir. \u0130nsan\u0131n \u00f6z\u00fcn\u00fc d\u0259, \u0259traf\u0131n\u0131 da, b\u0259z\u0259n \u00f6lk\u0259sini d\u0259 m\u0259hv ed\u0259 bilm\u0259k g\u00fcc\u00fcn\u0259 sahib ibtidai hiss, \u00e7ox q\u0259dim instinktl\u0259rdir. Bunlar\u0131 bo\u011fa bilm\u0259k m\u00fcasir insan\u0131n v\u0259zif\u0259sidir.\n<\/p>\n<p>\n  B\u0259zi t\u0259bii \u015feyl\u0259r var ki, onlar\u0131n \u0259leyhin\u0259 \u00e7\u0131xmayan insan v\u0259h\u015fi, qani\u00e7\u0259n olur. \u015eirin (aslan\u0131n) qani\u00e7\u0259n olmas\u0131 normald\u0131r, antilopu y\u0131x\u0131r yer\u0259, qan\u0131n\u0131 i\u00e7ir. \u0130\u00e7m\u0259s\u0259, problemli say\u0131l\u0131r, t\u0259bii se\u00e7m\u0259 bu kimi sapman\u0131n \u00f6hd\u0259sind\u0259n g\u0259lir, onun n\u0259sli davam el\u0259mir ad\u0259t\u0259n. Amma insan\u0131n qani\u00e7\u0259n olmas\u0131, x\u00fcsus\u0259n \u00f6z n\u00f6v\u00fcnd\u0259n olanlar\u0131n qan\u0131n\u0131 i\u00e7m\u0259si m\u00fcasir insan h\u00fcquqlar\u0131 institutu il\u0259 d\u00fczg\u00fcn say\u0131lm\u0131r. \u0130nsan h\u00fcquqlar\u0131 uydurmad\u0131r, amma \u0259dal\u0259tli olan odur. Uydurma olmayan, t\u0259bii \u015feyl\u0259r \u0259dal\u0259tsiz ola bilir. Uydurmalar, insanlar\u0131n yaratd\u0131\u011f\u0131 institutlar da \u0259dal\u0259tsiz ola bilir. Amma n\u0259yin \u0259dal\u0259tli olub \u2013 olmad\u0131\u011f\u0131n\u0131 da biz \u00f6z\u00fcm\u00fcz se\u00e7irik, bunun \u00fc\u00e7\u00fcn d\u0259 institutlar var.\n<\/p>\n<p>\n  Mill\u0259t\u00e7ilik v\u0259 din q\u0259dim hissl\u0259rdir, m\u00fcasir insana yara\u015fmayan, g\u0259l\u0259c\u0259yimizi t\u0259hl\u00fck\u0259y\u0259 atan uydurmalard\u0131r. Onlar\u0131 m\u00fcmk\u00fcn q\u0259d\u0259r \u00e7ox adam t\u0259rk etm\u0259lidir. Sad\u0259c\u0259 demokratiya el\u0259 bir institutdur ki, onu y\u0131xmaq ist\u0259y\u0259nl\u0259rin d\u0259 h\u00fcquqlar\u0131n\u0131 qoruyur \u2013 dindarlar\u0131n da, mill\u0259t\u00e7il\u0259rin d\u0259.\n<\/p>\n<p>\n  <b><br \/>\n    <i><br \/>\n      Fikirl\u0259r m\u00fc\u0259llifin \u015f\u0259xsi m\u00f6vqeyini \u0259ks etdirir. Meydan Tv-nin m\u00f6vqeyi il\u0259 \u00fcst-\u00fcst\u0259 d\u00fc\u015fm\u0259y\u0259 bil\u0259r.<br \/>\n    <\/i><br \/>\n  <\/b><\/p>\n","protected":false},"excerpt":{"rendered":"<p>Onlar\u0131 m\u00fcmk\u00fcn q\u0259d\u0259r \u00e7ox adam t\u0259rk etm\u0259lidir<\/p>\n","protected":false},"author":11,"featured_media":119093,"comment_status":"closed","ping_status":"open","sticky":false,"template":"","format":"standard","meta":{"_acf_changed":false,"_sitemap_exclude":false,"_sitemap_priority":"","_sitemap_frequency":"","footnotes":""},"categories":[56],"tags":[],"class_list":["post-194266","post","type-post","status-publish","format-standard","has-post-thumbnail","hentry","category-xeberler","infinite-scroll-item","generate-columns","tablet-grid-50","mobile-grid-100","grid-parent","grid-33","no-featured-image-padding"],"acf":[],"yoast_head":"<!-- This site is optimized with the Yoast SEO plugin v27.5 - https:\/\/yoast.com\/product\/yoast-seo-wordpress\/ -->\n<title>Mill\u0259t\u00e7ilik v\u0259 din - MEYDAN.TV<\/title>\n<meta name=\"robots\" content=\"index, follow, max-snippet:-1, max-image-preview:large, max-video-preview:-1\" \/>\n<link rel=\"canonical\" href=\"https:\/\/www.meydan.tv\/az\/article\/milletcilik-ve-din\/\" \/>\n<meta property=\"og:locale\" content=\"az_AZ\" \/>\n<meta property=\"og:type\" content=\"article\" \/>\n<meta property=\"og:title\" content=\"Mill\u0259t\u00e7ilik v\u0259 din - MEYDAN.TV\" \/>\n<meta property=\"og:description\" content=\"Onlar\u0131 m\u00fcmk\u00fcn q\u0259d\u0259r \u00e7ox adam t\u0259rk etm\u0259lidir\" \/>\n<meta property=\"og:url\" content=\"https:\/\/www.meydan.tv\/az\/article\/milletcilik-ve-din\/\" \/>\n<meta property=\"og:site_name\" content=\"MEYDAN.TV\" \/>\n<meta property=\"article:published_time\" content=\"2019-02-28T11:36:04+00:00\" \/>\n<meta property=\"og:image\" content=\"https:\/\/www.meydan.tv\/wp-content\/uploads\/image_from_ios_4-scaled.jpg\" \/>\n\t<meta property=\"og:image:width\" content=\"2560\" \/>\n\t<meta property=\"og:image:height\" content=\"1440\" \/>\n\t<meta property=\"og:image:type\" content=\"image\/jpeg\" \/>\n<meta name=\"author\" content=\"user-manager\" \/>\n<meta name=\"twitter:card\" content=\"summary_large_image\" \/>\n<script type=\"application\/ld+json\" class=\"yoast-schema-graph\">{\"@context\":\"https:\\\/\\\/schema.org\",\"@graph\":[{\"@type\":\"Article\",\"@id\":\"https:\\\/\\\/www.meydan.tv\\\/az\\\/article\\\/milletcilik-ve-din\\\/#article\",\"isPartOf\":{\"@id\":\"https:\\\/\\\/www.meydan.tv\\\/az\\\/article\\\/milletcilik-ve-din\\\/\"},\"author\":{\"name\":\"user-manager\",\"@id\":\"https:\\\/\\\/www.meydan.tv\\\/az\\\/#\\\/schema\\\/person\\\/10d11eccf6da3662cf5fdab9806ea91a\"},\"headline\":\"Mill\u0259t\u00e7ilik v\u0259 din\",\"datePublished\":\"2019-02-28T11:36:04+00:00\",\"mainEntityOfPage\":{\"@id\":\"https:\\\/\\\/www.meydan.tv\\\/az\\\/article\\\/milletcilik-ve-din\\\/\"},\"wordCount\":871,\"publisher\":{\"@id\":\"https:\\\/\\\/www.meydan.tv\\\/az\\\/#organization\"},\"image\":{\"@id\":\"https:\\\/\\\/www.meydan.tv\\\/az\\\/article\\\/milletcilik-ve-din\\\/#primaryimage\"},\"thumbnailUrl\":\"https:\\\/\\\/www.meydan.tv\\\/wp-content\\\/uploads\\\/image_from_ios_4-scaled.jpg\",\"articleSection\":[\"X\u0259b\u0259rl\u0259r\"],\"inLanguage\":\"az\"},{\"@type\":\"WebPage\",\"@id\":\"https:\\\/\\\/www.meydan.tv\\\/az\\\/article\\\/milletcilik-ve-din\\\/\",\"url\":\"https:\\\/\\\/www.meydan.tv\\\/az\\\/article\\\/milletcilik-ve-din\\\/\",\"name\":\"Mill\u0259t\u00e7ilik v\u0259 din - MEYDAN.TV\",\"isPartOf\":{\"@id\":\"https:\\\/\\\/www.meydan.tv\\\/az\\\/#website\"},\"primaryImageOfPage\":{\"@id\":\"https:\\\/\\\/www.meydan.tv\\\/az\\\/article\\\/milletcilik-ve-din\\\/#primaryimage\"},\"image\":{\"@id\":\"https:\\\/\\\/www.meydan.tv\\\/az\\\/article\\\/milletcilik-ve-din\\\/#primaryimage\"},\"thumbnailUrl\":\"https:\\\/\\\/www.meydan.tv\\\/wp-content\\\/uploads\\\/image_from_ios_4-scaled.jpg\",\"datePublished\":\"2019-02-28T11:36:04+00:00\",\"breadcrumb\":{\"@id\":\"https:\\\/\\\/www.meydan.tv\\\/az\\\/article\\\/milletcilik-ve-din\\\/#breadcrumb\"},\"inLanguage\":\"az\",\"potentialAction\":[{\"@type\":\"ReadAction\",\"target\":[\"https:\\\/\\\/www.meydan.tv\\\/az\\\/article\\\/milletcilik-ve-din\\\/\"]}]},{\"@type\":\"ImageObject\",\"inLanguage\":\"az\",\"@id\":\"https:\\\/\\\/www.meydan.tv\\\/az\\\/article\\\/milletcilik-ve-din\\\/#primaryimage\",\"url\":\"https:\\\/\\\/www.meydan.tv\\\/wp-content\\\/uploads\\\/image_from_ios_4-scaled.jpg\",\"contentUrl\":\"https:\\\/\\\/www.meydan.tv\\\/wp-content\\\/uploads\\\/image_from_ios_4-scaled.jpg\",\"width\":2560,\"height\":1440,\"caption\":\"Source: Meydan TV\"},{\"@type\":\"BreadcrumbList\",\"@id\":\"https:\\\/\\\/www.meydan.tv\\\/az\\\/article\\\/milletcilik-ve-din\\\/#breadcrumb\",\"itemListElement\":[{\"@type\":\"ListItem\",\"position\":1,\"name\":\"Ana s\u0259hif\u0259\",\"item\":\"https:\\\/\\\/www.meydan.tv\\\/az\\\/\"},{\"@type\":\"ListItem\",\"position\":2,\"name\":\"X\u0259b\u0259rl\u0259r\",\"item\":\"https:\\\/\\\/www.meydan.tv\\\/az\\\/section\\\/xeberler\\\/\"},{\"@type\":\"ListItem\",\"position\":3,\"name\":\"Mill\u0259t\u00e7ilik v\u0259 din\"}]},{\"@type\":\"WebSite\",\"@id\":\"https:\\\/\\\/www.meydan.tv\\\/az\\\/#website\",\"url\":\"https:\\\/\\\/www.meydan.tv\\\/az\\\/\",\"name\":\"MEYDAN.TV\",\"description\":\"Meydan TV Az\u0259rbaycan\u0131n media m\u0259kan\u0131ndak\u0131 alternativ s\u0259sidir\",\"publisher\":{\"@id\":\"https:\\\/\\\/www.meydan.tv\\\/az\\\/#organization\"},\"potentialAction\":[{\"@type\":\"SearchAction\",\"target\":{\"@type\":\"EntryPoint\",\"urlTemplate\":\"https:\\\/\\\/www.meydan.tv\\\/az\\\/?s={search_term_string}\"},\"query-input\":{\"@type\":\"PropertyValueSpecification\",\"valueRequired\":true,\"valueName\":\"search_term_string\"}}],\"inLanguage\":\"az\"},{\"@type\":\"Organization\",\"@id\":\"https:\\\/\\\/www.meydan.tv\\\/az\\\/#organization\",\"name\":\"Meydan TV\",\"url\":\"https:\\\/\\\/www.meydan.tv\\\/az\\\/\",\"logo\":{\"@type\":\"ImageObject\",\"inLanguage\":\"az\",\"@id\":\"https:\\\/\\\/www.meydan.tv\\\/az\\\/#\\\/schema\\\/logo\\\/image\\\/\",\"url\":\"https:\\\/\\\/www.meydan.tv\\\/wp-content\\\/uploads\\\/2021\\\/07\\\/meydan-logo.svg\",\"contentUrl\":\"https:\\\/\\\/www.meydan.tv\\\/wp-content\\\/uploads\\\/2021\\\/07\\\/meydan-logo.svg\",\"width\":195,\"height\":46,\"caption\":\"Meydan TV\"},\"image\":{\"@id\":\"https:\\\/\\\/www.meydan.tv\\\/az\\\/#\\\/schema\\\/logo\\\/image\\\/\"}},{\"@type\":\"Person\",\"@id\":\"https:\\\/\\\/www.meydan.tv\\\/az\\\/#\\\/schema\\\/person\\\/10d11eccf6da3662cf5fdab9806ea91a\",\"name\":\"user-manager\"}]}<\/script>\n<!-- \/ Yoast SEO plugin. -->","yoast_head_json":{"title":"Mill\u0259t\u00e7ilik v\u0259 din - MEYDAN.TV","robots":{"index":"index","follow":"follow","max-snippet":"max-snippet:-1","max-image-preview":"max-image-preview:large","max-video-preview":"max-video-preview:-1"},"canonical":"https:\/\/www.meydan.tv\/az\/article\/milletcilik-ve-din\/","og_locale":"az_AZ","og_type":"article","og_title":"Mill\u0259t\u00e7ilik v\u0259 din - MEYDAN.TV","og_description":"Onlar\u0131 m\u00fcmk\u00fcn q\u0259d\u0259r \u00e7ox adam t\u0259rk etm\u0259lidir","og_url":"https:\/\/www.meydan.tv\/az\/article\/milletcilik-ve-din\/","og_site_name":"MEYDAN.TV","article_published_time":"2019-02-28T11:36:04+00:00","og_image":[{"width":2560,"height":1440,"url":"https:\/\/www.meydan.tv\/wp-content\/uploads\/image_from_ios_4-scaled.jpg","type":"image\/jpeg"}],"author":"user-manager","twitter_card":"summary_large_image","schema":{"@context":"https:\/\/schema.org","@graph":[{"@type":"Article","@id":"https:\/\/www.meydan.tv\/az\/article\/milletcilik-ve-din\/#article","isPartOf":{"@id":"https:\/\/www.meydan.tv\/az\/article\/milletcilik-ve-din\/"},"author":{"name":"user-manager","@id":"https:\/\/www.meydan.tv\/az\/#\/schema\/person\/10d11eccf6da3662cf5fdab9806ea91a"},"headline":"Mill\u0259t\u00e7ilik v\u0259 din","datePublished":"2019-02-28T11:36:04+00:00","mainEntityOfPage":{"@id":"https:\/\/www.meydan.tv\/az\/article\/milletcilik-ve-din\/"},"wordCount":871,"publisher":{"@id":"https:\/\/www.meydan.tv\/az\/#organization"},"image":{"@id":"https:\/\/www.meydan.tv\/az\/article\/milletcilik-ve-din\/#primaryimage"},"thumbnailUrl":"https:\/\/www.meydan.tv\/wp-content\/uploads\/image_from_ios_4-scaled.jpg","articleSection":["X\u0259b\u0259rl\u0259r"],"inLanguage":"az"},{"@type":"WebPage","@id":"https:\/\/www.meydan.tv\/az\/article\/milletcilik-ve-din\/","url":"https:\/\/www.meydan.tv\/az\/article\/milletcilik-ve-din\/","name":"Mill\u0259t\u00e7ilik v\u0259 din - MEYDAN.TV","isPartOf":{"@id":"https:\/\/www.meydan.tv\/az\/#website"},"primaryImageOfPage":{"@id":"https:\/\/www.meydan.tv\/az\/article\/milletcilik-ve-din\/#primaryimage"},"image":{"@id":"https:\/\/www.meydan.tv\/az\/article\/milletcilik-ve-din\/#primaryimage"},"thumbnailUrl":"https:\/\/www.meydan.tv\/wp-content\/uploads\/image_from_ios_4-scaled.jpg","datePublished":"2019-02-28T11:36:04+00:00","breadcrumb":{"@id":"https:\/\/www.meydan.tv\/az\/article\/milletcilik-ve-din\/#breadcrumb"},"inLanguage":"az","potentialAction":[{"@type":"ReadAction","target":["https:\/\/www.meydan.tv\/az\/article\/milletcilik-ve-din\/"]}]},{"@type":"ImageObject","inLanguage":"az","@id":"https:\/\/www.meydan.tv\/az\/article\/milletcilik-ve-din\/#primaryimage","url":"https:\/\/www.meydan.tv\/wp-content\/uploads\/image_from_ios_4-scaled.jpg","contentUrl":"https:\/\/www.meydan.tv\/wp-content\/uploads\/image_from_ios_4-scaled.jpg","width":2560,"height":1440,"caption":"Source: Meydan TV"},{"@type":"BreadcrumbList","@id":"https:\/\/www.meydan.tv\/az\/article\/milletcilik-ve-din\/#breadcrumb","itemListElement":[{"@type":"ListItem","position":1,"name":"Ana s\u0259hif\u0259","item":"https:\/\/www.meydan.tv\/az\/"},{"@type":"ListItem","position":2,"name":"X\u0259b\u0259rl\u0259r","item":"https:\/\/www.meydan.tv\/az\/section\/xeberler\/"},{"@type":"ListItem","position":3,"name":"Mill\u0259t\u00e7ilik v\u0259 din"}]},{"@type":"WebSite","@id":"https:\/\/www.meydan.tv\/az\/#website","url":"https:\/\/www.meydan.tv\/az\/","name":"MEYDAN.TV","description":"Meydan TV Az\u0259rbaycan\u0131n media m\u0259kan\u0131ndak\u0131 alternativ s\u0259sidir","publisher":{"@id":"https:\/\/www.meydan.tv\/az\/#organization"},"potentialAction":[{"@type":"SearchAction","target":{"@type":"EntryPoint","urlTemplate":"https:\/\/www.meydan.tv\/az\/?s={search_term_string}"},"query-input":{"@type":"PropertyValueSpecification","valueRequired":true,"valueName":"search_term_string"}}],"inLanguage":"az"},{"@type":"Organization","@id":"https:\/\/www.meydan.tv\/az\/#organization","name":"Meydan TV","url":"https:\/\/www.meydan.tv\/az\/","logo":{"@type":"ImageObject","inLanguage":"az","@id":"https:\/\/www.meydan.tv\/az\/#\/schema\/logo\/image\/","url":"https:\/\/www.meydan.tv\/wp-content\/uploads\/2021\/07\/meydan-logo.svg","contentUrl":"https:\/\/www.meydan.tv\/wp-content\/uploads\/2021\/07\/meydan-logo.svg","width":195,"height":46,"caption":"Meydan TV"},"image":{"@id":"https:\/\/www.meydan.tv\/az\/#\/schema\/logo\/image\/"}},{"@type":"Person","@id":"https:\/\/www.meydan.tv\/az\/#\/schema\/person\/10d11eccf6da3662cf5fdab9806ea91a","name":"user-manager"}]}},"_links":{"self":[{"href":"https:\/\/www.meydan.tv\/az\/wp-json\/wp\/v2\/posts\/194266","targetHints":{"allow":["GET"]}}],"collection":[{"href":"https:\/\/www.meydan.tv\/az\/wp-json\/wp\/v2\/posts"}],"about":[{"href":"https:\/\/www.meydan.tv\/az\/wp-json\/wp\/v2\/types\/post"}],"author":[{"embeddable":true,"href":"https:\/\/www.meydan.tv\/az\/wp-json\/wp\/v2\/users\/11"}],"replies":[{"embeddable":true,"href":"https:\/\/www.meydan.tv\/az\/wp-json\/wp\/v2\/comments?post=194266"}],"version-history":[{"count":0,"href":"https:\/\/www.meydan.tv\/az\/wp-json\/wp\/v2\/posts\/194266\/revisions"}],"wp:featuredmedia":[{"embeddable":true,"href":"https:\/\/www.meydan.tv\/az\/wp-json\/wp\/v2\/media\/119093"}],"wp:attachment":[{"href":"https:\/\/www.meydan.tv\/az\/wp-json\/wp\/v2\/media?parent=194266"}],"wp:term":[{"taxonomy":"category","embeddable":true,"href":"https:\/\/www.meydan.tv\/az\/wp-json\/wp\/v2\/categories?post=194266"},{"taxonomy":"post_tag","embeddable":true,"href":"https:\/\/www.meydan.tv\/az\/wp-json\/wp\/v2\/tags?post=194266"}],"curies":[{"name":"wp","href":"https:\/\/api.w.org\/{rel}","templated":true}]}}