{"id":194265,"date":"2019-02-28T11:05:22","date_gmt":"2019-02-28T11:05:22","guid":{"rendered":"https:\/\/www.meydan.tv\/article\/isteyirdim-ki-mehriban-eliyeva-balama-komek-elesin\/"},"modified":"2019-02-28T11:05:22","modified_gmt":"2019-02-28T11:05:22","slug":"isteyirdim-ki-mehriban-eliyeva-balama-komek-elesin","status":"publish","type":"post","link":"https:\/\/www.meydan.tv\/az\/article\/isteyirdim-ki-mehriban-eliyeva-balama-komek-elesin\/","title":{"rendered":"&#8221;\u0130st\u0259yirdim ki, Mehriban \u018fliyeva balama k\u00f6m\u0259k el\u0259sin&#8230;&#8221;"},"content":{"rendered":"<p>\n  <i><br \/>\n    \u00d6vlad\u0131 x\u0259st\u0259likd\u0259n \u0259ziyy\u0259t \u00e7\u0259k\u0259n ana: \u201cBiz terrorist deyilik\u201d<br \/>\n  <\/i>\n<\/p>\n<p>\n  G\u00f6y\u00e7ay\u0131n 20 ya\u015fl\u0131 sakini G\u00fcl\u0259r Qas\u0131mova b\u00f6yr\u0259k \u00e7at\u0131\u015fmazl\u0131\u011f\u0131ndan \u0259ziyy\u0259t \u00e7\u0259kir. \u00dc\u00e7 ild\u0259n \u00e7oxdur do\u011fuldu\u011fu \u015f\u0259h\u0259rd\u0259, h\u0259m\u00e7inin Bak\u0131da m\u00fcalic\u0259 olunan, d\u0259f\u0259l\u0259rl\u0259 \u0259m\u0259liyyat ke\u00e7ir\u0259n q\u0131z\u0131n s\u0259hh\u0259ti getdikc\u0259 daha da a\u011f\u0131rla\u015f\u0131r. B\u00f6yr\u0259kl\u0259rind\u0259n biri tam s\u0131radan \u00e7\u0131x\u0131b, funksionall\u0131\u011f\u0131n\u0131 itirib. \u0130kinci b\u00f6yr\u0259k yaln\u0131z 12 faiz f\u0259aliyy\u0259t g\u00f6st\u0259rir.\n<\/p>\n<p>\n  <b><br \/>\n    \u201cU\u015fa\u011f\u0131m\u0131 s\u0259hv \u0259m\u0259liyyat el\u0259dil\u0259r, hirsimd\u0259n c\u0259rrah\u0131n xalat\u0131n\u0131 c\u0131rd\u0131m\u201d<br \/>\n  <\/b>\n<\/p>\n<p>\n  G\u00fcl\u0259r deyir ki, h\u0259l\u0259 2014-c\u00fc ild\u0259 s\u0259hh\u0259tind\u0259 nasazl\u0131q hiss edib. Yerli x\u0259st\u0259xanaya gedib, ona daxili orqanlar\u0131nda kristalla\u015fma oldu\u011funu deyibl\u0259r. \u0130ki il \u0259rzind\u0259 v\u0259ziyy\u0259t xeyli pisl\u0259\u015fib. O d\u0259r\u0259c\u0259d\u0259 pisl\u0259\u015fib ki, t\u0259cili \u0259m\u0259liyyat olunub: \u201cHe\u00e7 vaxt b\u00f6yr\u0259yimd\u0259n \u015fikay\u0259tim olmurdu. Anam deyirdi, \u201cq\u0131z u\u015fa\u011f\u0131san, \u0259ynini qal\u0131n el\u0259\u201d. M\u00f6hk\u0259m a\u011fr\u0131lar ba\u015flayanda G\u00f6y\u00e7ayda \u0259m\u0259liyyat olundum. Sonradan m\u0259lum oldu ki, b\u00f6yr\u0259yimdi. T\u0259cili Bak\u0131ya \u00e7atd\u0131rd\u0131lar. Orada da iki ay m\u00fcalic\u0259 ald\u0131m, sonra yen\u0259 \u0259m\u0259liyyat. H\u0259r d\u0259f\u0259 \u0259m\u0259liyyat el\u0259yib b\u00f6yr\u0259yimd\u0259n da\u015f \u00e7\u0131xar\u0131rd\u0131lar. T\u0259kc\u0259 d\u00f6rd d\u0259f\u0259 lazerl\u0259 \u0259m\u0259liyyat olunmu\u015fam, xeyri yoxdu. B\u00f6yr\u0259yimin biri f\u0259aliyy\u0259tini tam itirib. H\u0259r iki b\u00f6yr\u0259yimd\u0259 stend var, bunsuz ya\u015faya bilmir\u0259m. \u0130kinci b\u00f6yr\u0259yimin d\u0259 s\u0131radan \u00e7\u0131xmas\u0131ndan qorxuruq\u201d.\n<\/p>\n<p>\n  G\u00fcl\u0259rin anas\u0131 Ayg\u00fcn Qas\u0131mova h\u0259kim m\u0259suliyy\u0259tsizliyind\u0259n yana-yana dan\u0131\u015f\u0131r. O da v\u0259ziyy\u0259tin bu d\u0259r\u0259c\u0259d\u0259 a\u011f\u0131rla\u015fmas\u0131nda s\u0259hv diaqnozun \u0259sas rol oynad\u0131\u011f\u0131n\u0131 d\u00fc\u015f\u00fcn\u00fcr: \u201cHirsimd\u0259n c\u0259rrah\u0131n xalat\u0131n\u0131 c\u0131rd\u0131m. U\u015fa\u011f\u0131m\u0131 s\u0259hv \u0259m\u0259liyyat el\u0259dil\u0259r. \u018fdyal\u0131n i\u00e7ind\u0259, quca\u011f\u0131m\u0131zda ora-bura qa\u00e7\u0131rd\u0131q. 350 manat \u0259m\u0259liyyat el\u0259y\u0259n h\u0259kim\u0259 vermi\u015fdik, 60 manat t\u0259cili tibbi yard\u0131ma. Sonradan balam\u0131 ne\u00e7\u0259 d\u0259f\u0259 do\u011frad\u0131lar. Bak\u0131da g\u0259zm\u0259diyimiz x\u0259st\u0259xana qalmad\u0131. N\u0259 q\u0259d\u0259r \u0259m\u0259liyyat olunub u\u015faq. Cavadzad\u0259 ad\u0131na klinikada h\u0259kim \u0130smay\u0131l \u0130smay\u0131lov g\u0259ldi, dedi, bu b\u00f6yr\u0259k \u0259l\u0259 g\u0259lmir. H\u0259r d\u0259f\u0259 \u0259m\u0259liyyat el\u0259yirdil\u0259r, da\u015flar\u0131n ham\u0131s\u0131n\u0131 g\u00f6t\u00fcrm\u00fcrd\u00fcl\u0259r. O da sidik yolunu tutur. Getdim ba\u015f h\u0259kimin yan\u0131na. O da h\u0259kim\u0259 dedi ki, get, \u0259m\u0259liyyat el\u0259, tutar qat\u0131q, tutmaz ayran\u201d.\n<\/p>\n<p><embed alt=\"Ayg\u00fcn Qas\u0131mova\" embedtype=\"image\" format=\"left\" id=\"38790\"\/><\/p>\n<p>\n  <b><br \/>\n    \u201cHeyd\u0259r \u018fliyev Fonduna z\u0259ng vurmu\u015fdum, h\u0259l\u0259 x\u0259b\u0259r \u00e7\u0131xmay\u0131b\u201d<br \/>\n  <\/b>\n<\/p>\n<p>\n  Ana dan\u0131\u015f\u0131r ki, k\u00f6m\u0259k \u00fc\u00e7\u00fcn \u00e7ox yer\u0259 m\u00fcraci\u0259t edibl\u0259r. \u0130ndi n\u0259inki G\u00fcl\u0259ri m\u00fcalic\u0259 ed\u0259 bilmirl\u0259r, ail\u0259nin he\u00e7 dolanma\u011fa da g\u00fcc\u00fc \u00e7atm\u0131r: \u201cAtas\u0131 zibil ma\u015f\u0131n\u0131 s\u00fcr\u00fcr. Evd\u0259 t\u0259kc\u0259 o i\u015fl\u0259yir, maa\u015f\u0131 da 250 manat. T\u0259qa\u00fcd, sosial yard\u0131m alm\u0131r\u0131q. \u00d6z\u00fcm \u015f\u0259k\u0259r x\u0259st\u0259siy\u0259m, \u00fc\u00e7 d\u0259f\u0259 \u0259m\u0259liyyat olunmu\u015fam. Aya\u011f\u0131m\u0131n \u015fah damar\u0131 q\u0131r\u0131ld\u0131. Bel\u0259c\u0259, aya\u011f\u0131m \u015fik\u0259st qald\u0131. Bax, yolda\u015f\u0131m\u0131n \u00fcr\u0259yi sizd\u0259n bir az \u0259vv\u0259l tutdu, gedib i\u00e7\u0259rid\u0259 uzand\u0131. \u00dcr\u0259yind\u0259 \u00fc\u00e7 stend var. Ke\u00e7\u0259n h\u0259ft\u0259nin be\u015finci g\u00fcn\u00fc icra ba\u015f\u00e7\u0131s\u0131n\u0131n yan\u0131na getdim. Dedim, ay qarda\u015f, o q\u0131z\u0131n anas\u0131yam, k\u00f6m\u0259k ist\u0259yir\u0259m. El\u0259c\u0259 qeyd el\u0259tdirdi, he\u00e7 bir k\u00f6m\u0259k olmad\u0131. Heyd\u0259r \u018fliyev Fonduna z\u0259ng vurmu\u015fdum, Allah bilir, n\u00f6vb\u0259d\u0259 ne\u00e7\u0259nciy\u0259m. H\u0259l\u0259 x\u0259b\u0259r \u00e7\u0131xmay\u0131b. \u0130st\u0259yirdim ki, Mehriban \u018fliyeva u\u015fa\u011f\u0131ma k\u00f6m\u0259k el\u0259sin, balama \u0259l uzats\u0131n. M\u0259ktub yazma\u011f\u0131n m\u0259nas\u0131 yoxdu. Onsuz da cavablar\u0131 rayonda c\u0131r\u0131b at\u0131rlar, m\u0259lumat vermirl\u0259r. \u018fld\u0259 pul olmal\u0131d\u0131, g\u00fcc\u00fcn olmal\u0131d\u0131. M\u0259n yeriy\u0259 bilmir\u0259m. M\u0259nim he\u00e7 dan\u0131\u015fma\u011f\u0131ma ehtiyac yoxdu, b\u00fct\u00fcn qon\u015fular bilir. M\u0259n adic\u0259 gedib d\u00fckandan \u00e7\u00f6r\u0259k ala bilmir\u0259m\u201d.\n<\/p>\n<p>\n  Ayg\u00fcn Qas\u0131movan\u0131n dediyin\u0259 g\u00f6r\u0259, Rusiyada ya\u015fayan g\u00f6y\u00e7ayl\u0131 i\u015f adam\u0131 F\u0259rhad \u018fhm\u0259dov il\u0259 \u0259laq\u0259 saxlama\u011fa \u00e7al\u0131\u015f\u0131blar: \u201cO\u011flum onunla g\u00f6r\u00fc\u015fm\u0259k \u00fc\u00e7\u00fcn nar zavodunun hasar\u0131n\u0131 a\u015fm\u0131\u015fd\u0131, tutub saxlam\u0131\u015fd\u0131lar. Biz terrorist deyilik. Sad\u0259c\u0259, d\u00f6vl\u0259td\u0259n k\u00f6m\u0259k ist\u0259yirik. X\u0259st\u0259lik b\u00fct\u00fcn ail\u0259ni m\u0259hv el\u0259yir\u201d.\n<\/p>\n<p><embed alt=\"G\u00fcl\u0259r Qas\u0131mova\" embedtype=\"image\" format=\"left\" id=\"38791\"\/><\/p>\n<p>\n  <b><br \/>\n    \u201cH\u0259r h\u0259ft\u0259 x\u0259st\u0259xanada 600 manat x\u0259rcl\u0259yirik\u201d<br \/>\n  <\/b>\n<\/p>\n<p>\n  G\u00fcl\u0259rin b\u00f6yr\u0259kl\u0259rinin d\u0259yi\u015fdirilm\u0259si \u00fc\u00e7\u00fcn ail\u0259si bankda hesab n\u00f6mr\u0259si a\u00e7\u0131b. Anan\u0131n dediyin\u0259 g\u00f6r\u0259, m\u00fcalic\u0259si Almaniyada, T\u00fcrkiy\u0259d\u0259 m\u00fcmk\u00fcnd\u00fcr. Hesaba indiy\u0259 q\u0259d\u0259r c\u0259mi 2800 manat y\u0131\u011f\u0131l\u0131b:\n<\/p>\n<p>\n  \u201cYaz\u0131q u\u015faq h\u0259r h\u0259ft\u0259 gedib bax\u0131r, pul y\u0131\u011f\u0131lm\u0131r. H\u0259ft\u0259y\u0259 uza\u011f\u0131 50 manat. H\u0259r h\u0259ft\u0259 t\u0259kc\u0259 Sabun\u00e7u x\u0259st\u0259xanas\u0131nda 600 manat x\u0259rcl\u0259yirik. Qohum-qon\u015fu y\u0131\u011f\u0131\u015f\u0131b h\u0259r\u0259y\u0259 20 manat pul verdi. Evd\u0259 ham\u0131m\u0131z x\u0259st\u0259yik. D\u00f6vl\u0259tin he\u00e7 bir k\u00f6m\u0259yi yoxdu. M\u0259n\u0259 he\u00e7 olmasa, bu u\u015fa\u011fa baxd\u0131\u011f\u0131ma g\u00f6r\u0259 d\u0259 pul vermirl\u0259r\u201d.\n<\/p>\n<p>\n  G\u00fcl\u0259r \u201cFacebook\u201ddak\u0131 profilind\u0259 az qala h\u0259r g\u00fcn x\u0259st\u0259liyi il\u0259 ba\u011fl\u0131 payla\u015f\u0131m edir. K\u00f6m\u0259k ed\u0259nl\u0259r az deyil, amma bir ne\u00e7\u0259 manatla b\u00fct\u00fcn m\u00fcalic\u0259 x\u0259rcini y\u0131\u011fmaq \u00e7\u0259tin g\u00f6r\u00fcn\u00fcr. G\u00fcl\u0259r yen\u0259 \u00fcmidini \u00fczm\u00fcr, insanlar\u0131n m\u0259rh\u0259m\u0259tin\u0259 g\u00fcv\u0259nir.\n<\/p>\n<p>\n  Anas\u0131 deyir ki, k\u00f6m\u0259k \u0259lini uzadan he\u00e7 bir adam\u0131 yaddan \u00e7\u0131xarm\u0131r: \u201cM\u0259cburi k\u00f6\u00e7k\u00fcn var G\u00f6y\u00e7ayda, g\u0259tirib 300 manat verdi. Dedi, sa\u011fals\u0131n, g\u0259lib qurban k\u0259s\u0259c\u0259m. N\u0259 q\u0259d\u0259r qurban demi\u015fik. M\u0259n d\u0259 anayam, arzum var, ist\u0259yir\u0259m onu bu qap\u0131dan g\u0259lin k\u00f6\u00e7\u00fcr\u00fcm&#8230;\u201d\n<\/p>\n<p>\n  G\u00fcl\u0259r arzular\u0131n \u0259t\u0259yind\u0259n tutub ya\u015fay\u0131r: \u201cAptek\u0259 t\u0259z\u0259c\u0259 i\u015f\u0259 d\u00fcz\u0259lmi\u015fdim. H\u0259kim olmaq ist\u0259yirdim. A\u011f xalatdan el\u0259 xo\u015fum g\u0259lir ki&#8230;\u201d<\/p>\n","protected":false},"excerpt":{"rendered":"<p>\u00d6vlad\u0131 x\u0259st\u0259likd\u0259n \u0259ziyy\u0259t \u00e7\u0259k\u0259n ana: \u201cBiz terrorist deyilik\u201d<\/p>\n","protected":false},"author":11,"featured_media":119087,"comment_status":"closed","ping_status":"open","sticky":false,"template":"","format":"standard","meta":{"_acf_changed":false,"_sitemap_exclude":false,"_sitemap_priority":"","_sitemap_frequency":"","footnotes":""},"categories":[60],"tags":[],"class_list":["post-194265","post","type-post","status-publish","format-standard","has-post-thumbnail","hentry","category-bolge","infinite-scroll-item","generate-columns","tablet-grid-50","mobile-grid-100","grid-parent","grid-33","no-featured-image-padding"],"acf":[],"yoast_head":"<!-- This site is optimized with the Yoast SEO plugin v27.4 - https:\/\/yoast.com\/product\/yoast-seo-wordpress\/ -->\n<title>&#039;&#039;\u0130st\u0259yirdim ki, Mehriban \u018fliyeva balama k\u00f6m\u0259k el\u0259sin...&#039;&#039; - MEYDAN.TV<\/title>\n<meta name=\"robots\" content=\"index, follow, max-snippet:-1, max-image-preview:large, max-video-preview:-1\" \/>\n<link rel=\"canonical\" href=\"https:\/\/www.meydan.tv\/az\/article\/isteyirdim-ki-mehriban-eliyeva-balama-komek-elesin\/\" \/>\n<meta property=\"og:locale\" content=\"az_AZ\" \/>\n<meta property=\"og:type\" content=\"article\" \/>\n<meta property=\"og:title\" content=\"&#039;&#039;\u0130st\u0259yirdim ki, Mehriban \u018fliyeva balama k\u00f6m\u0259k el\u0259sin...&#039;&#039; - MEYDAN.TV\" \/>\n<meta property=\"og:description\" content=\"\u00d6vlad\u0131 x\u0259st\u0259likd\u0259n \u0259ziyy\u0259t \u00e7\u0259k\u0259n ana: \u201cBiz terrorist deyilik\u201d\" \/>\n<meta property=\"og:url\" content=\"https:\/\/www.meydan.tv\/az\/article\/isteyirdim-ki-mehriban-eliyeva-balama-komek-elesin\/\" \/>\n<meta property=\"og:site_name\" content=\"MEYDAN.TV\" \/>\n<meta property=\"article:published_time\" content=\"2019-02-28T11:05:22+00:00\" \/>\n<meta property=\"og:image\" content=\"https:\/\/www.meydan.tv\/wp-content\/uploads\/untitled_design_1_jdvtqil.png\" \/>\n\t<meta property=\"og:image:width\" content=\"1200\" \/>\n\t<meta property=\"og:image:height\" content=\"570\" \/>\n\t<meta property=\"og:image:type\" content=\"image\/png\" \/>\n<meta name=\"author\" content=\"user-manager\" \/>\n<meta name=\"twitter:card\" content=\"summary_large_image\" \/>\n<script type=\"application\/ld+json\" class=\"yoast-schema-graph\">{\"@context\":\"https:\\\/\\\/schema.org\",\"@graph\":[{\"@type\":\"Article\",\"@id\":\"https:\\\/\\\/www.meydan.tv\\\/az\\\/article\\\/isteyirdim-ki-mehriban-eliyeva-balama-komek-elesin\\\/#article\",\"isPartOf\":{\"@id\":\"https:\\\/\\\/www.meydan.tv\\\/az\\\/article\\\/isteyirdim-ki-mehriban-eliyeva-balama-komek-elesin\\\/\"},\"author\":{\"name\":\"user-manager\",\"@id\":\"https:\\\/\\\/www.meydan.tv\\\/az\\\/#\\\/schema\\\/person\\\/10d11eccf6da3662cf5fdab9806ea91a\"},\"headline\":\"&#8221;\u0130st\u0259yirdim ki, Mehriban \u018fliyeva balama k\u00f6m\u0259k el\u0259sin&#8230;&#8221;\",\"datePublished\":\"2019-02-28T11:05:22+00:00\",\"mainEntityOfPage\":{\"@id\":\"https:\\\/\\\/www.meydan.tv\\\/az\\\/article\\\/isteyirdim-ki-mehriban-eliyeva-balama-komek-elesin\\\/\"},\"wordCount\":1122,\"publisher\":{\"@id\":\"https:\\\/\\\/www.meydan.tv\\\/az\\\/#organization\"},\"image\":{\"@id\":\"https:\\\/\\\/www.meydan.tv\\\/az\\\/article\\\/isteyirdim-ki-mehriban-eliyeva-balama-komek-elesin\\\/#primaryimage\"},\"thumbnailUrl\":\"https:\\\/\\\/www.meydan.tv\\\/wp-content\\\/uploads\\\/untitled_design_1_jdvtqil.png\",\"articleSection\":[\"B\u00f6lg\u0259\"],\"inLanguage\":\"az\"},{\"@type\":\"WebPage\",\"@id\":\"https:\\\/\\\/www.meydan.tv\\\/az\\\/article\\\/isteyirdim-ki-mehriban-eliyeva-balama-komek-elesin\\\/\",\"url\":\"https:\\\/\\\/www.meydan.tv\\\/az\\\/article\\\/isteyirdim-ki-mehriban-eliyeva-balama-komek-elesin\\\/\",\"name\":\"''\u0130st\u0259yirdim ki, Mehriban \u018fliyeva balama k\u00f6m\u0259k el\u0259sin...'' - MEYDAN.TV\",\"isPartOf\":{\"@id\":\"https:\\\/\\\/www.meydan.tv\\\/az\\\/#website\"},\"primaryImageOfPage\":{\"@id\":\"https:\\\/\\\/www.meydan.tv\\\/az\\\/article\\\/isteyirdim-ki-mehriban-eliyeva-balama-komek-elesin\\\/#primaryimage\"},\"image\":{\"@id\":\"https:\\\/\\\/www.meydan.tv\\\/az\\\/article\\\/isteyirdim-ki-mehriban-eliyeva-balama-komek-elesin\\\/#primaryimage\"},\"thumbnailUrl\":\"https:\\\/\\\/www.meydan.tv\\\/wp-content\\\/uploads\\\/untitled_design_1_jdvtqil.png\",\"datePublished\":\"2019-02-28T11:05:22+00:00\",\"breadcrumb\":{\"@id\":\"https:\\\/\\\/www.meydan.tv\\\/az\\\/article\\\/isteyirdim-ki-mehriban-eliyeva-balama-komek-elesin\\\/#breadcrumb\"},\"inLanguage\":\"az\",\"potentialAction\":[{\"@type\":\"ReadAction\",\"target\":[\"https:\\\/\\\/www.meydan.tv\\\/az\\\/article\\\/isteyirdim-ki-mehriban-eliyeva-balama-komek-elesin\\\/\"]}]},{\"@type\":\"ImageObject\",\"inLanguage\":\"az\",\"@id\":\"https:\\\/\\\/www.meydan.tv\\\/az\\\/article\\\/isteyirdim-ki-mehriban-eliyeva-balama-komek-elesin\\\/#primaryimage\",\"url\":\"https:\\\/\\\/www.meydan.tv\\\/wp-content\\\/uploads\\\/untitled_design_1_jdvtqil.png\",\"contentUrl\":\"https:\\\/\\\/www.meydan.tv\\\/wp-content\\\/uploads\\\/untitled_design_1_jdvtqil.png\",\"width\":1200,\"height\":570,\"caption\":\"Source: Meydan TV\"},{\"@type\":\"BreadcrumbList\",\"@id\":\"https:\\\/\\\/www.meydan.tv\\\/az\\\/article\\\/isteyirdim-ki-mehriban-eliyeva-balama-komek-elesin\\\/#breadcrumb\",\"itemListElement\":[{\"@type\":\"ListItem\",\"position\":1,\"name\":\"Ana s\u0259hif\u0259\",\"item\":\"https:\\\/\\\/www.meydan.tv\\\/az\\\/\"},{\"@type\":\"ListItem\",\"position\":2,\"name\":\"B\u00f6lg\u0259\",\"item\":\"https:\\\/\\\/www.meydan.tv\\\/az\\\/section\\\/bolge\\\/\"},{\"@type\":\"ListItem\",\"position\":3,\"name\":\"&#8221;\u0130st\u0259yirdim ki, Mehriban \u018fliyeva balama k\u00f6m\u0259k el\u0259sin&#8230;&#8221;\"}]},{\"@type\":\"WebSite\",\"@id\":\"https:\\\/\\\/www.meydan.tv\\\/az\\\/#website\",\"url\":\"https:\\\/\\\/www.meydan.tv\\\/az\\\/\",\"name\":\"MEYDAN.TV\",\"description\":\"Meydan TV Az\u0259rbaycan\u0131n media m\u0259kan\u0131ndak\u0131 alternativ s\u0259sidir\",\"publisher\":{\"@id\":\"https:\\\/\\\/www.meydan.tv\\\/az\\\/#organization\"},\"potentialAction\":[{\"@type\":\"SearchAction\",\"target\":{\"@type\":\"EntryPoint\",\"urlTemplate\":\"https:\\\/\\\/www.meydan.tv\\\/az\\\/?s={search_term_string}\"},\"query-input\":{\"@type\":\"PropertyValueSpecification\",\"valueRequired\":true,\"valueName\":\"search_term_string\"}}],\"inLanguage\":\"az\"},{\"@type\":\"Organization\",\"@id\":\"https:\\\/\\\/www.meydan.tv\\\/az\\\/#organization\",\"name\":\"Meydan TV\",\"url\":\"https:\\\/\\\/www.meydan.tv\\\/az\\\/\",\"logo\":{\"@type\":\"ImageObject\",\"inLanguage\":\"az\",\"@id\":\"https:\\\/\\\/www.meydan.tv\\\/az\\\/#\\\/schema\\\/logo\\\/image\\\/\",\"url\":\"https:\\\/\\\/www.meydan.tv\\\/wp-content\\\/uploads\\\/2021\\\/07\\\/meydan-logo.svg\",\"contentUrl\":\"https:\\\/\\\/www.meydan.tv\\\/wp-content\\\/uploads\\\/2021\\\/07\\\/meydan-logo.svg\",\"width\":195,\"height\":46,\"caption\":\"Meydan TV\"},\"image\":{\"@id\":\"https:\\\/\\\/www.meydan.tv\\\/az\\\/#\\\/schema\\\/logo\\\/image\\\/\"}},{\"@type\":\"Person\",\"@id\":\"https:\\\/\\\/www.meydan.tv\\\/az\\\/#\\\/schema\\\/person\\\/10d11eccf6da3662cf5fdab9806ea91a\",\"name\":\"user-manager\"}]}<\/script>\n<!-- \/ Yoast SEO plugin. -->","yoast_head_json":{"title":"''\u0130st\u0259yirdim ki, Mehriban \u018fliyeva balama k\u00f6m\u0259k el\u0259sin...'' - MEYDAN.TV","robots":{"index":"index","follow":"follow","max-snippet":"max-snippet:-1","max-image-preview":"max-image-preview:large","max-video-preview":"max-video-preview:-1"},"canonical":"https:\/\/www.meydan.tv\/az\/article\/isteyirdim-ki-mehriban-eliyeva-balama-komek-elesin\/","og_locale":"az_AZ","og_type":"article","og_title":"''\u0130st\u0259yirdim ki, Mehriban \u018fliyeva balama k\u00f6m\u0259k el\u0259sin...'' - MEYDAN.TV","og_description":"\u00d6vlad\u0131 x\u0259st\u0259likd\u0259n \u0259ziyy\u0259t \u00e7\u0259k\u0259n ana: \u201cBiz terrorist deyilik\u201d","og_url":"https:\/\/www.meydan.tv\/az\/article\/isteyirdim-ki-mehriban-eliyeva-balama-komek-elesin\/","og_site_name":"MEYDAN.TV","article_published_time":"2019-02-28T11:05:22+00:00","og_image":[{"width":1200,"height":570,"url":"https:\/\/www.meydan.tv\/wp-content\/uploads\/untitled_design_1_jdvtqil.png","type":"image\/png"}],"author":"user-manager","twitter_card":"summary_large_image","schema":{"@context":"https:\/\/schema.org","@graph":[{"@type":"Article","@id":"https:\/\/www.meydan.tv\/az\/article\/isteyirdim-ki-mehriban-eliyeva-balama-komek-elesin\/#article","isPartOf":{"@id":"https:\/\/www.meydan.tv\/az\/article\/isteyirdim-ki-mehriban-eliyeva-balama-komek-elesin\/"},"author":{"name":"user-manager","@id":"https:\/\/www.meydan.tv\/az\/#\/schema\/person\/10d11eccf6da3662cf5fdab9806ea91a"},"headline":"&#8221;\u0130st\u0259yirdim ki, Mehriban \u018fliyeva balama k\u00f6m\u0259k el\u0259sin&#8230;&#8221;","datePublished":"2019-02-28T11:05:22+00:00","mainEntityOfPage":{"@id":"https:\/\/www.meydan.tv\/az\/article\/isteyirdim-ki-mehriban-eliyeva-balama-komek-elesin\/"},"wordCount":1122,"publisher":{"@id":"https:\/\/www.meydan.tv\/az\/#organization"},"image":{"@id":"https:\/\/www.meydan.tv\/az\/article\/isteyirdim-ki-mehriban-eliyeva-balama-komek-elesin\/#primaryimage"},"thumbnailUrl":"https:\/\/www.meydan.tv\/wp-content\/uploads\/untitled_design_1_jdvtqil.png","articleSection":["B\u00f6lg\u0259"],"inLanguage":"az"},{"@type":"WebPage","@id":"https:\/\/www.meydan.tv\/az\/article\/isteyirdim-ki-mehriban-eliyeva-balama-komek-elesin\/","url":"https:\/\/www.meydan.tv\/az\/article\/isteyirdim-ki-mehriban-eliyeva-balama-komek-elesin\/","name":"''\u0130st\u0259yirdim ki, Mehriban \u018fliyeva balama k\u00f6m\u0259k el\u0259sin...'' - MEYDAN.TV","isPartOf":{"@id":"https:\/\/www.meydan.tv\/az\/#website"},"primaryImageOfPage":{"@id":"https:\/\/www.meydan.tv\/az\/article\/isteyirdim-ki-mehriban-eliyeva-balama-komek-elesin\/#primaryimage"},"image":{"@id":"https:\/\/www.meydan.tv\/az\/article\/isteyirdim-ki-mehriban-eliyeva-balama-komek-elesin\/#primaryimage"},"thumbnailUrl":"https:\/\/www.meydan.tv\/wp-content\/uploads\/untitled_design_1_jdvtqil.png","datePublished":"2019-02-28T11:05:22+00:00","breadcrumb":{"@id":"https:\/\/www.meydan.tv\/az\/article\/isteyirdim-ki-mehriban-eliyeva-balama-komek-elesin\/#breadcrumb"},"inLanguage":"az","potentialAction":[{"@type":"ReadAction","target":["https:\/\/www.meydan.tv\/az\/article\/isteyirdim-ki-mehriban-eliyeva-balama-komek-elesin\/"]}]},{"@type":"ImageObject","inLanguage":"az","@id":"https:\/\/www.meydan.tv\/az\/article\/isteyirdim-ki-mehriban-eliyeva-balama-komek-elesin\/#primaryimage","url":"https:\/\/www.meydan.tv\/wp-content\/uploads\/untitled_design_1_jdvtqil.png","contentUrl":"https:\/\/www.meydan.tv\/wp-content\/uploads\/untitled_design_1_jdvtqil.png","width":1200,"height":570,"caption":"Source: Meydan TV"},{"@type":"BreadcrumbList","@id":"https:\/\/www.meydan.tv\/az\/article\/isteyirdim-ki-mehriban-eliyeva-balama-komek-elesin\/#breadcrumb","itemListElement":[{"@type":"ListItem","position":1,"name":"Ana s\u0259hif\u0259","item":"https:\/\/www.meydan.tv\/az\/"},{"@type":"ListItem","position":2,"name":"B\u00f6lg\u0259","item":"https:\/\/www.meydan.tv\/az\/section\/bolge\/"},{"@type":"ListItem","position":3,"name":"&#8221;\u0130st\u0259yirdim ki, Mehriban \u018fliyeva balama k\u00f6m\u0259k el\u0259sin&#8230;&#8221;"}]},{"@type":"WebSite","@id":"https:\/\/www.meydan.tv\/az\/#website","url":"https:\/\/www.meydan.tv\/az\/","name":"MEYDAN.TV","description":"Meydan TV Az\u0259rbaycan\u0131n media m\u0259kan\u0131ndak\u0131 alternativ s\u0259sidir","publisher":{"@id":"https:\/\/www.meydan.tv\/az\/#organization"},"potentialAction":[{"@type":"SearchAction","target":{"@type":"EntryPoint","urlTemplate":"https:\/\/www.meydan.tv\/az\/?s={search_term_string}"},"query-input":{"@type":"PropertyValueSpecification","valueRequired":true,"valueName":"search_term_string"}}],"inLanguage":"az"},{"@type":"Organization","@id":"https:\/\/www.meydan.tv\/az\/#organization","name":"Meydan TV","url":"https:\/\/www.meydan.tv\/az\/","logo":{"@type":"ImageObject","inLanguage":"az","@id":"https:\/\/www.meydan.tv\/az\/#\/schema\/logo\/image\/","url":"https:\/\/www.meydan.tv\/wp-content\/uploads\/2021\/07\/meydan-logo.svg","contentUrl":"https:\/\/www.meydan.tv\/wp-content\/uploads\/2021\/07\/meydan-logo.svg","width":195,"height":46,"caption":"Meydan TV"},"image":{"@id":"https:\/\/www.meydan.tv\/az\/#\/schema\/logo\/image\/"}},{"@type":"Person","@id":"https:\/\/www.meydan.tv\/az\/#\/schema\/person\/10d11eccf6da3662cf5fdab9806ea91a","name":"user-manager"}]}},"_links":{"self":[{"href":"https:\/\/www.meydan.tv\/az\/wp-json\/wp\/v2\/posts\/194265","targetHints":{"allow":["GET"]}}],"collection":[{"href":"https:\/\/www.meydan.tv\/az\/wp-json\/wp\/v2\/posts"}],"about":[{"href":"https:\/\/www.meydan.tv\/az\/wp-json\/wp\/v2\/types\/post"}],"author":[{"embeddable":true,"href":"https:\/\/www.meydan.tv\/az\/wp-json\/wp\/v2\/users\/11"}],"replies":[{"embeddable":true,"href":"https:\/\/www.meydan.tv\/az\/wp-json\/wp\/v2\/comments?post=194265"}],"version-history":[{"count":0,"href":"https:\/\/www.meydan.tv\/az\/wp-json\/wp\/v2\/posts\/194265\/revisions"}],"wp:featuredmedia":[{"embeddable":true,"href":"https:\/\/www.meydan.tv\/az\/wp-json\/wp\/v2\/media\/119087"}],"wp:attachment":[{"href":"https:\/\/www.meydan.tv\/az\/wp-json\/wp\/v2\/media?parent=194265"}],"wp:term":[{"taxonomy":"category","embeddable":true,"href":"https:\/\/www.meydan.tv\/az\/wp-json\/wp\/v2\/categories?post=194265"},{"taxonomy":"post_tag","embeddable":true,"href":"https:\/\/www.meydan.tv\/az\/wp-json\/wp\/v2\/tags?post=194265"}],"curies":[{"name":"wp","href":"https:\/\/api.w.org\/{rel}","templated":true}]}}