{"id":194253,"date":"2019-02-27T16:47:49","date_gmt":"2019-02-27T16:47:49","guid":{"rendered":"https:\/\/www.meydan.tv\/article\/zibillik-erazisinin-sakinleri\/"},"modified":"2019-02-27T16:47:49","modified_gmt":"2019-02-27T16:47:49","slug":"zibillik-erazisinin-sakinleri","status":"publish","type":"post","link":"https:\/\/www.meydan.tv\/az\/article\/zibillik-erazisinin-sakinleri\/","title":{"rendered":"Zibillik \u0259razisinin sakinl\u0259ri"},"content":{"rendered":"<p>\n  Xa\u00e7mazl\u0131lar zibilxanan\u0131n m\u00fchafiz\u0259 zola\u011f\u0131na al\u0131nmas\u0131n\u0131 ist\u0259yirl\u0259r\n<\/p>\n<p>\n  \u201cYayda iy-qoxudan burada dayanmaq m\u00fcmk\u00fcn olmur. \u00d6lm\u00fc\u015f itl\u0259rin le\u015fini g\u0259tirib at\u0131rlar bura. H\u0259tta \u00fcz\u0259rini bel\u0259 torpaqlam\u0131rlar, a\u00e7\u0131q qal\u0131r. Ax\u015fam\u00e7a\u011f\u0131 adamlar ev\u0259 dolu\u015fandan sonra zibilxanan\u0131 yand\u0131r\u0131rlar. T\u00fcst\u00fc, pis qoxu \u0259traf\u0131 b\u00fcr\u00fcy\u00fcr, dolur insanlar\u0131n ciy\u0259rin\u0259. U\u015faqlar\u0131m\u0131z\u0131 5 d\u0259qiq\u0259 bay\u0131ra buraxa bilmirik\u201d.\n<\/p>\n<figure class=\"wp-block-image size-large\">\n  <img decoding=\"async\" src=\"https:\/\/www.meydan.tv\/az\/52935387_2534777333231379_3697161535488000000_n-1-jpg\/\" alt=\"52935387_2534777333231379_3697161535488000000_n (1).jpg\" class=\"wp-image-119030\"\/><figcaption>\n    Xa\u00e7maz rayonu, Da\u011f\u0131stan k\u00fc\u00e7\u0259si<br \/>\n  <\/figcaption><\/figure>\n<p>\n  Xa\u00e7maz \u015f\u0259h\u0259ri Da\u011f\u0131stan k\u00fc\u00e7\u0259sinin sakinl\u0259ri \u015fikay\u0259t\u00e7idir. Onlar\u0131n naraz\u0131l\u0131\u011f\u0131 h\u0259min \u0259razind\u0259 yerl\u0259\u015f\u0259n zibilxanan\u0131n m\u00fchafiz\u0259 zola\u011f\u0131na al\u0131nmamas\u0131 il\u0259 ba\u011fl\u0131d\u0131r.\n<\/p>\n<p>\n  \u201cBu \u0259razi b\u00fct\u00fcn Xa\u00e7maz rayonunun zibilxanas\u0131d\u0131r. Burada qanuni tikilil\u0259r, ya\u015fay\u0131\u015f massivi olsa da, m\u00fchafiz\u0259 zola\u011f\u0131 yoxdur. G\u00fcn \u0259rzind\u0259 \u0259raziy\u0259 g\u0259tiril\u0259n ma\u015f\u0131n-ma\u015f\u0131n zibill\u0259r is\u0259 hara g\u0259ldi bo\u015fald\u0131l\u0131r. Yayda h\u0259y\u0259td\u0259 5 d\u0259qiq\u0259 oturub, \u00e7ay i\u00e7m\u0259k m\u00fcmk\u00fcn deyil. Bura ya\u015famal\u0131 yer deyil\u201d, &#8211; Z\u0259rif\u0259 M\u0259mm\u0259dova bel\u0259 deyir.\n<\/p>\n<p>\n  \u201cYeddi ildir ki, burada ya\u015fay\u0131ram, bura h\u0259r zaman bel\u0259 olub. Zibil \u00e7oxal\u0131r, traktor g\u0259tirib, \u0259trafa yay\u0131rlar. Xa\u00e7maz rayonunun b\u00fct\u00fcn zir-zibilini g\u0259tirib, bura t\u00f6k\u00fcrl\u0259r. Ma\u015f\u0131n g\u0259lir, uza\u011fa getmir, zibili el\u0259c\u0259 evl\u0259rin yax\u0131nl\u0131\u011f\u0131nda bo\u015fald\u0131b gedir. Camaat da iyd\u0259n-qoxudan yay-q\u0131\u015f a\u011fz\u0131-burnu ba\u011fl\u0131 v\u0259ziyy\u0259td\u0259 g\u0259zir\u201d, &#8211; dey\u0259 C\u0259bray\u0131l Mirz\u0259yev \u0259lav\u0259 edir.\n<\/p>\n<figure class=\"wp-block-image size-large\">\n  <img decoding=\"async\" src=\"https:\/\/www.meydan.tv\/az\/52812903_2534776593231453_7778163172938088448_n-1-jpg\/\" alt=\"52812903_2534776593231453_7778163172938088448_n (1).jpg\" class=\"wp-image-119036\"\/><figcaption>\n    Xa\u00e7maz rayonu, Da\u011f\u0131stan k\u00fc\u00e7\u0259si<br \/>\n  <\/figcaption><\/figure>\n<p>\n  Onun s\u00f6zl\u0259rin\u0259 g\u00f6r\u0259, \u0259razid\u0259ki tikilil\u0259r qanunidir. Zibilxana is\u0259 tikilil\u0259rd\u0259n xeyli uzaq m\u0259saf\u0259d\u0259 olmal\u0131d\u0131r. M\u00fchafiz\u0259 zola\u011f\u0131 olmad\u0131\u011f\u0131 \u00fc\u00e7\u00fcn d\u0259 zibill\u0259r evl\u0259rin yax\u0131nl\u0131\u011f\u0131na bo\u015fald\u0131l\u0131r.\n<\/p>\n<p>\n  \u201cEvl\u0259r qanuni tikilil\u0259rdir. Lakin \u0259limizd\u0259ki s\u0259n\u0259dl\u0259r\u0259 m\u0259h\u0259l qoyan, camaat\u0131n \u015fikay\u0259tin\u0259 baxan yoxdur. Zibilxana evl\u0259rd\u0259n k\u0259nara \u00e7\u0259kilm\u0259lidir. M\u00fcraci\u0259t edirik, deyirl\u0259r ki, h\u0259min \u0259razi r\u0259smi zibilxanad\u0131r, t\u0259yinat\u0131n\u0131 d\u0259yi\u015fm\u0259k m\u00fcmk\u00fcn deyil. Biz zibilxanan\u0131n k\u00f6\u00e7\u00fcr\u00fclm\u0259sini deyil, m\u00fchafiz\u0259 zola\u011f\u0131n\u0131n b\u0259rpa edilm\u0259sini t\u0259l\u0259b edirik. Etiraz edirs\u0259n, deyir ki, burada ev tikm\u0259zdin. \u018flimizd\u0259 olan s\u0259n\u0259dl\u0259r\u0259 baxan da yoxdur\u201d, &#8211; Qabil \u018fliyev s\u00f6yl\u0259yir.\n<\/p>\n<figure class=\"wp-block-image size-large\">\n  <img decoding=\"async\" src=\"https:\/\/www.meydan.tv\/az\/52797099_2534780503231062_3515200276715798528_n-jpg\/\" alt=\"52797099_2534780503231062_3515200276715798528_n.jpg\" class=\"wp-image-119042\"\/><figcaption>\n    Xa\u00e7maz rayonu, Da\u011f\u0131stan k\u00fc\u00e7\u0259si<br \/>\n  <\/figcaption><\/figure>\n<p>\n  Xa\u00e7maz M\u0259nzil Kommunal T\u0259s\u0259rr\u00fcfat\u0131 \u0130stehsalat Birliyinin r\u0259isi Qalib S\u0259f\u0259r\u0259liyev Meydan TV-y\u0259 a\u00e7\u0131qlamas\u0131nda problemd\u0259n x\u0259b\u0259rdar olduqlar\u0131n\u0131 v\u0259 h\u0259llin\u0259 \u00e7al\u0131\u015facaqlar\u0131n\u0131 deyib:\n<\/p>\n<p>\n  \u201cH\u0259min \u0259razi \u015f\u0259h\u0259r zibilxanas\u0131d\u0131r. Oradak\u0131 evl\u0259rin \u0259ks\u0259riyy\u0259ti qeyri-qanuni tikilil\u0259rdir. Bo\u015f yer olub, z\u0259bt edib, ev tikibl\u0259r. Orada b\u00f6y\u00fck texnikam\u0131z- traktorumuz var. Traktor h\u0259min zibill\u0259ri k\u00fcr\u00fcy\u00fcb, arxaya at\u0131r. Ba\u015fa d\u00fc\u015f\u00fcr\u0259m, problemli m\u0259s\u0259l\u0259dir. Orada m\u0259nim d\u0259 evim olsa, yayda iyd\u0259n qala bilm\u0259r\u0259m. Zibill\u0259ri yand\u0131r\u0131rlar, \u00fcfun\u0259t iyi olur. Biz \u00e7al\u0131\u015f\u0131r\u0131q ki, zibilxanan\u0131n yerini d\u0259yi\u015f\u0259k, q\u0131raq bir yer\u0259 k\u00f6\u00e7\u00fcr\u0259k. Bu da bir ne\u00e7\u0259 g\u00fcn\u00fcn i\u015fi deyil. \u0130st\u0259nil\u0259n halda m\u0259s\u0259l\u0259ni h\u0259ll etm\u0259y\u0259 \u00e7al\u0131\u015faca\u011f\u0131q\u201d.\n<\/p>\n<figure class=\"wp-block-image size-large\">\n  <img decoding=\"async\" src=\"https:\/\/www.meydan.tv\/az\/52723210_2534778283231284_3314221199109652480_n-jpg\/\" alt=\"52723210_2534778283231284_3314221199109652480_n.jpg\" class=\"wp-image-119045\"\/><figcaption>\n    Xa\u00e7maz rayonu, Da\u011f\u0131stan k\u00fc\u00e7\u0259si<br \/>\n  <\/figcaption><\/figure>\n","protected":false},"excerpt":{"rendered":"<p>Biz \u00e7al\u0131\u015f\u0131r\u0131q ki, zibilxanan\u0131n yerini d\u0259yi\u015f\u0259k, q\u0131raq bir yer\u0259 k\u00f6\u00e7\u00fcr\u0259k<\/p>\n","protected":false},"author":11,"featured_media":119018,"comment_status":"closed","ping_status":"open","sticky":false,"template":"","format":"standard","meta":{"_acf_changed":false,"_sitemap_exclude":false,"_sitemap_priority":"","_sitemap_frequency":"","footnotes":""},"categories":[60],"tags":[],"class_list":["post-194253","post","type-post","status-publish","format-standard","has-post-thumbnail","hentry","category-bolge","infinite-scroll-item","generate-columns","tablet-grid-50","mobile-grid-100","grid-parent","grid-33","no-featured-image-padding"],"acf":[],"yoast_head":"<!-- This site is optimized with the Yoast SEO plugin v27.4 - https:\/\/yoast.com\/product\/yoast-seo-wordpress\/ -->\n<title>Zibillik \u0259razisinin sakinl\u0259ri - MEYDAN.TV<\/title>\n<meta name=\"robots\" content=\"index, follow, max-snippet:-1, max-image-preview:large, max-video-preview:-1\" \/>\n<link rel=\"canonical\" href=\"https:\/\/www.meydan.tv\/az\/article\/zibillik-erazisinin-sakinleri\/\" \/>\n<meta property=\"og:locale\" content=\"az_AZ\" \/>\n<meta property=\"og:type\" content=\"article\" \/>\n<meta property=\"og:title\" content=\"Zibillik \u0259razisinin sakinl\u0259ri - MEYDAN.TV\" \/>\n<meta property=\"og:description\" content=\"Biz \u00e7al\u0131\u015f\u0131r\u0131q ki, zibilxanan\u0131n yerini d\u0259yi\u015f\u0259k, q\u0131raq bir yer\u0259 k\u00f6\u00e7\u00fcr\u0259k\" \/>\n<meta property=\"og:url\" content=\"https:\/\/www.meydan.tv\/az\/article\/zibillik-erazisinin-sakinleri\/\" \/>\n<meta property=\"og:site_name\" content=\"MEYDAN.TV\" \/>\n<meta property=\"article:published_time\" content=\"2019-02-27T16:47:49+00:00\" \/>\n<meta property=\"og:image\" content=\"https:\/\/www.meydan.tv\/wp-content\/uploads\/52828078_2534779929897786_7240452955608973312_n.jpg\" \/>\n\t<meta property=\"og:image:width\" content=\"960\" \/>\n\t<meta property=\"og:image:height\" content=\"720\" \/>\n\t<meta property=\"og:image:type\" content=\"image\/jpeg\" \/>\n<meta name=\"author\" content=\"user-manager\" \/>\n<meta name=\"twitter:card\" content=\"summary_large_image\" \/>\n<script type=\"application\/ld+json\" class=\"yoast-schema-graph\">{\"@context\":\"https:\\\/\\\/schema.org\",\"@graph\":[{\"@type\":\"Article\",\"@id\":\"https:\\\/\\\/www.meydan.tv\\\/az\\\/article\\\/zibillik-erazisinin-sakinleri\\\/#article\",\"isPartOf\":{\"@id\":\"https:\\\/\\\/www.meydan.tv\\\/az\\\/article\\\/zibillik-erazisinin-sakinleri\\\/\"},\"author\":{\"name\":\"user-manager\",\"@id\":\"https:\\\/\\\/www.meydan.tv\\\/az\\\/#\\\/schema\\\/person\\\/10d11eccf6da3662cf5fdab9806ea91a\"},\"headline\":\"Zibillik \u0259razisinin sakinl\u0259ri\",\"datePublished\":\"2019-02-27T16:47:49+00:00\",\"mainEntityOfPage\":{\"@id\":\"https:\\\/\\\/www.meydan.tv\\\/az\\\/article\\\/zibillik-erazisinin-sakinleri\\\/\"},\"wordCount\":597,\"publisher\":{\"@id\":\"https:\\\/\\\/www.meydan.tv\\\/az\\\/#organization\"},\"image\":{\"@id\":\"https:\\\/\\\/www.meydan.tv\\\/az\\\/article\\\/zibillik-erazisinin-sakinleri\\\/#primaryimage\"},\"thumbnailUrl\":\"https:\\\/\\\/www.meydan.tv\\\/wp-content\\\/uploads\\\/52828078_2534779929897786_7240452955608973312_n.jpg\",\"articleSection\":[\"B\u00f6lg\u0259\"],\"inLanguage\":\"az\"},{\"@type\":\"WebPage\",\"@id\":\"https:\\\/\\\/www.meydan.tv\\\/az\\\/article\\\/zibillik-erazisinin-sakinleri\\\/\",\"url\":\"https:\\\/\\\/www.meydan.tv\\\/az\\\/article\\\/zibillik-erazisinin-sakinleri\\\/\",\"name\":\"Zibillik \u0259razisinin sakinl\u0259ri - MEYDAN.TV\",\"isPartOf\":{\"@id\":\"https:\\\/\\\/www.meydan.tv\\\/az\\\/#website\"},\"primaryImageOfPage\":{\"@id\":\"https:\\\/\\\/www.meydan.tv\\\/az\\\/article\\\/zibillik-erazisinin-sakinleri\\\/#primaryimage\"},\"image\":{\"@id\":\"https:\\\/\\\/www.meydan.tv\\\/az\\\/article\\\/zibillik-erazisinin-sakinleri\\\/#primaryimage\"},\"thumbnailUrl\":\"https:\\\/\\\/www.meydan.tv\\\/wp-content\\\/uploads\\\/52828078_2534779929897786_7240452955608973312_n.jpg\",\"datePublished\":\"2019-02-27T16:47:49+00:00\",\"breadcrumb\":{\"@id\":\"https:\\\/\\\/www.meydan.tv\\\/az\\\/article\\\/zibillik-erazisinin-sakinleri\\\/#breadcrumb\"},\"inLanguage\":\"az\",\"potentialAction\":[{\"@type\":\"ReadAction\",\"target\":[\"https:\\\/\\\/www.meydan.tv\\\/az\\\/article\\\/zibillik-erazisinin-sakinleri\\\/\"]}]},{\"@type\":\"ImageObject\",\"inLanguage\":\"az\",\"@id\":\"https:\\\/\\\/www.meydan.tv\\\/az\\\/article\\\/zibillik-erazisinin-sakinleri\\\/#primaryimage\",\"url\":\"https:\\\/\\\/www.meydan.tv\\\/wp-content\\\/uploads\\\/52828078_2534779929897786_7240452955608973312_n.jpg\",\"contentUrl\":\"https:\\\/\\\/www.meydan.tv\\\/wp-content\\\/uploads\\\/52828078_2534779929897786_7240452955608973312_n.jpg\",\"width\":960,\"height\":720,\"caption\":\"Source: meydan tv\"},{\"@type\":\"BreadcrumbList\",\"@id\":\"https:\\\/\\\/www.meydan.tv\\\/az\\\/article\\\/zibillik-erazisinin-sakinleri\\\/#breadcrumb\",\"itemListElement\":[{\"@type\":\"ListItem\",\"position\":1,\"name\":\"Ana s\u0259hif\u0259\",\"item\":\"https:\\\/\\\/www.meydan.tv\\\/az\\\/\"},{\"@type\":\"ListItem\",\"position\":2,\"name\":\"B\u00f6lg\u0259\",\"item\":\"https:\\\/\\\/www.meydan.tv\\\/az\\\/section\\\/bolge\\\/\"},{\"@type\":\"ListItem\",\"position\":3,\"name\":\"Zibillik \u0259razisinin sakinl\u0259ri\"}]},{\"@type\":\"WebSite\",\"@id\":\"https:\\\/\\\/www.meydan.tv\\\/az\\\/#website\",\"url\":\"https:\\\/\\\/www.meydan.tv\\\/az\\\/\",\"name\":\"MEYDAN.TV\",\"description\":\"Meydan TV Az\u0259rbaycan\u0131n media m\u0259kan\u0131ndak\u0131 alternativ s\u0259sidir\",\"publisher\":{\"@id\":\"https:\\\/\\\/www.meydan.tv\\\/az\\\/#organization\"},\"potentialAction\":[{\"@type\":\"SearchAction\",\"target\":{\"@type\":\"EntryPoint\",\"urlTemplate\":\"https:\\\/\\\/www.meydan.tv\\\/az\\\/?s={search_term_string}\"},\"query-input\":{\"@type\":\"PropertyValueSpecification\",\"valueRequired\":true,\"valueName\":\"search_term_string\"}}],\"inLanguage\":\"az\"},{\"@type\":\"Organization\",\"@id\":\"https:\\\/\\\/www.meydan.tv\\\/az\\\/#organization\",\"name\":\"Meydan TV\",\"url\":\"https:\\\/\\\/www.meydan.tv\\\/az\\\/\",\"logo\":{\"@type\":\"ImageObject\",\"inLanguage\":\"az\",\"@id\":\"https:\\\/\\\/www.meydan.tv\\\/az\\\/#\\\/schema\\\/logo\\\/image\\\/\",\"url\":\"https:\\\/\\\/www.meydan.tv\\\/wp-content\\\/uploads\\\/2021\\\/07\\\/meydan-logo.svg\",\"contentUrl\":\"https:\\\/\\\/www.meydan.tv\\\/wp-content\\\/uploads\\\/2021\\\/07\\\/meydan-logo.svg\",\"width\":195,\"height\":46,\"caption\":\"Meydan TV\"},\"image\":{\"@id\":\"https:\\\/\\\/www.meydan.tv\\\/az\\\/#\\\/schema\\\/logo\\\/image\\\/\"}},{\"@type\":\"Person\",\"@id\":\"https:\\\/\\\/www.meydan.tv\\\/az\\\/#\\\/schema\\\/person\\\/10d11eccf6da3662cf5fdab9806ea91a\",\"name\":\"user-manager\"}]}<\/script>\n<!-- \/ Yoast SEO plugin. -->","yoast_head_json":{"title":"Zibillik \u0259razisinin sakinl\u0259ri - MEYDAN.TV","robots":{"index":"index","follow":"follow","max-snippet":"max-snippet:-1","max-image-preview":"max-image-preview:large","max-video-preview":"max-video-preview:-1"},"canonical":"https:\/\/www.meydan.tv\/az\/article\/zibillik-erazisinin-sakinleri\/","og_locale":"az_AZ","og_type":"article","og_title":"Zibillik \u0259razisinin sakinl\u0259ri - MEYDAN.TV","og_description":"Biz \u00e7al\u0131\u015f\u0131r\u0131q ki, zibilxanan\u0131n yerini d\u0259yi\u015f\u0259k, q\u0131raq bir yer\u0259 k\u00f6\u00e7\u00fcr\u0259k","og_url":"https:\/\/www.meydan.tv\/az\/article\/zibillik-erazisinin-sakinleri\/","og_site_name":"MEYDAN.TV","article_published_time":"2019-02-27T16:47:49+00:00","og_image":[{"width":960,"height":720,"url":"https:\/\/www.meydan.tv\/wp-content\/uploads\/52828078_2534779929897786_7240452955608973312_n.jpg","type":"image\/jpeg"}],"author":"user-manager","twitter_card":"summary_large_image","schema":{"@context":"https:\/\/schema.org","@graph":[{"@type":"Article","@id":"https:\/\/www.meydan.tv\/az\/article\/zibillik-erazisinin-sakinleri\/#article","isPartOf":{"@id":"https:\/\/www.meydan.tv\/az\/article\/zibillik-erazisinin-sakinleri\/"},"author":{"name":"user-manager","@id":"https:\/\/www.meydan.tv\/az\/#\/schema\/person\/10d11eccf6da3662cf5fdab9806ea91a"},"headline":"Zibillik \u0259razisinin sakinl\u0259ri","datePublished":"2019-02-27T16:47:49+00:00","mainEntityOfPage":{"@id":"https:\/\/www.meydan.tv\/az\/article\/zibillik-erazisinin-sakinleri\/"},"wordCount":597,"publisher":{"@id":"https:\/\/www.meydan.tv\/az\/#organization"},"image":{"@id":"https:\/\/www.meydan.tv\/az\/article\/zibillik-erazisinin-sakinleri\/#primaryimage"},"thumbnailUrl":"https:\/\/www.meydan.tv\/wp-content\/uploads\/52828078_2534779929897786_7240452955608973312_n.jpg","articleSection":["B\u00f6lg\u0259"],"inLanguage":"az"},{"@type":"WebPage","@id":"https:\/\/www.meydan.tv\/az\/article\/zibillik-erazisinin-sakinleri\/","url":"https:\/\/www.meydan.tv\/az\/article\/zibillik-erazisinin-sakinleri\/","name":"Zibillik \u0259razisinin sakinl\u0259ri - MEYDAN.TV","isPartOf":{"@id":"https:\/\/www.meydan.tv\/az\/#website"},"primaryImageOfPage":{"@id":"https:\/\/www.meydan.tv\/az\/article\/zibillik-erazisinin-sakinleri\/#primaryimage"},"image":{"@id":"https:\/\/www.meydan.tv\/az\/article\/zibillik-erazisinin-sakinleri\/#primaryimage"},"thumbnailUrl":"https:\/\/www.meydan.tv\/wp-content\/uploads\/52828078_2534779929897786_7240452955608973312_n.jpg","datePublished":"2019-02-27T16:47:49+00:00","breadcrumb":{"@id":"https:\/\/www.meydan.tv\/az\/article\/zibillik-erazisinin-sakinleri\/#breadcrumb"},"inLanguage":"az","potentialAction":[{"@type":"ReadAction","target":["https:\/\/www.meydan.tv\/az\/article\/zibillik-erazisinin-sakinleri\/"]}]},{"@type":"ImageObject","inLanguage":"az","@id":"https:\/\/www.meydan.tv\/az\/article\/zibillik-erazisinin-sakinleri\/#primaryimage","url":"https:\/\/www.meydan.tv\/wp-content\/uploads\/52828078_2534779929897786_7240452955608973312_n.jpg","contentUrl":"https:\/\/www.meydan.tv\/wp-content\/uploads\/52828078_2534779929897786_7240452955608973312_n.jpg","width":960,"height":720,"caption":"Source: meydan tv"},{"@type":"BreadcrumbList","@id":"https:\/\/www.meydan.tv\/az\/article\/zibillik-erazisinin-sakinleri\/#breadcrumb","itemListElement":[{"@type":"ListItem","position":1,"name":"Ana s\u0259hif\u0259","item":"https:\/\/www.meydan.tv\/az\/"},{"@type":"ListItem","position":2,"name":"B\u00f6lg\u0259","item":"https:\/\/www.meydan.tv\/az\/section\/bolge\/"},{"@type":"ListItem","position":3,"name":"Zibillik \u0259razisinin sakinl\u0259ri"}]},{"@type":"WebSite","@id":"https:\/\/www.meydan.tv\/az\/#website","url":"https:\/\/www.meydan.tv\/az\/","name":"MEYDAN.TV","description":"Meydan TV Az\u0259rbaycan\u0131n media m\u0259kan\u0131ndak\u0131 alternativ s\u0259sidir","publisher":{"@id":"https:\/\/www.meydan.tv\/az\/#organization"},"potentialAction":[{"@type":"SearchAction","target":{"@type":"EntryPoint","urlTemplate":"https:\/\/www.meydan.tv\/az\/?s={search_term_string}"},"query-input":{"@type":"PropertyValueSpecification","valueRequired":true,"valueName":"search_term_string"}}],"inLanguage":"az"},{"@type":"Organization","@id":"https:\/\/www.meydan.tv\/az\/#organization","name":"Meydan TV","url":"https:\/\/www.meydan.tv\/az\/","logo":{"@type":"ImageObject","inLanguage":"az","@id":"https:\/\/www.meydan.tv\/az\/#\/schema\/logo\/image\/","url":"https:\/\/www.meydan.tv\/wp-content\/uploads\/2021\/07\/meydan-logo.svg","contentUrl":"https:\/\/www.meydan.tv\/wp-content\/uploads\/2021\/07\/meydan-logo.svg","width":195,"height":46,"caption":"Meydan TV"},"image":{"@id":"https:\/\/www.meydan.tv\/az\/#\/schema\/logo\/image\/"}},{"@type":"Person","@id":"https:\/\/www.meydan.tv\/az\/#\/schema\/person\/10d11eccf6da3662cf5fdab9806ea91a","name":"user-manager"}]}},"_links":{"self":[{"href":"https:\/\/www.meydan.tv\/az\/wp-json\/wp\/v2\/posts\/194253","targetHints":{"allow":["GET"]}}],"collection":[{"href":"https:\/\/www.meydan.tv\/az\/wp-json\/wp\/v2\/posts"}],"about":[{"href":"https:\/\/www.meydan.tv\/az\/wp-json\/wp\/v2\/types\/post"}],"author":[{"embeddable":true,"href":"https:\/\/www.meydan.tv\/az\/wp-json\/wp\/v2\/users\/11"}],"replies":[{"embeddable":true,"href":"https:\/\/www.meydan.tv\/az\/wp-json\/wp\/v2\/comments?post=194253"}],"version-history":[{"count":0,"href":"https:\/\/www.meydan.tv\/az\/wp-json\/wp\/v2\/posts\/194253\/revisions"}],"wp:featuredmedia":[{"embeddable":true,"href":"https:\/\/www.meydan.tv\/az\/wp-json\/wp\/v2\/media\/119018"}],"wp:attachment":[{"href":"https:\/\/www.meydan.tv\/az\/wp-json\/wp\/v2\/media?parent=194253"}],"wp:term":[{"taxonomy":"category","embeddable":true,"href":"https:\/\/www.meydan.tv\/az\/wp-json\/wp\/v2\/categories?post=194253"},{"taxonomy":"post_tag","embeddable":true,"href":"https:\/\/www.meydan.tv\/az\/wp-json\/wp\/v2\/tags?post=194253"}],"curies":[{"name":"wp","href":"https:\/\/api.w.org\/{rel}","templated":true}]}}