{"id":194252,"date":"2019-02-27T16:59:00","date_gmt":"2019-02-27T16:59:00","guid":{"rendered":"https:\/\/www.meydan.tv\/article\/oglumu-olduren-uc-neferden-yalniz-biri-hebsdedir\/"},"modified":"2019-02-27T16:59:00","modified_gmt":"2019-02-27T16:59:00","slug":"oglumu-olduren-uc-neferden-yalniz-biri-hebsdedir","status":"publish","type":"post","link":"https:\/\/www.meydan.tv\/az\/article\/oglumu-olduren-uc-neferden-yalniz-biri-hebsdedir\/","title":{"rendered":"&#8221;O\u011flumu \u00f6ld\u00fcr\u0259n \u00fc\u00e7 n\u0259f\u0259rd\u0259n yaln\u0131z biri h\u0259bsd\u0259dir&#8221;"},"content":{"rendered":"<p>\n  <b><br \/>\n    <i><br \/>\n      M\u0259cburi k\u00f6\u00e7k\u00fcn \u00f6vlad\u0131n\u0131n q\u0259tli il\u0259 ba\u011fl\u0131 istintaqdan \u015fikay\u0259t\u00e7idir<br \/>\n    <\/i><br \/>\n  <\/b>\n<\/p>\n<p>\n  \u201cKamran\u0131 evimizin yax\u0131nl\u0131\u011f\u0131nda yer\u0259 y\u0131x\u0131b armaturla amans\u0131zcas\u0131na d\u00f6y\u00fcbl\u0259r. S\u0131n\u0131q-s\u0131n\u0131q olmu\u015fdu, beynin\u0259 qan s\u0131zm\u0131\u015fd\u0131. X\u0259st\u0259xanada ikic\u0259 g\u00fcn komada qald\u0131, \u00f6ld\u00fc&#8230; Bu v\u0259h\u015filikl\u0259 ba\u011fl\u0131 istintaq d\u00fczg\u00fcn apar\u0131lm\u0131r. Q\u0259tli t\u00f6r\u0259d\u0259nl\u0259r \u00fc\u00e7 n\u0259f\u0259r olsa da, yaln\u0131z bir n\u0259f\u0259r h\u0259bs edilib, iki n\u0259f\u0259rs\u0259 pul verm\u0259kl\u0259 yaxas\u0131n\u0131 k\u0259nara \u00e7\u0259kib\u201d.\n<\/p>\n<p>\n  \u00d6t\u0259n yay A\u011fdam k\u00f6\u00e7k\u00fcn\u00fc olan v\u0259 G\u0259nc\u0259d\u0259 m\u0259skunla\u015fm\u0131\u015f Yusifovlar ail\u0259sind\u0259 faci\u0259 ba\u015f verib. Ays\u0259ba Yusifovan\u0131n 24 ya\u015fl\u0131 o\u011flu Kamran ya\u015fad\u0131qlar\u0131 \u00fcnvan\u0131n yax\u0131nl\u0131\u011f\u0131nda d\u0259mir par\u00e7as\u0131yla d\u00f6y\u00fcl\u00fcb. Ana Meydan TV-y\u0259 g\u0259nc o\u011flunun faci\u0259sind\u0259n, istintaq\u0131n d\u00fczg\u00fcn apar\u0131lmamas\u0131ndan dan\u0131\u015f\u0131r.\n<\/p>\n<p>\n  <b><br \/>\n    <i><br \/>\n      &#x27;&#x27;Ma\u015f\u0131nla vurub yer\u0259 y\u0131x\u0131blar, sonra \u00fcst\u00fcn\u0259 t\u00f6k\u00fcl\u00fc\u015f\u00fcb d\u00f6y\u00fcbl\u0259r&#x27;&#x27;<br \/>\n    <\/i><br \/>\n  <\/b>\n<\/p>\n<p>\n  \u201c\u0130yulun 29-da \u015f\u0259h\u0259rd\u0259ki \u00e7ayxanalardan birind\u0259 bir ne\u00e7\u0259 n\u0259f\u0259r aras\u0131nda m\u00fcbahis\u0259 yaran\u0131b. H\u0259min vaxt Kamran da orada olub. H\u0259bib adl\u0131 \u015f\u0259xs o\u011flumu t\u0259hqir edib, Kamran da ona bir sill\u0259 ili\u015fdirib. Sabah\u0131 g\u00fcn s\u0259h\u0259r Emin adl\u0131 \u015f\u0259xs o\u011fluma z\u0259ng vurub, deyib, s\u0259n polis\u0259 gedib m\u0259ni satm\u0131san. Kamran da deyib, m\u0259n he\u00e7 kimi satmam\u0131\u015fam, g\u0259l \u00fczb\u0259\u00fcz dan\u0131\u015faq. Sonra Kamran Ceyhun v\u0259 ba\u015fqa bir dostuyla k\u00fc\u00e7\u0259y\u0259 \u00e7\u0131xaraq Eminin g\u0259lm\u0259sini g\u00f6zl\u0259yib. Az sonra H\u0259bib \u018fliyev, Sultan \u018fliyev, El\u015fad \u018fliyev eyni ma\u015f\u0131nda bizim k\u00fc\u00e7\u0259y\u0259 g\u0259libl\u0259r, ma\u015f\u0131n\u0131 Kamran\u0131n yan\u0131nda saxlay\u0131blar. H\u0259bib ma\u015f\u0131ndan d\u00fc\u015f\u0259r\u0259k \u00f6z\u00fcyl\u0259 g\u0259tirdiyi d\u0259mir boruyla \u0259vv\u0259lc\u0259 Ceyhunu vurub. Ceyhun Kamrana \u201cbunlar s\u0259ni \u00f6ld\u00fcrm\u0259y\u0259 g\u0259lib, qa\u00e7,\u201d &#8211; deyib. Kamran qa\u00e7anda ma\u015f\u0131n\u0131 \u00fcst\u00fcn\u0259 s\u00fcr\u00fcbl\u0259r, ma\u015f\u0131nla vurub yer\u0259 y\u0131x\u0131blar, \u00fc\u00e7\u00fc d\u0259 ma\u015f\u0131ndan d\u00fc\u015f\u0259r\u0259k Kamran\u0131 armaturlarla d\u00f6y\u00fcbl\u0259r. Sonra da k\u00fc\u00e7\u0259nin ortas\u0131nda hu\u015fsuz v\u0259ziyy\u0259td\u0259 at\u0131b qa\u00e7\u0131blar,\u201d- Ays\u0259ba Yusifova deyir.\n<\/p>\n<figure class=\"wp-block-image size-large\">\n  <img decoding=\"async\" src=\"https:\/\/www.meydan.tv\/az\/image_from_ios-jpg\/\" alt=\"image_from_ios.jpg\" class=\"wp-image-119024\"\/><figcaption>\n    Kamran Yusifov<br \/>\n  <\/figcaption><\/figure>\n<p>\n  <b><br \/>\n    <i><br \/>\n      \u201c\u00dc\u00e7\u00fc \u00f6ld\u00fcr\u00fcb,biri boynuna g\u00f6t\u00fcr\u00fcb\u201d<br \/>\n    <\/i><br \/>\n  <\/b>\n<\/p>\n<p>\n  Ana deyir, polis hadis\u0259ni t\u00f6r\u0259d\u0259nl\u0259rd\u0259n yaln\u0131z birini \u2013 H\u0259bib \u018fliyevi h\u0259bs edib:\n<\/p>\n<p>\n  \u201c\u018fvv\u0259l \u00fc\u00e7\u00fcn\u00fc d\u0259 saxlam\u0131\u015fd\u0131lar. Sonra \u00f6z aralar\u0131nda dan\u0131\u015f\u0131b raz\u0131la\u015fd\u0131lar ki, H\u0259bib h\u0259r \u015feyi \u00fcz\u0259rin\u0259 g\u00f6t\u00fcrs\u00fcn, cinay\u0259ti t\u0259kba\u015f\u0131na t\u00f6r\u0259tdiyini desin, o biril\u0259rin d\u0259 ail\u0259l\u0259ri birl\u0259\u015fib onun i\u015fini y\u00fcng\u00fcll\u0259\u015fdirsin. Bel\u0259 d\u0259 oldu, o\u011flumu amans\u0131zcas\u0131na, qrup \u015f\u0259klind\u0259 q\u0259tl\u0259 yetirdikl\u0259ri halda H\u0259bib\u0259 qar\u015f\u0131 Cinay\u0259t M\u0259c\u0259ll\u0259sinin 126.3 madd\u0259sil\u0259 (Q\u0259sd\u0259n sa\u011flaml\u0131\u011fa z\u0259r\u0259r vurma, ehtiyats\u0131zl\u0131qdan z\u0259r\u0259r\u00e7\u0259kmi\u015f \u015f\u0259xsin \u00f6l\u00fcm\u00fcn\u0259 s\u0259b\u0259b olma) cinay\u0259t i\u015fi qald\u0131r\u0131ld\u0131\u201d.\n<\/p>\n<p>\n  Anan\u0131n t\u0259l\u0259bi ondan ibar\u0259tdir ki, iddia etdiyi kimi, hadis\u0259d\u0259 i\u015ftirak ed\u0259n dig\u0259r \u015f\u0259xsl\u0259r d\u0259 cinay\u0259t m\u0259suliyy\u0259tin\u0259 c\u0259lb olunsun, madd\u0259 v\u0259 c\u0259za a\u011f\u0131rla\u015fd\u0131r\u0131ls\u0131n:\n<\/p>\n<p>\n  \u201cM\u0259n h\u0259r d\u0259f\u0259 istintaqdan \u015fikay\u0259t ed\u0259nd\u0259 prokuror m\u0259ni \u00e7a\u011f\u0131r\u0131b s\u00fcbut t\u0259l\u0259b edir. Deyir, s\u00fcbut t\u0259qdim el\u0259 ki, dig\u0259r iki n\u0259f\u0259r d\u0259 s\u0259nin o\u011flunu d\u00f6y\u00fcb. M\u0259n ba\u015fa d\u00fc\u015f\u0259 bilmir\u0259m, v\u0259t\u0259nda\u015f niy\u0259 n\u0259yis\u0259 s\u00fcbut etm\u0259lidir, cinay\u0259ti ara\u015fd\u0131rmaq istintaq\u0131n borcudur. \u018fg\u0259r h\u0259r \u015feyi m\u0259n s\u00fcbut ed\u0259c\u0259ms\u0259, onda istintaq n\u0259y\u0259 laz\u0131md\u0131r? M\u0259n niy\u0259 kim\u0259s\u0259 n\u0259yis\u0259 s\u00fcbut etm\u0259liy\u0259m? \u0130stintaq azca d\u00fczg\u00fcn apar\u0131lsa, maddi maraq g\u00fcd\u00fclm\u0259s\u0259, h\u0259r \u015fey ortad\u0131r, cinay\u0259t d\u0259, t\u00f6r\u0259d\u0259nl\u0259r d\u0259, s\u00fcbutlar da&#8230;\u201d\n<\/p>\n<figure class=\"wp-block-image size-large\">\n  <img decoding=\"async\" src=\"https:\/\/www.meydan.tv\/az\/image_from_ios-1-jpg\/\" alt=\"image_from_ios (1).jpg\" class=\"wp-image-119027\"\/><figcaption>\n    Kamran Yusifov x\u0259st\u0259xanada<br \/>\n  <\/figcaption><\/figure>\n<p>\n  <b><br \/>\n    <i><br \/>\n      Z\u0259r\u0259r\u00e7\u0259kmi\u015fin v\u0259sat\u0259ti r\u0259dd edilib<br \/>\n    <\/i><br \/>\n  <\/b>\n<\/p>\n<p>\n  \u00d6t\u0259n il dekabr\u0131n 26-da m\u0259rhum Kamran Yusifovun atas\u0131 Abbas Yusifov G\u0259nc\u0259 \u015f\u0259h\u0259r Prokurorlu\u011funda cinay\u0259t i\u015finin materiallar\u0131 il\u0259 tan\u0131\u015f edil\u0259rk\u0259n naraz\u0131l\u0131\u011f\u0131n\u0131 bildirib. Prokurorluq qar\u015f\u0131s\u0131nda H\u0259bib \u018fliyev\u0259 qar\u015f\u0131 ir\u0259li s\u00fcr\u00fclm\u00fc\u015f madd\u0259nin daha a\u011f\u0131r madd\u0259y\u0259 t\u00f6vsif edilm\u0259si v\u0259 dig\u0259r iki n\u0259f\u0259rin d\u0259 cinay\u0259t m\u0259suliyy\u0259tin\u0259 c\u0259lb olunmas\u0131 \u00fc\u00e7\u00fcn v\u0259sat\u0259t qald\u0131r\u0131b. Ancaq prokurorluq v\u0259sat\u0259ti r\u0259dd edib.\n<\/p>\n<p>\n  <b><br \/>\n    <i><br \/>\n      \u0130stintaq\u0131n q\u0259na\u0259ti: \u201cX\u00fcsusi amans\u0131zl\u0131qla d\u00f6y\u00fcl\u00fcb, ehtiyats\u0131zl\u0131qdan \u00f6l\u00fcb\u201d<br \/>\n    <\/i><br \/>\n  <\/b>\n<\/p>\n<p>\n  G\u0259nc\u0259 Prokurorlu\u011fu \u201cistintaq sirri\u201d adland\u0131raraq, Meydan TV-nin suallar\u0131n\u0131 cavabland\u0131rmay\u0131b. Suallarsa anan\u0131n dig\u0259r \u015f\u0259xsl\u0259rin hadis\u0259d\u0259ki i\u015ftirtaklar\u0131 il\u0259 ba\u011fl\u0131 iddialar\u0131na dair idi. Z\u0259r\u0259r\u00e7\u0259kmi\u015f t\u0259r\u0259fin bununla ba\u011fl\u0131 v\u0259sat\u0259tinin r\u0259dd edilm\u0259sin\u0259 dair Q\u0259rarda bu suallar\u0131n cavab\u0131 var.\n<\/p>\n<p>\n  Bu cinay\u0259t i\u015finin istintaq\u0131 G\u0259nc\u0259 \u015f\u0259h\u0259r prokurorunun k\u00f6m\u0259k\u00e7isi \u018fd\u00fcls\u0259m\u0259d \u018fzizlinin icraat\u0131nda olub. Onun imzas\u0131 il\u0259 yaz\u0131lm\u0131\u015f Q\u0259rarda g\u00f6st\u0259rilir ki, istintaq yoluyla m\u00fc\u0259yy\u0259n edilib ki, G\u0259nc\u0259 sakini, 32 ya\u015fl\u0131 H\u0259bib \u018fliyev Kamran Yusifovu guya onun bar\u0259sind\u0259 t\u0259hqiredici ifad\u0259l\u0259r i\u015fl\u0259tm\u0259sini s\u0259b\u0259b g\u0259tir\u0259r\u0259k d\u0259mir par\u00e7as\u0131yla x\u00fcsusi amans\u0131zl\u0131qla d\u00f6y\u00fcb. N\u0259tic\u0259d\u0259 Kamran Yusifov a\u011f\u0131r d\u0259r\u0259c\u0259li b\u0259d\u0259n x\u0259sar\u0259tl\u0259ri al\u0131b, beynin\u0259 qan s\u0131z\u0131b, x\u0259st\u0259xanaya g\u00f6t\u00fcr\u00fcl\u00fcb. Ard\u0131nca is\u0259 qeyd olunub ki, Kamran Yusifovun ald\u0131\u011f\u0131 h\u0259min x\u0259sar\u0259tl\u0259r ehtiyats\u0131zl\u0131qdan onun \u00f6l\u00fcm\u00fcn\u0259 s\u0259b\u0259b olub. El\u0259 Kamran\u0131n valideynl\u0259rini d\u0259 q\u0259z\u0259bl\u0259ndir\u0259n budur \u2013 q\u0259sd\u0259n d\u0259mir par\u00e7as\u0131yla x\u00fcsusi amans\u0131zl\u0131qda d\u00f6y\u00fcl\u00fcb, beyni silk\u0259l\u0259n\u0259n, bu x\u0259sar\u0259tl\u0259rd\u0259n d\u00fcnyas\u0131n\u0131 d\u0259yi\u015f\u0259n \u015f\u0259xs\u0259 \u201cbu x\u0259sar\u0259tl\u0259rd\u0259n ehtiyats\u0131zl\u0131qdan \u00f6l\u00fcb\u201d deyilm\u0259si&#8230; S\u0259n\u0259dd\u0259 g\u00f6st\u0259rilir ki, Kamran Yusifov avqustun 1-d\u0259 x\u0259st\u0259xanada ke\u00e7inib\u201d.\n<\/p>\n<p>\n  Q\u0259rarda h\u0259m\u00e7inin dig\u0259r iki n\u0259f\u0259rin &#8211; Sultan \u018fliyevl\u0259 El\u015fad \u018fliyevin hadis\u0259 yerin\u0259 H\u0259bib \u018fliyevl\u0259 birlikd\u0259 g\u0259ldiyi qeyd olunsa da, Kamran Yusifovun yaln\u0131z sonuncu \u015f\u0259xs t\u0259r\u0259find\u0259n d\u00f6y\u00fcld\u00fcy\u00fc yaz\u0131l\u0131b. Buna g\u00f6r\u0259 d\u0259 atan\u0131n h\u0259min \u015f\u0259xsl\u0259rin cinay\u0259t m\u0259suliyy\u0259tin\u0259 c\u0259lb edilm\u0259si \u00fc\u00e7\u00fcn verdiyi v\u0259sat\u0259t r\u0259dd edilib.\n<\/p>\n<p>\n  Yusifovlar ail\u0259si prezident \u0130lham \u018fliyev\u0259, Ba\u015f prokuror Zakir Qaralova m\u00fcraci\u0259t edibl\u0259r.\n<\/p>\n<figure class=\"wp-block-image size-large\">\n  <img decoding=\"async\" src=\"https:\/\/www.meydan.tv\/az\/murac-jpg\/\" alt=\"murac.jpg\" class=\"wp-image-119033\"\/><figcaption>\n    G\u0259nc\u0259 \u015e\u0259h\u0259r Prokurorlu\u011funun q\u0259rar\u0131<br \/>\n  <\/figcaption><\/figure>\n","protected":false},"excerpt":{"rendered":"<p>Yusifovlar ail\u0259si prezident \u0130lham \u018fliyev\u0259, Ba\u015f prokuror Zakir Qaralova m\u00fcraci\u0259t edibl\u0259r<\/p>\n","protected":false},"author":11,"featured_media":119015,"comment_status":"closed","ping_status":"open","sticky":false,"template":"","format":"standard","meta":{"_acf_changed":false,"_sitemap_exclude":false,"_sitemap_priority":"","_sitemap_frequency":"","footnotes":""},"categories":[60],"tags":[],"class_list":["post-194252","post","type-post","status-publish","format-standard","has-post-thumbnail","hentry","category-bolge","infinite-scroll-item","generate-columns","tablet-grid-50","mobile-grid-100","grid-parent","grid-33","no-featured-image-padding"],"acf":[],"yoast_head":"<!-- This site is optimized with the Yoast SEO plugin v27.4 - https:\/\/yoast.com\/product\/yoast-seo-wordpress\/ -->\n<title>&#039;&#039;O\u011flumu \u00f6ld\u00fcr\u0259n \u00fc\u00e7 n\u0259f\u0259rd\u0259n yaln\u0131z biri h\u0259bsd\u0259dir&#039;&#039; - MEYDAN.TV<\/title>\n<meta name=\"robots\" content=\"index, follow, max-snippet:-1, max-image-preview:large, max-video-preview:-1\" \/>\n<link rel=\"canonical\" href=\"https:\/\/www.meydan.tv\/az\/article\/oglumu-olduren-uc-neferden-yalniz-biri-hebsdedir\/\" \/>\n<meta property=\"og:locale\" content=\"az_AZ\" \/>\n<meta property=\"og:type\" content=\"article\" \/>\n<meta property=\"og:title\" content=\"&#039;&#039;O\u011flumu \u00f6ld\u00fcr\u0259n \u00fc\u00e7 n\u0259f\u0259rd\u0259n yaln\u0131z biri h\u0259bsd\u0259dir&#039;&#039; - MEYDAN.TV\" \/>\n<meta property=\"og:description\" content=\"Yusifovlar ail\u0259si prezident \u0130lham \u018fliyev\u0259, Ba\u015f prokuror Zakir Qaralova m\u00fcraci\u0259t edibl\u0259r\" \/>\n<meta property=\"og:url\" content=\"https:\/\/www.meydan.tv\/az\/article\/oglumu-olduren-uc-neferden-yalniz-biri-hebsdedir\/\" \/>\n<meta property=\"og:site_name\" content=\"MEYDAN.TV\" \/>\n<meta property=\"article:published_time\" content=\"2019-02-27T16:59:00+00:00\" \/>\n<meta property=\"og:image\" content=\"https:\/\/www.meydan.tv\/wp-content\/uploads\/image_from_ios_2.jpg\" \/>\n\t<meta property=\"og:image:width\" content=\"748\" \/>\n\t<meta property=\"og:image:height\" content=\"1004\" \/>\n\t<meta property=\"og:image:type\" content=\"image\/jpeg\" \/>\n<meta name=\"author\" content=\"user-manager\" \/>\n<meta name=\"twitter:card\" content=\"summary_large_image\" \/>\n<script type=\"application\/ld+json\" class=\"yoast-schema-graph\">{\"@context\":\"https:\\\/\\\/schema.org\",\"@graph\":[{\"@type\":\"Article\",\"@id\":\"https:\\\/\\\/www.meydan.tv\\\/az\\\/article\\\/oglumu-olduren-uc-neferden-yalniz-biri-hebsdedir\\\/#article\",\"isPartOf\":{\"@id\":\"https:\\\/\\\/www.meydan.tv\\\/az\\\/article\\\/oglumu-olduren-uc-neferden-yalniz-biri-hebsdedir\\\/\"},\"author\":{\"name\":\"user-manager\",\"@id\":\"https:\\\/\\\/www.meydan.tv\\\/az\\\/#\\\/schema\\\/person\\\/10d11eccf6da3662cf5fdab9806ea91a\"},\"headline\":\"&#8221;O\u011flumu \u00f6ld\u00fcr\u0259n \u00fc\u00e7 n\u0259f\u0259rd\u0259n yaln\u0131z biri h\u0259bsd\u0259dir&#8221;\",\"datePublished\":\"2019-02-27T16:59:00+00:00\",\"mainEntityOfPage\":{\"@id\":\"https:\\\/\\\/www.meydan.tv\\\/az\\\/article\\\/oglumu-olduren-uc-neferden-yalniz-biri-hebsdedir\\\/\"},\"wordCount\":1221,\"publisher\":{\"@id\":\"https:\\\/\\\/www.meydan.tv\\\/az\\\/#organization\"},\"image\":{\"@id\":\"https:\\\/\\\/www.meydan.tv\\\/az\\\/article\\\/oglumu-olduren-uc-neferden-yalniz-biri-hebsdedir\\\/#primaryimage\"},\"thumbnailUrl\":\"https:\\\/\\\/www.meydan.tv\\\/wp-content\\\/uploads\\\/image_from_ios_2.jpg\",\"articleSection\":[\"B\u00f6lg\u0259\"],\"inLanguage\":\"az\"},{\"@type\":\"WebPage\",\"@id\":\"https:\\\/\\\/www.meydan.tv\\\/az\\\/article\\\/oglumu-olduren-uc-neferden-yalniz-biri-hebsdedir\\\/\",\"url\":\"https:\\\/\\\/www.meydan.tv\\\/az\\\/article\\\/oglumu-olduren-uc-neferden-yalniz-biri-hebsdedir\\\/\",\"name\":\"''O\u011flumu \u00f6ld\u00fcr\u0259n \u00fc\u00e7 n\u0259f\u0259rd\u0259n yaln\u0131z biri h\u0259bsd\u0259dir'' - MEYDAN.TV\",\"isPartOf\":{\"@id\":\"https:\\\/\\\/www.meydan.tv\\\/az\\\/#website\"},\"primaryImageOfPage\":{\"@id\":\"https:\\\/\\\/www.meydan.tv\\\/az\\\/article\\\/oglumu-olduren-uc-neferden-yalniz-biri-hebsdedir\\\/#primaryimage\"},\"image\":{\"@id\":\"https:\\\/\\\/www.meydan.tv\\\/az\\\/article\\\/oglumu-olduren-uc-neferden-yalniz-biri-hebsdedir\\\/#primaryimage\"},\"thumbnailUrl\":\"https:\\\/\\\/www.meydan.tv\\\/wp-content\\\/uploads\\\/image_from_ios_2.jpg\",\"datePublished\":\"2019-02-27T16:59:00+00:00\",\"breadcrumb\":{\"@id\":\"https:\\\/\\\/www.meydan.tv\\\/az\\\/article\\\/oglumu-olduren-uc-neferden-yalniz-biri-hebsdedir\\\/#breadcrumb\"},\"inLanguage\":\"az\",\"potentialAction\":[{\"@type\":\"ReadAction\",\"target\":[\"https:\\\/\\\/www.meydan.tv\\\/az\\\/article\\\/oglumu-olduren-uc-neferden-yalniz-biri-hebsdedir\\\/\"]}]},{\"@type\":\"ImageObject\",\"inLanguage\":\"az\",\"@id\":\"https:\\\/\\\/www.meydan.tv\\\/az\\\/article\\\/oglumu-olduren-uc-neferden-yalniz-biri-hebsdedir\\\/#primaryimage\",\"url\":\"https:\\\/\\\/www.meydan.tv\\\/wp-content\\\/uploads\\\/image_from_ios_2.jpg\",\"contentUrl\":\"https:\\\/\\\/www.meydan.tv\\\/wp-content\\\/uploads\\\/image_from_ios_2.jpg\",\"width\":748,\"height\":1004,\"caption\":\"Source: meydan tv\"},{\"@type\":\"BreadcrumbList\",\"@id\":\"https:\\\/\\\/www.meydan.tv\\\/az\\\/article\\\/oglumu-olduren-uc-neferden-yalniz-biri-hebsdedir\\\/#breadcrumb\",\"itemListElement\":[{\"@type\":\"ListItem\",\"position\":1,\"name\":\"Ana s\u0259hif\u0259\",\"item\":\"https:\\\/\\\/www.meydan.tv\\\/az\\\/\"},{\"@type\":\"ListItem\",\"position\":2,\"name\":\"B\u00f6lg\u0259\",\"item\":\"https:\\\/\\\/www.meydan.tv\\\/az\\\/section\\\/bolge\\\/\"},{\"@type\":\"ListItem\",\"position\":3,\"name\":\"&#8221;O\u011flumu \u00f6ld\u00fcr\u0259n \u00fc\u00e7 n\u0259f\u0259rd\u0259n yaln\u0131z biri h\u0259bsd\u0259dir&#8221;\"}]},{\"@type\":\"WebSite\",\"@id\":\"https:\\\/\\\/www.meydan.tv\\\/az\\\/#website\",\"url\":\"https:\\\/\\\/www.meydan.tv\\\/az\\\/\",\"name\":\"MEYDAN.TV\",\"description\":\"Meydan TV Az\u0259rbaycan\u0131n media m\u0259kan\u0131ndak\u0131 alternativ s\u0259sidir\",\"publisher\":{\"@id\":\"https:\\\/\\\/www.meydan.tv\\\/az\\\/#organization\"},\"potentialAction\":[{\"@type\":\"SearchAction\",\"target\":{\"@type\":\"EntryPoint\",\"urlTemplate\":\"https:\\\/\\\/www.meydan.tv\\\/az\\\/?s={search_term_string}\"},\"query-input\":{\"@type\":\"PropertyValueSpecification\",\"valueRequired\":true,\"valueName\":\"search_term_string\"}}],\"inLanguage\":\"az\"},{\"@type\":\"Organization\",\"@id\":\"https:\\\/\\\/www.meydan.tv\\\/az\\\/#organization\",\"name\":\"Meydan TV\",\"url\":\"https:\\\/\\\/www.meydan.tv\\\/az\\\/\",\"logo\":{\"@type\":\"ImageObject\",\"inLanguage\":\"az\",\"@id\":\"https:\\\/\\\/www.meydan.tv\\\/az\\\/#\\\/schema\\\/logo\\\/image\\\/\",\"url\":\"https:\\\/\\\/www.meydan.tv\\\/wp-content\\\/uploads\\\/2021\\\/07\\\/meydan-logo.svg\",\"contentUrl\":\"https:\\\/\\\/www.meydan.tv\\\/wp-content\\\/uploads\\\/2021\\\/07\\\/meydan-logo.svg\",\"width\":195,\"height\":46,\"caption\":\"Meydan TV\"},\"image\":{\"@id\":\"https:\\\/\\\/www.meydan.tv\\\/az\\\/#\\\/schema\\\/logo\\\/image\\\/\"}},{\"@type\":\"Person\",\"@id\":\"https:\\\/\\\/www.meydan.tv\\\/az\\\/#\\\/schema\\\/person\\\/10d11eccf6da3662cf5fdab9806ea91a\",\"name\":\"user-manager\"}]}<\/script>\n<!-- \/ Yoast SEO plugin. -->","yoast_head_json":{"title":"''O\u011flumu \u00f6ld\u00fcr\u0259n \u00fc\u00e7 n\u0259f\u0259rd\u0259n yaln\u0131z biri h\u0259bsd\u0259dir'' - MEYDAN.TV","robots":{"index":"index","follow":"follow","max-snippet":"max-snippet:-1","max-image-preview":"max-image-preview:large","max-video-preview":"max-video-preview:-1"},"canonical":"https:\/\/www.meydan.tv\/az\/article\/oglumu-olduren-uc-neferden-yalniz-biri-hebsdedir\/","og_locale":"az_AZ","og_type":"article","og_title":"''O\u011flumu \u00f6ld\u00fcr\u0259n \u00fc\u00e7 n\u0259f\u0259rd\u0259n yaln\u0131z biri h\u0259bsd\u0259dir'' - MEYDAN.TV","og_description":"Yusifovlar ail\u0259si prezident \u0130lham \u018fliyev\u0259, Ba\u015f prokuror Zakir Qaralova m\u00fcraci\u0259t edibl\u0259r","og_url":"https:\/\/www.meydan.tv\/az\/article\/oglumu-olduren-uc-neferden-yalniz-biri-hebsdedir\/","og_site_name":"MEYDAN.TV","article_published_time":"2019-02-27T16:59:00+00:00","og_image":[{"width":748,"height":1004,"url":"https:\/\/www.meydan.tv\/wp-content\/uploads\/image_from_ios_2.jpg","type":"image\/jpeg"}],"author":"user-manager","twitter_card":"summary_large_image","schema":{"@context":"https:\/\/schema.org","@graph":[{"@type":"Article","@id":"https:\/\/www.meydan.tv\/az\/article\/oglumu-olduren-uc-neferden-yalniz-biri-hebsdedir\/#article","isPartOf":{"@id":"https:\/\/www.meydan.tv\/az\/article\/oglumu-olduren-uc-neferden-yalniz-biri-hebsdedir\/"},"author":{"name":"user-manager","@id":"https:\/\/www.meydan.tv\/az\/#\/schema\/person\/10d11eccf6da3662cf5fdab9806ea91a"},"headline":"&#8221;O\u011flumu \u00f6ld\u00fcr\u0259n \u00fc\u00e7 n\u0259f\u0259rd\u0259n yaln\u0131z biri h\u0259bsd\u0259dir&#8221;","datePublished":"2019-02-27T16:59:00+00:00","mainEntityOfPage":{"@id":"https:\/\/www.meydan.tv\/az\/article\/oglumu-olduren-uc-neferden-yalniz-biri-hebsdedir\/"},"wordCount":1221,"publisher":{"@id":"https:\/\/www.meydan.tv\/az\/#organization"},"image":{"@id":"https:\/\/www.meydan.tv\/az\/article\/oglumu-olduren-uc-neferden-yalniz-biri-hebsdedir\/#primaryimage"},"thumbnailUrl":"https:\/\/www.meydan.tv\/wp-content\/uploads\/image_from_ios_2.jpg","articleSection":["B\u00f6lg\u0259"],"inLanguage":"az"},{"@type":"WebPage","@id":"https:\/\/www.meydan.tv\/az\/article\/oglumu-olduren-uc-neferden-yalniz-biri-hebsdedir\/","url":"https:\/\/www.meydan.tv\/az\/article\/oglumu-olduren-uc-neferden-yalniz-biri-hebsdedir\/","name":"''O\u011flumu \u00f6ld\u00fcr\u0259n \u00fc\u00e7 n\u0259f\u0259rd\u0259n yaln\u0131z biri h\u0259bsd\u0259dir'' - MEYDAN.TV","isPartOf":{"@id":"https:\/\/www.meydan.tv\/az\/#website"},"primaryImageOfPage":{"@id":"https:\/\/www.meydan.tv\/az\/article\/oglumu-olduren-uc-neferden-yalniz-biri-hebsdedir\/#primaryimage"},"image":{"@id":"https:\/\/www.meydan.tv\/az\/article\/oglumu-olduren-uc-neferden-yalniz-biri-hebsdedir\/#primaryimage"},"thumbnailUrl":"https:\/\/www.meydan.tv\/wp-content\/uploads\/image_from_ios_2.jpg","datePublished":"2019-02-27T16:59:00+00:00","breadcrumb":{"@id":"https:\/\/www.meydan.tv\/az\/article\/oglumu-olduren-uc-neferden-yalniz-biri-hebsdedir\/#breadcrumb"},"inLanguage":"az","potentialAction":[{"@type":"ReadAction","target":["https:\/\/www.meydan.tv\/az\/article\/oglumu-olduren-uc-neferden-yalniz-biri-hebsdedir\/"]}]},{"@type":"ImageObject","inLanguage":"az","@id":"https:\/\/www.meydan.tv\/az\/article\/oglumu-olduren-uc-neferden-yalniz-biri-hebsdedir\/#primaryimage","url":"https:\/\/www.meydan.tv\/wp-content\/uploads\/image_from_ios_2.jpg","contentUrl":"https:\/\/www.meydan.tv\/wp-content\/uploads\/image_from_ios_2.jpg","width":748,"height":1004,"caption":"Source: meydan tv"},{"@type":"BreadcrumbList","@id":"https:\/\/www.meydan.tv\/az\/article\/oglumu-olduren-uc-neferden-yalniz-biri-hebsdedir\/#breadcrumb","itemListElement":[{"@type":"ListItem","position":1,"name":"Ana s\u0259hif\u0259","item":"https:\/\/www.meydan.tv\/az\/"},{"@type":"ListItem","position":2,"name":"B\u00f6lg\u0259","item":"https:\/\/www.meydan.tv\/az\/section\/bolge\/"},{"@type":"ListItem","position":3,"name":"&#8221;O\u011flumu \u00f6ld\u00fcr\u0259n \u00fc\u00e7 n\u0259f\u0259rd\u0259n yaln\u0131z biri h\u0259bsd\u0259dir&#8221;"}]},{"@type":"WebSite","@id":"https:\/\/www.meydan.tv\/az\/#website","url":"https:\/\/www.meydan.tv\/az\/","name":"MEYDAN.TV","description":"Meydan TV Az\u0259rbaycan\u0131n media m\u0259kan\u0131ndak\u0131 alternativ s\u0259sidir","publisher":{"@id":"https:\/\/www.meydan.tv\/az\/#organization"},"potentialAction":[{"@type":"SearchAction","target":{"@type":"EntryPoint","urlTemplate":"https:\/\/www.meydan.tv\/az\/?s={search_term_string}"},"query-input":{"@type":"PropertyValueSpecification","valueRequired":true,"valueName":"search_term_string"}}],"inLanguage":"az"},{"@type":"Organization","@id":"https:\/\/www.meydan.tv\/az\/#organization","name":"Meydan TV","url":"https:\/\/www.meydan.tv\/az\/","logo":{"@type":"ImageObject","inLanguage":"az","@id":"https:\/\/www.meydan.tv\/az\/#\/schema\/logo\/image\/","url":"https:\/\/www.meydan.tv\/wp-content\/uploads\/2021\/07\/meydan-logo.svg","contentUrl":"https:\/\/www.meydan.tv\/wp-content\/uploads\/2021\/07\/meydan-logo.svg","width":195,"height":46,"caption":"Meydan TV"},"image":{"@id":"https:\/\/www.meydan.tv\/az\/#\/schema\/logo\/image\/"}},{"@type":"Person","@id":"https:\/\/www.meydan.tv\/az\/#\/schema\/person\/10d11eccf6da3662cf5fdab9806ea91a","name":"user-manager"}]}},"_links":{"self":[{"href":"https:\/\/www.meydan.tv\/az\/wp-json\/wp\/v2\/posts\/194252","targetHints":{"allow":["GET"]}}],"collection":[{"href":"https:\/\/www.meydan.tv\/az\/wp-json\/wp\/v2\/posts"}],"about":[{"href":"https:\/\/www.meydan.tv\/az\/wp-json\/wp\/v2\/types\/post"}],"author":[{"embeddable":true,"href":"https:\/\/www.meydan.tv\/az\/wp-json\/wp\/v2\/users\/11"}],"replies":[{"embeddable":true,"href":"https:\/\/www.meydan.tv\/az\/wp-json\/wp\/v2\/comments?post=194252"}],"version-history":[{"count":0,"href":"https:\/\/www.meydan.tv\/az\/wp-json\/wp\/v2\/posts\/194252\/revisions"}],"wp:featuredmedia":[{"embeddable":true,"href":"https:\/\/www.meydan.tv\/az\/wp-json\/wp\/v2\/media\/119015"}],"wp:attachment":[{"href":"https:\/\/www.meydan.tv\/az\/wp-json\/wp\/v2\/media?parent=194252"}],"wp:term":[{"taxonomy":"category","embeddable":true,"href":"https:\/\/www.meydan.tv\/az\/wp-json\/wp\/v2\/categories?post=194252"},{"taxonomy":"post_tag","embeddable":true,"href":"https:\/\/www.meydan.tv\/az\/wp-json\/wp\/v2\/tags?post=194252"}],"curies":[{"name":"wp","href":"https:\/\/api.w.org\/{rel}","templated":true}]}}