{"id":194250,"date":"2019-02-27T15:28:13","date_gmt":"2019-02-27T15:28:13","guid":{"rendered":"https:\/\/www.meydan.tv\/article\/xacmaz-sakini-gelib-cekdiz-umidlendirdiler-ancaq-netice-deyismedi\/"},"modified":"2019-02-27T15:28:13","modified_gmt":"2019-02-27T15:28:13","slug":"xacmaz-sakini-gelib-cekdiz-umidlendirdiler-ancaq-netice-deyismedi","status":"publish","type":"post","link":"https:\/\/www.meydan.tv\/az\/article\/xacmaz-sakini-gelib-cekdiz-umidlendirdiler-ancaq-netice-deyismedi\/","title":{"rendered":"Xa\u00e7maz sakini: G\u0259lib \u00e7\u0259kdiz, \u00fcmidl\u0259ndirdil\u0259r, ancaq n\u0259tic\u0259 d\u0259yi\u015fm\u0259di"},"content":{"rendered":"<p>\n  <b><br \/>\n    <i><br \/>\n      H\u0259rbi xidm\u0259td\u0259 g\u00fcll\u0259 yaras\u0131 alaraq ordudan t\u0259rxis olunmu\u015f g\u0259nc\u0259 h\u0259l\u0259 d\u0259 \u0259lillik t\u0259yin olunmay\u0131b<br \/>\n    <\/i><br \/>\n  <\/b>\n<\/p>\n<p>\n  \u201cMeydan TV g\u0259ldi, \u018fzm\u0259mm\u0259din son durumunu \u00e7\u0259kdi, i\u015f\u0131qland\u0131rd\u0131, bir canlanma ba\u015fland\u0131, dedil\u0259r, ara\u015fd\u0131r\u0131b m\u0259s\u0259l\u0259ni h\u0259ll ed\u0259c\u0259yik. Ancaq bu canlanma q\u0131sam\u00fcdd\u0259tli oldu. Biz h\u0259l\u0259 d\u0259 \u018fzm\u0259mm\u0259din \u0259lillik t\u0259yinat\u0131 \u00fc\u00e7\u00fcn s\u00fcr\u00fcnd\u00fcr\u00fcl\u00fcr\u00fck\u201d.\n<\/p>\n<p>\n  \u00d6t\u0259n ilin noyabr\u0131nda Xa\u00e7maz\u0131n Niyazabad k\u0259nd sakini R\u0259\u015fid\u0259 Samullayeva<br \/>\n  <a href=\"https:\/\/d9mc3ts4czbpr.cloudfront.net\/az\/article\/herbi-xidmetde-gullelenib-hokumet-ne-qanpulu-verir-ne-elillik-teyin-edir\/?ref=search\"><br \/>\n    Meydan TV<br \/>\n  <\/a><br \/>\n  -y\u0259 m\u00fcraci\u0259t ed\u0259r\u0259k bildirmi\u015fdi ki, h\u0259rbi xidm\u0259td\u0259 g\u00fcll\u0259 yaras\u0131 alaraq ordudan t\u0259rxis olunan o\u011flu \u018fzm\u0259mm\u0259d Samullayev\u0259 \u0259lillik t\u0259yin olunmas\u0131 \u00fc\u00e7\u00fcn ail\u0259d\u0259n r\u00fc\u015fv\u0259t ist\u0259nilir. Ana iddia edirdi ki, bu r\u00fc\u015fv\u0259ti rayondak\u0131 Tibbi Sosial Ekspertiza Komissiyas\u0131 ist\u0259yir. Onun s\u00f6zl\u0259rin\u0259 g\u00f6r\u0259, sa\u011flaml\u0131\u011f\u0131n\u0131 itirmi\u015f o\u011fluna n\u0259 s\u0131\u011forta, n\u0259 kompensasiya \u00f6d\u0259nilib. Haz\u0131rda \u018fzm\u0259mm\u0259d normal qidalana, \u0259m\u0259k f\u0259aliyy\u0259ti il\u0259 m\u0259\u015f\u011ful ola bilmir. Meydan TV ke\u00e7mi\u015f \u0259sg\u0259rin ail\u0259sind\u0259 \u00e7\u0259kili\u015f d\u0259 apar\u0131b. Ail\u0259 \u00fczvl\u0259ri deyir, problem i\u015f\u0131qland\u0131r\u0131landan d\u00f6vl\u0259t qurumlar\u0131nda \u018fzm\u0259mm\u0259din i\u015fiyl\u0259 ba\u011fl\u0131 bir canlanma hiss olunub. Bu, ail\u0259ni \u00fcmidl\u0259ndirib. Ancaq \u018fzm\u0259mm\u0259din \u0259lillik t\u0259yinat\u0131 \u00fc\u00e7\u00fcn qurumlar\u0131n qap\u0131lar\u0131nda qalan yax\u0131n qohumu Mehman Babayev deyir, bu \u00fcmidl\u0259r d\u0259 pu\u00e7 olub.\n<\/p>\n<p>\n  <b><br \/>\n    <i><br \/>\n      &quot;G\u0259ncin heysiyyat\u0131yla oynay\u0131rlar&quot;<br \/>\n    <\/i><br \/>\n  <\/b>\n<\/p>\n<p>\n  \u201cEl\u0259 bil yar\u0131mcan edib ail\u0259sinin \u00fcst\u00fcn\u0259 g\u00f6nd\u0259rdikl\u0259ri g\u0259ncin heysiyyat\u0131yla oynay\u0131rlar. \u018fzm\u0259mm\u0259d\u0259 \u0259lillik t\u0259yin olunmas\u0131 onun g\u0259l\u0259c\u0259yi \u00fc\u00e7\u00fcn vacibdir. H\u0259m maddi, h\u0259m m\u0259n\u0259vi bax\u0131mdan. Sabah ail\u0259 \u00fczvl\u0259ri olmad\u0131qda \u0259lillik pensiyas\u0131 il\u0259 dolanmaq, \u0259lill\u0259r\u0259 olan g\u00fcz\u0259\u015ftl\u0259rd\u0259n istifad\u0259 etm\u0259k \u00fc\u00e7\u00fcn. \u0130ndi o, ail\u0259sinin \u00fcmidin\u0259 ya\u015fay\u0131r, g\u0259l\u0259c\u0259kd\u0259 valideynl\u0259ri h\u0259yatda olmayanda durumu nec\u0259 olacaq?\u201d \u2013 qohumu deyir.\n<\/p>\n<p>\n  <b><br \/>\n    <i><br \/>\n      &quot;Ham\u0131n\u0131n yerin\u0259 bir xan\u0131m q\u0259rar verir&quot;<br \/>\n    <\/i><br \/>\n  <\/b>\n<\/p>\n<p>\n  Mehman Babayevin s\u00f6zl\u0259rin\u0259 g\u00f6r\u0259, yerli icra hakimiyy\u0259ti i\u015f\u0259 qar\u0131\u015fandan sonra \u018fzm\u0259mm\u0259d x\u0259st\u0259xanaya yat\u0131r\u0131l\u0131b, ona n\u00f6vb\u0259ti d\u0259f\u0259 Forma-88 verilib. Ancaq rayon \u00fcz\u0259 15 sayl\u0131 Tibbi Sosial Ekspert Komissiyas\u0131 yen\u0259 ail\u0259nin \u00fcmidini pu\u00e7 edib.\n<\/p>\n<p>\n  \u201cYen\u0259 imtina verdil\u0259r&#8230; Dedim, bu i\u015fin ax\u0131r\u0131na \u00e7\u0131xmal\u0131y\u0131q. \u00d6lk\u0259d\u0259 saxta yolla \u0259lillik t\u0259yin etdir\u0259n minl\u0259rl\u0259 d\u0259l\u0259duz pensiya al\u0131r, bu u\u015fa\u011f\u0131n daxili orqanlar\u0131n\u0131 g\u00fcll\u0259 darmada\u011f\u0131n el\u0259yib, pulu yoxdur dey\u0259, \u0259lillik t\u0259yin etmirl\u0259r. U\u015fa\u011f\u0131 da, atas\u0131n\u0131 da g\u00f6t\u00fcr\u00fcb getdim Bak\u0131ya &#8211; Ekspertiza M\u0259rk\u0259zin\u0259. Q\u0259bul ota\u011f\u0131nda g\u0259nc bir xan\u0131m \u0259yl\u0259\u015fdiribl\u0259r, ham\u0131n\u0131n yerin\u0259 q\u0259rar verir. M\u00fcraci\u0259t ed\u0259nl\u0259r\u0259 c\u0259rrah\u0131n da, pediatr\u0131n da, nevropotoloqun da yerin\u0259 bu xan\u0131m cavab verir. Ax\u0131r\u0131nc\u0131 s\u00f6z\u00fc d\u0259 bu olur &#8211; \u0259lillik d\u00fc\u015fm\u00fcr&#8230; Deyir\u0259m, ax\u0131 s\u0259n g\u0259nc xan\u0131msan, t\u0259cr\u00fcb\u0259sizs\u0259n, 30-40 ilin h\u0259kimi he\u00e7 olmasa d\u00fc\u015f\u00fcn\u00fcr, v\u0259ziyy\u0259ti ara\u015fd\u0131r\u0131r, sonra bir cavab deyir, s\u0259n v\u0259ziyy\u0259ti bilm\u0259mi\u015f, az\u0131 iyirmi x\u0259s\u0259liyi olan, i\u00e7alat\u0131 da\u011f\u0131lan adam\u0131n durumunu \u00f6yr\u0259nm\u0259mi\u015f, bilm\u0259mi\u015f deyirs\u0259n ki, buna \u0259lillik d\u00fc\u015fm\u00fcr\u201d.\n<\/p>\n<figure class=\"wp-block-image size-large\">\n  <img decoding=\"async\" src=\"https:\/\/www.meydan.tv\/az\/reg_vtek_sened-jpg\/\" alt=\"reg_vtek_sened.jpg\" class=\"wp-image-118973\"\/><figcaption>\n    \u015e\u0259xsiyy\u0259ti t\u0259sdiq ed\u0259n s\u0259n\u0259d<br \/>\n  <\/figcaption><\/figure>\n<p>\n  Mehman Babayev deyir, s\u0259n\u0259dl\u0259ri d\u0259 q\u0259bul etmirl\u0259rmi\u015f, \u018fm\u0259k v\u0259 \u018fhalinin Sosial M\u00fcdafi\u0259 Nazirliyi il\u0259 \u0259laq\u0259 saxlayandan sonra n\u0259hay\u0259t, q\u0259bul edibl\u0259r:\n<\/p>\n<p>\n  \u201cOrada el\u0259 adamlar\u0131 g\u00f6rd\u00fck ki, \u018fzm\u0259mm\u0259din v\u0259ziyy\u0259ti onlar\u0131n yan\u0131nda \u015f\u00fck\u00fcrl\u00fcd\u00fcr. \u018flsiz, ayaqs\u0131z adamlar aylarla, ill\u0259rl\u0259 g\u0259lib-gedirl\u0259r, incidilirl\u0259r&#8230; Dan\u0131\u015fanda adam q\u0259z\u0259bini bo\u011fa bilmir. S\u0259n\u0259dl\u0259rimizi q\u0259bul etmirdil\u0259r, bizi g\u00f6zl\u0259dirdil\u0259r. N\u0259hay\u0259t, nazirlik i\u015f\u0259 qar\u0131\u015fandan sonra g\u00f6t\u00fcrd\u00fcl\u0259r, dedil\u0259r, gedin, g\u00f6zl\u0259yin, 15 i\u015f g\u00fcn\u00fc \u0259rzind\u0259 cavab g\u00f6nd\u0259r\u0259c\u0259yik. M\u0259n d\u0259 bildirdim ki, \u0259g\u0259r ucdantutma \u201c\u0259lillik d\u00fc\u015fm\u00fcr\u201d cavab\u0131 g\u00f6nd\u0259r\u0259c\u0259ksinizs\u0259, bu x\u0259st\u0259 u\u015fa\u011f\u0131 \u0259ziyy\u0259tl\u0259 k\u0259ndd\u0259n Bak\u0131ya g\u0259tirmi\u015f\u0259m, demirsiz ki, buna \u0259lillik d\u00fc\u015fm\u00fcr, buyurun, bura ekspertiza m\u0259rk\u0259zidir, u\u015fa\u011f\u0131 ba\u015fdan-aya\u011fa yoxlay\u0131n, sonra q\u0259rar\u0131n\u0131z\u0131 verin. Yoxlamad\u0131lar\u201d.\n<\/p>\n<p>\n  \u018fzm\u0259mm\u0259d Samullayev\u0259 n\u00f6vb\u0259ti d\u0259f\u0259 cavab g\u0259lib ki, onda \u0259lillik \u0259lam\u0259ti a\u015fkar olunmad\u0131\u011f\u0131 \u00fc\u00e7\u00fcn \u0259lillik t\u0259yin olunmur.\n<\/p>\n<p>\n  Xa\u00e7maz rayon 15 sayl\u0131 Tibbi Sosial Ekspert Komissiyas\u0131ndan bildirilib ki, Xa\u00e7maz rayon M\u0259rk\u0259zi X\u0259st\u0259xanas\u0131ndan \u018fzm\u0259mm\u0259d Samullayevin \u0259lillik v\u0259ziyy\u0259tinin m\u00fc\u0259yy\u0259n olunmas\u0131 \u00fc\u00e7\u00fcn daxil olmu\u015f m\u00fcayin\u0259l\u0259rin n\u0259tic\u0259l\u0259ri ara\u015fd\u0131r\u0131l\u0131b v\u0259 onun s\u0259hh\u0259tind\u0259 \u0259lillik \u0259lam\u0259ti a\u015fkar olunmad\u0131\u011f\u0131 \u00fc\u00e7\u00fcn imtina yaz\u0131l\u0131b.\n<\/p>\n<p>\n  Ke\u00e7mi\u015f \u0259sg\u0259rin ail\u0259si is\u0259 \u015fikay\u0259tl\u0259rini davam etdirir. Onlar son aylar \u0259rzind\u0259 \u00f6lk\u0259 ba\u015f\u00e7\u0131s\u0131na, ba\u015fqa r\u0259smi qurumlara onlarla m\u0259ktub v\u0259 teleqram g\u00f6nd\u0259rs\u0259l\u0259r d\u0259, ham\u0131s\u0131 cavabs\u0131z qal\u0131b.\n<\/p>\n<figure class=\"wp-block-image size-large\">\n  <img decoding=\"async\" src=\"https:\/\/www.meydan.tv\/az\/reg_ezmemmed_sened_2-jpg\/\" alt=\"reg_ezmemmed_sened_2.jpg\" class=\"wp-image-118976\"\/><figcaption>\n    Forma<br \/>\n  <\/figcaption><\/figure>\n","protected":false},"excerpt":{"rendered":"<p>Xa\u00e7maz rayon M\u0259rk\u0259zi X\u0259st\u0259xanas\u0131<\/p>\n","protected":false},"author":11,"featured_media":118970,"comment_status":"closed","ping_status":"open","sticky":false,"template":"","format":"standard","meta":{"_acf_changed":false,"_sitemap_exclude":false,"_sitemap_priority":"","_sitemap_frequency":"","footnotes":""},"categories":[60],"tags":[],"class_list":["post-194250","post","type-post","status-publish","format-standard","has-post-thumbnail","hentry","category-bolge","infinite-scroll-item","generate-columns","tablet-grid-50","mobile-grid-100","grid-parent","grid-33","no-featured-image-padding"],"acf":[],"yoast_head":"<!-- This site is optimized with the Yoast SEO plugin v27.4 - https:\/\/yoast.com\/product\/yoast-seo-wordpress\/ -->\n<title>Xa\u00e7maz sakini: G\u0259lib \u00e7\u0259kdiz, \u00fcmidl\u0259ndirdil\u0259r, ancaq n\u0259tic\u0259 d\u0259yi\u015fm\u0259di - MEYDAN.TV<\/title>\n<meta name=\"robots\" content=\"index, follow, max-snippet:-1, max-image-preview:large, max-video-preview:-1\" \/>\n<link rel=\"canonical\" href=\"https:\/\/www.meydan.tv\/az\/article\/xacmaz-sakini-gelib-cekdiz-umidlendirdiler-ancaq-netice-deyismedi\/\" \/>\n<meta property=\"og:locale\" content=\"az_AZ\" \/>\n<meta property=\"og:type\" content=\"article\" \/>\n<meta property=\"og:title\" content=\"Xa\u00e7maz sakini: G\u0259lib \u00e7\u0259kdiz, \u00fcmidl\u0259ndirdil\u0259r, ancaq n\u0259tic\u0259 d\u0259yi\u015fm\u0259di - MEYDAN.TV\" \/>\n<meta property=\"og:description\" content=\"Xa\u00e7maz rayon M\u0259rk\u0259zi X\u0259st\u0259xanas\u0131\" \/>\n<meta property=\"og:url\" content=\"https:\/\/www.meydan.tv\/az\/article\/xacmaz-sakini-gelib-cekdiz-umidlendirdiler-ancaq-netice-deyismedi\/\" \/>\n<meta property=\"og:site_name\" content=\"MEYDAN.TV\" \/>\n<meta property=\"article:published_time\" content=\"2019-02-27T15:28:13+00:00\" \/>\n<meta property=\"og:image\" content=\"https:\/\/www.meydan.tv\/wp-content\/uploads\/reg_xeste_esger_ezmemmed_samullayev.jpg\" \/>\n\t<meta property=\"og:image:width\" content=\"645\" \/>\n\t<meta property=\"og:image:height\" content=\"498\" \/>\n\t<meta property=\"og:image:type\" content=\"image\/jpeg\" \/>\n<meta name=\"author\" content=\"user-manager\" \/>\n<meta name=\"twitter:card\" content=\"summary_large_image\" \/>\n<script type=\"application\/ld+json\" class=\"yoast-schema-graph\">{\"@context\":\"https:\\\/\\\/schema.org\",\"@graph\":[{\"@type\":\"Article\",\"@id\":\"https:\\\/\\\/www.meydan.tv\\\/az\\\/article\\\/xacmaz-sakini-gelib-cekdiz-umidlendirdiler-ancaq-netice-deyismedi\\\/#article\",\"isPartOf\":{\"@id\":\"https:\\\/\\\/www.meydan.tv\\\/az\\\/article\\\/xacmaz-sakini-gelib-cekdiz-umidlendirdiler-ancaq-netice-deyismedi\\\/\"},\"author\":{\"name\":\"user-manager\",\"@id\":\"https:\\\/\\\/www.meydan.tv\\\/az\\\/#\\\/schema\\\/person\\\/10d11eccf6da3662cf5fdab9806ea91a\"},\"headline\":\"Xa\u00e7maz sakini: G\u0259lib \u00e7\u0259kdiz, \u00fcmidl\u0259ndirdil\u0259r, ancaq n\u0259tic\u0259 d\u0259yi\u015fm\u0259di\",\"datePublished\":\"2019-02-27T15:28:13+00:00\",\"mainEntityOfPage\":{\"@id\":\"https:\\\/\\\/www.meydan.tv\\\/az\\\/article\\\/xacmaz-sakini-gelib-cekdiz-umidlendirdiler-ancaq-netice-deyismedi\\\/\"},\"wordCount\":935,\"publisher\":{\"@id\":\"https:\\\/\\\/www.meydan.tv\\\/az\\\/#organization\"},\"image\":{\"@id\":\"https:\\\/\\\/www.meydan.tv\\\/az\\\/article\\\/xacmaz-sakini-gelib-cekdiz-umidlendirdiler-ancaq-netice-deyismedi\\\/#primaryimage\"},\"thumbnailUrl\":\"https:\\\/\\\/www.meydan.tv\\\/wp-content\\\/uploads\\\/reg_xeste_esger_ezmemmed_samullayev.jpg\",\"articleSection\":[\"B\u00f6lg\u0259\"],\"inLanguage\":\"az\"},{\"@type\":\"WebPage\",\"@id\":\"https:\\\/\\\/www.meydan.tv\\\/az\\\/article\\\/xacmaz-sakini-gelib-cekdiz-umidlendirdiler-ancaq-netice-deyismedi\\\/\",\"url\":\"https:\\\/\\\/www.meydan.tv\\\/az\\\/article\\\/xacmaz-sakini-gelib-cekdiz-umidlendirdiler-ancaq-netice-deyismedi\\\/\",\"name\":\"Xa\u00e7maz sakini: G\u0259lib \u00e7\u0259kdiz, \u00fcmidl\u0259ndirdil\u0259r, ancaq n\u0259tic\u0259 d\u0259yi\u015fm\u0259di - MEYDAN.TV\",\"isPartOf\":{\"@id\":\"https:\\\/\\\/www.meydan.tv\\\/az\\\/#website\"},\"primaryImageOfPage\":{\"@id\":\"https:\\\/\\\/www.meydan.tv\\\/az\\\/article\\\/xacmaz-sakini-gelib-cekdiz-umidlendirdiler-ancaq-netice-deyismedi\\\/#primaryimage\"},\"image\":{\"@id\":\"https:\\\/\\\/www.meydan.tv\\\/az\\\/article\\\/xacmaz-sakini-gelib-cekdiz-umidlendirdiler-ancaq-netice-deyismedi\\\/#primaryimage\"},\"thumbnailUrl\":\"https:\\\/\\\/www.meydan.tv\\\/wp-content\\\/uploads\\\/reg_xeste_esger_ezmemmed_samullayev.jpg\",\"datePublished\":\"2019-02-27T15:28:13+00:00\",\"breadcrumb\":{\"@id\":\"https:\\\/\\\/www.meydan.tv\\\/az\\\/article\\\/xacmaz-sakini-gelib-cekdiz-umidlendirdiler-ancaq-netice-deyismedi\\\/#breadcrumb\"},\"inLanguage\":\"az\",\"potentialAction\":[{\"@type\":\"ReadAction\",\"target\":[\"https:\\\/\\\/www.meydan.tv\\\/az\\\/article\\\/xacmaz-sakini-gelib-cekdiz-umidlendirdiler-ancaq-netice-deyismedi\\\/\"]}]},{\"@type\":\"ImageObject\",\"inLanguage\":\"az\",\"@id\":\"https:\\\/\\\/www.meydan.tv\\\/az\\\/article\\\/xacmaz-sakini-gelib-cekdiz-umidlendirdiler-ancaq-netice-deyismedi\\\/#primaryimage\",\"url\":\"https:\\\/\\\/www.meydan.tv\\\/wp-content\\\/uploads\\\/reg_xeste_esger_ezmemmed_samullayev.jpg\",\"contentUrl\":\"https:\\\/\\\/www.meydan.tv\\\/wp-content\\\/uploads\\\/reg_xeste_esger_ezmemmed_samullayev.jpg\",\"width\":645,\"height\":498,\"caption\":\"Source: Meydan tv\"},{\"@type\":\"BreadcrumbList\",\"@id\":\"https:\\\/\\\/www.meydan.tv\\\/az\\\/article\\\/xacmaz-sakini-gelib-cekdiz-umidlendirdiler-ancaq-netice-deyismedi\\\/#breadcrumb\",\"itemListElement\":[{\"@type\":\"ListItem\",\"position\":1,\"name\":\"Ana s\u0259hif\u0259\",\"item\":\"https:\\\/\\\/www.meydan.tv\\\/az\\\/\"},{\"@type\":\"ListItem\",\"position\":2,\"name\":\"B\u00f6lg\u0259\",\"item\":\"https:\\\/\\\/www.meydan.tv\\\/az\\\/section\\\/bolge\\\/\"},{\"@type\":\"ListItem\",\"position\":3,\"name\":\"Xa\u00e7maz sakini: G\u0259lib \u00e7\u0259kdiz, \u00fcmidl\u0259ndirdil\u0259r, ancaq n\u0259tic\u0259 d\u0259yi\u015fm\u0259di\"}]},{\"@type\":\"WebSite\",\"@id\":\"https:\\\/\\\/www.meydan.tv\\\/az\\\/#website\",\"url\":\"https:\\\/\\\/www.meydan.tv\\\/az\\\/\",\"name\":\"MEYDAN.TV\",\"description\":\"Meydan TV Az\u0259rbaycan\u0131n media m\u0259kan\u0131ndak\u0131 alternativ s\u0259sidir\",\"publisher\":{\"@id\":\"https:\\\/\\\/www.meydan.tv\\\/az\\\/#organization\"},\"potentialAction\":[{\"@type\":\"SearchAction\",\"target\":{\"@type\":\"EntryPoint\",\"urlTemplate\":\"https:\\\/\\\/www.meydan.tv\\\/az\\\/?s={search_term_string}\"},\"query-input\":{\"@type\":\"PropertyValueSpecification\",\"valueRequired\":true,\"valueName\":\"search_term_string\"}}],\"inLanguage\":\"az\"},{\"@type\":\"Organization\",\"@id\":\"https:\\\/\\\/www.meydan.tv\\\/az\\\/#organization\",\"name\":\"Meydan TV\",\"url\":\"https:\\\/\\\/www.meydan.tv\\\/az\\\/\",\"logo\":{\"@type\":\"ImageObject\",\"inLanguage\":\"az\",\"@id\":\"https:\\\/\\\/www.meydan.tv\\\/az\\\/#\\\/schema\\\/logo\\\/image\\\/\",\"url\":\"https:\\\/\\\/www.meydan.tv\\\/wp-content\\\/uploads\\\/2021\\\/07\\\/meydan-logo.svg\",\"contentUrl\":\"https:\\\/\\\/www.meydan.tv\\\/wp-content\\\/uploads\\\/2021\\\/07\\\/meydan-logo.svg\",\"width\":195,\"height\":46,\"caption\":\"Meydan TV\"},\"image\":{\"@id\":\"https:\\\/\\\/www.meydan.tv\\\/az\\\/#\\\/schema\\\/logo\\\/image\\\/\"}},{\"@type\":\"Person\",\"@id\":\"https:\\\/\\\/www.meydan.tv\\\/az\\\/#\\\/schema\\\/person\\\/10d11eccf6da3662cf5fdab9806ea91a\",\"name\":\"user-manager\"}]}<\/script>\n<!-- \/ Yoast SEO plugin. -->","yoast_head_json":{"title":"Xa\u00e7maz sakini: G\u0259lib \u00e7\u0259kdiz, \u00fcmidl\u0259ndirdil\u0259r, ancaq n\u0259tic\u0259 d\u0259yi\u015fm\u0259di - MEYDAN.TV","robots":{"index":"index","follow":"follow","max-snippet":"max-snippet:-1","max-image-preview":"max-image-preview:large","max-video-preview":"max-video-preview:-1"},"canonical":"https:\/\/www.meydan.tv\/az\/article\/xacmaz-sakini-gelib-cekdiz-umidlendirdiler-ancaq-netice-deyismedi\/","og_locale":"az_AZ","og_type":"article","og_title":"Xa\u00e7maz sakini: G\u0259lib \u00e7\u0259kdiz, \u00fcmidl\u0259ndirdil\u0259r, ancaq n\u0259tic\u0259 d\u0259yi\u015fm\u0259di - MEYDAN.TV","og_description":"Xa\u00e7maz rayon M\u0259rk\u0259zi X\u0259st\u0259xanas\u0131","og_url":"https:\/\/www.meydan.tv\/az\/article\/xacmaz-sakini-gelib-cekdiz-umidlendirdiler-ancaq-netice-deyismedi\/","og_site_name":"MEYDAN.TV","article_published_time":"2019-02-27T15:28:13+00:00","og_image":[{"width":645,"height":498,"url":"https:\/\/www.meydan.tv\/wp-content\/uploads\/reg_xeste_esger_ezmemmed_samullayev.jpg","type":"image\/jpeg"}],"author":"user-manager","twitter_card":"summary_large_image","schema":{"@context":"https:\/\/schema.org","@graph":[{"@type":"Article","@id":"https:\/\/www.meydan.tv\/az\/article\/xacmaz-sakini-gelib-cekdiz-umidlendirdiler-ancaq-netice-deyismedi\/#article","isPartOf":{"@id":"https:\/\/www.meydan.tv\/az\/article\/xacmaz-sakini-gelib-cekdiz-umidlendirdiler-ancaq-netice-deyismedi\/"},"author":{"name":"user-manager","@id":"https:\/\/www.meydan.tv\/az\/#\/schema\/person\/10d11eccf6da3662cf5fdab9806ea91a"},"headline":"Xa\u00e7maz sakini: G\u0259lib \u00e7\u0259kdiz, \u00fcmidl\u0259ndirdil\u0259r, ancaq n\u0259tic\u0259 d\u0259yi\u015fm\u0259di","datePublished":"2019-02-27T15:28:13+00:00","mainEntityOfPage":{"@id":"https:\/\/www.meydan.tv\/az\/article\/xacmaz-sakini-gelib-cekdiz-umidlendirdiler-ancaq-netice-deyismedi\/"},"wordCount":935,"publisher":{"@id":"https:\/\/www.meydan.tv\/az\/#organization"},"image":{"@id":"https:\/\/www.meydan.tv\/az\/article\/xacmaz-sakini-gelib-cekdiz-umidlendirdiler-ancaq-netice-deyismedi\/#primaryimage"},"thumbnailUrl":"https:\/\/www.meydan.tv\/wp-content\/uploads\/reg_xeste_esger_ezmemmed_samullayev.jpg","articleSection":["B\u00f6lg\u0259"],"inLanguage":"az"},{"@type":"WebPage","@id":"https:\/\/www.meydan.tv\/az\/article\/xacmaz-sakini-gelib-cekdiz-umidlendirdiler-ancaq-netice-deyismedi\/","url":"https:\/\/www.meydan.tv\/az\/article\/xacmaz-sakini-gelib-cekdiz-umidlendirdiler-ancaq-netice-deyismedi\/","name":"Xa\u00e7maz sakini: G\u0259lib \u00e7\u0259kdiz, \u00fcmidl\u0259ndirdil\u0259r, ancaq n\u0259tic\u0259 d\u0259yi\u015fm\u0259di - MEYDAN.TV","isPartOf":{"@id":"https:\/\/www.meydan.tv\/az\/#website"},"primaryImageOfPage":{"@id":"https:\/\/www.meydan.tv\/az\/article\/xacmaz-sakini-gelib-cekdiz-umidlendirdiler-ancaq-netice-deyismedi\/#primaryimage"},"image":{"@id":"https:\/\/www.meydan.tv\/az\/article\/xacmaz-sakini-gelib-cekdiz-umidlendirdiler-ancaq-netice-deyismedi\/#primaryimage"},"thumbnailUrl":"https:\/\/www.meydan.tv\/wp-content\/uploads\/reg_xeste_esger_ezmemmed_samullayev.jpg","datePublished":"2019-02-27T15:28:13+00:00","breadcrumb":{"@id":"https:\/\/www.meydan.tv\/az\/article\/xacmaz-sakini-gelib-cekdiz-umidlendirdiler-ancaq-netice-deyismedi\/#breadcrumb"},"inLanguage":"az","potentialAction":[{"@type":"ReadAction","target":["https:\/\/www.meydan.tv\/az\/article\/xacmaz-sakini-gelib-cekdiz-umidlendirdiler-ancaq-netice-deyismedi\/"]}]},{"@type":"ImageObject","inLanguage":"az","@id":"https:\/\/www.meydan.tv\/az\/article\/xacmaz-sakini-gelib-cekdiz-umidlendirdiler-ancaq-netice-deyismedi\/#primaryimage","url":"https:\/\/www.meydan.tv\/wp-content\/uploads\/reg_xeste_esger_ezmemmed_samullayev.jpg","contentUrl":"https:\/\/www.meydan.tv\/wp-content\/uploads\/reg_xeste_esger_ezmemmed_samullayev.jpg","width":645,"height":498,"caption":"Source: Meydan tv"},{"@type":"BreadcrumbList","@id":"https:\/\/www.meydan.tv\/az\/article\/xacmaz-sakini-gelib-cekdiz-umidlendirdiler-ancaq-netice-deyismedi\/#breadcrumb","itemListElement":[{"@type":"ListItem","position":1,"name":"Ana s\u0259hif\u0259","item":"https:\/\/www.meydan.tv\/az\/"},{"@type":"ListItem","position":2,"name":"B\u00f6lg\u0259","item":"https:\/\/www.meydan.tv\/az\/section\/bolge\/"},{"@type":"ListItem","position":3,"name":"Xa\u00e7maz sakini: G\u0259lib \u00e7\u0259kdiz, \u00fcmidl\u0259ndirdil\u0259r, ancaq n\u0259tic\u0259 d\u0259yi\u015fm\u0259di"}]},{"@type":"WebSite","@id":"https:\/\/www.meydan.tv\/az\/#website","url":"https:\/\/www.meydan.tv\/az\/","name":"MEYDAN.TV","description":"Meydan TV Az\u0259rbaycan\u0131n media m\u0259kan\u0131ndak\u0131 alternativ s\u0259sidir","publisher":{"@id":"https:\/\/www.meydan.tv\/az\/#organization"},"potentialAction":[{"@type":"SearchAction","target":{"@type":"EntryPoint","urlTemplate":"https:\/\/www.meydan.tv\/az\/?s={search_term_string}"},"query-input":{"@type":"PropertyValueSpecification","valueRequired":true,"valueName":"search_term_string"}}],"inLanguage":"az"},{"@type":"Organization","@id":"https:\/\/www.meydan.tv\/az\/#organization","name":"Meydan TV","url":"https:\/\/www.meydan.tv\/az\/","logo":{"@type":"ImageObject","inLanguage":"az","@id":"https:\/\/www.meydan.tv\/az\/#\/schema\/logo\/image\/","url":"https:\/\/www.meydan.tv\/wp-content\/uploads\/2021\/07\/meydan-logo.svg","contentUrl":"https:\/\/www.meydan.tv\/wp-content\/uploads\/2021\/07\/meydan-logo.svg","width":195,"height":46,"caption":"Meydan TV"},"image":{"@id":"https:\/\/www.meydan.tv\/az\/#\/schema\/logo\/image\/"}},{"@type":"Person","@id":"https:\/\/www.meydan.tv\/az\/#\/schema\/person\/10d11eccf6da3662cf5fdab9806ea91a","name":"user-manager"}]}},"_links":{"self":[{"href":"https:\/\/www.meydan.tv\/az\/wp-json\/wp\/v2\/posts\/194250","targetHints":{"allow":["GET"]}}],"collection":[{"href":"https:\/\/www.meydan.tv\/az\/wp-json\/wp\/v2\/posts"}],"about":[{"href":"https:\/\/www.meydan.tv\/az\/wp-json\/wp\/v2\/types\/post"}],"author":[{"embeddable":true,"href":"https:\/\/www.meydan.tv\/az\/wp-json\/wp\/v2\/users\/11"}],"replies":[{"embeddable":true,"href":"https:\/\/www.meydan.tv\/az\/wp-json\/wp\/v2\/comments?post=194250"}],"version-history":[{"count":0,"href":"https:\/\/www.meydan.tv\/az\/wp-json\/wp\/v2\/posts\/194250\/revisions"}],"wp:featuredmedia":[{"embeddable":true,"href":"https:\/\/www.meydan.tv\/az\/wp-json\/wp\/v2\/media\/118970"}],"wp:attachment":[{"href":"https:\/\/www.meydan.tv\/az\/wp-json\/wp\/v2\/media?parent=194250"}],"wp:term":[{"taxonomy":"category","embeddable":true,"href":"https:\/\/www.meydan.tv\/az\/wp-json\/wp\/v2\/categories?post=194250"},{"taxonomy":"post_tag","embeddable":true,"href":"https:\/\/www.meydan.tv\/az\/wp-json\/wp\/v2\/tags?post=194250"}],"curies":[{"name":"wp","href":"https:\/\/api.w.org\/{rel}","templated":true}]}}