{"id":194246,"date":"2019-02-27T14:48:14","date_gmt":"2019-02-27T14:48:14","guid":{"rendered":"https:\/\/www.meydan.tv\/article\/avropa-surasi-azerbaycanda-etnik-azliqlarin-huquqlari-ile-bagli-qanunvericilik-yoxdur\/"},"modified":"2019-02-27T14:48:14","modified_gmt":"2019-02-27T14:48:14","slug":"avropa-surasi-azerbaycanda-etnik-azliqlarin-huquqlari-ile-bagli-qanunvericilik-yoxdur","status":"publish","type":"post","link":"https:\/\/www.meydan.tv\/az\/article\/avropa-surasi-azerbaycanda-etnik-azliqlarin-huquqlari-ile-bagli-qanunvericilik-yoxdur\/","title":{"rendered":"Avropa \u015euras\u0131: Az\u0259rbaycanda etnik azl\u0131qlar\u0131n h\u00fcquqlar\u0131 il\u0259 ba\u011fl\u0131 qanunvericilik yoxdur"},"content":{"rendered":"<p>\n  Yanvar\u0131n 25-d\u0259 Avropa \u015euras\u0131 Parlament Assambleyas\u0131 (A\u015ePA) milli azl\u0131qlar\u0131n h\u00fcquqlar\u0131n\u0131n t\u0259\u015fviqi adl\u0131<br \/>\n  <a href=\"http:\/\/assembly.coe.int\/nw\/xml\/News\/News-View-EN.asp?newsid=7350&amp;lang=2\"><br \/>\n    q\u0259tnam\u0259<br \/>\n  <\/a><br \/>\n  q\u0259bul edib. Viorel Riceard Badea t\u0259r\u0259find\u0259n haz\u0131rlanan m\u0259ruz\u0259y\u0259 \u0259sas\u0259n q\u0259bul edil\u0259n q\u0259rarda bildirilir ki, Avropadak\u0131 m\u0259d\u0259niyy\u0259tl\u0259rin v\u0259 dill\u0259rin m\u00fcxt\u0259lifliyini t\u0259\u015fviq etm\u0259k v\u0259 qorumaq qit\u0259 boyunca demokratik \u00f6zg\u00fcv\u0259n v\u0259 s\u00fclh \u00fc\u00e7\u00fcn z\u0259man\u0259t verir.\n<\/p>\n<p>\n  Fevral\u0131n 4-d\u0259 is\u0259 Avropa \u015euras\u0131n\u0131n milli azl\u0131qlar\u0131n qorunmas\u0131na dair \u00c7\u0259r\u00e7iv\u0259 Konvensiyas\u0131 \u00fczr\u0259 Konsultativ Komit\u0259si Az\u0259rbaycan \u00fc\u00e7\u00fcn yeni r\u0259yini v\u0259 Az\u0259rbaycan h\u00f6kum\u0259tinin bu r\u0259y\u0259 m\u00fcnasib\u0259tini<br \/>\n  <a href=\"https:\/\/www.coe.int\/en\/web\/baku\/-\/national-minorities-in-azerbaijan-new-report-published\"><br \/>\n    d\u0259rc edib<br \/>\n  <\/a><br \/>\n  .\n<\/p>\n<p>\n  Komit\u0259 Az\u0259rbaycan h\u00f6kum\u0259tin\u0259 \u0259n ba\u015fl\u0131ca irad\u0131 kimi etnik azl\u0131qlar\u0131n h\u00fcquqlar\u0131n\u0131n m\u00fcdafi\u0259si \u00fc\u00e7\u00fcn qanunvericiliyin olmamas\u0131n\u0131 g\u00f6st\u0259rib. \u201cMilli azl\u0131qlar\u0131n n\u00fcmay\u0259nd\u0259l\u0259ri \u00f6z h\u00fcquqlar\u0131n\u0131 bilmir v\u0259 buna nail olmaqda \u00e7\u0259tinlik \u00e7\u0259kirl\u0259r,\u201d \u2013 Komit\u0259 bildirib.\n<\/p>\n<p>\n  \u0130kinci \u0259sas irad olaraq milli azl\u0131qlar\u0131n dill\u0259rind\u0259 radio v\u0259 televiziya yay\u0131m\u0131na mane\u0259l\u0259rin aradan qald\u0131r\u0131lmamas\u0131 g\u00f6st\u0259rilib. \u00c7ap K\u0130V-\u0259 d\u00f6vl\u0259t t\u0259r\u0259find\u0259n d\u0259st\u0259k olmamas\u0131 v\u0259 universitet s\u0259viyy\u0259sind\u0259 yaln\u0131z rus v\u0259 g\u00fcrc\u00fc milli azl\u0131qlar\u0131n\u0131n dill\u0259rinin \u00f6yr\u0259nildiyi, dig\u0259rl\u0259ri \u00fc\u00e7\u00fcn is\u0259 bu imkan\u0131n yarad\u0131lmad\u0131\u011f\u0131 x\u00fcsusi vur\u011fulan\u0131b.\n<\/p>\n<p>\n  Komit\u0259 Az\u0259rbaycanda qeyri-h\u00f6kum\u0259t t\u0259\u015fkilatlar\u0131 v\u0259 insan h\u00fcquqlar\u0131n\u0131n t\u0259\u015fviqi il\u0259 m\u0259\u015f\u011ful olan ayr\u0131-ayr\u0131 \u015f\u0259xsl\u0259r, o c\u00fcml\u0259d\u0259n milli azl\u0131qlara m\u0259nsub \u015f\u0259xsl\u0259r \u00fc\u00e7\u00fcn m\u0259hdud v\u0259 problemli h\u00fcquqi, siyasi \u015f\u0259raitin qalmas\u0131ndan d\u0259rin narahatd\u0131r. M\u0259ruz\u0259d\u0259 qeyd olunur ki, \u0259sas\u0259n &quot;tal\u0131\u015f v\u0259 l\u0259zgi azl\u0131qlara m\u0259nsub \u015f\u0259xsl\u0259r azl\u0131qlar\u0131n h\u00fcquqlar\u0131n\u0131n realla\u015fd\u0131r\u0131lmas\u0131 zaman\u0131 Az\u0259rbaycan\u0131n \u0259razi b\u00fct\u00f6vl\u00fcy\u00fcn\u0259 \u015f\u00fcbh\u0259 ed\u0259nl\u0259r kimi q\u0259bul edilm\u0259k riskin\u0259 m\u0259ruz qal\u0131rlar&quot;.\n<\/p>\n<h3>\n  Az\u0259rbaycan h\u00f6kum\u0259ti is\u0259 m\u0259ruz\u0259y\u0259 edil\u0259n \u015f\u0259rhind\u0259 g\u00f6st\u0259ril\u0259n iradlar\u0131 r\u0259dd edib.<br \/>\n<\/h3>\n<p>\n  Az\u0259rbaycan h\u00f6kum\u0259tinin m\u0259ruz\u0259d\u0259 m\u00fcsb\u0259t r\u0259y almas\u0131 \u00fc\u00e7\u00fcn etdiyi f\u0259all\u0131q yaln\u0131z m\u0259tbuat \u00fc\u00e7\u00fcn veril\u0259n statistikadan ibar\u0259t olub. \u00d6t\u0259n ilin 26 dekabr\u0131nda Az\u0259rbaycan Prezident Administrasiyas\u0131n\u0131n Mill\u0259tl\u0259raras\u0131 m\u00fcnasib\u0259tl\u0259r, multikulturalizm v\u0259 dini m\u0259s\u0259l\u0259l\u0259r \u015f\u00f6b\u0259sinin m\u00fcdiri Etibar N\u0259c\u0259fov bildirmi\u015fdi ki, \u00f6lk\u0259d\u0259 108 (I- IX sinifl\u0259r) l\u0259zgi dilind\u0259, 225 (I-IV sinifl\u0259r) tal\u0131\u015f dilind\u0259 m\u0259kt\u0259b var.\n<\/p>\n<p>\n  Lakin T\u0259hsil Nazirliyinin verdiyi r\u0259smi m\u0259lumatlar Etibar N\u0259c\u0259fovun a\u00e7\u0131qlamas\u0131 il\u0259 uzla\u015fm\u0131r. \u00c7\u00fcnki T\u0259hsil Nazirliyi m\u0259kt\u0259bl\u0259rd\u0259 tal\u0131\u015f v\u0259 l\u0259zgi dill\u0259rinin t\u0259dris edildiyini bildirs\u0259 d\u0259, he\u00e7 zaman bel\u0259 bir m\u0259kt\u0259bin oldu\u011funu bildirm\u0259yib. \u00c7\u00fcnki t\u0259dris edil\u0259n b\u00fct\u00fcn f\u0259nl\u0259r milli azl\u0131qlar\u0131n dilind\u0259 deyil. Milli azl\u0131qlar\u0131n ana dill\u0259ri yaln\u0131z ayr\u0131ca f\u0259nn olaraq ke\u00e7irilir.\n<\/p>\n<blockquote><p>\n  B\u00f6lg\u0259l\u0259rd\u0259 tal\u0131\u015f dilinin t\u0259drisi il\u0259 ba\u011fl\u0131 ciddi probleml\u0259r var\n<\/p><\/blockquote>\n<p>\n  \u201c\u00dc\u00e7 il \u0259vv\u0259l T\u0259hsil Nazirliyi biz\u0259 s\u00f6z verdi ki, kitablar\u0131 t\u0259z\u0259 formatda n\u0259\u015fr ed\u0259c\u0259kl\u0259r. Amma o kitablar h\u0259l\u0259 d\u0259 haz\u0131r olmay\u0131b. Tal\u0131\u015f dilinin t\u0259drisi \u00e7ox az m\u0259kt\u0259bd\u0259 var. Bu da ordak\u0131 direktor v\u0259 m\u00fc\u0259lliml\u0259rin f\u0259rdi m\u00fcsb\u0259t kefiyy\u0259tl\u0259rin\u0259, vicdan\u0131na ba\u011fl\u0131 m\u0259s\u0259l\u0259dir. Onlar\u0131n \u015f\u0259xsi irad\u0259si say\u0259sind\u0259 ke\u00e7irilir. M\u0259nim \u00f6z\u00fcm d\u0259f\u0259l\u0259rl\u0259 k\u0259ndl\u0259r\u0259 gedib m\u0259kt\u0259bl\u0259rd\u0259ki v\u0259ziyy\u0259t bar\u0259d\u0259 m\u0259lumat toplam\u0131\u015fam. D\u0259rs ke\u00e7irilm\u0259si bir yana, m\u0259n el\u0259 m\u00fc\u0259llim v\u0259 direktorlar g\u00f6rm\u00fc\u015f\u0259m ki, valideyin v\u0259 u\u015faqlar\u0131 h\u0259d\u0259l\u0259yib v\u0259 bildirib ki, kims\u0259 m\u0259kt\u0259b d\u0259hlizind\u0259 v\u0259 ya sinifd\u0259 tal\u0131\u015fca dan\u0131\u015fsa, ona iki yazacaq. Bu da yerli insanlar aras\u0131nda ciddi naraz\u0131l\u0131\u011fa s\u0259b\u0259b olur. M\u0259nd\u0259 olan m\u0259lumatlara g\u00f6r\u0259, m\u00fc\u0259lliml\u0259rin bu tip davran\u0131\u015f\u0131 \u00fcst d\u00f6vl\u0259t qurumlar\u0131ndan qaynaqlan\u0131r. \u0130cra hakimiyy\u0259tl\u0259ri, x\u00fcsusi xidm\u0259t orqanlar\u0131 t\u0259hsil \u015f\u00f6b\u0259l\u0259rinin m\u00fcd\u00fcrl\u0259rin\u0259 tap\u015f\u0131r\u0131r ki, d\u0259rsl\u0259r formal olmal\u0131d\u0131r. \u00c7\u00fcnki bu formall\u0131q Avropadan g\u0259l\u0259n n\u00fcmay\u0259nd\u0259l\u0259ri aldatmaq \u00fc\u00e7\u00fcnd\u00fcr. Lerikin icra ba\u015f\u00e7\u0131s\u0131 maarif m\u00fcd\u00fcr\u00fcn\u0259 h\u0259d\u0259-qorxu g\u0259lir bu bar\u0259d\u0259. G\u00f6r\u00fcn\u0259n odur ki, T\u0259hsil Nazirliyi i\u015f g\u00f6rm\u0259y\u0259 \u00e7al\u0131\u015f\u0131r, dig\u0259r d\u00f6vl\u0259t qurumlar\u0131 is\u0259 buna imkan vermir. M\u0259s\u0259l\u0259nin ikinci t\u0259r\u0259fi is\u0259 budur ki, d\u0259rs v\u0259saitl\u0259ri yoxdur. Vicdanl\u0131 m\u00fc\u0259lliml\u0259r k\u00f6hn\u0259 kitablar\u0131n n\u00fcsx\u0259sini \u00e7ap edib t\u0259drisd\u0259 istifad\u0259 edirl\u0259r\u201d.\n<\/p>\n<p>\n  S\u0259f\u0259rov \u00f6lk\u0259d\u0259 225 tal\u0131\u015f dilind\u0259 m\u0259kt\u0259bin olmas\u0131n\u0131 da real q\u0259bul etm\u0259yib:\n<\/p>\n<p>\n  \u201cD\u00fcnyada tal\u0131\u015f\u015f\u00fcnasl\u0131q kafedras\u0131 2 \u00f6lk\u0259d\u0259 var. Bunlardan biri Kanadan\u0131n Toronto Universitetidir, dig\u0259ri is\u0259 Yeravan D\u00f6vl\u0259t Universiteti. Az\u0259rbaycanda is\u0259 qeyri-r\u0259smi statistikaya g\u00f6r\u0259 1 milyondan \u00e7ox tal\u0131\u015f ya\u015fay\u0131r, amma he\u00e7 bir d\u00f6vl\u0259t v\u0259 \u00f6z\u0259l universitetd\u0259 tal\u0131\u015f dili v\u0259 \u0259d\u0259biyyat\u0131 fak\u00fclt\u0259si yoxdur. S\u00f6hb\u0259t t\u0259k tal\u0131\u015flardan getmir. Xarici olan v\u0259 ya tal\u0131\u015f olmayan \u00f6lk\u0259 v\u0259t\u0259nda\u015flar\u0131 da tal\u0131\u015f m\u0259d\u0259niyy\u0259tini \u00f6yr\u0259nm\u0259k ist\u0259yir. \u00c7\u00fcnki bu Hind-Avropa m\u0259d\u0259niyy\u0259tinin \u0259n q\u0259dim, lakin h\u0259l\u0259 d\u0259 tam ara\u015fd\u0131r\u0131lmayan m\u0259d\u0259niyy\u0259tl\u0259rind\u0259n biridir. Bu m\u0259d\u0259niyy\u0259ti ara\u015fd\u0131rmaq ist\u0259y\u0259n ya Kanadaya getm\u0259lidir, ya da Erm\u0259nistana. Kanadada t\u0259hsil almaq \u00e7ox bahal\u0131d\u0131r. Xaricil\u0259r Erm\u0259nistana gedir, amma az\u0259rbaycanl\u0131lar\u0131n ora ged\u0259 bilm\u0259si m\u00fcmk\u00fcns\u00fczd\u00fcr. Deyirl\u0259r ki, 225 m\u0259kt\u0259bd\u0259 tal\u0131\u015f dili d\u0259rsi ke\u00e7irilir. M\u0259n\u0259 maraql\u0131d\u0131r, ordak\u0131 m\u00fc\u0259lliml\u0259ri Kanadada, Erm\u0259nistanda oxutdurublar, yoxsa biz bilm\u0259diyimiz bir yerd\u0259 t\u0259hsil al\u0131blar? Bu statistikan\u0131n \u00f6z\u00fc d\u0259 q\u00fcsurludur. Tal\u0131\u015f regionunda tal\u0131\u015flar\u0131n \u00e7oxluq t\u0259\u015fkil etdiyi 500-d\u0259n \u00e7ox m\u0259kt\u0259b var. H\u0259m\u00e7inin Bak\u0131, Sumqay\u0131t \u015f\u0259h\u0259rl\u0259rind\u0259, dig\u0259r rayonlarda da tal\u0131\u015flar\u0131n kompakt ya\u015fad\u0131\u011f\u0131 yerl\u0259r var. B\u0259s ordak\u0131 m\u0259kt\u0259bl\u0259r nec\u0259 olsun?\u201d\n<\/p>\n<p>\n  S\u0259f\u0259rov h\u0259m\u00e7inin bununla ba\u011fl\u0131 Az\u0259rbaycan Respublikas\u0131n\u0131n prezidentin\u0259 v\u0259 dig\u0259r d\u00f6vl\u0259t qurumlar\u0131na m\u00fcraci\u0259tl\u0259r etdiyini, lakin m\u00fcraci\u0259tl\u0259rinin cavabs\u0131z qald\u0131\u011f\u0131n\u0131 deyir:\n<\/p>\n<p>\n  \u201cD\u0259f\u0259l\u0259rl\u0259 prezident\u0259 m\u00fcraci\u0259t etmi\u015fik ki, L\u0259nk\u0259ran D\u00f6vl\u0259t Universitetind\u0259 v\u0259 Pedaqoloji Kollecd\u0259 kafedralar a\u00e7\u0131ls\u0131n, pe\u015f\u0259kar tal\u0131\u015f dili m\u00fct\u0259x\u0259ssisl\u0259ri yeti\u015fdirilsin. \u018fn az\u0131ndan Tal\u0131\u015f dili Filalogiyas\u0131 Kafedras\u0131 olmal\u0131d\u0131r. \u0130nsanlar imtahan verib ora q\u0259bul olmal\u0131 v\u0259 ara\u015fd\u0131rmalar etm\u0259lidir. Bir m\u0259d\u0259niyy\u0259ti niy\u0259 bu c\u00fcr silib k\u0259nara at\u0131r\u0131q? Bu problem bug\u00fcn\u0259 q\u0259d\u0259r h\u0259ll olunmay\u0131b. Kadr haz\u0131rlanm\u0131rsa, d\u0259rs v\u0259saitl\u0259ri yoxdursa, harda, nec\u0259 t\u0259hsil verirl\u0259r? Kim ke\u00e7ir bu d\u0259rsl\u0259ri? G\u00f6st\u0259rsinl\u0259r g\u00f6r\u0259k kadrlar, t\u0259dris v\u0259saitl\u0259ri hardad\u0131r, biz d\u0259 onda inanar\u0131q ki, deyil\u0259nl\u0259r do\u011frudur. Bilirsizmi bu n\u0259y\u0259 b\u0259nz\u0259yir? Biz\u0259 deyirl\u0259r ki, gedin oturun bir a\u011fac\u0131n \u00fcst\u00fcnd\u0259 v\u0259 kosmosa u\u00e7ma\u011fa \u00e7al\u0131\u015f\u0131n. Bu imitasiyad\u0131r v\u0259 idbarcas\u0131na saxtala\u015fd\u0131rmad\u0131r\u201d.\n<\/p>\n<p>\n  Milliy\u0259tc\u0259 tal\u0131\u015f olan Seyran Dada\u015fov Sumqay\u0131tda ya\u015fay\u0131r. O, Az\u0259rbaycanda sayca tal\u0131\u015flardan az olan ruslar \u00fc\u00e7\u00fcn rusca m\u0259kt\u0259bl\u0259rin oldu\u011funu, \u00f6z u\u015faqlar\u0131na is\u0259 tal\u0131\u015fca m\u0259kt\u0259b tapa bilm\u0259m\u0259sind\u0259n gileyl\u0259nir:\n<\/p>\n<p>\n  \u201c\u0130ki u\u015fa\u011f\u0131m var. 15 ya\u015fl\u0131 o\u011flum doqquzuncu, 10 ya\u015fl\u0131 q\u0131z\u0131m d\u00f6rd\u00fcnc\u00fc sinifd\u0259 oxuyur. \u0130st\u0259mi\u015f\u0259m ki, u\u015faqlar\u0131m tal\u0131\u015f dilind\u0259 t\u0259hsil als\u0131n. Amma Sumqay\u0131tda bel\u0259 bir \u015f\u0259rait yoxdur. Yaln\u0131z tal\u0131\u015f b\u00f6lg\u0259sind\u0259 tal\u0131\u015f dilind\u0259 pis-yax\u015f\u0131 d\u00f6rd\u00fcnc\u00fc sinif\u0259 q\u0259d\u0259r t\u0259hsil olur. Dig\u0259r yerl\u0259rd\u0259, \u00fcmumiyy\u0259tl\u0259, bel\u0259 bir praktika yoxdur. Bak\u0131, Sumqay\u0131t kimi yerl\u0259rd\u0259 bel\u0259 bir yer tapmaq m\u00fcmk\u00fcn deyil\u201d.\n<\/p>\n<p>\n  O, bununla v\u0259 dig\u0259r ox\u015far probleml\u0259rl\u0259 ba\u011fl\u0131 tal\u0131\u015f ziyal\u0131lar\u0131 il\u0259 birg\u0259 Az\u0259rbaycan Respublikas\u0131n\u0131n Prezidentin\u0259 v\u0259 d\u00f6vl\u0259t qurular\u0131na m\u0259ktublar yazd\u0131\u011f\u0131n\u0131, lakin indiy\u0259n\u0259 q\u0259d\u0259r bu m\u0259ktublara cavab ala bilm\u0259diyini deyir.\n<\/p>\n<p>\n  \u018fvv\u0259ll\u0259r Az\u0259rbaycanda, haz\u0131rda is\u0259 Fransada ya\u015fayan V\u00fcqar R\u0259hmanov tal\u0131\u015f regionunda ke\u00e7iril\u0259n d\u0259rsl\u0259rin formal oldu\u011funu, yaln\u0131z c\u0259dv\u0259ld\u0259 qeyd edildiyini deyir:\n<\/p>\n<p>\n  \u201c\u018fslind\u0259 d\u0259rsl\u0259r ke\u00e7irilmir. Ya da \u00e7ox az yerl\u0259rd\u0259 ke\u00e7irilir. Bu c\u00fcr hallar\u0131 b\u0259lk\u0259 d\u0259 sad\u0259c\u0259 diqq\u0259tsizlik kimi g\u00f6rm\u0259k olar. Lakin m\u0259n d\u00fc\u015f\u00fcn\u00fcr\u0259m ki, bundan daha b\u00f6y\u00fck probleml\u0259r var. Tal\u0131\u015fca olan k\u0259nd adlar\u0131 a\u00e7\u0131q-ayd\u0131n Az\u0259rbaycan dilin\u0259 d\u0259yi\u015fdirilir. Misal \u00fc\u00e7\u00fcn \u201cOzobij\u0259n\u201d adl\u0131 k\u0259ndin ad\u0131n\u0131 d\u0259yi\u015fib \u201cG\u00fcn\u0259\u015fli\u201d, \u201cQomu\u015f\u0259vone\u201d k\u0259ndinin ad\u0131n\u0131 d\u0259yi\u015fib \u201cG\u00f6y\u015faban\u201d edibl\u0259r. Bu adlar\u0131n k\u0259ndin tarixi, \u0259halisi il\u0259 he\u00e7 bir ba\u011fl\u0131l\u0131\u011f\u0131 yoxdur. Bel\u0259 100-\u0259 yax\u0131n k\u0259nd ad\u0131 d\u0259yi\u015fdirilib. Buna diqq\u0259tsizlik dem\u0259k olmaz, bu, a\u00e7\u0131q \u015f\u0259kild\u0259 saxtala\u015fd\u0131rmad\u0131r. Bir d\u0259f\u0259 Az\u0259rbaycan Parlamentind\u0259 m\u00fczakir\u0259 oldu v\u0259 t\u0259klif etdil\u0259r ki, tal\u0131\u015f da\u011flar\u0131n\u0131n ad\u0131n\u0131 d\u0259yi\u015fib \u201cC\u0259nub da\u011flar\u0131\u201d ed\u0259k. H\u0259min m\u00fczakir\u0259d\u0259 h\u0259m\u00e7inin deyildi ki, Tal\u0131\u015f adl\u0131 xanl\u0131q olmay\u0131b, L\u0259nk\u0259ran xanl\u0131\u011f\u0131 olub. N\u0259 ehtiyac var bu tip a\u00e7\u0131q faktlar haqda bel\u0259 dan\u0131\u015fma\u011fa? Bir xanl\u0131\u011f\u0131n, ya da da\u011f\u0131n ad\u0131n\u0131 d\u0259yi\u015f\u0259nd\u0259 n\u0259 olur? Sad\u0259c\u0259 olaraq \u00f6zl\u0259rinin ciddi fobialar\u0131 var. Bu c\u00fcr t\u0259hdidl\u0259rin oldu\u011fu bir \u015f\u0259raitd\u0259 hans\u0131sa problemin h\u0259llind\u0259n dan\u0131\u015fmaq t\u0259bii g\u00f6r\u00fcnm\u00fcr. M\u0259n \u015f\u0259xs\u0259n h\u00f6kum\u0259tin bu m\u0259s\u0259l\u0259d\u0259 n\u0259yis\u0259 d\u00fcz\u0259ld\u0259c\u0259yin\u0259 inam\u0131ram. Onlar\u0131n bel\u0259 bir niyy\u0259ti yoxdur\u201d.\n<\/p>\n<blockquote><p>\n  Az\u0259rbaycan \u00e7\u0259r\u00e7iv\u0259 sazi\u015fini tal\u0131\u015f, l\u0259zgi v\u0259 dig\u0259r xalqlarla ba\u011fl\u0131 indiy\u0259n\u0259 q\u0259d\u0259r yerin\u0259 yetirm\u0259yib\n<\/p><\/blockquote>\n<p>\n  H\u00fcquq\u015f\u00fcnas Ataxan \u018fbilov bu m\u0259ruz\u0259ni s\u00f6z oyunu adland\u0131r\u0131b: \u201cYeni hesabatla tan\u0131\u015fam. Hesabat\u0131n \u0259sas\u0131nda \u201cn\u0259 \u015fi\u015f yans\u0131n, n\u0259 kabab\u201d prinsipi durur. Az\u0259rbaycan etnik azl\u0131qlarla ba\u011fl\u0131 \u00e7\u0259r\u00e7iv\u0259 sazi\u015fini t\u0259l\u0259sik, Avropa \u015euras\u0131na \u00fczv olmam\u0131\u015fdan \u00f6nc\u0259 imzalay\u0131b. Lakin bu sazi\u015fin birc\u0259 madd\u0259si, birc\u0259 normas\u0131 bel\u0259 k\u00f6kl\u00fc xalqlara m\u00fcnasib\u0259td\u0259 t\u0259tbiq edilm\u0259yib. Bu, birm\u0259nal\u0131 \u015f\u0259kild\u0259 bu hesabatda \u00f6z \u0259ksini tapmal\u0131 idi. A\u015e sad\u0259c\u0259 Az\u0259rbaycan h\u00f6kum\u0259ti il\u0259 s\u00f6z oyunu oynay\u0131r. Az\u0259rbaycan \u00e7\u0259r\u00e7iv\u0259 sazi\u015fini tal\u0131\u015f, l\u0259zgi v\u0259 dig\u0259r xalqlarla ba\u011fl\u0131 indiy\u0259n\u0259 q\u0259d\u0259r yerin\u0259 yetirm\u0259yib v\u0259 bel\u0259 bir fikird\u0259 oldu\u011fu da g\u00f6r\u00fcnm\u00fcr. \u00c7\u0259r\u00e7iv\u0259 sazi\u015fi tal\u0131\u015f dilind\u0259 var. M\u0259n t\u0259rc\u00fcm\u0259 etmi\u015f\u0259m. Amma Az\u0259rbaycan Respublikas\u0131n\u0131n Konstitusiyas\u0131 tal\u0131\u015f dilind\u0259 m\u00f6vcud deyil. \u018fg\u0259r Az\u0259rbaycan h\u00f6kum\u0259ti tal\u0131\u015flar\u0131 v\u0259 dig\u0259r milli azl\u0131qlar\u0131 \u00f6z v\u0259t\u0259nda\u015f\u0131 olaraq q\u0259bul edirs\u0259, niy\u0259 \u00f6z konstitusiyas\u0131n\u0131 o dill\u0259r\u0259 t\u0259rc\u00fcm\u0259 etmir? 2001-ci ild\u0259 Az\u0259rbaycan Avropa \u015euras\u0131na \u00fczv q\u0259bul edil\u0259n zaman \u00fcz\u0259rin\u0259 \u0259sas \u00f6hd\u0259lik g\u00f6t\u00fcrm\u00fc\u015fd\u00fc. Bunlardan birinci Avropa \u015euras\u0131n\u0131n Regional Dill\u0259r v\u0259 ya Azsayl\u0131 Xalqlar\u0131n Dill\u0259ri \u00fczr\u0259 Avropa Xartiyas\u0131na qo\u015fulmaqla ba\u011fl\u0131d\u0131r. Amma indiy\u0259 q\u0259d\u0259r qo\u015fulmay\u0131b. Ayd\u0131n \u015f\u0259kild\u0259 bildirirl\u0259r ki, qo\u015fulmayacaqlar. Dig\u0259ri is\u0259 milli azl\u0131qlar bar\u0259d\u0259 qanun q\u0259bul etm\u0259kdir. Bu \u00f6hd\u0259likl\u0259rin alt\u0131nda imza qoymu\u015fdular, amma \u00f6z imzalar\u0131na h\u00f6rm\u0259t etmirl\u0259r. Avropa \u015euras\u0131 da bunu dilin\u0259 g\u0259tirmir. Onlar\u0131n hesabat\u0131 bununla ba\u015flamal\u0131yd\u0131 ki, Az\u0259rbaycan milli azl\u0131qlarla ba\u011fl\u0131 g\u00f6t\u00fcrd\u00fcy\u00fc \u00f6hd\u0259likl\u0259ri yerin\u0259 yetirmir. Tal\u0131\u015flar\u0131n \u00f6z\u00fc \u201cmilli azl\u0131q\u201d s\u00f6z\u00fc il\u0259 raz\u0131la\u015fm\u0131r. \u00c7\u00fcnki onlar sad\u0259c\u0259 azl\u0131qda qalan xalqd\u0131r. Saylar\u0131 yet\u0259ri q\u0259d\u0259rdir ki, onlara \u201cmilli azl\u0131q\u201d deyilm\u0259sin. Amma bir xalq olaraq he\u00e7 bir h\u00fcquqlar\u0131 yoxdur. L\u0259zgil\u0259r d\u0259 eyni v\u0259ziyy\u0259td\u0259dir. Tatlar is\u0259 art\u0131q o d\u0259r\u0259c\u0259d\u0259 s\u00fcni assimiliyasiya edilib ki, art\u0131q \u00f6z kimlikl\u0259rind\u0259n x\u0259b\u0259rdar deyill\u0259r\u201d.\n<\/p>\n<p>\n  \u018fbilov h\u00f6kum\u0259tin k\u00f6kl\u00fc v\u0259 g\u0259lm\u0259 milli azl\u0131qlara f\u0259rqli m\u00fcnasib\u0259tinin q\u0259rib\u0259 oldu\u011funu x\u00fcsusi hal kimi vur\u011fulay\u0131b: \u201cBurada \u00e7ox inc\u0259, lakin k\u00f6kl\u00fc m\u0259s\u0259l\u0259l\u0259r var. Bu m\u0259s\u0259l\u0259l\u0259r analitik m\u0259zmunlu elmi yan\u015fma t\u0259l\u0259b edir. Az\u0259rbaycan \u00e7oxmill\u0259tli bir d\u00f6vl\u0259tdir. Az\u0259rbaycan\u0131n etnik co\u011frafiyas\u0131 Avropa \u015euras\u0131 t\u0259r\u0259find\u0259n tam \u00f6yr\u0259nilm\u0259yib. Bu etnik xalqlar\u0131n bir hiss\u0259si yerlidir, dig\u0259r hiss\u0259si is\u0259 sonradan m\u00fcxt\u0259lif s\u0259b\u0259bl\u0259rd\u0259n Az\u0259rbaycana k\u00f6\u00e7\u0259n v\u0259 ya k\u00f6\u00e7\u00fcrd\u00fcl\u0259nl\u0259rdir. Bura ruslar, almanlar, tatarlar v\u0259 polyaklar\u0131 aid etm\u0259k olar. Q\u0259rib\u0259 olan is\u0259 budur ki, Az\u0259rbaycan h\u00f6kum\u0259ti sonradan g\u0259l\u0259n xalqlara qar\u015f\u0131 m\u00fclayimdir, onlara \u015f\u0259raitl\u0259r yarad\u0131r, amma k\u00f6kl\u00fc xalqlara qar\u015f\u0131 tamam f\u0259rqli davran\u0131r. Yerli xalqlar\u0131 tan\u0131maq ist\u0259mir. T\u0259bii ki, h\u00fcquq h\u0259r bir k\u0259s \u00fc\u00e7\u00fcn eyni olmal\u0131d\u0131r. Lakin Az\u0259rbaycan h\u00f6kum\u0259tinin bu c\u00fcr a\u00e7\u0131q ayr\u0131se\u00e7kilik davran\u0131\u015f\u0131 ara\u015fd\u0131r\u0131lmal\u0131d\u0131r\u201d.<\/p>\n","protected":false},"excerpt":{"rendered":"<p>\u201c\u0130cra hakimiyy\u0259tl\u0259ri, x\u00fcsusi xidm\u0259t orqanlar\u0131 t\u0259hsil \u015f\u00f6b\u0259l\u0259rinin m\u00fcd\u00fcrl\u0259rin\u0259 tap\u015f\u0131r\u0131r ki, d\u0259rsl\u0259r formal olmal\u0131d\u0131r\u201d<\/p>\n","protected":false},"author":11,"featured_media":118994,"comment_status":"closed","ping_status":"open","sticky":false,"template":"","format":"standard","meta":{"_acf_changed":false,"_sitemap_exclude":false,"_sitemap_priority":"","_sitemap_frequency":"","footnotes":""},"categories":[51],"tags":[],"class_list":["post-194246","post","type-post","status-publish","format-standard","has-post-thumbnail","hentry","category-analitika","infinite-scroll-item","generate-columns","tablet-grid-50","mobile-grid-100","grid-parent","grid-33","no-featured-image-padding"],"acf":[],"yoast_head":"<!-- This site is optimized with the Yoast SEO plugin v27.4 - https:\/\/yoast.com\/product\/yoast-seo-wordpress\/ -->\n<title>Avropa \u015euras\u0131: Az\u0259rbaycanda etnik azl\u0131qlar\u0131n h\u00fcquqlar\u0131 il\u0259 ba\u011fl\u0131 qanunvericilik yoxdur - MEYDAN.TV<\/title>\n<meta name=\"robots\" content=\"index, follow, max-snippet:-1, max-image-preview:large, max-video-preview:-1\" \/>\n<link rel=\"canonical\" href=\"https:\/\/www.meydan.tv\/az\/article\/avropa-surasi-azerbaycanda-etnik-azliqlarin-huquqlari-ile-bagli-qanunvericilik-yoxdur\/\" \/>\n<meta property=\"og:locale\" content=\"az_AZ\" \/>\n<meta property=\"og:type\" content=\"article\" \/>\n<meta property=\"og:title\" content=\"Avropa \u015euras\u0131: Az\u0259rbaycanda etnik azl\u0131qlar\u0131n h\u00fcquqlar\u0131 il\u0259 ba\u011fl\u0131 qanunvericilik yoxdur - MEYDAN.TV\" \/>\n<meta property=\"og:description\" content=\"\u201c\u0130cra hakimiyy\u0259tl\u0259ri, x\u00fcsusi xidm\u0259t orqanlar\u0131 t\u0259hsil \u015f\u00f6b\u0259l\u0259rinin m\u00fcd\u00fcrl\u0259rin\u0259 tap\u015f\u0131r\u0131r ki, d\u0259rsl\u0259r formal olmal\u0131d\u0131r\u201d\" \/>\n<meta property=\"og:url\" content=\"https:\/\/www.meydan.tv\/az\/article\/avropa-surasi-azerbaycanda-etnik-azliqlarin-huquqlari-ile-bagli-qanunvericilik-yoxdur\/\" \/>\n<meta property=\"og:site_name\" content=\"MEYDAN.TV\" \/>\n<meta property=\"article:published_time\" content=\"2019-02-27T14:48:14+00:00\" \/>\n<meta property=\"og:image\" content=\"https:\/\/www.meydan.tv\/wp-content\/uploads\/download_1.jpg\" \/>\n\t<meta property=\"og:image:width\" content=\"1200\" \/>\n\t<meta property=\"og:image:height\" content=\"630\" \/>\n\t<meta property=\"og:image:type\" content=\"image\/jpeg\" \/>\n<meta name=\"author\" content=\"user-manager\" \/>\n<meta name=\"twitter:card\" content=\"summary_large_image\" \/>\n<script type=\"application\/ld+json\" class=\"yoast-schema-graph\">{\"@context\":\"https:\\\/\\\/schema.org\",\"@graph\":[{\"@type\":\"Article\",\"@id\":\"https:\\\/\\\/www.meydan.tv\\\/az\\\/article\\\/avropa-surasi-azerbaycanda-etnik-azliqlarin-huquqlari-ile-bagli-qanunvericilik-yoxdur\\\/#article\",\"isPartOf\":{\"@id\":\"https:\\\/\\\/www.meydan.tv\\\/az\\\/article\\\/avropa-surasi-azerbaycanda-etnik-azliqlarin-huquqlari-ile-bagli-qanunvericilik-yoxdur\\\/\"},\"author\":{\"name\":\"user-manager\",\"@id\":\"https:\\\/\\\/www.meydan.tv\\\/az\\\/#\\\/schema\\\/person\\\/10d11eccf6da3662cf5fdab9806ea91a\"},\"headline\":\"Avropa \u015euras\u0131: Az\u0259rbaycanda etnik azl\u0131qlar\u0131n h\u00fcquqlar\u0131 il\u0259 ba\u011fl\u0131 qanunvericilik yoxdur\",\"datePublished\":\"2019-02-27T14:48:14+00:00\",\"mainEntityOfPage\":{\"@id\":\"https:\\\/\\\/www.meydan.tv\\\/az\\\/article\\\/avropa-surasi-azerbaycanda-etnik-azliqlarin-huquqlari-ile-bagli-qanunvericilik-yoxdur\\\/\"},\"wordCount\":2443,\"publisher\":{\"@id\":\"https:\\\/\\\/www.meydan.tv\\\/az\\\/#organization\"},\"image\":{\"@id\":\"https:\\\/\\\/www.meydan.tv\\\/az\\\/article\\\/avropa-surasi-azerbaycanda-etnik-azliqlarin-huquqlari-ile-bagli-qanunvericilik-yoxdur\\\/#primaryimage\"},\"thumbnailUrl\":\"https:\\\/\\\/www.meydan.tv\\\/wp-content\\\/uploads\\\/download_1.jpg\",\"articleSection\":[\"Analitika\"],\"inLanguage\":\"az\"},{\"@type\":\"WebPage\",\"@id\":\"https:\\\/\\\/www.meydan.tv\\\/az\\\/article\\\/avropa-surasi-azerbaycanda-etnik-azliqlarin-huquqlari-ile-bagli-qanunvericilik-yoxdur\\\/\",\"url\":\"https:\\\/\\\/www.meydan.tv\\\/az\\\/article\\\/avropa-surasi-azerbaycanda-etnik-azliqlarin-huquqlari-ile-bagli-qanunvericilik-yoxdur\\\/\",\"name\":\"Avropa \u015euras\u0131: Az\u0259rbaycanda etnik azl\u0131qlar\u0131n h\u00fcquqlar\u0131 il\u0259 ba\u011fl\u0131 qanunvericilik yoxdur - MEYDAN.TV\",\"isPartOf\":{\"@id\":\"https:\\\/\\\/www.meydan.tv\\\/az\\\/#website\"},\"primaryImageOfPage\":{\"@id\":\"https:\\\/\\\/www.meydan.tv\\\/az\\\/article\\\/avropa-surasi-azerbaycanda-etnik-azliqlarin-huquqlari-ile-bagli-qanunvericilik-yoxdur\\\/#primaryimage\"},\"image\":{\"@id\":\"https:\\\/\\\/www.meydan.tv\\\/az\\\/article\\\/avropa-surasi-azerbaycanda-etnik-azliqlarin-huquqlari-ile-bagli-qanunvericilik-yoxdur\\\/#primaryimage\"},\"thumbnailUrl\":\"https:\\\/\\\/www.meydan.tv\\\/wp-content\\\/uploads\\\/download_1.jpg\",\"datePublished\":\"2019-02-27T14:48:14+00:00\",\"breadcrumb\":{\"@id\":\"https:\\\/\\\/www.meydan.tv\\\/az\\\/article\\\/avropa-surasi-azerbaycanda-etnik-azliqlarin-huquqlari-ile-bagli-qanunvericilik-yoxdur\\\/#breadcrumb\"},\"inLanguage\":\"az\",\"potentialAction\":[{\"@type\":\"ReadAction\",\"target\":[\"https:\\\/\\\/www.meydan.tv\\\/az\\\/article\\\/avropa-surasi-azerbaycanda-etnik-azliqlarin-huquqlari-ile-bagli-qanunvericilik-yoxdur\\\/\"]}]},{\"@type\":\"ImageObject\",\"inLanguage\":\"az\",\"@id\":\"https:\\\/\\\/www.meydan.tv\\\/az\\\/article\\\/avropa-surasi-azerbaycanda-etnik-azliqlarin-huquqlari-ile-bagli-qanunvericilik-yoxdur\\\/#primaryimage\",\"url\":\"https:\\\/\\\/www.meydan.tv\\\/wp-content\\\/uploads\\\/download_1.jpg\",\"contentUrl\":\"https:\\\/\\\/www.meydan.tv\\\/wp-content\\\/uploads\\\/download_1.jpg\",\"width\":1200,\"height\":630,\"caption\":\"Source: Shutterstock\"},{\"@type\":\"BreadcrumbList\",\"@id\":\"https:\\\/\\\/www.meydan.tv\\\/az\\\/article\\\/avropa-surasi-azerbaycanda-etnik-azliqlarin-huquqlari-ile-bagli-qanunvericilik-yoxdur\\\/#breadcrumb\",\"itemListElement\":[{\"@type\":\"ListItem\",\"position\":1,\"name\":\"Ana s\u0259hif\u0259\",\"item\":\"https:\\\/\\\/www.meydan.tv\\\/az\\\/\"},{\"@type\":\"ListItem\",\"position\":2,\"name\":\"Analitika\",\"item\":\"https:\\\/\\\/www.meydan.tv\\\/az\\\/section\\\/analitika\\\/\"},{\"@type\":\"ListItem\",\"position\":3,\"name\":\"Avropa \u015euras\u0131: Az\u0259rbaycanda etnik azl\u0131qlar\u0131n h\u00fcquqlar\u0131 il\u0259 ba\u011fl\u0131 qanunvericilik yoxdur\"}]},{\"@type\":\"WebSite\",\"@id\":\"https:\\\/\\\/www.meydan.tv\\\/az\\\/#website\",\"url\":\"https:\\\/\\\/www.meydan.tv\\\/az\\\/\",\"name\":\"MEYDAN.TV\",\"description\":\"Meydan TV Az\u0259rbaycan\u0131n media m\u0259kan\u0131ndak\u0131 alternativ s\u0259sidir\",\"publisher\":{\"@id\":\"https:\\\/\\\/www.meydan.tv\\\/az\\\/#organization\"},\"potentialAction\":[{\"@type\":\"SearchAction\",\"target\":{\"@type\":\"EntryPoint\",\"urlTemplate\":\"https:\\\/\\\/www.meydan.tv\\\/az\\\/?s={search_term_string}\"},\"query-input\":{\"@type\":\"PropertyValueSpecification\",\"valueRequired\":true,\"valueName\":\"search_term_string\"}}],\"inLanguage\":\"az\"},{\"@type\":\"Organization\",\"@id\":\"https:\\\/\\\/www.meydan.tv\\\/az\\\/#organization\",\"name\":\"Meydan TV\",\"url\":\"https:\\\/\\\/www.meydan.tv\\\/az\\\/\",\"logo\":{\"@type\":\"ImageObject\",\"inLanguage\":\"az\",\"@id\":\"https:\\\/\\\/www.meydan.tv\\\/az\\\/#\\\/schema\\\/logo\\\/image\\\/\",\"url\":\"https:\\\/\\\/www.meydan.tv\\\/wp-content\\\/uploads\\\/2021\\\/07\\\/meydan-logo.svg\",\"contentUrl\":\"https:\\\/\\\/www.meydan.tv\\\/wp-content\\\/uploads\\\/2021\\\/07\\\/meydan-logo.svg\",\"width\":195,\"height\":46,\"caption\":\"Meydan TV\"},\"image\":{\"@id\":\"https:\\\/\\\/www.meydan.tv\\\/az\\\/#\\\/schema\\\/logo\\\/image\\\/\"}},{\"@type\":\"Person\",\"@id\":\"https:\\\/\\\/www.meydan.tv\\\/az\\\/#\\\/schema\\\/person\\\/10d11eccf6da3662cf5fdab9806ea91a\",\"name\":\"user-manager\"}]}<\/script>\n<!-- \/ Yoast SEO plugin. -->","yoast_head_json":{"title":"Avropa \u015euras\u0131: Az\u0259rbaycanda etnik azl\u0131qlar\u0131n h\u00fcquqlar\u0131 il\u0259 ba\u011fl\u0131 qanunvericilik yoxdur - MEYDAN.TV","robots":{"index":"index","follow":"follow","max-snippet":"max-snippet:-1","max-image-preview":"max-image-preview:large","max-video-preview":"max-video-preview:-1"},"canonical":"https:\/\/www.meydan.tv\/az\/article\/avropa-surasi-azerbaycanda-etnik-azliqlarin-huquqlari-ile-bagli-qanunvericilik-yoxdur\/","og_locale":"az_AZ","og_type":"article","og_title":"Avropa \u015euras\u0131: Az\u0259rbaycanda etnik azl\u0131qlar\u0131n h\u00fcquqlar\u0131 il\u0259 ba\u011fl\u0131 qanunvericilik yoxdur - MEYDAN.TV","og_description":"\u201c\u0130cra hakimiyy\u0259tl\u0259ri, x\u00fcsusi xidm\u0259t orqanlar\u0131 t\u0259hsil \u015f\u00f6b\u0259l\u0259rinin m\u00fcd\u00fcrl\u0259rin\u0259 tap\u015f\u0131r\u0131r ki, d\u0259rsl\u0259r formal olmal\u0131d\u0131r\u201d","og_url":"https:\/\/www.meydan.tv\/az\/article\/avropa-surasi-azerbaycanda-etnik-azliqlarin-huquqlari-ile-bagli-qanunvericilik-yoxdur\/","og_site_name":"MEYDAN.TV","article_published_time":"2019-02-27T14:48:14+00:00","og_image":[{"width":1200,"height":630,"url":"https:\/\/www.meydan.tv\/wp-content\/uploads\/download_1.jpg","type":"image\/jpeg"}],"author":"user-manager","twitter_card":"summary_large_image","schema":{"@context":"https:\/\/schema.org","@graph":[{"@type":"Article","@id":"https:\/\/www.meydan.tv\/az\/article\/avropa-surasi-azerbaycanda-etnik-azliqlarin-huquqlari-ile-bagli-qanunvericilik-yoxdur\/#article","isPartOf":{"@id":"https:\/\/www.meydan.tv\/az\/article\/avropa-surasi-azerbaycanda-etnik-azliqlarin-huquqlari-ile-bagli-qanunvericilik-yoxdur\/"},"author":{"name":"user-manager","@id":"https:\/\/www.meydan.tv\/az\/#\/schema\/person\/10d11eccf6da3662cf5fdab9806ea91a"},"headline":"Avropa \u015euras\u0131: Az\u0259rbaycanda etnik azl\u0131qlar\u0131n h\u00fcquqlar\u0131 il\u0259 ba\u011fl\u0131 qanunvericilik yoxdur","datePublished":"2019-02-27T14:48:14+00:00","mainEntityOfPage":{"@id":"https:\/\/www.meydan.tv\/az\/article\/avropa-surasi-azerbaycanda-etnik-azliqlarin-huquqlari-ile-bagli-qanunvericilik-yoxdur\/"},"wordCount":2443,"publisher":{"@id":"https:\/\/www.meydan.tv\/az\/#organization"},"image":{"@id":"https:\/\/www.meydan.tv\/az\/article\/avropa-surasi-azerbaycanda-etnik-azliqlarin-huquqlari-ile-bagli-qanunvericilik-yoxdur\/#primaryimage"},"thumbnailUrl":"https:\/\/www.meydan.tv\/wp-content\/uploads\/download_1.jpg","articleSection":["Analitika"],"inLanguage":"az"},{"@type":"WebPage","@id":"https:\/\/www.meydan.tv\/az\/article\/avropa-surasi-azerbaycanda-etnik-azliqlarin-huquqlari-ile-bagli-qanunvericilik-yoxdur\/","url":"https:\/\/www.meydan.tv\/az\/article\/avropa-surasi-azerbaycanda-etnik-azliqlarin-huquqlari-ile-bagli-qanunvericilik-yoxdur\/","name":"Avropa \u015euras\u0131: Az\u0259rbaycanda etnik azl\u0131qlar\u0131n h\u00fcquqlar\u0131 il\u0259 ba\u011fl\u0131 qanunvericilik yoxdur - MEYDAN.TV","isPartOf":{"@id":"https:\/\/www.meydan.tv\/az\/#website"},"primaryImageOfPage":{"@id":"https:\/\/www.meydan.tv\/az\/article\/avropa-surasi-azerbaycanda-etnik-azliqlarin-huquqlari-ile-bagli-qanunvericilik-yoxdur\/#primaryimage"},"image":{"@id":"https:\/\/www.meydan.tv\/az\/article\/avropa-surasi-azerbaycanda-etnik-azliqlarin-huquqlari-ile-bagli-qanunvericilik-yoxdur\/#primaryimage"},"thumbnailUrl":"https:\/\/www.meydan.tv\/wp-content\/uploads\/download_1.jpg","datePublished":"2019-02-27T14:48:14+00:00","breadcrumb":{"@id":"https:\/\/www.meydan.tv\/az\/article\/avropa-surasi-azerbaycanda-etnik-azliqlarin-huquqlari-ile-bagli-qanunvericilik-yoxdur\/#breadcrumb"},"inLanguage":"az","potentialAction":[{"@type":"ReadAction","target":["https:\/\/www.meydan.tv\/az\/article\/avropa-surasi-azerbaycanda-etnik-azliqlarin-huquqlari-ile-bagli-qanunvericilik-yoxdur\/"]}]},{"@type":"ImageObject","inLanguage":"az","@id":"https:\/\/www.meydan.tv\/az\/article\/avropa-surasi-azerbaycanda-etnik-azliqlarin-huquqlari-ile-bagli-qanunvericilik-yoxdur\/#primaryimage","url":"https:\/\/www.meydan.tv\/wp-content\/uploads\/download_1.jpg","contentUrl":"https:\/\/www.meydan.tv\/wp-content\/uploads\/download_1.jpg","width":1200,"height":630,"caption":"Source: Shutterstock"},{"@type":"BreadcrumbList","@id":"https:\/\/www.meydan.tv\/az\/article\/avropa-surasi-azerbaycanda-etnik-azliqlarin-huquqlari-ile-bagli-qanunvericilik-yoxdur\/#breadcrumb","itemListElement":[{"@type":"ListItem","position":1,"name":"Ana s\u0259hif\u0259","item":"https:\/\/www.meydan.tv\/az\/"},{"@type":"ListItem","position":2,"name":"Analitika","item":"https:\/\/www.meydan.tv\/az\/section\/analitika\/"},{"@type":"ListItem","position":3,"name":"Avropa \u015euras\u0131: Az\u0259rbaycanda etnik azl\u0131qlar\u0131n h\u00fcquqlar\u0131 il\u0259 ba\u011fl\u0131 qanunvericilik yoxdur"}]},{"@type":"WebSite","@id":"https:\/\/www.meydan.tv\/az\/#website","url":"https:\/\/www.meydan.tv\/az\/","name":"MEYDAN.TV","description":"Meydan TV Az\u0259rbaycan\u0131n media m\u0259kan\u0131ndak\u0131 alternativ s\u0259sidir","publisher":{"@id":"https:\/\/www.meydan.tv\/az\/#organization"},"potentialAction":[{"@type":"SearchAction","target":{"@type":"EntryPoint","urlTemplate":"https:\/\/www.meydan.tv\/az\/?s={search_term_string}"},"query-input":{"@type":"PropertyValueSpecification","valueRequired":true,"valueName":"search_term_string"}}],"inLanguage":"az"},{"@type":"Organization","@id":"https:\/\/www.meydan.tv\/az\/#organization","name":"Meydan TV","url":"https:\/\/www.meydan.tv\/az\/","logo":{"@type":"ImageObject","inLanguage":"az","@id":"https:\/\/www.meydan.tv\/az\/#\/schema\/logo\/image\/","url":"https:\/\/www.meydan.tv\/wp-content\/uploads\/2021\/07\/meydan-logo.svg","contentUrl":"https:\/\/www.meydan.tv\/wp-content\/uploads\/2021\/07\/meydan-logo.svg","width":195,"height":46,"caption":"Meydan TV"},"image":{"@id":"https:\/\/www.meydan.tv\/az\/#\/schema\/logo\/image\/"}},{"@type":"Person","@id":"https:\/\/www.meydan.tv\/az\/#\/schema\/person\/10d11eccf6da3662cf5fdab9806ea91a","name":"user-manager"}]}},"_links":{"self":[{"href":"https:\/\/www.meydan.tv\/az\/wp-json\/wp\/v2\/posts\/194246","targetHints":{"allow":["GET"]}}],"collection":[{"href":"https:\/\/www.meydan.tv\/az\/wp-json\/wp\/v2\/posts"}],"about":[{"href":"https:\/\/www.meydan.tv\/az\/wp-json\/wp\/v2\/types\/post"}],"author":[{"embeddable":true,"href":"https:\/\/www.meydan.tv\/az\/wp-json\/wp\/v2\/users\/11"}],"replies":[{"embeddable":true,"href":"https:\/\/www.meydan.tv\/az\/wp-json\/wp\/v2\/comments?post=194246"}],"version-history":[{"count":0,"href":"https:\/\/www.meydan.tv\/az\/wp-json\/wp\/v2\/posts\/194246\/revisions"}],"wp:featuredmedia":[{"embeddable":true,"href":"https:\/\/www.meydan.tv\/az\/wp-json\/wp\/v2\/media\/118994"}],"wp:attachment":[{"href":"https:\/\/www.meydan.tv\/az\/wp-json\/wp\/v2\/media?parent=194246"}],"wp:term":[{"taxonomy":"category","embeddable":true,"href":"https:\/\/www.meydan.tv\/az\/wp-json\/wp\/v2\/categories?post=194246"},{"taxonomy":"post_tag","embeddable":true,"href":"https:\/\/www.meydan.tv\/az\/wp-json\/wp\/v2\/tags?post=194246"}],"curies":[{"name":"wp","href":"https:\/\/api.w.org\/{rel}","templated":true}]}}