{"id":194225,"date":"2019-02-26T15:47:33","date_gmt":"2019-02-26T15:47:33","guid":{"rendered":"https:\/\/www.meydan.tv\/article\/goycay-sakini-qaz-xetti-cekenler-borulari-direkleri-menimsemisdi\/"},"modified":"2019-02-26T15:47:33","modified_gmt":"2019-02-26T15:47:33","slug":"goycay-sakini-qaz-xetti-cekenler-borulari-direkleri-menimsemisdi","status":"publish","type":"post","link":"https:\/\/www.meydan.tv\/az\/article\/goycay-sakini-qaz-xetti-cekenler-borulari-direkleri-menimsemisdi\/","title":{"rendered":"G\u00f6y\u00e7ay sakini: Qaz x\u0259tti \u00e7\u0259k\u0259nl\u0259r borular\u0131, dir\u0259kl\u0259ri m\u0259nims\u0259mi\u015fdi"},"content":{"rendered":"<p>\n  \u201cBoru dayaqlar\u0131n\u0131n \u0259v\u0259zin\u0259 x\u0259tl\u0259ri tor hasarlar\u0131m\u0131z\u0131n dir\u0259kl\u0259rin\u0259 birl\u0259\u015fdirmi\u015fdil\u0259r, x\u0259tl\u0259ri h\u0259y\u0259tl\u0259rimizin i\u00e7i il\u0259 &#8211; q\u0131sa yolla \u00e7\u0259kib aparm\u0131\u015fd\u0131lar ki, qalan borular\u0131 m\u0259nims\u0259sinl\u0259r\u201d.\n<\/p>\n<p>\n  2015-ci ilin oktyabr\u0131nda G\u00f6y\u00e7ay rayonunun be\u015f k\u0259ndin\u0259 maye yanaca\u011f\u0131n verilm\u0259si il\u0259 ba\u011fl\u0131 h\u0259min k\u0259ndl\u0259rd\u0259 a\u00e7\u0131l\u0131\u015f m\u0259rasimi ke\u00e7irilib. Bu k\u0259ndl\u0259rd\u0259n biri d\u0259 Qaram\u0259ry\u0259m olub. K\u0259nd sakini S\u0259buhi Quliyev deyir, a\u00e7\u0131l\u0131\u015fdan az \u0259vv\u0259l m\u0259h\u0259ll\u0259y\u0259 g\u0259l\u0259n podrat\u00e7\u0131 \u015firk\u0259t sakinl\u0259ri raz\u0131 sal\u0131b ki, qaz x\u0259tl\u0259ri m\u00fcv\u0259qq\u0259ti olaraq h\u0259y\u0259tl\u0259rin i\u00e7\u0259risi il\u0259 \u00e7\u0259kilsin, x\u0259tl\u0259r dayaq \u0259v\u0259zin\u0259 sakinl\u0259rin h\u0259y\u0259tyan\u0131 tor hasarlar\u0131n\u0131n dir\u0259kl\u0259rin\u0259 birl\u0259\u015fdirilsin. Sakinl\u0259r d\u0259 bunun m\u00fcv\u0259qq\u0259ti oldu\u011funu d\u00fc\u015f\u00fcn\u00fcb raz\u0131l\u0131q veribl\u0259r.\n<\/p>\n<h3>\n  \u201cQaz x\u0259tl\u0259rini tor hasarlar\u0131n dir\u0259kl\u0259rin\u0259  ba\u011fladlar\u201d<br \/>\n<\/h3>\n<p>\n  \u201c\u0130\u015fl\u0259r ba\u015fa \u00e7atandan sonra k\u0259nd\u0259 qaz verili\u015finin a\u00e7\u0131l\u0131\u015f\u0131 olacaqd\u0131, D\u00f6vl\u0259t Neft \u015eirk\u0259tinin prezidenti R\u00f6vn\u0259q Abdullayevin d\u0259 i\u015ftirak\u0131 g\u00f6zl\u0259nilirdi. Qaz\u0131 \u00e7\u0259k\u0259n podrat\u00e7\u0131 \u015firk\u0259tin i\u015f\u00e7il\u0259ri g\u0259lib bildirdil\u0259r ki, a\u00e7\u0131l\u0131\u015fa az qal\u0131b, ancaq i\u015fl\u0259ri \u00e7atd\u0131ra bilmirl\u0259r. Xahi\u015f etdil\u0259r ki, biz\u0259 v\u0259 iki qon\u015fuya ged\u0259n qaz x\u0259ttini, say\u011faclar\u0131 m\u00fcv\u0259qq\u0259ti bizim mal t\u00f6vl\u0259sinin yan\u0131nda qura\u015fd\u0131rs\u0131nlar. A\u00e7\u0131l\u0131\u015fdan sonra yar\u0131m\u00e7\u0131q qalan i\u015fl\u0259ri tamamlayacaqlar. Biz d\u0259 raz\u0131la\u015fd\u0131q. Saygaclar bizim mal t\u00f6vl\u0259sinin yan\u0131nda qura\u015fd\u0131r\u0131ld\u0131. Qon\u015fuya ged\u0259n qaz x\u0259tl\u0259rini d\u0259 bizim tor hasar\u0131n dir\u0259yin\u0259 ba\u011flay\u0131b qon\u015funun h\u0259y\u0259tin\u0259 uzatd\u0131lar,\u201d \u2013 S\u0259buhi Quliyev deyir.\n<\/p>\n<h3>\n  \u201cBorular\u0131 sat\u0131b, pullar\u0131 m\u0259nims\u0259yibl\u0259r\u201d<br \/>\n<\/h3>\n<p>\n  2015-ci il, oktyabr\u0131n 29-da k\u0259nd\u0259 mavi yanaca\u011f\u0131n verilm\u0259sini simvoliz\u0259 ed\u0259n m\u0259\u015f\u0259l al\u0131\u015fd\u0131r\u0131l\u0131b, r\u0259smi t\u0259dbir bitdikd\u0259n sonra sakinl\u0259r qaz idar\u0259sinin i\u015f\u00e7il\u0259rin\u0259 tezlikl\u0259 g\u0259lib qaz x\u0259tl\u0259rinin yerl\u0259rinin d\u0259yi\u015fdirilm\u0259sini, x\u0259tl\u0259rin hasarlardak\u0131 dir\u0259kl\u0259rd\u0259n ayr\u0131lmas\u0131n\u0131 xahi\u015f edibl\u0259r. Lakin qaz idar\u0259sinin i\u015f\u00e7il\u0259ri bildirib ki, bu i\u015fl\u0259ri podrat\u00e7\u0131 \u015firk\u0259t g\u00f6r\u00fcb, onlara m\u00fcraci\u0259t olunmal\u0131d\u0131r:\n<\/p>\n<p>\n  \u201cA\u00e7\u0131l\u0131\u015fdan sonra \u015firk\u0259tin i\u015f\u00e7il\u0259ri ortal\u0131qdan yol oldu. Sonradan biz\u0259 m\u0259lum oldu ki, \u0259slind\u0259 qaz x\u0259tl\u0259rinin bu \u015f\u0259kild\u0259 \u00e7\u0259kilm\u0259sind\u0259 m\u0259qs\u0259d varm\u0131\u015f. \u015eirk\u0259t i\u015f\u00e7il\u0259ri qaz x\u0259tl\u0259rinin yollar\u0131n\u0131 q\u0131saltmaqla borulara \u201cq\u0259na\u0259t\u201d edib v\u0259 qalan borular\u0131 sat\u0131b pullar\u0131n\u0131 m\u0259nims\u0259yibl\u0259r. \u00dcst\u0259lik, qaz x\u0259tl\u0259rini bizim tor hasarlar\u0131n dir\u0259kl\u0259rin\u0259 b\u0259rkitm\u0259kl\u0259 istifad\u0259 \u00fc\u00e7\u00fcn onlara verilmi\u015f boru dir\u0259kl\u0259ri d\u0259 m\u0259nims\u0259yibl\u0259r. Baxd\u0131q ki, layih\u0259d\u0259 n\u0259z\u0259rd\u0259 tutulan x\u0259tl\u0259rl\u0259 realda \u00e7\u0259kil\u0259n x\u0259tl\u0259r \u00fcst-\u00fcst\u0259 d\u00fc\u015fm\u00fcr. \u015eirk\u0259t i\u015f\u00e7il\u0259ri bu yolla pul qazan\u0131blar, \u0259v\u0259zind\u0259 insanlar\u0131n h\u0259yat\u0131n\u0131 t\u0259hl\u00fck\u0259y\u0259 at\u0131blar. Tor hasarlara birl\u0259\u015fdirilmi\u015f x\u0259tl\u0259r h\u0259r an q\u0259zaya u\u011fraya, partlay\u0131\u015fa s\u0259b\u0259b ola bil\u0259r,\u201d- \u015fikay\u0259t\u00e7i deyir.\n<\/p>\n<figure class=\"wp-block-image size-large\">\n  <img decoding=\"async\" src=\"https:\/\/www.meydan.tv\/az\/qarameryem-kend-sakini-sebuhi-quliyevin-evi-2\/\" alt=\"Qaram\u0259ry\u0259m k\u0259nd sakini S\u0259buhi Quliyevin evi\" class=\"wp-image-118901\"\/><figcaption>\n    Qaram\u0259ry\u0259m k\u0259nd sakini S\u0259buhi Quliyevin evi<br \/>\n  <\/figcaption><\/figure>\n<h3>\n  \u201cSay\u011faclarda q\u0259za ba\u015f vers\u0259\u2026\u201d<br \/>\n<\/h3>\n<p>\n  Sakinl\u0259ri t\u0259\u0259cc\u00fcbl\u0259ndir\u0259n h\u0259m d\u0259 odur ki, Goycay Qaz \u0130stismar \u0130dar\u0259si podrat\u00e7\u0131 \u015firk\u0259td\u0259n i\u015fl\u0259ri el\u0259 bu \u015f\u0259kild\u0259 d\u0259 t\u0259hvil-t\u0259slim al\u0131b. G\u00fcnl\u0259r ke\u00e7dikc\u0259 etibars\u0131z dir\u0259kl\u0259r\u0259 birl\u0259\u015fdiril\u0259n qaz x\u0259tl\u0259ri \u0259trafda ya\u015fayanlar\u0131n narahat\u00e7\u0131l\u0131\u011f\u0131na s\u0259b\u0259b olub, sakinl\u0259r \u201cAz\u0259riqaz\u201d\u0131n \u201c104\u201d Qaynar x\u0259ttin\u0259 xeyli z\u0259ng vursalar da, n\u0259tic\u0259si olmay\u0131b. S\u0259buhi Quliyev s\u00f6z\u00fcn\u0259 davam edir:\n<\/p>\n<p>\n  \u201cBir ne\u00e7\u0259 ay \u0259vv\u0259l rayonun icra hakimiyy\u0259tinin ba\u015f\u00e7\u0131s\u0131 Mehdi S\u0259limzad\u0259 k\u0259ndimizd\u0259 v\u0259t\u0259nda\u015flar\u0131n q\u0259bulunu ke\u00e7irirdi. Q\u0259buldan \u0259vv\u0259l v\u0259t\u0259nda\u015flardan hans\u0131 \u015fikay\u0259tl\u0259rl\u0259 ba\u011fl\u0131 g\u0259ldikl\u0259rini s\u00f6ru\u015fub qeydiyyata al\u0131rd\u0131lar. M\u0259n d\u0259 qaz x\u0259tl\u0259riyl\u0259 ba\u011fl\u0131 \u015fikay\u0259t\u00e7i oldu\u011fumu bildirdim. H\u0259min vaxt orada qaz idar\u0259sind\u0259n n\u00fcmay\u0259nd\u0259 vard\u0131, yalvard\u0131, yaxard\u0131 ki, m\u0259s\u0259l\u0259ni ba\u015f\u00e7\u0131ya dem\u0259yim, tezlikl\u0259 \u015f\u0259xs\u0259n \u00f6z\u00fc t\u0259\u015f\u0259bb\u00fcs g\u00f6st\u0259r\u0259c\u0259k, problem h\u0259llini tapacaq. M\u0259n d\u0259 inand\u0131m v\u0259 susdum. Ancaq problem h\u0259l\u0259 d\u0259 h\u0259ll olunmay\u0131b. Say\u011fac\u0131 bizim mal t\u00f6vl\u0259sinin divar\u0131nda qura\u015fd\u0131r\u0131lan qon\u015fular da \u015fikay\u0259t\u00e7idir. M\u0259s\u0259l\u0259n, \u015e\u0259rqiyy\u0259 adl\u0131 qon\u015funun say\u011fac\u0131 bizim h\u0259y\u0259td\u0259dir v\u0259 onun eviyl\u0259 say\u011fac aras\u0131nda 130 metr m\u0259saf\u0259 var. \u00dcst\u0259lik, say\u011faclardan qazs\u0131zmas\u0131 olsa, bir partlay\u0131\u015f, yan\u011f\u0131n ba\u015f vers\u0259, m\u0259nim t\u00f6vl\u0259m heyvanlarla, ot tayalar\u0131 il\u0259 birlikd\u0259 al\u0131\u015fsa, qar\u015f\u0131s\u0131n\u0131 almaq m\u00fcmk\u00fcn olmayacaq, yan\u011f\u0131n evl\u0259r\u0259 ke\u00e7\u0259c\u0259k\u201d.\n<\/p>\n<p>\n  G\u00f6y\u00e7ay rayon Qaz \u0130dar\u0259sind\u0259n bildirilib ki, S\u0259buhi Quliyevin ya\u015fad\u0131\u011f\u0131 \u00fcnvanda qura\u015fd\u0131r\u0131lm\u0131\u015f say\u011faclara qaz x\u0259tl\u0259rin\u0259 bax\u0131\u015f ke\u00e7irilib. M\u0259lum olub ki, say\u011faclar\u0131n t\u00f6vl\u0259nin divar\u0131na vurulmas\u0131na abonentl\u0259r \u00f6zl\u0259ri raz\u0131l\u0131q veribl\u0259r. Yax\u0131n vaxtlarda h\u0259m say\u011faclar\u0131n yerl\u0259ri, h\u0259m d\u0259 dayaqlar d\u0259yi\u015fdiril\u0259c\u0259k.<\/p>\n","protected":false},"excerpt":{"rendered":"<p>\u201cTor hasarlara birl\u0259\u015fdirilmi\u015f  x\u0259tl\u0259r h\u0259r an q\u0259zaya u\u011fraya, partlay\u0131\u015fa s\u0259b\u0259b ola bil\u0259r\u201d<\/p>\n","protected":false},"author":11,"featured_media":118898,"comment_status":"closed","ping_status":"open","sticky":false,"template":"","format":"standard","meta":{"_acf_changed":false,"_sitemap_exclude":false,"_sitemap_priority":"","_sitemap_frequency":"","footnotes":""},"categories":[60],"tags":[],"class_list":["post-194225","post","type-post","status-publish","format-standard","has-post-thumbnail","hentry","category-bolge","infinite-scroll-item","generate-columns","tablet-grid-50","mobile-grid-100","grid-parent","grid-33","no-featured-image-padding"],"acf":[],"yoast_head":"<!-- This site is optimized with the Yoast SEO plugin v27.4 - https:\/\/yoast.com\/product\/yoast-seo-wordpress\/ -->\n<title>G\u00f6y\u00e7ay sakini: Qaz x\u0259tti \u00e7\u0259k\u0259nl\u0259r borular\u0131, dir\u0259kl\u0259ri m\u0259nims\u0259mi\u015fdi - MEYDAN.TV<\/title>\n<meta name=\"robots\" content=\"index, follow, max-snippet:-1, max-image-preview:large, max-video-preview:-1\" \/>\n<link rel=\"canonical\" href=\"https:\/\/www.meydan.tv\/az\/article\/goycay-sakini-qaz-xetti-cekenler-borulari-direkleri-menimsemisdi\/\" \/>\n<meta property=\"og:locale\" content=\"az_AZ\" \/>\n<meta property=\"og:type\" content=\"article\" \/>\n<meta property=\"og:title\" content=\"G\u00f6y\u00e7ay sakini: Qaz x\u0259tti \u00e7\u0259k\u0259nl\u0259r borular\u0131, dir\u0259kl\u0259ri m\u0259nims\u0259mi\u015fdi - MEYDAN.TV\" \/>\n<meta property=\"og:description\" content=\"\u201cTor hasarlara birl\u0259\u015fdirilmi\u015f x\u0259tl\u0259r h\u0259r an q\u0259zaya u\u011fraya, partlay\u0131\u015fa s\u0259b\u0259b ola bil\u0259r\u201d\" \/>\n<meta property=\"og:url\" content=\"https:\/\/www.meydan.tv\/az\/article\/goycay-sakini-qaz-xetti-cekenler-borulari-direkleri-menimsemisdi\/\" \/>\n<meta property=\"og:site_name\" content=\"MEYDAN.TV\" \/>\n<meta property=\"article:published_time\" content=\"2019-02-26T15:47:33+00:00\" \/>\n<meta property=\"og:image\" content=\"https:\/\/www.meydan.tv\/wp-content\/uploads\/image_from_ios_rxmf3vo-scaled.jpg\" \/>\n\t<meta property=\"og:image:width\" content=\"2560\" \/>\n\t<meta property=\"og:image:height\" content=\"1440\" \/>\n\t<meta property=\"og:image:type\" content=\"image\/jpeg\" \/>\n<meta name=\"author\" content=\"user-manager\" \/>\n<meta name=\"twitter:card\" content=\"summary_large_image\" \/>\n<script type=\"application\/ld+json\" class=\"yoast-schema-graph\">{\"@context\":\"https:\\\/\\\/schema.org\",\"@graph\":[{\"@type\":\"Article\",\"@id\":\"https:\\\/\\\/www.meydan.tv\\\/az\\\/article\\\/goycay-sakini-qaz-xetti-cekenler-borulari-direkleri-menimsemisdi\\\/#article\",\"isPartOf\":{\"@id\":\"https:\\\/\\\/www.meydan.tv\\\/az\\\/article\\\/goycay-sakini-qaz-xetti-cekenler-borulari-direkleri-menimsemisdi\\\/\"},\"author\":{\"name\":\"user-manager\",\"@id\":\"https:\\\/\\\/www.meydan.tv\\\/az\\\/#\\\/schema\\\/person\\\/10d11eccf6da3662cf5fdab9806ea91a\"},\"headline\":\"G\u00f6y\u00e7ay sakini: Qaz x\u0259tti \u00e7\u0259k\u0259nl\u0259r borular\u0131, dir\u0259kl\u0259ri m\u0259nims\u0259mi\u015fdi\",\"datePublished\":\"2019-02-26T15:47:33+00:00\",\"mainEntityOfPage\":{\"@id\":\"https:\\\/\\\/www.meydan.tv\\\/az\\\/article\\\/goycay-sakini-qaz-xetti-cekenler-borulari-direkleri-menimsemisdi\\\/\"},\"wordCount\":989,\"publisher\":{\"@id\":\"https:\\\/\\\/www.meydan.tv\\\/az\\\/#organization\"},\"image\":{\"@id\":\"https:\\\/\\\/www.meydan.tv\\\/az\\\/article\\\/goycay-sakini-qaz-xetti-cekenler-borulari-direkleri-menimsemisdi\\\/#primaryimage\"},\"thumbnailUrl\":\"https:\\\/\\\/www.meydan.tv\\\/wp-content\\\/uploads\\\/image_from_ios_rxmf3vo-scaled.jpg\",\"articleSection\":[\"B\u00f6lg\u0259\"],\"inLanguage\":\"az\"},{\"@type\":\"WebPage\",\"@id\":\"https:\\\/\\\/www.meydan.tv\\\/az\\\/article\\\/goycay-sakini-qaz-xetti-cekenler-borulari-direkleri-menimsemisdi\\\/\",\"url\":\"https:\\\/\\\/www.meydan.tv\\\/az\\\/article\\\/goycay-sakini-qaz-xetti-cekenler-borulari-direkleri-menimsemisdi\\\/\",\"name\":\"G\u00f6y\u00e7ay sakini: Qaz x\u0259tti \u00e7\u0259k\u0259nl\u0259r borular\u0131, dir\u0259kl\u0259ri m\u0259nims\u0259mi\u015fdi - MEYDAN.TV\",\"isPartOf\":{\"@id\":\"https:\\\/\\\/www.meydan.tv\\\/az\\\/#website\"},\"primaryImageOfPage\":{\"@id\":\"https:\\\/\\\/www.meydan.tv\\\/az\\\/article\\\/goycay-sakini-qaz-xetti-cekenler-borulari-direkleri-menimsemisdi\\\/#primaryimage\"},\"image\":{\"@id\":\"https:\\\/\\\/www.meydan.tv\\\/az\\\/article\\\/goycay-sakini-qaz-xetti-cekenler-borulari-direkleri-menimsemisdi\\\/#primaryimage\"},\"thumbnailUrl\":\"https:\\\/\\\/www.meydan.tv\\\/wp-content\\\/uploads\\\/image_from_ios_rxmf3vo-scaled.jpg\",\"datePublished\":\"2019-02-26T15:47:33+00:00\",\"breadcrumb\":{\"@id\":\"https:\\\/\\\/www.meydan.tv\\\/az\\\/article\\\/goycay-sakini-qaz-xetti-cekenler-borulari-direkleri-menimsemisdi\\\/#breadcrumb\"},\"inLanguage\":\"az\",\"potentialAction\":[{\"@type\":\"ReadAction\",\"target\":[\"https:\\\/\\\/www.meydan.tv\\\/az\\\/article\\\/goycay-sakini-qaz-xetti-cekenler-borulari-direkleri-menimsemisdi\\\/\"]}]},{\"@type\":\"ImageObject\",\"inLanguage\":\"az\",\"@id\":\"https:\\\/\\\/www.meydan.tv\\\/az\\\/article\\\/goycay-sakini-qaz-xetti-cekenler-borulari-direkleri-menimsemisdi\\\/#primaryimage\",\"url\":\"https:\\\/\\\/www.meydan.tv\\\/wp-content\\\/uploads\\\/image_from_ios_rxmf3vo-scaled.jpg\",\"contentUrl\":\"https:\\\/\\\/www.meydan.tv\\\/wp-content\\\/uploads\\\/image_from_ios_rxmf3vo-scaled.jpg\",\"width\":2560,\"height\":1440,\"caption\":\"Source: Meydan TV\"},{\"@type\":\"BreadcrumbList\",\"@id\":\"https:\\\/\\\/www.meydan.tv\\\/az\\\/article\\\/goycay-sakini-qaz-xetti-cekenler-borulari-direkleri-menimsemisdi\\\/#breadcrumb\",\"itemListElement\":[{\"@type\":\"ListItem\",\"position\":1,\"name\":\"Ana s\u0259hif\u0259\",\"item\":\"https:\\\/\\\/www.meydan.tv\\\/az\\\/\"},{\"@type\":\"ListItem\",\"position\":2,\"name\":\"B\u00f6lg\u0259\",\"item\":\"https:\\\/\\\/www.meydan.tv\\\/az\\\/section\\\/bolge\\\/\"},{\"@type\":\"ListItem\",\"position\":3,\"name\":\"G\u00f6y\u00e7ay sakini: Qaz x\u0259tti \u00e7\u0259k\u0259nl\u0259r borular\u0131, dir\u0259kl\u0259ri m\u0259nims\u0259mi\u015fdi\"}]},{\"@type\":\"WebSite\",\"@id\":\"https:\\\/\\\/www.meydan.tv\\\/az\\\/#website\",\"url\":\"https:\\\/\\\/www.meydan.tv\\\/az\\\/\",\"name\":\"MEYDAN.TV\",\"description\":\"Meydan TV Az\u0259rbaycan\u0131n media m\u0259kan\u0131ndak\u0131 alternativ s\u0259sidir\",\"publisher\":{\"@id\":\"https:\\\/\\\/www.meydan.tv\\\/az\\\/#organization\"},\"potentialAction\":[{\"@type\":\"SearchAction\",\"target\":{\"@type\":\"EntryPoint\",\"urlTemplate\":\"https:\\\/\\\/www.meydan.tv\\\/az\\\/?s={search_term_string}\"},\"query-input\":{\"@type\":\"PropertyValueSpecification\",\"valueRequired\":true,\"valueName\":\"search_term_string\"}}],\"inLanguage\":\"az\"},{\"@type\":\"Organization\",\"@id\":\"https:\\\/\\\/www.meydan.tv\\\/az\\\/#organization\",\"name\":\"Meydan TV\",\"url\":\"https:\\\/\\\/www.meydan.tv\\\/az\\\/\",\"logo\":{\"@type\":\"ImageObject\",\"inLanguage\":\"az\",\"@id\":\"https:\\\/\\\/www.meydan.tv\\\/az\\\/#\\\/schema\\\/logo\\\/image\\\/\",\"url\":\"https:\\\/\\\/www.meydan.tv\\\/wp-content\\\/uploads\\\/2021\\\/07\\\/meydan-logo.svg\",\"contentUrl\":\"https:\\\/\\\/www.meydan.tv\\\/wp-content\\\/uploads\\\/2021\\\/07\\\/meydan-logo.svg\",\"width\":195,\"height\":46,\"caption\":\"Meydan TV\"},\"image\":{\"@id\":\"https:\\\/\\\/www.meydan.tv\\\/az\\\/#\\\/schema\\\/logo\\\/image\\\/\"}},{\"@type\":\"Person\",\"@id\":\"https:\\\/\\\/www.meydan.tv\\\/az\\\/#\\\/schema\\\/person\\\/10d11eccf6da3662cf5fdab9806ea91a\",\"name\":\"user-manager\"}]}<\/script>\n<!-- \/ Yoast SEO plugin. -->","yoast_head_json":{"title":"G\u00f6y\u00e7ay sakini: Qaz x\u0259tti \u00e7\u0259k\u0259nl\u0259r borular\u0131, dir\u0259kl\u0259ri m\u0259nims\u0259mi\u015fdi - MEYDAN.TV","robots":{"index":"index","follow":"follow","max-snippet":"max-snippet:-1","max-image-preview":"max-image-preview:large","max-video-preview":"max-video-preview:-1"},"canonical":"https:\/\/www.meydan.tv\/az\/article\/goycay-sakini-qaz-xetti-cekenler-borulari-direkleri-menimsemisdi\/","og_locale":"az_AZ","og_type":"article","og_title":"G\u00f6y\u00e7ay sakini: Qaz x\u0259tti \u00e7\u0259k\u0259nl\u0259r borular\u0131, dir\u0259kl\u0259ri m\u0259nims\u0259mi\u015fdi - MEYDAN.TV","og_description":"\u201cTor hasarlara birl\u0259\u015fdirilmi\u015f x\u0259tl\u0259r h\u0259r an q\u0259zaya u\u011fraya, partlay\u0131\u015fa s\u0259b\u0259b ola bil\u0259r\u201d","og_url":"https:\/\/www.meydan.tv\/az\/article\/goycay-sakini-qaz-xetti-cekenler-borulari-direkleri-menimsemisdi\/","og_site_name":"MEYDAN.TV","article_published_time":"2019-02-26T15:47:33+00:00","og_image":[{"width":2560,"height":1440,"url":"https:\/\/www.meydan.tv\/wp-content\/uploads\/image_from_ios_rxmf3vo-scaled.jpg","type":"image\/jpeg"}],"author":"user-manager","twitter_card":"summary_large_image","schema":{"@context":"https:\/\/schema.org","@graph":[{"@type":"Article","@id":"https:\/\/www.meydan.tv\/az\/article\/goycay-sakini-qaz-xetti-cekenler-borulari-direkleri-menimsemisdi\/#article","isPartOf":{"@id":"https:\/\/www.meydan.tv\/az\/article\/goycay-sakini-qaz-xetti-cekenler-borulari-direkleri-menimsemisdi\/"},"author":{"name":"user-manager","@id":"https:\/\/www.meydan.tv\/az\/#\/schema\/person\/10d11eccf6da3662cf5fdab9806ea91a"},"headline":"G\u00f6y\u00e7ay sakini: Qaz x\u0259tti \u00e7\u0259k\u0259nl\u0259r borular\u0131, dir\u0259kl\u0259ri m\u0259nims\u0259mi\u015fdi","datePublished":"2019-02-26T15:47:33+00:00","mainEntityOfPage":{"@id":"https:\/\/www.meydan.tv\/az\/article\/goycay-sakini-qaz-xetti-cekenler-borulari-direkleri-menimsemisdi\/"},"wordCount":989,"publisher":{"@id":"https:\/\/www.meydan.tv\/az\/#organization"},"image":{"@id":"https:\/\/www.meydan.tv\/az\/article\/goycay-sakini-qaz-xetti-cekenler-borulari-direkleri-menimsemisdi\/#primaryimage"},"thumbnailUrl":"https:\/\/www.meydan.tv\/wp-content\/uploads\/image_from_ios_rxmf3vo-scaled.jpg","articleSection":["B\u00f6lg\u0259"],"inLanguage":"az"},{"@type":"WebPage","@id":"https:\/\/www.meydan.tv\/az\/article\/goycay-sakini-qaz-xetti-cekenler-borulari-direkleri-menimsemisdi\/","url":"https:\/\/www.meydan.tv\/az\/article\/goycay-sakini-qaz-xetti-cekenler-borulari-direkleri-menimsemisdi\/","name":"G\u00f6y\u00e7ay sakini: Qaz x\u0259tti \u00e7\u0259k\u0259nl\u0259r borular\u0131, dir\u0259kl\u0259ri m\u0259nims\u0259mi\u015fdi - MEYDAN.TV","isPartOf":{"@id":"https:\/\/www.meydan.tv\/az\/#website"},"primaryImageOfPage":{"@id":"https:\/\/www.meydan.tv\/az\/article\/goycay-sakini-qaz-xetti-cekenler-borulari-direkleri-menimsemisdi\/#primaryimage"},"image":{"@id":"https:\/\/www.meydan.tv\/az\/article\/goycay-sakini-qaz-xetti-cekenler-borulari-direkleri-menimsemisdi\/#primaryimage"},"thumbnailUrl":"https:\/\/www.meydan.tv\/wp-content\/uploads\/image_from_ios_rxmf3vo-scaled.jpg","datePublished":"2019-02-26T15:47:33+00:00","breadcrumb":{"@id":"https:\/\/www.meydan.tv\/az\/article\/goycay-sakini-qaz-xetti-cekenler-borulari-direkleri-menimsemisdi\/#breadcrumb"},"inLanguage":"az","potentialAction":[{"@type":"ReadAction","target":["https:\/\/www.meydan.tv\/az\/article\/goycay-sakini-qaz-xetti-cekenler-borulari-direkleri-menimsemisdi\/"]}]},{"@type":"ImageObject","inLanguage":"az","@id":"https:\/\/www.meydan.tv\/az\/article\/goycay-sakini-qaz-xetti-cekenler-borulari-direkleri-menimsemisdi\/#primaryimage","url":"https:\/\/www.meydan.tv\/wp-content\/uploads\/image_from_ios_rxmf3vo-scaled.jpg","contentUrl":"https:\/\/www.meydan.tv\/wp-content\/uploads\/image_from_ios_rxmf3vo-scaled.jpg","width":2560,"height":1440,"caption":"Source: Meydan TV"},{"@type":"BreadcrumbList","@id":"https:\/\/www.meydan.tv\/az\/article\/goycay-sakini-qaz-xetti-cekenler-borulari-direkleri-menimsemisdi\/#breadcrumb","itemListElement":[{"@type":"ListItem","position":1,"name":"Ana s\u0259hif\u0259","item":"https:\/\/www.meydan.tv\/az\/"},{"@type":"ListItem","position":2,"name":"B\u00f6lg\u0259","item":"https:\/\/www.meydan.tv\/az\/section\/bolge\/"},{"@type":"ListItem","position":3,"name":"G\u00f6y\u00e7ay sakini: Qaz x\u0259tti \u00e7\u0259k\u0259nl\u0259r borular\u0131, dir\u0259kl\u0259ri m\u0259nims\u0259mi\u015fdi"}]},{"@type":"WebSite","@id":"https:\/\/www.meydan.tv\/az\/#website","url":"https:\/\/www.meydan.tv\/az\/","name":"MEYDAN.TV","description":"Meydan TV Az\u0259rbaycan\u0131n media m\u0259kan\u0131ndak\u0131 alternativ s\u0259sidir","publisher":{"@id":"https:\/\/www.meydan.tv\/az\/#organization"},"potentialAction":[{"@type":"SearchAction","target":{"@type":"EntryPoint","urlTemplate":"https:\/\/www.meydan.tv\/az\/?s={search_term_string}"},"query-input":{"@type":"PropertyValueSpecification","valueRequired":true,"valueName":"search_term_string"}}],"inLanguage":"az"},{"@type":"Organization","@id":"https:\/\/www.meydan.tv\/az\/#organization","name":"Meydan TV","url":"https:\/\/www.meydan.tv\/az\/","logo":{"@type":"ImageObject","inLanguage":"az","@id":"https:\/\/www.meydan.tv\/az\/#\/schema\/logo\/image\/","url":"https:\/\/www.meydan.tv\/wp-content\/uploads\/2021\/07\/meydan-logo.svg","contentUrl":"https:\/\/www.meydan.tv\/wp-content\/uploads\/2021\/07\/meydan-logo.svg","width":195,"height":46,"caption":"Meydan TV"},"image":{"@id":"https:\/\/www.meydan.tv\/az\/#\/schema\/logo\/image\/"}},{"@type":"Person","@id":"https:\/\/www.meydan.tv\/az\/#\/schema\/person\/10d11eccf6da3662cf5fdab9806ea91a","name":"user-manager"}]}},"_links":{"self":[{"href":"https:\/\/www.meydan.tv\/az\/wp-json\/wp\/v2\/posts\/194225","targetHints":{"allow":["GET"]}}],"collection":[{"href":"https:\/\/www.meydan.tv\/az\/wp-json\/wp\/v2\/posts"}],"about":[{"href":"https:\/\/www.meydan.tv\/az\/wp-json\/wp\/v2\/types\/post"}],"author":[{"embeddable":true,"href":"https:\/\/www.meydan.tv\/az\/wp-json\/wp\/v2\/users\/11"}],"replies":[{"embeddable":true,"href":"https:\/\/www.meydan.tv\/az\/wp-json\/wp\/v2\/comments?post=194225"}],"version-history":[{"count":0,"href":"https:\/\/www.meydan.tv\/az\/wp-json\/wp\/v2\/posts\/194225\/revisions"}],"wp:featuredmedia":[{"embeddable":true,"href":"https:\/\/www.meydan.tv\/az\/wp-json\/wp\/v2\/media\/118898"}],"wp:attachment":[{"href":"https:\/\/www.meydan.tv\/az\/wp-json\/wp\/v2\/media?parent=194225"}],"wp:term":[{"taxonomy":"category","embeddable":true,"href":"https:\/\/www.meydan.tv\/az\/wp-json\/wp\/v2\/categories?post=194225"},{"taxonomy":"post_tag","embeddable":true,"href":"https:\/\/www.meydan.tv\/az\/wp-json\/wp\/v2\/tags?post=194225"}],"curies":[{"name":"wp","href":"https:\/\/api.w.org\/{rel}","templated":true}]}}