{"id":194212,"date":"2019-02-25T19:44:26","date_gmt":"2019-02-25T19:44:26","guid":{"rendered":"https:\/\/www.meydan.tv\/article\/mescid-temire-dayandi-sonra-heyetindeki-saheler-satilmaga-baslandi\/"},"modified":"2019-02-25T19:44:26","modified_gmt":"2019-02-25T19:44:26","slug":"mescid-temire-dayandi-sonra-heyetindeki-saheler-satilmaga-baslandi","status":"publish","type":"post","link":"https:\/\/www.meydan.tv\/az\/article\/mescid-temire-dayandi-sonra-heyetindeki-saheler-satilmaga-baslandi\/","title":{"rendered":"&#8221;M\u0259scid t\u0259mir\u0259 dayand\u0131, sonra h\u0259y\u0259tind\u0259ki sah\u0259l\u0259r sat\u0131lma\u011fa ba\u015fland\u0131&#8221;"},"content":{"rendered":"<figure class=\"wp-block-image size-large\">\n  <img decoding=\"async\" src=\"https:\/\/www.meydan.tv\/az\/118853\/\" alt=\"\" class=\"wp-image-118853\"\/><figcaption><\/figcaption><\/figure>\n<p>\n  <i><br \/>\n    Xudatl\u0131lar m\u0259scidin a\u00e7\u0131lmas\u0131n\u0131 ist\u0259yir<br \/>\n  <\/i>\n<\/p>\n<p>\n  \u201cOn s\u0259kkiz ildir ki, m\u0259scidi ba\u011flay\u0131blar. B\u0259han\u0259 g\u0259tirdil\u0259r ki, guya q\u0259zal\u0131 binad\u0131r, t\u0259mir\u0259 ba\u011flay\u0131r\u0131q. N\u0259 t\u0259mir etdil\u0259r, n\u0259 d\u0259 imkan vermirl\u0259r ki, \u00f6z v\u0259saitimiz hesab\u0131na m\u0259scidi d\u00fcz\u0259ltdir\u0259k\u201d.\n<\/p>\n<p>\n  Xudat \u015f\u0259h\u0259ri Axundov k\u00fc\u00e7\u0259sind\u0259 yerl\u0259\u015f\u0259n M\u0259rk\u0259zi C\u00fcm\u0259 M\u0259scidi 2001-ci ild\u0259n ba\u011flan\u0131b. \u015e\u0259h\u0259r sakinl\u0259rinin Meydan TV \u0259m\u0259kda\u015f\u0131na dediyin\u0259 g\u00f6r\u0259, 1995-ci ild\u0259 in\u015fa olunan m\u0259scid g\u00f6zl\u0259nilm\u0259d\u0259n ba\u011flan\u0131b.\n<\/p>\n<p>\n  \u201cBuran\u0131 i\u015fl\u0259k formada ba\u011flad\u0131lar. Biz\u0259 dedil\u0259r ki, m\u0259scidin tavan\u0131 v\u0259 d\u00f6\u015f\u0259m\u0259si s\u0131radan \u00e7\u0131x\u0131b. Divarlar\u0131nda is\u0259 iri \u00e7atlar \u0259m\u0259l\u0259 g\u0259lib. Bu s\u0259b\u0259bd\u0259n d\u0259 m\u0259scidi t\u0259mir\u0259 ba\u011flay\u0131r\u0131q. M\u0259scidin h\u0259y\u0259tind\u0259, h\u0259nd\u0259v\u0259rind\u0259 t\u0259mizlik i\u015fl\u0259ri apar\u0131r\u0131q ki, xarabaya \u00e7evrilm\u0259sin. Amma i\u00e7\u0259ri girib, namaz q\u0131la bilmirik. Ba\u011fland\u0131qan sonra is\u0259 m\u0259scidin h\u0259y\u0259tind\u0259ki torpaq sah\u0259l\u0259ri sat\u0131lma\u011fa ba\u015fland\u0131. Bura geni\u015f bir \u0259razi idi\u201d, &#8211; dey\u0259 \u015fikay\u0259t\u00e7i Yusif \u018fmirb\u0259yov bel\u0259 deyir.\n<\/p>\n<p>\n  Yerli camaat\u0131n bildirdiyin\u0259 g\u00f6r\u0259, ill\u0259rdir yarars\u0131z olan m\u0259scidin m\u00fcq\u0259dd\u0259rat\u0131yla he\u00e7 bir qurum maraqlanm\u0131r. Bu s\u0259b\u0259bd\u0259n d\u0259 yerli sakinl\u0259r qon\u015fu k\u0259ndd\u0259ki m\u0259scid\u0259 \u00fcz tuturlar. Onlar ibad\u0259t evinin tezlikl\u0259 t\u0259mir olunmas\u0131n\u0131 ist\u0259yirl\u0259r.\n<\/p>\n<figure class=\"wp-block-image size-large\">\n  <img decoding=\"async\" src=\"https:\/\/www.meydan.tv\/az\/118850\/\" alt=\"\" class=\"wp-image-118850\"\/><figcaption><\/figcaption><\/figure>\n<p>\n  Tofiq H\u00fcseynov deyir ki, m\u0259s\u0259l\u0259 il\u0259 ba\u011fl\u0131 d\u0259f\u0259l\u0259rl\u0259 Qafqaz M\u00fcs\u0259lmanlar\u0131 \u0130dar\u0259sind\u0259 (QM\u0130), Dini Qurumlarla \u0130\u015f \u00fczr\u0259 D\u00f6vl\u0259t Komit\u0259sind\u0259 (DQ\u0130DK), h\u0259m\u00e7inin Xa\u00e7maz Rayon \u0130cra Hakimiyy\u0259tind\u0259 olub.\n<\/p>\n<p>\n  \u201c2013-c\u00fc ild\u0259 H\u0259cc ziyar\u0259tind\u0259 olanda, Allah\u015f\u00fck\u00fcr Pa\u015fazad\u0259 orada idi. Ona m\u00fcraci\u0259t etdim ki, b\u0259s bel\u0259 bir \u0259hlu-s\u00fcnn\u0259 m\u0259scidimiz var, ba\u011flay\u0131blar. O da dedi ki, \u00e7al\u0131\u015far\u0131q, a\u00e7aq. 2013-c\u00fc ild\u0259n bu vaxta kimi biz yollarday\u0131q. Allah\u015f\u00fck\u00fcr Pa\u015fazad\u0259nin yan\u0131na, bir d\u0259f\u0259 d\u0259 Bak\u0131ya getdim. Qafqaz M\u00fcs\u0259lmanlar\u0131 \u0130dar\u0259sinin s\u0259dr m\u00fcavini Hac\u0131 Salmanla da g\u00f6r\u00fc\u015fd\u00fcm. Amma n\u0259tic\u0259si olmad\u0131. Ad\u0131n\u0131 qoydular ki, t\u0259mir\u0259 ehtiyac\u0131 var. M\u0259scidin guya g\u00fcnb\u0259zi d\u0259yi\u015film\u0259lidir. D\u00f6vl\u0259timiz yax\u015f\u0131d\u0131r. Sakitlik, stabillikdir. Biz ist\u0259yimiz d\u0259 budur\u201d,- Yusif \u018fmirb\u0259yov deyir:\n<\/p>\n<p>\n  \u201cBir ne\u00e7\u0259 il sonra M\u00fcbariz Qurbanl\u0131 Qubaya g\u0259lmi\u015fdi, g\u00f6r\u00fc\u015fd\u00fcm. M\u0259ni \u00e7ox yax\u015f\u0131 q\u0259bul etdi, dinl\u0259di v\u0259 ba\u015fa d\u00fc\u015fd\u00fc. Ona bildirdim ki, m\u0259scidin yaln\u0131z qap\u0131 v\u0259 p\u0259nc\u0259r\u0259si yoxdur. Dedim ki, onu da \u00f6z\u00fcm\u00fcz h\u0259ll ed\u0259rik. O, da \u201ca\u011fsaqqal, gedin, icman\u0131z\u0131 yarad\u0131n, namaz\u0131n\u0131z\u0131 q\u0131l\u0131n\u201d- dedi. Sonra da DQ\u0130DK-n\u0131n Quba b\u00f6lg\u0259si \u00fczr\u0259 \u015f\u00f6b\u0259sinin m\u00fcdiri Eynulla Nurullayev\u0259 m\u0259scidin s\u0259n\u0259dl\u0259\u015fm\u0259sin\u0259 k\u00f6m\u0259k el\u0259 ki, dini icma yaratmaq m\u00fcmk\u00fcn olsun. Eynulla m\u00fc\u0259llim d\u0259 yard\u0131m ed\u0259c\u0259yin\u0259 s\u00f6z verdi. Dini icman\u0131 yaratmaq m\u0259qs\u0259dil\u0259 \u00fc\u00e7 y\u00fcz manat x\u0259rc \u00e7\u0259kib, 50 n\u0259f\u0259ri toplay\u0131b, imza t\u0259sdiql\u0259m\u0259k \u00fc\u00e7\u00fcn apard\u0131m. T\u0259\u0259ss\u00fcf ki, m\u00fcxt\u0259lif tutars\u0131z, x\u0131rda b\u0259han\u0259l\u0259r g\u0259tirib, \u0259ng\u0259l t\u00f6r\u0259tm\u0259y\u0259 ba\u015flad\u0131lar. M\u0259cbur olub, iki d\u0259f\u0259 M\u00fcbariz Qurbanl\u0131n\u0131n q\u0259buluna getdim, lakin d\u00fc\u015f\u0259 bilm\u0259dim. M\u00fcavinl\u0259ri il\u0259 g\u00f6r\u00fc\u015fd\u00fcm, onlar da s\u00f6z verdil\u0259r ki, m\u00fcraci\u0259timi ona \u00e7atd\u0131racaqlar. Lakin yen\u0259 d\u0259 he\u00e7 bir n\u0259tic\u0259si olmad\u0131. Uzun ill\u0259rdir ki, 3 km m\u0259saf\u0259d\u0259 yerl\u0259\u015f\u0259n k\u0259ndd\u0259ki m\u0259scid\u0259 gedirik. H\u0259min m\u0259scid d\u0259 \u0259lli n\u0259f\u0259rlikdir. \u00dc\u00e7 y\u00fcz n\u0259f\u0259r namaz q\u0131l\u0131r. S\u0259cd\u0259y\u0259 ged\u0259nd\u0259 , ba\u015f\u0131m\u0131z\u0131 yer\u0259 qoya bilmirik. Olmazm\u0131 ki, namaz\u0131m\u0131z\u0131 orada deyil, burada q\u0131laq? H\u0259m yax\u0131nd\u0131r, h\u0259m geni\u015fdir. Buran\u0131n geni\u015fliyi o birisind\u0259n iki d\u0259f\u0259 b\u00f6y\u00fckd\u00fcr. \u018fslin\u0259 qalsa, buran\u0131n el\u0259 d\u0259 b\u00f6y\u00fck t\u0259mir\u0259 ehtiyac\u0131 yoxdur\u201d.\n<\/p>\n<figure class=\"wp-block-image size-large\">\n  <img decoding=\"async\" src=\"https:\/\/www.meydan.tv\/az\/yusif-emirbeyov\/\" alt=\"Yusif \u018fmirb\u0259yov\" class=\"wp-image-118849\"\/><figcaption>\n    Yusif \u018fmirb\u0259yov<br \/>\n  <\/figcaption><\/figure>\n<p>\n  Yusif \u018fmirb\u0259yovun s\u00f6zl\u0259rin\u0259 g\u00f6r\u0259, istifad\u0259siz olan m\u0259scid inyeksion narkotik istifad\u0259\u00e7il\u0259rin daimi m\u0259kan\u0131na \u00e7evrilib:\n<\/p>\n<p>\n  \u201c\u018ftraf\u0131 t\u0259mizl\u0259y\u0259nd\u0259 \u00e7oxlu sayda \u015fpris, iyn\u0259y\u0259 rast g\u0259lirik. Ba\u011fl\u0131 yerdir, narkomanlar y\u0131\u011f\u0131\u015f\u0131r, ax\u015famlar burada iyn\u0259 vururlar. M\u0259n 50 n\u0259f\u0259rd\u0259n ibar\u0259t icma yaratm\u0131\u015fam. H\u0259min adamlardan h\u0259l\u0259 hans\u0131sa bir q\u0259l\u0259t etm\u0259yib. N\u0259 Suriyaya getm\u0259yib, n\u0259 d\u0259 ki, buralarda hans\u0131sa terror yaratmay\u0131b. Bizim radikallarla i\u015fimiz yoxdur. Yegan\u0259 arzumuz var ki, m\u0259scid a\u00e7\u0131ls\u0131n. Deputatlara namiz\u0259dl\u0259r se\u00e7kil\u0259r d\u00f6vr\u00fcnd\u0259 g\u0259lirl\u0259r, h\u0259r\u0259si bir yalan dan\u0131\u015f\u0131b, v\u0259d verib, gedir. Bo\u015f v\u0259dl\u0259r verirl\u0259r, he\u00e7 n\u0259 d\u0259 etmirl\u0259r\u201d.\n<\/p>\n<figure class=\"wp-block-image size-large\">\n  <img decoding=\"async\" src=\"https:\/\/www.meydan.tv\/az\/118859\/\" alt=\"\" class=\"wp-image-118859\"\/><figcaption><\/figcaption><\/figure>\n<p>\n  DQ\u0130DK-nin Quba b\u00f6lg\u0259si \u00fczr\u0259 \u015f\u00f6b\u0259sinin m\u00fcdiri Eynulla Nurullayev Meydan TV-y\u0259 a\u00e7\u0131qlamas\u0131nda bildirdi ki, aidiyyat\u0131 qurumlar\u0131n m\u00fct\u0259x\u0259ssisl\u0259ri m\u0259scid\u0259 texniki bax\u0131\u015f ke\u00e7ir\u0259r\u0259r\u0259k, q\u0259zal\u0131 v\u0259ziyy\u0259td\u0259 olmas\u0131 q\u0259na\u0259tin\u0259 g\u0259libl\u0259r:\n<\/p>\n<p>\n  \u201cH\u0259min m\u0259scid yarars\u0131zd\u0131r, fundamenti yoxdur, Allah el\u0259m\u0259sin, u\u00e7ar, camaat alt\u0131nda qalar. Xudat\u0131n ba\u015fqa m\u0259scidi var. \u0130bad\u0259ti gedib, dig\u0259r m\u0259scidd\u0259 etsinl\u0259r. \u0130ndiy\u0259 q\u0259d\u0259r b\u0259rpa olunmamas\u0131n\u0131n s\u0259b\u0259bini Xa\u00e7maz Rayon \u0130cra Hakimiyytind\u0259n soru\u015fun. T\u0259mird\u0259n sonra m\u0259scidin f\u0259aliyy\u0259tinin b\u0259rpas\u0131 haqq\u0131nda n\u0259s\u0259 dem\u0259k olar. M\u0259scidin qeydiyyata al\u0131nmas\u0131 v\u0259 icman\u0131n yaranmas\u0131na g\u0259linc\u0259, biz\u0259 he\u00e7 bir m\u00fcraci\u0259t olunmay\u0131b. \u018flli n\u0259f\u0259rin s\u0259n\u0259dl\u0259rini y\u0131\u011f\u0131b, QM\u0130-n\u0259 m\u00fcraci\u0259t etsinl\u0259r. M\u00fcraci\u0259t olunsa idi, s\u0259n\u0259d biz\u0259 g\u0259lib, \u00e7\u0131xmal\u0131 idi. \u015eeyx bax\u0131r, sonra bizim \u00fcst\u00fcm\u00fcz\u0259 g\u00f6nd\u0259rir\u201d.\n<\/p>\n<figure class=\"wp-block-image size-large\">\n  <img decoding=\"async\" src=\"https:\/\/www.meydan.tv\/az\/118865\/\" alt=\"\" class=\"wp-image-118865\"\/><figcaption><\/figcaption><\/figure>\n<p>\n  Xa\u00e7maz Rayon \u0130H-nin ictimai-siyasi v\u0259 humanitar m\u0259s\u0259l\u0259l\u0259r \u015f\u00f6b\u0259sinin m\u00fcdir m\u00fcavini Ceyhun Musayev is\u0259 Meydan TV-nin suallar\u0131n\u0131 cavabland\u0131rmaq ist\u0259m\u0259di.\n<\/p>\n<p>\n  \u201cM\u0259scidin a\u00e7\u0131lmas\u0131 il\u0259 ba\u011fl\u0131 biz\u0259 r\u0259smi m\u00fcraci\u0259t edibl\u0259r, biz d\u0259 onlara r\u0259smi cavab yazm\u0131\u015f\u0131q. H\u0259min adamlar\u0131n \u00f6z\u00fcnd\u0259n m\u00fcraci\u0259td\u0259 n\u0259 yaz\u0131ld\u0131\u011f\u0131n\u0131 \u00f6yr\u0259n\u0259 bil\u0259rsiz. Onlar \u00f6zl\u0259ri d\u0259 cavab\u0131m\u0131zdan raz\u0131 qal\u0131blar\u201d, &#8211; dem\u0259kl\u0259 kifay\u0259tl\u0259ndi.<\/p>\n","protected":false},"excerpt":{"rendered":"<p>Xudatl\u0131lar m\u0259scidin a\u00e7\u0131lmas\u0131n\u0131 ist\u0259yir<\/p>\n","protected":false},"author":11,"featured_media":118853,"comment_status":"closed","ping_status":"open","sticky":false,"template":"","format":"standard","meta":{"_acf_changed":false,"_sitemap_exclude":false,"_sitemap_priority":"","_sitemap_frequency":"","footnotes":""},"categories":[60],"tags":[],"class_list":["post-194212","post","type-post","status-publish","format-standard","has-post-thumbnail","hentry","category-bolge","infinite-scroll-item","generate-columns","tablet-grid-50","mobile-grid-100","grid-parent","grid-33","no-featured-image-padding"],"acf":[],"yoast_head":"<!-- This site is optimized with the Yoast SEO plugin v27.4 - https:\/\/yoast.com\/product\/yoast-seo-wordpress\/ -->\n<title>&#039;&#039;M\u0259scid t\u0259mir\u0259 dayand\u0131, sonra h\u0259y\u0259tind\u0259ki sah\u0259l\u0259r sat\u0131lma\u011fa ba\u015fland\u0131&#039;&#039; - MEYDAN.TV<\/title>\n<meta name=\"robots\" content=\"index, follow, max-snippet:-1, max-image-preview:large, max-video-preview:-1\" \/>\n<link rel=\"canonical\" href=\"https:\/\/www.meydan.tv\/az\/article\/mescid-temire-dayandi-sonra-heyetindeki-saheler-satilmaga-baslandi\/\" \/>\n<meta property=\"og:locale\" content=\"az_AZ\" \/>\n<meta property=\"og:type\" content=\"article\" \/>\n<meta property=\"og:title\" content=\"&#039;&#039;M\u0259scid t\u0259mir\u0259 dayand\u0131, sonra h\u0259y\u0259tind\u0259ki sah\u0259l\u0259r sat\u0131lma\u011fa ba\u015fland\u0131&#039;&#039; - MEYDAN.TV\" \/>\n<meta property=\"og:description\" content=\"Xudatl\u0131lar m\u0259scidin a\u00e7\u0131lmas\u0131n\u0131 ist\u0259yir\" \/>\n<meta property=\"og:url\" content=\"https:\/\/www.meydan.tv\/az\/article\/mescid-temire-dayandi-sonra-heyetindeki-saheler-satilmaga-baslandi\/\" \/>\n<meta property=\"og:site_name\" content=\"MEYDAN.TV\" \/>\n<meta property=\"article:published_time\" content=\"2019-02-25T19:44:26+00:00\" \/>\n<meta property=\"og:image\" content=\"https:\/\/www.meydan.tv\/wp-content\/uploads\/47392.jpg\" \/>\n\t<meta property=\"og:image:width\" content=\"960\" \/>\n\t<meta property=\"og:image:height\" content=\"720\" \/>\n\t<meta property=\"og:image:type\" content=\"image\/jpeg\" \/>\n<meta name=\"author\" content=\"user-manager\" \/>\n<meta name=\"twitter:card\" content=\"summary_large_image\" \/>\n<script type=\"application\/ld+json\" class=\"yoast-schema-graph\">{\"@context\":\"https:\\\/\\\/schema.org\",\"@graph\":[{\"@type\":\"Article\",\"@id\":\"https:\\\/\\\/www.meydan.tv\\\/az\\\/article\\\/mescid-temire-dayandi-sonra-heyetindeki-saheler-satilmaga-baslandi\\\/#article\",\"isPartOf\":{\"@id\":\"https:\\\/\\\/www.meydan.tv\\\/az\\\/article\\\/mescid-temire-dayandi-sonra-heyetindeki-saheler-satilmaga-baslandi\\\/\"},\"author\":{\"name\":\"user-manager\",\"@id\":\"https:\\\/\\\/www.meydan.tv\\\/az\\\/#\\\/schema\\\/person\\\/10d11eccf6da3662cf5fdab9806ea91a\"},\"headline\":\"&#8221;M\u0259scid t\u0259mir\u0259 dayand\u0131, sonra h\u0259y\u0259tind\u0259ki sah\u0259l\u0259r sat\u0131lma\u011fa ba\u015fland\u0131&#8221;\",\"datePublished\":\"2019-02-25T19:44:26+00:00\",\"mainEntityOfPage\":{\"@id\":\"https:\\\/\\\/www.meydan.tv\\\/az\\\/article\\\/mescid-temire-dayandi-sonra-heyetindeki-saheler-satilmaga-baslandi\\\/\"},\"wordCount\":1166,\"publisher\":{\"@id\":\"https:\\\/\\\/www.meydan.tv\\\/az\\\/#organization\"},\"image\":{\"@id\":\"https:\\\/\\\/www.meydan.tv\\\/az\\\/article\\\/mescid-temire-dayandi-sonra-heyetindeki-saheler-satilmaga-baslandi\\\/#primaryimage\"},\"thumbnailUrl\":\"https:\\\/\\\/www.meydan.tv\\\/wp-content\\\/uploads\\\/47392.jpg\",\"articleSection\":[\"B\u00f6lg\u0259\"],\"inLanguage\":\"az\"},{\"@type\":\"WebPage\",\"@id\":\"https:\\\/\\\/www.meydan.tv\\\/az\\\/article\\\/mescid-temire-dayandi-sonra-heyetindeki-saheler-satilmaga-baslandi\\\/\",\"url\":\"https:\\\/\\\/www.meydan.tv\\\/az\\\/article\\\/mescid-temire-dayandi-sonra-heyetindeki-saheler-satilmaga-baslandi\\\/\",\"name\":\"''M\u0259scid t\u0259mir\u0259 dayand\u0131, sonra h\u0259y\u0259tind\u0259ki sah\u0259l\u0259r sat\u0131lma\u011fa ba\u015fland\u0131'' - MEYDAN.TV\",\"isPartOf\":{\"@id\":\"https:\\\/\\\/www.meydan.tv\\\/az\\\/#website\"},\"primaryImageOfPage\":{\"@id\":\"https:\\\/\\\/www.meydan.tv\\\/az\\\/article\\\/mescid-temire-dayandi-sonra-heyetindeki-saheler-satilmaga-baslandi\\\/#primaryimage\"},\"image\":{\"@id\":\"https:\\\/\\\/www.meydan.tv\\\/az\\\/article\\\/mescid-temire-dayandi-sonra-heyetindeki-saheler-satilmaga-baslandi\\\/#primaryimage\"},\"thumbnailUrl\":\"https:\\\/\\\/www.meydan.tv\\\/wp-content\\\/uploads\\\/47392.jpg\",\"datePublished\":\"2019-02-25T19:44:26+00:00\",\"breadcrumb\":{\"@id\":\"https:\\\/\\\/www.meydan.tv\\\/az\\\/article\\\/mescid-temire-dayandi-sonra-heyetindeki-saheler-satilmaga-baslandi\\\/#breadcrumb\"},\"inLanguage\":\"az\",\"potentialAction\":[{\"@type\":\"ReadAction\",\"target\":[\"https:\\\/\\\/www.meydan.tv\\\/az\\\/article\\\/mescid-temire-dayandi-sonra-heyetindeki-saheler-satilmaga-baslandi\\\/\"]}]},{\"@type\":\"ImageObject\",\"inLanguage\":\"az\",\"@id\":\"https:\\\/\\\/www.meydan.tv\\\/az\\\/article\\\/mescid-temire-dayandi-sonra-heyetindeki-saheler-satilmaga-baslandi\\\/#primaryimage\",\"url\":\"https:\\\/\\\/www.meydan.tv\\\/wp-content\\\/uploads\\\/47392.jpg\",\"contentUrl\":\"https:\\\/\\\/www.meydan.tv\\\/wp-content\\\/uploads\\\/47392.jpg\",\"width\":960,\"height\":720,\"caption\":\"Source:\"},{\"@type\":\"BreadcrumbList\",\"@id\":\"https:\\\/\\\/www.meydan.tv\\\/az\\\/article\\\/mescid-temire-dayandi-sonra-heyetindeki-saheler-satilmaga-baslandi\\\/#breadcrumb\",\"itemListElement\":[{\"@type\":\"ListItem\",\"position\":1,\"name\":\"Ana s\u0259hif\u0259\",\"item\":\"https:\\\/\\\/www.meydan.tv\\\/az\\\/\"},{\"@type\":\"ListItem\",\"position\":2,\"name\":\"B\u00f6lg\u0259\",\"item\":\"https:\\\/\\\/www.meydan.tv\\\/az\\\/section\\\/bolge\\\/\"},{\"@type\":\"ListItem\",\"position\":3,\"name\":\"&#8221;M\u0259scid t\u0259mir\u0259 dayand\u0131, sonra h\u0259y\u0259tind\u0259ki sah\u0259l\u0259r sat\u0131lma\u011fa ba\u015fland\u0131&#8221;\"}]},{\"@type\":\"WebSite\",\"@id\":\"https:\\\/\\\/www.meydan.tv\\\/az\\\/#website\",\"url\":\"https:\\\/\\\/www.meydan.tv\\\/az\\\/\",\"name\":\"MEYDAN.TV\",\"description\":\"Meydan TV Az\u0259rbaycan\u0131n media m\u0259kan\u0131ndak\u0131 alternativ s\u0259sidir\",\"publisher\":{\"@id\":\"https:\\\/\\\/www.meydan.tv\\\/az\\\/#organization\"},\"potentialAction\":[{\"@type\":\"SearchAction\",\"target\":{\"@type\":\"EntryPoint\",\"urlTemplate\":\"https:\\\/\\\/www.meydan.tv\\\/az\\\/?s={search_term_string}\"},\"query-input\":{\"@type\":\"PropertyValueSpecification\",\"valueRequired\":true,\"valueName\":\"search_term_string\"}}],\"inLanguage\":\"az\"},{\"@type\":\"Organization\",\"@id\":\"https:\\\/\\\/www.meydan.tv\\\/az\\\/#organization\",\"name\":\"Meydan TV\",\"url\":\"https:\\\/\\\/www.meydan.tv\\\/az\\\/\",\"logo\":{\"@type\":\"ImageObject\",\"inLanguage\":\"az\",\"@id\":\"https:\\\/\\\/www.meydan.tv\\\/az\\\/#\\\/schema\\\/logo\\\/image\\\/\",\"url\":\"https:\\\/\\\/www.meydan.tv\\\/wp-content\\\/uploads\\\/2021\\\/07\\\/meydan-logo.svg\",\"contentUrl\":\"https:\\\/\\\/www.meydan.tv\\\/wp-content\\\/uploads\\\/2021\\\/07\\\/meydan-logo.svg\",\"width\":195,\"height\":46,\"caption\":\"Meydan TV\"},\"image\":{\"@id\":\"https:\\\/\\\/www.meydan.tv\\\/az\\\/#\\\/schema\\\/logo\\\/image\\\/\"}},{\"@type\":\"Person\",\"@id\":\"https:\\\/\\\/www.meydan.tv\\\/az\\\/#\\\/schema\\\/person\\\/10d11eccf6da3662cf5fdab9806ea91a\",\"name\":\"user-manager\"}]}<\/script>\n<!-- \/ Yoast SEO plugin. -->","yoast_head_json":{"title":"''M\u0259scid t\u0259mir\u0259 dayand\u0131, sonra h\u0259y\u0259tind\u0259ki sah\u0259l\u0259r sat\u0131lma\u011fa ba\u015fland\u0131'' - MEYDAN.TV","robots":{"index":"index","follow":"follow","max-snippet":"max-snippet:-1","max-image-preview":"max-image-preview:large","max-video-preview":"max-video-preview:-1"},"canonical":"https:\/\/www.meydan.tv\/az\/article\/mescid-temire-dayandi-sonra-heyetindeki-saheler-satilmaga-baslandi\/","og_locale":"az_AZ","og_type":"article","og_title":"''M\u0259scid t\u0259mir\u0259 dayand\u0131, sonra h\u0259y\u0259tind\u0259ki sah\u0259l\u0259r sat\u0131lma\u011fa ba\u015fland\u0131'' - MEYDAN.TV","og_description":"Xudatl\u0131lar m\u0259scidin a\u00e7\u0131lmas\u0131n\u0131 ist\u0259yir","og_url":"https:\/\/www.meydan.tv\/az\/article\/mescid-temire-dayandi-sonra-heyetindeki-saheler-satilmaga-baslandi\/","og_site_name":"MEYDAN.TV","article_published_time":"2019-02-25T19:44:26+00:00","og_image":[{"width":960,"height":720,"url":"https:\/\/www.meydan.tv\/wp-content\/uploads\/47392.jpg","type":"image\/jpeg"}],"author":"user-manager","twitter_card":"summary_large_image","schema":{"@context":"https:\/\/schema.org","@graph":[{"@type":"Article","@id":"https:\/\/www.meydan.tv\/az\/article\/mescid-temire-dayandi-sonra-heyetindeki-saheler-satilmaga-baslandi\/#article","isPartOf":{"@id":"https:\/\/www.meydan.tv\/az\/article\/mescid-temire-dayandi-sonra-heyetindeki-saheler-satilmaga-baslandi\/"},"author":{"name":"user-manager","@id":"https:\/\/www.meydan.tv\/az\/#\/schema\/person\/10d11eccf6da3662cf5fdab9806ea91a"},"headline":"&#8221;M\u0259scid t\u0259mir\u0259 dayand\u0131, sonra h\u0259y\u0259tind\u0259ki sah\u0259l\u0259r sat\u0131lma\u011fa ba\u015fland\u0131&#8221;","datePublished":"2019-02-25T19:44:26+00:00","mainEntityOfPage":{"@id":"https:\/\/www.meydan.tv\/az\/article\/mescid-temire-dayandi-sonra-heyetindeki-saheler-satilmaga-baslandi\/"},"wordCount":1166,"publisher":{"@id":"https:\/\/www.meydan.tv\/az\/#organization"},"image":{"@id":"https:\/\/www.meydan.tv\/az\/article\/mescid-temire-dayandi-sonra-heyetindeki-saheler-satilmaga-baslandi\/#primaryimage"},"thumbnailUrl":"https:\/\/www.meydan.tv\/wp-content\/uploads\/47392.jpg","articleSection":["B\u00f6lg\u0259"],"inLanguage":"az"},{"@type":"WebPage","@id":"https:\/\/www.meydan.tv\/az\/article\/mescid-temire-dayandi-sonra-heyetindeki-saheler-satilmaga-baslandi\/","url":"https:\/\/www.meydan.tv\/az\/article\/mescid-temire-dayandi-sonra-heyetindeki-saheler-satilmaga-baslandi\/","name":"''M\u0259scid t\u0259mir\u0259 dayand\u0131, sonra h\u0259y\u0259tind\u0259ki sah\u0259l\u0259r sat\u0131lma\u011fa ba\u015fland\u0131'' - MEYDAN.TV","isPartOf":{"@id":"https:\/\/www.meydan.tv\/az\/#website"},"primaryImageOfPage":{"@id":"https:\/\/www.meydan.tv\/az\/article\/mescid-temire-dayandi-sonra-heyetindeki-saheler-satilmaga-baslandi\/#primaryimage"},"image":{"@id":"https:\/\/www.meydan.tv\/az\/article\/mescid-temire-dayandi-sonra-heyetindeki-saheler-satilmaga-baslandi\/#primaryimage"},"thumbnailUrl":"https:\/\/www.meydan.tv\/wp-content\/uploads\/47392.jpg","datePublished":"2019-02-25T19:44:26+00:00","breadcrumb":{"@id":"https:\/\/www.meydan.tv\/az\/article\/mescid-temire-dayandi-sonra-heyetindeki-saheler-satilmaga-baslandi\/#breadcrumb"},"inLanguage":"az","potentialAction":[{"@type":"ReadAction","target":["https:\/\/www.meydan.tv\/az\/article\/mescid-temire-dayandi-sonra-heyetindeki-saheler-satilmaga-baslandi\/"]}]},{"@type":"ImageObject","inLanguage":"az","@id":"https:\/\/www.meydan.tv\/az\/article\/mescid-temire-dayandi-sonra-heyetindeki-saheler-satilmaga-baslandi\/#primaryimage","url":"https:\/\/www.meydan.tv\/wp-content\/uploads\/47392.jpg","contentUrl":"https:\/\/www.meydan.tv\/wp-content\/uploads\/47392.jpg","width":960,"height":720,"caption":"Source:"},{"@type":"BreadcrumbList","@id":"https:\/\/www.meydan.tv\/az\/article\/mescid-temire-dayandi-sonra-heyetindeki-saheler-satilmaga-baslandi\/#breadcrumb","itemListElement":[{"@type":"ListItem","position":1,"name":"Ana s\u0259hif\u0259","item":"https:\/\/www.meydan.tv\/az\/"},{"@type":"ListItem","position":2,"name":"B\u00f6lg\u0259","item":"https:\/\/www.meydan.tv\/az\/section\/bolge\/"},{"@type":"ListItem","position":3,"name":"&#8221;M\u0259scid t\u0259mir\u0259 dayand\u0131, sonra h\u0259y\u0259tind\u0259ki sah\u0259l\u0259r sat\u0131lma\u011fa ba\u015fland\u0131&#8221;"}]},{"@type":"WebSite","@id":"https:\/\/www.meydan.tv\/az\/#website","url":"https:\/\/www.meydan.tv\/az\/","name":"MEYDAN.TV","description":"Meydan TV Az\u0259rbaycan\u0131n media m\u0259kan\u0131ndak\u0131 alternativ s\u0259sidir","publisher":{"@id":"https:\/\/www.meydan.tv\/az\/#organization"},"potentialAction":[{"@type":"SearchAction","target":{"@type":"EntryPoint","urlTemplate":"https:\/\/www.meydan.tv\/az\/?s={search_term_string}"},"query-input":{"@type":"PropertyValueSpecification","valueRequired":true,"valueName":"search_term_string"}}],"inLanguage":"az"},{"@type":"Organization","@id":"https:\/\/www.meydan.tv\/az\/#organization","name":"Meydan TV","url":"https:\/\/www.meydan.tv\/az\/","logo":{"@type":"ImageObject","inLanguage":"az","@id":"https:\/\/www.meydan.tv\/az\/#\/schema\/logo\/image\/","url":"https:\/\/www.meydan.tv\/wp-content\/uploads\/2021\/07\/meydan-logo.svg","contentUrl":"https:\/\/www.meydan.tv\/wp-content\/uploads\/2021\/07\/meydan-logo.svg","width":195,"height":46,"caption":"Meydan TV"},"image":{"@id":"https:\/\/www.meydan.tv\/az\/#\/schema\/logo\/image\/"}},{"@type":"Person","@id":"https:\/\/www.meydan.tv\/az\/#\/schema\/person\/10d11eccf6da3662cf5fdab9806ea91a","name":"user-manager"}]}},"_links":{"self":[{"href":"https:\/\/www.meydan.tv\/az\/wp-json\/wp\/v2\/posts\/194212","targetHints":{"allow":["GET"]}}],"collection":[{"href":"https:\/\/www.meydan.tv\/az\/wp-json\/wp\/v2\/posts"}],"about":[{"href":"https:\/\/www.meydan.tv\/az\/wp-json\/wp\/v2\/types\/post"}],"author":[{"embeddable":true,"href":"https:\/\/www.meydan.tv\/az\/wp-json\/wp\/v2\/users\/11"}],"replies":[{"embeddable":true,"href":"https:\/\/www.meydan.tv\/az\/wp-json\/wp\/v2\/comments?post=194212"}],"version-history":[{"count":0,"href":"https:\/\/www.meydan.tv\/az\/wp-json\/wp\/v2\/posts\/194212\/revisions"}],"wp:featuredmedia":[{"embeddable":true,"href":"https:\/\/www.meydan.tv\/az\/wp-json\/wp\/v2\/media\/118853"}],"wp:attachment":[{"href":"https:\/\/www.meydan.tv\/az\/wp-json\/wp\/v2\/media?parent=194212"}],"wp:term":[{"taxonomy":"category","embeddable":true,"href":"https:\/\/www.meydan.tv\/az\/wp-json\/wp\/v2\/categories?post=194212"},{"taxonomy":"post_tag","embeddable":true,"href":"https:\/\/www.meydan.tv\/az\/wp-json\/wp\/v2\/tags?post=194212"}],"curies":[{"name":"wp","href":"https:\/\/api.w.org\/{rel}","templated":true}]}}