{"id":194207,"date":"2019-02-25T18:23:19","date_gmt":"2019-02-25T18:23:19","guid":{"rendered":"https:\/\/www.meydan.tv\/article\/kockun-qaz-idaresinin-iscileri-bizi-ailelikce-dustaga-ceviribler\/"},"modified":"2019-02-25T18:23:19","modified_gmt":"2019-02-25T18:23:19","slug":"kockun-qaz-idaresinin-iscileri-bizi-ailelikce-dustaga-ceviribler","status":"publish","type":"post","link":"https:\/\/www.meydan.tv\/az\/article\/kockun-qaz-idaresinin-iscileri-bizi-ailelikce-dustaga-ceviribler\/","title":{"rendered":"K\u00f6\u00e7k\u00fcn: Qaz idar\u0259sinin i\u015f\u00e7il\u0259ri bizi ail\u0259likc\u0259 &#8221;dusta\u011fa&#8221; \u00e7eviribl\u0259r"},"content":{"rendered":"<figure class=\"wp-block-image size-large\">\n  <img decoding=\"async\" src=\"https:\/\/www.meydan.tv\/az\/sulduz-hesenov\/\" alt=\"Sulduz H\u0259s\u0259nov\" class=\"wp-image-118834\"\/><figcaption>\n    Sulduz H\u0259s\u0259nov<br \/>\n  <\/figcaption><\/figure>\n<figure class=\"wp-block-image size-large\">\n  <img decoding=\"async\" src=\"https:\/\/www.meydan.tv\/az\/sulduz-hesenov\/\" alt=\"Sulduz H\u0259s\u0259nov\" class=\"wp-image-118834\"\/><figcaption>\n    Sulduz H\u0259s\u0259nov<br \/>\n  <\/figcaption><\/figure>\n<p>\n  <i><br \/>\n    Sulduz H\u0259s\u0259nov deyir, qaz idar\u0259si l\u0259\u011fv olunmu\u015f m\u0259hk\u0259m\u0259 \u0259mrini icra etm\u0259k ist\u0259yir<br \/>\n  <\/i>\n<\/p>\n<p>\n  \u201cYerli qaz idar\u0259si bizi \u201cev dusta\u011f\u0131na\u201d \u00e7evirib. N\u0259 i\u015f\u0259 ged\u0259 bilirik, n\u0259 evd\u0259n \u00e7\u00f6l\u0259 add\u0131m ata bilirik&#8230; Biz evd\u0259n \u00e7\u0131xan kimi traktoru \u00e7\u0259kib g\u0259tirib qoyurlar evin qar\u015f\u0131s\u0131na ki, qaz x\u0259ttini k\u0259ssinl\u0259r\u201d.\n<\/p>\n<p>\n  Ming\u0259\u00e7evird\u0259 1 n\u00f6mr\u0259li Beton Zavodunun \u0259razisind\u0259 m\u0259skunla\u015fm\u0131\u015f k\u00f6\u00e7k\u00fcn Sulduz H\u0259s\u0259nov Meydan TV-y\u0259 dan\u0131\u015f\u0131r ki, T\u0259rt\u0259r Regional Qaz \u0130stismar \u0130dar\u0259si ona borc yaz\u0131b.\n<\/p>\n<blockquote><p>\n  Yand\u0131rmad\u0131\u011f\u0131m qaza g\u00f6r\u0259 borcla y\u00fckl\u0259nmi\u015f\u0259m\n<\/p><\/blockquote>\n<p>\n  K\u00f6\u00e7k\u00fcn iddia edir ki, idar\u0259nin yazd\u0131\u011f\u0131 borc qanunsuzdur:\n<\/p>\n<p>\n  \u201cYand\u0131rmad\u0131\u011f\u0131m qaza g\u00f6r\u0259 m\u0259ni borcla y\u00fckl\u0259yibl\u0259r. M\u0259hk\u0259m\u0259 \u0259mrin\u0259 \u0259sas\u0259n, 988 manat 40 q\u0259pik m\u0259nd\u0259n al\u0131n\u0131b \u201cAz\u0259riqaz\u201da verilm\u0259lidir. Ancaq h\u0259min m\u0259hk\u0259m\u0259 \u0259mri m\u0259nim v\u0259sat\u0259tim\u0259 \u0259sas\u0259n l\u0259\u011fv edilib. Sonradansa m\u0259hk\u0259m\u0259 bax\u0131\u015f\u0131 zaman\u0131 bu borc s\u00fcbut olunmad\u0131\u011f\u0131 \u00fc\u00e7\u00fcn \u00f6t\u0259n il iyunun 21-d\u0259 m\u0259hk\u0259m\u0259 q\u0259rardad\u0131na \u0259sas\u0259n, bax\u0131lmam\u0131\u015f saxland\u0131. B\u0259lli oldu ki, \u201cAz\u0259riqaz\u201d \u0130B-nin iddias\u0131 s\u00fcbuta yetirilm\u0259yib. Bu bar\u0259d\u0259 Ming\u0259\u00e7evir \u015e\u0259h\u0259r \u0130cra v\u0259 Probasiya \u015e\u00f6b\u0259sin\u0259 d\u0259 r\u0259smi m\u0259lumat verildi ki, icra dayand\u0131r\u0131ls\u0131n. Bununla bel\u0259, qaz idar\u0259si n\u0259 m\u0259hk\u0259m\u0259, n\u0259 d\u00f6vl\u0259t, n\u0259 qanun say\u0131r&#8230; H\u0259r g\u00fcn traktor, f\u0259hl\u0259 g\u00f6nd\u0259rir, qaz x\u0259ttini k\u0259sm\u0259y\u0259 \u00e7al\u0131\u015f\u0131r\u201d.\n<\/p>\n<blockquote><p>\n  \u0130cra s\u0259n\u0259din\u0259 xitam verilib\n<\/p><\/blockquote>\n<p>\n  Ming\u0259\u00e7evir \u015f\u0259h\u0259r \u0130cra v\u0259 Probasiya \u015e\u00f6b\u0259sinin r\u0259isi v\u0259zif\u0259sini icra ed\u0259n Eynur Babayev \u00f6t\u0259n ilin iyun ay\u0131nda q\u0259rar verib. Q\u0259rarda g\u00f6st\u0259rilir:\n<\/p>\n<p>\n  \u201cMing\u0259\u00e7evir \u015f\u0259h\u0259r M\u0259hk\u0259m\u0259sinin 20.11.2017-ci il tarixli icra s\u0259n\u0259din\u0259 \u0259sas\u0259n, borclu H\u0259s\u0259nov Sulduz Qara o\u011flundan 998 manat 40 q\u0259pik m\u0259bl\u0259\u011find\u0259 \u0259sas borc \u201cAz\u0259riqaz\u201da \u00f6d\u0259nilm\u0259lidir. Lakin Ming\u0259\u00e7evir \u015e\u0259h\u0259r M\u0259hk\u0259m\u0259sinin 19.04.2018-ci il tarixli q\u0259rardad\u0131na \u0259sas\u0259n, Ming\u0259\u00e7evir \u015e\u0259h\u0259r M\u0259hk\u0259m\u0259sinin 21.11.2017-ci il tarixli m\u0259hk\u0259m\u0259 \u0259mri l\u0259\u011fv edilib. (Y\u0259ni, icra s\u0259n\u0259di n\u00f6vb\u0259ti g\u00fcn el\u0259 eyni m\u0259hk\u0259m\u0259 t\u0259r\u0259find\u0259n l\u0259\u011fv olunub). Bu s\u0259b\u0259bd\u0259n d\u0259 icra s\u0259n\u0259din\u0259 xitam verilsin\u201d. \u015e\u00f6b\u0259 icra s\u0259n\u0259dinin xitam olunmas\u0131 haqq\u0131nda q\u0259rar\u0131n sur\u0259tini \u201cAz\u0259riqaz\u201da da g\u00f6nd\u0259rib.\n<\/p>\n<blockquote><p>\n  T\u0259l\u0259b etdikl\u0259ri borcu s\u00fcbut el\u0259y\u0259 bilm\u0259dil\u0259r\n<\/p><\/blockquote>\n<p>\n  Sulduz H\u0259s\u0259nov deyir, icra s\u0259n\u0259dinin xitam olunmas\u0131na s\u0259b\u0259b borcun s\u00fcbuta yetirilm\u0259m\u0259sidir:\n<\/p>\n<figure class=\"wp-block-image size-large\">\n  <img decoding=\"async\" src=\"https:\/\/www.meydan.tv\/az\/118837\/\" alt=\"\" class=\"wp-image-118837\"\/><figcaption><\/figcaption><\/figure>\n<p>\n  \u201cM\u0259hk\u0259m\u0259y\u0259 verdil\u0259r ki, y\u00fckl\u0259dikl\u0259ri pulu m\u0259nd\u0259n als\u0131nlar. M\u0259hk\u0259m\u0259 d\u0259 onlardan borcuma dair s\u00fcbut ist\u0259di, dedi, ortaya s\u0259n\u0259d, s\u00fcbur qoyun ki, bu abonent bu q\u0259d\u0259r qaz yand\u0131r\u0131b. He\u00e7 bir s\u00fcbut ortaya qoya bilm\u0259dil\u0259r. Burda \u0259vv\u0259ll\u0259r say\u011fac olmay\u0131b. 2010-cu ild\u0259n 2017-ci ilin sonunad\u0259k is\u0259 bir ne\u00e7\u0259 qon\u015fu eyni say\u011facdan istifad\u0259 edib. Say\u011fac m\u0259nim evimd\u0259n 700 metr aral\u0131da olub. Birc\u0259 manat da borcum olmay\u0131b. 2017-ci ilin dekabr\u0131nda bizim \u00fcnvana ayr\u0131ca say\u011fac qoyulub. He\u00e7 bu say\u011faca da borcum yoxdur. Qaz idar\u0259si qonlularla i\u015fl\u0259tdiyimiz say\u011facdak\u0131 b\u00fct\u00fcn borcu m\u0259nim aya\u011f\u0131ma yaz\u0131b. Baxmayaraq ki, m\u0259nim o say\u011faca borcum olmay\u0131b, h\u0259mi\u015f\u0259 \u00f6d\u0259mi\u015f\u0259m, bununla bel\u0259, qaz idar\u0259sin\u0259 t\u0259klif el\u0259dim ki, g\u0259tir o vaxt\u0131n borcunu d\u00f6rd ail\u0259 aras\u0131nda b\u00f6l\u00fc\u015fd\u00fcr, ortaq qaydada \u00f6d\u0259y\u0259k, onu da el\u0259m\u0259di\u201d.\n<\/p>\n<blockquote><p>\n  M\u0259cbur edirl\u0259r ki, adam \u00f6z\u00fcn\u00fc yand\u0131rs\u0131n\n<\/p><\/blockquote>\n<p>\n  Sulduz H\u0259s\u0259nov deyir, indi qaz idar\u0259sinin f\u0259hl\u0259l\u0259ri onun ya\u015fad\u0131\u011f\u0131 evi g\u00fcd\u00fcr:\n<\/p>\n<p>\n  \u201cO g\u00fcn evd\u0259n \u00e7\u0131xm\u0131\u015fam, el\u0259 bilibl\u0259r evd\u0259 he\u00e7 k\u0259s yoxdur, traktoru g\u0259tiribl\u0259r qap\u0131ya, bir-birl\u0259rin\u0259 deyibl\u0259r, n\u0259 q\u0259d\u0259r evd\u0259 he\u00e7 k\u0259s yoxdu, \u201cturban\u0131\u201d k\u0259s\u0259k, aradan \u00e7\u0131xaq. Yolda\u015f\u0131m p\u0259nc\u0259r\u0259d\u0259n g\u00f6r\u00fcb, \u00e7\u0131x\u0131b qovub&#8230; H\u0259r g\u00fcn d\u0259 bel\u0259 davam edir. Evd\u0259n \u00e7\u0131x\u0131rq, i\u015f\u0259 gedirik, 1-2 saatdan sonra qon\u015fular z\u0259ng vurur ki, yen\u0259 g\u0259libl\u0259r, tez \u00f6z\u00fcn\u00fcz\u00fc \u00e7atd\u0131r\u0131n. G\u00fcn\u00fcm\u00fcz-g\u00fcz\u0259ran\u0131m\u0131z bel\u0259 ke\u00e7ir. Onlar g\u0259lir, biz qovuruq. Bu, n\u0259 d\u00f6vl\u0259t-v\u0259t\u0259nda\u015f m\u00fcnasib\u0259tidir, v\u0259t\u0259nda\u015f\u0131 niy\u0259 o d\u0259r\u0259c\u0259y\u0259 g\u0259tirib \u00e7\u0131xar\u0131rlar ki, od vurub \u00f6z\u00fcn\u00fc yand\u0131rs\u0131n? Bizim \u0259s\u0259bl\u0259rimiz, \u00fcr\u0259yimiz d\u0259mird\u0259n deyil, biz d\u0259 insan\u0131q. Kor-kor, g\u00f6r-g\u00f6r, icraya xitam verilib, xitam verilmi\u015f s\u0259n\u0259di nec\u0259 icra etm\u0259k olar?\u201d\n<\/p>\n<p>\n  H\u00fcquq\u015f\u00fcnas Vaqif Al\u0131yev deyir, qanun l\u0259\u011fv olunmu\u015f icra s\u0259n\u0259dinin icra olunmas\u0131na yol vermir. \u018fg\u0259r bel\u0259 bir hal varsa, abonent m\u0259hk\u0259m\u0259y\u0259 m\u00fcraci\u0259t etm\u0259lidir.\n<\/p>\n<p>\n  T\u0259rt\u0259r Regional Qaz \u0130stismar \u0130dar\u0259sind\u0259n is\u0259 bildirilib ki, Sulduz H\u0259s\u0259nov m\u0259hk\u0259m\u0259y\u0259 m\u00fcraci\u0259t edib, mart\u0131n 11-d\u0259 onun idar\u0259y\u0259 qar\u015f\u0131 iddias\u0131na bax\u0131lacaq. Son q\u0259rar\u0131 m\u0259hk\u0259m\u0259 ver\u0259c\u0259k. Bu s\u0259b\u0259bd\u0259n d\u0259 idar\u0259 m\u0259s\u0259l\u0259y\u0259 m\u00fcnasib\u0259t bildir\u0259 bilm\u0259z.<\/p>\n","protected":false},"excerpt":{"rendered":"<p>Sulduz H\u0259s\u0259nov deyir, qaz idar\u0259si l\u0259\u011fv olunmu\u015f m\u0259hk\u0259m\u0259 \u0259mrini icra etm\u0259k ist\u0259yir<\/p>\n","protected":false},"author":11,"featured_media":118834,"comment_status":"closed","ping_status":"open","sticky":false,"template":"","format":"standard","meta":{"_acf_changed":false,"_sitemap_exclude":false,"_sitemap_priority":"","_sitemap_frequency":"","footnotes":""},"categories":[60],"tags":[],"class_list":["post-194207","post","type-post","status-publish","format-standard","has-post-thumbnail","hentry","category-bolge","infinite-scroll-item","generate-columns","tablet-grid-50","mobile-grid-100","grid-parent","grid-33","no-featured-image-padding"],"acf":[],"yoast_head":"<!-- This site is optimized with the Yoast SEO plugin v27.4 - https:\/\/yoast.com\/product\/yoast-seo-wordpress\/ -->\n<title>K\u00f6\u00e7k\u00fcn: Qaz idar\u0259sinin i\u015f\u00e7il\u0259ri bizi ail\u0259likc\u0259 &#039;&#039;dusta\u011fa&#039;&#039; \u00e7eviribl\u0259r - MEYDAN.TV<\/title>\n<meta name=\"robots\" content=\"index, follow, max-snippet:-1, max-image-preview:large, max-video-preview:-1\" \/>\n<link rel=\"canonical\" href=\"https:\/\/www.meydan.tv\/az\/article\/kockun-qaz-idaresinin-iscileri-bizi-ailelikce-dustaga-ceviribler\/\" \/>\n<meta property=\"og:locale\" content=\"az_AZ\" \/>\n<meta property=\"og:type\" content=\"article\" \/>\n<meta property=\"og:title\" content=\"K\u00f6\u00e7k\u00fcn: Qaz idar\u0259sinin i\u015f\u00e7il\u0259ri bizi ail\u0259likc\u0259 &#039;&#039;dusta\u011fa&#039;&#039; \u00e7eviribl\u0259r - MEYDAN.TV\" \/>\n<meta property=\"og:description\" content=\"Sulduz H\u0259s\u0259nov deyir, qaz idar\u0259si l\u0259\u011fv olunmu\u015f m\u0259hk\u0259m\u0259 \u0259mrini icra etm\u0259k ist\u0259yir\" \/>\n<meta property=\"og:url\" content=\"https:\/\/www.meydan.tv\/az\/article\/kockun-qaz-idaresinin-iscileri-bizi-ailelikce-dustaga-ceviribler\/\" \/>\n<meta property=\"og:site_name\" content=\"MEYDAN.TV\" \/>\n<meta property=\"article:published_time\" content=\"2019-02-25T18:23:19+00:00\" \/>\n<meta property=\"og:image\" content=\"https:\/\/www.meydan.tv\/wp-content\/uploads\/47387.jpg\" \/>\n\t<meta property=\"og:image:width\" content=\"500\" \/>\n\t<meta property=\"og:image:height\" content=\"314\" \/>\n\t<meta property=\"og:image:type\" content=\"image\/jpeg\" \/>\n<meta name=\"author\" content=\"user-manager\" \/>\n<meta name=\"twitter:card\" content=\"summary_large_image\" \/>\n<script type=\"application\/ld+json\" class=\"yoast-schema-graph\">{\"@context\":\"https:\\\/\\\/schema.org\",\"@graph\":[{\"@type\":\"Article\",\"@id\":\"https:\\\/\\\/www.meydan.tv\\\/az\\\/article\\\/kockun-qaz-idaresinin-iscileri-bizi-ailelikce-dustaga-ceviribler\\\/#article\",\"isPartOf\":{\"@id\":\"https:\\\/\\\/www.meydan.tv\\\/az\\\/article\\\/kockun-qaz-idaresinin-iscileri-bizi-ailelikce-dustaga-ceviribler\\\/\"},\"author\":{\"name\":\"user-manager\",\"@id\":\"https:\\\/\\\/www.meydan.tv\\\/az\\\/#\\\/schema\\\/person\\\/10d11eccf6da3662cf5fdab9806ea91a\"},\"headline\":\"K\u00f6\u00e7k\u00fcn: Qaz idar\u0259sinin i\u015f\u00e7il\u0259ri bizi ail\u0259likc\u0259 &#8221;dusta\u011fa&#8221; \u00e7eviribl\u0259r\",\"datePublished\":\"2019-02-25T18:23:19+00:00\",\"mainEntityOfPage\":{\"@id\":\"https:\\\/\\\/www.meydan.tv\\\/az\\\/article\\\/kockun-qaz-idaresinin-iscileri-bizi-ailelikce-dustaga-ceviribler\\\/\"},\"wordCount\":972,\"publisher\":{\"@id\":\"https:\\\/\\\/www.meydan.tv\\\/az\\\/#organization\"},\"image\":{\"@id\":\"https:\\\/\\\/www.meydan.tv\\\/az\\\/article\\\/kockun-qaz-idaresinin-iscileri-bizi-ailelikce-dustaga-ceviribler\\\/#primaryimage\"},\"thumbnailUrl\":\"https:\\\/\\\/www.meydan.tv\\\/wp-content\\\/uploads\\\/47387.jpg\",\"articleSection\":[\"B\u00f6lg\u0259\"],\"inLanguage\":\"az\"},{\"@type\":\"WebPage\",\"@id\":\"https:\\\/\\\/www.meydan.tv\\\/az\\\/article\\\/kockun-qaz-idaresinin-iscileri-bizi-ailelikce-dustaga-ceviribler\\\/\",\"url\":\"https:\\\/\\\/www.meydan.tv\\\/az\\\/article\\\/kockun-qaz-idaresinin-iscileri-bizi-ailelikce-dustaga-ceviribler\\\/\",\"name\":\"K\u00f6\u00e7k\u00fcn: Qaz idar\u0259sinin i\u015f\u00e7il\u0259ri bizi ail\u0259likc\u0259 ''dusta\u011fa'' \u00e7eviribl\u0259r - MEYDAN.TV\",\"isPartOf\":{\"@id\":\"https:\\\/\\\/www.meydan.tv\\\/az\\\/#website\"},\"primaryImageOfPage\":{\"@id\":\"https:\\\/\\\/www.meydan.tv\\\/az\\\/article\\\/kockun-qaz-idaresinin-iscileri-bizi-ailelikce-dustaga-ceviribler\\\/#primaryimage\"},\"image\":{\"@id\":\"https:\\\/\\\/www.meydan.tv\\\/az\\\/article\\\/kockun-qaz-idaresinin-iscileri-bizi-ailelikce-dustaga-ceviribler\\\/#primaryimage\"},\"thumbnailUrl\":\"https:\\\/\\\/www.meydan.tv\\\/wp-content\\\/uploads\\\/47387.jpg\",\"datePublished\":\"2019-02-25T18:23:19+00:00\",\"breadcrumb\":{\"@id\":\"https:\\\/\\\/www.meydan.tv\\\/az\\\/article\\\/kockun-qaz-idaresinin-iscileri-bizi-ailelikce-dustaga-ceviribler\\\/#breadcrumb\"},\"inLanguage\":\"az\",\"potentialAction\":[{\"@type\":\"ReadAction\",\"target\":[\"https:\\\/\\\/www.meydan.tv\\\/az\\\/article\\\/kockun-qaz-idaresinin-iscileri-bizi-ailelikce-dustaga-ceviribler\\\/\"]}]},{\"@type\":\"ImageObject\",\"inLanguage\":\"az\",\"@id\":\"https:\\\/\\\/www.meydan.tv\\\/az\\\/article\\\/kockun-qaz-idaresinin-iscileri-bizi-ailelikce-dustaga-ceviribler\\\/#primaryimage\",\"url\":\"https:\\\/\\\/www.meydan.tv\\\/wp-content\\\/uploads\\\/47387.jpg\",\"contentUrl\":\"https:\\\/\\\/www.meydan.tv\\\/wp-content\\\/uploads\\\/47387.jpg\",\"width\":500,\"height\":314,\"caption\":\"Source:\"},{\"@type\":\"BreadcrumbList\",\"@id\":\"https:\\\/\\\/www.meydan.tv\\\/az\\\/article\\\/kockun-qaz-idaresinin-iscileri-bizi-ailelikce-dustaga-ceviribler\\\/#breadcrumb\",\"itemListElement\":[{\"@type\":\"ListItem\",\"position\":1,\"name\":\"Ana s\u0259hif\u0259\",\"item\":\"https:\\\/\\\/www.meydan.tv\\\/az\\\/\"},{\"@type\":\"ListItem\",\"position\":2,\"name\":\"B\u00f6lg\u0259\",\"item\":\"https:\\\/\\\/www.meydan.tv\\\/az\\\/section\\\/bolge\\\/\"},{\"@type\":\"ListItem\",\"position\":3,\"name\":\"K\u00f6\u00e7k\u00fcn: Qaz idar\u0259sinin i\u015f\u00e7il\u0259ri bizi ail\u0259likc\u0259 &#8221;dusta\u011fa&#8221; \u00e7eviribl\u0259r\"}]},{\"@type\":\"WebSite\",\"@id\":\"https:\\\/\\\/www.meydan.tv\\\/az\\\/#website\",\"url\":\"https:\\\/\\\/www.meydan.tv\\\/az\\\/\",\"name\":\"MEYDAN.TV\",\"description\":\"Meydan TV Az\u0259rbaycan\u0131n media m\u0259kan\u0131ndak\u0131 alternativ s\u0259sidir\",\"publisher\":{\"@id\":\"https:\\\/\\\/www.meydan.tv\\\/az\\\/#organization\"},\"potentialAction\":[{\"@type\":\"SearchAction\",\"target\":{\"@type\":\"EntryPoint\",\"urlTemplate\":\"https:\\\/\\\/www.meydan.tv\\\/az\\\/?s={search_term_string}\"},\"query-input\":{\"@type\":\"PropertyValueSpecification\",\"valueRequired\":true,\"valueName\":\"search_term_string\"}}],\"inLanguage\":\"az\"},{\"@type\":\"Organization\",\"@id\":\"https:\\\/\\\/www.meydan.tv\\\/az\\\/#organization\",\"name\":\"Meydan TV\",\"url\":\"https:\\\/\\\/www.meydan.tv\\\/az\\\/\",\"logo\":{\"@type\":\"ImageObject\",\"inLanguage\":\"az\",\"@id\":\"https:\\\/\\\/www.meydan.tv\\\/az\\\/#\\\/schema\\\/logo\\\/image\\\/\",\"url\":\"https:\\\/\\\/www.meydan.tv\\\/wp-content\\\/uploads\\\/2021\\\/07\\\/meydan-logo.svg\",\"contentUrl\":\"https:\\\/\\\/www.meydan.tv\\\/wp-content\\\/uploads\\\/2021\\\/07\\\/meydan-logo.svg\",\"width\":195,\"height\":46,\"caption\":\"Meydan TV\"},\"image\":{\"@id\":\"https:\\\/\\\/www.meydan.tv\\\/az\\\/#\\\/schema\\\/logo\\\/image\\\/\"}},{\"@type\":\"Person\",\"@id\":\"https:\\\/\\\/www.meydan.tv\\\/az\\\/#\\\/schema\\\/person\\\/10d11eccf6da3662cf5fdab9806ea91a\",\"name\":\"user-manager\"}]}<\/script>\n<!-- \/ Yoast SEO plugin. -->","yoast_head_json":{"title":"K\u00f6\u00e7k\u00fcn: Qaz idar\u0259sinin i\u015f\u00e7il\u0259ri bizi ail\u0259likc\u0259 ''dusta\u011fa'' \u00e7eviribl\u0259r - MEYDAN.TV","robots":{"index":"index","follow":"follow","max-snippet":"max-snippet:-1","max-image-preview":"max-image-preview:large","max-video-preview":"max-video-preview:-1"},"canonical":"https:\/\/www.meydan.tv\/az\/article\/kockun-qaz-idaresinin-iscileri-bizi-ailelikce-dustaga-ceviribler\/","og_locale":"az_AZ","og_type":"article","og_title":"K\u00f6\u00e7k\u00fcn: Qaz idar\u0259sinin i\u015f\u00e7il\u0259ri bizi ail\u0259likc\u0259 ''dusta\u011fa'' \u00e7eviribl\u0259r - MEYDAN.TV","og_description":"Sulduz H\u0259s\u0259nov deyir, qaz idar\u0259si l\u0259\u011fv olunmu\u015f m\u0259hk\u0259m\u0259 \u0259mrini icra etm\u0259k ist\u0259yir","og_url":"https:\/\/www.meydan.tv\/az\/article\/kockun-qaz-idaresinin-iscileri-bizi-ailelikce-dustaga-ceviribler\/","og_site_name":"MEYDAN.TV","article_published_time":"2019-02-25T18:23:19+00:00","og_image":[{"width":500,"height":314,"url":"https:\/\/www.meydan.tv\/wp-content\/uploads\/47387.jpg","type":"image\/jpeg"}],"author":"user-manager","twitter_card":"summary_large_image","schema":{"@context":"https:\/\/schema.org","@graph":[{"@type":"Article","@id":"https:\/\/www.meydan.tv\/az\/article\/kockun-qaz-idaresinin-iscileri-bizi-ailelikce-dustaga-ceviribler\/#article","isPartOf":{"@id":"https:\/\/www.meydan.tv\/az\/article\/kockun-qaz-idaresinin-iscileri-bizi-ailelikce-dustaga-ceviribler\/"},"author":{"name":"user-manager","@id":"https:\/\/www.meydan.tv\/az\/#\/schema\/person\/10d11eccf6da3662cf5fdab9806ea91a"},"headline":"K\u00f6\u00e7k\u00fcn: Qaz idar\u0259sinin i\u015f\u00e7il\u0259ri bizi ail\u0259likc\u0259 &#8221;dusta\u011fa&#8221; \u00e7eviribl\u0259r","datePublished":"2019-02-25T18:23:19+00:00","mainEntityOfPage":{"@id":"https:\/\/www.meydan.tv\/az\/article\/kockun-qaz-idaresinin-iscileri-bizi-ailelikce-dustaga-ceviribler\/"},"wordCount":972,"publisher":{"@id":"https:\/\/www.meydan.tv\/az\/#organization"},"image":{"@id":"https:\/\/www.meydan.tv\/az\/article\/kockun-qaz-idaresinin-iscileri-bizi-ailelikce-dustaga-ceviribler\/#primaryimage"},"thumbnailUrl":"https:\/\/www.meydan.tv\/wp-content\/uploads\/47387.jpg","articleSection":["B\u00f6lg\u0259"],"inLanguage":"az"},{"@type":"WebPage","@id":"https:\/\/www.meydan.tv\/az\/article\/kockun-qaz-idaresinin-iscileri-bizi-ailelikce-dustaga-ceviribler\/","url":"https:\/\/www.meydan.tv\/az\/article\/kockun-qaz-idaresinin-iscileri-bizi-ailelikce-dustaga-ceviribler\/","name":"K\u00f6\u00e7k\u00fcn: Qaz idar\u0259sinin i\u015f\u00e7il\u0259ri bizi ail\u0259likc\u0259 ''dusta\u011fa'' \u00e7eviribl\u0259r - MEYDAN.TV","isPartOf":{"@id":"https:\/\/www.meydan.tv\/az\/#website"},"primaryImageOfPage":{"@id":"https:\/\/www.meydan.tv\/az\/article\/kockun-qaz-idaresinin-iscileri-bizi-ailelikce-dustaga-ceviribler\/#primaryimage"},"image":{"@id":"https:\/\/www.meydan.tv\/az\/article\/kockun-qaz-idaresinin-iscileri-bizi-ailelikce-dustaga-ceviribler\/#primaryimage"},"thumbnailUrl":"https:\/\/www.meydan.tv\/wp-content\/uploads\/47387.jpg","datePublished":"2019-02-25T18:23:19+00:00","breadcrumb":{"@id":"https:\/\/www.meydan.tv\/az\/article\/kockun-qaz-idaresinin-iscileri-bizi-ailelikce-dustaga-ceviribler\/#breadcrumb"},"inLanguage":"az","potentialAction":[{"@type":"ReadAction","target":["https:\/\/www.meydan.tv\/az\/article\/kockun-qaz-idaresinin-iscileri-bizi-ailelikce-dustaga-ceviribler\/"]}]},{"@type":"ImageObject","inLanguage":"az","@id":"https:\/\/www.meydan.tv\/az\/article\/kockun-qaz-idaresinin-iscileri-bizi-ailelikce-dustaga-ceviribler\/#primaryimage","url":"https:\/\/www.meydan.tv\/wp-content\/uploads\/47387.jpg","contentUrl":"https:\/\/www.meydan.tv\/wp-content\/uploads\/47387.jpg","width":500,"height":314,"caption":"Source:"},{"@type":"BreadcrumbList","@id":"https:\/\/www.meydan.tv\/az\/article\/kockun-qaz-idaresinin-iscileri-bizi-ailelikce-dustaga-ceviribler\/#breadcrumb","itemListElement":[{"@type":"ListItem","position":1,"name":"Ana s\u0259hif\u0259","item":"https:\/\/www.meydan.tv\/az\/"},{"@type":"ListItem","position":2,"name":"B\u00f6lg\u0259","item":"https:\/\/www.meydan.tv\/az\/section\/bolge\/"},{"@type":"ListItem","position":3,"name":"K\u00f6\u00e7k\u00fcn: Qaz idar\u0259sinin i\u015f\u00e7il\u0259ri bizi ail\u0259likc\u0259 &#8221;dusta\u011fa&#8221; \u00e7eviribl\u0259r"}]},{"@type":"WebSite","@id":"https:\/\/www.meydan.tv\/az\/#website","url":"https:\/\/www.meydan.tv\/az\/","name":"MEYDAN.TV","description":"Meydan TV Az\u0259rbaycan\u0131n media m\u0259kan\u0131ndak\u0131 alternativ s\u0259sidir","publisher":{"@id":"https:\/\/www.meydan.tv\/az\/#organization"},"potentialAction":[{"@type":"SearchAction","target":{"@type":"EntryPoint","urlTemplate":"https:\/\/www.meydan.tv\/az\/?s={search_term_string}"},"query-input":{"@type":"PropertyValueSpecification","valueRequired":true,"valueName":"search_term_string"}}],"inLanguage":"az"},{"@type":"Organization","@id":"https:\/\/www.meydan.tv\/az\/#organization","name":"Meydan TV","url":"https:\/\/www.meydan.tv\/az\/","logo":{"@type":"ImageObject","inLanguage":"az","@id":"https:\/\/www.meydan.tv\/az\/#\/schema\/logo\/image\/","url":"https:\/\/www.meydan.tv\/wp-content\/uploads\/2021\/07\/meydan-logo.svg","contentUrl":"https:\/\/www.meydan.tv\/wp-content\/uploads\/2021\/07\/meydan-logo.svg","width":195,"height":46,"caption":"Meydan TV"},"image":{"@id":"https:\/\/www.meydan.tv\/az\/#\/schema\/logo\/image\/"}},{"@type":"Person","@id":"https:\/\/www.meydan.tv\/az\/#\/schema\/person\/10d11eccf6da3662cf5fdab9806ea91a","name":"user-manager"}]}},"_links":{"self":[{"href":"https:\/\/www.meydan.tv\/az\/wp-json\/wp\/v2\/posts\/194207","targetHints":{"allow":["GET"]}}],"collection":[{"href":"https:\/\/www.meydan.tv\/az\/wp-json\/wp\/v2\/posts"}],"about":[{"href":"https:\/\/www.meydan.tv\/az\/wp-json\/wp\/v2\/types\/post"}],"author":[{"embeddable":true,"href":"https:\/\/www.meydan.tv\/az\/wp-json\/wp\/v2\/users\/11"}],"replies":[{"embeddable":true,"href":"https:\/\/www.meydan.tv\/az\/wp-json\/wp\/v2\/comments?post=194207"}],"version-history":[{"count":0,"href":"https:\/\/www.meydan.tv\/az\/wp-json\/wp\/v2\/posts\/194207\/revisions"}],"wp:featuredmedia":[{"embeddable":true,"href":"https:\/\/www.meydan.tv\/az\/wp-json\/wp\/v2\/media\/118834"}],"wp:attachment":[{"href":"https:\/\/www.meydan.tv\/az\/wp-json\/wp\/v2\/media?parent=194207"}],"wp:term":[{"taxonomy":"category","embeddable":true,"href":"https:\/\/www.meydan.tv\/az\/wp-json\/wp\/v2\/categories?post=194207"},{"taxonomy":"post_tag","embeddable":true,"href":"https:\/\/www.meydan.tv\/az\/wp-json\/wp\/v2\/tags?post=194207"}],"curies":[{"name":"wp","href":"https:\/\/api.w.org\/{rel}","templated":true}]}}