{"id":194192,"date":"2019-02-25T11:43:16","date_gmt":"2019-02-25T11:43:16","guid":{"rendered":"https:\/\/www.meydan.tv\/article\/nevelerim-gelir-ki-nene-quru-corek-ver-yeyek\/"},"modified":"2019-02-25T11:43:16","modified_gmt":"2019-02-25T11:43:16","slug":"nevelerim-gelir-ki-nene-quru-corek-ver-yeyek","status":"publish","type":"post","link":"https:\/\/www.meydan.tv\/az\/article\/nevelerim-gelir-ki-nene-quru-corek-ver-yeyek\/","title":{"rendered":"&#8221;N\u0259v\u0259l\u0259rim g\u0259lir ki, n\u0259n\u0259, quru \u00e7\u00f6r\u0259k ver, yey\u0259k&#8221;"},"content":{"rendered":"<figure class=\"wp-block-image size-large\">\n  <img decoding=\"async\" src=\"https:\/\/www.meydan.tv\/az\/118717\/\" alt=\"\" class=\"wp-image-118717\"\/><figcaption><\/figcaption><\/figure>\n<p>\n  <i><br \/>\n    Yenik\u0259ndd\u0259 iki ail\u0259 ac\u0131ndan \u00f6l\u00fcr&#8230;<br \/>\n  <\/i>\n<\/p>\n<p>\n  Yenik\u0259ndd\u0259 &#8211; Siy\u0259z\u0259nin \u0259halisin\u0259 g\u00f6r\u0259 \u0259n b\u00f6y\u00fck k\u0259ndind\u0259 onlar\u0131n evini biz\u0259 ham\u0131dan \u0259vv\u0259l ni\u015fan verirl\u0259r. D\u0259miryolu relsl\u0259rinin lap k\u0259nar\u0131nda, \u00fcz-g\u00f6z\u00fcnd\u0259n nimda\u015fl\u0131q ya\u011fan yana\u015f\u0131 iki daxma&#8230; H\u0259r ikisind\u0259 C\u0131\u011f\u0259liyevl\u0259r ya\u015fay\u0131r. \u018fslind\u0259, ya\u015famaq u\u011frunda m\u00fcbariz\u0259 apar\u0131rlar.\n<\/p>\n<p>\n  <b><br \/>\n    <i><br \/>\n      He\u00e7 bir s\u0259n\u0259di olmayan ail\u0259<br \/>\n    <\/i><br \/>\n  <\/b>\n<\/p>\n<p>\n  Bizi ail\u0259nin b\u00f6y\u00fckl\u0259rind\u0259n Sevil xan\u0131m qar\u015f\u0131lay\u0131r. Bir az sonra h\u0259yat yolda\u015f\u0131 Ki\u00e7ika\u011fa da g\u0259lib \u00e7\u0131x\u0131r. \u00d6yr\u0259nirik ki, \u00fc\u00e7 \u00f6vladlar\u0131ndan ikisi onlarla birlikd\u0259 ya\u015fay\u0131r. Ail\u0259nin yegan\u0259 q\u0131z\u0131 G\u00fcnel h\u0259yat yolda\u015f\u0131ndan ayr\u0131l\u0131b, o\u011flu Tunarla valideynl\u0259rin\u0259 s\u0131\u011f\u0131n\u0131b. Q\u0131z\u0131 Aysun \u00f6z atas\u0131yla G\u00f6y\u00e7aydad\u0131r.\n<\/p>\n<p>\n  G\u00fcnel dan\u0131\u015f\u0131r ki, n\u0259 \u00f6z\u00fcn\u00fcn \u015f\u0259xsiyy\u0259ti t\u0259sdiq ed\u0259n s\u0259n\u0259di var, n\u0259 d\u0259 u\u015faqlar\u0131n\u0131n. Onun do\u011fum haqq\u0131nda \u015f\u0259had\u0259tnam\u0259si doqquz il \u0259vv\u0259l &#8211; h\u0259yat yolda\u015f\u0131 il\u0259 nikah ba\u011flayark\u0259n itib. Buna g\u00f6r\u0259 evd\u0259 he\u00e7 birinin s\u0259n\u0259di yoxdur:\n<\/p>\n<p>\n  \u201cH\u0259yat yolda\u015f\u0131m h\u0259bsxanadan \u00e7\u0131xm\u0131\u015fd\u0131. Qan d\u00fc\u015fm\u0259n\u00e7iliyi oldu\u011funa g\u00f6r\u0259 h\u0259bsd\u0259n sonra valideynl\u0259rinin yan\u0131na qay\u0131tmam\u0131\u015fd\u0131, bizim qon\u015fu k\u0259nd olan Kolan\u0131da \u00e7oban i\u015fl\u0259yirdi. Bir m\u00fcdd\u0259t orada ya\u015fad\u0131q. Sonra al\u0131nmad\u0131. Ayr\u0131landan iki ay sonra o\u011flum d\u00fcnyaya g\u0259ldi. U\u015faqlar\u0131n h\u0259r ikisi m\u0259nd\u0259ydi. Aldatd\u0131lar ki, n\u0259n\u0259si q\u0131z\u0131m\u0131 g\u00f6rm\u0259k ist\u0259yir. Al\u0131b apard\u0131lar, qaytarmad\u0131lar. Atam bir d\u0259f\u0259 borc el\u0259yib arxas\u0131nca getmi\u015fdi, verm\u0259mi\u015fdil\u0259r. \u0130ndi s\u0259kkiz ya\u015f\u0131 var. S\u0259n\u0259di olmad\u0131\u011f\u0131ndan m\u0259kt\u0259b\u0259 d\u0259 getmir. Telefonla dan\u0131\u015f\u0131r\u0131q, a\u011flay\u0131r. El\u0259-hey deyir, ana, g\u0259l m\u0259ni apar&#8230;\u201d\n<\/p>\n<figure class=\"wp-block-image size-large\">\n  <img decoding=\"async\" src=\"https:\/\/www.meydan.tv\/az\/118720\/\" alt=\"\" class=\"wp-image-118720\"\/><figcaption><\/figcaption><\/figure>\n<p>\n  Sevil xan\u0131m deyir ki, s\u0259n\u0259dl\u0259ri imkans\u0131zl\u0131qdan b\u0259rpa ed\u0259 bilmirl\u0259r:\n<\/p>\n<p>\n  \u201cB\u0259lk\u0259 d\u0259, 50 manat vers\u0259m, d\u00fcz\u0259ld\u0259rl\u0259r\u201d.\n<\/p>\n<blockquote><p>\n  Yad\u0131ma g\u0259lmir, ax\u0131r\u0131nc\u0131 d\u0259f\u0259 ev\u0259 n\u0259 vaxt \u0259t alm\u0131\u015fam\n<\/p><\/blockquote>\n<p>\n  Ki\u00e7ika\u011fa d\u0259miryolu idar\u0259sind\u0259 f\u0259hl\u0259 i\u015fl\u0259yir. Dediyin\u0259 g\u00f6r\u0259, m\u0259vacibi kommunal x\u0259rcl\u0259ri \u00f6d\u0259m\u0259y\u0259 g\u00fccl\u0259 \u00e7at\u0131r:\n<\/p>\n<p>\n  \u201cBu ay 88 manat qazpulu vermi\u015fik. Qaz yand\u0131rmayanda n\u0259v\u0259m g\u0259lib deyir ki, baba, soyuqdan \u00f6l\u00fcr\u0259m. \u00c7ox pis v\u0259ziyy\u0259td\u0259 ya\u015fay\u0131r\u0131q. Yad\u0131ma g\u0259lmir, ax\u0131r\u0131nc\u0131 d\u0259f\u0259 ev\u0259 n\u0259 vaxt \u0259t alm\u0131\u015fam. 57 ya\u015f\u0131m var, neyl\u0259yim, gedib o\u011furluq el\u0259yim?\u201d\n<\/p>\n<figure class=\"wp-block-image size-large\">\n  <img decoding=\"async\" src=\"https:\/\/www.meydan.tv\/az\/118723\/\" alt=\"\" class=\"wp-image-118723\"\/><figcaption><\/figcaption><\/figure>\n<p>\n  Sevil xan\u0131m s\u00f6hb\u0259t\u0259 qo\u015fulur. Deyir, evd\u0259 n\u0259 t\u0259qa\u00fcd alan var, n\u0259 d\u0259 sosial yard\u0131m. G\u00fcnelin \u015f\u0259xsiyy\u0259t v\u0259siq\u0259si olmad\u0131\u011f\u0131ndan, q\u0131z\u0131 aliment d\u0259 ala bilmir:\n<\/p>\n<p>\n  \u201cYolda\u015f\u0131m, biziml\u0259 qalan ki\u00e7ik o\u011flum gedib qap\u0131larda i\u015fl\u0259yir ki, evd\u0259 yem\u0259k olsun. B\u00f6y\u00fck o\u011flum qon\u015fuluqda ya\u015fay\u0131r, d\u00f6rd \u00f6vlad\u0131 var, ac\u0131ndan \u00f6l\u00fcrl\u0259r. Bir d\u0259 g\u00f6r\u00fcrs\u0259n n\u0259v\u0259l\u0259rim g\u0259lir ki, n\u0259n\u0259, quru \u00e7\u00f6r\u0259k ver, yey\u0259k. \u0130\u015f olsa, gedib i\u015fl\u0259y\u0259rik. V\u0259ziyy\u0259timiz \u00e7ox a\u011f\u0131rd\u0131. Gedib camaat \u00fc\u00e7\u00fcn kartof \u0259kirik ki, \u00fc\u00e7-be\u015f manat pul versinl\u0259r. Bir d\u0259f\u0259 Yenik\u0259nd b\u0259l\u0259diyy\u0259sind\u0259n g\u0259lmi\u015fdil\u0259r, t\u0259xmin\u0259n iki il \u0259vv\u0259l. Dedil\u0259r, siz\u0259 k\u00f6m\u0259k el\u0259y\u0259c\u0259yik. \u00c7ox \u015fey s\u00f6z verdil\u0259r, amma o ged\u0259n getdil\u0259r\u201d.\n<\/p>\n<blockquote><p>\n  Qohumlara z\u0259ng vurub deyir\u0259m ki, ac\u0131ndan \u00f6l\u00fcr\u00fck\n<\/p><\/blockquote>\n<p>\n  Biz k\u0259ndd\u0259 olanda C\u0131\u011f\u0259liyevl\u0259r ail\u0259sinin b\u00f6y\u00fck o\u011flu, valideynl\u0259rinin qon\u015fulu\u011funda ya\u015fayan Arif evd\u0259 yox idi. He\u00e7 bir yerd\u0259 i\u015fl\u0259m\u0259diyind\u0259n bal\u0131q\u00e7\u0131lara qo\u015fulur, onlara k\u00f6m\u0259k etm\u0259kl\u0259 ail\u0259sini saxlama\u011fa \u00e7al\u0131\u015f\u0131r. Amma evin g\u00f6r\u00fcn\u00fc\u015f\u00fcnd\u0259n hiss olunur ki, \u00e7ox ac\u0131nacaql\u0131 v\u0259ziyy\u0259td\u0259 ya\u015fay\u0131rlar. Sevil xan\u0131m dan\u0131\u015f\u0131r ki, h\u0259r d\u0259f\u0259 m\u00f6hk\u0259m k\u00fcl\u0259k \u0259s\u0259nd\u0259 el\u0259 bilirl\u0259r, o\u011flunun getdiyi qay\u0131q batacaq, d\u0259nizd\u0259n geri qay\u0131tmayacaq:\n<\/p>\n<p>\n  \u201cTelefonuna z\u0259ng \u00e7atmayanda o d\u00fcnyan\u0131 g\u00f6r\u00fcb g\u0259lir\u0259m. K\u0259ndd\u0259 ail\u0259 var, evin iki o\u011flu da d\u0259nizd\u0259 bat\u0131b\u201d.\n<\/p>\n<figure class=\"wp-block-image size-large\">\n  <img decoding=\"async\" src=\"https:\/\/www.meydan.tv\/az\/118729\/\" alt=\"\" class=\"wp-image-118729\"\/><figcaption><\/figcaption><\/figure>\n<p>\n  Arifin h\u0259yat yolda\u015f\u0131 Cahan d\u00f6rd u\u015fa\u011f\u0131 saxlama\u011f\u0131n \u00e7\u0259tinliyind\u0259n dan\u0131\u015f\u0131r:\n<\/p>\n<p>\n  \u201c\u0130nan\u0131n, qohumlara z\u0259ng vurub deyir\u0259m ki, ac\u0131ndan \u00f6l\u00fcr\u00fck. Qohum-qon\u015fu k\u00f6m\u0259k el\u0259m\u0259s\u0259, bu g\u00fcnd\u0259n sabaha \u00e7\u0131xa bilmirik. Bu d\u0259qiq\u0259 evimizd\u0259 bir q\u0259pik d\u0259 yoxdu. K\u0259ndd\u0259 G\u00fclnaz m\u00fc\u0259llim\u0259 var, n\u0259 q\u0259d\u0259r k\u00f6m\u0259k el\u0259yir biz\u0259. O g\u00fcn u\u015fa\u011f\u0131n birin\u0259 ayaqqab\u0131 al\u0131b g\u0259tirmi\u015fdi. \u018frza\u011f\u0131 nisy\u0259 al\u0131r\u0131q. K\u0259ndd\u0259 b\u00fct\u00fcn ma\u011fazalara borcumuz var. G\u0259lib qap\u0131n\u0131 d\u00f6y\u00fcrl\u0259r, \u00f6l\u00fcb yer\u0259 girir\u0259m. Camaat q\u0259nd, \u00e7ay al\u0131b verir. Evd\u0259 n\u0259 qaz var, n\u0259 d\u0259 su. Bir azdan u\u015faqlar d\u0259rsd\u0259n g\u0259l\u0259c\u0259k, bu d\u0259qiq\u0259 yavan \u00e7\u00f6r\u0259k yoxdu ki, onlara verim\u201d.\n<\/p>\n<p>\n  Cahan h\u0259yat\u0131ndan dan\u0131\u015f\u0131r. Bir ya\u015f\u0131 olanda anas\u0131n\u0131 itirib. Dediyin\u0259 g\u00f6r\u0259, anas\u0131ndan sonra evd\u0259 d\u00f6y\u00fclm\u0259kd\u0259n psixikas\u0131 korlan\u0131b. Pul olmad\u0131\u011f\u0131ndan m\u00fcalic\u0259 ala bilmir.\n<\/p>\n<figure class=\"wp-block-image size-large\">\n  <img decoding=\"async\" src=\"https:\/\/www.meydan.tv\/az\/118726\/\" alt=\"\" class=\"wp-image-118726\"\/><figcaption><\/figcaption><\/figure>\n<p>\n  Sevil xan\u0131m da bu haqda dan\u0131\u015f\u0131r:\n<\/p>\n<p>\n  \u201cEvd\u0259 m\u00f6hk\u0259m d\u00f6y\u00fcrd\u00fcl\u0259r onu. Ba\u015f\u0131na vururdular. Yaz\u0131\u011f\u0131m g\u0259ldi, gedib dedim ki, verin, alacam o\u011fluma. On ildi g\u0259lin g\u0259tirmi\u015f\u0259m\u201d.\n<\/p>\n<figure class=\"wp-block-image size-large\">\n  <img decoding=\"async\" src=\"https:\/\/www.meydan.tv\/az\/118732\/\" alt=\"\" class=\"wp-image-118732\"\/><figcaption><\/figcaption><\/figure>\n<p>\n  Cahan deyir ki, iki il sosial yard\u0131m al\u0131b, ke\u00e7\u0259n ilin mart\u0131ndan vermirl\u0259r:\n<\/p>\n<p>\n  \u201cAyda 180 manat al\u0131rd\u0131m. O puldan az-az y\u0131\u011f\u0131b soyuducu ald\u0131m. Ke\u00e7ib \u00e7\u0259k\u0259 bil\u0259rsiz, indi i\u00e7i bo\u015fdu&#8230;\u201d\n<\/p>\n<p>\n  Bizi \u00fcmidl\u0259 yola sal\u0131rlar. D\u00fc\u015f\u00fcn\u00fcrl\u0259r ki, onlara k\u00f6m\u0259k ed\u0259n tap\u0131lacaq. Telefon n\u00f6mr\u0259si ist\u0259yirl\u0259r. R\u0259q\u0259ml\u0259ri dey\u0259nd\u0259 m\u0259lum olur ki, Cahan n\u0259 yazmaq bilir, n\u0259 d\u0259 oxumaq:\n<\/p>\n<p>\n  \u201cM\u0259n oxuya bilm\u0259dim, he\u00e7 olmasa, u\u015faqlar oxusun. Ac\u0131ndan \u00f6lm\u0259s\u0259l\u0259r&#8230;\u201d\n<\/p>\n<figure class=\"wp-block-image size-large\">\n  <img decoding=\"async\" src=\"https:\/\/www.meydan.tv\/az\/118735\/\" alt=\"\" class=\"wp-image-118735\"\/><figcaption><\/figcaption><\/figure>\n","protected":false},"excerpt":{"rendered":"<p>Yenik\u0259ndd\u0259 iki ail\u0259 ac\u0131ndan \u00f6l\u00fcr&#8230;<\/p>\n","protected":false},"author":11,"featured_media":118717,"comment_status":"closed","ping_status":"open","sticky":false,"template":"","format":"standard","meta":{"_acf_changed":false,"_sitemap_exclude":false,"_sitemap_priority":"","_sitemap_frequency":"","footnotes":""},"categories":[60],"tags":[],"class_list":["post-194192","post","type-post","status-publish","format-standard","has-post-thumbnail","hentry","category-bolge","infinite-scroll-item","generate-columns","tablet-grid-50","mobile-grid-100","grid-parent","grid-33","no-featured-image-padding"],"acf":[],"yoast_head":"<!-- This site is optimized with the Yoast SEO plugin v27.4 - https:\/\/yoast.com\/product\/yoast-seo-wordpress\/ -->\n<title>&#039;&#039;N\u0259v\u0259l\u0259rim g\u0259lir ki, n\u0259n\u0259, quru \u00e7\u00f6r\u0259k ver, yey\u0259k&#039;&#039; - MEYDAN.TV<\/title>\n<meta name=\"robots\" content=\"index, follow, max-snippet:-1, max-image-preview:large, max-video-preview:-1\" \/>\n<link rel=\"canonical\" href=\"https:\/\/www.meydan.tv\/az\/article\/nevelerim-gelir-ki-nene-quru-corek-ver-yeyek\/\" \/>\n<meta property=\"og:locale\" content=\"az_AZ\" \/>\n<meta property=\"og:type\" content=\"article\" \/>\n<meta property=\"og:title\" content=\"&#039;&#039;N\u0259v\u0259l\u0259rim g\u0259lir ki, n\u0259n\u0259, quru \u00e7\u00f6r\u0259k ver, yey\u0259k&#039;&#039; - MEYDAN.TV\" \/>\n<meta property=\"og:description\" content=\"Yenik\u0259ndd\u0259 iki ail\u0259 ac\u0131ndan \u00f6l\u00fcr...\" \/>\n<meta property=\"og:url\" content=\"https:\/\/www.meydan.tv\/az\/article\/nevelerim-gelir-ki-nene-quru-corek-ver-yeyek\/\" \/>\n<meta property=\"og:site_name\" content=\"MEYDAN.TV\" \/>\n<meta property=\"article:published_time\" content=\"2019-02-25T11:43:16+00:00\" \/>\n<meta property=\"og:image\" content=\"https:\/\/www.meydan.tv\/wp-content\/uploads\/47351.jpg\" \/>\n\t<meta property=\"og:image:width\" content=\"1004\" \/>\n\t<meta property=\"og:image:height\" content=\"750\" \/>\n\t<meta property=\"og:image:type\" content=\"image\/jpeg\" \/>\n<meta name=\"author\" content=\"user-manager\" \/>\n<meta name=\"twitter:card\" content=\"summary_large_image\" \/>\n<script type=\"application\/ld+json\" class=\"yoast-schema-graph\">{\"@context\":\"https:\\\/\\\/schema.org\",\"@graph\":[{\"@type\":\"Article\",\"@id\":\"https:\\\/\\\/www.meydan.tv\\\/az\\\/article\\\/nevelerim-gelir-ki-nene-quru-corek-ver-yeyek\\\/#article\",\"isPartOf\":{\"@id\":\"https:\\\/\\\/www.meydan.tv\\\/az\\\/article\\\/nevelerim-gelir-ki-nene-quru-corek-ver-yeyek\\\/\"},\"author\":{\"name\":\"user-manager\",\"@id\":\"https:\\\/\\\/www.meydan.tv\\\/az\\\/#\\\/schema\\\/person\\\/10d11eccf6da3662cf5fdab9806ea91a\"},\"headline\":\"&#8221;N\u0259v\u0259l\u0259rim g\u0259lir ki, n\u0259n\u0259, quru \u00e7\u00f6r\u0259k ver, yey\u0259k&#8221;\",\"datePublished\":\"2019-02-25T11:43:16+00:00\",\"mainEntityOfPage\":{\"@id\":\"https:\\\/\\\/www.meydan.tv\\\/az\\\/article\\\/nevelerim-gelir-ki-nene-quru-corek-ver-yeyek\\\/\"},\"wordCount\":1103,\"publisher\":{\"@id\":\"https:\\\/\\\/www.meydan.tv\\\/az\\\/#organization\"},\"image\":{\"@id\":\"https:\\\/\\\/www.meydan.tv\\\/az\\\/article\\\/nevelerim-gelir-ki-nene-quru-corek-ver-yeyek\\\/#primaryimage\"},\"thumbnailUrl\":\"https:\\\/\\\/www.meydan.tv\\\/wp-content\\\/uploads\\\/47351.jpg\",\"articleSection\":[\"B\u00f6lg\u0259\"],\"inLanguage\":\"az\"},{\"@type\":\"WebPage\",\"@id\":\"https:\\\/\\\/www.meydan.tv\\\/az\\\/article\\\/nevelerim-gelir-ki-nene-quru-corek-ver-yeyek\\\/\",\"url\":\"https:\\\/\\\/www.meydan.tv\\\/az\\\/article\\\/nevelerim-gelir-ki-nene-quru-corek-ver-yeyek\\\/\",\"name\":\"''N\u0259v\u0259l\u0259rim g\u0259lir ki, n\u0259n\u0259, quru \u00e7\u00f6r\u0259k ver, yey\u0259k'' - MEYDAN.TV\",\"isPartOf\":{\"@id\":\"https:\\\/\\\/www.meydan.tv\\\/az\\\/#website\"},\"primaryImageOfPage\":{\"@id\":\"https:\\\/\\\/www.meydan.tv\\\/az\\\/article\\\/nevelerim-gelir-ki-nene-quru-corek-ver-yeyek\\\/#primaryimage\"},\"image\":{\"@id\":\"https:\\\/\\\/www.meydan.tv\\\/az\\\/article\\\/nevelerim-gelir-ki-nene-quru-corek-ver-yeyek\\\/#primaryimage\"},\"thumbnailUrl\":\"https:\\\/\\\/www.meydan.tv\\\/wp-content\\\/uploads\\\/47351.jpg\",\"datePublished\":\"2019-02-25T11:43:16+00:00\",\"breadcrumb\":{\"@id\":\"https:\\\/\\\/www.meydan.tv\\\/az\\\/article\\\/nevelerim-gelir-ki-nene-quru-corek-ver-yeyek\\\/#breadcrumb\"},\"inLanguage\":\"az\",\"potentialAction\":[{\"@type\":\"ReadAction\",\"target\":[\"https:\\\/\\\/www.meydan.tv\\\/az\\\/article\\\/nevelerim-gelir-ki-nene-quru-corek-ver-yeyek\\\/\"]}]},{\"@type\":\"ImageObject\",\"inLanguage\":\"az\",\"@id\":\"https:\\\/\\\/www.meydan.tv\\\/az\\\/article\\\/nevelerim-gelir-ki-nene-quru-corek-ver-yeyek\\\/#primaryimage\",\"url\":\"https:\\\/\\\/www.meydan.tv\\\/wp-content\\\/uploads\\\/47351.jpg\",\"contentUrl\":\"https:\\\/\\\/www.meydan.tv\\\/wp-content\\\/uploads\\\/47351.jpg\",\"width\":1004,\"height\":750,\"caption\":\"Source:\"},{\"@type\":\"BreadcrumbList\",\"@id\":\"https:\\\/\\\/www.meydan.tv\\\/az\\\/article\\\/nevelerim-gelir-ki-nene-quru-corek-ver-yeyek\\\/#breadcrumb\",\"itemListElement\":[{\"@type\":\"ListItem\",\"position\":1,\"name\":\"Ana s\u0259hif\u0259\",\"item\":\"https:\\\/\\\/www.meydan.tv\\\/az\\\/\"},{\"@type\":\"ListItem\",\"position\":2,\"name\":\"B\u00f6lg\u0259\",\"item\":\"https:\\\/\\\/www.meydan.tv\\\/az\\\/section\\\/bolge\\\/\"},{\"@type\":\"ListItem\",\"position\":3,\"name\":\"&#8221;N\u0259v\u0259l\u0259rim g\u0259lir ki, n\u0259n\u0259, quru \u00e7\u00f6r\u0259k ver, yey\u0259k&#8221;\"}]},{\"@type\":\"WebSite\",\"@id\":\"https:\\\/\\\/www.meydan.tv\\\/az\\\/#website\",\"url\":\"https:\\\/\\\/www.meydan.tv\\\/az\\\/\",\"name\":\"MEYDAN.TV\",\"description\":\"Meydan TV Az\u0259rbaycan\u0131n media m\u0259kan\u0131ndak\u0131 alternativ s\u0259sidir\",\"publisher\":{\"@id\":\"https:\\\/\\\/www.meydan.tv\\\/az\\\/#organization\"},\"potentialAction\":[{\"@type\":\"SearchAction\",\"target\":{\"@type\":\"EntryPoint\",\"urlTemplate\":\"https:\\\/\\\/www.meydan.tv\\\/az\\\/?s={search_term_string}\"},\"query-input\":{\"@type\":\"PropertyValueSpecification\",\"valueRequired\":true,\"valueName\":\"search_term_string\"}}],\"inLanguage\":\"az\"},{\"@type\":\"Organization\",\"@id\":\"https:\\\/\\\/www.meydan.tv\\\/az\\\/#organization\",\"name\":\"Meydan TV\",\"url\":\"https:\\\/\\\/www.meydan.tv\\\/az\\\/\",\"logo\":{\"@type\":\"ImageObject\",\"inLanguage\":\"az\",\"@id\":\"https:\\\/\\\/www.meydan.tv\\\/az\\\/#\\\/schema\\\/logo\\\/image\\\/\",\"url\":\"https:\\\/\\\/www.meydan.tv\\\/wp-content\\\/uploads\\\/2021\\\/07\\\/meydan-logo.svg\",\"contentUrl\":\"https:\\\/\\\/www.meydan.tv\\\/wp-content\\\/uploads\\\/2021\\\/07\\\/meydan-logo.svg\",\"width\":195,\"height\":46,\"caption\":\"Meydan TV\"},\"image\":{\"@id\":\"https:\\\/\\\/www.meydan.tv\\\/az\\\/#\\\/schema\\\/logo\\\/image\\\/\"}},{\"@type\":\"Person\",\"@id\":\"https:\\\/\\\/www.meydan.tv\\\/az\\\/#\\\/schema\\\/person\\\/10d11eccf6da3662cf5fdab9806ea91a\",\"name\":\"user-manager\"}]}<\/script>\n<!-- \/ Yoast SEO plugin. -->","yoast_head_json":{"title":"''N\u0259v\u0259l\u0259rim g\u0259lir ki, n\u0259n\u0259, quru \u00e7\u00f6r\u0259k ver, yey\u0259k'' - MEYDAN.TV","robots":{"index":"index","follow":"follow","max-snippet":"max-snippet:-1","max-image-preview":"max-image-preview:large","max-video-preview":"max-video-preview:-1"},"canonical":"https:\/\/www.meydan.tv\/az\/article\/nevelerim-gelir-ki-nene-quru-corek-ver-yeyek\/","og_locale":"az_AZ","og_type":"article","og_title":"''N\u0259v\u0259l\u0259rim g\u0259lir ki, n\u0259n\u0259, quru \u00e7\u00f6r\u0259k ver, yey\u0259k'' - MEYDAN.TV","og_description":"Yenik\u0259ndd\u0259 iki ail\u0259 ac\u0131ndan \u00f6l\u00fcr...","og_url":"https:\/\/www.meydan.tv\/az\/article\/nevelerim-gelir-ki-nene-quru-corek-ver-yeyek\/","og_site_name":"MEYDAN.TV","article_published_time":"2019-02-25T11:43:16+00:00","og_image":[{"width":1004,"height":750,"url":"https:\/\/www.meydan.tv\/wp-content\/uploads\/47351.jpg","type":"image\/jpeg"}],"author":"user-manager","twitter_card":"summary_large_image","schema":{"@context":"https:\/\/schema.org","@graph":[{"@type":"Article","@id":"https:\/\/www.meydan.tv\/az\/article\/nevelerim-gelir-ki-nene-quru-corek-ver-yeyek\/#article","isPartOf":{"@id":"https:\/\/www.meydan.tv\/az\/article\/nevelerim-gelir-ki-nene-quru-corek-ver-yeyek\/"},"author":{"name":"user-manager","@id":"https:\/\/www.meydan.tv\/az\/#\/schema\/person\/10d11eccf6da3662cf5fdab9806ea91a"},"headline":"&#8221;N\u0259v\u0259l\u0259rim g\u0259lir ki, n\u0259n\u0259, quru \u00e7\u00f6r\u0259k ver, yey\u0259k&#8221;","datePublished":"2019-02-25T11:43:16+00:00","mainEntityOfPage":{"@id":"https:\/\/www.meydan.tv\/az\/article\/nevelerim-gelir-ki-nene-quru-corek-ver-yeyek\/"},"wordCount":1103,"publisher":{"@id":"https:\/\/www.meydan.tv\/az\/#organization"},"image":{"@id":"https:\/\/www.meydan.tv\/az\/article\/nevelerim-gelir-ki-nene-quru-corek-ver-yeyek\/#primaryimage"},"thumbnailUrl":"https:\/\/www.meydan.tv\/wp-content\/uploads\/47351.jpg","articleSection":["B\u00f6lg\u0259"],"inLanguage":"az"},{"@type":"WebPage","@id":"https:\/\/www.meydan.tv\/az\/article\/nevelerim-gelir-ki-nene-quru-corek-ver-yeyek\/","url":"https:\/\/www.meydan.tv\/az\/article\/nevelerim-gelir-ki-nene-quru-corek-ver-yeyek\/","name":"''N\u0259v\u0259l\u0259rim g\u0259lir ki, n\u0259n\u0259, quru \u00e7\u00f6r\u0259k ver, yey\u0259k'' - MEYDAN.TV","isPartOf":{"@id":"https:\/\/www.meydan.tv\/az\/#website"},"primaryImageOfPage":{"@id":"https:\/\/www.meydan.tv\/az\/article\/nevelerim-gelir-ki-nene-quru-corek-ver-yeyek\/#primaryimage"},"image":{"@id":"https:\/\/www.meydan.tv\/az\/article\/nevelerim-gelir-ki-nene-quru-corek-ver-yeyek\/#primaryimage"},"thumbnailUrl":"https:\/\/www.meydan.tv\/wp-content\/uploads\/47351.jpg","datePublished":"2019-02-25T11:43:16+00:00","breadcrumb":{"@id":"https:\/\/www.meydan.tv\/az\/article\/nevelerim-gelir-ki-nene-quru-corek-ver-yeyek\/#breadcrumb"},"inLanguage":"az","potentialAction":[{"@type":"ReadAction","target":["https:\/\/www.meydan.tv\/az\/article\/nevelerim-gelir-ki-nene-quru-corek-ver-yeyek\/"]}]},{"@type":"ImageObject","inLanguage":"az","@id":"https:\/\/www.meydan.tv\/az\/article\/nevelerim-gelir-ki-nene-quru-corek-ver-yeyek\/#primaryimage","url":"https:\/\/www.meydan.tv\/wp-content\/uploads\/47351.jpg","contentUrl":"https:\/\/www.meydan.tv\/wp-content\/uploads\/47351.jpg","width":1004,"height":750,"caption":"Source:"},{"@type":"BreadcrumbList","@id":"https:\/\/www.meydan.tv\/az\/article\/nevelerim-gelir-ki-nene-quru-corek-ver-yeyek\/#breadcrumb","itemListElement":[{"@type":"ListItem","position":1,"name":"Ana s\u0259hif\u0259","item":"https:\/\/www.meydan.tv\/az\/"},{"@type":"ListItem","position":2,"name":"B\u00f6lg\u0259","item":"https:\/\/www.meydan.tv\/az\/section\/bolge\/"},{"@type":"ListItem","position":3,"name":"&#8221;N\u0259v\u0259l\u0259rim g\u0259lir ki, n\u0259n\u0259, quru \u00e7\u00f6r\u0259k ver, yey\u0259k&#8221;"}]},{"@type":"WebSite","@id":"https:\/\/www.meydan.tv\/az\/#website","url":"https:\/\/www.meydan.tv\/az\/","name":"MEYDAN.TV","description":"Meydan TV Az\u0259rbaycan\u0131n media m\u0259kan\u0131ndak\u0131 alternativ s\u0259sidir","publisher":{"@id":"https:\/\/www.meydan.tv\/az\/#organization"},"potentialAction":[{"@type":"SearchAction","target":{"@type":"EntryPoint","urlTemplate":"https:\/\/www.meydan.tv\/az\/?s={search_term_string}"},"query-input":{"@type":"PropertyValueSpecification","valueRequired":true,"valueName":"search_term_string"}}],"inLanguage":"az"},{"@type":"Organization","@id":"https:\/\/www.meydan.tv\/az\/#organization","name":"Meydan TV","url":"https:\/\/www.meydan.tv\/az\/","logo":{"@type":"ImageObject","inLanguage":"az","@id":"https:\/\/www.meydan.tv\/az\/#\/schema\/logo\/image\/","url":"https:\/\/www.meydan.tv\/wp-content\/uploads\/2021\/07\/meydan-logo.svg","contentUrl":"https:\/\/www.meydan.tv\/wp-content\/uploads\/2021\/07\/meydan-logo.svg","width":195,"height":46,"caption":"Meydan TV"},"image":{"@id":"https:\/\/www.meydan.tv\/az\/#\/schema\/logo\/image\/"}},{"@type":"Person","@id":"https:\/\/www.meydan.tv\/az\/#\/schema\/person\/10d11eccf6da3662cf5fdab9806ea91a","name":"user-manager"}]}},"_links":{"self":[{"href":"https:\/\/www.meydan.tv\/az\/wp-json\/wp\/v2\/posts\/194192","targetHints":{"allow":["GET"]}}],"collection":[{"href":"https:\/\/www.meydan.tv\/az\/wp-json\/wp\/v2\/posts"}],"about":[{"href":"https:\/\/www.meydan.tv\/az\/wp-json\/wp\/v2\/types\/post"}],"author":[{"embeddable":true,"href":"https:\/\/www.meydan.tv\/az\/wp-json\/wp\/v2\/users\/11"}],"replies":[{"embeddable":true,"href":"https:\/\/www.meydan.tv\/az\/wp-json\/wp\/v2\/comments?post=194192"}],"version-history":[{"count":0,"href":"https:\/\/www.meydan.tv\/az\/wp-json\/wp\/v2\/posts\/194192\/revisions"}],"wp:featuredmedia":[{"embeddable":true,"href":"https:\/\/www.meydan.tv\/az\/wp-json\/wp\/v2\/media\/118717"}],"wp:attachment":[{"href":"https:\/\/www.meydan.tv\/az\/wp-json\/wp\/v2\/media?parent=194192"}],"wp:term":[{"taxonomy":"category","embeddable":true,"href":"https:\/\/www.meydan.tv\/az\/wp-json\/wp\/v2\/categories?post=194192"},{"taxonomy":"post_tag","embeddable":true,"href":"https:\/\/www.meydan.tv\/az\/wp-json\/wp\/v2\/tags?post=194192"}],"curies":[{"name":"wp","href":"https:\/\/api.w.org\/{rel}","templated":true}]}}