{"id":194187,"date":"2019-02-23T18:52:14","date_gmt":"2019-02-23T18:52:14","guid":{"rendered":"https:\/\/www.meydan.tv\/article\/ilham-eliyevin-balanslasdirilmis-xarici-siyasetden-imtina-beyanatinin-arxasinda-ne-dayanib\/"},"modified":"2019-02-23T18:52:14","modified_gmt":"2019-02-23T18:52:14","slug":"ilham-eliyevin-balanslasdirilmis-xarici-siyasetden-imtina-beyanatinin-arxasinda-ne-dayanib","status":"publish","type":"post","link":"https:\/\/www.meydan.tv\/az\/article\/ilham-eliyevin-balanslasdirilmis-xarici-siyasetden-imtina-beyanatinin-arxasinda-ne-dayanib\/","title":{"rendered":"\u0130lham \u018fliyevin balansla\u015fd\u0131r\u0131lm\u0131\u015f xarici siyas\u0259td\u0259n imtina b\u0259yanat\u0131n\u0131n arxas\u0131nda n\u0259 dayan\u0131b?"},"content":{"rendered":"<figure class=\"wp-block-image size-large\">\n  <img decoding=\"async\" src=\"https:\/\/www.meydan.tv\/az\/foto-azertac-39\/\" alt=\"foto Az\u0259rtac\" class=\"wp-image-118675\"\/><figcaption>\n    foto Az\u0259rtac<br \/>\n  <\/figcaption><\/figure>\n<p>\n  <i><br \/>\n    Ekspertl\u0259r prezidentin s\u00f6zl\u0259rin\u0259 m\u00fcxt\u0259lif y\u00f6nd\u0259n yana\u015f\u0131rlar<br \/>\n  <\/i>\n<\/p>\n<p>\n  Prezident \u0130lham \u018fliyev yeni a\u00e7\u0131qlama verib, balansla\u015fd\u0131r\u0131lm\u0131\u015f xarici siyas\u0259td\u0259n imtina bar\u0259d\u0259 b\u0259yanat\u0131n\u0131 izah etm\u0259lidir v\u0259 xarici siyas\u0259td\u0259 hans\u0131 t\u0259r\u0259fd\u0259n, Rusiya yoxsa Q\u0259rbd\u0259n imtina etdiyini bildirm\u0259lidir.\n<\/p>\n<p>\n  Bunu Meydan TV-\u0259 M\u00fcsavat Partiyas\u0131n\u0131n Divan \u00fczv\u00fc Elman F\u0259ttah prezident \u0130lham \u018fliyevin Real TV-\u0259 m\u00fcsahib\u0259sind\u0259 balansla\u015fd\u0131r\u0131lm\u0131\u015f xarici siyas\u0259td\u0259n imtina il\u0259 ba\u011fl\u0131 b\u0259yanat\u0131n\u0131 \u015f\u0259rh ed\u0259rk\u0259n deyib.\n<\/p>\n<p>\n  <a href=\"https:\/\/azertag.az\/xeber\/Prezident_Ilham_Aliyev_Real_TV_ye_musahibe_verib_YENILANACAK-1245031\"><br \/>\n    D\u00f6vl\u0259t ba\u015f\u00e7\u0131s\u0131<br \/>\n  <\/a><br \/>\n  m\u00fcsahib\u0259sind\u0259 deyib ki, b\u0259zi xarici m\u0259tbu orqanlarda, ekspert c\u0259miyy\u0259tl\u0259rind\u0259 bel\u0259 bir fikir s\u00f6yl\u0259nilir ki, Az\u0259rbaycan balansla\u015fd\u0131r\u0131lm\u0131\u015f, tarazla\u015fd\u0131r\u0131lm\u0131\u015f siyas\u0259t apar\u0131r v\u0259 el\u0259 bil ki, bu regionda balans axtar\u0131r, amma bu, bel\u0259 deyil.\n<\/p>\n<p>\n  \u201cBiz balans axtarm\u0131r\u0131q. Biz, sad\u0259c\u0259 olaraq, xarici siyas\u0259timizl\u0259 \u00f6z milli maraqlar\u0131m\u0131z\u0131 qoruyuruq v\u0259 m\u00fcmk\u00fcn olan riskl\u0259ri azald\u0131r\u0131q. Bizim xarici siyas\u0259timiz m\u0259hz milli maraqlar \u00fcz\u0259rind\u0259 qurulub. Milli maraqlar n\u0259yi dikt\u0259 edirs\u0259, biz xarici siyas\u0259td\u0259 onu da etm\u0259liyik v\u0259 edirik. Dey\u0259 bil\u0259r\u0259m ki, buna m\u00fcv\u0259ff\u0259q olmu\u015fuq\u201d, &#8211; \u0130lham \u018fliyev deyib.\n<\/p>\n<blockquote><p>\n  Balansl\u0131 xarici siyas\u0259td\u0259n imtinan\u0131 m\u00fcsb\u0259t\u0259 yoza bilm\u0259y\u0259c\u0259m\n<\/p><\/blockquote>\n<p>\n  Elman F\u0259ttah xat\u0131rlad\u0131b ki, SSR\u0130 da\u011f\u0131landan sonra balansl\u0131 xarici siyas\u0259t postsovet \u00f6lk\u0259l\u0259rinin m\u0259cburi layih\u0259si idi.\n<\/p>\n<p>\n  \u201c\u00c7\u00fcnki m\u00fcst\u0259qil d\u00f6vl\u0259t olduqlar\u0131ndan Q\u0259rbl\u0259 inteqrasiya x\u0259tti g\u00f6t\u00fcrm\u0259liydil\u0259r, bu, normal idi. Dig\u0259r t\u0259r\u0259fd\u0259n is\u0259 Kremlin t\u0259sirl\u0259ri h\u0259l\u0259 d\u0259 qal\u0131r, postsovet nomenklaturas\u0131 b\u00fct\u00fcn ke\u00e7mi\u015f sovet respublikalar\u0131nda hakimiyy\u0259td\u0259dirl\u0259r v\u0259 Rusiyay\u00f6n\u00fcml\u00fc siyas\u0259t d\u0259 qa\u00e7\u0131n\u0131lmazd\u0131r\u201d.\n<\/p>\n<p>\n  O hesab edir ki, bu bax\u0131mdan C\u0259nubi Qafqazda G\u00fcrc\u00fcstan\u0131n \u015eevardnadze, Az\u0259rbaycan\u0131n Heyd\u0259r \u018fliyev, Ukraynan\u0131n Ku\u00e7ma d\u00f6vr\u00fc balansl\u0131 xarici siyas\u0259td\u0259n ibar\u0259t idi.\n<\/p>\n<p>\n  \u201cY\u0259ni bu siyas\u0259ti Heyd\u0259r \u018fliyev icad etm\u0259mi\u015fdi. Sonradan Az\u0259rbaycanda balansl\u0131 xarici siyas\u0259ti zorla qoruyub saxlama siyas\u0259ti yeridildi, G\u00fcrc\u00fcstanda Q\u0259rb\u0259 inteqrasiya s\u00fcr\u0259tl\u0259ndi, eyni proses Ukraynada 2004-2005-ci ill\u0259rd\u0259 \u201cnar\u0131nc\u0131 inqilab\u201dla s\u00fcr\u0259tl\u0259ndi. Daha sonra proses h\u0259tta Orta Asiyaya s\u0131\u00e7rad\u0131, Q\u0131r\u011f\u0131z\u0131stan bu yola q\u0259d\u0259m qoydu, y\u0259ni \u201cbalansl\u0131 xar\u0131c\u0131 siyas\u0259t\u201d ad\u0131 alt\u0131nda yum\u015faq avtoritarizm siyas\u0259ti\u201d.\n<\/p>\n<figure class=\"wp-block-image size-large\">\n  <img decoding=\"async\" src=\"https:\/\/www.meydan.tv\/az\/elman-fettah-2\/\" alt=\"Elman F\u0259ttah\" class=\"wp-image-65946\"\/><figcaption>\n    Elman F\u0259ttah<br \/>\n  <\/figcaption><\/figure>\n<p>\n  E.F\u0259ttah qeyd edib ki, Az\u0259rbaycanda uzun ill\u0259r he\u00e7 n\u0259 ba\u015f verm\u0259di, \u201cbalansl\u0131 xarici siyas\u0259t\u201din t\u0259zah\u00fcr\u00fc olan yum\u015faq avtoritarizm t\u0259xmin\u0259n 2010-cu il\u0259 q\u0259d\u0259r davam etdi.\n<\/p>\n<p>\n  \u201cOndan sonra s\u0259rtl\u0259\u015fmi\u015f, 2013-c\u00fc ild\u0259n m\u00f6hk\u0259ml\u0259ndirilmi\u015f avtoritarizm siyas\u0259tin\u0259 ke\u00e7dil\u0259r. Haz\u0131rda \u0130lham \u018fliyevin balansl\u0131 xarici siyas\u0259td\u0259n imtina etm\u0259sini m\u00fcsb\u0259t\u0259 yoza bilm\u0259y\u0259c\u0259m.\n<\/p>\n<p>\n  Bu, o dem\u0259k olacaq ki, g\u0259r\u0259k Q\u0259rbl\u0259 inteqrasiyan\u0131 tamamil\u0259 k\u0259nara qoyub birm\u0259nal\u0131 \u015f\u0259kild\u0259 Rusiyay\u00f6n\u00fcml\u00fc siyas\u0259t yeritmi\u015f olsun. T\u00fcrkm\u0259nistan, m\u00fc\u0259yy\u0259n m\u0259nada \u00d6zb\u0259kistan kimi\u201d.\n<\/p>\n<blockquote><p>\n  R\u0259smi Bak\u0131 bir \u0259ld\u0259 iki qarp\u0131z tutma\u011fa \u00e7al\u0131\u015f\u0131r\n<\/p><\/blockquote>\n<p>\n  Avropada m\u00fchacir h\u0259yat\u0131 ya\u015fayan siyasi icmal\u00e7\u0131 Rauf Mirq\u0259dirov hesab edir ki, ki\u00e7ik d\u00f6vl\u0259tl\u0259rin apard\u0131qlar\u0131 xarici siyas\u0259t onlar\u0131n ist\u0259kl\u0259rind\u0259n daha \u00e7ox geosiyasi v\u0259ziyy\u0259tl\u0259 \u015f\u0259rtl\u0259nir.\n<\/p>\n<p>\n  \u201cKe\u00e7mi\u015f xarici i\u015fl\u0259r naziri Tofiq Qas\u0131mov deyirdi ki, b\u00f6y\u00fck d\u00f6vl\u0259tl\u0259rl\u0259 dost olmaq yax\u015f\u0131d\u0131r, amma onlardan n\u0259 q\u0259d\u0259r uzaq olsan, bir o q\u0259d\u0259r yax\u015f\u0131d\u0131r. Az\u0259rbaycan\u0131n \u0130ran v\u0259 Rusiya kimi qon\u015fular\u0131 kifay\u0259t q\u0259d\u0259r ciddi problemlidir. \u00c7\u00fcnki \u0259n az\u0131ndan h\u0259r iki d\u00f6vl\u0259t Q\u0259rbin sanksiyalar\u0131 alt\u0131ndad\u0131r. Bu amil Az\u0259rbaycan\u0131n xarici siyas\u0259tin\u0259 \u00e7ox ciddi t\u0259sir edir\u201d.\n<\/p>\n<p>\n  Onun s\u00f6zl\u0259rin\u0259 g\u00f6r\u0259, \u00f6lk\u0259 ba\u015f\u00e7\u0131s\u0131 \u0130lham \u018fliyev bunu tarazla\u015fd\u0131r\u0131lm\u0131\u015f, yaxud milli maraqlara \u0259sasland\u0131r\u0131lm\u0131\u015f siyas\u0259t adland\u0131r\u0131rsa, bunun \u0259h\u0259miyy\u0259ti yoxdur. \u0130cmal\u00e7\u0131 deyib ki, ger\u00e7\u0259klik ondan ibar\u0259tdir ki, Az\u0259rbaycan kifay\u0259t q\u0259d\u0259r aqressiv olan iki qon\u015fu il\u0259 normal, i\u015fg\u00fczar, h\u0259tta bir s\u0131ra hallarda dostluq m\u00fcnasisb\u0259tl\u0259ri yaratma\u011fa \u00e7al\u0131\u015f\u0131l\u0131r.\n<\/p>\n<p>\n  \u201cH\u0259m d\u0259 bu m\u00fcnasib\u0259tl\u0259ri el\u0259 s\u0259viyy\u0259d\u0259 saxlamaq laz\u0131md\u0131r ki, Q\u0259rbl\u0259 k\u00f6rp\u00fcl\u0259rin yand\u0131r\u0131lmas\u0131 il\u0259 n\u0259tic\u0259l\u0259nm\u0259sin. Sad\u0259c\u0259, bir misal, Erm\u0259nistan Suriyaya h\u0259rbi kontingentini g\u00f6nd\u0259rir v\u0259 bu, Va\u015finqtonla \u00e7ox ciddi probleml\u0259r yarad\u0131r. H\u0259tta Erm\u0259nistan xarici i\u015fl\u0259r nazirinin AB\u015e-a s\u0259f\u0259rinin t\u0259xir\u0259 sal\u0131nmas\u0131 bar\u0259d\u0259 yerli m\u0259tbuat yaz\u0131r. \u00c7\u00fcnki Erm\u0259nistan bunu Rusiyan\u0131n missiyas\u0131 \u00e7\u0259r\u00e7iv\u0259sind\u0259 edir\u201d.\n<\/p>\n<figure class=\"wp-block-image size-large\">\n  <img decoding=\"async\" src=\"https:\/\/www.meydan.tv\/az\/rauf-mirqedirov-2\/\" alt=\"Rauf Mirq\u0259dirov\" class=\"wp-image-50606\"\/><figcaption>\n    Rauf Mirq\u0259dirov<br \/>\n  <\/figcaption><\/figure>\n<p>\n  Onun s\u00f6zl\u0259rin\u0259 g\u00f6r\u0259, Az\u0259rbaycan bu kimi t\u0259zadlardan qa\u00e7ma\u011fa \u00e7al\u0131\u015f\u0131r.\n<\/p>\n<p>\n  \u201cAz\u0259rbaycan he\u00e7 bir qlobal, lokal t\u0259hl\u00fck\u0259sizlik sisteminin t\u0259rkibind\u0259 deyil. Ona g\u00f6r\u0259 d\u0259 Bak\u0131 xarici siyas\u0259td\u0259 b\u00f6y\u00fck riskl\u0259rl\u0259 qar\u015f\u0131la\u015f\u0131r. H\u0259tta Az\u0259rbaycanla T\u00fcrkiy\u0259 aras\u0131nda h\u0259rbi-siyasi m\u00fctt\u0259fiqlik laz\u0131m\u0131 s\u0259viyy\u0259d\u0259 deyil. Y\u0259ni d\u00f6vl\u0259tl\u0259r bir-birinin t\u0259hl\u00fck\u0259sizliyi \u00fc\u00e7\u00fcn ciddi \u00f6hd\u0259lik da\u015f\u0131m\u0131rlar\u201d.\n<\/p>\n<p>\n  Amma Rauf Mirq\u0259dirov d\u00fc\u015f\u00fcnm\u00fcr ki, hakimiyy\u0259t balansla\u015fd\u0131r\u0131lm\u0131\u015f xarici siyas\u0259td\u0259n imtina edib. Onun fikrinc\u0259, sad\u0259c\u0259, balansla\u015fd\u0131r\u0131lm\u0131\u015f siyas\u0259t prezident \u018fliyevi bir q\u0259d\u0259r q\u0131c\u0131qland\u0131ran ifad\u0259dir v\u0259 bir s\u0131ra hallarda ba\u015fqalar\u0131n\u0131n maraqlar\u0131n\u0131 n\u0259z\u0259r\u0259 almaq kimi ba\u015fa d\u00fc\u015f\u00fcl\u00fcr.\n<\/p>\n<p>\n  \u201cY\u0259qin ona g\u00f6r\u0259 deyir ki, balansla\u015fd\u0131r\u0131lm\u0131\u015f yox, milli maraqlara \u0259saslanan siyas\u0259t y\u00fcr\u00fcd\u00fcrl\u0259r. Amma mahiyy\u0259t d\u0259yi\u015fmir. Bu da ondan ibar\u0259tdir ki, r\u0259smi Bak\u0131 bir \u0259ld\u0259 iki qarp\u0131z tutma\u011fa \u00e7al\u0131\u015f\u0131r. M\u00fc\u0259yy\u0259n d\u00f6vrl\u0259r \u00fc\u00e7\u00fcn bu m\u00fcmk\u00fcnd\u00fcr v\u0259 balansla\u015fd\u0131r\u0131lm\u0131\u015f siyas\u0259t d\u0259 adland\u0131r\u0131la bil\u0259r. Amma n\u0259tic\u0259 etibar\u0131 il\u0259 gec-tez se\u00e7im etm\u0259k laz\u0131md\u0131r. \u00c7ox sad\u0259l\u00f6hv insanlar inana bil\u0259rl\u0259r ki, Az\u0259rbaycan maraqlar\u0131 100 faiz t\u0259l\u0259b ed\u0259n b\u00fct\u00fcn i\u015fl\u0259ri g\u00f6r\u00fcr\u201d.\n<\/p>\n<blockquote><p>\n  Prezidentin bunu milli maraqlar\u0131m\u0131za uy\u011fun siyas\u0259t adland\u0131rmas\u0131 mahiyy\u0259ti d\u0259yi\u015fmir\n<\/p><\/blockquote>\n<p>\n  ReAL Partiyas\u0131n\u0131n m\u0259clis s\u0259dri Az\u0259r Qas\u0131ml\u0131 Heyd\u0259r \u018fliyevin 1995-ci ild\u0259n sonra balansl\u0131 xarici siyas\u0259t y\u00fcr\u00fctd\u00fcy\u00fcn\u00fc xat\u0131rladaraq dedi ki, Bak\u0131 Moskvan\u0131n layih\u0259l\u0259rind\u0259 i\u015ftirak etmir.\n<\/p>\n<figure class=\"wp-block-image size-large\">\n  <img decoding=\"async\" src=\"https:\/\/www.meydan.tv\/az\/azer-qasimli-4\/\" alt=\"Az\u0259r Qas\u0131ml\u0131\" class=\"wp-image-98818\"\/><figcaption>\n    Az\u0259r Qas\u0131ml\u0131<br \/>\n  <\/figcaption><\/figure>\n<p>\n  \u201cAz\u0259rbaycan ist\u0259r Kollektiv T\u0259hl\u00fck\u0259sizlik T\u0259\u015fkilat\u0131nda, ist\u0259rs\u0259 Avrasiya \u0130ttifaq\u0131nda yer almay\u0131b. Eyni \u015f\u0259kild\u0259 NATO-ya, n\u0259 d\u0259 Avropa Birliyin\u0259 \u00fczv olma\u011fa can atm\u0131r. Bu, balansla\u015fd\u0131r\u0131lm\u0131\u015f xarici siyas\u0259tdir, prezidentin bunu milli maraqlar\u0131m\u0131za uy\u011fun siyas\u0259t adland\u0131rmas\u0131 mahiyy\u0259ti d\u0259yi\u015fmir. \u018fg\u0259r jurnalist Mir\u015fahin A\u011fayev ona sual vers\u0259ydi ki, Rusiyaya m\u00fcnasib\u0259tiniz nec\u0259dir v\u0259 ard\u0131nca AB\u015e-la ba\u011fl\u0131 eyni sual\u0131 s\u0259sl\u0259ndirs\u0259ydi, \u00f6lk\u0259 ba\u015f\u00e7\u0131s\u0131 tam balansla\u015fd\u0131r\u0131lm\u0131\u015f siyas\u0259tinin konturlar\u0131n\u0131 ortaya qoyacaqd\u0131. Amma bu suallar verilm\u0259di, s\u0259b\u0259b ayd\u0131n idi, tap\u015f\u0131r\u0131lmam\u0131\u015fd\u0131\u201d.<\/p>\n","protected":false},"excerpt":{"rendered":"<p>Ekspertl\u0259r prezidentin s\u00f6zl\u0259rin\u0259 m\u00fcxt\u0259lif y\u00f6nd\u0259n yana\u015f\u0131rlar<\/p>\n","protected":false},"author":11,"featured_media":118675,"comment_status":"closed","ping_status":"open","sticky":false,"template":"","format":"standard","meta":{"_acf_changed":false,"_sitemap_exclude":false,"_sitemap_priority":"","_sitemap_frequency":"","footnotes":""},"categories":[51],"tags":[],"class_list":["post-194187","post","type-post","status-publish","format-standard","has-post-thumbnail","hentry","category-analitika","infinite-scroll-item","generate-columns","tablet-grid-50","mobile-grid-100","grid-parent","grid-33","no-featured-image-padding"],"acf":[],"yoast_head":"<!-- This site is optimized with the Yoast SEO plugin v27.4 - https:\/\/yoast.com\/product\/yoast-seo-wordpress\/ -->\n<title>\u0130lham \u018fliyevin balansla\u015fd\u0131r\u0131lm\u0131\u015f xarici siyas\u0259td\u0259n imtina b\u0259yanat\u0131n\u0131n arxas\u0131nda n\u0259 dayan\u0131b? - MEYDAN.TV<\/title>\n<meta name=\"robots\" content=\"index, follow, max-snippet:-1, max-image-preview:large, max-video-preview:-1\" \/>\n<link rel=\"canonical\" href=\"https:\/\/www.meydan.tv\/az\/article\/ilham-eliyevin-balanslasdirilmis-xarici-siyasetden-imtina-beyanatinin-arxasinda-ne-dayanib\/\" \/>\n<meta property=\"og:locale\" content=\"az_AZ\" \/>\n<meta property=\"og:type\" content=\"article\" \/>\n<meta property=\"og:title\" content=\"\u0130lham \u018fliyevin balansla\u015fd\u0131r\u0131lm\u0131\u015f xarici siyas\u0259td\u0259n imtina b\u0259yanat\u0131n\u0131n arxas\u0131nda n\u0259 dayan\u0131b? - MEYDAN.TV\" \/>\n<meta property=\"og:description\" content=\"Ekspertl\u0259r prezidentin s\u00f6zl\u0259rin\u0259 m\u00fcxt\u0259lif y\u00f6nd\u0259n yana\u015f\u0131rlar\" \/>\n<meta property=\"og:url\" content=\"https:\/\/www.meydan.tv\/az\/article\/ilham-eliyevin-balanslasdirilmis-xarici-siyasetden-imtina-beyanatinin-arxasinda-ne-dayanib\/\" \/>\n<meta property=\"og:site_name\" content=\"MEYDAN.TV\" \/>\n<meta property=\"article:published_time\" content=\"2019-02-23T18:52:14+00:00\" \/>\n<meta property=\"og:image\" content=\"https:\/\/www.meydan.tv\/wp-content\/uploads\/47338.jpg\" \/>\n\t<meta property=\"og:image:width\" content=\"1000\" \/>\n\t<meta property=\"og:image:height\" content=\"656\" \/>\n\t<meta property=\"og:image:type\" content=\"image\/jpeg\" \/>\n<meta name=\"author\" content=\"user-manager\" \/>\n<meta name=\"twitter:card\" content=\"summary_large_image\" \/>\n<script type=\"application\/ld+json\" class=\"yoast-schema-graph\">{\"@context\":\"https:\\\/\\\/schema.org\",\"@graph\":[{\"@type\":\"Article\",\"@id\":\"https:\\\/\\\/www.meydan.tv\\\/az\\\/article\\\/ilham-eliyevin-balanslasdirilmis-xarici-siyasetden-imtina-beyanatinin-arxasinda-ne-dayanib\\\/#article\",\"isPartOf\":{\"@id\":\"https:\\\/\\\/www.meydan.tv\\\/az\\\/article\\\/ilham-eliyevin-balanslasdirilmis-xarici-siyasetden-imtina-beyanatinin-arxasinda-ne-dayanib\\\/\"},\"author\":{\"name\":\"user-manager\",\"@id\":\"https:\\\/\\\/www.meydan.tv\\\/az\\\/#\\\/schema\\\/person\\\/10d11eccf6da3662cf5fdab9806ea91a\"},\"headline\":\"\u0130lham \u018fliyevin balansla\u015fd\u0131r\u0131lm\u0131\u015f xarici siyas\u0259td\u0259n imtina b\u0259yanat\u0131n\u0131n arxas\u0131nda n\u0259 dayan\u0131b?\",\"datePublished\":\"2019-02-23T18:52:14+00:00\",\"mainEntityOfPage\":{\"@id\":\"https:\\\/\\\/www.meydan.tv\\\/az\\\/article\\\/ilham-eliyevin-balanslasdirilmis-xarici-siyasetden-imtina-beyanatinin-arxasinda-ne-dayanib\\\/\"},\"wordCount\":1326,\"publisher\":{\"@id\":\"https:\\\/\\\/www.meydan.tv\\\/az\\\/#organization\"},\"image\":{\"@id\":\"https:\\\/\\\/www.meydan.tv\\\/az\\\/article\\\/ilham-eliyevin-balanslasdirilmis-xarici-siyasetden-imtina-beyanatinin-arxasinda-ne-dayanib\\\/#primaryimage\"},\"thumbnailUrl\":\"https:\\\/\\\/www.meydan.tv\\\/wp-content\\\/uploads\\\/47338.jpg\",\"articleSection\":[\"Analitika\"],\"inLanguage\":\"az\"},{\"@type\":\"WebPage\",\"@id\":\"https:\\\/\\\/www.meydan.tv\\\/az\\\/article\\\/ilham-eliyevin-balanslasdirilmis-xarici-siyasetden-imtina-beyanatinin-arxasinda-ne-dayanib\\\/\",\"url\":\"https:\\\/\\\/www.meydan.tv\\\/az\\\/article\\\/ilham-eliyevin-balanslasdirilmis-xarici-siyasetden-imtina-beyanatinin-arxasinda-ne-dayanib\\\/\",\"name\":\"\u0130lham \u018fliyevin balansla\u015fd\u0131r\u0131lm\u0131\u015f xarici siyas\u0259td\u0259n imtina b\u0259yanat\u0131n\u0131n arxas\u0131nda n\u0259 dayan\u0131b? - MEYDAN.TV\",\"isPartOf\":{\"@id\":\"https:\\\/\\\/www.meydan.tv\\\/az\\\/#website\"},\"primaryImageOfPage\":{\"@id\":\"https:\\\/\\\/www.meydan.tv\\\/az\\\/article\\\/ilham-eliyevin-balanslasdirilmis-xarici-siyasetden-imtina-beyanatinin-arxasinda-ne-dayanib\\\/#primaryimage\"},\"image\":{\"@id\":\"https:\\\/\\\/www.meydan.tv\\\/az\\\/article\\\/ilham-eliyevin-balanslasdirilmis-xarici-siyasetden-imtina-beyanatinin-arxasinda-ne-dayanib\\\/#primaryimage\"},\"thumbnailUrl\":\"https:\\\/\\\/www.meydan.tv\\\/wp-content\\\/uploads\\\/47338.jpg\",\"datePublished\":\"2019-02-23T18:52:14+00:00\",\"breadcrumb\":{\"@id\":\"https:\\\/\\\/www.meydan.tv\\\/az\\\/article\\\/ilham-eliyevin-balanslasdirilmis-xarici-siyasetden-imtina-beyanatinin-arxasinda-ne-dayanib\\\/#breadcrumb\"},\"inLanguage\":\"az\",\"potentialAction\":[{\"@type\":\"ReadAction\",\"target\":[\"https:\\\/\\\/www.meydan.tv\\\/az\\\/article\\\/ilham-eliyevin-balanslasdirilmis-xarici-siyasetden-imtina-beyanatinin-arxasinda-ne-dayanib\\\/\"]}]},{\"@type\":\"ImageObject\",\"inLanguage\":\"az\",\"@id\":\"https:\\\/\\\/www.meydan.tv\\\/az\\\/article\\\/ilham-eliyevin-balanslasdirilmis-xarici-siyasetden-imtina-beyanatinin-arxasinda-ne-dayanib\\\/#primaryimage\",\"url\":\"https:\\\/\\\/www.meydan.tv\\\/wp-content\\\/uploads\\\/47338.jpg\",\"contentUrl\":\"https:\\\/\\\/www.meydan.tv\\\/wp-content\\\/uploads\\\/47338.jpg\",\"width\":1000,\"height\":656,\"caption\":\"Source:\"},{\"@type\":\"BreadcrumbList\",\"@id\":\"https:\\\/\\\/www.meydan.tv\\\/az\\\/article\\\/ilham-eliyevin-balanslasdirilmis-xarici-siyasetden-imtina-beyanatinin-arxasinda-ne-dayanib\\\/#breadcrumb\",\"itemListElement\":[{\"@type\":\"ListItem\",\"position\":1,\"name\":\"Ana s\u0259hif\u0259\",\"item\":\"https:\\\/\\\/www.meydan.tv\\\/az\\\/\"},{\"@type\":\"ListItem\",\"position\":2,\"name\":\"Analitika\",\"item\":\"https:\\\/\\\/www.meydan.tv\\\/az\\\/section\\\/analitika\\\/\"},{\"@type\":\"ListItem\",\"position\":3,\"name\":\"\u0130lham \u018fliyevin balansla\u015fd\u0131r\u0131lm\u0131\u015f xarici siyas\u0259td\u0259n imtina b\u0259yanat\u0131n\u0131n arxas\u0131nda n\u0259 dayan\u0131b?\"}]},{\"@type\":\"WebSite\",\"@id\":\"https:\\\/\\\/www.meydan.tv\\\/az\\\/#website\",\"url\":\"https:\\\/\\\/www.meydan.tv\\\/az\\\/\",\"name\":\"MEYDAN.TV\",\"description\":\"Meydan TV Az\u0259rbaycan\u0131n media m\u0259kan\u0131ndak\u0131 alternativ s\u0259sidir\",\"publisher\":{\"@id\":\"https:\\\/\\\/www.meydan.tv\\\/az\\\/#organization\"},\"potentialAction\":[{\"@type\":\"SearchAction\",\"target\":{\"@type\":\"EntryPoint\",\"urlTemplate\":\"https:\\\/\\\/www.meydan.tv\\\/az\\\/?s={search_term_string}\"},\"query-input\":{\"@type\":\"PropertyValueSpecification\",\"valueRequired\":true,\"valueName\":\"search_term_string\"}}],\"inLanguage\":\"az\"},{\"@type\":\"Organization\",\"@id\":\"https:\\\/\\\/www.meydan.tv\\\/az\\\/#organization\",\"name\":\"Meydan TV\",\"url\":\"https:\\\/\\\/www.meydan.tv\\\/az\\\/\",\"logo\":{\"@type\":\"ImageObject\",\"inLanguage\":\"az\",\"@id\":\"https:\\\/\\\/www.meydan.tv\\\/az\\\/#\\\/schema\\\/logo\\\/image\\\/\",\"url\":\"https:\\\/\\\/www.meydan.tv\\\/wp-content\\\/uploads\\\/2021\\\/07\\\/meydan-logo.svg\",\"contentUrl\":\"https:\\\/\\\/www.meydan.tv\\\/wp-content\\\/uploads\\\/2021\\\/07\\\/meydan-logo.svg\",\"width\":195,\"height\":46,\"caption\":\"Meydan TV\"},\"image\":{\"@id\":\"https:\\\/\\\/www.meydan.tv\\\/az\\\/#\\\/schema\\\/logo\\\/image\\\/\"}},{\"@type\":\"Person\",\"@id\":\"https:\\\/\\\/www.meydan.tv\\\/az\\\/#\\\/schema\\\/person\\\/10d11eccf6da3662cf5fdab9806ea91a\",\"name\":\"user-manager\"}]}<\/script>\n<!-- \/ Yoast SEO plugin. -->","yoast_head_json":{"title":"\u0130lham \u018fliyevin balansla\u015fd\u0131r\u0131lm\u0131\u015f xarici siyas\u0259td\u0259n imtina b\u0259yanat\u0131n\u0131n arxas\u0131nda n\u0259 dayan\u0131b? - MEYDAN.TV","robots":{"index":"index","follow":"follow","max-snippet":"max-snippet:-1","max-image-preview":"max-image-preview:large","max-video-preview":"max-video-preview:-1"},"canonical":"https:\/\/www.meydan.tv\/az\/article\/ilham-eliyevin-balanslasdirilmis-xarici-siyasetden-imtina-beyanatinin-arxasinda-ne-dayanib\/","og_locale":"az_AZ","og_type":"article","og_title":"\u0130lham \u018fliyevin balansla\u015fd\u0131r\u0131lm\u0131\u015f xarici siyas\u0259td\u0259n imtina b\u0259yanat\u0131n\u0131n arxas\u0131nda n\u0259 dayan\u0131b? - MEYDAN.TV","og_description":"Ekspertl\u0259r prezidentin s\u00f6zl\u0259rin\u0259 m\u00fcxt\u0259lif y\u00f6nd\u0259n yana\u015f\u0131rlar","og_url":"https:\/\/www.meydan.tv\/az\/article\/ilham-eliyevin-balanslasdirilmis-xarici-siyasetden-imtina-beyanatinin-arxasinda-ne-dayanib\/","og_site_name":"MEYDAN.TV","article_published_time":"2019-02-23T18:52:14+00:00","og_image":[{"width":1000,"height":656,"url":"https:\/\/www.meydan.tv\/wp-content\/uploads\/47338.jpg","type":"image\/jpeg"}],"author":"user-manager","twitter_card":"summary_large_image","schema":{"@context":"https:\/\/schema.org","@graph":[{"@type":"Article","@id":"https:\/\/www.meydan.tv\/az\/article\/ilham-eliyevin-balanslasdirilmis-xarici-siyasetden-imtina-beyanatinin-arxasinda-ne-dayanib\/#article","isPartOf":{"@id":"https:\/\/www.meydan.tv\/az\/article\/ilham-eliyevin-balanslasdirilmis-xarici-siyasetden-imtina-beyanatinin-arxasinda-ne-dayanib\/"},"author":{"name":"user-manager","@id":"https:\/\/www.meydan.tv\/az\/#\/schema\/person\/10d11eccf6da3662cf5fdab9806ea91a"},"headline":"\u0130lham \u018fliyevin balansla\u015fd\u0131r\u0131lm\u0131\u015f xarici siyas\u0259td\u0259n imtina b\u0259yanat\u0131n\u0131n arxas\u0131nda n\u0259 dayan\u0131b?","datePublished":"2019-02-23T18:52:14+00:00","mainEntityOfPage":{"@id":"https:\/\/www.meydan.tv\/az\/article\/ilham-eliyevin-balanslasdirilmis-xarici-siyasetden-imtina-beyanatinin-arxasinda-ne-dayanib\/"},"wordCount":1326,"publisher":{"@id":"https:\/\/www.meydan.tv\/az\/#organization"},"image":{"@id":"https:\/\/www.meydan.tv\/az\/article\/ilham-eliyevin-balanslasdirilmis-xarici-siyasetden-imtina-beyanatinin-arxasinda-ne-dayanib\/#primaryimage"},"thumbnailUrl":"https:\/\/www.meydan.tv\/wp-content\/uploads\/47338.jpg","articleSection":["Analitika"],"inLanguage":"az"},{"@type":"WebPage","@id":"https:\/\/www.meydan.tv\/az\/article\/ilham-eliyevin-balanslasdirilmis-xarici-siyasetden-imtina-beyanatinin-arxasinda-ne-dayanib\/","url":"https:\/\/www.meydan.tv\/az\/article\/ilham-eliyevin-balanslasdirilmis-xarici-siyasetden-imtina-beyanatinin-arxasinda-ne-dayanib\/","name":"\u0130lham \u018fliyevin balansla\u015fd\u0131r\u0131lm\u0131\u015f xarici siyas\u0259td\u0259n imtina b\u0259yanat\u0131n\u0131n arxas\u0131nda n\u0259 dayan\u0131b? - MEYDAN.TV","isPartOf":{"@id":"https:\/\/www.meydan.tv\/az\/#website"},"primaryImageOfPage":{"@id":"https:\/\/www.meydan.tv\/az\/article\/ilham-eliyevin-balanslasdirilmis-xarici-siyasetden-imtina-beyanatinin-arxasinda-ne-dayanib\/#primaryimage"},"image":{"@id":"https:\/\/www.meydan.tv\/az\/article\/ilham-eliyevin-balanslasdirilmis-xarici-siyasetden-imtina-beyanatinin-arxasinda-ne-dayanib\/#primaryimage"},"thumbnailUrl":"https:\/\/www.meydan.tv\/wp-content\/uploads\/47338.jpg","datePublished":"2019-02-23T18:52:14+00:00","breadcrumb":{"@id":"https:\/\/www.meydan.tv\/az\/article\/ilham-eliyevin-balanslasdirilmis-xarici-siyasetden-imtina-beyanatinin-arxasinda-ne-dayanib\/#breadcrumb"},"inLanguage":"az","potentialAction":[{"@type":"ReadAction","target":["https:\/\/www.meydan.tv\/az\/article\/ilham-eliyevin-balanslasdirilmis-xarici-siyasetden-imtina-beyanatinin-arxasinda-ne-dayanib\/"]}]},{"@type":"ImageObject","inLanguage":"az","@id":"https:\/\/www.meydan.tv\/az\/article\/ilham-eliyevin-balanslasdirilmis-xarici-siyasetden-imtina-beyanatinin-arxasinda-ne-dayanib\/#primaryimage","url":"https:\/\/www.meydan.tv\/wp-content\/uploads\/47338.jpg","contentUrl":"https:\/\/www.meydan.tv\/wp-content\/uploads\/47338.jpg","width":1000,"height":656,"caption":"Source:"},{"@type":"BreadcrumbList","@id":"https:\/\/www.meydan.tv\/az\/article\/ilham-eliyevin-balanslasdirilmis-xarici-siyasetden-imtina-beyanatinin-arxasinda-ne-dayanib\/#breadcrumb","itemListElement":[{"@type":"ListItem","position":1,"name":"Ana s\u0259hif\u0259","item":"https:\/\/www.meydan.tv\/az\/"},{"@type":"ListItem","position":2,"name":"Analitika","item":"https:\/\/www.meydan.tv\/az\/section\/analitika\/"},{"@type":"ListItem","position":3,"name":"\u0130lham \u018fliyevin balansla\u015fd\u0131r\u0131lm\u0131\u015f xarici siyas\u0259td\u0259n imtina b\u0259yanat\u0131n\u0131n arxas\u0131nda n\u0259 dayan\u0131b?"}]},{"@type":"WebSite","@id":"https:\/\/www.meydan.tv\/az\/#website","url":"https:\/\/www.meydan.tv\/az\/","name":"MEYDAN.TV","description":"Meydan TV Az\u0259rbaycan\u0131n media m\u0259kan\u0131ndak\u0131 alternativ s\u0259sidir","publisher":{"@id":"https:\/\/www.meydan.tv\/az\/#organization"},"potentialAction":[{"@type":"SearchAction","target":{"@type":"EntryPoint","urlTemplate":"https:\/\/www.meydan.tv\/az\/?s={search_term_string}"},"query-input":{"@type":"PropertyValueSpecification","valueRequired":true,"valueName":"search_term_string"}}],"inLanguage":"az"},{"@type":"Organization","@id":"https:\/\/www.meydan.tv\/az\/#organization","name":"Meydan TV","url":"https:\/\/www.meydan.tv\/az\/","logo":{"@type":"ImageObject","inLanguage":"az","@id":"https:\/\/www.meydan.tv\/az\/#\/schema\/logo\/image\/","url":"https:\/\/www.meydan.tv\/wp-content\/uploads\/2021\/07\/meydan-logo.svg","contentUrl":"https:\/\/www.meydan.tv\/wp-content\/uploads\/2021\/07\/meydan-logo.svg","width":195,"height":46,"caption":"Meydan TV"},"image":{"@id":"https:\/\/www.meydan.tv\/az\/#\/schema\/logo\/image\/"}},{"@type":"Person","@id":"https:\/\/www.meydan.tv\/az\/#\/schema\/person\/10d11eccf6da3662cf5fdab9806ea91a","name":"user-manager"}]}},"_links":{"self":[{"href":"https:\/\/www.meydan.tv\/az\/wp-json\/wp\/v2\/posts\/194187","targetHints":{"allow":["GET"]}}],"collection":[{"href":"https:\/\/www.meydan.tv\/az\/wp-json\/wp\/v2\/posts"}],"about":[{"href":"https:\/\/www.meydan.tv\/az\/wp-json\/wp\/v2\/types\/post"}],"author":[{"embeddable":true,"href":"https:\/\/www.meydan.tv\/az\/wp-json\/wp\/v2\/users\/11"}],"replies":[{"embeddable":true,"href":"https:\/\/www.meydan.tv\/az\/wp-json\/wp\/v2\/comments?post=194187"}],"version-history":[{"count":0,"href":"https:\/\/www.meydan.tv\/az\/wp-json\/wp\/v2\/posts\/194187\/revisions"}],"wp:featuredmedia":[{"embeddable":true,"href":"https:\/\/www.meydan.tv\/az\/wp-json\/wp\/v2\/media\/118675"}],"wp:attachment":[{"href":"https:\/\/www.meydan.tv\/az\/wp-json\/wp\/v2\/media?parent=194187"}],"wp:term":[{"taxonomy":"category","embeddable":true,"href":"https:\/\/www.meydan.tv\/az\/wp-json\/wp\/v2\/categories?post=194187"},{"taxonomy":"post_tag","embeddable":true,"href":"https:\/\/www.meydan.tv\/az\/wp-json\/wp\/v2\/tags?post=194187"}],"curies":[{"name":"wp","href":"https:\/\/api.w.org\/{rel}","templated":true}]}}