{"id":194186,"date":"2019-02-24T11:16:46","date_gmt":"2019-02-24T11:16:46","guid":{"rendered":"https:\/\/www.meydan.tv\/article\/qaradagli-sakinleri-daha-yolu-baglamaq-da-kara-gelmir\/"},"modified":"2019-02-24T11:16:46","modified_gmt":"2019-02-24T11:16:46","slug":"qaradagli-sakinleri-daha-yolu-baglamaq-da-kara-gelmir","status":"publish","type":"post","link":"https:\/\/www.meydan.tv\/az\/article\/qaradagli-sakinleri-daha-yolu-baglamaq-da-kara-gelmir\/","title":{"rendered":"Qarada\u011fl\u0131 sakinl\u0259ri: Daha yolu ba\u011flamaq da kara g\u0259lmir"},"content":{"rendered":"<figure class=\"wp-block-image size-large\">\n  <img decoding=\"async\" src=\"https:\/\/www.meydan.tv\/az\/118684\/\" alt=\"\" class=\"wp-image-118684\"\/><figcaption><\/figcaption><\/figure>\n<p>\n  <i><br \/>\n    K\u0259nd sakinl\u0259ri susuzluqdan, yolsuzluqdan \u015fikay\u0259t\u00e7idir<br \/>\n  <\/i><\/p>\n<p>  \u201cN\u0259 yolumuz var, n\u0259 suyumuz\u2026 Tez-tez y\u0131\u011f\u0131\u015f\u0131b yolu ba\u011flay\u0131r\u0131q, ancaq h\u00f6kum\u0259t qurumlar\u0131 art\u0131q bunu da vecl\u0259rin\u0259 alm\u0131rlar. Allah \u00fcmidin\u0259 ya\u015fayan adamlar\u0131q\u201d.<\/p>\n<p>  A\u011fda\u015f\u0131n Qarada\u011fl\u0131 k\u0259nd sakinl\u0259ri Meydan TV-y\u0259 sosial probleml\u0259rind\u0259n dan\u0131\u015f\u0131rlar. Onlar\u0131n s\u00f6zl\u0259rin\u0259 g\u00f6r\u0259, k\u0259ndin \u0259sas problemi susuzluq v\u0259 yolsuzluqdur. K\u0259nd sakinl\u0259ri iddia edirl\u0259r ki, d\u00f6vl\u0259t layih\u0259l\u0259ri yaln\u0131z A\u011fda\u015f \u015f\u0259h\u0259rind\u0259 apar\u0131l\u0131r, k\u0259ndl\u0259rd\u0259 diqq\u0259t g\u00f6st\u0259rilmir. \u018fziyy\u0259ts\u0259 k\u0259ndl\u0259rd\u0259 ya\u015fayanlara d\u00fc\u015f\u00fcr.\n<\/p>\n<blockquote><p>\n  Pullar\u0131 \u015f\u0259h\u0259r\u0259 t\u00f6k\u00fcrl\u0259r, k\u0259nd yada d\u00fc\u015fm\u00fcr\n<\/p><\/blockquote>\n<p>\n  K\u0259nd sakini Ziv\u0259r Aslanovan\u0131n arzusu k\u0259ndd\u0259ki sosial probleml\u0259rin h\u0259llidir:\n<\/p>\n<p>\n  \u201cA\u011fda\u015fa ayr\u0131lan pullarla el\u0259 \u015f\u0259h\u0259ri b\u0259z\u0259yirl\u0259r, quruculuq, abadl\u0131q, su, yol i\u015fl\u0259ri el\u0259 \u015f\u0259h\u0259rd\u0259 qald\u0131, g\u0259lib k\u0259ndl\u0259r\u0259 \u00e7\u0131xmad\u0131. T\u0259kc\u0259 bizim k\u0259ndd\u0259 300-d\u0259n \u00e7ox ail\u0259 var. \u0130ll\u0259rdir ki, susuzluq, yolsuzluq ax\u0131r\u0131m\u0131za \u00e7\u0131x\u0131r. Bu iki problem insanlar\u0131 \u00e7ox geriy\u0259 sal\u0131r. M\u0259kt\u0259blil\u0259r q\u0131\u015f aylar\u0131nda yollarda \u00e7ox \u0259ziyy\u0259t \u00e7\u0259kirl\u0259r. N\u0259 q\u0259d\u0259r diz\u0259 q\u0259d\u0259r pal\u00e7\u0131qda s\u00fcr\u00fcnm\u0259k olar? Biri a\u011fr\u0131yanda t\u0259cili yard\u0131m vaxt\u0131nda yeti\u015f\u0259 bilmir\u201d.<\/p>\n<p>  Sakinl\u0259r yollar\u0131n t\u0259miri \u00fc\u00e7\u00fcn d\u0259f\u0259l\u0259rl\u0259 yerli icra hakimiyy\u0259tin\u0259, dig\u0259r aidiyy\u0259ti qurumlara m\u00fcraci\u0259t edibl\u0259r. K\u0259nd sakini deyir, h\u0259r d\u0259f\u0259 onlar\u0131 \u015firin v\u0259dl\u0259rl\u0259 yola sal\u0131blar:\n<\/p>\n<p>\n  \u201cDeyirl\u0259r, s\u0259brli olun, d\u00fcz\u0259l\u0259c\u0259k. \u00d6zl\u0259ri d\u0259 yalan dan\u0131\u015fd\u0131qlar\u0131n\u0131 yax\u015f\u0131 bilirl\u0259r, ancaq yen\u0259 dan\u0131\u015f\u0131rlar. Yolu da ba\u011flay\u0131r\u0131q, xeyri yoxdur, m\u0259murlar\u0131n vecin\u0259 d\u0259 deyil\u201d.<\/p>\n<blockquote><p>\n  Heyvanlar\u0131 da\u015f\u0131d\u0131\u011f\u0131m\u0131z su il\u0259 suvar\u0131r\u0131q\n<\/p><\/blockquote>\n<p>\n  <br \/>\n  K\u0259nd sakinl\u0259ri ilin b\u00fct\u00fcn f\u0259sill\u0259rind\u0259 suyu bir ne\u00e7\u0259 kilometr k\u0259nardan da\u015f\u0131y\u0131r. Bu k\u0259ndd\u0259 susuzluq \u00fcz\u00fcnd\u0259n insanlar \u0259kin m\u00f6vs\u00fcml\u0259rind\u0259 \u0259kinl\u0259 m\u0259\u015f\u011ful ola bilmirl\u0259r. Nail\u0259 Ba\u011f\u0131rova:<\/p>\n<p>  \u201c\u0130\u015fsizlik ba\u015f al\u0131b gedir, bir az torpa\u011f\u0131m\u0131z var, suyumuz yoxdur dey\u0259, \u0259kib m\u0259hsul g\u00f6t\u00fcr\u0259 bilmirik. Yayda torpaqlar\u0131m\u0131z susuzluqdan cadar-cadar olur. N\u0259 i\u00e7m\u0259li, n\u0259 d\u0259 t\u0259s\u0259rr\u00fcfat \u00fc\u00e7\u00fcn su var. Mal\u0131-heyvan\u0131 vedr\u0259yl\u0259 da\u015f\u0131d\u0131\u011f\u0131m\u0131z suyla suvar\u0131r\u0131q\u201d.<\/p>\n<blockquote><p>\n  Yolu ba\u011flad\u0131q, vecl\u0259rin\u0259 d\u0259 olmad\u0131\n<\/p><\/blockquote>\n<p>\n  <br \/>\n  K\u0259ndlil\u0259r \u0259n son bu il yanvar\u0131n 24-d\u0259 topla\u015f\u0131b Bak\u0131-\u015eamax\u0131-Yevlax yolunun Qarada\u011fl\u0131 k\u0259ndind\u0259n ke\u00e7\u0259n hiss\u0259sini ba\u011flay\u0131blar. Ancaq \u00f6zl\u0259ri d\u0259 t\u0259\u0259cc\u00fcb qal\u0131blar ki, bu d\u0259f\u0259 onlar\u0131n yol ba\u011flama aksiyas\u0131na he\u00e7 bir qurum reaksiya verm\u0259yib:<\/p>\n<p>  \u201c\u018fvv\u0259ll\u0259r he\u00e7 olmasa yol ba\u011flananda narahat olurdular, g\u0259lib v\u0259t\u0259nda\u015f\u0131n d\u0259rdini dinl\u0259yirdil\u0259r, v\u0259t\u0259nda\u015f\u0131 dil\u0259 tuturdular, he\u00e7 olmasa, t\u0259l\u0259bini qism\u0259n yerin\u0259 yetirirdil\u0259r. \u0130ndi vecl\u0259rin\u0259 d\u0259 deyil. \u00d6z\u00fcm\u00fcz yolu ba\u011flad\u0131q, \u00f6z\u00fcm\u00fcz d\u0259 a\u00e7d\u0131q&#8230; Y\u0259ni ki, v\u0259t\u0259nda\u015f, m\u0259n s\u0259ni saym\u0131ram, ist\u0259yirs\u0259n, lap yolun ortas\u0131na \u2013 y\u00fck ma\u015f\u0131nlar\u0131n\u0131n alt\u0131na uzan&#8230;\u201d<br \/>\n  \n<\/p>\n<blockquote><p>\n  Yol \u00e7\u0259kilir, qaz \u00e7\u0259kilir, i\u015fl\u0259r gedir\n<\/p><\/blockquote>\n<p>\n  <br \/>\n  A\u011fda\u015f Rayon \u0130cra Hakimiyy\u0259tind\u0259n bildirilib ki, rayonda iki istiqam\u0259t \u00fczr\u0259, \u00fcmumilikd\u0259, 17 k\u0259ndi birl\u0259\u015fdir\u0259n v\u0259 60 kilometr uzunlu\u011fu olan m\u00fcasir avtomobil yollar\u0131 in\u015fa edilir. K\u0259ndl\u0259rin qazla\u015fd\u0131r\u0131lmas\u0131, su t\u0259chizat\u0131n\u0131n yax\u015f\u0131la\u015fd\u0131r\u0131lmas\u0131 i\u015fl\u0259ri davam edir. Bu i\u015fl\u0259r n\u00f6vb\u0259li \u015f\u0259kild\u0259 g\u00f6r\u00fcl\u00fcr. Qarada\u011fl\u0131 k\u0259ndin\u0259 g\u0259linc\u0259, h\u0259min k\u0259ndd\u0259 \u0259halinin su problemi yoxdur. Yollar\u0131n t\u0259miri diqq\u0259td\u0259dir.<\/p>\n<p>  Son 10 ild\u0259 A\u011fda\u015f \u015f\u0259h\u0259rind\u0259 su t\u0259chizat\u0131 v\u0259 kanalizasiya investisiya proqram\u0131 \u00e7\u0259r\u00e7iv\u0259sind\u0259 i\u00e7m\u0259li su v\u0259 kanalizasiya sisteml\u0259rinin yenid\u0259n qurulmas\u0131 \u00fczr\u0259 irimiqyasl\u0131 i\u015fl\u0259r g\u00f6r\u00fcl\u00fcb. Yenid\u0259nqurma, abadl\u0131q i\u015fl\u0259ri apar\u0131l\u0131b. Ancaq sakinl\u0259rin d\u0259 dediyi kimi, k\u0259ndl\u0259r\u0259 t\u0259r\u0259f \u00fcz tutanda b\u00fct\u00fcn yenilikl\u0259r gerid\u0259 , A\u011fda\u015f\u0131n m\u0259rk\u0259zind\u0259 qalm\u0131\u015f olur.<\/p>\n<p>  Qarada\u011fl\u0131 k\u0259ndind\u0259 300-\u0259 yax\u0131n ail\u0259 ya\u015fay\u0131r. K\u0259ndd\u0259 i\u015fsizlik problemi d\u0259 m\u00f6vcuddur.\n<\/p><\/p>\n","protected":false},"excerpt":{"rendered":"<p>K\u0259nd sakinl\u0259ri susuzluqdan, yolsuzluqdan \u015fikay\u0259t\u00e7idir<\/p>\n","protected":false},"author":11,"featured_media":118684,"comment_status":"closed","ping_status":"open","sticky":false,"template":"","format":"standard","meta":{"_acf_changed":false,"_sitemap_exclude":false,"_sitemap_priority":"","_sitemap_frequency":"","footnotes":""},"categories":[60],"tags":[],"class_list":["post-194186","post","type-post","status-publish","format-standard","has-post-thumbnail","hentry","category-bolge","infinite-scroll-item","generate-columns","tablet-grid-50","mobile-grid-100","grid-parent","grid-33","no-featured-image-padding"],"acf":[],"yoast_head":"<!-- This site is optimized with the Yoast SEO plugin v27.4 - https:\/\/yoast.com\/product\/yoast-seo-wordpress\/ -->\n<title>Qarada\u011fl\u0131 sakinl\u0259ri: Daha yolu ba\u011flamaq da kara g\u0259lmir - MEYDAN.TV<\/title>\n<meta name=\"robots\" content=\"index, follow, max-snippet:-1, max-image-preview:large, max-video-preview:-1\" \/>\n<link rel=\"canonical\" href=\"https:\/\/www.meydan.tv\/az\/article\/qaradagli-sakinleri-daha-yolu-baglamaq-da-kara-gelmir\/\" \/>\n<meta property=\"og:locale\" content=\"az_AZ\" \/>\n<meta property=\"og:type\" content=\"article\" \/>\n<meta property=\"og:title\" content=\"Qarada\u011fl\u0131 sakinl\u0259ri: Daha yolu ba\u011flamaq da kara g\u0259lmir - MEYDAN.TV\" \/>\n<meta property=\"og:description\" content=\"K\u0259nd sakinl\u0259ri susuzluqdan, yolsuzluqdan \u015fikay\u0259t\u00e7idir\" \/>\n<meta property=\"og:url\" content=\"https:\/\/www.meydan.tv\/az\/article\/qaradagli-sakinleri-daha-yolu-baglamaq-da-kara-gelmir\/\" \/>\n<meta property=\"og:site_name\" content=\"MEYDAN.TV\" \/>\n<meta property=\"article:published_time\" content=\"2019-02-24T11:16:46+00:00\" \/>\n<meta property=\"og:image\" content=\"https:\/\/www.meydan.tv\/wp-content\/uploads\/47339.jpg\" \/>\n\t<meta property=\"og:image:width\" content=\"712\" \/>\n\t<meta property=\"og:image:height\" content=\"534\" \/>\n\t<meta property=\"og:image:type\" content=\"image\/jpeg\" \/>\n<meta name=\"author\" content=\"user-manager\" \/>\n<meta name=\"twitter:card\" content=\"summary_large_image\" \/>\n<script type=\"application\/ld+json\" class=\"yoast-schema-graph\">{\"@context\":\"https:\\\/\\\/schema.org\",\"@graph\":[{\"@type\":\"Article\",\"@id\":\"https:\\\/\\\/www.meydan.tv\\\/az\\\/article\\\/qaradagli-sakinleri-daha-yolu-baglamaq-da-kara-gelmir\\\/#article\",\"isPartOf\":{\"@id\":\"https:\\\/\\\/www.meydan.tv\\\/az\\\/article\\\/qaradagli-sakinleri-daha-yolu-baglamaq-da-kara-gelmir\\\/\"},\"author\":{\"name\":\"user-manager\",\"@id\":\"https:\\\/\\\/www.meydan.tv\\\/az\\\/#\\\/schema\\\/person\\\/10d11eccf6da3662cf5fdab9806ea91a\"},\"headline\":\"Qarada\u011fl\u0131 sakinl\u0259ri: Daha yolu ba\u011flamaq da kara g\u0259lmir\",\"datePublished\":\"2019-02-24T11:16:46+00:00\",\"mainEntityOfPage\":{\"@id\":\"https:\\\/\\\/www.meydan.tv\\\/az\\\/article\\\/qaradagli-sakinleri-daha-yolu-baglamaq-da-kara-gelmir\\\/\"},\"wordCount\":772,\"publisher\":{\"@id\":\"https:\\\/\\\/www.meydan.tv\\\/az\\\/#organization\"},\"image\":{\"@id\":\"https:\\\/\\\/www.meydan.tv\\\/az\\\/article\\\/qaradagli-sakinleri-daha-yolu-baglamaq-da-kara-gelmir\\\/#primaryimage\"},\"thumbnailUrl\":\"https:\\\/\\\/www.meydan.tv\\\/wp-content\\\/uploads\\\/47339.jpg\",\"articleSection\":[\"B\u00f6lg\u0259\"],\"inLanguage\":\"az\"},{\"@type\":\"WebPage\",\"@id\":\"https:\\\/\\\/www.meydan.tv\\\/az\\\/article\\\/qaradagli-sakinleri-daha-yolu-baglamaq-da-kara-gelmir\\\/\",\"url\":\"https:\\\/\\\/www.meydan.tv\\\/az\\\/article\\\/qaradagli-sakinleri-daha-yolu-baglamaq-da-kara-gelmir\\\/\",\"name\":\"Qarada\u011fl\u0131 sakinl\u0259ri: Daha yolu ba\u011flamaq da kara g\u0259lmir - MEYDAN.TV\",\"isPartOf\":{\"@id\":\"https:\\\/\\\/www.meydan.tv\\\/az\\\/#website\"},\"primaryImageOfPage\":{\"@id\":\"https:\\\/\\\/www.meydan.tv\\\/az\\\/article\\\/qaradagli-sakinleri-daha-yolu-baglamaq-da-kara-gelmir\\\/#primaryimage\"},\"image\":{\"@id\":\"https:\\\/\\\/www.meydan.tv\\\/az\\\/article\\\/qaradagli-sakinleri-daha-yolu-baglamaq-da-kara-gelmir\\\/#primaryimage\"},\"thumbnailUrl\":\"https:\\\/\\\/www.meydan.tv\\\/wp-content\\\/uploads\\\/47339.jpg\",\"datePublished\":\"2019-02-24T11:16:46+00:00\",\"breadcrumb\":{\"@id\":\"https:\\\/\\\/www.meydan.tv\\\/az\\\/article\\\/qaradagli-sakinleri-daha-yolu-baglamaq-da-kara-gelmir\\\/#breadcrumb\"},\"inLanguage\":\"az\",\"potentialAction\":[{\"@type\":\"ReadAction\",\"target\":[\"https:\\\/\\\/www.meydan.tv\\\/az\\\/article\\\/qaradagli-sakinleri-daha-yolu-baglamaq-da-kara-gelmir\\\/\"]}]},{\"@type\":\"ImageObject\",\"inLanguage\":\"az\",\"@id\":\"https:\\\/\\\/www.meydan.tv\\\/az\\\/article\\\/qaradagli-sakinleri-daha-yolu-baglamaq-da-kara-gelmir\\\/#primaryimage\",\"url\":\"https:\\\/\\\/www.meydan.tv\\\/wp-content\\\/uploads\\\/47339.jpg\",\"contentUrl\":\"https:\\\/\\\/www.meydan.tv\\\/wp-content\\\/uploads\\\/47339.jpg\",\"width\":712,\"height\":534,\"caption\":\"Source:\"},{\"@type\":\"BreadcrumbList\",\"@id\":\"https:\\\/\\\/www.meydan.tv\\\/az\\\/article\\\/qaradagli-sakinleri-daha-yolu-baglamaq-da-kara-gelmir\\\/#breadcrumb\",\"itemListElement\":[{\"@type\":\"ListItem\",\"position\":1,\"name\":\"Ana s\u0259hif\u0259\",\"item\":\"https:\\\/\\\/www.meydan.tv\\\/az\\\/\"},{\"@type\":\"ListItem\",\"position\":2,\"name\":\"B\u00f6lg\u0259\",\"item\":\"https:\\\/\\\/www.meydan.tv\\\/az\\\/section\\\/bolge\\\/\"},{\"@type\":\"ListItem\",\"position\":3,\"name\":\"Qarada\u011fl\u0131 sakinl\u0259ri: Daha yolu ba\u011flamaq da kara g\u0259lmir\"}]},{\"@type\":\"WebSite\",\"@id\":\"https:\\\/\\\/www.meydan.tv\\\/az\\\/#website\",\"url\":\"https:\\\/\\\/www.meydan.tv\\\/az\\\/\",\"name\":\"MEYDAN.TV\",\"description\":\"Meydan TV Az\u0259rbaycan\u0131n media m\u0259kan\u0131ndak\u0131 alternativ s\u0259sidir\",\"publisher\":{\"@id\":\"https:\\\/\\\/www.meydan.tv\\\/az\\\/#organization\"},\"potentialAction\":[{\"@type\":\"SearchAction\",\"target\":{\"@type\":\"EntryPoint\",\"urlTemplate\":\"https:\\\/\\\/www.meydan.tv\\\/az\\\/?s={search_term_string}\"},\"query-input\":{\"@type\":\"PropertyValueSpecification\",\"valueRequired\":true,\"valueName\":\"search_term_string\"}}],\"inLanguage\":\"az\"},{\"@type\":\"Organization\",\"@id\":\"https:\\\/\\\/www.meydan.tv\\\/az\\\/#organization\",\"name\":\"Meydan TV\",\"url\":\"https:\\\/\\\/www.meydan.tv\\\/az\\\/\",\"logo\":{\"@type\":\"ImageObject\",\"inLanguage\":\"az\",\"@id\":\"https:\\\/\\\/www.meydan.tv\\\/az\\\/#\\\/schema\\\/logo\\\/image\\\/\",\"url\":\"https:\\\/\\\/www.meydan.tv\\\/wp-content\\\/uploads\\\/2021\\\/07\\\/meydan-logo.svg\",\"contentUrl\":\"https:\\\/\\\/www.meydan.tv\\\/wp-content\\\/uploads\\\/2021\\\/07\\\/meydan-logo.svg\",\"width\":195,\"height\":46,\"caption\":\"Meydan TV\"},\"image\":{\"@id\":\"https:\\\/\\\/www.meydan.tv\\\/az\\\/#\\\/schema\\\/logo\\\/image\\\/\"}},{\"@type\":\"Person\",\"@id\":\"https:\\\/\\\/www.meydan.tv\\\/az\\\/#\\\/schema\\\/person\\\/10d11eccf6da3662cf5fdab9806ea91a\",\"name\":\"user-manager\"}]}<\/script>\n<!-- \/ Yoast SEO plugin. -->","yoast_head_json":{"title":"Qarada\u011fl\u0131 sakinl\u0259ri: Daha yolu ba\u011flamaq da kara g\u0259lmir - MEYDAN.TV","robots":{"index":"index","follow":"follow","max-snippet":"max-snippet:-1","max-image-preview":"max-image-preview:large","max-video-preview":"max-video-preview:-1"},"canonical":"https:\/\/www.meydan.tv\/az\/article\/qaradagli-sakinleri-daha-yolu-baglamaq-da-kara-gelmir\/","og_locale":"az_AZ","og_type":"article","og_title":"Qarada\u011fl\u0131 sakinl\u0259ri: Daha yolu ba\u011flamaq da kara g\u0259lmir - MEYDAN.TV","og_description":"K\u0259nd sakinl\u0259ri susuzluqdan, yolsuzluqdan \u015fikay\u0259t\u00e7idir","og_url":"https:\/\/www.meydan.tv\/az\/article\/qaradagli-sakinleri-daha-yolu-baglamaq-da-kara-gelmir\/","og_site_name":"MEYDAN.TV","article_published_time":"2019-02-24T11:16:46+00:00","og_image":[{"width":712,"height":534,"url":"https:\/\/www.meydan.tv\/wp-content\/uploads\/47339.jpg","type":"image\/jpeg"}],"author":"user-manager","twitter_card":"summary_large_image","schema":{"@context":"https:\/\/schema.org","@graph":[{"@type":"Article","@id":"https:\/\/www.meydan.tv\/az\/article\/qaradagli-sakinleri-daha-yolu-baglamaq-da-kara-gelmir\/#article","isPartOf":{"@id":"https:\/\/www.meydan.tv\/az\/article\/qaradagli-sakinleri-daha-yolu-baglamaq-da-kara-gelmir\/"},"author":{"name":"user-manager","@id":"https:\/\/www.meydan.tv\/az\/#\/schema\/person\/10d11eccf6da3662cf5fdab9806ea91a"},"headline":"Qarada\u011fl\u0131 sakinl\u0259ri: Daha yolu ba\u011flamaq da kara g\u0259lmir","datePublished":"2019-02-24T11:16:46+00:00","mainEntityOfPage":{"@id":"https:\/\/www.meydan.tv\/az\/article\/qaradagli-sakinleri-daha-yolu-baglamaq-da-kara-gelmir\/"},"wordCount":772,"publisher":{"@id":"https:\/\/www.meydan.tv\/az\/#organization"},"image":{"@id":"https:\/\/www.meydan.tv\/az\/article\/qaradagli-sakinleri-daha-yolu-baglamaq-da-kara-gelmir\/#primaryimage"},"thumbnailUrl":"https:\/\/www.meydan.tv\/wp-content\/uploads\/47339.jpg","articleSection":["B\u00f6lg\u0259"],"inLanguage":"az"},{"@type":"WebPage","@id":"https:\/\/www.meydan.tv\/az\/article\/qaradagli-sakinleri-daha-yolu-baglamaq-da-kara-gelmir\/","url":"https:\/\/www.meydan.tv\/az\/article\/qaradagli-sakinleri-daha-yolu-baglamaq-da-kara-gelmir\/","name":"Qarada\u011fl\u0131 sakinl\u0259ri: Daha yolu ba\u011flamaq da kara g\u0259lmir - MEYDAN.TV","isPartOf":{"@id":"https:\/\/www.meydan.tv\/az\/#website"},"primaryImageOfPage":{"@id":"https:\/\/www.meydan.tv\/az\/article\/qaradagli-sakinleri-daha-yolu-baglamaq-da-kara-gelmir\/#primaryimage"},"image":{"@id":"https:\/\/www.meydan.tv\/az\/article\/qaradagli-sakinleri-daha-yolu-baglamaq-da-kara-gelmir\/#primaryimage"},"thumbnailUrl":"https:\/\/www.meydan.tv\/wp-content\/uploads\/47339.jpg","datePublished":"2019-02-24T11:16:46+00:00","breadcrumb":{"@id":"https:\/\/www.meydan.tv\/az\/article\/qaradagli-sakinleri-daha-yolu-baglamaq-da-kara-gelmir\/#breadcrumb"},"inLanguage":"az","potentialAction":[{"@type":"ReadAction","target":["https:\/\/www.meydan.tv\/az\/article\/qaradagli-sakinleri-daha-yolu-baglamaq-da-kara-gelmir\/"]}]},{"@type":"ImageObject","inLanguage":"az","@id":"https:\/\/www.meydan.tv\/az\/article\/qaradagli-sakinleri-daha-yolu-baglamaq-da-kara-gelmir\/#primaryimage","url":"https:\/\/www.meydan.tv\/wp-content\/uploads\/47339.jpg","contentUrl":"https:\/\/www.meydan.tv\/wp-content\/uploads\/47339.jpg","width":712,"height":534,"caption":"Source:"},{"@type":"BreadcrumbList","@id":"https:\/\/www.meydan.tv\/az\/article\/qaradagli-sakinleri-daha-yolu-baglamaq-da-kara-gelmir\/#breadcrumb","itemListElement":[{"@type":"ListItem","position":1,"name":"Ana s\u0259hif\u0259","item":"https:\/\/www.meydan.tv\/az\/"},{"@type":"ListItem","position":2,"name":"B\u00f6lg\u0259","item":"https:\/\/www.meydan.tv\/az\/section\/bolge\/"},{"@type":"ListItem","position":3,"name":"Qarada\u011fl\u0131 sakinl\u0259ri: Daha yolu ba\u011flamaq da kara g\u0259lmir"}]},{"@type":"WebSite","@id":"https:\/\/www.meydan.tv\/az\/#website","url":"https:\/\/www.meydan.tv\/az\/","name":"MEYDAN.TV","description":"Meydan TV Az\u0259rbaycan\u0131n media m\u0259kan\u0131ndak\u0131 alternativ s\u0259sidir","publisher":{"@id":"https:\/\/www.meydan.tv\/az\/#organization"},"potentialAction":[{"@type":"SearchAction","target":{"@type":"EntryPoint","urlTemplate":"https:\/\/www.meydan.tv\/az\/?s={search_term_string}"},"query-input":{"@type":"PropertyValueSpecification","valueRequired":true,"valueName":"search_term_string"}}],"inLanguage":"az"},{"@type":"Organization","@id":"https:\/\/www.meydan.tv\/az\/#organization","name":"Meydan TV","url":"https:\/\/www.meydan.tv\/az\/","logo":{"@type":"ImageObject","inLanguage":"az","@id":"https:\/\/www.meydan.tv\/az\/#\/schema\/logo\/image\/","url":"https:\/\/www.meydan.tv\/wp-content\/uploads\/2021\/07\/meydan-logo.svg","contentUrl":"https:\/\/www.meydan.tv\/wp-content\/uploads\/2021\/07\/meydan-logo.svg","width":195,"height":46,"caption":"Meydan TV"},"image":{"@id":"https:\/\/www.meydan.tv\/az\/#\/schema\/logo\/image\/"}},{"@type":"Person","@id":"https:\/\/www.meydan.tv\/az\/#\/schema\/person\/10d11eccf6da3662cf5fdab9806ea91a","name":"user-manager"}]}},"_links":{"self":[{"href":"https:\/\/www.meydan.tv\/az\/wp-json\/wp\/v2\/posts\/194186","targetHints":{"allow":["GET"]}}],"collection":[{"href":"https:\/\/www.meydan.tv\/az\/wp-json\/wp\/v2\/posts"}],"about":[{"href":"https:\/\/www.meydan.tv\/az\/wp-json\/wp\/v2\/types\/post"}],"author":[{"embeddable":true,"href":"https:\/\/www.meydan.tv\/az\/wp-json\/wp\/v2\/users\/11"}],"replies":[{"embeddable":true,"href":"https:\/\/www.meydan.tv\/az\/wp-json\/wp\/v2\/comments?post=194186"}],"version-history":[{"count":0,"href":"https:\/\/www.meydan.tv\/az\/wp-json\/wp\/v2\/posts\/194186\/revisions"}],"wp:featuredmedia":[{"embeddable":true,"href":"https:\/\/www.meydan.tv\/az\/wp-json\/wp\/v2\/media\/118684"}],"wp:attachment":[{"href":"https:\/\/www.meydan.tv\/az\/wp-json\/wp\/v2\/media?parent=194186"}],"wp:term":[{"taxonomy":"category","embeddable":true,"href":"https:\/\/www.meydan.tv\/az\/wp-json\/wp\/v2\/categories?post=194186"},{"taxonomy":"post_tag","embeddable":true,"href":"https:\/\/www.meydan.tv\/az\/wp-json\/wp\/v2\/tags?post=194186"}],"curies":[{"name":"wp","href":"https:\/\/api.w.org\/{rel}","templated":true}]}}