{"id":194180,"date":"2019-02-23T01:44:51","date_gmt":"2019-02-23T01:44:51","guid":{"rendered":"https:\/\/www.meydan.tv\/article\/serhedin-bu-tayinda\/"},"modified":"2019-02-23T01:44:51","modified_gmt":"2019-02-23T01:44:51","slug":"serhedin-bu-tayinda","status":"publish","type":"post","link":"https:\/\/www.meydan.tv\/az\/article\/serhedin-bu-tayinda\/","title":{"rendered":"S\u0259rh\u0259din bu tay\u0131nda"},"content":{"rendered":"<figure class=\"wp-block-image size-large\">\n  <img decoding=\"async\" src=\"https:\/\/www.meydan.tv\/az\/yalcin-imanov-2\/\" alt=\"Yal\u00e7\u0131n \u0130manov\" class=\"wp-image-58394\"\/><figcaption>\n    Yal\u00e7\u0131n \u0130manov<br \/>\n  <\/figcaption><\/figure>\n<p>\n  Ma\u015f\u0131n\u0131 \u0259yl\u0259yib, yol q\u0131ra\u011f\u0131nda ikibir-\u00fc\u00e7bir dayan\u0131b, s\u00f6hb\u0259tl\u0259\u015f\u0259n adamlara salam verib, n\u0259s\u0259 bir s\u00f6z soru\u015fursan. M\u0259s\u0259l\u0259n, bel\u0259, filan yer\u0259 n\u0259t\u0259r (nec\u0259 yox ha) getm\u0259k olar, \u0259lyek\u00fcm el\u0259yib, el\u0259 do\u011fma, can\u0131yananl\u0131qla s\u0259n\u0259 h\u0259r \u015feyi, lap x\u0131rdala\u011f\u0131na q\u0259d\u0259r, t\u0259krar-t\u0259krar izah el\u0259yir ki, anid\u0259n adam\u0131n i\u00e7i isinir, q\u0259lbi h\u0259nirl\u0259nir.\n<\/p>\n<p>\n  \u00c7ox t\u0259f\u0259rr\u00fcatl\u0131 izahata t\u0259mkinl\u0259 qulaq as\u0131b, ba\u015fa \u00e7atandan sonra \u201c\u00e7ox sa\u011f ol\u201d deyirs\u0259n, cavab\u0131nda n\u0259 vaxtd\u0131r e\u015fitm\u0259diyin, q\u0259ddar ill\u0259rin silib-s\u00fcp\u00fcr\u00fcb apard\u0131\u011f\u0131, az qala yad\u0131ndan \u00e7\u0131xar\u0131b, unutdurdu\u011fu ana s\u00fcd\u00fc kimi t\u0259miz v\u0259 \u015firin s\u00f6z gec\u0259nin qaranl\u0131\u011f\u0131nda \u00fcz\u00fcn\u0259 g\u00fcl\u00fcms\u00fcn\u00fcr: \u201cS\u0259n sa\u011f ol, qurvan olum!\u201d\n<\/p>\n<p>\n  Bel\u0259di, bu yerin camaat\u0131n\u0131n \u0259ks\u0259riyy\u0259ti! S\u0259n\u0259 h\u0259m yolunu, getdiyin yeri, tapmaq ist\u0259diyin \u00fcnvan\u0131 h\u0259v\u0259s v\u0259 s\u0259brl\u0259, \u0259trafl\u0131 izah el\u0259y\u0259c\u0259k, ba\u015fa d\u00fc\u015fm\u0259s\u0259n, \u0259rinm\u0259y\u0259c\u0259k, bir d\u0259 \u0259vv\u0259l\u0259 qay\u0131dacaq, bu d\u0259f\u0259 d\u0259 al\u0131nmasa, \u00f6z\u00fcn\u00fc q\u0131nay\u0131b, m\u00fcr\u0259kk\u0259b izahat verdiyini d\u00fc\u015f\u00fcn\u0259c\u0259k, daha f\u0259rqli, daha sad\u0259 bir ba\u015fa salma \u00fcsulu se\u00e7\u0259c\u0259k, amma bir k\u0259lm\u0259 d\u0259 olsun \u201cbezdim, yoruldum\u201d s\u00f6z\u00fcn\u00fc dilin\u0259 g\u0259tirm\u0259y\u0259c\u0259k, buna eyham vurmayacaq.\n<\/p>\n<p>\n  \u00dcst\u0259lik d\u0259, sonda, lap ax\u0131rda, niy\u0259s\u0259 o s\u0259n\u0259 t\u0259\u015f\u0259kk\u00fcr el\u0259y\u0259c\u0259k. S\u0259nin bu \u201c\u00e7ox sa\u011f ol\u201dun onun \u201cS\u0259n sa\u011f ol, qurvan olum\u201dunun yan\u0131nda \u00e7ox sol\u011fun, \u00e7ox z\u0259if e\u015fidil\u0259c\u0259k. T\u0259rsuvand bir \u015fey.\n<\/p>\n<p>\n  \u201cD\u00f6rdyolda\u201dn sola burulub, he\u00e7 yana d\u00f6nm\u0259d\u0259n, d\u00fcz Quzanl\u0131ya do\u011fru y\u00f6n alanda, adam\u0131n a\u011fl\u0131nda \u00f6lk\u0259nin i\u00e7\u0259ril\u0259rin\u0259 do\u011fru ir\u0259li \u00e7\u0259kilmi\u015f d\u00fc\u015fm\u0259nl\u0259 s\u0259rh\u0259d\u0259 yax\u0131nla\u015fma\u011f\u0131n h\u0259yacan\u0131ndan daha \u00e7ox, ba\u015fqa \u015fey qal\u0131r.\n<\/p>\n<p>\n  \u201cD\u00f6rdyolda\u201dk\u0131 miskin, b\u00fct\u00fcn zahiri \u0259lam\u0259tl\u0259ri kas\u0131b\u00e7\u0131l\u0131\u011f\u0131n a\u011f\u0131r izl\u0259rind\u0259n x\u0259b\u0259r ver\u0259n, z\u0131\u011f\u0131n-z\u0131m\u0131rtda\u011f\u0131n i\u00e7ind\u0259ki, kobud, \u0259ld\u0259qay\u0131rma al\u0131\u015f-veri\u015f \u201cbudka\u201dlar\u0131, \u0259yr\u00fc-\u00fcyr\u00fc, pal\u00e7\u0131qla samandan yap\u0131lm\u0131\u015f \u00e7irkli daxmalar.\n<\/p>\n<p>\n  K\u0259silib qarma\u011fa ke\u00e7irilmi\u015f, alverin z\u0259if getdiyin\u0259 \u015f\u0259had\u0259t ver\u0259n heyvan c\u0259md\u0259kl\u0259ri g\u00fcn\u00fcn al\u0131\u015f-veri\u015find\u0259n bezibmi\u015f kimi yor\u011fun-ar\u011f\u0131n sallan\u0131r, o biri t\u0259r\u0259fd\u0259 s\u0259liq\u0259siz halda \u00fcst-\u00fcst\u0259 at\u0131l\u0131b, qalanaqlanm\u0131\u015f g\u00f6y-g\u00f6y\u0259rti, y\u00f6nd\u0259msiz pi\u015ftaxtaya d\u00fcz\u00fclm\u00fc\u015f soyuqdan b\u00fcr\u00fc\u015fm\u00fc\u015f almalar n\u0259 vaxtsa g\u0259l\u0259c\u0259k ax\u015fam m\u00fc\u015ft\u0259risini g\u00f6zl\u0259yir.\n<\/p>\n<p>\n  \u201cLider \u00f6lk\u0259\u201dnin ya\u011f\u0131yla yurdun lap i\u00e7\u0259ril\u0259rin\u0259 do\u011fru ir\u0259li \u00e7\u0259kilmi\u015f s\u0259rh\u0259dind\u0259n bir ne\u00e7\u0259 kilometr a\u015fa\u011f\u0131dak\u0131 h\u0259yat m\u0259nz\u0259r\u0259sinin vacib \u015ftrixl\u0259ri bel\u0259dir!\n<\/p>\n<p>\n  Adamlar g\u00fcnd\u0259lik a\u011f\u0131r ya\u015fam\u0131n \u00e7\u0259tinlikl\u0259ri il\u0259 \u00fcz-\u00fcz\u0259 g\u0259lib, bir-birinin q\u00fcvv\u0259sin\u0259, bil\u0259yin\u0259 b\u0259l\u0259d r\u0259qibl\u0259r kimi ba\u015f-ba\u015fa dayan\u0131b, dir\u0259\u015firl\u0259r. Z\u0131\u011f\u0131n-z\u0131m\u0131rtda\u011f\u0131n i\u00e7ind\u0259 qaynayan, dipdiri, canl\u0131, h\u0259d\u0259l\u0259yici, basq\u0131l\u0131, ya\u015fam dolu, ist\u0259kli, arzulu bir h\u0259yat.\n<\/p>\n<p>\n  Bir-biri il\u0259 \u015fit-\u015fit zarafatla\u015fan, he\u00e7 n\u0259d\u0259n sabaha \u00fcmid ver\u0259n h\u0259yat qaynaqlar\u0131 tapan, \u015f\u0259n v\u0259 bam\u0259z\u0259, la\u011fla\u011fas\u0131 adam\u0131n eynini a\u00e7an, x\u0259lv\u0259t\u0259 \u00e7\u0259kilib, q\u0131rd\u0131\u011f\u0131 qeyb\u0259tl\u0259rin\u0259 dar\u0131x\u0131b, susad\u0131\u011f\u0131n, x\u00f6r\u0259yin \u0259n yaral\u0131 yerini, tik\u0259nin \u0259n saytal\u0131n\u0131 utana-utana s\u0259nin bo\u015fqab\u0131na qoyan, q\u0259fild\u0259n h\u00f6nk\u00fcr\u00fcb a\u011flayan, bird\u0259n d\u0259 \u015faqqanaq \u00e7\u0259kib g\u00fcl\u0259n, kas\u0131b, amma m\u0259rd insanlar&#8230;\n<\/p>\n<p>\n  B\u00f6y\u00fck \u015f\u0259h\u0259rl\u0259rin bir-birin\u0259 a\u015fkar v\u0259 yaxud gizli \u015f\u00fcbh\u0259 ifad\u0259 el\u0259y\u0259n m\u00fchitind\u0259n yorulub, \u00e7imr\u0259n\u0259nd\u0259 sad\u0259 insanlar\u0131n ruhuna su \u00e7il\u0259y\u0259n etimad, inam dolu, il\u0131q bax\u0131\u015flar\u0131n\u0131 g\u00f6rm\u0259k! Bu bax\u0131\u015flarda isinm\u0259k, q\u0131z\u0131nmaq olar!<br \/>\n  <br \/>\n  Bir az ir\u0259li gedib, Quzanl\u0131n\u0131n m\u0259rk\u0259zini ke\u00e7irs\u0259n. \u018fhm\u0259da\u011fal\u0131, nam\u0259rd i\u015f\u011faldan yan ke\u00e7\u0259 bilmi\u015f ba\u015fqa bir ne\u00e7\u0259 k\u0259nd sonuncu \u00fcmid ni\u015fan\u0259l\u0259ri kimi qal\u0131r. M\u00fcdafi\u0259 Nazirliyind\u0259n mobil telefona g\u0259l\u0259n, t\u0259hl\u00fck\u0259sizlikl\u0259 ba\u011fl\u0131 ismar\u0131c\u0131 tam g\u00f6zd\u0259n ke\u00e7irib, \u201ch\u0259zm el\u0259m\u0259mi\u015f\u201d, \u0259sg\u0259r postunun yan\u0131ndan burulub, geri qay\u0131tma\u011fa m\u0259cbur olursan. S\u0259rh\u0259d postlar\u0131 t\u0259kc\u0259 fiziki deyil, m\u0259n\u0259vi h\u0259dl\u0259r d\u0259 yarad\u0131r.\n<\/p>\n<p>\n  \u00d6lk\u0259nin tam i\u00e7\u0259ril\u0259rin\u0259, d\u0259rinlikl\u0259rin\u0259 do\u011fru ir\u0259lil\u0259mi\u015f d\u00fc\u015fm\u0259nl\u0259 s\u0259rh\u0259din o tay\u0131nda i\u015f\u011fal alt\u0131nda b\u0259r\u0259k\u0259tli torpaqlar qaral\u0131r. G\u00f6z i\u015fl\u0259dikc\u0259&#8230;\n<\/p>\n<p>\n  Adam\u0131 fikir apar\u0131r. Qabaqda i\u015f\u011fald\u0131, arxada, qeyri-t\u0259bii s\u0259rh\u0259din bu tay\u0131nda, \u00fcst\u00fcnd\u0259 dayand\u0131\u011f\u0131m\u0131z torpaqda ondan da bet\u0259r!\n<\/p>\n<p>\n  Adam\u0131n \u0259sg\u0259r postunun o tay\u0131ndak\u0131 dost-do\u011fma, ana s\u00fcd\u00fc kimi t\u0259rt\u0259miz v\u0259 \u015firin torpaqlara h\u0259sr\u0259ti qal\u0131r.\n<\/p>\n<p>\n  Qeyri-t\u0259bii s\u0259rh\u0259din bu tay\u0131ndak\u0131, \u0259sg\u0259r postundan ma\u015f\u0131n\u0131n\u0131 h\u0259rl\u0259yib geri qay\u0131tma\u011fa m\u0259cbur oldu\u011fun topraqlar\u0131nsa z\u0259hri \u00e7atlay\u0131r, \u00fcr\u0259yi h\u00f6vll\u0259nir.\n<\/p>\n<p>\n  Qazan\u0131lm\u0131\u015f kin v\u0259 \u0259dal\u0259tli \u0259dav\u0259t bu ikit\u0259r\u0259fli, ikiba\u015fl\u0131 i\u015f\u011falla sava\u015fa k\u0259skin v\u0259 s\u0259rt redakt\u0259l\u0259r etm\u0259lidir&#8230;\n<\/p>\n<p>\n  <i><br \/>\n    <b><br \/>\n      Yaz\u0131 m\u00fc\u0259llifin fikirl\u0259rini \u0259ks etdirir v\u0259 Meydan TV-nin m\u00f6vqeyi il\u0259 \u00fcst-\u00fcst\u0259 d\u00fc\u015fm\u0259y\u0259 bil\u0259r.<br \/>\n    <\/b><br \/>\n  <\/i><\/p>\n","protected":false},"excerpt":{"rendered":"<p>Qazan\u0131lm\u0131\u015f kin v\u0259 \u0259dal\u0259tli \u0259dav\u0259t bu ikit\u0259r\u0259fli, ikiba\u015fl\u0131 i\u015f\u011falla sava\u015fa k\u0259skin v\u0259 s\u0259rt redakt\u0259l\u0259r etm\u0259lidir&#8230;<\/p>\n","protected":false},"author":11,"featured_media":58394,"comment_status":"closed","ping_status":"open","sticky":false,"template":"","format":"standard","meta":{"_acf_changed":false,"_sitemap_exclude":false,"_sitemap_priority":"","_sitemap_frequency":"","footnotes":""},"categories":[57],"tags":[],"class_list":["post-194180","post","type-post","status-publish","format-standard","has-post-thumbnail","hentry","category-menim-fikrimce","infinite-scroll-item","generate-columns","tablet-grid-50","mobile-grid-100","grid-parent","grid-33","no-featured-image-padding"],"acf":[],"yoast_head":"<!-- This site is optimized with the Yoast SEO plugin v27.4 - https:\/\/yoast.com\/product\/yoast-seo-wordpress\/ -->\n<title>S\u0259rh\u0259din bu tay\u0131nda - MEYDAN.TV<\/title>\n<meta name=\"robots\" content=\"index, follow, max-snippet:-1, max-image-preview:large, max-video-preview:-1\" \/>\n<link rel=\"canonical\" href=\"https:\/\/www.meydan.tv\/az\/article\/serhedin-bu-tayinda\/\" \/>\n<meta property=\"og:locale\" content=\"az_AZ\" \/>\n<meta property=\"og:type\" content=\"article\" \/>\n<meta property=\"og:title\" content=\"S\u0259rh\u0259din bu tay\u0131nda - MEYDAN.TV\" \/>\n<meta property=\"og:description\" content=\"Qazan\u0131lm\u0131\u015f kin v\u0259 \u0259dal\u0259tli \u0259dav\u0259t bu ikit\u0259r\u0259fli, ikiba\u015fl\u0131 i\u015f\u011falla sava\u015fa k\u0259skin v\u0259 s\u0259rt redakt\u0259l\u0259r etm\u0259lidir...\" \/>\n<meta property=\"og:url\" content=\"https:\/\/www.meydan.tv\/az\/article\/serhedin-bu-tayinda\/\" \/>\n<meta property=\"og:site_name\" content=\"MEYDAN.TV\" \/>\n<meta property=\"article:published_time\" content=\"2019-02-23T01:44:51+00:00\" \/>\n<meta property=\"og:image\" content=\"https:\/\/www.meydan.tv\/wp-content\/uploads\/22148.jpg\" \/>\n\t<meta property=\"og:image:width\" content=\"768\" \/>\n\t<meta property=\"og:image:height\" content=\"432\" \/>\n\t<meta property=\"og:image:type\" content=\"image\/jpeg\" \/>\n<meta name=\"author\" content=\"user-manager\" \/>\n<meta name=\"twitter:card\" content=\"summary_large_image\" \/>\n<script type=\"application\/ld+json\" class=\"yoast-schema-graph\">{\"@context\":\"https:\\\/\\\/schema.org\",\"@graph\":[{\"@type\":\"Article\",\"@id\":\"https:\\\/\\\/www.meydan.tv\\\/az\\\/article\\\/serhedin-bu-tayinda\\\/#article\",\"isPartOf\":{\"@id\":\"https:\\\/\\\/www.meydan.tv\\\/az\\\/article\\\/serhedin-bu-tayinda\\\/\"},\"author\":{\"name\":\"user-manager\",\"@id\":\"https:\\\/\\\/www.meydan.tv\\\/az\\\/#\\\/schema\\\/person\\\/10d11eccf6da3662cf5fdab9806ea91a\"},\"headline\":\"S\u0259rh\u0259din bu tay\u0131nda\",\"datePublished\":\"2019-02-23T01:44:51+00:00\",\"mainEntityOfPage\":{\"@id\":\"https:\\\/\\\/www.meydan.tv\\\/az\\\/article\\\/serhedin-bu-tayinda\\\/\"},\"wordCount\":1008,\"publisher\":{\"@id\":\"https:\\\/\\\/www.meydan.tv\\\/az\\\/#organization\"},\"image\":{\"@id\":\"https:\\\/\\\/www.meydan.tv\\\/az\\\/article\\\/serhedin-bu-tayinda\\\/#primaryimage\"},\"thumbnailUrl\":\"https:\\\/\\\/www.meydan.tv\\\/wp-content\\\/uploads\\\/22148.jpg\",\"articleSection\":[\"M\u0259nim Fikrimc\u0259\"],\"inLanguage\":\"az\"},{\"@type\":\"WebPage\",\"@id\":\"https:\\\/\\\/www.meydan.tv\\\/az\\\/article\\\/serhedin-bu-tayinda\\\/\",\"url\":\"https:\\\/\\\/www.meydan.tv\\\/az\\\/article\\\/serhedin-bu-tayinda\\\/\",\"name\":\"S\u0259rh\u0259din bu tay\u0131nda - MEYDAN.TV\",\"isPartOf\":{\"@id\":\"https:\\\/\\\/www.meydan.tv\\\/az\\\/#website\"},\"primaryImageOfPage\":{\"@id\":\"https:\\\/\\\/www.meydan.tv\\\/az\\\/article\\\/serhedin-bu-tayinda\\\/#primaryimage\"},\"image\":{\"@id\":\"https:\\\/\\\/www.meydan.tv\\\/az\\\/article\\\/serhedin-bu-tayinda\\\/#primaryimage\"},\"thumbnailUrl\":\"https:\\\/\\\/www.meydan.tv\\\/wp-content\\\/uploads\\\/22148.jpg\",\"datePublished\":\"2019-02-23T01:44:51+00:00\",\"breadcrumb\":{\"@id\":\"https:\\\/\\\/www.meydan.tv\\\/az\\\/article\\\/serhedin-bu-tayinda\\\/#breadcrumb\"},\"inLanguage\":\"az\",\"potentialAction\":[{\"@type\":\"ReadAction\",\"target\":[\"https:\\\/\\\/www.meydan.tv\\\/az\\\/article\\\/serhedin-bu-tayinda\\\/\"]}]},{\"@type\":\"ImageObject\",\"inLanguage\":\"az\",\"@id\":\"https:\\\/\\\/www.meydan.tv\\\/az\\\/article\\\/serhedin-bu-tayinda\\\/#primaryimage\",\"url\":\"https:\\\/\\\/www.meydan.tv\\\/wp-content\\\/uploads\\\/22148.jpg\",\"contentUrl\":\"https:\\\/\\\/www.meydan.tv\\\/wp-content\\\/uploads\\\/22148.jpg\",\"width\":768,\"height\":432,\"caption\":\"Source:\"},{\"@type\":\"BreadcrumbList\",\"@id\":\"https:\\\/\\\/www.meydan.tv\\\/az\\\/article\\\/serhedin-bu-tayinda\\\/#breadcrumb\",\"itemListElement\":[{\"@type\":\"ListItem\",\"position\":1,\"name\":\"Ana s\u0259hif\u0259\",\"item\":\"https:\\\/\\\/www.meydan.tv\\\/az\\\/\"},{\"@type\":\"ListItem\",\"position\":2,\"name\":\"M\u0259nim Fikrimc\u0259\",\"item\":\"https:\\\/\\\/www.meydan.tv\\\/az\\\/section\\\/menim-fikrimce\\\/\"},{\"@type\":\"ListItem\",\"position\":3,\"name\":\"S\u0259rh\u0259din bu tay\u0131nda\"}]},{\"@type\":\"WebSite\",\"@id\":\"https:\\\/\\\/www.meydan.tv\\\/az\\\/#website\",\"url\":\"https:\\\/\\\/www.meydan.tv\\\/az\\\/\",\"name\":\"MEYDAN.TV\",\"description\":\"Meydan TV Az\u0259rbaycan\u0131n media m\u0259kan\u0131ndak\u0131 alternativ s\u0259sidir\",\"publisher\":{\"@id\":\"https:\\\/\\\/www.meydan.tv\\\/az\\\/#organization\"},\"potentialAction\":[{\"@type\":\"SearchAction\",\"target\":{\"@type\":\"EntryPoint\",\"urlTemplate\":\"https:\\\/\\\/www.meydan.tv\\\/az\\\/?s={search_term_string}\"},\"query-input\":{\"@type\":\"PropertyValueSpecification\",\"valueRequired\":true,\"valueName\":\"search_term_string\"}}],\"inLanguage\":\"az\"},{\"@type\":\"Organization\",\"@id\":\"https:\\\/\\\/www.meydan.tv\\\/az\\\/#organization\",\"name\":\"Meydan TV\",\"url\":\"https:\\\/\\\/www.meydan.tv\\\/az\\\/\",\"logo\":{\"@type\":\"ImageObject\",\"inLanguage\":\"az\",\"@id\":\"https:\\\/\\\/www.meydan.tv\\\/az\\\/#\\\/schema\\\/logo\\\/image\\\/\",\"url\":\"https:\\\/\\\/www.meydan.tv\\\/wp-content\\\/uploads\\\/2021\\\/07\\\/meydan-logo.svg\",\"contentUrl\":\"https:\\\/\\\/www.meydan.tv\\\/wp-content\\\/uploads\\\/2021\\\/07\\\/meydan-logo.svg\",\"width\":195,\"height\":46,\"caption\":\"Meydan TV\"},\"image\":{\"@id\":\"https:\\\/\\\/www.meydan.tv\\\/az\\\/#\\\/schema\\\/logo\\\/image\\\/\"}},{\"@type\":\"Person\",\"@id\":\"https:\\\/\\\/www.meydan.tv\\\/az\\\/#\\\/schema\\\/person\\\/10d11eccf6da3662cf5fdab9806ea91a\",\"name\":\"user-manager\"}]}<\/script>\n<!-- \/ Yoast SEO plugin. -->","yoast_head_json":{"title":"S\u0259rh\u0259din bu tay\u0131nda - MEYDAN.TV","robots":{"index":"index","follow":"follow","max-snippet":"max-snippet:-1","max-image-preview":"max-image-preview:large","max-video-preview":"max-video-preview:-1"},"canonical":"https:\/\/www.meydan.tv\/az\/article\/serhedin-bu-tayinda\/","og_locale":"az_AZ","og_type":"article","og_title":"S\u0259rh\u0259din bu tay\u0131nda - MEYDAN.TV","og_description":"Qazan\u0131lm\u0131\u015f kin v\u0259 \u0259dal\u0259tli \u0259dav\u0259t bu ikit\u0259r\u0259fli, ikiba\u015fl\u0131 i\u015f\u011falla sava\u015fa k\u0259skin v\u0259 s\u0259rt redakt\u0259l\u0259r etm\u0259lidir...","og_url":"https:\/\/www.meydan.tv\/az\/article\/serhedin-bu-tayinda\/","og_site_name":"MEYDAN.TV","article_published_time":"2019-02-23T01:44:51+00:00","og_image":[{"width":768,"height":432,"url":"https:\/\/www.meydan.tv\/wp-content\/uploads\/22148.jpg","type":"image\/jpeg"}],"author":"user-manager","twitter_card":"summary_large_image","schema":{"@context":"https:\/\/schema.org","@graph":[{"@type":"Article","@id":"https:\/\/www.meydan.tv\/az\/article\/serhedin-bu-tayinda\/#article","isPartOf":{"@id":"https:\/\/www.meydan.tv\/az\/article\/serhedin-bu-tayinda\/"},"author":{"name":"user-manager","@id":"https:\/\/www.meydan.tv\/az\/#\/schema\/person\/10d11eccf6da3662cf5fdab9806ea91a"},"headline":"S\u0259rh\u0259din bu tay\u0131nda","datePublished":"2019-02-23T01:44:51+00:00","mainEntityOfPage":{"@id":"https:\/\/www.meydan.tv\/az\/article\/serhedin-bu-tayinda\/"},"wordCount":1008,"publisher":{"@id":"https:\/\/www.meydan.tv\/az\/#organization"},"image":{"@id":"https:\/\/www.meydan.tv\/az\/article\/serhedin-bu-tayinda\/#primaryimage"},"thumbnailUrl":"https:\/\/www.meydan.tv\/wp-content\/uploads\/22148.jpg","articleSection":["M\u0259nim Fikrimc\u0259"],"inLanguage":"az"},{"@type":"WebPage","@id":"https:\/\/www.meydan.tv\/az\/article\/serhedin-bu-tayinda\/","url":"https:\/\/www.meydan.tv\/az\/article\/serhedin-bu-tayinda\/","name":"S\u0259rh\u0259din bu tay\u0131nda - MEYDAN.TV","isPartOf":{"@id":"https:\/\/www.meydan.tv\/az\/#website"},"primaryImageOfPage":{"@id":"https:\/\/www.meydan.tv\/az\/article\/serhedin-bu-tayinda\/#primaryimage"},"image":{"@id":"https:\/\/www.meydan.tv\/az\/article\/serhedin-bu-tayinda\/#primaryimage"},"thumbnailUrl":"https:\/\/www.meydan.tv\/wp-content\/uploads\/22148.jpg","datePublished":"2019-02-23T01:44:51+00:00","breadcrumb":{"@id":"https:\/\/www.meydan.tv\/az\/article\/serhedin-bu-tayinda\/#breadcrumb"},"inLanguage":"az","potentialAction":[{"@type":"ReadAction","target":["https:\/\/www.meydan.tv\/az\/article\/serhedin-bu-tayinda\/"]}]},{"@type":"ImageObject","inLanguage":"az","@id":"https:\/\/www.meydan.tv\/az\/article\/serhedin-bu-tayinda\/#primaryimage","url":"https:\/\/www.meydan.tv\/wp-content\/uploads\/22148.jpg","contentUrl":"https:\/\/www.meydan.tv\/wp-content\/uploads\/22148.jpg","width":768,"height":432,"caption":"Source:"},{"@type":"BreadcrumbList","@id":"https:\/\/www.meydan.tv\/az\/article\/serhedin-bu-tayinda\/#breadcrumb","itemListElement":[{"@type":"ListItem","position":1,"name":"Ana s\u0259hif\u0259","item":"https:\/\/www.meydan.tv\/az\/"},{"@type":"ListItem","position":2,"name":"M\u0259nim Fikrimc\u0259","item":"https:\/\/www.meydan.tv\/az\/section\/menim-fikrimce\/"},{"@type":"ListItem","position":3,"name":"S\u0259rh\u0259din bu tay\u0131nda"}]},{"@type":"WebSite","@id":"https:\/\/www.meydan.tv\/az\/#website","url":"https:\/\/www.meydan.tv\/az\/","name":"MEYDAN.TV","description":"Meydan TV Az\u0259rbaycan\u0131n media m\u0259kan\u0131ndak\u0131 alternativ s\u0259sidir","publisher":{"@id":"https:\/\/www.meydan.tv\/az\/#organization"},"potentialAction":[{"@type":"SearchAction","target":{"@type":"EntryPoint","urlTemplate":"https:\/\/www.meydan.tv\/az\/?s={search_term_string}"},"query-input":{"@type":"PropertyValueSpecification","valueRequired":true,"valueName":"search_term_string"}}],"inLanguage":"az"},{"@type":"Organization","@id":"https:\/\/www.meydan.tv\/az\/#organization","name":"Meydan TV","url":"https:\/\/www.meydan.tv\/az\/","logo":{"@type":"ImageObject","inLanguage":"az","@id":"https:\/\/www.meydan.tv\/az\/#\/schema\/logo\/image\/","url":"https:\/\/www.meydan.tv\/wp-content\/uploads\/2021\/07\/meydan-logo.svg","contentUrl":"https:\/\/www.meydan.tv\/wp-content\/uploads\/2021\/07\/meydan-logo.svg","width":195,"height":46,"caption":"Meydan TV"},"image":{"@id":"https:\/\/www.meydan.tv\/az\/#\/schema\/logo\/image\/"}},{"@type":"Person","@id":"https:\/\/www.meydan.tv\/az\/#\/schema\/person\/10d11eccf6da3662cf5fdab9806ea91a","name":"user-manager"}]}},"_links":{"self":[{"href":"https:\/\/www.meydan.tv\/az\/wp-json\/wp\/v2\/posts\/194180","targetHints":{"allow":["GET"]}}],"collection":[{"href":"https:\/\/www.meydan.tv\/az\/wp-json\/wp\/v2\/posts"}],"about":[{"href":"https:\/\/www.meydan.tv\/az\/wp-json\/wp\/v2\/types\/post"}],"author":[{"embeddable":true,"href":"https:\/\/www.meydan.tv\/az\/wp-json\/wp\/v2\/users\/11"}],"replies":[{"embeddable":true,"href":"https:\/\/www.meydan.tv\/az\/wp-json\/wp\/v2\/comments?post=194180"}],"version-history":[{"count":0,"href":"https:\/\/www.meydan.tv\/az\/wp-json\/wp\/v2\/posts\/194180\/revisions"}],"wp:featuredmedia":[{"embeddable":true,"href":"https:\/\/www.meydan.tv\/az\/wp-json\/wp\/v2\/media\/58394"}],"wp:attachment":[{"href":"https:\/\/www.meydan.tv\/az\/wp-json\/wp\/v2\/media?parent=194180"}],"wp:term":[{"taxonomy":"category","embeddable":true,"href":"https:\/\/www.meydan.tv\/az\/wp-json\/wp\/v2\/categories?post=194180"},{"taxonomy":"post_tag","embeddable":true,"href":"https:\/\/www.meydan.tv\/az\/wp-json\/wp\/v2\/tags?post=194180"}],"curies":[{"name":"wp","href":"https:\/\/api.w.org\/{rel}","templated":true}]}}