{"id":194176,"date":"2019-02-22T23:41:50","date_gmt":"2019-02-22T23:41:50","guid":{"rendered":"https:\/\/www.meydan.tv\/article\/fermer-icra-bascisi-heyvandarliq-teserrufatimi-mehv-etmek-isteyir\/"},"modified":"2019-02-22T23:41:50","modified_gmt":"2019-02-22T23:41:50","slug":"fermer-icra-bascisi-heyvandarliq-teserrufatimi-mehv-etmek-isteyir","status":"publish","type":"post","link":"https:\/\/www.meydan.tv\/az\/article\/fermer-icra-bascisi-heyvandarliq-teserrufatimi-mehv-etmek-isteyir\/","title":{"rendered":"Fermer: \u0130cra ba\u015f\u00e7\u0131s\u0131 heyvandarl\u0131q t\u0259s\u0259rr\u00fcfat\u0131m\u0131 m\u0259hv etm\u0259k ist\u0259yir"},"content":{"rendered":"<figure class=\"wp-block-image size-large\">\n  <img decoding=\"async\" src=\"https:\/\/www.meydan.tv\/az\/118654\/\" alt=\"\" class=\"wp-image-118654\"\/><figcaption><\/figcaption><\/figure>\n<p>\n  \u201cVitse-prezident Mehriban xan\u0131m\u0131n v\u0259 daha bir ne\u00e7\u0259 nazirin q\u0259bulunda olmu\u015fam. S\u0259n\u0259dl\u0259rimi, f\u0259aliyy\u0259timi ara\u015fd\u0131r\u0131b g\u00f6r\u00fcbl\u0259r ki, qanun m\u0259nim t\u0259r\u0259fimd\u0259dir. 9 d\u0259f\u0259 m\u0259hk\u0259m\u0259 olub, ham\u0131s\u0131 da m\u0259nim xeyrim\u0259 q\u0259tnam\u0259 \u00e7\u0131xar\u0131b. \u0130car\u0259md\u0259 olan sah\u0259d\u0259 qanunsuz tikilmi\u015f ferma da m\u0259hk\u0259m\u0259 icra\u00e7\u0131lar\u0131n\u0131n n\u0259zar\u0259ti alt\u0131nda s\u00f6k\u00fcl\u00fcb. Bununla bel\u0259, icra hakimiyy\u0259ti ba\u015f\u00e7\u0131s\u0131 yen\u0259 m\u0259nd\u0259n \u0259l \u00e7\u0259kmir. Deyir, onsuz da yayda m\u00fcqavil\u0259nin m\u00fcdd\u0259ti bit\u0259c\u0259k v\u0259 s\u0259ninl\u0259 t\u0259z\u0259 m\u00fcqavil\u0259 ba\u011flanmayacaq\u201d.\n<\/p>\n<p>\n  G\u00f6yg\u00f6l\u00fcn P\u0259nahl\u0131lar k\u0259nd sakini Eldar H\u0259s\u0259nov G\u00f6ranboy Rayon \u0130cra Hakimiyy\u0259tinin ba\u015f\u00e7\u0131s\u0131 Nizam\u0259ddin Quliyevd\u0259n \u015fikay\u0259t\u00e7idir. Onun s\u00f6zl\u0259rin\u0259 g\u00f6r\u0259, 15 ildir icar\u0259sind\u0259 olan, Goranboy \u0259razisind\u0259 yerl\u0259\u015f\u0259n q\u0131\u015f v\u0259 yay otlaq sah\u0259l\u0259rini icra ba\u015f\u00e7\u0131s\u0131 \u0259lind\u0259n al\u0131b ba\u015fqas\u0131na verm\u0259y\u0259 c\u0259hd edir. H\u0259tta h\u0259min sah\u0259l\u0259rl\u0259 ba\u011fl\u0131 Yal\u00e7\u0131n Qarayev adl\u0131 \u015f\u0259xsin ad\u0131na s\u0259r\u0259ncam da verilib:\n<\/p>\n<blockquote><p>\n  \u00a09 m\u0259hk\u0259m\u0259 oldu, ham\u0131s\u0131 da m\u0259nim xeyrim\u0259\u2026\n<\/p><\/blockquote>\n<p>\n  \u201cYal\u00e7\u0131n Qarayev icra ba\u015f\u00e7\u0131s\u0131n\u0131n \u00f6z adam\u0131d\u0131r. Ba\u015f\u00e7\u0131 m\u0259nim icar\u0259md\u0259 olan 1355 hektarl\u0131q otlaq sah\u0259sini h\u0259min adama saxta s\u0259n\u0259dl\u0259 icar\u0259y\u0259 vermi\u015fdi. O da g\u0259lib sah\u0259nin bir hiss\u0259sind\u0259 \u00f6z\u00fcn\u0259 ferma tikmi\u015fdi. M\u0259hk\u0259m\u0259y\u0259 m\u00fcraci\u0259t el\u0259dim, 9 m\u0259hk\u0259m\u0259 oldu, ham\u0131s\u0131 da s\u0259r\u0259ncam\u0131 l\u0259\u011fv el\u0259yib m\u0259nim xeyrim\u0259 q\u0259rar verdi. M\u0259hk\u0259m\u0259 icra\u00e7\u0131lar\u0131 g\u0259ldi, h\u0259min tikilil\u0259r s\u00f6k\u00fcld\u00fc. O tikilil\u0259r s\u00f6k\u00fcl\u00fcnc\u0259, d\u00f6ym\u0259diyim nazir qap\u0131s\u0131 qalmad\u0131. Ancaq icra ba\u015f\u00e7\u0131s\u0131 yen\u0259 \u0259l \u00e7\u0259kmir. M\u0259n\u0259 verm\u0259diyi \u0259ziyy\u0259t qalmad\u0131. Fermerlik f\u0259aliyy\u0259tim\u0259 vurmad\u0131\u011f\u0131 z\u0259r\u0259r, t\u00f6r\u0259tm\u0259diyi \u0259ng\u0259l qalmad\u0131. Onunla d\u00f6y\u00fc\u015f\u0259-d\u00f6y\u00fc\u015f\u0259, haqq yerini tap\u0131nca, m\u0259n d\u0259 x\u0259st\u0259lik tapd\u0131m\u201d.\n<\/p>\n<blockquote><p>\n  \u0130cra ba\u015f\u00e7\u0131s\u0131 bir fermeri m\u0259hv etm\u0259k ist\u0259yir\n<\/p><\/blockquote>\n<p>\n  Eldar H\u0259s\u0259novla icar\u0259 m\u00fcqavil\u0259si \u0259vv\u0259lki \u0130cra Hakimiyy\u0259ti ba\u015f\u00e7\u0131s\u0131n\u0131n vaxt\u0131nda \u2013 2004-c\u00fc ilin yay\u0131nda 15 illiy\u0259 ba\u011flan\u0131b. Bu ilin yay\u0131nda m\u00fcqavil\u0259nin m\u00fcdd\u0259ti ba\u015fa \u00e7at\u0131r. Eldar H\u0259s\u0259nova bildirilib ki, \u00f6z\u00fcn\u0259 ba\u015fqa yer taps\u0131n, onunla n\u00f6vb\u0259ti icar\u0259 m\u00fcqavil\u0259si ba\u011flanmayacaq:\n<\/p>\n<p>\n  \u201cBunlar g\u00f6rd\u00fcl\u0259r ki, qanun m\u0259nim t\u0259r\u0259fimd\u0259dir, \u00fcmidl\u0259ri m\u00fcqavil\u0259min m\u00fcdd\u0259tinin bitm\u0259sini g\u00f6zl\u0259m\u0259y\u0259 qald\u0131. M\u0259n bu torpa\u011f\u0131n \u00fcz\u0259rind\u0259 ill\u0259rl\u0259 \u0259ziyy\u0259t \u00e7\u0259kib, k\u00f6hn\u0259 tikilil\u0259ri s\u00f6k\u00fcb, yerind\u0259 yenil\u0259rini tikmi\u015f\u0259m, heyvandarl\u0131qla m\u0259\u015f\u011ful olmaq \u00fc\u00e7\u00fcn h\u0259r c\u00fcr \u015f\u0259rait yaratm\u0131\u015fam. \u0130ndi haz\u0131r\u0131n naziri kimi ba\u015f\u0131m\u0131n \u00fcst\u00fcn\u00fc k\u0259sdiribl\u0259r ki, ver biz\u0259\u2026 2500 qoyunum var, intizaml\u0131 icar\u0259 v\u0259 vergi \u00f6d\u0259yicisiy\u0259m. H\u00f6kum\u0259tin pulunu birc\u0259 g\u00fcn d\u0259 gecikdirm\u0259mi\u015f\u0259m. D\u00f6vl\u0259tin b\u00fcdc\u0259sin\u0259 xeyir vermi\u015f\u0259m. \u0130car\u0259md\u0259 olan torpaq sah\u0259sinin bir qar\u0131\u015f\u0131na da z\u0259r\u0259r vurmam\u0131\u015fam. M\u0259n\u0259 maraql\u0131d\u0131r ki, bel\u0259 olan halda m\u0259niml\u0259 n\u00f6vb\u0259ti d\u0259f\u0259 icar\u0259 m\u00fcqavil\u0259si hans\u0131 \u0259sasla ba\u011flanmamal\u0131d\u0131r? M\u00fcqavil\u0259nin ba\u011flanmamas\u0131 \u00fc\u00e7\u00fcn ciddi s\u0259b\u0259bl\u0259r olmal\u0131d\u0131r. \u0130cra ba\u015f\u00e7\u0131s\u0131n\u0131n h\u0259r\u0259k\u0259tl\u0259ri d\u00f6vl\u0259t\u0259 xeyir ver\u0259n bir fermeri m\u0259hv etm\u0259y\u0259, m\u00fcflisl\u0259\u015fdirm\u0259y\u0259 y\u00f6n\u0259lib\u201d.\n<\/p>\n<figure class=\"wp-block-image size-large\">\n  <img decoding=\"async\" src=\"https:\/\/www.meydan.tv\/az\/118657\/\" alt=\"\" class=\"wp-image-118657\"\/><figcaption><\/figcaption><\/figure>\n<p>\n  Goranboy Rayon \u0130cra Hakimiyy\u0259tind\u0259n is\u0259 fermerin dedikl\u0259ri il\u0259 raz\u0131la\u015fm\u0131rlar. Qurumdan bildirilib ki, Eldar H\u0259s\u0259novla ba\u011flanm\u0131\u015f icar\u0259 m\u00fcqavil\u0259sinin bitm\u0259sin\u0259 4 ay var. Onunla g\u0259l\u0259c\u0259kd\u0259 m\u00fcqavil\u0259 ba\u011flan\u0131b-ba\u011flanmayaca\u011f\u0131n\u0131 is\u0259 indid\u0259n dem\u0259k tezdir: \u201cN\u0259 bilir onunla m\u00fcqavil\u0259 ba\u011flanmayacaq? Bu bar\u0259d\u0259 dan\u0131\u015fmaq \u00e7ox tezdir. Vaxt\u0131 \u00e7atanda laz\u0131mi q\u0259rarlar veril\u0259c\u0259k\u201d.\n<\/p>\n<p>\n  Fermers\u0259 \u0259g\u0259r haz\u0131rda icar\u0259sind\u0259 olan otlaq sah\u0259si \u0259lind\u0259n al\u0131narsa, 2500 ba\u015f qoyun v\u0259 quzunu harada otaraca\u011f\u0131n\u0131 bilmir. Bu is\u0259 onun ill\u0259rl\u0259 qurub yaratd\u0131\u011f\u0131 t\u0259s\u0259rr\u00fcfat\u0131n m\u0259hv olmas\u0131 dem\u0259kdir.\n<\/p><\/p>\n","protected":false},"excerpt":{"rendered":"<p>G\u00f6yg\u00f6l sakini Goranboyun icra ba\u015f\u00e7\u0131s\u0131ndan \u015fikay\u0259t\u00e7idir<\/p>\n","protected":false},"author":11,"featured_media":118654,"comment_status":"closed","ping_status":"open","sticky":false,"template":"","format":"standard","meta":{"_acf_changed":false,"_sitemap_exclude":false,"_sitemap_priority":"","_sitemap_frequency":"","footnotes":""},"categories":[60],"tags":[],"class_list":["post-194176","post","type-post","status-publish","format-standard","has-post-thumbnail","hentry","category-bolge","infinite-scroll-item","generate-columns","tablet-grid-50","mobile-grid-100","grid-parent","grid-33","no-featured-image-padding"],"acf":[],"yoast_head":"<!-- This site is optimized with the Yoast SEO plugin v27.4 - https:\/\/yoast.com\/product\/yoast-seo-wordpress\/ -->\n<title>Fermer: \u0130cra ba\u015f\u00e7\u0131s\u0131 heyvandarl\u0131q t\u0259s\u0259rr\u00fcfat\u0131m\u0131 m\u0259hv etm\u0259k ist\u0259yir - MEYDAN.TV<\/title>\n<meta name=\"robots\" content=\"index, follow, max-snippet:-1, max-image-preview:large, max-video-preview:-1\" \/>\n<link rel=\"canonical\" href=\"https:\/\/www.meydan.tv\/az\/article\/fermer-icra-bascisi-heyvandarliq-teserrufatimi-mehv-etmek-isteyir\/\" \/>\n<meta property=\"og:locale\" content=\"az_AZ\" \/>\n<meta property=\"og:type\" content=\"article\" \/>\n<meta property=\"og:title\" content=\"Fermer: \u0130cra ba\u015f\u00e7\u0131s\u0131 heyvandarl\u0131q t\u0259s\u0259rr\u00fcfat\u0131m\u0131 m\u0259hv etm\u0259k ist\u0259yir - MEYDAN.TV\" \/>\n<meta property=\"og:description\" content=\"G\u00f6yg\u00f6l sakini Goranboyun icra ba\u015f\u00e7\u0131s\u0131ndan \u015fikay\u0259t\u00e7idir\" \/>\n<meta property=\"og:url\" content=\"https:\/\/www.meydan.tv\/az\/article\/fermer-icra-bascisi-heyvandarliq-teserrufatimi-mehv-etmek-isteyir\/\" \/>\n<meta property=\"og:site_name\" content=\"MEYDAN.TV\" \/>\n<meta property=\"article:published_time\" content=\"2019-02-22T23:41:50+00:00\" \/>\n<meta property=\"og:image\" content=\"https:\/\/www.meydan.tv\/wp-content\/uploads\/47328.jpg\" \/>\n\t<meta property=\"og:image:width\" content=\"1065\" \/>\n\t<meta property=\"og:image:height\" content=\"567\" \/>\n\t<meta property=\"og:image:type\" content=\"image\/jpeg\" \/>\n<meta name=\"author\" content=\"user-manager\" \/>\n<meta name=\"twitter:card\" content=\"summary_large_image\" \/>\n<script type=\"application\/ld+json\" class=\"yoast-schema-graph\">{\"@context\":\"https:\\\/\\\/schema.org\",\"@graph\":[{\"@type\":\"Article\",\"@id\":\"https:\\\/\\\/www.meydan.tv\\\/az\\\/article\\\/fermer-icra-bascisi-heyvandarliq-teserrufatimi-mehv-etmek-isteyir\\\/#article\",\"isPartOf\":{\"@id\":\"https:\\\/\\\/www.meydan.tv\\\/az\\\/article\\\/fermer-icra-bascisi-heyvandarliq-teserrufatimi-mehv-etmek-isteyir\\\/\"},\"author\":{\"name\":\"user-manager\",\"@id\":\"https:\\\/\\\/www.meydan.tv\\\/az\\\/#\\\/schema\\\/person\\\/10d11eccf6da3662cf5fdab9806ea91a\"},\"headline\":\"Fermer: \u0130cra ba\u015f\u00e7\u0131s\u0131 heyvandarl\u0131q t\u0259s\u0259rr\u00fcfat\u0131m\u0131 m\u0259hv etm\u0259k ist\u0259yir\",\"datePublished\":\"2019-02-22T23:41:50+00:00\",\"mainEntityOfPage\":{\"@id\":\"https:\\\/\\\/www.meydan.tv\\\/az\\\/article\\\/fermer-icra-bascisi-heyvandarliq-teserrufatimi-mehv-etmek-isteyir\\\/\"},\"wordCount\":760,\"publisher\":{\"@id\":\"https:\\\/\\\/www.meydan.tv\\\/az\\\/#organization\"},\"image\":{\"@id\":\"https:\\\/\\\/www.meydan.tv\\\/az\\\/article\\\/fermer-icra-bascisi-heyvandarliq-teserrufatimi-mehv-etmek-isteyir\\\/#primaryimage\"},\"thumbnailUrl\":\"https:\\\/\\\/www.meydan.tv\\\/wp-content\\\/uploads\\\/47328.jpg\",\"articleSection\":[\"B\u00f6lg\u0259\"],\"inLanguage\":\"az\"},{\"@type\":\"WebPage\",\"@id\":\"https:\\\/\\\/www.meydan.tv\\\/az\\\/article\\\/fermer-icra-bascisi-heyvandarliq-teserrufatimi-mehv-etmek-isteyir\\\/\",\"url\":\"https:\\\/\\\/www.meydan.tv\\\/az\\\/article\\\/fermer-icra-bascisi-heyvandarliq-teserrufatimi-mehv-etmek-isteyir\\\/\",\"name\":\"Fermer: \u0130cra ba\u015f\u00e7\u0131s\u0131 heyvandarl\u0131q t\u0259s\u0259rr\u00fcfat\u0131m\u0131 m\u0259hv etm\u0259k ist\u0259yir - MEYDAN.TV\",\"isPartOf\":{\"@id\":\"https:\\\/\\\/www.meydan.tv\\\/az\\\/#website\"},\"primaryImageOfPage\":{\"@id\":\"https:\\\/\\\/www.meydan.tv\\\/az\\\/article\\\/fermer-icra-bascisi-heyvandarliq-teserrufatimi-mehv-etmek-isteyir\\\/#primaryimage\"},\"image\":{\"@id\":\"https:\\\/\\\/www.meydan.tv\\\/az\\\/article\\\/fermer-icra-bascisi-heyvandarliq-teserrufatimi-mehv-etmek-isteyir\\\/#primaryimage\"},\"thumbnailUrl\":\"https:\\\/\\\/www.meydan.tv\\\/wp-content\\\/uploads\\\/47328.jpg\",\"datePublished\":\"2019-02-22T23:41:50+00:00\",\"breadcrumb\":{\"@id\":\"https:\\\/\\\/www.meydan.tv\\\/az\\\/article\\\/fermer-icra-bascisi-heyvandarliq-teserrufatimi-mehv-etmek-isteyir\\\/#breadcrumb\"},\"inLanguage\":\"az\",\"potentialAction\":[{\"@type\":\"ReadAction\",\"target\":[\"https:\\\/\\\/www.meydan.tv\\\/az\\\/article\\\/fermer-icra-bascisi-heyvandarliq-teserrufatimi-mehv-etmek-isteyir\\\/\"]}]},{\"@type\":\"ImageObject\",\"inLanguage\":\"az\",\"@id\":\"https:\\\/\\\/www.meydan.tv\\\/az\\\/article\\\/fermer-icra-bascisi-heyvandarliq-teserrufatimi-mehv-etmek-isteyir\\\/#primaryimage\",\"url\":\"https:\\\/\\\/www.meydan.tv\\\/wp-content\\\/uploads\\\/47328.jpg\",\"contentUrl\":\"https:\\\/\\\/www.meydan.tv\\\/wp-content\\\/uploads\\\/47328.jpg\",\"width\":1065,\"height\":567,\"caption\":\"Source:\"},{\"@type\":\"BreadcrumbList\",\"@id\":\"https:\\\/\\\/www.meydan.tv\\\/az\\\/article\\\/fermer-icra-bascisi-heyvandarliq-teserrufatimi-mehv-etmek-isteyir\\\/#breadcrumb\",\"itemListElement\":[{\"@type\":\"ListItem\",\"position\":1,\"name\":\"Ana s\u0259hif\u0259\",\"item\":\"https:\\\/\\\/www.meydan.tv\\\/az\\\/\"},{\"@type\":\"ListItem\",\"position\":2,\"name\":\"B\u00f6lg\u0259\",\"item\":\"https:\\\/\\\/www.meydan.tv\\\/az\\\/section\\\/bolge\\\/\"},{\"@type\":\"ListItem\",\"position\":3,\"name\":\"Fermer: \u0130cra ba\u015f\u00e7\u0131s\u0131 heyvandarl\u0131q t\u0259s\u0259rr\u00fcfat\u0131m\u0131 m\u0259hv etm\u0259k ist\u0259yir\"}]},{\"@type\":\"WebSite\",\"@id\":\"https:\\\/\\\/www.meydan.tv\\\/az\\\/#website\",\"url\":\"https:\\\/\\\/www.meydan.tv\\\/az\\\/\",\"name\":\"MEYDAN.TV\",\"description\":\"Meydan TV Az\u0259rbaycan\u0131n media m\u0259kan\u0131ndak\u0131 alternativ s\u0259sidir\",\"publisher\":{\"@id\":\"https:\\\/\\\/www.meydan.tv\\\/az\\\/#organization\"},\"potentialAction\":[{\"@type\":\"SearchAction\",\"target\":{\"@type\":\"EntryPoint\",\"urlTemplate\":\"https:\\\/\\\/www.meydan.tv\\\/az\\\/?s={search_term_string}\"},\"query-input\":{\"@type\":\"PropertyValueSpecification\",\"valueRequired\":true,\"valueName\":\"search_term_string\"}}],\"inLanguage\":\"az\"},{\"@type\":\"Organization\",\"@id\":\"https:\\\/\\\/www.meydan.tv\\\/az\\\/#organization\",\"name\":\"Meydan TV\",\"url\":\"https:\\\/\\\/www.meydan.tv\\\/az\\\/\",\"logo\":{\"@type\":\"ImageObject\",\"inLanguage\":\"az\",\"@id\":\"https:\\\/\\\/www.meydan.tv\\\/az\\\/#\\\/schema\\\/logo\\\/image\\\/\",\"url\":\"https:\\\/\\\/www.meydan.tv\\\/wp-content\\\/uploads\\\/2021\\\/07\\\/meydan-logo.svg\",\"contentUrl\":\"https:\\\/\\\/www.meydan.tv\\\/wp-content\\\/uploads\\\/2021\\\/07\\\/meydan-logo.svg\",\"width\":195,\"height\":46,\"caption\":\"Meydan TV\"},\"image\":{\"@id\":\"https:\\\/\\\/www.meydan.tv\\\/az\\\/#\\\/schema\\\/logo\\\/image\\\/\"}},{\"@type\":\"Person\",\"@id\":\"https:\\\/\\\/www.meydan.tv\\\/az\\\/#\\\/schema\\\/person\\\/10d11eccf6da3662cf5fdab9806ea91a\",\"name\":\"user-manager\"}]}<\/script>\n<!-- \/ Yoast SEO plugin. -->","yoast_head_json":{"title":"Fermer: \u0130cra ba\u015f\u00e7\u0131s\u0131 heyvandarl\u0131q t\u0259s\u0259rr\u00fcfat\u0131m\u0131 m\u0259hv etm\u0259k ist\u0259yir - MEYDAN.TV","robots":{"index":"index","follow":"follow","max-snippet":"max-snippet:-1","max-image-preview":"max-image-preview:large","max-video-preview":"max-video-preview:-1"},"canonical":"https:\/\/www.meydan.tv\/az\/article\/fermer-icra-bascisi-heyvandarliq-teserrufatimi-mehv-etmek-isteyir\/","og_locale":"az_AZ","og_type":"article","og_title":"Fermer: \u0130cra ba\u015f\u00e7\u0131s\u0131 heyvandarl\u0131q t\u0259s\u0259rr\u00fcfat\u0131m\u0131 m\u0259hv etm\u0259k ist\u0259yir - MEYDAN.TV","og_description":"G\u00f6yg\u00f6l sakini Goranboyun icra ba\u015f\u00e7\u0131s\u0131ndan \u015fikay\u0259t\u00e7idir","og_url":"https:\/\/www.meydan.tv\/az\/article\/fermer-icra-bascisi-heyvandarliq-teserrufatimi-mehv-etmek-isteyir\/","og_site_name":"MEYDAN.TV","article_published_time":"2019-02-22T23:41:50+00:00","og_image":[{"width":1065,"height":567,"url":"https:\/\/www.meydan.tv\/wp-content\/uploads\/47328.jpg","type":"image\/jpeg"}],"author":"user-manager","twitter_card":"summary_large_image","schema":{"@context":"https:\/\/schema.org","@graph":[{"@type":"Article","@id":"https:\/\/www.meydan.tv\/az\/article\/fermer-icra-bascisi-heyvandarliq-teserrufatimi-mehv-etmek-isteyir\/#article","isPartOf":{"@id":"https:\/\/www.meydan.tv\/az\/article\/fermer-icra-bascisi-heyvandarliq-teserrufatimi-mehv-etmek-isteyir\/"},"author":{"name":"user-manager","@id":"https:\/\/www.meydan.tv\/az\/#\/schema\/person\/10d11eccf6da3662cf5fdab9806ea91a"},"headline":"Fermer: \u0130cra ba\u015f\u00e7\u0131s\u0131 heyvandarl\u0131q t\u0259s\u0259rr\u00fcfat\u0131m\u0131 m\u0259hv etm\u0259k ist\u0259yir","datePublished":"2019-02-22T23:41:50+00:00","mainEntityOfPage":{"@id":"https:\/\/www.meydan.tv\/az\/article\/fermer-icra-bascisi-heyvandarliq-teserrufatimi-mehv-etmek-isteyir\/"},"wordCount":760,"publisher":{"@id":"https:\/\/www.meydan.tv\/az\/#organization"},"image":{"@id":"https:\/\/www.meydan.tv\/az\/article\/fermer-icra-bascisi-heyvandarliq-teserrufatimi-mehv-etmek-isteyir\/#primaryimage"},"thumbnailUrl":"https:\/\/www.meydan.tv\/wp-content\/uploads\/47328.jpg","articleSection":["B\u00f6lg\u0259"],"inLanguage":"az"},{"@type":"WebPage","@id":"https:\/\/www.meydan.tv\/az\/article\/fermer-icra-bascisi-heyvandarliq-teserrufatimi-mehv-etmek-isteyir\/","url":"https:\/\/www.meydan.tv\/az\/article\/fermer-icra-bascisi-heyvandarliq-teserrufatimi-mehv-etmek-isteyir\/","name":"Fermer: \u0130cra ba\u015f\u00e7\u0131s\u0131 heyvandarl\u0131q t\u0259s\u0259rr\u00fcfat\u0131m\u0131 m\u0259hv etm\u0259k ist\u0259yir - MEYDAN.TV","isPartOf":{"@id":"https:\/\/www.meydan.tv\/az\/#website"},"primaryImageOfPage":{"@id":"https:\/\/www.meydan.tv\/az\/article\/fermer-icra-bascisi-heyvandarliq-teserrufatimi-mehv-etmek-isteyir\/#primaryimage"},"image":{"@id":"https:\/\/www.meydan.tv\/az\/article\/fermer-icra-bascisi-heyvandarliq-teserrufatimi-mehv-etmek-isteyir\/#primaryimage"},"thumbnailUrl":"https:\/\/www.meydan.tv\/wp-content\/uploads\/47328.jpg","datePublished":"2019-02-22T23:41:50+00:00","breadcrumb":{"@id":"https:\/\/www.meydan.tv\/az\/article\/fermer-icra-bascisi-heyvandarliq-teserrufatimi-mehv-etmek-isteyir\/#breadcrumb"},"inLanguage":"az","potentialAction":[{"@type":"ReadAction","target":["https:\/\/www.meydan.tv\/az\/article\/fermer-icra-bascisi-heyvandarliq-teserrufatimi-mehv-etmek-isteyir\/"]}]},{"@type":"ImageObject","inLanguage":"az","@id":"https:\/\/www.meydan.tv\/az\/article\/fermer-icra-bascisi-heyvandarliq-teserrufatimi-mehv-etmek-isteyir\/#primaryimage","url":"https:\/\/www.meydan.tv\/wp-content\/uploads\/47328.jpg","contentUrl":"https:\/\/www.meydan.tv\/wp-content\/uploads\/47328.jpg","width":1065,"height":567,"caption":"Source:"},{"@type":"BreadcrumbList","@id":"https:\/\/www.meydan.tv\/az\/article\/fermer-icra-bascisi-heyvandarliq-teserrufatimi-mehv-etmek-isteyir\/#breadcrumb","itemListElement":[{"@type":"ListItem","position":1,"name":"Ana s\u0259hif\u0259","item":"https:\/\/www.meydan.tv\/az\/"},{"@type":"ListItem","position":2,"name":"B\u00f6lg\u0259","item":"https:\/\/www.meydan.tv\/az\/section\/bolge\/"},{"@type":"ListItem","position":3,"name":"Fermer: \u0130cra ba\u015f\u00e7\u0131s\u0131 heyvandarl\u0131q t\u0259s\u0259rr\u00fcfat\u0131m\u0131 m\u0259hv etm\u0259k ist\u0259yir"}]},{"@type":"WebSite","@id":"https:\/\/www.meydan.tv\/az\/#website","url":"https:\/\/www.meydan.tv\/az\/","name":"MEYDAN.TV","description":"Meydan TV Az\u0259rbaycan\u0131n media m\u0259kan\u0131ndak\u0131 alternativ s\u0259sidir","publisher":{"@id":"https:\/\/www.meydan.tv\/az\/#organization"},"potentialAction":[{"@type":"SearchAction","target":{"@type":"EntryPoint","urlTemplate":"https:\/\/www.meydan.tv\/az\/?s={search_term_string}"},"query-input":{"@type":"PropertyValueSpecification","valueRequired":true,"valueName":"search_term_string"}}],"inLanguage":"az"},{"@type":"Organization","@id":"https:\/\/www.meydan.tv\/az\/#organization","name":"Meydan TV","url":"https:\/\/www.meydan.tv\/az\/","logo":{"@type":"ImageObject","inLanguage":"az","@id":"https:\/\/www.meydan.tv\/az\/#\/schema\/logo\/image\/","url":"https:\/\/www.meydan.tv\/wp-content\/uploads\/2021\/07\/meydan-logo.svg","contentUrl":"https:\/\/www.meydan.tv\/wp-content\/uploads\/2021\/07\/meydan-logo.svg","width":195,"height":46,"caption":"Meydan TV"},"image":{"@id":"https:\/\/www.meydan.tv\/az\/#\/schema\/logo\/image\/"}},{"@type":"Person","@id":"https:\/\/www.meydan.tv\/az\/#\/schema\/person\/10d11eccf6da3662cf5fdab9806ea91a","name":"user-manager"}]}},"_links":{"self":[{"href":"https:\/\/www.meydan.tv\/az\/wp-json\/wp\/v2\/posts\/194176","targetHints":{"allow":["GET"]}}],"collection":[{"href":"https:\/\/www.meydan.tv\/az\/wp-json\/wp\/v2\/posts"}],"about":[{"href":"https:\/\/www.meydan.tv\/az\/wp-json\/wp\/v2\/types\/post"}],"author":[{"embeddable":true,"href":"https:\/\/www.meydan.tv\/az\/wp-json\/wp\/v2\/users\/11"}],"replies":[{"embeddable":true,"href":"https:\/\/www.meydan.tv\/az\/wp-json\/wp\/v2\/comments?post=194176"}],"version-history":[{"count":0,"href":"https:\/\/www.meydan.tv\/az\/wp-json\/wp\/v2\/posts\/194176\/revisions"}],"wp:featuredmedia":[{"embeddable":true,"href":"https:\/\/www.meydan.tv\/az\/wp-json\/wp\/v2\/media\/118654"}],"wp:attachment":[{"href":"https:\/\/www.meydan.tv\/az\/wp-json\/wp\/v2\/media?parent=194176"}],"wp:term":[{"taxonomy":"category","embeddable":true,"href":"https:\/\/www.meydan.tv\/az\/wp-json\/wp\/v2\/categories?post=194176"},{"taxonomy":"post_tag","embeddable":true,"href":"https:\/\/www.meydan.tv\/az\/wp-json\/wp\/v2\/tags?post=194176"}],"curies":[{"name":"wp","href":"https:\/\/api.w.org\/{rel}","templated":true}]}}