{"id":194166,"date":"2019-02-22T15:58:20","date_gmt":"2019-02-22T15:58:20","guid":{"rendered":"https:\/\/www.meydan.tv\/article\/yeddi-gunbez-kompleksi-yox-olmaq-tehlukesindedir\/"},"modified":"2019-02-22T15:58:20","modified_gmt":"2019-02-22T15:58:20","slug":"yeddi-gunbez-kompleksi-yox-olmaq-tehlukesindedir","status":"publish","type":"post","link":"https:\/\/www.meydan.tv\/az\/article\/yeddi-gunbez-kompleksi-yox-olmaq-tehlukesindedir\/","title":{"rendered":"&#8221;Yeddi g\u00fcnb\u0259z&#8221; kompleksi yox olmaq t\u0259hl\u00fck\u0259sind\u0259dir"},"content":{"rendered":"<figure class=\"wp-block-image size-large\">\n  <img decoding=\"async\" src=\"https:\/\/www.meydan.tv\/az\/118621\/\" alt=\"\" class=\"wp-image-118621\"\/><figcaption><\/figcaption><\/figure>\n<p>\n  <i><br \/>\n    XVIII-XIX \u0259sr\u0259 aid t\u00fcrb\u0259l\u0259rd\u0259 sufi din adamlar\u0131na aid oldu\u011fu g\u00fcman edil\u0259n m\u0259zarlar da var<br \/>\n  <\/i>\n<\/p>\n<p>\n  \u015eamax\u0131da orta \u0259srl\u0259r\u0259 aid q\u0259dim m\u0259zarl\u0131qdak\u0131 \u201cYeddi g\u00fcnb\u0259z\u201d t\u00fcrb\u0259l\u0259r kompleksi bax\u0131ms\u0131zl\u0131qdan yox olmaq t\u0259hl\u00fck\u0259si il\u0259 \u00fcz-\u00fcz\u0259dir.\n<\/p>\n<p>\n  Rayonun \u015e\u0259hriyar k\u0259nd sakini \u0130srafil V\u0259liyev Meydan TV-y\u0259 deyib ki, b\u0259z\u0259n burada mal-qara otarana da rast g\u0259lm\u0259k olur:\n<\/p>\n<p>\n  \u201cMal-qaran\u0131 q\u0259bristanl\u0131qda otar\u0131rlar, \u00e7\u00fcnki n\u0259zar\u0259t ed\u0259n yoxdur, \u00f6zba\u015fnal\u0131qd\u0131r. Halbuki, bura \u015eamax\u0131n\u0131n orta \u0259srl\u0259r\u0259 aid \u0259n q\u0259dim m\u0259zarl\u0131\u011f\u0131d\u0131r. Buradak\u0131 yeddi t\u00fcrb\u0259d\u0259n yaln\u0131z \u00fc\u00e7\u00fc tam formada qal\u0131b. Onlardan biri tamamil\u0259, \u00fc\u00e7\u00fc is\u0259 yar\u0131ya q\u0259d\u0259r da\u011f\u0131l\u0131b. He\u00e7 maraqlanan da yoxdur. T\u0259\u0259ss\u00fcf ki, \u015eamax\u0131ya turizm bax\u0131m\u0131ndan yat\u0131r\u0131m qoyma\u011fa \u0259rinirl\u0259r. Halbuki, buradak\u0131 tarixi abid\u0259l\u0259rl\u0259 \u00e7ox diqq\u0259t \u00e7\u0259km\u0259k olar. Bu gedi\u015fl\u0259, \u015eamax\u0131n\u0131n \u0259n q\u0259dim m\u0259zarl\u0131\u011f\u0131 da, \u201cYeddi g\u00fcnb\u0259z\u201d t\u00fcrb\u0259 kompleksind\u0259n olan-qalan hiss\u0259 d\u0259 tarix\u0259 qovu\u015facaq\u201d.\n<\/p>\n<figure class=\"wp-block-image size-large\">\n  <img decoding=\"async\" src=\"https:\/\/www.meydan.tv\/az\/118660\/\" alt=\"\" class=\"wp-image-118660\"\/><figcaption><\/figcaption><\/figure>\n<p>\n  M\u00fcsahibimiz deyir ki, \u015eamax\u0131da olan tarixi abid\u0259l\u0259r\u0259 sanki bir qar\u015f\u0131 laqeyidlik, bigan\u0259lik var:\n<\/p>\n<p>\n  \u201cH\u0259r da\u015f\u0131 tarix doludur. Amma burada n\u0259 ara\u015fd\u0131rma apar\u0131rlar, n\u0259 d\u0259 tarixi abid\u0259 kimi qoruyurlar. Sanki bil\u0259r\u0259kd\u0259n m\u0259hv etm\u0259y\u0259 \u00e7al\u0131\u015f\u0131rlar\u201d, &#8211; dey\u0259 \u0130srafil V\u0259liyev \u0259lav\u0259 edir.\n<\/p>\n<p>\n  \u015eamax\u0131 \u015f\u0259h\u0259rinin \u0259razisind\u0259 yerl\u0259\u015f\u0259n \u201cYeddi g\u00fcnb\u0259z\u201d t\u00fcrb\u0259l\u0259r kompleksin\u0259 7 t\u00fcrb\u0259 daxildir. Birinci t\u00fcrb\u0259 \u015eirvan xan\u0131 A\u011fas\u0131 xan\u0131n qarda\u015f\u0131 M\u0259h\u0259mm\u0259dh\u00fcseyn b\u0259yin o\u011flu \u015e\u0131x\u0259li b\u0259yin xatir\u0259sin\u0259- 1816- c\u0131 ild\u0259, ikinci t\u00fcrb\u0259 A\u011fas\u0131 xan\u0131n ad\u0131 kitab\u0259d\u0259 pozulmu\u015f o\u011flanlar\u0131ndan birinin xatir\u0259sin\u0259 -1806-c\u0131 ild\u0259, \u00fc\u00e7\u00fcnc\u00fc t\u00fcrb\u0259 Bibixan\u0131m b\u0259yimin (A\u011fas\u0131 xan\u0131n xan\u0131m\u0131, Mustafa xan\u0131n anas\u0131, S\u0259f\u0259r\u0259li sultan\u0131n q\u0131z\u0131) xatir\u0259sin\u0259 -1807-ci ild\u0259, d\u00f6rd\u00fcnc\u00fc t\u00fcrb\u0259 Mustafa xan\u0131n xan\u0131m\u0131, \u015e\u0259ki xan\u0131 S\u0259lim xan\u0131n q\u0131z\u0131 Asiya b\u0259yimin xatir\u0259sin\u0259 -1810-c\u0131 ild\u0259, alt\u0131nc\u0131 t\u00fcrb\u0259 Mustafa xan\u0131n xan\u0131m\u0131, Qaz\u0131qumuq xan\u0131 Surxay xan\u0131n q\u0131z\u0131 Xan Bik\u0259nin xatir\u0259sin\u0259 -1847-ci ild\u0259, yeddinci t\u00fcrb\u0259 Mustafa xan\u0131n o\u011flu Azad xan\u0131n xatir\u0259sin\u0259 -1865-ci ild\u0259 in\u015fa edilib.<br \/>\n  <br \/>\n  Be\u015finci t\u00fcrb\u0259 tamamil\u0259 da\u011f\u0131ld\u0131\u011f\u0131 \u00fc\u00e7\u00fcn kitab\u0259 v\u0259 ba\u015fda\u015f\u0131lar oxunmur. B\u00fct\u00fcn t\u00fcrb\u0259l\u0259r \u015eirvan xanl\u0131\u011f\u0131n\u0131n S\u0259rk\u0259r s\u00fclal\u0259sinin \u00fczvl\u0259rin\u0259 aid xatir\u0259 abid\u0259l\u0259ridir. D\u00f6rd\u00fcnc\u00fc t\u00fcrb\u0259nin \u00fcz\u0259rind\u0259 usta Ta\u011f\u0131n\u0131n ad\u0131n\u0131 g\u00f6st\u0259r\u0259n kitab\u0259 var.\n<\/p>\n<figure class=\"wp-block-image size-large\">\n  <img decoding=\"async\" src=\"https:\/\/www.meydan.tv\/az\/118663\/\" alt=\"\" class=\"wp-image-118663\"\/><figcaption><\/figcaption><\/figure>\n<p>\n  XVIII-XIX \u0259sr\u0259 aid t\u00fcrb\u0259l\u0259rd\u0259 sufi din adamlar\u0131na aid oldu\u011fu g\u00fcman edil\u0259n m\u0259zarlar da var.\n<\/p>\n<p>\n  \u0130smay\u0131ll\u0131 Regional M\u0259d\u0259niyy\u0259t \u0130dar\u0259sinin \u015eamax\u0131 rayonu \u00fczr\u0259 r\u0259hb\u0259ri Rafael Ta\u011f\u0131zad\u0259 Meydan TV-y\u0259 bildirib ki, \u0259razid\u0259 turizm mar\u015frutu \u00fcz\u0259rind\u0259 yerl\u0259\u015f\u0259n b\u00fct\u00fcn tarixi abid\u0259l\u0259rin b\u0259rpas\u0131 n\u0259z\u0259rd\u0259 tutulub:\n<\/p>\n<p>\n  \u201c\u015eamax\u0131 il\u0259 ba\u011fl\u0131 b\u00f6y\u00fck layih\u0259l\u0259r var. D\u00f6vl\u0259timiz h\u0259min abd\u0259l\u0259rin yenid\u0259n qurulmas\u0131na d\u0259st\u0259k olacaq. \u201cYeddi g\u00fcnb\u0259z\u201d kompleksind\u0259 d\u0259 abadla\u015fma, s\u0259liq\u0259-s\u0259hman i\u015fl\u0259rinin apar\u0131lmas\u0131 n\u0259z\u0259rd\u0259 tutulub. Yax\u0131n vaxtlarda abid\u0259l\u0259rin b\u0259rpas\u0131 il\u0259 ba\u011fl\u0131 q\u0259rar\u0131n veril\u0259c\u0259yi g\u00f6zl\u0259nilir\u201d.\n<\/p>\n<p>\n  Haz\u0131rda \u0259ks\u0259r turizm \u015firk\u0259ti \u00f6z mar\u015frutlar\u0131na \u201cYeddi g\u00fcnb\u0259z\u201di daxil edir.\n<\/p>\n<figure class=\"wp-block-image size-large\">\n  <img decoding=\"async\" src=\"https:\/\/www.meydan.tv\/az\/118642\/\" alt=\"\" class=\"wp-image-118642\"\/><figcaption><\/figcaption><\/figure>\n<figure class=\"wp-block-image size-large\">\n  <img decoding=\"async\" src=\"https:\/\/www.meydan.tv\/az\/118636\/\" alt=\"\" class=\"wp-image-118636\"\/><figcaption><\/figcaption><\/figure>\n<figure class=\"wp-block-image size-large\">\n  <img decoding=\"async\" src=\"https:\/\/www.meydan.tv\/az\/118615\/\" alt=\"\" class=\"wp-image-118615\"\/><figcaption><\/figcaption><\/figure>\n<\/p><\/p>\n","protected":false},"excerpt":{"rendered":"<p>XVIII-XIX \u0259sr\u0259 aid t\u00fcrb\u0259l\u0259rd\u0259 sufi din adamlar\u0131na aid oldu\u011fu g\u00fcman edil\u0259n m\u0259zarlar da var<\/p>\n","protected":false},"author":11,"featured_media":118621,"comment_status":"closed","ping_status":"open","sticky":false,"template":"","format":"standard","meta":{"_acf_changed":false,"_sitemap_exclude":false,"_sitemap_priority":"","_sitemap_frequency":"","footnotes":""},"categories":[60],"tags":[],"class_list":["post-194166","post","type-post","status-publish","format-standard","has-post-thumbnail","hentry","category-bolge","infinite-scroll-item","generate-columns","tablet-grid-50","mobile-grid-100","grid-parent","grid-33","no-featured-image-padding"],"acf":[],"yoast_head":"<!-- This site is optimized with the Yoast SEO plugin v27.4 - https:\/\/yoast.com\/product\/yoast-seo-wordpress\/ -->\n<title>&#039;&#039;Yeddi g\u00fcnb\u0259z&#039;&#039; kompleksi yox olmaq t\u0259hl\u00fck\u0259sind\u0259dir - MEYDAN.TV<\/title>\n<meta name=\"robots\" content=\"index, follow, max-snippet:-1, max-image-preview:large, max-video-preview:-1\" \/>\n<link rel=\"canonical\" href=\"https:\/\/www.meydan.tv\/az\/article\/yeddi-gunbez-kompleksi-yox-olmaq-tehlukesindedir\/\" \/>\n<meta property=\"og:locale\" content=\"az_AZ\" \/>\n<meta property=\"og:type\" content=\"article\" \/>\n<meta property=\"og:title\" content=\"&#039;&#039;Yeddi g\u00fcnb\u0259z&#039;&#039; kompleksi yox olmaq t\u0259hl\u00fck\u0259sind\u0259dir - MEYDAN.TV\" \/>\n<meta property=\"og:description\" content=\"XVIII-XIX \u0259sr\u0259 aid t\u00fcrb\u0259l\u0259rd\u0259 sufi din adamlar\u0131na aid oldu\u011fu g\u00fcman edil\u0259n m\u0259zarlar da var\" \/>\n<meta property=\"og:url\" content=\"https:\/\/www.meydan.tv\/az\/article\/yeddi-gunbez-kompleksi-yox-olmaq-tehlukesindedir\/\" \/>\n<meta property=\"og:site_name\" content=\"MEYDAN.TV\" \/>\n<meta property=\"article:published_time\" content=\"2019-02-22T15:58:20+00:00\" \/>\n<meta property=\"og:image\" content=\"https:\/\/www.meydan.tv\/wp-content\/uploads\/47313-scaled.jpg\" \/>\n\t<meta property=\"og:image:width\" content=\"2560\" \/>\n\t<meta property=\"og:image:height\" content=\"1707\" \/>\n\t<meta property=\"og:image:type\" content=\"image\/jpeg\" \/>\n<meta name=\"author\" content=\"user-manager\" \/>\n<meta name=\"twitter:card\" content=\"summary_large_image\" \/>\n<script type=\"application\/ld+json\" class=\"yoast-schema-graph\">{\"@context\":\"https:\\\/\\\/schema.org\",\"@graph\":[{\"@type\":\"Article\",\"@id\":\"https:\\\/\\\/www.meydan.tv\\\/az\\\/article\\\/yeddi-gunbez-kompleksi-yox-olmaq-tehlukesindedir\\\/#article\",\"isPartOf\":{\"@id\":\"https:\\\/\\\/www.meydan.tv\\\/az\\\/article\\\/yeddi-gunbez-kompleksi-yox-olmaq-tehlukesindedir\\\/\"},\"author\":{\"name\":\"user-manager\",\"@id\":\"https:\\\/\\\/www.meydan.tv\\\/az\\\/#\\\/schema\\\/person\\\/10d11eccf6da3662cf5fdab9806ea91a\"},\"headline\":\"&#8221;Yeddi g\u00fcnb\u0259z&#8221; kompleksi yox olmaq t\u0259hl\u00fck\u0259sind\u0259dir\",\"datePublished\":\"2019-02-22T15:58:20+00:00\",\"mainEntityOfPage\":{\"@id\":\"https:\\\/\\\/www.meydan.tv\\\/az\\\/article\\\/yeddi-gunbez-kompleksi-yox-olmaq-tehlukesindedir\\\/\"},\"wordCount\":639,\"publisher\":{\"@id\":\"https:\\\/\\\/www.meydan.tv\\\/az\\\/#organization\"},\"image\":{\"@id\":\"https:\\\/\\\/www.meydan.tv\\\/az\\\/article\\\/yeddi-gunbez-kompleksi-yox-olmaq-tehlukesindedir\\\/#primaryimage\"},\"thumbnailUrl\":\"https:\\\/\\\/www.meydan.tv\\\/wp-content\\\/uploads\\\/47313-scaled.jpg\",\"articleSection\":[\"B\u00f6lg\u0259\"],\"inLanguage\":\"az\"},{\"@type\":\"WebPage\",\"@id\":\"https:\\\/\\\/www.meydan.tv\\\/az\\\/article\\\/yeddi-gunbez-kompleksi-yox-olmaq-tehlukesindedir\\\/\",\"url\":\"https:\\\/\\\/www.meydan.tv\\\/az\\\/article\\\/yeddi-gunbez-kompleksi-yox-olmaq-tehlukesindedir\\\/\",\"name\":\"''Yeddi g\u00fcnb\u0259z'' kompleksi yox olmaq t\u0259hl\u00fck\u0259sind\u0259dir - MEYDAN.TV\",\"isPartOf\":{\"@id\":\"https:\\\/\\\/www.meydan.tv\\\/az\\\/#website\"},\"primaryImageOfPage\":{\"@id\":\"https:\\\/\\\/www.meydan.tv\\\/az\\\/article\\\/yeddi-gunbez-kompleksi-yox-olmaq-tehlukesindedir\\\/#primaryimage\"},\"image\":{\"@id\":\"https:\\\/\\\/www.meydan.tv\\\/az\\\/article\\\/yeddi-gunbez-kompleksi-yox-olmaq-tehlukesindedir\\\/#primaryimage\"},\"thumbnailUrl\":\"https:\\\/\\\/www.meydan.tv\\\/wp-content\\\/uploads\\\/47313-scaled.jpg\",\"datePublished\":\"2019-02-22T15:58:20+00:00\",\"breadcrumb\":{\"@id\":\"https:\\\/\\\/www.meydan.tv\\\/az\\\/article\\\/yeddi-gunbez-kompleksi-yox-olmaq-tehlukesindedir\\\/#breadcrumb\"},\"inLanguage\":\"az\",\"potentialAction\":[{\"@type\":\"ReadAction\",\"target\":[\"https:\\\/\\\/www.meydan.tv\\\/az\\\/article\\\/yeddi-gunbez-kompleksi-yox-olmaq-tehlukesindedir\\\/\"]}]},{\"@type\":\"ImageObject\",\"inLanguage\":\"az\",\"@id\":\"https:\\\/\\\/www.meydan.tv\\\/az\\\/article\\\/yeddi-gunbez-kompleksi-yox-olmaq-tehlukesindedir\\\/#primaryimage\",\"url\":\"https:\\\/\\\/www.meydan.tv\\\/wp-content\\\/uploads\\\/47313-scaled.jpg\",\"contentUrl\":\"https:\\\/\\\/www.meydan.tv\\\/wp-content\\\/uploads\\\/47313-scaled.jpg\",\"width\":2560,\"height\":1707,\"caption\":\"Source:\"},{\"@type\":\"BreadcrumbList\",\"@id\":\"https:\\\/\\\/www.meydan.tv\\\/az\\\/article\\\/yeddi-gunbez-kompleksi-yox-olmaq-tehlukesindedir\\\/#breadcrumb\",\"itemListElement\":[{\"@type\":\"ListItem\",\"position\":1,\"name\":\"Ana s\u0259hif\u0259\",\"item\":\"https:\\\/\\\/www.meydan.tv\\\/az\\\/\"},{\"@type\":\"ListItem\",\"position\":2,\"name\":\"B\u00f6lg\u0259\",\"item\":\"https:\\\/\\\/www.meydan.tv\\\/az\\\/section\\\/bolge\\\/\"},{\"@type\":\"ListItem\",\"position\":3,\"name\":\"&#8221;Yeddi g\u00fcnb\u0259z&#8221; kompleksi yox olmaq t\u0259hl\u00fck\u0259sind\u0259dir\"}]},{\"@type\":\"WebSite\",\"@id\":\"https:\\\/\\\/www.meydan.tv\\\/az\\\/#website\",\"url\":\"https:\\\/\\\/www.meydan.tv\\\/az\\\/\",\"name\":\"MEYDAN.TV\",\"description\":\"Meydan TV Az\u0259rbaycan\u0131n media m\u0259kan\u0131ndak\u0131 alternativ s\u0259sidir\",\"publisher\":{\"@id\":\"https:\\\/\\\/www.meydan.tv\\\/az\\\/#organization\"},\"potentialAction\":[{\"@type\":\"SearchAction\",\"target\":{\"@type\":\"EntryPoint\",\"urlTemplate\":\"https:\\\/\\\/www.meydan.tv\\\/az\\\/?s={search_term_string}\"},\"query-input\":{\"@type\":\"PropertyValueSpecification\",\"valueRequired\":true,\"valueName\":\"search_term_string\"}}],\"inLanguage\":\"az\"},{\"@type\":\"Organization\",\"@id\":\"https:\\\/\\\/www.meydan.tv\\\/az\\\/#organization\",\"name\":\"Meydan TV\",\"url\":\"https:\\\/\\\/www.meydan.tv\\\/az\\\/\",\"logo\":{\"@type\":\"ImageObject\",\"inLanguage\":\"az\",\"@id\":\"https:\\\/\\\/www.meydan.tv\\\/az\\\/#\\\/schema\\\/logo\\\/image\\\/\",\"url\":\"https:\\\/\\\/www.meydan.tv\\\/wp-content\\\/uploads\\\/2021\\\/07\\\/meydan-logo.svg\",\"contentUrl\":\"https:\\\/\\\/www.meydan.tv\\\/wp-content\\\/uploads\\\/2021\\\/07\\\/meydan-logo.svg\",\"width\":195,\"height\":46,\"caption\":\"Meydan TV\"},\"image\":{\"@id\":\"https:\\\/\\\/www.meydan.tv\\\/az\\\/#\\\/schema\\\/logo\\\/image\\\/\"}},{\"@type\":\"Person\",\"@id\":\"https:\\\/\\\/www.meydan.tv\\\/az\\\/#\\\/schema\\\/person\\\/10d11eccf6da3662cf5fdab9806ea91a\",\"name\":\"user-manager\"}]}<\/script>\n<!-- \/ Yoast SEO plugin. -->","yoast_head_json":{"title":"''Yeddi g\u00fcnb\u0259z'' kompleksi yox olmaq t\u0259hl\u00fck\u0259sind\u0259dir - MEYDAN.TV","robots":{"index":"index","follow":"follow","max-snippet":"max-snippet:-1","max-image-preview":"max-image-preview:large","max-video-preview":"max-video-preview:-1"},"canonical":"https:\/\/www.meydan.tv\/az\/article\/yeddi-gunbez-kompleksi-yox-olmaq-tehlukesindedir\/","og_locale":"az_AZ","og_type":"article","og_title":"''Yeddi g\u00fcnb\u0259z'' kompleksi yox olmaq t\u0259hl\u00fck\u0259sind\u0259dir - MEYDAN.TV","og_description":"XVIII-XIX \u0259sr\u0259 aid t\u00fcrb\u0259l\u0259rd\u0259 sufi din adamlar\u0131na aid oldu\u011fu g\u00fcman edil\u0259n m\u0259zarlar da var","og_url":"https:\/\/www.meydan.tv\/az\/article\/yeddi-gunbez-kompleksi-yox-olmaq-tehlukesindedir\/","og_site_name":"MEYDAN.TV","article_published_time":"2019-02-22T15:58:20+00:00","og_image":[{"width":2560,"height":1707,"url":"https:\/\/www.meydan.tv\/wp-content\/uploads\/47313-scaled.jpg","type":"image\/jpeg"}],"author":"user-manager","twitter_card":"summary_large_image","schema":{"@context":"https:\/\/schema.org","@graph":[{"@type":"Article","@id":"https:\/\/www.meydan.tv\/az\/article\/yeddi-gunbez-kompleksi-yox-olmaq-tehlukesindedir\/#article","isPartOf":{"@id":"https:\/\/www.meydan.tv\/az\/article\/yeddi-gunbez-kompleksi-yox-olmaq-tehlukesindedir\/"},"author":{"name":"user-manager","@id":"https:\/\/www.meydan.tv\/az\/#\/schema\/person\/10d11eccf6da3662cf5fdab9806ea91a"},"headline":"&#8221;Yeddi g\u00fcnb\u0259z&#8221; kompleksi yox olmaq t\u0259hl\u00fck\u0259sind\u0259dir","datePublished":"2019-02-22T15:58:20+00:00","mainEntityOfPage":{"@id":"https:\/\/www.meydan.tv\/az\/article\/yeddi-gunbez-kompleksi-yox-olmaq-tehlukesindedir\/"},"wordCount":639,"publisher":{"@id":"https:\/\/www.meydan.tv\/az\/#organization"},"image":{"@id":"https:\/\/www.meydan.tv\/az\/article\/yeddi-gunbez-kompleksi-yox-olmaq-tehlukesindedir\/#primaryimage"},"thumbnailUrl":"https:\/\/www.meydan.tv\/wp-content\/uploads\/47313-scaled.jpg","articleSection":["B\u00f6lg\u0259"],"inLanguage":"az"},{"@type":"WebPage","@id":"https:\/\/www.meydan.tv\/az\/article\/yeddi-gunbez-kompleksi-yox-olmaq-tehlukesindedir\/","url":"https:\/\/www.meydan.tv\/az\/article\/yeddi-gunbez-kompleksi-yox-olmaq-tehlukesindedir\/","name":"''Yeddi g\u00fcnb\u0259z'' kompleksi yox olmaq t\u0259hl\u00fck\u0259sind\u0259dir - MEYDAN.TV","isPartOf":{"@id":"https:\/\/www.meydan.tv\/az\/#website"},"primaryImageOfPage":{"@id":"https:\/\/www.meydan.tv\/az\/article\/yeddi-gunbez-kompleksi-yox-olmaq-tehlukesindedir\/#primaryimage"},"image":{"@id":"https:\/\/www.meydan.tv\/az\/article\/yeddi-gunbez-kompleksi-yox-olmaq-tehlukesindedir\/#primaryimage"},"thumbnailUrl":"https:\/\/www.meydan.tv\/wp-content\/uploads\/47313-scaled.jpg","datePublished":"2019-02-22T15:58:20+00:00","breadcrumb":{"@id":"https:\/\/www.meydan.tv\/az\/article\/yeddi-gunbez-kompleksi-yox-olmaq-tehlukesindedir\/#breadcrumb"},"inLanguage":"az","potentialAction":[{"@type":"ReadAction","target":["https:\/\/www.meydan.tv\/az\/article\/yeddi-gunbez-kompleksi-yox-olmaq-tehlukesindedir\/"]}]},{"@type":"ImageObject","inLanguage":"az","@id":"https:\/\/www.meydan.tv\/az\/article\/yeddi-gunbez-kompleksi-yox-olmaq-tehlukesindedir\/#primaryimage","url":"https:\/\/www.meydan.tv\/wp-content\/uploads\/47313-scaled.jpg","contentUrl":"https:\/\/www.meydan.tv\/wp-content\/uploads\/47313-scaled.jpg","width":2560,"height":1707,"caption":"Source:"},{"@type":"BreadcrumbList","@id":"https:\/\/www.meydan.tv\/az\/article\/yeddi-gunbez-kompleksi-yox-olmaq-tehlukesindedir\/#breadcrumb","itemListElement":[{"@type":"ListItem","position":1,"name":"Ana s\u0259hif\u0259","item":"https:\/\/www.meydan.tv\/az\/"},{"@type":"ListItem","position":2,"name":"B\u00f6lg\u0259","item":"https:\/\/www.meydan.tv\/az\/section\/bolge\/"},{"@type":"ListItem","position":3,"name":"&#8221;Yeddi g\u00fcnb\u0259z&#8221; kompleksi yox olmaq t\u0259hl\u00fck\u0259sind\u0259dir"}]},{"@type":"WebSite","@id":"https:\/\/www.meydan.tv\/az\/#website","url":"https:\/\/www.meydan.tv\/az\/","name":"MEYDAN.TV","description":"Meydan TV Az\u0259rbaycan\u0131n media m\u0259kan\u0131ndak\u0131 alternativ s\u0259sidir","publisher":{"@id":"https:\/\/www.meydan.tv\/az\/#organization"},"potentialAction":[{"@type":"SearchAction","target":{"@type":"EntryPoint","urlTemplate":"https:\/\/www.meydan.tv\/az\/?s={search_term_string}"},"query-input":{"@type":"PropertyValueSpecification","valueRequired":true,"valueName":"search_term_string"}}],"inLanguage":"az"},{"@type":"Organization","@id":"https:\/\/www.meydan.tv\/az\/#organization","name":"Meydan TV","url":"https:\/\/www.meydan.tv\/az\/","logo":{"@type":"ImageObject","inLanguage":"az","@id":"https:\/\/www.meydan.tv\/az\/#\/schema\/logo\/image\/","url":"https:\/\/www.meydan.tv\/wp-content\/uploads\/2021\/07\/meydan-logo.svg","contentUrl":"https:\/\/www.meydan.tv\/wp-content\/uploads\/2021\/07\/meydan-logo.svg","width":195,"height":46,"caption":"Meydan TV"},"image":{"@id":"https:\/\/www.meydan.tv\/az\/#\/schema\/logo\/image\/"}},{"@type":"Person","@id":"https:\/\/www.meydan.tv\/az\/#\/schema\/person\/10d11eccf6da3662cf5fdab9806ea91a","name":"user-manager"}]}},"_links":{"self":[{"href":"https:\/\/www.meydan.tv\/az\/wp-json\/wp\/v2\/posts\/194166","targetHints":{"allow":["GET"]}}],"collection":[{"href":"https:\/\/www.meydan.tv\/az\/wp-json\/wp\/v2\/posts"}],"about":[{"href":"https:\/\/www.meydan.tv\/az\/wp-json\/wp\/v2\/types\/post"}],"author":[{"embeddable":true,"href":"https:\/\/www.meydan.tv\/az\/wp-json\/wp\/v2\/users\/11"}],"replies":[{"embeddable":true,"href":"https:\/\/www.meydan.tv\/az\/wp-json\/wp\/v2\/comments?post=194166"}],"version-history":[{"count":0,"href":"https:\/\/www.meydan.tv\/az\/wp-json\/wp\/v2\/posts\/194166\/revisions"}],"wp:featuredmedia":[{"embeddable":true,"href":"https:\/\/www.meydan.tv\/az\/wp-json\/wp\/v2\/media\/118621"}],"wp:attachment":[{"href":"https:\/\/www.meydan.tv\/az\/wp-json\/wp\/v2\/media?parent=194166"}],"wp:term":[{"taxonomy":"category","embeddable":true,"href":"https:\/\/www.meydan.tv\/az\/wp-json\/wp\/v2\/categories?post=194166"},{"taxonomy":"post_tag","embeddable":true,"href":"https:\/\/www.meydan.tv\/az\/wp-json\/wp\/v2\/tags?post=194166"}],"curies":[{"name":"wp","href":"https:\/\/api.w.org\/{rel}","templated":true}]}}