{"id":194128,"date":"2019-02-20T18:12:48","date_gmt":"2019-02-20T18:12:48","guid":{"rendered":"https:\/\/www.meydan.tv\/article\/ne-kende-qaz-verilir-ne-de-qoyurlar-meseden-odun-getirek\/"},"modified":"2019-02-20T18:12:48","modified_gmt":"2019-02-20T18:12:48","slug":"ne-kende-qaz-verilir-ne-de-qoyurlar-meseden-odun-getirek","status":"publish","type":"post","link":"https:\/\/www.meydan.tv\/az\/article\/ne-kende-qaz-verilir-ne-de-qoyurlar-meseden-odun-getirek\/","title":{"rendered":"&#8221;N\u0259 k\u0259nd\u0259 qaz verilir, n\u0259 d\u0259 qoyurlar me\u015f\u0259d\u0259n odun g\u0259tir\u0259k&#8221;"},"content":{"rendered":"<figure class=\"wp-block-image size-large\">\n  <img decoding=\"async\" src=\"https:\/\/www.meydan.tv\/az\/aydin-sahverdiyev\/\" alt=\"Ayd\u0131n \u015eahverdiyev\" class=\"wp-image-118438\"\/><figcaption>\n    Ayd\u0131n \u015eahverdiyev<br \/>\n  <\/figcaption><\/figure>\n<p>\n  <i><br \/>\n    Q\u0131\u015flaq k\u0259nd sakinl\u0259ri laqeydlikd\u0259n gileylidir<br \/>\n  <\/i>\n<\/p>\n<p>\n  \u201c\u0130cra ba\u015f\u00e7\u0131s\u0131 R\u00f6v\u015f\u0259n Ba\u011f\u0131rov s\u00f6z verdi, amma dediyin\u0259 \u0259m\u0259l etm\u0259di. Demi\u015fdi ki, k\u0259ndimiz\u0259 qaz veril\u0259c\u0259k. Bizd\u0259n yuxar\u0131da 8-9 k\u0259nd var, onlara qaz \u00e7\u0259kibl\u0259r, lakin bizim k\u0259ndl\u0259 maraqlanan yoxdur\u201d.\n<\/p>\n<p>\n  Lerikin ucqar da\u011f k\u0259ndi olan Q\u0131\u015fla\u011f\u0131n sakinl\u0259ri \u015fikay\u0259t\u00e7idir. Onlar\u0131n naraz\u0131l\u0131\u011f\u0131 k\u0259ndl\u0259rinin qazla\u015fd\u0131r\u0131lmamas\u0131 il\u0259 \u0259laq\u0259dard\u0131r. K\u0259nd camaat\u0131 Meydan TV-y\u0259 deyir ki, qon\u015fuluqdak\u0131 Z\u0259rig\u00fcmaco k\u0259ndin\u0259 qaz x\u0259tti \u00e7\u0259kilib, lakin Q\u0131\u015fla\u011fa \u00e7atanda yaln\u0131z d\u00f6rd ev\u0259 mavi qaz verilib:\n<\/p>\n<p>\n  \u201cNiy\u0259 biz q\u0131\u015f\u0131n qar\u0131nda-\u015faxtas\u0131nda donmal\u0131y\u0131q? Z\u0259rig\u00fcmaco k\u0259ndi il\u0259 Q\u0131\u015fla\u011f\u0131n aras\u0131ndak\u0131 m\u0259saf\u0259 200 metrdir. T\u0259s\u0259vv\u00fcr edin, orada qaz var, bizd\u0259 is\u0259 yox. G\u00fclm\u0259li olan odur ki, bizim k\u0259ndd\u0259 d\u00f6rd evd\u0259 qaz x\u0259tti var. \u015eikay\u0259t etm\u0259kd\u0259n yorulmu\u015fuq, qulaqard\u0131na vururlar\u201d, &#8211; Ayd\u0131n \u015eahverdiyev bel\u0259 deyir.\n<\/p>\n<p>\n  Onun s\u00f6zl\u0259rin\u0259 g\u00f6r\u0259, qon\u015fu k\u0259ndl\u0259rd\u0259 qazla\u015fd\u0131rma i\u015fl\u0259ri 3-4 il \u00f6nc\u0259 ba\u015fa \u00e7at\u0131b. Bu m\u00fcdd\u0259t \u0259rzind\u0259 onlar yerli icra strukturlar\u0131na d\u0259f\u0259l\u0259rl\u0259 m\u00fcraci\u0259t edibl\u0259r, ham\u0131s\u0131 da n\u0259tic\u0259siz qal\u0131b:\n<\/p>\n<p>\n  \u201cD\u0259rd ondad\u0131r ki, n\u0259 biz\u0259 qaz verirl\u0259r, n\u0259 d\u0259 imkan verirl\u0259r gedib me\u015f\u0259d\u0259n odun g\u0259tir\u0259k. Biz evi odunla isidirik. Me\u015f\u0259d\u0259n d\u0259 odun g\u0259tirm\u0259y\u0259 qoymurlar, c\u0259rim\u0259l\u0259yirl\u0259r. A\u011fac k\u0259sm\u0259k d\u0259 min manat c\u0259rim\u0259dir. Adam qal\u0131r bel\u0259, bilmirs\u0259n ki, neyl\u0259y\u0259s\u0259n. K\u00f6hn\u0259 a\u011faclardan, \u00e7\u0131rp\u0131 y\u0131\u011f\u0131b, birt\u0259h\u0259r evi isidirik. \u0130l \u0259rzind\u0259 pulla odun alas\u0131 olsaq, be\u015f y\u00fcz manat edir. Ax\u0131 bizim el\u0259 imkan\u0131m\u0131z yoxdur\u201d.\n<\/p>\n<figure class=\"wp-block-image size-large\">\n  <img decoding=\"async\" src=\"https:\/\/www.meydan.tv\/az\/118447\/\" alt=\"\" class=\"wp-image-118447\"\/><figcaption><\/figcaption><\/figure>\n<p>\n  Dig\u0259r k\u0259nd sakini Mirdavud H\u00fcmb\u0259tov \u201cD\u0259rdimizi k\u0259ndin i\u00e7ind\u0259 ancaq bir-birimiz\u0259 dan\u0131\u015f\u0131r\u0131q\u201d, &#8211; dey\u0259 bildirir:\n<\/p>\n<p>\n  \u201cBizd\u0259n 200 metr yuxar\u0131da olan k\u0259ndl\u0259r\u0259 qaz \u00e7\u0259kibl\u0259r. Burada ya\u015fay\u0131r\u0131q, m\u0259cburuq, odun g\u0259tir\u0259k, yand\u0131raq. T\u0259bi\u0259timiz da\u011f\u0131l\u0131r. \u00c7\u00fcnki odunu me\u015f\u0259d\u0259n \u0259ld\u0259 edirl\u0259r. Bunu yuxar\u0131da oturanlar bilm\u0259lidir. Bizim dem\u0259yimizl\u0259, \u015fikay\u0259timizl\u0259 deyil. D\u0259f\u0259l\u0259rl\u0259 qaz idar\u0259sin\u0259 m\u00fcraci\u0259t etmi\u015fik. Bu il Piran orta m\u0259kt\u0259bind\u0259 iclas oldu, nazirlikd\u0259n n\u00fcmay\u0259nd\u0259 g\u0259lmi\u015fdi. Orada dedik ki, k\u0259ndin 4 evind\u0259 qaz var, o biri k\u0259ndd\u0259n \u00e7\u0259kibl\u0259r. Q\u0131\u015flaq 20 evd\u0259n ibar\u0259tdir, lakin qaz verilmir. H\u0259r d\u0259f\u0259 d\u0259 deyirl\u0259r ki, plandad\u0131r, guya \u00e7\u0259kil\u0259c\u0259k\u201d.\n<\/p>\n<p>\n  Bu il yanvar\u0131n 29-da ke\u00e7iril\u0259n \u201cAz\u0259rbaycan Respublikas\u0131 regionlar\u0131n\u0131n 2014-2018-ci ill\u0259rd\u0259 sosial-iqtisadi inki\u015faf\u0131 D\u00f6vl\u0259t Proqram\u0131\u201dn\u0131n icras\u0131n\u0131n yekunlar\u0131na h\u0259sr olunan konfrans\u0131nda prezident \u0130lham \u018fliyev \u00f6lk\u0259d\u0259 t\u0259bii qaz t\u0259minat\u0131n\u0131n 95 faiz oldu\u011funu qeyd etmi\u015fdi. M\u00fcqayis\u0259 apararaq, bildirmi\u015fdi ki, t\u0259bii qaz il\u0259 t\u0259minat 15 il bundan \u0259vv\u0259l t\u0259xmin\u0259n 50 faiz s\u0259viyy\u0259sind\u0259 idi, bu g\u00fcn bu, 95 faizdir.\n<\/p>\n<figure class=\"wp-block-image size-large\">\n  <img decoding=\"async\" src=\"https:\/\/www.meydan.tv\/az\/118450\/\" alt=\"\" class=\"wp-image-118450\"\/><figcaption><\/figcaption><\/figure>\n<p>\n  Az\u0259riqaz\u201d \u0130stehsalat Birliyinin m\u0259tbuat xidm\u0259tinin r\u0259hb\u0259ri \u0130brahim K\u0259rbalayev Meydan TV-y\u0259 bildirib ki, Lerikin Q\u0131\u015flaq k\u0259ndinin qazla\u015fd\u0131r\u0131lmas\u0131 2019-cu ild\u0259 n\u0259z\u0259rd\u0259 tutulmay\u0131b:\n<\/p>\n<p>\n  \u201cYa\u015fay\u0131\u015f m\u0259nt\u0259q\u0259l\u0259rinin qazla\u015fd\u0131r\u0131lmas\u0131 \u201cAz\u0259rbaycan Respublikas\u0131 regionlar\u0131n\u0131n 2014-2018-ci ill\u0259rd\u0259 sosial-iqtisadi inki\u015faf\u0131 D\u00f6vl\u0259t Proqram\u0131\u201d t\u0259dbirl\u0259r plan\u0131na uy\u011fun olaraq h\u0259yata ke\u00e7irilir. Maliyy\u0259 v\u0259saitind\u0259n as\u0131l\u0131d\u0131r. V\u0259sait ayr\u0131lacaqsa, n\u00f6vb\u0259ti ill\u0259rd\u0259 k\u0259ndin qazla\u015fmas\u0131na bax\u0131la bil\u0259r\u201d.<\/p>\n","protected":false},"excerpt":{"rendered":"<p>Q\u0131\u015flaq k\u0259nd sakinl\u0259ri laqeydlikd\u0259n gileylidir<\/p>\n","protected":false},"author":11,"featured_media":118438,"comment_status":"closed","ping_status":"open","sticky":false,"template":"","format":"standard","meta":{"_acf_changed":false,"_sitemap_exclude":false,"_sitemap_priority":"","_sitemap_frequency":"","footnotes":""},"categories":[60],"tags":[],"class_list":["post-194128","post","type-post","status-publish","format-standard","has-post-thumbnail","hentry","category-bolge","infinite-scroll-item","generate-columns","tablet-grid-50","mobile-grid-100","grid-parent","grid-33","no-featured-image-padding"],"acf":[],"yoast_head":"<!-- This site is optimized with the Yoast SEO plugin v27.4 - https:\/\/yoast.com\/product\/yoast-seo-wordpress\/ -->\n<title>&#039;&#039;N\u0259 k\u0259nd\u0259 qaz verilir, n\u0259 d\u0259 qoyurlar me\u015f\u0259d\u0259n odun g\u0259tir\u0259k&#039;&#039; - MEYDAN.TV<\/title>\n<meta name=\"robots\" content=\"index, follow, max-snippet:-1, max-image-preview:large, max-video-preview:-1\" \/>\n<link rel=\"canonical\" href=\"https:\/\/www.meydan.tv\/az\/article\/ne-kende-qaz-verilir-ne-de-qoyurlar-meseden-odun-getirek\/\" \/>\n<meta property=\"og:locale\" content=\"az_AZ\" \/>\n<meta property=\"og:type\" content=\"article\" \/>\n<meta property=\"og:title\" content=\"&#039;&#039;N\u0259 k\u0259nd\u0259 qaz verilir, n\u0259 d\u0259 qoyurlar me\u015f\u0259d\u0259n odun g\u0259tir\u0259k&#039;&#039; - MEYDAN.TV\" \/>\n<meta property=\"og:description\" content=\"Q\u0131\u015flaq k\u0259nd sakinl\u0259ri laqeydlikd\u0259n gileylidir\" \/>\n<meta property=\"og:url\" content=\"https:\/\/www.meydan.tv\/az\/article\/ne-kende-qaz-verilir-ne-de-qoyurlar-meseden-odun-getirek\/\" \/>\n<meta property=\"og:site_name\" content=\"MEYDAN.TV\" \/>\n<meta property=\"article:published_time\" content=\"2019-02-20T18:12:48+00:00\" \/>\n<meta property=\"og:image\" content=\"https:\/\/www.meydan.tv\/wp-content\/uploads\/47229.jpg\" \/>\n\t<meta property=\"og:image:width\" content=\"960\" \/>\n\t<meta property=\"og:image:height\" content=\"720\" \/>\n\t<meta property=\"og:image:type\" content=\"image\/jpeg\" \/>\n<meta name=\"author\" content=\"user-manager\" \/>\n<meta name=\"twitter:card\" content=\"summary_large_image\" \/>\n<script type=\"application\/ld+json\" class=\"yoast-schema-graph\">{\"@context\":\"https:\\\/\\\/schema.org\",\"@graph\":[{\"@type\":\"Article\",\"@id\":\"https:\\\/\\\/www.meydan.tv\\\/az\\\/article\\\/ne-kende-qaz-verilir-ne-de-qoyurlar-meseden-odun-getirek\\\/#article\",\"isPartOf\":{\"@id\":\"https:\\\/\\\/www.meydan.tv\\\/az\\\/article\\\/ne-kende-qaz-verilir-ne-de-qoyurlar-meseden-odun-getirek\\\/\"},\"author\":{\"name\":\"user-manager\",\"@id\":\"https:\\\/\\\/www.meydan.tv\\\/az\\\/#\\\/schema\\\/person\\\/10d11eccf6da3662cf5fdab9806ea91a\"},\"headline\":\"&#8221;N\u0259 k\u0259nd\u0259 qaz verilir, n\u0259 d\u0259 qoyurlar me\u015f\u0259d\u0259n odun g\u0259tir\u0259k&#8221;\",\"datePublished\":\"2019-02-20T18:12:48+00:00\",\"mainEntityOfPage\":{\"@id\":\"https:\\\/\\\/www.meydan.tv\\\/az\\\/article\\\/ne-kende-qaz-verilir-ne-de-qoyurlar-meseden-odun-getirek\\\/\"},\"wordCount\":668,\"publisher\":{\"@id\":\"https:\\\/\\\/www.meydan.tv\\\/az\\\/#organization\"},\"image\":{\"@id\":\"https:\\\/\\\/www.meydan.tv\\\/az\\\/article\\\/ne-kende-qaz-verilir-ne-de-qoyurlar-meseden-odun-getirek\\\/#primaryimage\"},\"thumbnailUrl\":\"https:\\\/\\\/www.meydan.tv\\\/wp-content\\\/uploads\\\/47229.jpg\",\"articleSection\":[\"B\u00f6lg\u0259\"],\"inLanguage\":\"az\"},{\"@type\":\"WebPage\",\"@id\":\"https:\\\/\\\/www.meydan.tv\\\/az\\\/article\\\/ne-kende-qaz-verilir-ne-de-qoyurlar-meseden-odun-getirek\\\/\",\"url\":\"https:\\\/\\\/www.meydan.tv\\\/az\\\/article\\\/ne-kende-qaz-verilir-ne-de-qoyurlar-meseden-odun-getirek\\\/\",\"name\":\"''N\u0259 k\u0259nd\u0259 qaz verilir, n\u0259 d\u0259 qoyurlar me\u015f\u0259d\u0259n odun g\u0259tir\u0259k'' - MEYDAN.TV\",\"isPartOf\":{\"@id\":\"https:\\\/\\\/www.meydan.tv\\\/az\\\/#website\"},\"primaryImageOfPage\":{\"@id\":\"https:\\\/\\\/www.meydan.tv\\\/az\\\/article\\\/ne-kende-qaz-verilir-ne-de-qoyurlar-meseden-odun-getirek\\\/#primaryimage\"},\"image\":{\"@id\":\"https:\\\/\\\/www.meydan.tv\\\/az\\\/article\\\/ne-kende-qaz-verilir-ne-de-qoyurlar-meseden-odun-getirek\\\/#primaryimage\"},\"thumbnailUrl\":\"https:\\\/\\\/www.meydan.tv\\\/wp-content\\\/uploads\\\/47229.jpg\",\"datePublished\":\"2019-02-20T18:12:48+00:00\",\"breadcrumb\":{\"@id\":\"https:\\\/\\\/www.meydan.tv\\\/az\\\/article\\\/ne-kende-qaz-verilir-ne-de-qoyurlar-meseden-odun-getirek\\\/#breadcrumb\"},\"inLanguage\":\"az\",\"potentialAction\":[{\"@type\":\"ReadAction\",\"target\":[\"https:\\\/\\\/www.meydan.tv\\\/az\\\/article\\\/ne-kende-qaz-verilir-ne-de-qoyurlar-meseden-odun-getirek\\\/\"]}]},{\"@type\":\"ImageObject\",\"inLanguage\":\"az\",\"@id\":\"https:\\\/\\\/www.meydan.tv\\\/az\\\/article\\\/ne-kende-qaz-verilir-ne-de-qoyurlar-meseden-odun-getirek\\\/#primaryimage\",\"url\":\"https:\\\/\\\/www.meydan.tv\\\/wp-content\\\/uploads\\\/47229.jpg\",\"contentUrl\":\"https:\\\/\\\/www.meydan.tv\\\/wp-content\\\/uploads\\\/47229.jpg\",\"width\":960,\"height\":720,\"caption\":\"Source:\"},{\"@type\":\"BreadcrumbList\",\"@id\":\"https:\\\/\\\/www.meydan.tv\\\/az\\\/article\\\/ne-kende-qaz-verilir-ne-de-qoyurlar-meseden-odun-getirek\\\/#breadcrumb\",\"itemListElement\":[{\"@type\":\"ListItem\",\"position\":1,\"name\":\"Ana s\u0259hif\u0259\",\"item\":\"https:\\\/\\\/www.meydan.tv\\\/az\\\/\"},{\"@type\":\"ListItem\",\"position\":2,\"name\":\"B\u00f6lg\u0259\",\"item\":\"https:\\\/\\\/www.meydan.tv\\\/az\\\/section\\\/bolge\\\/\"},{\"@type\":\"ListItem\",\"position\":3,\"name\":\"&#8221;N\u0259 k\u0259nd\u0259 qaz verilir, n\u0259 d\u0259 qoyurlar me\u015f\u0259d\u0259n odun g\u0259tir\u0259k&#8221;\"}]},{\"@type\":\"WebSite\",\"@id\":\"https:\\\/\\\/www.meydan.tv\\\/az\\\/#website\",\"url\":\"https:\\\/\\\/www.meydan.tv\\\/az\\\/\",\"name\":\"MEYDAN.TV\",\"description\":\"Meydan TV Az\u0259rbaycan\u0131n media m\u0259kan\u0131ndak\u0131 alternativ s\u0259sidir\",\"publisher\":{\"@id\":\"https:\\\/\\\/www.meydan.tv\\\/az\\\/#organization\"},\"potentialAction\":[{\"@type\":\"SearchAction\",\"target\":{\"@type\":\"EntryPoint\",\"urlTemplate\":\"https:\\\/\\\/www.meydan.tv\\\/az\\\/?s={search_term_string}\"},\"query-input\":{\"@type\":\"PropertyValueSpecification\",\"valueRequired\":true,\"valueName\":\"search_term_string\"}}],\"inLanguage\":\"az\"},{\"@type\":\"Organization\",\"@id\":\"https:\\\/\\\/www.meydan.tv\\\/az\\\/#organization\",\"name\":\"Meydan TV\",\"url\":\"https:\\\/\\\/www.meydan.tv\\\/az\\\/\",\"logo\":{\"@type\":\"ImageObject\",\"inLanguage\":\"az\",\"@id\":\"https:\\\/\\\/www.meydan.tv\\\/az\\\/#\\\/schema\\\/logo\\\/image\\\/\",\"url\":\"https:\\\/\\\/www.meydan.tv\\\/wp-content\\\/uploads\\\/2021\\\/07\\\/meydan-logo.svg\",\"contentUrl\":\"https:\\\/\\\/www.meydan.tv\\\/wp-content\\\/uploads\\\/2021\\\/07\\\/meydan-logo.svg\",\"width\":195,\"height\":46,\"caption\":\"Meydan TV\"},\"image\":{\"@id\":\"https:\\\/\\\/www.meydan.tv\\\/az\\\/#\\\/schema\\\/logo\\\/image\\\/\"}},{\"@type\":\"Person\",\"@id\":\"https:\\\/\\\/www.meydan.tv\\\/az\\\/#\\\/schema\\\/person\\\/10d11eccf6da3662cf5fdab9806ea91a\",\"name\":\"user-manager\"}]}<\/script>\n<!-- \/ Yoast SEO plugin. -->","yoast_head_json":{"title":"''N\u0259 k\u0259nd\u0259 qaz verilir, n\u0259 d\u0259 qoyurlar me\u015f\u0259d\u0259n odun g\u0259tir\u0259k'' - MEYDAN.TV","robots":{"index":"index","follow":"follow","max-snippet":"max-snippet:-1","max-image-preview":"max-image-preview:large","max-video-preview":"max-video-preview:-1"},"canonical":"https:\/\/www.meydan.tv\/az\/article\/ne-kende-qaz-verilir-ne-de-qoyurlar-meseden-odun-getirek\/","og_locale":"az_AZ","og_type":"article","og_title":"''N\u0259 k\u0259nd\u0259 qaz verilir, n\u0259 d\u0259 qoyurlar me\u015f\u0259d\u0259n odun g\u0259tir\u0259k'' - MEYDAN.TV","og_description":"Q\u0131\u015flaq k\u0259nd sakinl\u0259ri laqeydlikd\u0259n gileylidir","og_url":"https:\/\/www.meydan.tv\/az\/article\/ne-kende-qaz-verilir-ne-de-qoyurlar-meseden-odun-getirek\/","og_site_name":"MEYDAN.TV","article_published_time":"2019-02-20T18:12:48+00:00","og_image":[{"width":960,"height":720,"url":"https:\/\/www.meydan.tv\/wp-content\/uploads\/47229.jpg","type":"image\/jpeg"}],"author":"user-manager","twitter_card":"summary_large_image","schema":{"@context":"https:\/\/schema.org","@graph":[{"@type":"Article","@id":"https:\/\/www.meydan.tv\/az\/article\/ne-kende-qaz-verilir-ne-de-qoyurlar-meseden-odun-getirek\/#article","isPartOf":{"@id":"https:\/\/www.meydan.tv\/az\/article\/ne-kende-qaz-verilir-ne-de-qoyurlar-meseden-odun-getirek\/"},"author":{"name":"user-manager","@id":"https:\/\/www.meydan.tv\/az\/#\/schema\/person\/10d11eccf6da3662cf5fdab9806ea91a"},"headline":"&#8221;N\u0259 k\u0259nd\u0259 qaz verilir, n\u0259 d\u0259 qoyurlar me\u015f\u0259d\u0259n odun g\u0259tir\u0259k&#8221;","datePublished":"2019-02-20T18:12:48+00:00","mainEntityOfPage":{"@id":"https:\/\/www.meydan.tv\/az\/article\/ne-kende-qaz-verilir-ne-de-qoyurlar-meseden-odun-getirek\/"},"wordCount":668,"publisher":{"@id":"https:\/\/www.meydan.tv\/az\/#organization"},"image":{"@id":"https:\/\/www.meydan.tv\/az\/article\/ne-kende-qaz-verilir-ne-de-qoyurlar-meseden-odun-getirek\/#primaryimage"},"thumbnailUrl":"https:\/\/www.meydan.tv\/wp-content\/uploads\/47229.jpg","articleSection":["B\u00f6lg\u0259"],"inLanguage":"az"},{"@type":"WebPage","@id":"https:\/\/www.meydan.tv\/az\/article\/ne-kende-qaz-verilir-ne-de-qoyurlar-meseden-odun-getirek\/","url":"https:\/\/www.meydan.tv\/az\/article\/ne-kende-qaz-verilir-ne-de-qoyurlar-meseden-odun-getirek\/","name":"''N\u0259 k\u0259nd\u0259 qaz verilir, n\u0259 d\u0259 qoyurlar me\u015f\u0259d\u0259n odun g\u0259tir\u0259k'' - MEYDAN.TV","isPartOf":{"@id":"https:\/\/www.meydan.tv\/az\/#website"},"primaryImageOfPage":{"@id":"https:\/\/www.meydan.tv\/az\/article\/ne-kende-qaz-verilir-ne-de-qoyurlar-meseden-odun-getirek\/#primaryimage"},"image":{"@id":"https:\/\/www.meydan.tv\/az\/article\/ne-kende-qaz-verilir-ne-de-qoyurlar-meseden-odun-getirek\/#primaryimage"},"thumbnailUrl":"https:\/\/www.meydan.tv\/wp-content\/uploads\/47229.jpg","datePublished":"2019-02-20T18:12:48+00:00","breadcrumb":{"@id":"https:\/\/www.meydan.tv\/az\/article\/ne-kende-qaz-verilir-ne-de-qoyurlar-meseden-odun-getirek\/#breadcrumb"},"inLanguage":"az","potentialAction":[{"@type":"ReadAction","target":["https:\/\/www.meydan.tv\/az\/article\/ne-kende-qaz-verilir-ne-de-qoyurlar-meseden-odun-getirek\/"]}]},{"@type":"ImageObject","inLanguage":"az","@id":"https:\/\/www.meydan.tv\/az\/article\/ne-kende-qaz-verilir-ne-de-qoyurlar-meseden-odun-getirek\/#primaryimage","url":"https:\/\/www.meydan.tv\/wp-content\/uploads\/47229.jpg","contentUrl":"https:\/\/www.meydan.tv\/wp-content\/uploads\/47229.jpg","width":960,"height":720,"caption":"Source:"},{"@type":"BreadcrumbList","@id":"https:\/\/www.meydan.tv\/az\/article\/ne-kende-qaz-verilir-ne-de-qoyurlar-meseden-odun-getirek\/#breadcrumb","itemListElement":[{"@type":"ListItem","position":1,"name":"Ana s\u0259hif\u0259","item":"https:\/\/www.meydan.tv\/az\/"},{"@type":"ListItem","position":2,"name":"B\u00f6lg\u0259","item":"https:\/\/www.meydan.tv\/az\/section\/bolge\/"},{"@type":"ListItem","position":3,"name":"&#8221;N\u0259 k\u0259nd\u0259 qaz verilir, n\u0259 d\u0259 qoyurlar me\u015f\u0259d\u0259n odun g\u0259tir\u0259k&#8221;"}]},{"@type":"WebSite","@id":"https:\/\/www.meydan.tv\/az\/#website","url":"https:\/\/www.meydan.tv\/az\/","name":"MEYDAN.TV","description":"Meydan TV Az\u0259rbaycan\u0131n media m\u0259kan\u0131ndak\u0131 alternativ s\u0259sidir","publisher":{"@id":"https:\/\/www.meydan.tv\/az\/#organization"},"potentialAction":[{"@type":"SearchAction","target":{"@type":"EntryPoint","urlTemplate":"https:\/\/www.meydan.tv\/az\/?s={search_term_string}"},"query-input":{"@type":"PropertyValueSpecification","valueRequired":true,"valueName":"search_term_string"}}],"inLanguage":"az"},{"@type":"Organization","@id":"https:\/\/www.meydan.tv\/az\/#organization","name":"Meydan TV","url":"https:\/\/www.meydan.tv\/az\/","logo":{"@type":"ImageObject","inLanguage":"az","@id":"https:\/\/www.meydan.tv\/az\/#\/schema\/logo\/image\/","url":"https:\/\/www.meydan.tv\/wp-content\/uploads\/2021\/07\/meydan-logo.svg","contentUrl":"https:\/\/www.meydan.tv\/wp-content\/uploads\/2021\/07\/meydan-logo.svg","width":195,"height":46,"caption":"Meydan TV"},"image":{"@id":"https:\/\/www.meydan.tv\/az\/#\/schema\/logo\/image\/"}},{"@type":"Person","@id":"https:\/\/www.meydan.tv\/az\/#\/schema\/person\/10d11eccf6da3662cf5fdab9806ea91a","name":"user-manager"}]}},"_links":{"self":[{"href":"https:\/\/www.meydan.tv\/az\/wp-json\/wp\/v2\/posts\/194128","targetHints":{"allow":["GET"]}}],"collection":[{"href":"https:\/\/www.meydan.tv\/az\/wp-json\/wp\/v2\/posts"}],"about":[{"href":"https:\/\/www.meydan.tv\/az\/wp-json\/wp\/v2\/types\/post"}],"author":[{"embeddable":true,"href":"https:\/\/www.meydan.tv\/az\/wp-json\/wp\/v2\/users\/11"}],"replies":[{"embeddable":true,"href":"https:\/\/www.meydan.tv\/az\/wp-json\/wp\/v2\/comments?post=194128"}],"version-history":[{"count":0,"href":"https:\/\/www.meydan.tv\/az\/wp-json\/wp\/v2\/posts\/194128\/revisions"}],"wp:featuredmedia":[{"embeddable":true,"href":"https:\/\/www.meydan.tv\/az\/wp-json\/wp\/v2\/media\/118438"}],"wp:attachment":[{"href":"https:\/\/www.meydan.tv\/az\/wp-json\/wp\/v2\/media?parent=194128"}],"wp:term":[{"taxonomy":"category","embeddable":true,"href":"https:\/\/www.meydan.tv\/az\/wp-json\/wp\/v2\/categories?post=194128"},{"taxonomy":"post_tag","embeddable":true,"href":"https:\/\/www.meydan.tv\/az\/wp-json\/wp\/v2\/tags?post=194128"}],"curies":[{"name":"wp","href":"https:\/\/api.w.org\/{rel}","templated":true}]}}