{"id":194127,"date":"2019-02-20T18:04:37","date_gmt":"2019-02-20T18:04:37","guid":{"rendered":"https:\/\/www.meydan.tv\/article\/usaqlarimizin-tehsil-aldigi-yer-mektebden-cox-tovleye-benzeyir\/"},"modified":"2019-02-20T18:04:37","modified_gmt":"2019-02-20T18:04:37","slug":"usaqlarimizin-tehsil-aldigi-yer-mektebden-cox-tovleye-benzeyir","status":"publish","type":"post","link":"https:\/\/www.meydan.tv\/az\/article\/usaqlarimizin-tehsil-aldigi-yer-mektebden-cox-tovleye-benzeyir\/","title":{"rendered":"&#8221;U\u015faqlar\u0131m\u0131z\u0131n t\u0259hsil ald\u0131\u011f\u0131 yer m\u0259kt\u0259bd\u0259n \u00e7ox, t\u00f6vl\u0259y\u0259 b\u0259nz\u0259yir&#8221;"},"content":{"rendered":"<figure class=\"wp-block-image size-large\">\n  <img decoding=\"async\" src=\"https:\/\/www.meydan.tv\/az\/47226\/\" alt=\"47226\" class=\"wp-image-118441\"\/><figcaption><\/figcaption><\/figure>\n<p>\n  <i><br \/>\n    \u0130cra Hakimiyy\u0259ti: &#8221;Onlar b\u0259rbad halda olan m\u0259kt\u0259b g\u00f6rm\u0259yibl\u0259r&#8221;<br \/>\n  <\/i>\n<\/p>\n<p>\n  \u201cM\u0259kt\u0259b deyil, mal t\u00f6vl\u0259sidir. Neyl\u0259y\u0259k, g\u00f6nd\u0259rm\u0259y\u0259k, t\u0259hilsiz qals\u0131nlar? M\u0259cbur gedirl\u0259r, ancaq b\u00fct\u00fcn q\u0131\u015f\u0131 u\u015faqlar\u0131m\u0131z x\u0259st\u0259 olur\u201d.\n<\/p>\n<p>\n  Yevlax\u0131n Mal Bin\u0259si k\u0259ndini sakinl\u0259ri Meydan TV-y\u0259 bel\u0259 deyibl\u0259r. Valideynl\u0259r m\u0259kt\u0259bin t\u0259mirsiz, u\u00e7ub-t\u00f6k\u00fcld\u00fcy\u00fcn\u00fc, q\u0131\u015fda istiliyinin olmad\u0131\u011f\u0131n\u0131 s\u00f6yl\u0259yirl\u0259r:\n<\/p>\n<p>\n  \u201cM\u00fc\u0259lliml\u0259rd\u0259n raz\u0131y\u0131q, t\u0259hsil pis deyil. Oxuyurlar, universitet\u0259 gir\u0259nl\u0259r d\u0259 olur. Sad\u0259c\u0259 m\u0259kt\u0259b \u00e7ox pis v\u0259ziyy\u0259td\u0259dir. D\u00f6\u015f\u0259m\u0259si, tavan\u0131 u\u00e7ub-t\u00f6k\u00fcl\u00fcr. P\u0259nc\u0259r\u0259l\u0259ri q\u0131r\u0131q-q\u0131r\u0131qd\u0131r, qap\u0131lar\u0131 b\u0259rbad g\u00fcnd\u0259dir. \u0130ndi hans\u0131 d\u00f6vrd\u00fcr ki, u\u015faqlar odun q\u0131r\u0131b, b\u00fct\u00fcn g\u00fcn\u00fc soba qalamaqla m\u0259\u015f\u011ful olurlar?\u201d\n<\/p>\n<blockquote><p>\n  Sinif otaqlar\u0131nda soyuqdan oturmaq m\u00fcmk\u00fcn deyil\n<\/p><\/blockquote>\n<p>\n  Valideynl\u0259r deyirl\u0259r ki, d\u0259rs qal\u0131r k\u0259narda, u\u015faqlar odun q\u0131r\u0131b, da\u015f\u0131y\u0131r, soba qalay\u0131rlar:\n<\/p>\n<p>\n  \u201cDaha n\u0259 etsinl\u0259r, yoxsa soyuqdan oturmaq m\u00fcmk\u00fcn deyil. N\u0259 q\u0259d\u0259r yand\u0131r\u0131rlar, yand\u0131rs\u0131nlar, he\u00e7 otaqlar isinir ki? P\u0259nc\u0259r\u0259l\u0259r, qap\u0131lar ham\u0131s\u0131 q\u0131r\u0131q-q\u0131r\u0131qd\u0131r. Ancaq soban\u0131n \u0259traf\u0131 isinir. O da ki, h\u0259r g\u00fcn odun, neft pulu toplay\u0131rlar. Siz bir h\u0259min m\u0259kt\u0259b\u0259 bax\u0131n, g\u00f6r\u00fcn, m\u00fcasir Az\u0259rbaycana yara\u015fan binad\u0131r o? H\u0259r g\u00fcn televiziyalarda e\u015fidirik, deyirl\u0259r, m\u00fcasir tipli m\u0259kt\u0259bl\u0259r in\u015fa edilir, n\u0259 bilim, \u0259n ucqar k\u0259ndd\u0259 bel\u0259 t\u0259mirsiz m\u0259kt\u0259b qalmay\u0131b v\u0259 s. Bizim k\u0259ndimiz o q\u0259d\u0259r d\u0259 ucqar deyil, b\u0259s bu n\u0259 biab\u0131r\u00e7\u0131l\u0131qd\u0131r?\u201d\n<\/p>\n<blockquote><p>\n  \u0130st\u0259yirik ki, \u00f6vladlar\u0131m\u0131z normal yerd\u0259 t\u0259hsil als\u0131n\n<\/p><\/blockquote>\n<p>\n  Valideynl\u0259r art\u0131q u\u015faqlar\u0131n\u0131n q\u0131\u015f uzunu x\u0259st\u0259 olub, d\u0259rsd\u0259n qalmalar\u0131ndan usand\u0131qlar\u0131n\u0131 s\u00f6yl\u0259yirl\u0259r:\n<\/p>\n<figure class=\"wp-block-image size-large\">\n  <img decoding=\"async\" src=\"https:\/\/www.meydan.tv\/az\/118444\/\" alt=\"\" class=\"wp-image-118444\"\/><figcaption><\/figcaption><\/figure>\n<p>\n  \u201cM\u0259kt\u0259b \u00e7ox \u015f\u0259raitsizdir. \u0130stiliyi yoxdur, stol-stullar\u0131 q\u0131r\u0131q-q\u0131r\u0131qd\u0131r. Ham\u0131m\u0131z bezmi\u015fik. Biz d\u0259 ist\u0259yirik ki, \u00f6vladlar\u0131m\u0131z normal yerd\u0259 t\u0259hsil als\u0131n. B\u0259li, s\u00f6z\u00fcn h\u0259qiqi m\u0259nas\u0131nda t\u0259hsil almalar\u0131n\u0131 ist\u0259yirik. Yoxsa bizimkil\u0259r m\u0259kt\u0259b\u0259 gedirl\u0259r, bilmirl\u0259r odun do\u011frayalar, soba qalayalar, yoxsa q\u0131r\u0131l\u0131b-t\u00f6k\u00fcl\u0259n sinif otaqlar\u0131na \u0259l g\u0259zdir\u0259l\u0259r. Xahi\u015f edirik, bizim m\u0259kt\u0259b\u0259 d\u0259 bir \u0259ncam \u00e7\u0259kilsin. B\u00f6y\u00fck binad\u0131r, demirik, s\u00f6k\u00fcn, yenisini tikin v\u0259 s. He\u00e7 olmasa, yax\u015f\u0131 bir t\u0259mir edilsin. Bu binan\u0131n normal v\u0259ziyy\u0259t\u0259 g\u0259lm\u0259si \u00fc\u00e7\u00fcn valideyn v\u0259 m\u00fc\u0259lliml\u0259rin \u00f6z aralar\u0131nda toplayacaqlar\u0131 v\u0259sait yet\u0259rli olmaz. B\u00f6y\u00fck m\u0259bl\u0259\u011f, \u0259sasl\u0131 t\u0259mir laz\u0131md\u0131r. Bizim g\u00fcc\u00fcm\u00fcz \u00e7atmaz\u201d.\n<\/p>\n<blockquote><p>\n  Deyildiyi kimi u\u00e7ub-t\u00f6k\u00fclm\u00fcr\n<\/p><\/blockquote>\n<p>\n  Meydan TV m\u0259s\u0259l\u0259y\u0259 m\u00fcnasib\u0259t \u00f6yr\u0259nm\u0259k \u00fc\u00e7\u00fcn Yevlax Rayon \u0130cra Hakimiyy\u0259ti il\u0259 \u0259laq\u0259 saxlay\u0131b. \u0130cra Hakimiyy\u0259tind\u0259n Mal Bin\u0259si k\u0259ndind\u0259ki m\u0259kt\u0259bin valideynl\u0259rin dediyi kimi b\u0259rbad durumda olmad\u0131\u011f\u0131n\u0131 s\u00f6yl\u0259yibl\u0259r:\n<\/p>\n<p>\n  \u201cOnlar b\u0259rbad halda olan m\u0259kt\u0259b g\u00f6rm\u0259yibl\u0259r y\u0259qin. B\u0259li, ola bilsin, t\u0259miri k\u00f6hn\u0259dir, amma deyildiyi kimi u\u00e7ub-t\u00f6k\u00fclm\u00fcr. Bir balaca \u0259l g\u0259zdirils\u0259, d\u00fcz\u0259l\u0259c\u0259k. \u0130cra Hakimiyy\u0259ti m\u0259kt\u0259b t\u0259mir etmir. \u00c7al\u0131\u015faca\u011f\u0131q \u00fcmumi plana daxil edib, yuxar\u0131lara bu bar\u0259d\u0259 m\u0259lumat ver\u0259k\u201d.\n<\/p>\n<blockquote><p>\n  15 ild\u0259 3200-d\u0259n \u00e7ox m\u0259kt\u0259b \u0259sasl\u0131 t\u0259mir edilib v\u0259 ya yenid\u0259n tikilib\n<\/p><\/blockquote>\n<p>\n  Regionlar\u0131n inki\u015faf\u0131 il\u0259 ba\u011fl\u0131 son 15 ild\u0259ki sayca 3-c\u00fc, \u201cAz\u0259rbaycan Respublikas\u0131 regionlar\u0131n\u0131n 2014-2018-ci ill\u0259rd\u0259 sosial-iqtisadi inki\u015faf\u0131 D\u00f6vl\u0259t Proqram\u0131\u201d bug\u00fcnl\u0259rd\u0259 ba\u015fa \u00e7atd\u0131. Proqram\u0131n icras\u0131n\u0131n yekunlar\u0131na h\u0259sr olunan konfransda prezident<br \/>\n  <a href=\"https:\/\/president.az\/articles\/31679\"><br \/>\n    \u0130lham \u018fliyev<br \/>\n  <\/a><br \/>\n  d\u0259 i\u015ftirak etdi. O, buradak\u0131 \u00e7\u0131x\u0131\u015f\u0131nda \u00f6lk\u0259nin iqtisadi g\u00f6st\u0259ricil\u0259rind\u0259n dan\u0131\u015f\u0131b. Az\u0259rbaycan son 15 ild\u0259 \u00e7ox u\u011furla, inamla inki\u015faf etdiyini s\u00f6yl\u0259yib:<br \/>\n  <br \/>\n  \u201cArtan iqtisadi imkanlar\u0131m\u0131z biz\u0259 \u015f\u0259rait yaratd\u0131 ki, sosial m\u0259s\u0259l\u0259l\u0259r\u0259 d\u0259 \u00e7ox b\u00f6y\u00fck diqq\u0259t yetir\u0259k. Son 15 ild\u0259 3 min 200-d\u0259n \u00e7ox m\u0259kt\u0259b \u0259sasl\u0131 t\u0259mir edilib v\u0259 ya yenid\u0259n tikilib. Bu, m\u00f6vcud m\u0259kt\u0259b fondunun 73 faizi dem\u0259kdir. Ancaq t\u0259mir\u0259 ehtiyac\u0131 olan m\u0259kt\u0259bl\u0259r var v\u0259 bu i\u015fl\u0259r d\u0259 n\u00f6vb\u0259ti d\u00f6vl\u0259t proqram\u0131nda n\u0259z\u0259rd\u0259 tutulacaq\u201d.\n<\/p>\n<figure class=\"wp-block-image size-large\">\n  <img decoding=\"async\" src=\"https:\/\/www.meydan.tv\/az\/118432\/\" alt=\"\" class=\"wp-image-118432\"\/><figcaption><\/figcaption><\/figure>\n","protected":false},"excerpt":{"rendered":"<p>\u0130cra Hakimiyy\u0259ti: &#8221;Onlar b\u0259rbad halda olan m\u0259kt\u0259b g\u00f6rm\u0259yibl\u0259r&#8221;<\/p>\n","protected":false},"author":11,"featured_media":118441,"comment_status":"closed","ping_status":"open","sticky":false,"template":"","format":"standard","meta":{"_acf_changed":false,"_sitemap_exclude":false,"_sitemap_priority":"","_sitemap_frequency":"","footnotes":""},"categories":[60],"tags":[],"class_list":["post-194127","post","type-post","status-publish","format-standard","has-post-thumbnail","hentry","category-bolge","infinite-scroll-item","generate-columns","tablet-grid-50","mobile-grid-100","grid-parent","grid-33","no-featured-image-padding"],"acf":[],"yoast_head":"<!-- This site is optimized with the Yoast SEO plugin v27.4 - https:\/\/yoast.com\/product\/yoast-seo-wordpress\/ -->\n<title>&#039;&#039;U\u015faqlar\u0131m\u0131z\u0131n t\u0259hsil ald\u0131\u011f\u0131 yer m\u0259kt\u0259bd\u0259n \u00e7ox, t\u00f6vl\u0259y\u0259 b\u0259nz\u0259yir&#039;&#039; - MEYDAN.TV<\/title>\n<meta name=\"robots\" content=\"index, follow, max-snippet:-1, max-image-preview:large, max-video-preview:-1\" \/>\n<link rel=\"canonical\" href=\"https:\/\/www.meydan.tv\/az\/article\/usaqlarimizin-tehsil-aldigi-yer-mektebden-cox-tovleye-benzeyir\/\" \/>\n<meta property=\"og:locale\" content=\"az_AZ\" \/>\n<meta property=\"og:type\" content=\"article\" \/>\n<meta property=\"og:title\" content=\"&#039;&#039;U\u015faqlar\u0131m\u0131z\u0131n t\u0259hsil ald\u0131\u011f\u0131 yer m\u0259kt\u0259bd\u0259n \u00e7ox, t\u00f6vl\u0259y\u0259 b\u0259nz\u0259yir&#039;&#039; - MEYDAN.TV\" \/>\n<meta property=\"og:description\" content=\"\u0130cra Hakimiyy\u0259ti: &#039;&#039;Onlar b\u0259rbad halda olan m\u0259kt\u0259b g\u00f6rm\u0259yibl\u0259r&#039;&#039;\" \/>\n<meta property=\"og:url\" content=\"https:\/\/www.meydan.tv\/az\/article\/usaqlarimizin-tehsil-aldigi-yer-mektebden-cox-tovleye-benzeyir\/\" \/>\n<meta property=\"og:site_name\" content=\"MEYDAN.TV\" \/>\n<meta property=\"article:published_time\" content=\"2019-02-20T18:04:37+00:00\" \/>\n<meta property=\"og:image\" content=\"https:\/\/www.meydan.tv\/wp-content\/uploads\/47226-scaled.jpg\" \/>\n\t<meta property=\"og:image:width\" content=\"2560\" \/>\n\t<meta property=\"og:image:height\" content=\"1920\" \/>\n\t<meta property=\"og:image:type\" content=\"image\/jpeg\" \/>\n<meta name=\"author\" content=\"user-manager\" \/>\n<meta name=\"twitter:card\" content=\"summary_large_image\" \/>\n<script type=\"application\/ld+json\" class=\"yoast-schema-graph\">{\"@context\":\"https:\\\/\\\/schema.org\",\"@graph\":[{\"@type\":\"Article\",\"@id\":\"https:\\\/\\\/www.meydan.tv\\\/az\\\/article\\\/usaqlarimizin-tehsil-aldigi-yer-mektebden-cox-tovleye-benzeyir\\\/#article\",\"isPartOf\":{\"@id\":\"https:\\\/\\\/www.meydan.tv\\\/az\\\/article\\\/usaqlarimizin-tehsil-aldigi-yer-mektebden-cox-tovleye-benzeyir\\\/\"},\"author\":{\"name\":\"user-manager\",\"@id\":\"https:\\\/\\\/www.meydan.tv\\\/az\\\/#\\\/schema\\\/person\\\/10d11eccf6da3662cf5fdab9806ea91a\"},\"headline\":\"&#8221;U\u015faqlar\u0131m\u0131z\u0131n t\u0259hsil ald\u0131\u011f\u0131 yer m\u0259kt\u0259bd\u0259n \u00e7ox, t\u00f6vl\u0259y\u0259 b\u0259nz\u0259yir&#8221;\",\"datePublished\":\"2019-02-20T18:04:37+00:00\",\"mainEntityOfPage\":{\"@id\":\"https:\\\/\\\/www.meydan.tv\\\/az\\\/article\\\/usaqlarimizin-tehsil-aldigi-yer-mektebden-cox-tovleye-benzeyir\\\/\"},\"wordCount\":836,\"publisher\":{\"@id\":\"https:\\\/\\\/www.meydan.tv\\\/az\\\/#organization\"},\"image\":{\"@id\":\"https:\\\/\\\/www.meydan.tv\\\/az\\\/article\\\/usaqlarimizin-tehsil-aldigi-yer-mektebden-cox-tovleye-benzeyir\\\/#primaryimage\"},\"thumbnailUrl\":\"https:\\\/\\\/www.meydan.tv\\\/wp-content\\\/uploads\\\/47226-scaled.jpg\",\"articleSection\":[\"B\u00f6lg\u0259\"],\"inLanguage\":\"az\"},{\"@type\":\"WebPage\",\"@id\":\"https:\\\/\\\/www.meydan.tv\\\/az\\\/article\\\/usaqlarimizin-tehsil-aldigi-yer-mektebden-cox-tovleye-benzeyir\\\/\",\"url\":\"https:\\\/\\\/www.meydan.tv\\\/az\\\/article\\\/usaqlarimizin-tehsil-aldigi-yer-mektebden-cox-tovleye-benzeyir\\\/\",\"name\":\"''U\u015faqlar\u0131m\u0131z\u0131n t\u0259hsil ald\u0131\u011f\u0131 yer m\u0259kt\u0259bd\u0259n \u00e7ox, t\u00f6vl\u0259y\u0259 b\u0259nz\u0259yir'' - MEYDAN.TV\",\"isPartOf\":{\"@id\":\"https:\\\/\\\/www.meydan.tv\\\/az\\\/#website\"},\"primaryImageOfPage\":{\"@id\":\"https:\\\/\\\/www.meydan.tv\\\/az\\\/article\\\/usaqlarimizin-tehsil-aldigi-yer-mektebden-cox-tovleye-benzeyir\\\/#primaryimage\"},\"image\":{\"@id\":\"https:\\\/\\\/www.meydan.tv\\\/az\\\/article\\\/usaqlarimizin-tehsil-aldigi-yer-mektebden-cox-tovleye-benzeyir\\\/#primaryimage\"},\"thumbnailUrl\":\"https:\\\/\\\/www.meydan.tv\\\/wp-content\\\/uploads\\\/47226-scaled.jpg\",\"datePublished\":\"2019-02-20T18:04:37+00:00\",\"breadcrumb\":{\"@id\":\"https:\\\/\\\/www.meydan.tv\\\/az\\\/article\\\/usaqlarimizin-tehsil-aldigi-yer-mektebden-cox-tovleye-benzeyir\\\/#breadcrumb\"},\"inLanguage\":\"az\",\"potentialAction\":[{\"@type\":\"ReadAction\",\"target\":[\"https:\\\/\\\/www.meydan.tv\\\/az\\\/article\\\/usaqlarimizin-tehsil-aldigi-yer-mektebden-cox-tovleye-benzeyir\\\/\"]}]},{\"@type\":\"ImageObject\",\"inLanguage\":\"az\",\"@id\":\"https:\\\/\\\/www.meydan.tv\\\/az\\\/article\\\/usaqlarimizin-tehsil-aldigi-yer-mektebden-cox-tovleye-benzeyir\\\/#primaryimage\",\"url\":\"https:\\\/\\\/www.meydan.tv\\\/wp-content\\\/uploads\\\/47226-scaled.jpg\",\"contentUrl\":\"https:\\\/\\\/www.meydan.tv\\\/wp-content\\\/uploads\\\/47226-scaled.jpg\",\"width\":2560,\"height\":1920,\"caption\":\"Source:\"},{\"@type\":\"BreadcrumbList\",\"@id\":\"https:\\\/\\\/www.meydan.tv\\\/az\\\/article\\\/usaqlarimizin-tehsil-aldigi-yer-mektebden-cox-tovleye-benzeyir\\\/#breadcrumb\",\"itemListElement\":[{\"@type\":\"ListItem\",\"position\":1,\"name\":\"Ana s\u0259hif\u0259\",\"item\":\"https:\\\/\\\/www.meydan.tv\\\/az\\\/\"},{\"@type\":\"ListItem\",\"position\":2,\"name\":\"B\u00f6lg\u0259\",\"item\":\"https:\\\/\\\/www.meydan.tv\\\/az\\\/section\\\/bolge\\\/\"},{\"@type\":\"ListItem\",\"position\":3,\"name\":\"&#8221;U\u015faqlar\u0131m\u0131z\u0131n t\u0259hsil ald\u0131\u011f\u0131 yer m\u0259kt\u0259bd\u0259n \u00e7ox, t\u00f6vl\u0259y\u0259 b\u0259nz\u0259yir&#8221;\"}]},{\"@type\":\"WebSite\",\"@id\":\"https:\\\/\\\/www.meydan.tv\\\/az\\\/#website\",\"url\":\"https:\\\/\\\/www.meydan.tv\\\/az\\\/\",\"name\":\"MEYDAN.TV\",\"description\":\"Meydan TV Az\u0259rbaycan\u0131n media m\u0259kan\u0131ndak\u0131 alternativ s\u0259sidir\",\"publisher\":{\"@id\":\"https:\\\/\\\/www.meydan.tv\\\/az\\\/#organization\"},\"potentialAction\":[{\"@type\":\"SearchAction\",\"target\":{\"@type\":\"EntryPoint\",\"urlTemplate\":\"https:\\\/\\\/www.meydan.tv\\\/az\\\/?s={search_term_string}\"},\"query-input\":{\"@type\":\"PropertyValueSpecification\",\"valueRequired\":true,\"valueName\":\"search_term_string\"}}],\"inLanguage\":\"az\"},{\"@type\":\"Organization\",\"@id\":\"https:\\\/\\\/www.meydan.tv\\\/az\\\/#organization\",\"name\":\"Meydan TV\",\"url\":\"https:\\\/\\\/www.meydan.tv\\\/az\\\/\",\"logo\":{\"@type\":\"ImageObject\",\"inLanguage\":\"az\",\"@id\":\"https:\\\/\\\/www.meydan.tv\\\/az\\\/#\\\/schema\\\/logo\\\/image\\\/\",\"url\":\"https:\\\/\\\/www.meydan.tv\\\/wp-content\\\/uploads\\\/2021\\\/07\\\/meydan-logo.svg\",\"contentUrl\":\"https:\\\/\\\/www.meydan.tv\\\/wp-content\\\/uploads\\\/2021\\\/07\\\/meydan-logo.svg\",\"width\":195,\"height\":46,\"caption\":\"Meydan TV\"},\"image\":{\"@id\":\"https:\\\/\\\/www.meydan.tv\\\/az\\\/#\\\/schema\\\/logo\\\/image\\\/\"}},{\"@type\":\"Person\",\"@id\":\"https:\\\/\\\/www.meydan.tv\\\/az\\\/#\\\/schema\\\/person\\\/10d11eccf6da3662cf5fdab9806ea91a\",\"name\":\"user-manager\"}]}<\/script>\n<!-- \/ Yoast SEO plugin. -->","yoast_head_json":{"title":"''U\u015faqlar\u0131m\u0131z\u0131n t\u0259hsil ald\u0131\u011f\u0131 yer m\u0259kt\u0259bd\u0259n \u00e7ox, t\u00f6vl\u0259y\u0259 b\u0259nz\u0259yir'' - MEYDAN.TV","robots":{"index":"index","follow":"follow","max-snippet":"max-snippet:-1","max-image-preview":"max-image-preview:large","max-video-preview":"max-video-preview:-1"},"canonical":"https:\/\/www.meydan.tv\/az\/article\/usaqlarimizin-tehsil-aldigi-yer-mektebden-cox-tovleye-benzeyir\/","og_locale":"az_AZ","og_type":"article","og_title":"''U\u015faqlar\u0131m\u0131z\u0131n t\u0259hsil ald\u0131\u011f\u0131 yer m\u0259kt\u0259bd\u0259n \u00e7ox, t\u00f6vl\u0259y\u0259 b\u0259nz\u0259yir'' - MEYDAN.TV","og_description":"\u0130cra Hakimiyy\u0259ti: ''Onlar b\u0259rbad halda olan m\u0259kt\u0259b g\u00f6rm\u0259yibl\u0259r''","og_url":"https:\/\/www.meydan.tv\/az\/article\/usaqlarimizin-tehsil-aldigi-yer-mektebden-cox-tovleye-benzeyir\/","og_site_name":"MEYDAN.TV","article_published_time":"2019-02-20T18:04:37+00:00","og_image":[{"width":2560,"height":1920,"url":"https:\/\/www.meydan.tv\/wp-content\/uploads\/47226-scaled.jpg","type":"image\/jpeg"}],"author":"user-manager","twitter_card":"summary_large_image","schema":{"@context":"https:\/\/schema.org","@graph":[{"@type":"Article","@id":"https:\/\/www.meydan.tv\/az\/article\/usaqlarimizin-tehsil-aldigi-yer-mektebden-cox-tovleye-benzeyir\/#article","isPartOf":{"@id":"https:\/\/www.meydan.tv\/az\/article\/usaqlarimizin-tehsil-aldigi-yer-mektebden-cox-tovleye-benzeyir\/"},"author":{"name":"user-manager","@id":"https:\/\/www.meydan.tv\/az\/#\/schema\/person\/10d11eccf6da3662cf5fdab9806ea91a"},"headline":"&#8221;U\u015faqlar\u0131m\u0131z\u0131n t\u0259hsil ald\u0131\u011f\u0131 yer m\u0259kt\u0259bd\u0259n \u00e7ox, t\u00f6vl\u0259y\u0259 b\u0259nz\u0259yir&#8221;","datePublished":"2019-02-20T18:04:37+00:00","mainEntityOfPage":{"@id":"https:\/\/www.meydan.tv\/az\/article\/usaqlarimizin-tehsil-aldigi-yer-mektebden-cox-tovleye-benzeyir\/"},"wordCount":836,"publisher":{"@id":"https:\/\/www.meydan.tv\/az\/#organization"},"image":{"@id":"https:\/\/www.meydan.tv\/az\/article\/usaqlarimizin-tehsil-aldigi-yer-mektebden-cox-tovleye-benzeyir\/#primaryimage"},"thumbnailUrl":"https:\/\/www.meydan.tv\/wp-content\/uploads\/47226-scaled.jpg","articleSection":["B\u00f6lg\u0259"],"inLanguage":"az"},{"@type":"WebPage","@id":"https:\/\/www.meydan.tv\/az\/article\/usaqlarimizin-tehsil-aldigi-yer-mektebden-cox-tovleye-benzeyir\/","url":"https:\/\/www.meydan.tv\/az\/article\/usaqlarimizin-tehsil-aldigi-yer-mektebden-cox-tovleye-benzeyir\/","name":"''U\u015faqlar\u0131m\u0131z\u0131n t\u0259hsil ald\u0131\u011f\u0131 yer m\u0259kt\u0259bd\u0259n \u00e7ox, t\u00f6vl\u0259y\u0259 b\u0259nz\u0259yir'' - MEYDAN.TV","isPartOf":{"@id":"https:\/\/www.meydan.tv\/az\/#website"},"primaryImageOfPage":{"@id":"https:\/\/www.meydan.tv\/az\/article\/usaqlarimizin-tehsil-aldigi-yer-mektebden-cox-tovleye-benzeyir\/#primaryimage"},"image":{"@id":"https:\/\/www.meydan.tv\/az\/article\/usaqlarimizin-tehsil-aldigi-yer-mektebden-cox-tovleye-benzeyir\/#primaryimage"},"thumbnailUrl":"https:\/\/www.meydan.tv\/wp-content\/uploads\/47226-scaled.jpg","datePublished":"2019-02-20T18:04:37+00:00","breadcrumb":{"@id":"https:\/\/www.meydan.tv\/az\/article\/usaqlarimizin-tehsil-aldigi-yer-mektebden-cox-tovleye-benzeyir\/#breadcrumb"},"inLanguage":"az","potentialAction":[{"@type":"ReadAction","target":["https:\/\/www.meydan.tv\/az\/article\/usaqlarimizin-tehsil-aldigi-yer-mektebden-cox-tovleye-benzeyir\/"]}]},{"@type":"ImageObject","inLanguage":"az","@id":"https:\/\/www.meydan.tv\/az\/article\/usaqlarimizin-tehsil-aldigi-yer-mektebden-cox-tovleye-benzeyir\/#primaryimage","url":"https:\/\/www.meydan.tv\/wp-content\/uploads\/47226-scaled.jpg","contentUrl":"https:\/\/www.meydan.tv\/wp-content\/uploads\/47226-scaled.jpg","width":2560,"height":1920,"caption":"Source:"},{"@type":"BreadcrumbList","@id":"https:\/\/www.meydan.tv\/az\/article\/usaqlarimizin-tehsil-aldigi-yer-mektebden-cox-tovleye-benzeyir\/#breadcrumb","itemListElement":[{"@type":"ListItem","position":1,"name":"Ana s\u0259hif\u0259","item":"https:\/\/www.meydan.tv\/az\/"},{"@type":"ListItem","position":2,"name":"B\u00f6lg\u0259","item":"https:\/\/www.meydan.tv\/az\/section\/bolge\/"},{"@type":"ListItem","position":3,"name":"&#8221;U\u015faqlar\u0131m\u0131z\u0131n t\u0259hsil ald\u0131\u011f\u0131 yer m\u0259kt\u0259bd\u0259n \u00e7ox, t\u00f6vl\u0259y\u0259 b\u0259nz\u0259yir&#8221;"}]},{"@type":"WebSite","@id":"https:\/\/www.meydan.tv\/az\/#website","url":"https:\/\/www.meydan.tv\/az\/","name":"MEYDAN.TV","description":"Meydan TV Az\u0259rbaycan\u0131n media m\u0259kan\u0131ndak\u0131 alternativ s\u0259sidir","publisher":{"@id":"https:\/\/www.meydan.tv\/az\/#organization"},"potentialAction":[{"@type":"SearchAction","target":{"@type":"EntryPoint","urlTemplate":"https:\/\/www.meydan.tv\/az\/?s={search_term_string}"},"query-input":{"@type":"PropertyValueSpecification","valueRequired":true,"valueName":"search_term_string"}}],"inLanguage":"az"},{"@type":"Organization","@id":"https:\/\/www.meydan.tv\/az\/#organization","name":"Meydan TV","url":"https:\/\/www.meydan.tv\/az\/","logo":{"@type":"ImageObject","inLanguage":"az","@id":"https:\/\/www.meydan.tv\/az\/#\/schema\/logo\/image\/","url":"https:\/\/www.meydan.tv\/wp-content\/uploads\/2021\/07\/meydan-logo.svg","contentUrl":"https:\/\/www.meydan.tv\/wp-content\/uploads\/2021\/07\/meydan-logo.svg","width":195,"height":46,"caption":"Meydan TV"},"image":{"@id":"https:\/\/www.meydan.tv\/az\/#\/schema\/logo\/image\/"}},{"@type":"Person","@id":"https:\/\/www.meydan.tv\/az\/#\/schema\/person\/10d11eccf6da3662cf5fdab9806ea91a","name":"user-manager"}]}},"_links":{"self":[{"href":"https:\/\/www.meydan.tv\/az\/wp-json\/wp\/v2\/posts\/194127","targetHints":{"allow":["GET"]}}],"collection":[{"href":"https:\/\/www.meydan.tv\/az\/wp-json\/wp\/v2\/posts"}],"about":[{"href":"https:\/\/www.meydan.tv\/az\/wp-json\/wp\/v2\/types\/post"}],"author":[{"embeddable":true,"href":"https:\/\/www.meydan.tv\/az\/wp-json\/wp\/v2\/users\/11"}],"replies":[{"embeddable":true,"href":"https:\/\/www.meydan.tv\/az\/wp-json\/wp\/v2\/comments?post=194127"}],"version-history":[{"count":0,"href":"https:\/\/www.meydan.tv\/az\/wp-json\/wp\/v2\/posts\/194127\/revisions"}],"wp:featuredmedia":[{"embeddable":true,"href":"https:\/\/www.meydan.tv\/az\/wp-json\/wp\/v2\/media\/118441"}],"wp:attachment":[{"href":"https:\/\/www.meydan.tv\/az\/wp-json\/wp\/v2\/media?parent=194127"}],"wp:term":[{"taxonomy":"category","embeddable":true,"href":"https:\/\/www.meydan.tv\/az\/wp-json\/wp\/v2\/categories?post=194127"},{"taxonomy":"post_tag","embeddable":true,"href":"https:\/\/www.meydan.tv\/az\/wp-json\/wp\/v2\/tags?post=194127"}],"curies":[{"name":"wp","href":"https:\/\/api.w.org\/{rel}","templated":true}]}}