{"id":194100,"date":"2019-02-19T17:32:06","date_gmt":"2019-02-19T17:32:06","guid":{"rendered":"https:\/\/www.meydan.tv\/article\/dostdan-samaxidaki-issizlere-teklif-kuce-temizlikcisi\/"},"modified":"2019-02-19T17:32:06","modified_gmt":"2019-02-19T17:32:06","slug":"dostdan-samaxidaki-issizlere-teklif-kuce-temizlikcisi","status":"publish","type":"post","link":"https:\/\/www.meydan.tv\/az\/article\/dostdan-samaxidaki-issizlere-teklif-kuce-temizlikcisi\/","title":{"rendered":"&#8221;DOST&#8221;dan \u015eamax\u0131dak\u0131 i\u015fsizl\u0259r\u0259 t\u0259klif: k\u00fc\u00e7\u0259 t\u0259mizlik\u00e7isi"},"content":{"rendered":"<p>\n  <i><br \/>\n    \u015eamax\u0131 sakinl\u0259ri deyir, yeni proqram \u00e7\u0259r\u00e7iv\u0259sind\u0259 onlara t\u0259klif olunan i\u015fl\u0259r yaln\u0131z k\u00fc\u00e7\u0259 t\u0259mizlik\u00e7iliyind\u0259n ibar\u0259tdir<br \/>\n  <\/i>\n<\/p>\n<p>\n  \u201cBu ilin yanvar\u0131nda bizi rayondak\u0131 M\u0259\u015f\u011fulluq M\u0259rk\u0259zin\u0259 toplayanda sevinmi\u015fdik. D\u00fc\u015f\u00fcn\u00fcrd\u00fck ki, he\u00e7 olmasa 1 il qap\u0131-qap\u0131 d\u00fc\u015f\u00fcb i\u015f axtarmayaca\u011f\u0131q, bacar\u0131\u011f\u0131m\u0131za, pe\u015f\u0259miz\u0259 uy\u011fun bir illik daimi i\u015f yerimiz olacaq. Biz\u0259 demi\u015fdil\u0259r ki, prezidentin g\u00f6st\u0259ri\u015fi il\u0259 ictimai i\u015fl\u0259rin yarad\u0131lmas\u0131na ba\u015flan\u0131l\u0131b. D\u00fcn\u0259n bizi t\u0259krar M\u0259\u015f\u011fulluq M\u0259rk\u0259zin\u0259 d\u0259v\u0259t ed\u0259nd\u0259 g\u00f6zl\u0259ntil\u0259rimiz pu\u00e7 oldu. Ucdantutma ham\u0131ya s\u00fcp\u00fcrg\u0259\u00e7ilik i\u015fi veribl\u0259r, deyibl\u0259r, ki\u015fil\u0259r m\u0259rk\u0259zi, qad\u0131nlar ara k\u00fc\u00e7\u0259l\u0259ri s\u00fcp\u00fcr\u0259c\u0259k\u201d.\n<\/p>\n<p>\n  \u015eamax\u0131 sakini Raqib A\u011fayev bel\u0259 deyir. O, t\u0259mir i\u015fl\u0259ri \u00fczr\u0259 ustad\u0131r. Uzun m\u00fcdd\u0259tdir ki, i\u015fsizlikd\u0259n \u0259ziyy\u0259t \u00e7\u0259kirmi\u015f. Bu ilin \u0259vv\u0259li o da i\u015faxtaran kimi \u201c\u0130\u015fsizin DOSTu\u201d yeni D\u00f6vl\u0259t Proqram\u0131na qo\u015fulub. Ancaq nec\u0259 dey\u0259rl\u0259r, g\u00f6zl\u0259ntil\u0259ri pu\u00e7 olub.\n<\/p>\n<p>\n  <b><br \/>\n    <i><br \/>\n      \u201cDOST\u201d \u015eamax\u0131da\u2026<br \/>\n    <\/i><br \/>\n  <\/b>\n<\/p>\n<p>\n  Bu ilin \u0259vv\u0259li prezident \u0130lham \u018fliyevin t\u0259\u015f\u0259bb\u00fcs\u00fc il\u0259 \u018fm\u0259k v\u0259 \u018fhalinin Sosial M\u00fcdafi\u0259si Nazirliyinin tabeliyind\u0259 i\u015fsizliyi aradan qald\u0131rmaq m\u0259qs\u0259dil\u0259 Dayan\u0131ql\u0131 v\u0259 Operativ Sosial T\u0259minat Agentliyi (DOST) yarad\u0131l\u0131b. Agentliyin \u201cDOST \u0130\u015f M\u0259rk\u0259zi\u201d i\u015fsiz v\u0259t\u0259nda\u015flar\u0131n i\u015fl\u0259 t\u0259minat\u0131n\u0131 v\u0259 onlara \u0259m\u0259khaqq\u0131 verilm\u0259sini h\u0259yata ke\u00e7irir. Proqram \u00e7\u0259r\u00e7iv\u0259sind\u0259 ictimai i\u015fl\u0259r\u0259 c\u0259lb olunan v\u0259t\u0259nda\u015flar rayon m\u0259\u015f\u011fulluq m\u0259rk\u0259zl\u0259rind\u0259 i\u015faxtaran v\u0259 ya i\u015fsiz kimi qeydiyyatda olanlar\u0131n aras\u0131ndan se\u00e7ilir. R\u0259smi m\u0259lumata g\u00f6r\u0259, haqq\u0131 \u00f6d\u0259nil\u0259n bu ictimai i\u015fl\u0259r i\u015fsiz \u015f\u0259xsl\u0259rin m\u00fcv\u0259qq\u0259ti m\u0259\u015f\u011fullu\u011funu t\u0259min etm\u0259k m\u0259qs\u0259di il\u0259 t\u0259\u015fkil edilib. \u00d6d\u0259ni\u015fli ictimai i\u015fl\u0259r\u0259 sosial xidm\u0259tl\u0259rin g\u00f6st\u0259rilm\u0259si, t\u0259mir, abadla\u015fd\u0131rma, \u0259razil\u0259rin ekoloji sa\u011flamla\u015fd\u0131r\u0131lmas\u0131, o c\u00fcml\u0259d\u0259n ya\u015f\u0131lla\u015fd\u0131rma i\u015fl\u0259ri, parklara, ictimai yerl\u0259r\u0259 qulluq v\u0259 sair daxildir. Ancaq \u015eamax\u0131 sakini iddia edir ki, bu proqram \u00e7\u0259r\u00e7iv\u0259sind\u0259 yaln\u0131z k\u00fc\u00e7\u0259 t\u0259mizlik\u00e7isi i\u015fl\u0259rin\u0259 c\u0259lb olunurlar.\n<\/p>\n<p>\n  Raqib A\u011fayev deyir, \u00f6t\u0259n ay onu da i\u015fsiz kimi \u015eamax\u0131 rayon M\u0259\u015f\u011fulluq M\u0259rk\u0259zin\u0259 d\u0259v\u0259t edibl\u0259r. Bildiribl\u0259r ki, rayonda i\u015fsizliyi aradan qald\u0131rmaq \u00fc\u00e7\u00fcn ictimai i\u015fl\u0259rin yarad\u0131lmas\u0131na, \u0259halinin i\u015fl\u0259 t\u0259min olunmas\u0131na ba\u015flan\u0131l\u0131b. \u0130\u015f \u00fc\u00e7\u00fcn m\u00fcraci\u0259t ed\u0259nl\u0259r\u0259 tezlikl\u0259 i\u015f m\u00fcjd\u0259si olacaq.\n<\/p>\n<blockquote><p>\n  M\u00fcqavil\u0259d\u0259 yaz\u0131lanlarla real t\u0259l\u0259bl\u0259r \u00fcst-\u00fcst\u0259 d\u00fc\u015fm\u00fcr\n<\/p><\/blockquote>\n<p>\n  \u201cHam\u0131m\u0131zdan pe\u015f\u0259mizi, ixtisas\u0131m\u0131z\u0131, hans\u0131 sah\u0259d\u0259 i\u015fl\u0259 maraqland\u0131\u011f\u0131m\u0131z\u0131 soru\u015fub qeydiyyat apard\u0131lar. Sonra biz\u0259 bo\u015f m\u00fcqavil\u0259 v\u0259r\u0259q\u0259l\u0259rin\u0259 imza atd\u0131rd\u0131lar. Dedil\u0259r, m\u00fcqavil\u0259l\u0259r Bak\u0131ya gedib, \u201cDOST\u201d \u0130\u015f M\u0259rk\u0259zind\u0259 t\u0259sdiql\u0259nib qaytar\u0131landa i\u015f yerl\u0259riniz, \u015f\u0259rtl\u0259r d\u0259 qeyd edil\u0259c\u0259k. D\u00fcn\u0259n bizi yen\u0259 M\u0259\u015f\u011fulluq M\u0259rk\u0259zin\u0259 toplam\u0131\u015fd\u0131lar. M\u00fcqavil\u0259l\u0259rimizi g\u00f6st\u0259r\u0259nd\u0259 ham\u0131 naraz\u0131l\u0131q etdi. \u00c7\u00fcnki b\u00fct\u00fcn m\u00fcqavil\u0259l\u0259rd\u0259 ucdantutma ham\u0131n\u0131 t\u0259mizlik\u00e7i i\u015fiyl\u0259 t\u0259min edibl\u0259r. Baxmayaraq ki, yanvar ay\u0131nda bizi toplayanda minimum maa\u015f 302 manat deyilmi\u015fdi, m\u00fcqavil\u0259d\u0259 166 manat yaz\u0131l\u0131b. \u00dcst\u0259lik, m\u00fcqavil\u0259d\u0259 i\u015f saat\u0131 8 saat yaz\u0131l\u0131b, ancaq Kommunal T\u0259s\u0259rr\u00fcfat Birliyinin s\u0259dri deyir, laz\u0131m g\u0259ls\u0259, 10-12 saat da i\u015fl\u0259y\u0259c\u0259ksiz. M\u00fcqavil\u0259d\u0259 i\u015f 5 g\u00fcnl\u00fckd\u00fcr, ancaq biz\u0259 deyirl\u0259r, \u015f\u0259nb\u0259 g\u00fcnl\u0259ri d\u0259 i\u015f\u0259 \u00e7\u0131xacaqs\u0131z,\u201d \u2013 Rafiq A\u011fayev deyir.\n<\/p>\n<p>\n  Onun s\u00f6zl\u0259rin\u0259 g\u00f6r\u0259, 300 n\u0259f\u0259rin ad\u0131ndan m\u00fcqavil\u0259 ba\u011flansa da, realda he\u00e7 y\u00fcz n\u0259f\u0259r yoxdur:\n<\/p>\n<p>\n  \u201c\u00dc\u00e7 y\u00fcz m\u00fcqavil\u0259 ba\u011flan\u0131b, ancaq i\u015f t\u0259klif olunanlar\u0131n real say\u0131 he\u00e7 y\u00fcz n\u0259f\u0259r\u0259 \u00e7atm\u0131r. Yerd\u0259 qalan iki y\u00fcz n\u0259f\u0259rin maa\u015f\u0131 kimin cibin\u0259 ged\u0259c\u0259ks\u0259, \u00f6zl\u0259ri daha yax\u015f\u0131 bilir\u201d.\n<\/p>\n<blockquote><p>\n  Dedil\u0259r, sabahdan s\u00fcp\u00fcrg\u0259ni g\u00f6t\u00fcr, ke\u00e7 i\u015f ba\u015f\u0131na\n<\/p><\/blockquote>\n<p>\n  \u015eamax\u0131 sakini R\u0259fail Qas\u0131mov da bu ilin yanvar\u0131nda rayon M\u0259\u015f\u011fulluq M\u0259rk\u0259zin\u0259 d\u0259v\u0259t olunanlardand\u0131r. Deyir, fevral\u0131n 18-d\u0259 ona da yollarda t\u0259mizlik\u00e7i i\u015fi t\u0259klif olunub:\n<\/p>\n<figure class=\"wp-block-image size-large\">\n  <img decoding=\"async\" src=\"https:\/\/www.meydan.tv\/az\/118365\/\" alt=\"\" class=\"wp-image-118365\"\/><figcaption><\/figcaption><\/figure>\n<p>\n  \u201cD\u00fcn\u0259n m\u0259n d\u0259 M\u0259\u015f\u011fulluq M\u0259rk\u0259zind\u0259 oldum. Dedil\u0259r, gedin, yol s\u00fcp\u00fcr\u00fcn, i\u015f bundan ibar\u0259tdir. \u00d6z\u00fcm suvaq\u00e7\u0131yam, \u00f6t\u0259n ay m\u0259ni siyah\u0131ya salanda soru\u015fdular \u0259lind\u0259n n\u0259 g\u0259lir, dedim, 30 ildir suvaq\u00e7\u0131l\u0131qla m\u0259\u015f\u011fulam. Dedil\u0259r, dar\u0131xma, prezidentimizin g\u00f6st\u0259ri\u015fi var, i\u015fsizl\u0259r uy\u011fun i\u015fl\u0259rl\u0259 t\u0259min olunacaq. D\u00fcn\u0259n getdim, dedil\u0259r, m\u00fcqavil\u0259l\u0259riniz Bak\u0131da t\u0259sdiql\u0259nib, qay\u0131d\u0131b rayona. M\u0259ni Kommunal T\u0259s\u0259rr\u00fcfat Birliyin\u0259 yollad\u0131lar. Orada is\u0259 bildirdil\u0259r ki, fevral\u0131n 20-d\u0259n rayondak\u0131 m\u0259rk\u0259zi k\u00fc\u00e7\u0259ni s\u00fcp\u00fcrm\u0259k \u00fc\u00e7\u00fcn s\u0259h\u0259r saat 9-da i\u015fd\u0259 olmal\u0131yam, s\u00fcp\u00fcrg\u0259ni t\u0259hvil almal\u0131yam. Deyirl\u0259r, h\u0259l\u0259lik k\u00fc\u00e7\u0259 s\u00fcp\u00fcr, suvaq\u00e7\u0131 i\u015fi olanda, i\u015fini d\u0259yi\u015f\u0259rik\u201d.\n<\/p>\n<p>\n  \u015eikay\u0259t\u00e7il\u0259r deyir, imzalanan m\u00fcqavil\u0259l\u0259rin sur\u0259tl\u0259ri onlara t\u0259qdim olunmay\u0131b.\n<\/p>\n<blockquote><p>\n  He\u00e7 kim k\u00fc\u00e7\u0259 s\u00fcp\u00fcrm\u0259y\u0259 m\u0259cbur edilmir\n<\/p><\/blockquote>\n<p>\n  T\u0259mizlik\u00e7i i\u015fi il\u0259 t\u0259min olunanlar\u0131n v\u0259 fevral\u0131n 20-d\u0259n i\u015f\u0259 \u00e7\u0131xmal\u0131 olan rayon i\u015fsizl\u0259rinin \u00e7oxu t\u0259z\u0259 i\u015find\u0259n imtina edib v\u0259 i\u015f\u0259 \u00e7\u0131xmay\u0131b.\n<\/p>\n<p>\n  \u015eamax\u0131 rayon M\u0259\u015f\u011fulluq M\u0259rk\u0259zind\u0259n bildirilib ki, t\u0259klif olunan i\u015fl\u0259rin v\u0259t\u0259nda\u015flar t\u0259r\u0259find\u0259n q\u0259bul edilib-edilm\u0259m\u0259si k\u00f6n\u00fcll\u00fcd\u00fcr:\n<\/p>\n<p>\n  \u201cDeyil\u0259nl\u0259rin \u0259sas\u0131 yoxdur, v\u0259t\u0259nda\u015flar t\u0259kc\u0259 t\u0259mizlik\u00e7i yox, pe\u015f\u0259l\u0259rin\u0259 uy\u011fun ba\u015fqa i\u015fl\u0259rl\u0259 d\u0259 t\u0259min olunurlar. Pe\u015f\u0259si, ixtisas\u0131, bacar\u0131\u011f\u0131 olmayanlara is\u0259 t\u0259mizlik\u00e7i i\u015fl\u0259ri t\u0259klif olunur. He\u00e7 kim k\u00fc\u00e7\u0259 s\u00fcp\u00fcrm\u0259y\u0259 m\u0259cbur edilmir. M\u00fcqavil\u0259l\u0259rd\u0259 t\u0259klif olunan i\u015fl\u0259r, m\u0259vacib v\u0259 i\u015f saatlar\u0131 g\u00f6st\u0259rilib. V\u0259t\u0259nda\u015flar \u00f6zl\u0259ri m\u00fcqavil\u0259l\u0259rl\u0259 raz\u0131la\u015f\u0131b imza at\u0131blar, m\u00fcqavil\u0259l\u0259rin sur\u0259ti onlara t\u0259qdim olunacaq\u201d.<\/p>\n","protected":false},"excerpt":{"rendered":"<p>\u015eamax\u0131 sakinl\u0259ri deyir, yeni proqram \u00e7\u0259r\u00e7iv\u0259sind\u0259 onlara t\u0259klif olunan i\u015fl\u0259r yaln\u0131z k\u00fc\u00e7\u0259 t\u0259mizlik\u00e7iliyind\u0259n ibar\u0259tdir<\/p>\n","protected":false},"author":11,"featured_media":118362,"comment_status":"closed","ping_status":"open","sticky":false,"template":"","format":"standard","meta":{"_acf_changed":false,"_sitemap_exclude":false,"_sitemap_priority":"","_sitemap_frequency":"","footnotes":""},"categories":[60],"tags":[],"class_list":["post-194100","post","type-post","status-publish","format-standard","has-post-thumbnail","hentry","category-bolge","infinite-scroll-item","generate-columns","tablet-grid-50","mobile-grid-100","grid-parent","grid-33","no-featured-image-padding"],"acf":[],"yoast_head":"<!-- This site is optimized with the Yoast SEO plugin v27.4 - https:\/\/yoast.com\/product\/yoast-seo-wordpress\/ -->\n<title>&#039;&#039;DOST&#039;&#039;dan \u015eamax\u0131dak\u0131 i\u015fsizl\u0259r\u0259 t\u0259klif: k\u00fc\u00e7\u0259 t\u0259mizlik\u00e7isi - MEYDAN.TV<\/title>\n<meta name=\"robots\" content=\"index, follow, max-snippet:-1, max-image-preview:large, max-video-preview:-1\" \/>\n<link rel=\"canonical\" href=\"https:\/\/www.meydan.tv\/az\/article\/dostdan-samaxidaki-issizlere-teklif-kuce-temizlikcisi\/\" \/>\n<meta property=\"og:locale\" content=\"az_AZ\" \/>\n<meta property=\"og:type\" content=\"article\" \/>\n<meta property=\"og:title\" content=\"&#039;&#039;DOST&#039;&#039;dan \u015eamax\u0131dak\u0131 i\u015fsizl\u0259r\u0259 t\u0259klif: k\u00fc\u00e7\u0259 t\u0259mizlik\u00e7isi - MEYDAN.TV\" \/>\n<meta property=\"og:description\" content=\"\u015eamax\u0131 sakinl\u0259ri deyir, yeni proqram \u00e7\u0259r\u00e7iv\u0259sind\u0259 onlara t\u0259klif olunan i\u015fl\u0259r yaln\u0131z k\u00fc\u00e7\u0259 t\u0259mizlik\u00e7iliyind\u0259n ibar\u0259tdir\" \/>\n<meta property=\"og:url\" content=\"https:\/\/www.meydan.tv\/az\/article\/dostdan-samaxidaki-issizlere-teklif-kuce-temizlikcisi\/\" \/>\n<meta property=\"og:site_name\" content=\"MEYDAN.TV\" \/>\n<meta property=\"article:published_time\" content=\"2019-02-19T17:32:06+00:00\" \/>\n<meta property=\"og:image\" content=\"https:\/\/www.meydan.tv\/wp-content\/uploads\/47199.jpg\" \/>\n\t<meta property=\"og:image:width\" content=\"1280\" \/>\n\t<meta property=\"og:image:height\" content=\"720\" \/>\n\t<meta property=\"og:image:type\" content=\"image\/jpeg\" \/>\n<meta name=\"author\" content=\"user-manager\" \/>\n<meta name=\"twitter:card\" content=\"summary_large_image\" \/>\n<script type=\"application\/ld+json\" class=\"yoast-schema-graph\">{\"@context\":\"https:\\\/\\\/schema.org\",\"@graph\":[{\"@type\":\"Article\",\"@id\":\"https:\\\/\\\/www.meydan.tv\\\/az\\\/article\\\/dostdan-samaxidaki-issizlere-teklif-kuce-temizlikcisi\\\/#article\",\"isPartOf\":{\"@id\":\"https:\\\/\\\/www.meydan.tv\\\/az\\\/article\\\/dostdan-samaxidaki-issizlere-teklif-kuce-temizlikcisi\\\/\"},\"author\":{\"name\":\"user-manager\",\"@id\":\"https:\\\/\\\/www.meydan.tv\\\/az\\\/#\\\/schema\\\/person\\\/10d11eccf6da3662cf5fdab9806ea91a\"},\"headline\":\"&#8221;DOST&#8221;dan \u015eamax\u0131dak\u0131 i\u015fsizl\u0259r\u0259 t\u0259klif: k\u00fc\u00e7\u0259 t\u0259mizlik\u00e7isi\",\"datePublished\":\"2019-02-19T17:32:06+00:00\",\"mainEntityOfPage\":{\"@id\":\"https:\\\/\\\/www.meydan.tv\\\/az\\\/article\\\/dostdan-samaxidaki-issizlere-teklif-kuce-temizlikcisi\\\/\"},\"wordCount\":1157,\"publisher\":{\"@id\":\"https:\\\/\\\/www.meydan.tv\\\/az\\\/#organization\"},\"image\":{\"@id\":\"https:\\\/\\\/www.meydan.tv\\\/az\\\/article\\\/dostdan-samaxidaki-issizlere-teklif-kuce-temizlikcisi\\\/#primaryimage\"},\"thumbnailUrl\":\"https:\\\/\\\/www.meydan.tv\\\/wp-content\\\/uploads\\\/47199.jpg\",\"articleSection\":[\"B\u00f6lg\u0259\"],\"inLanguage\":\"az\"},{\"@type\":\"WebPage\",\"@id\":\"https:\\\/\\\/www.meydan.tv\\\/az\\\/article\\\/dostdan-samaxidaki-issizlere-teklif-kuce-temizlikcisi\\\/\",\"url\":\"https:\\\/\\\/www.meydan.tv\\\/az\\\/article\\\/dostdan-samaxidaki-issizlere-teklif-kuce-temizlikcisi\\\/\",\"name\":\"''DOST''dan \u015eamax\u0131dak\u0131 i\u015fsizl\u0259r\u0259 t\u0259klif: k\u00fc\u00e7\u0259 t\u0259mizlik\u00e7isi - MEYDAN.TV\",\"isPartOf\":{\"@id\":\"https:\\\/\\\/www.meydan.tv\\\/az\\\/#website\"},\"primaryImageOfPage\":{\"@id\":\"https:\\\/\\\/www.meydan.tv\\\/az\\\/article\\\/dostdan-samaxidaki-issizlere-teklif-kuce-temizlikcisi\\\/#primaryimage\"},\"image\":{\"@id\":\"https:\\\/\\\/www.meydan.tv\\\/az\\\/article\\\/dostdan-samaxidaki-issizlere-teklif-kuce-temizlikcisi\\\/#primaryimage\"},\"thumbnailUrl\":\"https:\\\/\\\/www.meydan.tv\\\/wp-content\\\/uploads\\\/47199.jpg\",\"datePublished\":\"2019-02-19T17:32:06+00:00\",\"breadcrumb\":{\"@id\":\"https:\\\/\\\/www.meydan.tv\\\/az\\\/article\\\/dostdan-samaxidaki-issizlere-teklif-kuce-temizlikcisi\\\/#breadcrumb\"},\"inLanguage\":\"az\",\"potentialAction\":[{\"@type\":\"ReadAction\",\"target\":[\"https:\\\/\\\/www.meydan.tv\\\/az\\\/article\\\/dostdan-samaxidaki-issizlere-teklif-kuce-temizlikcisi\\\/\"]}]},{\"@type\":\"ImageObject\",\"inLanguage\":\"az\",\"@id\":\"https:\\\/\\\/www.meydan.tv\\\/az\\\/article\\\/dostdan-samaxidaki-issizlere-teklif-kuce-temizlikcisi\\\/#primaryimage\",\"url\":\"https:\\\/\\\/www.meydan.tv\\\/wp-content\\\/uploads\\\/47199.jpg\",\"contentUrl\":\"https:\\\/\\\/www.meydan.tv\\\/wp-content\\\/uploads\\\/47199.jpg\",\"width\":1280,\"height\":720,\"caption\":\"Source:\"},{\"@type\":\"BreadcrumbList\",\"@id\":\"https:\\\/\\\/www.meydan.tv\\\/az\\\/article\\\/dostdan-samaxidaki-issizlere-teklif-kuce-temizlikcisi\\\/#breadcrumb\",\"itemListElement\":[{\"@type\":\"ListItem\",\"position\":1,\"name\":\"Ana s\u0259hif\u0259\",\"item\":\"https:\\\/\\\/www.meydan.tv\\\/az\\\/\"},{\"@type\":\"ListItem\",\"position\":2,\"name\":\"B\u00f6lg\u0259\",\"item\":\"https:\\\/\\\/www.meydan.tv\\\/az\\\/section\\\/bolge\\\/\"},{\"@type\":\"ListItem\",\"position\":3,\"name\":\"&#8221;DOST&#8221;dan \u015eamax\u0131dak\u0131 i\u015fsizl\u0259r\u0259 t\u0259klif: k\u00fc\u00e7\u0259 t\u0259mizlik\u00e7isi\"}]},{\"@type\":\"WebSite\",\"@id\":\"https:\\\/\\\/www.meydan.tv\\\/az\\\/#website\",\"url\":\"https:\\\/\\\/www.meydan.tv\\\/az\\\/\",\"name\":\"MEYDAN.TV\",\"description\":\"Meydan TV Az\u0259rbaycan\u0131n media m\u0259kan\u0131ndak\u0131 alternativ s\u0259sidir\",\"publisher\":{\"@id\":\"https:\\\/\\\/www.meydan.tv\\\/az\\\/#organization\"},\"potentialAction\":[{\"@type\":\"SearchAction\",\"target\":{\"@type\":\"EntryPoint\",\"urlTemplate\":\"https:\\\/\\\/www.meydan.tv\\\/az\\\/?s={search_term_string}\"},\"query-input\":{\"@type\":\"PropertyValueSpecification\",\"valueRequired\":true,\"valueName\":\"search_term_string\"}}],\"inLanguage\":\"az\"},{\"@type\":\"Organization\",\"@id\":\"https:\\\/\\\/www.meydan.tv\\\/az\\\/#organization\",\"name\":\"Meydan TV\",\"url\":\"https:\\\/\\\/www.meydan.tv\\\/az\\\/\",\"logo\":{\"@type\":\"ImageObject\",\"inLanguage\":\"az\",\"@id\":\"https:\\\/\\\/www.meydan.tv\\\/az\\\/#\\\/schema\\\/logo\\\/image\\\/\",\"url\":\"https:\\\/\\\/www.meydan.tv\\\/wp-content\\\/uploads\\\/2021\\\/07\\\/meydan-logo.svg\",\"contentUrl\":\"https:\\\/\\\/www.meydan.tv\\\/wp-content\\\/uploads\\\/2021\\\/07\\\/meydan-logo.svg\",\"width\":195,\"height\":46,\"caption\":\"Meydan TV\"},\"image\":{\"@id\":\"https:\\\/\\\/www.meydan.tv\\\/az\\\/#\\\/schema\\\/logo\\\/image\\\/\"}},{\"@type\":\"Person\",\"@id\":\"https:\\\/\\\/www.meydan.tv\\\/az\\\/#\\\/schema\\\/person\\\/10d11eccf6da3662cf5fdab9806ea91a\",\"name\":\"user-manager\"}]}<\/script>\n<!-- \/ Yoast SEO plugin. -->","yoast_head_json":{"title":"''DOST''dan \u015eamax\u0131dak\u0131 i\u015fsizl\u0259r\u0259 t\u0259klif: k\u00fc\u00e7\u0259 t\u0259mizlik\u00e7isi - MEYDAN.TV","robots":{"index":"index","follow":"follow","max-snippet":"max-snippet:-1","max-image-preview":"max-image-preview:large","max-video-preview":"max-video-preview:-1"},"canonical":"https:\/\/www.meydan.tv\/az\/article\/dostdan-samaxidaki-issizlere-teklif-kuce-temizlikcisi\/","og_locale":"az_AZ","og_type":"article","og_title":"''DOST''dan \u015eamax\u0131dak\u0131 i\u015fsizl\u0259r\u0259 t\u0259klif: k\u00fc\u00e7\u0259 t\u0259mizlik\u00e7isi - MEYDAN.TV","og_description":"\u015eamax\u0131 sakinl\u0259ri deyir, yeni proqram \u00e7\u0259r\u00e7iv\u0259sind\u0259 onlara t\u0259klif olunan i\u015fl\u0259r yaln\u0131z k\u00fc\u00e7\u0259 t\u0259mizlik\u00e7iliyind\u0259n ibar\u0259tdir","og_url":"https:\/\/www.meydan.tv\/az\/article\/dostdan-samaxidaki-issizlere-teklif-kuce-temizlikcisi\/","og_site_name":"MEYDAN.TV","article_published_time":"2019-02-19T17:32:06+00:00","og_image":[{"width":1280,"height":720,"url":"https:\/\/www.meydan.tv\/wp-content\/uploads\/47199.jpg","type":"image\/jpeg"}],"author":"user-manager","twitter_card":"summary_large_image","schema":{"@context":"https:\/\/schema.org","@graph":[{"@type":"Article","@id":"https:\/\/www.meydan.tv\/az\/article\/dostdan-samaxidaki-issizlere-teklif-kuce-temizlikcisi\/#article","isPartOf":{"@id":"https:\/\/www.meydan.tv\/az\/article\/dostdan-samaxidaki-issizlere-teklif-kuce-temizlikcisi\/"},"author":{"name":"user-manager","@id":"https:\/\/www.meydan.tv\/az\/#\/schema\/person\/10d11eccf6da3662cf5fdab9806ea91a"},"headline":"&#8221;DOST&#8221;dan \u015eamax\u0131dak\u0131 i\u015fsizl\u0259r\u0259 t\u0259klif: k\u00fc\u00e7\u0259 t\u0259mizlik\u00e7isi","datePublished":"2019-02-19T17:32:06+00:00","mainEntityOfPage":{"@id":"https:\/\/www.meydan.tv\/az\/article\/dostdan-samaxidaki-issizlere-teklif-kuce-temizlikcisi\/"},"wordCount":1157,"publisher":{"@id":"https:\/\/www.meydan.tv\/az\/#organization"},"image":{"@id":"https:\/\/www.meydan.tv\/az\/article\/dostdan-samaxidaki-issizlere-teklif-kuce-temizlikcisi\/#primaryimage"},"thumbnailUrl":"https:\/\/www.meydan.tv\/wp-content\/uploads\/47199.jpg","articleSection":["B\u00f6lg\u0259"],"inLanguage":"az"},{"@type":"WebPage","@id":"https:\/\/www.meydan.tv\/az\/article\/dostdan-samaxidaki-issizlere-teklif-kuce-temizlikcisi\/","url":"https:\/\/www.meydan.tv\/az\/article\/dostdan-samaxidaki-issizlere-teklif-kuce-temizlikcisi\/","name":"''DOST''dan \u015eamax\u0131dak\u0131 i\u015fsizl\u0259r\u0259 t\u0259klif: k\u00fc\u00e7\u0259 t\u0259mizlik\u00e7isi - MEYDAN.TV","isPartOf":{"@id":"https:\/\/www.meydan.tv\/az\/#website"},"primaryImageOfPage":{"@id":"https:\/\/www.meydan.tv\/az\/article\/dostdan-samaxidaki-issizlere-teklif-kuce-temizlikcisi\/#primaryimage"},"image":{"@id":"https:\/\/www.meydan.tv\/az\/article\/dostdan-samaxidaki-issizlere-teklif-kuce-temizlikcisi\/#primaryimage"},"thumbnailUrl":"https:\/\/www.meydan.tv\/wp-content\/uploads\/47199.jpg","datePublished":"2019-02-19T17:32:06+00:00","breadcrumb":{"@id":"https:\/\/www.meydan.tv\/az\/article\/dostdan-samaxidaki-issizlere-teklif-kuce-temizlikcisi\/#breadcrumb"},"inLanguage":"az","potentialAction":[{"@type":"ReadAction","target":["https:\/\/www.meydan.tv\/az\/article\/dostdan-samaxidaki-issizlere-teklif-kuce-temizlikcisi\/"]}]},{"@type":"ImageObject","inLanguage":"az","@id":"https:\/\/www.meydan.tv\/az\/article\/dostdan-samaxidaki-issizlere-teklif-kuce-temizlikcisi\/#primaryimage","url":"https:\/\/www.meydan.tv\/wp-content\/uploads\/47199.jpg","contentUrl":"https:\/\/www.meydan.tv\/wp-content\/uploads\/47199.jpg","width":1280,"height":720,"caption":"Source:"},{"@type":"BreadcrumbList","@id":"https:\/\/www.meydan.tv\/az\/article\/dostdan-samaxidaki-issizlere-teklif-kuce-temizlikcisi\/#breadcrumb","itemListElement":[{"@type":"ListItem","position":1,"name":"Ana s\u0259hif\u0259","item":"https:\/\/www.meydan.tv\/az\/"},{"@type":"ListItem","position":2,"name":"B\u00f6lg\u0259","item":"https:\/\/www.meydan.tv\/az\/section\/bolge\/"},{"@type":"ListItem","position":3,"name":"&#8221;DOST&#8221;dan \u015eamax\u0131dak\u0131 i\u015fsizl\u0259r\u0259 t\u0259klif: k\u00fc\u00e7\u0259 t\u0259mizlik\u00e7isi"}]},{"@type":"WebSite","@id":"https:\/\/www.meydan.tv\/az\/#website","url":"https:\/\/www.meydan.tv\/az\/","name":"MEYDAN.TV","description":"Meydan TV Az\u0259rbaycan\u0131n media m\u0259kan\u0131ndak\u0131 alternativ s\u0259sidir","publisher":{"@id":"https:\/\/www.meydan.tv\/az\/#organization"},"potentialAction":[{"@type":"SearchAction","target":{"@type":"EntryPoint","urlTemplate":"https:\/\/www.meydan.tv\/az\/?s={search_term_string}"},"query-input":{"@type":"PropertyValueSpecification","valueRequired":true,"valueName":"search_term_string"}}],"inLanguage":"az"},{"@type":"Organization","@id":"https:\/\/www.meydan.tv\/az\/#organization","name":"Meydan TV","url":"https:\/\/www.meydan.tv\/az\/","logo":{"@type":"ImageObject","inLanguage":"az","@id":"https:\/\/www.meydan.tv\/az\/#\/schema\/logo\/image\/","url":"https:\/\/www.meydan.tv\/wp-content\/uploads\/2021\/07\/meydan-logo.svg","contentUrl":"https:\/\/www.meydan.tv\/wp-content\/uploads\/2021\/07\/meydan-logo.svg","width":195,"height":46,"caption":"Meydan TV"},"image":{"@id":"https:\/\/www.meydan.tv\/az\/#\/schema\/logo\/image\/"}},{"@type":"Person","@id":"https:\/\/www.meydan.tv\/az\/#\/schema\/person\/10d11eccf6da3662cf5fdab9806ea91a","name":"user-manager"}]}},"_links":{"self":[{"href":"https:\/\/www.meydan.tv\/az\/wp-json\/wp\/v2\/posts\/194100","targetHints":{"allow":["GET"]}}],"collection":[{"href":"https:\/\/www.meydan.tv\/az\/wp-json\/wp\/v2\/posts"}],"about":[{"href":"https:\/\/www.meydan.tv\/az\/wp-json\/wp\/v2\/types\/post"}],"author":[{"embeddable":true,"href":"https:\/\/www.meydan.tv\/az\/wp-json\/wp\/v2\/users\/11"}],"replies":[{"embeddable":true,"href":"https:\/\/www.meydan.tv\/az\/wp-json\/wp\/v2\/comments?post=194100"}],"version-history":[{"count":0,"href":"https:\/\/www.meydan.tv\/az\/wp-json\/wp\/v2\/posts\/194100\/revisions"}],"wp:featuredmedia":[{"embeddable":true,"href":"https:\/\/www.meydan.tv\/az\/wp-json\/wp\/v2\/media\/118362"}],"wp:attachment":[{"href":"https:\/\/www.meydan.tv\/az\/wp-json\/wp\/v2\/media?parent=194100"}],"wp:term":[{"taxonomy":"category","embeddable":true,"href":"https:\/\/www.meydan.tv\/az\/wp-json\/wp\/v2\/categories?post=194100"},{"taxonomy":"post_tag","embeddable":true,"href":"https:\/\/www.meydan.tv\/az\/wp-json\/wp\/v2\/tags?post=194100"}],"curies":[{"name":"wp","href":"https:\/\/api.w.org\/{rel}","templated":true}]}}