{"id":194098,"date":"2019-02-19T16:45:45","date_gmt":"2019-02-19T16:45:45","guid":{"rendered":"https:\/\/www.meydan.tv\/article\/keyfiyyetce-yeni-merhele-baslayir\/"},"modified":"2019-02-19T16:45:45","modified_gmt":"2019-02-19T16:45:45","slug":"keyfiyyetce-yeni-merhele-baslayir","status":"publish","type":"post","link":"https:\/\/www.meydan.tv\/az\/article\/keyfiyyetce-yeni-merhele-baslayir\/","title":{"rendered":"Keyfiyy\u0259tc\u0259 yeni m\u0259rh\u0259l\u0259 ba\u015flay\u0131r &#8230;"},"content":{"rendered":"<figure class=\"wp-block-image size-large\">\n  <img decoding=\"async\" src=\"https:\/\/www.meydan.tv\/az\/ibrahim-ibrahimli\/\" alt=\"\u0130brahim \u0130brahimli\" class=\"wp-image-64655\"\/><figcaption>\n    \u0130brahim \u0130brahimli<br \/>\n  <\/figcaption><\/figure>\n<figure class=\"wp-block-image size-large\">\n  <img decoding=\"async\" src=\"https:\/\/www.meydan.tv\/az\/ibrahim-ibrahimli\/\" alt=\"\u0130brahim \u0130brahimli\" class=\"wp-image-64655\"\/><figcaption>\n    \u0130brahim \u0130brahimli<br \/>\n  <\/figcaption><\/figure>\n<p>\n  <i><br \/>\n    \u00d6lk\u0259nin g\u0259l\u0259c\u0259yi, xalq\u0131n taleyi h\u0259ll olunan m\u0259qamda susmaq olmaz, ortaya v\u0259t\u0259nda\u015f m\u00f6vqeyi qoymaq laz\u0131md\u0131r<br \/>\n  <\/i><\/p>\n<p>  K\u0259miyy\u0259t d\u0259yi\u015fm\u0259l\u0259rinin \u0259sasl\u0131 keyfiyy\u0259t d\u0259yi\u015fm\u0259l\u0259rin\u0259 v\u0259 ya \u0259ksin\u0259, keyfiyy\u0259t d\u0259yi\u015fm\u0259l\u0259rinin \u0259sasl\u0131 k\u0259miyy\u0259t d\u0259yi\u015fm\u0259l\u0259rin\u0259 ke\u00e7m\u0259si inki\u015faf\u0131n \u00fcmumi dialektik qanunudur. Bu qanun t\u0259bi\u0259t v\u0259 c\u0259miyy\u0259tdaxili b\u00fct\u00fcn prosesl\u0259rd\u0259 \u2013 k\u00f6hn\u0259nin yeni il\u0259 \u0259v\u0259z edildiyi h\u0259r yerd\u0259 \u00f6z\u00fcn\u00fc g\u00f6st\u0259rir.\n<\/p>\n<p>\n  V\u0259t\u0259nda\u015f m\u00f6vqeyi c\u0259miyy\u0259td\u0259 keyfiyy\u0259t d\u0259yi\u015fikliyinin \u0259sas g\u00f6st\u0259ricil\u0259rind\u0259n biridir. H\u0259l\u0259 eram\u0131zdan \u0259vv\u0259l, bu m\u0259lum h\u0259qiq\u0259ti q\u0259bul ed\u0259n q\u0259dim yunanlar h\u0259lledici m\u0259qamlarda m\u00f6vqesizlik g\u00f6st\u0259r\u0259n v\u0259t\u0259nda\u015flar\u0131 qanunla v\u0259t\u0259nda\u015fl\u0131q h\u00fcququndan m\u0259hrum edirdil\u0259r, h\u0259tta onlar x\u00fcsusi imtiyaz sahibi olan aristokratlara bel\u0259 g\u00fcz\u0259\u015ft\u0259 getmirdil\u0259r\u2026\n<\/p>\n<p>\n  Aristotel \u201cAfina politiyas\u0131\u201d \u0259s\u0259rind\u0259 yaz\u0131rd\u0131: \u201cAfina \u015f\u0259h\u0259r d\u00f6vl\u0259tind\u0259 islahatlar aparan Solon iri m\u00fclkiyy\u0259t\u00e7il\u0259rin m\u00fcqavim\u0259ti il\u0259 qar\u015f\u0131la\u015f\u0131rd\u0131. Bu zaman \u015f\u0259h\u0259rdaxili sabitlik pozulur v\u0259 qa\u015f\u0131durmalar yaran\u0131rd\u0131. Bel\u0259 h\u0259lledici m\u0259qamlarda \u015f\u0259h\u0259r v\u0259t\u0259nda\u015flar\u0131 ba\u015f ver\u0259n olaylara bigan\u0259 qal\u0131rd\u0131lar. Etinads\u0131zl\u0131\u011f\u0131n qar\u015f\u0131s\u0131n\u0131 almaq \u00fc\u00e7\u00fcn Solon x\u00fcsusi bir qanun q\u0259bul etdi\u201d.\n<\/p>\n<p>\n  Solon qanunu&#8230;\n<\/p>\n<p>\n  Solon A\u011fsaqqalar \u015euras\u0131nda Afinan\u0131n arxontu se\u00e7ilmi\u015f v\u0259 d\u00f6vl\u0259t islahatlar\u0131 ke\u00e7irm\u0259k \u00fc\u00e7\u00fcn qeyri-m\u0259hdud s\u0259lahiyy\u0259tl\u0259r alm\u0131\u015fd\u0131. Bu h\u00f6kmdar q\u0259dim yunanlar\u0131n d\u00f6vl\u0259t\u00e7ilik tarixin\u0259 demokratik idar\u0259etm\u0259nin \u0259saslar\u0131n\u0131 qoyan islahat\u00e7\u0131 kimi daxil olub. Attika \u0259halisinin borclar\u0131n\u0131n silinm\u0259si, borc \u0259sar\u0259tinin l\u0259\u011fvi, iri m\u00fclkiyy\u0259tin m\u0259hdudla\u015fd\u0131r\u0131lmas\u0131 \u201cgeliyeyan\u0131n\u201d \u2013 prisyajn\u0131lar m\u0259hk\u0259m\u0259sinin t\u0259tbiqi onun ad\u0131 il\u0259 ba\u011fl\u0131d\u0131r.\n<\/p>\n<p>\n  \u0130slahatlar zaman\u0131 Afina \u015f\u0259h\u0259r d\u00f6vl\u0259tind\u0259 tez-tez g\u0259rginlik ya\u015fan\u0131rd\u0131 v\u0259 \u015f\u0259h\u0259rdaxili sabitlik pozulur, ara qar\u0131\u015f\u0131rd\u0131. B\u0259zi v\u0259t\u0259nda\u015flar is\u0259 olaylar\u0131n mahiyy\u0259tind\u0259n as\u0131l\u0131 olmayaraq \u0259traf\u0131nda ba\u015f ver\u0259nl\u0259r\u0259 bigan\u0259 qal\u0131r, m\u00f6vqesizlik g\u00f6st\u0259rir v\u0259 h\u0259r \u015feyl\u0259 bar\u0131\u015f\u0131rd\u0131lar. Sad\u0259c\u0259, \u00f6z\u00fcn\u00fc v\u0259 m\u00fclk\u00fcyy\u0259tini qorumaq \u00fc\u00e7\u00fcn bir k\u0259nara \u00e7\u0259kilib seyri\u00e7i qal\u0131rd\u0131lar. Solon bel\u0259 h\u0259ssas m\u0259qamlarda ba\u015f ver\u0259nl\u0259r\u0259 laqeyd qalan bu adamlar haqq\u0131nda x\u00fcsusi bir qanun q\u0259bul etdi: \u201cQar\u0131\u015f\u0131ql\u0131q d\u00f6vr\u00fcnd\u0259 \u0259lin\u0259 silah al\u0131b iki t\u0259r\u0259fd\u0259n he\u00e7 birini m\u00fcdafi\u0259 etm\u0259y\u0259l\u0259nl\u0259r v\u0259t\u0259nda\u015fl\u0131q h\u00fcququndan m\u0259hrum edil\u0259c\u0259k\u201d.\n<\/p>\n<p>\n  Qanun q\u0259bul edil\u0259rk\u0259n Afina A\u011fsaqqallar \u015euras\u0131nda \u00e7\u0131x\u0131\u015f ed\u0259n Solon \u015fura \u00fczvl\u0259rini inand\u0131rma\u011fa \u00e7al\u0131\u015f\u0131rd\u0131 ki, V\u0259t\u0259nin taleyin\u0259 bigan\u0259 qalan v\u0259t\u0259nda\u015flara (Attikan\u0131n b\u00fct\u00fcn yerli ki\u015fi sakinl\u0259ri Afina v\u0259t\u0259nda\u015flar\u0131 hesab edildi) he\u00e7 bir halda g\u00fcz\u0259\u015ft\u0259 getm\u0259k olmaz. O deyirdi ki, m\u00f6vqeyi olmayan insan Afina v\u0259t\u0259nda\u015f\u0131 ola bilm\u0259z. Qoy, lap irtican\u0131 m\u00fcdafi\u0259 etsin, amma k\u0259nara \u00e7\u0259kilm\u0259sin, t\u0259ki bir m\u00f6vqe se\u00e7sin hans\u0131sa t\u0259r\u0259fi t\u0259msil etsin v\u0259 m\u00fcbariz\u0259y\u0259 qo\u015fularaq t\u0259hl\u00fck\u0259ni b\u00f6l\u00fc\u015fs\u00fcn. Daha qorxusuz v\u0259 rahat bir yer\u0259 \u00e7\u0259kilib kimin qalib g\u0259l\u0259c\u0259yini g\u00f6zl\u0259m\u0259sin.\n<\/p>\n<p>\n  V\u018fT\u018fNDA\u015e M\u00d6VQEY\u0130\u2026\n<\/p>\n<p>\n  B\u0259li, h\u0259lledici bir zamanda v\u0259t\u0259nda\u015flar\u0131n ortaya M\u00d6VQE qomaq \u0259v\u0259zin\u0259 bit\u0259r\u0259f qal\u0131b q\u0131ra\u011fa \u00e7\u0259kilm\u0259si, bel\u0259 h\u0259ssas bir m\u0259qamda m\u0259suliyy\u0259ti \u00f6z \u00fcz\u0259rind\u0259n at\u0131b seyri\u00e7i qalmas\u0131 ba\u011f\u0131\u015flan\u0131lmas\u0131 m\u00fcmk\u00fcn olmayan bir g\u00fcnahd\u0131r. T\u0259cr\u00fcb\u0259 g\u00f6st\u0259rir ki, tarixin amans\u0131z s\u0131naqlar\u0131na m\u0259ruz qalan xalqlar\u0131n taleyi m\u0259hz \u00e7oxlu\u011fun bigan\u0259liyind\u0259n dolay\u0131 sual alt\u0131na d\u00fc\u015f\u00fcr, h\u0259tta tarix s\u0259hn\u0259sind\u0259n silinm\u0259k t\u0259hl\u00fck\u0259sil\u0259 \u00fcz-\u00fcz\u0259 qal\u0131r. Bel\u0259 a\u011f\u0131r durumdan onu yaln\u0131z v\u0259 yaln\u0131z V\u018fT\u018fNDA\u015e M\u00d6VQEY\u0130 xilas ed\u0259 bilir\u2026 Yax\u0131n tarixd\u0259, bel\u0259 bir t\u0259hl\u00fck\u0259 il\u0259 \u00fczl\u0259\u015f\u0259n T\u00fcrkiy\u0259ni Atat\u00fcrk\u00fcn \u00e7a\u011f\u0131r\u0131\u015f\u0131 il\u0259 \u00e7oxlu\u011fun ortaya qoydu\u011fu V\u018fT\u018fNDA\u015e M\u00d6VQEY\u0130 xilas etdi.\n<\/p>\n<p>\n  \u018fd\u0259biyyat \u00fczr\u0259 Nobel m\u00fckafat\u0131 laureati Tomas Mann 1930 \u2013 cu ild\u0259 \u201c Z\u0259kaya m\u00fcraci\u0259t edir\u0259m\u201d adl\u0131 \u015f\u0131x\u0131\u015f\u0131nda b\u00fct\u00fcn ziyal\u0131lar\u0131 fa\u015fizm\u0259 qar\u015f\u0131 m\u00fcbariz\u0259d\u0259 vahid c\u0259bh\u0259d\u0259 birl\u0259\u015fm\u0259y\u0259 \u00e7a\u011f\u0131r\u0131rd\u0131: \u201c\u0130ndi se\u00e7im an\u0131d\u0131r- ya susub seyri\u00e7i qalacaqsan, ya da \u00e7a\u011f\u0131r\u0131\u015fa qo\u015fulub m\u00fcbariz\u0259 aparacaqsan. \u00c7\u00fcnki Alman\u0131yan\u0131n g\u0259l\u0259c\u0259yi, xalq\u0131n taleyi h\u0259ll olunur, bel\u0259 h\u0259lledici m\u0259qamda susmaq olmaz, ortaya m\u00f6vqey qoyub v\u0259t\u0259ni nasistl\u0259rin girovlu\u011fundan xilas etm\u0259k laz\u0131md\u0131r\u201d. Bu m\u00fcraci\u0259td\u0259n sonra fa\u015fistl\u0259r onu Almaniya v\u0259t\u0259nda\u015fl\u0131\u011f\u0131ndan v\u0259 Berlin Universitetinin f\u0259xri doktoru ad\u0131ndan m\u0259hrum etdil\u0259r.\n<\/p>\n<p>\n  Tomas Mann nasist Almaniyas\u0131ndan m\u00fchacir\u0259t ed\u0259rk\u0259n yaz\u0131rd\u0131:\n<\/p>\n<p>\n  \u201c\u018fg\u0259r zaman\u0131nda alman ziyal\u0131lar\u0131 ham\u0131l\u0131qla \u00f6lk\u0259d\u0259 ba\u015f ver\u0259n bu olaylara qar\u015f\u0131 \u00e7\u0131x\u0131\u015f edib ortaya v\u0259t\u0259nda\u015f m\u00f6vqeyi qoysay\u0131d\u0131lar, indi h\u0259r \u015fey ba\u015f ver\u0259n faci\u0259l\u0259rd\u0259n f\u0259rqli olard\u0131. Seyri\u00e7i qalma\u011f\u0131n\u0131zla, \u0259slind\u0259, siz- alman ziyal\u0131s\u0131 birba\u015fa olmasa da, dolay\u0131s\u0131yla nasizm\u0259 yard\u0131m\u00e7\u0131 oldunuz. H\u0259r biriniz seyri\u00e7i m\u00f6vqeyiniz\u0259 haqq qazand\u0131r\u0131b \u201cm\u0259n siyas\u0259tl\u0259 m\u0259\u015f\u011ful olmuram\u201d- dediniz. Hitler t\u0259r\u0259find\u0259n S\u00fcrixd\u0259, Parisd\u0259, Budape\u015ftd\u0259 Bethoveni ifa etm\u0259k \u00fc\u00e7\u00fcn g\u00f6nd\u0259ril\u0259n dirijorun \u201cM\u0259n, sad\u0259c\u0259, musiqi\u00e7iy\u0259m v\u0259 musiqid\u0259n ba\u015fqa he\u00e7 n\u0259 il\u0259 m\u0259\u015f\u011ful olmuram\u201d dey\u0259r\u0259k yaxas\u0131n\u0131 k\u0259nara \u00e7\u0259km\u0259si d\u0259 h\u0259yas\u0131zcas\u0131na deyilmi\u015f bir yalan idi. Maraql\u0131d\u0131r, n\u0259 yax\u015f\u0131 bu on iki ild\u0259 Bethovenin Almaniyan\u0131n azadl\u0131\u011f\u0131na h\u0259sr edilmi\u015f \u201cFidelio\u201d operas\u0131 qada\u011fan edilm\u0259di? Himmler Almaniyas\u0131nda \u201cFidelio\u201d dinl\u0259yib r\u00fcsvay\u00e7\u0131l\u0131qdan \u0259linl\u0259 \u00fcz\u00fcn\u00fc tutmamaq \u00fc\u00e7\u00fcn n\u0259 q\u0259d\u0259r g\u00f6n\u00fcqal\u0131n olmaq laz\u0131mm\u0131\u015f\u201d.\n<\/p>\n<p>\n  Tomos Mann demi\u015fk\u0259n\u2026\n<\/p>\n<p>\n  \u00d6lk\u0259nin g\u0259l\u0259c\u0259yi, xalq\u0131n taleyi h\u0259ll olunan m\u0259qamda susmaq olmaz, ortaya v\u0259t\u0259nda\u015f m\u00f6vqeyi qoymaq laz\u0131md\u0131r. Sad\u0259c\u0259, m\u0259n yaz\u0131\u00e7\u0131yam v\u0259 \u0259s\u0259r yazmaqdan ba\u015fqa he\u00e7 n\u0259 il\u0259 m\u0259\u015f\u011ful olmuram\u2026m\u0259n r\u0259ssamam v\u0259 r\u0259sm \u00e7\u0259km\u0259kd\u0259n ba\u015fqa he\u00e7 n\u0259 il\u0259 m\u0259\u015f\u011ful olmuram\u2026m\u0259n musiqi\u00e7iy\u0259m v\u0259 musiqid\u0259n ba\u015fqa he\u00e7 n\u0259 il\u0259 m\u0259\u015f\u011ful olmuram deyib yaxan\u0131 k\u0259nara \u00e7\u0259km\u0259yin ad\u0131n\u0131n n\u0259 oldu\u011funu m\u0259n demir\u0259m; bu ad\u0131 100 il bundan \u0259vv\u0259l Tomas Mann qoyub. Bu ger\u00e7\u0259kd\u0259n d\u0259 h\u0259yas\u0131zcas\u0131na uydurulmu\u015f bir b\u0259han\u0259dir.\n<\/p>\n<p>\n  P.S. S\u0259h\u0259r bir s\u0259r\u0259ncam verib ax\u015fam m\u00fcr\u0259kk\u0259bi qurumam\u0131\u015f l\u0259v\u011f etm\u0259kd\u0259ns\u0259, b\u0259lk\u0259 el\u0259 bird\u0259f\u0259lik Solon qanunlar\u0131n\u0131 q\u0259bul edib, \u00f6lk\u0259ni korrupsiyan\u0131n girdab\u0131ndan, xalq\u0131 banklar\u0131n girovlu\u011fundan, torpaqlar\u0131 erm\u0259ni i\u015f\u011fal\u0131ndan azad ed\u0259siniz, c\u0259nablar!\n<\/p>\n<p>\n  <i><br \/>\n    <b><br \/>\n      Yaz\u0131 m\u00fc\u0259llifin fikirl\u0259rini \u0259ks etdirir v\u0259 Meydan TV-nin m\u00f6vqeyi il\u0259 \u00fcst-\u00fcst\u0259 d\u00fc\u015fm\u0259y\u0259 bil\u0259r.<br \/>\n    <\/b><br \/>\n  <\/i><\/p>\n","protected":false},"excerpt":{"rendered":"<p>\u00d6lk\u0259nin g\u0259l\u0259c\u0259yi, xalq\u0131n taleyi h\u0259ll olunan m\u0259qamda susmaq olmaz, ortaya v\u0259t\u0259nda\u015f m\u00f6vqeyi qoymaq laz\u0131md\u0131r<\/p>\n","protected":false},"author":11,"featured_media":64655,"comment_status":"closed","ping_status":"open","sticky":false,"template":"","format":"standard","meta":{"_acf_changed":false,"_sitemap_exclude":false,"_sitemap_priority":"","_sitemap_frequency":"","footnotes":""},"categories":[57],"tags":[],"class_list":["post-194098","post","type-post","status-publish","format-standard","has-post-thumbnail","hentry","category-menim-fikrimce","infinite-scroll-item","generate-columns","tablet-grid-50","mobile-grid-100","grid-parent","grid-33","no-featured-image-padding"],"acf":[],"yoast_head":"<!-- This site is optimized with the Yoast SEO plugin v27.4 - https:\/\/yoast.com\/product\/yoast-seo-wordpress\/ -->\n<title>Keyfiyy\u0259tc\u0259 yeni m\u0259rh\u0259l\u0259 ba\u015flay\u0131r ... - MEYDAN.TV<\/title>\n<meta name=\"robots\" content=\"index, follow, max-snippet:-1, max-image-preview:large, max-video-preview:-1\" \/>\n<link rel=\"canonical\" href=\"https:\/\/www.meydan.tv\/az\/article\/keyfiyyetce-yeni-merhele-baslayir\/\" \/>\n<meta property=\"og:locale\" content=\"az_AZ\" \/>\n<meta property=\"og:type\" content=\"article\" \/>\n<meta property=\"og:title\" content=\"Keyfiyy\u0259tc\u0259 yeni m\u0259rh\u0259l\u0259 ba\u015flay\u0131r ... - MEYDAN.TV\" \/>\n<meta property=\"og:description\" content=\"\u00d6lk\u0259nin g\u0259l\u0259c\u0259yi, xalq\u0131n taleyi h\u0259ll olunan m\u0259qamda susmaq olmaz, ortaya v\u0259t\u0259nda\u015f m\u00f6vqeyi qoymaq laz\u0131md\u0131r\" \/>\n<meta property=\"og:url\" content=\"https:\/\/www.meydan.tv\/az\/article\/keyfiyyetce-yeni-merhele-baslayir\/\" \/>\n<meta property=\"og:site_name\" content=\"MEYDAN.TV\" \/>\n<meta property=\"article:published_time\" content=\"2019-02-19T16:45:45+00:00\" \/>\n<meta property=\"og:image\" content=\"https:\/\/www.meydan.tv\/wp-content\/uploads\/24665.jpg\" \/>\n\t<meta property=\"og:image:width\" content=\"600\" \/>\n\t<meta property=\"og:image:height\" content=\"600\" \/>\n\t<meta property=\"og:image:type\" content=\"image\/jpeg\" \/>\n<meta name=\"author\" content=\"user-manager\" \/>\n<meta name=\"twitter:card\" content=\"summary_large_image\" \/>\n<script type=\"application\/ld+json\" class=\"yoast-schema-graph\">{\"@context\":\"https:\\\/\\\/schema.org\",\"@graph\":[{\"@type\":\"Article\",\"@id\":\"https:\\\/\\\/www.meydan.tv\\\/az\\\/article\\\/keyfiyyetce-yeni-merhele-baslayir\\\/#article\",\"isPartOf\":{\"@id\":\"https:\\\/\\\/www.meydan.tv\\\/az\\\/article\\\/keyfiyyetce-yeni-merhele-baslayir\\\/\"},\"author\":{\"name\":\"user-manager\",\"@id\":\"https:\\\/\\\/www.meydan.tv\\\/az\\\/#\\\/schema\\\/person\\\/10d11eccf6da3662cf5fdab9806ea91a\"},\"headline\":\"Keyfiyy\u0259tc\u0259 yeni m\u0259rh\u0259l\u0259 ba\u015flay\u0131r &#8230;\",\"datePublished\":\"2019-02-19T16:45:45+00:00\",\"mainEntityOfPage\":{\"@id\":\"https:\\\/\\\/www.meydan.tv\\\/az\\\/article\\\/keyfiyyetce-yeni-merhele-baslayir\\\/\"},\"wordCount\":1315,\"publisher\":{\"@id\":\"https:\\\/\\\/www.meydan.tv\\\/az\\\/#organization\"},\"image\":{\"@id\":\"https:\\\/\\\/www.meydan.tv\\\/az\\\/article\\\/keyfiyyetce-yeni-merhele-baslayir\\\/#primaryimage\"},\"thumbnailUrl\":\"https:\\\/\\\/www.meydan.tv\\\/wp-content\\\/uploads\\\/24665.jpg\",\"articleSection\":[\"M\u0259nim Fikrimc\u0259\"],\"inLanguage\":\"az\"},{\"@type\":\"WebPage\",\"@id\":\"https:\\\/\\\/www.meydan.tv\\\/az\\\/article\\\/keyfiyyetce-yeni-merhele-baslayir\\\/\",\"url\":\"https:\\\/\\\/www.meydan.tv\\\/az\\\/article\\\/keyfiyyetce-yeni-merhele-baslayir\\\/\",\"name\":\"Keyfiyy\u0259tc\u0259 yeni m\u0259rh\u0259l\u0259 ba\u015flay\u0131r ... - MEYDAN.TV\",\"isPartOf\":{\"@id\":\"https:\\\/\\\/www.meydan.tv\\\/az\\\/#website\"},\"primaryImageOfPage\":{\"@id\":\"https:\\\/\\\/www.meydan.tv\\\/az\\\/article\\\/keyfiyyetce-yeni-merhele-baslayir\\\/#primaryimage\"},\"image\":{\"@id\":\"https:\\\/\\\/www.meydan.tv\\\/az\\\/article\\\/keyfiyyetce-yeni-merhele-baslayir\\\/#primaryimage\"},\"thumbnailUrl\":\"https:\\\/\\\/www.meydan.tv\\\/wp-content\\\/uploads\\\/24665.jpg\",\"datePublished\":\"2019-02-19T16:45:45+00:00\",\"breadcrumb\":{\"@id\":\"https:\\\/\\\/www.meydan.tv\\\/az\\\/article\\\/keyfiyyetce-yeni-merhele-baslayir\\\/#breadcrumb\"},\"inLanguage\":\"az\",\"potentialAction\":[{\"@type\":\"ReadAction\",\"target\":[\"https:\\\/\\\/www.meydan.tv\\\/az\\\/article\\\/keyfiyyetce-yeni-merhele-baslayir\\\/\"]}]},{\"@type\":\"ImageObject\",\"inLanguage\":\"az\",\"@id\":\"https:\\\/\\\/www.meydan.tv\\\/az\\\/article\\\/keyfiyyetce-yeni-merhele-baslayir\\\/#primaryimage\",\"url\":\"https:\\\/\\\/www.meydan.tv\\\/wp-content\\\/uploads\\\/24665.jpg\",\"contentUrl\":\"https:\\\/\\\/www.meydan.tv\\\/wp-content\\\/uploads\\\/24665.jpg\",\"width\":600,\"height\":600,\"caption\":\"Source:\"},{\"@type\":\"BreadcrumbList\",\"@id\":\"https:\\\/\\\/www.meydan.tv\\\/az\\\/article\\\/keyfiyyetce-yeni-merhele-baslayir\\\/#breadcrumb\",\"itemListElement\":[{\"@type\":\"ListItem\",\"position\":1,\"name\":\"Ana s\u0259hif\u0259\",\"item\":\"https:\\\/\\\/www.meydan.tv\\\/az\\\/\"},{\"@type\":\"ListItem\",\"position\":2,\"name\":\"M\u0259nim Fikrimc\u0259\",\"item\":\"https:\\\/\\\/www.meydan.tv\\\/az\\\/section\\\/menim-fikrimce\\\/\"},{\"@type\":\"ListItem\",\"position\":3,\"name\":\"Keyfiyy\u0259tc\u0259 yeni m\u0259rh\u0259l\u0259 ba\u015flay\u0131r &#8230;\"}]},{\"@type\":\"WebSite\",\"@id\":\"https:\\\/\\\/www.meydan.tv\\\/az\\\/#website\",\"url\":\"https:\\\/\\\/www.meydan.tv\\\/az\\\/\",\"name\":\"MEYDAN.TV\",\"description\":\"Meydan TV Az\u0259rbaycan\u0131n media m\u0259kan\u0131ndak\u0131 alternativ s\u0259sidir\",\"publisher\":{\"@id\":\"https:\\\/\\\/www.meydan.tv\\\/az\\\/#organization\"},\"potentialAction\":[{\"@type\":\"SearchAction\",\"target\":{\"@type\":\"EntryPoint\",\"urlTemplate\":\"https:\\\/\\\/www.meydan.tv\\\/az\\\/?s={search_term_string}\"},\"query-input\":{\"@type\":\"PropertyValueSpecification\",\"valueRequired\":true,\"valueName\":\"search_term_string\"}}],\"inLanguage\":\"az\"},{\"@type\":\"Organization\",\"@id\":\"https:\\\/\\\/www.meydan.tv\\\/az\\\/#organization\",\"name\":\"Meydan TV\",\"url\":\"https:\\\/\\\/www.meydan.tv\\\/az\\\/\",\"logo\":{\"@type\":\"ImageObject\",\"inLanguage\":\"az\",\"@id\":\"https:\\\/\\\/www.meydan.tv\\\/az\\\/#\\\/schema\\\/logo\\\/image\\\/\",\"url\":\"https:\\\/\\\/www.meydan.tv\\\/wp-content\\\/uploads\\\/2021\\\/07\\\/meydan-logo.svg\",\"contentUrl\":\"https:\\\/\\\/www.meydan.tv\\\/wp-content\\\/uploads\\\/2021\\\/07\\\/meydan-logo.svg\",\"width\":195,\"height\":46,\"caption\":\"Meydan TV\"},\"image\":{\"@id\":\"https:\\\/\\\/www.meydan.tv\\\/az\\\/#\\\/schema\\\/logo\\\/image\\\/\"}},{\"@type\":\"Person\",\"@id\":\"https:\\\/\\\/www.meydan.tv\\\/az\\\/#\\\/schema\\\/person\\\/10d11eccf6da3662cf5fdab9806ea91a\",\"name\":\"user-manager\"}]}<\/script>\n<!-- \/ Yoast SEO plugin. -->","yoast_head_json":{"title":"Keyfiyy\u0259tc\u0259 yeni m\u0259rh\u0259l\u0259 ba\u015flay\u0131r ... - MEYDAN.TV","robots":{"index":"index","follow":"follow","max-snippet":"max-snippet:-1","max-image-preview":"max-image-preview:large","max-video-preview":"max-video-preview:-1"},"canonical":"https:\/\/www.meydan.tv\/az\/article\/keyfiyyetce-yeni-merhele-baslayir\/","og_locale":"az_AZ","og_type":"article","og_title":"Keyfiyy\u0259tc\u0259 yeni m\u0259rh\u0259l\u0259 ba\u015flay\u0131r ... - MEYDAN.TV","og_description":"\u00d6lk\u0259nin g\u0259l\u0259c\u0259yi, xalq\u0131n taleyi h\u0259ll olunan m\u0259qamda susmaq olmaz, ortaya v\u0259t\u0259nda\u015f m\u00f6vqeyi qoymaq laz\u0131md\u0131r","og_url":"https:\/\/www.meydan.tv\/az\/article\/keyfiyyetce-yeni-merhele-baslayir\/","og_site_name":"MEYDAN.TV","article_published_time":"2019-02-19T16:45:45+00:00","og_image":[{"width":600,"height":600,"url":"https:\/\/www.meydan.tv\/wp-content\/uploads\/24665.jpg","type":"image\/jpeg"}],"author":"user-manager","twitter_card":"summary_large_image","schema":{"@context":"https:\/\/schema.org","@graph":[{"@type":"Article","@id":"https:\/\/www.meydan.tv\/az\/article\/keyfiyyetce-yeni-merhele-baslayir\/#article","isPartOf":{"@id":"https:\/\/www.meydan.tv\/az\/article\/keyfiyyetce-yeni-merhele-baslayir\/"},"author":{"name":"user-manager","@id":"https:\/\/www.meydan.tv\/az\/#\/schema\/person\/10d11eccf6da3662cf5fdab9806ea91a"},"headline":"Keyfiyy\u0259tc\u0259 yeni m\u0259rh\u0259l\u0259 ba\u015flay\u0131r &#8230;","datePublished":"2019-02-19T16:45:45+00:00","mainEntityOfPage":{"@id":"https:\/\/www.meydan.tv\/az\/article\/keyfiyyetce-yeni-merhele-baslayir\/"},"wordCount":1315,"publisher":{"@id":"https:\/\/www.meydan.tv\/az\/#organization"},"image":{"@id":"https:\/\/www.meydan.tv\/az\/article\/keyfiyyetce-yeni-merhele-baslayir\/#primaryimage"},"thumbnailUrl":"https:\/\/www.meydan.tv\/wp-content\/uploads\/24665.jpg","articleSection":["M\u0259nim Fikrimc\u0259"],"inLanguage":"az"},{"@type":"WebPage","@id":"https:\/\/www.meydan.tv\/az\/article\/keyfiyyetce-yeni-merhele-baslayir\/","url":"https:\/\/www.meydan.tv\/az\/article\/keyfiyyetce-yeni-merhele-baslayir\/","name":"Keyfiyy\u0259tc\u0259 yeni m\u0259rh\u0259l\u0259 ba\u015flay\u0131r ... - MEYDAN.TV","isPartOf":{"@id":"https:\/\/www.meydan.tv\/az\/#website"},"primaryImageOfPage":{"@id":"https:\/\/www.meydan.tv\/az\/article\/keyfiyyetce-yeni-merhele-baslayir\/#primaryimage"},"image":{"@id":"https:\/\/www.meydan.tv\/az\/article\/keyfiyyetce-yeni-merhele-baslayir\/#primaryimage"},"thumbnailUrl":"https:\/\/www.meydan.tv\/wp-content\/uploads\/24665.jpg","datePublished":"2019-02-19T16:45:45+00:00","breadcrumb":{"@id":"https:\/\/www.meydan.tv\/az\/article\/keyfiyyetce-yeni-merhele-baslayir\/#breadcrumb"},"inLanguage":"az","potentialAction":[{"@type":"ReadAction","target":["https:\/\/www.meydan.tv\/az\/article\/keyfiyyetce-yeni-merhele-baslayir\/"]}]},{"@type":"ImageObject","inLanguage":"az","@id":"https:\/\/www.meydan.tv\/az\/article\/keyfiyyetce-yeni-merhele-baslayir\/#primaryimage","url":"https:\/\/www.meydan.tv\/wp-content\/uploads\/24665.jpg","contentUrl":"https:\/\/www.meydan.tv\/wp-content\/uploads\/24665.jpg","width":600,"height":600,"caption":"Source:"},{"@type":"BreadcrumbList","@id":"https:\/\/www.meydan.tv\/az\/article\/keyfiyyetce-yeni-merhele-baslayir\/#breadcrumb","itemListElement":[{"@type":"ListItem","position":1,"name":"Ana s\u0259hif\u0259","item":"https:\/\/www.meydan.tv\/az\/"},{"@type":"ListItem","position":2,"name":"M\u0259nim Fikrimc\u0259","item":"https:\/\/www.meydan.tv\/az\/section\/menim-fikrimce\/"},{"@type":"ListItem","position":3,"name":"Keyfiyy\u0259tc\u0259 yeni m\u0259rh\u0259l\u0259 ba\u015flay\u0131r &#8230;"}]},{"@type":"WebSite","@id":"https:\/\/www.meydan.tv\/az\/#website","url":"https:\/\/www.meydan.tv\/az\/","name":"MEYDAN.TV","description":"Meydan TV Az\u0259rbaycan\u0131n media m\u0259kan\u0131ndak\u0131 alternativ s\u0259sidir","publisher":{"@id":"https:\/\/www.meydan.tv\/az\/#organization"},"potentialAction":[{"@type":"SearchAction","target":{"@type":"EntryPoint","urlTemplate":"https:\/\/www.meydan.tv\/az\/?s={search_term_string}"},"query-input":{"@type":"PropertyValueSpecification","valueRequired":true,"valueName":"search_term_string"}}],"inLanguage":"az"},{"@type":"Organization","@id":"https:\/\/www.meydan.tv\/az\/#organization","name":"Meydan TV","url":"https:\/\/www.meydan.tv\/az\/","logo":{"@type":"ImageObject","inLanguage":"az","@id":"https:\/\/www.meydan.tv\/az\/#\/schema\/logo\/image\/","url":"https:\/\/www.meydan.tv\/wp-content\/uploads\/2021\/07\/meydan-logo.svg","contentUrl":"https:\/\/www.meydan.tv\/wp-content\/uploads\/2021\/07\/meydan-logo.svg","width":195,"height":46,"caption":"Meydan TV"},"image":{"@id":"https:\/\/www.meydan.tv\/az\/#\/schema\/logo\/image\/"}},{"@type":"Person","@id":"https:\/\/www.meydan.tv\/az\/#\/schema\/person\/10d11eccf6da3662cf5fdab9806ea91a","name":"user-manager"}]}},"_links":{"self":[{"href":"https:\/\/www.meydan.tv\/az\/wp-json\/wp\/v2\/posts\/194098","targetHints":{"allow":["GET"]}}],"collection":[{"href":"https:\/\/www.meydan.tv\/az\/wp-json\/wp\/v2\/posts"}],"about":[{"href":"https:\/\/www.meydan.tv\/az\/wp-json\/wp\/v2\/types\/post"}],"author":[{"embeddable":true,"href":"https:\/\/www.meydan.tv\/az\/wp-json\/wp\/v2\/users\/11"}],"replies":[{"embeddable":true,"href":"https:\/\/www.meydan.tv\/az\/wp-json\/wp\/v2\/comments?post=194098"}],"version-history":[{"count":0,"href":"https:\/\/www.meydan.tv\/az\/wp-json\/wp\/v2\/posts\/194098\/revisions"}],"wp:featuredmedia":[{"embeddable":true,"href":"https:\/\/www.meydan.tv\/az\/wp-json\/wp\/v2\/media\/64655"}],"wp:attachment":[{"href":"https:\/\/www.meydan.tv\/az\/wp-json\/wp\/v2\/media?parent=194098"}],"wp:term":[{"taxonomy":"category","embeddable":true,"href":"https:\/\/www.meydan.tv\/az\/wp-json\/wp\/v2\/categories?post=194098"},{"taxonomy":"post_tag","embeddable":true,"href":"https:\/\/www.meydan.tv\/az\/wp-json\/wp\/v2\/tags?post=194098"}],"curies":[{"name":"wp","href":"https:\/\/api.w.org\/{rel}","templated":true}]}}