{"id":194094,"date":"2019-02-19T14:45:08","date_gmt":"2019-02-19T14:45:08","guid":{"rendered":"https:\/\/www.meydan.tv\/article\/berde-sakini-kimsesizem-duzdur-amma-dovletim-ki-var\/"},"modified":"2019-02-19T14:45:08","modified_gmt":"2019-02-19T14:45:08","slug":"berde-sakini-kimsesizem-duzdur-amma-dovletim-ki-var","status":"publish","type":"post","link":"https:\/\/www.meydan.tv\/az\/article\/berde-sakini-kimsesizem-duzdur-amma-dovletim-ki-var\/","title":{"rendered":"B\u0259rd\u0259 sakini: Kims\u0259siz\u0259m, d\u00fczd\u00fcr, amma d\u00f6vl\u0259tim ki var"},"content":{"rendered":"<figure class=\"wp-block-image size-large\">\n  <img decoding=\"async\" src=\"https:\/\/www.meydan.tv\/az\/118287\/\" alt=\"\" class=\"wp-image-118287\"\/><figcaption><\/figcaption><\/figure>\n<p>\n  <i><br \/>\n    &#8221;N\u0259 olar, m\u0259ni x\u0259st\u0259xanaya yerl\u0259\u015fdirin&#8221;<br \/>\n  <\/i>\n<\/p>\n<p>\n  \u201cAyaqlar\u0131m tutulub. Budur, d\u00fcz 7 aydan \u00e7oxdur m\u0259n divanda oturub, qalm\u0131\u015fam. \u00d6z\u00fcm\u0259 bir st\u0259kan su t\u00f6km\u0259k \u00fc\u00e7\u00fcn d\u0259 aya\u011fa qalxa bilmir\u0259m. Qon\u015fular \u00e7ay vers\u0259 i\u00e7ir, \u00e7\u00f6r\u0259k vers\u0259, yeyir\u0259m. Yoxsa, b\u00fct\u00fcn g\u00fcn\u00fc bu soyuq otaqda ac, susuz otururam\u201d.\n<\/p>\n<p>\n  B\u0259rd\u0259 \u015f\u0259h\u0259ri, Heyd\u0259r \u018fliyev prospekti ev 2-d\u0259 ya\u015fayan 86 ya\u015fl\u0131 Mahi Nur\u0259li bel\u0259 deyir.\n<\/p>\n<blockquote><p>\n  G\u0259l\u0259nim, ged\u0259nim, maraqlanan\u0131m yoxdur\n<\/p><\/blockquote>\n<p>\n  Mahi Nur\u0259li bu bir otaql\u0131 m\u0259nzil\u0259 7 ay \u00f6nc\u0259 da\u015f\u0131n\u0131b. Ondan \u00f6nc\u0259 is\u0259 B\u0259rd\u0259d\u0259, k\u00fc\u00e7\u0259l\u0259rd\u0259 qal\u0131rm\u0131\u015f. Deyir, bu h\u0259yatda qap\u0131s\u0131n\u0131 d\u00f6y\u0259c\u0259k kims\u0259di qalmay\u0131b. 1954-c\u00fc ild\u0259 ail\u0259si il\u0259 birg\u0259 \u0130randan G\u0259nc\u0259y\u0259 k\u00f6\u00e7\u00fcbl\u0259r. Uzun ill\u0259r \u00f6nc\u0259 is\u0259 B\u0259rd\u0259d\u0259 m\u0259skunla\u015f\u0131blar. Ail\u0259sind\u0259n ham\u0131n\u0131 itir\u0259nd\u0259n sonra bir m\u00fcdd\u0259t k\u00fc\u00e7\u0259l\u0259rd\u0259 ya\u015fay\u0131b. 7 ay \u00f6nc\u0259 Qocalar Evin\u0259 m\u00fcraci\u0259t edib. \u018fvv\u0259lc\u0259 onu Bak\u0131ya g\u00f6nd\u0259rm\u0259k ist\u0259yibl\u0259r, aya\u011f\u0131n\u0131n tamamil\u0259 tutuldu\u011funu g\u00f6r\u0259nd\u0259, bir m\u00fcdd\u0259t ya\u015famas\u0131 \u00fc\u00e7\u00fcn bu birotaql\u0131 m\u0259nzili veribl\u0259r.\n<\/p>\n<figure class=\"wp-block-image size-large\">\n  <img decoding=\"async\" src=\"https:\/\/www.meydan.tv\/az\/118281\/\" alt=\"\" class=\"wp-image-118281\"\/><figcaption><\/figcaption><\/figure>\n<p>\n  \u201cAylard\u0131r buradayam. G\u0259l\u0259nim, ged\u0259nim, maraqlanan\u0131m yoxdur. Ayaqlar\u0131m tamamil\u0259 tutulub, qolumun biri is\u0259 \u00e7\u0259tinlikl\u0259 i\u015fl\u0259yir. Oturub qalm\u0131\u015fam bu divan\u0131n \u00fcst\u00fcnd\u0259. Evin i\u00e7ind\u0259 hamam, ayaqyolu yoxdur. Qocalar Evind\u0259n h\u0259ft\u0259d\u0259 bir d\u0259f\u0259 adam g\u0259lir. Ev\u0259 bir az \u0259l g\u0259zdirir, bir-iki i\u015f g\u00f6r\u00fcb, gedir. Ba\u015fqa n\u0259 edim, kim\u0259 m\u00fcraci\u0259t edim, bilmir\u0259m\u201d.\n<\/p>\n<blockquote><p>\n  Nolar, m\u0259ni x\u0259st\u0259xanaya yerl\u0259\u015fdirin\n<\/p><\/blockquote>\n<p>\n  Mahi Nur\u0259li d\u00f6vl\u0259td\u0259n \u00e7ox \u015fey g\u00f6zl\u0259mir. 190 manat t\u0259qa\u00fcd al\u0131r. Deyir, yar\u0131ac, yar\u0131tox dolan\u0131r. T\u0259k ist\u0259yi m\u00fcalic\u0259 almaqd\u0131r:\n<\/p>\n<figure class=\"wp-block-image size-large\">\n  <img decoding=\"async\" src=\"https:\/\/www.meydan.tv\/az\/118284\/\" alt=\"\" class=\"wp-image-118284\"\/><figcaption><\/figcaption><\/figure>\n<p>\n  \u201cM\u0259nim s\u0259simi e\u015fid\u0259nl\u0259r, n\u0259 olar, m\u0259ni x\u0259st\u0259xanaya yerl\u0259\u015fdirin. B\u0259lk\u0259 aya\u011f\u0131m d\u00fcz\u0259ls\u0259, el\u0259 \u00f6z\u00fcm\u0259 baxa bil\u0259r\u0259m. Nec\u0259 ki, \u0259vv\u0259l \u00f6z\u00fcm \u00f6z\u00fcm\u00fc t\u0259min ed\u0259 bilirdim, kims\u0259y\u0259 ehtiyac\u0131m yox idi. B\u0259lk\u0259 yen\u0259 sa\u011falaram, he\u00e7 olmasa, \u00f6l\u00fcb ged\u0259n\u0259d\u0259k \u00f6z\u00fcm-\u00f6z\u00fcm\u0259 baxaram\u201d.\n<\/p>\n<blockquote><p>\n  Yaz\u0131\u011fam, qal\u0131ram ac, susuz, suyun i\u00e7ind\u0259\n<\/p><\/blockquote>\n<p>\n  M.Nur\u0259linin qon\u015fulardan ba\u015fqa \u00fcmidi yoxdur. Deyir, arada g\u0259lirl\u0259r, \u00e7ay-\u00e7\u00f6r\u0259k g\u0259tirirl\u0259r. Yoxsa, bu d\u00f6rd divar\u0131n aras\u0131nda ac\u0131ndan-susuzluqdan \u00f6l\u0259r:\n<\/p>\n<figure class=\"wp-block-image size-large\">\n  <img decoding=\"async\" src=\"https:\/\/www.meydan.tv\/az\/118290\/\" alt=\"\" class=\"wp-image-118290\"\/><figcaption><\/figcaption><\/figure>\n<p>\n  \u201cF\u0259rqind\u0259y\u0259m, otaqdan \u00fcfun\u0259t iyi g\u0259lir, n\u0259 edim, yeriy\u0259 bilmir\u0259m. B\u0259lk\u0259 d\u0259 ona g\u00f6r\u0259dir, kims\u0259 g\u0259lmir, m\u0259n\u0259 k\u00f6m\u0259k etm\u0259k ist\u0259mirl\u0259r. Kims\u0259siz\u0259m, d\u00fczd\u00fcr, amma d\u00f6vl\u0259tim ki var. N\u0259 olar, he\u00e7 olmasa m\u0259n\u0259 bir bax\u0131c\u0131 tutsunlar. Yaz\u0131\u011fam, qal\u0131ram ac, susuz, suyun i\u00e7ind\u0259. \u00d6z\u00fc d\u0259 bura soyuqdu, g\u00f6r\u00fcrs\u00fcn\u00fcz d\u0259, donuram\u201d.\n<\/p>\n<blockquote><p>\n  Kims\u0259 k\u00f6m\u0259k etm\u0259k ist\u0259mir\n<\/p><\/blockquote>\n<p>\n  Otaqda ki\u00e7ik bir soba var. Onun da c\u0259mi bir g\u00f6z\u00fc \u00e7al\u0131\u015f\u0131r. M.Nur\u0259li deyir ki, q\u0131\u015fd\u0131r, soyuqdur. Oturdu\u011fu divan suyun i\u00e7ind\u0259, m\u0259nzil birinci m\u0259rt\u0259b\u0259d\u0259dir. B\u00fct\u00fcn g\u00fcn\u00fc soyudan donur:\n<\/p>\n<figure class=\"wp-block-image size-large\">\n  <img decoding=\"async\" src=\"https:\/\/www.meydan.tv\/az\/118293\/\" alt=\"\" class=\"wp-image-118293\"\/><figcaption><\/figcaption><\/figure>\n<p>\n  \u201cN\u0259 az, n\u0259 d\u0259 \u00e7ox, d\u00fcz yeddi ayd\u0131r ki, burada t\u0259mt\u0259k yat\u0131ram. Aylard\u0131r \u00e7immir\u0259m. K\u00f6m\u0259k ed\u0259nim, d\u0259rdimi bil\u0259nim yoxdur. D\u0259f\u0259l\u0259rl\u0259 B\u0259rd\u0259 Rayon \u0130cra Hakimiyy\u0259tin\u0259 m\u00fcraci\u0259t etmi\u015f\u0259m. G\u0259lib bax\u0131b, gedibl\u0259r. Kims\u0259 k\u00f6m\u0259k etm\u0259k ist\u0259mir\u201d.\n<\/p>\n<blockquote><p>\n  D\u00f6vl\u0259t x\u0259st\u0259xanalar\u0131 pulsuzdur, niy\u0259 m\u00fcraci\u0259t etmir?\n<\/p><\/blockquote>\n<p>\n  Meydan TV Mahi Nur\u0259linin durumu il\u0259 ba\u011fl\u0131 B\u0259rd\u0259 Rayon \u0130cra Hakimiyy\u0259tin\u0259 m\u00fcraci\u0259t edib. \u0130cra Hakimiyy\u0259tind\u0259n onun v\u0259ziyy\u0259tind\u0259n x\u0259b\u0259rsiz olduqlar\u0131n\u0131 s\u00f6yl\u0259yibl\u0259r:\n<\/p>\n<p>\n  \u201cBaxaq g\u00f6r\u0259k, n\u0259 ed\u0259 bil\u0259rik. \u00c7\u00f6ld\u0259 qalmay\u0131b, pensiya al\u0131r. T\u0259k d\u0259rdi m\u00fcalic\u0259dir. D\u00f6vl\u0259t x\u0259st\u0259xanalar\u0131 pulsuzdur. Niy\u0259 x\u0259st\u0259xanaya m\u00fcraci\u0259t etmir? H\u0259r halda, maraqlanaca\u011f\u0131q\u201d.\n<\/p>\n<figure class=\"wp-block-image size-large\">\n  <img decoding=\"async\" src=\"https:\/\/www.meydan.tv\/az\/118296\/\" alt=\"\" class=\"wp-image-118296\"\/><figcaption><\/figcaption><\/figure>\n<figure class=\"wp-block-image size-large\">\n  <img decoding=\"async\" src=\"https:\/\/www.meydan.tv\/az\/118299\/\" alt=\"\" class=\"wp-image-118299\"\/><figcaption><\/figcaption><\/figure>\n<figure class=\"wp-block-image size-large\">\n  <img decoding=\"async\" src=\"https:\/\/www.meydan.tv\/az\/118305\/\" alt=\"\" class=\"wp-image-118305\"\/><figcaption><\/figcaption><\/figure>\n","protected":false},"excerpt":{"rendered":"<p>&#8221;N\u0259 olar, m\u0259ni x\u0259st\u0259xanaya yerl\u0259\u015fdirin&#8221;<\/p>\n","protected":false},"author":11,"featured_media":118287,"comment_status":"closed","ping_status":"open","sticky":false,"template":"","format":"standard","meta":{"_acf_changed":false,"_sitemap_exclude":false,"_sitemap_priority":"","_sitemap_frequency":"","footnotes":""},"categories":[60],"tags":[],"class_list":["post-194094","post","type-post","status-publish","format-standard","has-post-thumbnail","hentry","category-bolge","infinite-scroll-item","generate-columns","tablet-grid-50","mobile-grid-100","grid-parent","grid-33","no-featured-image-padding"],"acf":[],"yoast_head":"<!-- This site is optimized with the Yoast SEO plugin v27.4 - https:\/\/yoast.com\/product\/yoast-seo-wordpress\/ -->\n<title>B\u0259rd\u0259 sakini: Kims\u0259siz\u0259m, d\u00fczd\u00fcr, amma d\u00f6vl\u0259tim ki var - MEYDAN.TV<\/title>\n<meta name=\"robots\" content=\"index, follow, max-snippet:-1, max-image-preview:large, max-video-preview:-1\" \/>\n<link rel=\"canonical\" href=\"https:\/\/www.meydan.tv\/az\/article\/berde-sakini-kimsesizem-duzdur-amma-dovletim-ki-var\/\" \/>\n<meta property=\"og:locale\" content=\"az_AZ\" \/>\n<meta property=\"og:type\" content=\"article\" \/>\n<meta property=\"og:title\" content=\"B\u0259rd\u0259 sakini: Kims\u0259siz\u0259m, d\u00fczd\u00fcr, amma d\u00f6vl\u0259tim ki var - MEYDAN.TV\" \/>\n<meta property=\"og:description\" content=\"&#039;&#039;N\u0259 olar, m\u0259ni x\u0259st\u0259xanaya yerl\u0259\u015fdirin&#039;&#039;\" \/>\n<meta property=\"og:url\" content=\"https:\/\/www.meydan.tv\/az\/article\/berde-sakini-kimsesizem-duzdur-amma-dovletim-ki-var\/\" \/>\n<meta property=\"og:site_name\" content=\"MEYDAN.TV\" \/>\n<meta property=\"article:published_time\" content=\"2019-02-19T14:45:08+00:00\" \/>\n<meta property=\"og:image\" content=\"https:\/\/www.meydan.tv\/wp-content\/uploads\/47174-scaled.jpg\" \/>\n\t<meta property=\"og:image:width\" content=\"2560\" \/>\n\t<meta property=\"og:image:height\" content=\"1920\" \/>\n\t<meta property=\"og:image:type\" content=\"image\/jpeg\" \/>\n<meta name=\"author\" content=\"user-manager\" \/>\n<meta name=\"twitter:card\" content=\"summary_large_image\" \/>\n<script type=\"application\/ld+json\" class=\"yoast-schema-graph\">{\"@context\":\"https:\\\/\\\/schema.org\",\"@graph\":[{\"@type\":\"Article\",\"@id\":\"https:\\\/\\\/www.meydan.tv\\\/az\\\/article\\\/berde-sakini-kimsesizem-duzdur-amma-dovletim-ki-var\\\/#article\",\"isPartOf\":{\"@id\":\"https:\\\/\\\/www.meydan.tv\\\/az\\\/article\\\/berde-sakini-kimsesizem-duzdur-amma-dovletim-ki-var\\\/\"},\"author\":{\"name\":\"user-manager\",\"@id\":\"https:\\\/\\\/www.meydan.tv\\\/az\\\/#\\\/schema\\\/person\\\/10d11eccf6da3662cf5fdab9806ea91a\"},\"headline\":\"B\u0259rd\u0259 sakini: Kims\u0259siz\u0259m, d\u00fczd\u00fcr, amma d\u00f6vl\u0259tim ki var\",\"datePublished\":\"2019-02-19T14:45:08+00:00\",\"mainEntityOfPage\":{\"@id\":\"https:\\\/\\\/www.meydan.tv\\\/az\\\/article\\\/berde-sakini-kimsesizem-duzdur-amma-dovletim-ki-var\\\/\"},\"wordCount\":728,\"publisher\":{\"@id\":\"https:\\\/\\\/www.meydan.tv\\\/az\\\/#organization\"},\"image\":{\"@id\":\"https:\\\/\\\/www.meydan.tv\\\/az\\\/article\\\/berde-sakini-kimsesizem-duzdur-amma-dovletim-ki-var\\\/#primaryimage\"},\"thumbnailUrl\":\"https:\\\/\\\/www.meydan.tv\\\/wp-content\\\/uploads\\\/47174-scaled.jpg\",\"articleSection\":[\"B\u00f6lg\u0259\"],\"inLanguage\":\"az\"},{\"@type\":\"WebPage\",\"@id\":\"https:\\\/\\\/www.meydan.tv\\\/az\\\/article\\\/berde-sakini-kimsesizem-duzdur-amma-dovletim-ki-var\\\/\",\"url\":\"https:\\\/\\\/www.meydan.tv\\\/az\\\/article\\\/berde-sakini-kimsesizem-duzdur-amma-dovletim-ki-var\\\/\",\"name\":\"B\u0259rd\u0259 sakini: Kims\u0259siz\u0259m, d\u00fczd\u00fcr, amma d\u00f6vl\u0259tim ki var - MEYDAN.TV\",\"isPartOf\":{\"@id\":\"https:\\\/\\\/www.meydan.tv\\\/az\\\/#website\"},\"primaryImageOfPage\":{\"@id\":\"https:\\\/\\\/www.meydan.tv\\\/az\\\/article\\\/berde-sakini-kimsesizem-duzdur-amma-dovletim-ki-var\\\/#primaryimage\"},\"image\":{\"@id\":\"https:\\\/\\\/www.meydan.tv\\\/az\\\/article\\\/berde-sakini-kimsesizem-duzdur-amma-dovletim-ki-var\\\/#primaryimage\"},\"thumbnailUrl\":\"https:\\\/\\\/www.meydan.tv\\\/wp-content\\\/uploads\\\/47174-scaled.jpg\",\"datePublished\":\"2019-02-19T14:45:08+00:00\",\"breadcrumb\":{\"@id\":\"https:\\\/\\\/www.meydan.tv\\\/az\\\/article\\\/berde-sakini-kimsesizem-duzdur-amma-dovletim-ki-var\\\/#breadcrumb\"},\"inLanguage\":\"az\",\"potentialAction\":[{\"@type\":\"ReadAction\",\"target\":[\"https:\\\/\\\/www.meydan.tv\\\/az\\\/article\\\/berde-sakini-kimsesizem-duzdur-amma-dovletim-ki-var\\\/\"]}]},{\"@type\":\"ImageObject\",\"inLanguage\":\"az\",\"@id\":\"https:\\\/\\\/www.meydan.tv\\\/az\\\/article\\\/berde-sakini-kimsesizem-duzdur-amma-dovletim-ki-var\\\/#primaryimage\",\"url\":\"https:\\\/\\\/www.meydan.tv\\\/wp-content\\\/uploads\\\/47174-scaled.jpg\",\"contentUrl\":\"https:\\\/\\\/www.meydan.tv\\\/wp-content\\\/uploads\\\/47174-scaled.jpg\",\"width\":2560,\"height\":1920,\"caption\":\"Source:\"},{\"@type\":\"BreadcrumbList\",\"@id\":\"https:\\\/\\\/www.meydan.tv\\\/az\\\/article\\\/berde-sakini-kimsesizem-duzdur-amma-dovletim-ki-var\\\/#breadcrumb\",\"itemListElement\":[{\"@type\":\"ListItem\",\"position\":1,\"name\":\"Ana s\u0259hif\u0259\",\"item\":\"https:\\\/\\\/www.meydan.tv\\\/az\\\/\"},{\"@type\":\"ListItem\",\"position\":2,\"name\":\"B\u00f6lg\u0259\",\"item\":\"https:\\\/\\\/www.meydan.tv\\\/az\\\/section\\\/bolge\\\/\"},{\"@type\":\"ListItem\",\"position\":3,\"name\":\"B\u0259rd\u0259 sakini: Kims\u0259siz\u0259m, d\u00fczd\u00fcr, amma d\u00f6vl\u0259tim ki var\"}]},{\"@type\":\"WebSite\",\"@id\":\"https:\\\/\\\/www.meydan.tv\\\/az\\\/#website\",\"url\":\"https:\\\/\\\/www.meydan.tv\\\/az\\\/\",\"name\":\"MEYDAN.TV\",\"description\":\"Meydan TV Az\u0259rbaycan\u0131n media m\u0259kan\u0131ndak\u0131 alternativ s\u0259sidir\",\"publisher\":{\"@id\":\"https:\\\/\\\/www.meydan.tv\\\/az\\\/#organization\"},\"potentialAction\":[{\"@type\":\"SearchAction\",\"target\":{\"@type\":\"EntryPoint\",\"urlTemplate\":\"https:\\\/\\\/www.meydan.tv\\\/az\\\/?s={search_term_string}\"},\"query-input\":{\"@type\":\"PropertyValueSpecification\",\"valueRequired\":true,\"valueName\":\"search_term_string\"}}],\"inLanguage\":\"az\"},{\"@type\":\"Organization\",\"@id\":\"https:\\\/\\\/www.meydan.tv\\\/az\\\/#organization\",\"name\":\"Meydan TV\",\"url\":\"https:\\\/\\\/www.meydan.tv\\\/az\\\/\",\"logo\":{\"@type\":\"ImageObject\",\"inLanguage\":\"az\",\"@id\":\"https:\\\/\\\/www.meydan.tv\\\/az\\\/#\\\/schema\\\/logo\\\/image\\\/\",\"url\":\"https:\\\/\\\/www.meydan.tv\\\/wp-content\\\/uploads\\\/2021\\\/07\\\/meydan-logo.svg\",\"contentUrl\":\"https:\\\/\\\/www.meydan.tv\\\/wp-content\\\/uploads\\\/2021\\\/07\\\/meydan-logo.svg\",\"width\":195,\"height\":46,\"caption\":\"Meydan TV\"},\"image\":{\"@id\":\"https:\\\/\\\/www.meydan.tv\\\/az\\\/#\\\/schema\\\/logo\\\/image\\\/\"}},{\"@type\":\"Person\",\"@id\":\"https:\\\/\\\/www.meydan.tv\\\/az\\\/#\\\/schema\\\/person\\\/10d11eccf6da3662cf5fdab9806ea91a\",\"name\":\"user-manager\"}]}<\/script>\n<!-- \/ Yoast SEO plugin. -->","yoast_head_json":{"title":"B\u0259rd\u0259 sakini: Kims\u0259siz\u0259m, d\u00fczd\u00fcr, amma d\u00f6vl\u0259tim ki var - MEYDAN.TV","robots":{"index":"index","follow":"follow","max-snippet":"max-snippet:-1","max-image-preview":"max-image-preview:large","max-video-preview":"max-video-preview:-1"},"canonical":"https:\/\/www.meydan.tv\/az\/article\/berde-sakini-kimsesizem-duzdur-amma-dovletim-ki-var\/","og_locale":"az_AZ","og_type":"article","og_title":"B\u0259rd\u0259 sakini: Kims\u0259siz\u0259m, d\u00fczd\u00fcr, amma d\u00f6vl\u0259tim ki var - MEYDAN.TV","og_description":"''N\u0259 olar, m\u0259ni x\u0259st\u0259xanaya yerl\u0259\u015fdirin''","og_url":"https:\/\/www.meydan.tv\/az\/article\/berde-sakini-kimsesizem-duzdur-amma-dovletim-ki-var\/","og_site_name":"MEYDAN.TV","article_published_time":"2019-02-19T14:45:08+00:00","og_image":[{"width":2560,"height":1920,"url":"https:\/\/www.meydan.tv\/wp-content\/uploads\/47174-scaled.jpg","type":"image\/jpeg"}],"author":"user-manager","twitter_card":"summary_large_image","schema":{"@context":"https:\/\/schema.org","@graph":[{"@type":"Article","@id":"https:\/\/www.meydan.tv\/az\/article\/berde-sakini-kimsesizem-duzdur-amma-dovletim-ki-var\/#article","isPartOf":{"@id":"https:\/\/www.meydan.tv\/az\/article\/berde-sakini-kimsesizem-duzdur-amma-dovletim-ki-var\/"},"author":{"name":"user-manager","@id":"https:\/\/www.meydan.tv\/az\/#\/schema\/person\/10d11eccf6da3662cf5fdab9806ea91a"},"headline":"B\u0259rd\u0259 sakini: Kims\u0259siz\u0259m, d\u00fczd\u00fcr, amma d\u00f6vl\u0259tim ki var","datePublished":"2019-02-19T14:45:08+00:00","mainEntityOfPage":{"@id":"https:\/\/www.meydan.tv\/az\/article\/berde-sakini-kimsesizem-duzdur-amma-dovletim-ki-var\/"},"wordCount":728,"publisher":{"@id":"https:\/\/www.meydan.tv\/az\/#organization"},"image":{"@id":"https:\/\/www.meydan.tv\/az\/article\/berde-sakini-kimsesizem-duzdur-amma-dovletim-ki-var\/#primaryimage"},"thumbnailUrl":"https:\/\/www.meydan.tv\/wp-content\/uploads\/47174-scaled.jpg","articleSection":["B\u00f6lg\u0259"],"inLanguage":"az"},{"@type":"WebPage","@id":"https:\/\/www.meydan.tv\/az\/article\/berde-sakini-kimsesizem-duzdur-amma-dovletim-ki-var\/","url":"https:\/\/www.meydan.tv\/az\/article\/berde-sakini-kimsesizem-duzdur-amma-dovletim-ki-var\/","name":"B\u0259rd\u0259 sakini: Kims\u0259siz\u0259m, d\u00fczd\u00fcr, amma d\u00f6vl\u0259tim ki var - MEYDAN.TV","isPartOf":{"@id":"https:\/\/www.meydan.tv\/az\/#website"},"primaryImageOfPage":{"@id":"https:\/\/www.meydan.tv\/az\/article\/berde-sakini-kimsesizem-duzdur-amma-dovletim-ki-var\/#primaryimage"},"image":{"@id":"https:\/\/www.meydan.tv\/az\/article\/berde-sakini-kimsesizem-duzdur-amma-dovletim-ki-var\/#primaryimage"},"thumbnailUrl":"https:\/\/www.meydan.tv\/wp-content\/uploads\/47174-scaled.jpg","datePublished":"2019-02-19T14:45:08+00:00","breadcrumb":{"@id":"https:\/\/www.meydan.tv\/az\/article\/berde-sakini-kimsesizem-duzdur-amma-dovletim-ki-var\/#breadcrumb"},"inLanguage":"az","potentialAction":[{"@type":"ReadAction","target":["https:\/\/www.meydan.tv\/az\/article\/berde-sakini-kimsesizem-duzdur-amma-dovletim-ki-var\/"]}]},{"@type":"ImageObject","inLanguage":"az","@id":"https:\/\/www.meydan.tv\/az\/article\/berde-sakini-kimsesizem-duzdur-amma-dovletim-ki-var\/#primaryimage","url":"https:\/\/www.meydan.tv\/wp-content\/uploads\/47174-scaled.jpg","contentUrl":"https:\/\/www.meydan.tv\/wp-content\/uploads\/47174-scaled.jpg","width":2560,"height":1920,"caption":"Source:"},{"@type":"BreadcrumbList","@id":"https:\/\/www.meydan.tv\/az\/article\/berde-sakini-kimsesizem-duzdur-amma-dovletim-ki-var\/#breadcrumb","itemListElement":[{"@type":"ListItem","position":1,"name":"Ana s\u0259hif\u0259","item":"https:\/\/www.meydan.tv\/az\/"},{"@type":"ListItem","position":2,"name":"B\u00f6lg\u0259","item":"https:\/\/www.meydan.tv\/az\/section\/bolge\/"},{"@type":"ListItem","position":3,"name":"B\u0259rd\u0259 sakini: Kims\u0259siz\u0259m, d\u00fczd\u00fcr, amma d\u00f6vl\u0259tim ki var"}]},{"@type":"WebSite","@id":"https:\/\/www.meydan.tv\/az\/#website","url":"https:\/\/www.meydan.tv\/az\/","name":"MEYDAN.TV","description":"Meydan TV Az\u0259rbaycan\u0131n media m\u0259kan\u0131ndak\u0131 alternativ s\u0259sidir","publisher":{"@id":"https:\/\/www.meydan.tv\/az\/#organization"},"potentialAction":[{"@type":"SearchAction","target":{"@type":"EntryPoint","urlTemplate":"https:\/\/www.meydan.tv\/az\/?s={search_term_string}"},"query-input":{"@type":"PropertyValueSpecification","valueRequired":true,"valueName":"search_term_string"}}],"inLanguage":"az"},{"@type":"Organization","@id":"https:\/\/www.meydan.tv\/az\/#organization","name":"Meydan TV","url":"https:\/\/www.meydan.tv\/az\/","logo":{"@type":"ImageObject","inLanguage":"az","@id":"https:\/\/www.meydan.tv\/az\/#\/schema\/logo\/image\/","url":"https:\/\/www.meydan.tv\/wp-content\/uploads\/2021\/07\/meydan-logo.svg","contentUrl":"https:\/\/www.meydan.tv\/wp-content\/uploads\/2021\/07\/meydan-logo.svg","width":195,"height":46,"caption":"Meydan TV"},"image":{"@id":"https:\/\/www.meydan.tv\/az\/#\/schema\/logo\/image\/"}},{"@type":"Person","@id":"https:\/\/www.meydan.tv\/az\/#\/schema\/person\/10d11eccf6da3662cf5fdab9806ea91a","name":"user-manager"}]}},"_links":{"self":[{"href":"https:\/\/www.meydan.tv\/az\/wp-json\/wp\/v2\/posts\/194094","targetHints":{"allow":["GET"]}}],"collection":[{"href":"https:\/\/www.meydan.tv\/az\/wp-json\/wp\/v2\/posts"}],"about":[{"href":"https:\/\/www.meydan.tv\/az\/wp-json\/wp\/v2\/types\/post"}],"author":[{"embeddable":true,"href":"https:\/\/www.meydan.tv\/az\/wp-json\/wp\/v2\/users\/11"}],"replies":[{"embeddable":true,"href":"https:\/\/www.meydan.tv\/az\/wp-json\/wp\/v2\/comments?post=194094"}],"version-history":[{"count":0,"href":"https:\/\/www.meydan.tv\/az\/wp-json\/wp\/v2\/posts\/194094\/revisions"}],"wp:featuredmedia":[{"embeddable":true,"href":"https:\/\/www.meydan.tv\/az\/wp-json\/wp\/v2\/media\/118287"}],"wp:attachment":[{"href":"https:\/\/www.meydan.tv\/az\/wp-json\/wp\/v2\/media?parent=194094"}],"wp:term":[{"taxonomy":"category","embeddable":true,"href":"https:\/\/www.meydan.tv\/az\/wp-json\/wp\/v2\/categories?post=194094"},{"taxonomy":"post_tag","embeddable":true,"href":"https:\/\/www.meydan.tv\/az\/wp-json\/wp\/v2\/tags?post=194094"}],"curies":[{"name":"wp","href":"https:\/\/api.w.org\/{rel}","templated":true}]}}