{"id":194081,"date":"2019-02-18T19:09:59","date_gmt":"2019-02-18T19:09:59","guid":{"rendered":"https:\/\/www.meydan.tv\/article\/ogluma-evvel-isgence-verilib-sonra-hebse-salinib\/"},"modified":"2019-02-18T19:09:59","modified_gmt":"2019-02-18T19:09:59","slug":"ogluma-evvel-isgence-verilib-sonra-hebse-salinib","status":"publish","type":"post","link":"https:\/\/www.meydan.tv\/az\/article\/ogluma-evvel-isgence-verilib-sonra-hebse-salinib\/","title":{"rendered":"&#8221;O\u011fluma \u0259vv\u0259l i\u015fg\u0259nc\u0259 verilib, sonra h\u0259bs\u0259 sal\u0131n\u0131b&#8221;"},"content":{"rendered":"<figure class=\"wp-block-image size-large\">\n  <img decoding=\"async\" src=\"https:\/\/www.meydan.tv\/az\/47164\/\" alt=\"47164\" class=\"wp-image-118263\"\/><figcaption>\n    V\u00fcsal Q\u0259hr\u0259manov<br \/>\n  <\/figcaption><\/figure>\n<p>\n  <i><br \/>\n    Salyan polisi rayonun Qaraba\u011fl\u0131 k\u0259ndind\u0259ki o\u011furlu\u011fun \u00fcst\u00fcn\u00fc bel\u0259 &#8221;a\u00e7\u0131r&#8221;<br \/>\n  <\/i><\/p>\n<p>  \u201cV\u00fcsal\u0131 \u0259l izini g\u00f6t\u00fcrm\u0259k v\u0259 izahat\u0131n\u0131 almaq \u00fc\u00e7\u00fcn polis \u015f\u00f6b\u0259sin\u0259 \u00e7a\u011f\u0131r\u0131blar. \u0130\u015fl\u0259ri il\u0259 \u0259laq\u0259dar Bak\u0131da olub, deyib, iki g\u00fcn\u0259 g\u0259l\u0259c\u0259m. Polis g\u00f6zl\u0259m\u0259yib, 60 ya\u015fl\u0131 atas\u0131n\u0131 evd\u0259n apar\u0131b, 2 sutka \u015f\u00f6b\u0259d\u0259 ac-susuz saxlay\u0131b. V\u00fcsal bundan x\u0259b\u0259r tutanda \u015f\u00f6b\u0259y\u0259 gedib. Atas\u0131n\u0131 \u015f\u00f6b\u0259d\u0259n azad edib \u00f6z\u00fcn\u00fc i\u00e7\u0259ri at\u0131blar, cinay\u0259ti boynuna qoymaq \u00fc\u00e7\u00fcn i\u015fg\u0259nc\u0259 veribl\u0259r, ist\u0259dikl\u0259rin\u0259 nail olmayanda m\u0259hk\u0259m\u0259y\u0259 apar\u0131b 20 sutkal\u0131q inzibati h\u0259bs verdiribl\u0259r. Salyan polisi o\u011frunu axtarmaqdansa, k\u0259ndin g\u0259ncl\u0259rinin g\u00fcn\u00fcn\u00fc qara el\u0259yib\u201d.<\/p>\n<p>  Fevral\u0131n 12-d\u0259n 13-n\u0259 ke\u00e7\u0259n gec\u0259 Salyan\u0131n Qaraba\u011fl\u0131 k\u0259ndind\u0259ki \u201cQaraba\u011fl\u0131\u201d marketind\u0259ki \u201cMilli\u00d6n\u201d \u00f6d\u0259m\u0259 aparat\u0131ndan o\u011furluq olub. K\u0259nd sakinl\u0259ri Meydan TV-y\u0259 dan\u0131\u015f\u0131rlar ki, Salyan polisi qar\u015f\u0131s\u0131na \u00e7\u0131xan g\u0259ncl\u0259ri, \u0259ll\u0259rin\u0259 g\u0259ncl\u0259r ke\u00e7m\u0259y\u0259nd\u0259 onlar\u0131n valideynl\u0259rini polis \u015f\u00f6b\u0259sin\u0259 apar\u0131r.<\/p>\n<blockquote><p>\n  M\u0259ni \u015f\u00f6b\u0259d\u0259 1 sutka ac-susuz saxlad\u0131lar\n<\/p><\/blockquote>\n<p>\n  Polis\u0259 apar\u0131lanlardan biri d\u0259 k\u0259nd sakini, 60 ya\u015fl\u0131 Qadir Q\u0259hr\u0259manov olub. O\u011flu V\u00fcsal Q\u0259hr\u0259manova g\u00f6r\u0259 iki sutka polis \u015f\u00f6b\u0259sind\u0259 ac-susuz saxlan\u0131lan Qadir Q\u0259hr\u0259manov \u015f\u00f6b\u0259d\u0259n burax\u0131landan sonra prezident\u0259, ombudsmana, daxili i\u015fl\u0259r nazirin\u0259 m\u00fcraci\u0259t edib:<\/p>\n<p>  \u201cFevral\u0131n 13-d\u0259 g\u00fcnorta saat 3-4 rad\u0259l\u0259rind\u0259 k\u0259ndin sah\u0259 m\u00fcv\u0259kkilinin Miri adl\u0131 k\u00f6m\u0259k\u00e7isi g\u0259lib o\u011flum V\u00fcsal\u0131n polis \u015f\u00f6b\u0259sin\u0259 \u00e7a\u011f\u0131r\u0131ld\u0131\u011f\u0131n\u0131 bildirdi. M\u0259n d\u0259 dedim ki, V\u00fcsal x\u0259st\u0259 \u0259misini m\u00fcalic\u0259 \u00fc\u00e7\u00fcn Bak\u0131ya apar\u0131b, g\u0259l\u0259nd\u0259 x\u0259b\u0259r ed\u0259r\u0259m, \u015f\u00f6b\u0259y\u0259 ged\u0259r. Sah\u0259 m\u00fcv\u0259kkili getdi, bir azdan 4-5 ma\u015f\u0131n polis g\u0259ldi, h\u0259y\u0259t\u0259 girib o\u011flumun \u00fcnvan\u0131na t\u0259hqiredici s\u00f6zl\u0259r dey\u0259r\u0259k, o\u011flumu h\u0259y\u0259t\u0259 \u00e7a\u011f\u0131rma\u011f\u0131m\u0131z\u0131 t\u0259l\u0259b etdil\u0259r. Biz bildirdik ki, bir az \u0259vv\u0259l sah\u0259 m\u00fcv\u0259kkili g\u0259lmi\u015fdi, ona o\u011flumuzun Bak\u0131da oldu\u011funu demi\u015fik. Dig\u0259r o\u011flum \u018flib\u0259y e\u015fitm\u0259 q\u00fcsurludur, polis i\u015f\u00e7isi buna g\u00f6r\u0259 onu la\u011fa qoydu, bu, biz\u0259 \u00e7ox pis t\u0259sir etdi. Polisl\u0259r\u0259 o\u011flumun \u0259laq\u0259 n\u00f6mr\u0259sini verdim ki, \u00f6zl\u0259ri z\u0259ng vurub s\u00f6zl\u0259rini desinl\u0259r. Polis \u0259m\u0259kda\u015f\u0131 \u0130ntiqam D\u0259mirov o\u011flumla dan\u0131\u015fd\u0131. V\u00fcsal ona bildirdi ki, Bak\u0131dad\u0131r, ay\u0131n 14-d\u0259 rayona qay\u0131dan kimi polis \u015f\u00f6b\u0259sin\u0259 ged\u0259c\u0259k. Ancaq polis \u0259m\u0259kda\u015f\u0131 o\u011fluma dedi ki, el\u0259 \u015fey yoxdur, bu d\u0259qiq\u0259 ail\u0259-u\u015fa\u011f\u0131n\u0131 y\u0131\u011f\u0131b apar\u0131ram \u015f\u00f6b\u0259y\u0259&#8230; Dedi v\u0259 el\u0259di&#8230; M\u0259ni aldatd\u0131lar ki, ged\u0259k, r\u0259is\u0259 \u00f6z\u00fcn de ki, o\u011flun Bak\u0131dad\u0131, sabah qay\u0131dan kimi \u015f\u00f6b\u0259y\u0259 g\u0259l\u0259c\u0259k. M\u0259n d\u0259 onlara qo\u015fulub getdim. M\u0259ni binan\u0131n ikinci m\u0259rt\u0259b\u0259sind\u0259 &#8211; \u0259m\u0259liyyat\u00e7\u0131lar\u0131n ota\u011f\u0131nda \u0259sass\u0131z, s\u0259b\u0259bsiz, qanunsuz v\u0259 ac-susuz saxlad\u0131lar. Ya\u015fl\u0131, x\u0259st\u0259 adamam, o bir sutkada ac-susuz, \u00fcst\u0259lik d\u0259 h\u0259y\u0259can, stress ya\u015fad\u0131m. S\u0259h\u0259r\u0259 q\u0259d\u0259r masa arxas\u0131nda stulda oturdum. \u0130\u015fg\u0259nc\u0259 t\u0259kc\u0259 insan\u0131 d\u00f6ym\u0259kd\u0259n ibar\u0259t deyil. X\u0259st\u0259 insana qar\u015f\u0131 bunlar \u00f6z\u00fc d\u0259 bir i\u015fg\u0259nc\u0259 idi. O\u011fluma x\u0259b\u0259r \u00e7atan kimi n\u00f6vb\u0259ti g\u00fcn \u00f6z\u00fcn\u00fc \u015f\u00f6b\u0259y\u0259 \u00e7atd\u0131rd\u0131, m\u0259ni azad edib, onu saxlad\u0131lar\u201d.\n<\/p>\n<blockquote><p>\n  Cinay\u0259ti o\u011flumun \u00fcst\u00fcn\u0259 y\u0131xmaq ist\u0259yirl\u0259r\n<\/p><\/blockquote>\n<p>\n  <br \/>\n  Atan\u0131n s\u00f6zl\u0259rin\u0259 g\u00f6r\u0259, el\u0259 h\u0259min g\u00fcn V\u00fcsala i\u015fg\u0259nc\u0259 verilib, sonra da \u0130nzibati X\u0259talar M\u0259c\u0259ll\u0259sinin 535-ci madd\u0259si il\u0259 s\u0259n\u0259dl\u0259\u015fdir\u0259r\u0259k onu rayon m\u0259k\u0259m\u0259sin\u0259 apar\u0131blar. M\u0259hk\u0259m\u0259 V\u00fcsal Q\u0259hr\u0259manova 20 sutka h\u0259bs c\u0259zas\u0131 k\u0259sib. V\u00fcsal\u0131n ail\u0259si narahatd\u0131r. Atas\u0131 deyir, V\u00fcsala i\u015fg\u0259nc\u0259 verm\u0259kl\u0259 cinay\u0259ti onun boynuna qoymaq ist\u0259yirl\u0259r:<\/p>\n<p>  \u201cO\u011frunu tapa bilmirl\u0259r, g\u00fcnahs\u0131z insanlar\u0131 incidirl\u0259r. Biz qanun qar\u015f\u0131s\u0131nda boynu t\u00fckd\u0259n nazik olan insanlar\u0131q. Ax\u0131 Heyd\u0259r \u018fliyev deyib ki, \u201cD\u00f6vl\u0259t iki \u015feyd\u0259n sars\u0131la bil\u0259r: g\u00fcnahs\u0131z c\u0259zas\u0131z qalanda v\u0259 g\u00fcnahs\u0131za c\u0259za veril\u0259nd\u0259\u201d. M\u0259nim o\u011flum g\u00fcnahs\u0131zd\u0131r, polis \u0259sl o\u011frunu \u00fcz\u0259 \u00e7\u0131xarmaqdansa, g\u00fcnahs\u0131z insanlar\u0131 d\u00f6y\u00fcb cinay\u0259ti boynuna qoyma\u011fa \u00e7al\u0131\u015f\u0131r\u201d.\n<\/p>\n<blockquote><p>\n  X\u0259b\u0259ri e\u015fid\u0259n kimi \u00fcr\u0259yi dayan\u0131b\n<\/p><\/blockquote>\n<p>\n  <br \/>\n  O\u011furluq fakt\u0131na g\u00f6r\u0259 polis\u0259 apar\u0131lanlardan biri d\u0259 k\u0259nd sakini Sah\u0259t Qafarov olub. Onu da polis \u015f\u00f6b\u00f6sin\u0259 h\u0259min vaxt Bak\u0131da olan o\u011flu B\u0259hlula g\u00f6r\u0259 girov kimi apar\u0131blar: o\u011flun g\u0259lsin, s\u0259ni buraxaq&#8230; Ancaq bud\u0259f\u0259ki apar\u0131lma faci\u0259 il\u0259 bitib. B\u0259hlul Qafarov Meydan TV-y\u0259 dan\u0131\u015f\u0131r:<\/p>\n<p>  \u201c1 aydan \u00e7oxdur ki, Salyandan \u00e7\u0131xm\u0131\u015fam, m\u00fcalic\u0259ml\u0259 \u0259laq\u0259dar x\u0259st\u0259xanaya gedib-g\u0259lm\u0259k yax\u0131n olsun dey\u0259, Bak\u0131da kiray\u0259 ev tutub qal\u0131ram. Fevral\u0131n 13-d\u0259 m\u0259n\u0259 Salyan Rayon Polis \u015e\u00f6b\u0259sind\u0259n z\u0259ng g\u0259ldi. T\u0259l\u0259b etdil\u0259r ki, t\u0259cili \u015f\u00f6b\u0259y\u0259 g\u0259lim. Bildirdim ki, x\u0259st\u0259y\u0259m, m\u00fcalic\u0259 al\u0131ram, iki g\u00fcnd\u0259n sonra g\u0259l\u0259r\u0259m. Raz\u0131la\u015fd\u0131q&#8230; Sabah\u0131 g\u00fcn e\u015fitdim ki, m\u0259niml\u0259 dan\u0131\u015fandan sonra ax\u015fam saat 9 rad\u0259l\u0259rind\u0259 atam\u0131 evd\u0259n polis \u015f\u00f6b\u0259sin\u0259 apar\u0131blar. Bildiribl\u0259r ki, o\u011flun g\u0259lm\u0259yinc\u0259 s\u0259ni buraxmayaca\u011f\u0131q. G\u0259lsin, \u0259l izl\u0259rini g\u00f6t\u00fcr\u0259k, izahat\u0131n\u0131 alaq, getsin. \u00dcr\u0259yi x\u0259st\u0259 \u0259mim atam\u0131n gec\u0259 polisd\u0259 saxlanmas\u0131n\u0131 e\u015fid\u0259nd\u0259 \u00fcr\u0259ktutmas\u0131ndan v\u0259fat edib, s\u0259h\u0259ri g\u00fcn r\u0259is i\u015f\u0259 g\u0259l\u0259nd\u0259 atam\u0131 burax\u0131b. M\u0259n bundan x\u0259b\u0259r tutanda atama z\u0259ng vurdum, dedi, k\u0259ndd\u0259 o\u011furluq olub, ham\u0131n\u0131 apar\u0131rlar\u201d.\n<\/p>\n<blockquote><p>\n  Ba\u015fa d\u00fc\u015fd\u00fcm ki, m\u0259ni d\u0259 \u015f\u0259rl\u0259y\u0259c\u0259kl\u0259r, getm\u0259dim\n<\/p><\/blockquote>\n<p>\n  Bel\u0259c\u0259, B\u0259hlul Qafarovun ail\u0259si yasa bat\u0131b. O, rayona qay\u0131tmaq ist\u0259y\u0259rk\u0259n h\u0259mk\u0259ndlisi V\u00fcsal Q\u0259hr\u0259manovun da eyni s\u0259b\u0259bl\u0259 \u015f\u00f6b\u0259y\u0259 \u00e7a\u011f\u0131r\u0131ld\u0131\u011f\u0131n\u0131, orada cinay\u0259ti boynuna qoymaq \u00fc\u00e7\u00fcn i\u015fg\u0259nc\u0259 verildiyini v\u0259 20 sutkal\u0131q h\u0259bs\u0259 at\u0131ld\u0131\u011f\u0131n\u0131 bil\u0259nd\u0259 fikrind\u0259n da\u015f\u0131n\u0131b:\n<\/p>\n<p>\n  <br \/>\n  \u201cBilir\u0259m ki, ged\u0259c\u0259m, m\u0259n\u0259 d\u0259 i\u015fg\u0259nc\u0259 veril\u0259c\u0259k, h\u0259r yolla cinay\u0259ti boynuma qoyma\u011fa \u00e7al\u0131\u015facaqlar. Ona g\u00f6r\u0259 d\u0259 h\u0259l\u0259 q\u0259ti q\u0259rar ver\u0259 bilmir\u0259m. Polis \u015f\u00f6b\u0259sind\u0259ns\u0259 h\u0259r g\u00fcn z\u0259ng vurub h\u0259d\u0259-qorxu g\u0259lirl\u0259r, \u0259sas\u0259n d\u0259 ail\u0259ml\u0259 h\u0259d\u0259l\u0259yirl\u0259r. Deyirl\u0259r, g\u0259lm\u0259s\u0259n, ad\u0131na kiloyla narkotik s\u0259n\u0259dl\u0259\u015fdir\u0259c\u0259yik, \u0259lli-ayaql\u0131 ged\u0259c\u0259ks\u0259n \u201csroka\u201d. Bax bel\u0259&#8230;\u201d<\/p>\n<p>  Salyan Rayon Polis \u015e\u00f6b\u0259sind\u0259n bildirilib ki, Qaraba\u011fl\u0131 k\u0259ndind\u0259 ma\u011fazadak\u0131 \u201cMilli\u00d6n\u201d \u00f6d\u0259ni\u015f aparat\u0131ndan pul o\u011furlan\u0131b. Polis \u015f\u00fcbh\u0259li \u015f\u0259xs qismind\u0259 bir ne\u00e7\u0259 k\u0259nd sakininin izahat\u0131n\u0131 v\u0259 \u0259l izl\u0259rini g\u00f6t\u00fcrm\u0259k \u00fc\u00e7\u00fcn \u015f\u00f6b\u0259y\u0259 d\u0259v\u0259t edib. V\u00fcsal Q\u0259hr\u0259manov \u0259vv\u0259l \u00e7a\u011f\u0131r\u0131\u015fdan yay\u0131n\u0131b, daha sonra \u015f\u00f6b\u0259y\u0259 g\u0259l\u0259nd\u0259 is\u0259 polisin qanuni t\u0259l\u0259bl\u0259rin\u0259 tabe olmay\u0131b. Polis V\u00fcsal Q\u0259hr\u0259manova qar\u015f\u0131 h\u0259r hans\u0131 fiziki zor t\u0259tbiq olunmas\u0131 il\u0259 ba\u011fl\u0131 deyil\u0259nl\u0259ri t\u0259kzib edib. B\u0259hlul Qafarova g\u0259linc\u0259, polis \u015f\u00f6b\u0259sind\u0259n bildirilib ki, t\u0259hqiqat \u015f\u00f6b\u0259sind\u0259n ona z\u0259ng vuraraq \u015f\u00f6b\u0259y\u0259 g\u0259lib izahat verm\u0259si deyilib, ancaq v\u0259t\u0259nda\u015f \u00e7a\u011f\u0131r\u0131\u015fa g\u0259lmir. H\u0259r iki \u015f\u0259xsin valideynl\u0259rinin \u015f\u00f6b\u0259d\u0259 saxlanmas\u0131n\u0131 is\u0259 polis \u015f\u00f6b\u0259sind\u0259n t\u0259kzib edibl\u0259r.\n<\/p><\/p>\n","protected":false},"excerpt":{"rendered":"<p>Salyan polisi rayonun Qaraba\u011fl\u0131 k\u0259ndind\u0259ki o\u011furlu\u011fun \u00fcst\u00fcn\u00fc bel\u0259 &#8221;a\u00e7\u0131r&#8221;<\/p>\n","protected":false},"author":11,"featured_media":118263,"comment_status":"closed","ping_status":"open","sticky":false,"template":"","format":"standard","meta":{"_acf_changed":false,"_sitemap_exclude":false,"_sitemap_priority":"","_sitemap_frequency":"","footnotes":""},"categories":[60],"tags":[],"class_list":["post-194081","post","type-post","status-publish","format-standard","has-post-thumbnail","hentry","category-bolge","infinite-scroll-item","generate-columns","tablet-grid-50","mobile-grid-100","grid-parent","grid-33","no-featured-image-padding"],"acf":[],"yoast_head":"<!-- This site is optimized with the Yoast SEO plugin v27.4 - https:\/\/yoast.com\/product\/yoast-seo-wordpress\/ -->\n<title>&#039;&#039;O\u011fluma \u0259vv\u0259l i\u015fg\u0259nc\u0259 verilib, sonra h\u0259bs\u0259 sal\u0131n\u0131b&#039;&#039; - MEYDAN.TV<\/title>\n<meta name=\"robots\" content=\"index, follow, max-snippet:-1, max-image-preview:large, max-video-preview:-1\" \/>\n<link rel=\"canonical\" href=\"https:\/\/www.meydan.tv\/az\/article\/ogluma-evvel-isgence-verilib-sonra-hebse-salinib\/\" \/>\n<meta property=\"og:locale\" content=\"az_AZ\" \/>\n<meta property=\"og:type\" content=\"article\" \/>\n<meta property=\"og:title\" content=\"&#039;&#039;O\u011fluma \u0259vv\u0259l i\u015fg\u0259nc\u0259 verilib, sonra h\u0259bs\u0259 sal\u0131n\u0131b&#039;&#039; - MEYDAN.TV\" \/>\n<meta property=\"og:description\" content=\"Salyan polisi rayonun Qaraba\u011fl\u0131 k\u0259ndind\u0259ki o\u011furlu\u011fun \u00fcst\u00fcn\u00fc bel\u0259 &#039;&#039;a\u00e7\u0131r&#039;&#039;\" \/>\n<meta property=\"og:url\" content=\"https:\/\/www.meydan.tv\/az\/article\/ogluma-evvel-isgence-verilib-sonra-hebse-salinib\/\" \/>\n<meta property=\"og:site_name\" content=\"MEYDAN.TV\" \/>\n<meta property=\"article:published_time\" content=\"2019-02-18T19:09:59+00:00\" \/>\n<meta property=\"og:image\" content=\"https:\/\/www.meydan.tv\/wp-content\/uploads\/47164.png\" \/>\n\t<meta property=\"og:image:width\" content=\"1000\" \/>\n\t<meta property=\"og:image:height\" content=\"555\" \/>\n\t<meta property=\"og:image:type\" content=\"image\/png\" \/>\n<meta name=\"author\" content=\"user-manager\" \/>\n<meta name=\"twitter:card\" content=\"summary_large_image\" \/>\n<script type=\"application\/ld+json\" class=\"yoast-schema-graph\">{\"@context\":\"https:\\\/\\\/schema.org\",\"@graph\":[{\"@type\":\"Article\",\"@id\":\"https:\\\/\\\/www.meydan.tv\\\/az\\\/article\\\/ogluma-evvel-isgence-verilib-sonra-hebse-salinib\\\/#article\",\"isPartOf\":{\"@id\":\"https:\\\/\\\/www.meydan.tv\\\/az\\\/article\\\/ogluma-evvel-isgence-verilib-sonra-hebse-salinib\\\/\"},\"author\":{\"name\":\"user-manager\",\"@id\":\"https:\\\/\\\/www.meydan.tv\\\/az\\\/#\\\/schema\\\/person\\\/10d11eccf6da3662cf5fdab9806ea91a\"},\"headline\":\"&#8221;O\u011fluma \u0259vv\u0259l i\u015fg\u0259nc\u0259 verilib, sonra h\u0259bs\u0259 sal\u0131n\u0131b&#8221;\",\"datePublished\":\"2019-02-18T19:09:59+00:00\",\"mainEntityOfPage\":{\"@id\":\"https:\\\/\\\/www.meydan.tv\\\/az\\\/article\\\/ogluma-evvel-isgence-verilib-sonra-hebse-salinib\\\/\"},\"wordCount\":1421,\"publisher\":{\"@id\":\"https:\\\/\\\/www.meydan.tv\\\/az\\\/#organization\"},\"image\":{\"@id\":\"https:\\\/\\\/www.meydan.tv\\\/az\\\/article\\\/ogluma-evvel-isgence-verilib-sonra-hebse-salinib\\\/#primaryimage\"},\"thumbnailUrl\":\"https:\\\/\\\/www.meydan.tv\\\/wp-content\\\/uploads\\\/47164.png\",\"articleSection\":[\"B\u00f6lg\u0259\"],\"inLanguage\":\"az\"},{\"@type\":\"WebPage\",\"@id\":\"https:\\\/\\\/www.meydan.tv\\\/az\\\/article\\\/ogluma-evvel-isgence-verilib-sonra-hebse-salinib\\\/\",\"url\":\"https:\\\/\\\/www.meydan.tv\\\/az\\\/article\\\/ogluma-evvel-isgence-verilib-sonra-hebse-salinib\\\/\",\"name\":\"''O\u011fluma \u0259vv\u0259l i\u015fg\u0259nc\u0259 verilib, sonra h\u0259bs\u0259 sal\u0131n\u0131b'' - MEYDAN.TV\",\"isPartOf\":{\"@id\":\"https:\\\/\\\/www.meydan.tv\\\/az\\\/#website\"},\"primaryImageOfPage\":{\"@id\":\"https:\\\/\\\/www.meydan.tv\\\/az\\\/article\\\/ogluma-evvel-isgence-verilib-sonra-hebse-salinib\\\/#primaryimage\"},\"image\":{\"@id\":\"https:\\\/\\\/www.meydan.tv\\\/az\\\/article\\\/ogluma-evvel-isgence-verilib-sonra-hebse-salinib\\\/#primaryimage\"},\"thumbnailUrl\":\"https:\\\/\\\/www.meydan.tv\\\/wp-content\\\/uploads\\\/47164.png\",\"datePublished\":\"2019-02-18T19:09:59+00:00\",\"breadcrumb\":{\"@id\":\"https:\\\/\\\/www.meydan.tv\\\/az\\\/article\\\/ogluma-evvel-isgence-verilib-sonra-hebse-salinib\\\/#breadcrumb\"},\"inLanguage\":\"az\",\"potentialAction\":[{\"@type\":\"ReadAction\",\"target\":[\"https:\\\/\\\/www.meydan.tv\\\/az\\\/article\\\/ogluma-evvel-isgence-verilib-sonra-hebse-salinib\\\/\"]}]},{\"@type\":\"ImageObject\",\"inLanguage\":\"az\",\"@id\":\"https:\\\/\\\/www.meydan.tv\\\/az\\\/article\\\/ogluma-evvel-isgence-verilib-sonra-hebse-salinib\\\/#primaryimage\",\"url\":\"https:\\\/\\\/www.meydan.tv\\\/wp-content\\\/uploads\\\/47164.png\",\"contentUrl\":\"https:\\\/\\\/www.meydan.tv\\\/wp-content\\\/uploads\\\/47164.png\",\"width\":1000,\"height\":555,\"caption\":\"Source:\"},{\"@type\":\"BreadcrumbList\",\"@id\":\"https:\\\/\\\/www.meydan.tv\\\/az\\\/article\\\/ogluma-evvel-isgence-verilib-sonra-hebse-salinib\\\/#breadcrumb\",\"itemListElement\":[{\"@type\":\"ListItem\",\"position\":1,\"name\":\"Ana s\u0259hif\u0259\",\"item\":\"https:\\\/\\\/www.meydan.tv\\\/az\\\/\"},{\"@type\":\"ListItem\",\"position\":2,\"name\":\"B\u00f6lg\u0259\",\"item\":\"https:\\\/\\\/www.meydan.tv\\\/az\\\/section\\\/bolge\\\/\"},{\"@type\":\"ListItem\",\"position\":3,\"name\":\"&#8221;O\u011fluma \u0259vv\u0259l i\u015fg\u0259nc\u0259 verilib, sonra h\u0259bs\u0259 sal\u0131n\u0131b&#8221;\"}]},{\"@type\":\"WebSite\",\"@id\":\"https:\\\/\\\/www.meydan.tv\\\/az\\\/#website\",\"url\":\"https:\\\/\\\/www.meydan.tv\\\/az\\\/\",\"name\":\"MEYDAN.TV\",\"description\":\"Meydan TV Az\u0259rbaycan\u0131n media m\u0259kan\u0131ndak\u0131 alternativ s\u0259sidir\",\"publisher\":{\"@id\":\"https:\\\/\\\/www.meydan.tv\\\/az\\\/#organization\"},\"potentialAction\":[{\"@type\":\"SearchAction\",\"target\":{\"@type\":\"EntryPoint\",\"urlTemplate\":\"https:\\\/\\\/www.meydan.tv\\\/az\\\/?s={search_term_string}\"},\"query-input\":{\"@type\":\"PropertyValueSpecification\",\"valueRequired\":true,\"valueName\":\"search_term_string\"}}],\"inLanguage\":\"az\"},{\"@type\":\"Organization\",\"@id\":\"https:\\\/\\\/www.meydan.tv\\\/az\\\/#organization\",\"name\":\"Meydan TV\",\"url\":\"https:\\\/\\\/www.meydan.tv\\\/az\\\/\",\"logo\":{\"@type\":\"ImageObject\",\"inLanguage\":\"az\",\"@id\":\"https:\\\/\\\/www.meydan.tv\\\/az\\\/#\\\/schema\\\/logo\\\/image\\\/\",\"url\":\"https:\\\/\\\/www.meydan.tv\\\/wp-content\\\/uploads\\\/2021\\\/07\\\/meydan-logo.svg\",\"contentUrl\":\"https:\\\/\\\/www.meydan.tv\\\/wp-content\\\/uploads\\\/2021\\\/07\\\/meydan-logo.svg\",\"width\":195,\"height\":46,\"caption\":\"Meydan TV\"},\"image\":{\"@id\":\"https:\\\/\\\/www.meydan.tv\\\/az\\\/#\\\/schema\\\/logo\\\/image\\\/\"}},{\"@type\":\"Person\",\"@id\":\"https:\\\/\\\/www.meydan.tv\\\/az\\\/#\\\/schema\\\/person\\\/10d11eccf6da3662cf5fdab9806ea91a\",\"name\":\"user-manager\"}]}<\/script>\n<!-- \/ Yoast SEO plugin. -->","yoast_head_json":{"title":"''O\u011fluma \u0259vv\u0259l i\u015fg\u0259nc\u0259 verilib, sonra h\u0259bs\u0259 sal\u0131n\u0131b'' - MEYDAN.TV","robots":{"index":"index","follow":"follow","max-snippet":"max-snippet:-1","max-image-preview":"max-image-preview:large","max-video-preview":"max-video-preview:-1"},"canonical":"https:\/\/www.meydan.tv\/az\/article\/ogluma-evvel-isgence-verilib-sonra-hebse-salinib\/","og_locale":"az_AZ","og_type":"article","og_title":"''O\u011fluma \u0259vv\u0259l i\u015fg\u0259nc\u0259 verilib, sonra h\u0259bs\u0259 sal\u0131n\u0131b'' - MEYDAN.TV","og_description":"Salyan polisi rayonun Qaraba\u011fl\u0131 k\u0259ndind\u0259ki o\u011furlu\u011fun \u00fcst\u00fcn\u00fc bel\u0259 ''a\u00e7\u0131r''","og_url":"https:\/\/www.meydan.tv\/az\/article\/ogluma-evvel-isgence-verilib-sonra-hebse-salinib\/","og_site_name":"MEYDAN.TV","article_published_time":"2019-02-18T19:09:59+00:00","og_image":[{"width":1000,"height":555,"url":"https:\/\/www.meydan.tv\/wp-content\/uploads\/47164.png","type":"image\/png"}],"author":"user-manager","twitter_card":"summary_large_image","schema":{"@context":"https:\/\/schema.org","@graph":[{"@type":"Article","@id":"https:\/\/www.meydan.tv\/az\/article\/ogluma-evvel-isgence-verilib-sonra-hebse-salinib\/#article","isPartOf":{"@id":"https:\/\/www.meydan.tv\/az\/article\/ogluma-evvel-isgence-verilib-sonra-hebse-salinib\/"},"author":{"name":"user-manager","@id":"https:\/\/www.meydan.tv\/az\/#\/schema\/person\/10d11eccf6da3662cf5fdab9806ea91a"},"headline":"&#8221;O\u011fluma \u0259vv\u0259l i\u015fg\u0259nc\u0259 verilib, sonra h\u0259bs\u0259 sal\u0131n\u0131b&#8221;","datePublished":"2019-02-18T19:09:59+00:00","mainEntityOfPage":{"@id":"https:\/\/www.meydan.tv\/az\/article\/ogluma-evvel-isgence-verilib-sonra-hebse-salinib\/"},"wordCount":1421,"publisher":{"@id":"https:\/\/www.meydan.tv\/az\/#organization"},"image":{"@id":"https:\/\/www.meydan.tv\/az\/article\/ogluma-evvel-isgence-verilib-sonra-hebse-salinib\/#primaryimage"},"thumbnailUrl":"https:\/\/www.meydan.tv\/wp-content\/uploads\/47164.png","articleSection":["B\u00f6lg\u0259"],"inLanguage":"az"},{"@type":"WebPage","@id":"https:\/\/www.meydan.tv\/az\/article\/ogluma-evvel-isgence-verilib-sonra-hebse-salinib\/","url":"https:\/\/www.meydan.tv\/az\/article\/ogluma-evvel-isgence-verilib-sonra-hebse-salinib\/","name":"''O\u011fluma \u0259vv\u0259l i\u015fg\u0259nc\u0259 verilib, sonra h\u0259bs\u0259 sal\u0131n\u0131b'' - MEYDAN.TV","isPartOf":{"@id":"https:\/\/www.meydan.tv\/az\/#website"},"primaryImageOfPage":{"@id":"https:\/\/www.meydan.tv\/az\/article\/ogluma-evvel-isgence-verilib-sonra-hebse-salinib\/#primaryimage"},"image":{"@id":"https:\/\/www.meydan.tv\/az\/article\/ogluma-evvel-isgence-verilib-sonra-hebse-salinib\/#primaryimage"},"thumbnailUrl":"https:\/\/www.meydan.tv\/wp-content\/uploads\/47164.png","datePublished":"2019-02-18T19:09:59+00:00","breadcrumb":{"@id":"https:\/\/www.meydan.tv\/az\/article\/ogluma-evvel-isgence-verilib-sonra-hebse-salinib\/#breadcrumb"},"inLanguage":"az","potentialAction":[{"@type":"ReadAction","target":["https:\/\/www.meydan.tv\/az\/article\/ogluma-evvel-isgence-verilib-sonra-hebse-salinib\/"]}]},{"@type":"ImageObject","inLanguage":"az","@id":"https:\/\/www.meydan.tv\/az\/article\/ogluma-evvel-isgence-verilib-sonra-hebse-salinib\/#primaryimage","url":"https:\/\/www.meydan.tv\/wp-content\/uploads\/47164.png","contentUrl":"https:\/\/www.meydan.tv\/wp-content\/uploads\/47164.png","width":1000,"height":555,"caption":"Source:"},{"@type":"BreadcrumbList","@id":"https:\/\/www.meydan.tv\/az\/article\/ogluma-evvel-isgence-verilib-sonra-hebse-salinib\/#breadcrumb","itemListElement":[{"@type":"ListItem","position":1,"name":"Ana s\u0259hif\u0259","item":"https:\/\/www.meydan.tv\/az\/"},{"@type":"ListItem","position":2,"name":"B\u00f6lg\u0259","item":"https:\/\/www.meydan.tv\/az\/section\/bolge\/"},{"@type":"ListItem","position":3,"name":"&#8221;O\u011fluma \u0259vv\u0259l i\u015fg\u0259nc\u0259 verilib, sonra h\u0259bs\u0259 sal\u0131n\u0131b&#8221;"}]},{"@type":"WebSite","@id":"https:\/\/www.meydan.tv\/az\/#website","url":"https:\/\/www.meydan.tv\/az\/","name":"MEYDAN.TV","description":"Meydan TV Az\u0259rbaycan\u0131n media m\u0259kan\u0131ndak\u0131 alternativ s\u0259sidir","publisher":{"@id":"https:\/\/www.meydan.tv\/az\/#organization"},"potentialAction":[{"@type":"SearchAction","target":{"@type":"EntryPoint","urlTemplate":"https:\/\/www.meydan.tv\/az\/?s={search_term_string}"},"query-input":{"@type":"PropertyValueSpecification","valueRequired":true,"valueName":"search_term_string"}}],"inLanguage":"az"},{"@type":"Organization","@id":"https:\/\/www.meydan.tv\/az\/#organization","name":"Meydan TV","url":"https:\/\/www.meydan.tv\/az\/","logo":{"@type":"ImageObject","inLanguage":"az","@id":"https:\/\/www.meydan.tv\/az\/#\/schema\/logo\/image\/","url":"https:\/\/www.meydan.tv\/wp-content\/uploads\/2021\/07\/meydan-logo.svg","contentUrl":"https:\/\/www.meydan.tv\/wp-content\/uploads\/2021\/07\/meydan-logo.svg","width":195,"height":46,"caption":"Meydan TV"},"image":{"@id":"https:\/\/www.meydan.tv\/az\/#\/schema\/logo\/image\/"}},{"@type":"Person","@id":"https:\/\/www.meydan.tv\/az\/#\/schema\/person\/10d11eccf6da3662cf5fdab9806ea91a","name":"user-manager"}]}},"_links":{"self":[{"href":"https:\/\/www.meydan.tv\/az\/wp-json\/wp\/v2\/posts\/194081","targetHints":{"allow":["GET"]}}],"collection":[{"href":"https:\/\/www.meydan.tv\/az\/wp-json\/wp\/v2\/posts"}],"about":[{"href":"https:\/\/www.meydan.tv\/az\/wp-json\/wp\/v2\/types\/post"}],"author":[{"embeddable":true,"href":"https:\/\/www.meydan.tv\/az\/wp-json\/wp\/v2\/users\/11"}],"replies":[{"embeddable":true,"href":"https:\/\/www.meydan.tv\/az\/wp-json\/wp\/v2\/comments?post=194081"}],"version-history":[{"count":0,"href":"https:\/\/www.meydan.tv\/az\/wp-json\/wp\/v2\/posts\/194081\/revisions"}],"wp:featuredmedia":[{"embeddable":true,"href":"https:\/\/www.meydan.tv\/az\/wp-json\/wp\/v2\/media\/118263"}],"wp:attachment":[{"href":"https:\/\/www.meydan.tv\/az\/wp-json\/wp\/v2\/media?parent=194081"}],"wp:term":[{"taxonomy":"category","embeddable":true,"href":"https:\/\/www.meydan.tv\/az\/wp-json\/wp\/v2\/categories?post=194081"},{"taxonomy":"post_tag","embeddable":true,"href":"https:\/\/www.meydan.tv\/az\/wp-json\/wp\/v2\/tags?post=194081"}],"curies":[{"name":"wp","href":"https:\/\/api.w.org\/{rel}","templated":true}]}}