{"id":194079,"date":"2019-02-18T18:30:11","date_gmt":"2019-02-18T18:30:11","guid":{"rendered":"https:\/\/www.meydan.tv\/article\/polis-reisi-istediyi-xeraci-vermirik-deye-gunumuzu-qara-edib\/"},"modified":"2019-02-18T18:30:11","modified_gmt":"2019-02-18T18:30:11","slug":"polis-reisi-istediyi-xeraci-vermirik-deye-gunumuzu-qara-edib","status":"publish","type":"post","link":"https:\/\/www.meydan.tv\/az\/article\/polis-reisi-istediyi-xeraci-vermirik-deye-gunumuzu-qara-edib\/","title":{"rendered":"&#8221;Polis r\u0259isi ist\u0259diyi x\u0259rac\u0131 vermirik dey\u0259 g\u00fcn\u00fcm\u00fcz\u00fc qara edib&#8221;"},"content":{"rendered":"<p>\n  <i><br \/>\n    M\u0259cburi k\u00f6\u00e7k\u00fcn: &#8221;R\u0259is deyir, qarda\u015f\u0131m prezidentl\u0259 oturub \u00e7ay i\u00e7ib, bizim s\u00f6z\u00fcm\u00fcz\u00fc qoyub, sizinkini dem\u0259zl\u0259r&#8221;<br \/>\n  <\/i>\n<\/p>\n<p>\n  \u201cPolis r\u0259isi bizd\u0259n 10 min manat ist\u0259di. Verm\u0259dik dey\u0259, qarda\u015flar\u0131ma cinay\u0259t i\u015fi a\u00e7d\u0131, anam\u0131 bazarda d\u00f6yd\u00fcrd\u00fc, mal-heyvan\u0131m\u0131z\u0131 o\u011furlatd\u0131\u201d.\n<\/p>\n<p>\n  A\u011fda\u015f rayonunun Yuxar\u0131 Zeyn\u0259ddin k\u0259ndind\u0259 m\u0259skunla\u015fan K\u0259lb\u0259c\u0259r rayon sakini Az\u0259r H\u0259s\u0259nov bel\u0259 deyir. Bildirir ki, ail\u0259sinin qanuni s\u0259n\u0259dli iri v\u0259 x\u0131rdabuynuzlu heyvan saxlad\u0131qlar\u0131 fermalar\u0131 var. Onlar ail\u0259l\u0259rini h\u0259min ferma say\u0259sind\u0259 doland\u0131r\u0131rlar. A.H\u0259s\u0259nov deyir ki, kims\u0259y\u0259 m\u00f6htac olmadan, d\u00f6vl\u0259tin d\u0259 d\u0259st\u0259yi il\u0259 atas\u0131\n<\/p>\n<p>\n  Yadigar H\u0259s\u0259nov ill\u0259r \u00f6nc\u0259 qurub bu i\u015fi. Qarda\u015flar\u0131, bac\u0131lar\u0131 v\u0259 \u0259lav\u0259 bir ne\u00e7\u0259 ail\u0259 (\u00fcmumilikd\u0259 10-a yax\u0131n ail\u0259) bu fermadan dolan\u0131r:\n<\/p>\n<p>\n  \u201c\u0130ll\u0259rl\u0259 aln\u0131m\u0131z\u0131n t\u0259ri il\u0259 i\u015fl\u0259yib, ail\u0259mizi doland\u0131rm\u0131\u015f\u0131q. He\u00e7 kim\u0259 m\u00f6htac olmam\u0131\u015f\u0131q. Ta ki, A\u011fda\u015f Rayon Polis \u0130dar\u0259sin\u0259 yeni r\u0259is t\u0259yin olunanad\u0259k. Rasim Mustafayev r\u0259is olan kimi bizi \u00e7a\u011f\u0131rd\u0131 ki, b\u0259s ferman\u0131 yen\u0259 i\u015fl\u0259d\u0259 bilm\u0259k \u00fc\u00e7\u00fcn m\u0259n\u0259 h\u0259r ay 1000 manat v\u0259 ya ild\u0259 10 min manat pul \u00f6d\u0259m\u0259lisiniz. Etiraz etdik, el\u0259 h\u0259min vaxtdan qara g\u00fcnl\u0259rimiz ba\u015flad\u0131\u201d.<\/p>\n<blockquote><p>\n  Guya o\u011flum i\u015f\u0131q idar\u0259sinin i\u015f\u00e7il\u0259rinin \u00fcst\u00fcn\u0259 balta il\u0259 h\u00fccum edib\n<\/p><\/blockquote>\n<p>\n  <br \/>\n  Yadigar H\u0259s\u0259nov deyir ki, polis r\u0259isi \u00f6nc\u0259 b\u0259han\u0259 il\u0259 h\u0259yat yolda\u015f\u0131n\u0131 bazarda d\u00f6yd\u00fcr\u00fcb. Sonra 2 d\u0259f\u0259 s\u00fcr\u00fcs\u00fcnd\u0259n iribuynuzlu heyvan o\u011furlad\u0131b. Sonda da o\u011fullar\u0131na qar\u015f\u0131 cinay\u0259t i\u015fi a\u00e7d\u0131r\u0131b. \u00d6z\u00fc d\u0259 onlar\u0131n he\u00e7 bir g\u00fcnah\u0131 olmadan:\n<\/p>\n<figure class=\"wp-block-image size-large\">\n  <img decoding=\"async\" src=\"https:\/\/www.meydan.tv\/az\/118254\/\" alt=\"\" class=\"wp-image-118254\"\/><figcaption><\/figcaption><\/figure>\n<p>\n  \u201cH\u0259yat yolda\u015f\u0131m d\u00f6y\u00fcld\u00fc, polis\u0259 m\u00fcraci\u0259t etdik, i\u015fi ba\u011flad\u0131lar. Fermamdan mal-heyvan\u0131m o\u011furland\u0131, yen\u0259 m\u00fcraci\u0259t etdik, min bir f\u0131r\u0131ldaqla bu i\u015fin d\u0259 \u00fcst\u00fcn\u00fc \u00f6rtd\u00fcl\u0259r. Sonda da o\u011fullar\u0131ma \u015f\u0259r at\u0131b, onlara qar\u015f\u0131 cinay\u0259t i\u015fi a\u00e7d\u0131lar. Birinci \u015f\u0259r elektrik enerjisi istifad\u0259sin\u0259 g\u00f6r\u0259 idi. Bel\u0259 ki, m\u0259cburi k\u00f6\u00e7k\u00fcnl\u0259rin kommunal haqlar\u0131n\u0131 d\u00f6vl\u0259t verir ax\u0131. O\u011flumun i\u015f\u0131\u011f\u0131n\u0131 k\u0259sibl\u0259r ki, borcunu \u00f6z\u00fcn \u00f6d\u0259. O\u011flumun da u\u015fa\u011f\u0131 x\u0259st\u0259 imi\u015f. S\u0259h\u0259ri g\u00f6zl\u0259m\u0259yib, i\u015f\u0131\u011f\u0131 birl\u0259\u015fdirib. Buna g\u00f6r\u0259 ona cinay\u0259t i\u015fi qald\u0131r\u0131blar. R\u0259smil\u0259\u015fdir\u0259nd\u0259 h\u0259tta qeyd edibl\u0259r ki, guya o\u011flum i\u015f\u0131q idar\u0259sinin i\u015f\u00e7il\u0259rinin \u00fcst\u00fcn\u0259 balta il\u0259 h\u00fccum edib. Bax\u0131n bel\u0259 haqs\u0131zl\u0131qla \u00fczl\u0259\u015fmi\u015fik\u201d.<\/p>\n<blockquote><p>\n  Meyv\u0259 ver\u0259n 250 a\u011fac\u0131 m\u0259hv edibl\u0259r\n<\/p><\/blockquote>\n<p>\n  <br \/>\n  Az\u0259r H\u0259s\u0259nov deyir ki, qarda\u015flar\u0131, X\u0259tai B\u0259xtiyarov v\u0259 Elm\u0259ddin B\u0259xtiyarovlara qar\u015f\u0131 ikinci cinay\u0259t i\u015fi d\u00f6vl\u0259tin i\u015fin\u0259 mane olmaqla ba\u011fl\u0131 a\u00e7\u0131l\u0131b:\n<\/p>\n<p>\n  \u201cBir m\u00fcdd\u0259t \u0259vv\u0259l ya\u015fad\u0131\u011f\u0131m\u0131z k\u0259ndd\u0259 su-kanalizasiya sistemi \u00e7\u0259kirdil\u0259r. Ancaq qanunda, layih\u0259d\u0259 h\u0259min kanalizasiya, su x\u0259tti biz t\u0259r\u0259fd\u0259n ke\u00e7mirdi. Buna baxmayaraq, biz evd\u0259 olmayanda g\u0259lib bizim meyv\u0259 ver\u0259n 250 a\u011fac\u0131 m\u0259hv edibl\u0259r. \u018frazid\u0259 apard\u0131qlar\u0131 b\u00fct\u00fcn qaz\u0131nt\u0131 i\u015fl\u0259rinin torpaqlar\u0131n\u0131 bizim a\u011faclar\u0131n \u00fcst\u00fcn\u0259 t\u00f6k\u00fcbl\u0259r. Biz \u015fikay\u0259t \u00fc\u00e7\u00fcn polis\u0259 z\u0259ng etdik. Polis g\u0259lib onlara yox, qarda\u015flar\u0131ma qar\u015f\u0131 cinay\u0259t i\u015fi a\u00e7d\u0131. Guya onlar bu d\u0259f\u0259 is\u0259 \u0259ll\u0259rind\u0259 balta il\u0259 d\u00f6vl\u0259t layih\u0259sin\u0259 qar\u015f\u0131 \u00e7\u0131x\u0131b, onlar\u0131n i\u015fin\u0259 mane\u00e7ilik t\u00f6r\u0259dibl\u0259r. S\u00f6z\u00fcn d\u00fcz\u00fc, h\u0259min g\u00fcn Elm\u0259ddin he\u00e7 orada olmay\u0131b. Yazmad\u0131\u011f\u0131m\u0131z yer, \u015fikay\u0259t etm\u0259diyimiz adam qalmay\u0131b. Xeyri yoxdur\u201d.\n<\/p>\n<p>\n  <br \/>\n  Az\u0259r H\u0259s\u0259nov deyir ki, d\u00f6vl\u0259t qurumlar\u0131ndan qap\u0131s\u0131n\u0131 d\u00f6ym\u0259diyi, m\u0259ktub yazmad\u0131\u011f\u0131 yer qalmay\u0131b. Ancaq s\u00f6hb\u0259t polis r\u0259isind\u0259n gedir dey\u0259, onlar\u0131n i\u015fin\u0259 baxmay\u0131blar:\n<\/p>\n<figure class=\"wp-block-image size-large\">\n  <img decoding=\"async\" src=\"https:\/\/www.meydan.tv\/az\/47149\/\" alt=\"47149\" class=\"wp-image-118242\"\/><figcaption>\n    Az\u0259r H\u0259s\u0259nov<br \/>\n  <\/figcaption><\/figure>\n<p>\n  \u201cRasim Mustafayev Nax\u00e7\u0131van Muxtar Respublikas\u0131n\u0131n m\u00fcdafi\u0259 nazirinin m\u00fcavini K\u0259r\u0259m Mustafayevin qarda\u015f\u0131d\u0131r. Deyir, m\u0259nim qarda\u015f\u0131m prezidentl\u0259 oturub \u00e7ay i\u00e7ib. Bizim s\u00f6z\u00fcm\u00fcz\u00fc qoyub, sizinkini dem\u0259zl\u0259r bu \u00f6lk\u0259d\u0259. Biz d\u0259 d\u00fc\u015f\u00fcnd\u00fck ki, polisdi d\u0259, h\u0259d\u0259l\u0259yir. \u00d6lk\u0259d\u0259 qanun var. Ancaq bir m\u00fcdd\u0259t sonra g\u00f6rd\u00fck ki, yox, \u00f6z\u00fcn\u0259 g\u00fcv\u0259nib dan\u0131\u015f\u0131rm\u0131\u015f. \u00c7\u00fcnki bizim ba\u015f\u0131m\u0131za min oyun a\u00e7\u0131l\u0131r, ancaq s\u0259simizi e\u015fid\u0259n yoxdur\u201d.\n<\/p>\n<blockquote><p>\n  \u0130st\u0259yir fermadan n\u0259 qazan\u0131r\u0131qsa, ham\u0131s\u0131n\u0131 ona ver\u0259k\n<\/p><\/blockquote>\n<p>\n  Yadigar H\u0259s\u0259nov deyir ki, s\u0131rf bu g\u00fcn polis r\u0259isin\u0259 haqq verm\u0259dikl\u0259ri \u00fc\u00e7\u00fcn ba\u015flar\u0131na oyun a\u00e7\u0131l\u0131r. R\u0259is onlarla d\u00fc\u015fm\u0259n olub, prinsip\u0259 girib:\n<\/p>\n<figure class=\"wp-block-image size-large\">\n  <img decoding=\"async\" src=\"https:\/\/www.meydan.tv\/az\/118248\/\" alt=\"\" class=\"wp-image-118248\"\/><figcaption><\/figcaption><\/figure>\n<p>\n  \u201c\u0130st\u0259yir fermadan n\u0259 qazan\u0131r\u0131qsa, ham\u0131s\u0131n\u0131 ona ver\u0259k. Biz bir fermadan n\u0259 q\u0259d\u0259r qazana bil\u0259rik ki? \u0130ld\u0259 10 min manat ist\u0259yir. Hardan al\u0131b verm\u0259liyik? Dey\u0259k ki, verdik. Onda \u00f6z\u00fcm\u00fcz nec\u0259 dolanaq? \u018fziyy\u0259t \u00e7\u0259k\u0259k, \u00e7al\u0131\u015faq, pulu r\u0259is\u0259 ver\u0259k? Ax\u0131rda da s\u00f6z\u00fc o oldu ki, gedin, n\u0259 ist\u0259yirsiniz edin, kim\u0259 ist\u0259yirsiniz deyin. M\u0259nim qarda\u015f\u0131m generald\u0131r. Biz\u0259 bu \u00f6lk\u0259d\u0259 kims\u0259 n\u0259s\u0259 dey\u0259n deyil\u201d.<\/p>\n<blockquote><p>\n  A\u011fda\u015f\u0131n polis r\u0259isi Rasim Mustafayev biz\u0259 imkan vermir\n<\/p><\/blockquote>\n<p>\n  <br \/>\n  Ail\u0259 \u00fczl\u0259\u015fdikl\u0259ri probleml\u0259 ba\u011fl\u0131 indiy\u0259d\u0259k Prezident \u0130lham \u018fliyev\u0259, Birinci vitse-prezident Mehriban \u018fliyevaya, Respublika Ba\u015f Prokurorlu\u011funa m\u0259ktub \u00fcnvanlay\u0131b. Ancaq m\u00fcraci\u0259tl\u0259rin\u0259 cavab ala bilm\u0259yibl\u0259r. Son \u00e7ar\u0259ni m\u0259tbuat vasit\u0259sil\u0259 \u00e7a\u011f\u0131r\u0131\u015f etm\u0259kd\u0259 g\u00f6r\u00fcrl\u0259r:\n<\/p>\n<figure class=\"wp-block-image size-large\">\n  <img decoding=\"async\" src=\"https:\/\/www.meydan.tv\/az\/118251\/\" alt=\"\" class=\"wp-image-118251\"\/><figcaption><\/figcaption><\/figure>\n<p>\n  \u201cD\u00f6vl\u0259t bizim ba\u015f\u0131m\u0131za g\u0259l\u0259nl\u0259r\u0259 niy\u0259 g\u00f6z yumur, anlam\u0131ram. Buradan prezident\u0259, Birinci vitse-prezident\u0259, Ba\u015f prokurora m\u00fcraci\u0259t edirik. Xahi\u015f edirik, bizim ba\u015f\u0131m\u0131za g\u0259l\u0259nl\u0259r\u0259 g\u00f6z yummas\u0131nlar. M\u0259cburi k\u00f6\u00e7k\u00fcn\u00fck. D\u00f6vl\u0259td\u0259n n\u0259s\u0259 t\u0259l\u0259b etmirik, y\u00fck olmuruq. \u00d6z ayaqlar\u0131m\u0131z \u00fcst\u00fcnd\u0259 durma\u011fa, dolanma\u011fa \u00e7al\u0131\u015f\u0131r\u0131q. Ancaq A\u011fda\u015f\u0131n polis r\u0259isi Rasim Mustafayev biz\u0259 imkan vermir. Biz \u0259mlak\u0131m\u0131z\u0131n ham\u0131s\u0131n\u0131 d\u00f6vl\u0259t b\u00fcdc\u0259sin\u0259 ke\u00e7irm\u0259y\u0259 d\u0259 haz\u0131r\u0131q. Ancaq r\u0259is\u0259 bir q\u0259pik verm\u0259y\u0259c\u0259yik. \u00c7\u00fcnki biz qanunsuz he\u00e7 n\u0259 etmirik. Ba\u015f\u0131m\u0131z\u0131 a\u015fa\u011f\u0131 sal\u0131b, \u00e7\u00f6r\u0259yimizi qazanmaqla m\u0259\u015f\u011fuluq. Yox, bizim s\u0259simiz yen\u0259 e\u015fidilm\u0259y\u0259c\u0259ks\u0259, bax\u0131lmayacaqsa, dediyim kimi \u0259mlak\u0131m\u0131z\u0131 d\u00f6vl\u0259t b\u00fcdc\u0259sin\u0259 ke\u00e7ir\u0259k. Amma sonra da d\u00f6vl\u0259t biz\u0259 k\u00f6m\u0259k etsin. Hans\u0131sa bir \u00f6lk\u0259d\u0259n viza als\u0131n, ail\u0259likc\u0259 \u00e7\u0131x\u0131b ged\u0259k\u201d.\n<\/p>\n<\/p>\n<blockquote><p>\n  Biz\u0259 a\u00e7\u0131qlama verm\u0259yi qada\u011fan edibl\u0259r\n<\/p><\/blockquote>\n<p>\n  <br \/>\n  Meydan TV m\u0259s\u0259l\u0259y\u0259 m\u00fcnasib\u0259t \u00f6yr\u0259nm\u0259k \u00fc\u00e7\u00fcn A\u011fda\u015f Rayon Polis \u0130dar\u0259si il\u0259 \u0259laq\u0259 saxlay\u0131b. \u0130dar\u0259d\u0259n bel\u0259 m\u0259s\u0259l\u0259l\u0259rl\u0259 ba\u011fl\u0131, \u00fcmumiyy\u0259tl\u0259, h\u0259r hans\u0131 m\u00f6vzu haqda onlara a\u00e7\u0131qlama verm\u0259yin qada\u011fan edildiyini s\u00f6yl\u0259yibl\u0259r:\n<\/p>\n<p>\n  \u201cA\u00e7\u0131qlama ver\u0259 bilm\u0259rik, qada\u011fand\u0131r. Bu bar\u0259d\u0259 d\u0259 n\u0259s\u0259 dey\u0259 bilm\u0259rik. Z\u0259hm\u0259t olmasa, Daxili \u0130\u015fl\u0259r Nazirliyinin m\u0259tbuat xidm\u0259ti il\u0259 \u0259laq\u0259 saxlay\u0131n\u201d.<br \/>\n  <br \/>\n  Daxili \u0130\u015fl\u0259r Nazirliyind\u0259n is\u0259 g\u00fcnl\u0259rl\u0259 m\u0259s\u0259l\u0259y\u0259 m\u00fcnasib\u0259t \u00f6yr\u0259nm\u0259k m\u00fcmk\u00fcn olmay\u0131b. Qurumdan Meydan TV-nin sual\u0131n\u0131 cavabland\u0131rmaq ist\u0259m\u0259yibl\u0259r.\n<\/p><\/p>\n","protected":false},"excerpt":{"rendered":"<p>M\u0259cburi k\u00f6\u00e7k\u00fcn: &#8221;R\u0259is deyir, qarda\u015f\u0131m prezidentl\u0259 oturub \u00e7ay i\u00e7ib, bizim s\u00f6z\u00fcm\u00fcz\u00fc qoyub, sizinkini dem\u0259zl\u0259r&#8221;<\/p>\n","protected":false},"author":11,"featured_media":118245,"comment_status":"closed","ping_status":"open","sticky":false,"template":"","format":"standard","meta":{"_acf_changed":false,"_sitemap_exclude":false,"_sitemap_priority":"","_sitemap_frequency":"","footnotes":""},"categories":[60],"tags":[],"class_list":["post-194079","post","type-post","status-publish","format-standard","has-post-thumbnail","hentry","category-bolge","infinite-scroll-item","generate-columns","tablet-grid-50","mobile-grid-100","grid-parent","grid-33","no-featured-image-padding"],"acf":[],"yoast_head":"<!-- This site is optimized with the Yoast SEO plugin v27.4 - https:\/\/yoast.com\/product\/yoast-seo-wordpress\/ -->\n<title>&#039;&#039;Polis r\u0259isi ist\u0259diyi x\u0259rac\u0131 vermirik dey\u0259 g\u00fcn\u00fcm\u00fcz\u00fc qara edib&#039;&#039; - MEYDAN.TV<\/title>\n<meta name=\"robots\" content=\"index, follow, max-snippet:-1, max-image-preview:large, max-video-preview:-1\" \/>\n<link rel=\"canonical\" href=\"https:\/\/www.meydan.tv\/az\/article\/polis-reisi-istediyi-xeraci-vermirik-deye-gunumuzu-qara-edib\/\" \/>\n<meta property=\"og:locale\" content=\"az_AZ\" \/>\n<meta property=\"og:type\" content=\"article\" \/>\n<meta property=\"og:title\" content=\"&#039;&#039;Polis r\u0259isi ist\u0259diyi x\u0259rac\u0131 vermirik dey\u0259 g\u00fcn\u00fcm\u00fcz\u00fc qara edib&#039;&#039; - MEYDAN.TV\" \/>\n<meta property=\"og:description\" content=\"M\u0259cburi k\u00f6\u00e7k\u00fcn: &#039;&#039;R\u0259is deyir, qarda\u015f\u0131m prezidentl\u0259 oturub \u00e7ay i\u00e7ib, bizim s\u00f6z\u00fcm\u00fcz\u00fc qoyub, sizinkini dem\u0259zl\u0259r&#039;&#039;\" \/>\n<meta property=\"og:url\" content=\"https:\/\/www.meydan.tv\/az\/article\/polis-reisi-istediyi-xeraci-vermirik-deye-gunumuzu-qara-edib\/\" \/>\n<meta property=\"og:site_name\" content=\"MEYDAN.TV\" \/>\n<meta property=\"article:published_time\" content=\"2019-02-18T18:30:11+00:00\" \/>\n<meta property=\"og:image\" content=\"https:\/\/www.meydan.tv\/wp-content\/uploads\/47148-scaled.jpg\" \/>\n\t<meta property=\"og:image:width\" content=\"2560\" \/>\n\t<meta property=\"og:image:height\" content=\"1920\" \/>\n\t<meta property=\"og:image:type\" content=\"image\/jpeg\" \/>\n<meta name=\"author\" content=\"user-manager\" \/>\n<meta name=\"twitter:card\" content=\"summary_large_image\" \/>\n<script type=\"application\/ld+json\" class=\"yoast-schema-graph\">{\"@context\":\"https:\\\/\\\/schema.org\",\"@graph\":[{\"@type\":\"Article\",\"@id\":\"https:\\\/\\\/www.meydan.tv\\\/az\\\/article\\\/polis-reisi-istediyi-xeraci-vermirik-deye-gunumuzu-qara-edib\\\/#article\",\"isPartOf\":{\"@id\":\"https:\\\/\\\/www.meydan.tv\\\/az\\\/article\\\/polis-reisi-istediyi-xeraci-vermirik-deye-gunumuzu-qara-edib\\\/\"},\"author\":{\"name\":\"user-manager\",\"@id\":\"https:\\\/\\\/www.meydan.tv\\\/az\\\/#\\\/schema\\\/person\\\/10d11eccf6da3662cf5fdab9806ea91a\"},\"headline\":\"&#8221;Polis r\u0259isi ist\u0259diyi x\u0259rac\u0131 vermirik dey\u0259 g\u00fcn\u00fcm\u00fcz\u00fc qara edib&#8221;\",\"datePublished\":\"2019-02-18T18:30:11+00:00\",\"mainEntityOfPage\":{\"@id\":\"https:\\\/\\\/www.meydan.tv\\\/az\\\/article\\\/polis-reisi-istediyi-xeraci-vermirik-deye-gunumuzu-qara-edib\\\/\"},\"wordCount\":1343,\"publisher\":{\"@id\":\"https:\\\/\\\/www.meydan.tv\\\/az\\\/#organization\"},\"image\":{\"@id\":\"https:\\\/\\\/www.meydan.tv\\\/az\\\/article\\\/polis-reisi-istediyi-xeraci-vermirik-deye-gunumuzu-qara-edib\\\/#primaryimage\"},\"thumbnailUrl\":\"https:\\\/\\\/www.meydan.tv\\\/wp-content\\\/uploads\\\/47148-scaled.jpg\",\"articleSection\":[\"B\u00f6lg\u0259\"],\"inLanguage\":\"az\"},{\"@type\":\"WebPage\",\"@id\":\"https:\\\/\\\/www.meydan.tv\\\/az\\\/article\\\/polis-reisi-istediyi-xeraci-vermirik-deye-gunumuzu-qara-edib\\\/\",\"url\":\"https:\\\/\\\/www.meydan.tv\\\/az\\\/article\\\/polis-reisi-istediyi-xeraci-vermirik-deye-gunumuzu-qara-edib\\\/\",\"name\":\"''Polis r\u0259isi ist\u0259diyi x\u0259rac\u0131 vermirik dey\u0259 g\u00fcn\u00fcm\u00fcz\u00fc qara edib'' - MEYDAN.TV\",\"isPartOf\":{\"@id\":\"https:\\\/\\\/www.meydan.tv\\\/az\\\/#website\"},\"primaryImageOfPage\":{\"@id\":\"https:\\\/\\\/www.meydan.tv\\\/az\\\/article\\\/polis-reisi-istediyi-xeraci-vermirik-deye-gunumuzu-qara-edib\\\/#primaryimage\"},\"image\":{\"@id\":\"https:\\\/\\\/www.meydan.tv\\\/az\\\/article\\\/polis-reisi-istediyi-xeraci-vermirik-deye-gunumuzu-qara-edib\\\/#primaryimage\"},\"thumbnailUrl\":\"https:\\\/\\\/www.meydan.tv\\\/wp-content\\\/uploads\\\/47148-scaled.jpg\",\"datePublished\":\"2019-02-18T18:30:11+00:00\",\"breadcrumb\":{\"@id\":\"https:\\\/\\\/www.meydan.tv\\\/az\\\/article\\\/polis-reisi-istediyi-xeraci-vermirik-deye-gunumuzu-qara-edib\\\/#breadcrumb\"},\"inLanguage\":\"az\",\"potentialAction\":[{\"@type\":\"ReadAction\",\"target\":[\"https:\\\/\\\/www.meydan.tv\\\/az\\\/article\\\/polis-reisi-istediyi-xeraci-vermirik-deye-gunumuzu-qara-edib\\\/\"]}]},{\"@type\":\"ImageObject\",\"inLanguage\":\"az\",\"@id\":\"https:\\\/\\\/www.meydan.tv\\\/az\\\/article\\\/polis-reisi-istediyi-xeraci-vermirik-deye-gunumuzu-qara-edib\\\/#primaryimage\",\"url\":\"https:\\\/\\\/www.meydan.tv\\\/wp-content\\\/uploads\\\/47148-scaled.jpg\",\"contentUrl\":\"https:\\\/\\\/www.meydan.tv\\\/wp-content\\\/uploads\\\/47148-scaled.jpg\",\"width\":2560,\"height\":1920,\"caption\":\"Source:\"},{\"@type\":\"BreadcrumbList\",\"@id\":\"https:\\\/\\\/www.meydan.tv\\\/az\\\/article\\\/polis-reisi-istediyi-xeraci-vermirik-deye-gunumuzu-qara-edib\\\/#breadcrumb\",\"itemListElement\":[{\"@type\":\"ListItem\",\"position\":1,\"name\":\"Ana s\u0259hif\u0259\",\"item\":\"https:\\\/\\\/www.meydan.tv\\\/az\\\/\"},{\"@type\":\"ListItem\",\"position\":2,\"name\":\"B\u00f6lg\u0259\",\"item\":\"https:\\\/\\\/www.meydan.tv\\\/az\\\/section\\\/bolge\\\/\"},{\"@type\":\"ListItem\",\"position\":3,\"name\":\"&#8221;Polis r\u0259isi ist\u0259diyi x\u0259rac\u0131 vermirik dey\u0259 g\u00fcn\u00fcm\u00fcz\u00fc qara edib&#8221;\"}]},{\"@type\":\"WebSite\",\"@id\":\"https:\\\/\\\/www.meydan.tv\\\/az\\\/#website\",\"url\":\"https:\\\/\\\/www.meydan.tv\\\/az\\\/\",\"name\":\"MEYDAN.TV\",\"description\":\"Meydan TV Az\u0259rbaycan\u0131n media m\u0259kan\u0131ndak\u0131 alternativ s\u0259sidir\",\"publisher\":{\"@id\":\"https:\\\/\\\/www.meydan.tv\\\/az\\\/#organization\"},\"potentialAction\":[{\"@type\":\"SearchAction\",\"target\":{\"@type\":\"EntryPoint\",\"urlTemplate\":\"https:\\\/\\\/www.meydan.tv\\\/az\\\/?s={search_term_string}\"},\"query-input\":{\"@type\":\"PropertyValueSpecification\",\"valueRequired\":true,\"valueName\":\"search_term_string\"}}],\"inLanguage\":\"az\"},{\"@type\":\"Organization\",\"@id\":\"https:\\\/\\\/www.meydan.tv\\\/az\\\/#organization\",\"name\":\"Meydan TV\",\"url\":\"https:\\\/\\\/www.meydan.tv\\\/az\\\/\",\"logo\":{\"@type\":\"ImageObject\",\"inLanguage\":\"az\",\"@id\":\"https:\\\/\\\/www.meydan.tv\\\/az\\\/#\\\/schema\\\/logo\\\/image\\\/\",\"url\":\"https:\\\/\\\/www.meydan.tv\\\/wp-content\\\/uploads\\\/2021\\\/07\\\/meydan-logo.svg\",\"contentUrl\":\"https:\\\/\\\/www.meydan.tv\\\/wp-content\\\/uploads\\\/2021\\\/07\\\/meydan-logo.svg\",\"width\":195,\"height\":46,\"caption\":\"Meydan TV\"},\"image\":{\"@id\":\"https:\\\/\\\/www.meydan.tv\\\/az\\\/#\\\/schema\\\/logo\\\/image\\\/\"}},{\"@type\":\"Person\",\"@id\":\"https:\\\/\\\/www.meydan.tv\\\/az\\\/#\\\/schema\\\/person\\\/10d11eccf6da3662cf5fdab9806ea91a\",\"name\":\"user-manager\"}]}<\/script>\n<!-- \/ Yoast SEO plugin. -->","yoast_head_json":{"title":"''Polis r\u0259isi ist\u0259diyi x\u0259rac\u0131 vermirik dey\u0259 g\u00fcn\u00fcm\u00fcz\u00fc qara edib'' - MEYDAN.TV","robots":{"index":"index","follow":"follow","max-snippet":"max-snippet:-1","max-image-preview":"max-image-preview:large","max-video-preview":"max-video-preview:-1"},"canonical":"https:\/\/www.meydan.tv\/az\/article\/polis-reisi-istediyi-xeraci-vermirik-deye-gunumuzu-qara-edib\/","og_locale":"az_AZ","og_type":"article","og_title":"''Polis r\u0259isi ist\u0259diyi x\u0259rac\u0131 vermirik dey\u0259 g\u00fcn\u00fcm\u00fcz\u00fc qara edib'' - MEYDAN.TV","og_description":"M\u0259cburi k\u00f6\u00e7k\u00fcn: ''R\u0259is deyir, qarda\u015f\u0131m prezidentl\u0259 oturub \u00e7ay i\u00e7ib, bizim s\u00f6z\u00fcm\u00fcz\u00fc qoyub, sizinkini dem\u0259zl\u0259r''","og_url":"https:\/\/www.meydan.tv\/az\/article\/polis-reisi-istediyi-xeraci-vermirik-deye-gunumuzu-qara-edib\/","og_site_name":"MEYDAN.TV","article_published_time":"2019-02-18T18:30:11+00:00","og_image":[{"width":2560,"height":1920,"url":"https:\/\/www.meydan.tv\/wp-content\/uploads\/47148-scaled.jpg","type":"image\/jpeg"}],"author":"user-manager","twitter_card":"summary_large_image","schema":{"@context":"https:\/\/schema.org","@graph":[{"@type":"Article","@id":"https:\/\/www.meydan.tv\/az\/article\/polis-reisi-istediyi-xeraci-vermirik-deye-gunumuzu-qara-edib\/#article","isPartOf":{"@id":"https:\/\/www.meydan.tv\/az\/article\/polis-reisi-istediyi-xeraci-vermirik-deye-gunumuzu-qara-edib\/"},"author":{"name":"user-manager","@id":"https:\/\/www.meydan.tv\/az\/#\/schema\/person\/10d11eccf6da3662cf5fdab9806ea91a"},"headline":"&#8221;Polis r\u0259isi ist\u0259diyi x\u0259rac\u0131 vermirik dey\u0259 g\u00fcn\u00fcm\u00fcz\u00fc qara edib&#8221;","datePublished":"2019-02-18T18:30:11+00:00","mainEntityOfPage":{"@id":"https:\/\/www.meydan.tv\/az\/article\/polis-reisi-istediyi-xeraci-vermirik-deye-gunumuzu-qara-edib\/"},"wordCount":1343,"publisher":{"@id":"https:\/\/www.meydan.tv\/az\/#organization"},"image":{"@id":"https:\/\/www.meydan.tv\/az\/article\/polis-reisi-istediyi-xeraci-vermirik-deye-gunumuzu-qara-edib\/#primaryimage"},"thumbnailUrl":"https:\/\/www.meydan.tv\/wp-content\/uploads\/47148-scaled.jpg","articleSection":["B\u00f6lg\u0259"],"inLanguage":"az"},{"@type":"WebPage","@id":"https:\/\/www.meydan.tv\/az\/article\/polis-reisi-istediyi-xeraci-vermirik-deye-gunumuzu-qara-edib\/","url":"https:\/\/www.meydan.tv\/az\/article\/polis-reisi-istediyi-xeraci-vermirik-deye-gunumuzu-qara-edib\/","name":"''Polis r\u0259isi ist\u0259diyi x\u0259rac\u0131 vermirik dey\u0259 g\u00fcn\u00fcm\u00fcz\u00fc qara edib'' - MEYDAN.TV","isPartOf":{"@id":"https:\/\/www.meydan.tv\/az\/#website"},"primaryImageOfPage":{"@id":"https:\/\/www.meydan.tv\/az\/article\/polis-reisi-istediyi-xeraci-vermirik-deye-gunumuzu-qara-edib\/#primaryimage"},"image":{"@id":"https:\/\/www.meydan.tv\/az\/article\/polis-reisi-istediyi-xeraci-vermirik-deye-gunumuzu-qara-edib\/#primaryimage"},"thumbnailUrl":"https:\/\/www.meydan.tv\/wp-content\/uploads\/47148-scaled.jpg","datePublished":"2019-02-18T18:30:11+00:00","breadcrumb":{"@id":"https:\/\/www.meydan.tv\/az\/article\/polis-reisi-istediyi-xeraci-vermirik-deye-gunumuzu-qara-edib\/#breadcrumb"},"inLanguage":"az","potentialAction":[{"@type":"ReadAction","target":["https:\/\/www.meydan.tv\/az\/article\/polis-reisi-istediyi-xeraci-vermirik-deye-gunumuzu-qara-edib\/"]}]},{"@type":"ImageObject","inLanguage":"az","@id":"https:\/\/www.meydan.tv\/az\/article\/polis-reisi-istediyi-xeraci-vermirik-deye-gunumuzu-qara-edib\/#primaryimage","url":"https:\/\/www.meydan.tv\/wp-content\/uploads\/47148-scaled.jpg","contentUrl":"https:\/\/www.meydan.tv\/wp-content\/uploads\/47148-scaled.jpg","width":2560,"height":1920,"caption":"Source:"},{"@type":"BreadcrumbList","@id":"https:\/\/www.meydan.tv\/az\/article\/polis-reisi-istediyi-xeraci-vermirik-deye-gunumuzu-qara-edib\/#breadcrumb","itemListElement":[{"@type":"ListItem","position":1,"name":"Ana s\u0259hif\u0259","item":"https:\/\/www.meydan.tv\/az\/"},{"@type":"ListItem","position":2,"name":"B\u00f6lg\u0259","item":"https:\/\/www.meydan.tv\/az\/section\/bolge\/"},{"@type":"ListItem","position":3,"name":"&#8221;Polis r\u0259isi ist\u0259diyi x\u0259rac\u0131 vermirik dey\u0259 g\u00fcn\u00fcm\u00fcz\u00fc qara edib&#8221;"}]},{"@type":"WebSite","@id":"https:\/\/www.meydan.tv\/az\/#website","url":"https:\/\/www.meydan.tv\/az\/","name":"MEYDAN.TV","description":"Meydan TV Az\u0259rbaycan\u0131n media m\u0259kan\u0131ndak\u0131 alternativ s\u0259sidir","publisher":{"@id":"https:\/\/www.meydan.tv\/az\/#organization"},"potentialAction":[{"@type":"SearchAction","target":{"@type":"EntryPoint","urlTemplate":"https:\/\/www.meydan.tv\/az\/?s={search_term_string}"},"query-input":{"@type":"PropertyValueSpecification","valueRequired":true,"valueName":"search_term_string"}}],"inLanguage":"az"},{"@type":"Organization","@id":"https:\/\/www.meydan.tv\/az\/#organization","name":"Meydan TV","url":"https:\/\/www.meydan.tv\/az\/","logo":{"@type":"ImageObject","inLanguage":"az","@id":"https:\/\/www.meydan.tv\/az\/#\/schema\/logo\/image\/","url":"https:\/\/www.meydan.tv\/wp-content\/uploads\/2021\/07\/meydan-logo.svg","contentUrl":"https:\/\/www.meydan.tv\/wp-content\/uploads\/2021\/07\/meydan-logo.svg","width":195,"height":46,"caption":"Meydan TV"},"image":{"@id":"https:\/\/www.meydan.tv\/az\/#\/schema\/logo\/image\/"}},{"@type":"Person","@id":"https:\/\/www.meydan.tv\/az\/#\/schema\/person\/10d11eccf6da3662cf5fdab9806ea91a","name":"user-manager"}]}},"_links":{"self":[{"href":"https:\/\/www.meydan.tv\/az\/wp-json\/wp\/v2\/posts\/194079","targetHints":{"allow":["GET"]}}],"collection":[{"href":"https:\/\/www.meydan.tv\/az\/wp-json\/wp\/v2\/posts"}],"about":[{"href":"https:\/\/www.meydan.tv\/az\/wp-json\/wp\/v2\/types\/post"}],"author":[{"embeddable":true,"href":"https:\/\/www.meydan.tv\/az\/wp-json\/wp\/v2\/users\/11"}],"replies":[{"embeddable":true,"href":"https:\/\/www.meydan.tv\/az\/wp-json\/wp\/v2\/comments?post=194079"}],"version-history":[{"count":0,"href":"https:\/\/www.meydan.tv\/az\/wp-json\/wp\/v2\/posts\/194079\/revisions"}],"wp:featuredmedia":[{"embeddable":true,"href":"https:\/\/www.meydan.tv\/az\/wp-json\/wp\/v2\/media\/118245"}],"wp:attachment":[{"href":"https:\/\/www.meydan.tv\/az\/wp-json\/wp\/v2\/media?parent=194079"}],"wp:term":[{"taxonomy":"category","embeddable":true,"href":"https:\/\/www.meydan.tv\/az\/wp-json\/wp\/v2\/categories?post=194079"},{"taxonomy":"post_tag","embeddable":true,"href":"https:\/\/www.meydan.tv\/az\/wp-json\/wp\/v2\/tags?post=194079"}],"curies":[{"name":"wp","href":"https:\/\/api.w.org\/{rel}","templated":true}]}}