{"id":194070,"date":"2019-02-18T16:42:51","date_gmt":"2019-02-18T16:42:51","guid":{"rendered":"https:\/\/www.meydan.tv\/article\/allah-qebul-elesin\/"},"modified":"2019-02-18T16:42:51","modified_gmt":"2019-02-18T16:42:51","slug":"allah-qebul-elesin","status":"publish","type":"post","link":"https:\/\/www.meydan.tv\/az\/article\/allah-qebul-elesin\/","title":{"rendered":"Allah q\u0259bul el\u0259sin"},"content":{"rendered":"<p>\n  <i><br \/>\n    B\u0259lk\u0259 Az\u0259rbaycanda el\u0259 bir model var ki, bu, d\u00fcnyan\u0131n ba\u015fqa xalqlar\u0131nda yoxdur?!<br \/>\n  <\/i>\n<\/p>\n<p>\n  Ail\u0259, Qad\u0131n v\u0259 U\u015faq Probleml\u0259ri \u00fczr\u0259 D\u00f6vl\u0259t Komit\u0259sinin s\u0259dr m\u00fcavini Aynur Sofiyeva deyib ki, kiml\u0259rs\u0259 Az\u0259rbaycan\u0131n \u0259n\u0259n\u0259vi ail\u0259 modelini da\u011f\u0131tmaq \u00fc\u00e7\u00fcn Q\u0259rb \u00f6lk\u0259l\u0259rind\u0259n bura n\u0259l\u0259rs\u0259 idxal edirl\u0259r, \u201cverbov\u015fik\u201ddirl\u0259r (ifad\u0259 s\u0259dr m\u00fcavinin\u0259 m\u0259xsusdur), m\u0259qs\u0259dl\u0259ri d\u0259 ayd\u0131nd\u0131r. Aynur xan\u0131m \u00e7a\u011f\u0131r\u0131\u015f edir ki, ham\u0131m\u0131z \u0259l-\u0259l\u0259 verib, Az\u0259rbaycan ail\u0259 modelini qorumal\u0131y\u0131q.\n<\/p>\n<p>\n  B\u0259s bu Az\u0259rbaycan ail\u0259 modeli n\u0259dir ki, qorunmas\u0131 bel\u0259 \u0259\u015fh\u0259d\u00fc-ehtiyac olub? B\u0259lk\u0259 Az\u0259rbaycanda el\u0259 bir model var ki, bu, d\u00fcnyan\u0131n ba\u015fqa xalqlar\u0131nda yoxdur?! Az\u0259rbaycan modeli, Az\u0259rbaycan ail\u0259si, milli mentalitet, milli m\u0259n\u0259viyyat, h\u0259tta milli Elml\u0259r (Akademiyas\u0131)\u2026\n<\/p>\n<p>\n  B\u00fct\u00fcn bu propaqanda Az\u0259rbaycan xalq\u0131n\u0131n ayr\u0131ca, \u0259lahidd\u0259 bir xalq olmas\u0131 ideyas\u0131ndan ir\u0259li g\u0259lir. Bunu yax\u015f\u0131 v\u0259 ya pis m\u0259nada dem\u0259k mahiyy\u0259ti d\u0259yi\u015fmir. M\u0259s\u0259l\u0259n, Aynur Sofiyevan\u0131n \u201cAz\u0259rbaycan\u0131n \u00f6z\u00fcn\u0259m\u0259xsus ali ail\u0259 modeli var\u201d iddias\u0131 il\u0259 bizim k\u00f6hn\u0259 v\u0259 yeni maarif\u00e7il\u0259rin (C\u0259lil M\u0259mm\u0259dquluzad\u0259d\u0259n Seymur Baycana q\u0259d\u0259r) \u201cAz\u0259rbaycanl\u0131lar m\u0259d\u0259niyy\u0259tsiz v\u0259 e\u015f\u015f\u0259kdirl\u0259r\u201d dem\u0259si aras\u0131nda mahiyy\u0259t etibaril\u0259 f\u0259rq yoxdur. H\u0259r ikisi iddia edir ki, bu xalq g\u00f6yd\u0259n z\u0259nbill\u0259 d\u00fc\u015f\u00fcb, 7 milyard n\u0259f\u0259r bir yana, biz bir yana.\n<\/p>\n<p>\n  Amma ki, \u00e7ifayda. El\u0259 deyil. 1000 ildir, eyni respublikada ya\u015fayan sanmarinolulardan tutmu\u015f d\u00fcn\u0259n-sra\u011fag\u00fcn m\u00fcst\u0259qill\u0259\u015fmi\u015f c\u0259nubisudanl\u0131lara q\u0259d\u0259r h\u0259r k\u0259s insand\u0131r v\u0259 insanl\u0131\u011f\u0131n d\u0259y\u0259rl\u0259rini payla\u015f\u0131rlar v\u0259 ya payla\u015fmal\u0131d\u0131rlar. Ham\u0131m\u0131z insan h\u00fcquq v\u0259 azadl\u0131qlar\u0131n\u0131n aliliyin\u0259, h\u00fcququn aliliyin\u0259, demokratiyaya, \u0259dal\u0259tli c\u0259miyy\u0259t\u0259, liberal inki\u015fafa layiqik. Kims\u0259 siz\u0259 des\u0259 ki, \u201caz\u0259rbaycanl\u0131lar qoyundur\u201d, \u201cerm\u0259nil\u0259r fa\u015fistdir\u201d, \u201cingilisl\u0259r x\u0259bisdir\u201d, \u201cfrans\u0131zlar pax\u0131ld\u0131r\u201d, \u201calmanlar kobuddur\u201d v\u0259 s., inanmay\u0131n. Yalan deyirl\u0259r. El\u0259 \u015fey yoxdur. 1000 illik respublika tarixi sanmarinolular\u0131 ayr\u0131ca insan n\u00f6v\u00fc ed\u0259 bilm\u0259dis\u0259, he\u00e7 bir d\u00f6vl\u0259t, qurulu\u015f-murulu\u015f milyonlarla il davam etmi\u015f t\u0259kam\u00fcl\u0259 qalib g\u0259lib, sapiensl\u0259r aras\u0131nda ciddi f\u0259rq yarada bilm\u0259z.\n<\/p>\n<p>\n  Az\u0259rbaycan x\u00fcsusil\u0259. Az\u0259rbaycan xalq\u0131 dey\u0259 bil\u0259c\u0259yimiz Az\u0259rbaycan Respublikas\u0131 v\u0259t\u0259nda\u015flar\u0131 c\u0259mi 101 ildir, ayr\u0131ca bir d\u00f6vl\u0259td\u0259 ya\u015fay\u0131rlar. Onun da 71 ilini daha b\u00f6y\u00fck d\u00f6vl\u0259tin t\u0259rkibind\u0259 ke\u00e7iribl\u0259r. Siz bu d\u00f6vrd\u0259 b\u00fct\u00fcn d\u00fcnya xalqlar\u0131ndan f\u0259rqli bir x\u00fcsusiyy\u0259t\u0259 malik toplumun, h\u0259r \u015feyi \u00f6z\u00fcn\u0259m\u0259xsus, milli olan c\u0259miyy\u0259tin yarana bil\u0259c\u0259yin\u0259 inan\u0131rs\u0131n\u0131z?\n<\/p>\n<p>\n  Bizim milli, milsiz ail\u0259 modelimiz-filan yoxdur. Ya \u0259r\u0259bl\u0259rin k\u0259binli ail\u0259si var, ya da Avropan\u0131n (rusun) nikahl\u0131 ail\u0259si v\u0259 ya m\u00fcst\u0259qil birg\u0259ya\u015fay\u0131\u015f\u0131. V\u0259ssalam. Biz d\u0259, yax\u015f\u0131 ki, sonuncular\u0131 se\u00e7ib, sivil, modern d\u00fcnyaya ayaq uydurma\u011fa \u00e7al\u0131\u015fm\u0131\u015f\u0131q. H\u0259min o sivil d\u00fcnya da indi deyir ki, insan h\u00fcquqlar\u0131 insanlar \u00fc\u00e7\u00fcnd\u00fcr, ayr\u0131ca a\u011flar \u00fc\u00e7\u00fcn, ayr\u0131ca az\u0259rbaycanl\u0131lar \u00fc\u00e7\u00fcn, ayr\u0131ca ki\u015fil\u0259r \u00fc\u00e7\u00fcn, ayr\u0131ca heteroseksuallar \u00fc\u00e7\u00fcn\u2026 yox. H\u0259min sivil d\u0259y\u0259rl\u0259r deyirl\u0259r ki, ba\u015fqas\u0131n\u0131n \u015f\u0259xsi, gizli i\u015fl\u0259rin\u0259 burun soxmaq olmaz. Kim arvad\u0131 il\u0259 nec\u0259 sevi\u015fir, kim kimi arvad se\u00e7ir, ki\u015fi se\u00e7ir, hans\u0131 pozan\u0131 \u00fcst\u00fcn tutur \u2013 b\u00fct\u00fcn bunlar Aynur xan\u0131m\u0131n v\u0259 ya ba\u015fqa m\u0259murun i\u015fi deyil. Bu, insan\u0131n \u015f\u0259xsi se\u00e7imidir. D\u00f6vl\u0259tin i\u015fi insanlar\u0131n se\u00e7iml\u0259rini ba\u015fqalar\u0131n\u0131n h\u00fcquqlar\u0131na ziyan vurmad\u0131\u011f\u0131, ba\u015fqalar\u0131n\u0131n azadl\u0131qlar\u0131n\u0131n s\u0259rh\u0259dini pozmad\u0131\u011f\u0131 m\u00fcdd\u0259td\u0259 d\u0259st\u0259kl\u0259m\u0259k, ona b\u00fcrokratik v\u0259 sair \u0259ng\u0259l yaratmaqdan \u00e7\u0259kinm\u0259kdir.\n<\/p>\n<p>\n  Kims\u0259 eynicinsli nikah ist\u0259yirs\u0259, d\u00f6vl\u0259t bunu t\u0259min etm\u0259lidir, r\u0259smil\u0259\u015fdirm\u0259lidir, kims\u0259 bo\u015fanmaq ist\u0259yirs\u0259, yen\u0259 d\u0259 eyni \u015fey. Yoxsa \u201csiz bo\u015fanmay\u0131n, milli modelimizd\u0259 bo\u015fanmaq yoxdur\u201d dem\u0259kl\u0259 he\u00e7 bir problem h\u0259ll olunmur.\n<\/p>\n<p>\n  Bo\u015fanman\u0131n s\u0259b\u0259bl\u0259ri, daha do\u011frusu, bo\u015fanmaq ist\u0259yib, bo\u015fana bilm\u0259y\u0259n qad\u0131nlar\u0131n z\u00fclml\u0259rinin s\u0259b\u0259bl\u0259ri bar\u0259d\u0259 Aynur xan\u0131m ara\u015fd\u0131rmal\u0131, t\u0259dbir g\u00f6rm\u0259lidir. 21-ci \u0259srin ilk r\u00fcb\u00fcn\u00fcn sonuna yax\u0131nla\u015fm\u0131\u015f\u0131q, h\u0259l\u0259 d\u0259 Az\u0259rbaycanda, A\u015e-n\u0131n \u00fczv\u00fcnd\u0259 qad\u0131nlar \u00fc\u00e7\u00fcn s\u0131\u011f\u0131nacaq yoxdur. Adamlar bo\u015fan\u0131b hara ged\u0259c\u0259kl\u0259rini bilmirl\u0259r, s\u0131\u011f\u0131nma\u011fa yer, adam, subyekt, d\u00f6vl\u0259t tapm\u0131rlar. D\u00f6vl\u0259td\u0259n yetim qalm\u0131\u015f\u0131q. Qad\u0131nlar qorunma \u00fc\u00e7\u00fcn polis\u0259 m\u00fcraci\u0259t ed\u0259nd\u0259 polis h\u0259min \u201cmilli ail\u0259 modeli\u201dni qorumaq \u00fc\u00e7\u00fcn guya \u0259r-arvad\u0131 bar\u0131\u015fd\u0131r\u0131r, sonra \u0259r baltan\u0131 g\u00f6t\u00fcr\u00fcb, arvad\u0131 \u015faqqalay\u0131r. Han\u0131 b\u0259s o polisin c\u0259zas\u0131? Han\u0131 b\u0259s Aynur xan\u0131m\u0131n c\u0259zas\u0131 ki, bo\u015fanma \u0259leyhin\u0259 \u00e7\u0131x\u0131r, amma \u015faqqalanmaqdan qa\u00e7an qad\u0131nlara bir s\u0131\u011f\u0131nacaq yarad\u0131lmas\u0131 qay\u011f\u0131s\u0131na qalm\u0131r?\n<\/p>\n<p>\n  Bu xarabada itl\u0259r \u00fc\u00e7\u00fcn s\u0131\u011f\u0131nacaq tikdil\u0259r, amma qad\u0131nlar \u00fc\u00e7\u00fcn tikm\u0259dil\u0259r. Amma itl\u0259ri g\u00fcll\u0259l\u0259m\u0259y\u0259 davam edirl\u0259r. Y\u0259qin balans\u0131 b\u0259rpa etm\u0259k \u00fc\u00e7\u00fcnd\u00fcr. Y\u0259ni, \u201cbax\u0131n, biz itl\u0259r\u0259 qad\u0131nlardan \u00e7ox d\u0259y\u0259r vermirik. H\u0259r ikisinin \u00f6ld\u00fcr\u00fclm\u0259si, susdurulmas\u0131 \u00fc\u00e7\u00fcn \u0259limizd\u0259n g\u0259l\u0259ni edirik\u201d. Bir h\u0259disd\u0259 deyildiyi kimi, \u201cNamaz q\u0131lan\u0131n qar\u015f\u0131s\u0131ndan qad\u0131n, it v\u0259 donuz ke\u00e7\u0259rs\u0259, namaz batil olar\u201d. Qoruyun \u201cmilli ail\u0259 modeli\u201dnizi, Allah q\u0259bul el\u0259sin.\n<\/p>\n<p>\n  <i><br \/>\n    <b><br \/>\n      Yaz\u0131 m\u00fc\u0259llifin fikirl\u0259rini \u0259ks etdirir v\u0259 Meydan TV-nin m\u00f6vqeyi il\u0259 \u00fcst-\u00fcst\u0259 d\u00fc\u015fm\u0259y\u0259 bil\u0259r.<br \/>\n    <\/b><br \/>\n  <\/i><\/p>\n","protected":false},"excerpt":{"rendered":"<p>B\u0259lk\u0259 Az\u0259rbaycanda el\u0259 bir model var ki, bu, d\u00fcnyan\u0131n ba\u015fqa xalqlar\u0131nda yoxdur?!<\/p>\n","protected":false},"author":11,"featured_media":79618,"comment_status":"closed","ping_status":"open","sticky":false,"template":"","format":"standard","meta":{"_acf_changed":false,"_sitemap_exclude":false,"_sitemap_priority":"","_sitemap_frequency":"","footnotes":""},"categories":[57],"tags":[],"class_list":["post-194070","post","type-post","status-publish","format-standard","has-post-thumbnail","hentry","category-menim-fikrimce","infinite-scroll-item","generate-columns","tablet-grid-50","mobile-grid-100","grid-parent","grid-33","no-featured-image-padding"],"acf":[],"yoast_head":"<!-- This site is optimized with the Yoast SEO plugin v27.4 - https:\/\/yoast.com\/product\/yoast-seo-wordpress\/ -->\n<title>Allah q\u0259bul el\u0259sin - MEYDAN.TV<\/title>\n<meta name=\"robots\" content=\"index, follow, max-snippet:-1, max-image-preview:large, max-video-preview:-1\" \/>\n<link rel=\"canonical\" href=\"https:\/\/www.meydan.tv\/az\/article\/allah-qebul-elesin\/\" \/>\n<meta property=\"og:locale\" content=\"az_AZ\" \/>\n<meta property=\"og:type\" content=\"article\" \/>\n<meta property=\"og:title\" content=\"Allah q\u0259bul el\u0259sin - MEYDAN.TV\" \/>\n<meta property=\"og:description\" content=\"B\u0259lk\u0259 Az\u0259rbaycanda el\u0259 bir model var ki, bu, d\u00fcnyan\u0131n ba\u015fqa xalqlar\u0131nda yoxdur?!\" \/>\n<meta property=\"og:url\" content=\"https:\/\/www.meydan.tv\/az\/article\/allah-qebul-elesin\/\" \/>\n<meta property=\"og:site_name\" content=\"MEYDAN.TV\" \/>\n<meta property=\"article:published_time\" content=\"2019-02-18T16:42:51+00:00\" \/>\n<meta property=\"og:image\" content=\"https:\/\/www.meydan.tv\/wp-content\/uploads\/31024-1095x821.png\" \/>\n\t<meta property=\"og:image:width\" content=\"1095\" \/>\n\t<meta property=\"og:image:height\" content=\"821\" \/>\n\t<meta property=\"og:image:type\" content=\"image\/png\" \/>\n<meta name=\"author\" content=\"user-manager\" \/>\n<meta name=\"twitter:card\" content=\"summary_large_image\" \/>\n<script type=\"application\/ld+json\" class=\"yoast-schema-graph\">{\"@context\":\"https:\\\/\\\/schema.org\",\"@graph\":[{\"@type\":\"Article\",\"@id\":\"https:\\\/\\\/www.meydan.tv\\\/az\\\/article\\\/allah-qebul-elesin\\\/#article\",\"isPartOf\":{\"@id\":\"https:\\\/\\\/www.meydan.tv\\\/az\\\/article\\\/allah-qebul-elesin\\\/\"},\"author\":{\"name\":\"user-manager\",\"@id\":\"https:\\\/\\\/www.meydan.tv\\\/az\\\/#\\\/schema\\\/person\\\/10d11eccf6da3662cf5fdab9806ea91a\"},\"headline\":\"Allah q\u0259bul el\u0259sin\",\"datePublished\":\"2019-02-18T16:42:51+00:00\",\"mainEntityOfPage\":{\"@id\":\"https:\\\/\\\/www.meydan.tv\\\/az\\\/article\\\/allah-qebul-elesin\\\/\"},\"wordCount\":1049,\"publisher\":{\"@id\":\"https:\\\/\\\/www.meydan.tv\\\/az\\\/#organization\"},\"image\":{\"@id\":\"https:\\\/\\\/www.meydan.tv\\\/az\\\/article\\\/allah-qebul-elesin\\\/#primaryimage\"},\"thumbnailUrl\":\"https:\\\/\\\/www.meydan.tv\\\/wp-content\\\/uploads\\\/31024.png\",\"articleSection\":[\"M\u0259nim Fikrimc\u0259\"],\"inLanguage\":\"az\"},{\"@type\":\"WebPage\",\"@id\":\"https:\\\/\\\/www.meydan.tv\\\/az\\\/article\\\/allah-qebul-elesin\\\/\",\"url\":\"https:\\\/\\\/www.meydan.tv\\\/az\\\/article\\\/allah-qebul-elesin\\\/\",\"name\":\"Allah q\u0259bul el\u0259sin - MEYDAN.TV\",\"isPartOf\":{\"@id\":\"https:\\\/\\\/www.meydan.tv\\\/az\\\/#website\"},\"primaryImageOfPage\":{\"@id\":\"https:\\\/\\\/www.meydan.tv\\\/az\\\/article\\\/allah-qebul-elesin\\\/#primaryimage\"},\"image\":{\"@id\":\"https:\\\/\\\/www.meydan.tv\\\/az\\\/article\\\/allah-qebul-elesin\\\/#primaryimage\"},\"thumbnailUrl\":\"https:\\\/\\\/www.meydan.tv\\\/wp-content\\\/uploads\\\/31024.png\",\"datePublished\":\"2019-02-18T16:42:51+00:00\",\"breadcrumb\":{\"@id\":\"https:\\\/\\\/www.meydan.tv\\\/az\\\/article\\\/allah-qebul-elesin\\\/#breadcrumb\"},\"inLanguage\":\"az\",\"potentialAction\":[{\"@type\":\"ReadAction\",\"target\":[\"https:\\\/\\\/www.meydan.tv\\\/az\\\/article\\\/allah-qebul-elesin\\\/\"]}]},{\"@type\":\"ImageObject\",\"inLanguage\":\"az\",\"@id\":\"https:\\\/\\\/www.meydan.tv\\\/az\\\/article\\\/allah-qebul-elesin\\\/#primaryimage\",\"url\":\"https:\\\/\\\/www.meydan.tv\\\/wp-content\\\/uploads\\\/31024.png\",\"contentUrl\":\"https:\\\/\\\/www.meydan.tv\\\/wp-content\\\/uploads\\\/31024.png\",\"width\":2732,\"height\":2048,\"caption\":\"Source:\"},{\"@type\":\"BreadcrumbList\",\"@id\":\"https:\\\/\\\/www.meydan.tv\\\/az\\\/article\\\/allah-qebul-elesin\\\/#breadcrumb\",\"itemListElement\":[{\"@type\":\"ListItem\",\"position\":1,\"name\":\"Ana s\u0259hif\u0259\",\"item\":\"https:\\\/\\\/www.meydan.tv\\\/az\\\/\"},{\"@type\":\"ListItem\",\"position\":2,\"name\":\"M\u0259nim Fikrimc\u0259\",\"item\":\"https:\\\/\\\/www.meydan.tv\\\/az\\\/section\\\/menim-fikrimce\\\/\"},{\"@type\":\"ListItem\",\"position\":3,\"name\":\"Allah q\u0259bul el\u0259sin\"}]},{\"@type\":\"WebSite\",\"@id\":\"https:\\\/\\\/www.meydan.tv\\\/az\\\/#website\",\"url\":\"https:\\\/\\\/www.meydan.tv\\\/az\\\/\",\"name\":\"MEYDAN.TV\",\"description\":\"Meydan TV Az\u0259rbaycan\u0131n media m\u0259kan\u0131ndak\u0131 alternativ s\u0259sidir\",\"publisher\":{\"@id\":\"https:\\\/\\\/www.meydan.tv\\\/az\\\/#organization\"},\"potentialAction\":[{\"@type\":\"SearchAction\",\"target\":{\"@type\":\"EntryPoint\",\"urlTemplate\":\"https:\\\/\\\/www.meydan.tv\\\/az\\\/?s={search_term_string}\"},\"query-input\":{\"@type\":\"PropertyValueSpecification\",\"valueRequired\":true,\"valueName\":\"search_term_string\"}}],\"inLanguage\":\"az\"},{\"@type\":\"Organization\",\"@id\":\"https:\\\/\\\/www.meydan.tv\\\/az\\\/#organization\",\"name\":\"Meydan TV\",\"url\":\"https:\\\/\\\/www.meydan.tv\\\/az\\\/\",\"logo\":{\"@type\":\"ImageObject\",\"inLanguage\":\"az\",\"@id\":\"https:\\\/\\\/www.meydan.tv\\\/az\\\/#\\\/schema\\\/logo\\\/image\\\/\",\"url\":\"https:\\\/\\\/www.meydan.tv\\\/wp-content\\\/uploads\\\/2021\\\/07\\\/meydan-logo.svg\",\"contentUrl\":\"https:\\\/\\\/www.meydan.tv\\\/wp-content\\\/uploads\\\/2021\\\/07\\\/meydan-logo.svg\",\"width\":195,\"height\":46,\"caption\":\"Meydan TV\"},\"image\":{\"@id\":\"https:\\\/\\\/www.meydan.tv\\\/az\\\/#\\\/schema\\\/logo\\\/image\\\/\"}},{\"@type\":\"Person\",\"@id\":\"https:\\\/\\\/www.meydan.tv\\\/az\\\/#\\\/schema\\\/person\\\/10d11eccf6da3662cf5fdab9806ea91a\",\"name\":\"user-manager\"}]}<\/script>\n<!-- \/ Yoast SEO plugin. -->","yoast_head_json":{"title":"Allah q\u0259bul el\u0259sin - MEYDAN.TV","robots":{"index":"index","follow":"follow","max-snippet":"max-snippet:-1","max-image-preview":"max-image-preview:large","max-video-preview":"max-video-preview:-1"},"canonical":"https:\/\/www.meydan.tv\/az\/article\/allah-qebul-elesin\/","og_locale":"az_AZ","og_type":"article","og_title":"Allah q\u0259bul el\u0259sin - MEYDAN.TV","og_description":"B\u0259lk\u0259 Az\u0259rbaycanda el\u0259 bir model var ki, bu, d\u00fcnyan\u0131n ba\u015fqa xalqlar\u0131nda yoxdur?!","og_url":"https:\/\/www.meydan.tv\/az\/article\/allah-qebul-elesin\/","og_site_name":"MEYDAN.TV","article_published_time":"2019-02-18T16:42:51+00:00","og_image":[{"width":1095,"height":821,"url":"https:\/\/www.meydan.tv\/wp-content\/uploads\/31024-1095x821.png","type":"image\/png"}],"author":"user-manager","twitter_card":"summary_large_image","schema":{"@context":"https:\/\/schema.org","@graph":[{"@type":"Article","@id":"https:\/\/www.meydan.tv\/az\/article\/allah-qebul-elesin\/#article","isPartOf":{"@id":"https:\/\/www.meydan.tv\/az\/article\/allah-qebul-elesin\/"},"author":{"name":"user-manager","@id":"https:\/\/www.meydan.tv\/az\/#\/schema\/person\/10d11eccf6da3662cf5fdab9806ea91a"},"headline":"Allah q\u0259bul el\u0259sin","datePublished":"2019-02-18T16:42:51+00:00","mainEntityOfPage":{"@id":"https:\/\/www.meydan.tv\/az\/article\/allah-qebul-elesin\/"},"wordCount":1049,"publisher":{"@id":"https:\/\/www.meydan.tv\/az\/#organization"},"image":{"@id":"https:\/\/www.meydan.tv\/az\/article\/allah-qebul-elesin\/#primaryimage"},"thumbnailUrl":"https:\/\/www.meydan.tv\/wp-content\/uploads\/31024.png","articleSection":["M\u0259nim Fikrimc\u0259"],"inLanguage":"az"},{"@type":"WebPage","@id":"https:\/\/www.meydan.tv\/az\/article\/allah-qebul-elesin\/","url":"https:\/\/www.meydan.tv\/az\/article\/allah-qebul-elesin\/","name":"Allah q\u0259bul el\u0259sin - MEYDAN.TV","isPartOf":{"@id":"https:\/\/www.meydan.tv\/az\/#website"},"primaryImageOfPage":{"@id":"https:\/\/www.meydan.tv\/az\/article\/allah-qebul-elesin\/#primaryimage"},"image":{"@id":"https:\/\/www.meydan.tv\/az\/article\/allah-qebul-elesin\/#primaryimage"},"thumbnailUrl":"https:\/\/www.meydan.tv\/wp-content\/uploads\/31024.png","datePublished":"2019-02-18T16:42:51+00:00","breadcrumb":{"@id":"https:\/\/www.meydan.tv\/az\/article\/allah-qebul-elesin\/#breadcrumb"},"inLanguage":"az","potentialAction":[{"@type":"ReadAction","target":["https:\/\/www.meydan.tv\/az\/article\/allah-qebul-elesin\/"]}]},{"@type":"ImageObject","inLanguage":"az","@id":"https:\/\/www.meydan.tv\/az\/article\/allah-qebul-elesin\/#primaryimage","url":"https:\/\/www.meydan.tv\/wp-content\/uploads\/31024.png","contentUrl":"https:\/\/www.meydan.tv\/wp-content\/uploads\/31024.png","width":2732,"height":2048,"caption":"Source:"},{"@type":"BreadcrumbList","@id":"https:\/\/www.meydan.tv\/az\/article\/allah-qebul-elesin\/#breadcrumb","itemListElement":[{"@type":"ListItem","position":1,"name":"Ana s\u0259hif\u0259","item":"https:\/\/www.meydan.tv\/az\/"},{"@type":"ListItem","position":2,"name":"M\u0259nim Fikrimc\u0259","item":"https:\/\/www.meydan.tv\/az\/section\/menim-fikrimce\/"},{"@type":"ListItem","position":3,"name":"Allah q\u0259bul el\u0259sin"}]},{"@type":"WebSite","@id":"https:\/\/www.meydan.tv\/az\/#website","url":"https:\/\/www.meydan.tv\/az\/","name":"MEYDAN.TV","description":"Meydan TV Az\u0259rbaycan\u0131n media m\u0259kan\u0131ndak\u0131 alternativ s\u0259sidir","publisher":{"@id":"https:\/\/www.meydan.tv\/az\/#organization"},"potentialAction":[{"@type":"SearchAction","target":{"@type":"EntryPoint","urlTemplate":"https:\/\/www.meydan.tv\/az\/?s={search_term_string}"},"query-input":{"@type":"PropertyValueSpecification","valueRequired":true,"valueName":"search_term_string"}}],"inLanguage":"az"},{"@type":"Organization","@id":"https:\/\/www.meydan.tv\/az\/#organization","name":"Meydan TV","url":"https:\/\/www.meydan.tv\/az\/","logo":{"@type":"ImageObject","inLanguage":"az","@id":"https:\/\/www.meydan.tv\/az\/#\/schema\/logo\/image\/","url":"https:\/\/www.meydan.tv\/wp-content\/uploads\/2021\/07\/meydan-logo.svg","contentUrl":"https:\/\/www.meydan.tv\/wp-content\/uploads\/2021\/07\/meydan-logo.svg","width":195,"height":46,"caption":"Meydan TV"},"image":{"@id":"https:\/\/www.meydan.tv\/az\/#\/schema\/logo\/image\/"}},{"@type":"Person","@id":"https:\/\/www.meydan.tv\/az\/#\/schema\/person\/10d11eccf6da3662cf5fdab9806ea91a","name":"user-manager"}]}},"_links":{"self":[{"href":"https:\/\/www.meydan.tv\/az\/wp-json\/wp\/v2\/posts\/194070","targetHints":{"allow":["GET"]}}],"collection":[{"href":"https:\/\/www.meydan.tv\/az\/wp-json\/wp\/v2\/posts"}],"about":[{"href":"https:\/\/www.meydan.tv\/az\/wp-json\/wp\/v2\/types\/post"}],"author":[{"embeddable":true,"href":"https:\/\/www.meydan.tv\/az\/wp-json\/wp\/v2\/users\/11"}],"replies":[{"embeddable":true,"href":"https:\/\/www.meydan.tv\/az\/wp-json\/wp\/v2\/comments?post=194070"}],"version-history":[{"count":0,"href":"https:\/\/www.meydan.tv\/az\/wp-json\/wp\/v2\/posts\/194070\/revisions"}],"wp:featuredmedia":[{"embeddable":true,"href":"https:\/\/www.meydan.tv\/az\/wp-json\/wp\/v2\/media\/79618"}],"wp:attachment":[{"href":"https:\/\/www.meydan.tv\/az\/wp-json\/wp\/v2\/media?parent=194070"}],"wp:term":[{"taxonomy":"category","embeddable":true,"href":"https:\/\/www.meydan.tv\/az\/wp-json\/wp\/v2\/categories?post=194070"},{"taxonomy":"post_tag","embeddable":true,"href":"https:\/\/www.meydan.tv\/az\/wp-json\/wp\/v2\/tags?post=194070"}],"curies":[{"name":"wp","href":"https:\/\/api.w.org\/{rel}","templated":true}]}}