{"id":194067,"date":"2019-02-18T15:51:00","date_gmt":"2019-02-18T15:51:00","guid":{"rendered":"https:\/\/www.meydan.tv\/article\/o-hedde-catdiriblar-ki-usaqla-birge-intihar-etmek-istemisik\/"},"modified":"2019-02-18T15:51:00","modified_gmt":"2019-02-18T15:51:00","slug":"o-hedde-catdiriblar-ki-usaqla-birge-intihar-etmek-istemisik","status":"publish","type":"post","link":"https:\/\/www.meydan.tv\/az\/article\/o-hedde-catdiriblar-ki-usaqla-birge-intihar-etmek-istemisik\/","title":{"rendered":"&#8221;O h\u0259dd\u0259 \u00e7atd\u0131r\u0131blar ki, u\u015faqla birg\u0259 intihar etm\u0259k ist\u0259mi\u015fik&#8221;"},"content":{"rendered":"<p>\n  <i><br \/>\n    Evi yanan \u0130mi\u015fli sakini \u0130lham \u018fliyev\u0259 m\u00fcraci\u0259t etdi<br \/>\n  <\/i>\n<\/p>\n<p>\n  \u0130mi\u015flinin Cavadxanl\u0131 k\u0259ndind\u0259 ya\u015fayan 36 ya\u015fl\u0131 N\u0259cib\u0259ddin S\u0259limovun evi ill\u0259r \u00f6nc\u0259 yan\u0131b. S\u0259b\u0259b i\u015f\u0131q dir\u0259yinin evinin \u00fcst\u00fcn\u0259 a\u015fmas\u0131d\u0131r. N\u0259cib\u0259ddin S\u0259limov deyir ki, hadis\u0259 o evd\u0259 olmayanda ba\u015f verib. O, burada h\u00f6kum\u0259ti g\u00fcnahland\u0131r\u0131r. Deyir, \u0259g\u0259r i\u015f\u0131q dir\u0259yi k\u00f6hn\u0259 olmasayd\u0131, a\u015fmazd\u0131, bel\u0259c\u0259 evi d\u0259 yanmazd\u0131.\n<\/p>\n<p>\n  &#8220;Hadis\u0259 2014-c\u00fc il oktyabr\u0131n 9-da ba\u015f verib. Evimiz yand\u0131, k\u00fcl oldu. Kas\u0131b adam\u0131q, yenid\u0259n tik\u0259 bilm\u0259dik. El\u0259 g\u00fcc\u00fcm n\u0259y\u0259 \u00e7atd\u0131, birt\u0259h\u0259r bir ota\u011f\u0131n\u0131 d\u00fcz\u0259ldib girdim i\u00e7in\u0259. Ev yanandan sonra m\u0259n\u0259 k\u00f6m\u0259k etsinl\u0259r dey\u0259 b\u00fct\u00fcn aidiyyat\u0131 qurumlara yazd\u0131m. Ombudsmandan tutmu\u015f, Prezident Administrasiyas\u0131na q\u0259d\u0259r. Heyd\u0259r \u018fliyev Fondundan tutmu\u015f, F\u00f6vq\u0259lad\u0259 Hallar Nazirliyin\u0259d\u0259k. Ax\u0131rda da \u0130mi\u015fli rayonunun icra ba\u015f\u00e7\u0131s\u0131 Vilyam Hac\u0131yevin q\u0259bulunda oldum, d\u0259rdimi dedim. He\u00e7 kim k\u00f6m\u0259k etm\u0259di. \u0130ndi n\u0259 m\u00fcraci\u0259t etm\u0259y\u0259 yer qal\u0131b, n\u0259 d\u0259 \u00fcmidim&#8221;.\n<\/p>\n<p>\n  N. S\u0259limov deyir ki, hara \u00fcz tutub ona evinin s\u0131\u011fortas\u0131z oldu\u011funu, buna g\u00f6r\u0259 yard\u0131m ed\u0259 bilm\u0259y\u0259c\u0259kl\u0259rini deyibl\u0259r. Deyir, k\u0259ndd\u0259 s\u0131\u011fortal\u0131 ev yoxdur, \u00fcmumiyy\u0259tl\u0259, \u00e7ox adam s\u0131\u011forta n\u0259dir, bilmir. bel\u0259 olan halda, v\u0259t\u0259nda\u015f n\u0259 etsin?\n<\/p>\n<p>\n  &#8220;M\u0259n d\u0259 bu \u00f6lk\u0259nin v\u0259t\u0259nda\u015f\u0131yam, ba\u015fqa vaxt deyirl\u0259r ki, bel\u0259 inki\u015faf etmi\u015fik, el\u0259 ir\u0259lil\u0259mi\u015fik, birinciyik. M\u0259n demir\u0259m, siz deyin, o d\u0259r\u0259c\u0259d\u0259 inki\u015faf etmi\u015f bir \u00f6lk\u0259nin v\u0259t\u0259nda\u015f\u0131na yara\u015fan \u015f\u0259raitdi, bu? Bax\u0131n, k\u00f6rp\u0259 var evd\u0259. G\u00f6r\u00fcn, biz hans\u0131 \u015f\u0259raitd\u0259 u\u015faq b\u00f6y\u00fcd\u00fcr\u00fck&#8221;.\n<\/p>\n<figure class=\"wp-block-image size-large\">\n  <img decoding=\"async\" src=\"https:\/\/www.meydan.tv\/az\/118185\/\" alt=\"\" class=\"wp-image-118185\"\/><figcaption><\/figcaption><\/figure>\n<p>\n  S\u0259limovlar ail\u0259sinin 3 ayl\u0131q k\u00f6rp\u0259si var. Onlar yanm\u0131\u015f evl\u0259rinin bir ota\u011f\u0131n\u0131 \u00e7\u0259tinlikl\u0259 t\u0259mir edib, i\u00e7ind\u0259 ya\u015fay\u0131rlar:\n<\/p>\n<p>\n  &#8220;Bir otaqd\u0131, m\u0259tb\u0259x yox, ayaqyolu yox. T\u0259mir ed\u0259 bilmirik, imkan yoxdur. Vallah yem\u0259y\u0259 \u00e7\u00f6r\u0259yi g\u00fccl\u0259 tap\u0131r\u0131q. \u0130\u015fl\u0259mir\u0259m, b\u00f6yr\u0259yimd\u0259 problem var. He\u00e7 n\u0259 demir\u0259m, birc\u0259 bunu deyim, bilin hans\u0131 v\u0259ziyy\u0259td\u0259 ya\u015fad\u0131\u011f\u0131m\u0131. M\u0259n u\u015fa\u011f\u0131ma do\u011fum haqq\u0131nda \u015f\u0259had\u0259tnam\u0259 ala bilmirdim. Buna g\u00f6r\u0259 \u015f\u0259h\u0259r\u0259 getm\u0259y\u0259 pul tapm\u0131rd\u0131m. Ax\u0131r\u0131 \u00f6t\u0259n g\u00fcn qon\u015fudan 10 manat borc tap\u0131b getmi\u015f\u0259m. Bir d\u00fc\u015f\u00fcn\u00fcn d\u0259, bundan o t\u0259r\u0259fi varm\u0131? M\u0259n 3 ayd\u0131r d\u00fcnyaya yeni g\u0259lmi\u015f \u00f6vlad\u0131m\u0131n s\u0259n\u0259dini ala bilmirdim. Hans\u0131 qap\u0131n\u0131 d\u00f6y\u00fcr\u0259m, deyirl\u0259r, i\u015f q\u00fcvv\u0259n yoxdur&#8221;.\n<\/p>\n<p>\n  N\u0259cib\u0259ddin S\u0259limov 24 ya\u015fl\u0131 h\u0259yat yolda\u015f\u0131 il\u0259 3 il \u00f6vlad h\u0259sr\u0259ti \u00e7\u0259kibl\u0259r. N\u0259hay\u0259t, bu il k\u00f6rp\u0259l\u0259ri d\u00fcnyaya g\u0259lib. Ancaq onu normal b\u00f6y\u00fcd\u0259 bilm\u0259k \u00fc\u00e7\u00fcn n\u0259 evl\u0259ri, n\u0259 d\u0259 i\u015fl\u0259ri var:\n<\/p>\n<p>\n  &#8220;\u00c7\u0259tindi, a\u011f\u0131rd\u0131, dolana bilmirik. Qald\u0131, ev t\u0259mir ed\u0259k. H\u0259r yer\u0259 d\u0259 m\u00fcraci\u0259t etmi\u015fik. Ax\u0131rda F\u00f6vq\u0259lad\u0259 Hallar Nazirliyinin yerli komissiyas\u0131 g\u0259lib baxd\u0131. Biz\u0259 700 \u0259d\u0259d mi\u015far da\u015f\u0131 verdil\u0259r. O da yeni da\u015flar deyildi. G\u0259ldil\u0259r ki, filan yerd\u0259 da\u015f var, get s\u00f6k, olsun s\u0259nin. Gedib \u00f6z \u0259ll\u0259riml\u0259 s\u00f6k\u00fcb g\u0259tirmi\u015f\u0259m&#8221;.\n<\/p>\n<figure class=\"wp-block-image size-large\">\n  <img decoding=\"async\" src=\"https:\/\/www.meydan.tv\/az\/118173\/\" alt=\"\" class=\"wp-image-118173\"\/><figcaption><\/figcaption><\/figure>\n<p>\n  N.S\u0259limov deyir, el\u0259 g\u00fcn olub ki, \u00e7\u0259tinlikl\u0259rd\u0259n t\u0259ng\u0259 g\u0259libl\u0259r. O h\u0259dd\u0259 \u00e7at\u0131blar ki, u\u015faqla birlikd\u0259 intihar etm\u0259k niyy\u0259tin\u0259 d\u00fc\u015f\u00fcbl\u0259r:\n<\/p>\n<p>\n  &#8220;Bir Allahdan qorxmu\u015fuq, o saxlay\u0131b bizi. M\u0259nim evim\u0259 bir qonaq g\u0259l\u0259nd\u0259 utan\u0131ram. H\u0259yat yolda\u015f\u0131m Xa\u00e7maz rayonundand\u0131r. Atas\u0131, anas\u0131, qarda\u015f\u0131 g\u0259lir, gec\u0259yl\u0259 bir d\u0259 x\u0259rc \u00e7\u0259kib, qay\u0131d\u0131rlar dala. Evimiz olsa, bir gec\u0259 qalarlar. M\u0259n \u00e7ox x\u0259cal\u0259tliy\u0259m. Dolan\u0131\u015f\u0131\u011f\u0131m\u0131z \u00e7\u0259tindir, ac\u0131nacaql\u0131 v\u0259ziyy\u0259td\u0259 ya\u015fay\u0131r\u0131q. K\u0259mal\u0259ddin Heyd\u0259rov \u00f6t\u0259n aylarda rayonumuza g\u0259lmi\u015fdi. Getdim, q\u0259buluna da d\u00fc\u015f\u0259 bilm\u0259dim&#8221;.\n<\/p>\n<p>\n  N\u0259cib\u0259ddin S\u0259limov \u0259vv\u0259l \u0130mi\u015fli \u015e\u0259k\u0259r Zavodunda i\u015fl\u0259yirmi\u015f. Y\u00fck da\u015f\u0131y\u0131rm\u0131\u015f. Deyir, h\u0259r bir ton y\u00fckl\u0259m\u0259 ed\u0259nd\u0259 h\u0259r f\u0259hl\u0259y\u0259 1 manat 10 q\u0259pik pul yaz\u0131l\u0131rm\u0131\u015f:<br \/>\n  <br \/>\n  &#8220;G\u0259r\u0259k az\u0131 250-300 ton y\u00fckl\u0259m\u0259 ed\u0259siz ki, h\u0259r\u0259y\u0259 10 manat pul d\u00fc\u015f\u0259. Aya vuranda he\u00e7 olmasa 250-300 manat \u00e7\u0131xa. Onunla da ail\u0259 doland\u0131rmaq olmur. A\u011f\u0131r y\u00fck qald\u0131rmaqdan b\u00f6yr\u0259kl\u0259rim s\u0131radan \u00e7\u0131xd\u0131. \u0130ndi d\u0259 i\u015f yoxdu, sosial verilmir, u\u015faqpulu yox, d\u00f6vl\u0259td\u0259n he\u00e7 bir qay\u011f\u0131 yoxdur. Sosial yard\u0131ma g\u00f6r\u0259 d\u0259f\u0259l\u0259rl\u0259 m\u00fcraci\u0259t etmi\u015f\u0259m, h\u0259r d\u0259f\u0259sind\u0259 imtina edilib. Ad\u0131mda ki\u00e7ik bir \u0259kin sah\u0259si var, s\u0259b\u0259b odur. \u018flac\u0131m k\u0259sildi, getdim h\u0259min sah\u0259y\u0259 bu\u011fda \u0259kdim. Q\u0259pik-quru\u015f qald\u0131. Onunla da 1-2 ay g\u00fccl\u0259 dolanmaq olar. O da yar\u0131ac, yar\u0131tox. \u018fkm\u0259y\u0259 d\u0259 500 manat x\u0259rc \u00e7\u0131x\u0131r el\u0259. T\u0259s\u0259rr\u00fcfatla m\u0259\u015f\u011ful olmaq m\u00fcmk\u00fcn deyil. Yoxdur o q\u0259d\u0259r pul&#8221;.\n<\/p>\n<p>\n  Ail\u0259 d\u00f6vl\u0259td\u0259n heyvan almaq \u00fc\u00e7\u00fcn m\u00fcraci\u0259t d\u0259 edib. \u0130mtina cavab\u0131 al\u0131blar. N. S\u0259limov deyir ki, d\u00f6vl\u0259t bir ara \u0130mi\u015flid\u0259n olan xeyli k\u0259ndliy\u0259 mal-heyvan verib. O adamlara ki, h\u0259y\u0259tl\u0259rind\u0259 heyvanlar\u0131, b\u00f6y\u00fck h\u0259y\u0259tyan\u0131 sah\u0259l\u0259ri, evl\u0259ri var:\n<\/p>\n<p>\n  &#8220;O adamlara ki, ana-atas\u0131 il\u0259 b\u0259rab\u0259r ya\u015fay\u0131r, pensiya al\u0131r v\u0259 s. Bir s\u00f6zl\u0259, insanlar\u0131n puluna pul qatd\u0131lar. Biz kas\u0131blar da qald\u0131q k\u0259narda. Kimin imkan\u0131 var, onlar ald\u0131lar. M\u0259n raz\u0131yam, m\u0259n\u0259 d\u0259 bir in\u0259k versin, h\u0259y\u0259tim var, baxacam, art\u0131racam. Ancaq vermirl\u0259r. T\u0259s\u0259vv\u00fcr edin, h\u0259yat yolda\u015f\u0131mla nikah k\u0259sdirm\u0259y\u0259 bel\u0259 imkan\u0131m yoxdur\u201d.\n<\/p>\n<figure class=\"wp-block-image size-large\">\n  <img decoding=\"async\" src=\"https:\/\/www.meydan.tv\/az\/118176\/\" alt=\"\" class=\"wp-image-118176\"\/><figcaption><\/figcaption><\/figure>\n<p>\n  N.S\u0259limov prezident \u0130lham \u018fliyev\u0259, Birinci vitse-prezident Mehriban \u018fliyevaya v\u0259 f\u00f6vq\u0259lad\u0259 hallar naziri K\u0259mal\u0259ddin Heyd\u0259rova m\u00fcraci\u0259t edir. Xahi\u015f edir ki, ona k\u00f6m\u0259k etsinl\u0259r. Yanan evinin b\u0259rpa edilm\u0259si \u00fc\u00e7\u00fcn g\u00f6st\u0259ri\u015f versinl\u0259r.<br \/>\n  <br \/>\n  &#8220;M\u0259n d\u0259 bu \u00f6lk\u0259nin v\u0259t\u0259nda\u015f\u0131yam. Nolar, yerli icra hakimiyy\u0259tin\u0259 tap\u015f\u0131r\u0131q verin. Ya onlar m\u0259nim evimi tiksinl\u0259r, ya da yard\u0131m etsinl\u0259r, \u00f6z\u00fcm tikim. M\u0259n u\u015fa\u011f\u0131m\u0131 normal yerd\u0259 b\u00f6y\u00fctm\u0259k ist\u0259yir\u0259m. Ham\u0131 kimi\u2026 O u\u015faq g\u0259l\u0259c\u0259yin \u0259sg\u0259ridir, v\u0259t\u0259ni qoruyacaq. Bu evd\u0259 b\u00f6y\u00fcy\u0259n u\u015faq n\u0259 xidm\u0259t etsin?&#8221;\n<\/p>\n<p>\n  Meydan TV m\u0259s\u0259l\u0259y\u0259 m\u00fcnasib\u0259t \u00f6yr\u0259nm\u0259k \u00fc\u00e7\u00fcn \u0130mi\u015fli Rayon \u0130cra Hakimiyy\u0259ti il\u0259 \u0259laq\u0259 saxlay\u0131b. \u0130cra hakimiyy\u0259tinin ictimai-siyasi v\u0259 humanitar m\u0259s\u0259l\u0259l\u0259r \u015f\u00f6b\u0259sinin m\u00fcdir m\u00fcavini H\u00fcseyn \u0130brahimov deyib ki, b\u0259li, N\u0259cib\u0259ddin S\u0259limov onlara k\u00f6m\u0259k \u00fc\u00e7\u00fcn m\u00fcraci\u0259t edib. Bu i\u015fl\u0259r\u0259 icra hakimiyy\u0259ti baxm\u0131r, ancaq ona k\u00f6m\u0259k edil\u0259c\u0259k:\n<\/p>\n<p>\n  &#8220;\u018flimizd\u0259n g\u0259l\u0259n k\u00f6m\u0259yi ed\u0259c\u0259yik. Evi yan\u0131b, \u0259slind\u0259 buna g\u00f6r\u0259 rayondak\u0131 F\u00f6vq\u0259lad\u0259 Hallar Komissiyas\u0131na m\u00fcraci\u0259t etm\u0259lidir. Onlar da \u0259ll\u0259rind\u0259n g\u0259l\u0259ni \u0259sirg\u0259m\u0259zl\u0259r&#8221;.\n<\/p>\n<p>\n  F\u00f6vq\u0259lad\u0259 Hallar Komissiyas\u0131ndan is\u0259 v\u0259t\u0259nda\u015fa laz\u0131mi k\u00f6m\u0259k g\u00f6st\u0259rdikl\u0259rini bildiribl\u0259r:\n<\/p>\n<p>\n  &#8220;Evl\u0259rin\u0259 bax\u0131\u015f ke\u00e7irmi\u015fik v\u0259 laz\u0131mi d\u0259st\u0259yi vermi\u015fik. V\u0259t\u0259nda\u015f\u0131n evi s\u0131\u011fortal\u0131 olsayd\u0131, \u00fcmumi d\u0259y\u0259ri \u00f6d\u0259n\u0259rdi. Ancaq deyilmi\u015f, ona g\u00f6r\u0259 biz d\u0259 ancaq \u0259limizd\u0259n g\u0259l\u0259n d\u0259st\u0259yi ver\u0259 bilmi\u015fik&#8221;.\n<\/p>\n<\/p>\n<figure class=\"wp-block-image size-large\">\n  <img decoding=\"async\" src=\"https:\/\/www.meydan.tv\/az\/118188\/\" alt=\"\" class=\"wp-image-118188\"\/><figcaption><\/figcaption><\/figure>\n<figure class=\"wp-block-image size-large\">\n  <img decoding=\"async\" src=\"https:\/\/www.meydan.tv\/az\/118182\/\" alt=\"\" class=\"wp-image-118182\"\/><figcaption><\/figcaption><\/figure>\n<figure class=\"wp-block-image size-large\">\n  <img decoding=\"async\" src=\"https:\/\/www.meydan.tv\/az\/118194\/\" alt=\"\" class=\"wp-image-118194\"\/><figcaption><\/figcaption><\/figure>\n","protected":false},"excerpt":{"rendered":"<p>Evi yanan \u0130mi\u015fli sakini \u0130lham \u018fliyev\u0259 m\u00fcraci\u0259t etdi<\/p>\n","protected":false},"author":11,"featured_media":118179,"comment_status":"closed","ping_status":"open","sticky":false,"template":"","format":"standard","meta":{"_acf_changed":false,"_sitemap_exclude":false,"_sitemap_priority":"","_sitemap_frequency":"","footnotes":""},"categories":[60],"tags":[],"class_list":["post-194067","post","type-post","status-publish","format-standard","has-post-thumbnail","hentry","category-bolge","infinite-scroll-item","generate-columns","tablet-grid-50","mobile-grid-100","grid-parent","grid-33","no-featured-image-padding"],"acf":[],"yoast_head":"<!-- This site is optimized with the Yoast SEO plugin v27.4 - https:\/\/yoast.com\/product\/yoast-seo-wordpress\/ -->\n<title>&#039;&#039;O h\u0259dd\u0259 \u00e7atd\u0131r\u0131blar ki, u\u015faqla birg\u0259 intihar etm\u0259k ist\u0259mi\u015fik&#039;&#039; - MEYDAN.TV<\/title>\n<meta name=\"robots\" content=\"index, follow, max-snippet:-1, max-image-preview:large, max-video-preview:-1\" \/>\n<link rel=\"canonical\" href=\"https:\/\/www.meydan.tv\/az\/article\/o-hedde-catdiriblar-ki-usaqla-birge-intihar-etmek-istemisik\/\" \/>\n<meta property=\"og:locale\" content=\"az_AZ\" \/>\n<meta property=\"og:type\" content=\"article\" \/>\n<meta property=\"og:title\" content=\"&#039;&#039;O h\u0259dd\u0259 \u00e7atd\u0131r\u0131blar ki, u\u015faqla birg\u0259 intihar etm\u0259k ist\u0259mi\u015fik&#039;&#039; - MEYDAN.TV\" \/>\n<meta property=\"og:description\" content=\"Evi yanan \u0130mi\u015fli sakini \u0130lham \u018fliyev\u0259 m\u00fcraci\u0259t etdi\" \/>\n<meta property=\"og:url\" content=\"https:\/\/www.meydan.tv\/az\/article\/o-hedde-catdiriblar-ki-usaqla-birge-intihar-etmek-istemisik\/\" \/>\n<meta property=\"og:site_name\" content=\"MEYDAN.TV\" \/>\n<meta property=\"article:published_time\" content=\"2019-02-18T15:51:00+00:00\" \/>\n<meta property=\"og:image\" content=\"https:\/\/www.meydan.tv\/wp-content\/uploads\/47120-scaled.jpg\" \/>\n\t<meta property=\"og:image:width\" content=\"2560\" \/>\n\t<meta property=\"og:image:height\" content=\"1920\" \/>\n\t<meta property=\"og:image:type\" content=\"image\/jpeg\" \/>\n<meta name=\"author\" content=\"user-manager\" \/>\n<meta name=\"twitter:card\" content=\"summary_large_image\" \/>\n<script type=\"application\/ld+json\" class=\"yoast-schema-graph\">{\"@context\":\"https:\\\/\\\/schema.org\",\"@graph\":[{\"@type\":\"Article\",\"@id\":\"https:\\\/\\\/www.meydan.tv\\\/az\\\/article\\\/o-hedde-catdiriblar-ki-usaqla-birge-intihar-etmek-istemisik\\\/#article\",\"isPartOf\":{\"@id\":\"https:\\\/\\\/www.meydan.tv\\\/az\\\/article\\\/o-hedde-catdiriblar-ki-usaqla-birge-intihar-etmek-istemisik\\\/\"},\"author\":{\"name\":\"user-manager\",\"@id\":\"https:\\\/\\\/www.meydan.tv\\\/az\\\/#\\\/schema\\\/person\\\/10d11eccf6da3662cf5fdab9806ea91a\"},\"headline\":\"&#8221;O h\u0259dd\u0259 \u00e7atd\u0131r\u0131blar ki, u\u015faqla birg\u0259 intihar etm\u0259k ist\u0259mi\u015fik&#8221;\",\"datePublished\":\"2019-02-18T15:51:00+00:00\",\"mainEntityOfPage\":{\"@id\":\"https:\\\/\\\/www.meydan.tv\\\/az\\\/article\\\/o-hedde-catdiriblar-ki-usaqla-birge-intihar-etmek-istemisik\\\/\"},\"wordCount\":1369,\"publisher\":{\"@id\":\"https:\\\/\\\/www.meydan.tv\\\/az\\\/#organization\"},\"image\":{\"@id\":\"https:\\\/\\\/www.meydan.tv\\\/az\\\/article\\\/o-hedde-catdiriblar-ki-usaqla-birge-intihar-etmek-istemisik\\\/#primaryimage\"},\"thumbnailUrl\":\"https:\\\/\\\/www.meydan.tv\\\/wp-content\\\/uploads\\\/47120-scaled.jpg\",\"articleSection\":[\"B\u00f6lg\u0259\"],\"inLanguage\":\"az\"},{\"@type\":\"WebPage\",\"@id\":\"https:\\\/\\\/www.meydan.tv\\\/az\\\/article\\\/o-hedde-catdiriblar-ki-usaqla-birge-intihar-etmek-istemisik\\\/\",\"url\":\"https:\\\/\\\/www.meydan.tv\\\/az\\\/article\\\/o-hedde-catdiriblar-ki-usaqla-birge-intihar-etmek-istemisik\\\/\",\"name\":\"''O h\u0259dd\u0259 \u00e7atd\u0131r\u0131blar ki, u\u015faqla birg\u0259 intihar etm\u0259k ist\u0259mi\u015fik'' - MEYDAN.TV\",\"isPartOf\":{\"@id\":\"https:\\\/\\\/www.meydan.tv\\\/az\\\/#website\"},\"primaryImageOfPage\":{\"@id\":\"https:\\\/\\\/www.meydan.tv\\\/az\\\/article\\\/o-hedde-catdiriblar-ki-usaqla-birge-intihar-etmek-istemisik\\\/#primaryimage\"},\"image\":{\"@id\":\"https:\\\/\\\/www.meydan.tv\\\/az\\\/article\\\/o-hedde-catdiriblar-ki-usaqla-birge-intihar-etmek-istemisik\\\/#primaryimage\"},\"thumbnailUrl\":\"https:\\\/\\\/www.meydan.tv\\\/wp-content\\\/uploads\\\/47120-scaled.jpg\",\"datePublished\":\"2019-02-18T15:51:00+00:00\",\"breadcrumb\":{\"@id\":\"https:\\\/\\\/www.meydan.tv\\\/az\\\/article\\\/o-hedde-catdiriblar-ki-usaqla-birge-intihar-etmek-istemisik\\\/#breadcrumb\"},\"inLanguage\":\"az\",\"potentialAction\":[{\"@type\":\"ReadAction\",\"target\":[\"https:\\\/\\\/www.meydan.tv\\\/az\\\/article\\\/o-hedde-catdiriblar-ki-usaqla-birge-intihar-etmek-istemisik\\\/\"]}]},{\"@type\":\"ImageObject\",\"inLanguage\":\"az\",\"@id\":\"https:\\\/\\\/www.meydan.tv\\\/az\\\/article\\\/o-hedde-catdiriblar-ki-usaqla-birge-intihar-etmek-istemisik\\\/#primaryimage\",\"url\":\"https:\\\/\\\/www.meydan.tv\\\/wp-content\\\/uploads\\\/47120-scaled.jpg\",\"contentUrl\":\"https:\\\/\\\/www.meydan.tv\\\/wp-content\\\/uploads\\\/47120-scaled.jpg\",\"width\":2560,\"height\":1920,\"caption\":\"Source:\"},{\"@type\":\"BreadcrumbList\",\"@id\":\"https:\\\/\\\/www.meydan.tv\\\/az\\\/article\\\/o-hedde-catdiriblar-ki-usaqla-birge-intihar-etmek-istemisik\\\/#breadcrumb\",\"itemListElement\":[{\"@type\":\"ListItem\",\"position\":1,\"name\":\"Ana s\u0259hif\u0259\",\"item\":\"https:\\\/\\\/www.meydan.tv\\\/az\\\/\"},{\"@type\":\"ListItem\",\"position\":2,\"name\":\"B\u00f6lg\u0259\",\"item\":\"https:\\\/\\\/www.meydan.tv\\\/az\\\/section\\\/bolge\\\/\"},{\"@type\":\"ListItem\",\"position\":3,\"name\":\"&#8221;O h\u0259dd\u0259 \u00e7atd\u0131r\u0131blar ki, u\u015faqla birg\u0259 intihar etm\u0259k ist\u0259mi\u015fik&#8221;\"}]},{\"@type\":\"WebSite\",\"@id\":\"https:\\\/\\\/www.meydan.tv\\\/az\\\/#website\",\"url\":\"https:\\\/\\\/www.meydan.tv\\\/az\\\/\",\"name\":\"MEYDAN.TV\",\"description\":\"Meydan TV Az\u0259rbaycan\u0131n media m\u0259kan\u0131ndak\u0131 alternativ s\u0259sidir\",\"publisher\":{\"@id\":\"https:\\\/\\\/www.meydan.tv\\\/az\\\/#organization\"},\"potentialAction\":[{\"@type\":\"SearchAction\",\"target\":{\"@type\":\"EntryPoint\",\"urlTemplate\":\"https:\\\/\\\/www.meydan.tv\\\/az\\\/?s={search_term_string}\"},\"query-input\":{\"@type\":\"PropertyValueSpecification\",\"valueRequired\":true,\"valueName\":\"search_term_string\"}}],\"inLanguage\":\"az\"},{\"@type\":\"Organization\",\"@id\":\"https:\\\/\\\/www.meydan.tv\\\/az\\\/#organization\",\"name\":\"Meydan TV\",\"url\":\"https:\\\/\\\/www.meydan.tv\\\/az\\\/\",\"logo\":{\"@type\":\"ImageObject\",\"inLanguage\":\"az\",\"@id\":\"https:\\\/\\\/www.meydan.tv\\\/az\\\/#\\\/schema\\\/logo\\\/image\\\/\",\"url\":\"https:\\\/\\\/www.meydan.tv\\\/wp-content\\\/uploads\\\/2021\\\/07\\\/meydan-logo.svg\",\"contentUrl\":\"https:\\\/\\\/www.meydan.tv\\\/wp-content\\\/uploads\\\/2021\\\/07\\\/meydan-logo.svg\",\"width\":195,\"height\":46,\"caption\":\"Meydan TV\"},\"image\":{\"@id\":\"https:\\\/\\\/www.meydan.tv\\\/az\\\/#\\\/schema\\\/logo\\\/image\\\/\"}},{\"@type\":\"Person\",\"@id\":\"https:\\\/\\\/www.meydan.tv\\\/az\\\/#\\\/schema\\\/person\\\/10d11eccf6da3662cf5fdab9806ea91a\",\"name\":\"user-manager\"}]}<\/script>\n<!-- \/ Yoast SEO plugin. -->","yoast_head_json":{"title":"''O h\u0259dd\u0259 \u00e7atd\u0131r\u0131blar ki, u\u015faqla birg\u0259 intihar etm\u0259k ist\u0259mi\u015fik'' - MEYDAN.TV","robots":{"index":"index","follow":"follow","max-snippet":"max-snippet:-1","max-image-preview":"max-image-preview:large","max-video-preview":"max-video-preview:-1"},"canonical":"https:\/\/www.meydan.tv\/az\/article\/o-hedde-catdiriblar-ki-usaqla-birge-intihar-etmek-istemisik\/","og_locale":"az_AZ","og_type":"article","og_title":"''O h\u0259dd\u0259 \u00e7atd\u0131r\u0131blar ki, u\u015faqla birg\u0259 intihar etm\u0259k ist\u0259mi\u015fik'' - MEYDAN.TV","og_description":"Evi yanan \u0130mi\u015fli sakini \u0130lham \u018fliyev\u0259 m\u00fcraci\u0259t etdi","og_url":"https:\/\/www.meydan.tv\/az\/article\/o-hedde-catdiriblar-ki-usaqla-birge-intihar-etmek-istemisik\/","og_site_name":"MEYDAN.TV","article_published_time":"2019-02-18T15:51:00+00:00","og_image":[{"width":2560,"height":1920,"url":"https:\/\/www.meydan.tv\/wp-content\/uploads\/47120-scaled.jpg","type":"image\/jpeg"}],"author":"user-manager","twitter_card":"summary_large_image","schema":{"@context":"https:\/\/schema.org","@graph":[{"@type":"Article","@id":"https:\/\/www.meydan.tv\/az\/article\/o-hedde-catdiriblar-ki-usaqla-birge-intihar-etmek-istemisik\/#article","isPartOf":{"@id":"https:\/\/www.meydan.tv\/az\/article\/o-hedde-catdiriblar-ki-usaqla-birge-intihar-etmek-istemisik\/"},"author":{"name":"user-manager","@id":"https:\/\/www.meydan.tv\/az\/#\/schema\/person\/10d11eccf6da3662cf5fdab9806ea91a"},"headline":"&#8221;O h\u0259dd\u0259 \u00e7atd\u0131r\u0131blar ki, u\u015faqla birg\u0259 intihar etm\u0259k ist\u0259mi\u015fik&#8221;","datePublished":"2019-02-18T15:51:00+00:00","mainEntityOfPage":{"@id":"https:\/\/www.meydan.tv\/az\/article\/o-hedde-catdiriblar-ki-usaqla-birge-intihar-etmek-istemisik\/"},"wordCount":1369,"publisher":{"@id":"https:\/\/www.meydan.tv\/az\/#organization"},"image":{"@id":"https:\/\/www.meydan.tv\/az\/article\/o-hedde-catdiriblar-ki-usaqla-birge-intihar-etmek-istemisik\/#primaryimage"},"thumbnailUrl":"https:\/\/www.meydan.tv\/wp-content\/uploads\/47120-scaled.jpg","articleSection":["B\u00f6lg\u0259"],"inLanguage":"az"},{"@type":"WebPage","@id":"https:\/\/www.meydan.tv\/az\/article\/o-hedde-catdiriblar-ki-usaqla-birge-intihar-etmek-istemisik\/","url":"https:\/\/www.meydan.tv\/az\/article\/o-hedde-catdiriblar-ki-usaqla-birge-intihar-etmek-istemisik\/","name":"''O h\u0259dd\u0259 \u00e7atd\u0131r\u0131blar ki, u\u015faqla birg\u0259 intihar etm\u0259k ist\u0259mi\u015fik'' - MEYDAN.TV","isPartOf":{"@id":"https:\/\/www.meydan.tv\/az\/#website"},"primaryImageOfPage":{"@id":"https:\/\/www.meydan.tv\/az\/article\/o-hedde-catdiriblar-ki-usaqla-birge-intihar-etmek-istemisik\/#primaryimage"},"image":{"@id":"https:\/\/www.meydan.tv\/az\/article\/o-hedde-catdiriblar-ki-usaqla-birge-intihar-etmek-istemisik\/#primaryimage"},"thumbnailUrl":"https:\/\/www.meydan.tv\/wp-content\/uploads\/47120-scaled.jpg","datePublished":"2019-02-18T15:51:00+00:00","breadcrumb":{"@id":"https:\/\/www.meydan.tv\/az\/article\/o-hedde-catdiriblar-ki-usaqla-birge-intihar-etmek-istemisik\/#breadcrumb"},"inLanguage":"az","potentialAction":[{"@type":"ReadAction","target":["https:\/\/www.meydan.tv\/az\/article\/o-hedde-catdiriblar-ki-usaqla-birge-intihar-etmek-istemisik\/"]}]},{"@type":"ImageObject","inLanguage":"az","@id":"https:\/\/www.meydan.tv\/az\/article\/o-hedde-catdiriblar-ki-usaqla-birge-intihar-etmek-istemisik\/#primaryimage","url":"https:\/\/www.meydan.tv\/wp-content\/uploads\/47120-scaled.jpg","contentUrl":"https:\/\/www.meydan.tv\/wp-content\/uploads\/47120-scaled.jpg","width":2560,"height":1920,"caption":"Source:"},{"@type":"BreadcrumbList","@id":"https:\/\/www.meydan.tv\/az\/article\/o-hedde-catdiriblar-ki-usaqla-birge-intihar-etmek-istemisik\/#breadcrumb","itemListElement":[{"@type":"ListItem","position":1,"name":"Ana s\u0259hif\u0259","item":"https:\/\/www.meydan.tv\/az\/"},{"@type":"ListItem","position":2,"name":"B\u00f6lg\u0259","item":"https:\/\/www.meydan.tv\/az\/section\/bolge\/"},{"@type":"ListItem","position":3,"name":"&#8221;O h\u0259dd\u0259 \u00e7atd\u0131r\u0131blar ki, u\u015faqla birg\u0259 intihar etm\u0259k ist\u0259mi\u015fik&#8221;"}]},{"@type":"WebSite","@id":"https:\/\/www.meydan.tv\/az\/#website","url":"https:\/\/www.meydan.tv\/az\/","name":"MEYDAN.TV","description":"Meydan TV Az\u0259rbaycan\u0131n media m\u0259kan\u0131ndak\u0131 alternativ s\u0259sidir","publisher":{"@id":"https:\/\/www.meydan.tv\/az\/#organization"},"potentialAction":[{"@type":"SearchAction","target":{"@type":"EntryPoint","urlTemplate":"https:\/\/www.meydan.tv\/az\/?s={search_term_string}"},"query-input":{"@type":"PropertyValueSpecification","valueRequired":true,"valueName":"search_term_string"}}],"inLanguage":"az"},{"@type":"Organization","@id":"https:\/\/www.meydan.tv\/az\/#organization","name":"Meydan TV","url":"https:\/\/www.meydan.tv\/az\/","logo":{"@type":"ImageObject","inLanguage":"az","@id":"https:\/\/www.meydan.tv\/az\/#\/schema\/logo\/image\/","url":"https:\/\/www.meydan.tv\/wp-content\/uploads\/2021\/07\/meydan-logo.svg","contentUrl":"https:\/\/www.meydan.tv\/wp-content\/uploads\/2021\/07\/meydan-logo.svg","width":195,"height":46,"caption":"Meydan TV"},"image":{"@id":"https:\/\/www.meydan.tv\/az\/#\/schema\/logo\/image\/"}},{"@type":"Person","@id":"https:\/\/www.meydan.tv\/az\/#\/schema\/person\/10d11eccf6da3662cf5fdab9806ea91a","name":"user-manager"}]}},"_links":{"self":[{"href":"https:\/\/www.meydan.tv\/az\/wp-json\/wp\/v2\/posts\/194067","targetHints":{"allow":["GET"]}}],"collection":[{"href":"https:\/\/www.meydan.tv\/az\/wp-json\/wp\/v2\/posts"}],"about":[{"href":"https:\/\/www.meydan.tv\/az\/wp-json\/wp\/v2\/types\/post"}],"author":[{"embeddable":true,"href":"https:\/\/www.meydan.tv\/az\/wp-json\/wp\/v2\/users\/11"}],"replies":[{"embeddable":true,"href":"https:\/\/www.meydan.tv\/az\/wp-json\/wp\/v2\/comments?post=194067"}],"version-history":[{"count":0,"href":"https:\/\/www.meydan.tv\/az\/wp-json\/wp\/v2\/posts\/194067\/revisions"}],"wp:featuredmedia":[{"embeddable":true,"href":"https:\/\/www.meydan.tv\/az\/wp-json\/wp\/v2\/media\/118179"}],"wp:attachment":[{"href":"https:\/\/www.meydan.tv\/az\/wp-json\/wp\/v2\/media?parent=194067"}],"wp:term":[{"taxonomy":"category","embeddable":true,"href":"https:\/\/www.meydan.tv\/az\/wp-json\/wp\/v2\/categories?post=194067"},{"taxonomy":"post_tag","embeddable":true,"href":"https:\/\/www.meydan.tv\/az\/wp-json\/wp\/v2\/tags?post=194067"}],"curies":[{"name":"wp","href":"https:\/\/api.w.org\/{rel}","templated":true}]}}