{"id":194048,"date":"2019-02-16T02:34:56","date_gmt":"2019-02-16T02:34:56","guid":{"rendered":"https:\/\/www.meydan.tv\/article\/siyasi-mehbuslari-nece-mudafie-edirik\/"},"modified":"2019-02-16T02:34:56","modified_gmt":"2019-02-16T02:34:56","slug":"siyasi-mehbuslari-nece-mudafie-edirik","status":"publish","type":"post","link":"https:\/\/www.meydan.tv\/az\/article\/siyasi-mehbuslari-nece-mudafie-edirik\/","title":{"rendered":"Siyasi m\u0259hbuslar\u0131 nec\u0259 m\u00fcdafi\u0259 edirik"},"content":{"rendered":"<figure class=\"wp-block-image size-large\">\n  <img decoding=\"async\" src=\"https:\/\/www.meydan.tv\/az\/118038\/\" alt=\"\" class=\"wp-image-118038\"\/><figcaption><\/figcaption><\/figure>\n<p>\n  <i><br \/>\n    Az\u0259rbaycan art\u0131q ill\u0259rdir ki, \u0259n \u00e7ox siyasi m\u0259hbusu olan \u00f6lk\u0259l\u0259r s\u0131ras\u0131ndad\u0131r. H\u0259r il azadl\u0131\u011fa \u00e7\u0131xanlar\u0131n yerini yenil\u0259ri \u0259v\u0259z etdiyind\u0259n, say da, dem\u0259k olar ki, d\u0259yi\u015fmir. Lakin son zamanlar bir \u00e7ox siyasi m\u0259hbuslar v\u0259 yax\u0131nlar\u0131n\u0131n daha \u00e7ox yerli v\u0259 b\u0259yn\u0259lxalq ictimaiyy\u0259t, el\u0259d\u0259 d\u0259 median\u0131n \u00fcnvan\u0131na \u015fikay\u0259tl\u0259ri art\u0131b. Onlar siyasi m\u0259hbus problemin\u0259 \u0259vv\u0259lki q\u0259d\u0259r diqq\u0259t g\u00f6st\u0259rm\u0259m\u0259sind\u0259n giley edirl\u0259r.<br \/>\n  <\/i>\n<\/p>\n<p>\n  Ba\u015f M\u00fct\u0259\u015f\u0259kkil Cinay\u0259tkarl\u0131qla M\u00fcbariz\u0259 \u0130dar\u0259sinin 2015-ci ilin noyabr\u0131nda Bak\u0131n\u0131n Nardaran q\u0259s\u0259b\u0259sind\u0259 ke\u00e7irdiyi v\u0259 6 n\u0259f\u0259rin h\u0259lak olmas\u0131 il\u0259 n\u0259tic\u0259l\u0259n\u0259n \u0259m\u0259liyyat\u0131na etiraz etdiyin\u0259 g\u00f6r\u0259 h\u0259bs edil\u0259n \u018fhs\u0259n Nuruzad\u0259, \u00f6lk\u0259d\u0259ki sayca 100-d\u0259n \u00e7ox olan siyas\u0131 m\u0259hbusdan biridir. Zeyn\u0259b H\u00fcseynova 7 il h\u0259bs c\u0259zas\u0131 alan o\u011flununun haqq\u0131nda kifay\u0259t q\u0259d\u0259r dan\u0131\u015f\u0131lmad\u0131\u011f\u0131n\u0131, bar\u0259sind\u0259 mediada yaz\u0131lmad\u0131\u011f\u0131n\u0131 deyir:\n<\/p>\n<p>\n  \u201cM\u0259nim o\u011flum dindar olsa da, onu siyasi bax\u0131\u015flar\u0131na g\u00f6r\u0259 h\u0259bs edibl\u0259r. \u018fhs\u0259n h\u0259mi\u015f\u0259 haqs\u0131zl\u0131\u011fa qar\u015f\u0131 \u00e7\u0131x\u0131\u015f edib. Ancaq d\u00fc\u015f\u00fcn\u00fcr\u0259m ki, b\u0259lk\u0259 d\u0259 dindar oldu\u011funa g\u00f6r\u0259 onun h\u0259bsin\u0259 bel\u0259 soyuq yana\u015f\u0131rlar\u201d.\n<\/p>\n<p>\n  Az\u0259rbaycandak\u0131 siyasi m\u0259hbuslar\u0131n siyah\u0131s\u0131n\u0131 ayr\u0131-ayr\u0131l\u0131qda m\u00fcdafi\u0259\u00e7il\u0259rind\u0259n ibar\u0259t iki qrup haz\u0131rlay\u0131r. Siyah\u0131larda \u0259sas\u0259n f\u0259rq b\u0259zi dindar m\u0259hbuslarla ba\u011fl\u0131 fikir ayr\u0131l\u0131\u011f\u0131 s\u0259b\u0259bind\u0259ndir. H\u0259r iki siyah\u0131n\u0131 n\u0259z\u0259r\u0259 alsaq, \u00f6lk\u0259d\u0259 \u00fcmumilikd\u0259 siyasi m\u0259hbus say\u0131 150-y\u0259 yax\u0131nd\u0131r v\u0259 onlar\u0131n t\u0259xmin\u0259n yar\u0131s\u0131 m\u0259hs c\u0259miyy\u0259tin dini k\u0259simd\u0259n olan m\u0259hbuslard\u0131.\n<\/p>\n<figure class=\"wp-block-image size-large\">\n  <img decoding=\"async\" src=\"https:\/\/www.meydan.tv\/az\/ilkin-rustemzade-ve-anasi-atlas-huseynova\/\" alt=\"\u0130lkin R\u00fcst\u0259mzad\u0259 v\u0259 anas\u0131 Atlas H\u00fcseynova\" class=\"wp-image-118032\"\/><figcaption>\n    \u0130lkin R\u00fcst\u0259mzad\u0259 v\u0259 anas\u0131 Atlas H\u00fcseynova<br \/>\n  <\/figcaption><\/figure>\n<p>  Amnesty beyn\u0259lxalq insan haqqlar\u0131 t\u0259\u015fkilat\u0131n\u0131n \u201cvicdan m\u0259hbsusu\u201d kimi tan\u0131d\u0131\u011f\u0131 g\u0259nc f\u0259al \u0130lkin R\u00fcst\u0259mzad\u0259 is\u0259 art\u0131q 6 ildir ki, h\u0259bsd\u0259dir. G\u0259nc f\u0259al\u0131n anas\u0131 Atlas H\u00fcseynova deyir ki, \u0130lkin son zamanlar \u0259sas\u0259n h\u0259bsxanada ona hans\u0131sa t\u0259zyiql\u0259r olundu\u011fu halda g\u00fcnd\u0259m\u0259 g\u0259lir.<\/p>\n<p>  \u201cEl\u0259 \u0259ks\u0259r siyasi m\u0259hbuslar yeni-yeni h\u0259bs olunark\u0259n v\u0259 hans\u0131sa probleml\u0259rl\u0259 qar\u015f\u0131la\u015fanda yada d\u00fc\u015f\u00fcrl\u0259r. Y\u0259ni olnar\u0131n m\u00fcdafi\u0259si kort\u0259bii \u015f\u0259kild\u0259 apar\u0131l\u0131r. M\u0259s\u0259l\u0259n \u0130lkin art\u0131q alt\u0131nc\u0131 ildir ki, h\u0259bsd\u0259di. \u018flb\u0259tt\u0259 ki, onun haqq\u0131nda hesabatlarda da yaz\u0131l\u0131r, lakin tez d\u0259 unudulur. Amma siyasi m\u0259hbuslara davaml\u0131 v\u0259 ciddi d\u0259st\u0259k olmasa v\u0259ziyy\u0259tl\u0259ri daha da pisl\u0259\u015f\u0259c\u0259k\u201d.<br \/>\n  \n<\/p>\n<blockquote><p>\n  Beyn\u0259lxalq s\u0259viyy\u0259d\u0259 t\u0259zyiq yoxdur!\n<\/p><\/blockquote>\n<p>\n  Siyasi m\u0259hbuslar\u0131n ictimaiyy\u0259t t\u0259r\u0259find\u0259n d\u0259st\u0259k g\u00f6rm\u0259si, h\u00fcquqlar\u0131n\u0131n m\u00fcdafi\u0259si m\u0259s\u0259l\u0259sin\u0259 f\u0259rqli yana\u015fanlar da var. Dig\u0259r vicdan m\u0259hbus, jurnalist Seymur H\u0259zinin yolda\u015f\u0131 Nigar H\u0259zi is\u0259 d\u00fc\u015f\u00fcn\u00fcr ki, yerli m\u00fcdafi\u0259 v\u0259 ya m\u0259lumatland\u0131rma problemin h\u0259llin\u0259 ciddi k\u00f6m\u0259k ed\u0259 bilm\u0259z. \u018fsas d\u0259st\u0259k beyn\u0259lxalq insan haqqlar\u0131 t\u0259\u015fkilatlar\u0131 t\u0259r\u0259find\u0259n olunmal\u0131d\u0131r, lakin son ill\u0259r onlar\u0131n bir \u00e7oxu Az\u0259rbaycanda ba\u015f ver\u0259n repressiyalar, siyasi h\u0259bsl\u0259r\u0259 loyal yana\u015f\u0131r v\u0259 m\u00fcdafi\u0259ni z\u0259ifl\u0259dibl\u0259r:\n<\/p>\n<figure class=\"wp-block-image size-large\">\n  <img decoding=\"async\" src=\"https:\/\/www.meydan.tv\/az\/seymur-hezi-ve-xanimi-nigar-hezi\/\" alt=\"Seymur H\u0259zi v\u0259 xan\u0131m\u0131 Nigar H\u0259zi\" class=\"wp-image-118044\"\/><figcaption>\n    Seymur H\u0259zi v\u0259 xan\u0131m\u0131 Nigar H\u0259zi<br \/>\n  <\/figcaption><\/figure>\n<p>  \u201cBa\u015fa d\u00fc\u015f\u00fcl\u0259ndir ki, ard-arda h\u0259bs edil\u0259nl\u0259r var dey\u0259 sistemli m\u00fcdafi\u0259 apar\u0131la bilmir. Lakin a\u00e7\u0131qca g\u00f6r\u00fcn\u00fcr ki, beyn\u0259lxalq t\u0259\u015fkilatlar\u0131n siyasi m\u0259hbuslara diqq\u0259ti xeyli azald\u0131b. Onlarla ba\u011fl\u0131 h\u00f6k\u00fcm\u0259t\u0259 t\u0259zyiql\u0259r edilmir, r\u0259smi dan\u0131\u015f\u0131qlara gedilmir. \u00a0Siyasi m\u0259hbus ail\u0259l\u0259rinin durumu get-ged\u0259 pisl\u0259\u015fir. H\u0259bsd\u0259 m\u0259hbsulara t\u0259zyiql\u0259r art\u0131r\u201d.\n<\/p>\n<blockquote><p>\n  Vicdanl\u0131l\u0131q prinsipi\n<\/p><\/blockquote>\n<p>\n  Siyasi m\u0259hbuslar\u0131n m\u00fcdafi\u0259si il\u0259 m\u0259\u015f\u011ful olan v\u0259kil Yal\u00e7\u0131n \u0130manov siyasi m\u0259hbuslar\u0131n m\u00fcdafi\u0259sinin \u0259sas\u0259n m\u0259hbusun \u00e7evr\u0259si m\u0259s\u0259l\u0259sin\u0259 \u00e7evrildiyini deyir:<\/p>\n<p>  \u201cH\u0259r siyasi m\u0259hbusun \u00e7evr\u0259sind\u0259n, f\u0259aliyy\u0259tind\u0259n as\u0131l\u0131 olaraq ona diqq\u0259t f\u0259rqli ola bil\u0259r, amma bel\u0259 olan halda f\u0259rq a\u015fkar g\u00f6r\u00fcnm\u0259m\u0259lidir. Bir m\u0259hbusun ad\u0131 h\u0259r g\u00fcn hallans\u0131n ancaq m\u0259hbuslar var ki ad\u0131 \u00e7\u0259kilmir ya problemi qald\u0131r\u0131lm\u0131r. H\u0259tta xaricd\u0259ki aksiyalarda bel\u0259 ancaq bir ne\u00e7\u0259 bir qrup m\u0259hbusun \u015f\u0259kli g\u00f6strilir. Bu art\u0131q \u00e7evr\u0259 m\u0259s\u0259l\u0259sin\u0259 \u00e7evrilib. Bu yana\u015fma il\u0259 hans\u0131sa problemi h\u0259ll etm\u0259k m\u00fcmk\u00fcn deyil.\n<\/p>\n<figure class=\"wp-block-image size-large\">\n  <img decoding=\"async\" src=\"https:\/\/www.meydan.tv\/az\/vekil-yalcin-imanov-3\/\" alt=\"V\u0259kil Yal\u00e7\u0131n \u0130manov\" class=\"wp-image-118047\"\/><figcaption>\n    V\u0259kil Yal\u00e7\u0131n \u0130manov<br \/>\n  <\/figcaption><\/figure>\n<p>\n  Yal\u00e7\u0131n \u0130manov hesab edir ki, siyasi m\u0259hbuslar\u0131n m\u00fcdafi\u0259si m\u0259s\u0259l\u0259sind\u0259 \u0259sas\u0259n vicdanl\u0131l\u0131q prinsipi \u00f6n\u0259 \u00e7\u0259kilm\u0259lidir:\n<\/p>\n<p>\n  \u201cBu problemin h\u0259lli qar\u015f\u0131ya qoyulmu\u015f h\u0259d\u0259fdirs\u0259, siyasi m\u0259hbus kimi tan\u0131nan \u015f\u0259xsl\u0259rin i\u015fin\u0259 x\u00fcsusi h\u0259ssasl\u0131qla yana\u015f\u0131lmal\u0131d\u0131r. Beyn\u0259lxalq t\u0259\u015fkilatlar da adlar\u0131n\u0131 \u00e7\u0259kdikl\u0259ri h\u0259r bir adamla ba\u011fl\u0131 vaxta\u015f\u0131r\u0131 kompaniyalar\u0131n apar\u0131lmas\u0131n\u0131 t\u0259\u015fkil etm\u0259lidirl\u0259r.\u201d.\n<\/p>\n<blockquote><p>\n  Siyasi m\u0259hbus m\u0259s\u0259l\u0259sind\u0259 \u201cmonopoliya\u201d\n<\/p><\/blockquote>\n<p>\n  Siyasi m\u0259hbus ail\u0259l\u0259ri bar\u0259d\u0259 m\u0259lumatlar\u0131 toplayan, onlar\u0131 \u0259laq\u0259l\u0259ndir\u0259n Siyasi M\u0259hbus Ail\u0259l\u0259rinin Koordinasiya M\u0259rk\u0259zinin s\u0259dri Z\u0259f\u0259r \u018fhm\u0259dov da deyir ki, m\u0259hbsualar\u0131n m\u00fcdafi\u0259sind\u0259 monopoliya var, amma t\u0259bii monopoliya:<\/p>\n<p>  \u201cSiyasi f\u0259aliyy\u0259tin\u0259 v\u0259 bax\u0131\u015flar\u0131na g\u00f6r\u0259 h\u0259bs edil\u0259nl\u0259r \u015f\u0259xsl\u0259rin yerli h\u00fcquq m\u00fcdafi\u0259\u00e7il\u0259rinin haz\u0131rlad\u0131\u011f\u0131 siyasi m\u0259hbus siyah\u0131s\u0131na sal\u0131nmas\u0131nda hans\u0131sa bir problem yoxdur. Amma he\u00e7 d\u0259 onlar\u0131n g\u00fcnd\u0259md\u0259 saxlan\u0131lmas\u0131, adlar\u0131n\u0131n mediada, t\u0259dbirl\u0259rd\u0259, hesabatlarda \u00e7\u0259kilm\u0259si m\u0259s\u0259l\u0259si eyni qaydada ba\u015f vermir. M\u0259s\u0259l\u0259n, hans\u0131sa partiyalar daha \u00e7ox \u00f6z partiyada\u015flar\u0131n\u0131n m\u0259s\u0259l\u0259sini qabard\u0131rlar. El\u0259 ke\u00e7iril\u0259n etiraz aksiyalar\u0131ndak\u0131 posterl\u0259rd\u0259n d\u0259 g\u00f6r\u00fcn\u0259n odur ki, daha \u00e7ox tan\u0131nm\u0131\u015f \u015f\u0259xsl\u0259r \u00f6n\u0259 \u00e7\u0259kilir. Ail\u0259l\u0259r d\u0259, ictimai insanlar da bu i\u015fl\u0259rin b\u0259rab\u0259r \u015f\u0259kild\u0259 apar\u0131lmas\u0131na \u00e7al\u0131\u015fmal\u0131d\u0131r\u201d.\n<\/p>\n<blockquote><p>\n  Siyasi m\u0259hbus ail\u0259l\u0259rin\u0259 maddi yard\u0131m\n<\/p><\/blockquote>\n<p>\n  Maddi s\u0131x\u0131nt\u0131lar\u0131 olan siyasi m\u0259hbuslar\u0131n h\u00fcquqi m\u00fcdafi\u0259si v\u0259 ail\u0259l\u0259rin\u0259 yard\u0131m bir s\u0131ra h\u00fcquq m\u00fcdafi\u0259 t\u0259\u015fkilatlar\u0131 il\u0259 yana\u015f\u0131, f\u0259rdi \u015f\u0259xsl\u0259r t\u0259r\u0259find\u0259n d\u0259 h\u0259yata ke\u00e7irilir. Mi\u00fct\u0259lif qruplar t\u0259r\u0259find\u0259n pul toplama kompaniyalar\u0131 apar\u0131l\u0131r. Bu c\u00fcr k\u00fctl\u0259vi v\u0259t\u0259nda\u015f t\u0259\u015f\u0259bb\u00fcsl\u0259rind\u0259n biri d\u0259 xaricd\u0259 ya\u015fayan bir qrup m\u00fchacirin ikinci ildir ki realla\u015fd\u0131rd\u0131\u011f\u0131 \u201cM\u0259n d\u0259 varam\u201d adl\u0131 aksiyad\u0131r. Aksiyan\u0131n t\u0259\u015fkilat\u00e7\u0131lar\u0131ndan olan m\u00fchacir Nahid C\u0259f\u0259rov h\u0259r ay m\u00fct\u0259madi olaraq t\u0259xmin\u0259n 20 siyasi m\u0259hbus ail\u0259sin\u0259 davaml\u0131 yard\u0131m etdikl\u0259rini bildirir. O siyasi m\u0259hbus ail\u0259si se\u00e7imind\u0259 \u0259sas meyar\u0131n maddi ehtiyac m\u0259s\u0259l\u0259si oldu\u011funu deyir:\n<\/p>\n<figure class=\"wp-block-image size-large\">\n  <img decoding=\"async\" src=\"https:\/\/www.meydan.tv\/az\/oyan-herekatinin-hem-tesiscisi-nahid-ceferov\/\" alt=\"&#8221;OYAN&#8221; H\u0259r\u0259kat\u0131n\u0131n H\u0259m-t\u0259sis\u00e7isi Nahid C\u0259f\u0259rov\" class=\"wp-image-118041\"\/><figcaption>\n    &#8221;OYAN&#8221; H\u0259r\u0259kat\u0131n\u0131n H\u0259m-t\u0259sis\u00e7isi Nahid C\u0259f\u0259rov<br \/>\n  <\/figcaption><\/figure>\n<p>\n  <br \/>\n  \u201c\u018fsas\u0259n siyasi m\u0259hbus kimi tan\u0131nan \u015f\u0259xsl\u0259r\u0259 yard\u0131m edirik. Onlar haqqda m\u0259lumatlar\u0131 Siyasi M\u0259hbus Ail\u0259l\u0259rinin Koordinasiya M\u0259rk\u0259zind\u0259n al\u0131r\u0131q v\u0259 maddi durumu \u00e7\u0259tin olanlara \u00fcst\u00fcnl\u00fck veririk. Yard\u0131m etdikl\u0259rimiz aras\u0131nda h\u0259m dini bax\u0131\u015flar\u0131na g\u00f6r\u0259 h\u0259bs edil\u0259nl\u0259r, h\u0259m jurnalistl\u0259r, h\u0259m d\u0259 m\u00fcxt\u0259lif partiyalardan olan f\u0259allar var. F\u0259rq qoymama\u011fa v\u0259 \u0259dal\u0259tli olma\u011fa \u00e7al\u0131\u015f\u0131r\u0131q. Amma bunu n\u0259 d\u0259r\u0259c\u0259d\u0259 bacar\u0131r\u0131q dey\u0259 bilm\u0259r\u0259m\u201d.<br \/>\n  \n<\/p>\n<blockquote><p>\n  Media da ayr\u0131se\u00e7kiliy\u0259 yol verir\n<\/p><\/blockquote>\n<p>\n  \u00d6lk\u0259d\u0259 azad mediaya v\u0259 m\u00fcst\u0259qil jurnalistl\u0259r\u0259 basq\u0131lar oldu\u011fundan siyasi m\u0259hbus\u00a0 problemi haqda da yazanlar \u00e7ox deyil. Bir \u00e7ox siyasi m\u0259hbuslarla yana\u015f\u0131 Nardaran hadis\u0259l\u0259rin\u0259 g\u00f6r\u0259 h\u0259bs edil\u0259nl\u0259rin d\u0259 m\u0259hk\u0259m\u0259 prosesl\u0259rini i\u015f\u0131qland\u0131rma\u011fa \u00e7al\u0131\u015fan m\u00fcst\u0259qil jurnalist Ayt\u0259n M\u0259mm\u0259dova bu m\u00f6vzuda mediada da ayr\u0131se\u00e7kiliyin olmas\u0131ndan dan\u0131\u015f\u0131r. Onun s\u00f6zl\u0259rin\u0259 g\u00f6r\u0259, bu ayr\u0131se\u00e7kilik \u0259sas\u0259n ictimaiyy\u0259td\u0259ki f\u0259rli ideoloji yana\u015fmalar do\u011fur:\n<\/p>\n<p>\n  \u201cX\u00fcsus\u0259n dini bax\u0131\u015flar\u0131na g\u00f6r\u0259 h\u0259bs edil\u0259n m\u0259hbuslara qar\u015f\u0131 mediada, v\u0259t\u0259nda\u015f c\u0259miyy\u0259ti sektorunda f\u0259rqli yana\u015fma var. B\u0259z\u0259n bu yana\u015fma \u00f6nyar\u011f\u0131lar, steriotipl\u0259r\u0259 \u0259saslan\u0131r. N\u0259tic\u0259d\u0259 bu ayr\u0131se\u00e7kilik mediada da, h\u0259tta sosial \u015f\u0259b\u0259k\u0259l\u0259r\u0259 d\u0259 n\u0259z\u0259r sald\u0131qda da ayd\u0131n g\u00f6z\u0259 \u00e7arp\u0131r. Dini bax\u0131\u015f\u0131na g\u00f6r\u0259 h\u0259bs edil\u0259n hans\u0131sa siyasi m\u0259hbusa qar\u015f\u0131 ciddi qanun pozuntular\u0131 olsa da, jurnalistl\u0259r bu m\u00f6vzuya diqq\u0259t etmirl\u0259r, dindarlar\u0131n m\u0259hk\u0259m\u0259l\u0259rd\u0259 i\u015ftirak etmirl\u0259r. H\u0259l\u0259 d\u0259 b\u0259d\u0259nind\u0259 g\u00fcll\u0259l\u0259rl\u0259 g\u0259z\u0259n a\u011f\u0131rlar \u00e7\u0259k\u0259n v\u0259 h\u00fcquqlar\u0131 pozulan siyasi m\u0259hbuslar var ki, bar\u0259l\u0259rind\u0259 kims\u0259 yazm\u0131r. El\u0259 c\u0259miyy\u0259tin siyasi k\u0259simi d\u0259 buna diqq\u0259t etmir\u201d.\n<\/p>\n<blockquote><p>\n  \u201cSiyasi m\u0259hbus probleminin h\u0259lli \u00fc\u00e7\u00fcn ciddi i\u015fl\u0259r g\u00f6r\u00fcl\u00fcr\u201d\n<\/p><\/blockquote>\n<p>\n  REAL partiyas\u0131n\u0131n \u00fczv\u00fc v\u0259 \u00f6lk\u0259 \u00fczr\u0259 siyasi m\u0259hbus siyah\u0131s\u0131n\u0131n haz\u0131rlanmas\u0131n\u0131 h\u0259yata ke\u00e7ir\u0259n i\u015f\u00e7i qruplar\u0131ndan birind\u0259 f\u0259al i\u015ftirak ed\u0259n h\u00fcquq m\u00fcdafi\u0259\u00e7isi, ke\u00e7mi\u015f siyasi m\u0259hbus R\u0259sul C\u0259f\u0259rov is\u0259 siyasi m\u0259hbuslarla ba\u011fl\u0131 informasiya yay\u0131m\u0131 v\u0259 m\u00fcdafi\u0259 i\u015finin normal apar\u0131ld\u0131\u011f\u0131n\u0131 deyir:\n<\/p>\n<figure class=\"wp-block-image size-large\">\n  <img decoding=\"async\" src=\"https:\/\/www.meydan.tv\/az\/huquq-mudafiecisi-mehbus-resul-ceferov\/\" alt=\"H\u00fcquq m\u00fcdafi\u0259\u00e7isi m\u0259hbus R\u0259sul C\u0259f\u0259rov\" class=\"wp-image-118050\"\/><figcaption>\n    H\u00fcquq m\u00fcdafi\u0259\u00e7isi m\u0259hbus R\u0259sul C\u0259f\u0259rov<br \/>\n  <\/figcaption><\/figure>\n<p>  \u201cOla bil\u0259r ki, Avropa M\u0259hk\u0259m\u0259sind\u0259n m\u00fcsb\u0259t q\u0259rar olduqda v\u0259 ya t\u0259\u015fkilatlar t\u0259r\u0259find\u0259n daha \u00e7ox diqq\u0259t oldu\u011funa g\u00f6r\u0259 b\u0259zi i\u015fl\u0259r daha \u00e7ox \u00f6n\u0259 \u00e7\u0131x\u0131r. Lakin hans\u0131sa t\u0259dbird\u0259, g\u00f6r\u00fc\u015fl\u0259rd\u0259 fiziki olaraq h\u0259r bir m\u0259hbusun ad\u0131n\u0131 \u00e7\u0259km\u0259k m\u00fcmk\u00fcn deyil. \u018fslind\u0259 adlar\u0131n daha \u00e7ox \u00e7\u0259kilm\u0259sind\u0259ns\u0259, problemin \u00f6z\u00fcn\u0259 diqq\u0259tin verilm\u0259si daha \u00f6n\u0259mlidir\u201d.<\/p>\n<p>  H\u00fcquq m\u00fcdafi\u0259\u00e7isi \u0259lav\u0259 edir ki, m\u00fct\u0259madi m\u0259lumatlar verilm\u0259s\u0259 d\u0259, beyn\u0259lxalq t\u0259\u015fkilatlarda Az\u0259rbaycan\u0131n siyasi m\u0259hbus m\u0259s\u0259l\u0259si m\u00fczakir\u0259 edilir:\n<\/p>\n<p>\n  \u201cAvropa Birliyi il\u0259 Az\u0259rbaycan aras\u0131nda ikit\u0259r\u0259fli m\u00fcqavil\u0259nin ba\u011flanmas\u0131 y\u00f6n\u00fcnd\u0259 dan\u0131\u015f\u0131qlar gedir. Bundan da istifad\u0259 edib siyasi m\u0259hbuslar\u0131n azadl\u0131\u011fa \u00e7\u0131xmas\u0131 il\u0259 ba\u011fl\u0131 i\u015fl\u0259ri s\u00fcr\u0259tl\u0259ndirm\u0259k laz\u0131md\u0131r. Avropa Parlamenti a\u00e7\u0131q \u015f\u0259kild\u0259 q\u0259tnam\u0259 q\u0259bul edib, siyasi m\u0259hbuslar\u0131n azadl\u0131\u011fa burax\u0131lmayaca\u011f\u0131 t\u0259qdird\u0259 Avropa Birliyi il\u0259 Az\u0259rbaycanla aras\u0131nda olan m\u00fcqavil\u0259ni ratifikasiya etm\u0259y\u0259c\u0259yi haqda b\u0259yanat\u0131n\u0131 n\u0259z\u0259r\u0259 alqsaq, bu, kifay\u0259t q\u0259d\u0259r ciddi mesaj hesab oluna bil\u0259r. Onu dey\u0259 bil\u0259r\u0259m ki, siyasi m\u0259hbuslarla ba\u011fl\u0131 m\u00fcmk\u00fcn olan h\u0259r \u015fey edilir\u201d.\n<\/p>\n<blockquote><p>\n  Beyn\u0259lxalq t\u0259\u015fkilatlar\u0131n diqq\u0259ti niy\u0259 azal\u0131b?\n<\/p><\/blockquote>\n<p>\n  Freedom House t\u0259\u015fkilat\u0131 Az\u0259rbaycan \u00fczr\u0259 \u00fcmumilikd\u0259 insan h\u00fcquqlar\u0131n\u0131n durumu il\u0259 yana\u015f\u0131, m\u0259tbuat v\u0259 internet azadl\u0131\u011f\u0131 \u00fczr\u0259 illik hesabatlar haz\u0131rlay\u0131r. T\u0259\u015fkilat\u0131n sonuncu \u201cD\u00fcnyada Azadl\u0131q &#8211; 2018\u201d adl\u0131 hesabat\u0131na g\u00f6r\u0259, Az\u0259rbaycan 49\u00a0 azad olmayan \u00f6lk\u0259l\u0259r siyah\u0131s\u0131ndad\u0131.\n<\/p>\n<p>\n  Freedom House t\u0259\u015fkilat\u0131n\u0131n Avrasiya \u00fczr\u0259 direktoru Marc Behrendt h\u0259bsd\u0259 olan \u015f\u0259xsl\u0259r\u0259 f\u0259rdi qaydada b\u0259yn\u0259lxalq diqq\u0259tin h\u0259bsxanada onlara qar\u015f\u0131 davran\u0131\u015fa m\u00fcsb\u0259t t\u0259sir ed\u0259 bil\u0259c\u0259yini qeyd edir. Onun s\u00f6zl\u0259rin\u0259 g\u00f6r\u0259, statistika da g\u00f6st\u0259rir ki, hans\u0131sa m\u0259hbusun m\u00fcdafi\u0259si olmad\u0131\u011f\u0131 v\u0259 ya ba\u015f ver\u0259nl\u0259ri kiml\u0259rs\u0259 n\u0259zar\u0259td\u0259 saxlamad\u0131\u011f\u0131 t\u0259qdird\u0259, i\u015fg\u0259nc\u0259y\u0259 m\u0259ruz qalma ehtimal\u0131 daha \u00e7oxdur:\n<\/p>\n<p>\n  \u201cFreedom House siyasi m\u0259hbuslar\u0131n h\u00fcquqlar\u0131n\u0131 h\u00f6kum\u0259tl\u0259ri m\u0259suliyy\u0259t\u0259 c\u0259lb etm\u0259k \u00fc\u00e7\u00fcn hesabat mexanizml\u0259ri, f\u0259rdi hallar \u00fczr\u0259 b\u0259yanatlar verm\u0259kl\u0259 v\u0259 insan haqqlar\u0131 m\u00fcdafi\u0259\u00e7il\u0259rin\u0259 bilavasit\u0259 yard\u0131mlar ed\u0259r\u0259k d\u0259st\u0259kl\u0259m\u0259kl\u0259 m\u00fcdafi\u0259 edir.\u00a0 B\u0259z\u0259n biz m\u0259hbuslara k\u00f6m\u0259k etm\u0259k \u00fc\u00e7\u00fcn maddi yard\u0131mlar edirik.\n<\/p>\n<figure class=\"wp-block-image size-large\">\n  <img decoding=\"async\" src=\"https:\/\/www.meydan.tv\/az\/118053\/\" alt=\"\" class=\"wp-image-118053\"\/><figcaption><\/figcaption><\/figure>\n<p>\n  Amma do\u00f6rudur ki, siyasi m\u0259hbuslar\u0131n h\u00fcquqlar\u0131n\u0131n m\u00fcdafi\u0259si \u00e7\u0259tindir. \u00dcmumilikd\u0259 v\u0259t\u0259nda\u015flar\u0131n h\u00fcquqlar\u0131na g\u00f6r\u0259 m\u0259suliyyy\u0259ti h\u00f6kum\u0259tl\u0259r da\u015f\u0131y\u0131r v\u0259 bunu etm\u0259dikd\u0259, onlar\u0131 m\u0259suliyy\u0259t\u0259 c\u0259lb etm\u0259k imkanlar\u0131 m\u0259hdud olur. Az\u0259rbaycandak\u0131 m\u00f6vcud siyasi m\u0259hbus say\u0131n\u0131 n\u0259z\u0259r\u0259 alasaq dey\u0259 bil\u0259rik ki, biz kifay\u0259t q\u0259d\u0259r u\u011furlu deyilik\u201d.\n<\/p>\n<p>\n  Marc Behredt h\u0259m\u00e7inin qeyd edir ki, avtoritar \u00f6lk\u0259l\u0259r d\u00fcnyada ba\u015fqalar\u0131n\u0131n onlar haqda n\u0259 d\u00fc\u015f\u00fcnd\u00fckl\u0259rini vecl\u0259rin\u0259 almay\u0131rlarm\u0131\u015f kimi davran\u0131rlar:\n<\/p>\n<p>\n  \u201cAvtoritar \u00f6lk\u0259l\u0259rd\u0259 bizim t\u0259tbiq etdiyimiz ist\u0259nil\u0259n hans\u0131sa bir vasit\u0259l\u0259ri istifad\u0259 etm\u0259kl\u0259 onlar\u0131 m\u0259suliyy\u0259t\u0259 c\u0259lb etm\u0259k \u015fanslar\u0131m\u0131z azal\u0131r. Bununla bel\u0259 m\u0259n hesab edir\u0259m ki, bizim \u0259ks\u0259z hallarda g\u00f6r\u00fcnd\u00fcy\u00fcnd\u0259n daha \u00e7ox t\u0259sir etm\u0259k imkanlar\u0131m\u0131z var. Bu s\u0259b\u0259bd\u0259n d\u0259 hesab edir\u0259m ki, beyn\u0259lxalq ictimaiyy\u0259t bu h\u00f6kum\u0259tl\u0259rin insan haqqlar\u0131 il\u0259 ba\u011fl\u0131 \u00f6z \u00fcz\u0259rl\u0259rin\u0259 g\u00f6t\u00fcrd\u00fckl\u0259ri \u00f6hd\u0259likl\u0259rini yerin\u0259 yetrim\u0259l\u0259ri \u00fc\u00e7\u00fcn onlarda onlarla \u015f\u0259xsi v\u0259 ictimai qaydada qar\u015f\u0131l\u0131ql\u0131 \u0259laq\u0259l\u0259rini davam etdirm\u0259lidirl\u0259r\u201d.\n<\/p>\n<blockquote><p>\n  Kim, niy\u0259 susur v\u0259 ya n\u0259 etm\u0259k olar?\n<\/p><\/blockquote>\n<p>\n  Vicdan m\u0259hbusu, bloqqer Mehman H\u00fcseynovun art\u0131q 10 g\u00fcnd\u0259n \u00e7oxdur ki, h\u0259bsxanada acl\u0131q aksiyas\u0131na ba\u015flamas\u0131, \u00fcmumilikd\u0259 \u00f6lk\u0259d\u0259ki siyasi m\u0259hbus problemini bir daha diqq\u0259ti c\u0259lb etmi\u015f oldu. Mehman H\u00fcseyov h\u0259bsd\u0259n \u00e7\u0131xmas\u0131na t\u0259xmin\u0259n iki ay qalm\u0131\u015f bar\u0259sind\u0259 yeni cinay\u0259t i\u015fi a\u00e7\u0131ld\u0131\u011f\u0131na g\u00f6r\u0259 etiraz edir. Hadis\u0259 xarici m\u0259tbuat\u0131n da diqq\u0259tini c\u0259lb etm\u0259kl\u0259 yana\u015f\u0131, beyn\u0259lxalq insan haqqlar\u0131 t\u0259\u015fkilatlar\u0131 v\u0259 qurumlar\u0131 t\u0259r\u0259find\u0259n k\u0259skin b\u0259y\u0259natlara s\u0259b\u0259b olub. Mehman H\u00fcseynovu d\u0259st\u0259kl\u0259m\u0259k \u00fc\u00e7\u00fcn g\u0259ncl\u0259rd\u0259n tutmu\u015f, b\u0259zi siyasil\u0259r\u0259 q\u0259d\u0259r \u00f6lk\u0259d\u0259 v\u0259 xaricd\u0259 ke\u00e7\u0259l\u0259r\u0259 \u00e7\u0131xaraq etiraz ed\u0259nl\u0259r, video m\u00fcraci\u0259tl\u0259r yayanlar v\u0259 h\u0259tta acl\u0131q aksiyas\u0131na qo\u015fulanlar var. El\u0259 sosial \u015f\u0259b\u0259k\u0259l\u0259rd\u0259 d\u0259 \u201cMehman H\u00fcseynova daha nec\u0259 d\u0259st\u0259k ola bil\u0259rik?\u201d sual\u0131 \u0259traf\u0131nda davaml\u0131 m\u00fczakir\u0259l\u0259r apar\u0131l\u0131r. Lakin g\u0259nc bloqqerin \u00a0qarda\u015f\u0131, siyasi m\u00fchacir Emin H\u00fcseynov is\u0259 yerli ictimaiyy\u0259t n\u00fcmay\u0259nd\u0259l\u0259rini, partiyalar\u0131 susmaqda, hadis\u0259y\u0259 aktiv reaksiya verm\u0259m\u0259kd\u0259 q\u0131nay\u0131r:\n<\/p>\n<figure class=\"wp-block-image size-large\">\n  <img decoding=\"async\" src=\"https:\/\/www.meydan.tv\/az\/mehman-huseynov-ve-emin-huseynov\/\" alt=\"Mehman H\u00fcseynov v\u0259 Emin H\u00fcseynov\" class=\"wp-image-118059\"\/><figcaption>\n    Mehman H\u00fcseynov v\u0259 Emin H\u00fcseynov<br \/>\n  <\/figcaption><\/figure>\n<p>\n  \u201cM\u00fcxalif\u0259t partiyalar ilin \u0259n b\u00f6y\u00fck hadis\u0259sin\u0259 reaksiya verm\u0259lidirl\u0259r. Partiyalar susmamal\u0131d\u0131rlar. S\u00f6hb\u0259t insan haqqlar\u0131ndan getmir t\u0259kc\u0259. Bu, d\u00f6vl\u0259tin etdiyi cinay\u0259tdir v\u0259 siyasi k\u0259sim m\u00fctl\u0259q reaksiya verm\u0259lidir. Siyasi qiym\u0259tl\u0259ndirilm\u0259 apar\u0131lm\u0131r. Qeyri H\u00f6k\u00fcm\u0259t t\u0259\u015fkilatlar\u0131 da susurlar\u201d.\n<\/p>\n<blockquote><p>\n  \u201cSiyasi m\u0259hbuslar\u0131n h\u0259r birini c\u0259miyy\u0259t tan\u0131mal\u0131d\u0131r\u201d\n<\/p><\/blockquote>\n<p>\n  Ke\u00e7mi\u015f siyasi m\u0259hbus, jurnalist v\u0259 siyasi analitik Rauf Mirq\u0259dirov da deyir ki, m\u00fcdafi\u0259nin p\u0259rak\u0259ndliyinin bir ne\u00e7\u0259 s\u0259b\u0259bl\u0259ri olsa da, sistemli \u015f\u0259kild\u0259 siyah\u0131dak\u0131 b\u00fct\u00fcn m\u0259hbuslar bar\u0259d\u0259 m\u0259lumatlar yay\u0131lmal\u0131 v\u0259 daha effektiv m\u00fcdafi\u0259 i\u015fi qurulmal\u0131d\u0131r:<br \/>\n  <br \/>\n  \u201cT\u0259\u0259ss\u00fcf ki, siyasi m\u0259hbuslar\u0131n h\u00fcquqular\u0131n\u0131n qorunmas\u0131nda h\u0259r zaman f\u0259rq olub. Bu, onlar\u0131n \u015f\u0259xs\u0259n tan\u0131nm\u0131\u015f biri olub olmamas\u0131,\u00a0 aid olduqlar\u0131 partiyalar\u0131n g\u00fcc\u00fc, ist\u0259r f\u0259aliyy\u0259tl\u0259rinin miqyas\u0131 v\u0259 ya idealogiyas\u0131ndak\u0131 f\u0259rqd\u0259n ir\u0259li g\u0259lir. M\u0259s\u0259l\u0259n, n\u0259 q\u0259d\u0259r h\u00fcquq m\u00fcdafi\u0259\u00e7il\u0259ri etiraf etm\u0259s\u0259l\u0259r d\u0259, dindarlar\u0131n m\u00fcdafi\u0259sin\u0259 b\u0259rab\u0259r yana\u015fma bel\u0259 yoxdu. Bu problemi aradan qald\u0131rmaq \u00fc\u00e7\u00fcn siyah\u0131 \u00fczr\u0259 media v\u0259 ya h\u00fcquq m\u00fcdafi\u0259\u00e7il\u0259ri h\u0259r siyasi m\u0259hbusla ba\u011fl\u0131 m\u0259lumat yayma\u011fa \u00e7al\u0131\u015fmal\u0131d\u0131rlar. Bunu b\u00f6lg\u00fc il\u0259 etm\u0259k olar. H\u0259r ay 4-5 m\u0259hbusa h\u0259sr edib onlar\u0131 g\u00fcnd\u0259m\u0259, diqq\u0259t\u0259 g\u0259tirm\u0259k m\u00fcmk\u00fcnd\u00fcr\u201d.<\/p>\n<p>  Rauf Mirq\u0259dirov h\u0259m\u00e7inin \u0259lav\u0259 edir ki, partiyas\u0131ndan, \u00e7evr\u0259sind\u0259n as\u0131l\u0131 olmayaraq \u00f6lk\u0259d\u0259 siyasi m\u0259hbuslar\u0131n m\u00fcdafi\u0259si \u00fc\u00e7\u00fcn m\u0259n\u0259vi v\u0259 maddi resurslar da q\u0131td\u0131r. M\u0259s\u0259l\u0259n, v\u0259kill\u0259rin lisenziyas\u0131 \u0259ll\u0259rind\u0259n al\u0131n\u0131r, v\u0259 yaxud \u00f6lk\u0259d\u0259 h\u00fcquq m\u00fcdafi\u0259 t\u0259\u015fkilatlar\u0131n\u0131n i\u015fin\u0259 ciddi \u0259ng\u0259ll\u0259r yarad\u0131l\u0131r. Bu da m\u0259hbuslar\u0131n olsa effektiv m\u00fcdafi\u0259sin\u0259 ciddi t\u0259sir g\u00f6st\u0259r\u0259n amill\u0259rd\u0259ndir.<\/p>\n","protected":false},"excerpt":{"rendered":"<p>Az\u0259rbaycan art\u0131q ill\u0259rdir ki, \u0259n \u00e7ox siyasi m\u0259hbusu olan \u00f6lk\u0259l\u0259r s\u0131ras\u0131ndad\u0131r.<\/p>\n","protected":false},"author":11,"featured_media":118038,"comment_status":"closed","ping_status":"open","sticky":false,"template":"","format":"standard","meta":{"_acf_changed":false,"_sitemap_exclude":false,"_sitemap_priority":"","_sitemap_frequency":"","footnotes":""},"categories":[51],"tags":[],"class_list":["post-194048","post","type-post","status-publish","format-standard","has-post-thumbnail","hentry","category-analitika","infinite-scroll-item","generate-columns","tablet-grid-50","mobile-grid-100","grid-parent","grid-33","no-featured-image-padding"],"acf":[],"yoast_head":"<!-- This site is optimized with the Yoast SEO plugin v27.4 - https:\/\/yoast.com\/product\/yoast-seo-wordpress\/ -->\n<title>Siyasi m\u0259hbuslar\u0131 nec\u0259 m\u00fcdafi\u0259 edirik - MEYDAN.TV<\/title>\n<meta name=\"robots\" content=\"index, follow, max-snippet:-1, max-image-preview:large, max-video-preview:-1\" \/>\n<link rel=\"canonical\" href=\"https:\/\/www.meydan.tv\/az\/article\/siyasi-mehbuslari-nece-mudafie-edirik\/\" \/>\n<meta property=\"og:locale\" content=\"az_AZ\" \/>\n<meta property=\"og:type\" content=\"article\" \/>\n<meta property=\"og:title\" content=\"Siyasi m\u0259hbuslar\u0131 nec\u0259 m\u00fcdafi\u0259 edirik - MEYDAN.TV\" \/>\n<meta property=\"og:description\" content=\"Az\u0259rbaycan art\u0131q ill\u0259rdir ki, \u0259n \u00e7ox siyasi m\u0259hbusu olan \u00f6lk\u0259l\u0259r s\u0131ras\u0131ndad\u0131r.\" \/>\n<meta property=\"og:url\" content=\"https:\/\/www.meydan.tv\/az\/article\/siyasi-mehbuslari-nece-mudafie-edirik\/\" \/>\n<meta property=\"og:site_name\" content=\"MEYDAN.TV\" \/>\n<meta property=\"article:published_time\" content=\"2019-02-16T02:34:56+00:00\" \/>\n<meta property=\"og:image\" content=\"https:\/\/www.meydan.tv\/wp-content\/uploads\/47072-scaled.jpg\" \/>\n\t<meta property=\"og:image:width\" content=\"2560\" \/>\n\t<meta property=\"og:image:height\" content=\"1440\" \/>\n\t<meta property=\"og:image:type\" content=\"image\/jpeg\" \/>\n<meta name=\"author\" content=\"user-manager\" \/>\n<meta name=\"twitter:card\" content=\"summary_large_image\" \/>\n<script type=\"application\/ld+json\" class=\"yoast-schema-graph\">{\"@context\":\"https:\\\/\\\/schema.org\",\"@graph\":[{\"@type\":\"Article\",\"@id\":\"https:\\\/\\\/www.meydan.tv\\\/az\\\/article\\\/siyasi-mehbuslari-nece-mudafie-edirik\\\/#article\",\"isPartOf\":{\"@id\":\"https:\\\/\\\/www.meydan.tv\\\/az\\\/article\\\/siyasi-mehbuslari-nece-mudafie-edirik\\\/\"},\"author\":{\"name\":\"user-manager\",\"@id\":\"https:\\\/\\\/www.meydan.tv\\\/az\\\/#\\\/schema\\\/person\\\/10d11eccf6da3662cf5fdab9806ea91a\"},\"headline\":\"Siyasi m\u0259hbuslar\u0131 nec\u0259 m\u00fcdafi\u0259 edirik\",\"datePublished\":\"2019-02-16T02:34:56+00:00\",\"mainEntityOfPage\":{\"@id\":\"https:\\\/\\\/www.meydan.tv\\\/az\\\/article\\\/siyasi-mehbuslari-nece-mudafie-edirik\\\/\"},\"wordCount\":3012,\"publisher\":{\"@id\":\"https:\\\/\\\/www.meydan.tv\\\/az\\\/#organization\"},\"image\":{\"@id\":\"https:\\\/\\\/www.meydan.tv\\\/az\\\/article\\\/siyasi-mehbuslari-nece-mudafie-edirik\\\/#primaryimage\"},\"thumbnailUrl\":\"https:\\\/\\\/www.meydan.tv\\\/wp-content\\\/uploads\\\/47072-scaled.jpg\",\"articleSection\":[\"Analitika\"],\"inLanguage\":\"az\"},{\"@type\":\"WebPage\",\"@id\":\"https:\\\/\\\/www.meydan.tv\\\/az\\\/article\\\/siyasi-mehbuslari-nece-mudafie-edirik\\\/\",\"url\":\"https:\\\/\\\/www.meydan.tv\\\/az\\\/article\\\/siyasi-mehbuslari-nece-mudafie-edirik\\\/\",\"name\":\"Siyasi m\u0259hbuslar\u0131 nec\u0259 m\u00fcdafi\u0259 edirik - MEYDAN.TV\",\"isPartOf\":{\"@id\":\"https:\\\/\\\/www.meydan.tv\\\/az\\\/#website\"},\"primaryImageOfPage\":{\"@id\":\"https:\\\/\\\/www.meydan.tv\\\/az\\\/article\\\/siyasi-mehbuslari-nece-mudafie-edirik\\\/#primaryimage\"},\"image\":{\"@id\":\"https:\\\/\\\/www.meydan.tv\\\/az\\\/article\\\/siyasi-mehbuslari-nece-mudafie-edirik\\\/#primaryimage\"},\"thumbnailUrl\":\"https:\\\/\\\/www.meydan.tv\\\/wp-content\\\/uploads\\\/47072-scaled.jpg\",\"datePublished\":\"2019-02-16T02:34:56+00:00\",\"breadcrumb\":{\"@id\":\"https:\\\/\\\/www.meydan.tv\\\/az\\\/article\\\/siyasi-mehbuslari-nece-mudafie-edirik\\\/#breadcrumb\"},\"inLanguage\":\"az\",\"potentialAction\":[{\"@type\":\"ReadAction\",\"target\":[\"https:\\\/\\\/www.meydan.tv\\\/az\\\/article\\\/siyasi-mehbuslari-nece-mudafie-edirik\\\/\"]}]},{\"@type\":\"ImageObject\",\"inLanguage\":\"az\",\"@id\":\"https:\\\/\\\/www.meydan.tv\\\/az\\\/article\\\/siyasi-mehbuslari-nece-mudafie-edirik\\\/#primaryimage\",\"url\":\"https:\\\/\\\/www.meydan.tv\\\/wp-content\\\/uploads\\\/47072-scaled.jpg\",\"contentUrl\":\"https:\\\/\\\/www.meydan.tv\\\/wp-content\\\/uploads\\\/47072-scaled.jpg\",\"width\":2560,\"height\":1440,\"caption\":\"Source:\"},{\"@type\":\"BreadcrumbList\",\"@id\":\"https:\\\/\\\/www.meydan.tv\\\/az\\\/article\\\/siyasi-mehbuslari-nece-mudafie-edirik\\\/#breadcrumb\",\"itemListElement\":[{\"@type\":\"ListItem\",\"position\":1,\"name\":\"Ana s\u0259hif\u0259\",\"item\":\"https:\\\/\\\/www.meydan.tv\\\/az\\\/\"},{\"@type\":\"ListItem\",\"position\":2,\"name\":\"Analitika\",\"item\":\"https:\\\/\\\/www.meydan.tv\\\/az\\\/section\\\/analitika\\\/\"},{\"@type\":\"ListItem\",\"position\":3,\"name\":\"Siyasi m\u0259hbuslar\u0131 nec\u0259 m\u00fcdafi\u0259 edirik\"}]},{\"@type\":\"WebSite\",\"@id\":\"https:\\\/\\\/www.meydan.tv\\\/az\\\/#website\",\"url\":\"https:\\\/\\\/www.meydan.tv\\\/az\\\/\",\"name\":\"MEYDAN.TV\",\"description\":\"Meydan TV Az\u0259rbaycan\u0131n media m\u0259kan\u0131ndak\u0131 alternativ s\u0259sidir\",\"publisher\":{\"@id\":\"https:\\\/\\\/www.meydan.tv\\\/az\\\/#organization\"},\"potentialAction\":[{\"@type\":\"SearchAction\",\"target\":{\"@type\":\"EntryPoint\",\"urlTemplate\":\"https:\\\/\\\/www.meydan.tv\\\/az\\\/?s={search_term_string}\"},\"query-input\":{\"@type\":\"PropertyValueSpecification\",\"valueRequired\":true,\"valueName\":\"search_term_string\"}}],\"inLanguage\":\"az\"},{\"@type\":\"Organization\",\"@id\":\"https:\\\/\\\/www.meydan.tv\\\/az\\\/#organization\",\"name\":\"Meydan TV\",\"url\":\"https:\\\/\\\/www.meydan.tv\\\/az\\\/\",\"logo\":{\"@type\":\"ImageObject\",\"inLanguage\":\"az\",\"@id\":\"https:\\\/\\\/www.meydan.tv\\\/az\\\/#\\\/schema\\\/logo\\\/image\\\/\",\"url\":\"https:\\\/\\\/www.meydan.tv\\\/wp-content\\\/uploads\\\/2021\\\/07\\\/meydan-logo.svg\",\"contentUrl\":\"https:\\\/\\\/www.meydan.tv\\\/wp-content\\\/uploads\\\/2021\\\/07\\\/meydan-logo.svg\",\"width\":195,\"height\":46,\"caption\":\"Meydan TV\"},\"image\":{\"@id\":\"https:\\\/\\\/www.meydan.tv\\\/az\\\/#\\\/schema\\\/logo\\\/image\\\/\"}},{\"@type\":\"Person\",\"@id\":\"https:\\\/\\\/www.meydan.tv\\\/az\\\/#\\\/schema\\\/person\\\/10d11eccf6da3662cf5fdab9806ea91a\",\"name\":\"user-manager\"}]}<\/script>\n<!-- \/ Yoast SEO plugin. -->","yoast_head_json":{"title":"Siyasi m\u0259hbuslar\u0131 nec\u0259 m\u00fcdafi\u0259 edirik - MEYDAN.TV","robots":{"index":"index","follow":"follow","max-snippet":"max-snippet:-1","max-image-preview":"max-image-preview:large","max-video-preview":"max-video-preview:-1"},"canonical":"https:\/\/www.meydan.tv\/az\/article\/siyasi-mehbuslari-nece-mudafie-edirik\/","og_locale":"az_AZ","og_type":"article","og_title":"Siyasi m\u0259hbuslar\u0131 nec\u0259 m\u00fcdafi\u0259 edirik - MEYDAN.TV","og_description":"Az\u0259rbaycan art\u0131q ill\u0259rdir ki, \u0259n \u00e7ox siyasi m\u0259hbusu olan \u00f6lk\u0259l\u0259r s\u0131ras\u0131ndad\u0131r.","og_url":"https:\/\/www.meydan.tv\/az\/article\/siyasi-mehbuslari-nece-mudafie-edirik\/","og_site_name":"MEYDAN.TV","article_published_time":"2019-02-16T02:34:56+00:00","og_image":[{"width":2560,"height":1440,"url":"https:\/\/www.meydan.tv\/wp-content\/uploads\/47072-scaled.jpg","type":"image\/jpeg"}],"author":"user-manager","twitter_card":"summary_large_image","schema":{"@context":"https:\/\/schema.org","@graph":[{"@type":"Article","@id":"https:\/\/www.meydan.tv\/az\/article\/siyasi-mehbuslari-nece-mudafie-edirik\/#article","isPartOf":{"@id":"https:\/\/www.meydan.tv\/az\/article\/siyasi-mehbuslari-nece-mudafie-edirik\/"},"author":{"name":"user-manager","@id":"https:\/\/www.meydan.tv\/az\/#\/schema\/person\/10d11eccf6da3662cf5fdab9806ea91a"},"headline":"Siyasi m\u0259hbuslar\u0131 nec\u0259 m\u00fcdafi\u0259 edirik","datePublished":"2019-02-16T02:34:56+00:00","mainEntityOfPage":{"@id":"https:\/\/www.meydan.tv\/az\/article\/siyasi-mehbuslari-nece-mudafie-edirik\/"},"wordCount":3012,"publisher":{"@id":"https:\/\/www.meydan.tv\/az\/#organization"},"image":{"@id":"https:\/\/www.meydan.tv\/az\/article\/siyasi-mehbuslari-nece-mudafie-edirik\/#primaryimage"},"thumbnailUrl":"https:\/\/www.meydan.tv\/wp-content\/uploads\/47072-scaled.jpg","articleSection":["Analitika"],"inLanguage":"az"},{"@type":"WebPage","@id":"https:\/\/www.meydan.tv\/az\/article\/siyasi-mehbuslari-nece-mudafie-edirik\/","url":"https:\/\/www.meydan.tv\/az\/article\/siyasi-mehbuslari-nece-mudafie-edirik\/","name":"Siyasi m\u0259hbuslar\u0131 nec\u0259 m\u00fcdafi\u0259 edirik - MEYDAN.TV","isPartOf":{"@id":"https:\/\/www.meydan.tv\/az\/#website"},"primaryImageOfPage":{"@id":"https:\/\/www.meydan.tv\/az\/article\/siyasi-mehbuslari-nece-mudafie-edirik\/#primaryimage"},"image":{"@id":"https:\/\/www.meydan.tv\/az\/article\/siyasi-mehbuslari-nece-mudafie-edirik\/#primaryimage"},"thumbnailUrl":"https:\/\/www.meydan.tv\/wp-content\/uploads\/47072-scaled.jpg","datePublished":"2019-02-16T02:34:56+00:00","breadcrumb":{"@id":"https:\/\/www.meydan.tv\/az\/article\/siyasi-mehbuslari-nece-mudafie-edirik\/#breadcrumb"},"inLanguage":"az","potentialAction":[{"@type":"ReadAction","target":["https:\/\/www.meydan.tv\/az\/article\/siyasi-mehbuslari-nece-mudafie-edirik\/"]}]},{"@type":"ImageObject","inLanguage":"az","@id":"https:\/\/www.meydan.tv\/az\/article\/siyasi-mehbuslari-nece-mudafie-edirik\/#primaryimage","url":"https:\/\/www.meydan.tv\/wp-content\/uploads\/47072-scaled.jpg","contentUrl":"https:\/\/www.meydan.tv\/wp-content\/uploads\/47072-scaled.jpg","width":2560,"height":1440,"caption":"Source:"},{"@type":"BreadcrumbList","@id":"https:\/\/www.meydan.tv\/az\/article\/siyasi-mehbuslari-nece-mudafie-edirik\/#breadcrumb","itemListElement":[{"@type":"ListItem","position":1,"name":"Ana s\u0259hif\u0259","item":"https:\/\/www.meydan.tv\/az\/"},{"@type":"ListItem","position":2,"name":"Analitika","item":"https:\/\/www.meydan.tv\/az\/section\/analitika\/"},{"@type":"ListItem","position":3,"name":"Siyasi m\u0259hbuslar\u0131 nec\u0259 m\u00fcdafi\u0259 edirik"}]},{"@type":"WebSite","@id":"https:\/\/www.meydan.tv\/az\/#website","url":"https:\/\/www.meydan.tv\/az\/","name":"MEYDAN.TV","description":"Meydan TV Az\u0259rbaycan\u0131n media m\u0259kan\u0131ndak\u0131 alternativ s\u0259sidir","publisher":{"@id":"https:\/\/www.meydan.tv\/az\/#organization"},"potentialAction":[{"@type":"SearchAction","target":{"@type":"EntryPoint","urlTemplate":"https:\/\/www.meydan.tv\/az\/?s={search_term_string}"},"query-input":{"@type":"PropertyValueSpecification","valueRequired":true,"valueName":"search_term_string"}}],"inLanguage":"az"},{"@type":"Organization","@id":"https:\/\/www.meydan.tv\/az\/#organization","name":"Meydan TV","url":"https:\/\/www.meydan.tv\/az\/","logo":{"@type":"ImageObject","inLanguage":"az","@id":"https:\/\/www.meydan.tv\/az\/#\/schema\/logo\/image\/","url":"https:\/\/www.meydan.tv\/wp-content\/uploads\/2021\/07\/meydan-logo.svg","contentUrl":"https:\/\/www.meydan.tv\/wp-content\/uploads\/2021\/07\/meydan-logo.svg","width":195,"height":46,"caption":"Meydan TV"},"image":{"@id":"https:\/\/www.meydan.tv\/az\/#\/schema\/logo\/image\/"}},{"@type":"Person","@id":"https:\/\/www.meydan.tv\/az\/#\/schema\/person\/10d11eccf6da3662cf5fdab9806ea91a","name":"user-manager"}]}},"_links":{"self":[{"href":"https:\/\/www.meydan.tv\/az\/wp-json\/wp\/v2\/posts\/194048","targetHints":{"allow":["GET"]}}],"collection":[{"href":"https:\/\/www.meydan.tv\/az\/wp-json\/wp\/v2\/posts"}],"about":[{"href":"https:\/\/www.meydan.tv\/az\/wp-json\/wp\/v2\/types\/post"}],"author":[{"embeddable":true,"href":"https:\/\/www.meydan.tv\/az\/wp-json\/wp\/v2\/users\/11"}],"replies":[{"embeddable":true,"href":"https:\/\/www.meydan.tv\/az\/wp-json\/wp\/v2\/comments?post=194048"}],"version-history":[{"count":0,"href":"https:\/\/www.meydan.tv\/az\/wp-json\/wp\/v2\/posts\/194048\/revisions"}],"wp:featuredmedia":[{"embeddable":true,"href":"https:\/\/www.meydan.tv\/az\/wp-json\/wp\/v2\/media\/118038"}],"wp:attachment":[{"href":"https:\/\/www.meydan.tv\/az\/wp-json\/wp\/v2\/media?parent=194048"}],"wp:term":[{"taxonomy":"category","embeddable":true,"href":"https:\/\/www.meydan.tv\/az\/wp-json\/wp\/v2\/categories?post=194048"},{"taxonomy":"post_tag","embeddable":true,"href":"https:\/\/www.meydan.tv\/az\/wp-json\/wp\/v2\/tags?post=194048"}],"curies":[{"name":"wp","href":"https:\/\/api.w.org\/{rel}","templated":true}]}}