{"id":194043,"date":"2019-02-15T20:10:14","date_gmt":"2019-02-15T20:10:14","guid":{"rendered":"https:\/\/www.meydan.tv\/article\/usaqlar-mektebde-odun-qirir-siniflere-dasiyir\/"},"modified":"2019-02-15T20:10:14","modified_gmt":"2019-02-15T20:10:14","slug":"usaqlar-mektebde-odun-qirir-siniflere-dasiyir","status":"publish","type":"post","link":"https:\/\/www.meydan.tv\/az\/article\/usaqlar-mektebde-odun-qirir-siniflere-dasiyir\/","title":{"rendered":"&#8221;U\u015faqlar m\u0259kt\u0259bd\u0259 odun q\u0131r\u0131r, sinifl\u0259r\u0259 da\u015f\u0131y\u0131r&#8221;"},"content":{"rendered":"<figure class=\"wp-block-image size-large\">\n  <img decoding=\"async\" src=\"https:\/\/www.meydan.tv\/az\/117987\/\" alt=\"\" class=\"wp-image-117987\"\/><figcaption><\/figcaption><\/figure>\n<p>\n  <i><br \/>\n    M\u0259lh\u0259mlil\u0259r m\u0259kt\u0259bin v\u0259ziyy\u0259tind\u0259n gileylidir<br \/>\n  <\/i>\n<\/p>\n<p>\n  \u201cM\u0259kt\u0259bin he\u00e7 bir \u015f\u0259raiti yoxdur, u\u015faqlar\u0131m\u0131z soyuqdan q\u0131r\u0131l\u0131rlar. K\u0259ndd\u0259 qaz oldu\u011fu halda, m\u0259kt\u0259b binas\u0131 h\u0259l\u0259 d\u0259 odun sobas\u0131 il\u0259 isidilir\u201d.\n<\/p>\n<p>\n  Bu s\u00f6zl\u0259ri Meydan TV-y\u0259 ad\u0131n\u0131 a\u00e7\u0131qlamaq ist\u0259m\u0259y\u0259n \u015eamax\u0131 rayonu, M\u0259lh\u0259m k\u0259nd sakini deyir. S\u00f6yl\u0259yir ki, M\u0259lh\u0259m k\u0259nd tam orta m\u0259kt\u0259bi uzun ill\u0259rdir b\u0259rbad v\u0259ziyy\u0259td\u0259dir:\n<\/p>\n<p>\n  \u201cM\u0259kt\u0259bin direktoru R\u0259fiq\u0259 A\u011fayeva da ki, a\u011fz\u0131n\u0131 a\u00e7\u0131b \u015fikay\u0259t ed\u0259n valideyn, ya da \u015fagird olanda onu g\u00f6z\u00fcm\u00e7\u0131xd\u0131ya sal\u0131r. He\u00e7 kimi m\u0259kt\u0259b\u0259 yax\u0131n buraxm\u0131r. Kims\u0259 harasa \u015fikay\u0259t ed\u0259 bilm\u0259z. Olan da biz\u0259, u\u015faqlar\u0131m\u0131za olur. Q\u0131\u015f\u0131n soyu\u011funda, \u015faxtas\u0131nda u\u015faqlar sinif otaqlar\u0131nda tir-tir \u0259sirl\u0259r. Etiraz ed\u0259nd\u0259, g\u00fcnahkar yen\u0259 d\u0259 biz oluruq. M\u0259kt\u0259b t\u0259mirsizdir, \u00fcst\u0259lik, qap\u0131-p\u0259nc\u0259r\u0259 k\u00f6hn\u0259dir dey\u0259 otaqlar buz kimi olur. Q\u0131\u015f gir\u0259nd\u0259n pulu ancaq iyn\u0259-d\u0259rmana veririk, u\u015faqlar\u0131 m\u00fcalic\u0259 edirik\u201d.\n<\/p>\n<figure class=\"wp-block-image size-large\">\n  <img decoding=\"async\" src=\"https:\/\/www.meydan.tv\/az\/117990\/\" alt=\"\" class=\"wp-image-117990\"\/><figcaption><\/figcaption><\/figure>\n<p>\n  \u015e\u0259hid Kamil N\u0259biyevin ad\u0131n\u0131 da\u015f\u0131yan m\u0259kt\u0259b 1976-c\u0131 ild\u0259 istifad\u0259y\u0259 verilib. Burada t\u0259xmin\u0259n 140-dan \u00e7ox \u015fagird t\u0259hsil al\u0131r. M\u0259kt\u0259bin \u015f\u0259raitsizliyi ucbat\u0131ndan b\u0259zi ail\u0259l\u0259r u\u015faqlar\u0131n\u0131 qon\u015fu k\u0259nd, ya da rayon m\u0259rk\u0259zind\u0259ki m\u0259kt\u0259b\u0259 g\u00f6nd\u0259rir.\n<\/p>\n<p>\n  \u201cBizim k\u0259ndd\u0259 be\u015f y\u00fczd\u0259n \u00e7ox ail\u0259 ya\u015fay\u0131r. Onlar\u0131n \u0259ks\u0259riyy\u0259ti u\u015faqlar\u0131n\u0131 qon\u015fu k\u0259ndl\u0259r\u0259, ya da \u015eamax\u0131n\u0131n m\u0259rk\u0259zin\u0259 d\u0259rs\u0259 yollay\u0131rlar. Niy\u0259 \u00f6z k\u0259ndimizd\u0259 m\u0259kt\u0259b ola-ola, u\u015faqlar\u0131m\u0131z\u0131 qon\u015fu k\u0259ndl\u0259r\u0259, ya da rayon m\u0259rk\u0259zin\u0259 g\u00f6nd\u0259rm\u0259liyik? M\u0259n u\u015fa\u011f\u0131m\u0131 m\u0259kt\u0259b\u0259 oxuma\u011fa yollay\u0131ram. G\u0259lir ev\u0259, deyir ki, bu g\u00fcn odun yarm\u0131\u015f\u0131q, sinif otaqlar\u0131na odun da\u015f\u0131m\u0131\u015f\u0131q. Budur bizim t\u0259hsilimiz? \u0130ll\u0259rdir \u015fikay\u0259t\u00e7iyik, amma d\u0259rdimiz\u0259 yanan, hal\u0131m\u0131za ac\u0131yan yoxdur. Bu yax\u0131nlarda m\u00fc\u0259llim\u0259l\u0259rd\u0259n biri d\u0259rs dey\u0259n zaman q\u0259fil taxta d\u00f6\u015f\u0259m\u0259 qopub, yaz\u0131q zirz\u0259miy\u0259 y\u0131x\u0131l\u0131b,\u201d- ba\u015fqa bir sakin gileyl\u0259nir.\n<\/p>\n<figure class=\"wp-block-image size-large\">\n  <img decoding=\"async\" src=\"https:\/\/www.meydan.tv\/az\/117993\/\" alt=\"\" class=\"wp-image-117993\"\/><figcaption><\/figcaption><\/figure>\n<p>\n  \u201cT\u0259hsilin s\u0259viyy\u0259si d\u0259 \u00e7ox a\u015fa\u011f\u0131d\u0131r. Ali t\u0259hsili olmayan, texnikum bitir\u0259n cavan q\u0131zlar\u0131 y\u0131\u011f\u0131blar ora. Ham\u0131s\u0131 m\u0259kt\u0259b\u0259 vaxt \u201c\u00f6ld\u00fcr\u00fcb\u201d, havay\u0131 pul alma\u011fa gedirl\u0259r. M\u0259kt\u0259bd\u0259 d\u0259rs ke\u00e7mirl\u0259r. Daha \u00e7ox evd\u0259 u\u015faq haz\u0131rla\u015fd\u0131r\u0131rlar. \u015eamax\u0131 kimi dahil\u0259r yeti\u015fdir\u0259n bir torpa\u011f\u0131n m\u0259kt\u0259bi a\u011flar g\u00fcn\u0259 qal\u0131b\u201d, &#8211; dey\u0259 k\u0259nd sakini gileyl\u0259nir.\n<\/p>\n<p>\n  Riyaziyyat m\u00fc\u0259llimi Anar N\u0259sirli Meydan TV-y\u0259 t\u0259sdiql\u0259yib ki, t\u0259hsil oca\u011f\u0131 t\u0259mirsizdir v\u0259 istilik sistemi yoxdur:\n<\/p>\n<p>\n  \u201cM\u0259kt\u0259bin v\u0259ziyy\u0259ti il\u0259 ba\u011fl\u0131 rayonun aidiyyat\u0131 qurumlar\u0131 m\u0259lumatl\u0131d\u0131r. \u015eamax\u0131 rayon T\u0259hsil \u015e\u00f6b\u0259si, T\u0259hsil Nazirliyi v\u0259 yerli icra hakimiyy\u0259ti orqan\u0131n\u0131n n\u00fcmay\u0259nd\u0259l\u0259rinin i\u015f\u00e7i qruplar\u0131 t\u0259r\u0259find\u0259n m\u0259kt\u0259b\u0259 texniki bax\u0131\u015f ke\u00e7irilib. Nazirlik t\u0259r\u0259find\u0259n qeydiyyata al\u0131n\u0131b. Y\u0259qin ki, bu il \u0259rzind\u0259 laz\u0131mi t\u0259dbirl\u0259r g\u00f6r\u00fcl\u0259c\u0259k\u201d.\n<\/p>\n<figure class=\"wp-block-image size-large\">\n  <img decoding=\"async\" src=\"https:\/\/www.meydan.tv\/az\/117996\/\" alt=\"\" class=\"wp-image-117996\"\/><figcaption><\/figcaption><\/figure>\n<p>\n  \u015eagirdl\u0259r is\u0259 deyir ki, sinif otaqlar\u0131 soyuq oldu\u011fundan, \u00e7ox rahatl\u0131qla d\u0259rsd\u0259n yay\u0131n\u0131b, evl\u0259rin\u0259 isinm\u0259y\u0259 gedirl\u0259r. Buna g\u00f6r\u0259 onlara \u201cg\u00f6z\u00fcn \u00fcstd\u0259 qa\u015f\u0131n var\u201d, dey\u0259n yoxdur.\n<\/p>\n<p>\n  \u201cBax\u0131n, odunu \u00f6z\u00fcm\u00fcz do\u011fray\u0131r\u0131q. Bunu d\u0259rs saatlar\u0131nda edirik. Odunlar\u0131 biz do\u011fray\u0131r\u0131q, q\u0131zlar\u0131m\u0131z da da\u015f\u0131y\u0131r\u201d, &#8211; dey\u0259 \u015fagird Novruz Novruzov p\u0259nc\u0259r\u0259d\u0259n bay\u0131rda do\u011franm\u0131\u015f odunlar\u0131 g\u00f6st\u0259r\u0259r\u0259k s\u00f6yl\u0259yir.\n<\/p>\n<p>\n  \u00dcz\u0259rin\u0259 \u201cKitabxana\u201d l\u00f6hv\u0259si vurulan k\u00f6hn\u0259, \u00e7\u00fcr\u00fcm\u00fc\u015f qap\u0131n\u0131 g\u00f6st\u0259r\u0259n dig\u0259r \u015fagird \u201cDirektor burada olan kitablar\u0131n ham\u0131s\u0131n\u0131 sat\u0131b. \u0130\u00e7\u0259rid\u0259 n\u0259 var, n\u0259 yox x\u0259b\u0259rimiz yoxdur\u201d,- deyir.\n<\/p>\n<figure class=\"wp-block-image size-large\">\n  <img decoding=\"async\" src=\"https:\/\/www.meydan.tv\/az\/117997\/\" alt=\"\" class=\"wp-image-117997\"\/><figcaption><\/figcaption><\/figure>\n<p>\n  \u0130rad v\u0259 ittihamlarla ba\u011fl\u0131 qar\u015f\u0131 t\u0259r\u0259fin d\u0259 m\u00f6vqeyini \u00f6yr\u0259nm\u0259k ist\u0259dik. M\u0259kt\u0259bin direktoru R\u0259fiq\u0259 A\u011fayeva Meydan TV \u0259m\u0259kda\u015f\u0131na a\u00e7\u0131qlama verm\u0259kd\u0259n boyun qa\u00e7\u0131rd\u0131. \u201cT\u0259hsil \u015f\u00f6b\u0259si r\u0259smi m\u0259ktub verm\u0259diyi m\u00fcdd\u0259tc\u0259 hans\u0131sa bir m\u0259lumat ver\u0259 bilm\u0259rik\u201d, &#8211; dem\u0259kl\u0259 kifay\u0259tl\u0259ndi.\n<\/p>\n<p>\n  \u015eamax\u0131 rayon T\u0259hsil \u015e\u00f6b\u0259sinin m\u00fcdiri Eyvaz Eminal\u0131yevi is\u0259 yerind\u0259 tapa bilm\u0259dik. \u0130dar\u0259d\u0259n bildirildi ki, o, haz\u0131rda rayonda deyil.\n<\/p>\n<p>\n  \u015eamax\u0131 Rayon \u0130cra Hakimiyy\u0259ti v\u0259 T\u0259hsil Nazirliyi il\u0259 d\u0259f\u0259l\u0259rl\u0259 \u0259laq\u0259 saxlasaq da, suallar\u0131m\u0131za cavab ala bilm\u0259dik.\n<\/p>\n<figure class=\"wp-block-image size-large\">\n  <img decoding=\"async\" src=\"https:\/\/www.meydan.tv\/az\/118002\/\" alt=\"\" class=\"wp-image-118002\"\/><figcaption><\/figcaption><\/figure>\n<figure class=\"wp-block-image size-large\">\n  <img decoding=\"async\" src=\"https:\/\/www.meydan.tv\/az\/118005\/\" alt=\"\" class=\"wp-image-118005\"\/><figcaption><\/figcaption><\/figure>\n<figure class=\"wp-block-image size-large\">\n  <img decoding=\"async\" src=\"https:\/\/www.meydan.tv\/az\/118008\/\" alt=\"\" class=\"wp-image-118008\"\/><figcaption><\/figcaption><\/figure>\n<figure class=\"wp-block-image size-large\">\n  <img decoding=\"async\" src=\"https:\/\/www.meydan.tv\/az\/118011\/\" alt=\"\" class=\"wp-image-118011\"\/><figcaption><\/figcaption><\/figure>\n<figure class=\"wp-block-image size-large\">\n  <img decoding=\"async\" src=\"https:\/\/www.meydan.tv\/az\/118014\/\" alt=\"\" class=\"wp-image-118014\"\/><figcaption><\/figcaption><\/figure>\n<figure class=\"wp-block-image size-large\">\n  <img decoding=\"async\" src=\"https:\/\/www.meydan.tv\/az\/118018\/\" alt=\"\" class=\"wp-image-118018\"\/><figcaption><\/figcaption><\/figure>\n","protected":false},"excerpt":{"rendered":"<p>M\u0259lh\u0259mlil\u0259r m\u0259kt\u0259bin v\u0259ziyy\u0259tind\u0259n gileylidir<\/p>\n","protected":false},"author":11,"featured_media":117987,"comment_status":"closed","ping_status":"open","sticky":false,"template":"","format":"standard","meta":{"_acf_changed":false,"_sitemap_exclude":false,"_sitemap_priority":"","_sitemap_frequency":"","footnotes":""},"categories":[60],"tags":[],"class_list":["post-194043","post","type-post","status-publish","format-standard","has-post-thumbnail","hentry","category-bolge","infinite-scroll-item","generate-columns","tablet-grid-50","mobile-grid-100","grid-parent","grid-33","no-featured-image-padding"],"acf":[],"yoast_head":"<!-- This site is optimized with the Yoast SEO plugin v27.4 - https:\/\/yoast.com\/product\/yoast-seo-wordpress\/ -->\n<title>&#039;&#039;U\u015faqlar m\u0259kt\u0259bd\u0259 odun q\u0131r\u0131r, sinifl\u0259r\u0259 da\u015f\u0131y\u0131r&#039;&#039; - MEYDAN.TV<\/title>\n<meta name=\"robots\" content=\"index, follow, max-snippet:-1, max-image-preview:large, max-video-preview:-1\" \/>\n<link rel=\"canonical\" href=\"https:\/\/www.meydan.tv\/az\/article\/usaqlar-mektebde-odun-qirir-siniflere-dasiyir\/\" \/>\n<meta property=\"og:locale\" content=\"az_AZ\" \/>\n<meta property=\"og:type\" content=\"article\" \/>\n<meta property=\"og:title\" content=\"&#039;&#039;U\u015faqlar m\u0259kt\u0259bd\u0259 odun q\u0131r\u0131r, sinifl\u0259r\u0259 da\u015f\u0131y\u0131r&#039;&#039; - MEYDAN.TV\" \/>\n<meta property=\"og:description\" content=\"M\u0259lh\u0259mlil\u0259r m\u0259kt\u0259bin v\u0259ziyy\u0259tind\u0259n gileylidir\" \/>\n<meta property=\"og:url\" content=\"https:\/\/www.meydan.tv\/az\/article\/usaqlar-mektebde-odun-qirir-siniflere-dasiyir\/\" \/>\n<meta property=\"og:site_name\" content=\"MEYDAN.TV\" \/>\n<meta property=\"article:published_time\" content=\"2019-02-15T20:10:14+00:00\" \/>\n<meta property=\"og:image\" content=\"https:\/\/www.meydan.tv\/wp-content\/uploads\/47054.jpg\" \/>\n\t<meta property=\"og:image:width\" content=\"960\" \/>\n\t<meta property=\"og:image:height\" content=\"720\" \/>\n\t<meta property=\"og:image:type\" content=\"image\/jpeg\" \/>\n<meta name=\"author\" content=\"user-manager\" \/>\n<meta name=\"twitter:card\" content=\"summary_large_image\" \/>\n<script type=\"application\/ld+json\" class=\"yoast-schema-graph\">{\"@context\":\"https:\\\/\\\/schema.org\",\"@graph\":[{\"@type\":\"Article\",\"@id\":\"https:\\\/\\\/www.meydan.tv\\\/az\\\/article\\\/usaqlar-mektebde-odun-qirir-siniflere-dasiyir\\\/#article\",\"isPartOf\":{\"@id\":\"https:\\\/\\\/www.meydan.tv\\\/az\\\/article\\\/usaqlar-mektebde-odun-qirir-siniflere-dasiyir\\\/\"},\"author\":{\"name\":\"user-manager\",\"@id\":\"https:\\\/\\\/www.meydan.tv\\\/az\\\/#\\\/schema\\\/person\\\/10d11eccf6da3662cf5fdab9806ea91a\"},\"headline\":\"&#8221;U\u015faqlar m\u0259kt\u0259bd\u0259 odun q\u0131r\u0131r, sinifl\u0259r\u0259 da\u015f\u0131y\u0131r&#8221;\",\"datePublished\":\"2019-02-15T20:10:14+00:00\",\"mainEntityOfPage\":{\"@id\":\"https:\\\/\\\/www.meydan.tv\\\/az\\\/article\\\/usaqlar-mektebde-odun-qirir-siniflere-dasiyir\\\/\"},\"wordCount\":853,\"publisher\":{\"@id\":\"https:\\\/\\\/www.meydan.tv\\\/az\\\/#organization\"},\"image\":{\"@id\":\"https:\\\/\\\/www.meydan.tv\\\/az\\\/article\\\/usaqlar-mektebde-odun-qirir-siniflere-dasiyir\\\/#primaryimage\"},\"thumbnailUrl\":\"https:\\\/\\\/www.meydan.tv\\\/wp-content\\\/uploads\\\/47054.jpg\",\"articleSection\":[\"B\u00f6lg\u0259\"],\"inLanguage\":\"az\"},{\"@type\":\"WebPage\",\"@id\":\"https:\\\/\\\/www.meydan.tv\\\/az\\\/article\\\/usaqlar-mektebde-odun-qirir-siniflere-dasiyir\\\/\",\"url\":\"https:\\\/\\\/www.meydan.tv\\\/az\\\/article\\\/usaqlar-mektebde-odun-qirir-siniflere-dasiyir\\\/\",\"name\":\"''U\u015faqlar m\u0259kt\u0259bd\u0259 odun q\u0131r\u0131r, sinifl\u0259r\u0259 da\u015f\u0131y\u0131r'' - MEYDAN.TV\",\"isPartOf\":{\"@id\":\"https:\\\/\\\/www.meydan.tv\\\/az\\\/#website\"},\"primaryImageOfPage\":{\"@id\":\"https:\\\/\\\/www.meydan.tv\\\/az\\\/article\\\/usaqlar-mektebde-odun-qirir-siniflere-dasiyir\\\/#primaryimage\"},\"image\":{\"@id\":\"https:\\\/\\\/www.meydan.tv\\\/az\\\/article\\\/usaqlar-mektebde-odun-qirir-siniflere-dasiyir\\\/#primaryimage\"},\"thumbnailUrl\":\"https:\\\/\\\/www.meydan.tv\\\/wp-content\\\/uploads\\\/47054.jpg\",\"datePublished\":\"2019-02-15T20:10:14+00:00\",\"breadcrumb\":{\"@id\":\"https:\\\/\\\/www.meydan.tv\\\/az\\\/article\\\/usaqlar-mektebde-odun-qirir-siniflere-dasiyir\\\/#breadcrumb\"},\"inLanguage\":\"az\",\"potentialAction\":[{\"@type\":\"ReadAction\",\"target\":[\"https:\\\/\\\/www.meydan.tv\\\/az\\\/article\\\/usaqlar-mektebde-odun-qirir-siniflere-dasiyir\\\/\"]}]},{\"@type\":\"ImageObject\",\"inLanguage\":\"az\",\"@id\":\"https:\\\/\\\/www.meydan.tv\\\/az\\\/article\\\/usaqlar-mektebde-odun-qirir-siniflere-dasiyir\\\/#primaryimage\",\"url\":\"https:\\\/\\\/www.meydan.tv\\\/wp-content\\\/uploads\\\/47054.jpg\",\"contentUrl\":\"https:\\\/\\\/www.meydan.tv\\\/wp-content\\\/uploads\\\/47054.jpg\",\"width\":960,\"height\":720,\"caption\":\"Source:\"},{\"@type\":\"BreadcrumbList\",\"@id\":\"https:\\\/\\\/www.meydan.tv\\\/az\\\/article\\\/usaqlar-mektebde-odun-qirir-siniflere-dasiyir\\\/#breadcrumb\",\"itemListElement\":[{\"@type\":\"ListItem\",\"position\":1,\"name\":\"Ana s\u0259hif\u0259\",\"item\":\"https:\\\/\\\/www.meydan.tv\\\/az\\\/\"},{\"@type\":\"ListItem\",\"position\":2,\"name\":\"B\u00f6lg\u0259\",\"item\":\"https:\\\/\\\/www.meydan.tv\\\/az\\\/section\\\/bolge\\\/\"},{\"@type\":\"ListItem\",\"position\":3,\"name\":\"&#8221;U\u015faqlar m\u0259kt\u0259bd\u0259 odun q\u0131r\u0131r, sinifl\u0259r\u0259 da\u015f\u0131y\u0131r&#8221;\"}]},{\"@type\":\"WebSite\",\"@id\":\"https:\\\/\\\/www.meydan.tv\\\/az\\\/#website\",\"url\":\"https:\\\/\\\/www.meydan.tv\\\/az\\\/\",\"name\":\"MEYDAN.TV\",\"description\":\"Meydan TV Az\u0259rbaycan\u0131n media m\u0259kan\u0131ndak\u0131 alternativ s\u0259sidir\",\"publisher\":{\"@id\":\"https:\\\/\\\/www.meydan.tv\\\/az\\\/#organization\"},\"potentialAction\":[{\"@type\":\"SearchAction\",\"target\":{\"@type\":\"EntryPoint\",\"urlTemplate\":\"https:\\\/\\\/www.meydan.tv\\\/az\\\/?s={search_term_string}\"},\"query-input\":{\"@type\":\"PropertyValueSpecification\",\"valueRequired\":true,\"valueName\":\"search_term_string\"}}],\"inLanguage\":\"az\"},{\"@type\":\"Organization\",\"@id\":\"https:\\\/\\\/www.meydan.tv\\\/az\\\/#organization\",\"name\":\"Meydan TV\",\"url\":\"https:\\\/\\\/www.meydan.tv\\\/az\\\/\",\"logo\":{\"@type\":\"ImageObject\",\"inLanguage\":\"az\",\"@id\":\"https:\\\/\\\/www.meydan.tv\\\/az\\\/#\\\/schema\\\/logo\\\/image\\\/\",\"url\":\"https:\\\/\\\/www.meydan.tv\\\/wp-content\\\/uploads\\\/2021\\\/07\\\/meydan-logo.svg\",\"contentUrl\":\"https:\\\/\\\/www.meydan.tv\\\/wp-content\\\/uploads\\\/2021\\\/07\\\/meydan-logo.svg\",\"width\":195,\"height\":46,\"caption\":\"Meydan TV\"},\"image\":{\"@id\":\"https:\\\/\\\/www.meydan.tv\\\/az\\\/#\\\/schema\\\/logo\\\/image\\\/\"}},{\"@type\":\"Person\",\"@id\":\"https:\\\/\\\/www.meydan.tv\\\/az\\\/#\\\/schema\\\/person\\\/10d11eccf6da3662cf5fdab9806ea91a\",\"name\":\"user-manager\"}]}<\/script>\n<!-- \/ Yoast SEO plugin. -->","yoast_head_json":{"title":"''U\u015faqlar m\u0259kt\u0259bd\u0259 odun q\u0131r\u0131r, sinifl\u0259r\u0259 da\u015f\u0131y\u0131r'' - MEYDAN.TV","robots":{"index":"index","follow":"follow","max-snippet":"max-snippet:-1","max-image-preview":"max-image-preview:large","max-video-preview":"max-video-preview:-1"},"canonical":"https:\/\/www.meydan.tv\/az\/article\/usaqlar-mektebde-odun-qirir-siniflere-dasiyir\/","og_locale":"az_AZ","og_type":"article","og_title":"''U\u015faqlar m\u0259kt\u0259bd\u0259 odun q\u0131r\u0131r, sinifl\u0259r\u0259 da\u015f\u0131y\u0131r'' - MEYDAN.TV","og_description":"M\u0259lh\u0259mlil\u0259r m\u0259kt\u0259bin v\u0259ziyy\u0259tind\u0259n gileylidir","og_url":"https:\/\/www.meydan.tv\/az\/article\/usaqlar-mektebde-odun-qirir-siniflere-dasiyir\/","og_site_name":"MEYDAN.TV","article_published_time":"2019-02-15T20:10:14+00:00","og_image":[{"width":960,"height":720,"url":"https:\/\/www.meydan.tv\/wp-content\/uploads\/47054.jpg","type":"image\/jpeg"}],"author":"user-manager","twitter_card":"summary_large_image","schema":{"@context":"https:\/\/schema.org","@graph":[{"@type":"Article","@id":"https:\/\/www.meydan.tv\/az\/article\/usaqlar-mektebde-odun-qirir-siniflere-dasiyir\/#article","isPartOf":{"@id":"https:\/\/www.meydan.tv\/az\/article\/usaqlar-mektebde-odun-qirir-siniflere-dasiyir\/"},"author":{"name":"user-manager","@id":"https:\/\/www.meydan.tv\/az\/#\/schema\/person\/10d11eccf6da3662cf5fdab9806ea91a"},"headline":"&#8221;U\u015faqlar m\u0259kt\u0259bd\u0259 odun q\u0131r\u0131r, sinifl\u0259r\u0259 da\u015f\u0131y\u0131r&#8221;","datePublished":"2019-02-15T20:10:14+00:00","mainEntityOfPage":{"@id":"https:\/\/www.meydan.tv\/az\/article\/usaqlar-mektebde-odun-qirir-siniflere-dasiyir\/"},"wordCount":853,"publisher":{"@id":"https:\/\/www.meydan.tv\/az\/#organization"},"image":{"@id":"https:\/\/www.meydan.tv\/az\/article\/usaqlar-mektebde-odun-qirir-siniflere-dasiyir\/#primaryimage"},"thumbnailUrl":"https:\/\/www.meydan.tv\/wp-content\/uploads\/47054.jpg","articleSection":["B\u00f6lg\u0259"],"inLanguage":"az"},{"@type":"WebPage","@id":"https:\/\/www.meydan.tv\/az\/article\/usaqlar-mektebde-odun-qirir-siniflere-dasiyir\/","url":"https:\/\/www.meydan.tv\/az\/article\/usaqlar-mektebde-odun-qirir-siniflere-dasiyir\/","name":"''U\u015faqlar m\u0259kt\u0259bd\u0259 odun q\u0131r\u0131r, sinifl\u0259r\u0259 da\u015f\u0131y\u0131r'' - MEYDAN.TV","isPartOf":{"@id":"https:\/\/www.meydan.tv\/az\/#website"},"primaryImageOfPage":{"@id":"https:\/\/www.meydan.tv\/az\/article\/usaqlar-mektebde-odun-qirir-siniflere-dasiyir\/#primaryimage"},"image":{"@id":"https:\/\/www.meydan.tv\/az\/article\/usaqlar-mektebde-odun-qirir-siniflere-dasiyir\/#primaryimage"},"thumbnailUrl":"https:\/\/www.meydan.tv\/wp-content\/uploads\/47054.jpg","datePublished":"2019-02-15T20:10:14+00:00","breadcrumb":{"@id":"https:\/\/www.meydan.tv\/az\/article\/usaqlar-mektebde-odun-qirir-siniflere-dasiyir\/#breadcrumb"},"inLanguage":"az","potentialAction":[{"@type":"ReadAction","target":["https:\/\/www.meydan.tv\/az\/article\/usaqlar-mektebde-odun-qirir-siniflere-dasiyir\/"]}]},{"@type":"ImageObject","inLanguage":"az","@id":"https:\/\/www.meydan.tv\/az\/article\/usaqlar-mektebde-odun-qirir-siniflere-dasiyir\/#primaryimage","url":"https:\/\/www.meydan.tv\/wp-content\/uploads\/47054.jpg","contentUrl":"https:\/\/www.meydan.tv\/wp-content\/uploads\/47054.jpg","width":960,"height":720,"caption":"Source:"},{"@type":"BreadcrumbList","@id":"https:\/\/www.meydan.tv\/az\/article\/usaqlar-mektebde-odun-qirir-siniflere-dasiyir\/#breadcrumb","itemListElement":[{"@type":"ListItem","position":1,"name":"Ana s\u0259hif\u0259","item":"https:\/\/www.meydan.tv\/az\/"},{"@type":"ListItem","position":2,"name":"B\u00f6lg\u0259","item":"https:\/\/www.meydan.tv\/az\/section\/bolge\/"},{"@type":"ListItem","position":3,"name":"&#8221;U\u015faqlar m\u0259kt\u0259bd\u0259 odun q\u0131r\u0131r, sinifl\u0259r\u0259 da\u015f\u0131y\u0131r&#8221;"}]},{"@type":"WebSite","@id":"https:\/\/www.meydan.tv\/az\/#website","url":"https:\/\/www.meydan.tv\/az\/","name":"MEYDAN.TV","description":"Meydan TV Az\u0259rbaycan\u0131n media m\u0259kan\u0131ndak\u0131 alternativ s\u0259sidir","publisher":{"@id":"https:\/\/www.meydan.tv\/az\/#organization"},"potentialAction":[{"@type":"SearchAction","target":{"@type":"EntryPoint","urlTemplate":"https:\/\/www.meydan.tv\/az\/?s={search_term_string}"},"query-input":{"@type":"PropertyValueSpecification","valueRequired":true,"valueName":"search_term_string"}}],"inLanguage":"az"},{"@type":"Organization","@id":"https:\/\/www.meydan.tv\/az\/#organization","name":"Meydan TV","url":"https:\/\/www.meydan.tv\/az\/","logo":{"@type":"ImageObject","inLanguage":"az","@id":"https:\/\/www.meydan.tv\/az\/#\/schema\/logo\/image\/","url":"https:\/\/www.meydan.tv\/wp-content\/uploads\/2021\/07\/meydan-logo.svg","contentUrl":"https:\/\/www.meydan.tv\/wp-content\/uploads\/2021\/07\/meydan-logo.svg","width":195,"height":46,"caption":"Meydan TV"},"image":{"@id":"https:\/\/www.meydan.tv\/az\/#\/schema\/logo\/image\/"}},{"@type":"Person","@id":"https:\/\/www.meydan.tv\/az\/#\/schema\/person\/10d11eccf6da3662cf5fdab9806ea91a","name":"user-manager"}]}},"_links":{"self":[{"href":"https:\/\/www.meydan.tv\/az\/wp-json\/wp\/v2\/posts\/194043","targetHints":{"allow":["GET"]}}],"collection":[{"href":"https:\/\/www.meydan.tv\/az\/wp-json\/wp\/v2\/posts"}],"about":[{"href":"https:\/\/www.meydan.tv\/az\/wp-json\/wp\/v2\/types\/post"}],"author":[{"embeddable":true,"href":"https:\/\/www.meydan.tv\/az\/wp-json\/wp\/v2\/users\/11"}],"replies":[{"embeddable":true,"href":"https:\/\/www.meydan.tv\/az\/wp-json\/wp\/v2\/comments?post=194043"}],"version-history":[{"count":0,"href":"https:\/\/www.meydan.tv\/az\/wp-json\/wp\/v2\/posts\/194043\/revisions"}],"wp:featuredmedia":[{"embeddable":true,"href":"https:\/\/www.meydan.tv\/az\/wp-json\/wp\/v2\/media\/117987"}],"wp:attachment":[{"href":"https:\/\/www.meydan.tv\/az\/wp-json\/wp\/v2\/media?parent=194043"}],"wp:term":[{"taxonomy":"category","embeddable":true,"href":"https:\/\/www.meydan.tv\/az\/wp-json\/wp\/v2\/categories?post=194043"},{"taxonomy":"post_tag","embeddable":true,"href":"https:\/\/www.meydan.tv\/az\/wp-json\/wp\/v2\/tags?post=194043"}],"curies":[{"name":"wp","href":"https:\/\/api.w.org\/{rel}","templated":true}]}}