{"id":194039,"date":"2019-02-15T18:59:29","date_gmt":"2019-02-15T18:59:29","guid":{"rendered":"https:\/\/www.meydan.tv\/article\/sekide-450-manata-gore-qardasimi-emeliyyat-etdiler-ugursuz-alindi\/"},"modified":"2019-02-15T18:59:29","modified_gmt":"2019-02-15T18:59:29","slug":"sekide-450-manata-gore-qardasimi-emeliyyat-etdiler-ugursuz-alindi","status":"publish","type":"post","link":"https:\/\/www.meydan.tv\/az\/article\/sekide-450-manata-gore-qardasimi-emeliyyat-etdiler-ugursuz-alindi\/","title":{"rendered":"\u015e\u0259kid\u0259: 450 manata g\u00f6r\u0259 qarda\u015f\u0131m\u0131 \u0259m\u0259liyyat etdil\u0259r, u\u011fursuz al\u0131nd\u0131"},"content":{"rendered":"<p>\n  <i><br \/>\n    H\u0259kim: &#8221;A\u011f\u0131zlar\u0131na g\u0259l\u0259ni deyirl\u0259r, \u00e7ox t\u0259rbiy\u0259siz insanlard\u0131rlar&#8221;<br \/>\n  <\/i>\n<\/p>\n<p>\n  \u201c450 manatdan \u00f6tr\u00fc qarda\u015f\u0131m\u0131 laz\u0131ms\u0131z \u0259m\u0259liyyata sald\u0131lar. \u0130ndi yar\u0131mcan olub. X\u0259st\u0259xanan\u0131n h\u0259kiml\u0259ri yiy\u0259 durmurlar. Deyirl\u0259r, bizlik deyil, apar\u0131n ev\u0259\u201d.<\/p>\n<p>  \u015e\u0259kinin Ba\u015f G\u00f6yn\u00fck k\u0259ndinin sakini Kamran Saatov bel\u0259 deyir. O, \u015e\u0259ki Rayon M\u0259rk\u0259zi X\u0259st\u0259xanas\u0131n\u0131n h\u0259kimi Aqil \u018fdilov v\u0259 c\u0259rrah Yusif \u018fbd\u00fcrr\u0259hmanovun onun qarda\u015f\u0131 \u0130mran Saatovu yanl\u0131\u015f \u0259m\u0259liyyat etdikl\u0259rini v\u0259 n\u0259tic\u0259d\u0259 v\u0259ziyy\u0259tinin a\u011f\u0131rla\u015fd\u0131\u011f\u0131n\u0131 deyir:<\/p>\n<p>  \u201cAy\u0131n 11-d\u0259 qarda\u015f\u0131m\u0131 a\u011fr\u0131 il\u0259 \u015e\u0259ki M\u0259rk\u0259zi X\u0259st\u0259xanas\u0131na g\u0259tirdik. M\u0259lum oldu ki, sidik kis\u0259sind\u0259 6 mm b\u00f6y\u00fckl\u00fckd\u0259 da\u015f var. Biz\u0259 dedil\u0259r ki, t\u0259cili \u0259m\u0259liyyat edilm\u0259lidir. Aqil v\u0259 Yusif h\u0259kim onu \u0259m\u0259liyyat etdil\u0259r. \u018fm\u0259liyyatda sidik kis\u0259sini v\u0259 sidik yollar\u0131n\u0131, oradak\u0131 kapilyarlar\u0131 z\u0259d\u0259l\u0259yibl\u0259r, cinsiyy\u0259t orqan\u0131 g\u00f6y\u0259rib, qan da g\u0259lir. Qarda\u015f\u0131m a\u011f\u0131r v\u0259ziyy\u0259t\u0259 d\u00fc\u015f\u00fcb\u201d.<\/p>\n<p>  K.Saatov deyir ki, h\u0259kiml\u0259r \u0259m\u0259liyyat\u0131 t\u0259l\u0259m-t\u0259l\u0259sik, 450 manatdan \u00f6tr\u00fc edibl\u0259r. N\u0259tic\u0259d\u0259 41 ya\u015fl\u0131 x\u0259st\u0259nin g\u0259l\u0259c\u0259yini t\u0259hl\u00fck\u0259 alt\u0131na al\u0131blar:<\/p>\n<p>  \u201cDes\u0259ydil\u0259r ki, bizlik deyil, apar\u0131n Bak\u0131ya, vallah, aparard\u0131q. Boyunlar\u0131na g\u00f6t\u00fcr\u00fcb, \u0259m\u0259liyyat edibl\u0259r. N\u0259tic\u0259d\u0259 adam\u0131 yar\u0131mcan edibl\u0259r. \u0130ndi d\u0259 deyirl\u0259r, bizlik deyil, he\u00e7 n\u0259 ed\u0259 bilm\u0259rik, apar\u0131n ev\u0259. X\u0259st\u0259 pis g\u00fcnd\u0259dir, h\u0259rar\u0259ti d\u0259 d\u00fc\u015fm\u00fcr. Biz onu hara aparaq? Bir t\u0259r\u0259fd\u0259n d\u0259 tutdurublar ki, \u0259m\u0259liyyat\u0131n pulunu verin. N\u0259 \u0259m\u0259liyyat edibl\u0259r ki, h\u0259l\u0259 bir pul da ist\u0259yirl\u0259r? Da\u015fa g\u00f6r\u0259 qarda\u015f\u0131m a\u00e7\u0131q \u0259m\u0259liyyat edilm\u0259m\u0259li idi. \u018fm\u0259liyyatdan sonra Yusif h\u0259kim, \u00fcmumiyy\u0259tl\u0259, g\u0259lib baxmad\u0131 da. Aqil h\u0259kim is\u0259 g\u0259lib \u201cm\u0259nlik deyil\u201d \u2013 s\u00f6yl\u0259yib, getdi. \u0130ndi biz n\u0259 ed\u0259k?\u201d<\/p>\n<p>  \u0130mran Saatovun day\u0131s\u0131 S\u0259rdar \u018fmiyev \u00fczl\u0259\u015fdikl\u0259ri probleml\u0259 ba\u011fl\u0131 g\u00fcnl\u0259rdir d\u00f6ym\u0259dikl\u0259ri qap\u0131n\u0131n qalmad\u0131\u011f\u0131n\u0131 s\u00f6yl\u0259yir. \u015e\u0259ki \u015f\u0259h\u0259r Prokurorlu\u011funa, polis\u0259, icra hakimiyy\u0259tin\u0259 m\u00fcraci\u0259t edilib:\n<\/p>\n<p>\n  \u201cH\u0259l\u0259lik, n\u0259s\u0259 n\u0259tic\u0259si yoxdur. He\u00e7 ara\u015fd\u0131rma\u011fa da ba\u015flamay\u0131blar. Bir insan\u0131n h\u0259yat\u0131n\u0131 birc\u0259 g\u00fcn\u00fcn i\u00e7ind\u0259 m\u0259hv edibl\u0259r. H\u0259l\u0259 bir baxm\u0131rlar da. 450 manatdan \u00f6tr\u00fc 41 ya\u015fl\u0131, evli bir insan\u0131 k\u0259sib, t\u00f6km\u0259k olarm\u0131? D\u00f6vl\u0259t orqanlar\u0131 da bilsinl\u0259r, insanlar\u0131 hakimiyy\u0259td\u0259n naraz\u0131 salanlar bir qrup insanlard\u0131\u201d.\n<\/p>\n<figure class=\"wp-block-image size-large\">\n  <img decoding=\"async\" src=\"https:\/\/www.meydan.tv\/az\/117981\/\" alt=\"\" class=\"wp-image-117981\"\/><figcaption><\/figcaption><\/figure>\n<p>\n  S.\u018fmiyev deyir ki, h\u0259l\u0259 utanmadan onlardan \u0259m\u0259liyyat pulu da t\u0259l\u0259b edilir. Ancaq onlar bunu verm\u0259kd\u0259n imtina edibl\u0259r:\n<\/p>\n<p>\n  \u201cDedik ki, x\u0259st\u0259 aya\u011fa qalxmay\u0131nca, siz\u0259 bir q\u0259pik ver\u0259n deyilik. Onu da deyim ki, h\u0259kimin biri \u015e\u0259ki rayon M\u0259rk\u0259zi X\u0259st\u0259xanas\u0131nda \u00e7al\u0131\u015f\u0131r, ancaq dig\u0259ri t\u0259qa\u00fcdd\u0259dir. \u00c7a\u011f\u0131r\u0131blar, g\u0259lib \u0259m\u0259liyyat edib. Sanki yoldan ke\u00e7\u0259n bir h\u0259kimi g\u00f6t\u00fcr\u00fcbl\u0259r ki, q\u0259ssabxana a\u00e7m\u0131\u015fam, g\u0259l b\u0259rab\u0259r k\u0259s\u0259k. Bel\u0259 d\u0259 d\u0259rd olar? Bu i\u015fd\u0259n ba\u015f h\u0259kimin x\u0259b\u0259ri olmay\u0131b. Harda g\u00f6r\u00fcl\u00fcb ki, bir x\u0259st\u0259xanada \u0259m\u0259liyyat ed\u0259l\u0259r, ba\u015f h\u0259kimin m\u0259lumat\u0131 olmaya? Dan\u0131\u015fanda da deyirl\u0259r ki, t\u0259cili \u0259m\u0259liyyatd\u0131r\u201d.\n<\/p>\n<p>\n  S.\u018fmiyev deyir, yeni \u00f6yr\u0259nibl\u0259r, m\u0259lum olub ki, \u0259slind\u0259 bu \u0259m\u0259liyyat lazerl\u0259 edilm\u0259liymi\u015f. A\u00e7\u0131q \u0259m\u0259liyyata g\u0259r\u0259k yox imi\u015f:\n<\/p>\n<p>\n  \u201cH\u0259kiml\u0259r deyirl\u0259r ki, x\u0259st\u0259nin ax\u0131r\u0131 yax\u015f\u0131 g\u00f6r\u00fcnm\u00fcr. \u0130ndi ona baxan h\u0259kim d\u0259 deyir ki, v\u0259zif\u0259sini edir, amma n\u0259s\u0259 olsa, onluq deyil. X\u0259st\u0259xanaya g\u0259l\u0259n kimi ona 18 \u00f6l\u00e7\u00fcl\u00fc kateter yeridibl\u0259r. Baxmaq ist\u0259yirmi\u015fl\u0259r ki, orada maye var, ya yox. Sonra ora maye vurub, aparata sal\u0131blar. G\u00f6r\u00fcbl\u0259r ki, 6 mm da\u015f var. Bundan \u00f6tr\u00fc \u0259m\u0259liyyata da g\u0259r\u0259k yox idi. Bu da\u015f ona g\u00f6r\u0259 d\u00fc\u015fm\u00fcrm\u00fc\u015f ki, sidik kanallar\u0131nda daralma varm\u0131\u015f. Dediyim odur ki, \u0259m\u0259liyyatdan sonra g\u00f6r\u00fcbl\u0259r ki, h\u0259min daralma olan hiss\u0259d\u0259 yara da yaran\u0131b. Sonra da h\u0259kim deyib ki, \u0259m\u0259liyyat etm\u0259zdim, m\u0259n x\u0259st\u0259ni y\u0131xd\u0131m\u201d.\n<\/p>\n<p>\n  X\u0259st\u0259nin anas\u0131 N\u0259sib\u0259 Saatova deyir ki, bir normal \u0259m\u0259liyyat etm\u0259yibl\u0259r, ancaq s\u0259h\u0259risi g\u00fcn\u00fc d\u0259 450 manat pul ist\u0259yibl\u0259r:\n<\/p>\n<p>\n  \u201cPensiyam\u0131 al\u0131b, ver\u0259r\u0259m dedim. Ondan sonra da o\u011flumun v\u0259ziyy\u0259ti daha da a\u011f\u0131rla\u015fd\u0131. Getdikc\u0259 daha da pisl\u0259\u015fir. U\u015fa\u011f\u0131n \u00f6n\u00fc qaranl\u0131qd\u0131, g\u00f6rm\u00fcr\u0259m he\u00e7 n\u0259. \u0130ndi d\u0259 deyirl\u0259r, Bak\u0131ya aparmal\u0131s\u0131z v\u0259 s. N\u0259 il\u0259 aparaq, nec\u0259 aparaq onu da bilmir\u0259m. Kas\u0131b adamlar\u0131q\u201d.\n<\/p>\n<p>\n  Meydan TV m\u0259s\u0259l\u0259y\u0259 m\u00fcnasib\u0259t \u00f6yr\u0259nm\u0259k \u00fc\u00e7\u00fcn \u015e\u0259ki Rayon M\u0259rk\u0259zi X\u0259st\u0259xanas\u0131 il\u0259 \u0259laq\u0259 saxlay\u0131b. X\u0259st\u0259xanadan Yusif \u018fbd\u00fcrr\u0259hmanovun ba\u015fqa binada \u00e7al\u0131\u015fd\u0131\u011f\u0131n\u0131 s\u00f6yl\u0259yibl\u0259r. Aqil \u018fdilov is\u0259 bildirib ki, onlar yanl\u0131\u015f he\u00e7 n\u0259 etm\u0259yibl\u0259r. H\u0259r \u015feyi do\u011fru edibl\u0259r. X\u0259st\u0259 x\u0259st\u0259xanaya g\u0259l\u0259nd\u0259 kifay\u0259t q\u0259d\u0259r a\u011f\u0131r v\u0259ziyy\u0259td\u0259 olub:\n<\/p>\n<p>\n  \u201cO adam\u0131n ba\u015f\u0131 i\u015fl\u0259mir. O adam k\u0259skin sidik l\u0259ngim\u0259si il\u0259 g\u0259lmi\u015fdi. Sidik kanallar\u0131nda k\u0259skin daralma var idi. G\u0259l\u0259nd\u0259n b\u00fct\u00fcn x\u0259st\u0259xanan\u0131 aya\u011fa qald\u0131r\u0131b, m\u0259ni t\u0259hqir edib, a\u011fz\u0131na g\u0259l\u0259ni deyib. Gec\u0259 3-d\u0259 \u00e7a\u011f\u0131r\u0131rlar, g\u00fcnd\u00fcz \u00e7a\u011f\u0131r\u0131rlar, a\u011f\u0131zlar\u0131na g\u0259l\u0259ni deyirl\u0259r. M\u0259n d\u0259 ba\u015f h\u0259kimin m\u00fcavini s\u0259viyy\u0259sind\u0259 onlardan \u015fikay\u0259t etdim, dedim, daha bu x\u0259st\u0259y\u0259 baxmaq ist\u0259mir\u0259m. H\u0259l\u0259 bir m\u0259n\u0259 deyirl\u0259r ki, s\u0259nin borcundu, 3-d\u0259 d\u0259 \u00e7a\u011f\u0131rsaq, g\u0259lm\u0259lis\u0259n, 5-d\u0259\u201d.\n<\/p>\n<p>\n  Aqil \u018fdilov x\u0259st\u0259nin v\u0259 onun yax\u0131nlar\u0131n\u0131n g\u00fcnl\u0259rdir onu t\u0259hqir etdikl\u0259rini, art\u0131q buna d\u00f6zm\u0259diyini d\u0259 deyib:\n<\/p>\n<p>\n  \u201cA\u011f\u0131zlar\u0131na g\u0259l\u0259ni deyirl\u0259r, \u00e7ox t\u0259rbiy\u0259siz insanlard\u0131rlar. M\u0259n onlarla a\u011f\u0131z-a\u011f\u0131za verm\u0259k ist\u0259mir\u0259m. B\u00fct\u00fcn etdikl\u0259rimiz d\u0259 x\u0259st\u0259lik tarix\u00e7\u0259sind\u0259 qeyd edilib. M\u0259nd\u0259n ba\u015fqa b\u00fct\u00fcn n\u00f6vb\u0259t\u00e7i h\u0259kiml\u0259ri d\u0259 bezdiribl\u0259r. O insanlar \u00fc\u00e7\u00fcn cibimd\u0259n pul vermi\u015f\u0259m ki, gedin, \u00e7at\u0131\u015fmayan d\u0259rmanlar\u0131n\u0131z\u0131 al\u0131n. H\u0259l\u0259 bir m\u0259ni d\u0259 h\u0259d\u0259l\u0259yirl\u0259r ki, s\u0259nin ba\u015f\u0131na oyun a\u00e7d\u0131raca\u011f\u0131q\u201d.\n<\/p>\n<figure class=\"wp-block-image size-large\">\n  <img decoding=\"async\" src=\"https:\/\/www.meydan.tv\/az\/117984\/\" alt=\"\" class=\"wp-image-117984\"\/><figcaption><\/figcaption><\/figure>\n<p>\n  Aqil \u018fdilov deyir ki, \u0130mran Saatov x\u0259st\u0259xanaya g\u0259l\u0259nd\u0259 sidik kanal\u0131nda daralma olub. Buna g\u00f6r\u0259 d\u0259 sidik l\u0259ngim\u0259si ya\u015fay\u0131rm\u0131\u015f:\n<\/p>\n<p>\n  \u201cX\u0259st\u0259xanaya ikiqat v\u0259ziyy\u0259td\u0259 g\u0259lmi\u015fdi. Biz \u201ctrupka\u201d qoyduq ki, oradan rahat sidiy\u0259 ged\u0259 bilsin. Birinci sutkada x\u0259st\u0259 m\u0259ni o q\u0259d\u0259r bezdirdi ki, onu t\u0259hvil verm\u0259li oldum. \u0130ndi bilmir\u0259m, v\u0259ziyy\u0259ti nec\u0259dir. \u0130kinci \u0259m\u0259liyyat ist\u0259yirl\u0259r. Deyir\u0259m ki, h\u0259min o lazer \u0259m\u0259liyyat\u0131 laz\u0131md\u0131r, onu m\u0259n icra ed\u0259 bilmir\u0259m. Deyirl\u0259r, onda \u00f6z ma\u015f\u0131n\u0131nla bizi Bak\u0131ya apar, orada \u0259m\u0259liyyat etdir, x\u0259rcini d\u0259 s\u0259n \u00e7\u0259k. G\u00fcnah etdim, salam verdim bu insanlara\u201d.<\/p>\n","protected":false},"excerpt":{"rendered":"<p>H\u0259kim: &#8221;A\u011f\u0131zlar\u0131na g\u0259l\u0259ni deyirl\u0259r, \u00e7ox t\u0259rbiy\u0259siz insanlard\u0131rlar&#8221;<\/p>\n","protected":false},"author":11,"featured_media":117978,"comment_status":"closed","ping_status":"open","sticky":false,"template":"","format":"standard","meta":{"_acf_changed":false,"_sitemap_exclude":false,"_sitemap_priority":"","_sitemap_frequency":"","footnotes":""},"categories":[60],"tags":[],"class_list":["post-194039","post","type-post","status-publish","format-standard","has-post-thumbnail","hentry","category-bolge","infinite-scroll-item","generate-columns","tablet-grid-50","mobile-grid-100","grid-parent","grid-33","no-featured-image-padding"],"acf":[],"yoast_head":"<!-- This site is optimized with the Yoast SEO plugin v27.4 - https:\/\/yoast.com\/product\/yoast-seo-wordpress\/ -->\n<title>\u015e\u0259kid\u0259: 450 manata g\u00f6r\u0259 qarda\u015f\u0131m\u0131 \u0259m\u0259liyyat etdil\u0259r, u\u011fursuz al\u0131nd\u0131 - MEYDAN.TV<\/title>\n<meta name=\"robots\" content=\"index, follow, max-snippet:-1, max-image-preview:large, max-video-preview:-1\" \/>\n<link rel=\"canonical\" href=\"https:\/\/www.meydan.tv\/az\/article\/sekide-450-manata-gore-qardasimi-emeliyyat-etdiler-ugursuz-alindi\/\" \/>\n<meta property=\"og:locale\" content=\"az_AZ\" \/>\n<meta property=\"og:type\" content=\"article\" \/>\n<meta property=\"og:title\" content=\"\u015e\u0259kid\u0259: 450 manata g\u00f6r\u0259 qarda\u015f\u0131m\u0131 \u0259m\u0259liyyat etdil\u0259r, u\u011fursuz al\u0131nd\u0131 - MEYDAN.TV\" \/>\n<meta property=\"og:description\" content=\"H\u0259kim: &#039;&#039;A\u011f\u0131zlar\u0131na g\u0259l\u0259ni deyirl\u0259r, \u00e7ox t\u0259rbiy\u0259siz insanlard\u0131rlar&#039;&#039;\" \/>\n<meta property=\"og:url\" content=\"https:\/\/www.meydan.tv\/az\/article\/sekide-450-manata-gore-qardasimi-emeliyyat-etdiler-ugursuz-alindi\/\" \/>\n<meta property=\"og:site_name\" content=\"MEYDAN.TV\" \/>\n<meta property=\"article:published_time\" content=\"2019-02-15T18:59:29+00:00\" \/>\n<meta property=\"og:image\" content=\"https:\/\/www.meydan.tv\/wp-content\/uploads\/47051.jpg\" \/>\n\t<meta property=\"og:image:width\" content=\"1280\" \/>\n\t<meta property=\"og:image:height\" content=\"960\" \/>\n\t<meta property=\"og:image:type\" content=\"image\/jpeg\" \/>\n<meta name=\"author\" content=\"user-manager\" \/>\n<meta name=\"twitter:card\" content=\"summary_large_image\" \/>\n<script type=\"application\/ld+json\" class=\"yoast-schema-graph\">{\"@context\":\"https:\\\/\\\/schema.org\",\"@graph\":[{\"@type\":\"Article\",\"@id\":\"https:\\\/\\\/www.meydan.tv\\\/az\\\/article\\\/sekide-450-manata-gore-qardasimi-emeliyyat-etdiler-ugursuz-alindi\\\/#article\",\"isPartOf\":{\"@id\":\"https:\\\/\\\/www.meydan.tv\\\/az\\\/article\\\/sekide-450-manata-gore-qardasimi-emeliyyat-etdiler-ugursuz-alindi\\\/\"},\"author\":{\"name\":\"user-manager\",\"@id\":\"https:\\\/\\\/www.meydan.tv\\\/az\\\/#\\\/schema\\\/person\\\/10d11eccf6da3662cf5fdab9806ea91a\"},\"headline\":\"\u015e\u0259kid\u0259: 450 manata g\u00f6r\u0259 qarda\u015f\u0131m\u0131 \u0259m\u0259liyyat etdil\u0259r, u\u011fursuz al\u0131nd\u0131\",\"datePublished\":\"2019-02-15T18:59:29+00:00\",\"mainEntityOfPage\":{\"@id\":\"https:\\\/\\\/www.meydan.tv\\\/az\\\/article\\\/sekide-450-manata-gore-qardasimi-emeliyyat-etdiler-ugursuz-alindi\\\/\"},\"wordCount\":1329,\"publisher\":{\"@id\":\"https:\\\/\\\/www.meydan.tv\\\/az\\\/#organization\"},\"image\":{\"@id\":\"https:\\\/\\\/www.meydan.tv\\\/az\\\/article\\\/sekide-450-manata-gore-qardasimi-emeliyyat-etdiler-ugursuz-alindi\\\/#primaryimage\"},\"thumbnailUrl\":\"https:\\\/\\\/www.meydan.tv\\\/wp-content\\\/uploads\\\/47051.jpg\",\"articleSection\":[\"B\u00f6lg\u0259\"],\"inLanguage\":\"az\"},{\"@type\":\"WebPage\",\"@id\":\"https:\\\/\\\/www.meydan.tv\\\/az\\\/article\\\/sekide-450-manata-gore-qardasimi-emeliyyat-etdiler-ugursuz-alindi\\\/\",\"url\":\"https:\\\/\\\/www.meydan.tv\\\/az\\\/article\\\/sekide-450-manata-gore-qardasimi-emeliyyat-etdiler-ugursuz-alindi\\\/\",\"name\":\"\u015e\u0259kid\u0259: 450 manata g\u00f6r\u0259 qarda\u015f\u0131m\u0131 \u0259m\u0259liyyat etdil\u0259r, u\u011fursuz al\u0131nd\u0131 - MEYDAN.TV\",\"isPartOf\":{\"@id\":\"https:\\\/\\\/www.meydan.tv\\\/az\\\/#website\"},\"primaryImageOfPage\":{\"@id\":\"https:\\\/\\\/www.meydan.tv\\\/az\\\/article\\\/sekide-450-manata-gore-qardasimi-emeliyyat-etdiler-ugursuz-alindi\\\/#primaryimage\"},\"image\":{\"@id\":\"https:\\\/\\\/www.meydan.tv\\\/az\\\/article\\\/sekide-450-manata-gore-qardasimi-emeliyyat-etdiler-ugursuz-alindi\\\/#primaryimage\"},\"thumbnailUrl\":\"https:\\\/\\\/www.meydan.tv\\\/wp-content\\\/uploads\\\/47051.jpg\",\"datePublished\":\"2019-02-15T18:59:29+00:00\",\"breadcrumb\":{\"@id\":\"https:\\\/\\\/www.meydan.tv\\\/az\\\/article\\\/sekide-450-manata-gore-qardasimi-emeliyyat-etdiler-ugursuz-alindi\\\/#breadcrumb\"},\"inLanguage\":\"az\",\"potentialAction\":[{\"@type\":\"ReadAction\",\"target\":[\"https:\\\/\\\/www.meydan.tv\\\/az\\\/article\\\/sekide-450-manata-gore-qardasimi-emeliyyat-etdiler-ugursuz-alindi\\\/\"]}]},{\"@type\":\"ImageObject\",\"inLanguage\":\"az\",\"@id\":\"https:\\\/\\\/www.meydan.tv\\\/az\\\/article\\\/sekide-450-manata-gore-qardasimi-emeliyyat-etdiler-ugursuz-alindi\\\/#primaryimage\",\"url\":\"https:\\\/\\\/www.meydan.tv\\\/wp-content\\\/uploads\\\/47051.jpg\",\"contentUrl\":\"https:\\\/\\\/www.meydan.tv\\\/wp-content\\\/uploads\\\/47051.jpg\",\"width\":1280,\"height\":960,\"caption\":\"Source:\"},{\"@type\":\"BreadcrumbList\",\"@id\":\"https:\\\/\\\/www.meydan.tv\\\/az\\\/article\\\/sekide-450-manata-gore-qardasimi-emeliyyat-etdiler-ugursuz-alindi\\\/#breadcrumb\",\"itemListElement\":[{\"@type\":\"ListItem\",\"position\":1,\"name\":\"Ana s\u0259hif\u0259\",\"item\":\"https:\\\/\\\/www.meydan.tv\\\/az\\\/\"},{\"@type\":\"ListItem\",\"position\":2,\"name\":\"B\u00f6lg\u0259\",\"item\":\"https:\\\/\\\/www.meydan.tv\\\/az\\\/section\\\/bolge\\\/\"},{\"@type\":\"ListItem\",\"position\":3,\"name\":\"\u015e\u0259kid\u0259: 450 manata g\u00f6r\u0259 qarda\u015f\u0131m\u0131 \u0259m\u0259liyyat etdil\u0259r, u\u011fursuz al\u0131nd\u0131\"}]},{\"@type\":\"WebSite\",\"@id\":\"https:\\\/\\\/www.meydan.tv\\\/az\\\/#website\",\"url\":\"https:\\\/\\\/www.meydan.tv\\\/az\\\/\",\"name\":\"MEYDAN.TV\",\"description\":\"Meydan TV Az\u0259rbaycan\u0131n media m\u0259kan\u0131ndak\u0131 alternativ s\u0259sidir\",\"publisher\":{\"@id\":\"https:\\\/\\\/www.meydan.tv\\\/az\\\/#organization\"},\"potentialAction\":[{\"@type\":\"SearchAction\",\"target\":{\"@type\":\"EntryPoint\",\"urlTemplate\":\"https:\\\/\\\/www.meydan.tv\\\/az\\\/?s={search_term_string}\"},\"query-input\":{\"@type\":\"PropertyValueSpecification\",\"valueRequired\":true,\"valueName\":\"search_term_string\"}}],\"inLanguage\":\"az\"},{\"@type\":\"Organization\",\"@id\":\"https:\\\/\\\/www.meydan.tv\\\/az\\\/#organization\",\"name\":\"Meydan TV\",\"url\":\"https:\\\/\\\/www.meydan.tv\\\/az\\\/\",\"logo\":{\"@type\":\"ImageObject\",\"inLanguage\":\"az\",\"@id\":\"https:\\\/\\\/www.meydan.tv\\\/az\\\/#\\\/schema\\\/logo\\\/image\\\/\",\"url\":\"https:\\\/\\\/www.meydan.tv\\\/wp-content\\\/uploads\\\/2021\\\/07\\\/meydan-logo.svg\",\"contentUrl\":\"https:\\\/\\\/www.meydan.tv\\\/wp-content\\\/uploads\\\/2021\\\/07\\\/meydan-logo.svg\",\"width\":195,\"height\":46,\"caption\":\"Meydan TV\"},\"image\":{\"@id\":\"https:\\\/\\\/www.meydan.tv\\\/az\\\/#\\\/schema\\\/logo\\\/image\\\/\"}},{\"@type\":\"Person\",\"@id\":\"https:\\\/\\\/www.meydan.tv\\\/az\\\/#\\\/schema\\\/person\\\/10d11eccf6da3662cf5fdab9806ea91a\",\"name\":\"user-manager\"}]}<\/script>\n<!-- \/ Yoast SEO plugin. -->","yoast_head_json":{"title":"\u015e\u0259kid\u0259: 450 manata g\u00f6r\u0259 qarda\u015f\u0131m\u0131 \u0259m\u0259liyyat etdil\u0259r, u\u011fursuz al\u0131nd\u0131 - MEYDAN.TV","robots":{"index":"index","follow":"follow","max-snippet":"max-snippet:-1","max-image-preview":"max-image-preview:large","max-video-preview":"max-video-preview:-1"},"canonical":"https:\/\/www.meydan.tv\/az\/article\/sekide-450-manata-gore-qardasimi-emeliyyat-etdiler-ugursuz-alindi\/","og_locale":"az_AZ","og_type":"article","og_title":"\u015e\u0259kid\u0259: 450 manata g\u00f6r\u0259 qarda\u015f\u0131m\u0131 \u0259m\u0259liyyat etdil\u0259r, u\u011fursuz al\u0131nd\u0131 - MEYDAN.TV","og_description":"H\u0259kim: ''A\u011f\u0131zlar\u0131na g\u0259l\u0259ni deyirl\u0259r, \u00e7ox t\u0259rbiy\u0259siz insanlard\u0131rlar''","og_url":"https:\/\/www.meydan.tv\/az\/article\/sekide-450-manata-gore-qardasimi-emeliyyat-etdiler-ugursuz-alindi\/","og_site_name":"MEYDAN.TV","article_published_time":"2019-02-15T18:59:29+00:00","og_image":[{"width":1280,"height":960,"url":"https:\/\/www.meydan.tv\/wp-content\/uploads\/47051.jpg","type":"image\/jpeg"}],"author":"user-manager","twitter_card":"summary_large_image","schema":{"@context":"https:\/\/schema.org","@graph":[{"@type":"Article","@id":"https:\/\/www.meydan.tv\/az\/article\/sekide-450-manata-gore-qardasimi-emeliyyat-etdiler-ugursuz-alindi\/#article","isPartOf":{"@id":"https:\/\/www.meydan.tv\/az\/article\/sekide-450-manata-gore-qardasimi-emeliyyat-etdiler-ugursuz-alindi\/"},"author":{"name":"user-manager","@id":"https:\/\/www.meydan.tv\/az\/#\/schema\/person\/10d11eccf6da3662cf5fdab9806ea91a"},"headline":"\u015e\u0259kid\u0259: 450 manata g\u00f6r\u0259 qarda\u015f\u0131m\u0131 \u0259m\u0259liyyat etdil\u0259r, u\u011fursuz al\u0131nd\u0131","datePublished":"2019-02-15T18:59:29+00:00","mainEntityOfPage":{"@id":"https:\/\/www.meydan.tv\/az\/article\/sekide-450-manata-gore-qardasimi-emeliyyat-etdiler-ugursuz-alindi\/"},"wordCount":1329,"publisher":{"@id":"https:\/\/www.meydan.tv\/az\/#organization"},"image":{"@id":"https:\/\/www.meydan.tv\/az\/article\/sekide-450-manata-gore-qardasimi-emeliyyat-etdiler-ugursuz-alindi\/#primaryimage"},"thumbnailUrl":"https:\/\/www.meydan.tv\/wp-content\/uploads\/47051.jpg","articleSection":["B\u00f6lg\u0259"],"inLanguage":"az"},{"@type":"WebPage","@id":"https:\/\/www.meydan.tv\/az\/article\/sekide-450-manata-gore-qardasimi-emeliyyat-etdiler-ugursuz-alindi\/","url":"https:\/\/www.meydan.tv\/az\/article\/sekide-450-manata-gore-qardasimi-emeliyyat-etdiler-ugursuz-alindi\/","name":"\u015e\u0259kid\u0259: 450 manata g\u00f6r\u0259 qarda\u015f\u0131m\u0131 \u0259m\u0259liyyat etdil\u0259r, u\u011fursuz al\u0131nd\u0131 - MEYDAN.TV","isPartOf":{"@id":"https:\/\/www.meydan.tv\/az\/#website"},"primaryImageOfPage":{"@id":"https:\/\/www.meydan.tv\/az\/article\/sekide-450-manata-gore-qardasimi-emeliyyat-etdiler-ugursuz-alindi\/#primaryimage"},"image":{"@id":"https:\/\/www.meydan.tv\/az\/article\/sekide-450-manata-gore-qardasimi-emeliyyat-etdiler-ugursuz-alindi\/#primaryimage"},"thumbnailUrl":"https:\/\/www.meydan.tv\/wp-content\/uploads\/47051.jpg","datePublished":"2019-02-15T18:59:29+00:00","breadcrumb":{"@id":"https:\/\/www.meydan.tv\/az\/article\/sekide-450-manata-gore-qardasimi-emeliyyat-etdiler-ugursuz-alindi\/#breadcrumb"},"inLanguage":"az","potentialAction":[{"@type":"ReadAction","target":["https:\/\/www.meydan.tv\/az\/article\/sekide-450-manata-gore-qardasimi-emeliyyat-etdiler-ugursuz-alindi\/"]}]},{"@type":"ImageObject","inLanguage":"az","@id":"https:\/\/www.meydan.tv\/az\/article\/sekide-450-manata-gore-qardasimi-emeliyyat-etdiler-ugursuz-alindi\/#primaryimage","url":"https:\/\/www.meydan.tv\/wp-content\/uploads\/47051.jpg","contentUrl":"https:\/\/www.meydan.tv\/wp-content\/uploads\/47051.jpg","width":1280,"height":960,"caption":"Source:"},{"@type":"BreadcrumbList","@id":"https:\/\/www.meydan.tv\/az\/article\/sekide-450-manata-gore-qardasimi-emeliyyat-etdiler-ugursuz-alindi\/#breadcrumb","itemListElement":[{"@type":"ListItem","position":1,"name":"Ana s\u0259hif\u0259","item":"https:\/\/www.meydan.tv\/az\/"},{"@type":"ListItem","position":2,"name":"B\u00f6lg\u0259","item":"https:\/\/www.meydan.tv\/az\/section\/bolge\/"},{"@type":"ListItem","position":3,"name":"\u015e\u0259kid\u0259: 450 manata g\u00f6r\u0259 qarda\u015f\u0131m\u0131 \u0259m\u0259liyyat etdil\u0259r, u\u011fursuz al\u0131nd\u0131"}]},{"@type":"WebSite","@id":"https:\/\/www.meydan.tv\/az\/#website","url":"https:\/\/www.meydan.tv\/az\/","name":"MEYDAN.TV","description":"Meydan TV Az\u0259rbaycan\u0131n media m\u0259kan\u0131ndak\u0131 alternativ s\u0259sidir","publisher":{"@id":"https:\/\/www.meydan.tv\/az\/#organization"},"potentialAction":[{"@type":"SearchAction","target":{"@type":"EntryPoint","urlTemplate":"https:\/\/www.meydan.tv\/az\/?s={search_term_string}"},"query-input":{"@type":"PropertyValueSpecification","valueRequired":true,"valueName":"search_term_string"}}],"inLanguage":"az"},{"@type":"Organization","@id":"https:\/\/www.meydan.tv\/az\/#organization","name":"Meydan TV","url":"https:\/\/www.meydan.tv\/az\/","logo":{"@type":"ImageObject","inLanguage":"az","@id":"https:\/\/www.meydan.tv\/az\/#\/schema\/logo\/image\/","url":"https:\/\/www.meydan.tv\/wp-content\/uploads\/2021\/07\/meydan-logo.svg","contentUrl":"https:\/\/www.meydan.tv\/wp-content\/uploads\/2021\/07\/meydan-logo.svg","width":195,"height":46,"caption":"Meydan TV"},"image":{"@id":"https:\/\/www.meydan.tv\/az\/#\/schema\/logo\/image\/"}},{"@type":"Person","@id":"https:\/\/www.meydan.tv\/az\/#\/schema\/person\/10d11eccf6da3662cf5fdab9806ea91a","name":"user-manager"}]}},"_links":{"self":[{"href":"https:\/\/www.meydan.tv\/az\/wp-json\/wp\/v2\/posts\/194039","targetHints":{"allow":["GET"]}}],"collection":[{"href":"https:\/\/www.meydan.tv\/az\/wp-json\/wp\/v2\/posts"}],"about":[{"href":"https:\/\/www.meydan.tv\/az\/wp-json\/wp\/v2\/types\/post"}],"author":[{"embeddable":true,"href":"https:\/\/www.meydan.tv\/az\/wp-json\/wp\/v2\/users\/11"}],"replies":[{"embeddable":true,"href":"https:\/\/www.meydan.tv\/az\/wp-json\/wp\/v2\/comments?post=194039"}],"version-history":[{"count":0,"href":"https:\/\/www.meydan.tv\/az\/wp-json\/wp\/v2\/posts\/194039\/revisions"}],"wp:featuredmedia":[{"embeddable":true,"href":"https:\/\/www.meydan.tv\/az\/wp-json\/wp\/v2\/media\/117978"}],"wp:attachment":[{"href":"https:\/\/www.meydan.tv\/az\/wp-json\/wp\/v2\/media?parent=194039"}],"wp:term":[{"taxonomy":"category","embeddable":true,"href":"https:\/\/www.meydan.tv\/az\/wp-json\/wp\/v2\/categories?post=194039"},{"taxonomy":"post_tag","embeddable":true,"href":"https:\/\/www.meydan.tv\/az\/wp-json\/wp\/v2\/tags?post=194039"}],"curies":[{"name":"wp","href":"https:\/\/api.w.org\/{rel}","templated":true}]}}