{"id":194038,"date":"2019-02-15T18:40:16","date_gmt":"2019-02-15T18:40:16","guid":{"rendered":"https:\/\/www.meydan.tv\/article\/yevlax-sakini-hekimler-bacimi-goz-gore-gore-oldurur\/"},"modified":"2019-02-15T18:40:16","modified_gmt":"2019-02-15T18:40:16","slug":"yevlax-sakini-hekimler-bacimi-goz-gore-gore-oldurur","status":"publish","type":"post","link":"https:\/\/www.meydan.tv\/az\/article\/yevlax-sakini-hekimler-bacimi-goz-gore-gore-oldurur\/","title":{"rendered":"Yevlax sakini: H\u0259kiml\u0259r bac\u0131m\u0131 g\u00f6z g\u00f6r\u0259-g\u00f6r\u0259 \u00f6ld\u00fcr\u00fcr"},"content":{"rendered":"<figure class=\"wp-block-image size-large\">\n  <img decoding=\"async\" src=\"https:\/\/www.meydan.tv\/az\/ulviyye-sadiqova-2\/\" alt=\"\u00dclviyy\u0259 Sad\u0131qova\" class=\"wp-image-117966\"\/><figcaption>\n    \u00dclviyy\u0259 Sad\u0131qova<br \/>\n  <\/figcaption><\/figure>\n<p>\n  <i><br \/>\n    \u00dclviyy\u0259 Sad\u0131qovan\u0131n v\u0259ziyy\u0259ti qaraciy\u0259r k\u00f6\u00e7\u00fcrm\u0259sind\u0259n sonra tibbi yard\u0131m ala bilm\u0259diyi \u00fc\u00e7\u00fcn a\u011f\u0131rla\u015f\u0131b<br \/>\n  <\/i>\n<\/p>\n<p>\n  \u201cQaraciy\u0259ri, dala\u011f\u0131 \u015fi\u015fib, qarn\u0131na su y\u0131\u011f\u0131l\u0131b, qan azl\u0131\u011f\u0131ndan ciddi \u0259ziyy\u0259t \u00e7\u0259kir. Maddi imkan\u0131m\u0131z yoxdur dey\u0259 at\u0131blar x\u0259st\u0259xanan\u0131n bir k\u00fcnc\u00fcn\u0259, he\u00e7 bir tibbi yard\u0131m g\u00f6st\u0259rmirl\u0259r. Vaxt qazan\u0131rlar ki, x\u0259st\u0259 \u00f6ls\u00fcn, bunlar\u0131n da can\u0131 qurtars\u0131n\u201d.<\/p>\n<p>  Bunu Meydan TV-y\u0259 Yevlax sakini Telman Sad\u0131qov deyir. Onun s\u00f6zl\u0259rin\u0259 g\u00f6r\u0259, 5 il \u0259vv\u0259l qaraciy\u0259r transplantasiyas\u0131 ke\u00e7irmi\u015f bac\u0131s\u0131 \u00dclviyy\u0259 Sad\u0131qova x\u0259st\u0259xana k\u00fcnc\u00fcnd\u0259 \u00f6l\u00fcml\u0259 \u00e7arp\u0131\u015f\u0131r. S\u0259b\u0259bs\u0259 x\u0259st\u0259y\u0259 laz\u0131mi tibbi xidm\u0259tl\u0259rin g\u00f6st\u0259rilm\u0259m\u0259sidir.\n<\/p>\n<blockquote><p>\n  X\u0259st\u0259 qal\u0131b ortal\u0131qda&#8230;\n<\/p><\/blockquote>\n<p>\n  Telman Sad\u0131qov deyir ki, x\u0259st\u0259 qal\u0131b ortal\u0131qda, bir-birl\u0259rinin \u00fcz\u0259rin\u0259 y\u0131x\u0131rlar: \u201cO deyir, filank\u0259sin i\u015fidir, filank\u0259s deyir, onun i\u015fidir. Bac\u0131m onsuz da can\u0131yla \u0259ll\u0259\u015fir, bir t\u0259r\u0259fd\u0259n d\u0259 h\u0259kiml\u0259rin davran\u0131\u015f\u0131na \u0259s\u0259b ke\u00e7irir. X\u0259st\u0259nin ax\u0131r\u0131na \u00e7\u0131xmaq \u00fc\u00e7\u00fcn sanki s\u00f6z\u00fc bir yer\u0259 qoyublar\u201d.<\/p>\n<p>  \u00dclviyy\u0259 Sad\u0131qovaya 5 il \u0259vv\u0259l xeyirxah insanlar\u0131n yard\u0131m\u0131 il\u0259 G\u00f6mr\u00fck Hospital\u0131nda qaraciy\u0259r k\u00f6\u00e7\u00fcr\u00fcl\u00fcb. X\u0259st\u0259xanadan \u00e7\u0131xandan sonra imkans\u0131zl\u0131q \u00fcz\u00fcnd\u0259n laz\u0131mi d\u0259rmanlar\u0131 m\u00fct\u0259madi q\u0259bul etm\u0259diyi \u00fc\u00e7\u00fcn v\u0259ziyy\u0259ti a\u011f\u0131rla\u015f\u0131b. Haz\u0131rda is\u0259 hay\u0131ta ciddi m\u00fcalic\u0259l\u0259rd\u0259n as\u0131l\u0131d\u0131r. M\u00fcalic\u0259y\u0259 maddi imkan\u0131 \u00e7atm\u0131r. Telman Sad\u0131qov:\n<\/p>\n<p>\n  \u201cYevlax x\u0259st\u0259xanas\u0131nda bac\u0131m\u0131n m\u00fcalic\u0259si \u00fc\u00e7\u00fcn imkan yoxdur. H\u0259kiml\u0259r \u00f6zl\u0259ri d\u0259 deyirl\u0259r, ciy\u0259r k\u00f6\u00e7\u00fcrm\u0259sind\u0259n sonrak\u0131 m\u00fcalic\u0259l\u0259r bizlik deyil. X\u0259st\u0259 g\u00f6z\u00fcm\u00fcz g\u00f6r\u0259-g\u00f6r\u0259 \u00f6l\u00fcml\u0259 \u00e7arp\u0131\u015f\u0131r. Y\u0131x\u0131blar palatan\u0131n bir k\u00fcnc\u00fcn\u0259, g\u00f6zl\u0259yirl\u0259r ki, \u00f6ls\u00fcn, \u00f6l\u00fcs\u00fcn\u00fc biz\u0259 versinl\u0259r\u201d.\n<\/p>\n<figure class=\"wp-block-image size-large\">\n  <img decoding=\"async\" src=\"https:\/\/www.meydan.tv\/az\/ulviyye-sadiqova\/\" alt=\"\u00dclviyy\u0259 Sad\u0131qova\" class=\"wp-image-117969\"\/><figcaption>\n    \u00dclviyy\u0259 Sad\u0131qova<br \/>\n  <\/figcaption><\/figure>\n<blockquote><p>\n  X\u0259st\u0259xanalar q\u0259bul etmir\n<\/p><\/blockquote>\n<p>\n  Telman Sad\u0131qovun s\u00f6zl\u0259rin\u0259 g\u00f6r\u0259, bac\u0131s\u0131 2018-ci ilin dekabr ay\u0131ndan Yevlax v\u0259 Ming\u0259\u00e7evir x\u0259st\u0259xanalar\u0131nda m\u00fcayin\u0259l\u0259rd\u0259n ke\u00e7ib. H\u0259kiml\u0259r m\u00fcayin\u0259l\u0259rin n\u0259tic\u0259l\u0259rinin transplantoloqa t\u0259qdim edilm\u0259li oldu\u011funu bildiribl\u0259r:<\/p>\n<p>  \u201cDeyirl\u0259r, x\u0259st\u0259nin durumu haqq\u0131nda yaln\u0131z ona ciy\u0259r k\u00f6\u00e7\u00fcrm\u00fc\u015f transplantoloq r\u0259y ver\u0259 bil\u0259r. Bu \u0259m\u0259liyyat\u0131 haz\u0131rda G\u00f6mr\u00fck Hospital\u0131nda i\u015fl\u0259y\u0259n transplantoloq Mirc\u0259lal Kaz\u0131mi h\u0259yata ke\u00e7irib. Orada is\u0259 pullu xidm\u0259t oldu\u011funa g\u00f6r\u0259 bac\u0131m\u0131 q\u0259bul etmirl\u0259r. \u00d6t\u0259n ay Mirc\u0259lal Kaz\u0131miy\u0259 m\u00fcraci\u0259t etmi\u015fik. G\u00f6mr\u00fck Hospital\u0131n r\u0259yi \u0259sas\u0131nda x\u0259st\u0259nin \u00f6d yollar\u0131n\u0131n a\u00e7\u0131lmas\u0131 \u00fc\u00e7\u00fcn Diaqnostika M\u0259rk\u0259zin\u0259 g\u00f6nd\u0259ri\u015f verils\u0259 d\u0259, m\u0259rk\u0259zd\u0259 x\u0259st\u0259nin v\u0259ziyy\u0259tinin a\u011f\u0131r oldu\u011funu b\u0259han\u0259 g\u0259tir\u0259r\u0259k \u0259m\u0259liyyat\u0131 h\u0259yata ke\u00e7irmirl\u0259r. S\u0131\u011forta \u015firk\u0259tinin G\u00f6mr\u00fck Hospital\u0131 il\u0259 m\u00fcqavil\u0259si olmad\u0131\u011f\u0131na g\u00f6r\u0259 bac\u0131m n\u00f6vb\u0259ti m\u00fcayin\u0259l\u0259r\u0259 \u00fc\u00e7\u00fcn M\u0259rk\u0259zi Klinik X\u0259st\u0259xanas\u0131na g\u00f6nd\u0259rilib. Orada transplantoloq Tariyel Nadirov b\u0259zi m\u00fcayin\u0259l\u0259ri etdi. Bildirdi ki, x\u0259st\u0259 yaln\u0131z onu \u0259m\u0259liyyat etmi\u015f transplantoloqun n\u0259zar\u0259ti alt\u0131nda m\u00fcalic\u0259 olunmal\u0131d\u0131r\u201d.\n<\/p>\n<blockquote><p>\n  X\u0259st\u0259: \u201c\u0130ki h\u0259ft\u0259dir qida q\u0259bul ed\u0259 bilmir\u0259m\u201d\n<\/p><\/blockquote>\n<p>\n  X\u0259st\u0259liy\u0259 g\u00f6r\u0259 ikinci qrup \u0259lil olan \u00dclviyy\u0259 Sad\u0131qova haz\u0131rda Yevlax rayon M\u0259rk\u0259zi X\u0259st\u0259xanas\u0131ndad\u0131r. \u00dclviyy\u0259 xan\u0131m \u00f6z\u00fc d\u0259 Meydan TV-y\u0259 z\u0259ng ed\u0259r\u0259k durumundan dan\u0131\u015f\u0131b:<\/p>\n<p>  \u201c\u0130ki h\u0259ft\u0259dir qida q\u0259bul ed\u0259 bilmir\u0259m, qan\u0131m \u00e7ox a\u015fa\u011f\u0131d\u0131r, hals\u0131zam. Hiss edir\u0259m ki, bu gedi\u015fl\u0259 h\u0259yat\u0131m\u0131n son g\u00fcnl\u0259rini ya\u015fay\u0131ram. \u0130st\u0259s\u0259l\u0259r, \u0259ll\u0259rind\u0259dir, h\u0259r c\u00fcr yard\u0131m ed\u0259 bil\u0259rl\u0259r. \u0130st\u0259mirl\u0259r, \u00e7\u00fcnki pulumuz yoxdur. Deyirl\u0259r, bizim x\u0259st\u0259 deyils\u0259n, s\u0259nin yerin bura deyil, deyir\u0259m, bura deyils\u0259, g\u00f6nd\u0259rin harda olmal\u0131yam, ora&#8230; Deyirl\u0259r, \u00f6z\u00fcn getm\u0259lis\u0259n. Qalm\u0131\u015fam ortal\u0131qda, pulsuzluqdan sahib \u00e7\u0131xan yoxdur. \u00d6z h\u0259kimimin yan\u0131nda m\u00fcalic\u0259 almal\u0131yam. \u201cAlbumin\u201d vurulmal\u0131d\u0131r ki, v\u0259ziyy\u0259td\u0259n \u00e7\u0131x\u0131m, bu preparat d\u00f6vl\u0259t hesab\u0131na verilm\u0259lidir, ancaq deyirl\u0259r ki, x\u0259st\u0259xanada yoxdur. Qarda\u015f\u0131m bahal\u0131 d\u0259rmanlar\u0131 aptekl\u0259rd\u0259n nisy\u0259 g\u00f6t\u00fcr\u00fcr. Borcun i\u00e7ind\u0259 \u00fcz\u00fcr\u00fck. O x\u0259st\u0259xanalarda ki, m\u00fcalic\u0259 almal\u0131yam, \u00f6z\u0259l x\u0259st\u0259xanalard\u0131r, icbari tibbi s\u0131\u011fortaya g\u00f6r\u0259 m\u00fcqavil\u0259l\u0259ri yoxdur, ona g\u00f6r\u0259 d\u0259 m\u0259ni yax\u0131n buraxm\u0131rlar. \u00d6lm\u0259k ist\u0259mir\u0259m, cavanam, niy\u0259 \u00f6l\u00fcm ax\u0131&#8230; \u201cAlbumin\u201d \u00e7at\u0131\u015fmazl\u0131\u011f\u0131ndan \u0259ziyy\u0259t \u00e7\u0259kir\u0259m, bu boyda x\u0259st\u0259xanada ya var, vermirl\u0259r, ya da do\u011frudan yoxdur. Varsa, niy\u0259 x\u0259st\u0259y\u0259 vurmurlar? Yoxdursa, niy\u0259 yoxdur? B\u0259s d\u00f6vl\u0259t b\u00fcdc\u0259sind\u0259n d\u0259rmana bu q\u0259d\u0259r pullar ayr\u0131l\u0131r, niy\u0259 m\u0259n\u0259 vurma\u011fa x\u0259st\u0259xanada d\u0259rman tap\u0131lm\u0131r?\u201d\n<\/p>\n<figure class=\"wp-block-image size-large\">\n  <img decoding=\"async\" src=\"https:\/\/www.meydan.tv\/az\/117972\/\" alt=\"\" class=\"wp-image-117972\"\/><figcaption><\/figcaption><\/figure>\n<blockquote><p>\n  Hospital imtina edib\n<\/p><\/blockquote>\n<p>\n  Bu il yanvar\u0131n 21-d\u0259 \u00dclviyy\u0259 Sad\u0131qova tibbi xidm\u0259t\u0259 g\u00f6nd\u0259ri\u015f v\u0259r\u0259q\u0259si il\u0259 M\u0259rk\u0259zi Klinik X\u0259st\u0259xanaya ixtisasl\u0131 h\u0259kim m\u00fcyin\u0259sin\u0259 g\u00f6nd\u0259rilib. Orada b\u0259zi m\u00fcayin\u0259l\u0259rd\u0259n ke\u00e7irildikd\u0259n sonra x\u0259st\u0259y\u0259 bildirilib ki, m\u00fcalic\u0259 i\u015fl\u0259rini qaraciy\u0259r k\u00f6\u00e7\u00fcrm\u0259sini h\u0259yata ke\u00e7irmi\u015f transplantoloq g\u00f6rm\u0259lidir.<\/p>\n<p>  Meydan TV m\u0259s\u0259l\u0259y\u0259 G\u00f6mr\u00fck Hospital\u0131ndan m\u00fcnasib\u0259t \u00f6yr\u0259n\u0259 bilm\u0259yib. Ancaq hospitaldan x\u0259st\u0259nin ail\u0259sin\u0259 r\u0259smi m\u0259ktub var.<\/p>\n<p>  X\u0259st\u0259nin ail\u0259si d\u0259 \u0259m\u0259liyyat\u0131n ke\u00e7irildiyi G\u00f6mr\u00fck Hospital\u0131na m\u00fcraci\u0259t edib. Ancaq bu il fevral\u0131n 5-d\u0259 ail\u0259y\u0259 m\u0259ktubla bildirilib ki, x\u0259st\u0259nin m\u00fcalic\u0259si bu x\u0259st\u0259xanada m\u00fcmk\u00fcn deyil:\n<\/p>\n<p>\n  \u201cApar\u0131lan m\u00fcayin\u0259l\u0259r n\u0259tic\u0259sind\u0259 x\u0259st\u0259y\u0259 \u201cMalnutrisiya, \u00fcmumi z\u0259iflik v\u0259 \u00f6d yollar\u0131nda minimal darl\u0131q diaqnozu qoyulub. M\u00fcvafiq m\u00fcalic\u0259 verildikd\u0259n sonra \u00f6d yollar\u0131na \u201cbalon dilatasiyas\u0131\u201d tibbi xidm\u0259ti m\u0259sl\u0259h\u0259t g\u00f6r\u00fcl\u00fcb. Lakin hospitalda bu tibbi xidm\u0259t g\u00f6st\u0259rilmir. Bu s\u0259b\u0259bd\u0259n d\u0259 x\u0259st\u0259nin G\u00f6mr\u00fck Hospital\u0131nda m\u00fcalic\u0259 almas\u0131 m\u00fcmk\u00fcn deyil\u201d.<\/p>\n<p>  X\u0259st\u0259nin ail\u0259si is\u0259 iddia edir ki, \u0259slind\u0259 h\u0259min hospitalda qeyd olunan m\u00fcalic\u0259 m\u00fcmk\u00fcnd\u00fcr. Sad\u0259c\u0259 pullu oldu\u011funa g\u00f6r\u0259 hospital x\u0259st\u0259ni yax\u0131n buraxm\u0131r. X\u0259st\u0259nin qarda\u015f\u0131 Telman Sad\u0131qov deyir, o, bu m\u0259ktubu ald\u0131qdan sonra hospitalla telefon \u0259laq\u0259si saxlay\u0131b:<\/p>\n<p>  \u201cBildirdim ki, sizd\u0259 bu m\u00fcalic\u0259 m\u00fcmk\u00fcnd\u00fcr, niy\u0259 bel\u0259 cavab yaz\u0131b g\u00f6nd\u0259rmisiz? Dedil\u0259r, h\u0259kim s\u0259hv yaz\u0131b, g\u00f6nd\u0259rib. N\u00f6vb\u0259ti d\u0259f\u0259 d\u00fcz yazar. Sonra da bildirdil\u0259r ki, \u201cax\u0131 siz\u0259 d\u0259f\u0259l\u0259rl\u0259 deyilib, tibbi s\u0131\u011fortan\u0131z yoxdur, burda is\u0259 pullu xidm\u0259tdir\u201d. Dem\u0259yim odur ki, \u0259slind\u0259 bac\u0131m\u0131n h\u0259min hospitalda m\u00fcalic\u0259si m\u00fcmk\u00fcnd\u00fcr, sad\u0259c\u0259, pulsuzluq imkan vermir. Tibbi s\u0131\u011forta \u015firk\u0259tinins\u0259 h\u0259min x\u0259st\u0259xanayla m\u00fcqavil\u0259si yoxdur\u201d.\n<\/p>\n<blockquote><p>\n  X\u0259st\u0259xana: \u201cH\u0259r c\u00fcr tibbi yard\u0131m g\u00f6st\u0259rilir\u201d\n<\/p><\/blockquote>\n<p>\n  Meydan TV Yevlax M\u0259rk\u0259zi X\u0259st\u0259xanas\u0131 il\u0259 d\u0259 \u0259laq\u0259 saxlay\u0131b. X\u0259st\u0259xanadan bildirilib ki, M\u0259rk\u0259zi Klinik X\u0259st\u0259xanada m\u00fcayin\u0259l\u0259rd\u0259n sonra x\u0259st\u0259 stasionar m\u00fcalic\u0259 \u00fc\u00e7\u00fcn buraya g\u00f6nd\u0259rilib, x\u0259st\u0259y\u0259 laz\u0131mi d\u0259rman preparatlar\u0131 vurulur, m\u00fcalic\u0259si davam edir. Ancaq x\u0259st\u0259nin yax\u0131nlar\u0131na da bildirilib ki, bu m\u00fcalic\u0259l\u0259r x\u0259st\u0259y\u0259 qaraciy\u0259r k\u00f6\u00e7\u00fcr\u00fclm\u0259sini h\u0259yata ke\u00e7irmi\u015f transplantoloqun n\u0259zar\u0259tind\u0259 olsa, daha m\u0259qs\u0259d\u0259uy\u011fundur.<\/p>\n<p>  \u0130cbari Tibbi S\u0131\u011forta \u00fczr\u0259 D\u00f6vl\u0259t Agentliyind\u0259n bildirilib ki, \u00dclviyy\u0259 Sad\u0131qovan\u0131n ail\u0259si agentliy\u0259 m\u00fcraci\u0259t ed\u0259r\u0259k onun G\u00f6mr\u00fck Hospital\u0131nda i\u015fl\u0259y\u0259n transplantoloq Mirc\u0259lal Kaz\u0131mi t\u0259r\u0259find\u0259n daimi n\u0259zar\u0259td\u0259 olmas\u0131 \u00fc\u00e7\u00fcn g\u00f6nd\u0259ri\u015f verilm\u0259sini ist\u0259yib. Ancaq agentliyin h\u0259min tibb m\u00fc\u0259ssis\u0259si il\u0259 m\u00fcqavil\u0259si olmad\u0131\u011f\u0131na g\u00f6r\u0259 g\u00f6nd\u0259ri\u015f verilm\u0259si m\u00fcmk\u00fcn olmay\u0131b.\n<\/p>\n<p>\n  \u00dclviyy\u0259 Sad\u0131qova Yevlax rayon M\u0259rk\u0259zi X\u0259st\u0259xanas\u0131nda h\u0259kim-c\u0259rrah \u0130lkin \u018flizad\u0259 t\u0259r\u0259find\u0259n m\u00fcayin\u0259 olunub. X\u0259st\u0259y\u0259 \u201cQaraciy\u0259r transplantasiyas\u0131ndan sorak\u0131 v\u0259ziyy\u0259t, \u00f6d yollar\u0131n\u0131n daralmas\u0131\u201d diaqnozu qoyulub. N\u00f6vb\u0259ti tibbi xidm\u0259tl\u0259 t\u0259min olunmaq \u00fc\u00e7\u00fcn icbari tibbi s\u0131\u011fortan\u0131n t\u0259tbiqin\u0259 dair pilot layih\u0259 \u00e7\u0259r\u00e7iv\u0259sind\u0259 18 yanvar 2019-cu il tarixd\u0259 Respublika M\u00fcalic\u0259vi Diaqnostika M\u0259rk\u0259zin\u0259 g\u00f6nd\u0259ri\u015fl\u0259 t\u0259min olunub. Orada h\u0259m h\u0259kim invaziv c\u0259rrah A\u011faki\u015fi Y\u0259hyayev t\u0259r\u0259find\u0259n, h\u0259m d\u0259 laborator-instrumental m\u00fcayin\u0259l\u0259rd\u0259n ke\u00e7ib. Qar\u0131n bo\u015flu\u011funda maye izl\u0259ndiyi \u00fc\u00e7\u00fcn invaziv prosedurun h\u0259yata ke\u00e7irilm\u0259si m\u0259sl\u0259h\u0259t g\u00f6r\u00fclm\u0259yib. X\u0259st\u0259 reanimasiya \u015f\u00f6b\u0259sind\u0259 bir g\u00fcn tibbi xidm\u0259t ald\u0131qdan sonra h\u0259kim-transplantoloqun m\u00fcayin\u0259si \u00fc\u00e7\u00fcn yen\u0259 pilot layih\u0259 \u00e7\u0259r\u00e7iv\u0259sind\u0259 M\u0259rk\u0259zi Klinik X\u0259st\u0259xanas\u0131na g\u00f6nd\u0259rilib. Orada h\u0259kim-transplantoloq Tariyel Nadirov t\u0259r\u0259find\u0259n m\u00fcayin\u0259 olunub, baza z\u0259rfi \u00e7\u0259r\u00e7iv\u0259sind\u0259 tibbi xidm\u0259tl\u0259r g\u00f6st\u0259rilib. H\u0259kim-transplantoloq m\u00fcalic\u0259 t\u0259yin edib, x\u0259st\u0259 h\u0259min m\u00fcalic\u0259ni almaq \u00fc\u00e7\u00fcn Yevlax rayon M\u0259rk\u0259zi X\u0259st\u0259xanas\u0131na qaytar\u0131l\u0131b. X\u0259st\u0259xanada m\u00fcalic\u0259si bitdikd\u0259n sonra t\u0259krar ixtisasl\u0131 h\u0259kim m\u00fcayin\u0259si \u00fc\u00e7\u00fcn M\u0259rk\u0259zi Klinik X\u0259st\u0259xanas\u0131na g\u00f6nd\u0259ril\u0259c\u0259k.<\/p>\n<p>  H\u0259l\u0259 5 il \u0259vv\u0259l \u00dclviyy\u0259 Sad\u0131qova \u0259m\u0259liyyatdan \u00e7\u0131xd\u0131qdan sonrak\u0131 m\u00fcalic\u0259l\u0259ri g\u00f6t\u00fcr\u0259 bilm\u0259diyin\u0259 g\u00f6r\u0259 s\u0259hiyy\u0259d\u0259n \u015fikay\u0259tini ictimail\u0259\u015fdirmi\u015fdi. Bu s\u0259b\u0259bd\u0259n d\u0259 onun ail\u0259 \u00fczvl\u0259rini d\u00f6vl\u0259t idar\u0259sind\u0259ki i\u015fd\u0259n \u00e7\u0131xarm\u0131\u015fd\u0131lar.\n<\/p>\n<figure class=\"wp-block-image size-large\">\n  <img decoding=\"async\" src=\"https:\/\/www.meydan.tv\/az\/117975\/\" alt=\"\" class=\"wp-image-117975\"\/><figcaption><\/figcaption><\/figure>\n","protected":false},"excerpt":{"rendered":"<p>\u00dclviyy\u0259 Sad\u0131qovan\u0131n v\u0259ziyy\u0259ti qaraciy\u0259r k\u00f6\u00e7\u00fcrm\u0259sind\u0259n sonra tibbi yard\u0131m ala bilm\u0259diyi \u00fc\u00e7\u00fcn a\u011f\u0131rla\u015f\u0131b<\/p>\n","protected":false},"author":11,"featured_media":117966,"comment_status":"closed","ping_status":"open","sticky":false,"template":"","format":"standard","meta":{"_acf_changed":false,"_sitemap_exclude":false,"_sitemap_priority":"","_sitemap_frequency":"","footnotes":""},"categories":[60],"tags":[],"class_list":["post-194038","post","type-post","status-publish","format-standard","has-post-thumbnail","hentry","category-bolge","infinite-scroll-item","generate-columns","tablet-grid-50","mobile-grid-100","grid-parent","grid-33","no-featured-image-padding"],"acf":[],"yoast_head":"<!-- This site is optimized with the Yoast SEO plugin v27.4 - https:\/\/yoast.com\/product\/yoast-seo-wordpress\/ -->\n<title>Yevlax sakini: H\u0259kiml\u0259r bac\u0131m\u0131 g\u00f6z g\u00f6r\u0259-g\u00f6r\u0259 \u00f6ld\u00fcr\u00fcr - MEYDAN.TV<\/title>\n<meta name=\"robots\" content=\"index, follow, max-snippet:-1, max-image-preview:large, max-video-preview:-1\" \/>\n<link rel=\"canonical\" href=\"https:\/\/www.meydan.tv\/az\/article\/yevlax-sakini-hekimler-bacimi-goz-gore-gore-oldurur\/\" \/>\n<meta property=\"og:locale\" content=\"az_AZ\" \/>\n<meta property=\"og:type\" content=\"article\" \/>\n<meta property=\"og:title\" content=\"Yevlax sakini: H\u0259kiml\u0259r bac\u0131m\u0131 g\u00f6z g\u00f6r\u0259-g\u00f6r\u0259 \u00f6ld\u00fcr\u00fcr - MEYDAN.TV\" \/>\n<meta property=\"og:description\" content=\"\u00dclviyy\u0259 Sad\u0131qovan\u0131n v\u0259ziyy\u0259ti qaraciy\u0259r k\u00f6\u00e7\u00fcrm\u0259sind\u0259n sonra tibbi yard\u0131m ala bilm\u0259diyi \u00fc\u00e7\u00fcn a\u011f\u0131rla\u015f\u0131b\" \/>\n<meta property=\"og:url\" content=\"https:\/\/www.meydan.tv\/az\/article\/yevlax-sakini-hekimler-bacimi-goz-gore-gore-oldurur\/\" \/>\n<meta property=\"og:site_name\" content=\"MEYDAN.TV\" \/>\n<meta property=\"article:published_time\" content=\"2019-02-15T18:40:16+00:00\" \/>\n<meta property=\"og:image\" content=\"https:\/\/www.meydan.tv\/wp-content\/uploads\/47047-scaled.jpg\" \/>\n\t<meta property=\"og:image:width\" content=\"2560\" \/>\n\t<meta property=\"og:image:height\" content=\"1920\" \/>\n\t<meta property=\"og:image:type\" content=\"image\/jpeg\" \/>\n<meta name=\"author\" content=\"user-manager\" \/>\n<meta name=\"twitter:card\" content=\"summary_large_image\" \/>\n<script type=\"application\/ld+json\" class=\"yoast-schema-graph\">{\"@context\":\"https:\\\/\\\/schema.org\",\"@graph\":[{\"@type\":\"Article\",\"@id\":\"https:\\\/\\\/www.meydan.tv\\\/az\\\/article\\\/yevlax-sakini-hekimler-bacimi-goz-gore-gore-oldurur\\\/#article\",\"isPartOf\":{\"@id\":\"https:\\\/\\\/www.meydan.tv\\\/az\\\/article\\\/yevlax-sakini-hekimler-bacimi-goz-gore-gore-oldurur\\\/\"},\"author\":{\"name\":\"user-manager\",\"@id\":\"https:\\\/\\\/www.meydan.tv\\\/az\\\/#\\\/schema\\\/person\\\/10d11eccf6da3662cf5fdab9806ea91a\"},\"headline\":\"Yevlax sakini: H\u0259kiml\u0259r bac\u0131m\u0131 g\u00f6z g\u00f6r\u0259-g\u00f6r\u0259 \u00f6ld\u00fcr\u00fcr\",\"datePublished\":\"2019-02-15T18:40:16+00:00\",\"mainEntityOfPage\":{\"@id\":\"https:\\\/\\\/www.meydan.tv\\\/az\\\/article\\\/yevlax-sakini-hekimler-bacimi-goz-gore-gore-oldurur\\\/\"},\"wordCount\":1826,\"publisher\":{\"@id\":\"https:\\\/\\\/www.meydan.tv\\\/az\\\/#organization\"},\"image\":{\"@id\":\"https:\\\/\\\/www.meydan.tv\\\/az\\\/article\\\/yevlax-sakini-hekimler-bacimi-goz-gore-gore-oldurur\\\/#primaryimage\"},\"thumbnailUrl\":\"https:\\\/\\\/www.meydan.tv\\\/wp-content\\\/uploads\\\/47047-scaled.jpg\",\"articleSection\":[\"B\u00f6lg\u0259\"],\"inLanguage\":\"az\"},{\"@type\":\"WebPage\",\"@id\":\"https:\\\/\\\/www.meydan.tv\\\/az\\\/article\\\/yevlax-sakini-hekimler-bacimi-goz-gore-gore-oldurur\\\/\",\"url\":\"https:\\\/\\\/www.meydan.tv\\\/az\\\/article\\\/yevlax-sakini-hekimler-bacimi-goz-gore-gore-oldurur\\\/\",\"name\":\"Yevlax sakini: H\u0259kiml\u0259r bac\u0131m\u0131 g\u00f6z g\u00f6r\u0259-g\u00f6r\u0259 \u00f6ld\u00fcr\u00fcr - MEYDAN.TV\",\"isPartOf\":{\"@id\":\"https:\\\/\\\/www.meydan.tv\\\/az\\\/#website\"},\"primaryImageOfPage\":{\"@id\":\"https:\\\/\\\/www.meydan.tv\\\/az\\\/article\\\/yevlax-sakini-hekimler-bacimi-goz-gore-gore-oldurur\\\/#primaryimage\"},\"image\":{\"@id\":\"https:\\\/\\\/www.meydan.tv\\\/az\\\/article\\\/yevlax-sakini-hekimler-bacimi-goz-gore-gore-oldurur\\\/#primaryimage\"},\"thumbnailUrl\":\"https:\\\/\\\/www.meydan.tv\\\/wp-content\\\/uploads\\\/47047-scaled.jpg\",\"datePublished\":\"2019-02-15T18:40:16+00:00\",\"breadcrumb\":{\"@id\":\"https:\\\/\\\/www.meydan.tv\\\/az\\\/article\\\/yevlax-sakini-hekimler-bacimi-goz-gore-gore-oldurur\\\/#breadcrumb\"},\"inLanguage\":\"az\",\"potentialAction\":[{\"@type\":\"ReadAction\",\"target\":[\"https:\\\/\\\/www.meydan.tv\\\/az\\\/article\\\/yevlax-sakini-hekimler-bacimi-goz-gore-gore-oldurur\\\/\"]}]},{\"@type\":\"ImageObject\",\"inLanguage\":\"az\",\"@id\":\"https:\\\/\\\/www.meydan.tv\\\/az\\\/article\\\/yevlax-sakini-hekimler-bacimi-goz-gore-gore-oldurur\\\/#primaryimage\",\"url\":\"https:\\\/\\\/www.meydan.tv\\\/wp-content\\\/uploads\\\/47047-scaled.jpg\",\"contentUrl\":\"https:\\\/\\\/www.meydan.tv\\\/wp-content\\\/uploads\\\/47047-scaled.jpg\",\"width\":2560,\"height\":1920,\"caption\":\"Source:\"},{\"@type\":\"BreadcrumbList\",\"@id\":\"https:\\\/\\\/www.meydan.tv\\\/az\\\/article\\\/yevlax-sakini-hekimler-bacimi-goz-gore-gore-oldurur\\\/#breadcrumb\",\"itemListElement\":[{\"@type\":\"ListItem\",\"position\":1,\"name\":\"Ana s\u0259hif\u0259\",\"item\":\"https:\\\/\\\/www.meydan.tv\\\/az\\\/\"},{\"@type\":\"ListItem\",\"position\":2,\"name\":\"B\u00f6lg\u0259\",\"item\":\"https:\\\/\\\/www.meydan.tv\\\/az\\\/section\\\/bolge\\\/\"},{\"@type\":\"ListItem\",\"position\":3,\"name\":\"Yevlax sakini: H\u0259kiml\u0259r bac\u0131m\u0131 g\u00f6z g\u00f6r\u0259-g\u00f6r\u0259 \u00f6ld\u00fcr\u00fcr\"}]},{\"@type\":\"WebSite\",\"@id\":\"https:\\\/\\\/www.meydan.tv\\\/az\\\/#website\",\"url\":\"https:\\\/\\\/www.meydan.tv\\\/az\\\/\",\"name\":\"MEYDAN.TV\",\"description\":\"Meydan TV Az\u0259rbaycan\u0131n media m\u0259kan\u0131ndak\u0131 alternativ s\u0259sidir\",\"publisher\":{\"@id\":\"https:\\\/\\\/www.meydan.tv\\\/az\\\/#organization\"},\"potentialAction\":[{\"@type\":\"SearchAction\",\"target\":{\"@type\":\"EntryPoint\",\"urlTemplate\":\"https:\\\/\\\/www.meydan.tv\\\/az\\\/?s={search_term_string}\"},\"query-input\":{\"@type\":\"PropertyValueSpecification\",\"valueRequired\":true,\"valueName\":\"search_term_string\"}}],\"inLanguage\":\"az\"},{\"@type\":\"Organization\",\"@id\":\"https:\\\/\\\/www.meydan.tv\\\/az\\\/#organization\",\"name\":\"Meydan TV\",\"url\":\"https:\\\/\\\/www.meydan.tv\\\/az\\\/\",\"logo\":{\"@type\":\"ImageObject\",\"inLanguage\":\"az\",\"@id\":\"https:\\\/\\\/www.meydan.tv\\\/az\\\/#\\\/schema\\\/logo\\\/image\\\/\",\"url\":\"https:\\\/\\\/www.meydan.tv\\\/wp-content\\\/uploads\\\/2021\\\/07\\\/meydan-logo.svg\",\"contentUrl\":\"https:\\\/\\\/www.meydan.tv\\\/wp-content\\\/uploads\\\/2021\\\/07\\\/meydan-logo.svg\",\"width\":195,\"height\":46,\"caption\":\"Meydan TV\"},\"image\":{\"@id\":\"https:\\\/\\\/www.meydan.tv\\\/az\\\/#\\\/schema\\\/logo\\\/image\\\/\"}},{\"@type\":\"Person\",\"@id\":\"https:\\\/\\\/www.meydan.tv\\\/az\\\/#\\\/schema\\\/person\\\/10d11eccf6da3662cf5fdab9806ea91a\",\"name\":\"user-manager\"}]}<\/script>\n<!-- \/ Yoast SEO plugin. -->","yoast_head_json":{"title":"Yevlax sakini: H\u0259kiml\u0259r bac\u0131m\u0131 g\u00f6z g\u00f6r\u0259-g\u00f6r\u0259 \u00f6ld\u00fcr\u00fcr - MEYDAN.TV","robots":{"index":"index","follow":"follow","max-snippet":"max-snippet:-1","max-image-preview":"max-image-preview:large","max-video-preview":"max-video-preview:-1"},"canonical":"https:\/\/www.meydan.tv\/az\/article\/yevlax-sakini-hekimler-bacimi-goz-gore-gore-oldurur\/","og_locale":"az_AZ","og_type":"article","og_title":"Yevlax sakini: H\u0259kiml\u0259r bac\u0131m\u0131 g\u00f6z g\u00f6r\u0259-g\u00f6r\u0259 \u00f6ld\u00fcr\u00fcr - MEYDAN.TV","og_description":"\u00dclviyy\u0259 Sad\u0131qovan\u0131n v\u0259ziyy\u0259ti qaraciy\u0259r k\u00f6\u00e7\u00fcrm\u0259sind\u0259n sonra tibbi yard\u0131m ala bilm\u0259diyi \u00fc\u00e7\u00fcn a\u011f\u0131rla\u015f\u0131b","og_url":"https:\/\/www.meydan.tv\/az\/article\/yevlax-sakini-hekimler-bacimi-goz-gore-gore-oldurur\/","og_site_name":"MEYDAN.TV","article_published_time":"2019-02-15T18:40:16+00:00","og_image":[{"width":2560,"height":1920,"url":"https:\/\/www.meydan.tv\/wp-content\/uploads\/47047-scaled.jpg","type":"image\/jpeg"}],"author":"user-manager","twitter_card":"summary_large_image","schema":{"@context":"https:\/\/schema.org","@graph":[{"@type":"Article","@id":"https:\/\/www.meydan.tv\/az\/article\/yevlax-sakini-hekimler-bacimi-goz-gore-gore-oldurur\/#article","isPartOf":{"@id":"https:\/\/www.meydan.tv\/az\/article\/yevlax-sakini-hekimler-bacimi-goz-gore-gore-oldurur\/"},"author":{"name":"user-manager","@id":"https:\/\/www.meydan.tv\/az\/#\/schema\/person\/10d11eccf6da3662cf5fdab9806ea91a"},"headline":"Yevlax sakini: H\u0259kiml\u0259r bac\u0131m\u0131 g\u00f6z g\u00f6r\u0259-g\u00f6r\u0259 \u00f6ld\u00fcr\u00fcr","datePublished":"2019-02-15T18:40:16+00:00","mainEntityOfPage":{"@id":"https:\/\/www.meydan.tv\/az\/article\/yevlax-sakini-hekimler-bacimi-goz-gore-gore-oldurur\/"},"wordCount":1826,"publisher":{"@id":"https:\/\/www.meydan.tv\/az\/#organization"},"image":{"@id":"https:\/\/www.meydan.tv\/az\/article\/yevlax-sakini-hekimler-bacimi-goz-gore-gore-oldurur\/#primaryimage"},"thumbnailUrl":"https:\/\/www.meydan.tv\/wp-content\/uploads\/47047-scaled.jpg","articleSection":["B\u00f6lg\u0259"],"inLanguage":"az"},{"@type":"WebPage","@id":"https:\/\/www.meydan.tv\/az\/article\/yevlax-sakini-hekimler-bacimi-goz-gore-gore-oldurur\/","url":"https:\/\/www.meydan.tv\/az\/article\/yevlax-sakini-hekimler-bacimi-goz-gore-gore-oldurur\/","name":"Yevlax sakini: H\u0259kiml\u0259r bac\u0131m\u0131 g\u00f6z g\u00f6r\u0259-g\u00f6r\u0259 \u00f6ld\u00fcr\u00fcr - MEYDAN.TV","isPartOf":{"@id":"https:\/\/www.meydan.tv\/az\/#website"},"primaryImageOfPage":{"@id":"https:\/\/www.meydan.tv\/az\/article\/yevlax-sakini-hekimler-bacimi-goz-gore-gore-oldurur\/#primaryimage"},"image":{"@id":"https:\/\/www.meydan.tv\/az\/article\/yevlax-sakini-hekimler-bacimi-goz-gore-gore-oldurur\/#primaryimage"},"thumbnailUrl":"https:\/\/www.meydan.tv\/wp-content\/uploads\/47047-scaled.jpg","datePublished":"2019-02-15T18:40:16+00:00","breadcrumb":{"@id":"https:\/\/www.meydan.tv\/az\/article\/yevlax-sakini-hekimler-bacimi-goz-gore-gore-oldurur\/#breadcrumb"},"inLanguage":"az","potentialAction":[{"@type":"ReadAction","target":["https:\/\/www.meydan.tv\/az\/article\/yevlax-sakini-hekimler-bacimi-goz-gore-gore-oldurur\/"]}]},{"@type":"ImageObject","inLanguage":"az","@id":"https:\/\/www.meydan.tv\/az\/article\/yevlax-sakini-hekimler-bacimi-goz-gore-gore-oldurur\/#primaryimage","url":"https:\/\/www.meydan.tv\/wp-content\/uploads\/47047-scaled.jpg","contentUrl":"https:\/\/www.meydan.tv\/wp-content\/uploads\/47047-scaled.jpg","width":2560,"height":1920,"caption":"Source:"},{"@type":"BreadcrumbList","@id":"https:\/\/www.meydan.tv\/az\/article\/yevlax-sakini-hekimler-bacimi-goz-gore-gore-oldurur\/#breadcrumb","itemListElement":[{"@type":"ListItem","position":1,"name":"Ana s\u0259hif\u0259","item":"https:\/\/www.meydan.tv\/az\/"},{"@type":"ListItem","position":2,"name":"B\u00f6lg\u0259","item":"https:\/\/www.meydan.tv\/az\/section\/bolge\/"},{"@type":"ListItem","position":3,"name":"Yevlax sakini: H\u0259kiml\u0259r bac\u0131m\u0131 g\u00f6z g\u00f6r\u0259-g\u00f6r\u0259 \u00f6ld\u00fcr\u00fcr"}]},{"@type":"WebSite","@id":"https:\/\/www.meydan.tv\/az\/#website","url":"https:\/\/www.meydan.tv\/az\/","name":"MEYDAN.TV","description":"Meydan TV Az\u0259rbaycan\u0131n media m\u0259kan\u0131ndak\u0131 alternativ s\u0259sidir","publisher":{"@id":"https:\/\/www.meydan.tv\/az\/#organization"},"potentialAction":[{"@type":"SearchAction","target":{"@type":"EntryPoint","urlTemplate":"https:\/\/www.meydan.tv\/az\/?s={search_term_string}"},"query-input":{"@type":"PropertyValueSpecification","valueRequired":true,"valueName":"search_term_string"}}],"inLanguage":"az"},{"@type":"Organization","@id":"https:\/\/www.meydan.tv\/az\/#organization","name":"Meydan TV","url":"https:\/\/www.meydan.tv\/az\/","logo":{"@type":"ImageObject","inLanguage":"az","@id":"https:\/\/www.meydan.tv\/az\/#\/schema\/logo\/image\/","url":"https:\/\/www.meydan.tv\/wp-content\/uploads\/2021\/07\/meydan-logo.svg","contentUrl":"https:\/\/www.meydan.tv\/wp-content\/uploads\/2021\/07\/meydan-logo.svg","width":195,"height":46,"caption":"Meydan TV"},"image":{"@id":"https:\/\/www.meydan.tv\/az\/#\/schema\/logo\/image\/"}},{"@type":"Person","@id":"https:\/\/www.meydan.tv\/az\/#\/schema\/person\/10d11eccf6da3662cf5fdab9806ea91a","name":"user-manager"}]}},"_links":{"self":[{"href":"https:\/\/www.meydan.tv\/az\/wp-json\/wp\/v2\/posts\/194038","targetHints":{"allow":["GET"]}}],"collection":[{"href":"https:\/\/www.meydan.tv\/az\/wp-json\/wp\/v2\/posts"}],"about":[{"href":"https:\/\/www.meydan.tv\/az\/wp-json\/wp\/v2\/types\/post"}],"author":[{"embeddable":true,"href":"https:\/\/www.meydan.tv\/az\/wp-json\/wp\/v2\/users\/11"}],"replies":[{"embeddable":true,"href":"https:\/\/www.meydan.tv\/az\/wp-json\/wp\/v2\/comments?post=194038"}],"version-history":[{"count":0,"href":"https:\/\/www.meydan.tv\/az\/wp-json\/wp\/v2\/posts\/194038\/revisions"}],"wp:featuredmedia":[{"embeddable":true,"href":"https:\/\/www.meydan.tv\/az\/wp-json\/wp\/v2\/media\/117966"}],"wp:attachment":[{"href":"https:\/\/www.meydan.tv\/az\/wp-json\/wp\/v2\/media?parent=194038"}],"wp:term":[{"taxonomy":"category","embeddable":true,"href":"https:\/\/www.meydan.tv\/az\/wp-json\/wp\/v2\/categories?post=194038"},{"taxonomy":"post_tag","embeddable":true,"href":"https:\/\/www.meydan.tv\/az\/wp-json\/wp\/v2\/tags?post=194038"}],"curies":[{"name":"wp","href":"https:\/\/api.w.org\/{rel}","templated":true}]}}