{"id":194018,"date":"2019-02-14T20:26:29","date_gmt":"2019-02-14T20:26:29","guid":{"rendered":"https:\/\/www.meydan.tv\/article\/zavodu-baglayib-200-neferi-issiz-qoyurlar\/"},"modified":"2019-02-14T20:26:29","modified_gmt":"2019-02-14T20:26:29","slug":"zavodu-baglayib-200-neferi-issiz-qoyurlar","status":"publish","type":"post","link":"https:\/\/www.meydan.tv\/az\/article\/zavodu-baglayib-200-neferi-issiz-qoyurlar\/","title":{"rendered":"&#8221;Zavodu ba\u011flay\u0131b, 200 n\u0259f\u0259ri i\u015fsiz qoyurlar&#8221;"},"content":{"rendered":"<figure class=\"wp-block-image size-large\">\n  <img decoding=\"async\" src=\"https:\/\/www.meydan.tv\/az\/117894\/\" alt=\"\" class=\"wp-image-117894\"\/><figcaption><\/figcaption><\/figure>\n<p>\n  <i><br \/>\n    Zavod r\u0259hb\u0259rliyi: &#8221;Bizim zavodun ba\u011flanmas\u0131 il\u0259 ba\u011fl\u0131 r\u0259smi q\u0259rar\u0131m\u0131z yoxdur&#8221;<br \/>\n  <\/i>\n<\/p>\n<p>\n  &#8220;MKT \u0130stehsalat Kommersiya&#8221; MMC-nin Ucar filial\u0131 &#8211; Pamb\u0131qt\u0259mizl\u0259m\u0259 Zavodunun mart\u0131n 1-d\u0259 ba\u011flanaca\u011f\u0131 deyilir. Zavod \u0259m\u0259kda\u015flar\u0131 il\u0259 indid\u0259n yollar\u0131n\u0131 ay\u0131r\u0131b.\n<\/p>\n<p>\n  Bu bar\u0259d\u0259 Meydan TV-y\u0259 zavod i\u015f\u00e7il\u0259ri m\u0259lumat veribl\u0259r. Onlar \u00e7\u0131x\u0131lmaz v\u0259ziyy\u0259td\u0259 olduqlar\u0131n\u0131 s\u00f6yl\u0259yibl\u0259r:\n<\/p>\n<p>\n  \u201cGec\u0259 saatlar\u0131nda x\u0259b\u0259rdarl\u0131q m\u0259ktubu ald\u0131q. Bu, bizim \u00fc\u00e7\u00fcn qara x\u0259b\u0259rdir. \u00c7\u00fcnki bu q\u0259d\u0259r insan\u0131n ba\u015fqa bir yerd\u0259n bir q\u0259pik g\u0259liri yoxdur. 200 n\u0259f\u0259rd\u0259n \u00e7ox i\u015f\u00e7iyik. Biz bundan sonra ail\u0259mizi nec\u0259 doland\u0131raca\u011f\u0131q, bilmirik. Bir g\u00fcn\u00fcn i\u00e7ind\u0259 200 n\u0259f\u0259rl\u0259 sa\u011folla\u015fmaq n\u0259 dem\u0259kdir? Deyirl\u0259r, b\u00f6lg\u0259l\u0259rd\u0259 ham\u0131 i\u015fl\u0259 t\u0259min olunub. N\u0259inki insanlar i\u015fl\u0259 t\u0259min edilib, \u0259ksin\u0259, i\u015fi olanlar da bizim kimi ixtisara gedir. Biz &#8220;MKT-Ucar&#8221; filial\u0131n\u0131n 200 i\u015f\u00e7isi \u00e7\u0131x\u0131lmaz bir v\u0259ziyy\u0259tl\u0259 \u00fczl\u0259\u015fmi\u015fik\u201d.\n<\/p>\n<blockquote><p>\n  Rayonlar\u0131nda i\u015f tapmaq \u00e7\u0259tindir\n<\/p><\/blockquote>\n<p>\n  Sevda Yol\u00e7uyeva 4 il h\u0259min zavodda \u00e7al\u0131\u015f\u0131b. Deyir, kims\u0259si yoxdur, t\u0259k ya\u015fay\u0131r. Zavodda katib\u0259 i\u015fl\u0259yirmi\u015f. \u0130ndi qal\u0131b i\u015fsiz. Rayonlar\u0131nda i\u015f tapmaq da \u00e7\u0259tindir. Bundan sonra n\u0259 ed\u0259c\u0259yini bilmir:\n<\/p>\n<figure class=\"wp-block-image size-large\">\n  <img decoding=\"async\" src=\"https:\/\/www.meydan.tv\/az\/117908\/\" alt=\"\" class=\"wp-image-117908\"\/><figcaption><\/figcaption><\/figure>\n<p>\n  \u201cM\u0259n bundan sonra n\u0259 ed\u0259c\u0259y\u0259m? \u0130\u015f\u0131\u011f\u0131m\u0131, qaz\u0131m\u0131 g\u0259lib k\u0259s\u0259c\u0259kl\u0259r. \u0130ndid\u0259n borc y\u0131\u011f\u0131l\u0131b, \u00f6d\u0259y\u0259 bilmir\u0259m. H\u0259l\u0259 bunun \u0259rza\u011f\u0131 var, geyimi var. M\u0259n hara, kim\u0259 m\u00fcraci\u0259t edim, bilmir\u0259m. 4 il idi orada \u00e7al\u0131\u015f\u0131rd\u0131m. 250 manat da \u0259m\u0259k haqq\u0131 al\u0131rd\u0131m. Ucarda ba\u015fqa i\u015f yeri yoxdur. Bilmir\u0259m, bundan sonra harada i\u015fl\u0259y\u0259c\u0259y\u0259m. \u0130\u015fl\u0259m\u0259y\u0259 bir yer yoxdur ki, ged\u0259k 100-150 manata i\u015fl\u0259y\u0259k. He\u00e7 olmasa, quru \u00e7\u00f6r\u0259yimizi alaq v\u0259 kommunal\u0131m\u0131z\u0131 \u00f6d\u0259y\u0259k. 250 manat \u0259m\u0259k haqq\u0131m idi. S\u00fcr\u00fcn\u0259-s\u00fcr\u00fcn\u0259 dolan\u0131rd\u0131m. \u018flim\u0259 b\u00fct\u00f6v d\u0259 ke\u00e7mirdi he\u00e7, 210-220 manat alanda sevinirdim. \u0130ndi he\u00e7 bir yerd\u0259n bir q\u0259pik g\u0259lirim yoxdur, xahi\u015f edir\u0259m, biz\u0259 k\u00f6m\u0259k edin\u201d.\n<\/p>\n<blockquote><p>\n  Bizi bir m\u0259ktubla i\u015fd\u0259n azad etdil\u0259r\n<\/p><\/blockquote>\n<p>\n  &#8220;MKT-Ucar&#8221; filial\u0131 (Ucar Pamb\u0131q t\u0259mizl\u0259m\u0259 zavodu) 1922-ci ild\u0259 in\u015fa edilib. 1926-c\u0131 ild\u0259 istifad\u0259y\u0259 verilib. Bu zavod sovetl\u0259r d\u00f6n\u0259mind\u0259 b\u00f6y\u00fck m\u00fc\u0259ssis\u0259 olub. 2016-c\u0131 ild\u0259 ad\u0131 d\u0259yi\u015fdiril\u0259r\u0259k &#8220;MKT-Ucar&#8221; filial\u0131 olub.\n<\/p>\n<figure class=\"wp-block-image size-large\">\n  <img decoding=\"async\" src=\"https:\/\/www.meydan.tv\/az\/117900\/\" alt=\"\" class=\"wp-image-117900\"\/><figcaption><\/figcaption><\/figure>\n<p>\n  \u015eikay\u0259t\u00e7il\u0259r deyirl\u0259r ki, burada 200 n\u0259f\u0259r \u00e7al\u0131\u015f\u0131rd\u0131. Onlar\u0131n h\u0259r birinin evind\u0259 5-6 n\u0259f\u0259r ail\u0259 \u00fczv\u00fc var. Bu ail\u0259l\u0259rin yegan\u0259 g\u0259lir yeri bu idar\u0259d\u0259n ald\u0131\u011f\u0131 \u0259m\u0259k haqq\u0131d\u0131r.\n<\/p>\n<p>\n  \u201c2019-cu il yanvar\u0131n 25-d\u0259 h\u0259r bir i\u015f\u00e7iy\u0259 MKT \u0130stehsalat Kommersiya MMC-nin ba\u015f direktoru R\u00f6v\u015f\u0259n H\u0259s\u0259nov t\u0259r\u0259find\u0259n x\u0259b\u0259rdarl\u0131q m\u0259ktubu g\u0259ldi. H\u0259min m\u0259ktubda deyilir ki, bizim &#8220;MKT \u0130K&#8221; MMC il\u0259 qar\u015f\u0131l\u0131ql\u0131 raz\u0131la\u015fma \u0259sas\u0131nda 2019-cu il yanvar\u0131n 31-d\u0259k uzad\u0131lan \u0259m\u0259k m\u00fcqavil\u0259sin\u0259 Az\u0259rbaycan Respublikas\u0131n\u0131n \u018fm\u0259k M\u0259c\u0259ll\u0259sinin 68-ci madd\u0259sin\u0259 2-ci hiss\u0259sinin &#8220;b&#8221; b\u0259ndin\u0259 (\u0259m\u0259k m\u00fcqavil\u0259sinin m\u00fcdd\u0259tinin qurtarmas\u0131) \u0259sas\u0259n xitam verilib. Bununla \u0259laq\u0259dar hesablanm\u0131\u015f son haqq-hesab m\u0259bl\u0259\u011fi \u0259m\u0259k haqq\u0131 hesab\u0131n\u0131za k\u00f6\u00e7\u00fcr\u00fcl\u0259c\u0259k. Sonda da xahi\u015f edibl\u0259r ki, \u0259m\u0259k kitab\u00e7am\u0131z\u0131 almaq \u00fc\u00e7\u00fcn filial\u0131n kadrlar \u015f\u00f6b\u0259sin\u0259 yax\u0131nla\u015faq\u201d.\n<\/p>\n<blockquote><p>\n  1000 n\u0259f\u0259r insan\u0131 \u00e7\u00f6r\u0259ksiz qoydular\n<\/p><\/blockquote>\n<p>\n  \u0130\u015f\u00e7il\u0259r bu m\u0259ktubu qara x\u0259b\u0259r kimi q\u0259bul etdikl\u0259rini s\u00f6yl\u0259yirl\u0259r. Bildirirl\u0259r ki, bundan sonra ail\u0259l\u0259rini nec\u0259 doland\u0131racaqlar\u0131n\u0131 bilmirl\u0259r:\n<\/p>\n<p>\n  \u201cR\u0259hb\u0259rlik biz\u0259 bir ne\u00e7\u0259 g\u00fcn sonra dedi ki, yuxar\u0131dan g\u00f6st\u0259ri\u015f verildi ki, zavod f\u0259aliyy\u0259tini dayand\u0131rmayacaq, i\u015fl\u0259y\u0259c\u0259k. Ondan bir m\u00fcdd\u0259t ke\u00e7\u0259nd\u0259n sonra is\u0259 bildirdil\u0259r ki, zavod mart\u0131n 1-d\u0259 f\u0259aliyy\u0259tini dayand\u0131racaq. Zavodun f\u0259aliyy\u0259tinin dayand\u0131r\u0131lmas\u0131na he\u00e7 bir \u0259sas yoxdur. Prezidentin x\u00fcsusi g\u00f6st\u0259ri\u015fi il\u0259 pamb\u0131q\u00e7\u0131l\u0131\u011f\u0131n s\u00fcr\u0259tl\u0259 inki\u015faf etdirildiyi bir vaxtda f\u0259aliyy\u0259ti z\u0259ruri olan b\u00f6y\u00fck bir zavodun q\u0259fil ba\u011flay\u0131b, 200 n\u0259f\u0259r z\u0259hm\u0259tke\u015f i\u015f\u00e7ini \u00e7\u00f6r\u0259ksiz qoyurlar. Bu 200 n\u0259f\u0259r i\u015f\u00e7inin evind\u0259 5 ail\u0259 \u00fczv\u00fcn\u00fc d\u0259 hesaba alanda, 1000 n\u0259f\u0259r insan\u0131n \u00e7\u00f6r\u0259ksiz qoyulmas\u0131 n\u0259 d\u0259r\u0259c\u0259d\u0259 do\u011frudur? Bu, soyq\u0131r\u0131m deyilmi? Yalvar\u0131r\u0131q, &#8220;MKT-Ucar&#8221; filial\u0131n\u0131n ba\u011flanmas\u0131na imkan verm\u0259yin, biz\u0259 k\u00f6m\u0259k edin\u201d.\n<\/p>\n<blockquote><p>\n  Zavod ba\u011flanarsa, m\u0259nim \u00fc\u00e7\u00fcn \u00e7ox pis olacaq\n<\/p><\/blockquote>\n<p>\n  \u0130\u015f\u00e7il\u0259rd\u0259n \u0130lqar H\u0259s\u0259nov deyir ki, evd\u0259 8 n\u0259f\u0259rdirl\u0259r. Ondan ba\u015fqa \u00e7al\u0131\u015fan yoxdur. Zavod ba\u011flansa, ham\u0131s\u0131 ac\u0131ndan \u00f6l\u0259c\u0259k:<br \/>\n  <br \/>\n  \u201cOnsuz da ald\u0131\u011f\u0131m 350 manat idi. Onunla g\u00fccl\u0259 dolan\u0131rd\u0131q. Bir \u015fey\u0259 \u00e7atanda dig\u0259rin\u0259 \u00e7atm\u0131rd\u0131. Birt\u0259h\u0259r bu aydan dig\u0259rin\u0259 ke\u00e7irdik. \u00c7\u0259tin idi, amma dolan\u0131rd\u0131q. \u0130ndi daha o pul da olmayacaq. N\u0259 ed\u0259c\u0259yimizi bilmirik\u201d.\n<\/p>\n<figure class=\"wp-block-image size-large\">\n  <img decoding=\"async\" src=\"https:\/\/www.meydan.tv\/az\/117915\/\" alt=\"\" class=\"wp-image-117915\"\/><figcaption><\/figcaption><\/figure>\n<p>\n  Nadir Mehdiyev \u00fc\u00e7\u00fcn d\u0259 i\u015fsizlik asan olmayacaq. Deyir, \u00fcst\u0259lik, rayonda ba\u015fqa i\u015f tapmaq da m\u00fcmk\u00fcn deyil:\n<\/p>\n<p>\n  \u201cBir s\u00f6zd\u00fc at\u0131blar ortal\u0131\u011fa. Deyirl\u0259r, zavod ba\u011flan\u0131r. Amma s\u00f6z veribl\u0259r ki, fevral\u0131n maa\u015f\u0131n\u0131 alacaqs\u0131n\u0131z. Evd\u0259 i\u015fl\u0259y\u0259n yoxdur m\u0259nd\u0259n ba\u015fqa. 5 n\u0259f\u0259r d\u0259 ail\u0259 \u00fczv\u00fcm var. \u00c7\u0259tindir, onlar\u0131 nec\u0259 doland\u0131raca\u011f\u0131m\u0131 bilmir\u0259m. 250 manat al\u0131rd\u0131m. Birt\u0259h\u0259r ay\u0131 sona vururduq. Pensiyan\u0131 da \u00fcst\u00fcn\u0259 g\u0259l\u0259nd\u0259 dolan\u0131rd\u0131q. \u0130ndi zavod ba\u011flanarsa, m\u0259nim \u00fc\u00e7\u00fcn \u00e7ox pis olacaq\u201d.\n<\/p>\n<blockquote><p>\n  Zavod da ba\u011flansa, biz nec\u0259 dolanaca\u011f\u0131q?\n<\/p><\/blockquote>\n<p>\n  \u0130\u015f\u00e7il\u0259rd\u0259n A\u011fadada\u015f A\u011falarov da zavod ba\u011flanandan sonra ail\u0259sini nec\u0259 doland\u0131raca\u011f\u0131n\u0131 bilmir. Deyir, \u00e7\u00f6r\u0259yi ordan \u00e7\u0131x\u0131rm\u0131\u015f. 4 n\u0259f\u0259rlik ail\u0259si buradan dolan\u0131rm\u0131\u015f:\n<\/p>\n<p>\n  \u201cBundan sonra nec\u0259 olacaq, d\u00fc\u015f\u00fcn\u0259 bilmir\u0259m. N\u0259 ed\u0259c\u0259y\u0259m? Pis, yax\u015f\u0131 260 manat al\u0131rd\u0131m, birt\u0259h\u0259r yetirdi. \u0130ndi o da olmasa, n\u0259 ed\u0259c\u0259y\u0259m? Rayonda i\u015f-g\u00fcc yoxdur. \u0130nanm\u0131ram bundan sonra haradasa i\u015f tapa bil\u0259m. K\u0259ndli olsaq da, torpa\u011f\u0131m\u0131z yoxdur. \u018fkin-bi\u00e7in ed\u0259 bilmirik. Mal\u0131m\u0131z, heyvan\u0131m\u0131z da yoxdur. Zavod da ba\u011flansa, biz nec\u0259 dolanaca\u011f\u0131q? \u00c7ox \u00e7\u0259tin olacaq\u201d.\n<\/p>\n<p>\n  Meydan TV m\u0259s\u0259l\u0259y\u0259 m\u00fcnasib\u0259t \u00f6yr\u0259nm\u0259k \u00fc\u00e7\u00fcn &#8220;MKT \u0130stehsalat Kommersiya&#8221; MMC il\u0259 \u0259laq\u0259 saxlay\u0131b. MMC r\u0259hb\u0259rliyi bildirib ki, MKT-nin\n<\/p>\n<p>\n  Ucra filial\u0131n\u0131n ba\u011flanmas\u0131 il\u0259 ba\u011fl\u0131 onlar\u0131n r\u0259smi v\u0259 ya qeyri-r\u0259smi q\u0259rarlar\u0131 yoxdur:\n<\/p>\n<p>\n  \u201cOla bilsin i\u015f\u00e7il\u0259r n\u0259s\u0259 e\u015fidibl\u0259r, n\u0259d\u0259ns\u0259 \u015f\u00fcbh\u0259l\u0259nibl\u0259r. Ancaq bizim filial\u0131n ba\u011flanmas\u0131 il\u0259 ba\u011fl\u0131 h\u0259r hans\u0131 bir q\u0259rar\u0131m\u0131z yoxdur\u201d.<\/p>\n","protected":false},"excerpt":{"rendered":"<p>Zavod r\u0259hb\u0259rliyi: &#8221;Bizim zavodun ba\u011flanmas\u0131 il\u0259 ba\u011fl\u0131 r\u0259smi q\u0259rar\u0131m\u0131z yoxdur&#8221;<\/p>\n","protected":false},"author":11,"featured_media":117894,"comment_status":"closed","ping_status":"open","sticky":false,"template":"","format":"standard","meta":{"_acf_changed":false,"_sitemap_exclude":false,"_sitemap_priority":"","_sitemap_frequency":"","footnotes":""},"categories":[60],"tags":[],"class_list":["post-194018","post","type-post","status-publish","format-standard","has-post-thumbnail","hentry","category-bolge","infinite-scroll-item","generate-columns","tablet-grid-50","mobile-grid-100","grid-parent","grid-33","no-featured-image-padding"],"acf":[],"yoast_head":"<!-- This site is optimized with the Yoast SEO plugin v27.4 - https:\/\/yoast.com\/product\/yoast-seo-wordpress\/ -->\n<title>&#039;&#039;Zavodu ba\u011flay\u0131b, 200 n\u0259f\u0259ri i\u015fsiz qoyurlar&#039;&#039; - MEYDAN.TV<\/title>\n<meta name=\"robots\" content=\"index, follow, max-snippet:-1, max-image-preview:large, max-video-preview:-1\" \/>\n<link rel=\"canonical\" href=\"https:\/\/www.meydan.tv\/az\/article\/zavodu-baglayib-200-neferi-issiz-qoyurlar\/\" \/>\n<meta property=\"og:locale\" content=\"az_AZ\" \/>\n<meta property=\"og:type\" content=\"article\" \/>\n<meta property=\"og:title\" content=\"&#039;&#039;Zavodu ba\u011flay\u0131b, 200 n\u0259f\u0259ri i\u015fsiz qoyurlar&#039;&#039; - MEYDAN.TV\" \/>\n<meta property=\"og:description\" content=\"Zavod r\u0259hb\u0259rliyi: &#039;&#039;Bizim zavodun ba\u011flanmas\u0131 il\u0259 ba\u011fl\u0131 r\u0259smi q\u0259rar\u0131m\u0131z yoxdur&#039;&#039;\" \/>\n<meta property=\"og:url\" content=\"https:\/\/www.meydan.tv\/az\/article\/zavodu-baglayib-200-neferi-issiz-qoyurlar\/\" \/>\n<meta property=\"og:site_name\" content=\"MEYDAN.TV\" \/>\n<meta property=\"article:published_time\" content=\"2019-02-14T20:26:29+00:00\" \/>\n<meta property=\"og:image\" content=\"https:\/\/www.meydan.tv\/wp-content\/uploads\/47022.jpg\" \/>\n\t<meta property=\"og:image:width\" content=\"720\" \/>\n\t<meta property=\"og:image:height\" content=\"540\" \/>\n\t<meta property=\"og:image:type\" content=\"image\/jpeg\" \/>\n<meta name=\"author\" content=\"user-manager\" \/>\n<meta name=\"twitter:card\" content=\"summary_large_image\" \/>\n<script type=\"application\/ld+json\" class=\"yoast-schema-graph\">{\"@context\":\"https:\\\/\\\/schema.org\",\"@graph\":[{\"@type\":\"Article\",\"@id\":\"https:\\\/\\\/www.meydan.tv\\\/az\\\/article\\\/zavodu-baglayib-200-neferi-issiz-qoyurlar\\\/#article\",\"isPartOf\":{\"@id\":\"https:\\\/\\\/www.meydan.tv\\\/az\\\/article\\\/zavodu-baglayib-200-neferi-issiz-qoyurlar\\\/\"},\"author\":{\"name\":\"user-manager\",\"@id\":\"https:\\\/\\\/www.meydan.tv\\\/az\\\/#\\\/schema\\\/person\\\/10d11eccf6da3662cf5fdab9806ea91a\"},\"headline\":\"&#8221;Zavodu ba\u011flay\u0131b, 200 n\u0259f\u0259ri i\u015fsiz qoyurlar&#8221;\",\"datePublished\":\"2019-02-14T20:26:29+00:00\",\"mainEntityOfPage\":{\"@id\":\"https:\\\/\\\/www.meydan.tv\\\/az\\\/article\\\/zavodu-baglayib-200-neferi-issiz-qoyurlar\\\/\"},\"wordCount\":1219,\"publisher\":{\"@id\":\"https:\\\/\\\/www.meydan.tv\\\/az\\\/#organization\"},\"image\":{\"@id\":\"https:\\\/\\\/www.meydan.tv\\\/az\\\/article\\\/zavodu-baglayib-200-neferi-issiz-qoyurlar\\\/#primaryimage\"},\"thumbnailUrl\":\"https:\\\/\\\/www.meydan.tv\\\/wp-content\\\/uploads\\\/47022.jpg\",\"articleSection\":[\"B\u00f6lg\u0259\"],\"inLanguage\":\"az\"},{\"@type\":\"WebPage\",\"@id\":\"https:\\\/\\\/www.meydan.tv\\\/az\\\/article\\\/zavodu-baglayib-200-neferi-issiz-qoyurlar\\\/\",\"url\":\"https:\\\/\\\/www.meydan.tv\\\/az\\\/article\\\/zavodu-baglayib-200-neferi-issiz-qoyurlar\\\/\",\"name\":\"''Zavodu ba\u011flay\u0131b, 200 n\u0259f\u0259ri i\u015fsiz qoyurlar'' - MEYDAN.TV\",\"isPartOf\":{\"@id\":\"https:\\\/\\\/www.meydan.tv\\\/az\\\/#website\"},\"primaryImageOfPage\":{\"@id\":\"https:\\\/\\\/www.meydan.tv\\\/az\\\/article\\\/zavodu-baglayib-200-neferi-issiz-qoyurlar\\\/#primaryimage\"},\"image\":{\"@id\":\"https:\\\/\\\/www.meydan.tv\\\/az\\\/article\\\/zavodu-baglayib-200-neferi-issiz-qoyurlar\\\/#primaryimage\"},\"thumbnailUrl\":\"https:\\\/\\\/www.meydan.tv\\\/wp-content\\\/uploads\\\/47022.jpg\",\"datePublished\":\"2019-02-14T20:26:29+00:00\",\"breadcrumb\":{\"@id\":\"https:\\\/\\\/www.meydan.tv\\\/az\\\/article\\\/zavodu-baglayib-200-neferi-issiz-qoyurlar\\\/#breadcrumb\"},\"inLanguage\":\"az\",\"potentialAction\":[{\"@type\":\"ReadAction\",\"target\":[\"https:\\\/\\\/www.meydan.tv\\\/az\\\/article\\\/zavodu-baglayib-200-neferi-issiz-qoyurlar\\\/\"]}]},{\"@type\":\"ImageObject\",\"inLanguage\":\"az\",\"@id\":\"https:\\\/\\\/www.meydan.tv\\\/az\\\/article\\\/zavodu-baglayib-200-neferi-issiz-qoyurlar\\\/#primaryimage\",\"url\":\"https:\\\/\\\/www.meydan.tv\\\/wp-content\\\/uploads\\\/47022.jpg\",\"contentUrl\":\"https:\\\/\\\/www.meydan.tv\\\/wp-content\\\/uploads\\\/47022.jpg\",\"width\":720,\"height\":540,\"caption\":\"Source:\"},{\"@type\":\"BreadcrumbList\",\"@id\":\"https:\\\/\\\/www.meydan.tv\\\/az\\\/article\\\/zavodu-baglayib-200-neferi-issiz-qoyurlar\\\/#breadcrumb\",\"itemListElement\":[{\"@type\":\"ListItem\",\"position\":1,\"name\":\"Ana s\u0259hif\u0259\",\"item\":\"https:\\\/\\\/www.meydan.tv\\\/az\\\/\"},{\"@type\":\"ListItem\",\"position\":2,\"name\":\"B\u00f6lg\u0259\",\"item\":\"https:\\\/\\\/www.meydan.tv\\\/az\\\/section\\\/bolge\\\/\"},{\"@type\":\"ListItem\",\"position\":3,\"name\":\"&#8221;Zavodu ba\u011flay\u0131b, 200 n\u0259f\u0259ri i\u015fsiz qoyurlar&#8221;\"}]},{\"@type\":\"WebSite\",\"@id\":\"https:\\\/\\\/www.meydan.tv\\\/az\\\/#website\",\"url\":\"https:\\\/\\\/www.meydan.tv\\\/az\\\/\",\"name\":\"MEYDAN.TV\",\"description\":\"Meydan TV Az\u0259rbaycan\u0131n media m\u0259kan\u0131ndak\u0131 alternativ s\u0259sidir\",\"publisher\":{\"@id\":\"https:\\\/\\\/www.meydan.tv\\\/az\\\/#organization\"},\"potentialAction\":[{\"@type\":\"SearchAction\",\"target\":{\"@type\":\"EntryPoint\",\"urlTemplate\":\"https:\\\/\\\/www.meydan.tv\\\/az\\\/?s={search_term_string}\"},\"query-input\":{\"@type\":\"PropertyValueSpecification\",\"valueRequired\":true,\"valueName\":\"search_term_string\"}}],\"inLanguage\":\"az\"},{\"@type\":\"Organization\",\"@id\":\"https:\\\/\\\/www.meydan.tv\\\/az\\\/#organization\",\"name\":\"Meydan TV\",\"url\":\"https:\\\/\\\/www.meydan.tv\\\/az\\\/\",\"logo\":{\"@type\":\"ImageObject\",\"inLanguage\":\"az\",\"@id\":\"https:\\\/\\\/www.meydan.tv\\\/az\\\/#\\\/schema\\\/logo\\\/image\\\/\",\"url\":\"https:\\\/\\\/www.meydan.tv\\\/wp-content\\\/uploads\\\/2021\\\/07\\\/meydan-logo.svg\",\"contentUrl\":\"https:\\\/\\\/www.meydan.tv\\\/wp-content\\\/uploads\\\/2021\\\/07\\\/meydan-logo.svg\",\"width\":195,\"height\":46,\"caption\":\"Meydan TV\"},\"image\":{\"@id\":\"https:\\\/\\\/www.meydan.tv\\\/az\\\/#\\\/schema\\\/logo\\\/image\\\/\"}},{\"@type\":\"Person\",\"@id\":\"https:\\\/\\\/www.meydan.tv\\\/az\\\/#\\\/schema\\\/person\\\/10d11eccf6da3662cf5fdab9806ea91a\",\"name\":\"user-manager\"}]}<\/script>\n<!-- \/ Yoast SEO plugin. -->","yoast_head_json":{"title":"''Zavodu ba\u011flay\u0131b, 200 n\u0259f\u0259ri i\u015fsiz qoyurlar'' - MEYDAN.TV","robots":{"index":"index","follow":"follow","max-snippet":"max-snippet:-1","max-image-preview":"max-image-preview:large","max-video-preview":"max-video-preview:-1"},"canonical":"https:\/\/www.meydan.tv\/az\/article\/zavodu-baglayib-200-neferi-issiz-qoyurlar\/","og_locale":"az_AZ","og_type":"article","og_title":"''Zavodu ba\u011flay\u0131b, 200 n\u0259f\u0259ri i\u015fsiz qoyurlar'' - MEYDAN.TV","og_description":"Zavod r\u0259hb\u0259rliyi: ''Bizim zavodun ba\u011flanmas\u0131 il\u0259 ba\u011fl\u0131 r\u0259smi q\u0259rar\u0131m\u0131z yoxdur''","og_url":"https:\/\/www.meydan.tv\/az\/article\/zavodu-baglayib-200-neferi-issiz-qoyurlar\/","og_site_name":"MEYDAN.TV","article_published_time":"2019-02-14T20:26:29+00:00","og_image":[{"width":720,"height":540,"url":"https:\/\/www.meydan.tv\/wp-content\/uploads\/47022.jpg","type":"image\/jpeg"}],"author":"user-manager","twitter_card":"summary_large_image","schema":{"@context":"https:\/\/schema.org","@graph":[{"@type":"Article","@id":"https:\/\/www.meydan.tv\/az\/article\/zavodu-baglayib-200-neferi-issiz-qoyurlar\/#article","isPartOf":{"@id":"https:\/\/www.meydan.tv\/az\/article\/zavodu-baglayib-200-neferi-issiz-qoyurlar\/"},"author":{"name":"user-manager","@id":"https:\/\/www.meydan.tv\/az\/#\/schema\/person\/10d11eccf6da3662cf5fdab9806ea91a"},"headline":"&#8221;Zavodu ba\u011flay\u0131b, 200 n\u0259f\u0259ri i\u015fsiz qoyurlar&#8221;","datePublished":"2019-02-14T20:26:29+00:00","mainEntityOfPage":{"@id":"https:\/\/www.meydan.tv\/az\/article\/zavodu-baglayib-200-neferi-issiz-qoyurlar\/"},"wordCount":1219,"publisher":{"@id":"https:\/\/www.meydan.tv\/az\/#organization"},"image":{"@id":"https:\/\/www.meydan.tv\/az\/article\/zavodu-baglayib-200-neferi-issiz-qoyurlar\/#primaryimage"},"thumbnailUrl":"https:\/\/www.meydan.tv\/wp-content\/uploads\/47022.jpg","articleSection":["B\u00f6lg\u0259"],"inLanguage":"az"},{"@type":"WebPage","@id":"https:\/\/www.meydan.tv\/az\/article\/zavodu-baglayib-200-neferi-issiz-qoyurlar\/","url":"https:\/\/www.meydan.tv\/az\/article\/zavodu-baglayib-200-neferi-issiz-qoyurlar\/","name":"''Zavodu ba\u011flay\u0131b, 200 n\u0259f\u0259ri i\u015fsiz qoyurlar'' - MEYDAN.TV","isPartOf":{"@id":"https:\/\/www.meydan.tv\/az\/#website"},"primaryImageOfPage":{"@id":"https:\/\/www.meydan.tv\/az\/article\/zavodu-baglayib-200-neferi-issiz-qoyurlar\/#primaryimage"},"image":{"@id":"https:\/\/www.meydan.tv\/az\/article\/zavodu-baglayib-200-neferi-issiz-qoyurlar\/#primaryimage"},"thumbnailUrl":"https:\/\/www.meydan.tv\/wp-content\/uploads\/47022.jpg","datePublished":"2019-02-14T20:26:29+00:00","breadcrumb":{"@id":"https:\/\/www.meydan.tv\/az\/article\/zavodu-baglayib-200-neferi-issiz-qoyurlar\/#breadcrumb"},"inLanguage":"az","potentialAction":[{"@type":"ReadAction","target":["https:\/\/www.meydan.tv\/az\/article\/zavodu-baglayib-200-neferi-issiz-qoyurlar\/"]}]},{"@type":"ImageObject","inLanguage":"az","@id":"https:\/\/www.meydan.tv\/az\/article\/zavodu-baglayib-200-neferi-issiz-qoyurlar\/#primaryimage","url":"https:\/\/www.meydan.tv\/wp-content\/uploads\/47022.jpg","contentUrl":"https:\/\/www.meydan.tv\/wp-content\/uploads\/47022.jpg","width":720,"height":540,"caption":"Source:"},{"@type":"BreadcrumbList","@id":"https:\/\/www.meydan.tv\/az\/article\/zavodu-baglayib-200-neferi-issiz-qoyurlar\/#breadcrumb","itemListElement":[{"@type":"ListItem","position":1,"name":"Ana s\u0259hif\u0259","item":"https:\/\/www.meydan.tv\/az\/"},{"@type":"ListItem","position":2,"name":"B\u00f6lg\u0259","item":"https:\/\/www.meydan.tv\/az\/section\/bolge\/"},{"@type":"ListItem","position":3,"name":"&#8221;Zavodu ba\u011flay\u0131b, 200 n\u0259f\u0259ri i\u015fsiz qoyurlar&#8221;"}]},{"@type":"WebSite","@id":"https:\/\/www.meydan.tv\/az\/#website","url":"https:\/\/www.meydan.tv\/az\/","name":"MEYDAN.TV","description":"Meydan TV Az\u0259rbaycan\u0131n media m\u0259kan\u0131ndak\u0131 alternativ s\u0259sidir","publisher":{"@id":"https:\/\/www.meydan.tv\/az\/#organization"},"potentialAction":[{"@type":"SearchAction","target":{"@type":"EntryPoint","urlTemplate":"https:\/\/www.meydan.tv\/az\/?s={search_term_string}"},"query-input":{"@type":"PropertyValueSpecification","valueRequired":true,"valueName":"search_term_string"}}],"inLanguage":"az"},{"@type":"Organization","@id":"https:\/\/www.meydan.tv\/az\/#organization","name":"Meydan TV","url":"https:\/\/www.meydan.tv\/az\/","logo":{"@type":"ImageObject","inLanguage":"az","@id":"https:\/\/www.meydan.tv\/az\/#\/schema\/logo\/image\/","url":"https:\/\/www.meydan.tv\/wp-content\/uploads\/2021\/07\/meydan-logo.svg","contentUrl":"https:\/\/www.meydan.tv\/wp-content\/uploads\/2021\/07\/meydan-logo.svg","width":195,"height":46,"caption":"Meydan TV"},"image":{"@id":"https:\/\/www.meydan.tv\/az\/#\/schema\/logo\/image\/"}},{"@type":"Person","@id":"https:\/\/www.meydan.tv\/az\/#\/schema\/person\/10d11eccf6da3662cf5fdab9806ea91a","name":"user-manager"}]}},"_links":{"self":[{"href":"https:\/\/www.meydan.tv\/az\/wp-json\/wp\/v2\/posts\/194018","targetHints":{"allow":["GET"]}}],"collection":[{"href":"https:\/\/www.meydan.tv\/az\/wp-json\/wp\/v2\/posts"}],"about":[{"href":"https:\/\/www.meydan.tv\/az\/wp-json\/wp\/v2\/types\/post"}],"author":[{"embeddable":true,"href":"https:\/\/www.meydan.tv\/az\/wp-json\/wp\/v2\/users\/11"}],"replies":[{"embeddable":true,"href":"https:\/\/www.meydan.tv\/az\/wp-json\/wp\/v2\/comments?post=194018"}],"version-history":[{"count":0,"href":"https:\/\/www.meydan.tv\/az\/wp-json\/wp\/v2\/posts\/194018\/revisions"}],"wp:featuredmedia":[{"embeddable":true,"href":"https:\/\/www.meydan.tv\/az\/wp-json\/wp\/v2\/media\/117894"}],"wp:attachment":[{"href":"https:\/\/www.meydan.tv\/az\/wp-json\/wp\/v2\/media?parent=194018"}],"wp:term":[{"taxonomy":"category","embeddable":true,"href":"https:\/\/www.meydan.tv\/az\/wp-json\/wp\/v2\/categories?post=194018"},{"taxonomy":"post_tag","embeddable":true,"href":"https:\/\/www.meydan.tv\/az\/wp-json\/wp\/v2\/tags?post=194018"}],"curies":[{"name":"wp","href":"https:\/\/api.w.org\/{rel}","templated":true}]}}