{"id":194013,"date":"2019-02-14T18:04:27","date_gmt":"2019-02-14T18:04:27","guid":{"rendered":"https:\/\/www.meydan.tv\/article\/23-yasli-genc-meni-olmeye-qoymayin\/"},"modified":"2019-02-14T18:04:27","modified_gmt":"2019-02-14T18:04:27","slug":"23-yasli-genc-meni-olmeye-qoymayin","status":"publish","type":"post","link":"https:\/\/www.meydan.tv\/az\/article\/23-yasli-genc-meni-olmeye-qoymayin\/","title":{"rendered":"23 ya\u015fl\u0131 g\u0259nc: M\u0259ni \u00f6lm\u0259y\u0259 qoymay\u0131n"},"content":{"rendered":"<figure class=\"wp-block-image size-large\">\n  <img decoding=\"async\" src=\"https:\/\/www.meydan.tv\/az\/117888\/\" alt=\"\" class=\"wp-image-117888\"\/><figcaption><\/figcaption><\/figure>\n<p>\n  \u201cA\u011fciy\u0259rl\u0259rimd\u0259n biri tamamil\u0259, dig\u0259ri is\u0259 qism\u0259n funksiyas\u0131n\u0131 itirib, \u015fidd\u0259tli, d\u00f6z\u00fclm\u0259z a\u011fr\u0131lar\u0131m olur\u201d\n<\/p>\n<p>\n  \u201cHaz\u0131rda \u00f6l\u00fcml\u0259 \u00e7arp\u0131\u015f\u0131ram. K\u00f6m\u0259yim\u0259 \u00e7atan yoxdur, h\u0259yat\u0131m\u0131 itirm\u0259yim an m\u0259s\u0259l\u0259sidir\u201d.\n<\/p>\n<p>\n  Bu s\u00f6zl\u0259ri Meydan TV-y\u0259 Tovuz rayonu, Muncuqlu k\u0259ndinin sakini, 23 ya\u015fl\u0131 R\u00fcst\u0259m Bayramov deyir. G\u0259nc uzun ill\u0259rdir skolioz (onur\u011fa \u0259yriliyi) x\u0259st\u0259liyind\u0259n \u0259ziyy\u0259t \u00e7\u0259kir:\n<\/p>\n<p>\n  \u201cYetim b\u00f6y\u00fcm\u00fc\u015f\u0259m, valideynl\u0259rimi 7 ya\u015f\u0131mda itirmi\u015f\u0259m. Ucqar k\u0259ndd\u0259 \u00e7\u0259tin \u015f\u0259raitd\u0259 t\u0259kba\u015f\u0131na ya\u015fay\u0131ram. \u0130mkans\u0131zl\u0131qdan x\u0259st\u0259liyim daha da inki\u015faf edib. D\u00f6rd\u00fcnc\u00fc d\u0259r\u0259c\u0259li skoliozam. Onur\u011fam\u0131n v\u0259ziyy\u0259tin\u0259 g\u00f6r\u0259 dig\u0259r daxili orqanlar\u0131mda, x\u00fcsusil\u0259 \u00fcr\u0259yimd\u0259 ciddi f\u0259aliyy\u0259t poz\u011funluqlar\u0131 yaran\u0131b. A\u011fciy\u0259rl\u0259rimd\u0259n biri tamamil\u0259, dig\u0259ri is\u0259 qism\u0259n funksiyas\u0131n\u0131 itirib, \u015fidd\u0259tli, d\u00f6z\u00fclm\u0259z a\u011fr\u0131lar\u0131m olur\u201d.\n<\/p>\n<p>\n  R\u00fcst\u0259min s\u00f6zl\u0259rin\u0259 g\u00f6r\u0259, \u0259ks\u0259r tibb m\u00fc\u0259ssis\u0259l\u0259rin\u0259 m\u00fcraci\u0259t edib. Lakin d\u0259rdin\u0259 \u00e7ar\u0259 tap\u0131lm\u0131r ki, tap\u0131lm\u0131r:\n<\/p>\n<p>\n  \u201cAz qals\u0131n, \u00f6z\u0259l v\u0259 d\u00f6vl\u0259t tibb m\u00fc\u0259ssis\u0259l\u0259rind\u0259ki b\u00fct\u00fcn onur\u011fa c\u0259rrahlar\u0131n\u0131n yan\u0131nda olmu\u015fam. H\u0259r\u0259 bir s\u00f6z deyir. Biri deyir ki, \u0259m\u0259liyyat burada m\u00fcmk\u00fcns\u00fczd\u00fcr, ba\u015fqa biri is\u0259 \u00e7ox riskli oldu\u011funu bildirir. Qalm\u0131\u015fam bel\u0259, ist\u0259nil\u0259n halda, \u0259m\u0259liyyata imkan\u0131m \u00e7atm\u0131r. T\u0259cili \u0259m\u0259liyyat olunmasam, h\u0259yat\u0131m\u0131 itir\u0259c\u0259y\u0259m. Deyil\u0259n\u0259 g\u00f6r\u0259, \u0259m\u0259liyyat\u0131m T\u00fcrkiy\u0259nin \u00f6z\u0259l \u201cMedicabil\u201d x\u0259st\u0259xanas\u0131nda m\u00fcmk\u00fcnd\u00fcr. Bunun \u00fc\u00e7\u00fcn is\u0259 23 min AB\u015e dollar\u0131 laz\u0131md\u0131r. M\u0259nim o q\u0259d\u0259r pulum n\u0259 g\u0259zir? Birinci qrup \u0259lil kimi qeydiyyatdayam, buna v\u0259 valideynl\u0259rimi itirdiyim\u0259 g\u00f6r\u0259 \u00fcmumilikd\u0259 170 manat m\u00fcavin\u0259t al\u0131ram. Bu pulla da komunallar\u0131 \u00f6d\u0259yir\u0259m, bir az da yem\u0259k \u00fc\u00e7\u00fcn pul qal\u0131r. 23 min dollar\u0131 haradan tap\u0131m?\u201d\n<\/p>\n<p>\n  \u015eikay\u0259t\u00e7i bildirir ki, s\u0259hh\u0259ti il\u0259 ba\u011fl\u0131 Prezident Adminstrasiyas\u0131na, Birinci vitse-prezident Mehriban \u018fliyevaya v\u0259 Milli M\u0259clis\u0259 d\u0259f\u0259l\u0259rl\u0259 m\u0259ktub \u00fcnvanlay\u0131b, lakin he\u00e7 bir faydas\u0131 olmay\u0131b:\n<\/p>\n<p>\n  \u201cM\u0259ktublar\u0131m S\u0259hiyy\u0259 Nazirliyin\u0259 g\u00f6nd\u0259rilir. Bu qurum da m\u0259ni Travmatologiya v\u0259 Ortopediya \u0130nstitutuna y\u00f6nl\u0259ndirir. Orada da deyirl\u0259r ki, \u0259m\u0259liyyati biz ed\u0259 bilmirik, a\u011f\u0131r skoliozdur. \u018flill\u0259rin B\u0259rpa M\u0259rk\u0259zini m\u0259sl\u0259h\u0259t g\u00f6r\u00fcrl\u0259r. Art\u0131q \u00fcmidimi h\u0259r yerd\u0259n \u00fczm\u00fc\u015f\u0259m. Bel\u0259 \u00e7\u0131x\u0131r ki, oturub, \u00f6l\u00fcm\u00fcm\u00fc g\u00f6zl\u0259m\u0259liy\u0259m?\n<\/p>\n<p>\n  Babamdanqalma k\u00f6hn\u0259, q\u0259zal\u0131 v\u0259 m\u0259nim \u00fc\u00e7\u00fcn \u015f\u0259raitsiz v\u0259ziyy\u0259td\u0259 olan evd\u0259 ya\u015fay\u0131ram. X\u0259st\u0259y\u0259m, g\u0259z\u0259 bilmir\u0259m, ev u\u00e7sa, alt\u0131nda qalaca\u011fam. G\u00fcnd\u0259n-g\u00fcn\u0259 fiziki h\u0259r\u0259k\u0259tim m\u0259hdudla\u015f\u0131r. H\u0259tta evd\u0259 bel\u0259 \u00e7\u0259likl\u0259 g\u0259zir\u0259m. H\u0259l\u0259 ki, m\u00fcv\u0259qq\u0259ti olaraq \u0259mim k\u00f6m\u0259klik edir, arada g\u0259lib ba\u015f \u00e7\u0259kir\u201d.\n<\/p>\n<p>\n  S\u0259hiyy\u0259 Nazirliyinin m\u0259tbuat xidm\u0259tind\u0259n Meydan TV-y\u0259 bildirildi ki, d\u00f6vl\u0259t x\u0259st\u0259xanalar\u0131nda icra olunan ist\u0259nil\u0259n m\u00fcayin\u0259 v\u0259 m\u00fcalic\u0259 pulsuzdur:\n<\/p>\n<p>\n  \u201cLakin bu adamda x\u0259st\u0259lik ir\u0259lil\u0259yib, d\u00f6rd\u00fcnc\u00fc d\u0259r\u0259c\u0259 art\u0131q \u0259m\u0259liyyatl\u0131qd\u0131r. D\u00f6vl\u0259t x\u0259st\u0259xanalar\u0131nda \u0259m\u0259liyyatlar ke\u00e7irilmir. R\u00fcst\u0259m Bayramova t\u00f6vsiy\u0259 edirik ki, S\u0259hiyy\u0259 Nazirliyinin elektron s\u0259hiyy\u0259 xidm\u0259tin\u0259 m\u00fcraci\u0259t etsin. B\u0259lk\u0259 harasa y\u00f6nl\u0259ndirildi\u201d.\n<\/p>\n<p>\n  Tovuz Rayon \u0130cra Hakimiyy\u0259ti is\u0259 v\u0259t\u0259nda\u015f\u0131n D\u00f6vl\u0259t S\u0131\u011forta \u015eirk\u0259tinin rayon filial\u0131na m\u00fcraci\u0259t etm\u0259yi m\u0259sl\u0259h\u0259t g\u00f6r\u00fcl\u00fcb:\n<\/p>\n<p>\n  \u201cS\u0131\u011fortalanm\u0131\u015f \u0259mlak q\u0259zal\u0131 v\u0259ziyy\u0259t\u0259 d\u00fc\u015f\u0259nd\u0259, \u0259mlak sahibi s\u0131\u011forta idar\u0259sin\u0259 m\u00fcraci\u0259t edir, t\u0259zminat alaraq, evini t\u0259mir edir. V\u0259t\u0259nda\u015f yerli icra n\u00fcmay\u0259nd\u0259liyin\u0259 getsin, ona izah edib, ba\u015fa salacaqlar\u201d.\n<\/p>\n<p>\n  R\u00fcst\u0259m Bayramov is\u0259 \u201cm\u0259n ya\u015famaq ist\u0259yir\u0259m\u201d, &#8211; deyir, imkanl\u0131 \u015f\u0259xsl\u0259rd\u0259n k\u00f6m\u0259k ist\u0259yir:\n<\/p>\n<p>\n  \u201cM\u0259nim \u00fc\u00e7\u00fcn 1 manat da puldur. Ya\u015famaq ist\u0259yir\u0259m, m\u0259ni \u00f6lm\u0259y\u0259 qoymay\u0131n\u201d.<\/p>\n","protected":false},"excerpt":{"rendered":"<p>\u201cA\u011fciy\u0259rl\u0259rimd\u0259n biri tamamil\u0259, dig\u0259ri is\u0259 qism\u0259n funksiyas\u0131n\u0131 itirib, \u015fidd\u0259tli, d\u00f6z\u00fclm\u0259z a\u011fr\u0131lar\u0131m olur\u201d<\/p>\n","protected":false},"author":11,"featured_media":117888,"comment_status":"closed","ping_status":"open","sticky":false,"template":"","format":"standard","meta":{"_acf_changed":false,"_sitemap_exclude":false,"_sitemap_priority":"","_sitemap_frequency":"","footnotes":""},"categories":[60],"tags":[],"class_list":["post-194013","post","type-post","status-publish","format-standard","has-post-thumbnail","hentry","category-bolge","infinite-scroll-item","generate-columns","tablet-grid-50","mobile-grid-100","grid-parent","grid-33","no-featured-image-padding"],"acf":[],"yoast_head":"<!-- This site is optimized with the Yoast SEO plugin v27.4 - https:\/\/yoast.com\/product\/yoast-seo-wordpress\/ -->\n<title>23 ya\u015fl\u0131 g\u0259nc: M\u0259ni \u00f6lm\u0259y\u0259 qoymay\u0131n - MEYDAN.TV<\/title>\n<meta name=\"robots\" content=\"index, follow, max-snippet:-1, max-image-preview:large, max-video-preview:-1\" \/>\n<link rel=\"canonical\" href=\"https:\/\/www.meydan.tv\/az\/article\/23-yasli-genc-meni-olmeye-qoymayin\/\" \/>\n<meta property=\"og:locale\" content=\"az_AZ\" \/>\n<meta property=\"og:type\" content=\"article\" \/>\n<meta property=\"og:title\" content=\"23 ya\u015fl\u0131 g\u0259nc: M\u0259ni \u00f6lm\u0259y\u0259 qoymay\u0131n - MEYDAN.TV\" \/>\n<meta property=\"og:description\" content=\"\u201cA\u011fciy\u0259rl\u0259rimd\u0259n biri tamamil\u0259, dig\u0259ri is\u0259 qism\u0259n funksiyas\u0131n\u0131 itirib, \u015fidd\u0259tli, d\u00f6z\u00fclm\u0259z a\u011fr\u0131lar\u0131m olur\u201d\" \/>\n<meta property=\"og:url\" content=\"https:\/\/www.meydan.tv\/az\/article\/23-yasli-genc-meni-olmeye-qoymayin\/\" \/>\n<meta property=\"og:site_name\" content=\"MEYDAN.TV\" \/>\n<meta property=\"article:published_time\" content=\"2019-02-14T18:04:27+00:00\" \/>\n<meta property=\"og:image\" content=\"https:\/\/www.meydan.tv\/wp-content\/uploads\/47019.jpg\" \/>\n\t<meta property=\"og:image:width\" content=\"1917\" \/>\n\t<meta property=\"og:image:height\" content=\"870\" \/>\n\t<meta property=\"og:image:type\" content=\"image\/jpeg\" \/>\n<meta name=\"author\" content=\"user-manager\" \/>\n<meta name=\"twitter:card\" content=\"summary_large_image\" \/>\n<script type=\"application\/ld+json\" class=\"yoast-schema-graph\">{\"@context\":\"https:\\\/\\\/schema.org\",\"@graph\":[{\"@type\":\"Article\",\"@id\":\"https:\\\/\\\/www.meydan.tv\\\/az\\\/article\\\/23-yasli-genc-meni-olmeye-qoymayin\\\/#article\",\"isPartOf\":{\"@id\":\"https:\\\/\\\/www.meydan.tv\\\/az\\\/article\\\/23-yasli-genc-meni-olmeye-qoymayin\\\/\"},\"author\":{\"name\":\"user-manager\",\"@id\":\"https:\\\/\\\/www.meydan.tv\\\/az\\\/#\\\/schema\\\/person\\\/10d11eccf6da3662cf5fdab9806ea91a\"},\"headline\":\"23 ya\u015fl\u0131 g\u0259nc: M\u0259ni \u00f6lm\u0259y\u0259 qoymay\u0131n\",\"datePublished\":\"2019-02-14T18:04:27+00:00\",\"mainEntityOfPage\":{\"@id\":\"https:\\\/\\\/www.meydan.tv\\\/az\\\/article\\\/23-yasli-genc-meni-olmeye-qoymayin\\\/\"},\"wordCount\":755,\"publisher\":{\"@id\":\"https:\\\/\\\/www.meydan.tv\\\/az\\\/#organization\"},\"image\":{\"@id\":\"https:\\\/\\\/www.meydan.tv\\\/az\\\/article\\\/23-yasli-genc-meni-olmeye-qoymayin\\\/#primaryimage\"},\"thumbnailUrl\":\"https:\\\/\\\/www.meydan.tv\\\/wp-content\\\/uploads\\\/47019.jpg\",\"articleSection\":[\"B\u00f6lg\u0259\"],\"inLanguage\":\"az\"},{\"@type\":\"WebPage\",\"@id\":\"https:\\\/\\\/www.meydan.tv\\\/az\\\/article\\\/23-yasli-genc-meni-olmeye-qoymayin\\\/\",\"url\":\"https:\\\/\\\/www.meydan.tv\\\/az\\\/article\\\/23-yasli-genc-meni-olmeye-qoymayin\\\/\",\"name\":\"23 ya\u015fl\u0131 g\u0259nc: M\u0259ni \u00f6lm\u0259y\u0259 qoymay\u0131n - MEYDAN.TV\",\"isPartOf\":{\"@id\":\"https:\\\/\\\/www.meydan.tv\\\/az\\\/#website\"},\"primaryImageOfPage\":{\"@id\":\"https:\\\/\\\/www.meydan.tv\\\/az\\\/article\\\/23-yasli-genc-meni-olmeye-qoymayin\\\/#primaryimage\"},\"image\":{\"@id\":\"https:\\\/\\\/www.meydan.tv\\\/az\\\/article\\\/23-yasli-genc-meni-olmeye-qoymayin\\\/#primaryimage\"},\"thumbnailUrl\":\"https:\\\/\\\/www.meydan.tv\\\/wp-content\\\/uploads\\\/47019.jpg\",\"datePublished\":\"2019-02-14T18:04:27+00:00\",\"breadcrumb\":{\"@id\":\"https:\\\/\\\/www.meydan.tv\\\/az\\\/article\\\/23-yasli-genc-meni-olmeye-qoymayin\\\/#breadcrumb\"},\"inLanguage\":\"az\",\"potentialAction\":[{\"@type\":\"ReadAction\",\"target\":[\"https:\\\/\\\/www.meydan.tv\\\/az\\\/article\\\/23-yasli-genc-meni-olmeye-qoymayin\\\/\"]}]},{\"@type\":\"ImageObject\",\"inLanguage\":\"az\",\"@id\":\"https:\\\/\\\/www.meydan.tv\\\/az\\\/article\\\/23-yasli-genc-meni-olmeye-qoymayin\\\/#primaryimage\",\"url\":\"https:\\\/\\\/www.meydan.tv\\\/wp-content\\\/uploads\\\/47019.jpg\",\"contentUrl\":\"https:\\\/\\\/www.meydan.tv\\\/wp-content\\\/uploads\\\/47019.jpg\",\"width\":1917,\"height\":870,\"caption\":\"Source:\"},{\"@type\":\"BreadcrumbList\",\"@id\":\"https:\\\/\\\/www.meydan.tv\\\/az\\\/article\\\/23-yasli-genc-meni-olmeye-qoymayin\\\/#breadcrumb\",\"itemListElement\":[{\"@type\":\"ListItem\",\"position\":1,\"name\":\"Ana s\u0259hif\u0259\",\"item\":\"https:\\\/\\\/www.meydan.tv\\\/az\\\/\"},{\"@type\":\"ListItem\",\"position\":2,\"name\":\"B\u00f6lg\u0259\",\"item\":\"https:\\\/\\\/www.meydan.tv\\\/az\\\/section\\\/bolge\\\/\"},{\"@type\":\"ListItem\",\"position\":3,\"name\":\"23 ya\u015fl\u0131 g\u0259nc: M\u0259ni \u00f6lm\u0259y\u0259 qoymay\u0131n\"}]},{\"@type\":\"WebSite\",\"@id\":\"https:\\\/\\\/www.meydan.tv\\\/az\\\/#website\",\"url\":\"https:\\\/\\\/www.meydan.tv\\\/az\\\/\",\"name\":\"MEYDAN.TV\",\"description\":\"Meydan TV Az\u0259rbaycan\u0131n media m\u0259kan\u0131ndak\u0131 alternativ s\u0259sidir\",\"publisher\":{\"@id\":\"https:\\\/\\\/www.meydan.tv\\\/az\\\/#organization\"},\"potentialAction\":[{\"@type\":\"SearchAction\",\"target\":{\"@type\":\"EntryPoint\",\"urlTemplate\":\"https:\\\/\\\/www.meydan.tv\\\/az\\\/?s={search_term_string}\"},\"query-input\":{\"@type\":\"PropertyValueSpecification\",\"valueRequired\":true,\"valueName\":\"search_term_string\"}}],\"inLanguage\":\"az\"},{\"@type\":\"Organization\",\"@id\":\"https:\\\/\\\/www.meydan.tv\\\/az\\\/#organization\",\"name\":\"Meydan TV\",\"url\":\"https:\\\/\\\/www.meydan.tv\\\/az\\\/\",\"logo\":{\"@type\":\"ImageObject\",\"inLanguage\":\"az\",\"@id\":\"https:\\\/\\\/www.meydan.tv\\\/az\\\/#\\\/schema\\\/logo\\\/image\\\/\",\"url\":\"https:\\\/\\\/www.meydan.tv\\\/wp-content\\\/uploads\\\/2021\\\/07\\\/meydan-logo.svg\",\"contentUrl\":\"https:\\\/\\\/www.meydan.tv\\\/wp-content\\\/uploads\\\/2021\\\/07\\\/meydan-logo.svg\",\"width\":195,\"height\":46,\"caption\":\"Meydan TV\"},\"image\":{\"@id\":\"https:\\\/\\\/www.meydan.tv\\\/az\\\/#\\\/schema\\\/logo\\\/image\\\/\"}},{\"@type\":\"Person\",\"@id\":\"https:\\\/\\\/www.meydan.tv\\\/az\\\/#\\\/schema\\\/person\\\/10d11eccf6da3662cf5fdab9806ea91a\",\"name\":\"user-manager\"}]}<\/script>\n<!-- \/ Yoast SEO plugin. -->","yoast_head_json":{"title":"23 ya\u015fl\u0131 g\u0259nc: M\u0259ni \u00f6lm\u0259y\u0259 qoymay\u0131n - MEYDAN.TV","robots":{"index":"index","follow":"follow","max-snippet":"max-snippet:-1","max-image-preview":"max-image-preview:large","max-video-preview":"max-video-preview:-1"},"canonical":"https:\/\/www.meydan.tv\/az\/article\/23-yasli-genc-meni-olmeye-qoymayin\/","og_locale":"az_AZ","og_type":"article","og_title":"23 ya\u015fl\u0131 g\u0259nc: M\u0259ni \u00f6lm\u0259y\u0259 qoymay\u0131n - MEYDAN.TV","og_description":"\u201cA\u011fciy\u0259rl\u0259rimd\u0259n biri tamamil\u0259, dig\u0259ri is\u0259 qism\u0259n funksiyas\u0131n\u0131 itirib, \u015fidd\u0259tli, d\u00f6z\u00fclm\u0259z a\u011fr\u0131lar\u0131m olur\u201d","og_url":"https:\/\/www.meydan.tv\/az\/article\/23-yasli-genc-meni-olmeye-qoymayin\/","og_site_name":"MEYDAN.TV","article_published_time":"2019-02-14T18:04:27+00:00","og_image":[{"width":1917,"height":870,"url":"https:\/\/www.meydan.tv\/wp-content\/uploads\/47019.jpg","type":"image\/jpeg"}],"author":"user-manager","twitter_card":"summary_large_image","schema":{"@context":"https:\/\/schema.org","@graph":[{"@type":"Article","@id":"https:\/\/www.meydan.tv\/az\/article\/23-yasli-genc-meni-olmeye-qoymayin\/#article","isPartOf":{"@id":"https:\/\/www.meydan.tv\/az\/article\/23-yasli-genc-meni-olmeye-qoymayin\/"},"author":{"name":"user-manager","@id":"https:\/\/www.meydan.tv\/az\/#\/schema\/person\/10d11eccf6da3662cf5fdab9806ea91a"},"headline":"23 ya\u015fl\u0131 g\u0259nc: M\u0259ni \u00f6lm\u0259y\u0259 qoymay\u0131n","datePublished":"2019-02-14T18:04:27+00:00","mainEntityOfPage":{"@id":"https:\/\/www.meydan.tv\/az\/article\/23-yasli-genc-meni-olmeye-qoymayin\/"},"wordCount":755,"publisher":{"@id":"https:\/\/www.meydan.tv\/az\/#organization"},"image":{"@id":"https:\/\/www.meydan.tv\/az\/article\/23-yasli-genc-meni-olmeye-qoymayin\/#primaryimage"},"thumbnailUrl":"https:\/\/www.meydan.tv\/wp-content\/uploads\/47019.jpg","articleSection":["B\u00f6lg\u0259"],"inLanguage":"az"},{"@type":"WebPage","@id":"https:\/\/www.meydan.tv\/az\/article\/23-yasli-genc-meni-olmeye-qoymayin\/","url":"https:\/\/www.meydan.tv\/az\/article\/23-yasli-genc-meni-olmeye-qoymayin\/","name":"23 ya\u015fl\u0131 g\u0259nc: M\u0259ni \u00f6lm\u0259y\u0259 qoymay\u0131n - MEYDAN.TV","isPartOf":{"@id":"https:\/\/www.meydan.tv\/az\/#website"},"primaryImageOfPage":{"@id":"https:\/\/www.meydan.tv\/az\/article\/23-yasli-genc-meni-olmeye-qoymayin\/#primaryimage"},"image":{"@id":"https:\/\/www.meydan.tv\/az\/article\/23-yasli-genc-meni-olmeye-qoymayin\/#primaryimage"},"thumbnailUrl":"https:\/\/www.meydan.tv\/wp-content\/uploads\/47019.jpg","datePublished":"2019-02-14T18:04:27+00:00","breadcrumb":{"@id":"https:\/\/www.meydan.tv\/az\/article\/23-yasli-genc-meni-olmeye-qoymayin\/#breadcrumb"},"inLanguage":"az","potentialAction":[{"@type":"ReadAction","target":["https:\/\/www.meydan.tv\/az\/article\/23-yasli-genc-meni-olmeye-qoymayin\/"]}]},{"@type":"ImageObject","inLanguage":"az","@id":"https:\/\/www.meydan.tv\/az\/article\/23-yasli-genc-meni-olmeye-qoymayin\/#primaryimage","url":"https:\/\/www.meydan.tv\/wp-content\/uploads\/47019.jpg","contentUrl":"https:\/\/www.meydan.tv\/wp-content\/uploads\/47019.jpg","width":1917,"height":870,"caption":"Source:"},{"@type":"BreadcrumbList","@id":"https:\/\/www.meydan.tv\/az\/article\/23-yasli-genc-meni-olmeye-qoymayin\/#breadcrumb","itemListElement":[{"@type":"ListItem","position":1,"name":"Ana s\u0259hif\u0259","item":"https:\/\/www.meydan.tv\/az\/"},{"@type":"ListItem","position":2,"name":"B\u00f6lg\u0259","item":"https:\/\/www.meydan.tv\/az\/section\/bolge\/"},{"@type":"ListItem","position":3,"name":"23 ya\u015fl\u0131 g\u0259nc: M\u0259ni \u00f6lm\u0259y\u0259 qoymay\u0131n"}]},{"@type":"WebSite","@id":"https:\/\/www.meydan.tv\/az\/#website","url":"https:\/\/www.meydan.tv\/az\/","name":"MEYDAN.TV","description":"Meydan TV Az\u0259rbaycan\u0131n media m\u0259kan\u0131ndak\u0131 alternativ s\u0259sidir","publisher":{"@id":"https:\/\/www.meydan.tv\/az\/#organization"},"potentialAction":[{"@type":"SearchAction","target":{"@type":"EntryPoint","urlTemplate":"https:\/\/www.meydan.tv\/az\/?s={search_term_string}"},"query-input":{"@type":"PropertyValueSpecification","valueRequired":true,"valueName":"search_term_string"}}],"inLanguage":"az"},{"@type":"Organization","@id":"https:\/\/www.meydan.tv\/az\/#organization","name":"Meydan TV","url":"https:\/\/www.meydan.tv\/az\/","logo":{"@type":"ImageObject","inLanguage":"az","@id":"https:\/\/www.meydan.tv\/az\/#\/schema\/logo\/image\/","url":"https:\/\/www.meydan.tv\/wp-content\/uploads\/2021\/07\/meydan-logo.svg","contentUrl":"https:\/\/www.meydan.tv\/wp-content\/uploads\/2021\/07\/meydan-logo.svg","width":195,"height":46,"caption":"Meydan TV"},"image":{"@id":"https:\/\/www.meydan.tv\/az\/#\/schema\/logo\/image\/"}},{"@type":"Person","@id":"https:\/\/www.meydan.tv\/az\/#\/schema\/person\/10d11eccf6da3662cf5fdab9806ea91a","name":"user-manager"}]}},"_links":{"self":[{"href":"https:\/\/www.meydan.tv\/az\/wp-json\/wp\/v2\/posts\/194013","targetHints":{"allow":["GET"]}}],"collection":[{"href":"https:\/\/www.meydan.tv\/az\/wp-json\/wp\/v2\/posts"}],"about":[{"href":"https:\/\/www.meydan.tv\/az\/wp-json\/wp\/v2\/types\/post"}],"author":[{"embeddable":true,"href":"https:\/\/www.meydan.tv\/az\/wp-json\/wp\/v2\/users\/11"}],"replies":[{"embeddable":true,"href":"https:\/\/www.meydan.tv\/az\/wp-json\/wp\/v2\/comments?post=194013"}],"version-history":[{"count":0,"href":"https:\/\/www.meydan.tv\/az\/wp-json\/wp\/v2\/posts\/194013\/revisions"}],"wp:featuredmedia":[{"embeddable":true,"href":"https:\/\/www.meydan.tv\/az\/wp-json\/wp\/v2\/media\/117888"}],"wp:attachment":[{"href":"https:\/\/www.meydan.tv\/az\/wp-json\/wp\/v2\/media?parent=194013"}],"wp:term":[{"taxonomy":"category","embeddable":true,"href":"https:\/\/www.meydan.tv\/az\/wp-json\/wp\/v2\/categories?post=194013"},{"taxonomy":"post_tag","embeddable":true,"href":"https:\/\/www.meydan.tv\/az\/wp-json\/wp\/v2\/tags?post=194013"}],"curies":[{"name":"wp","href":"https:\/\/api.w.org\/{rel}","templated":true}]}}