{"id":194004,"date":"2019-02-14T14:47:54","date_gmt":"2019-02-14T14:47:54","guid":{"rendered":"https:\/\/www.meydan.tv\/article\/gence-isinin-sabuncu-muhakimesi\/"},"modified":"2019-02-14T14:47:54","modified_gmt":"2019-02-14T14:47:54","slug":"gence-isinin-sabuncu-muhakimesi","status":"publish","type":"post","link":"https:\/\/www.meydan.tv\/az\/article\/gence-isinin-sabuncu-muhakimesi\/","title":{"rendered":"&#8221;G\u0259nc\u0259 i\u015fi&#8221;nin Sabun\u00e7u m\u00fchakim\u0259si"},"content":{"rendered":"<figure class=\"wp-block-image size-large\">\n  <img decoding=\"async\" src=\"https:\/\/www.meydan.tv\/az\/117852\/\" alt=\"\" class=\"wp-image-117852\"\/><figcaption><\/figcaption><\/figure>\n<p>\n  <i><br \/>\n    M\u0259hk\u0259m\u0259 prosesi Sabun\u00e7u Rayon M\u0259hk\u0259m\u0259sind\u0259 ke\u00e7irils\u0259 d\u0259, saytda G\u0259nc\u0259d\u0259 ke\u00e7irildiyi qeyd edilir<br \/>\n  <\/i>\n<\/p>\n<p>\n  \u201cBa\u015f Prokurorlu\u011fun A\u011f\u0131r Cinay\u0259tl\u0259r\u0259 Dair \u0130\u015fl\u0259r \u00fczr\u0259 \u0130stintaq \u0130dar\u0259sind\u0259 respublikada b\u00f6y\u00fck ictimai rezonansa s\u0259b\u0259b olan bir s\u0131ra cinay\u0259t i\u015finin istintaq\u0131 m\u00fcv\u0259ff\u0259qiyy\u0259tl\u0259 apar\u0131l\u0131b. Bu i\u015fl\u0259r s\u0131ras\u0131nda G\u0259nc\u0259 \u015e\u0259h\u0259r \u0130cra Hakimiyy\u0259tinin ba\u015f\u00e7\u0131s\u0131na qar\u015f\u0131 t\u00f6r\u0259dilmi\u015f terror akt\u0131, Az\u0259rbaycan Respublikas\u0131n\u0131n konstitusiya qurulu\u015funun zorla d\u0259yi\u015fdirilm\u0259si, terror\u00e7uluq v\u0259 sair x\u00fcsusil\u0259 a\u011f\u0131r cinay\u0259t \u0259m\u0259ll\u0259ri t\u00f6r\u0259tdikl\u0259rin\u0259 g\u00f6r\u0259 istintaq edil\u0259n i\u015f \u00fczr\u0259 \u00fcmumilikd\u0259 29 n\u0259f\u0259rin t\u0259qsirl\u0259ndiril\u0259n \u015f\u0259xs qismind\u0259 c\u0259lb olunaraq bar\u0259l\u0259rind\u0259 h\u0259bs q\u0259timkan t\u0259dbirl\u0259rinin se\u00e7ilm\u0259si t\u0259min edilmi\u015f, h\u0259min \u015f\u0259xsl\u0259rd\u0259n 11-i bar\u0259sind\u0259 beyn\u0259lxalq axtar\u0131\u015f elan olunmaqla haz\u0131rda istintaq-\u0259m\u0259liyyat t\u0259dbirl\u0259ri davam etdirilir. Bundan ba\u015fqa, radikal diniy\u00f6n\u00fcml\u00fc bir qrup \u015f\u0259xs t\u0259r\u0259find\u0259n G\u0259nc\u0259 \u015e\u0259h\u0259r \u0130cra Hakimiyy\u0259tinin inzibati binas\u0131n\u0131n qar\u015f\u0131s\u0131nda zorak\u0131l\u0131q aktlar\u0131, hakimiyy\u0259t n\u00fcmay\u0259nd\u0259l\u0259rin\u0259 silahl\u0131 m\u00fcqavim\u0259t g\u00f6st\u0259rilm\u0259si il\u0259 m\u00fc\u015fayi\u0259t olunan k\u00fctl\u0259vi i\u011fti\u015fa\u015f t\u00f6r\u0259dilm\u0259si, 2 polis \u0259m\u0259kda\u015f\u0131n\u0131n q\u0259sd\u0259n \u00f6ld\u00fcr\u00fclm\u0259si v\u0259 sair faktlar \u00fczr\u0259 ibtidai istintaq\u0131 apar\u0131lan cinay\u0259t i\u015fi \u00fczr\u0259 59 n\u0259f\u0259r t\u0259qsirl\u0259ndiril\u0259n \u015f\u0259xs qismind\u0259 c\u0259lb olunmaqla bar\u0259l\u0259rind\u0259 h\u0259bs q\u0259timkan t\u0259dbiri se\u00e7ilmi\u015f, 1 n\u0259f\u0259r bar\u0259sind\u0259 is\u0259 h\u0259bsli axtar\u0131\u015f elan olunmu\u015fdur. H\u0259min cinay\u0259t i\u015finin materiallar\u0131ndan 51 \u015f\u0259xs bar\u0259sind\u0259 6 cinay\u0259t i\u015fi ayr\u0131ca icraata ayr\u0131laraq aidiyy\u0259ti \u00fczr\u0259 bax\u0131lmalar\u0131 \u00fc\u00e7\u00fcn G\u0259nc\u0259 A\u011f\u0131r Cinay\u0259tl\u0259r M\u0259hk\u0259m\u0259sin\u0259 g\u00f6nd\u0259rilmi\u015fdir\u201d.\n<\/p>\n<p>\n  Bu s\u00f6zl\u0259ri fevral\u0131n 7-d\u0259 ke\u00e7iril\u0259n Az\u0259rbaycan Respublikas\u0131n\u0131n Ba\u015f Prokurorlu\u011funda M\u0259rk\u0259zi Aparat\u0131n, Respublika H\u0259rbi, Nax\u00e7\u0131van Muxtar Respublikas\u0131, Nax\u00e7\u0131van Muxtar Respublikas\u0131 H\u0259rbi v\u0259 Bak\u0131 \u015f\u0259h\u0259r prokurorluqlar\u0131n\u0131n r\u0259hb\u0259r hey\u0259tinin, rayon (\u015f\u0259h\u0259r) v\u0259 \u0259razi h\u0259rbi prokurorlar\u0131n\u0131n i\u015ftirak\u0131 il\u0259 prokurorluq orqanlar\u0131n\u0131n 2018-ci ild\u0259 g\u00f6r\u00fclm\u00fc\u015f i\u015fl\u0259rin v\u0259ziyy\u0259ti v\u0259 qar\u015f\u0131da duran v\u0259zif\u0259l\u0259rin m\u00fczakir\u0259sin\u0259 h\u0259sr olunmu\u015f geni\u015f kollegiya iclas\u0131nda Ba\u015f prokuror Zakir Qaralov deyib.\n<\/p>\n<figure class=\"wp-block-image size-large\">\n  <img decoding=\"async\" src=\"https:\/\/www.meydan.tv\/az\/117855\/\" alt=\"\" class=\"wp-image-117855\"\/><figcaption><\/figcaption><\/figure>\n<p>\n  Maraql\u0131d\u0131r ki, G\u0259nc\u0259 hadis\u0259l\u0259ri &#8211; ist\u0259r 3 iyul 2018-ci ild\u0259 \u015f\u0259h\u0259rin icra ba\u015f\u00e7\u0131s\u0131 Elmar V\u0259liyev\u0259 sui-q\u0259sd, ist\u0259rs\u0259 d\u0259 iyulun 10-da ba\u015f ver\u0259nl\u0259r v\u0259 buna g\u00f6r\u0259 tutulanlar\u0131n m\u0259hk\u0259m\u0259 prosesi Bak\u0131n\u0131n Sabun\u00e7u Rayon M\u0259hk\u0259m\u0259sind\u0259 gedir. Baxmayaraq ki, m\u0259hk\u0259m\u0259nin m\u0259rk\u0259zl\u0259\u015fdirilmi\u015f<br \/>\n  <a href=\"https:\/\/e-mehkeme.gov.az\/Public\/Cases\"><br \/>\n    sayt<br \/>\n  <\/a><br \/>\n  \u0131nda prosesl\u0259rin G\u0259nc\u0259 A\u011f\u0131r Cinay\u0259tl\u0259r M\u0259hk\u0259m\u0259sinin zallar\u0131nda ke\u00e7irildiyi yaz\u0131l\u0131r. Bel\u0259 anla\u015f\u0131l\u0131r ki, Sabun\u00e7u Rayon M\u0259hk\u0259m\u0259si G\u0259nc\u0259 A\u011f\u0131r Cinay\u0259tl\u0259r M\u0259hk\u0259m\u0259sinin zal\u0131 rolunu oynay\u0131r. Bu s\u0259b\u0259bd\u0259n bir \u00e7oxu, h\u00fcquq m\u00fcdafi\u0259\u00e7il\u0259ri v\u0259 jurnalistl\u0259r h\u0259min m\u0259hk\u0259m\u0259l\u0259rd\u0259n gec x\u0259b\u0259r tutub. \u00dcst\u0259lik, sonradan proses\u0259 ged\u0259n bir-iki jurnalist\u0259 d\u0259 m\u0259hk\u0259m\u0259 zal\u0131nda h\u0259r hans\u0131 qeyd aparma\u011fa imkan verilmir. Hakim jurnalistl\u0259r\u0259 akkreditasiyadan, qeydiyyatdan ke\u00e7m\u0259yi m\u0259sl\u0259h\u0259t g\u00f6r\u00fcr. Bununla ba\u011fl\u0131 hakim\u0259 irad bildir\u0259nd\u0259s\u0259, o, yaln\u0131z dinl\u0259m\u0259y\u0259 icaz\u0259 oldu\u011funu deyir. G\u00f6r\u00fcn\u00fcr, hadis\u0259l\u0259r vaxt\u0131 ba\u015f ver\u0259nl\u0259ri ictimaiyy\u0259td\u0259n gizli saxlama\u011fa \u00e7al\u0131\u015f\u0131rlar. M\u00fchakim\u0259 olunanlar tutulduqlar\u0131 vaxt ail\u0259l\u0259rind\u0259n gizlin saxlan\u0131ld\u0131qlar\u0131 kimi&#8230;\n<\/p>\n<p>\n  M\u0259hk\u0259m\u0259nin G\u0259nc\u0259d\u0259 deyil, Bak\u0131da yar\u0131gizli ke\u00e7irilm\u0259si d\u0259 prosesl\u0259r\u0259 az adam\u0131n g\u0259lm\u0259si m\u0259qs\u0259dil\u0259 d\u00fc\u015f\u00fcn\u00fcl\u00fcb. M\u00fc\u015fahid\u0259\u00e7il\u0259rin fikrinc\u0259, proses G\u0259nc\u0259d\u0259 ke\u00e7irils\u0259ydi, t\u0259qsirl\u0259ndiril\u0259nl\u0259rin ail\u0259 \u00fczvl\u0259ri, yax\u0131nlar\u0131 m\u0259hk\u0259m\u0259 iclaslar\u0131na g\u0259l\u0259c\u0259k, q\u0259l\u0259b\u0259lik olacaqd\u0131. Adamlar\u0131n uzaq yolu g\u0259lm\u0259y\u0259 imkanlar\u0131 olmad\u0131\u011f\u0131 s\u0259b\u0259bind\u0259n bel\u0259 add\u0131m at\u0131l\u0131b&#8230;\n<\/p>\n<figure class=\"wp-block-image size-large\">\n  <img decoding=\"async\" src=\"https:\/\/www.meydan.tv\/az\/117861\/\" alt=\"\" class=\"wp-image-117861\"\/><figcaption><\/figcaption><\/figure>\n<p>\n  Dem\u0259k olar, t\u0259qsirl\u0259ndiril\u0259n \u015f\u0259xsl\u0259rin ham\u0131s\u0131 d\u00f6vl\u0259t hesabl\u0131 v\u0259kill\u0259 t\u0259min olunub. El\u0259 m\u0259hk\u0259m\u0259nin ba\u015flamas\u0131ndan ictimaiyy\u0259tin x\u0259b\u0259rsizliyin\u0259 s\u0259b\u0259b h\u0259m d\u0259 bu amildir. Bu halda m\u00fcdafi\u0259 sad\u0259c\u0259 yola verilir. V\u0259kill\u0259r ictimaiyy\u0259tin, jurnalistl\u0259rin d\u0259st\u0259yind\u0259n yararlanm\u0131r. \u00c7\u00fcnki m\u00fcdafi\u0259 formald\u0131r, d\u00f6vl\u0259t hesabl\u0131 v\u0259kil n\u0259 q\u0259d\u0259r \u0259ziyy\u0259t \u00e7\u0259ks\u0259 bel\u0259, d\u00f6vl\u0259tin ona ay\u0131rd\u0131\u011f\u0131ndan art\u0131q ala bilm\u0259y\u0259c\u0259k. \u00dcst\u0259lik, onlar\u0131n bu m\u0259hk\u0259m\u0259l\u0259rd\u0259 tapa bilm\u0259dikl\u0259ri \u0259dal\u0259ti (tapmaq ist\u0259y\u0259nl\u0259rin) Avropa M\u0259hk\u0259m\u0259sind\u0259 axtarmaq niyy\u0259ti d\u0259 olmur. Bel\u0259c\u0259, \u0259slind\u0259, kimin haql\u0131, kimin haqs\u0131z oldu\u011fu ortaya \u00e7\u0131xm\u0131r; Az\u0259rbaycan m\u0259hk\u0259m\u0259l\u0259ri onsuz da Femida xan\u0131m\u0131n xidm\u0259tind\u0259n \u00e7oxdan imtina edib. D\u00f6vl\u0259t hesabl\u0131 v\u0259kill\u0259r d\u0259, konkret Sabun\u00e7u prosesind\u0259, h\u0259r hans\u0131 m\u0259s\u0259l\u0259, ya da v\u0259sat\u0259tl\u0259 ba\u011fl\u0131 hakim\u0259 m\u00fcraci\u0259t\u0259 \u201cqadan al\u0131m, ba\u015f\u0131na d\u00f6n\u00fcm, m\u00f6ht\u0259r\u0259m hakim\u201d s\u00f6zl\u0259ril\u0259 ba\u015flay\u0131r, he\u00e7 bir s\u00f6zl\u0259 hakimi incitm\u0259m\u0259y\u0259 \u00e7al\u0131\u015f\u0131rlar. Baxmayaraq ki, t\u0259qsirl\u0259ndiril\u0259n \u015f\u0259xsl\u0259r \u015f\u00fc\u015f\u0259 q\u0259f\u0259s i\u00e7ind\u0259 qolu qandall\u0131 saxlan\u0131l\u0131r. Jurnalistl\u0259r\u0259 prosesi i\u015f\u0131qland\u0131rma\u011fa imkan verilmir, a\u00e7\u0131q m\u0259hk\u0259m\u0259 iclas\u0131nda bu qanunsuz qada\u011faya da v\u0259kill\u0259rd\u0259n reaksiya yoxdur.<br \/>\n  <br \/>\n  M\u0259s\u0259l\u0259n, fevral\u0131n 7-d\u0259 Sabun\u00e7u Rayon M\u0259hk\u0259m\u0259sinin 8-ci zal\u0131nda ke\u00e7iril\u0259n (m\u0259hk\u0259m\u0259nin sayt\u0131nda yaz\u0131lanlara inansaq, bu proses<br \/>\n  <a href=\"https:\/\/e-mehkeme.gov.az\/Public\/Meetings%20\"><br \/>\n    G\u0259nc\u0259 A\u011f\u0131r Cinay\u0259tl\u0259r M\u0259hk\u0259m\u0259si<br \/>\n  <\/a><br \/>\n  nin 2-ci zal\u0131nda ke\u00e7irilib) prosesd\u0259 v\u0259kill\u0259rd\u0259n biri m\u00fcdafi\u0259 etdiyi \u015f\u0259xsl\u0259 ba\u011fl\u0131 \u00e7ox yum\u015faq \u015f\u0259kild\u0259 v\u0259sat\u0259t qald\u0131rd\u0131. 2018-ci iyulun 11-d\u0259 saxlan\u0131lan m\u00fcv\u0259kkilin\u0259 yaln\u0131z 9 g\u00fcn sonra \u2013 iyulun 20-d\u0259 ittiham ir\u0259li s\u00fcr\u00fcl\u00fcb. 9 g\u00fcn \u0259rzind\u0259 onun harada oldu\u011fu, nec\u0259 saxland\u0131\u011f\u0131 bar\u0259d\u0259 ail\u0259sin\u0259 he\u00e7 bir m\u0259lumat verilm\u0259yib. V\u0259kil bunun ara\u015fd\u0131r\u0131lmas\u0131n\u0131 ist\u0259yirdi. Ba\u015fqa v\u0259kill\u0259r d\u0259 v\u0259sat\u0259ti m\u00fcdafi\u0259 etdi. Valideynl\u0259rin s\u00f6zl\u0259rin\u0259 g\u00f6r\u0259, tutulanlar\u0131n, dem\u0259k olar, ham\u0131s\u0131 bel\u0259 x\u0259b\u0259rsiz saxlan\u0131l\u0131b, g\u00fcnl\u0259rl\u0259 ail\u0259l\u0259ri yax\u0131nlar\u0131n\u0131 axtar\u0131b. Hakim bu m\u0259s\u0259l\u0259yl\u0259 ba\u011fl\u0131 sor\u011fu veril\u0259c\u0259yini, n\u00f6vb\u0259ti prosesl\u0259rd\u0259 buna ayd\u0131nl\u0131q g\u0259tiril\u0259c\u0259yini bildirdi.\n<\/p>\n<p>\n  <b><br \/>\n    <i><br \/>\n      \u0130ti g\u00f6zl\u00fc \u015fahid<br \/>\n    <\/i><br \/>\n  <\/b>\n<\/p>\n<figure class=\"wp-block-image size-large\">\n  <img decoding=\"async\" src=\"https:\/\/www.meydan.tv\/az\/117864\/\" alt=\"\" class=\"wp-image-117864\"\/><figcaption><\/figcaption><\/figure>\n<p>\n  G\u0259nc\u0259 A\u011f\u0131r Cinay\u0259tl\u0259r M\u0259hk\u0259m\u0259sinin Sabun\u00e7u Rayon M\u0259hk\u0259m\u0259sinin 9-cu zal\u0131nda (m\u0259hk\u0259m\u0259nin sayt\u0131nda yen\u0259<br \/>\n  <a href=\"https:\/\/e-mehkeme.gov.az\/Public\/Meetings\"><br \/>\n    G\u0259nc\u0259 A\u011f\u0131r Cinay\u0259tl\u0259r M\u0259hk\u0259m\u0259si<br \/>\n  <\/a><br \/>\n  , zal 2 g\u00f6st\u0259rilib) fevral\u0131n 8-d\u0259 ke\u00e7iril\u0259n n\u00f6vb\u0259ti prosesd\u0259 hakim dindirm\u0259k \u00fc\u00e7\u00fcn 10 \u015fahid qald\u0131\u011f\u0131n\u0131 dedi, ancaq bu \u015fahidl\u0259rin he\u00e7 biri m\u0259hk\u0259m\u0259y\u0259 g\u0259lm\u0259mi\u015fdi. Onlardan b\u0259zil\u0259ri \u00f6lk\u0259 xaricind\u0259, biri h\u0259rbi xidm\u0259td\u0259 oldu\u011fundan proses\u0259 qat\u0131lmay\u0131b. Hakim \u015fahidl\u0259rd\u0259n \u00fc\u00e7\u00fcn\u00fcn m\u0259hk\u0259m\u0259y\u0259 teleqram g\u00f6nd\u0259rdiyini, ifad\u0259l\u0259rini t\u0259sdiql\u0259dikl\u0259rini dedi. Hakim h\u0259min ifad\u0259l\u0259rin oxunmas\u0131na t\u0259qsirl\u0259ndir\u0259n \u015f\u0259xsl\u0259rin v\u0259 m\u00fcdafi\u0259\u00e7il\u0259rinin etiraz edib-etm\u0259dikl\u0259rini soru\u015fdu. Ham\u0131 raz\u0131la\u015fd\u0131\u011f\u0131ndan ifad\u0259 oxundu. Ancaq bundan qabaq hakim jurnalist Arzu Abdullan\u0131 zaldan \u00e7\u0131xard\u0131 a\u00e7\u0131q m\u0259hk\u0259m\u0259 iclas\u0131nda qeydiyyatdan ke\u00e7m\u0259diyin\u0259 g\u00f6r\u0259&#8230;\n<\/p>\n<p>\n  Sonra ifad\u0259ni oxudu. \u015eahid ifad\u0259sind\u0259 bildirib ki, h\u0259min g\u00fcn hadis\u0259 yerind\u0259n 100 metr m\u0259saf\u0259d\u0259 olub. Q\u0259fild\u0259n uzaqdan qara \u00e7adral\u0131 qad\u0131nlar\u0131n v\u0259 qara paltarl\u0131 ki\u015fil\u0259rin q\u0131\u015fq\u0131ra-q\u0131\u015fq\u0131ra meydana do\u011fru y\u00fcr\u00fcd\u00fcy\u00fcn\u00fc g\u00f6r\u00fcb. Onun ifad\u0259sin\u0259 g\u00f6r\u0259, aksiya\u00e7\u0131lardan biri \u0259lind\u0259 q\u0131l\u0131nc polis i\u015f\u00e7isin\u0259 h\u00fccum \u00e7\u0259kib v\u0259 onu sa\u011f nahiy\u0259d\u0259n vurub. \u015eahid h\u0259tta z\u0259rb\u0259nin hardan vuruldu\u011funu bel\u0259 d\u0259qiq t\u0259svir edib; 100 metr m\u0259saf\u0259d\u0259n&#8230;\n<\/p>\n<figure class=\"wp-block-image size-large\">\n  <img decoding=\"async\" src=\"https:\/\/www.meydan.tv\/az\/117867\/\" alt=\"\" class=\"wp-image-117867\"\/><figcaption><\/figcaption><\/figure>\n<p>\n  Sonra hakim o biri ifad\u0259l\u0259r\u0259 \u00f6t\u0259ri baxd\u0131 v\u0259 t\u0259xmin\u0259n \u201ceyni m\u0259zmunlu, ox\u015far ifad\u0259l\u0259rdir\u201d deyib oxunmas\u0131na z\u0259rur\u0259t olub-olmad\u0131\u011f\u0131n\u0131 soru\u015fdu. V\u0259kill\u0259r oxunmamas\u0131yla raz\u0131la\u015fd\u0131lar. Yeri g\u0259lmi\u015fk\u0259n, v\u0259kill\u0259rd\u0259n 2-si prosesd\u0259 i\u015ftirak etmirdi, onlardan biri icaz\u0259 alm\u0131\u015fd\u0131, biri is\u0259 yuban\u0131rd\u0131. Hakim v\u0259kilin i\u015ftirak\u0131na ehtiyac oldu\u011funu deyib fasil\u0259 elan etdi.\n<\/p>\n<p>\n  Fasil\u0259d\u0259n sonrasa \u015f\u00fcbh\u0259li jurnalistl\u0259r zala burax\u0131lmad\u0131. G\u0259nc\u0259 hadis\u0259l\u0259rind\u0259 t\u0259qsirl\u0259ndiril\u0259nl\u0259rin a\u00e7\u0131q m\u0259hk\u0259m\u0259 prosesi bel\u0259c\u0259 davam edir.\n<\/p>\n<p>\n  <b><br \/>\n    Xat\u0131rlatma<br \/>\n  <\/b>\n<\/p>\n<p>\n  \u201c2018-ci il iyulun 10-da, saat 20 rad\u0259l\u0259rind\u0259 150-200 n\u0259f\u0259rd\u0259n ibar\u0259t radikal dini y\u00f6n\u00fcml\u00fc bir qrup \u015f\u0259xs G\u0259nc\u0259 \u015f\u0259h\u0259r \u0130cra Hakimiyy\u0259tinin inzibati binas\u0131n\u0131n \u00f6n\u00fcnd\u0259ki meydana topla\u015faraq asayi\u015fi kobud \u015f\u0259kild\u0259 pozma\u011fa c\u0259hd g\u00f6st\u0259ribl\u0259r.\n<\/p>\n<p>\n  Xidm\u0259ti v\u0259zif\u0259l\u0259rini yerin\u0259 yetir\u0259n polis \u0259m\u0259kda\u015flar\u0131n\u0131n x\u0259b\u0259rdarl\u0131\u011f\u0131na m\u0259h\u0259l qoymayan qanunazidd h\u0259r\u0259k\u0259tl\u0259rin i\u015ftirak\u00e7\u0131lar\u0131 \u00f6zl\u0259ri il\u0259 g\u0259tirdikl\u0259ri k\u00fct v\u0259 k\u0259sici-de\u015fici al\u0259tl\u0259rl\u0259 asayi\u015f ke\u00e7\u015fik\u00e7il\u0259rin\u0259 m\u00fcqavim\u0259t g\u00f6st\u0259ribl\u0259r.\n<\/p>\n<p>\n  Polis \u0259m\u0259kda\u015flar\u0131n\u0131n h\u0259yata ke\u00e7irdikl\u0259ri q\u0259tiyy\u0259tli t\u0259dbirl\u0259rl\u0259 onlar\u0131n h\u00fcquqazidd \u0259m\u0259ll\u0259rinin qar\u015f\u0131s\u0131 al\u0131nmaqla, 40 n\u0259f\u0259ri tutularaq G\u0259nc\u0259 \u015e\u0259h\u0259r Ba\u015f Polis \u0130dar\u0259sin\u0259 g\u0259tirilib, qalanlar\u0131 qa\u00e7araq \u0259razini t\u0259rk edibl\u0259r.\n<\/p>\n<p>\n  G\u00f6r\u00fclm\u00fc\u015f operativ t\u0259dbirl\u0259rl\u0259 t\u0259xmin\u0259n 30 d\u0259qiq\u0259 \u0259rzind\u0259 \u015f\u0259h\u0259rin m\u0259rk\u0259zind\u0259 asayi\u015f tam b\u0259rpa edilib.\n<\/p>\n<p>\n  T\u0259\u0259ss\u00fcfl\u0259 qeyd edirik ki, qanunsuz h\u0259r\u0259k\u0259tl\u0259rin qar\u015f\u0131s\u0131 al\u0131nark\u0259n xidm\u0259ti v\u0259zif\u0259l\u0259rini yerin\u0259 yetir\u0259n iki polis zabiti \u2013 G\u0259nc\u0259 \u015e\u0259h\u0259r Ba\u015f Polis \u0130dar\u0259sinin r\u0259is m\u00fcavini, polis polkovniki \u0130lqar Balaki\u015fiyev v\u0259 Nizami Rayon Polis \u0130dar\u0259sinin r\u0259is m\u00fcavini, polis polkovnik-leytenant\u0131 S\u0259m\u0259d Abbasov radikal \u00fcns\u00fcrl\u0259rin k\u0259sici-de\u015fici al\u0259tl\u0259rl\u0259 yetirdikl\u0259ri z\u0259rb\u0259l\u0259r n\u0259tic\u0259sind\u0259 \u015f\u0259hid olublar.\n<\/p>\n<p>\n  Fakt \u00fczr\u0259 Ba\u015f Prokurorluqda Az\u0259rbaycan Respublikas\u0131 Cinay\u0259t M\u0259c\u0259ll\u0259sinin 120.2.3, 120.2.7, 220.1, 221.3 v\u0259 228.4-c\u00fc madd\u0259l\u0259ri il\u0259 cinay\u0259t i\u015fi ba\u015flan\u0131l\u0131b.\n<\/p>\n<p>\n  Cinay\u0259tin b\u00fct\u00fcn i\u015ftirak\u00e7\u0131lar\u0131n\u0131n v\u0259 t\u0259\u015fkilat\u00e7\u0131lar\u0131n\u0131n m\u00fc\u0259yy\u0259n edilib m\u0259suliyy\u0259t\u0259 c\u0259lb olunmalar\u0131 m\u0259qs\u0259dil\u0259 z\u0259ruri istintaq h\u0259r\u0259k\u0259tl\u0259ri v\u0259 \u0259m\u0259liyyat-axtar\u0131\u015f t\u0259dbirl\u0259ri h\u0259yata ke\u00e7irilir.\u00a0 G\u00f6r\u00fcl\u0259n i\u015fl\u0259rin gedi\u015fi bar\u0259d\u0259 ictimaiyy\u0259t\u0259 \u0259lav\u0259 m\u0259lumat veril\u0259c\u0259k\u201d.\n<\/p>\n<p>\n  Bu m\u0259lumat\u0131 Ba\u015f Prokurorluq, D\u0130N v\u0259 DTX G\u0259nc\u0259 hadis\u0259l\u0259ri il\u0259 ba\u011fl\u0131 birg\u0259 yaym\u0131\u015fd\u0131.\n<\/p>\n<p>\n  <b><br \/>\n    P.S.<br \/>\n  <\/b><br \/>\n  Prokurorlu\u011fun g\u00f6nd\u0259rdiyi ba\u015fl\u0131qlar\u0131n he\u00e7 biri uy\u011fun g\u0259lm\u0259di.<\/p>\n","protected":false},"excerpt":{"rendered":"<p>M\u0259hk\u0259m\u0259 prosesi Sabun\u00e7u Rayon M\u0259hk\u0259m\u0259sind\u0259 ke\u00e7irils\u0259 d\u0259, saytda G\u0259nc\u0259d\u0259 ke\u00e7irildiyi qeyd edilir<\/p>\n","protected":false},"author":11,"featured_media":117852,"comment_status":"closed","ping_status":"open","sticky":false,"template":"","format":"standard","meta":{"_acf_changed":false,"_sitemap_exclude":false,"_sitemap_priority":"","_sitemap_frequency":"","footnotes":""},"categories":[55],"tags":[],"class_list":["post-194004","post","type-post","status-publish","format-standard","has-post-thumbnail","hentry","category-arasdirma","infinite-scroll-item","generate-columns","tablet-grid-50","mobile-grid-100","grid-parent","grid-33","no-featured-image-padding"],"acf":[],"yoast_head":"<!-- This site is optimized with the Yoast SEO plugin v27.4 - https:\/\/yoast.com\/product\/yoast-seo-wordpress\/ -->\n<title>&#039;&#039;G\u0259nc\u0259 i\u015fi&#039;&#039;nin Sabun\u00e7u m\u00fchakim\u0259si - MEYDAN.TV<\/title>\n<meta name=\"robots\" content=\"index, follow, max-snippet:-1, max-image-preview:large, max-video-preview:-1\" \/>\n<link rel=\"canonical\" href=\"https:\/\/www.meydan.tv\/az\/article\/gence-isinin-sabuncu-muhakimesi\/\" \/>\n<meta property=\"og:locale\" content=\"az_AZ\" \/>\n<meta property=\"og:type\" content=\"article\" \/>\n<meta property=\"og:title\" content=\"&#039;&#039;G\u0259nc\u0259 i\u015fi&#039;&#039;nin Sabun\u00e7u m\u00fchakim\u0259si - MEYDAN.TV\" \/>\n<meta property=\"og:description\" content=\"M\u0259hk\u0259m\u0259 prosesi Sabun\u00e7u Rayon M\u0259hk\u0259m\u0259sind\u0259 ke\u00e7irils\u0259 d\u0259, saytda G\u0259nc\u0259d\u0259 ke\u00e7irildiyi qeyd edilir\" \/>\n<meta property=\"og:url\" content=\"https:\/\/www.meydan.tv\/az\/article\/gence-isinin-sabuncu-muhakimesi\/\" \/>\n<meta property=\"og:site_name\" content=\"MEYDAN.TV\" \/>\n<meta property=\"article:published_time\" content=\"2019-02-14T14:47:54+00:00\" \/>\n<meta property=\"og:image\" content=\"https:\/\/www.meydan.tv\/wp-content\/uploads\/47001.jpg\" \/>\n\t<meta property=\"og:image:width\" content=\"2048\" \/>\n\t<meta property=\"og:image:height\" content=\"1327\" \/>\n\t<meta property=\"og:image:type\" content=\"image\/jpeg\" \/>\n<meta name=\"author\" content=\"user-manager\" \/>\n<meta name=\"twitter:card\" content=\"summary_large_image\" \/>\n<script type=\"application\/ld+json\" class=\"yoast-schema-graph\">{\"@context\":\"https:\\\/\\\/schema.org\",\"@graph\":[{\"@type\":\"Article\",\"@id\":\"https:\\\/\\\/www.meydan.tv\\\/az\\\/article\\\/gence-isinin-sabuncu-muhakimesi\\\/#article\",\"isPartOf\":{\"@id\":\"https:\\\/\\\/www.meydan.tv\\\/az\\\/article\\\/gence-isinin-sabuncu-muhakimesi\\\/\"},\"author\":{\"name\":\"user-manager\",\"@id\":\"https:\\\/\\\/www.meydan.tv\\\/az\\\/#\\\/schema\\\/person\\\/10d11eccf6da3662cf5fdab9806ea91a\"},\"headline\":\"&#8221;G\u0259nc\u0259 i\u015fi&#8221;nin Sabun\u00e7u m\u00fchakim\u0259si\",\"datePublished\":\"2019-02-14T14:47:54+00:00\",\"mainEntityOfPage\":{\"@id\":\"https:\\\/\\\/www.meydan.tv\\\/az\\\/article\\\/gence-isinin-sabuncu-muhakimesi\\\/\"},\"wordCount\":1994,\"publisher\":{\"@id\":\"https:\\\/\\\/www.meydan.tv\\\/az\\\/#organization\"},\"image\":{\"@id\":\"https:\\\/\\\/www.meydan.tv\\\/az\\\/article\\\/gence-isinin-sabuncu-muhakimesi\\\/#primaryimage\"},\"thumbnailUrl\":\"https:\\\/\\\/www.meydan.tv\\\/wp-content\\\/uploads\\\/47001.jpg\",\"articleSection\":[\"Ara\u015fd\u0131rma\"],\"inLanguage\":\"az\"},{\"@type\":\"WebPage\",\"@id\":\"https:\\\/\\\/www.meydan.tv\\\/az\\\/article\\\/gence-isinin-sabuncu-muhakimesi\\\/\",\"url\":\"https:\\\/\\\/www.meydan.tv\\\/az\\\/article\\\/gence-isinin-sabuncu-muhakimesi\\\/\",\"name\":\"''G\u0259nc\u0259 i\u015fi''nin Sabun\u00e7u m\u00fchakim\u0259si - MEYDAN.TV\",\"isPartOf\":{\"@id\":\"https:\\\/\\\/www.meydan.tv\\\/az\\\/#website\"},\"primaryImageOfPage\":{\"@id\":\"https:\\\/\\\/www.meydan.tv\\\/az\\\/article\\\/gence-isinin-sabuncu-muhakimesi\\\/#primaryimage\"},\"image\":{\"@id\":\"https:\\\/\\\/www.meydan.tv\\\/az\\\/article\\\/gence-isinin-sabuncu-muhakimesi\\\/#primaryimage\"},\"thumbnailUrl\":\"https:\\\/\\\/www.meydan.tv\\\/wp-content\\\/uploads\\\/47001.jpg\",\"datePublished\":\"2019-02-14T14:47:54+00:00\",\"breadcrumb\":{\"@id\":\"https:\\\/\\\/www.meydan.tv\\\/az\\\/article\\\/gence-isinin-sabuncu-muhakimesi\\\/#breadcrumb\"},\"inLanguage\":\"az\",\"potentialAction\":[{\"@type\":\"ReadAction\",\"target\":[\"https:\\\/\\\/www.meydan.tv\\\/az\\\/article\\\/gence-isinin-sabuncu-muhakimesi\\\/\"]}]},{\"@type\":\"ImageObject\",\"inLanguage\":\"az\",\"@id\":\"https:\\\/\\\/www.meydan.tv\\\/az\\\/article\\\/gence-isinin-sabuncu-muhakimesi\\\/#primaryimage\",\"url\":\"https:\\\/\\\/www.meydan.tv\\\/wp-content\\\/uploads\\\/47001.jpg\",\"contentUrl\":\"https:\\\/\\\/www.meydan.tv\\\/wp-content\\\/uploads\\\/47001.jpg\",\"width\":2048,\"height\":1327,\"caption\":\"Source:\"},{\"@type\":\"BreadcrumbList\",\"@id\":\"https:\\\/\\\/www.meydan.tv\\\/az\\\/article\\\/gence-isinin-sabuncu-muhakimesi\\\/#breadcrumb\",\"itemListElement\":[{\"@type\":\"ListItem\",\"position\":1,\"name\":\"Ana s\u0259hif\u0259\",\"item\":\"https:\\\/\\\/www.meydan.tv\\\/az\\\/\"},{\"@type\":\"ListItem\",\"position\":2,\"name\":\"Ara\u015fd\u0131rma\",\"item\":\"https:\\\/\\\/www.meydan.tv\\\/az\\\/section\\\/arasdirma\\\/\"},{\"@type\":\"ListItem\",\"position\":3,\"name\":\"&#8221;G\u0259nc\u0259 i\u015fi&#8221;nin Sabun\u00e7u m\u00fchakim\u0259si\"}]},{\"@type\":\"WebSite\",\"@id\":\"https:\\\/\\\/www.meydan.tv\\\/az\\\/#website\",\"url\":\"https:\\\/\\\/www.meydan.tv\\\/az\\\/\",\"name\":\"MEYDAN.TV\",\"description\":\"Meydan TV Az\u0259rbaycan\u0131n media m\u0259kan\u0131ndak\u0131 alternativ s\u0259sidir\",\"publisher\":{\"@id\":\"https:\\\/\\\/www.meydan.tv\\\/az\\\/#organization\"},\"potentialAction\":[{\"@type\":\"SearchAction\",\"target\":{\"@type\":\"EntryPoint\",\"urlTemplate\":\"https:\\\/\\\/www.meydan.tv\\\/az\\\/?s={search_term_string}\"},\"query-input\":{\"@type\":\"PropertyValueSpecification\",\"valueRequired\":true,\"valueName\":\"search_term_string\"}}],\"inLanguage\":\"az\"},{\"@type\":\"Organization\",\"@id\":\"https:\\\/\\\/www.meydan.tv\\\/az\\\/#organization\",\"name\":\"Meydan TV\",\"url\":\"https:\\\/\\\/www.meydan.tv\\\/az\\\/\",\"logo\":{\"@type\":\"ImageObject\",\"inLanguage\":\"az\",\"@id\":\"https:\\\/\\\/www.meydan.tv\\\/az\\\/#\\\/schema\\\/logo\\\/image\\\/\",\"url\":\"https:\\\/\\\/www.meydan.tv\\\/wp-content\\\/uploads\\\/2021\\\/07\\\/meydan-logo.svg\",\"contentUrl\":\"https:\\\/\\\/www.meydan.tv\\\/wp-content\\\/uploads\\\/2021\\\/07\\\/meydan-logo.svg\",\"width\":195,\"height\":46,\"caption\":\"Meydan TV\"},\"image\":{\"@id\":\"https:\\\/\\\/www.meydan.tv\\\/az\\\/#\\\/schema\\\/logo\\\/image\\\/\"}},{\"@type\":\"Person\",\"@id\":\"https:\\\/\\\/www.meydan.tv\\\/az\\\/#\\\/schema\\\/person\\\/10d11eccf6da3662cf5fdab9806ea91a\",\"name\":\"user-manager\"}]}<\/script>\n<!-- \/ Yoast SEO plugin. -->","yoast_head_json":{"title":"''G\u0259nc\u0259 i\u015fi''nin Sabun\u00e7u m\u00fchakim\u0259si - MEYDAN.TV","robots":{"index":"index","follow":"follow","max-snippet":"max-snippet:-1","max-image-preview":"max-image-preview:large","max-video-preview":"max-video-preview:-1"},"canonical":"https:\/\/www.meydan.tv\/az\/article\/gence-isinin-sabuncu-muhakimesi\/","og_locale":"az_AZ","og_type":"article","og_title":"''G\u0259nc\u0259 i\u015fi''nin Sabun\u00e7u m\u00fchakim\u0259si - MEYDAN.TV","og_description":"M\u0259hk\u0259m\u0259 prosesi Sabun\u00e7u Rayon M\u0259hk\u0259m\u0259sind\u0259 ke\u00e7irils\u0259 d\u0259, saytda G\u0259nc\u0259d\u0259 ke\u00e7irildiyi qeyd edilir","og_url":"https:\/\/www.meydan.tv\/az\/article\/gence-isinin-sabuncu-muhakimesi\/","og_site_name":"MEYDAN.TV","article_published_time":"2019-02-14T14:47:54+00:00","og_image":[{"width":2048,"height":1327,"url":"https:\/\/www.meydan.tv\/wp-content\/uploads\/47001.jpg","type":"image\/jpeg"}],"author":"user-manager","twitter_card":"summary_large_image","schema":{"@context":"https:\/\/schema.org","@graph":[{"@type":"Article","@id":"https:\/\/www.meydan.tv\/az\/article\/gence-isinin-sabuncu-muhakimesi\/#article","isPartOf":{"@id":"https:\/\/www.meydan.tv\/az\/article\/gence-isinin-sabuncu-muhakimesi\/"},"author":{"name":"user-manager","@id":"https:\/\/www.meydan.tv\/az\/#\/schema\/person\/10d11eccf6da3662cf5fdab9806ea91a"},"headline":"&#8221;G\u0259nc\u0259 i\u015fi&#8221;nin Sabun\u00e7u m\u00fchakim\u0259si","datePublished":"2019-02-14T14:47:54+00:00","mainEntityOfPage":{"@id":"https:\/\/www.meydan.tv\/az\/article\/gence-isinin-sabuncu-muhakimesi\/"},"wordCount":1994,"publisher":{"@id":"https:\/\/www.meydan.tv\/az\/#organization"},"image":{"@id":"https:\/\/www.meydan.tv\/az\/article\/gence-isinin-sabuncu-muhakimesi\/#primaryimage"},"thumbnailUrl":"https:\/\/www.meydan.tv\/wp-content\/uploads\/47001.jpg","articleSection":["Ara\u015fd\u0131rma"],"inLanguage":"az"},{"@type":"WebPage","@id":"https:\/\/www.meydan.tv\/az\/article\/gence-isinin-sabuncu-muhakimesi\/","url":"https:\/\/www.meydan.tv\/az\/article\/gence-isinin-sabuncu-muhakimesi\/","name":"''G\u0259nc\u0259 i\u015fi''nin Sabun\u00e7u m\u00fchakim\u0259si - MEYDAN.TV","isPartOf":{"@id":"https:\/\/www.meydan.tv\/az\/#website"},"primaryImageOfPage":{"@id":"https:\/\/www.meydan.tv\/az\/article\/gence-isinin-sabuncu-muhakimesi\/#primaryimage"},"image":{"@id":"https:\/\/www.meydan.tv\/az\/article\/gence-isinin-sabuncu-muhakimesi\/#primaryimage"},"thumbnailUrl":"https:\/\/www.meydan.tv\/wp-content\/uploads\/47001.jpg","datePublished":"2019-02-14T14:47:54+00:00","breadcrumb":{"@id":"https:\/\/www.meydan.tv\/az\/article\/gence-isinin-sabuncu-muhakimesi\/#breadcrumb"},"inLanguage":"az","potentialAction":[{"@type":"ReadAction","target":["https:\/\/www.meydan.tv\/az\/article\/gence-isinin-sabuncu-muhakimesi\/"]}]},{"@type":"ImageObject","inLanguage":"az","@id":"https:\/\/www.meydan.tv\/az\/article\/gence-isinin-sabuncu-muhakimesi\/#primaryimage","url":"https:\/\/www.meydan.tv\/wp-content\/uploads\/47001.jpg","contentUrl":"https:\/\/www.meydan.tv\/wp-content\/uploads\/47001.jpg","width":2048,"height":1327,"caption":"Source:"},{"@type":"BreadcrumbList","@id":"https:\/\/www.meydan.tv\/az\/article\/gence-isinin-sabuncu-muhakimesi\/#breadcrumb","itemListElement":[{"@type":"ListItem","position":1,"name":"Ana s\u0259hif\u0259","item":"https:\/\/www.meydan.tv\/az\/"},{"@type":"ListItem","position":2,"name":"Ara\u015fd\u0131rma","item":"https:\/\/www.meydan.tv\/az\/section\/arasdirma\/"},{"@type":"ListItem","position":3,"name":"&#8221;G\u0259nc\u0259 i\u015fi&#8221;nin Sabun\u00e7u m\u00fchakim\u0259si"}]},{"@type":"WebSite","@id":"https:\/\/www.meydan.tv\/az\/#website","url":"https:\/\/www.meydan.tv\/az\/","name":"MEYDAN.TV","description":"Meydan TV Az\u0259rbaycan\u0131n media m\u0259kan\u0131ndak\u0131 alternativ s\u0259sidir","publisher":{"@id":"https:\/\/www.meydan.tv\/az\/#organization"},"potentialAction":[{"@type":"SearchAction","target":{"@type":"EntryPoint","urlTemplate":"https:\/\/www.meydan.tv\/az\/?s={search_term_string}"},"query-input":{"@type":"PropertyValueSpecification","valueRequired":true,"valueName":"search_term_string"}}],"inLanguage":"az"},{"@type":"Organization","@id":"https:\/\/www.meydan.tv\/az\/#organization","name":"Meydan TV","url":"https:\/\/www.meydan.tv\/az\/","logo":{"@type":"ImageObject","inLanguage":"az","@id":"https:\/\/www.meydan.tv\/az\/#\/schema\/logo\/image\/","url":"https:\/\/www.meydan.tv\/wp-content\/uploads\/2021\/07\/meydan-logo.svg","contentUrl":"https:\/\/www.meydan.tv\/wp-content\/uploads\/2021\/07\/meydan-logo.svg","width":195,"height":46,"caption":"Meydan TV"},"image":{"@id":"https:\/\/www.meydan.tv\/az\/#\/schema\/logo\/image\/"}},{"@type":"Person","@id":"https:\/\/www.meydan.tv\/az\/#\/schema\/person\/10d11eccf6da3662cf5fdab9806ea91a","name":"user-manager"}]}},"_links":{"self":[{"href":"https:\/\/www.meydan.tv\/az\/wp-json\/wp\/v2\/posts\/194004","targetHints":{"allow":["GET"]}}],"collection":[{"href":"https:\/\/www.meydan.tv\/az\/wp-json\/wp\/v2\/posts"}],"about":[{"href":"https:\/\/www.meydan.tv\/az\/wp-json\/wp\/v2\/types\/post"}],"author":[{"embeddable":true,"href":"https:\/\/www.meydan.tv\/az\/wp-json\/wp\/v2\/users\/11"}],"replies":[{"embeddable":true,"href":"https:\/\/www.meydan.tv\/az\/wp-json\/wp\/v2\/comments?post=194004"}],"version-history":[{"count":0,"href":"https:\/\/www.meydan.tv\/az\/wp-json\/wp\/v2\/posts\/194004\/revisions"}],"wp:featuredmedia":[{"embeddable":true,"href":"https:\/\/www.meydan.tv\/az\/wp-json\/wp\/v2\/media\/117852"}],"wp:attachment":[{"href":"https:\/\/www.meydan.tv\/az\/wp-json\/wp\/v2\/media?parent=194004"}],"wp:term":[{"taxonomy":"category","embeddable":true,"href":"https:\/\/www.meydan.tv\/az\/wp-json\/wp\/v2\/categories?post=194004"},{"taxonomy":"post_tag","embeddable":true,"href":"https:\/\/www.meydan.tv\/az\/wp-json\/wp\/v2\/tags?post=194004"}],"curies":[{"name":"wp","href":"https:\/\/api.w.org\/{rel}","templated":true}]}}