{"id":193978,"date":"2019-02-13T15:18:49","date_gmt":"2019-02-13T15:18:49","guid":{"rendered":"https:\/\/www.meydan.tv\/article\/pasinyan-azerbaycanin-aqressiv-ritorikasi-sebebinden-regionda-sulh-atmosferi-yaradilmayib\/"},"modified":"2019-02-13T15:18:49","modified_gmt":"2019-02-13T15:18:49","slug":"pasinyan-azerbaycanin-aqressiv-ritorikasi-sebebinden-regionda-sulh-atmosferi-yaradilmayib","status":"publish","type":"post","link":"https:\/\/www.meydan.tv\/az\/article\/pasinyan-azerbaycanin-aqressiv-ritorikasi-sebebinden-regionda-sulh-atmosferi-yaradilmayib\/","title":{"rendered":"Pa\u015finyan: Az\u0259rbaycan\u0131n aqressiv ritorikas\u0131 s\u0259b\u0259bind\u0259n regionda s\u00fclh atmosferi yarad\u0131lmay\u0131b"},"content":{"rendered":"<figure class=\"wp-block-image size-large\">\n  <img decoding=\"async\" src=\"https:\/\/www.meydan.tv\/az\/ermenistanin-bas-naziri-nikol-pasinyan\/\" alt=\"Erm\u0259nistan\u0131n Ba\u015f naziri Nikol Pa\u015finyan\" class=\"wp-image-112951\"\/><figcaption>\n    Erm\u0259nistan\u0131n Ba\u015f naziri Nikol Pa\u015finyan<br \/>\n  <\/figcaption><\/figure>\n<p>\n  <i><br \/>\n    Siyasi \u015f\u0259rh\u00e7i: &#8221;Nikol Pa\u015finyan\u0131n icmalarla ba\u011fl\u0131 dedikl\u0259ri do\u011fru deyil&#8221;<br \/>\n  <\/i>\n<\/p>\n<p>\n  Erm\u0259nistan\u0131n Ba\u015f naziri Nikol Pa\u015finyan fevral\u0131n 12-d\u0259 parlamentd\u0259 \u00e7\u0131x\u0131\u015f edib. Ba\u015f nazir deyib ki, \u0259g\u0259r Az\u0259rbaycan \u00f6z xalq\u0131n\u0131 m\u00fcharib\u0259y\u0259 haz\u0131rlay\u0131rsa, Erm\u0259nistan\u0131n da reaksiyas\u0131 eyni olmal\u0131d\u0131r.\n<\/p>\n<p>\n  Ba\u015f nazir Az\u0259rbaycan\u0131 daha \u00e7ox m\u0259s\u0259l\u0259nin h\u0259rbi yolla h\u0259llin\u0259 meylli olmaqda su\u00e7lay\u0131b:\n<\/p>\n<p>\n  &#8220;Erm\u0259ni t\u0259r\u0259fi Qaraba\u011f m\u00fcnaqi\u015f\u0259sinin h\u0259llini dinc yolda g\u00f6r\u00fcr, ancaq bu, o dem\u0259k deyil ki, Erm\u0259nistan m\u00fcharib\u0259y\u0259 haz\u0131r olmamal\u0131d\u0131r. Dinc nizamlanma \u00fc\u00e7\u00fcn \u00f6nc\u0259 s\u00fclh atmosferi yaratmaq laz\u0131md\u0131r. Bu g\u00fcn Az\u0259rbaycan\u0131n aqressiv ritorikas\u0131 s\u0259b\u0259bind\u0259n regionda s\u00fclh atmosferi yarad\u0131lmay\u0131b. \u018fg\u0259r biz Az\u0259rbaycan\u0131n \u00f6z ritorikas\u0131na son qoymas\u0131n\u0131 g\u00f6zl\u0259yiriks\u0259, t\u0259bii ki, biz d\u0259 \u00f6z t\u0259r\u0259fimizd\u0259n qeyri-aqressiv m\u00f6vqeyimizi g\u00f6st\u0259rm\u0259liyik&#8221;.\n<\/p>\n<p>\n  Onun s\u00f6zl\u0259rin\u0259 g\u00f6r\u0259, Qaraba\u011f m\u00fcnaqi\u015f\u0259sinin nizamlanmas\u0131na dair dan\u0131\u015f\u0131qlarda i\u015ftirak etm\u0259lidir. Lakin Az\u0259rbaycan dan\u0131\u015f\u0131qlara Qaraba\u011f\u0131n az\u0259rbaycanl\u0131 icmas\u0131n\u0131n da daxil edilm\u0259sini t\u0259klif edir.\n<\/p>\n<p>\n  Pa\u015finyan\u0131n s\u00f6zl\u0259rin\u0259 g\u00f6r\u0259, Az\u0259rbaycan icmas\u0131n\u0131n maraqlar\u0131n\u0131 Az\u0259rbaycan hakimiyy\u0259ti t\u0259msil edir, onlar is\u0259 h\u0259r zaman dan\u0131\u015f\u0131qlarda i\u015ftirak edibl\u0259r.\n<\/p>\n<p>\n  &#8220;Bizim h\u00f6kum\u0259t b\u0259yan edir ki, onun Qaraba\u011f xalq\u0131n\u0131 t\u0259msil etm\u0259k \u00fc\u00e7\u00fcn mandat\u0131 v\u0259 s\u0259lahiyy\u0259ti yoxdur, \u00e7\u00fcnki Qaraba\u011f Erm\u0259nistan hakimiyy\u0259tin\u0259 bel\u0259 mandat verm\u0259yib.\n<\/p>\n<p>\n  Siyasi icmal\u00e7\u0131 Hikm\u0259t Hac\u0131zad\u0259 Meydan TV-y\u0259 Ba\u015f nazir Nikol Pa\u015finyan\u0131n \u00e7\u0131x\u0131\u015f\u0131nda h\u0259r hans\u0131 yenilik g\u00f6rm\u0259diyini bildirib:\n<\/p>\n<figure class=\"wp-block-image size-large\">\n  <img decoding=\"async\" src=\"https:\/\/www.meydan.tv\/az\/hikmet-hacizade-8\/\" alt=\"Hikm\u0259t Hac\u0131zad\u0259\" class=\"wp-image-77169\"\/><figcaption>\n    Hikm\u0259t Hac\u0131zad\u0259<br \/>\n  <\/figcaption><\/figure>\n<p>\n  \u201cD\u00fczd\u00fcr, bir az s\u0259mimi dan\u0131\u015f\u0131b, ancaq \u00e7\u0131x\u0131\u015f daha \u00e7ox m\u0259sl\u0259h\u0259tl\u0259\u015fm\u0259y\u0259 ox\u015fay\u0131r. Yeni he\u00e7 n\u0259 dem\u0259yib, \u0130lham \u018fliyevl\u0259 aras\u0131ndak\u0131 dan\u0131\u015f\u0131qlar\u0131 parlament\u0259 \u00e7atd\u0131r\u0131b ki, informasiyan\u0131z olsun v\u0259 m\u0259suliyy\u0259t da\u015f\u0131y\u0131n\u201d.\n<\/p>\n<p>\n  Avropada m\u00fchacir h\u0259yat\u0131 ya\u015fayan Rauf Mirq\u0259dirov hesab edir ki, Ba\u015f nazirin 12 fevral \u00e7\u0131x\u0131\u015f\u0131 Erm\u0259nistan\u0131n m\u00f6vqeyini davam etdirm\u0259si dem\u0259kdir:\n<\/p>\n<p>\n  \u201c\u00c7\u0131x\u0131\u015f s\u00fclhp\u0259rv\u0259r ritorikada olsa da, i\u015f\u011fal\u0131n v\u0259 birinci Qaraba\u011f m\u00fcharib\u0259sinin n\u0259tic\u0259l\u0259rini h\u00fcquqil\u0259\u015fdirm\u0259y\u0259 y\u00f6n\u0259lib. Erm\u0259nistan daim bu ritorikadan istifad\u0259 edib. Bu m\u0259s\u0259l\u0259nin iki t\u0259r\u0259fi var: birinci, q\u0131sa m\u00fcdd\u0259td\u0259 \u00f6lk\u0259d\u0259 milli-v\u0259t\u0259np\u0259rv\u0259rlik ruhunu m\u00f6hk\u0259ml\u0259ndir\u0259 bil\u0259rs\u0259n, \u0259halinin neqativ hallara diqq\u0259tini yay\u0131nd\u0131rarsan, lakin ger\u00e7\u0259k n\u0259tic\u0259l\u0259r \u0259ld\u0259 olunmasa, m\u0259s\u0259l\u0259nin ikinci t\u0259r\u0259fi i\u015f\u0259 d\u00fc\u015f\u00fcr. Y\u0259ni insanlar\u0131 m\u00fcharib\u0259y\u0259 g\u00f6nd\u0259rirs\u0259n v\u0259 he\u00e7 n\u0259 \u0259ld\u0259 edilmir. \u018fslind\u0259, son 30 ild\u0259 hakimiyy\u0259t d\u0259yi\u015fiklikl\u0259rinin \u0259sas\u0131 bundan ibar\u0259tdir. Xocal\u0131 faci\u0259si M\u00fct\u0259llibovun hakimiyy\u0259tin\u0259 son qoydu, AXC hakimiyy\u0259ti zaman\u0131 Az\u0259rbaycan qo\u015funlar\u0131 Xank\u0259ndinin h\u0259nd\u0259v\u0259rind\u0259 dayanm\u0131\u015fd\u0131lar, amma K\u0259lb\u0259c\u0259rin i\u015f\u011fal\u0131ya m\u0259nz\u0259r\u0259 d\u0259yi\u015fdi. Heyd\u0259r \u018fliyev hakimiyy\u0259tinin ilk d\u00f6vr\u00fcnd\u0259 m\u0259\u011flubiyy\u0259tl\u0259r seriyas\u0131 olsa da, g\u00fcnahlar\u0131 AXC hakimiyy\u0259tinin \u00fcz\u0259rin\u0259 y\u0131xd\u0131. 1994-c\u00fc ild\u0259n sonra b\u00f6y\u00fck m\u00fcharib\u0259 olmay\u0131b, x\u0131rda q\u0259l\u0259b\u0259l\u0259ri geni\u015f m\u0259nada b\u00f6y\u00fck q\u0259l\u0259b\u0259 say\u0131rlar\u201d.\n<\/p>\n<p>\n  R.Mirq\u0259dirov bildirib ki, Pa\u015finyan\u0131n ritorikas\u0131 yeni he\u00e7 n\u0259 demir:\n<\/p>\n<p>\n  \u201cAz\u0259rbaycana xitab\u0259n deyir ki, ritorikan\u0131 d\u0259yi\u015fin. Amma bu ritorika ger\u00e7\u0259kliyi \u0259ks etdirmir. Bax\u0131n, Yaponiya-Rusiya aras\u0131nda diplomatik m\u00fcnasib\u0259tl\u0259r olsa da, s\u00fclh sazi\u015fi yoxdur. \u0130spaniya il\u0259 \u0130ngilt\u0259r\u0259 NATO \u00fczv\u00fcd\u00fcrl\u0259r, m\u00fctt\u0259fiqdirl\u0259r, amma 70 ild\u0259n \u00e7oxdur\u00a0C\u0259b\u0259ll\u00fctariq problem var. Y\u0259ni s\u00fclh atmosferinin yaranmas\u0131 \u0259razi m\u00fcnaqi\u015f\u0259l\u0259rinin h\u0259llind\u0259 apar\u0131c\u0131 amil deyil\u201d.\n<\/p>\n<figure class=\"wp-block-image size-large\">\n  <img decoding=\"async\" src=\"https:\/\/www.meydan.tv\/az\/rauf-mirqedirov-5\/\" alt=\"Rauf Mirq\u0259dirov\" class=\"wp-image-108453\"\/><figcaption>\n    Rauf Mirq\u0259dirov<br \/>\n  <\/figcaption><\/figure>\n<p>\n  Siyasi icmal\u00e7\u0131 qeyd edib ki, Nikol Pa\u015finyan\u0131n icmalarla ba\u011fl\u0131 dedikl\u0259ri do\u011fru deyil:\n<\/p>\n<p>\n  \u201cH\u00fcquqi bax\u0131mdan yalan odur ki, Da\u011fl\u0131q Qaraba\u011f tan\u0131nmam\u0131\u015f m\u00fcst\u0259qil d\u00f6vl\u0259tdir v\u0259 Erm\u0259nistan onlardan dan\u0131\u015f\u0131q \u00fc\u00e7\u00fcn he\u00e7 bir mandat almay\u0131b. M\u0259s\u0259l\u0259 ondad\u0131r ki, Erm\u0259nistan\u0131n m\u00fcst\u0259qillik haqq\u0131nda b\u0259yannam\u0259sind\u0259 birm\u0259nal\u0131 \u015f\u0259kild\u0259 Da\u011fl\u0131q Qaraba\u011f\u0131n Erm\u0259nistana daxil olmas\u0131 bar\u0259d\u0259 q\u0259tnam\u0259sini tan\u0131d\u0131\u011f\u0131 bildirilib. Bu, art\u0131q Erm\u0259nistan d\u00f6vl\u0259tinin Da\u011fl\u0131q Qaraba\u011f\u0131 ilhaq\u0131 dem\u0259kdir. Az\u0259rbaycan diplomatiyas\u0131n\u0131n \u0259n z\u0259if yeri m\u0259s\u0259l\u0259nin bu t\u0259r\u0259fini dan\u0131\u015f\u0131qlara \u00e7\u0131xartmamas\u0131d\u0131r. \u0130kinci, Pa\u015finyan\u0131n icmalar bar\u0259d\u0259 dedikl\u0259ri ger\u00e7\u0259k bax\u0131mdan ona g\u00f6r\u0259 yaland\u0131r ki, Da\u011fl\u0131q Qaraba\u011f\u0131n b\u00fcdc\u0259sinin b\u00f6y\u00fck hiss\u0259sini Yerevan verir. Erm\u0259nistan\u0131n iqtisadi v\u0259 h\u0259rbi d\u0259st\u0259yi olmasa, separat\u00e7\u0131lar ya\u015faya bilm\u0259z. \u0130ndi sual yaran\u0131r; Pa\u015finyan Da\u011fl\u0131q Qaraba\u011f\u0131 dan\u0131\u015f\u0131qlarda t\u0259msil ed\u0259 bilm\u0259rik deyir, o zaman niy\u0259 dan\u0131\u015f\u0131qlara g\u0259lirs\u0259n, n\u0259 \u00fc\u00e7\u00fcn imtina etmirs\u0259n? Ax\u0131 c\u0259nab Ba\u015f nazir hans\u0131 mandatla dan\u0131\u015f\u0131qlarda i\u015ftirak edir? Problem ondad\u0131r ki, Az\u0259rbaycan Da\u011fl\u0131q Qaraba\u011f probleminin h\u0259llinin v\u0259 dan\u0131\u015f\u0131qlar\u0131n\u0131 apar\u0131lmas\u0131 \u00fc\u00e7\u00fcn ayd\u0131n konsepsiyas\u0131n\u0131 ir\u0259li s\u00fcrm\u0259yib. R\u0259smi Bak\u0131 a\u00e7\u0131q \u015f\u0259kild\u0259 dem\u0259lidir ki, ortada ilhaq var, ona g\u00f6r\u0259 m\u0259s\u0259l\u0259 d\u00f6vl\u0259tl\u0259raras\u0131 m\u00fcst\u0259vid\u0259 h\u0259ll edilm\u0259lidir. Y\u0259ni \u0259traf rayonlar\u0131n i\u015f\u011fal\u0131 aradan qald\u0131r\u0131l\u0131r, Qaraba\u011f\u0131n erm\u0259ni \u0259halisinin t\u0259hl\u00fck\u0259sizliyi t\u0259min olunur, bundan sonra statusu Yerevanla yox, yerli erm\u0259nil\u0259rl\u0259 m\u00fczakir\u0259 etm\u0259k olar. \u00c7\u00fcnki statusun Erm\u0259nistanla m\u00fczakir\u0259si Da\u011fl\u0131q Qaraba\u011f\u0131n \u015f\u0259rikli torpaq oldu\u011funun v\u0259 Yerevan\u0131n daxili i\u015fl\u0259rimiz\u0259 m\u00fcdaxil\u0259sinin etiraf\u0131d\u0131r\u201d.\n<\/p>\n<p>\n  <b><br \/>\n    Xat\u0131rlatma<br \/>\n  <\/b>\n<\/p>\n<p>\n  Da\u011fl\u0131q Qaraba\u011f m\u00fcnaqi\u015f\u0259sinin m\u00fcasir m\u0259rh\u0259l\u0259si 1988-ci ild\u0259 Erm\u0259nistan SSR-in Az\u0259rbaycan SSR-\u0259 qar\u015f\u0131 \u0259razi iddialar\u0131 \u0259sas\u0131nda ba\u015flay\u0131b. 1991-1994-c\u00fc ill\u0259rd\u0259 Az\u0259rbaycan\u0131n Da\u011fl\u0131q Qaraba\u011f \u0259razisi u\u011frunda Erm\u0259nistanla Az\u0259rbaycan aras\u0131nda m\u00fcharib\u0259 ba\u015f verib. N\u0259tic\u0259d\u0259 Az\u0259rbaycan \u0259razil\u0259rinin 20 faizi &#8211; Da\u011fl\u0131q Qaraba\u011f v\u0259 \u0259traf 7 inzibati rayon (La\u00e7\u0131n, K\u0259lb\u0259c\u0259r, A\u011fdam, F\u00fczuli, C\u0259bray\u0131l, Qubadl\u0131, Z\u0259ngilan) Erm\u0259nistan Silahl\u0131 Q\u00fcvv\u0259l\u0259ri t\u0259r\u0259find\u0259n i\u015f\u011fal olunub, 1 milyondan art\u0131q insan qa\u00e7q\u0131n v\u0259 m\u0259cburi k\u00f6\u00e7k\u00fcn v\u0259ziyy\u0259tin\u0259 d\u00fc\u015f\u00fcb. H\u0259rbi \u0259m\u0259liyyatlar 1994-c\u00fc ilin may ay\u0131nda Bi\u015fkekd\u0259 Az\u0259rbaycan v\u0259 Erm\u0259nistan aras\u0131nda imzalanm\u0131\u015f at\u0259\u015fk\u0259s sazi\u015fi il\u0259 ba\u015fa \u00e7at\u0131b.Da\u011fl\u0131q Qaraba\u011f m\u00fcnaqi\u015f\u0259sinin h\u0259lli il\u0259 AT\u018fT-in Minsk Qrupu v\u0259 Rusiya, AB\u015e, Fransadan ibar\u0259t h\u0259ms\u0259drl\u0259ri m\u0259\u015f\u011ful olur.<\/p>\n","protected":false},"excerpt":{"rendered":"<p>Siyasi \u015f\u0259rh\u00e7i: &#8221;Nikol Pa\u015finyan\u0131n icmalarla ba\u011fl\u0131 dedikl\u0259ri do\u011fru deyil&#8221;<\/p>\n","protected":false},"author":11,"featured_media":112951,"comment_status":"closed","ping_status":"open","sticky":false,"template":"","format":"standard","meta":{"_acf_changed":false,"_sitemap_exclude":false,"_sitemap_priority":"","_sitemap_frequency":"","footnotes":""},"categories":[51],"tags":[],"class_list":["post-193978","post","type-post","status-publish","format-standard","has-post-thumbnail","hentry","category-analitika","infinite-scroll-item","generate-columns","tablet-grid-50","mobile-grid-100","grid-parent","grid-33","no-featured-image-padding"],"acf":[],"yoast_head":"<!-- This site is optimized with the Yoast SEO plugin v27.4 - https:\/\/yoast.com\/product\/yoast-seo-wordpress\/ -->\n<title>Pa\u015finyan: Az\u0259rbaycan\u0131n aqressiv ritorikas\u0131 s\u0259b\u0259bind\u0259n regionda s\u00fclh atmosferi yarad\u0131lmay\u0131b - MEYDAN.TV<\/title>\n<meta name=\"robots\" content=\"index, follow, max-snippet:-1, max-image-preview:large, max-video-preview:-1\" \/>\n<link rel=\"canonical\" href=\"https:\/\/www.meydan.tv\/az\/article\/pasinyan-azerbaycanin-aqressiv-ritorikasi-sebebinden-regionda-sulh-atmosferi-yaradilmayib\/\" \/>\n<meta property=\"og:locale\" content=\"az_AZ\" \/>\n<meta property=\"og:type\" content=\"article\" \/>\n<meta property=\"og:title\" content=\"Pa\u015finyan: Az\u0259rbaycan\u0131n aqressiv ritorikas\u0131 s\u0259b\u0259bind\u0259n regionda s\u00fclh atmosferi yarad\u0131lmay\u0131b - MEYDAN.TV\" \/>\n<meta property=\"og:description\" content=\"Siyasi \u015f\u0259rh\u00e7i: &#039;&#039;Nikol Pa\u015finyan\u0131n icmalarla ba\u011fl\u0131 dedikl\u0259ri do\u011fru deyil&#039;&#039;\" \/>\n<meta property=\"og:url\" content=\"https:\/\/www.meydan.tv\/az\/article\/pasinyan-azerbaycanin-aqressiv-ritorikasi-sebebinden-regionda-sulh-atmosferi-yaradilmayib\/\" \/>\n<meta property=\"og:site_name\" content=\"MEYDAN.TV\" \/>\n<meta property=\"article:published_time\" content=\"2019-02-13T15:18:49+00:00\" \/>\n<meta property=\"og:image\" content=\"https:\/\/www.meydan.tv\/wp-content\/uploads\/45002.jpg\" \/>\n\t<meta property=\"og:image:width\" content=\"800\" \/>\n\t<meta property=\"og:image:height\" content=\"499\" \/>\n\t<meta property=\"og:image:type\" content=\"image\/jpeg\" \/>\n<meta name=\"author\" content=\"user-manager\" \/>\n<meta name=\"twitter:card\" content=\"summary_large_image\" \/>\n<script type=\"application\/ld+json\" class=\"yoast-schema-graph\">{\"@context\":\"https:\\\/\\\/schema.org\",\"@graph\":[{\"@type\":\"Article\",\"@id\":\"https:\\\/\\\/www.meydan.tv\\\/az\\\/article\\\/pasinyan-azerbaycanin-aqressiv-ritorikasi-sebebinden-regionda-sulh-atmosferi-yaradilmayib\\\/#article\",\"isPartOf\":{\"@id\":\"https:\\\/\\\/www.meydan.tv\\\/az\\\/article\\\/pasinyan-azerbaycanin-aqressiv-ritorikasi-sebebinden-regionda-sulh-atmosferi-yaradilmayib\\\/\"},\"author\":{\"name\":\"user-manager\",\"@id\":\"https:\\\/\\\/www.meydan.tv\\\/az\\\/#\\\/schema\\\/person\\\/10d11eccf6da3662cf5fdab9806ea91a\"},\"headline\":\"Pa\u015finyan: Az\u0259rbaycan\u0131n aqressiv ritorikas\u0131 s\u0259b\u0259bind\u0259n regionda s\u00fclh atmosferi yarad\u0131lmay\u0131b\",\"datePublished\":\"2019-02-13T15:18:49+00:00\",\"mainEntityOfPage\":{\"@id\":\"https:\\\/\\\/www.meydan.tv\\\/az\\\/article\\\/pasinyan-azerbaycanin-aqressiv-ritorikasi-sebebinden-regionda-sulh-atmosferi-yaradilmayib\\\/\"},\"wordCount\":1227,\"publisher\":{\"@id\":\"https:\\\/\\\/www.meydan.tv\\\/az\\\/#organization\"},\"image\":{\"@id\":\"https:\\\/\\\/www.meydan.tv\\\/az\\\/article\\\/pasinyan-azerbaycanin-aqressiv-ritorikasi-sebebinden-regionda-sulh-atmosferi-yaradilmayib\\\/#primaryimage\"},\"thumbnailUrl\":\"https:\\\/\\\/www.meydan.tv\\\/wp-content\\\/uploads\\\/45002.jpg\",\"articleSection\":[\"Analitika\"],\"inLanguage\":\"az\"},{\"@type\":\"WebPage\",\"@id\":\"https:\\\/\\\/www.meydan.tv\\\/az\\\/article\\\/pasinyan-azerbaycanin-aqressiv-ritorikasi-sebebinden-regionda-sulh-atmosferi-yaradilmayib\\\/\",\"url\":\"https:\\\/\\\/www.meydan.tv\\\/az\\\/article\\\/pasinyan-azerbaycanin-aqressiv-ritorikasi-sebebinden-regionda-sulh-atmosferi-yaradilmayib\\\/\",\"name\":\"Pa\u015finyan: Az\u0259rbaycan\u0131n aqressiv ritorikas\u0131 s\u0259b\u0259bind\u0259n regionda s\u00fclh atmosferi yarad\u0131lmay\u0131b - MEYDAN.TV\",\"isPartOf\":{\"@id\":\"https:\\\/\\\/www.meydan.tv\\\/az\\\/#website\"},\"primaryImageOfPage\":{\"@id\":\"https:\\\/\\\/www.meydan.tv\\\/az\\\/article\\\/pasinyan-azerbaycanin-aqressiv-ritorikasi-sebebinden-regionda-sulh-atmosferi-yaradilmayib\\\/#primaryimage\"},\"image\":{\"@id\":\"https:\\\/\\\/www.meydan.tv\\\/az\\\/article\\\/pasinyan-azerbaycanin-aqressiv-ritorikasi-sebebinden-regionda-sulh-atmosferi-yaradilmayib\\\/#primaryimage\"},\"thumbnailUrl\":\"https:\\\/\\\/www.meydan.tv\\\/wp-content\\\/uploads\\\/45002.jpg\",\"datePublished\":\"2019-02-13T15:18:49+00:00\",\"breadcrumb\":{\"@id\":\"https:\\\/\\\/www.meydan.tv\\\/az\\\/article\\\/pasinyan-azerbaycanin-aqressiv-ritorikasi-sebebinden-regionda-sulh-atmosferi-yaradilmayib\\\/#breadcrumb\"},\"inLanguage\":\"az\",\"potentialAction\":[{\"@type\":\"ReadAction\",\"target\":[\"https:\\\/\\\/www.meydan.tv\\\/az\\\/article\\\/pasinyan-azerbaycanin-aqressiv-ritorikasi-sebebinden-regionda-sulh-atmosferi-yaradilmayib\\\/\"]}]},{\"@type\":\"ImageObject\",\"inLanguage\":\"az\",\"@id\":\"https:\\\/\\\/www.meydan.tv\\\/az\\\/article\\\/pasinyan-azerbaycanin-aqressiv-ritorikasi-sebebinden-regionda-sulh-atmosferi-yaradilmayib\\\/#primaryimage\",\"url\":\"https:\\\/\\\/www.meydan.tv\\\/wp-content\\\/uploads\\\/45002.jpg\",\"contentUrl\":\"https:\\\/\\\/www.meydan.tv\\\/wp-content\\\/uploads\\\/45002.jpg\",\"width\":800,\"height\":499,\"caption\":\"Source:\"},{\"@type\":\"BreadcrumbList\",\"@id\":\"https:\\\/\\\/www.meydan.tv\\\/az\\\/article\\\/pasinyan-azerbaycanin-aqressiv-ritorikasi-sebebinden-regionda-sulh-atmosferi-yaradilmayib\\\/#breadcrumb\",\"itemListElement\":[{\"@type\":\"ListItem\",\"position\":1,\"name\":\"Ana s\u0259hif\u0259\",\"item\":\"https:\\\/\\\/www.meydan.tv\\\/az\\\/\"},{\"@type\":\"ListItem\",\"position\":2,\"name\":\"Analitika\",\"item\":\"https:\\\/\\\/www.meydan.tv\\\/az\\\/section\\\/analitika\\\/\"},{\"@type\":\"ListItem\",\"position\":3,\"name\":\"Pa\u015finyan: Az\u0259rbaycan\u0131n aqressiv ritorikas\u0131 s\u0259b\u0259bind\u0259n regionda s\u00fclh atmosferi yarad\u0131lmay\u0131b\"}]},{\"@type\":\"WebSite\",\"@id\":\"https:\\\/\\\/www.meydan.tv\\\/az\\\/#website\",\"url\":\"https:\\\/\\\/www.meydan.tv\\\/az\\\/\",\"name\":\"MEYDAN.TV\",\"description\":\"Meydan TV Az\u0259rbaycan\u0131n media m\u0259kan\u0131ndak\u0131 alternativ s\u0259sidir\",\"publisher\":{\"@id\":\"https:\\\/\\\/www.meydan.tv\\\/az\\\/#organization\"},\"potentialAction\":[{\"@type\":\"SearchAction\",\"target\":{\"@type\":\"EntryPoint\",\"urlTemplate\":\"https:\\\/\\\/www.meydan.tv\\\/az\\\/?s={search_term_string}\"},\"query-input\":{\"@type\":\"PropertyValueSpecification\",\"valueRequired\":true,\"valueName\":\"search_term_string\"}}],\"inLanguage\":\"az\"},{\"@type\":\"Organization\",\"@id\":\"https:\\\/\\\/www.meydan.tv\\\/az\\\/#organization\",\"name\":\"Meydan TV\",\"url\":\"https:\\\/\\\/www.meydan.tv\\\/az\\\/\",\"logo\":{\"@type\":\"ImageObject\",\"inLanguage\":\"az\",\"@id\":\"https:\\\/\\\/www.meydan.tv\\\/az\\\/#\\\/schema\\\/logo\\\/image\\\/\",\"url\":\"https:\\\/\\\/www.meydan.tv\\\/wp-content\\\/uploads\\\/2021\\\/07\\\/meydan-logo.svg\",\"contentUrl\":\"https:\\\/\\\/www.meydan.tv\\\/wp-content\\\/uploads\\\/2021\\\/07\\\/meydan-logo.svg\",\"width\":195,\"height\":46,\"caption\":\"Meydan TV\"},\"image\":{\"@id\":\"https:\\\/\\\/www.meydan.tv\\\/az\\\/#\\\/schema\\\/logo\\\/image\\\/\"}},{\"@type\":\"Person\",\"@id\":\"https:\\\/\\\/www.meydan.tv\\\/az\\\/#\\\/schema\\\/person\\\/10d11eccf6da3662cf5fdab9806ea91a\",\"name\":\"user-manager\"}]}<\/script>\n<!-- \/ Yoast SEO plugin. -->","yoast_head_json":{"title":"Pa\u015finyan: Az\u0259rbaycan\u0131n aqressiv ritorikas\u0131 s\u0259b\u0259bind\u0259n regionda s\u00fclh atmosferi yarad\u0131lmay\u0131b - MEYDAN.TV","robots":{"index":"index","follow":"follow","max-snippet":"max-snippet:-1","max-image-preview":"max-image-preview:large","max-video-preview":"max-video-preview:-1"},"canonical":"https:\/\/www.meydan.tv\/az\/article\/pasinyan-azerbaycanin-aqressiv-ritorikasi-sebebinden-regionda-sulh-atmosferi-yaradilmayib\/","og_locale":"az_AZ","og_type":"article","og_title":"Pa\u015finyan: Az\u0259rbaycan\u0131n aqressiv ritorikas\u0131 s\u0259b\u0259bind\u0259n regionda s\u00fclh atmosferi yarad\u0131lmay\u0131b - MEYDAN.TV","og_description":"Siyasi \u015f\u0259rh\u00e7i: ''Nikol Pa\u015finyan\u0131n icmalarla ba\u011fl\u0131 dedikl\u0259ri do\u011fru deyil''","og_url":"https:\/\/www.meydan.tv\/az\/article\/pasinyan-azerbaycanin-aqressiv-ritorikasi-sebebinden-regionda-sulh-atmosferi-yaradilmayib\/","og_site_name":"MEYDAN.TV","article_published_time":"2019-02-13T15:18:49+00:00","og_image":[{"width":800,"height":499,"url":"https:\/\/www.meydan.tv\/wp-content\/uploads\/45002.jpg","type":"image\/jpeg"}],"author":"user-manager","twitter_card":"summary_large_image","schema":{"@context":"https:\/\/schema.org","@graph":[{"@type":"Article","@id":"https:\/\/www.meydan.tv\/az\/article\/pasinyan-azerbaycanin-aqressiv-ritorikasi-sebebinden-regionda-sulh-atmosferi-yaradilmayib\/#article","isPartOf":{"@id":"https:\/\/www.meydan.tv\/az\/article\/pasinyan-azerbaycanin-aqressiv-ritorikasi-sebebinden-regionda-sulh-atmosferi-yaradilmayib\/"},"author":{"name":"user-manager","@id":"https:\/\/www.meydan.tv\/az\/#\/schema\/person\/10d11eccf6da3662cf5fdab9806ea91a"},"headline":"Pa\u015finyan: Az\u0259rbaycan\u0131n aqressiv ritorikas\u0131 s\u0259b\u0259bind\u0259n regionda s\u00fclh atmosferi yarad\u0131lmay\u0131b","datePublished":"2019-02-13T15:18:49+00:00","mainEntityOfPage":{"@id":"https:\/\/www.meydan.tv\/az\/article\/pasinyan-azerbaycanin-aqressiv-ritorikasi-sebebinden-regionda-sulh-atmosferi-yaradilmayib\/"},"wordCount":1227,"publisher":{"@id":"https:\/\/www.meydan.tv\/az\/#organization"},"image":{"@id":"https:\/\/www.meydan.tv\/az\/article\/pasinyan-azerbaycanin-aqressiv-ritorikasi-sebebinden-regionda-sulh-atmosferi-yaradilmayib\/#primaryimage"},"thumbnailUrl":"https:\/\/www.meydan.tv\/wp-content\/uploads\/45002.jpg","articleSection":["Analitika"],"inLanguage":"az"},{"@type":"WebPage","@id":"https:\/\/www.meydan.tv\/az\/article\/pasinyan-azerbaycanin-aqressiv-ritorikasi-sebebinden-regionda-sulh-atmosferi-yaradilmayib\/","url":"https:\/\/www.meydan.tv\/az\/article\/pasinyan-azerbaycanin-aqressiv-ritorikasi-sebebinden-regionda-sulh-atmosferi-yaradilmayib\/","name":"Pa\u015finyan: Az\u0259rbaycan\u0131n aqressiv ritorikas\u0131 s\u0259b\u0259bind\u0259n regionda s\u00fclh atmosferi yarad\u0131lmay\u0131b - MEYDAN.TV","isPartOf":{"@id":"https:\/\/www.meydan.tv\/az\/#website"},"primaryImageOfPage":{"@id":"https:\/\/www.meydan.tv\/az\/article\/pasinyan-azerbaycanin-aqressiv-ritorikasi-sebebinden-regionda-sulh-atmosferi-yaradilmayib\/#primaryimage"},"image":{"@id":"https:\/\/www.meydan.tv\/az\/article\/pasinyan-azerbaycanin-aqressiv-ritorikasi-sebebinden-regionda-sulh-atmosferi-yaradilmayib\/#primaryimage"},"thumbnailUrl":"https:\/\/www.meydan.tv\/wp-content\/uploads\/45002.jpg","datePublished":"2019-02-13T15:18:49+00:00","breadcrumb":{"@id":"https:\/\/www.meydan.tv\/az\/article\/pasinyan-azerbaycanin-aqressiv-ritorikasi-sebebinden-regionda-sulh-atmosferi-yaradilmayib\/#breadcrumb"},"inLanguage":"az","potentialAction":[{"@type":"ReadAction","target":["https:\/\/www.meydan.tv\/az\/article\/pasinyan-azerbaycanin-aqressiv-ritorikasi-sebebinden-regionda-sulh-atmosferi-yaradilmayib\/"]}]},{"@type":"ImageObject","inLanguage":"az","@id":"https:\/\/www.meydan.tv\/az\/article\/pasinyan-azerbaycanin-aqressiv-ritorikasi-sebebinden-regionda-sulh-atmosferi-yaradilmayib\/#primaryimage","url":"https:\/\/www.meydan.tv\/wp-content\/uploads\/45002.jpg","contentUrl":"https:\/\/www.meydan.tv\/wp-content\/uploads\/45002.jpg","width":800,"height":499,"caption":"Source:"},{"@type":"BreadcrumbList","@id":"https:\/\/www.meydan.tv\/az\/article\/pasinyan-azerbaycanin-aqressiv-ritorikasi-sebebinden-regionda-sulh-atmosferi-yaradilmayib\/#breadcrumb","itemListElement":[{"@type":"ListItem","position":1,"name":"Ana s\u0259hif\u0259","item":"https:\/\/www.meydan.tv\/az\/"},{"@type":"ListItem","position":2,"name":"Analitika","item":"https:\/\/www.meydan.tv\/az\/section\/analitika\/"},{"@type":"ListItem","position":3,"name":"Pa\u015finyan: Az\u0259rbaycan\u0131n aqressiv ritorikas\u0131 s\u0259b\u0259bind\u0259n regionda s\u00fclh atmosferi yarad\u0131lmay\u0131b"}]},{"@type":"WebSite","@id":"https:\/\/www.meydan.tv\/az\/#website","url":"https:\/\/www.meydan.tv\/az\/","name":"MEYDAN.TV","description":"Meydan TV Az\u0259rbaycan\u0131n media m\u0259kan\u0131ndak\u0131 alternativ s\u0259sidir","publisher":{"@id":"https:\/\/www.meydan.tv\/az\/#organization"},"potentialAction":[{"@type":"SearchAction","target":{"@type":"EntryPoint","urlTemplate":"https:\/\/www.meydan.tv\/az\/?s={search_term_string}"},"query-input":{"@type":"PropertyValueSpecification","valueRequired":true,"valueName":"search_term_string"}}],"inLanguage":"az"},{"@type":"Organization","@id":"https:\/\/www.meydan.tv\/az\/#organization","name":"Meydan TV","url":"https:\/\/www.meydan.tv\/az\/","logo":{"@type":"ImageObject","inLanguage":"az","@id":"https:\/\/www.meydan.tv\/az\/#\/schema\/logo\/image\/","url":"https:\/\/www.meydan.tv\/wp-content\/uploads\/2021\/07\/meydan-logo.svg","contentUrl":"https:\/\/www.meydan.tv\/wp-content\/uploads\/2021\/07\/meydan-logo.svg","width":195,"height":46,"caption":"Meydan TV"},"image":{"@id":"https:\/\/www.meydan.tv\/az\/#\/schema\/logo\/image\/"}},{"@type":"Person","@id":"https:\/\/www.meydan.tv\/az\/#\/schema\/person\/10d11eccf6da3662cf5fdab9806ea91a","name":"user-manager"}]}},"_links":{"self":[{"href":"https:\/\/www.meydan.tv\/az\/wp-json\/wp\/v2\/posts\/193978","targetHints":{"allow":["GET"]}}],"collection":[{"href":"https:\/\/www.meydan.tv\/az\/wp-json\/wp\/v2\/posts"}],"about":[{"href":"https:\/\/www.meydan.tv\/az\/wp-json\/wp\/v2\/types\/post"}],"author":[{"embeddable":true,"href":"https:\/\/www.meydan.tv\/az\/wp-json\/wp\/v2\/users\/11"}],"replies":[{"embeddable":true,"href":"https:\/\/www.meydan.tv\/az\/wp-json\/wp\/v2\/comments?post=193978"}],"version-history":[{"count":0,"href":"https:\/\/www.meydan.tv\/az\/wp-json\/wp\/v2\/posts\/193978\/revisions"}],"wp:featuredmedia":[{"embeddable":true,"href":"https:\/\/www.meydan.tv\/az\/wp-json\/wp\/v2\/media\/112951"}],"wp:attachment":[{"href":"https:\/\/www.meydan.tv\/az\/wp-json\/wp\/v2\/media?parent=193978"}],"wp:term":[{"taxonomy":"category","embeddable":true,"href":"https:\/\/www.meydan.tv\/az\/wp-json\/wp\/v2\/categories?post=193978"},{"taxonomy":"post_tag","embeddable":true,"href":"https:\/\/www.meydan.tv\/az\/wp-json\/wp\/v2\/tags?post=193978"}],"curies":[{"name":"wp","href":"https:\/\/api.w.org\/{rel}","templated":true}]}}