{"id":193969,"date":"2019-02-12T19:14:09","date_gmt":"2019-02-12T19:14:09","guid":{"rendered":"https:\/\/www.meydan.tv\/article\/memurlar-kendlinin-onune-cekilmis-seddir\/"},"modified":"2019-02-12T19:14:09","modified_gmt":"2019-02-12T19:14:09","slug":"memurlar-kendlinin-onune-cekilmis-seddir","status":"publish","type":"post","link":"https:\/\/www.meydan.tv\/az\/article\/memurlar-kendlinin-onune-cekilmis-seddir\/","title":{"rendered":"&#8221;M\u0259murlar k\u0259ndlinin \u00f6n\u00fcn\u0259 \u00e7\u0259kilmi\u015f s\u0259ddir&#8221;"},"content":{"rendered":"<p>\n  <i><br \/>\n    K\u0259nd sakinl\u0259ri: \u201cB\u00f6lg\u0259l\u0259rd\u0259 mal\u0131-heyvan\u0131 da m\u0259mur saxlay\u0131r, \u0259kin-bi\u00e7ini d\u0259 m\u0259mur edir\u201d<br \/>\n  <\/i>\n<\/p>\n<p>\n  Yevlax rayonunun Qoyun Bin\u0259si k\u0259ndinin sakinl\u0259rinin problemi var. Onlar Meydan TV-y\u0259 m\u00fcraci\u0259t ed\u0259r\u0259k, h\u00f6kum\u0259tin pamb\u0131q siyas\u0259tin\u0259 g\u00f6r\u0259 h\u0259yatlar\u0131n\u0131n alt-\u00fcst oldu\u011funu s\u00f6yl\u0259yibl\u0259r.<br \/>\n  <br \/>\n  Sakinl\u0259r deyirl\u0259r ki, \u00f6lk\u0259nin h\u0259r yerind\u0259 oldu\u011fu kimi 1997-ci ild\u0259 Qoyun Bin\u0259si k\u0259ndind\u0259 d\u0259 torpaq islahat\u0131 apar\u0131l\u0131b. K\u0259nd \u0259sas\u0259n heyvandarl\u0131qla m\u0259\u015f\u011ful oldu\u011fu \u00fc\u00e7\u00fcn \u0259haliy\u0259 \u00fcmumi 90 hektar otlaq sah\u0259si ayr\u0131l\u0131b. \u0130ll\u0259r ke\u00e7dikc\u0259 yerli b\u0259l\u0259diyy\u0259 orqanlar\u0131 h\u0259min sah\u0259nin m\u00fc\u0259yy\u0259n hiss\u0259sini m\u00fcxt\u0259lif insanlara icar\u0259y\u0259 verib. \u00d6t\u0259n ilin yanvar\u0131ndan ba\u015flayaraq qalan otlaq sah\u0259sini pamb\u0131q \u0259km\u0259k \u00fc\u00e7\u00fcn \u015fumlay\u0131b\n<\/p>\n<p>\n  \u201cPamb\u0131q \u0259kdil\u0259r, bitm\u0259di, sonra arpa \u0259kdil\u0259r. \u0130ndi d\u0259 \u00e7\u0259kil a\u011faclar\u0131 \u0259kibl\u0259r. Biz d\u0259f\u0259l\u0259rl\u0259 buna etiraz etdik. \u00dcst\u00fcm\u00fcz\u0259 polisl\u0259 g\u0259ldil\u0259r. Deyirl\u0259r, h\u00f6kum\u0259tin sifari\u015fidir. \u018fg\u0259r bel\u0259dirs\u0259, niy\u0259 bu insanlar\u0131n ya\u015fay\u0131\u015f\u0131, dolan\u0131\u015f\u0131\u011f\u0131 hesab\u0131na ba\u015fa g\u0259lm\u0259lidir? Gedib b\u0259l\u0259diyy\u0259 torpaqlar\u0131n\u0131 \u0259ksinl\u0259r,\u201d &#8211; k\u0259nd sakini, Qaraba\u011f qazisi Teyyub Dada\u015fov bel\u0259 deyir.\n<\/p>\n<blockquote><p>\n  B\u0259l\u0259diyy\u0259 torpa\u011f\u0131n\u0131 \u0259ksinl\u0259r, niy\u0259 camaat\u0131n \u00f6r\u00fc\u015f sah\u0259sin\u0259 g\u00f6z dikirl\u0259r?\n<\/p><\/blockquote>\n<p>\n  T.Dada\u015fov bildirir ki, k\u0259ndl\u0259rind\u0259 Sovet d\u00f6vr\u00fcnd\u0259 d\u0259 pamb\u0131q \u0259kilib. H\u0259min sah\u0259l\u0259rd\u0259 bol m\u0259hsuldarl\u0131q olub. Ancaq indi m\u0259hz h\u0259min sah\u0259ni qoyub, \u00f6r\u00fc\u015f \u00fc\u00e7\u00fcn yararl\u0131 olan sah\u0259ni \u015fumlay\u0131b, \u0259kirl\u0259r:\n<\/p>\n<p>\n  \u201c\u00c7\u00fcnki h\u0259min sah\u0259d\u0259 b\u0259l\u0259diyy\u0259 s\u0259drinin fermas\u0131 var, toxunulmazd\u0131r. Ona d\u0259ym\u0259k olmaz, amma \u0259kin \u00fc\u00e7\u00fcn yarars\u0131z, \u00f6r\u00fc\u015f sah\u0259sini \u015fumlamaq olar. \u018fg\u0259r d\u00f6vl\u0259t sifari\u015fidirs\u0259, \u0259n yararl\u0131 torpa\u011f\u0131 se\u00e7sinl\u0259r, niy\u0259 camaat\u0131n \u00f6r\u00fc\u015f sah\u0259sin\u0259 g\u00f6z dikirl\u0259r? \u018fkdil\u0259r, bitm\u0259di d\u0259. \u00c7\u00fcnki yararl\u0131 yer deyil\u201d.\n<\/p>\n<blockquote><p>\n  X\u0259rit\u0259 \u00f6zl\u0259rind\u0259, s\u0259n\u0259d \u00f6zl\u0259rind\u0259, biz\u0259 he\u00e7 n\u0259 g\u00f6st\u0259rmirl\u0259r\n<\/p><\/blockquote>\n<p>\n  Teyyub Dada\u015fov deyir ki, bir ildir bu probleml\u0259 \u00fczl\u0259\u015fibl\u0259r. B\u0259l\u0259diyy\u0259 \u00f6z torpaqlar\u0131na d\u0259ym\u0259m\u0259k \u00fc\u00e7\u00fcn camaat\u0131n \u00f6r\u00fc\u015f sah\u0259sini \u015fumlay\u0131b:\n<\/p>\n<p>\n  \u201cTorpa\u011f\u0131m\u0131z\u0131n t\u0259yinat\u0131n\u0131 d\u0259yi\u015fib, pamb\u0131q \u0259kibl\u0259r. X\u0259rit\u0259 \u00f6zl\u0259rind\u0259, s\u0259n\u0259d \u00f6zl\u0259rind\u0259, biz\u0259 he\u00e7 n\u0259 g\u00f6st\u0259rmirl\u0259r. Heyvanlar\u0131m\u0131z qal\u0131b ac-yalavac. Ya da laz\u0131ms\u0131z, \u015foranl\u0131q yerd\u0259 otar\u0131l\u0131r. \u00c7oxunun heyvan\u0131 q\u0131r\u0131ld\u0131, satan satd\u0131. Sonra da deyirl\u0259r, \u0259ti niy\u0259 xaricd\u0259n g\u0259tirirl\u0259r. Bel\u0259 \u015feyl\u0259r\u0259 g\u00f6r\u0259 g\u0259tirilir. Yerli istehsal\u0131 m\u0259hv etm\u0259k \u00fc\u00e7\u00fcn \u0259ll\u0259rind\u0259n g\u0259l\u0259ni edibl\u0259r\u201d.\n<\/p>\n<blockquote><p>\n  Torpaq i\u015fin\u0259 baxan b\u00fct\u00fcn idar\u0259l\u0259r\u0259 yazm\u0131\u015f\u0131q\n<\/p><\/blockquote>\n<p>\n  Sakinl\u0259r bildirirl\u0259r ki, k\u0259nd \u0259halisinin 90 faizi maldarl\u0131qdan dolan\u0131r. \u00d6r\u00fc\u015f sah\u0259sinin \u015fumlanmas\u0131 dem\u0259k olar ki, b\u00fct\u00fcn k\u0259nd camaat\u0131na ziyan vurub:\n<\/p>\n<p>\n  \u201cCamaat \u00e7ox \u015fikay\u0259t etdi, h\u0259r yer\u0259 yazd\u0131, ancaq bir n\u0259tic\u0259si olmad\u0131. \u0130ndi \u0259razinin yar\u0131s\u0131na \u00e7\u0259kil \u0259kibl\u0259r, yar\u0131s\u0131n\u0131 da yen\u0259 pamb\u0131q \u00fc\u00e7\u00fcn saxlay\u0131blar. Torpaq i\u015fin\u0259 baxan b\u00fct\u00fcn idar\u0259l\u0259r\u0259 yazm\u0131\u015f\u0131q. He\u00e7 biri baxmay\u0131b\u201d \u2013 deyir, Teyyub Dada\u015fov.\n<\/p>\n<blockquote><p>\n  Bu etdikl\u0259ri insanlar\u0131n \u00e7\u00f6r\u0259yini \u0259lind\u0259n almaqd\u0131r\n<\/p><\/blockquote>\n<p>\n  Sakinl\u0259r indiy\u0259d\u0259k \u018fdliyy\u0259 Nazirliyin\u0259, B\u0259rd\u0259 Regional \u018fdliyy\u0259 \u0130dar\u0259sin\u0259, Prezident Administrasiyas\u0131na, Yevlax Rayon \u0130cra Hakimiyy\u0259tin\u0259, \u018fmlak M\u0259s\u0259l\u0259l\u0259ri \u00dczr\u0259 D\u00f6vl\u0259t Komit\u0259sin\u0259 m\u0259ktublar g\u00f6nd\u0259ribl\u0259r. He\u00e7 birind\u0259n cavab ala bilm\u0259yibl\u0259r.\n<\/p>\n<figure class=\"wp-block-image size-large\">\n  <img decoding=\"async\" src=\"https:\/\/www.meydan.tv\/az\/knyaz-muxtarov\/\" alt=\"Knyaz Muxtarov\" class=\"wp-image-117723\"\/><figcaption>\n    Knyaz Muxtarov<br \/>\n  <\/figcaption><\/figure>\n<p>\n  Sakinl\u0259rd\u0259n Knyaz Muxtarov qar\u015f\u0131la\u015fd\u0131qlar\u0131 hal\u0131 haqs\u0131zl\u0131q say\u0131r. Deyir, bu etdikl\u0259ri insanlar\u0131n \u00e7\u00f6r\u0259yini \u0259lind\u0259n almaqd\u0131r:\n<\/p>\n<p>\n  \u201cBu haqs\u0131zl\u0131q he\u00e7 yer\u0259 s\u0131\u011fmaz. Bizim mal \u00f6r\u00fc\u015f\u00fcm\u00fcz\u00fc \u0259limizd\u0259n al\u0131blar ki, guya pamb\u0131q \u0259k\u0259c\u0259kl\u0259r. O yer indiy\u0259d\u0259k pamb\u0131q \u00fcz\u00fc g\u00f6rm\u0259yib. Pamb\u0131q \u0259kilm\u0259sin\u0259 yararl\u0131 yerl\u0259ri \u00f6zl\u0259ri z\u0259bt edibl\u0259r. Pamb\u0131q \u0259km\u0259k \u00fc\u00e7\u00fcns\u0259 mill\u0259tin \u00f6r\u00fc\u015f sah\u0259sini \u0259lind\u0259n al\u0131blar. Sovet h\u00f6kum\u0259tinin d\u00f6vr\u00fcnd\u0259 bu k\u0259ndd\u0259 pamb\u0131q \u0259kilib. Onun \u00fc\u00e7\u00fcn x\u00fcsusi \u0259razil\u0259r var. B\u0259l\u0259diyy\u0259 indi h\u0259min \u0259razini \u00f6z\u00fcn\u0259 ferma edib. Bizim mal \u00f6r\u00fc\u015f\u00fcm\u00fcz\u00fc is\u0259 \u0259limizd\u0259n al\u0131b pamb\u0131q \u0259kir\u201d.\n<\/p>\n<blockquote><p>\n  Camaat\u0131n ba\u015f\u0131na oyun a\u00e7\u0131rlar, prezidentin x\u0259b\u0259ri olmur\n<\/p><\/blockquote>\n<p>\n  Knyaz Muxtarov d\u00fc\u015f\u00fcn\u00fcr ki, yerli m\u0259murlar\u0131n bu etdikl\u0259rini prezident \u0130lham \u018fliyev bilmir. Yoxsa, o, \u0259halinin incidilm\u0259sin\u0259 g\u00f6z yummaz:\n<\/p>\n<p>\n  \u201cBunlar prezidenti d\u0259 aldad\u0131rlar. \u00dcst\u0259lik, pamb\u0131q \u0259v\u0259zin\u0259 arpa da \u0259kirl\u0259r. Biz prezident\u0259 m\u0259ktub yaz\u0131r\u0131q, gedib \u00e7\u0131xm\u0131r, g\u00f6nd\u0259rmirl\u0259r. \u018flac\u0131m\u0131z k\u0259silir, Bak\u0131dan, ba\u015fqa rayonlardan g\u00f6nd\u0259ririk. Bel\u0259 d\u0259 d\u0259rd olar? K\u0259ndl\u0259rd\u0259 camaat\u0131n ba\u015f\u0131na oyun a\u00e7\u0131rlar, prezidentin x\u0259b\u0259ri olmur. H\u0259mi\u015f\u0259 televiziyalarda inki\u015fafdan dan\u0131\u015f\u0131rlar. Deyirl\u0259r, maldarl\u0131q bel\u0259 g\u0259ldi, inki\u015faf el\u0259 getdi. Han\u0131? Budur inki\u015faf? M\u0259murlar imkan vers\u0259, yerl\u0259rd\u0259ki insanlar inki\u015faf ed\u0259r. \u015e\u0259xs\u0259n m\u0259n mal-heyvan\u0131m\u0131 \u00f6r\u00fc\u015f yoxlu\u011fundan, na\u0259lacl\u0131qdan satd\u0131m. \u0130ndi qalm\u0131\u015fam quru yurdda\u201d.\n<\/p>\n<figure class=\"wp-block-image size-large\">\n  <img decoding=\"async\" src=\"https:\/\/www.meydan.tv\/az\/adil-quliyev\/\" alt=\"Adil Quliyev\" class=\"wp-image-117741\"\/><figcaption>\n    Adil Quliyev<br \/>\n  <\/figcaption><\/figure>\n<blockquote><p>\n  M\u0259murlar faktiki olaraq camaat\u0131 \u0259zirl\u0259r b\u00f6lg\u0259l\u0259rd\u0259\n<\/p><\/blockquote>\n<p>\n  Sakinl\u0259rd\u0259n Adil Quliyev is\u0259 bildirir ki, bu g\u00fcn b\u00f6lg\u0259l\u0259rd\u0259 t\u0259s\u0259rr\u00fcfatla m\u0259\u015f\u011ful olanlar\u0131n 90 faizi k\u0259ndli yox, m\u0259murlard\u0131r:<br \/>\n  <br \/>\n  \u201cAncaq m\u0259murlar mal-heyvan saxlay\u0131rlar, \u0259kib-bec\u0259rirl\u0259r. H\u0259tta bal\u0131q g\u00f6l\u00fc salanlar da var. Camaat\u0131n da bir q\u0131r\u0131q \u00f6r\u00fc\u015f sah\u0259si vard\u0131, onu da tutub \u0259lind\u0259n ald\u0131lar. \u0130ndi biz n\u0259 ed\u0259k? Bu, n\u0259 zamanad\u0259k bel\u0259 ged\u0259c\u0259k? Prezident \u00e7\u0131x\u0131\u015f\u0131nda daim deyir ki, maldarl\u0131\u011f\u0131 inki\u015faf etdirm\u0259k laz\u0131md\u0131r. Etdir\u0259k d\u0259, b\u0259s bu m\u0259murlar\u0131 n\u0259 ed\u0259k? M\u0259mur deyill\u0259r e, k\u0259ndlinin \u00f6n\u00fcn\u0259 \u00e7\u0259kilmi\u015f s\u0259ddirl\u0259r. Bu m\u0259murlar faktiki olaraq camaat\u0131 \u0259zirl\u0259r b\u00f6lg\u0259l\u0259rd\u0259. \u0130nan\u0131n, ham\u0131m\u0131z pis g\u00fcnd\u0259yik. Otu pulla al\u0131r\u0131q. Ba\u015fqa c\u00fcr m\u00fcmk\u00fcn deyil, heyvanlar ac\u0131ndan \u00f6l\u00fcrl\u0259r. \u00d6t\u0259n h\u0259ft\u0259 qon\u015funun 10 qoyunu \u00f6ld\u00fc. M\u0259cbur oldu, apar\u0131b satd\u0131\u201d.\n<\/p>\n<blockquote><p>\n  G\u00f6r\u00fcn\u00fcr, n\u0259s\u0259 yanl\u0131\u015fl\u0131q olub\n<\/p><\/blockquote>\n<p>\n  Meydan TV m\u0259s\u0259l\u0259y\u0259 m\u00fcnasib\u0259t \u00f6yr\u0259nm\u0259k \u00fc\u00e7\u00fcn Yevlax Rayon \u0130cra Hakimiyy\u0259ti il\u0259 \u0259laq\u0259 saxlay\u0131b. \u0130cra Hakimiyy\u0259tind\u0259n bildirilib ki, b\u0259li, d\u00f6vl\u0259tin sifari\u015fi il\u0259 b\u0259zi k\u0259ndl\u0259rd\u0259ki b\u0259l\u0259diyy\u0259 torpaqlar\u0131nda pamb\u0131q \u0259kilib:\n<\/p>\n<p>\n  \u201cAncaq bu torpaqlar b\u0259l\u0259diyy\u0259y\u0259 m\u0259xsusdur. H\u0259r hans\u0131 \u00f6r\u00fc\u015f sah\u0259si v\u0259 ya pay torpa\u011f\u0131 deyil. G\u00f6r\u00fcn\u00fcr, n\u0259s\u0259 anla\u015f\u0131lmazl\u0131q var. H\u0259r halda, bunu ara\u015fd\u0131raca\u011f\u0131q, g\u00f6r\u0259k n\u0259 m\u0259s\u0259l\u0259dir\u201d.<br \/>\n  <br \/>\n  Qoyun Bin\u0259si b\u0259l\u0259diyy\u0259sinin s\u0259dri Qabil M\u0259mm\u0259dovla is\u0259 dan\u0131\u015fmaq m\u00fcmk\u00fcn olmay\u0131b. B\u0259l\u0259diyy\u0259d\u0259n onun x\u0259st\u0259likl\u0259 ba\u011fl\u0131 izinli oldu\u011funu s\u00f6yl\u0259yibl\u0259r.\n<\/p>\n<blockquote><p>\n  Bel\u0259 davam ed\u0259rs\u0259\u2026\n<\/p><\/blockquote>\n<p>\n  K\u0259nd t\u0259s\u0259rr\u00fcfat\u0131 \u00fczr\u0259 m\u00fct\u0259x\u0259ssis Vahid M\u0259h\u0259rr\u0259mov \u00e7\u0131x\u0131\u015flar\u0131nda h\u0259mi\u015f\u0259 bildirir ki, h\u00f6kum\u0259tin pamb\u0131q siyas\u0259ti maldarl\u0131\u011f\u0131n evini y\u0131x\u0131b. Son ill\u0259rd\u0259 \u00f6r\u00fc\u015f, t\u0259bii bi\u00e7\u0259n\u0259k sah\u0259l\u0259ri 150 min hektardan \u00e7ox azald\u0131l\u0131b. S\u0259b\u0259b is\u0259 h\u0259min \u0259razil\u0259rin \u015fumlan\u0131b, yerind\u0259 pamb\u0131q \u0259kilm\u0259sidir.\n<\/p>\n<p>\n  V.M\u0259h\u0259rr\u0259mov deyir ki, bunun n\u0259tic\u0259sind\u0259 \u00f6lk\u0259y\u0259 \u0259t idxal\u0131 art\u0131b. Bel\u0259 ged\u0259rs\u0259, g\u0259l\u0259c\u0259kd\u0259 \u0259tin qiym\u0259tind\u0259 k\u0259skin bahala\u015fma olacaq:\n<\/p>\n<p>\n  \u201cSon zamanlar t\u0259bii bi\u00e7\u0259n\u0259k, \u00f6r\u00fc\u015f \u0259razil\u0259rinin v\u0259 yem bitkil\u0259ri sah\u0259l\u0259rinin azald\u0131lmas\u0131 hesab\u0131na pamb\u0131q\u00e7\u0131l\u0131\u011f\u0131, barama\u00e7\u0131l\u0131\u011f\u0131, t\u00fct\u00fcn\u00e7\u00fcl\u00fcy\u00fc inki\u015faf etdirm\u0259k yolu se\u00e7mi\u015f hakimiyy\u0259t n\u0259inki bu sah\u0259l\u0259rd\u0259 ir\u0259ll\u0259yi\u015f \u0259ld\u0259 ed\u0259 bildi, \u0259ksin\u0259, \u00f6lk\u0259nin \u0259rzaq t\u0259hl\u00fck\u0259sizliyinin t\u0259minat\u0131nda \u00e7ox \u0259h\u0259miyy\u0259tli sah\u0259 olan heyvandarl\u0131\u011f\u0131 \u00e7\u0131x\u0131lmaz, kritik duruma sald\u0131. Bu da heyvandarl\u0131q m\u0259hsullar\u0131n\u0131n istehsal\u0131n\u0131n k\u0259skin azalmas\u0131na v\u0259 \u0259t, s\u00fcd m\u0259hsullar\u0131n\u0131n idxal\u0131n\u0131n ciddi art\u0131m\u0131na s\u0259b\u0259b olub\u201d.\n<\/p>\n<\/p>\n<figure class=\"wp-block-image size-large\">\n  <img decoding=\"async\" src=\"https:\/\/www.meydan.tv\/az\/117735\/\" alt=\"\" class=\"wp-image-117735\"\/><figcaption><\/figcaption><\/figure>\n<figure class=\"wp-block-image size-large\">\n  <img decoding=\"async\" src=\"https:\/\/www.meydan.tv\/az\/117738\/\" alt=\"\" class=\"wp-image-117738\"\/><figcaption><\/figcaption><\/figure>\n<figure class=\"wp-block-image size-large\">\n  <img decoding=\"async\" src=\"https:\/\/www.meydan.tv\/az\/117747\/\" alt=\"\" class=\"wp-image-117747\"\/><figcaption><\/figcaption><\/figure><\/p>\n","protected":false},"excerpt":{"rendered":"<p>K\u0259nd sakinl\u0259ri: \u201cB\u00f6lg\u0259l\u0259rd\u0259 mal\u0131-heyvan\u0131 da m\u0259mur saxlay\u0131r, \u0259kin-bi\u00e7ini d\u0259 m\u0259mur edir\u201d<\/p>\n","protected":false},"author":11,"featured_media":117729,"comment_status":"closed","ping_status":"open","sticky":false,"template":"","format":"standard","meta":{"_acf_changed":false,"_sitemap_exclude":false,"_sitemap_priority":"","_sitemap_frequency":"","footnotes":""},"categories":[60],"tags":[],"class_list":["post-193969","post","type-post","status-publish","format-standard","has-post-thumbnail","hentry","category-bolge","infinite-scroll-item","generate-columns","tablet-grid-50","mobile-grid-100","grid-parent","grid-33","no-featured-image-padding"],"acf":[],"yoast_head":"<!-- This site is optimized with the Yoast SEO plugin v27.4 - https:\/\/yoast.com\/product\/yoast-seo-wordpress\/ -->\n<title>&#039;&#039;M\u0259murlar k\u0259ndlinin \u00f6n\u00fcn\u0259 \u00e7\u0259kilmi\u015f s\u0259ddir&#039;&#039; - MEYDAN.TV<\/title>\n<meta name=\"robots\" content=\"index, follow, max-snippet:-1, max-image-preview:large, max-video-preview:-1\" \/>\n<link rel=\"canonical\" href=\"https:\/\/www.meydan.tv\/az\/article\/memurlar-kendlinin-onune-cekilmis-seddir\/\" \/>\n<meta property=\"og:locale\" content=\"az_AZ\" \/>\n<meta property=\"og:type\" content=\"article\" \/>\n<meta property=\"og:title\" content=\"&#039;&#039;M\u0259murlar k\u0259ndlinin \u00f6n\u00fcn\u0259 \u00e7\u0259kilmi\u015f s\u0259ddir&#039;&#039; - MEYDAN.TV\" \/>\n<meta property=\"og:description\" content=\"K\u0259nd sakinl\u0259ri: \u201cB\u00f6lg\u0259l\u0259rd\u0259 mal\u0131-heyvan\u0131 da m\u0259mur saxlay\u0131r, \u0259kin-bi\u00e7ini d\u0259 m\u0259mur edir\u201d\" \/>\n<meta property=\"og:url\" content=\"https:\/\/www.meydan.tv\/az\/article\/memurlar-kendlinin-onune-cekilmis-seddir\/\" \/>\n<meta property=\"og:site_name\" content=\"MEYDAN.TV\" \/>\n<meta property=\"article:published_time\" content=\"2019-02-12T19:14:09+00:00\" \/>\n<meta property=\"og:image\" content=\"https:\/\/www.meydan.tv\/wp-content\/uploads\/46955-scaled.jpg\" \/>\n\t<meta property=\"og:image:width\" content=\"2560\" \/>\n\t<meta property=\"og:image:height\" content=\"1920\" \/>\n\t<meta property=\"og:image:type\" content=\"image\/jpeg\" \/>\n<meta name=\"author\" content=\"user-manager\" \/>\n<meta name=\"twitter:card\" content=\"summary_large_image\" \/>\n<script type=\"application\/ld+json\" class=\"yoast-schema-graph\">{\"@context\":\"https:\\\/\\\/schema.org\",\"@graph\":[{\"@type\":\"Article\",\"@id\":\"https:\\\/\\\/www.meydan.tv\\\/az\\\/article\\\/memurlar-kendlinin-onune-cekilmis-seddir\\\/#article\",\"isPartOf\":{\"@id\":\"https:\\\/\\\/www.meydan.tv\\\/az\\\/article\\\/memurlar-kendlinin-onune-cekilmis-seddir\\\/\"},\"author\":{\"name\":\"user-manager\",\"@id\":\"https:\\\/\\\/www.meydan.tv\\\/az\\\/#\\\/schema\\\/person\\\/10d11eccf6da3662cf5fdab9806ea91a\"},\"headline\":\"&#8221;M\u0259murlar k\u0259ndlinin \u00f6n\u00fcn\u0259 \u00e7\u0259kilmi\u015f s\u0259ddir&#8221;\",\"datePublished\":\"2019-02-12T19:14:09+00:00\",\"mainEntityOfPage\":{\"@id\":\"https:\\\/\\\/www.meydan.tv\\\/az\\\/article\\\/memurlar-kendlinin-onune-cekilmis-seddir\\\/\"},\"wordCount\":1476,\"publisher\":{\"@id\":\"https:\\\/\\\/www.meydan.tv\\\/az\\\/#organization\"},\"image\":{\"@id\":\"https:\\\/\\\/www.meydan.tv\\\/az\\\/article\\\/memurlar-kendlinin-onune-cekilmis-seddir\\\/#primaryimage\"},\"thumbnailUrl\":\"https:\\\/\\\/www.meydan.tv\\\/wp-content\\\/uploads\\\/46955-scaled.jpg\",\"articleSection\":[\"B\u00f6lg\u0259\"],\"inLanguage\":\"az\"},{\"@type\":\"WebPage\",\"@id\":\"https:\\\/\\\/www.meydan.tv\\\/az\\\/article\\\/memurlar-kendlinin-onune-cekilmis-seddir\\\/\",\"url\":\"https:\\\/\\\/www.meydan.tv\\\/az\\\/article\\\/memurlar-kendlinin-onune-cekilmis-seddir\\\/\",\"name\":\"''M\u0259murlar k\u0259ndlinin \u00f6n\u00fcn\u0259 \u00e7\u0259kilmi\u015f s\u0259ddir'' - MEYDAN.TV\",\"isPartOf\":{\"@id\":\"https:\\\/\\\/www.meydan.tv\\\/az\\\/#website\"},\"primaryImageOfPage\":{\"@id\":\"https:\\\/\\\/www.meydan.tv\\\/az\\\/article\\\/memurlar-kendlinin-onune-cekilmis-seddir\\\/#primaryimage\"},\"image\":{\"@id\":\"https:\\\/\\\/www.meydan.tv\\\/az\\\/article\\\/memurlar-kendlinin-onune-cekilmis-seddir\\\/#primaryimage\"},\"thumbnailUrl\":\"https:\\\/\\\/www.meydan.tv\\\/wp-content\\\/uploads\\\/46955-scaled.jpg\",\"datePublished\":\"2019-02-12T19:14:09+00:00\",\"breadcrumb\":{\"@id\":\"https:\\\/\\\/www.meydan.tv\\\/az\\\/article\\\/memurlar-kendlinin-onune-cekilmis-seddir\\\/#breadcrumb\"},\"inLanguage\":\"az\",\"potentialAction\":[{\"@type\":\"ReadAction\",\"target\":[\"https:\\\/\\\/www.meydan.tv\\\/az\\\/article\\\/memurlar-kendlinin-onune-cekilmis-seddir\\\/\"]}]},{\"@type\":\"ImageObject\",\"inLanguage\":\"az\",\"@id\":\"https:\\\/\\\/www.meydan.tv\\\/az\\\/article\\\/memurlar-kendlinin-onune-cekilmis-seddir\\\/#primaryimage\",\"url\":\"https:\\\/\\\/www.meydan.tv\\\/wp-content\\\/uploads\\\/46955-scaled.jpg\",\"contentUrl\":\"https:\\\/\\\/www.meydan.tv\\\/wp-content\\\/uploads\\\/46955-scaled.jpg\",\"width\":2560,\"height\":1920,\"caption\":\"Source:\"},{\"@type\":\"BreadcrumbList\",\"@id\":\"https:\\\/\\\/www.meydan.tv\\\/az\\\/article\\\/memurlar-kendlinin-onune-cekilmis-seddir\\\/#breadcrumb\",\"itemListElement\":[{\"@type\":\"ListItem\",\"position\":1,\"name\":\"Ana s\u0259hif\u0259\",\"item\":\"https:\\\/\\\/www.meydan.tv\\\/az\\\/\"},{\"@type\":\"ListItem\",\"position\":2,\"name\":\"B\u00f6lg\u0259\",\"item\":\"https:\\\/\\\/www.meydan.tv\\\/az\\\/section\\\/bolge\\\/\"},{\"@type\":\"ListItem\",\"position\":3,\"name\":\"&#8221;M\u0259murlar k\u0259ndlinin \u00f6n\u00fcn\u0259 \u00e7\u0259kilmi\u015f s\u0259ddir&#8221;\"}]},{\"@type\":\"WebSite\",\"@id\":\"https:\\\/\\\/www.meydan.tv\\\/az\\\/#website\",\"url\":\"https:\\\/\\\/www.meydan.tv\\\/az\\\/\",\"name\":\"MEYDAN.TV\",\"description\":\"Meydan TV Az\u0259rbaycan\u0131n media m\u0259kan\u0131ndak\u0131 alternativ s\u0259sidir\",\"publisher\":{\"@id\":\"https:\\\/\\\/www.meydan.tv\\\/az\\\/#organization\"},\"potentialAction\":[{\"@type\":\"SearchAction\",\"target\":{\"@type\":\"EntryPoint\",\"urlTemplate\":\"https:\\\/\\\/www.meydan.tv\\\/az\\\/?s={search_term_string}\"},\"query-input\":{\"@type\":\"PropertyValueSpecification\",\"valueRequired\":true,\"valueName\":\"search_term_string\"}}],\"inLanguage\":\"az\"},{\"@type\":\"Organization\",\"@id\":\"https:\\\/\\\/www.meydan.tv\\\/az\\\/#organization\",\"name\":\"Meydan TV\",\"url\":\"https:\\\/\\\/www.meydan.tv\\\/az\\\/\",\"logo\":{\"@type\":\"ImageObject\",\"inLanguage\":\"az\",\"@id\":\"https:\\\/\\\/www.meydan.tv\\\/az\\\/#\\\/schema\\\/logo\\\/image\\\/\",\"url\":\"https:\\\/\\\/www.meydan.tv\\\/wp-content\\\/uploads\\\/2021\\\/07\\\/meydan-logo.svg\",\"contentUrl\":\"https:\\\/\\\/www.meydan.tv\\\/wp-content\\\/uploads\\\/2021\\\/07\\\/meydan-logo.svg\",\"width\":195,\"height\":46,\"caption\":\"Meydan TV\"},\"image\":{\"@id\":\"https:\\\/\\\/www.meydan.tv\\\/az\\\/#\\\/schema\\\/logo\\\/image\\\/\"}},{\"@type\":\"Person\",\"@id\":\"https:\\\/\\\/www.meydan.tv\\\/az\\\/#\\\/schema\\\/person\\\/10d11eccf6da3662cf5fdab9806ea91a\",\"name\":\"user-manager\"}]}<\/script>\n<!-- \/ Yoast SEO plugin. -->","yoast_head_json":{"title":"''M\u0259murlar k\u0259ndlinin \u00f6n\u00fcn\u0259 \u00e7\u0259kilmi\u015f s\u0259ddir'' - MEYDAN.TV","robots":{"index":"index","follow":"follow","max-snippet":"max-snippet:-1","max-image-preview":"max-image-preview:large","max-video-preview":"max-video-preview:-1"},"canonical":"https:\/\/www.meydan.tv\/az\/article\/memurlar-kendlinin-onune-cekilmis-seddir\/","og_locale":"az_AZ","og_type":"article","og_title":"''M\u0259murlar k\u0259ndlinin \u00f6n\u00fcn\u0259 \u00e7\u0259kilmi\u015f s\u0259ddir'' - MEYDAN.TV","og_description":"K\u0259nd sakinl\u0259ri: \u201cB\u00f6lg\u0259l\u0259rd\u0259 mal\u0131-heyvan\u0131 da m\u0259mur saxlay\u0131r, \u0259kin-bi\u00e7ini d\u0259 m\u0259mur edir\u201d","og_url":"https:\/\/www.meydan.tv\/az\/article\/memurlar-kendlinin-onune-cekilmis-seddir\/","og_site_name":"MEYDAN.TV","article_published_time":"2019-02-12T19:14:09+00:00","og_image":[{"width":2560,"height":1920,"url":"https:\/\/www.meydan.tv\/wp-content\/uploads\/46955-scaled.jpg","type":"image\/jpeg"}],"author":"user-manager","twitter_card":"summary_large_image","schema":{"@context":"https:\/\/schema.org","@graph":[{"@type":"Article","@id":"https:\/\/www.meydan.tv\/az\/article\/memurlar-kendlinin-onune-cekilmis-seddir\/#article","isPartOf":{"@id":"https:\/\/www.meydan.tv\/az\/article\/memurlar-kendlinin-onune-cekilmis-seddir\/"},"author":{"name":"user-manager","@id":"https:\/\/www.meydan.tv\/az\/#\/schema\/person\/10d11eccf6da3662cf5fdab9806ea91a"},"headline":"&#8221;M\u0259murlar k\u0259ndlinin \u00f6n\u00fcn\u0259 \u00e7\u0259kilmi\u015f s\u0259ddir&#8221;","datePublished":"2019-02-12T19:14:09+00:00","mainEntityOfPage":{"@id":"https:\/\/www.meydan.tv\/az\/article\/memurlar-kendlinin-onune-cekilmis-seddir\/"},"wordCount":1476,"publisher":{"@id":"https:\/\/www.meydan.tv\/az\/#organization"},"image":{"@id":"https:\/\/www.meydan.tv\/az\/article\/memurlar-kendlinin-onune-cekilmis-seddir\/#primaryimage"},"thumbnailUrl":"https:\/\/www.meydan.tv\/wp-content\/uploads\/46955-scaled.jpg","articleSection":["B\u00f6lg\u0259"],"inLanguage":"az"},{"@type":"WebPage","@id":"https:\/\/www.meydan.tv\/az\/article\/memurlar-kendlinin-onune-cekilmis-seddir\/","url":"https:\/\/www.meydan.tv\/az\/article\/memurlar-kendlinin-onune-cekilmis-seddir\/","name":"''M\u0259murlar k\u0259ndlinin \u00f6n\u00fcn\u0259 \u00e7\u0259kilmi\u015f s\u0259ddir'' - MEYDAN.TV","isPartOf":{"@id":"https:\/\/www.meydan.tv\/az\/#website"},"primaryImageOfPage":{"@id":"https:\/\/www.meydan.tv\/az\/article\/memurlar-kendlinin-onune-cekilmis-seddir\/#primaryimage"},"image":{"@id":"https:\/\/www.meydan.tv\/az\/article\/memurlar-kendlinin-onune-cekilmis-seddir\/#primaryimage"},"thumbnailUrl":"https:\/\/www.meydan.tv\/wp-content\/uploads\/46955-scaled.jpg","datePublished":"2019-02-12T19:14:09+00:00","breadcrumb":{"@id":"https:\/\/www.meydan.tv\/az\/article\/memurlar-kendlinin-onune-cekilmis-seddir\/#breadcrumb"},"inLanguage":"az","potentialAction":[{"@type":"ReadAction","target":["https:\/\/www.meydan.tv\/az\/article\/memurlar-kendlinin-onune-cekilmis-seddir\/"]}]},{"@type":"ImageObject","inLanguage":"az","@id":"https:\/\/www.meydan.tv\/az\/article\/memurlar-kendlinin-onune-cekilmis-seddir\/#primaryimage","url":"https:\/\/www.meydan.tv\/wp-content\/uploads\/46955-scaled.jpg","contentUrl":"https:\/\/www.meydan.tv\/wp-content\/uploads\/46955-scaled.jpg","width":2560,"height":1920,"caption":"Source:"},{"@type":"BreadcrumbList","@id":"https:\/\/www.meydan.tv\/az\/article\/memurlar-kendlinin-onune-cekilmis-seddir\/#breadcrumb","itemListElement":[{"@type":"ListItem","position":1,"name":"Ana s\u0259hif\u0259","item":"https:\/\/www.meydan.tv\/az\/"},{"@type":"ListItem","position":2,"name":"B\u00f6lg\u0259","item":"https:\/\/www.meydan.tv\/az\/section\/bolge\/"},{"@type":"ListItem","position":3,"name":"&#8221;M\u0259murlar k\u0259ndlinin \u00f6n\u00fcn\u0259 \u00e7\u0259kilmi\u015f s\u0259ddir&#8221;"}]},{"@type":"WebSite","@id":"https:\/\/www.meydan.tv\/az\/#website","url":"https:\/\/www.meydan.tv\/az\/","name":"MEYDAN.TV","description":"Meydan TV Az\u0259rbaycan\u0131n media m\u0259kan\u0131ndak\u0131 alternativ s\u0259sidir","publisher":{"@id":"https:\/\/www.meydan.tv\/az\/#organization"},"potentialAction":[{"@type":"SearchAction","target":{"@type":"EntryPoint","urlTemplate":"https:\/\/www.meydan.tv\/az\/?s={search_term_string}"},"query-input":{"@type":"PropertyValueSpecification","valueRequired":true,"valueName":"search_term_string"}}],"inLanguage":"az"},{"@type":"Organization","@id":"https:\/\/www.meydan.tv\/az\/#organization","name":"Meydan TV","url":"https:\/\/www.meydan.tv\/az\/","logo":{"@type":"ImageObject","inLanguage":"az","@id":"https:\/\/www.meydan.tv\/az\/#\/schema\/logo\/image\/","url":"https:\/\/www.meydan.tv\/wp-content\/uploads\/2021\/07\/meydan-logo.svg","contentUrl":"https:\/\/www.meydan.tv\/wp-content\/uploads\/2021\/07\/meydan-logo.svg","width":195,"height":46,"caption":"Meydan TV"},"image":{"@id":"https:\/\/www.meydan.tv\/az\/#\/schema\/logo\/image\/"}},{"@type":"Person","@id":"https:\/\/www.meydan.tv\/az\/#\/schema\/person\/10d11eccf6da3662cf5fdab9806ea91a","name":"user-manager"}]}},"_links":{"self":[{"href":"https:\/\/www.meydan.tv\/az\/wp-json\/wp\/v2\/posts\/193969","targetHints":{"allow":["GET"]}}],"collection":[{"href":"https:\/\/www.meydan.tv\/az\/wp-json\/wp\/v2\/posts"}],"about":[{"href":"https:\/\/www.meydan.tv\/az\/wp-json\/wp\/v2\/types\/post"}],"author":[{"embeddable":true,"href":"https:\/\/www.meydan.tv\/az\/wp-json\/wp\/v2\/users\/11"}],"replies":[{"embeddable":true,"href":"https:\/\/www.meydan.tv\/az\/wp-json\/wp\/v2\/comments?post=193969"}],"version-history":[{"count":0,"href":"https:\/\/www.meydan.tv\/az\/wp-json\/wp\/v2\/posts\/193969\/revisions"}],"wp:featuredmedia":[{"embeddable":true,"href":"https:\/\/www.meydan.tv\/az\/wp-json\/wp\/v2\/media\/117729"}],"wp:attachment":[{"href":"https:\/\/www.meydan.tv\/az\/wp-json\/wp\/v2\/media?parent=193969"}],"wp:term":[{"taxonomy":"category","embeddable":true,"href":"https:\/\/www.meydan.tv\/az\/wp-json\/wp\/v2\/categories?post=193969"},{"taxonomy":"post_tag","embeddable":true,"href":"https:\/\/www.meydan.tv\/az\/wp-json\/wp\/v2\/tags?post=193969"}],"curies":[{"name":"wp","href":"https:\/\/api.w.org\/{rel}","templated":true}]}}