{"id":193967,"date":"2019-02-12T19:18:02","date_gmt":"2019-02-12T19:18:02","guid":{"rendered":"https:\/\/www.meydan.tv\/article\/kohne-hamam-kohne-tas\/"},"modified":"2019-02-12T19:18:02","modified_gmt":"2019-02-12T19:18:02","slug":"kohne-hamam-kohne-tas","status":"publish","type":"post","link":"https:\/\/www.meydan.tv\/az\/article\/kohne-hamam-kohne-tas\/","title":{"rendered":"K\u00f6hn\u0259 hamam, k\u00f6hn\u0259 tas"},"content":{"rendered":"<p>\n  Yax\u015f\u0131l\u0131\u011fa do\u011fru d\u0259yi\u015fiklik ist\u0259yiriks\u0259, demokratik \u0259n\u0259n\u0259l\u0259ri, v\u0259rdi\u015fl\u0259ri, qurumlar\u0131 v\u0259 siyasi m\u0259d\u0259niyy\u0259ti \u00f6z\u00fcm\u00fcz yaratmal\u0131y\u0131q\n<\/p>\n<p>\n  19 yanvar mitinqi a\u011f\u0131ll\u0131 v\u0259 t\u0259dbirli siyasi f\u0259aliyy\u0259t\u0259 qabiliyy\u0259ti \u00e7atmayan, f\u0259q\u0259t v\u0259zif\u0259 imtiyazlar\u0131n\u0131n b\u0259x\u015f etdiyi nem\u0259tl\u0259rin dad\u0131n\u0131 g\u00f6z\u0259l bil\u0259n m\u0259xluqatda b\u0259lli \u00fcmidl\u0259r do\u011furmu\u015fdu.<br \/>\n  <br \/>\n  Siyas\u0259ti t\u0259hl\u00fck\u0259li m\u0259\u015f\u011f\u0259l\u0259 sayan, ona qo\u015fulmaq q\u0259tiyy\u0259tind\u0259n tam m\u0259hrum, f\u0259q\u0259t hakim z\u00fcmr\u0259nin insaniyy\u0259t\u0259 v\u0259 m\u0259ntiq\u0259 s\u0131\u011fmayan idar\u0259\u00e7ilik t\u0259cr\u00fcb\u0259sind\u0259n zinhara g\u0259lmi\u015f m\u0259xluqat da \u00e7iy v\u0259 \u0259sass\u0131z g\u00f6zl\u0259ntil\u0259rin \u0259sirin\u0259 \u00e7evrilm\u0259y\u0259 ba\u015flam\u0131\u015fd\u0131.\n<\/p>\n<p>\n  S\u00f6z\u00fcm\u00fcn can\u0131 odir ki, sizin f\u0259qir b\u0259nd\u0259niz milli c\u0259miyy\u0259t adland\u0131r\u0131lma\u011fa iddia ed\u0259n insan k\u00fctl\u0259sind\u0259 hans\u0131sa siyasi t\u0259b\u0259dd\u00fclat\u0131n m\u00fcmk\u00fcnl\u00fcy\u00fcn\u0259 \u00fcmidi m\u00fc\u015fahid\u0259 etm\u0259y\u0259 ba\u015flam\u0131\u015fd\u0131. Buna, h\u0259qiq\u0259ti etiraf ets\u0259k, ac\u0131m\u0131\u015fd\u0131.\n<\/p>\n<p>\n  Zira bu \u00fcmidin m\u00fc\u015fahid\u0259 h\u0259ddin\u0259 \u00e7atmas\u0131 \u015f\u0259ksiz s\u00fcbut edir ki, son otuz il h\u0259d\u0259r \u00f6t\u00fcb v\u0259 bu insan toplumu siyas\u0259t elminin \u0259lifbas\u0131n\u0131 h\u0259l\u0259 d\u0259 \u00f6yr\u0259n\u0259 bilm\u0259yib. Y\u0259ni \u201che\u00e7 n\u0259d\u0259n n\u0259 is\u0259 yarana bilm\u0259z\u201d fizika t\u0259rifini bel\u0259 d\u0259rk etm\u0259y\u0259 qadir deyil.\n<\/p>\n<p>\n  Ke\u00e7ir\u0259m camaat\u0131n anlaya bil\u0259c\u0259yi dil\u0259.\n<\/p>\n<p>\n  \u201cHam\u0131n\u0131z\u0131n qeyr\u0259tin\u0259 qurban olum\u201d, yad\u0131n\u0131za g\u0259lirmi ki, V\u0259zirovun pad\u015fahl\u0131\u011f\u0131 d\u00f6vr\u00fcnd\u0259 onun insaniyy\u0259t\u0259 v\u0259 m\u0259ntiq\u0259 s\u0131\u011fmayan idar\u0259\u00e7ilik t\u0259cr\u00fcb\u0259sind\u0259n zinhara g\u0259l\u0259r\u0259k h\u0259min bu V\u0259zirovdan bilik, \u0259xlaq, m\u0259d\u0259niyy\u0259t v\u0259 s\u0259ri\u015ft\u0259 sah\u0259sind\u0259 qat-qat a\u015fa\u011f\u0131 olan AXC b\u0259yl\u0259rinin ard\u0131nca y\u00fcy\u00fcrd\u00fcn\u00fcz v\u0259 y\u00fcy\u00fcr\u0259-y\u00fcy\u00fcr\u0259 g\u0259lib \u201c20 Yanvar\u201d t\u0259l\u0259sin\u0259 d\u00fc\u015fd\u00fcn\u00fcz? D\u0259xi n\u0259 ba\u015f verdi, yad\u0131n\u0131za salm\u0131ram. \u00d6z\u00fcn\u00fcz h\u0259r il h\u0259min g\u00fcn xiyabana gedib \u00f6z milli a\u011fl\u0131n\u0131z\u0131n v\u0259 milli d\u0259rrak\u0259nizin qara m\u0259rm\u0259r da\u015flarda h\u0259kk edilmi\u015f m\u0259hsuluna tama\u015fa edirsiniz.<br \/>\n  <br \/>\n  Niy\u0259 bel\u0259 oldu? \u0130zah\u0131 \u00e7ox sad\u0259dir. C\u0259miyy\u0259timizd\u0259 daha yax\u015f\u0131 hakimiyy\u0259t \u00fc\u00e7\u00fcn t\u0259l\u0259b olunan bilik, t\u0259cr\u00fcb\u0259, qurumlar, \u0259n\u0259n\u0259l\u0259r yox idi.\n<\/p>\n<p>\n  H\u0259min tarixd\u0259 Bak\u0131 k\u00fc\u00e7\u0259l\u0259rind\u0259 analoqu olmayan milli q\u0259hr\u0259manl\u0131\u011f\u0131n siyasi n\u0259tic\u0259si o oldu ki, ali hakimiyy\u0259t\u0259 bu m\u0259qama he\u00e7 bir (HE\u00c7 B\u0130R!!!) qabiliyy\u0259ti v\u0259 haqq\u0131 olmayan Ayaz M\u00fct\u0259llibov g\u0259ldi v\u0259 ba\u015flad\u0131 Az\u0259rbaycan\u0131n ba\u015f\u0131nda pamb\u0131q \u0259km\u0259y\u0259. \u018fkdi, \u0259kdi, o q\u0259d\u0259r \u0259kdi ki, v\u0259ziyy\u0259ti inqilabi b\u00f6hran h\u0259ddin\u0259 \u00e7atd\u0131rd\u0131 v\u0259 bilik, \u0259xlaq, m\u0259d\u0259niyy\u0259t v\u0259 s\u0259ri\u015ft\u0259 sah\u0259sind\u0259 h\u0259tta ondan xeyli a\u015fa\u011f\u0131 s\u0259viyy\u0259d\u0259 olan AXC b\u0259yl\u0259ri daha bir \u201cdarb\u0259\u201d yap\u0131b hakimiyy\u0259ti qamarlad\u0131lar.\n<\/p>\n<p>\n  Qamarlad\u0131lar v\u0259 ba\u015flad\u0131lar Az\u0259rbaycan\u0131n ba\u015f\u0131nda qoz \u0259km\u0259y\u0259. M\u00fct\u0259llibov pamb\u0131q \u0259kirdi, El\u00e7ib\u0259y d\u0259st\u0259si ba\u015flad\u0131 qoz \u0259km\u0259y\u0259.\n<\/p>\n<p>\n  \u201c\u018flbir olub bir ay\u0131 bir \u015fir il\u0259, Ovlad\u0131lar dov\u015fan\u0131 t\u0259dbir il\u0259, Olmad\u0131lar raz\u0131 onu b\u00f6lm\u0259y\u0259&#8230;\u201d. Ard\u0131n\u0131 \u00f6z\u00fcn\u00fcz bilirsiniz. Bilirsiniz, ax\u0131rda dov\u015fan kim\u0259 \u00e7atd\u0131. Qoz \u0259kimi m\u00f6vs\u00fcm\u00fc \u0259v\u0259z olundu \u201cm\u0259rdom\u201dun ba\u015f\u0131nda qoz s\u0131nd\u0131rmaqla.\n<\/p>\n<p>\n  Niy\u0259 bel\u0259 olu? \u00c7\u00fcnki daha yax\u015f\u0131 hakimiyy\u0259tin qurulmas\u0131 \u00fc\u00e7\u00fcn t\u0259l\u0259b olunan siyasi m\u0259d\u0259niyy\u0259t, bilik, \u0259n\u0259n\u0259, qurumlar yox idi. N\u0259 yetkin siyasi partiya, n\u0259 yetkin siyasi fikri e\u015fidib saya alan siyasil\u0259r, n\u0259 a\u015fa\u011f\u0131dan, \u0259halid\u0259n g\u0259l\u0259n i\u015far\u0259 v\u0259 s\u0259sl\u0259ri e\u015fid\u0259n-qanan qurum v\u0259 insanlar, x\u00fclas\u0259, dayan\u0131ql\u0131 demokratik hakimiyy\u0259t \u00fc\u00e7\u00fcn z\u0259ruri olan he\u00e7 n\u0259 (HE\u00c7 N\u018f!!!) yox idi.<br \/>\n  <br \/>\n  Darb\u0259, bir d\u0259 darb\u0259! M\u00fcxt\u0259s\u0259r, hakimiyy\u0259t\u0259 Az\u0259rbaycan\u0131n iks-iks tarixind\u0259 yadelli i\u015f\u011fal\u00e7\u0131lara \u0259n sadiq kadro g\u0259ldi.\n<\/p>\n<p>\n  G\u0259ldi, n\u0259 g\u0259ldi! T\u0259p\u0259l\u0259rd\u0259n yel kimi, d\u0259r\u0259l\u0259rd\u0259n sel kimi g\u0259lib-ke\u00e7ib mill\u0259td\u0259 ke\u00e7mi\u015fd\u0259n n\u0259 m\u00fcsb\u0259t qalm\u0131\u015fd\u0131sa, ham\u0131s\u0131n\u0131 silib-s\u00fcp\u00fcr\u00fcb m\u0259nfi il\u0259 \u0259v\u0259z etdi.\n<\/p>\n<p>\n  El\u0259 bir m\u00fcr\u0259kk\u0259b istibdad ma\u015f\u0131n\u0131 qurdu ki, bu \u0259razid\u0259 ya\u015fayan \u0259halinin tarixind\u0259 onun analoqu olmam\u0131\u015fd\u0131. Bu ma\u015f\u0131n f\u0131rland\u0131, f\u0131rland\u0131, \u0259zdi, \u0259zdi, s\u0131nd\u0131rd\u0131, s\u0131nd\u0131rd\u0131, ax\u0131rda bu \u0259razid\u0259 ya\u015fayan m\u0259xluqat\u0131 el\u0259 k\u00f6k\u0259 sald\u0131 ki, \u00f6lk\u0259nin he\u00e7 bir bay\u0131rl\u0131\u011f\u0131 qalmad\u0131.\n<\/p>\n<p>\n  Ad\u0131m\u0131z b\u00fct\u00fcn qara d\u0259ft\u0259rl\u0259rd\u0259, \u0259razi ya\u011f\u0131da, pullar o\u011frularda, noxtam\u0131z h\u0259ms\u0259drl\u0259rd\u0259, televiziyam\u0131z man\u0131slarda, \u00fcmid \u018fzray\u0131la, kim bacar\u0131r, ba\u015f\u0131n\u0131 g\u00f6t\u00fcr\u00fcb qa\u00e7\u0131r.<br \/>\n  <br \/>\n  Bel\u0259 bir m\u0259qamda n\u0259 ba\u015f verir? Canavar s\u00fcr\u00fcs\u00fc qoyun s\u00fcr\u00fcs\u00fcn\u00fc bas\u0131b yeyir. \u018fndaz\u0259ni a\u015faraq yeyir. N\u0259tic\u0259d\u0259 yemin h\u0259cmi daral\u0131r. Hakim z\u00fcmr\u0259nin tamah\u0131 is\u0259 daralm\u0131r. Yemin h\u0259cmi il\u0259 tamah h\u0259cmi aras\u0131nda t\u0259rs t\u0259nas\u00fcb yaran\u0131r.\n<\/p>\n<p>\n  Buradan hans\u0131 n\u0259tic\u0259 \u00e7\u0131x\u0131r? Yemin h\u0259cmini art\u0131rmaq laz\u0131md\u0131r! Bunun \u00fc\u00e7\u00fcn a\u011f\u0131l, d\u0259rrak\u0259 v\u0259 m\u0259d\u0259niyy\u0259t t\u0259l\u0259b olunur. Hans\u0131lar ki, yoxdur.\n<\/p>\n<p>\n  Qal\u0131r ikinci \u00e7\u0131x\u0131\u015f: tamah\u0131 azaltmaq laz\u0131md\u0131r! Bunun \u00fc\u00e7\u00fcn d\u0259 a\u011f\u0131l, d\u0259rrak\u0259 v\u0259 m\u0259d\u0259niyy\u0259t t\u0259l\u0259b olunur. Hans\u0131lar ki, yoxdur.\n<\/p>\n<p>\n  N\u0259 etm\u0259li? \u201c\u0130\u015f \u00e7atd\u0131 \u00f6l\u00fcb-\u00f6ld\u00fcrm\u0259y\u0259&#8230;\u201d B\u0259li, canavarlar ba\u015flad\u0131lar bir-birini didm\u0259y\u0259.\n<\/p>\n<p>\n  Amma nec\u0259? Yor\u011fan alt\u0131ndan. A\u015fkar didi\u015fm\u0259 qorxuludulur, f\u0259sadlar\u0131 ola bil\u0259r: v\u0259zif\u0259d\u0259n qovulma, h\u0259bs v\u0259 sifari\u015fli m\u0259hk\u0259m\u0259, xalqdan o\u011furlanm\u0131\u015f v\u0259 haramla yo\u011frulmu\u015f s\u0259rv\u0259tin tar-mar edilm\u0259si.\n<\/p>\n<p>\n  Bunlar\u0131 n\u0259z\u0259r\u0259 alaraq s\u0131x\u0131\u015fd\u0131r\u0131lan canavarlar k\u00f6lg\u0259d\u0259 gizl\u0259n\u0259r\u0259k iki d\u0259f\u0259 s\u0131naqdan ke\u00e7mi\u015f f\u0259nd\u0259 \u0259l at\u0131rlar: k\u00fc\u00e7\u0259 \u015fill\u0259vuranlar\u0131n\u0131 qaba\u011fa verirl\u0259r. \u015eill\u0259vuranlar is\u0259 d\u0259f\u0259l\u0259rl\u0259 aldad\u0131lm\u0131\u015f v\u0259 \u0259zilmi\u015f k\u00fctl\u0259ni haylay\u0131rlar.\n<\/p>\n<p>\n  \u015e\u00fcarlar \u0259skid\u0259n qalmad\u0131r, zira \u00f6lk\u0259d\u0259 he\u00e7 n\u0259 d\u0259yi\u015fm\u0259yib, he\u00e7 bir m\u00fc\u015fk\u00fcl h\u0259llini tapmay\u0131b. Odur ki, ba\u011fr\u0131lan \u015f\u00fcarlar h\u0259min-h\u0259mindir: \u201cQa-ra-ba\u011f! A-zad-l\u0131q! \u0130s-te-fa!\u201d\n<\/p>\n<p>\n  M\u0259n azadl\u0131q v\u0259 demokratiya t\u0259r\u0259fdar\u0131yam. Odur ki, he\u00e7 k\u0259s\u0259 he\u00e7 n\u0259 qada\u011fa ed\u0259 bilm\u0259r\u0259m. F\u0259q\u0259t i\u015fim jurnalistikad\u0131r, h\u0259m d\u0259 m\u0259n\u0259, ist\u0259m\u0259diyim halda, siyas\u0259t\u015f\u00fcnas da deyirl\u0259r.<br \/>\n  <br \/>\n  \u201c\u00c7\u00fcnki oldun d\u0259yirman\u00e7\u0131, \u00e7a\u011f\u0131r g\u0259lsin d\u0259n Koro\u011flu&#8230;\u201d\n<\/p>\n<p>\n  1992-ci ilin iyun ay\u0131n\u0131n 3-d\u0259 \u00e7\u0131xm\u0131\u015f \u201c\u0130stiqlal\u201d q\u0259zetimd\u0259 yazm\u0131\u015fd\u0131m ki, \u201cAXC hakimiyy\u0259t\u0259 g\u0259ls\u0259, 1-1,5 ild\u0259n sonra devril\u0259c\u0259k\u201d. S\u00f6z\u00fcm\u0259 h\u0259mi\u015f\u0259ki kimi baxmay\u0131b hakimiyy\u0259ti qamarlad\u0131lar v\u0259 G\u0259nc\u0259 \u00fcsyan\u0131 1993-c\u00fc ilin iyunun 4-d\u0259 ba\u015flad\u0131.\n<\/p>\n<p>\n  Bir g\u00fcn s\u0259hv etdiyim\u0259 g\u00f6r\u0259 \u00fczr ist\u0259yir\u0259m.\n<\/p>\n<p>\n  El\u00e7ib\u0259y paytaxtdan K\u0259l\u0259kiy\u0259 qa\u00e7as\u0131 oldu.\n<\/p>\n<p>\n  \u0130ndi d\u0259 bir \u00f6nc\u0259g\u00f6rm\u0259mi a\u00e7\u0131qlamaq ist\u0259yir\u0259m. Siyasi s\u0259hn\u0259y\u0259 bax\u0131b n\u0259 insanlara yaz\u0131\u011f\u0131 g\u0259l\u0259n V\u0259zirovu, n\u0259 d\u0259 qorxaq M\u00fct\u0259llibovu g\u00f6r\u00fcr\u0259m. Bax\u0131b \u0259zazil \u0130lham \u018fliyevi g\u00f6r\u00fcr\u0259m. Hans\u0131 ki, \u0259halinin yar\u0131s\u0131n\u0131 q\u0131rar, f\u0259q\u0259t \u201cAz\u0259rbaycan\u201d adlanan ya\u011fl\u0131 k\u00f6k\u0259ni he\u00e7 vaxt he\u00e7 k\u0259s\u0259 verm\u0259z.\n<\/p>\n<p>\n  \u0130llah ki, \u015fill\u0259vuranlara. Hans\u0131lar\u0131n ki, kimliyi ham\u0131ya b\u0259llidir.\n<\/p>\n<p>\n  C\u0131nq\u0131rlar\u0131n\u0131 \u00e7\u0131xarsalar, h\u0259r birinin \u201c\u0130stehsalat-partiya xasiyy\u0259tnam\u0259si\u201dni a\u00e7\u0131qlama\u011fa haz\u0131ram.\n<\/p>\n<p>\n  M\u00f6vcud yaramaz hakimiyy\u0259ti m\u00fcdafi\u0259 etmir\u0259m. Pisi daha pis il\u0259 \u0259v\u0259z etm\u0259yin \u0259leyhin\u0259y\u0259m. El\u0259-hey daha yax\u015f\u0131n\u0131 qurma\u011fa s\u0259sl\u0259yir\u0259m. F\u0259q\u0259t s\u0259sim\u0259 REAL-dan savay\u0131 s\u0259s ver\u0259n yoxdur.\n<\/p>\n<p>\n  Bu oyun REAL-\u0131n oyunu deyil, odur ki, hadis\u0259l\u0259r\u0259 soyuqqanl\u0131 tama\u015fa edib, m\u0259\u015fum sonlu\u011fun lab\u00fcdl\u00fcy\u00fcn\u00fc deyir\u0259m.\n<\/p>\n<p>\n  Bu siyasi oyunlardan \u00f6lk\u0259 \u00fc\u00e7\u00fcn he\u00e7 bir m\u00fcsb\u0259t n\u0259tic\u0259 g\u00f6zl\u0259mir\u0259m. Madam ki, sava\u015fa Qurban M\u0259mm\u0259dov s\u0259sl\u0259yir, \u00f6nd\u0259 is\u0259 \u0130sg\u0259nd\u0259r H\u0259nidov gedir, onlar\u0131n i\u015fi al\u0131nsa, sonda daha zal\u0131m, daha s\u0259viyy\u0259siz bir m\u00fcst\u0259bid g\u0259l\u0259c\u0259k, \u00f6lk\u0259nin s\u0259rv\u0259tini daha acg\u00f6zl\u00fckl\u0259 talan ed\u0259c\u0259k.\n<\/p>\n<p>\n  Ya da hakimiyy\u0259t\u0259 \u0259sass\u0131z iddia ed\u0259nl\u0259ri amans\u0131zl\u0131qla \u0259z\u0259n \u0130lham \u018fliev qalacaq.\n<\/p>\n<p>\n  V\u0259ssalam, \u015f\u00fcttamam.\n<\/p>\n<p>\n  Zira \u00f6lk\u0259d\u0259 demokratik d\u0259yi\u015fiklik \u00fc\u00e7\u00fcn t\u0259l\u0259b edil\u0259n qurumlar, v\u0259rdi\u015fl\u0259r, \u0259n\u0259n\u0259 v\u0259 siyasi m\u0259d\u0259niyy\u0259t yoxdur. Ham\u0131s\u0131 m\u0259hv edilib.\n<\/p>\n<p>\n  Yax\u015f\u0131l\u0131\u011fa do\u011fru d\u0259yi\u015fiklik ist\u0259yiriks\u0259, demokratik \u0259n\u0259n\u0259l\u0259ri, v\u0259rdi\u015fl\u0259ri, qurumlar\u0131 v\u0259 siyasi m\u0259d\u0259niyy\u0259ti \u00f6z\u00fcm\u00fcz yaratmal\u0131y\u0131q.\n<\/p>\n<p>\n  Bunun \u00fc\u00e7\u00fcn is\u0259 ilk add\u0131m yaramaz \u00fcns\u00fcrl\u0259rd\u0259n, milli \u015f\u00fcarlara b\u00fcr\u00fcn\u00fcb mafiyaya qulluq ed\u0259n v\u0259zif\u0259 h\u0259risl\u0259rind\u0259n xilas olmaqd\u0131r.\n<\/p>\n<p>\n  \u0130kinci add\u0131m is\u0259 t\u0259kam\u00fcl yoluna q\u0259d\u0259m qoymaq, demokratik t\u0259sisatlar qurmaq, insanlara demokratik quruculuq v\u0259rdi\u015fl\u0259rini a\u015f\u0131lamaqd\u0131r. Bu yol uzun v\u0259 m\u0259\u015f\u0259qq\u0259tlidir, lakin b\u0259\u015f\u0259riyy\u0259tin bundan savay\u0131 s\u0131naqdan ke\u00e7irdiyi yolu yoxdur.\n<\/p>\n<p>\n  <i><br \/>\n    <b><br \/>\n      Yaz\u0131 m\u00fc\u0259llifin fikirl\u0259rini \u0259ks etdirir v\u0259 Meydan TV-nin m\u00f6vqeyi il\u0259 \u00fcst-\u00fcst\u0259 d\u00fc\u015fm\u0259y\u0259 bil\u0259r.<br \/>\n    <\/b><br \/>\n  <\/i><\/p>\n","protected":false},"excerpt":{"rendered":"<p>Yax\u015f\u0131l\u0131\u011fa do\u011fru d\u0259yi\u015fiklik ist\u0259yiriks\u0259, demokratik \u0259n\u0259n\u0259l\u0259ri, v\u0259rdi\u015fl\u0259ri, qurumlar\u0131 v\u0259 siyasi m\u0259d\u0259niyy\u0259ti \u00f6z\u00fcm\u00fcz yaratmal\u0131y\u0131q<\/p>\n","protected":false},"author":11,"featured_media":81375,"comment_status":"closed","ping_status":"open","sticky":false,"template":"","format":"standard","meta":{"_acf_changed":false,"_sitemap_exclude":false,"_sitemap_priority":"","_sitemap_frequency":"","footnotes":""},"categories":[57],"tags":[],"class_list":["post-193967","post","type-post","status-publish","format-standard","has-post-thumbnail","hentry","category-menim-fikrimce","infinite-scroll-item","generate-columns","tablet-grid-50","mobile-grid-100","grid-parent","grid-33","no-featured-image-padding"],"acf":[],"yoast_head":"<!-- This site is optimized with the Yoast SEO plugin v27.4 - https:\/\/yoast.com\/product\/yoast-seo-wordpress\/ -->\n<title>K\u00f6hn\u0259 hamam, k\u00f6hn\u0259 tas - MEYDAN.TV<\/title>\n<meta name=\"robots\" content=\"index, follow, max-snippet:-1, max-image-preview:large, max-video-preview:-1\" \/>\n<link rel=\"canonical\" href=\"https:\/\/www.meydan.tv\/az\/article\/kohne-hamam-kohne-tas\/\" \/>\n<meta property=\"og:locale\" content=\"az_AZ\" \/>\n<meta property=\"og:type\" content=\"article\" \/>\n<meta property=\"og:title\" content=\"K\u00f6hn\u0259 hamam, k\u00f6hn\u0259 tas - MEYDAN.TV\" \/>\n<meta property=\"og:description\" content=\"Yax\u015f\u0131l\u0131\u011fa do\u011fru d\u0259yi\u015fiklik ist\u0259yiriks\u0259, demokratik \u0259n\u0259n\u0259l\u0259ri, v\u0259rdi\u015fl\u0259ri, qurumlar\u0131 v\u0259 siyasi m\u0259d\u0259niyy\u0259ti \u00f6z\u00fcm\u00fcz yaratmal\u0131y\u0131q\" \/>\n<meta property=\"og:url\" content=\"https:\/\/www.meydan.tv\/az\/article\/kohne-hamam-kohne-tas\/\" \/>\n<meta property=\"og:site_name\" content=\"MEYDAN.TV\" \/>\n<meta property=\"article:published_time\" content=\"2019-02-12T19:18:02+00:00\" \/>\n<meta property=\"og:image\" content=\"https:\/\/www.meydan.tv\/wp-content\/uploads\/31837-1095x821.png\" \/>\n\t<meta property=\"og:image:width\" content=\"1095\" \/>\n\t<meta property=\"og:image:height\" content=\"821\" \/>\n\t<meta property=\"og:image:type\" content=\"image\/png\" \/>\n<meta name=\"author\" content=\"user-manager\" \/>\n<meta name=\"twitter:card\" content=\"summary_large_image\" \/>\n<script type=\"application\/ld+json\" class=\"yoast-schema-graph\">{\"@context\":\"https:\\\/\\\/schema.org\",\"@graph\":[{\"@type\":\"Article\",\"@id\":\"https:\\\/\\\/www.meydan.tv\\\/az\\\/article\\\/kohne-hamam-kohne-tas\\\/#article\",\"isPartOf\":{\"@id\":\"https:\\\/\\\/www.meydan.tv\\\/az\\\/article\\\/kohne-hamam-kohne-tas\\\/\"},\"author\":{\"name\":\"user-manager\",\"@id\":\"https:\\\/\\\/www.meydan.tv\\\/az\\\/#\\\/schema\\\/person\\\/10d11eccf6da3662cf5fdab9806ea91a\"},\"headline\":\"K\u00f6hn\u0259 hamam, k\u00f6hn\u0259 tas\",\"datePublished\":\"2019-02-12T19:18:02+00:00\",\"mainEntityOfPage\":{\"@id\":\"https:\\\/\\\/www.meydan.tv\\\/az\\\/article\\\/kohne-hamam-kohne-tas\\\/\"},\"wordCount\":1691,\"publisher\":{\"@id\":\"https:\\\/\\\/www.meydan.tv\\\/az\\\/#organization\"},\"image\":{\"@id\":\"https:\\\/\\\/www.meydan.tv\\\/az\\\/article\\\/kohne-hamam-kohne-tas\\\/#primaryimage\"},\"thumbnailUrl\":\"https:\\\/\\\/www.meydan.tv\\\/wp-content\\\/uploads\\\/31837.png\",\"articleSection\":[\"M\u0259nim Fikrimc\u0259\"],\"inLanguage\":\"az\"},{\"@type\":\"WebPage\",\"@id\":\"https:\\\/\\\/www.meydan.tv\\\/az\\\/article\\\/kohne-hamam-kohne-tas\\\/\",\"url\":\"https:\\\/\\\/www.meydan.tv\\\/az\\\/article\\\/kohne-hamam-kohne-tas\\\/\",\"name\":\"K\u00f6hn\u0259 hamam, k\u00f6hn\u0259 tas - MEYDAN.TV\",\"isPartOf\":{\"@id\":\"https:\\\/\\\/www.meydan.tv\\\/az\\\/#website\"},\"primaryImageOfPage\":{\"@id\":\"https:\\\/\\\/www.meydan.tv\\\/az\\\/article\\\/kohne-hamam-kohne-tas\\\/#primaryimage\"},\"image\":{\"@id\":\"https:\\\/\\\/www.meydan.tv\\\/az\\\/article\\\/kohne-hamam-kohne-tas\\\/#primaryimage\"},\"thumbnailUrl\":\"https:\\\/\\\/www.meydan.tv\\\/wp-content\\\/uploads\\\/31837.png\",\"datePublished\":\"2019-02-12T19:18:02+00:00\",\"breadcrumb\":{\"@id\":\"https:\\\/\\\/www.meydan.tv\\\/az\\\/article\\\/kohne-hamam-kohne-tas\\\/#breadcrumb\"},\"inLanguage\":\"az\",\"potentialAction\":[{\"@type\":\"ReadAction\",\"target\":[\"https:\\\/\\\/www.meydan.tv\\\/az\\\/article\\\/kohne-hamam-kohne-tas\\\/\"]}]},{\"@type\":\"ImageObject\",\"inLanguage\":\"az\",\"@id\":\"https:\\\/\\\/www.meydan.tv\\\/az\\\/article\\\/kohne-hamam-kohne-tas\\\/#primaryimage\",\"url\":\"https:\\\/\\\/www.meydan.tv\\\/wp-content\\\/uploads\\\/31837.png\",\"contentUrl\":\"https:\\\/\\\/www.meydan.tv\\\/wp-content\\\/uploads\\\/31837.png\",\"width\":2732,\"height\":2048,\"caption\":\"Source:\"},{\"@type\":\"BreadcrumbList\",\"@id\":\"https:\\\/\\\/www.meydan.tv\\\/az\\\/article\\\/kohne-hamam-kohne-tas\\\/#breadcrumb\",\"itemListElement\":[{\"@type\":\"ListItem\",\"position\":1,\"name\":\"Ana s\u0259hif\u0259\",\"item\":\"https:\\\/\\\/www.meydan.tv\\\/az\\\/\"},{\"@type\":\"ListItem\",\"position\":2,\"name\":\"M\u0259nim Fikrimc\u0259\",\"item\":\"https:\\\/\\\/www.meydan.tv\\\/az\\\/section\\\/menim-fikrimce\\\/\"},{\"@type\":\"ListItem\",\"position\":3,\"name\":\"K\u00f6hn\u0259 hamam, k\u00f6hn\u0259 tas\"}]},{\"@type\":\"WebSite\",\"@id\":\"https:\\\/\\\/www.meydan.tv\\\/az\\\/#website\",\"url\":\"https:\\\/\\\/www.meydan.tv\\\/az\\\/\",\"name\":\"MEYDAN.TV\",\"description\":\"Meydan TV Az\u0259rbaycan\u0131n media m\u0259kan\u0131ndak\u0131 alternativ s\u0259sidir\",\"publisher\":{\"@id\":\"https:\\\/\\\/www.meydan.tv\\\/az\\\/#organization\"},\"potentialAction\":[{\"@type\":\"SearchAction\",\"target\":{\"@type\":\"EntryPoint\",\"urlTemplate\":\"https:\\\/\\\/www.meydan.tv\\\/az\\\/?s={search_term_string}\"},\"query-input\":{\"@type\":\"PropertyValueSpecification\",\"valueRequired\":true,\"valueName\":\"search_term_string\"}}],\"inLanguage\":\"az\"},{\"@type\":\"Organization\",\"@id\":\"https:\\\/\\\/www.meydan.tv\\\/az\\\/#organization\",\"name\":\"Meydan TV\",\"url\":\"https:\\\/\\\/www.meydan.tv\\\/az\\\/\",\"logo\":{\"@type\":\"ImageObject\",\"inLanguage\":\"az\",\"@id\":\"https:\\\/\\\/www.meydan.tv\\\/az\\\/#\\\/schema\\\/logo\\\/image\\\/\",\"url\":\"https:\\\/\\\/www.meydan.tv\\\/wp-content\\\/uploads\\\/2021\\\/07\\\/meydan-logo.svg\",\"contentUrl\":\"https:\\\/\\\/www.meydan.tv\\\/wp-content\\\/uploads\\\/2021\\\/07\\\/meydan-logo.svg\",\"width\":195,\"height\":46,\"caption\":\"Meydan TV\"},\"image\":{\"@id\":\"https:\\\/\\\/www.meydan.tv\\\/az\\\/#\\\/schema\\\/logo\\\/image\\\/\"}},{\"@type\":\"Person\",\"@id\":\"https:\\\/\\\/www.meydan.tv\\\/az\\\/#\\\/schema\\\/person\\\/10d11eccf6da3662cf5fdab9806ea91a\",\"name\":\"user-manager\"}]}<\/script>\n<!-- \/ Yoast SEO plugin. -->","yoast_head_json":{"title":"K\u00f6hn\u0259 hamam, k\u00f6hn\u0259 tas - MEYDAN.TV","robots":{"index":"index","follow":"follow","max-snippet":"max-snippet:-1","max-image-preview":"max-image-preview:large","max-video-preview":"max-video-preview:-1"},"canonical":"https:\/\/www.meydan.tv\/az\/article\/kohne-hamam-kohne-tas\/","og_locale":"az_AZ","og_type":"article","og_title":"K\u00f6hn\u0259 hamam, k\u00f6hn\u0259 tas - MEYDAN.TV","og_description":"Yax\u015f\u0131l\u0131\u011fa do\u011fru d\u0259yi\u015fiklik ist\u0259yiriks\u0259, demokratik \u0259n\u0259n\u0259l\u0259ri, v\u0259rdi\u015fl\u0259ri, qurumlar\u0131 v\u0259 siyasi m\u0259d\u0259niyy\u0259ti \u00f6z\u00fcm\u00fcz yaratmal\u0131y\u0131q","og_url":"https:\/\/www.meydan.tv\/az\/article\/kohne-hamam-kohne-tas\/","og_site_name":"MEYDAN.TV","article_published_time":"2019-02-12T19:18:02+00:00","og_image":[{"width":1095,"height":821,"url":"https:\/\/www.meydan.tv\/wp-content\/uploads\/31837-1095x821.png","type":"image\/png"}],"author":"user-manager","twitter_card":"summary_large_image","schema":{"@context":"https:\/\/schema.org","@graph":[{"@type":"Article","@id":"https:\/\/www.meydan.tv\/az\/article\/kohne-hamam-kohne-tas\/#article","isPartOf":{"@id":"https:\/\/www.meydan.tv\/az\/article\/kohne-hamam-kohne-tas\/"},"author":{"name":"user-manager","@id":"https:\/\/www.meydan.tv\/az\/#\/schema\/person\/10d11eccf6da3662cf5fdab9806ea91a"},"headline":"K\u00f6hn\u0259 hamam, k\u00f6hn\u0259 tas","datePublished":"2019-02-12T19:18:02+00:00","mainEntityOfPage":{"@id":"https:\/\/www.meydan.tv\/az\/article\/kohne-hamam-kohne-tas\/"},"wordCount":1691,"publisher":{"@id":"https:\/\/www.meydan.tv\/az\/#organization"},"image":{"@id":"https:\/\/www.meydan.tv\/az\/article\/kohne-hamam-kohne-tas\/#primaryimage"},"thumbnailUrl":"https:\/\/www.meydan.tv\/wp-content\/uploads\/31837.png","articleSection":["M\u0259nim Fikrimc\u0259"],"inLanguage":"az"},{"@type":"WebPage","@id":"https:\/\/www.meydan.tv\/az\/article\/kohne-hamam-kohne-tas\/","url":"https:\/\/www.meydan.tv\/az\/article\/kohne-hamam-kohne-tas\/","name":"K\u00f6hn\u0259 hamam, k\u00f6hn\u0259 tas - MEYDAN.TV","isPartOf":{"@id":"https:\/\/www.meydan.tv\/az\/#website"},"primaryImageOfPage":{"@id":"https:\/\/www.meydan.tv\/az\/article\/kohne-hamam-kohne-tas\/#primaryimage"},"image":{"@id":"https:\/\/www.meydan.tv\/az\/article\/kohne-hamam-kohne-tas\/#primaryimage"},"thumbnailUrl":"https:\/\/www.meydan.tv\/wp-content\/uploads\/31837.png","datePublished":"2019-02-12T19:18:02+00:00","breadcrumb":{"@id":"https:\/\/www.meydan.tv\/az\/article\/kohne-hamam-kohne-tas\/#breadcrumb"},"inLanguage":"az","potentialAction":[{"@type":"ReadAction","target":["https:\/\/www.meydan.tv\/az\/article\/kohne-hamam-kohne-tas\/"]}]},{"@type":"ImageObject","inLanguage":"az","@id":"https:\/\/www.meydan.tv\/az\/article\/kohne-hamam-kohne-tas\/#primaryimage","url":"https:\/\/www.meydan.tv\/wp-content\/uploads\/31837.png","contentUrl":"https:\/\/www.meydan.tv\/wp-content\/uploads\/31837.png","width":2732,"height":2048,"caption":"Source:"},{"@type":"BreadcrumbList","@id":"https:\/\/www.meydan.tv\/az\/article\/kohne-hamam-kohne-tas\/#breadcrumb","itemListElement":[{"@type":"ListItem","position":1,"name":"Ana s\u0259hif\u0259","item":"https:\/\/www.meydan.tv\/az\/"},{"@type":"ListItem","position":2,"name":"M\u0259nim Fikrimc\u0259","item":"https:\/\/www.meydan.tv\/az\/section\/menim-fikrimce\/"},{"@type":"ListItem","position":3,"name":"K\u00f6hn\u0259 hamam, k\u00f6hn\u0259 tas"}]},{"@type":"WebSite","@id":"https:\/\/www.meydan.tv\/az\/#website","url":"https:\/\/www.meydan.tv\/az\/","name":"MEYDAN.TV","description":"Meydan TV Az\u0259rbaycan\u0131n media m\u0259kan\u0131ndak\u0131 alternativ s\u0259sidir","publisher":{"@id":"https:\/\/www.meydan.tv\/az\/#organization"},"potentialAction":[{"@type":"SearchAction","target":{"@type":"EntryPoint","urlTemplate":"https:\/\/www.meydan.tv\/az\/?s={search_term_string}"},"query-input":{"@type":"PropertyValueSpecification","valueRequired":true,"valueName":"search_term_string"}}],"inLanguage":"az"},{"@type":"Organization","@id":"https:\/\/www.meydan.tv\/az\/#organization","name":"Meydan TV","url":"https:\/\/www.meydan.tv\/az\/","logo":{"@type":"ImageObject","inLanguage":"az","@id":"https:\/\/www.meydan.tv\/az\/#\/schema\/logo\/image\/","url":"https:\/\/www.meydan.tv\/wp-content\/uploads\/2021\/07\/meydan-logo.svg","contentUrl":"https:\/\/www.meydan.tv\/wp-content\/uploads\/2021\/07\/meydan-logo.svg","width":195,"height":46,"caption":"Meydan TV"},"image":{"@id":"https:\/\/www.meydan.tv\/az\/#\/schema\/logo\/image\/"}},{"@type":"Person","@id":"https:\/\/www.meydan.tv\/az\/#\/schema\/person\/10d11eccf6da3662cf5fdab9806ea91a","name":"user-manager"}]}},"_links":{"self":[{"href":"https:\/\/www.meydan.tv\/az\/wp-json\/wp\/v2\/posts\/193967","targetHints":{"allow":["GET"]}}],"collection":[{"href":"https:\/\/www.meydan.tv\/az\/wp-json\/wp\/v2\/posts"}],"about":[{"href":"https:\/\/www.meydan.tv\/az\/wp-json\/wp\/v2\/types\/post"}],"author":[{"embeddable":true,"href":"https:\/\/www.meydan.tv\/az\/wp-json\/wp\/v2\/users\/11"}],"replies":[{"embeddable":true,"href":"https:\/\/www.meydan.tv\/az\/wp-json\/wp\/v2\/comments?post=193967"}],"version-history":[{"count":0,"href":"https:\/\/www.meydan.tv\/az\/wp-json\/wp\/v2\/posts\/193967\/revisions"}],"wp:featuredmedia":[{"embeddable":true,"href":"https:\/\/www.meydan.tv\/az\/wp-json\/wp\/v2\/media\/81375"}],"wp:attachment":[{"href":"https:\/\/www.meydan.tv\/az\/wp-json\/wp\/v2\/media?parent=193967"}],"wp:term":[{"taxonomy":"category","embeddable":true,"href":"https:\/\/www.meydan.tv\/az\/wp-json\/wp\/v2\/categories?post=193967"},{"taxonomy":"post_tag","embeddable":true,"href":"https:\/\/www.meydan.tv\/az\/wp-json\/wp\/v2\/tags?post=193967"}],"curies":[{"name":"wp","href":"https:\/\/api.w.org\/{rel}","templated":true}]}}