{"id":193941,"date":"2019-02-11T18:16:15","date_gmt":"2019-02-11T18:16:15","guid":{"rendered":"https:\/\/www.meydan.tv\/article\/muharibeye-hazirlasan-usaqlar\/"},"modified":"2019-02-11T18:16:15","modified_gmt":"2019-02-11T18:16:15","slug":"muharibeye-hazirlasan-usaqlar","status":"publish","type":"post","link":"https:\/\/www.meydan.tv\/az\/article\/muharibeye-hazirlasan-usaqlar\/","title":{"rendered":"M\u00fcharib\u0259y\u0259 haz\u0131rla\u015fan u\u015faqlar"},"content":{"rendered":"<figure class=\"wp-block-image size-large\">\n  <img decoding=\"async\" src=\"https:\/\/www.meydan.tv\/az\/orxan-adigozel-3\/\" alt=\"Orxan Ad\u0131g\u00f6z\u0259l\" class=\"wp-image-95247\"\/><figcaption>\n    Orxan Ad\u0131g\u00f6z\u0259l<br \/>\n  <\/figcaption><\/figure>\n<p>\n  Haz\u0131rda d\u00fcnyan\u0131n 40-dan \u00e7ox m\u00fcxt\u0259lif yerind\u0259 aktiv v\u0259 passiv \u015f\u0259kild\u0259 m\u00fcharib\u0259l\u0259r gedir. D\u00fcnya yaranandan m\u00fcharib\u0259l\u0259r olub v\u0259 olacaq da. Bu, \u00e7ox \u015f\u0259r\u0259fsiz v\u0259 a\u011f\u0131r bir reall\u0131qd\u0131r. \u018fslind\u0259 \u201c\u015f\u0259r\u0259fsiz\u201d \u00e7ox yum\u015faq ifad\u0259dir. S\u00f6y\u00fc\u015f yaza bilmir\u0259m. M\u00fcharib\u0259 varsa, t\u0259bii ki, orda ya\u015fl\u0131, cavan, h\u0259m d\u0259 u\u015faq \u00f6l\u00fcml\u0259ri qa\u00e7\u0131lmazd\u0131r. Yox, indi qeyri-real arzu v\u0259 dua say\u0131lacaq &#8220;u\u015faqlar \u00f6lm\u0259sin&#8221; ifad\u0259sini i\u015fl\u0259tm\u0259y\u0259c\u0259y\u0259m. Bu tip ifad\u0259l\u0259rin i\u015fl\u0259dilm\u0259si m\u0259n\u0259 \u00e7ox s\u00fcni v\u0259 qeyri-s\u0259mimi g\u0259lir. El\u0259 \u015feyl\u0259r var ki, bizim irad\u0259miz xaricind\u0259dir. M\u00fcharib\u0259l\u0259r qlobal g\u00fccl\u0259rin t\u0259siri il\u0259 silah sat\u0131\u015f\u0131 v\u0259 dig\u0259r idbar niyy\u0259tl\u0259r namin\u0259 edil\u0259n aktd\u0131r.\n<\/p>\n<p>\n  M\u0259n a\u011fsaqqal, m\u00fcdrik ritorikas\u0131 il\u0259 kiml\u0259r\u0259s\u0259 m\u0259sl\u0259h\u0259t verm\u0259k niyy\u0259tind\u0259n uza\u011fam. Subyektiv fikirl\u0259rimi ir\u0259li s\u00fcrm\u0259k m\u00fcst\u0259qilliyind\u0259n istifad\u0259 edib bir ne\u00e7\u0259 k\u0259lim\u0259 yazaca\u011fam.\n<\/p>\n<p>\n  M\u0259lumdur ki, m\u00fcharib\u0259l\u0259r\u0259 stimul ver\u0259n \u0259sas amill\u0259r al\u0259t kimi istifad\u0259 olunan mill\u0259t\u00e7ilik, din v\u0259 m\u00fc\u0259yy\u0259n siyasi ideologiyalard\u0131r. Bunlar \u0259sas\u0259n h\u00f6kum\u0259t aparatlar\u0131n\u0131n t\u0259bi\u011fat ma\u015f\u0131n\u0131 vasit\u0259si il\u0259 t\u0259min olunur. \u0130ndi qeyd etdikl\u0259rimin detallar\u0131n\u0131 yazmayaca\u011fam. Bir \u00e7oxumuz bunlardan x\u0259b\u0259rdar\u0131q.\n<\/p>\n<p>\n  M\u00fcharib\u0259d\u0259ki itkil\u0259r, fiziki v\u0259 psixoloji travmalar, d\u0259h\u015f\u0259tl\u0259r bar\u0259d\u0259 d\u0259 yazan deyil\u0259m. Onlar\u0131 adi \u015f\u0259kild\u0259 d\u00fc\u015f\u00fcnm\u0259k bel\u0259 a\u011fr\u0131l\u0131d\u0131r.\n<\/p>\n<p>\n  Seymur Baycan \u00e7ox sad\u0259 \u015f\u0259kild\u0259 vur\u011fulad\u0131\u011f\u0131 kimi \u201cinsanlar insan olduqda m\u00fcharib\u0259 ist\u0259mirl\u0259r\u201d.\n<\/p>\n<p>\n  \u0130nsan olmaq. Bu sad\u0259 s\u00f6zl\u0259ri u\u015faql\u0131qdan, ya\u015f\u0131m\u0131z\u0131n m\u00fc\u0259yy\u0259n vaxtlar\u0131nda da ara-s\u0131ra h\u0259r birimiz e\u015fitm\u0259kd\u0259yik. \u00c7ox adam \u201cinsan ol\u201d ifad\u0259sinin m\u0259nas\u0131n\u0131 he\u00e7 vaxt d\u0259rk etmir. Bunun \u00fcmumilikd\u0259 ox\u015far m\u0259nalar\u0131 olsa da, m\u0259n bu k\u0259lim\u0259ni \u201c\u0259zm\u0259k, pislik etm\u0259k imkan\u0131n oldu\u011fu halda, \u0259zm\u0259m\u0259k, pislik etm\u0259m\u0259k\u201d prinsipi kimi q\u0259bul edir\u0259m. \u0130nsan \u0259n \u015f\u0259r\u0259fli varl\u0131q hesab olundu\u011fu halda, Allah\u0131n ona ba\u011f\u0131\u015flad\u0131\u011f\u0131 bu ada \u00f6l\u0259n\u0259 q\u0259d\u0259r layiq qalmaq laz\u0131md\u0131r. \u018flb\u0259tt\u0259 ki, ya\u015fad\u0131\u011f\u0131m\u0131z q\u0259ddar d\u00fcnyada az da olsa s\u00fclh v\u0259 sevgi \u0259sg\u0259ri kimi \u00e7\u0131x\u0131\u015f etdiyin halda bu ada layiq olursan. \u018fks halda bioloji h\u0259yat s\u00fcr\u0259n z\u0259r\u0259rli h\u0259\u015f\u0259ratdan f\u0259rqin olmayacaq.\n<\/p>\n<p>\n  Bizim m\u00fcharib\u0259l\u0259rin qar\u015f\u0131s\u0131n\u0131 tamamil\u0259 almaq c\u0259h\u0259td\u0259n qlobal t\u0259sirimiz olmasa da, \u0259n az\u0131 u\u015faqlar\u0131m\u0131z\u0131, g\u0259l\u0259c\u0259k n\u0259sili el\u0259 yeti\u015fdirib, t\u0259rbiy\u0259 ed\u0259 bil\u0259rik ki, onlar m\u00fcharib\u0259l\u0259r\u0259 v\u0259 zorak\u0131l\u0131qlara qar\u015f\u0131 ola bil\u0259rl\u0259r. Bu, daha \u00e7ox adam\u0131n s\u00fclh v\u0259 sevgi i\u00e7ind\u0259 ya\u015fama\u011f\u0131na s\u0259b\u0259b ola bil\u0259r. Bir d\u00fc\u015f\u00fcnc\u0259nin bel\u0259 &#8220;t\u0259mizl\u0259nm\u0259si&#8221;, bir insan\u0131n islah\u0131, bir s\u00fclh ke\u015fik\u00e7isinin varl\u0131\u011f\u0131 bizim \u00fc\u00e7\u00fcn ki\u00e7ik q\u0259l\u0259b\u0259 ola bil\u0259r. \u018fg\u0259r s\u0259n zorak\u0131l\u0131\u011fa, v\u0259h\u015filiy\u0259 \u201cyox\u201d dey\u0259 bilirs\u0259ns\u0259, dem\u0259li, insan oldu\u011funun f\u0259rqind\u0259s\u0259n.\n<\/p>\n<p>\n  H\u0259r d\u0259f\u0259 \u0259r\u0259b u\u015faqlar\u0131n\u0131n xorla &#8220;A&#8217;thuna Al Thoufuli&#8221;(&#8220;Biz\u0259 u\u015faql\u0131\u011f\u0131m\u0131z\u0131 geri ver&#8221;) mahn\u0131s\u0131n\u0131 e\u015fid\u0259nd\u0259 q\u0259h\u0259rl\u0259nir\u0259m. M\u00fcharib\u0259nin d\u0259h\u015f\u0259tini h\u0259min u\u015faqlar\u0131n video-kadrlardak\u0131 v\u0259 \u015f\u0259kill\u0259rd\u0259ki g\u00f6zl\u0259rin\u0259 baxanda bel\u0259 hiss etm\u0259k olur.\n<\/p>\n<p>\n  \u0130nsan\u0131n t\u0259bi\u0259tind\u0259 m\u00fcharib\u0259 ehtiras\u0131 \u0259sas\u0259n r\u0259qab\u0259t, etibars\u0131zl\u0131q v\u0259 \u015fan-\u015f\u00f6hr\u0259t susuzlu\u011fu ortaya \u00e7\u0131xanda yaran\u0131r. Bu \u00fc\u00e7 \u00fcns\u00fcr bir arada ortaya \u00e7\u0131xd\u0131sa, insan\u0131n g\u00f6z\u00fc d\u00f6n\u00fcr. Daxilind\u0259ki v\u0259h\u015fi \u00fcz\u0259 \u00e7\u0131x\u0131r. Ona g\u00f6r\u0259 d\u0259 insan\u0131n o v\u0259ziyy\u0259t\u0259 d\u00fc\u015fm\u0259m\u0259si \u00fc\u00e7\u00fcn onun ruhunu u\u015faql\u0131qdan m\u0259rh\u0259m\u0259t, \u0259dal\u0259t v\u0259 vicdan kimi keyfiyy\u0259tl\u0259rl\u0259 suvarmaq laz\u0131md\u0131r.\n<\/p>\n<p>\n  Bel\u0259 oldu\u011fu halda daha az u\u015fa\u011f\u0131n \u0259ziyy\u0259t \u00e7\u0259km\u0259sinin qar\u015f\u0131s\u0131n\u0131 bir az da olsa ala bil\u0259rik.\n<\/p>\n<p>\n  S\u00fclh v\u0259 sevgil\u0259r!\n<\/p>\n<p>\n  <i><br \/>\n    <b><br \/>\n      Yaz\u0131 m\u00fc\u0259llifin fikirl\u0259rini \u0259ks etdirir v\u0259 Meydan TV-nin m\u00f6vqeyi il\u0259 \u00fcst-\u00fcst\u0259 d\u00fc\u015fm\u0259y\u0259 bil\u0259r.<br \/>\n    <\/b><br \/>\n  <\/i><\/p>\n","protected":false},"excerpt":{"rendered":"<p>Haz\u0131rda d\u00fcnyan\u0131n 40-dan \u00e7ox m\u00fcxt\u0259lif yerind\u0259 aktiv v\u0259 passiv \u015f\u0259kild\u0259 m\u00fcharib\u0259l\u0259r gedir<\/p>\n","protected":false},"author":11,"featured_media":95247,"comment_status":"closed","ping_status":"open","sticky":false,"template":"","format":"standard","meta":{"_acf_changed":false,"_sitemap_exclude":false,"_sitemap_priority":"","_sitemap_frequency":"","footnotes":""},"categories":[57],"tags":[],"class_list":["post-193941","post","type-post","status-publish","format-standard","has-post-thumbnail","hentry","category-menim-fikrimce","infinite-scroll-item","generate-columns","tablet-grid-50","mobile-grid-100","grid-parent","grid-33","no-featured-image-padding"],"acf":[],"yoast_head":"<!-- This site is optimized with the Yoast SEO plugin v27.4 - https:\/\/yoast.com\/product\/yoast-seo-wordpress\/ -->\n<title>M\u00fcharib\u0259y\u0259 haz\u0131rla\u015fan u\u015faqlar - MEYDAN.TV<\/title>\n<meta name=\"robots\" content=\"index, follow, max-snippet:-1, max-image-preview:large, max-video-preview:-1\" \/>\n<link rel=\"canonical\" href=\"https:\/\/www.meydan.tv\/az\/article\/muharibeye-hazirlasan-usaqlar\/\" \/>\n<meta property=\"og:locale\" content=\"az_AZ\" \/>\n<meta property=\"og:type\" content=\"article\" \/>\n<meta property=\"og:title\" content=\"M\u00fcharib\u0259y\u0259 haz\u0131rla\u015fan u\u015faqlar - MEYDAN.TV\" \/>\n<meta property=\"og:description\" content=\"Haz\u0131rda d\u00fcnyan\u0131n 40-dan \u00e7ox m\u00fcxt\u0259lif yerind\u0259 aktiv v\u0259 passiv \u015f\u0259kild\u0259 m\u00fcharib\u0259l\u0259r gedir\" \/>\n<meta property=\"og:url\" content=\"https:\/\/www.meydan.tv\/az\/article\/muharibeye-hazirlasan-usaqlar\/\" \/>\n<meta property=\"og:site_name\" content=\"MEYDAN.TV\" \/>\n<meta property=\"article:published_time\" content=\"2019-02-11T18:16:15+00:00\" \/>\n<meta property=\"og:image\" content=\"https:\/\/www.meydan.tv\/wp-content\/uploads\/37636.jpg\" \/>\n\t<meta property=\"og:image:width\" content=\"2048\" \/>\n\t<meta property=\"og:image:height\" content=\"1365\" \/>\n\t<meta property=\"og:image:type\" content=\"image\/jpeg\" \/>\n<meta name=\"author\" content=\"user-manager\" \/>\n<meta name=\"twitter:card\" content=\"summary_large_image\" \/>\n<script type=\"application\/ld+json\" class=\"yoast-schema-graph\">{\"@context\":\"https:\\\/\\\/schema.org\",\"@graph\":[{\"@type\":\"Article\",\"@id\":\"https:\\\/\\\/www.meydan.tv\\\/az\\\/article\\\/muharibeye-hazirlasan-usaqlar\\\/#article\",\"isPartOf\":{\"@id\":\"https:\\\/\\\/www.meydan.tv\\\/az\\\/article\\\/muharibeye-hazirlasan-usaqlar\\\/\"},\"author\":{\"name\":\"user-manager\",\"@id\":\"https:\\\/\\\/www.meydan.tv\\\/az\\\/#\\\/schema\\\/person\\\/10d11eccf6da3662cf5fdab9806ea91a\"},\"headline\":\"M\u00fcharib\u0259y\u0259 haz\u0131rla\u015fan u\u015faqlar\",\"datePublished\":\"2019-02-11T18:16:15+00:00\",\"mainEntityOfPage\":{\"@id\":\"https:\\\/\\\/www.meydan.tv\\\/az\\\/article\\\/muharibeye-hazirlasan-usaqlar\\\/\"},\"wordCount\":787,\"publisher\":{\"@id\":\"https:\\\/\\\/www.meydan.tv\\\/az\\\/#organization\"},\"image\":{\"@id\":\"https:\\\/\\\/www.meydan.tv\\\/az\\\/article\\\/muharibeye-hazirlasan-usaqlar\\\/#primaryimage\"},\"thumbnailUrl\":\"https:\\\/\\\/www.meydan.tv\\\/wp-content\\\/uploads\\\/37636.jpg\",\"articleSection\":[\"M\u0259nim Fikrimc\u0259\"],\"inLanguage\":\"az\"},{\"@type\":\"WebPage\",\"@id\":\"https:\\\/\\\/www.meydan.tv\\\/az\\\/article\\\/muharibeye-hazirlasan-usaqlar\\\/\",\"url\":\"https:\\\/\\\/www.meydan.tv\\\/az\\\/article\\\/muharibeye-hazirlasan-usaqlar\\\/\",\"name\":\"M\u00fcharib\u0259y\u0259 haz\u0131rla\u015fan u\u015faqlar - MEYDAN.TV\",\"isPartOf\":{\"@id\":\"https:\\\/\\\/www.meydan.tv\\\/az\\\/#website\"},\"primaryImageOfPage\":{\"@id\":\"https:\\\/\\\/www.meydan.tv\\\/az\\\/article\\\/muharibeye-hazirlasan-usaqlar\\\/#primaryimage\"},\"image\":{\"@id\":\"https:\\\/\\\/www.meydan.tv\\\/az\\\/article\\\/muharibeye-hazirlasan-usaqlar\\\/#primaryimage\"},\"thumbnailUrl\":\"https:\\\/\\\/www.meydan.tv\\\/wp-content\\\/uploads\\\/37636.jpg\",\"datePublished\":\"2019-02-11T18:16:15+00:00\",\"breadcrumb\":{\"@id\":\"https:\\\/\\\/www.meydan.tv\\\/az\\\/article\\\/muharibeye-hazirlasan-usaqlar\\\/#breadcrumb\"},\"inLanguage\":\"az\",\"potentialAction\":[{\"@type\":\"ReadAction\",\"target\":[\"https:\\\/\\\/www.meydan.tv\\\/az\\\/article\\\/muharibeye-hazirlasan-usaqlar\\\/\"]}]},{\"@type\":\"ImageObject\",\"inLanguage\":\"az\",\"@id\":\"https:\\\/\\\/www.meydan.tv\\\/az\\\/article\\\/muharibeye-hazirlasan-usaqlar\\\/#primaryimage\",\"url\":\"https:\\\/\\\/www.meydan.tv\\\/wp-content\\\/uploads\\\/37636.jpg\",\"contentUrl\":\"https:\\\/\\\/www.meydan.tv\\\/wp-content\\\/uploads\\\/37636.jpg\",\"width\":2048,\"height\":1365,\"caption\":\"Source:\"},{\"@type\":\"BreadcrumbList\",\"@id\":\"https:\\\/\\\/www.meydan.tv\\\/az\\\/article\\\/muharibeye-hazirlasan-usaqlar\\\/#breadcrumb\",\"itemListElement\":[{\"@type\":\"ListItem\",\"position\":1,\"name\":\"Ana s\u0259hif\u0259\",\"item\":\"https:\\\/\\\/www.meydan.tv\\\/az\\\/\"},{\"@type\":\"ListItem\",\"position\":2,\"name\":\"M\u0259nim Fikrimc\u0259\",\"item\":\"https:\\\/\\\/www.meydan.tv\\\/az\\\/section\\\/menim-fikrimce\\\/\"},{\"@type\":\"ListItem\",\"position\":3,\"name\":\"M\u00fcharib\u0259y\u0259 haz\u0131rla\u015fan u\u015faqlar\"}]},{\"@type\":\"WebSite\",\"@id\":\"https:\\\/\\\/www.meydan.tv\\\/az\\\/#website\",\"url\":\"https:\\\/\\\/www.meydan.tv\\\/az\\\/\",\"name\":\"MEYDAN.TV\",\"description\":\"Meydan TV Az\u0259rbaycan\u0131n media m\u0259kan\u0131ndak\u0131 alternativ s\u0259sidir\",\"publisher\":{\"@id\":\"https:\\\/\\\/www.meydan.tv\\\/az\\\/#organization\"},\"potentialAction\":[{\"@type\":\"SearchAction\",\"target\":{\"@type\":\"EntryPoint\",\"urlTemplate\":\"https:\\\/\\\/www.meydan.tv\\\/az\\\/?s={search_term_string}\"},\"query-input\":{\"@type\":\"PropertyValueSpecification\",\"valueRequired\":true,\"valueName\":\"search_term_string\"}}],\"inLanguage\":\"az\"},{\"@type\":\"Organization\",\"@id\":\"https:\\\/\\\/www.meydan.tv\\\/az\\\/#organization\",\"name\":\"Meydan TV\",\"url\":\"https:\\\/\\\/www.meydan.tv\\\/az\\\/\",\"logo\":{\"@type\":\"ImageObject\",\"inLanguage\":\"az\",\"@id\":\"https:\\\/\\\/www.meydan.tv\\\/az\\\/#\\\/schema\\\/logo\\\/image\\\/\",\"url\":\"https:\\\/\\\/www.meydan.tv\\\/wp-content\\\/uploads\\\/2021\\\/07\\\/meydan-logo.svg\",\"contentUrl\":\"https:\\\/\\\/www.meydan.tv\\\/wp-content\\\/uploads\\\/2021\\\/07\\\/meydan-logo.svg\",\"width\":195,\"height\":46,\"caption\":\"Meydan TV\"},\"image\":{\"@id\":\"https:\\\/\\\/www.meydan.tv\\\/az\\\/#\\\/schema\\\/logo\\\/image\\\/\"}},{\"@type\":\"Person\",\"@id\":\"https:\\\/\\\/www.meydan.tv\\\/az\\\/#\\\/schema\\\/person\\\/10d11eccf6da3662cf5fdab9806ea91a\",\"name\":\"user-manager\"}]}<\/script>\n<!-- \/ Yoast SEO plugin. -->","yoast_head_json":{"title":"M\u00fcharib\u0259y\u0259 haz\u0131rla\u015fan u\u015faqlar - MEYDAN.TV","robots":{"index":"index","follow":"follow","max-snippet":"max-snippet:-1","max-image-preview":"max-image-preview:large","max-video-preview":"max-video-preview:-1"},"canonical":"https:\/\/www.meydan.tv\/az\/article\/muharibeye-hazirlasan-usaqlar\/","og_locale":"az_AZ","og_type":"article","og_title":"M\u00fcharib\u0259y\u0259 haz\u0131rla\u015fan u\u015faqlar - MEYDAN.TV","og_description":"Haz\u0131rda d\u00fcnyan\u0131n 40-dan \u00e7ox m\u00fcxt\u0259lif yerind\u0259 aktiv v\u0259 passiv \u015f\u0259kild\u0259 m\u00fcharib\u0259l\u0259r gedir","og_url":"https:\/\/www.meydan.tv\/az\/article\/muharibeye-hazirlasan-usaqlar\/","og_site_name":"MEYDAN.TV","article_published_time":"2019-02-11T18:16:15+00:00","og_image":[{"width":2048,"height":1365,"url":"https:\/\/www.meydan.tv\/wp-content\/uploads\/37636.jpg","type":"image\/jpeg"}],"author":"user-manager","twitter_card":"summary_large_image","schema":{"@context":"https:\/\/schema.org","@graph":[{"@type":"Article","@id":"https:\/\/www.meydan.tv\/az\/article\/muharibeye-hazirlasan-usaqlar\/#article","isPartOf":{"@id":"https:\/\/www.meydan.tv\/az\/article\/muharibeye-hazirlasan-usaqlar\/"},"author":{"name":"user-manager","@id":"https:\/\/www.meydan.tv\/az\/#\/schema\/person\/10d11eccf6da3662cf5fdab9806ea91a"},"headline":"M\u00fcharib\u0259y\u0259 haz\u0131rla\u015fan u\u015faqlar","datePublished":"2019-02-11T18:16:15+00:00","mainEntityOfPage":{"@id":"https:\/\/www.meydan.tv\/az\/article\/muharibeye-hazirlasan-usaqlar\/"},"wordCount":787,"publisher":{"@id":"https:\/\/www.meydan.tv\/az\/#organization"},"image":{"@id":"https:\/\/www.meydan.tv\/az\/article\/muharibeye-hazirlasan-usaqlar\/#primaryimage"},"thumbnailUrl":"https:\/\/www.meydan.tv\/wp-content\/uploads\/37636.jpg","articleSection":["M\u0259nim Fikrimc\u0259"],"inLanguage":"az"},{"@type":"WebPage","@id":"https:\/\/www.meydan.tv\/az\/article\/muharibeye-hazirlasan-usaqlar\/","url":"https:\/\/www.meydan.tv\/az\/article\/muharibeye-hazirlasan-usaqlar\/","name":"M\u00fcharib\u0259y\u0259 haz\u0131rla\u015fan u\u015faqlar - MEYDAN.TV","isPartOf":{"@id":"https:\/\/www.meydan.tv\/az\/#website"},"primaryImageOfPage":{"@id":"https:\/\/www.meydan.tv\/az\/article\/muharibeye-hazirlasan-usaqlar\/#primaryimage"},"image":{"@id":"https:\/\/www.meydan.tv\/az\/article\/muharibeye-hazirlasan-usaqlar\/#primaryimage"},"thumbnailUrl":"https:\/\/www.meydan.tv\/wp-content\/uploads\/37636.jpg","datePublished":"2019-02-11T18:16:15+00:00","breadcrumb":{"@id":"https:\/\/www.meydan.tv\/az\/article\/muharibeye-hazirlasan-usaqlar\/#breadcrumb"},"inLanguage":"az","potentialAction":[{"@type":"ReadAction","target":["https:\/\/www.meydan.tv\/az\/article\/muharibeye-hazirlasan-usaqlar\/"]}]},{"@type":"ImageObject","inLanguage":"az","@id":"https:\/\/www.meydan.tv\/az\/article\/muharibeye-hazirlasan-usaqlar\/#primaryimage","url":"https:\/\/www.meydan.tv\/wp-content\/uploads\/37636.jpg","contentUrl":"https:\/\/www.meydan.tv\/wp-content\/uploads\/37636.jpg","width":2048,"height":1365,"caption":"Source:"},{"@type":"BreadcrumbList","@id":"https:\/\/www.meydan.tv\/az\/article\/muharibeye-hazirlasan-usaqlar\/#breadcrumb","itemListElement":[{"@type":"ListItem","position":1,"name":"Ana s\u0259hif\u0259","item":"https:\/\/www.meydan.tv\/az\/"},{"@type":"ListItem","position":2,"name":"M\u0259nim Fikrimc\u0259","item":"https:\/\/www.meydan.tv\/az\/section\/menim-fikrimce\/"},{"@type":"ListItem","position":3,"name":"M\u00fcharib\u0259y\u0259 haz\u0131rla\u015fan u\u015faqlar"}]},{"@type":"WebSite","@id":"https:\/\/www.meydan.tv\/az\/#website","url":"https:\/\/www.meydan.tv\/az\/","name":"MEYDAN.TV","description":"Meydan TV Az\u0259rbaycan\u0131n media m\u0259kan\u0131ndak\u0131 alternativ s\u0259sidir","publisher":{"@id":"https:\/\/www.meydan.tv\/az\/#organization"},"potentialAction":[{"@type":"SearchAction","target":{"@type":"EntryPoint","urlTemplate":"https:\/\/www.meydan.tv\/az\/?s={search_term_string}"},"query-input":{"@type":"PropertyValueSpecification","valueRequired":true,"valueName":"search_term_string"}}],"inLanguage":"az"},{"@type":"Organization","@id":"https:\/\/www.meydan.tv\/az\/#organization","name":"Meydan TV","url":"https:\/\/www.meydan.tv\/az\/","logo":{"@type":"ImageObject","inLanguage":"az","@id":"https:\/\/www.meydan.tv\/az\/#\/schema\/logo\/image\/","url":"https:\/\/www.meydan.tv\/wp-content\/uploads\/2021\/07\/meydan-logo.svg","contentUrl":"https:\/\/www.meydan.tv\/wp-content\/uploads\/2021\/07\/meydan-logo.svg","width":195,"height":46,"caption":"Meydan TV"},"image":{"@id":"https:\/\/www.meydan.tv\/az\/#\/schema\/logo\/image\/"}},{"@type":"Person","@id":"https:\/\/www.meydan.tv\/az\/#\/schema\/person\/10d11eccf6da3662cf5fdab9806ea91a","name":"user-manager"}]}},"_links":{"self":[{"href":"https:\/\/www.meydan.tv\/az\/wp-json\/wp\/v2\/posts\/193941","targetHints":{"allow":["GET"]}}],"collection":[{"href":"https:\/\/www.meydan.tv\/az\/wp-json\/wp\/v2\/posts"}],"about":[{"href":"https:\/\/www.meydan.tv\/az\/wp-json\/wp\/v2\/types\/post"}],"author":[{"embeddable":true,"href":"https:\/\/www.meydan.tv\/az\/wp-json\/wp\/v2\/users\/11"}],"replies":[{"embeddable":true,"href":"https:\/\/www.meydan.tv\/az\/wp-json\/wp\/v2\/comments?post=193941"}],"version-history":[{"count":0,"href":"https:\/\/www.meydan.tv\/az\/wp-json\/wp\/v2\/posts\/193941\/revisions"}],"wp:featuredmedia":[{"embeddable":true,"href":"https:\/\/www.meydan.tv\/az\/wp-json\/wp\/v2\/media\/95247"}],"wp:attachment":[{"href":"https:\/\/www.meydan.tv\/az\/wp-json\/wp\/v2\/media?parent=193941"}],"wp:term":[{"taxonomy":"category","embeddable":true,"href":"https:\/\/www.meydan.tv\/az\/wp-json\/wp\/v2\/categories?post=193941"},{"taxonomy":"post_tag","embeddable":true,"href":"https:\/\/www.meydan.tv\/az\/wp-json\/wp\/v2\/tags?post=193941"}],"curies":[{"name":"wp","href":"https:\/\/api.w.org\/{rel}","templated":true}]}}