{"id":193938,"date":"2019-02-11T16:53:11","date_gmt":"2019-02-11T16:53:11","guid":{"rendered":"https:\/\/www.meydan.tv\/article\/goranboylu-aile-ovladlarimiz-acliqdan-olme-tehlukesi-ile-uz-uzedir\/"},"modified":"2019-02-11T16:53:11","modified_gmt":"2019-02-11T16:53:11","slug":"goranboylu-aile-ovladlarimiz-acliqdan-olme-tehlukesi-ile-uz-uzedir","status":"publish","type":"post","link":"https:\/\/www.meydan.tv\/az\/article\/goranboylu-aile-ovladlarimiz-acliqdan-olme-tehlukesi-ile-uz-uzedir\/","title":{"rendered":"Goranboylu ail\u0259: \u00d6vladlar\u0131m\u0131z acl\u0131qdan \u00f6lm\u0259 t\u0259hl\u00fck\u0259si il\u0259 \u00fcz-\u00fcz\u0259dir"},"content":{"rendered":"<p>\n  <i><br \/>\n    \u201c\u0130lham \u018fliyev\u0259 bel\u0259 \u015feyl\u0259ri g\u00f6st\u0259rmirl\u0259r\u201d<br \/>\n  <\/i>\n<\/p>\n<p>\n  \u201cBiz b\u0259lk\u0259 d\u0259 respublikan\u0131n \u0259n kas\u0131b ail\u0259l\u0259rind\u0259n biriyik. 4 u\u015faq, 2 b\u00f6y\u00fck ayda 55 manatl\u0131q \u0259lil pensiyas\u0131n\u0131n \u00fcmidin\u0259yik\u201d.\n<\/p>\n<p>\n  Goranboy rayonu Nadirk\u0259nd k\u0259ndinin sakini, 4 u\u015faq anas\u0131 G\u00fcl\u0259r Q\u0259hr\u0259manzad\u0259 bel\u0259 deyir. Bildirir ki, \u0259vv\u0259l imkanlar\u0131 yax\u015f\u0131 olub. H\u0259yat yolda\u015f\u0131 yax\u015f\u0131 usta imi\u015f. \u00c7al\u0131\u015f\u0131b, ail\u0259sini doland\u0131r\u0131rm\u0131\u015f. Son 10 ild\u0259 onun m\u0259d\u0259 v\u0259 ba\u011f\u0131rsa\u011f\u0131nda g\u00f6b\u0259l\u0259k x\u0259st\u0259liyi yaran\u0131b. O g\u00fcn, bu g\u00fcnd\u00fcr ail\u0259nin maddi v\u0259ziyy\u0259ti a\u011f\u0131rla\u015fa-a\u011f\u0131rla\u015fa gedib. Bir m\u00fcdd\u0259t \u0259ll\u0259rind\u0259 olan\u0131 satmaqla dolan\u0131blar. \u0130ndi satma\u011fa da n\u0259s\u0259 qalmay\u0131b.\n<\/p>\n<blockquote><p>\n  Evimiz\u0259 ayda 55 manatdan ba\u015fqa pul girmir\n<\/p><\/blockquote>\n<p>\n  G.Q\u0259hr\u0259manzad\u0259 deyir ki, d\u0259f\u0259l\u0259rl\u0259 m\u00fcraci\u0259t etm\u0259l\u0259rin\u0259 baxmayaraq, d\u00f6vl\u0259td\u0259n he\u00e7 n\u0259 g\u00f6rm\u0259yibl\u0259r:\n<\/p>\n<p>\n  \u201cM\u00fcraci\u0259t etm\u0259diyimiz yer, d\u00f6ym\u0259diyimiz qap\u0131 qalmay\u0131b. \u00dcnvanl\u0131 sosial yard\u0131m \u00fc\u00e7\u00fcn d\u0259 m\u00fcraci\u0259t etmi\u015fik. Gah deyirl\u0259r, d\u00fc\u015fm\u00fcr, gah da min bir s\u0259n\u0259d t\u0259l\u0259b edir, i\u015fi uzad\u0131rlar. Onu da deyim ki, h\u0259min s\u0259n\u0259dl\u0259ri toplamaq \u00fc\u00e7\u00fcn d\u0259 pul laz\u0131md\u0131r. O da bizd\u0259 yoxdur. G\u00f6zl\u0259m\u0259y\u0259 is\u0259 s\u0259brimiz qalmay\u0131b. U\u015faqlar\u0131m acl\u0131qdan \u00f6lm\u0259k t\u0259hl\u00fck\u0259si il\u0259 \u00fcz-\u00fcz\u0259dir. Yolda\u015f\u0131m\u0131n da h\u0259m m\u0259d\u0259-ba\u011f\u0131rsaq g\u00f6b\u0259l\u0259yi var, h\u0259m d\u0259 g\u00f6zd\u0259n 3-c\u00fc qrup \u0259lildir\u201d.\n<\/p>\n<figure class=\"wp-block-image size-large\">\n  <img decoding=\"async\" src=\"https:\/\/www.meydan.tv\/az\/117633\/\" alt=\"\" class=\"wp-image-117633\"\/><figcaption><\/figcaption><\/figure>\n<blockquote><p>\n  N\u0259 vaxtacan qon\u015fu 1 vedr\u0259 un ver\u0259c\u0259k, dostlar i\u015f\u0131q pulumuzu \u00f6d\u0259y\u0259c\u0259k\n<\/p><\/blockquote>\n<p>\n  G\u00fcl\u0259r Q\u0259hr\u0259manzad\u0259 deyir ki, evl\u0259rin\u0259 h\u0259yat yolda\u015f\u0131n\u0131n \u0259lilliy\u0259 g\u00f6r\u0259 ald\u0131\u011f\u0131 ayl\u0131q 55 manatdan ba\u015fqa pul girmir. Onu da bilmir, x\u0259st\u0259 yolda\u015f\u0131n\u0131n iyn\u0259-d\u0259rman\u0131na versin, yoxsa 4 n\u0259f\u0259r m\u0259kt\u0259bli u\u015fa\u011f\u0131n geyimin\u0259, yem\u0259yin\u0259, evl\u0259rinin kommunal x\u0259rcl\u0259rin\u0259 \u00f6d\u0259sin:\n<\/p>\n<p>\n  \u201cN\u0259 vaxtacan qon\u015fu 1 vedr\u0259 un ver\u0259c\u0259k, dostlar i\u015f\u0131q pulumuzu \u00f6d\u0259y\u0259c\u0259k v\u0259 ya m\u0259n anam\u0131n \u00fcst\u00fcn\u0259 qa\u00e7aca\u011fam? \u0130nan\u0131n, art\u0131q \u00fcz\u00fcm\u00fcn suyu da qalmay\u0131b, utan\u0131ram. He\u00e7 yerd\u0259n g\u0259lirimiz yoxdur. Buna baxmayaraq, d\u00f6vl\u0259t he\u00e7 bir k\u00f6m\u0259k etmir\u201d.\n<\/p>\n<blockquote><p>\n  \u00d6vladlar\u0131m m\u00f6htac v\u0259 ehtiyac i\u00e7ind\u0259 ya\u015fay\u0131r\n<\/p><\/blockquote>\n<p>\n  Xan\u0131m\u0131n h\u0259yat yolda\u015f\u0131 \u015eirxan A\u011fam\u0259mm\u0259dli deyir ki, \u00f6vladlar\u0131n\u0131n he\u00e7 kim\u0259 m\u00f6htac olmamas\u0131 \u00fc\u00e7\u00fcn h\u0259mi\u015f\u0259 \u0259lind\u0259n g\u0259l\u0259ni edib. Soyuqda, qarda ev tikib, t\u0259mir edib. He\u00e7 vaxt i\u015fd\u0259n qa\u00e7may\u0131b:\n<\/p>\n<p>\n  \u201cG\u00f6r\u00fcrs\u00fcn\u00fcz, m\u0259n n\u0259 q\u0259d\u0259r \u00e7al\u0131\u015fsam da, bacara bilm\u0259dim. Bu g\u00fcn \u00f6vladlar\u0131m m\u00f6htac v\u0259 ehtiyac i\u00e7ind\u0259 ya\u015fay\u0131r. Bir ata kimi bunu g\u00f6rm\u0259k m\u0259nim \u00fc\u00e7\u00fcn a\u011fr\u0131l\u0131d\u0131r. B\u00fct\u00fcn \u0259s\u0259bl\u0259rim korlan\u0131b. H\u0259m can\u0131m a\u011fr\u0131y\u0131r, h\u0259m d\u0259 \u015f\u0259raiti, ya\u015fay\u0131\u015f\u0131m\u0131z\u0131 g\u00f6r\u0259nd\u0259 \u00f6lm\u0259k ist\u0259yir\u0259m. 4 u\u015faqd\u0131, \u00f6z\u00fcm d\u0259 x\u0259st\u0259. Ald\u0131\u011f\u0131m da 55 manat. He\u00e7 d\u0259rmanlar\u0131m\u0131 \u00f6d\u0259mir. U\u015faqlar m\u0259kt\u0259b\u0259 gedir. \u00c7atd\u0131r\u0131b \u0259yin-ba\u015f ala bilmirik. D\u0259ft\u0259r dolur, q\u0259l\u0259m qurtar\u0131r, alma\u011fa 10 q\u0259piyimiz olmur. Ayaqqab\u0131lar\u0131 yoxdur. \u0130mkans\u0131zl\u0131\u011f\u0131m\u0131z\u0131 da g\u00f6r\u00fcrs\u00fcz. Evimizin \u0259\u015fyas\u0131n\u0131 da sat\u0131b qurtarm\u0131\u015f\u0131q\u201d.\n<\/p>\n<figure class=\"wp-block-image size-large\">\n  <img decoding=\"async\" src=\"https:\/\/www.meydan.tv\/az\/guler-qehremanzade\/\" alt=\"G\u00fcl\u0259r Q\u0259hr\u0259manzad\u0259\" class=\"wp-image-117636\"\/><figcaption>\n    G\u00fcl\u0259r Q\u0259hr\u0259manzad\u0259<br \/>\n  <\/figcaption><\/figure>\n<blockquote><p>\n  N\u0259 olar, d\u00f6vl\u0259t bizim \u0259limizd\u0259n tuta, d\u0259st\u0259k ola\n<\/p><\/blockquote>\n<p>\n  \u015e.A\u011fam\u0259mm\u0259dli deyir ki, i\u015f qabiliyy\u0259tini itirm\u0259s\u0259ydi, onlar\u0131n bu g\u00fcn n\u0259 sosial yard\u0131ma, n\u0259 pensiyaya, n\u0259 d\u0259 kiml\u0259rins\u0259 k\u00f6m\u0259yin\u0259 ehtiyaclar\u0131 vard\u0131:\n<\/p>\n<p>\n  \u201cN\u0259 ed\u0259 bil\u0259r\u0259m ki, x\u0259st\u0259l\u0259ndim. B\u0259zi \u015feyl\u0259r var ki, insan\u0131n \u0259lind\u0259 deyil, qism\u0259tmi deyim, talemi deyim, bilmir\u0259m. U\u015faqlar g\u00fcn\u00fc-g\u00fcnd\u0259n b\u00f6y\u00fcy\u00fcr, ehtiyaclar\u0131 art\u0131r. X\u0259st\u0259liyim is\u0259 g\u00fcn\u00fc-g\u00fcnd\u0259n ir\u0259lil\u0259yir, m\u00fcalic\u0259 laz\u0131md\u0131r. N\u0259 olar, d\u00f6vl\u0259t bizim \u0259limizd\u0259n tuta, d\u0259st\u0259k ola. Deyir\u0259m e, amma he\u00e7 \u00f6z\u00fcm\u00fcn d\u0259 \u00fcmidim yoxdur. \u0130lham \u018fliyev durub m\u0259nim bu dedikl\u0259rimi n\u0259 oxuyand\u0131, n\u0259 d\u0259 biz\u0259 k\u00f6m\u0259k ed\u0259n. Oxusa, ed\u0259r b\u0259lk\u0259, amma \u00e7\u0259tin ki, bel\u0259 \u015feyl\u0259ri ona g\u00f6st\u0259r\u0259l\u0259r\u201d.\n<\/p>\n<blockquote><p>\n  Sabah n\u0259 yey\u0259c\u0259yimiz\u0259 \u00fcmidimiz yoxdur\n<\/p><\/blockquote>\n<p>\n  G\u00fcl\u0259r Q\u0259hr\u0259manzad\u0259 yayda sah\u0259l\u0259rd\u0259 ala\u011fa gedir, g\u00fcnd\u0259lik ald\u0131\u011f\u0131 pulla ail\u0259sini birt\u0259h\u0259r v\u0259ziyy\u0259td\u0259n \u00e7\u0131xar\u0131r. Ya da qon\u015fular\u0131n h\u0259y\u0259tl\u0259rind\u0259, evl\u0259rind\u0259 i\u015fl\u0259yir. Yayda h\u0259m d\u0259 yun yuyur, buradan qazand\u0131\u011f\u0131 pulla da u\u015faqlar\u0131n\u0131n m\u0259kt\u0259b bazarl\u0131\u011f\u0131n\u0131 edir. Ancaq q\u0131\u015fda ail\u0259nin v\u0259ziyy\u0259ti pisl\u0259\u015fir.\n<\/p>\n<p>\n  Ana deyir ki, rayon icra hakimiyy\u0259tin\u0259 v\u0259ziyy\u0259tl\u0259ril\u0259 ba\u011fl\u0131 d\u0259f\u0259l\u0259rl\u0259 m\u00fcraci\u0259t edib. \u201cK\u0259ndlisiniz, gedin, \u0259kin, bi\u00e7in, dolan\u0131n\u201d, &#8211; cavab\u0131n\u0131 al\u0131b:\n<\/p>\n<p>\n  \u201cMTK-n\u0131n yerind\u0259 pamb\u0131q y\u0131\u011fd\u0131\u011f\u0131ma g\u00f6r\u0259, g\u0259tirib bir ne\u00e7\u0259 sot torpaq verdil\u0259r. Onu da \u0259kib-bec\u0259r\u0259 bilmir\u0259m. \u00c7\u00fcnki su, toxum, d\u0259rman laz\u0131md\u0131r. Bunlar\u0131 alma\u011fa pulum yoxdur. Deyir\u0259m, sabah n\u0259 yey\u0259c\u0259yimiz\u0259 \u00fcmidimiz yoxdur, qald\u0131, x\u0259rc \u00e7\u0259kib, torpaq \u0259k\u0259m. \u018fkib-bi\u00e7\u0259n adamam, sad\u0259c\u0259 ba\u015flamaq \u00fc\u00e7\u00fcn maya yoxdur. \u018fkdiyinin d\u0259 g\u0259r\u0259k vaxtl\u0131-vaxt\u0131nda d\u0259rman\u0131n\u0131 ed\u0259s\u0259n ax\u0131\u201d.\n<\/p>\n<figure class=\"wp-block-image size-large\">\n  <img decoding=\"async\" src=\"https:\/\/www.meydan.tv\/az\/117642\/\" alt=\"\" class=\"wp-image-117642\"\/><figcaption><\/figcaption><\/figure>\n<blockquote><p>\n  B\u00fct\u00fcn cehizimi, q\u0131z\u0131l\u0131m\u0131, d\u0259y\u0259rli olan h\u0259r \u015feyi satm\u0131\u015f\u0131q\n<\/p><\/blockquote>\n<p>\n  G.Q\u0259hr\u0259manzad\u0259 deyir ki, g\u00fcn\u00fc-g\u00fcnd\u0259n yolda\u015f\u0131n\u0131n v\u0259ziyy\u0259ti a\u011f\u0131rla\u015f\u0131r. Bununla onlar\u0131n ya\u015fay\u0131\u015f\u0131 da \u00e7\u0259tinl\u0259\u015fir:\n<\/p>\n<p>\n  \u201cAylarla evimd\u0259 \u00e7\u00f6r\u0259yim olmur. Dostumuz g\u0259lir 5 manatl\u0131q i\u015f\u0131\u011f\u0131m\u0131z\u0131 vurur ki, s\u00f6nd\u00fcrm\u0259sinl\u0259r. Qazda i\u015fl\u0259y\u0259n qay\u0131n\u0131m\u0131n dostudur, yalvar-yaxar etmi\u015fik ki, k\u0259sm\u0259yin, q\u0131\u015f\u0131n g\u00fcn\u00fcd\u00fcr, u\u015faq var, x\u0259st\u0259 var. Borcun 200 manata \u00e7atma\u011f\u0131na az qal\u0131b. Evd\u0259-e\u015fikd\u0259 d\u0259 bax\u0131n, he\u00e7 n\u0259 qalmay\u0131b. Ham\u0131s\u0131n\u0131, b\u00fct\u00fcn cehizimi, q\u0131z\u0131l\u0131m\u0131, d\u0259y\u0259rli n\u0259yim varsa, ham\u0131s\u0131n\u0131 satm\u0131\u015fam. U\u015faqlar\u0131n yatma\u011fa yata\u011f\u0131 yoxdur, sat\u0131l\u0131b gedib. Bu soyu\u011fun g\u00fcn\u00fcnd\u0259 d\u00f6\u015f\u0259nib yerd\u0259n yat\u0131rlar. \u018flimd\u0259 s\u0259n\u0259dim yoxdur, t\u0259hsilsiz\u0259m. Bar\u0131 heyvan versinl\u0259r, b\u0259lk\u0259 onunla dolanar\u0131q\u201d.\n<\/p>\n<blockquote><p>\n  Ya\u011f\u0131\u015fda, qarda, paltars\u0131z, ayaqqab\u0131s\u0131z u\u015faq g\u00f6nd\u0259rir\u0259m m\u0259kt\u0259b\u0259\n<\/p><\/blockquote>\n<p>\n  G.Q\u0259hr\u0259manzad\u0259 deyir ki, bilmir, ba\u015f\u0131 \u00e7\u0131xm\u0131r. V\u0259ziyy\u0259td\u0259n nec\u0259 \u00e7\u0131xaca\u011f\u0131n\u0131 d\u00fc\u015f\u00fcn\u0259 bilmir. Odur ki, prezident\u0259, Birinci vitse-prezident Mehriban \u018fliyevaya m\u00fcraci\u0259t edir. Onlardan ail\u0259sinin d\u00fc\u015fd\u00fcy\u00fc \u00e7\u0259tin durumdan onlar\u0131 \u00e7\u0131xarmalar\u0131n\u0131 xahi\u015f edir:\n<\/p>\n<p>\n  \u201c\u018flimizd\u0259n tutun, d\u0259st\u0259k olun, k\u00f6m\u0259k edin. Biz d\u0259 Az\u0259rbaycan v\u0259t\u0259nda\u015f\u0131y\u0131q. Vallah, \u015f\u0259raitim yoxdur, u\u015faq b\u00f6y\u00fcd\u00fcr\u0259m. Nolar, biz\u0259 k\u00f6m\u0259k edin. Yolda\u015f\u0131m\u0131n ald\u0131\u011f\u0131 pensiyaya \u0259limizi d\u0259 vurmuruq, el\u0259 iyn\u0259 d\u0259rman\u0131na veririk. Ail\u0259likc\u0259 \u00e7ox pis v\u0259ziyy\u0259td\u0259yik. Ya\u011f\u0131\u015fda, qarda, paltars\u0131z, ayaqqab\u0131s\u0131z u\u015faq g\u00f6nd\u0259rir\u0259m m\u0259kt\u0259b\u0259. Ham\u0131s\u0131 da \u0259la\u00e7\u0131d\u0131r\u201d.\n<\/p>\n<blockquote><p>\n  \u0130cra Hakimiyy\u0259ti: Biz\u0259 m\u00fcraci\u0259t edilm\u0259yib, edils\u0259ydi, bil\u0259rdik\n<\/p><\/blockquote>\n<p>\n  Goranboy Rayon \u0130cra Hakimiyy\u0259tind\u0259n Meydan TV-y\u0259 h\u0259min ail\u0259nin v\u0259ziyy\u0259tind\u0259n x\u0259b\u0259rsiz olduqlar\u0131n\u0131 deyibl\u0259r:\n<\/p>\n<p>\n  \u201cBiz\u0259 m\u00fcraci\u0259t edilm\u0259yib, edils\u0259ydi, bil\u0259rdik. \u015eikay\u0259t edirl\u0259r ki, m\u00fcraci\u0259t etmi\u015fik, amma i\u015fimiz\u0259 baxmay\u0131blar. Onu deyim ki, bura m\u00fcraci\u0259t ed\u0259n kims\u0259 \u0259libo\u015f geri qaytar\u0131lm\u0131r. M\u00fctl\u0259q k\u00f6m\u0259k edirik, d\u0259st\u0259k veririk. Bu ail\u0259 \u00fc\u00e7\u00fcn d\u0259 \u0259limizd\u0259n g\u0259l\u0259ni ed\u0259rdik\u201d.\n<\/p>\n<p>\n  \u0130cra Hakimiyy\u0259tind\u0259n ail\u0259nin \u0259laq\u0259 n\u00f6mr\u0259l\u0259rini g\u00f6t\u00fcr\u00fcb, onlarla \u0259laq\u0259 saxlay\u0131b, k\u00f6m\u0259k ed\u0259c\u0259kl\u0259rini bildiribl\u0259r.\n<\/p>\n<p>\n  Sosial M\u00fcdafi\u0259 Fondunun Goranboy Rayon \u015e\u00f6b\u0259sind\u0259n is\u0259 bildiribl\u0259r ki, bu bar\u0259d\u0259 yard\u0131m \u015f\u00f6b\u0259si il\u0259 \u0259laq\u0259 saxlayacaqlar:\n<\/p>\n<p>\n  \u201cH\u0259min ail\u0259 h\u0259qiq\u0259t\u0259n biz\u0259 m\u00fcraci\u0259t edibmi, \u0259g\u0259r edibs\u0259, onlara niy\u0259 r\u0259dd cavab\u0131 verilib, ham\u0131s\u0131n\u0131 ara\u015fd\u0131raca\u011f\u0131q. Biz \u00f6z\u00fcm\u00fcz ail\u0259 il\u0259 d\u0259 \u0259laq\u0259 saxlayaca\u011f\u0131q\u201d.\n<\/p>\n<figure class=\"wp-block-image size-large\">\n  <img decoding=\"async\" src=\"https:\/\/www.meydan.tv\/az\/117639\/\" alt=\"\" class=\"wp-image-117639\"\/><figcaption><\/figcaption><\/figure>\n<figure class=\"wp-block-image size-large\">\n  <img decoding=\"async\" src=\"https:\/\/www.meydan.tv\/az\/117648\/\" alt=\"\" class=\"wp-image-117648\"\/><figcaption><\/figcaption><\/figure>\n","protected":false},"excerpt":{"rendered":"<p>\u201c\u0130lham \u018fliyev\u0259 bel\u0259 \u015feyl\u0259ri g\u00f6st\u0259rmirl\u0259r\u201d<\/p>\n","protected":false},"author":11,"featured_media":117645,"comment_status":"closed","ping_status":"open","sticky":false,"template":"","format":"standard","meta":{"_acf_changed":false,"_sitemap_exclude":false,"_sitemap_priority":"","_sitemap_frequency":"","footnotes":""},"categories":[60],"tags":[],"class_list":["post-193938","post","type-post","status-publish","format-standard","has-post-thumbnail","hentry","category-bolge","infinite-scroll-item","generate-columns","tablet-grid-50","mobile-grid-100","grid-parent","grid-33","no-featured-image-padding"],"acf":[],"yoast_head":"<!-- This site is optimized with the Yoast SEO plugin v27.4 - https:\/\/yoast.com\/product\/yoast-seo-wordpress\/ -->\n<title>Goranboylu ail\u0259: \u00d6vladlar\u0131m\u0131z acl\u0131qdan \u00f6lm\u0259 t\u0259hl\u00fck\u0259si il\u0259 \u00fcz-\u00fcz\u0259dir - MEYDAN.TV<\/title>\n<meta name=\"robots\" content=\"index, follow, max-snippet:-1, max-image-preview:large, max-video-preview:-1\" \/>\n<link rel=\"canonical\" href=\"https:\/\/www.meydan.tv\/az\/article\/goranboylu-aile-ovladlarimiz-acliqdan-olme-tehlukesi-ile-uz-uzedir\/\" \/>\n<meta property=\"og:locale\" content=\"az_AZ\" \/>\n<meta property=\"og:type\" content=\"article\" \/>\n<meta property=\"og:title\" content=\"Goranboylu ail\u0259: \u00d6vladlar\u0131m\u0131z acl\u0131qdan \u00f6lm\u0259 t\u0259hl\u00fck\u0259si il\u0259 \u00fcz-\u00fcz\u0259dir - MEYDAN.TV\" \/>\n<meta property=\"og:description\" content=\"\u201c\u0130lham \u018fliyev\u0259 bel\u0259 \u015feyl\u0259ri g\u00f6st\u0259rmirl\u0259r\u201d\" \/>\n<meta property=\"og:url\" content=\"https:\/\/www.meydan.tv\/az\/article\/goranboylu-aile-ovladlarimiz-acliqdan-olme-tehlukesi-ile-uz-uzedir\/\" \/>\n<meta property=\"og:site_name\" content=\"MEYDAN.TV\" \/>\n<meta property=\"article:published_time\" content=\"2019-02-11T16:53:11+00:00\" \/>\n<meta property=\"og:image\" content=\"https:\/\/www.meydan.tv\/wp-content\/uploads\/46896-scaled.jpg\" \/>\n\t<meta property=\"og:image:width\" content=\"2560\" \/>\n\t<meta property=\"og:image:height\" content=\"1920\" \/>\n\t<meta property=\"og:image:type\" content=\"image\/jpeg\" \/>\n<meta name=\"author\" content=\"user-manager\" \/>\n<meta name=\"twitter:card\" content=\"summary_large_image\" \/>\n<script type=\"application\/ld+json\" class=\"yoast-schema-graph\">{\"@context\":\"https:\\\/\\\/schema.org\",\"@graph\":[{\"@type\":\"Article\",\"@id\":\"https:\\\/\\\/www.meydan.tv\\\/az\\\/article\\\/goranboylu-aile-ovladlarimiz-acliqdan-olme-tehlukesi-ile-uz-uzedir\\\/#article\",\"isPartOf\":{\"@id\":\"https:\\\/\\\/www.meydan.tv\\\/az\\\/article\\\/goranboylu-aile-ovladlarimiz-acliqdan-olme-tehlukesi-ile-uz-uzedir\\\/\"},\"author\":{\"name\":\"user-manager\",\"@id\":\"https:\\\/\\\/www.meydan.tv\\\/az\\\/#\\\/schema\\\/person\\\/10d11eccf6da3662cf5fdab9806ea91a\"},\"headline\":\"Goranboylu ail\u0259: \u00d6vladlar\u0131m\u0131z acl\u0131qdan \u00f6lm\u0259 t\u0259hl\u00fck\u0259si il\u0259 \u00fcz-\u00fcz\u0259dir\",\"datePublished\":\"2019-02-11T16:53:11+00:00\",\"mainEntityOfPage\":{\"@id\":\"https:\\\/\\\/www.meydan.tv\\\/az\\\/article\\\/goranboylu-aile-ovladlarimiz-acliqdan-olme-tehlukesi-ile-uz-uzedir\\\/\"},\"wordCount\":1487,\"publisher\":{\"@id\":\"https:\\\/\\\/www.meydan.tv\\\/az\\\/#organization\"},\"image\":{\"@id\":\"https:\\\/\\\/www.meydan.tv\\\/az\\\/article\\\/goranboylu-aile-ovladlarimiz-acliqdan-olme-tehlukesi-ile-uz-uzedir\\\/#primaryimage\"},\"thumbnailUrl\":\"https:\\\/\\\/www.meydan.tv\\\/wp-content\\\/uploads\\\/46896-scaled.jpg\",\"articleSection\":[\"B\u00f6lg\u0259\"],\"inLanguage\":\"az\"},{\"@type\":\"WebPage\",\"@id\":\"https:\\\/\\\/www.meydan.tv\\\/az\\\/article\\\/goranboylu-aile-ovladlarimiz-acliqdan-olme-tehlukesi-ile-uz-uzedir\\\/\",\"url\":\"https:\\\/\\\/www.meydan.tv\\\/az\\\/article\\\/goranboylu-aile-ovladlarimiz-acliqdan-olme-tehlukesi-ile-uz-uzedir\\\/\",\"name\":\"Goranboylu ail\u0259: \u00d6vladlar\u0131m\u0131z acl\u0131qdan \u00f6lm\u0259 t\u0259hl\u00fck\u0259si il\u0259 \u00fcz-\u00fcz\u0259dir - MEYDAN.TV\",\"isPartOf\":{\"@id\":\"https:\\\/\\\/www.meydan.tv\\\/az\\\/#website\"},\"primaryImageOfPage\":{\"@id\":\"https:\\\/\\\/www.meydan.tv\\\/az\\\/article\\\/goranboylu-aile-ovladlarimiz-acliqdan-olme-tehlukesi-ile-uz-uzedir\\\/#primaryimage\"},\"image\":{\"@id\":\"https:\\\/\\\/www.meydan.tv\\\/az\\\/article\\\/goranboylu-aile-ovladlarimiz-acliqdan-olme-tehlukesi-ile-uz-uzedir\\\/#primaryimage\"},\"thumbnailUrl\":\"https:\\\/\\\/www.meydan.tv\\\/wp-content\\\/uploads\\\/46896-scaled.jpg\",\"datePublished\":\"2019-02-11T16:53:11+00:00\",\"breadcrumb\":{\"@id\":\"https:\\\/\\\/www.meydan.tv\\\/az\\\/article\\\/goranboylu-aile-ovladlarimiz-acliqdan-olme-tehlukesi-ile-uz-uzedir\\\/#breadcrumb\"},\"inLanguage\":\"az\",\"potentialAction\":[{\"@type\":\"ReadAction\",\"target\":[\"https:\\\/\\\/www.meydan.tv\\\/az\\\/article\\\/goranboylu-aile-ovladlarimiz-acliqdan-olme-tehlukesi-ile-uz-uzedir\\\/\"]}]},{\"@type\":\"ImageObject\",\"inLanguage\":\"az\",\"@id\":\"https:\\\/\\\/www.meydan.tv\\\/az\\\/article\\\/goranboylu-aile-ovladlarimiz-acliqdan-olme-tehlukesi-ile-uz-uzedir\\\/#primaryimage\",\"url\":\"https:\\\/\\\/www.meydan.tv\\\/wp-content\\\/uploads\\\/46896-scaled.jpg\",\"contentUrl\":\"https:\\\/\\\/www.meydan.tv\\\/wp-content\\\/uploads\\\/46896-scaled.jpg\",\"width\":2560,\"height\":1920,\"caption\":\"Source:\"},{\"@type\":\"BreadcrumbList\",\"@id\":\"https:\\\/\\\/www.meydan.tv\\\/az\\\/article\\\/goranboylu-aile-ovladlarimiz-acliqdan-olme-tehlukesi-ile-uz-uzedir\\\/#breadcrumb\",\"itemListElement\":[{\"@type\":\"ListItem\",\"position\":1,\"name\":\"Ana s\u0259hif\u0259\",\"item\":\"https:\\\/\\\/www.meydan.tv\\\/az\\\/\"},{\"@type\":\"ListItem\",\"position\":2,\"name\":\"B\u00f6lg\u0259\",\"item\":\"https:\\\/\\\/www.meydan.tv\\\/az\\\/section\\\/bolge\\\/\"},{\"@type\":\"ListItem\",\"position\":3,\"name\":\"Goranboylu ail\u0259: \u00d6vladlar\u0131m\u0131z acl\u0131qdan \u00f6lm\u0259 t\u0259hl\u00fck\u0259si il\u0259 \u00fcz-\u00fcz\u0259dir\"}]},{\"@type\":\"WebSite\",\"@id\":\"https:\\\/\\\/www.meydan.tv\\\/az\\\/#website\",\"url\":\"https:\\\/\\\/www.meydan.tv\\\/az\\\/\",\"name\":\"MEYDAN.TV\",\"description\":\"Meydan TV Az\u0259rbaycan\u0131n media m\u0259kan\u0131ndak\u0131 alternativ s\u0259sidir\",\"publisher\":{\"@id\":\"https:\\\/\\\/www.meydan.tv\\\/az\\\/#organization\"},\"potentialAction\":[{\"@type\":\"SearchAction\",\"target\":{\"@type\":\"EntryPoint\",\"urlTemplate\":\"https:\\\/\\\/www.meydan.tv\\\/az\\\/?s={search_term_string}\"},\"query-input\":{\"@type\":\"PropertyValueSpecification\",\"valueRequired\":true,\"valueName\":\"search_term_string\"}}],\"inLanguage\":\"az\"},{\"@type\":\"Organization\",\"@id\":\"https:\\\/\\\/www.meydan.tv\\\/az\\\/#organization\",\"name\":\"Meydan TV\",\"url\":\"https:\\\/\\\/www.meydan.tv\\\/az\\\/\",\"logo\":{\"@type\":\"ImageObject\",\"inLanguage\":\"az\",\"@id\":\"https:\\\/\\\/www.meydan.tv\\\/az\\\/#\\\/schema\\\/logo\\\/image\\\/\",\"url\":\"https:\\\/\\\/www.meydan.tv\\\/wp-content\\\/uploads\\\/2021\\\/07\\\/meydan-logo.svg\",\"contentUrl\":\"https:\\\/\\\/www.meydan.tv\\\/wp-content\\\/uploads\\\/2021\\\/07\\\/meydan-logo.svg\",\"width\":195,\"height\":46,\"caption\":\"Meydan TV\"},\"image\":{\"@id\":\"https:\\\/\\\/www.meydan.tv\\\/az\\\/#\\\/schema\\\/logo\\\/image\\\/\"}},{\"@type\":\"Person\",\"@id\":\"https:\\\/\\\/www.meydan.tv\\\/az\\\/#\\\/schema\\\/person\\\/10d11eccf6da3662cf5fdab9806ea91a\",\"name\":\"user-manager\"}]}<\/script>\n<!-- \/ Yoast SEO plugin. -->","yoast_head_json":{"title":"Goranboylu ail\u0259: \u00d6vladlar\u0131m\u0131z acl\u0131qdan \u00f6lm\u0259 t\u0259hl\u00fck\u0259si il\u0259 \u00fcz-\u00fcz\u0259dir - MEYDAN.TV","robots":{"index":"index","follow":"follow","max-snippet":"max-snippet:-1","max-image-preview":"max-image-preview:large","max-video-preview":"max-video-preview:-1"},"canonical":"https:\/\/www.meydan.tv\/az\/article\/goranboylu-aile-ovladlarimiz-acliqdan-olme-tehlukesi-ile-uz-uzedir\/","og_locale":"az_AZ","og_type":"article","og_title":"Goranboylu ail\u0259: \u00d6vladlar\u0131m\u0131z acl\u0131qdan \u00f6lm\u0259 t\u0259hl\u00fck\u0259si il\u0259 \u00fcz-\u00fcz\u0259dir - MEYDAN.TV","og_description":"\u201c\u0130lham \u018fliyev\u0259 bel\u0259 \u015feyl\u0259ri g\u00f6st\u0259rmirl\u0259r\u201d","og_url":"https:\/\/www.meydan.tv\/az\/article\/goranboylu-aile-ovladlarimiz-acliqdan-olme-tehlukesi-ile-uz-uzedir\/","og_site_name":"MEYDAN.TV","article_published_time":"2019-02-11T16:53:11+00:00","og_image":[{"width":2560,"height":1920,"url":"https:\/\/www.meydan.tv\/wp-content\/uploads\/46896-scaled.jpg","type":"image\/jpeg"}],"author":"user-manager","twitter_card":"summary_large_image","schema":{"@context":"https:\/\/schema.org","@graph":[{"@type":"Article","@id":"https:\/\/www.meydan.tv\/az\/article\/goranboylu-aile-ovladlarimiz-acliqdan-olme-tehlukesi-ile-uz-uzedir\/#article","isPartOf":{"@id":"https:\/\/www.meydan.tv\/az\/article\/goranboylu-aile-ovladlarimiz-acliqdan-olme-tehlukesi-ile-uz-uzedir\/"},"author":{"name":"user-manager","@id":"https:\/\/www.meydan.tv\/az\/#\/schema\/person\/10d11eccf6da3662cf5fdab9806ea91a"},"headline":"Goranboylu ail\u0259: \u00d6vladlar\u0131m\u0131z acl\u0131qdan \u00f6lm\u0259 t\u0259hl\u00fck\u0259si il\u0259 \u00fcz-\u00fcz\u0259dir","datePublished":"2019-02-11T16:53:11+00:00","mainEntityOfPage":{"@id":"https:\/\/www.meydan.tv\/az\/article\/goranboylu-aile-ovladlarimiz-acliqdan-olme-tehlukesi-ile-uz-uzedir\/"},"wordCount":1487,"publisher":{"@id":"https:\/\/www.meydan.tv\/az\/#organization"},"image":{"@id":"https:\/\/www.meydan.tv\/az\/article\/goranboylu-aile-ovladlarimiz-acliqdan-olme-tehlukesi-ile-uz-uzedir\/#primaryimage"},"thumbnailUrl":"https:\/\/www.meydan.tv\/wp-content\/uploads\/46896-scaled.jpg","articleSection":["B\u00f6lg\u0259"],"inLanguage":"az"},{"@type":"WebPage","@id":"https:\/\/www.meydan.tv\/az\/article\/goranboylu-aile-ovladlarimiz-acliqdan-olme-tehlukesi-ile-uz-uzedir\/","url":"https:\/\/www.meydan.tv\/az\/article\/goranboylu-aile-ovladlarimiz-acliqdan-olme-tehlukesi-ile-uz-uzedir\/","name":"Goranboylu ail\u0259: \u00d6vladlar\u0131m\u0131z acl\u0131qdan \u00f6lm\u0259 t\u0259hl\u00fck\u0259si il\u0259 \u00fcz-\u00fcz\u0259dir - MEYDAN.TV","isPartOf":{"@id":"https:\/\/www.meydan.tv\/az\/#website"},"primaryImageOfPage":{"@id":"https:\/\/www.meydan.tv\/az\/article\/goranboylu-aile-ovladlarimiz-acliqdan-olme-tehlukesi-ile-uz-uzedir\/#primaryimage"},"image":{"@id":"https:\/\/www.meydan.tv\/az\/article\/goranboylu-aile-ovladlarimiz-acliqdan-olme-tehlukesi-ile-uz-uzedir\/#primaryimage"},"thumbnailUrl":"https:\/\/www.meydan.tv\/wp-content\/uploads\/46896-scaled.jpg","datePublished":"2019-02-11T16:53:11+00:00","breadcrumb":{"@id":"https:\/\/www.meydan.tv\/az\/article\/goranboylu-aile-ovladlarimiz-acliqdan-olme-tehlukesi-ile-uz-uzedir\/#breadcrumb"},"inLanguage":"az","potentialAction":[{"@type":"ReadAction","target":["https:\/\/www.meydan.tv\/az\/article\/goranboylu-aile-ovladlarimiz-acliqdan-olme-tehlukesi-ile-uz-uzedir\/"]}]},{"@type":"ImageObject","inLanguage":"az","@id":"https:\/\/www.meydan.tv\/az\/article\/goranboylu-aile-ovladlarimiz-acliqdan-olme-tehlukesi-ile-uz-uzedir\/#primaryimage","url":"https:\/\/www.meydan.tv\/wp-content\/uploads\/46896-scaled.jpg","contentUrl":"https:\/\/www.meydan.tv\/wp-content\/uploads\/46896-scaled.jpg","width":2560,"height":1920,"caption":"Source:"},{"@type":"BreadcrumbList","@id":"https:\/\/www.meydan.tv\/az\/article\/goranboylu-aile-ovladlarimiz-acliqdan-olme-tehlukesi-ile-uz-uzedir\/#breadcrumb","itemListElement":[{"@type":"ListItem","position":1,"name":"Ana s\u0259hif\u0259","item":"https:\/\/www.meydan.tv\/az\/"},{"@type":"ListItem","position":2,"name":"B\u00f6lg\u0259","item":"https:\/\/www.meydan.tv\/az\/section\/bolge\/"},{"@type":"ListItem","position":3,"name":"Goranboylu ail\u0259: \u00d6vladlar\u0131m\u0131z acl\u0131qdan \u00f6lm\u0259 t\u0259hl\u00fck\u0259si il\u0259 \u00fcz-\u00fcz\u0259dir"}]},{"@type":"WebSite","@id":"https:\/\/www.meydan.tv\/az\/#website","url":"https:\/\/www.meydan.tv\/az\/","name":"MEYDAN.TV","description":"Meydan TV Az\u0259rbaycan\u0131n media m\u0259kan\u0131ndak\u0131 alternativ s\u0259sidir","publisher":{"@id":"https:\/\/www.meydan.tv\/az\/#organization"},"potentialAction":[{"@type":"SearchAction","target":{"@type":"EntryPoint","urlTemplate":"https:\/\/www.meydan.tv\/az\/?s={search_term_string}"},"query-input":{"@type":"PropertyValueSpecification","valueRequired":true,"valueName":"search_term_string"}}],"inLanguage":"az"},{"@type":"Organization","@id":"https:\/\/www.meydan.tv\/az\/#organization","name":"Meydan TV","url":"https:\/\/www.meydan.tv\/az\/","logo":{"@type":"ImageObject","inLanguage":"az","@id":"https:\/\/www.meydan.tv\/az\/#\/schema\/logo\/image\/","url":"https:\/\/www.meydan.tv\/wp-content\/uploads\/2021\/07\/meydan-logo.svg","contentUrl":"https:\/\/www.meydan.tv\/wp-content\/uploads\/2021\/07\/meydan-logo.svg","width":195,"height":46,"caption":"Meydan TV"},"image":{"@id":"https:\/\/www.meydan.tv\/az\/#\/schema\/logo\/image\/"}},{"@type":"Person","@id":"https:\/\/www.meydan.tv\/az\/#\/schema\/person\/10d11eccf6da3662cf5fdab9806ea91a","name":"user-manager"}]}},"_links":{"self":[{"href":"https:\/\/www.meydan.tv\/az\/wp-json\/wp\/v2\/posts\/193938","targetHints":{"allow":["GET"]}}],"collection":[{"href":"https:\/\/www.meydan.tv\/az\/wp-json\/wp\/v2\/posts"}],"about":[{"href":"https:\/\/www.meydan.tv\/az\/wp-json\/wp\/v2\/types\/post"}],"author":[{"embeddable":true,"href":"https:\/\/www.meydan.tv\/az\/wp-json\/wp\/v2\/users\/11"}],"replies":[{"embeddable":true,"href":"https:\/\/www.meydan.tv\/az\/wp-json\/wp\/v2\/comments?post=193938"}],"version-history":[{"count":0,"href":"https:\/\/www.meydan.tv\/az\/wp-json\/wp\/v2\/posts\/193938\/revisions"}],"wp:featuredmedia":[{"embeddable":true,"href":"https:\/\/www.meydan.tv\/az\/wp-json\/wp\/v2\/media\/117645"}],"wp:attachment":[{"href":"https:\/\/www.meydan.tv\/az\/wp-json\/wp\/v2\/media?parent=193938"}],"wp:term":[{"taxonomy":"category","embeddable":true,"href":"https:\/\/www.meydan.tv\/az\/wp-json\/wp\/v2\/categories?post=193938"},{"taxonomy":"post_tag","embeddable":true,"href":"https:\/\/www.meydan.tv\/az\/wp-json\/wp\/v2\/tags?post=193938"}],"curies":[{"name":"wp","href":"https:\/\/api.w.org\/{rel}","templated":true}]}}