{"id":193921,"date":"2019-02-10T13:57:27","date_gmt":"2019-02-10T13:57:27","guid":{"rendered":"https:\/\/www.meydan.tv\/article\/isini-itiren-mecburi-kockunler-vilyam-haciyevle-gorusmeye-imkan-vermirler\/"},"modified":"2019-02-10T13:57:27","modified_gmt":"2019-02-10T13:57:27","slug":"isini-itiren-mecburi-kockunler-vilyam-haciyevle-gorusmeye-imkan-vermirler","status":"publish","type":"post","link":"https:\/\/www.meydan.tv\/az\/article\/isini-itiren-mecburi-kockunler-vilyam-haciyevle-gorusmeye-imkan-vermirler\/","title":{"rendered":"\u0130\u015fini itir\u0259n m\u0259cburi k\u00f6\u00e7k\u00fcnl\u0259r: Vilyam Hac\u0131yevl\u0259 g\u00f6r\u00fc\u015fm\u0259y\u0259 imkan vermirl\u0259r"},"content":{"rendered":"<p>\n  <i><br \/>\n    &#8221;\u0130cra ba\u015f\u00e7\u0131s\u0131n\u0131n tap\u015f\u0131r\u0131\u011f\u0131 il\u0259 t\u0259min olundu\u011fumuz i\u015fi \u0259limizd\u0259n al\u0131blar&#8221;<br \/>\n  <\/i>\n<\/p>\n<p>\n  \u0130mi\u015fli Rayon Kommunal \u0130stismar \u0130dar\u0259sind\u0259 \u00e7al\u0131\u015fan 10 n\u0259f\u0259r bu il i\u015fsiz qal\u0131b. Bu bar\u0259d\u0259 Meydan TV-y\u0259 m\u00fcraci\u0259t ed\u0259n v\u0259t\u0259nda\u015flar, yegan\u0259 g\u0259lir m\u0259nb\u0259l\u0259rinin \u0259ll\u0259rind\u0259n al\u0131nd\u0131\u011f\u0131 \u00fc\u00e7\u00fcn \u00fczg\u00fcn olduqlar\u0131n\u0131 s\u00f6yl\u0259yibl\u0259r.\n<\/p>\n<p>\n  \u201cF\u00fczulid\u0259n m\u0259cburi k\u00f6\u00e7k\u00fcn d\u00fc\u015fm\u00fc\u015f\u00fck. Biz\u0259 \u0130mi\u015fli rayonunun \u0259razisind\u0259 \u015f\u0259h\u0259rcik tikdil\u0259r. \u0130ll\u0259rdir burada ya\u015fay\u0131rd\u0131q. \u015e\u0259raitimizd\u0259n \u015fikay\u0259timiz yoxdur. Pis-yax\u015f\u0131 ham\u0131n\u0131n ev-e\u015fiyi var. Ancaq i\u015fsizlikd\u0259n \u0259ziyy\u0259t \u00e7\u0259kirdik. Ald\u0131\u011f\u0131m\u0131z \u00e7\u00f6r\u0259kpulu ail\u0259mizi doland\u0131rma\u011fa yetmirdi. Odur ki, \u0130mi\u015fli Rayon \u0130cra Hakimiyy\u0259tin\u0259 m\u00fcraci\u0259t etdik. \u0130cra ba\u015f\u00e7\u0131s\u0131 Vilyam Hac\u0131yev sa\u011f olsun, bizi 2016-c\u0131 ild\u0259 i\u015fl\u0259 t\u0259min etdi. \u0130ki qad\u0131n, s\u0259kkiz ki\u015fi olmaqla, ham\u0131m\u0131za \u0130mi\u015fli Rayon Kommunal \u0130stismar \u0130dar\u0259sind\u0259 i\u015f verdil\u0259r. Qad\u0131nlar xadim\u0259, ki\u015fil\u0259r is\u0259 f\u0259hl\u0259 kimi i\u015f\u0259 ba\u015flad\u0131q\u201d \u2013 deyir, K\u0259mal\u0259 H\u0259s\u0259nova.\n<\/p>\n<blockquote><p>\n  S\u00f6z verdil\u0259r, ancaq m\u00fcqavil\u0259mizi yenil\u0259m\u0259dil\u0259r\n<\/p><\/blockquote>\n<p>\n  K.H\u0259s\u0259nova bildirir ki, \u0259m\u0259k haqq\u0131 a\u015fa\u011f\u0131 oldu\u011fundan (c\u0259mi 123 manat), onlar\u0131n \u0130mi\u015fliy\u0259 gedib-g\u0259lm\u0259si x\u0259rc t\u0259l\u0259b etdiyind\u0259n h\u0259min 10 n\u0259f\u0259ri el\u0259 ya\u015fad\u0131qlar\u0131 q\u0259s\u0259b\u0259y\u0259 y\u00f6nl\u0259ndiribl\u0259r:\n<\/p>\n<figure class=\"wp-block-image size-large\">\n  <img decoding=\"async\" src=\"https:\/\/www.meydan.tv\/az\/kemale-hesenova\/\" alt=\"K\u0259mal\u0259 H\u0259s\u0259nova\" class=\"wp-image-117545\"\/><figcaption>\n    K\u0259mal\u0259 H\u0259s\u0259nova<br \/>\n  <\/figcaption><\/figure>\n<p>\n  \u201cB\u00f6y\u00fck q\u0259s\u0259b\u0259dir. 500-d\u0259n art\u0131q evi var. T\u0259mizlik \u015f\u0259rtdir, bax\u0131m laz\u0131md\u0131r. Biz k\u00fc\u00e7\u0259l\u0259rini s\u00fcp\u00fcr\u00fcrd\u00fck, ki\u015fil\u0259r is\u0259 a\u011faclara, ba\u011fa, h\u0259y\u0259t\u0259 n\u0259zar\u0259t edirdil\u0259r. Bel\u0259c\u0259 i\u015fl\u0259yir, ail\u0259mizi doland\u0131r\u0131rd\u0131q. Ta ki, 2019-cu il gir\u0259n\u0259 q\u0259d\u0259r. Biziml\u0259 h\u0259r d\u0259f\u0259 1 illik m\u00fcqavil\u0259 ba\u011flan\u0131rd\u0131. H\u0259r ilin \u0259vv\u0259lind\u0259 m\u00fcqavil\u0259miz yenil\u0259nirdi. 2019-cu il gir\u0259nd\u0259 d\u0259 deyildi ki, t\u0259til g\u00fcnl\u0259ri bit\u0259n kimi m\u00fcqavil\u0259nizi yenil\u0259y\u0259c\u0259yik. Ancaq o g\u00fcn bu g\u00fcnd\u00fcr m\u00fcqavil\u0259miz yenil\u0259nm\u0259di. \u00dcst\u0259lik, yanvar ay\u0131nda \u0259m\u0259k haqq\u0131 kart\u0131m\u0131z\u0131 da l\u0259\u011fv etdil\u0259r. Ondan sonra \u0259limiz i\u015fd\u0259n \u00fcz\u00fcld\u00fc\u201d.\n<\/p>\n<blockquote><p>\n  X\u0259cal\u0259timd\u0259n ev\u0259 gir\u0259 bilmir\u0259m\n<\/p><\/blockquote>\n<p>\n  10 n\u0259f\u0259r i\u015f\u00e7inin ham\u0131s\u0131 \u0130mi\u015flinin B\u0259hramt\u0259p\u0259 adlanan \u0259razisind\u0259 F\u00fczuli k\u00f6\u00e7k\u00fcnl\u0259ri \u00fc\u00e7\u00fcn tikil\u0259n yeni \u015f\u0259h\u0259rciyin sakinidir. Deyirl\u0259r ki, ya\u015fad\u0131qlar\u0131 probleml\u0259 ba\u011fl\u0131 d\u0259f\u0259l\u0259rl\u0259 \u0130mi\u015fli Rayon \u0130cra Hakimiyy\u0259tin\u0259 m\u00fcraci\u0259t edibl\u0259r. Ancaq icra ba\u015f\u00e7\u0131s\u0131 il\u0259 g\u00f6r\u00fc\u015fm\u0259l\u0259rin\u0259 imkan verm\u0259yibl\u0259r:\n<\/p>\n<figure class=\"wp-block-image size-large\">\n  <img decoding=\"async\" src=\"https:\/\/www.meydan.tv\/az\/aydin-ibrahimov\/\" alt=\"Ayd\u0131n \u0130brahimov\" class=\"wp-image-117554\"\/><figcaption>\n    Ayd\u0131n \u0130brahimov<br \/>\n  <\/figcaption><\/figure>\n<p>\n  \u201cVilyam m\u00fc\u0259llimin yan\u0131nda H\u00fcseyn \u0130brahimov adl\u0131 bir n\u0259f\u0259r \u00e7al\u0131\u015f\u0131r. O, bizi ba\u015f\u00e7\u0131yla g\u00f6r\u00fc\u015f\u0259 buraxm\u0131r. Buradan ona dem\u0259k ist\u0259yir\u0259m, s\u0259nin n\u0259v\u0259n varm\u0131? Varsa, yan\u0131na ged\u0259nd\u0259, \u201cbaba, m\u0259n\u0259 n\u0259 alm\u0131san\u201d \u2013 soru\u015fanda, pulu olmayanda, \u0259libo\u015f ged\u0259nd\u0259 n\u0259 cavab verir ona? M\u0259n x\u0259cal\u0259timd\u0259n ev\u0259 gir\u0259 bilmir\u0259m. Nolar, bizi anlay\u0131n\u201d, &#8211; \u015fikay\u0259t\u00e7il\u0259rd\u0259n Ayd\u0131n \u0130brahimov bel\u0259 deyir.\n<\/p>\n<blockquote><p>\n  Biz i\u015fimizi itirm\u0259k ist\u0259mirik\n<\/p><\/blockquote>\n<p>\n  \u015eikay\u0259t\u00e7il\u0259r deyirl\u0259r ki, onlar ham\u0131s\u0131 ehtiyac i\u00e7ind\u0259 ya\u015fayan, kas\u0131b insanlard\u0131lar. \u00c7oxunun evind\u0259 x\u0259st\u0259si d\u0259 var:\n<\/p>\n<p>\n  \u201c\u0130nan\u0131n el\u0259 ail\u0259 var ki, \u00e7\u00f6r\u0259k pulundan ba\u015fqa bir q\u0259pik g\u0259liri yoxdur. O da \u00e7ox deyil. Adamba\u015f\u0131na 22 manat n\u0259dir ki? Bu i\u015f bizim \u0259limizd\u0259n tuturdu, dolan\u0131rd\u0131q. Biz i\u015fimizi itirm\u0259k ist\u0259mirik. Xahi\u015f edirik ki, m\u00fcqavil\u0259mizi art\u0131rs\u0131nlar\u201d, &#8211; Ayd\u0131n \u0130brahimov \u0259lav\u0259 edir.\n<\/p>\n<p>\n  Daha bir \u015fikay\u0259t\u00e7i K\u0259klik \u018fliyevan\u0131n t\u0259k ist\u0259yi var. Deyir, \u0130mi\u015flinin icra ba\u015f\u00e7\u0131s\u0131 Vilyam Hac\u0131yev onlar\u0131 q\u0259bul etsin, dinl\u0259sin:\n<\/p>\n<figure class=\"wp-block-image size-large\">\n  <img decoding=\"async\" src=\"https:\/\/www.meydan.tv\/az\/keklik-eliyeva\/\" alt=\"K\u0259klik \u018fliyeva\" class=\"wp-image-117566\"\/><figcaption>\n    K\u0259klik \u018fliyeva<br \/>\n  <\/figcaption><\/figure>\n<p>\n  \u201cVilyam Hac\u0131yevd\u0259n xahi\u015f edirik, bizi q\u0259bul etsin. \u018ftraf\u0131ndak\u0131 m\u0259murlar biz\u0259 imkan vermir onunla g\u00f6r\u00fc\u015fm\u0259y\u0259. Xahi\u015f edirik, s\u0259simizi e\u015fidin, bizi q\u0259bul edin. Vilyam m\u00fc\u0259llim bizim i\u015fimiz\u0259 bax\u0131b, b\u0259rpa etm\u0259s\u0259, m\u0259cburuq Prezident Administrasiyas\u0131na m\u00fcraci\u0259t ed\u0259k\u201d.\n<\/p>\n<blockquote><p>\n  He\u00e7 olmasa, x\u0259st\u0259miz\u0259 d\u0259rman ala bil\u0259k\n<\/p><\/blockquote>\n<p>\n  K\u0259klik \u018fliyevan\u0131n o\u011flu onkoloji x\u0259st\u0259likd\u0259n \u0259ziyy\u0259t \u00e7\u0259kir, n\u0259v\u0259sinin birinin \u00fcr\u0259k q\u00fcsuru var. Ail\u0259 ehtiyac i\u00e7ind\u0259 ya\u015fay\u0131r. Deyir, indiki m\u0259qamda i\u015fsiz qalmaq ona he\u00e7 c\u00fcr s\u0259rf etmir, i\u015fl\u0259m\u0259k m\u0259cburiyy\u0259tind\u0259dir:\n<\/p>\n<p>\n  \u201cYax\u015f\u0131 biz n\u0259 yey\u0259k? M\u0259nim balalar\u0131m\u0131n ham\u0131s\u0131 x\u0259st\u0259dir. N\u0259v\u0259mi 2 g\u00fcn \u0259vv\u0259l Bak\u0131ya \u0259m\u0259liyyata yaz\u0131blar. Bir d\u0259f\u0259 \u00fcr\u0259yind\u0259n \u0259m\u0259liyyat olub, indi bir d\u0259f\u0259 d\u0259 olmal\u0131d\u0131r. Vallah, imkan\u0131m\u0131z \u00e7atm\u0131r. Bizi i\u015f\u0259 b\u0259rpa etsinl\u0259r, n\u0259 olar. He\u00e7 olmasa, x\u0259st\u0259miz\u0259 d\u0259rman ala bil\u0259k\u201d.\n<\/p>\n<blockquote><p>\n  G\u00f6r\u00fcn n\u0259 q\u0259d\u0259r insana ziyan vururlar?\n<\/p><\/blockquote>\n<p>\n  Xudur \u018fliyev is\u0259 ikinci qrup Qaraba\u011f \u0259lilidir. O da 3 il m\u00fcdd\u0259tind\u0259 \u0130mi\u015fli Rayon Kommunal \u0130stismar \u0130dar\u0259sinin i\u015f\u00e7isi olub. 2019-cu ild\u0259 onun da m\u00fcqavil\u0259si yenil\u0259nm\u0259yib, i\u015fsiz qal\u0131b:\n<\/p>\n<figure class=\"wp-block-image size-large\">\n  <img decoding=\"async\" src=\"https:\/\/www.meydan.tv\/az\/xudur-eliyev\/\" alt=\"Xudur \u018fliyev\" class=\"wp-image-117560\"\/><figcaption>\n    Xudur \u018fliyev<br \/>\n  <\/figcaption><\/figure>\n<p>\n  \u201c\u0130cra ba\u015f\u00e7\u0131s\u0131n\u0131n tap\u015f\u0131r\u0131\u011f\u0131 il\u0259 t\u0259min olundu\u011fumuz i\u015fi \u0259limizd\u0259n al\u0131blar. B\u0259lk\u0259 d\u0259 onun x\u0259b\u0259ri yoxdur, imkan vermirl\u0259r d\u0259 g\u00f6r\u00fc\u015f\u0259k, d\u0259rdimizi dey\u0259k. Bu g\u00fcn, sabah dey\u0259-dey\u0259 kart\u0131m\u0131z\u0131 ba\u011flay\u0131b, i\u015fimiz\u0259 xitam verildi. Prezident h\u0259r g\u00fcn q\u0259rar verir. Qaraba\u011f \u0259lill\u0259ri, \u015f\u0259hid ail\u0259l\u0259ri, k\u00f6\u00e7k\u00fcnl\u0259ri i\u015fl\u0259 t\u0259min edin. Daha o demir ki, camaat\u0131 k\u00fctl\u0259vi \u015f\u0259kild\u0259 i\u015fd\u0259n \u00e7\u0131xar\u0131n. Bax\u0131n, 10 n\u0259f\u0259rik. Bu 10 n\u0259f\u0259rin ail\u0259sind\u0259 az\u0131 5-6 n\u0259f\u0259r var. G\u00f6r\u00fcn n\u0259 q\u0259d\u0259r insana ziyan vururlar. N\u0259 q\u0259d\u0259r insan\u0131n dolan\u0131\u015f\u0131\u011f\u0131n\u0131 \u00e7\u0259tinl\u0259\u015fdirirl\u0259r\u201d.\n<\/p>\n<blockquote><p>\n  Az\u0131 50 n\u0259f\u0259rin \u00e7\u00f6r\u0259yini k\u0259sdil\u0259r\n<\/p><\/blockquote>\n<p>\n  X.\u018fliyev deyir ki, 3 il \u0259vv\u0259l i\u015fsiz olub. H\u0259r yer\u0259 yaz\u0131b. Sonda f\u0259hl\u0259lik d\u0259 olsa, i\u015fl\u0259 t\u0259min edilib:\n<\/p>\n<p>\n  \u201cSevindik. Burada 500-d\u0259n art\u0131q ail\u0259 ya\u015fay\u0131r. Biz d\u0259 buran\u0131 t\u0259mizl\u0259yir, a\u011fac \u0259kir, n\u0259zar\u0259t edirdik. H\u0259m bura \u00fc\u00e7\u00fcn yax\u015f\u0131 idi, h\u0259m d\u0259 bizim \u00fc\u00e7\u00fcn. G\u00fcn\u00fc-g\u00fcn\u0259 satd\u0131lar, bizi \u00fcmid etdil\u0259r. Sonda da m\u00fcqavil\u0259miz art\u0131r\u0131lmad\u0131, bitdi. \u0130ndi kim\u0259 m\u00fcraci\u0259t ed\u0259k, bilmirik. Torpa\u011f\u0131m\u0131z yox, \u0259kib-bec\u0259rib, ail\u0259mizi doland\u0131raq. Mal-heyvan saxlama\u011fa \u015f\u0259raitimiz yox. N\u0259 ed\u0259k? Birc\u0259 i\u015fl\u0259yib ail\u0259miz\u0259 baxa bil\u0259rik. \u0130ndi i\u015f d\u0259 yoxdur. Ham\u0131m\u0131z kas\u0131b adamlar\u0131q. 120 manatdan \u00e7ox \u00e7\u00f6r\u0259k pulu alan yoxdur. Bilmirik o pulu qaza, suya, yoxsa i\u015f\u0131\u011fa ver\u0259k. Vilyam m\u00fc\u0259llimd\u0259n xahi\u015f edirik, bizi q\u0259bul etsin. O, bu 10 n\u0259f\u0259ri i\u015fl\u0259 t\u0259min etmi\u015fdi, 10 ail\u0259 dolan\u0131rd\u0131. El\u0259 bilin az\u0131 50 n\u0259f\u0259rin \u00e7\u00f6r\u0259yini k\u0259sdil\u0259r\u201d.\n<\/p>\n<blockquote><p>\n  Onlar\u0131n m\u00fcqavil\u0259sinin art\u0131r\u0131lmas\u0131 il\u0259 ba\u011fl\u0131 b\u00fct\u00fcn s\u0259n\u0259dl\u0259ri haz\u0131rlam\u0131\u015f\u0131q\n<\/p><\/blockquote>\n<p>\n  Meydan TV m\u0259s\u0259l\u0259y\u0259 m\u00fcnasib\u0259t \u00f6yr\u0259nm\u0259k \u00fc\u00e7\u00fcn \u0130mi\u015fli Rayon \u0130cra Hakimiyy\u0259ti il\u0259 \u0259laq\u0259 saxlay\u0131b. \u0130cra hakimiyy\u0259tinin ictimai-siyasi v\u0259 humanitar m\u0259s\u0259l\u0259l\u0259r \u015f\u00f6b\u0259sinin m\u00fcdir m\u00fcavini H\u00fcseyn \u0130brahimov deyib ki, h\u0259min insanlar\u0131n probleml\u0259rind\u0259n x\u0259b\u0259rdard\u0131lar:\n<\/p>\n<p>\n  \u201cB\u0259li, biz\u0259 m\u00fcraci\u0259t etmi\u015fdil\u0259r, m\u0259lumat\u0131m\u0131z var. Biz onlar\u0131n m\u00fcqavil\u0259sinin art\u0131r\u0131lmas\u0131 il\u0259 ba\u011fl\u0131 b\u00fct\u00fcn s\u0259n\u0259dl\u0259ri haz\u0131rlam\u0131\u015f\u0131q. Bu g\u00fcn, sabah t\u0259sdiql\u0259n\u0259c\u0259k. Narahat olmas\u0131nlar, yax\u0131n g\u00fcnl\u0259rd\u0259 onlarla \u0259laq\u0259 saxlay\u0131b, m\u00fcqavil\u0259l\u0259rini art\u0131raca\u011f\u0131q. Ham\u0131s\u0131 i\u015fin\u0259 geri d\u00f6n\u0259c\u0259kl\u0259r, narahatl\u0131\u011fa he\u00e7 bir \u0259sas yoxdur. M\u00fcqavil\u0259l\u0259r art\u0131q haz\u0131rd\u0131r\u201d.\n<\/p><\/p>\n","protected":false},"excerpt":{"rendered":"<p>&#8221;\u0130cra ba\u015f\u00e7\u0131s\u0131n\u0131n tap\u015f\u0131r\u0131\u011f\u0131 il\u0259 t\u0259min olundu\u011fumuz i\u015fi \u0259limizd\u0259n al\u0131blar&#8221;<\/p>\n","protected":false},"author":11,"featured_media":117548,"comment_status":"closed","ping_status":"open","sticky":false,"template":"","format":"standard","meta":{"_acf_changed":false,"_sitemap_exclude":false,"_sitemap_priority":"","_sitemap_frequency":"","footnotes":""},"categories":[60],"tags":[],"class_list":["post-193921","post","type-post","status-publish","format-standard","has-post-thumbnail","hentry","category-bolge","infinite-scroll-item","generate-columns","tablet-grid-50","mobile-grid-100","grid-parent","grid-33","no-featured-image-padding"],"acf":[],"yoast_head":"<!-- This site is optimized with the Yoast SEO plugin v27.4 - https:\/\/yoast.com\/product\/yoast-seo-wordpress\/ -->\n<title>\u0130\u015fini itir\u0259n m\u0259cburi k\u00f6\u00e7k\u00fcnl\u0259r: Vilyam Hac\u0131yevl\u0259 g\u00f6r\u00fc\u015fm\u0259y\u0259 imkan vermirl\u0259r - MEYDAN.TV<\/title>\n<meta name=\"robots\" content=\"index, follow, max-snippet:-1, max-image-preview:large, max-video-preview:-1\" \/>\n<link rel=\"canonical\" href=\"https:\/\/www.meydan.tv\/az\/article\/isini-itiren-mecburi-kockunler-vilyam-haciyevle-gorusmeye-imkan-vermirler\/\" \/>\n<meta property=\"og:locale\" content=\"az_AZ\" \/>\n<meta property=\"og:type\" content=\"article\" \/>\n<meta property=\"og:title\" content=\"\u0130\u015fini itir\u0259n m\u0259cburi k\u00f6\u00e7k\u00fcnl\u0259r: Vilyam Hac\u0131yevl\u0259 g\u00f6r\u00fc\u015fm\u0259y\u0259 imkan vermirl\u0259r - MEYDAN.TV\" \/>\n<meta property=\"og:description\" content=\"&#039;&#039;\u0130cra ba\u015f\u00e7\u0131s\u0131n\u0131n tap\u015f\u0131r\u0131\u011f\u0131 il\u0259 t\u0259min olundu\u011fumuz i\u015fi \u0259limizd\u0259n al\u0131blar&#039;&#039;\" \/>\n<meta property=\"og:url\" content=\"https:\/\/www.meydan.tv\/az\/article\/isini-itiren-mecburi-kockunler-vilyam-haciyevle-gorusmeye-imkan-vermirler\/\" \/>\n<meta property=\"og:site_name\" content=\"MEYDAN.TV\" \/>\n<meta property=\"article:published_time\" content=\"2019-02-10T13:57:27+00:00\" \/>\n<meta property=\"og:image\" content=\"https:\/\/www.meydan.tv\/wp-content\/uploads\/46866-scaled.jpg\" \/>\n\t<meta property=\"og:image:width\" content=\"2560\" \/>\n\t<meta property=\"og:image:height\" content=\"1920\" \/>\n\t<meta property=\"og:image:type\" content=\"image\/jpeg\" \/>\n<meta name=\"author\" content=\"user-manager\" \/>\n<meta name=\"twitter:card\" content=\"summary_large_image\" \/>\n<script type=\"application\/ld+json\" class=\"yoast-schema-graph\">{\"@context\":\"https:\\\/\\\/schema.org\",\"@graph\":[{\"@type\":\"Article\",\"@id\":\"https:\\\/\\\/www.meydan.tv\\\/az\\\/article\\\/isini-itiren-mecburi-kockunler-vilyam-haciyevle-gorusmeye-imkan-vermirler\\\/#article\",\"isPartOf\":{\"@id\":\"https:\\\/\\\/www.meydan.tv\\\/az\\\/article\\\/isini-itiren-mecburi-kockunler-vilyam-haciyevle-gorusmeye-imkan-vermirler\\\/\"},\"author\":{\"name\":\"user-manager\",\"@id\":\"https:\\\/\\\/www.meydan.tv\\\/az\\\/#\\\/schema\\\/person\\\/10d11eccf6da3662cf5fdab9806ea91a\"},\"headline\":\"\u0130\u015fini itir\u0259n m\u0259cburi k\u00f6\u00e7k\u00fcnl\u0259r: Vilyam Hac\u0131yevl\u0259 g\u00f6r\u00fc\u015fm\u0259y\u0259 imkan vermirl\u0259r\",\"datePublished\":\"2019-02-10T13:57:27+00:00\",\"mainEntityOfPage\":{\"@id\":\"https:\\\/\\\/www.meydan.tv\\\/az\\\/article\\\/isini-itiren-mecburi-kockunler-vilyam-haciyevle-gorusmeye-imkan-vermirler\\\/\"},\"wordCount\":1424,\"publisher\":{\"@id\":\"https:\\\/\\\/www.meydan.tv\\\/az\\\/#organization\"},\"image\":{\"@id\":\"https:\\\/\\\/www.meydan.tv\\\/az\\\/article\\\/isini-itiren-mecburi-kockunler-vilyam-haciyevle-gorusmeye-imkan-vermirler\\\/#primaryimage\"},\"thumbnailUrl\":\"https:\\\/\\\/www.meydan.tv\\\/wp-content\\\/uploads\\\/46866-scaled.jpg\",\"articleSection\":[\"B\u00f6lg\u0259\"],\"inLanguage\":\"az\"},{\"@type\":\"WebPage\",\"@id\":\"https:\\\/\\\/www.meydan.tv\\\/az\\\/article\\\/isini-itiren-mecburi-kockunler-vilyam-haciyevle-gorusmeye-imkan-vermirler\\\/\",\"url\":\"https:\\\/\\\/www.meydan.tv\\\/az\\\/article\\\/isini-itiren-mecburi-kockunler-vilyam-haciyevle-gorusmeye-imkan-vermirler\\\/\",\"name\":\"\u0130\u015fini itir\u0259n m\u0259cburi k\u00f6\u00e7k\u00fcnl\u0259r: Vilyam Hac\u0131yevl\u0259 g\u00f6r\u00fc\u015fm\u0259y\u0259 imkan vermirl\u0259r - MEYDAN.TV\",\"isPartOf\":{\"@id\":\"https:\\\/\\\/www.meydan.tv\\\/az\\\/#website\"},\"primaryImageOfPage\":{\"@id\":\"https:\\\/\\\/www.meydan.tv\\\/az\\\/article\\\/isini-itiren-mecburi-kockunler-vilyam-haciyevle-gorusmeye-imkan-vermirler\\\/#primaryimage\"},\"image\":{\"@id\":\"https:\\\/\\\/www.meydan.tv\\\/az\\\/article\\\/isini-itiren-mecburi-kockunler-vilyam-haciyevle-gorusmeye-imkan-vermirler\\\/#primaryimage\"},\"thumbnailUrl\":\"https:\\\/\\\/www.meydan.tv\\\/wp-content\\\/uploads\\\/46866-scaled.jpg\",\"datePublished\":\"2019-02-10T13:57:27+00:00\",\"breadcrumb\":{\"@id\":\"https:\\\/\\\/www.meydan.tv\\\/az\\\/article\\\/isini-itiren-mecburi-kockunler-vilyam-haciyevle-gorusmeye-imkan-vermirler\\\/#breadcrumb\"},\"inLanguage\":\"az\",\"potentialAction\":[{\"@type\":\"ReadAction\",\"target\":[\"https:\\\/\\\/www.meydan.tv\\\/az\\\/article\\\/isini-itiren-mecburi-kockunler-vilyam-haciyevle-gorusmeye-imkan-vermirler\\\/\"]}]},{\"@type\":\"ImageObject\",\"inLanguage\":\"az\",\"@id\":\"https:\\\/\\\/www.meydan.tv\\\/az\\\/article\\\/isini-itiren-mecburi-kockunler-vilyam-haciyevle-gorusmeye-imkan-vermirler\\\/#primaryimage\",\"url\":\"https:\\\/\\\/www.meydan.tv\\\/wp-content\\\/uploads\\\/46866-scaled.jpg\",\"contentUrl\":\"https:\\\/\\\/www.meydan.tv\\\/wp-content\\\/uploads\\\/46866-scaled.jpg\",\"width\":2560,\"height\":1920,\"caption\":\"Source:\"},{\"@type\":\"BreadcrumbList\",\"@id\":\"https:\\\/\\\/www.meydan.tv\\\/az\\\/article\\\/isini-itiren-mecburi-kockunler-vilyam-haciyevle-gorusmeye-imkan-vermirler\\\/#breadcrumb\",\"itemListElement\":[{\"@type\":\"ListItem\",\"position\":1,\"name\":\"Ana s\u0259hif\u0259\",\"item\":\"https:\\\/\\\/www.meydan.tv\\\/az\\\/\"},{\"@type\":\"ListItem\",\"position\":2,\"name\":\"B\u00f6lg\u0259\",\"item\":\"https:\\\/\\\/www.meydan.tv\\\/az\\\/section\\\/bolge\\\/\"},{\"@type\":\"ListItem\",\"position\":3,\"name\":\"\u0130\u015fini itir\u0259n m\u0259cburi k\u00f6\u00e7k\u00fcnl\u0259r: Vilyam Hac\u0131yevl\u0259 g\u00f6r\u00fc\u015fm\u0259y\u0259 imkan vermirl\u0259r\"}]},{\"@type\":\"WebSite\",\"@id\":\"https:\\\/\\\/www.meydan.tv\\\/az\\\/#website\",\"url\":\"https:\\\/\\\/www.meydan.tv\\\/az\\\/\",\"name\":\"MEYDAN.TV\",\"description\":\"Meydan TV Az\u0259rbaycan\u0131n media m\u0259kan\u0131ndak\u0131 alternativ s\u0259sidir\",\"publisher\":{\"@id\":\"https:\\\/\\\/www.meydan.tv\\\/az\\\/#organization\"},\"potentialAction\":[{\"@type\":\"SearchAction\",\"target\":{\"@type\":\"EntryPoint\",\"urlTemplate\":\"https:\\\/\\\/www.meydan.tv\\\/az\\\/?s={search_term_string}\"},\"query-input\":{\"@type\":\"PropertyValueSpecification\",\"valueRequired\":true,\"valueName\":\"search_term_string\"}}],\"inLanguage\":\"az\"},{\"@type\":\"Organization\",\"@id\":\"https:\\\/\\\/www.meydan.tv\\\/az\\\/#organization\",\"name\":\"Meydan TV\",\"url\":\"https:\\\/\\\/www.meydan.tv\\\/az\\\/\",\"logo\":{\"@type\":\"ImageObject\",\"inLanguage\":\"az\",\"@id\":\"https:\\\/\\\/www.meydan.tv\\\/az\\\/#\\\/schema\\\/logo\\\/image\\\/\",\"url\":\"https:\\\/\\\/www.meydan.tv\\\/wp-content\\\/uploads\\\/2021\\\/07\\\/meydan-logo.svg\",\"contentUrl\":\"https:\\\/\\\/www.meydan.tv\\\/wp-content\\\/uploads\\\/2021\\\/07\\\/meydan-logo.svg\",\"width\":195,\"height\":46,\"caption\":\"Meydan TV\"},\"image\":{\"@id\":\"https:\\\/\\\/www.meydan.tv\\\/az\\\/#\\\/schema\\\/logo\\\/image\\\/\"}},{\"@type\":\"Person\",\"@id\":\"https:\\\/\\\/www.meydan.tv\\\/az\\\/#\\\/schema\\\/person\\\/10d11eccf6da3662cf5fdab9806ea91a\",\"name\":\"user-manager\"}]}<\/script>\n<!-- \/ Yoast SEO plugin. -->","yoast_head_json":{"title":"\u0130\u015fini itir\u0259n m\u0259cburi k\u00f6\u00e7k\u00fcnl\u0259r: Vilyam Hac\u0131yevl\u0259 g\u00f6r\u00fc\u015fm\u0259y\u0259 imkan vermirl\u0259r - MEYDAN.TV","robots":{"index":"index","follow":"follow","max-snippet":"max-snippet:-1","max-image-preview":"max-image-preview:large","max-video-preview":"max-video-preview:-1"},"canonical":"https:\/\/www.meydan.tv\/az\/article\/isini-itiren-mecburi-kockunler-vilyam-haciyevle-gorusmeye-imkan-vermirler\/","og_locale":"az_AZ","og_type":"article","og_title":"\u0130\u015fini itir\u0259n m\u0259cburi k\u00f6\u00e7k\u00fcnl\u0259r: Vilyam Hac\u0131yevl\u0259 g\u00f6r\u00fc\u015fm\u0259y\u0259 imkan vermirl\u0259r - MEYDAN.TV","og_description":"''\u0130cra ba\u015f\u00e7\u0131s\u0131n\u0131n tap\u015f\u0131r\u0131\u011f\u0131 il\u0259 t\u0259min olundu\u011fumuz i\u015fi \u0259limizd\u0259n al\u0131blar''","og_url":"https:\/\/www.meydan.tv\/az\/article\/isini-itiren-mecburi-kockunler-vilyam-haciyevle-gorusmeye-imkan-vermirler\/","og_site_name":"MEYDAN.TV","article_published_time":"2019-02-10T13:57:27+00:00","og_image":[{"width":2560,"height":1920,"url":"https:\/\/www.meydan.tv\/wp-content\/uploads\/46866-scaled.jpg","type":"image\/jpeg"}],"author":"user-manager","twitter_card":"summary_large_image","schema":{"@context":"https:\/\/schema.org","@graph":[{"@type":"Article","@id":"https:\/\/www.meydan.tv\/az\/article\/isini-itiren-mecburi-kockunler-vilyam-haciyevle-gorusmeye-imkan-vermirler\/#article","isPartOf":{"@id":"https:\/\/www.meydan.tv\/az\/article\/isini-itiren-mecburi-kockunler-vilyam-haciyevle-gorusmeye-imkan-vermirler\/"},"author":{"name":"user-manager","@id":"https:\/\/www.meydan.tv\/az\/#\/schema\/person\/10d11eccf6da3662cf5fdab9806ea91a"},"headline":"\u0130\u015fini itir\u0259n m\u0259cburi k\u00f6\u00e7k\u00fcnl\u0259r: Vilyam Hac\u0131yevl\u0259 g\u00f6r\u00fc\u015fm\u0259y\u0259 imkan vermirl\u0259r","datePublished":"2019-02-10T13:57:27+00:00","mainEntityOfPage":{"@id":"https:\/\/www.meydan.tv\/az\/article\/isini-itiren-mecburi-kockunler-vilyam-haciyevle-gorusmeye-imkan-vermirler\/"},"wordCount":1424,"publisher":{"@id":"https:\/\/www.meydan.tv\/az\/#organization"},"image":{"@id":"https:\/\/www.meydan.tv\/az\/article\/isini-itiren-mecburi-kockunler-vilyam-haciyevle-gorusmeye-imkan-vermirler\/#primaryimage"},"thumbnailUrl":"https:\/\/www.meydan.tv\/wp-content\/uploads\/46866-scaled.jpg","articleSection":["B\u00f6lg\u0259"],"inLanguage":"az"},{"@type":"WebPage","@id":"https:\/\/www.meydan.tv\/az\/article\/isini-itiren-mecburi-kockunler-vilyam-haciyevle-gorusmeye-imkan-vermirler\/","url":"https:\/\/www.meydan.tv\/az\/article\/isini-itiren-mecburi-kockunler-vilyam-haciyevle-gorusmeye-imkan-vermirler\/","name":"\u0130\u015fini itir\u0259n m\u0259cburi k\u00f6\u00e7k\u00fcnl\u0259r: Vilyam Hac\u0131yevl\u0259 g\u00f6r\u00fc\u015fm\u0259y\u0259 imkan vermirl\u0259r - MEYDAN.TV","isPartOf":{"@id":"https:\/\/www.meydan.tv\/az\/#website"},"primaryImageOfPage":{"@id":"https:\/\/www.meydan.tv\/az\/article\/isini-itiren-mecburi-kockunler-vilyam-haciyevle-gorusmeye-imkan-vermirler\/#primaryimage"},"image":{"@id":"https:\/\/www.meydan.tv\/az\/article\/isini-itiren-mecburi-kockunler-vilyam-haciyevle-gorusmeye-imkan-vermirler\/#primaryimage"},"thumbnailUrl":"https:\/\/www.meydan.tv\/wp-content\/uploads\/46866-scaled.jpg","datePublished":"2019-02-10T13:57:27+00:00","breadcrumb":{"@id":"https:\/\/www.meydan.tv\/az\/article\/isini-itiren-mecburi-kockunler-vilyam-haciyevle-gorusmeye-imkan-vermirler\/#breadcrumb"},"inLanguage":"az","potentialAction":[{"@type":"ReadAction","target":["https:\/\/www.meydan.tv\/az\/article\/isini-itiren-mecburi-kockunler-vilyam-haciyevle-gorusmeye-imkan-vermirler\/"]}]},{"@type":"ImageObject","inLanguage":"az","@id":"https:\/\/www.meydan.tv\/az\/article\/isini-itiren-mecburi-kockunler-vilyam-haciyevle-gorusmeye-imkan-vermirler\/#primaryimage","url":"https:\/\/www.meydan.tv\/wp-content\/uploads\/46866-scaled.jpg","contentUrl":"https:\/\/www.meydan.tv\/wp-content\/uploads\/46866-scaled.jpg","width":2560,"height":1920,"caption":"Source:"},{"@type":"BreadcrumbList","@id":"https:\/\/www.meydan.tv\/az\/article\/isini-itiren-mecburi-kockunler-vilyam-haciyevle-gorusmeye-imkan-vermirler\/#breadcrumb","itemListElement":[{"@type":"ListItem","position":1,"name":"Ana s\u0259hif\u0259","item":"https:\/\/www.meydan.tv\/az\/"},{"@type":"ListItem","position":2,"name":"B\u00f6lg\u0259","item":"https:\/\/www.meydan.tv\/az\/section\/bolge\/"},{"@type":"ListItem","position":3,"name":"\u0130\u015fini itir\u0259n m\u0259cburi k\u00f6\u00e7k\u00fcnl\u0259r: Vilyam Hac\u0131yevl\u0259 g\u00f6r\u00fc\u015fm\u0259y\u0259 imkan vermirl\u0259r"}]},{"@type":"WebSite","@id":"https:\/\/www.meydan.tv\/az\/#website","url":"https:\/\/www.meydan.tv\/az\/","name":"MEYDAN.TV","description":"Meydan TV Az\u0259rbaycan\u0131n media m\u0259kan\u0131ndak\u0131 alternativ s\u0259sidir","publisher":{"@id":"https:\/\/www.meydan.tv\/az\/#organization"},"potentialAction":[{"@type":"SearchAction","target":{"@type":"EntryPoint","urlTemplate":"https:\/\/www.meydan.tv\/az\/?s={search_term_string}"},"query-input":{"@type":"PropertyValueSpecification","valueRequired":true,"valueName":"search_term_string"}}],"inLanguage":"az"},{"@type":"Organization","@id":"https:\/\/www.meydan.tv\/az\/#organization","name":"Meydan TV","url":"https:\/\/www.meydan.tv\/az\/","logo":{"@type":"ImageObject","inLanguage":"az","@id":"https:\/\/www.meydan.tv\/az\/#\/schema\/logo\/image\/","url":"https:\/\/www.meydan.tv\/wp-content\/uploads\/2021\/07\/meydan-logo.svg","contentUrl":"https:\/\/www.meydan.tv\/wp-content\/uploads\/2021\/07\/meydan-logo.svg","width":195,"height":46,"caption":"Meydan TV"},"image":{"@id":"https:\/\/www.meydan.tv\/az\/#\/schema\/logo\/image\/"}},{"@type":"Person","@id":"https:\/\/www.meydan.tv\/az\/#\/schema\/person\/10d11eccf6da3662cf5fdab9806ea91a","name":"user-manager"}]}},"_links":{"self":[{"href":"https:\/\/www.meydan.tv\/az\/wp-json\/wp\/v2\/posts\/193921","targetHints":{"allow":["GET"]}}],"collection":[{"href":"https:\/\/www.meydan.tv\/az\/wp-json\/wp\/v2\/posts"}],"about":[{"href":"https:\/\/www.meydan.tv\/az\/wp-json\/wp\/v2\/types\/post"}],"author":[{"embeddable":true,"href":"https:\/\/www.meydan.tv\/az\/wp-json\/wp\/v2\/users\/11"}],"replies":[{"embeddable":true,"href":"https:\/\/www.meydan.tv\/az\/wp-json\/wp\/v2\/comments?post=193921"}],"version-history":[{"count":0,"href":"https:\/\/www.meydan.tv\/az\/wp-json\/wp\/v2\/posts\/193921\/revisions"}],"wp:featuredmedia":[{"embeddable":true,"href":"https:\/\/www.meydan.tv\/az\/wp-json\/wp\/v2\/media\/117548"}],"wp:attachment":[{"href":"https:\/\/www.meydan.tv\/az\/wp-json\/wp\/v2\/media?parent=193921"}],"wp:term":[{"taxonomy":"category","embeddable":true,"href":"https:\/\/www.meydan.tv\/az\/wp-json\/wp\/v2\/categories?post=193921"},{"taxonomy":"post_tag","embeddable":true,"href":"https:\/\/www.meydan.tv\/az\/wp-json\/wp\/v2\/tags?post=193921"}],"curies":[{"name":"wp","href":"https:\/\/api.w.org\/{rel}","templated":true}]}}