{"id":193918,"date":"2019-02-09T13:40:42","date_gmt":"2019-02-09T13:40:42","guid":{"rendered":"https:\/\/www.meydan.tv\/article\/agdam-sakini-26-illik-muveqqeti-meskunlasma-olur\/"},"modified":"2019-02-09T13:40:42","modified_gmt":"2019-02-09T13:40:42","slug":"agdam-sakini-26-illik-muveqqeti-meskunlasma-olur","status":"publish","type":"post","link":"https:\/\/www.meydan.tv\/az\/article\/agdam-sakini-26-illik-muveqqeti-meskunlasma-olur\/","title":{"rendered":"A\u011fdam sakini: 26 illik m\u00fcv\u0259qq\u0259ti m\u0259skunla\u015fma olur?"},"content":{"rendered":"<figure class=\"wp-block-image size-large\">\n  <img decoding=\"async\" src=\"https:\/\/www.meydan.tv\/az\/117485\/\" alt=\"\" class=\"wp-image-117485\"\/><figcaption><\/figcaption><\/figure>\n<p>\n  <i><br \/>\n    &#8221;G\u00f6b\u0259l\u0259k&#8221; \u0259razisinin sakinl\u0259ri ev ist\u0259yirl\u0259r<br \/>\n  <\/i>\n<\/p>\n<p>\n  \u201cPal\u00e7\u0131q evl\u0259rdir. \u0130\u00e7i \u00e7at-\u00e7at olub, u\u00e7ub-t\u00f6k\u00fcl\u00fcr. D\u00f6\u015f\u0259m\u0259si pal\u00e7\u0131q oldu\u011fundan, q\u0131\u015fda daimi n\u0259m olur. N\u0259tic\u0259d\u0259 ham\u0131m\u0131z yel x\u0259st\u0259liyind\u0259n \u0259ziyy\u0259t \u00e7\u0259kirik. U\u015faq da, b\u00f6y\u00fck d\u0259 revmatizmad\u0131r\u201d.\n<\/p>\n<p>\n  Beyl\u0259qanda \u201cG\u00f6b\u0259l\u0259k\u201d \u0259razisi adlanan yerd\u0259 ya\u015fayan A\u011fdam k\u00f6\u00e7k\u00fcn\u00fc T\u0259ran\u0259 Novruzova bel\u0259 deyir.\n<\/p>\n<figure class=\"wp-block-image size-large\">\n  <img decoding=\"async\" src=\"https:\/\/www.meydan.tv\/az\/117488\/\" alt=\"\" class=\"wp-image-117488\"\/><figcaption><\/figcaption><\/figure>\n<p>\n  Burada \u0259vv\u0259l ba\u015f\u0131 g\u00f6b\u0259l\u0259k formas\u0131nda restoran oldu\u011fundan \u0259razinin ad\u0131 bel\u0259 qal\u0131b. T.Novruzova is\u0259 1993-c\u00fc ild\u0259n burada m\u0259skunla\u015f\u0131b. O vaxt d\u00f6vl\u0259t onlara k\u0259rpicd\u0259n olan bu evl\u0259ri m\u00fcv\u0259qq\u0259ti m\u0259skunla\u015fmaq \u00fc\u00e7\u00fcn tikib. T\u0259ran\u0259 Novruzova deyir ki, 26 illik m\u00fcv\u0259qq\u0259ti m\u0259skunla\u015fma olmur. Art\u0131q bir \u00e7ar\u0259sin\u0259 bax\u0131lmal\u0131d\u0131r:\n<\/p>\n<figure class=\"wp-block-image size-large\">\n  <img decoding=\"async\" src=\"https:\/\/www.meydan.tv\/az\/117494\/\" alt=\"\" class=\"wp-image-117494\"\/><figcaption><\/figcaption><\/figure>\n<p>\n  \u201cAmma baxm\u0131rlar, maraqlanm\u0131rlar. D\u0259f\u0259l\u0259rl\u0259 m\u00fcraci\u0259t d\u0259 etmi\u015fik. Deyirl\u0259r, n\u0259 ed\u0259k, g\u0259r\u0259k yuxar\u0131dan edil\u0259. Bu yuxar\u0131 harad\u0131r, bilmirik. Evl\u0259r t\u00f6k\u00fcl\u00fcb gedir. \u015e\u0259raitimizi d\u0259 g\u00f6r\u00fcrs\u00fcz, b\u0259rbad g\u00fcnd\u0259yik. Ham\u0131m\u0131z x\u0259st\u0259lik tapm\u0131\u015f\u0131q. Evin i\u00e7ini \u00e7ad\u0131rla d\u00f6\u015f\u0259mi\u015fik ki, ya\u011f\u0131\u015f ya\u011fanda su \u00e7\u0131xmas\u0131n\u201d.\n<\/p>\n<blockquote><p>\n  G\u0259r\u0259k 5-6 min h\u00f6rm\u0259t ed\u0259s\u0259n ki, s\u0259ni ev siyah\u0131s\u0131na sals\u0131nlar\n<\/p><\/blockquote>\n<p>\n  T.Novruzova ya\u015fay\u0131\u015f\u0131ndan, \u015f\u0259raitind\u0259n naraz\u0131d\u0131r. Deyir, o\u011flu evl\u0259nm\u0259k ya\u015f\u0131ndad\u0131r. Normal \u015f\u0259rait olmad\u0131\u011f\u0131ndan, evl\u0259ndir\u0259 bilmir:\n<\/p>\n<figure class=\"wp-block-image size-large\">\n  <img decoding=\"async\" src=\"https:\/\/www.meydan.tv\/az\/terane-novruzova\/\" alt=\"T\u0259ran\u0259 Novruzova\" class=\"wp-image-117509\"\/><figcaption>\n    T\u0259ran\u0259 Novruzova<br \/>\n  <\/figcaption><\/figure>\n<p>\n  \u201cBura hans\u0131 q\u0131z g\u0259l\u0259r? Evin divarlar\u0131 o q\u0259d\u0259r nazikdir ki, ya\u011f\u0131\u015f ya\u011fanda su ax\u0131r. Yer d\u0259 ki, el\u0259 bilin \u00e7ad\u0131rda ya\u015fay\u0131r\u0131q. Bizd\u0259 bel\u0259dir, k\u00fctl\u0259vi m\u0259skunla\u015fmalara ev tikilir, \u015f\u0259h\u0259rcik qurulur, bizim kimi yerl\u0259rd\u0259 ya\u015fayan 3-5 ail\u0259l\u0259r is\u0259 pul verm\u0259s\u0259l\u0259r, olmur. G\u0259r\u0259k 5-6 min h\u00f6rm\u0259t ed\u0259s\u0259n ki, s\u0259ni ev siyah\u0131s\u0131na sals\u0131nlar. Verm\u0259y\u0259n\u0259 he\u00e7 n\u0259 d\u00fc\u015fm\u00fcr. O pul bizd\u0259 olsa, ev tikib i\u00e7ind\u0259 ya\u015fayar\u0131q d\u0259. K\u00f6\u00e7k\u00fcn haradan als\u0131n o q\u0259d\u0259r pulu?\u201d\n<\/p>\n<blockquote><p>\n  \u0130nki\u015faf etmi\u015f \u00f6lk\u0259y\u0259 20 ail\u0259ni yerl\u0259\u015fdirm\u0259k n\u0259dir ki?\n<\/p><\/blockquote>\n<p>\n  G\u00fcls\u00fcm Manafova da bu \u0259razid\u0259 ya\u015fay\u0131r. Deyir, 26 ildir bel\u0259 \u00f6m\u00fcr s\u00fcr\u00fcb, daha b\u0259sdir, o da yax\u015f\u0131 evd\u0259, \u015f\u0259raitli m\u0259nzild\u0259 ya\u015famaq ist\u0259yir:\n<\/p>\n<figure class=\"wp-block-image size-large\">\n  <img decoding=\"async\" src=\"https:\/\/www.meydan.tv\/az\/gulsum-manafova\/\" alt=\"G\u00fcls\u00fcm Manafova\" class=\"wp-image-117503\"\/><figcaption>\n    G\u00fcls\u00fcm Manafova<br \/>\n  <\/figcaption><\/figure>\n<p>\n  \u201cHam\u0131 kimi rahat ya\u015famaq ist\u0259yir\u0259m. Bu, x\u00fcsusi bir t\u0259l\u0259b deyil. \u00c7ox sad\u0259 ehtiyacd\u0131r. \u0130st\u0259yir\u0259m evimin i\u00e7ind\u0259 hamam olsun, kran\u0131 a\u00e7anda isti suyu g\u0259lsin, \u0259n \u0259sas\u0131 kran\u0131, suyu, i\u015f\u0131\u011f\u0131, qaz\u0131 olsun. N\u0259 q\u0259d\u0259r vedr\u0259l\u0259rd\u0259 su da\u015f\u0131maq, su isidib yuyunmaq olar? 20-y\u0259 yax\u0131n ail\u0259 ya\u015fay\u0131r bu \u0259razid\u0259. Onlar\u0131 evl\u0259 t\u0259min etm\u0259k inki\u015faf etmi\u015f Az\u0259rbaycan \u00fc\u00e7\u00fcn \u00e7\u0259tin olmamal\u0131d\u0131r\u201d.\n<\/p>\n<blockquote><p>\n  Si\u00e7an\u0131n, ilan-qurba\u011fan\u0131n i\u00e7ind\u0259yik\n<\/p><\/blockquote>\n<p>\n  G.Novruzova deyir ki, ya\u015fad\u0131\u011f\u0131 ev\u0259 qaz g\u0259lm\u0259diyind\u0259n, evi q\u0131zd\u0131rmaq \u00fc\u00e7\u00fcn odundan istifad\u0259 edirl\u0259r. Amma i\u015f\u0131qlar\u0131 pis deyil, aradabir s\u00f6nd\u00fcr\u00fcrl\u0259r:\n<\/p>\n<figure class=\"wp-block-image size-large\">\n  <img decoding=\"async\" src=\"https:\/\/www.meydan.tv\/az\/117512\/\" alt=\"\" class=\"wp-image-117512\"\/><figcaption><\/figcaption><\/figure>\n<p>\n  \u201cBunlarla tavan\u0131, d\u00f6\u015f\u0259m\u0259si, divar\u0131 pal\u00e7\u0131qdan s\u0131vanm\u0131\u015f bir evi n\u0259 d\u0259r\u0259c\u0259d\u0259 q\u0131zd\u0131rmaq olar? H\u0259r yeri d\u0259lm\u0259-de\u015fikdir. \u0130stilik qalm\u0131r i\u00e7\u0259rid\u0259. Bir s\u00f6zl\u0259, \u00e7\u0259tindir, ax\u0131 ev deyil. Torpaq t\u00f6k\u00fcl\u00fcr, yerd\u0259n ilan \u00e7\u0131x\u0131r. Si\u00e7an\u0131n, ilan-qurba\u011fan\u0131n i\u00e7ind\u0259yik. R\u00fctub\u0259t is\u0259 bir ayr\u0131 d\u0259rddir. U\u015faqlar\u0131m\u0131z\u0131 da, \u00f6z\u00fcm\u00fcz\u00fc d\u0259 x\u0259st\u0259 sal\u0131b\u201d.\n<\/p>\n<blockquote><p>\n  Evimizin yerind\u0259 ev tiks\u0259l\u0259r, b\u00f6y\u00fck yax\u015f\u0131l\u0131q etmi\u015f olarlar\n<\/p><\/blockquote>\n<p>\n  \u201cBiz demirik gedib biz\u0259 torpaq sah\u0259si ay\u0131rs\u0131nlar, orada ev tiksinl\u0259r. Laz\u0131m deyil bu q\u0259d\u0259r \u0259ziyy\u0259t. El\u0259 bu ya\u015fad\u0131\u011f\u0131m\u0131z \u0259razid\u0259 biz\u0259 normal ev tiks\u0259l\u0259r, b\u0259simizdir\u201d, &#8211; sakinl\u0259rd\u0259n Kaz\u0131m Manafovun s\u00f6zl\u0259ridir.\n<\/p>\n<figure class=\"wp-block-image size-large\">\n  <img decoding=\"async\" src=\"https:\/\/www.meydan.tv\/az\/kazim-manafov\/\" alt=\"Kaz\u0131m Manafov\" class=\"wp-image-117506\"\/><figcaption>\n    Kaz\u0131m Manafov<br \/>\n  <\/figcaption><\/figure>\n<p>\n  Deyir ki, onsuz da A\u011fdamdan k\u00f6\u00e7m\u0259kl\u0259 \u00f6yr\u0259\u015fdiyi m\u0259h\u0259ll\u0259sind\u0259n, \u0259zizl\u0259rind\u0259n, qon\u015fular\u0131ndan bir d\u0259f\u0259 ayr\u0131l\u0131b. Bunu ikinci d\u0259f\u0259 ya\u015famasa, sevin\u0259r:\n<\/p>\n<p>\n  \u201cOdur ki, bura da raz\u0131y\u0131q. Yax\u015f\u0131d\u0131r, \u00f6yr\u0259\u015fmi\u015fik bu \u0259raziy\u0259. Nolar, el\u0259 bir ev tikib ver\u0259l\u0259r. Biz d\u0259 \u00f6mr\u00fcm\u00fcz\u00fcn bundan sonrak\u0131 hiss\u0259sini rahat evd\u0259 ya\u015fayar\u0131q. Bir-birimiz\u0259 qaynay\u0131b qar\u0131\u015fm\u0131\u015f\u0131q. Burada, evimizin yerind\u0259 ev tiks\u0259l\u0259r, b\u00f6y\u00fck yax\u015f\u0131l\u0131q etmi\u015f olarlar\u201d.\n<\/p>\n<blockquote><p>\n  Bir ki\u00e7ik daxmada 2-3 ail\u0259 ya\u015fay\u0131r\n<\/p><\/blockquote>\n<p>\n  Sakinl\u0259r bildirirl\u0259r ki, evl\u0259rin ki\u00e7ik, \u015f\u0259raitsiz olmas\u0131 bir yana, problemin biri d\u0259 h\u0259r evd\u0259 bir ne\u00e7\u0259 ail\u0259nin ya\u015famas\u0131d\u0131r:\n<\/p>\n<figure class=\"wp-block-image size-large\">\n  <img decoding=\"async\" src=\"https:\/\/www.meydan.tv\/az\/117517\/\" alt=\"\" class=\"wp-image-117517\"\/><figcaption><\/figcaption><\/figure>\n<p>\n  \u201cM\u0259s\u0259l\u0259 d\u0259 oras\u0131ndad\u0131r ki, balaca-balaca \u015f\u0259raitsiz evl\u0259rdir, h\u0259r evd\u0259 is\u0259 az\u0131 2-3 ail\u0259 ya\u015fay\u0131r. \u0130ndiy\u0259 q\u0259d\u0259r g\u0259lib biziml\u0259 maraqlanmay\u0131blar. Ev siyah\u0131s\u0131na almay\u0131blar. Biz d\u0259 ist\u0259y\u0259rik yax\u015f\u0131 \u015f\u0259raitimiz olsun. Bu mill\u0259t el\u0259dir ki, kas\u0131b\u00e7\u0131l\u0131q \u00e7\u0259k\u0259n deyil. \u00d6zl\u0259rin\u0259 \u015f\u0259rait qura bilirl\u0259r. Mal-heyvan, toyuq-c\u00fcc\u0259 saxlay\u0131r\u0131q, dolan\u0131r\u0131q, \u015f\u00fck\u00fcr, ehtiyac i\u00e7ind\u0259 deyilik. Sad\u0259c\u0259 ev tik\u0259 bil\u0259c\u0259k q\u0259d\u0259r varl\u0131 deyilik\u201d \u2013 deyir, sakinl\u0259rd\u0259n Rafael Novruzov.\n<\/p>\n<blockquote><p>\n  T\u0259k d\u0259rdimiz evdir\n<\/p><\/blockquote>\n<p>\n  R.Novruzov sual edir:\n<\/p>\n<p>\n  \u201cBir insan h\u0259yat\u0131nda ne\u00e7\u0259 d\u0259f\u0259 ev qura bil\u0259r ki?\u201d Sonra da el\u0259 \u00f6z\u00fc cavablay\u0131r. Deyir, \u00f6z\u00fcn\u00fc toparlay\u0131b bir d\u0259f\u0259 A\u011fdamda ev-e\u015fik tikib. M\u00fcharib\u0259 o \u015f\u0259raiti \u0259ll\u0259rind\u0259n al\u0131b. Sonra da k\u00f6\u00e7k\u00fcn h\u0259yat\u0131, \u015f\u0259raitsizlik, adaptasiya problemi onlardan ill\u0259rini al\u0131b. N\u0259tic\u0259d\u0259 bir d\u0259 \u00f6zl\u0259rind\u0259 g\u00fcc toplay\u0131b, s\u0131f\u0131rdan ev qura bilm\u0259yibl\u0259r:\n<\/p>\n<figure class=\"wp-block-image size-large\">\n  <img decoding=\"async\" src=\"https:\/\/www.meydan.tv\/az\/rafael-novruzov\/\" alt=\"Rafael Novruzov\" class=\"wp-image-117515\"\/><figcaption>\n    Rafael Novruzov<br \/>\n  <\/figcaption><\/figure>\n<p>\n  \u201c\u00d6z\u00fcm\u00fcz\u0259 g\u00fccl\u0259 g\u0259ldik. Birt\u0259h\u0259r \u00e7\u00f6r\u0259k pulumuzu da \u00e7\u0131xar\u0131r\u0131q. Ancaq yenid\u0259n ev tikm\u0259k \u00fc\u00e7\u00fcn q\u00fcvv\u0259miz yoxdur. H\u00f6kum\u0259t el\u0259 biz\u0259 bir normal ev tiks\u0259, ba\u015fqa he\u00e7 n\u0259 laz\u0131m deyil. Bax\u0131n, \u0259kin-bi\u00e7in \u00fc\u00e7\u00fcn torpa\u011f\u0131m\u0131z da yoxdur. Ancaq birt\u0259h\u0259r dolan\u0131r\u0131q. Kims\u0259y\u0259 ehtiyac\u0131m\u0131z yoxdu. T\u0259k d\u0259rdimiz evdir\u201d.\n<\/p>\n<blockquote><p>\n  B\u0259s biz\u0259 n\u0259 zaman ev veril\u0259c\u0259k?\n<\/p><\/blockquote>\n<p>\n  Rafael Novruzov bu il balaca bir daxma tik\u0259 bilib. Deyir, onu da z\u00fclml\u0259, kas\u0131b\u00e7\u0131l\u0131qla birt\u0259h\u0259r ba\u015fa g\u0259tir\u0259 bilib:\n<\/p>\n<figure class=\"wp-block-image size-large\">\n  <img decoding=\"async\" src=\"https:\/\/www.meydan.tv\/az\/117521\/\" alt=\"\" class=\"wp-image-117521\"\/><figcaption><\/figcaption><\/figure>\n<p>\n  \u201cG\u0259l\u0259nin, ged\u0259nin yan\u0131nda x\u0259cal\u0259tli olmayaq dey\u0259 birt\u0259h\u0259r tikmi\u015fik buran\u0131. D\u0259f\u0259l\u0259rl\u0259 m\u00fcraci\u0259tl\u0259r etmi\u015fik, k\u00f6m\u0259k ist\u0259mi\u015fik. N\u0259 A\u011fdam, n\u0259 d\u0259 Beyl\u0259qan Rayon \u0130cra Hakimiyy\u0259ti s\u0259simizi e\u015fidib. Maraqlanan yoxdur ki, d\u0259rdiniz n\u0259dir. N\u0259s\u0259 bir k\u00f6m\u0259klik ist\u0259yirs\u0259n, k\u00f6m\u0259k ed\u0259n olmur. K\u00f6\u00e7k\u00fcnl\u0259r\u0259 yeni evl\u0259r tikilir. Gedirs\u0259n, deyirl\u0259r, sizin \u00fc\u00e7\u00fcn deyil, ba\u015fqalar\u0131 \u00fc\u00e7\u00fcn n\u0259z\u0259rd\u0259 tutulub. Ba\u015fqalar\u0131 kiml\u0259rdir? Ham\u0131m\u0131z k\u00f6\u00e7k\u00fcn\u00fck d\u0259. B\u0259s biz\u0259 n\u0259 zaman ev veril\u0259c\u0259k? Biz n\u0259 vaxt normal bir yerd\u0259 ya\u015fayaca\u011f\u0131q? Evimiz\u0259 bir qonaq g\u0259l\u0259nd\u0259 utan\u0131r\u0131q. Deyirik, buradan biz\u0259 bir az yer ay\u0131r\u0131n, verin. Bir az normal \u015f\u0259rait quraq, onu da vermirl\u0259r. Evl\u0259r d\u0259 ki, \u00e7iy k\u0259rpicd\u0259ndir. T\u00f6k\u00fcl\u00fcb-da\u011f\u0131l\u0131r ba\u015f\u0131m\u0131za\u201d.\n<\/p>\n<blockquote><p>\n  Zamanla ham\u0131 evl\u0259 t\u0259min edil\u0259c\u0259k\n<\/p><\/blockquote>\n<p>\n  Meydan TV m\u0259s\u0259l\u0259y\u0259 m\u00fcnasib\u0259t \u00f6yr\u0259nm\u0259k \u00fc\u00e7\u00fcn Beyl\u0259qan Rayon \u0130cra Hakimiyy\u0259ti il\u0259 \u0259laq\u0259 saxlay\u0131b. \u0130cra hakimiyy\u0259tind\u0259n k\u00f6\u00e7k\u00fcnl\u0259r\u0259 ev tikilm\u0259si, onlar\u0131n siyah\u0131ya al\u0131nmas\u0131, yerl\u0259\u015fdirilm\u0259si m\u0259s\u0259l\u0259l\u0259rin\u0259 Qa\u00e7q\u0131nlar\u0131n v\u0259 M\u0259cburi K\u00f6\u00e7k\u00fcnl\u0259rin \u0130\u015fl\u0259ri \u00fczr\u0259 D\u00f6vl\u0259t Komit\u0259sinin baxd\u0131\u011f\u0131n\u0131 bildiribl\u0259r:\n<\/p>\n<figure class=\"wp-block-image size-large\">\n  <img decoding=\"async\" src=\"https:\/\/www.meydan.tv\/az\/117527\/\" alt=\"\" class=\"wp-image-117527\"\/><figcaption><\/figcaption><\/figure>\n<p>\n  \u201cH\u0259min m\u0259s\u0259l\u0259l\u0259r bizim s\u0259lahiyy\u0259timizd\u0259 olan i\u015f deyil. D\u00fczd\u00fcr, vaxta\u015f\u0131r\u0131 biz d\u0259 bununla ba\u011fl\u0131 m\u00fcraci\u0259tl\u0259r al\u0131r\u0131q. Ancaq biz n\u0259 ev tik\u0259n, n\u0259 d\u0259 k\u00f6\u00e7k\u00fcnl\u0259ri yerl\u0259\u015fdir\u0259n qurumuq. Qa\u00e7q\u0131nlar\u0131n v\u0259 M\u0259cburi K\u00f6\u00e7k\u00fcnl\u0259rin \u0130\u015fl\u0259ri \u00fczr\u0259 D\u00f6vl\u0259t Komit\u0259sin\u0259 m\u00fcraci\u0259t etsinl\u0259r\u201d.\n<\/p>\n<p>\n  Qa\u00e7q\u0131nlar\u0131n v\u0259 M\u0259cburi K\u00f6\u00e7k\u00fcnl\u0259rin \u0130\u015fl\u0259ri \u00fczr\u0259 D\u00f6vl\u0259t Komit\u0259sind\u0259n bildirilib ki, h\u0259min \u0259razil\u0259rd\u0259 ya\u015fayan b\u00fct\u00fcn m\u0259cburi k\u00f6\u00e7k\u00fcnl\u0259r siyah\u0131ya al\u0131n\u0131b. Ham\u0131s\u0131 ev n\u00f6vb\u0259sind\u0259dir. Onlara uy\u011fun yeni m\u0259nzill\u0259r tikil\u0259n kimi k\u00f6\u00e7\u00fcr\u00fcl\u0259c\u0259kl\u0259r:\n<\/p>\n<p>\n  \u201cSad\u0259c\u0259 bu prosesl\u0259r m\u0259rh\u0259l\u0259li \u015f\u0259kild\u0259 apar\u0131l\u0131r. \u0130nsanlar\u0131n ham\u0131s\u0131n\u0131 bir g\u00fcnd\u0259 k\u00f6\u00e7\u00fcrm\u0259k m\u00fcmk\u00fcn deyil. Bir ne\u00e7\u0259 il\u0259 ham\u0131 evl\u0259rl\u0259 t\u0259min edil\u0259c\u0259k. Problemli insan qalmayacaq\u201d.\n<\/p>\n<figure class=\"wp-block-image size-large\">\n  <img decoding=\"async\" src=\"https:\/\/www.meydan.tv\/az\/117524\/\" alt=\"\" class=\"wp-image-117524\"\/><figcaption><\/figcaption><\/figure>\n<figure class=\"wp-block-image size-large\">\n  <img decoding=\"async\" src=\"https:\/\/www.meydan.tv\/az\/117530\/\" alt=\"\" class=\"wp-image-117530\"\/><figcaption><\/figcaption><\/figure>\n<figure class=\"wp-block-image size-large\">\n  <img decoding=\"async\" src=\"https:\/\/www.meydan.tv\/az\/117533\/\" alt=\"\" class=\"wp-image-117533\"\/><figcaption><\/figcaption><\/figure>\n<figure class=\"wp-block-image size-large\">\n  <img decoding=\"async\" src=\"https:\/\/www.meydan.tv\/az\/117536\/\" alt=\"\" class=\"wp-image-117536\"\/><figcaption><\/figcaption><\/figure>\n<figure class=\"wp-block-image size-large\">\n  <img decoding=\"async\" src=\"https:\/\/www.meydan.tv\/az\/117539\/\" alt=\"\" class=\"wp-image-117539\"\/><figcaption><\/figcaption><\/figure>\n","protected":false},"excerpt":{"rendered":"<p>&#8221;G\u00f6b\u0259l\u0259k&#8221; \u0259razisinin sakinl\u0259ri ev ist\u0259yirl\u0259r<\/p>\n","protected":false},"author":11,"featured_media":117485,"comment_status":"closed","ping_status":"open","sticky":false,"template":"","format":"standard","meta":{"_acf_changed":false,"_sitemap_exclude":false,"_sitemap_priority":"","_sitemap_frequency":"","footnotes":""},"categories":[60],"tags":[],"class_list":["post-193918","post","type-post","status-publish","format-standard","has-post-thumbnail","hentry","category-bolge","infinite-scroll-item","generate-columns","tablet-grid-50","mobile-grid-100","grid-parent","grid-33","no-featured-image-padding"],"acf":[],"yoast_head":"<!-- This site is optimized with the Yoast SEO plugin v27.4 - https:\/\/yoast.com\/product\/yoast-seo-wordpress\/ -->\n<title>A\u011fdam sakini: 26 illik m\u00fcv\u0259qq\u0259ti m\u0259skunla\u015fma olur? - MEYDAN.TV<\/title>\n<meta name=\"robots\" content=\"index, follow, max-snippet:-1, max-image-preview:large, max-video-preview:-1\" \/>\n<link rel=\"canonical\" href=\"https:\/\/www.meydan.tv\/az\/article\/agdam-sakini-26-illik-muveqqeti-meskunlasma-olur\/\" \/>\n<meta property=\"og:locale\" content=\"az_AZ\" \/>\n<meta property=\"og:type\" content=\"article\" \/>\n<meta property=\"og:title\" content=\"A\u011fdam sakini: 26 illik m\u00fcv\u0259qq\u0259ti m\u0259skunla\u015fma olur? - MEYDAN.TV\" \/>\n<meta property=\"og:description\" content=\"&#039;&#039;G\u00f6b\u0259l\u0259k&#039;&#039; \u0259razisinin sakinl\u0259ri ev ist\u0259yirl\u0259r\" \/>\n<meta property=\"og:url\" content=\"https:\/\/www.meydan.tv\/az\/article\/agdam-sakini-26-illik-muveqqeti-meskunlasma-olur\/\" \/>\n<meta property=\"og:site_name\" content=\"MEYDAN.TV\" \/>\n<meta property=\"article:published_time\" content=\"2019-02-09T13:40:42+00:00\" \/>\n<meta property=\"og:image\" content=\"https:\/\/www.meydan.tv\/wp-content\/uploads\/46837-scaled.jpg\" \/>\n\t<meta property=\"og:image:width\" content=\"2560\" \/>\n\t<meta property=\"og:image:height\" content=\"1920\" \/>\n\t<meta property=\"og:image:type\" content=\"image\/jpeg\" \/>\n<meta name=\"author\" content=\"user-manager\" \/>\n<meta name=\"twitter:card\" content=\"summary_large_image\" \/>\n<script type=\"application\/ld+json\" class=\"yoast-schema-graph\">{\"@context\":\"https:\\\/\\\/schema.org\",\"@graph\":[{\"@type\":\"Article\",\"@id\":\"https:\\\/\\\/www.meydan.tv\\\/az\\\/article\\\/agdam-sakini-26-illik-muveqqeti-meskunlasma-olur\\\/#article\",\"isPartOf\":{\"@id\":\"https:\\\/\\\/www.meydan.tv\\\/az\\\/article\\\/agdam-sakini-26-illik-muveqqeti-meskunlasma-olur\\\/\"},\"author\":{\"name\":\"user-manager\",\"@id\":\"https:\\\/\\\/www.meydan.tv\\\/az\\\/#\\\/schema\\\/person\\\/10d11eccf6da3662cf5fdab9806ea91a\"},\"headline\":\"A\u011fdam sakini: 26 illik m\u00fcv\u0259qq\u0259ti m\u0259skunla\u015fma olur?\",\"datePublished\":\"2019-02-09T13:40:42+00:00\",\"mainEntityOfPage\":{\"@id\":\"https:\\\/\\\/www.meydan.tv\\\/az\\\/article\\\/agdam-sakini-26-illik-muveqqeti-meskunlasma-olur\\\/\"},\"wordCount\":1563,\"publisher\":{\"@id\":\"https:\\\/\\\/www.meydan.tv\\\/az\\\/#organization\"},\"image\":{\"@id\":\"https:\\\/\\\/www.meydan.tv\\\/az\\\/article\\\/agdam-sakini-26-illik-muveqqeti-meskunlasma-olur\\\/#primaryimage\"},\"thumbnailUrl\":\"https:\\\/\\\/www.meydan.tv\\\/wp-content\\\/uploads\\\/46837-scaled.jpg\",\"articleSection\":[\"B\u00f6lg\u0259\"],\"inLanguage\":\"az\"},{\"@type\":\"WebPage\",\"@id\":\"https:\\\/\\\/www.meydan.tv\\\/az\\\/article\\\/agdam-sakini-26-illik-muveqqeti-meskunlasma-olur\\\/\",\"url\":\"https:\\\/\\\/www.meydan.tv\\\/az\\\/article\\\/agdam-sakini-26-illik-muveqqeti-meskunlasma-olur\\\/\",\"name\":\"A\u011fdam sakini: 26 illik m\u00fcv\u0259qq\u0259ti m\u0259skunla\u015fma olur? - MEYDAN.TV\",\"isPartOf\":{\"@id\":\"https:\\\/\\\/www.meydan.tv\\\/az\\\/#website\"},\"primaryImageOfPage\":{\"@id\":\"https:\\\/\\\/www.meydan.tv\\\/az\\\/article\\\/agdam-sakini-26-illik-muveqqeti-meskunlasma-olur\\\/#primaryimage\"},\"image\":{\"@id\":\"https:\\\/\\\/www.meydan.tv\\\/az\\\/article\\\/agdam-sakini-26-illik-muveqqeti-meskunlasma-olur\\\/#primaryimage\"},\"thumbnailUrl\":\"https:\\\/\\\/www.meydan.tv\\\/wp-content\\\/uploads\\\/46837-scaled.jpg\",\"datePublished\":\"2019-02-09T13:40:42+00:00\",\"breadcrumb\":{\"@id\":\"https:\\\/\\\/www.meydan.tv\\\/az\\\/article\\\/agdam-sakini-26-illik-muveqqeti-meskunlasma-olur\\\/#breadcrumb\"},\"inLanguage\":\"az\",\"potentialAction\":[{\"@type\":\"ReadAction\",\"target\":[\"https:\\\/\\\/www.meydan.tv\\\/az\\\/article\\\/agdam-sakini-26-illik-muveqqeti-meskunlasma-olur\\\/\"]}]},{\"@type\":\"ImageObject\",\"inLanguage\":\"az\",\"@id\":\"https:\\\/\\\/www.meydan.tv\\\/az\\\/article\\\/agdam-sakini-26-illik-muveqqeti-meskunlasma-olur\\\/#primaryimage\",\"url\":\"https:\\\/\\\/www.meydan.tv\\\/wp-content\\\/uploads\\\/46837-scaled.jpg\",\"contentUrl\":\"https:\\\/\\\/www.meydan.tv\\\/wp-content\\\/uploads\\\/46837-scaled.jpg\",\"width\":2560,\"height\":1920,\"caption\":\"Source:\"},{\"@type\":\"BreadcrumbList\",\"@id\":\"https:\\\/\\\/www.meydan.tv\\\/az\\\/article\\\/agdam-sakini-26-illik-muveqqeti-meskunlasma-olur\\\/#breadcrumb\",\"itemListElement\":[{\"@type\":\"ListItem\",\"position\":1,\"name\":\"Ana s\u0259hif\u0259\",\"item\":\"https:\\\/\\\/www.meydan.tv\\\/az\\\/\"},{\"@type\":\"ListItem\",\"position\":2,\"name\":\"B\u00f6lg\u0259\",\"item\":\"https:\\\/\\\/www.meydan.tv\\\/az\\\/section\\\/bolge\\\/\"},{\"@type\":\"ListItem\",\"position\":3,\"name\":\"A\u011fdam sakini: 26 illik m\u00fcv\u0259qq\u0259ti m\u0259skunla\u015fma olur?\"}]},{\"@type\":\"WebSite\",\"@id\":\"https:\\\/\\\/www.meydan.tv\\\/az\\\/#website\",\"url\":\"https:\\\/\\\/www.meydan.tv\\\/az\\\/\",\"name\":\"MEYDAN.TV\",\"description\":\"Meydan TV Az\u0259rbaycan\u0131n media m\u0259kan\u0131ndak\u0131 alternativ s\u0259sidir\",\"publisher\":{\"@id\":\"https:\\\/\\\/www.meydan.tv\\\/az\\\/#organization\"},\"potentialAction\":[{\"@type\":\"SearchAction\",\"target\":{\"@type\":\"EntryPoint\",\"urlTemplate\":\"https:\\\/\\\/www.meydan.tv\\\/az\\\/?s={search_term_string}\"},\"query-input\":{\"@type\":\"PropertyValueSpecification\",\"valueRequired\":true,\"valueName\":\"search_term_string\"}}],\"inLanguage\":\"az\"},{\"@type\":\"Organization\",\"@id\":\"https:\\\/\\\/www.meydan.tv\\\/az\\\/#organization\",\"name\":\"Meydan TV\",\"url\":\"https:\\\/\\\/www.meydan.tv\\\/az\\\/\",\"logo\":{\"@type\":\"ImageObject\",\"inLanguage\":\"az\",\"@id\":\"https:\\\/\\\/www.meydan.tv\\\/az\\\/#\\\/schema\\\/logo\\\/image\\\/\",\"url\":\"https:\\\/\\\/www.meydan.tv\\\/wp-content\\\/uploads\\\/2021\\\/07\\\/meydan-logo.svg\",\"contentUrl\":\"https:\\\/\\\/www.meydan.tv\\\/wp-content\\\/uploads\\\/2021\\\/07\\\/meydan-logo.svg\",\"width\":195,\"height\":46,\"caption\":\"Meydan TV\"},\"image\":{\"@id\":\"https:\\\/\\\/www.meydan.tv\\\/az\\\/#\\\/schema\\\/logo\\\/image\\\/\"}},{\"@type\":\"Person\",\"@id\":\"https:\\\/\\\/www.meydan.tv\\\/az\\\/#\\\/schema\\\/person\\\/10d11eccf6da3662cf5fdab9806ea91a\",\"name\":\"user-manager\"}]}<\/script>\n<!-- \/ Yoast SEO plugin. -->","yoast_head_json":{"title":"A\u011fdam sakini: 26 illik m\u00fcv\u0259qq\u0259ti m\u0259skunla\u015fma olur? - MEYDAN.TV","robots":{"index":"index","follow":"follow","max-snippet":"max-snippet:-1","max-image-preview":"max-image-preview:large","max-video-preview":"max-video-preview:-1"},"canonical":"https:\/\/www.meydan.tv\/az\/article\/agdam-sakini-26-illik-muveqqeti-meskunlasma-olur\/","og_locale":"az_AZ","og_type":"article","og_title":"A\u011fdam sakini: 26 illik m\u00fcv\u0259qq\u0259ti m\u0259skunla\u015fma olur? - MEYDAN.TV","og_description":"''G\u00f6b\u0259l\u0259k'' \u0259razisinin sakinl\u0259ri ev ist\u0259yirl\u0259r","og_url":"https:\/\/www.meydan.tv\/az\/article\/agdam-sakini-26-illik-muveqqeti-meskunlasma-olur\/","og_site_name":"MEYDAN.TV","article_published_time":"2019-02-09T13:40:42+00:00","og_image":[{"width":2560,"height":1920,"url":"https:\/\/www.meydan.tv\/wp-content\/uploads\/46837-scaled.jpg","type":"image\/jpeg"}],"author":"user-manager","twitter_card":"summary_large_image","schema":{"@context":"https:\/\/schema.org","@graph":[{"@type":"Article","@id":"https:\/\/www.meydan.tv\/az\/article\/agdam-sakini-26-illik-muveqqeti-meskunlasma-olur\/#article","isPartOf":{"@id":"https:\/\/www.meydan.tv\/az\/article\/agdam-sakini-26-illik-muveqqeti-meskunlasma-olur\/"},"author":{"name":"user-manager","@id":"https:\/\/www.meydan.tv\/az\/#\/schema\/person\/10d11eccf6da3662cf5fdab9806ea91a"},"headline":"A\u011fdam sakini: 26 illik m\u00fcv\u0259qq\u0259ti m\u0259skunla\u015fma olur?","datePublished":"2019-02-09T13:40:42+00:00","mainEntityOfPage":{"@id":"https:\/\/www.meydan.tv\/az\/article\/agdam-sakini-26-illik-muveqqeti-meskunlasma-olur\/"},"wordCount":1563,"publisher":{"@id":"https:\/\/www.meydan.tv\/az\/#organization"},"image":{"@id":"https:\/\/www.meydan.tv\/az\/article\/agdam-sakini-26-illik-muveqqeti-meskunlasma-olur\/#primaryimage"},"thumbnailUrl":"https:\/\/www.meydan.tv\/wp-content\/uploads\/46837-scaled.jpg","articleSection":["B\u00f6lg\u0259"],"inLanguage":"az"},{"@type":"WebPage","@id":"https:\/\/www.meydan.tv\/az\/article\/agdam-sakini-26-illik-muveqqeti-meskunlasma-olur\/","url":"https:\/\/www.meydan.tv\/az\/article\/agdam-sakini-26-illik-muveqqeti-meskunlasma-olur\/","name":"A\u011fdam sakini: 26 illik m\u00fcv\u0259qq\u0259ti m\u0259skunla\u015fma olur? - MEYDAN.TV","isPartOf":{"@id":"https:\/\/www.meydan.tv\/az\/#website"},"primaryImageOfPage":{"@id":"https:\/\/www.meydan.tv\/az\/article\/agdam-sakini-26-illik-muveqqeti-meskunlasma-olur\/#primaryimage"},"image":{"@id":"https:\/\/www.meydan.tv\/az\/article\/agdam-sakini-26-illik-muveqqeti-meskunlasma-olur\/#primaryimage"},"thumbnailUrl":"https:\/\/www.meydan.tv\/wp-content\/uploads\/46837-scaled.jpg","datePublished":"2019-02-09T13:40:42+00:00","breadcrumb":{"@id":"https:\/\/www.meydan.tv\/az\/article\/agdam-sakini-26-illik-muveqqeti-meskunlasma-olur\/#breadcrumb"},"inLanguage":"az","potentialAction":[{"@type":"ReadAction","target":["https:\/\/www.meydan.tv\/az\/article\/agdam-sakini-26-illik-muveqqeti-meskunlasma-olur\/"]}]},{"@type":"ImageObject","inLanguage":"az","@id":"https:\/\/www.meydan.tv\/az\/article\/agdam-sakini-26-illik-muveqqeti-meskunlasma-olur\/#primaryimage","url":"https:\/\/www.meydan.tv\/wp-content\/uploads\/46837-scaled.jpg","contentUrl":"https:\/\/www.meydan.tv\/wp-content\/uploads\/46837-scaled.jpg","width":2560,"height":1920,"caption":"Source:"},{"@type":"BreadcrumbList","@id":"https:\/\/www.meydan.tv\/az\/article\/agdam-sakini-26-illik-muveqqeti-meskunlasma-olur\/#breadcrumb","itemListElement":[{"@type":"ListItem","position":1,"name":"Ana s\u0259hif\u0259","item":"https:\/\/www.meydan.tv\/az\/"},{"@type":"ListItem","position":2,"name":"B\u00f6lg\u0259","item":"https:\/\/www.meydan.tv\/az\/section\/bolge\/"},{"@type":"ListItem","position":3,"name":"A\u011fdam sakini: 26 illik m\u00fcv\u0259qq\u0259ti m\u0259skunla\u015fma olur?"}]},{"@type":"WebSite","@id":"https:\/\/www.meydan.tv\/az\/#website","url":"https:\/\/www.meydan.tv\/az\/","name":"MEYDAN.TV","description":"Meydan TV Az\u0259rbaycan\u0131n media m\u0259kan\u0131ndak\u0131 alternativ s\u0259sidir","publisher":{"@id":"https:\/\/www.meydan.tv\/az\/#organization"},"potentialAction":[{"@type":"SearchAction","target":{"@type":"EntryPoint","urlTemplate":"https:\/\/www.meydan.tv\/az\/?s={search_term_string}"},"query-input":{"@type":"PropertyValueSpecification","valueRequired":true,"valueName":"search_term_string"}}],"inLanguage":"az"},{"@type":"Organization","@id":"https:\/\/www.meydan.tv\/az\/#organization","name":"Meydan TV","url":"https:\/\/www.meydan.tv\/az\/","logo":{"@type":"ImageObject","inLanguage":"az","@id":"https:\/\/www.meydan.tv\/az\/#\/schema\/logo\/image\/","url":"https:\/\/www.meydan.tv\/wp-content\/uploads\/2021\/07\/meydan-logo.svg","contentUrl":"https:\/\/www.meydan.tv\/wp-content\/uploads\/2021\/07\/meydan-logo.svg","width":195,"height":46,"caption":"Meydan TV"},"image":{"@id":"https:\/\/www.meydan.tv\/az\/#\/schema\/logo\/image\/"}},{"@type":"Person","@id":"https:\/\/www.meydan.tv\/az\/#\/schema\/person\/10d11eccf6da3662cf5fdab9806ea91a","name":"user-manager"}]}},"_links":{"self":[{"href":"https:\/\/www.meydan.tv\/az\/wp-json\/wp\/v2\/posts\/193918","targetHints":{"allow":["GET"]}}],"collection":[{"href":"https:\/\/www.meydan.tv\/az\/wp-json\/wp\/v2\/posts"}],"about":[{"href":"https:\/\/www.meydan.tv\/az\/wp-json\/wp\/v2\/types\/post"}],"author":[{"embeddable":true,"href":"https:\/\/www.meydan.tv\/az\/wp-json\/wp\/v2\/users\/11"}],"replies":[{"embeddable":true,"href":"https:\/\/www.meydan.tv\/az\/wp-json\/wp\/v2\/comments?post=193918"}],"version-history":[{"count":0,"href":"https:\/\/www.meydan.tv\/az\/wp-json\/wp\/v2\/posts\/193918\/revisions"}],"wp:featuredmedia":[{"embeddable":true,"href":"https:\/\/www.meydan.tv\/az\/wp-json\/wp\/v2\/media\/117485"}],"wp:attachment":[{"href":"https:\/\/www.meydan.tv\/az\/wp-json\/wp\/v2\/media?parent=193918"}],"wp:term":[{"taxonomy":"category","embeddable":true,"href":"https:\/\/www.meydan.tv\/az\/wp-json\/wp\/v2\/categories?post=193918"},{"taxonomy":"post_tag","embeddable":true,"href":"https:\/\/www.meydan.tv\/az\/wp-json\/wp\/v2\/tags?post=193918"}],"curies":[{"name":"wp","href":"https:\/\/api.w.org\/{rel}","templated":true}]}}