{"id":193916,"date":"2019-02-09T12:08:06","date_gmt":"2019-02-09T12:08:06","guid":{"rendered":"https:\/\/www.meydan.tv\/article\/dagliq-yasayis-menteqelerine-medeniyyet-lazim-deyil\/"},"modified":"2019-02-09T12:08:06","modified_gmt":"2019-02-09T12:08:06","slug":"dagliq-yasayis-menteqelerine-medeniyyet-lazim-deyil","status":"publish","type":"post","link":"https:\/\/www.meydan.tv\/az\/article\/dagliq-yasayis-menteqelerine-medeniyyet-lazim-deyil\/","title":{"rendered":"&#8221;Da\u011fl\u0131q ya\u015fay\u0131\u015f m\u0259nt\u0259q\u0259l\u0259rin\u0259 m\u0259d\u0259niyy\u0259t laz\u0131m deyil?&#8221;"},"content":{"rendered":"<figure class=\"wp-block-image size-large\">\n  <img decoding=\"async\" src=\"https:\/\/www.meydan.tv\/az\/117467\/\" alt=\"\" class=\"wp-image-117467\"\/><figcaption><\/figcaption><\/figure>\n<p>\n  <i><br \/>\n    Siyovda m\u0259d\u0259niyy\u0259t klubu qapad\u0131l\u0131b<br \/>\n  <\/i>\n<\/p>\n<p>\n  Lerik rayonunun da\u011fl\u0131q Siyov k\u0259ndind\u0259 f\u0259aliyy\u0259t g\u00f6st\u0259r\u0259n klub ba\u011flan\u0131b.\n<\/p>\n<p>\n  Klubun m\u00fcdiri \u018ffray\u0131l \u0130mamverdiyev Meydan TV-y\u0259 gileyl\u0259nib ki, 2017-ci ilin avqustunda L\u0259nk\u0259ran Regional M\u0259d\u0259niyy\u0259t \u0130dar\u0259si t\u0259r\u0259find\u0259n he\u00e7 bir x\u0259b\u0259rdarl\u0131q olunmadan klubun f\u0259aliyy\u0259tin\u0259 xitam verilib:\n<\/p>\n<p>\n  &#8220;Bir m\u0259qam\u0131 anlamad\u0131m, niy\u0259 klubu x\u0259b\u0259rdarl\u0131q olunmadan l\u0259\u011fv etdil\u0259r? M\u0259n etiraz el\u0259dikd\u0259n sonra yoxlama briqadas\u0131 g\u0259lib baxd\u0131, amma he\u00e7 bir tutarl\u0131 \u0259sas g\u0259tir\u0259 bilm\u0259dil\u0259r&#8221;.\n<\/p>\n<figure class=\"wp-block-image size-large\">\n  <img decoding=\"async\" src=\"https:\/\/www.meydan.tv\/az\/117470\/\" alt=\"\" class=\"wp-image-117470\"\/><figcaption><\/figcaption><\/figure>\n<p>\n  \u018ffray\u0131l \u0130mamverdiyev deyir ki, klubun ba\u011flanmas\u0131 il\u0259 siyovlular\u0131n m\u0259d\u0259ni s\u0259viyy\u0259sinin daha da a\u015fa\u011f\u0131 enm\u0259sin\u0259 \u015f\u0259rait yarad\u0131blar:\n<\/p>\n<p>\n  &#8220;Bu bina k\u00f6hn\u0259 idi, sonradan uy\u011funla\u015fd\u0131r\u0131laraq, 1993-c\u00fc ild\u0259n klub kimi f\u0259aliyy\u0259t\u0259 verildi. K\u00f6hn\u0259 olsa da, normal \u015f\u0259rait yaratm\u0131\u015fd\u0131q. Klub k\u0259nd camaat\u0131n\u0131n k\u00fctl\u0259vi \u015f\u0259kild\u0259 istirah\u0259t etdiyi m\u0259kan idi. Milli bayramlar\u0131m\u0131z\u0131, d\u00f6vl\u0259t t\u0259dbirl\u0259rini burada ke\u00e7irirdik. Ah\u0131llar, qocalar, cavanlar asud\u0259 vaxtlar\u0131nda kluba topla\u015f\u0131b dinc\u0259lirdil\u0259r. Burada h\u0259m\u00e7inin r\u0259qs v\u0259 dram d\u0259rn\u0259kl\u0259ri d\u0259 f\u0259aliyy\u0259t g\u00f6st\u0259rirdi. He\u00e7 n\u0259y\u0259 \u0259h\u0259miyy\u0259t verm\u0259d\u0259n, klubu ba\u011flad\u0131lar. M\u0259g\u0259r, da\u011fl\u0131q ya\u015fay\u0131\u015f m\u0259nt\u0259q\u0259l\u0259rin\u0259 m\u0259d\u0259niyy\u0259t laz\u0131m deyil? K\u0259ndd\u0259 1500-d\u0259n \u00e7ox \u0259hali ya\u015fay\u0131r, b\u0259s yax\u015f\u0131, bunlar asud\u0259 vaxtlar\u0131n\u0131 harada ke\u00e7irsinl\u0259r? K\u0259ndd\u0259 kimd\u0259n ist\u0259yirsiniz soru\u015fun, dey\u0259c\u0259kl\u0259r ki, klub binas\u0131 k\u00f6hn\u0259 olsa da, m\u0259d\u0259ni t\u0259l\u0259bl\u0259ri \u00f6d\u0259yirdi\u201d.\n<\/p>\n<figure class=\"wp-block-image size-large\">\n  <img decoding=\"async\" src=\"https:\/\/www.meydan.tv\/az\/117473\/\" alt=\"\" class=\"wp-image-117473\"\/><figcaption><\/figcaption><\/figure>\n<p>\n  Klub m\u0259kt\u0259bin yax\u0131nl\u0131\u011f\u0131nda yerl\u0259\u015fir. \u018ffray\u0131l \u0130mamverdiyev deyir ki, m\u0259kt\u0259bpis v\u0259ziyy\u0259td\u0259 oldu\u011fundan orada h\u0259r hans\u0131 bir t\u0259dbirin ke\u00e7irilm\u0259si \u0259lveri\u015fsizdir. Ona g\u00f6r\u0259 m\u0259kt\u0259bin d\u0259 t\u0259dbirl\u0259ri klubda ke\u00e7irilirmi\u015f. H\u0259m\u00e7inin k\u0259nd\u0259 g\u0259l\u0259n qonaqlar\u0131 klubda qar\u015f\u0131lay\u0131rm\u0131\u015flar. Hans\u0131sa m\u0259mur klubda g\u00f6r\u00fc\u015f ke\u00e7irib k\u0259nd camaat\u0131n\u0131n problemini dinl\u0259yirmi\u015f.\n<\/p>\n<p>\n  &#8220;156 manat \u0259m\u0259khaqq\u0131 al\u0131rd\u0131m, ail\u0259mi birt\u0259h\u0259r doland\u0131r\u0131rd\u0131m. Klub ba\u011fland\u0131qdan sonra 3 n\u0259f\u0259r i\u015fsiz qal\u0131b. \u0130ki \u0259lil u\u015fa\u011f\u0131m var. \u0130mkans\u0131zl\u0131qdan onlar\u0131 m\u00fcalic\u0259 etdir\u0259 bilmir\u0259m. Regionda el\u0259 klublar\u0131 saxlay\u0131blar ki, h\u0259min \u0259razid\u0259 \u0259hali say\u0131 azd\u0131r. B\u0259lk\u0259 d\u0259 h\u0259min klublar\u0131n qap\u0131s\u0131 he\u00e7 a\u00e7\u0131lm\u0131r&#8221;, &#8211; dey\u0259 klub m\u00fcdiri s\u00f6yl\u0259yir:\n<\/p>\n<figure class=\"wp-block-image size-large\">\n  <img decoding=\"async\" src=\"https:\/\/www.meydan.tv\/az\/efrayil-imamverdiyev\/\" alt=\"\u018ffray\u0131l \u0130mamverdiyev\" class=\"wp-image-117476\"\/><figcaption>\n    \u018ffray\u0131l \u0130mamverdiyev<br \/>\n  <\/figcaption><\/figure>\n<p>\n  &#8220;M\u0259s\u0259l\u0259 il\u0259 ba\u011fl\u0131 d\u0259f\u0259l\u0259rl\u0259 Prezident Adminstrasiyas\u0131na, M\u0259d\u0259niyy\u0259t Nazirliyin\u0259, Birinci vitse-prezident Mehrban \u018fliyevaya \u015fikay\u0259t m\u0259ktubu yazm\u0131\u015fam, ham\u0131s\u0131 da cavabs\u0131z qal\u0131b. Daha do\u011frusu, m\u0259ktublar\u0131 y\u00f6n\u0259ldirl\u0259r L\u0259nk\u0259ran Regional M\u0259d\u0259niyy\u0259t \u0130dar\u0259sin\u0259. Oran\u0131n m\u00fcdiri V\u00fcsal da deyir ki, bizlik deyil, yuxar\u0131l\u0131qd\u0131r&#8221;.\n<\/p>\n<p>\n  Deyil\u0259n iradlara L\u0259nk\u0259ran Regional M\u0259d\u0259niyy\u0259t \u0130dar\u0259sinin m\u00fcdiri V\u00fcsal N\u0259sirli m\u00fcnasib\u0259t bildirib.\n<\/p>\n<p>\n  O, Meydan TV m\u00fcxbiri il\u0259 s\u00f6hb\u0259tind\u0259 bildirib ki, son ill\u0259r regionlarda m\u00fcasir standarlara cavab verm\u0259y\u0259n m\u0259d\u0259niyy\u0259t m\u00fc\u0259ssis\u0259l\u0259rinin f\u0259aliyy\u0259tinin optimalla\u015fmas\u0131 i\u015fi h\u0259yata ke\u00e7irilir:\n<\/p>\n<figure class=\"wp-block-image size-large\">\n  <img decoding=\"async\" src=\"https:\/\/www.meydan.tv\/az\/117479\/\" alt=\"\" class=\"wp-image-117479\"\/><figcaption><\/figcaption><\/figure>\n<p>\n  &#8220;2016-c\u0131 ild\u0259n ba\u015flayaraq, regionlarda olan bir \u00e7ox m\u00fc\u0259ssis\u0259 l\u0259\u011fv edildi. O c\u00fcml\u0259d\u0259n, Lerikin Siyov k\u0259ndind\u0259ki klub da ba\u011fland\u0131. Klubun binas\u0131 pis v\u0259ziyy\u0259td\u0259 idi. H\u0259m\u00e7inin maddi-texniki bazas\u0131 z\u0259if oldu\u011fundan indiki t\u0259l\u0259bl\u0259ri qar\u015f\u0131lam\u0131rd\u0131. \u00dcmumiyy\u0259tl\u0259, perspektivd\u0259 o c\u00fcr binalar\u0131n d\u00fcz\u0259ldilm\u0259si n\u0259z\u0259rd\u0259 tutulmay\u0131b. Bilirsiniz ki, prezident \u0130lham \u018fliyev bu il, yanvar\u0131n 15-d\u0259 \u201cAz\u0259rbaycan Respublikas\u0131 M\u0259d\u0259niyy\u0259t Nazirliyinin strukturunun v\u0259 idar\u0259 edilm\u0259sinin t\u0259kmill\u0259\u015fdirilm\u0259si il\u0259 ba\u011fl\u0131 t\u0259dbirl\u0259r haqq\u0131nda\u201d yeni f\u0259rman imzalad\u0131. F\u0259rmanda da qeyd olunub ki, \u00f6lk\u0259mizd\u0259 m\u0259d\u0259niyy\u0259t sah\u0259sinin m\u00fcasir t\u0259l\u0259b\u0259l\u0259r\u0259 uy\u011fun inki\u015faf\u0131 y\u00f6n\u00fcnd\u0259 i\u015fl\u0259r apar\u0131lmal\u0131d\u0131r. Ba\u011flanan m\u0259d\u0259niyy\u0259t m\u00fc\u0259ssis\u0259l\u0259ri i\u015f\u00e7il\u0259rinin aqib\u0259tin\u0259 g\u0259linc\u0259, ilin sonuna kimi ixtisarlar v\u0259 optimalla\u015fma i\u015fi yekunla\u015fd\u0131rlacaq. Daha sonra h\u0259min i\u015f\u00e7il\u0259r siyah\u0131ya al\u0131n\u0131b, k\u00f6m\u0259klik olunacaq. \u0130\u015fl\u0259 t\u0259min olunan zaman, onlar\u0131n t\u0259hsil s\u0259viyy\u0259l\u0259ri v\u0259 ixtisasl\u0131 olmalar\u0131 \u0259sas g\u00f6t\u00fcr\u00fcl\u0259c\u0259k&#8221;.\n<\/p>\n<p>\n  Ola bilsin ki, klub r\u0259hb\u0259rl\u0259ri i\u015fl\u0259 t\u0259min edilsin, b\u0259s k\u0259ndlil\u0259r nec\u0259, klubsuz qalacaqlar? M\u0259d\u0259niyy\u0259t Nazirliyind\u0259n bu suala cavab almaq m\u00fcmk\u00fcn olmad\u0131.\n<\/p><\/p>\n","protected":false},"excerpt":{"rendered":"<p>Siyovda m\u0259d\u0259niyy\u0259t klubu qapad\u0131l\u0131b<\/p>\n","protected":false},"author":11,"featured_media":117467,"comment_status":"closed","ping_status":"open","sticky":false,"template":"","format":"standard","meta":{"_acf_changed":false,"_sitemap_exclude":false,"_sitemap_priority":"","_sitemap_frequency":"","footnotes":""},"categories":[60],"tags":[],"class_list":["post-193916","post","type-post","status-publish","format-standard","has-post-thumbnail","hentry","category-bolge","infinite-scroll-item","generate-columns","tablet-grid-50","mobile-grid-100","grid-parent","grid-33","no-featured-image-padding"],"acf":[],"yoast_head":"<!-- This site is optimized with the Yoast SEO plugin v27.4 - https:\/\/yoast.com\/product\/yoast-seo-wordpress\/ -->\n<title>&#039;&#039;Da\u011fl\u0131q ya\u015fay\u0131\u015f m\u0259nt\u0259q\u0259l\u0259rin\u0259 m\u0259d\u0259niyy\u0259t laz\u0131m deyil?&#039;&#039; - MEYDAN.TV<\/title>\n<meta name=\"robots\" content=\"index, follow, max-snippet:-1, max-image-preview:large, max-video-preview:-1\" \/>\n<link rel=\"canonical\" href=\"https:\/\/www.meydan.tv\/az\/article\/dagliq-yasayis-menteqelerine-medeniyyet-lazim-deyil\/\" \/>\n<meta property=\"og:locale\" content=\"az_AZ\" \/>\n<meta property=\"og:type\" content=\"article\" \/>\n<meta property=\"og:title\" content=\"&#039;&#039;Da\u011fl\u0131q ya\u015fay\u0131\u015f m\u0259nt\u0259q\u0259l\u0259rin\u0259 m\u0259d\u0259niyy\u0259t laz\u0131m deyil?&#039;&#039; - MEYDAN.TV\" \/>\n<meta property=\"og:description\" content=\"Siyovda m\u0259d\u0259niyy\u0259t klubu qapad\u0131l\u0131b\" \/>\n<meta property=\"og:url\" content=\"https:\/\/www.meydan.tv\/az\/article\/dagliq-yasayis-menteqelerine-medeniyyet-lazim-deyil\/\" \/>\n<meta property=\"og:site_name\" content=\"MEYDAN.TV\" \/>\n<meta property=\"article:published_time\" content=\"2019-02-09T12:08:06+00:00\" \/>\n<meta property=\"og:image\" content=\"https:\/\/www.meydan.tv\/wp-content\/uploads\/46832.jpg\" \/>\n\t<meta property=\"og:image:width\" content=\"960\" \/>\n\t<meta property=\"og:image:height\" content=\"720\" \/>\n\t<meta property=\"og:image:type\" content=\"image\/jpeg\" \/>\n<meta name=\"author\" content=\"user-manager\" \/>\n<meta name=\"twitter:card\" content=\"summary_large_image\" \/>\n<script type=\"application\/ld+json\" class=\"yoast-schema-graph\">{\"@context\":\"https:\\\/\\\/schema.org\",\"@graph\":[{\"@type\":\"Article\",\"@id\":\"https:\\\/\\\/www.meydan.tv\\\/az\\\/article\\\/dagliq-yasayis-menteqelerine-medeniyyet-lazim-deyil\\\/#article\",\"isPartOf\":{\"@id\":\"https:\\\/\\\/www.meydan.tv\\\/az\\\/article\\\/dagliq-yasayis-menteqelerine-medeniyyet-lazim-deyil\\\/\"},\"author\":{\"name\":\"user-manager\",\"@id\":\"https:\\\/\\\/www.meydan.tv\\\/az\\\/#\\\/schema\\\/person\\\/10d11eccf6da3662cf5fdab9806ea91a\"},\"headline\":\"&#8221;Da\u011fl\u0131q ya\u015fay\u0131\u015f m\u0259nt\u0259q\u0259l\u0259rin\u0259 m\u0259d\u0259niyy\u0259t laz\u0131m deyil?&#8221;\",\"datePublished\":\"2019-02-09T12:08:06+00:00\",\"mainEntityOfPage\":{\"@id\":\"https:\\\/\\\/www.meydan.tv\\\/az\\\/article\\\/dagliq-yasayis-menteqelerine-medeniyyet-lazim-deyil\\\/\"},\"wordCount\":857,\"publisher\":{\"@id\":\"https:\\\/\\\/www.meydan.tv\\\/az\\\/#organization\"},\"image\":{\"@id\":\"https:\\\/\\\/www.meydan.tv\\\/az\\\/article\\\/dagliq-yasayis-menteqelerine-medeniyyet-lazim-deyil\\\/#primaryimage\"},\"thumbnailUrl\":\"https:\\\/\\\/www.meydan.tv\\\/wp-content\\\/uploads\\\/46832.jpg\",\"articleSection\":[\"B\u00f6lg\u0259\"],\"inLanguage\":\"az\"},{\"@type\":\"WebPage\",\"@id\":\"https:\\\/\\\/www.meydan.tv\\\/az\\\/article\\\/dagliq-yasayis-menteqelerine-medeniyyet-lazim-deyil\\\/\",\"url\":\"https:\\\/\\\/www.meydan.tv\\\/az\\\/article\\\/dagliq-yasayis-menteqelerine-medeniyyet-lazim-deyil\\\/\",\"name\":\"''Da\u011fl\u0131q ya\u015fay\u0131\u015f m\u0259nt\u0259q\u0259l\u0259rin\u0259 m\u0259d\u0259niyy\u0259t laz\u0131m deyil?'' - MEYDAN.TV\",\"isPartOf\":{\"@id\":\"https:\\\/\\\/www.meydan.tv\\\/az\\\/#website\"},\"primaryImageOfPage\":{\"@id\":\"https:\\\/\\\/www.meydan.tv\\\/az\\\/article\\\/dagliq-yasayis-menteqelerine-medeniyyet-lazim-deyil\\\/#primaryimage\"},\"image\":{\"@id\":\"https:\\\/\\\/www.meydan.tv\\\/az\\\/article\\\/dagliq-yasayis-menteqelerine-medeniyyet-lazim-deyil\\\/#primaryimage\"},\"thumbnailUrl\":\"https:\\\/\\\/www.meydan.tv\\\/wp-content\\\/uploads\\\/46832.jpg\",\"datePublished\":\"2019-02-09T12:08:06+00:00\",\"breadcrumb\":{\"@id\":\"https:\\\/\\\/www.meydan.tv\\\/az\\\/article\\\/dagliq-yasayis-menteqelerine-medeniyyet-lazim-deyil\\\/#breadcrumb\"},\"inLanguage\":\"az\",\"potentialAction\":[{\"@type\":\"ReadAction\",\"target\":[\"https:\\\/\\\/www.meydan.tv\\\/az\\\/article\\\/dagliq-yasayis-menteqelerine-medeniyyet-lazim-deyil\\\/\"]}]},{\"@type\":\"ImageObject\",\"inLanguage\":\"az\",\"@id\":\"https:\\\/\\\/www.meydan.tv\\\/az\\\/article\\\/dagliq-yasayis-menteqelerine-medeniyyet-lazim-deyil\\\/#primaryimage\",\"url\":\"https:\\\/\\\/www.meydan.tv\\\/wp-content\\\/uploads\\\/46832.jpg\",\"contentUrl\":\"https:\\\/\\\/www.meydan.tv\\\/wp-content\\\/uploads\\\/46832.jpg\",\"width\":960,\"height\":720,\"caption\":\"Source:\"},{\"@type\":\"BreadcrumbList\",\"@id\":\"https:\\\/\\\/www.meydan.tv\\\/az\\\/article\\\/dagliq-yasayis-menteqelerine-medeniyyet-lazim-deyil\\\/#breadcrumb\",\"itemListElement\":[{\"@type\":\"ListItem\",\"position\":1,\"name\":\"Ana s\u0259hif\u0259\",\"item\":\"https:\\\/\\\/www.meydan.tv\\\/az\\\/\"},{\"@type\":\"ListItem\",\"position\":2,\"name\":\"B\u00f6lg\u0259\",\"item\":\"https:\\\/\\\/www.meydan.tv\\\/az\\\/section\\\/bolge\\\/\"},{\"@type\":\"ListItem\",\"position\":3,\"name\":\"&#8221;Da\u011fl\u0131q ya\u015fay\u0131\u015f m\u0259nt\u0259q\u0259l\u0259rin\u0259 m\u0259d\u0259niyy\u0259t laz\u0131m deyil?&#8221;\"}]},{\"@type\":\"WebSite\",\"@id\":\"https:\\\/\\\/www.meydan.tv\\\/az\\\/#website\",\"url\":\"https:\\\/\\\/www.meydan.tv\\\/az\\\/\",\"name\":\"MEYDAN.TV\",\"description\":\"Meydan TV Az\u0259rbaycan\u0131n media m\u0259kan\u0131ndak\u0131 alternativ s\u0259sidir\",\"publisher\":{\"@id\":\"https:\\\/\\\/www.meydan.tv\\\/az\\\/#organization\"},\"potentialAction\":[{\"@type\":\"SearchAction\",\"target\":{\"@type\":\"EntryPoint\",\"urlTemplate\":\"https:\\\/\\\/www.meydan.tv\\\/az\\\/?s={search_term_string}\"},\"query-input\":{\"@type\":\"PropertyValueSpecification\",\"valueRequired\":true,\"valueName\":\"search_term_string\"}}],\"inLanguage\":\"az\"},{\"@type\":\"Organization\",\"@id\":\"https:\\\/\\\/www.meydan.tv\\\/az\\\/#organization\",\"name\":\"Meydan TV\",\"url\":\"https:\\\/\\\/www.meydan.tv\\\/az\\\/\",\"logo\":{\"@type\":\"ImageObject\",\"inLanguage\":\"az\",\"@id\":\"https:\\\/\\\/www.meydan.tv\\\/az\\\/#\\\/schema\\\/logo\\\/image\\\/\",\"url\":\"https:\\\/\\\/www.meydan.tv\\\/wp-content\\\/uploads\\\/2021\\\/07\\\/meydan-logo.svg\",\"contentUrl\":\"https:\\\/\\\/www.meydan.tv\\\/wp-content\\\/uploads\\\/2021\\\/07\\\/meydan-logo.svg\",\"width\":195,\"height\":46,\"caption\":\"Meydan TV\"},\"image\":{\"@id\":\"https:\\\/\\\/www.meydan.tv\\\/az\\\/#\\\/schema\\\/logo\\\/image\\\/\"}},{\"@type\":\"Person\",\"@id\":\"https:\\\/\\\/www.meydan.tv\\\/az\\\/#\\\/schema\\\/person\\\/10d11eccf6da3662cf5fdab9806ea91a\",\"name\":\"user-manager\"}]}<\/script>\n<!-- \/ Yoast SEO plugin. -->","yoast_head_json":{"title":"''Da\u011fl\u0131q ya\u015fay\u0131\u015f m\u0259nt\u0259q\u0259l\u0259rin\u0259 m\u0259d\u0259niyy\u0259t laz\u0131m deyil?'' - MEYDAN.TV","robots":{"index":"index","follow":"follow","max-snippet":"max-snippet:-1","max-image-preview":"max-image-preview:large","max-video-preview":"max-video-preview:-1"},"canonical":"https:\/\/www.meydan.tv\/az\/article\/dagliq-yasayis-menteqelerine-medeniyyet-lazim-deyil\/","og_locale":"az_AZ","og_type":"article","og_title":"''Da\u011fl\u0131q ya\u015fay\u0131\u015f m\u0259nt\u0259q\u0259l\u0259rin\u0259 m\u0259d\u0259niyy\u0259t laz\u0131m deyil?'' - MEYDAN.TV","og_description":"Siyovda m\u0259d\u0259niyy\u0259t klubu qapad\u0131l\u0131b","og_url":"https:\/\/www.meydan.tv\/az\/article\/dagliq-yasayis-menteqelerine-medeniyyet-lazim-deyil\/","og_site_name":"MEYDAN.TV","article_published_time":"2019-02-09T12:08:06+00:00","og_image":[{"width":960,"height":720,"url":"https:\/\/www.meydan.tv\/wp-content\/uploads\/46832.jpg","type":"image\/jpeg"}],"author":"user-manager","twitter_card":"summary_large_image","schema":{"@context":"https:\/\/schema.org","@graph":[{"@type":"Article","@id":"https:\/\/www.meydan.tv\/az\/article\/dagliq-yasayis-menteqelerine-medeniyyet-lazim-deyil\/#article","isPartOf":{"@id":"https:\/\/www.meydan.tv\/az\/article\/dagliq-yasayis-menteqelerine-medeniyyet-lazim-deyil\/"},"author":{"name":"user-manager","@id":"https:\/\/www.meydan.tv\/az\/#\/schema\/person\/10d11eccf6da3662cf5fdab9806ea91a"},"headline":"&#8221;Da\u011fl\u0131q ya\u015fay\u0131\u015f m\u0259nt\u0259q\u0259l\u0259rin\u0259 m\u0259d\u0259niyy\u0259t laz\u0131m deyil?&#8221;","datePublished":"2019-02-09T12:08:06+00:00","mainEntityOfPage":{"@id":"https:\/\/www.meydan.tv\/az\/article\/dagliq-yasayis-menteqelerine-medeniyyet-lazim-deyil\/"},"wordCount":857,"publisher":{"@id":"https:\/\/www.meydan.tv\/az\/#organization"},"image":{"@id":"https:\/\/www.meydan.tv\/az\/article\/dagliq-yasayis-menteqelerine-medeniyyet-lazim-deyil\/#primaryimage"},"thumbnailUrl":"https:\/\/www.meydan.tv\/wp-content\/uploads\/46832.jpg","articleSection":["B\u00f6lg\u0259"],"inLanguage":"az"},{"@type":"WebPage","@id":"https:\/\/www.meydan.tv\/az\/article\/dagliq-yasayis-menteqelerine-medeniyyet-lazim-deyil\/","url":"https:\/\/www.meydan.tv\/az\/article\/dagliq-yasayis-menteqelerine-medeniyyet-lazim-deyil\/","name":"''Da\u011fl\u0131q ya\u015fay\u0131\u015f m\u0259nt\u0259q\u0259l\u0259rin\u0259 m\u0259d\u0259niyy\u0259t laz\u0131m deyil?'' - MEYDAN.TV","isPartOf":{"@id":"https:\/\/www.meydan.tv\/az\/#website"},"primaryImageOfPage":{"@id":"https:\/\/www.meydan.tv\/az\/article\/dagliq-yasayis-menteqelerine-medeniyyet-lazim-deyil\/#primaryimage"},"image":{"@id":"https:\/\/www.meydan.tv\/az\/article\/dagliq-yasayis-menteqelerine-medeniyyet-lazim-deyil\/#primaryimage"},"thumbnailUrl":"https:\/\/www.meydan.tv\/wp-content\/uploads\/46832.jpg","datePublished":"2019-02-09T12:08:06+00:00","breadcrumb":{"@id":"https:\/\/www.meydan.tv\/az\/article\/dagliq-yasayis-menteqelerine-medeniyyet-lazim-deyil\/#breadcrumb"},"inLanguage":"az","potentialAction":[{"@type":"ReadAction","target":["https:\/\/www.meydan.tv\/az\/article\/dagliq-yasayis-menteqelerine-medeniyyet-lazim-deyil\/"]}]},{"@type":"ImageObject","inLanguage":"az","@id":"https:\/\/www.meydan.tv\/az\/article\/dagliq-yasayis-menteqelerine-medeniyyet-lazim-deyil\/#primaryimage","url":"https:\/\/www.meydan.tv\/wp-content\/uploads\/46832.jpg","contentUrl":"https:\/\/www.meydan.tv\/wp-content\/uploads\/46832.jpg","width":960,"height":720,"caption":"Source:"},{"@type":"BreadcrumbList","@id":"https:\/\/www.meydan.tv\/az\/article\/dagliq-yasayis-menteqelerine-medeniyyet-lazim-deyil\/#breadcrumb","itemListElement":[{"@type":"ListItem","position":1,"name":"Ana s\u0259hif\u0259","item":"https:\/\/www.meydan.tv\/az\/"},{"@type":"ListItem","position":2,"name":"B\u00f6lg\u0259","item":"https:\/\/www.meydan.tv\/az\/section\/bolge\/"},{"@type":"ListItem","position":3,"name":"&#8221;Da\u011fl\u0131q ya\u015fay\u0131\u015f m\u0259nt\u0259q\u0259l\u0259rin\u0259 m\u0259d\u0259niyy\u0259t laz\u0131m deyil?&#8221;"}]},{"@type":"WebSite","@id":"https:\/\/www.meydan.tv\/az\/#website","url":"https:\/\/www.meydan.tv\/az\/","name":"MEYDAN.TV","description":"Meydan TV Az\u0259rbaycan\u0131n media m\u0259kan\u0131ndak\u0131 alternativ s\u0259sidir","publisher":{"@id":"https:\/\/www.meydan.tv\/az\/#organization"},"potentialAction":[{"@type":"SearchAction","target":{"@type":"EntryPoint","urlTemplate":"https:\/\/www.meydan.tv\/az\/?s={search_term_string}"},"query-input":{"@type":"PropertyValueSpecification","valueRequired":true,"valueName":"search_term_string"}}],"inLanguage":"az"},{"@type":"Organization","@id":"https:\/\/www.meydan.tv\/az\/#organization","name":"Meydan TV","url":"https:\/\/www.meydan.tv\/az\/","logo":{"@type":"ImageObject","inLanguage":"az","@id":"https:\/\/www.meydan.tv\/az\/#\/schema\/logo\/image\/","url":"https:\/\/www.meydan.tv\/wp-content\/uploads\/2021\/07\/meydan-logo.svg","contentUrl":"https:\/\/www.meydan.tv\/wp-content\/uploads\/2021\/07\/meydan-logo.svg","width":195,"height":46,"caption":"Meydan TV"},"image":{"@id":"https:\/\/www.meydan.tv\/az\/#\/schema\/logo\/image\/"}},{"@type":"Person","@id":"https:\/\/www.meydan.tv\/az\/#\/schema\/person\/10d11eccf6da3662cf5fdab9806ea91a","name":"user-manager"}]}},"_links":{"self":[{"href":"https:\/\/www.meydan.tv\/az\/wp-json\/wp\/v2\/posts\/193916","targetHints":{"allow":["GET"]}}],"collection":[{"href":"https:\/\/www.meydan.tv\/az\/wp-json\/wp\/v2\/posts"}],"about":[{"href":"https:\/\/www.meydan.tv\/az\/wp-json\/wp\/v2\/types\/post"}],"author":[{"embeddable":true,"href":"https:\/\/www.meydan.tv\/az\/wp-json\/wp\/v2\/users\/11"}],"replies":[{"embeddable":true,"href":"https:\/\/www.meydan.tv\/az\/wp-json\/wp\/v2\/comments?post=193916"}],"version-history":[{"count":0,"href":"https:\/\/www.meydan.tv\/az\/wp-json\/wp\/v2\/posts\/193916\/revisions"}],"wp:featuredmedia":[{"embeddable":true,"href":"https:\/\/www.meydan.tv\/az\/wp-json\/wp\/v2\/media\/117467"}],"wp:attachment":[{"href":"https:\/\/www.meydan.tv\/az\/wp-json\/wp\/v2\/media?parent=193916"}],"wp:term":[{"taxonomy":"category","embeddable":true,"href":"https:\/\/www.meydan.tv\/az\/wp-json\/wp\/v2\/categories?post=193916"},{"taxonomy":"post_tag","embeddable":true,"href":"https:\/\/www.meydan.tv\/az\/wp-json\/wp\/v2\/tags?post=193916"}],"curies":[{"name":"wp","href":"https:\/\/api.w.org\/{rel}","templated":true}]}}