{"id":193867,"date":"2019-02-06T18:03:34","date_gmt":"2019-02-06T18:03:34","guid":{"rendered":"https:\/\/www.meydan.tv\/article\/semed-turksoyun-baglanmamis-sehifesi\/"},"modified":"2019-02-06T18:03:34","modified_gmt":"2019-02-06T18:03:34","slug":"semed-turksoyun-baglanmamis-sehifesi","status":"publish","type":"post","link":"https:\/\/www.meydan.tv\/az\/article\/semed-turksoyun-baglanmamis-sehifesi\/","title":{"rendered":"S\u0259m\u0259d T\u00fcrksoyun ba\u011flanmam\u0131\u015f s\u0259hif\u0259si"},"content":{"rendered":"<figure class=\"wp-block-image size-large\">\n  <img decoding=\"async\" src=\"https:\/\/www.meydan.tv\/az\/semedin-atasi-elmin-bayramov\/\" alt=\"S\u0259m\u0259din atas\u0131 Elmin Bayramov\" class=\"wp-image-117308\"\/><figcaption>\n    S\u0259m\u0259din atas\u0131 Elmin Bayramov<br \/>\n  <\/figcaption><\/figure>\n<figure class=\"wp-block-image size-large\">\n  <img decoding=\"async\" src=\"https:\/\/www.meydan.tv\/az\/semedin-atasi-elmin-bayramov\/\" alt=\"S\u0259m\u0259din atas\u0131 Elmin Bayramov\" class=\"wp-image-117308\"\/><figcaption>\n    S\u0259m\u0259din atas\u0131 Elmin Bayramov<br \/>\n  <\/figcaption><\/figure>\n<p>\n  27 yanvar, 19:42. \u201cS\u0259m\u0259d\u0259 \u0259lvida\u201d&#8230;\n<\/p>\n<p>\n  Q\u0259b\u0259l\u0259nin M\u0131xl\u0131qovaq k\u0259nd sakini S\u0259m\u0259d Bayramovun S\u0259m\u0259d T\u00fcrksoy ad\u0131yla tan\u0131nan \u201cFacebook\u201d s\u0259hif\u0259sind\u0259ki vida statusu&#8230; \u018frtafda dola\u015fan \u00f6l\u00fcm\u00fcn add\u0131m s\u0259sl\u0259ri alt\u0131nda ki\u00e7ik h\u0259rfl\u0259rl\u0259 yaz\u0131lm\u0131\u015f ac\u0131 h\u0259qiq\u0259tin b\u00f6y\u00fck r\u0259smi. O \u201cr\u0259smin\u201d d\u0259qiq hikm\u0259tini he\u00e7 kim, he\u00e7 zaman bilm\u0259y\u0259c\u0259k. Yadda\u015flarda sad\u0259c\u0259 m\u0259ntiq v\u0259 m\u00fc\u015fahid\u0259l\u0259r qalacaq. Bir d\u0259 S\u0259m\u0259din i\u015f\u0131ql\u0131 xatir\u0259si&#8230;\n<\/p>\n<p>\n  Kim idi S\u0259m\u0259d Bayramov? G\u00f6zd\u0259n-k\u00f6n\u00fcld\u0259n uzaq tipik \u0259yal\u0259t k\u0259ndind\u0259 talassemiya il\u0259 do\u011fulmu\u015f v\u0259t\u0259n \u00f6vlad\u0131. Qism\u0259n fiziki \u0259ng\u0259llik des\u0259k, bu halda vaxt\u0131 \u00f6ld\u00fcrm\u0259k \u00fc\u00e7\u00fcn Az\u0259rbaycan kanallar\u0131n\u0131n palatka \u00e7\u0259kili\u015fl\u0259rin\u0259, \u015fou-\u015f\u00fcv\u0259nl\u0259r\u0259, d\u0259nsiz seriallara baxard\u0131. Amma o, d\u0259rin v\u0259 s\u0259rh\u0259dsiz \u201cAzadl\u0131q e\u015fqin\u0259\u201d tutulub mane\u0259l\u0259rl\u0259 dolu \u00e7\u0259tin bir yol\u00e7ulu\u011fa ba\u015flay\u0131r. O yolla yar\u0131\u00e7\u0131l\u011f\u0131n, yar\u0131sad\u0259l\u00f6vh S\u0259m\u0259d \u00f6lk\u0259nin, xalq\u0131n sal\u0131nd\u0131\u011f\u0131 d\u00f6z\u00fclm\u0259z durumu, m\u0259mur \u00f6zba\u015f\u0131nal\u0131\u011f\u0131n\u0131 t\u0259qdim v\u0259 if\u015fa etm\u0259y\u0259 \u00e7al\u0131\u015f\u0131r.\n<\/p>\n<p>\n  S\u0259m\u0259dl\u0259 \u201cbizim evin u\u015faqlar\u0131ndan\u201d T\u00fcrkiy\u0259d\u0259 t\u0259hsil alan \u0130brahimin s\u0131x \u0259laq\u0259l\u0259ri vard\u0131. Ordan tan\u0131y\u0131b oxuyurdum yaz\u0131lar\u0131n\u0131. M\u0259\u015fhur \u201c19 yanvar\u201d mitinqin\u0259 ged\u0259 bilm\u0259yib dey\u0259 \u00f6z\u00fcn\u0259 yer tapm\u0131rd\u0131. \u00dcmumiyy\u0259tl\u0259, \u00e7ox f\u0259al, yorulmaz m\u00f6vqeyi vard\u0131. Yanvar\u0131n 26-na elan edil\u0259n mitinq ba\u015f tutsayd\u0131, \u0130brahim onu da g\u00f6t\u00fcr\u0259c\u0259kdi, m\u0259n d\u0259 o u\u015fa\u011f\u0131 g\u00f6r\u0259c\u0259kdim. N\u0259 mitinq oldu, n\u0259 d\u0259 o g\u00f6r\u00fc\u015f.\n<\/p>\n<p>\n  Birc\u0259 g\u00fcn sonra da o a\u011f\u0131r x\u0259b\u0259r&#8230; Yanvar\u0131n 27-d\u0259 qrip\u0259 g\u00f6r\u0259 s\u0259h\u0259r \u201cT\u0259cili Yard\u0131m\u201dla x\u0259st\u0259xanaya apar\u0131lan S\u0259m\u0259din ax\u015fam ev\u0259 cans\u0131z b\u0259d\u0259nini g\u0259tirirl\u0259r. O bazar g\u00fcn\u00fc Q\u0259b\u0259l\u0259 rayon M\u0259rk\u0259zi X\u0259st\u0259xanas\u0131nda n\u0259 ba\u015f verdi? Bir adam\u0131n talassemiya da\u015f\u0131y\u0131c\u0131s\u0131 olmas\u0131 onun ba\u015fqa bir s\u0259b\u0259bd\u0259n \u00f6l\u00fcm\u0259 t\u0259slim olmas\u0131na \u0259sas verirmi?\n<\/p>\n<p>\n  M\u0259n bu yaz\u0131n\u0131 S\u0259m\u0259din d\u0259fnind\u0259n qay\u0131dan kimi yazmal\u0131yd\u0131m. O g\u00fcnd\u0259n fikrimi toplay\u0131b \u00f6z\u00fcm\u0259 g\u0259l\u0259 bilmir\u0259m. Davaml\u0131, s\u0131x m\u00fcnasib\u0259timiz olmasa da, S\u0259m\u0259d m\u0259n\u0259 \u201cNazl\u0131 ana\u201d dey\u0259nl\u0259rd\u0259n biri kimi do\u011fmad\u0131r. V\u0259 m\u0259n o c\u0259sur, romantik v\u0259 \u0259n ba\u015fl\u0131cas\u0131 t\u0259m\u0259nnas\u0131z u\u015fa\u011f\u0131 Qavro\u015fa b\u0259nz\u0259dirdim. X\u00fcsusil\u0259 t\u0259m\u0259nnas\u0131z ona g\u00f6r\u0259 ki, S\u0259m\u0259d sad\u0259c\u0259 d\u00fc\u015f\u00fcnd\u00fckl\u0259rini yaz\u0131rd\u0131. O d\u00fc\u015f\u00fcnc\u0259l\u0259rin arxas\u0131nda, m\u0259s\u0259l\u0259n, \u00f6lk\u0259ni t\u0259rk edib xaricd\u0259 rahat ya\u015famaq kimi niyy\u0259tl\u0259r durmurdu. \u00d6z\u00fcn\u0259 v\u0259 atas\u0131na qar\u015f\u0131 t\u0259zyiql\u0259ri \u201ct\u0259bii hal\u201d kimi q\u0259bul edib, v\u0259t\u0259nin da\u015f\u0131na-torpa\u011f\u0131na daha \u00e7ox ba\u011flan\u0131rd\u0131. S\u0259m\u0259d azadl\u0131q, b\u0259rab\u0259rlik, \u0259dal\u0259t sava\u015f\u00e7\u0131s\u0131 idi v\u0259 \u00f6z u\u015faq t\u0259birinc\u0259 des\u0259k, can\u0131n\u0131 h\u0259r an v\u0259t\u0259nin, xalq\u0131n yolunda f\u0259da etm\u0259y\u0259 haz\u0131rd\u0131. Etiraz s\u0259sini \u00e7atd\u0131rmaq \u00fc\u00e7\u00fcn sevimli tribunas\u0131 da vard\u0131: Az\u0259rbaycan Xalq C\u0259bh\u0259si Partiyas\u0131 (AXCP). C\u0259bh\u0259\u00e7i olma\u011f\u0131 il\u0259 sevinc v\u0259 q\u00fcrur duyurdu. AXCP-nin simas\u0131nda Milli \u015euran\u0131n mitinql\u0259rin\u0259 h\u0259v\u0259sl\u0259, sev\u0259-sev\u0259 qat\u0131l\u0131rd\u0131. B\u00fcdc\u0259si v\u0259 yaxud s\u0259hh\u0259ti imkan verm\u0259y\u0259nd\u0259 bunu \u00f6z\u00fcn\u0259 g\u00fcnl\u0259rl\u0259 d\u0259rd edib ruhdan d\u00fc\u015f\u00fcrd\u00fc. V\u0259 o AXCP s\u0131ralar\u0131ndak\u0131 mitinq \u015f\u0259kill\u0259ri onun s\u0259hif\u0259sinin m\u00fcbt\u0259das\u0131n\u0131 t\u0259\u015fkil edir. \u201cEdir\u201d ona g\u00f6r\u0259 ki, S\u0259m\u0259din \u201cFacebook\u201d hesab\u0131 a\u00e7\u0131qd\u0131r v\u0259 h\u0259r zaman da a\u00e7\u0131q qalacaq. Onu q\u0259fil, vaxts\u0131z itir\u0259n nisgilli ail\u0259si \u00fc\u00e7\u00fcn o s\u0259hif\u0259 S\u0259m\u0259din q\u0131sa v\u0259 \u015f\u0259r\u0259fli \u00f6m\u00fcr tarix\u00e7\u0259sinin yadigar\u0131d\u0131r.\n<\/p>\n<p>\n  \u0130ndi m\u0259n niy\u0259 nekroloq kimi s\u0131x\u0131c\u0131 yaz\u0131ram? Ondan qalan ikic\u0259 k\u0259lm\u0259lik \u0259lvida mesaj\u0131 daha m\u0259nal\u0131d\u0131r. N\u0259d\u0259n S\u0259m\u0259d? B\u0259s d\u00fcnyaya s\u0131\u011fmayan o b\u00f6y\u00fck arzular, \u00fcmidl\u0259r? Talassemiyan\u0131 z\u0259r\u0259rsizl\u0259\u015fdir\u0259c\u0259k q\u0259d\u0259r h\u0259yat e\u015fqi, m\u00fcbariz\u0259 \u0259zmi? Bom-boz h\u0259yata u\u015faq s\u0259mimiyy\u0259ti il\u0259 r\u0259ng qatma\u011f\u0131 bacaran \u00fcr\u0259yind\u0259n, dilind\u0259n qopan o q\u0259d\u0259r nikbin k\u0259lm\u0259l\u0259r b\u0259s nec\u0259 olsun?\n<\/p>\n<p>\n  S\u0259m\u0259din atas\u0131 \u00f6vlad\u0131n\u0131n \u00f6l\u00fcm\u00fcn\u00fc t\u0259sad\u00fcf hesab etmir. O da ola, ne\u00e7\u0259 s\u0131naqlardan ke\u00e7ib ayaqda qalan \u00f6vlad\u0131n\u0131n. Bak\u0131da S\u0259m\u0259din \u0259m\u0259liyyat\u0131n\u0131 boynuna g\u00f6t\u00fcr\u00fcb u\u011furlu n\u0259tic\u0259 alan professor Ramin \u0130manov q\u0259ti sur\u0259td\u0259 S\u0259m\u0259din h\u0259r hans\u0131 qripd\u0259n \u00f6lm\u0259 ehtimal\u0131na qar\u015f\u0131 \u00e7\u0131x\u0131r. Haz\u0131rda Almaniyada ya\u015fayan m\u0259\u015fhur doktorun r\u0259yin\u0259 g\u00f6r\u0259 onun immunitetinin \u00f6l\u00fcm h\u0259ddin\u0259 d\u00fc\u015fm\u0259si m\u00fcmk\u00fcns\u00fcz hald\u0131r. \u018fm\u0259liyyatdan sonra iki ildir S\u0259m\u0259d\u0259 qan k\u00f6\u00e7\u00fcr\u00fclm\u0259yib. Orqanizmi art\u0131q t\u0259bii qidalara uy\u011funla\u015f\u0131b.\n<\/p>\n<p>\n  Ata min \u0259zab-\u0259ziyy\u0259tl\u0259r bahas\u0131na stabil duruma d\u00fc\u015fm\u00fc\u015f \u00f6vlad\u0131n\u0131n x\u0259st\u0259xanada \u00f6l\u00fcm\u0259 t\u0259rk edilm\u0259sini h\u0259zm ed\u0259 bilmir. \u00d6l\u00fcm\u00fcn a\u011f\u0131rl\u0131\u011f\u0131 \u00f6z yerind\u0259, o g\u00fcn ya\u015fad\u0131\u011f\u0131 kabusu dinl\u0259dikc\u0259 adam\u0131n qan\u0131 donur.\n<\/p>\n<p>\n  &#8230;X\u0259st\u0259xanada \u201csistem\u201d alt\u0131nda vurulan nam\u0259lum iyn\u0259d\u0259n hal\u0131 pisl\u0259\u015f\u0259n S\u0259m\u0259d qon\u015fu Diaqnostika M\u0259rk\u0259zin\u0259 k\u00f6\u00e7\u00fcr\u00fcl\u0259n zaman art\u0131q v\u0259ziyy\u0259ti a\u011f\u0131r olub. O arada x\u0259st\u0259xanadan \u201cehtiyac olsa, qan vurar\u0131q,\u201d- dey\u0259 atan\u0131 sakitl\u0259\u015fdirirmi\u015fl\u0259r. \u00dcz\u00fcax\u015fama Diaqnostika M\u0259rk\u0259zind\u0259n h\u0259r ehtimala qar\u015f\u0131 qan vurma\u011fa q\u0259rar veril\u0259nd\u0259 x\u0259st\u0259xanaya qa\u00e7an adama \u201cqan yoxdur, h\u0259kim evin\u0259 gedib,\u201d &#8211; deyirl\u0259r.\n<\/p>\n<p>\n  \u201c\u018fvv\u0259ll\u0259r birinci qrup \u00f6z qan\u0131mdan k\u00f6\u00e7\u00fcr\u00fcbl\u0259r\u201d, &#8211; dey\u0259 yalvar-yaxar ets\u0259 d\u0259, \u00f6z qan\u0131na icaz\u0259 verilm\u0259yib. Yaln\u0131z \u015e\u0259kid\u0259n g\u0259lm\u0259lidir, deyibl\u0259r. Son \u00fcmid\u0259 k\u00f6kl\u0259n\u0259n ata onda d\u0259rhal \u015e\u0259kiy\u0259 qan dal\u0131nca taksi g\u00f6nd\u0259rib. B\u00fct\u00fcn bu m\u00fcdd\u0259td\u0259 \u00f6vlad\u0131n\u0131n ba\u015f\u0131ndan ayr\u0131lmay\u0131b onun nec\u0259 \u0259ld\u0259n getm\u0259sini izl\u0259m\u0259k d\u0259 var. \u0130yn\u0259 ucu boyda \u00fcmid yaln\u0131z yollara qal\u0131r&#8230;\n<\/p>\n<p>\n  Di g\u0259l ki, o qan g\u0259lib \u00e7atanad\u0259k can \u00e7\u0259ki\u015f\u0259n S\u0259m\u0259d atas\u0131n\u0131n qans\u0131z ortamlardak\u0131 \u00e7ar\u0259siz \u00e7abalar\u0131na n\u00f6qt\u0259 qoyub&#8230; H\u0259r \u015feyi duydu\u011fu anlarda yaln\u0131z \u201cata\u201d dey\u0259r\u0259k davaml\u0131 \u00fcz\u00fcn\u0259 bax\u0131rm\u0131\u015f. Ard\u0131n\u0131 g\u0259tir\u0259 bilm\u0259diyi c\u00fcml\u0259d\u0259 atas\u0131na n\u0259 \u00e7atd\u0131racaqm\u0131\u015f? Erk\u0259n itirdikl\u0259ri anas\u0131n\u0131n yan\u0131nda yerl\u0259\u015fm\u0259k ist\u0259yinimi, m\u00f6hk\u0259m, g\u00fccl\u00fc olmaq xahi\u015finimi?\n<\/p>\n<p>\n  \u00a0O yar\u0131m\u00e7\u0131q c\u00fcml\u0259nin t\u00fcst\u00fcs\u00fcnd\u0259 bo\u011fulan atan\u0131n yegan\u0259 t\u0259s\u0259llisi \u00f6vlad\u0131n\u0131n q\u0259fil \u00f6l\u00fcm\u00fcnd\u0259ki sual i\u015far\u0259l\u0259rini \u00e7\u00f6zm\u0259kdir. A\u011fr\u0131-ac\u0131s\u0131 \u00e7ox v\u0259 t\u0259z\u0259dir, he\u00e7 k\u00f6hn\u0259lm\u0259y\u0259c\u0259k q\u0259d\u0259r t\u0259z\u0259 v\u0259 azalmayacaq q\u0259d\u0259r sonsuz. \u00c7\u00fcnki S\u0259m\u0259dl\u0259 h\u0259m d\u0259 ayr\u0131lmaz dost idil\u0259r. \u018fvv\u0259l quca\u011f\u0131nda, sonralar yan\u0131nda da\u015f\u0131d\u0131\u011f\u0131 h\u0259yat dolu s\u0259sli-k\u00fcyl\u00fc d\u00fcnyas\u0131 da\u011f\u0131lan ataya dem\u0259y\u0259 s\u00f6z tapa bilm\u0259dim. \u00dcz\u00fcn\u00fc tutub bo\u011fula-bo\u011fula a\u011flama\u011f\u0131na s\u0259ssiz qo\u015fulmaqdan savay\u0131.\n<\/p>\n<p>\n  <b><br \/>\n    V\u0259 yeri g\u0259lmi\u015fk\u0259n&#8230;<br \/>\n  <\/b>\n<\/p>\n<p>\n  C\u0259bh\u0259\u00e7i S\u0259m\u0259din \u201cstatus cinay\u0259tin\u0259\u201d g\u00f6r\u0259 \u015f\u00f6b\u0259d\u0259 ata-balan\u0131 klassik \u00fcsullarla ayr\u0131-ayr\u0131 \u201cdindirib\u201d, \u00a0\u00a0\u201cx\u0259b\u0259rdarl\u0131q\u201d edirmi\u015fl\u0259r. O ciddi x\u0259b\u0259rdarl\u0131\u011f\u0131n t\u0259rkib hiss\u0259sinin hans\u0131 \u201ct\u0259dbirl\u0259rd\u0259n\u201d v\u0259 \u201cmadd\u0259l\u0259rd\u0259n\u201d ibar\u0259t oldu\u011funu n\u0259z\u0259r\u0259 alsaq, S\u0259m\u0259d atas\u0131n\u0131n t\u0259kidi il\u0259 o s\u0259hif\u0259ni el\u0259 ordaca ba\u011flamal\u0131yd\u0131. Amma bunu n\u0259 \u00f6z\u00fc edib, n\u0259 d\u0259 atas\u0131 h\u0259yat\u0131n m\u0259nas\u0131n\u0131 o yaz\u0131-pozuda tapan S\u0259m\u0259d\u0259 r\u0259va g\u00f6r\u00fcb. \u018fksin\u0259, \u00e7\u0131xar-\u00e7\u0131xmaz qald\u0131qlar\u0131 yerd\u0259n daha s\u0259rt \u00e7\u0259kild\u0259 davam edibl\u0259r. H\u0259m d\u0259 atan\u0131n evd\u0259 o h\u0259d\u0259l\u0259r\u0259 uy\u011fun b\u00f6y\u00fck o\u011flunun, S\u0259m\u0259din t\u0259k qarda\u015f\u0131n\u0131n da oldu\u011funa baxmayaraq.\n<\/p>\n<p>\n  Az\u0259rbaycan Xalq C\u0259bh\u0259sind\u0259n sadiq, f\u0259al \u00fczvl\u0259ri g\u0259nc S\u0259m\u0259d T\u00fcrksoyun \u00f6l\u00fcm\u00fc il\u0259 ba\u011fl\u0131 atas\u0131na \u00a0t\u0259skinlik verm\u0259k \u00fc\u00e7\u00fcn Q\u0259b\u0259l\u0259y\u0259 g\u0259l\u0259n oldumu g\u00f6r\u0259s\u0259n? S\u0259m\u0259din atas\u0131n\u0131n g\u00f6zl\u0259ri yol \u00e7\u0259kirdi, \u0259ziz\u00a0 c\u0259bh\u0259\u00e7il\u0259r&#8230;\n<\/p>\n<div>\n<p>\n      <i><br \/>\n        <b><br \/>\n          Yaz\u0131 m\u00fc\u0259llifin fikirl\u0259rini \u0259ks etdirir v\u0259 Meydan TV-nin m\u00f6vqeyi il\u0259 \u00fcst-\u00fcst\u0259 d\u00fc\u015fm\u0259y\u0259 bil\u0259r.<br \/>\n        <\/b><br \/>\n      <\/i>\n    <\/p>\n<\/p><\/div>\n<\/p>\n<p><div><\/div><\/p>\n","protected":false},"excerpt":{"rendered":"<p>27 yanvar, 19:42. \u201cS\u0259m\u0259d\u0259 \u0259lvida\u201d&#8230;<\/p>\n","protected":false},"author":11,"featured_media":117308,"comment_status":"closed","ping_status":"open","sticky":false,"template":"","format":"standard","meta":{"_acf_changed":false,"_sitemap_exclude":false,"_sitemap_priority":"","_sitemap_frequency":"","footnotes":""},"categories":[57],"tags":[],"class_list":["post-193867","post","type-post","status-publish","format-standard","has-post-thumbnail","hentry","category-menim-fikrimce","infinite-scroll-item","generate-columns","tablet-grid-50","mobile-grid-100","grid-parent","grid-33","no-featured-image-padding"],"acf":[],"yoast_head":"<!-- This site is optimized with the Yoast SEO plugin v27.4 - https:\/\/yoast.com\/product\/yoast-seo-wordpress\/ -->\n<title>S\u0259m\u0259d T\u00fcrksoyun ba\u011flanmam\u0131\u015f s\u0259hif\u0259si - MEYDAN.TV<\/title>\n<meta name=\"robots\" content=\"index, follow, max-snippet:-1, max-image-preview:large, max-video-preview:-1\" \/>\n<link rel=\"canonical\" href=\"https:\/\/www.meydan.tv\/az\/article\/semed-turksoyun-baglanmamis-sehifesi\/\" \/>\n<meta property=\"og:locale\" content=\"az_AZ\" \/>\n<meta property=\"og:type\" content=\"article\" \/>\n<meta property=\"og:title\" content=\"S\u0259m\u0259d T\u00fcrksoyun ba\u011flanmam\u0131\u015f s\u0259hif\u0259si - MEYDAN.TV\" \/>\n<meta property=\"og:description\" content=\"27 yanvar, 19:42. \u201cS\u0259m\u0259d\u0259 \u0259lvida\u201d...\" \/>\n<meta property=\"og:url\" content=\"https:\/\/www.meydan.tv\/az\/article\/semed-turksoyun-baglanmamis-sehifesi\/\" \/>\n<meta property=\"og:site_name\" content=\"MEYDAN.TV\" \/>\n<meta property=\"article:published_time\" content=\"2019-02-06T18:03:34+00:00\" \/>\n<meta property=\"og:image\" content=\"https:\/\/www.meydan.tv\/wp-content\/uploads\/46770.jpg\" \/>\n\t<meta property=\"og:image:width\" content=\"640\" \/>\n\t<meta property=\"og:image:height\" content=\"480\" \/>\n\t<meta property=\"og:image:type\" content=\"image\/jpeg\" \/>\n<meta name=\"author\" content=\"user-manager\" \/>\n<meta name=\"twitter:card\" content=\"summary_large_image\" \/>\n<script type=\"application\/ld+json\" class=\"yoast-schema-graph\">{\"@context\":\"https:\\\/\\\/schema.org\",\"@graph\":[{\"@type\":\"Article\",\"@id\":\"https:\\\/\\\/www.meydan.tv\\\/az\\\/article\\\/semed-turksoyun-baglanmamis-sehifesi\\\/#article\",\"isPartOf\":{\"@id\":\"https:\\\/\\\/www.meydan.tv\\\/az\\\/article\\\/semed-turksoyun-baglanmamis-sehifesi\\\/\"},\"author\":{\"name\":\"user-manager\",\"@id\":\"https:\\\/\\\/www.meydan.tv\\\/az\\\/#\\\/schema\\\/person\\\/10d11eccf6da3662cf5fdab9806ea91a\"},\"headline\":\"S\u0259m\u0259d T\u00fcrksoyun ba\u011flanmam\u0131\u015f s\u0259hif\u0259si\",\"datePublished\":\"2019-02-06T18:03:34+00:00\",\"mainEntityOfPage\":{\"@id\":\"https:\\\/\\\/www.meydan.tv\\\/az\\\/article\\\/semed-turksoyun-baglanmamis-sehifesi\\\/\"},\"wordCount\":1592,\"publisher\":{\"@id\":\"https:\\\/\\\/www.meydan.tv\\\/az\\\/#organization\"},\"image\":{\"@id\":\"https:\\\/\\\/www.meydan.tv\\\/az\\\/article\\\/semed-turksoyun-baglanmamis-sehifesi\\\/#primaryimage\"},\"thumbnailUrl\":\"https:\\\/\\\/www.meydan.tv\\\/wp-content\\\/uploads\\\/46770.jpg\",\"articleSection\":[\"M\u0259nim Fikrimc\u0259\"],\"inLanguage\":\"az\"},{\"@type\":\"WebPage\",\"@id\":\"https:\\\/\\\/www.meydan.tv\\\/az\\\/article\\\/semed-turksoyun-baglanmamis-sehifesi\\\/\",\"url\":\"https:\\\/\\\/www.meydan.tv\\\/az\\\/article\\\/semed-turksoyun-baglanmamis-sehifesi\\\/\",\"name\":\"S\u0259m\u0259d T\u00fcrksoyun ba\u011flanmam\u0131\u015f s\u0259hif\u0259si - MEYDAN.TV\",\"isPartOf\":{\"@id\":\"https:\\\/\\\/www.meydan.tv\\\/az\\\/#website\"},\"primaryImageOfPage\":{\"@id\":\"https:\\\/\\\/www.meydan.tv\\\/az\\\/article\\\/semed-turksoyun-baglanmamis-sehifesi\\\/#primaryimage\"},\"image\":{\"@id\":\"https:\\\/\\\/www.meydan.tv\\\/az\\\/article\\\/semed-turksoyun-baglanmamis-sehifesi\\\/#primaryimage\"},\"thumbnailUrl\":\"https:\\\/\\\/www.meydan.tv\\\/wp-content\\\/uploads\\\/46770.jpg\",\"datePublished\":\"2019-02-06T18:03:34+00:00\",\"breadcrumb\":{\"@id\":\"https:\\\/\\\/www.meydan.tv\\\/az\\\/article\\\/semed-turksoyun-baglanmamis-sehifesi\\\/#breadcrumb\"},\"inLanguage\":\"az\",\"potentialAction\":[{\"@type\":\"ReadAction\",\"target\":[\"https:\\\/\\\/www.meydan.tv\\\/az\\\/article\\\/semed-turksoyun-baglanmamis-sehifesi\\\/\"]}]},{\"@type\":\"ImageObject\",\"inLanguage\":\"az\",\"@id\":\"https:\\\/\\\/www.meydan.tv\\\/az\\\/article\\\/semed-turksoyun-baglanmamis-sehifesi\\\/#primaryimage\",\"url\":\"https:\\\/\\\/www.meydan.tv\\\/wp-content\\\/uploads\\\/46770.jpg\",\"contentUrl\":\"https:\\\/\\\/www.meydan.tv\\\/wp-content\\\/uploads\\\/46770.jpg\",\"width\":640,\"height\":480,\"caption\":\"Source:\"},{\"@type\":\"BreadcrumbList\",\"@id\":\"https:\\\/\\\/www.meydan.tv\\\/az\\\/article\\\/semed-turksoyun-baglanmamis-sehifesi\\\/#breadcrumb\",\"itemListElement\":[{\"@type\":\"ListItem\",\"position\":1,\"name\":\"Ana s\u0259hif\u0259\",\"item\":\"https:\\\/\\\/www.meydan.tv\\\/az\\\/\"},{\"@type\":\"ListItem\",\"position\":2,\"name\":\"M\u0259nim Fikrimc\u0259\",\"item\":\"https:\\\/\\\/www.meydan.tv\\\/az\\\/section\\\/menim-fikrimce\\\/\"},{\"@type\":\"ListItem\",\"position\":3,\"name\":\"S\u0259m\u0259d T\u00fcrksoyun ba\u011flanmam\u0131\u015f s\u0259hif\u0259si\"}]},{\"@type\":\"WebSite\",\"@id\":\"https:\\\/\\\/www.meydan.tv\\\/az\\\/#website\",\"url\":\"https:\\\/\\\/www.meydan.tv\\\/az\\\/\",\"name\":\"MEYDAN.TV\",\"description\":\"Meydan TV Az\u0259rbaycan\u0131n media m\u0259kan\u0131ndak\u0131 alternativ s\u0259sidir\",\"publisher\":{\"@id\":\"https:\\\/\\\/www.meydan.tv\\\/az\\\/#organization\"},\"potentialAction\":[{\"@type\":\"SearchAction\",\"target\":{\"@type\":\"EntryPoint\",\"urlTemplate\":\"https:\\\/\\\/www.meydan.tv\\\/az\\\/?s={search_term_string}\"},\"query-input\":{\"@type\":\"PropertyValueSpecification\",\"valueRequired\":true,\"valueName\":\"search_term_string\"}}],\"inLanguage\":\"az\"},{\"@type\":\"Organization\",\"@id\":\"https:\\\/\\\/www.meydan.tv\\\/az\\\/#organization\",\"name\":\"Meydan TV\",\"url\":\"https:\\\/\\\/www.meydan.tv\\\/az\\\/\",\"logo\":{\"@type\":\"ImageObject\",\"inLanguage\":\"az\",\"@id\":\"https:\\\/\\\/www.meydan.tv\\\/az\\\/#\\\/schema\\\/logo\\\/image\\\/\",\"url\":\"https:\\\/\\\/www.meydan.tv\\\/wp-content\\\/uploads\\\/2021\\\/07\\\/meydan-logo.svg\",\"contentUrl\":\"https:\\\/\\\/www.meydan.tv\\\/wp-content\\\/uploads\\\/2021\\\/07\\\/meydan-logo.svg\",\"width\":195,\"height\":46,\"caption\":\"Meydan TV\"},\"image\":{\"@id\":\"https:\\\/\\\/www.meydan.tv\\\/az\\\/#\\\/schema\\\/logo\\\/image\\\/\"}},{\"@type\":\"Person\",\"@id\":\"https:\\\/\\\/www.meydan.tv\\\/az\\\/#\\\/schema\\\/person\\\/10d11eccf6da3662cf5fdab9806ea91a\",\"name\":\"user-manager\"}]}<\/script>\n<!-- \/ Yoast SEO plugin. -->","yoast_head_json":{"title":"S\u0259m\u0259d T\u00fcrksoyun ba\u011flanmam\u0131\u015f s\u0259hif\u0259si - MEYDAN.TV","robots":{"index":"index","follow":"follow","max-snippet":"max-snippet:-1","max-image-preview":"max-image-preview:large","max-video-preview":"max-video-preview:-1"},"canonical":"https:\/\/www.meydan.tv\/az\/article\/semed-turksoyun-baglanmamis-sehifesi\/","og_locale":"az_AZ","og_type":"article","og_title":"S\u0259m\u0259d T\u00fcrksoyun ba\u011flanmam\u0131\u015f s\u0259hif\u0259si - MEYDAN.TV","og_description":"27 yanvar, 19:42. \u201cS\u0259m\u0259d\u0259 \u0259lvida\u201d...","og_url":"https:\/\/www.meydan.tv\/az\/article\/semed-turksoyun-baglanmamis-sehifesi\/","og_site_name":"MEYDAN.TV","article_published_time":"2019-02-06T18:03:34+00:00","og_image":[{"width":640,"height":480,"url":"https:\/\/www.meydan.tv\/wp-content\/uploads\/46770.jpg","type":"image\/jpeg"}],"author":"user-manager","twitter_card":"summary_large_image","schema":{"@context":"https:\/\/schema.org","@graph":[{"@type":"Article","@id":"https:\/\/www.meydan.tv\/az\/article\/semed-turksoyun-baglanmamis-sehifesi\/#article","isPartOf":{"@id":"https:\/\/www.meydan.tv\/az\/article\/semed-turksoyun-baglanmamis-sehifesi\/"},"author":{"name":"user-manager","@id":"https:\/\/www.meydan.tv\/az\/#\/schema\/person\/10d11eccf6da3662cf5fdab9806ea91a"},"headline":"S\u0259m\u0259d T\u00fcrksoyun ba\u011flanmam\u0131\u015f s\u0259hif\u0259si","datePublished":"2019-02-06T18:03:34+00:00","mainEntityOfPage":{"@id":"https:\/\/www.meydan.tv\/az\/article\/semed-turksoyun-baglanmamis-sehifesi\/"},"wordCount":1592,"publisher":{"@id":"https:\/\/www.meydan.tv\/az\/#organization"},"image":{"@id":"https:\/\/www.meydan.tv\/az\/article\/semed-turksoyun-baglanmamis-sehifesi\/#primaryimage"},"thumbnailUrl":"https:\/\/www.meydan.tv\/wp-content\/uploads\/46770.jpg","articleSection":["M\u0259nim Fikrimc\u0259"],"inLanguage":"az"},{"@type":"WebPage","@id":"https:\/\/www.meydan.tv\/az\/article\/semed-turksoyun-baglanmamis-sehifesi\/","url":"https:\/\/www.meydan.tv\/az\/article\/semed-turksoyun-baglanmamis-sehifesi\/","name":"S\u0259m\u0259d T\u00fcrksoyun ba\u011flanmam\u0131\u015f s\u0259hif\u0259si - MEYDAN.TV","isPartOf":{"@id":"https:\/\/www.meydan.tv\/az\/#website"},"primaryImageOfPage":{"@id":"https:\/\/www.meydan.tv\/az\/article\/semed-turksoyun-baglanmamis-sehifesi\/#primaryimage"},"image":{"@id":"https:\/\/www.meydan.tv\/az\/article\/semed-turksoyun-baglanmamis-sehifesi\/#primaryimage"},"thumbnailUrl":"https:\/\/www.meydan.tv\/wp-content\/uploads\/46770.jpg","datePublished":"2019-02-06T18:03:34+00:00","breadcrumb":{"@id":"https:\/\/www.meydan.tv\/az\/article\/semed-turksoyun-baglanmamis-sehifesi\/#breadcrumb"},"inLanguage":"az","potentialAction":[{"@type":"ReadAction","target":["https:\/\/www.meydan.tv\/az\/article\/semed-turksoyun-baglanmamis-sehifesi\/"]}]},{"@type":"ImageObject","inLanguage":"az","@id":"https:\/\/www.meydan.tv\/az\/article\/semed-turksoyun-baglanmamis-sehifesi\/#primaryimage","url":"https:\/\/www.meydan.tv\/wp-content\/uploads\/46770.jpg","contentUrl":"https:\/\/www.meydan.tv\/wp-content\/uploads\/46770.jpg","width":640,"height":480,"caption":"Source:"},{"@type":"BreadcrumbList","@id":"https:\/\/www.meydan.tv\/az\/article\/semed-turksoyun-baglanmamis-sehifesi\/#breadcrumb","itemListElement":[{"@type":"ListItem","position":1,"name":"Ana s\u0259hif\u0259","item":"https:\/\/www.meydan.tv\/az\/"},{"@type":"ListItem","position":2,"name":"M\u0259nim Fikrimc\u0259","item":"https:\/\/www.meydan.tv\/az\/section\/menim-fikrimce\/"},{"@type":"ListItem","position":3,"name":"S\u0259m\u0259d T\u00fcrksoyun ba\u011flanmam\u0131\u015f s\u0259hif\u0259si"}]},{"@type":"WebSite","@id":"https:\/\/www.meydan.tv\/az\/#website","url":"https:\/\/www.meydan.tv\/az\/","name":"MEYDAN.TV","description":"Meydan TV Az\u0259rbaycan\u0131n media m\u0259kan\u0131ndak\u0131 alternativ s\u0259sidir","publisher":{"@id":"https:\/\/www.meydan.tv\/az\/#organization"},"potentialAction":[{"@type":"SearchAction","target":{"@type":"EntryPoint","urlTemplate":"https:\/\/www.meydan.tv\/az\/?s={search_term_string}"},"query-input":{"@type":"PropertyValueSpecification","valueRequired":true,"valueName":"search_term_string"}}],"inLanguage":"az"},{"@type":"Organization","@id":"https:\/\/www.meydan.tv\/az\/#organization","name":"Meydan TV","url":"https:\/\/www.meydan.tv\/az\/","logo":{"@type":"ImageObject","inLanguage":"az","@id":"https:\/\/www.meydan.tv\/az\/#\/schema\/logo\/image\/","url":"https:\/\/www.meydan.tv\/wp-content\/uploads\/2021\/07\/meydan-logo.svg","contentUrl":"https:\/\/www.meydan.tv\/wp-content\/uploads\/2021\/07\/meydan-logo.svg","width":195,"height":46,"caption":"Meydan TV"},"image":{"@id":"https:\/\/www.meydan.tv\/az\/#\/schema\/logo\/image\/"}},{"@type":"Person","@id":"https:\/\/www.meydan.tv\/az\/#\/schema\/person\/10d11eccf6da3662cf5fdab9806ea91a","name":"user-manager"}]}},"_links":{"self":[{"href":"https:\/\/www.meydan.tv\/az\/wp-json\/wp\/v2\/posts\/193867","targetHints":{"allow":["GET"]}}],"collection":[{"href":"https:\/\/www.meydan.tv\/az\/wp-json\/wp\/v2\/posts"}],"about":[{"href":"https:\/\/www.meydan.tv\/az\/wp-json\/wp\/v2\/types\/post"}],"author":[{"embeddable":true,"href":"https:\/\/www.meydan.tv\/az\/wp-json\/wp\/v2\/users\/11"}],"replies":[{"embeddable":true,"href":"https:\/\/www.meydan.tv\/az\/wp-json\/wp\/v2\/comments?post=193867"}],"version-history":[{"count":0,"href":"https:\/\/www.meydan.tv\/az\/wp-json\/wp\/v2\/posts\/193867\/revisions"}],"wp:featuredmedia":[{"embeddable":true,"href":"https:\/\/www.meydan.tv\/az\/wp-json\/wp\/v2\/media\/117308"}],"wp:attachment":[{"href":"https:\/\/www.meydan.tv\/az\/wp-json\/wp\/v2\/media?parent=193867"}],"wp:term":[{"taxonomy":"category","embeddable":true,"href":"https:\/\/www.meydan.tv\/az\/wp-json\/wp\/v2\/categories?post=193867"},{"taxonomy":"post_tag","embeddable":true,"href":"https:\/\/www.meydan.tv\/az\/wp-json\/wp\/v2\/tags?post=193867"}],"curies":[{"name":"wp","href":"https:\/\/api.w.org\/{rel}","templated":true}]}}