{"id":193865,"date":"2019-02-06T17:39:47","date_gmt":"2019-02-06T17:39:47","guid":{"rendered":"https:\/\/www.meydan.tv\/article\/4-ildir-icra-bascisinin-qebuluna-duse-bilmirem\/"},"modified":"2019-02-06T17:39:47","modified_gmt":"2019-02-06T17:39:47","slug":"4-ildir-icra-bascisinin-qebuluna-duse-bilmirem","status":"publish","type":"post","link":"https:\/\/www.meydan.tv\/az\/article\/4-ildir-icra-bascisinin-qebuluna-duse-bilmirem\/","title":{"rendered":"&#8221;4 ildir icra ba\u015f\u00e7\u0131s\u0131n\u0131n q\u0259buluna d\u00fc\u015f\u0259 bilmir\u0259m&#8221;"},"content":{"rendered":"<figure class=\"wp-block-image size-large\">\n  <img decoding=\"async\" src=\"https:\/\/www.meydan.tv\/az\/elizaman-xaneliyev\/\" alt=\"\u018flizaman Xan\u0259liyev\" class=\"wp-image-117314\"\/><figcaption>\n    \u018flizaman Xan\u0259liyev<br \/>\n  <\/figcaption><\/figure>\n<p>\n  <i><br \/>\n    Himay\u0259sind\u0259 2 azya\u015fl\u0131 olan m\u00fc\u0259llim i\u015f axtar\u0131r<br \/>\n  <\/i>\n<\/p>\n<p>\n  &#8220;T\u0259hsilim oldu\u011fu halda, m\u0259ni i\u015fl\u0259 t\u0259min etmirl\u0259r. D\u00f6rd ildir ki, A\u011fsu rayon icra ba\u015f\u00e7\u0131s\u0131 \u018fnv\u0259r Seyid\u0259liyevin q\u0259buluna d\u00fc\u015f\u0259 bilmir\u0259m. H\u0259r d\u0259f\u0259 q\u0259buluna ged\u0259nd\u0259, m\u00fcxt\u0259lif b\u0259han\u0259l\u0259r g\u0259tirib, a\u011fz\u0131mdan vurub, geri yola sal\u0131rlar&#8221;.\n<\/p>\n<p>\n  Bu s\u00f6zl\u0259ri Meydan TV-y\u0259 A\u011fsu \u015f\u0259h\u0259ri, Nizami k\u00fc\u00e7\u0259si 17 \u00fcnvan\u0131nda ya\u015fayan \u018flizaman Xan\u0259liyev s\u00f6yl\u0259yir. Dediyin\u0259 g\u00f6r\u0259, Bak\u0131 Ma\u015f\u0131nqay\u0131rma Texnikumunu bitirdikd\u0259n sonra uzun ill\u0259r pe\u015f\u0259 m\u0259kt\u0259bind\u0259 m\u00fc\u0259llim i\u015fl\u0259yib:\n<\/p>\n<p>\n  &#8220;N\u0259 q\u0259d\u0259r \u015fagirdl\u0259rim olub. \u0130ndi yenid\u0259n i\u015fl\u0259m\u0259k ist\u0259yir\u0259m, icra hakimiyy\u0259tind\u0259n deyirl\u0259r ki, i\u015f a\u00e7\u0131lacaq, gedib da\u015f da\u015f\u0131yarsan. Deyir\u0259m ki, m\u0259kt\u0259b qurtarm\u0131\u015fam, da\u015f da\u015f\u0131mam\u0131\u015fam, m\u00fc\u0259llim i\u015fl\u0259mi\u015f\u0259m. \u00c7ox pis zamanda ya\u015fay\u0131r\u0131q, dolan\u0131\u015f\u0131\u011f\u0131m\u0131z a\u011f\u0131rd\u0131r. Bu g\u00fcn m\u0259n neyl\u0259m\u0259liy\u0259m ki, ac\u0131ndan \u00f6lm\u0259liy\u0259m? \u0130kinci qrup \u0259lil, gedib, da\u015f da\u015f\u0131yacaq? Ald\u0131\u011f\u0131m 162 manat t\u0259qa\u00fcdl\u0259 dolanmaq olmur&#8221;.\n<\/p>\n<p>\n  \u018flizaman Xan\u0259liyevin himay\u0259sind\u0259 13 v\u0259 11 ya\u015fl\u0131 bald\u0131z\u0131 u\u015faqlar\u0131 var. S\u00f6yl\u0259yir ki, u\u015faqlar\u0131n qay\u011f\u0131lar\u0131, probleml\u0259ri olmasa, h\u0259yat yolda\u015f\u0131 il\u0259 ikisi birt\u0259h\u0259r dolanarlar:\n<\/p>\n<p>\n  &#8220;Bald\u0131z\u0131m Elnur\u0259 Eyyubova bo\u015fanandan sonra, ke\u00e7mi\u015f \u0259ri Kavus H\u00fcseynov aliment \u00f6d\u0259m\u0259kd\u0259n imtina edirdi. G\u00fcnl\u0259rin birind\u0259 d\u0259 k\u00f6rp\u0259l\u0259rin g\u00f6z\u00fc \u00f6n\u00fcnd\u0259 g\u0259lini b\u0131\u00e7aqlayaraq \u00f6ld\u00fcrd\u00fc. Bu adam h\u0259m araq i\u00e7irdi, h\u0259m d\u0259 n\u0259\u015f\u0259 \u00e7\u0259kirdi. Gedib, qay\u0131natas\u0131gil\u0259, deyib ki, u\u015faqlar\u0131m\u0131 g\u00f6rm\u0259y\u0259 g\u0259lmi\u015f\u0259m. \u018fvv\u0259lc\u0259, qay\u0131natas\u0131 u\u015faqlar\u0131 g\u00f6rm\u0259y\u0259 raz\u0131l\u0131q verm\u0259yib. Amma sonradan yola g\u0259lib. G\u0259lin d\u0259 ke\u00e7ib m\u0259tb\u0259x\u0259, bunun \u00fc\u00e7\u00fcn yem\u0259k haz\u0131rlas\u0131n. Yem\u0259yi haz\u0131rlad\u0131\u011f\u0131 yerd\u0259c\u0259, \u0259ri b\u0131\u00e7a\u011f\u0131 g\u00f6t\u00fcr\u00fcb q\u0131za 15-16 b\u0131\u00e7aq vurmu\u015fdu. He\u00e7 bir s\u0259b\u0259b olmadan q\u0131z\u0131 \u00f6ld\u00fcrd\u00fc. Ona 13 il c\u0259za k\u0259sdil\u0259r. Hadis\u0259 4 il bundan \u0259vv\u0259l olub. U\u015faqlar da qald\u0131 yetim. N\u0259n\u0259 d\u0259 ya\u015fl\u0131 adam idi, baxa bilmirdi. El\u0259 h\u0259min il u\u015faqlar\u0131n q\u0259yyumlu\u011fu r\u0259smi olaraq biz\u0259 verildi&#8221;.\n<\/p>\n<p>\n  U\u015fa\u011f\u0131n birind\u0259 pullu d\u0259mrov (psoriaz-red) x\u0259st\u0259liyi var, ikinci qrup \u0259lildir. \u018f.Xan\u0259liyev deyir ki, d\u0259rmanlar bahad\u0131r, \u0259vv\u0259ll\u0259r d\u00f6vl\u0259r bunun \u00fc\u00e7\u00fcn 61 manat m\u00fcavin\u0259t vers\u0259 d\u0259, sonradan dayand\u0131r\u0131l\u0131b:\n<\/p>\n<p>\n  \u201cBu g\u00fcn d\u00f6vl\u0259td\u0259n 1 manat yard\u0131m yoxdur. \u015eikay\u0259t\u0259 d\u0259 bax\u0131lm\u0131r. Kim\u0259 deyirs\u0259n, \u0259h\u0259miyy\u0259t vermir. Gedirs\u0259n, kor-pe\u015fman geri qay\u0131d\u0131rsan. Sosial M\u00fcdafi\u0259 Fondunun A\u011fsu \u015e\u00f6b\u0259sin\u0259 getmi\u015fik, deyibl\u0259r ki, bu u\u015fa\u011fa yard\u0131m d\u00fc\u015fm\u00fcr&#8221;, &#8211; \u018flizaman Xan\u0259liyev bel\u0259 deyir.\n<\/p>\n<figure class=\"wp-block-image size-large\">\n  <img decoding=\"async\" src=\"https:\/\/www.meydan.tv\/az\/117317\/\" alt=\"\" class=\"wp-image-117317\"\/><figcaption><\/figcaption><\/figure>\n<p>\n  Sosial M\u00fcdafi\u0259 Fondunun A\u011fsu \u015e\u00f6b\u0259sinin \u0259m\u0259kda\u015f\u0131 Xalid H\u0259s\u0259nov is\u0259 Meydan TV-y\u0259 bildirib ki, h\u0259min u\u015fa\u011f\u0131n m\u00fcavin\u0259t almaq h\u00fcququ var v\u0259 bunun \u00fc\u00e7\u00fcn \u015f\u00f6b\u0259y\u0259 m\u00fcraci\u0259t olunmal\u0131d\u0131r:\n<\/p>\n<p>\n  &#8220;Biz\u0259 m\u00fcraci\u0259t etsinl\u0259r, problem\u0259 bax\u0131lacaq. U\u015fa\u011fa m\u00fcavin\u0259t, ya da pensiya t\u0259yin olunacaq&#8221;.\n<\/p>\n<p>\n  A\u011fsu Rayon \u0130cra Hakimiyy\u0259tinin s\u0259n\u0259dl\u0259rl\u0259 v\u0259 v\u0259t\u0259nda\u015flar\u0131n m\u00fcraci\u0259tl\u0259ri il\u0259 i\u015f \u015f\u00f6b\u0259sinin m\u00fcdiri Cahangir M\u0259h\u0259rr\u0259mov Meydan TV \u0259m\u0259kda\u015f\u0131 il\u0259 s\u00f6hb\u0259tind\u0259 \u018fnv\u0259r Seyid\u0259liyev Az\u0259r o\u011flunun yaz\u0131l\u0131 m\u00fcraci\u0259t etm\u0259diyini deyib:\n<\/p>\n<p>\n  &#8220;Bu adam biz\u0259 m\u00fcraci\u0259t etm\u0259yib. Ets\u0259ydi, bil\u0259rdik. \u00d6nc\u0259 onu deyim ki, icra hakimiyy\u0259ti i\u015f\u0259 g\u00f6t\u00fcr\u0259n qurum deyil, bunun \u00fc\u00e7\u00fcn respublikada m\u0259\u015f\u011fulluq m\u0259rk\u0259zl\u0259ri var. M\u00fctl\u0259q A\u011fsu Rayon M\u0259\u015f\u011fulluq Xidm\u0259tind\u0259 qeydiyyata durmaq laz\u0131md\u0131r. \u0130st\u0259nil\u0259n halda, biz\u0259 i\u015fl\u0259 ba\u011fl\u0131 m\u00fcraci\u0259t edildikd\u0259, istiqam\u0259t veririk, k\u00f6m\u0259klik g\u00f6st\u0259ririk. Amma h\u0259min adam biz\u0259 i\u015fl\u0259 ba\u011fl\u0131 m\u00fcraci\u0259t etm\u0259yib&#8221;.<\/p>\n","protected":false},"excerpt":{"rendered":"<p>Himay\u0259sind\u0259 2 azya\u015fl\u0131 olan m\u00fc\u0259llim i\u015f axtar\u0131r<\/p>\n","protected":false},"author":11,"featured_media":117314,"comment_status":"closed","ping_status":"open","sticky":false,"template":"","format":"standard","meta":{"_acf_changed":false,"_sitemap_exclude":false,"_sitemap_priority":"","_sitemap_frequency":"","footnotes":""},"categories":[60],"tags":[],"class_list":["post-193865","post","type-post","status-publish","format-standard","has-post-thumbnail","hentry","category-bolge","infinite-scroll-item","generate-columns","tablet-grid-50","mobile-grid-100","grid-parent","grid-33","no-featured-image-padding"],"acf":[],"yoast_head":"<!-- This site is optimized with the Yoast SEO plugin v27.4 - https:\/\/yoast.com\/product\/yoast-seo-wordpress\/ -->\n<title>&#039;&#039;4 ildir icra ba\u015f\u00e7\u0131s\u0131n\u0131n q\u0259buluna d\u00fc\u015f\u0259 bilmir\u0259m&#039;&#039; - MEYDAN.TV<\/title>\n<meta name=\"robots\" content=\"index, follow, max-snippet:-1, max-image-preview:large, max-video-preview:-1\" \/>\n<link rel=\"canonical\" href=\"https:\/\/www.meydan.tv\/az\/article\/4-ildir-icra-bascisinin-qebuluna-duse-bilmirem\/\" \/>\n<meta property=\"og:locale\" content=\"az_AZ\" \/>\n<meta property=\"og:type\" content=\"article\" \/>\n<meta property=\"og:title\" content=\"&#039;&#039;4 ildir icra ba\u015f\u00e7\u0131s\u0131n\u0131n q\u0259buluna d\u00fc\u015f\u0259 bilmir\u0259m&#039;&#039; - MEYDAN.TV\" \/>\n<meta property=\"og:description\" content=\"Himay\u0259sind\u0259 2 azya\u015fl\u0131 olan m\u00fc\u0259llim i\u015f axtar\u0131r\" \/>\n<meta property=\"og:url\" content=\"https:\/\/www.meydan.tv\/az\/article\/4-ildir-icra-bascisinin-qebuluna-duse-bilmirem\/\" \/>\n<meta property=\"og:site_name\" content=\"MEYDAN.TV\" \/>\n<meta property=\"article:published_time\" content=\"2019-02-06T17:39:47+00:00\" \/>\n<meta property=\"og:image\" content=\"https:\/\/www.meydan.tv\/wp-content\/uploads\/46767-scaled.jpg\" \/>\n\t<meta property=\"og:image:width\" content=\"2560\" \/>\n\t<meta property=\"og:image:height\" content=\"1920\" \/>\n\t<meta property=\"og:image:type\" content=\"image\/jpeg\" \/>\n<meta name=\"author\" content=\"user-manager\" \/>\n<meta name=\"twitter:card\" content=\"summary_large_image\" \/>\n<script type=\"application\/ld+json\" class=\"yoast-schema-graph\">{\"@context\":\"https:\\\/\\\/schema.org\",\"@graph\":[{\"@type\":\"Article\",\"@id\":\"https:\\\/\\\/www.meydan.tv\\\/az\\\/article\\\/4-ildir-icra-bascisinin-qebuluna-duse-bilmirem\\\/#article\",\"isPartOf\":{\"@id\":\"https:\\\/\\\/www.meydan.tv\\\/az\\\/article\\\/4-ildir-icra-bascisinin-qebuluna-duse-bilmirem\\\/\"},\"author\":{\"name\":\"user-manager\",\"@id\":\"https:\\\/\\\/www.meydan.tv\\\/az\\\/#\\\/schema\\\/person\\\/10d11eccf6da3662cf5fdab9806ea91a\"},\"headline\":\"&#8221;4 ildir icra ba\u015f\u00e7\u0131s\u0131n\u0131n q\u0259buluna d\u00fc\u015f\u0259 bilmir\u0259m&#8221;\",\"datePublished\":\"2019-02-06T17:39:47+00:00\",\"mainEntityOfPage\":{\"@id\":\"https:\\\/\\\/www.meydan.tv\\\/az\\\/article\\\/4-ildir-icra-bascisinin-qebuluna-duse-bilmirem\\\/\"},\"wordCount\":733,\"publisher\":{\"@id\":\"https:\\\/\\\/www.meydan.tv\\\/az\\\/#organization\"},\"image\":{\"@id\":\"https:\\\/\\\/www.meydan.tv\\\/az\\\/article\\\/4-ildir-icra-bascisinin-qebuluna-duse-bilmirem\\\/#primaryimage\"},\"thumbnailUrl\":\"https:\\\/\\\/www.meydan.tv\\\/wp-content\\\/uploads\\\/46767-scaled.jpg\",\"articleSection\":[\"B\u00f6lg\u0259\"],\"inLanguage\":\"az\"},{\"@type\":\"WebPage\",\"@id\":\"https:\\\/\\\/www.meydan.tv\\\/az\\\/article\\\/4-ildir-icra-bascisinin-qebuluna-duse-bilmirem\\\/\",\"url\":\"https:\\\/\\\/www.meydan.tv\\\/az\\\/article\\\/4-ildir-icra-bascisinin-qebuluna-duse-bilmirem\\\/\",\"name\":\"''4 ildir icra ba\u015f\u00e7\u0131s\u0131n\u0131n q\u0259buluna d\u00fc\u015f\u0259 bilmir\u0259m'' - MEYDAN.TV\",\"isPartOf\":{\"@id\":\"https:\\\/\\\/www.meydan.tv\\\/az\\\/#website\"},\"primaryImageOfPage\":{\"@id\":\"https:\\\/\\\/www.meydan.tv\\\/az\\\/article\\\/4-ildir-icra-bascisinin-qebuluna-duse-bilmirem\\\/#primaryimage\"},\"image\":{\"@id\":\"https:\\\/\\\/www.meydan.tv\\\/az\\\/article\\\/4-ildir-icra-bascisinin-qebuluna-duse-bilmirem\\\/#primaryimage\"},\"thumbnailUrl\":\"https:\\\/\\\/www.meydan.tv\\\/wp-content\\\/uploads\\\/46767-scaled.jpg\",\"datePublished\":\"2019-02-06T17:39:47+00:00\",\"breadcrumb\":{\"@id\":\"https:\\\/\\\/www.meydan.tv\\\/az\\\/article\\\/4-ildir-icra-bascisinin-qebuluna-duse-bilmirem\\\/#breadcrumb\"},\"inLanguage\":\"az\",\"potentialAction\":[{\"@type\":\"ReadAction\",\"target\":[\"https:\\\/\\\/www.meydan.tv\\\/az\\\/article\\\/4-ildir-icra-bascisinin-qebuluna-duse-bilmirem\\\/\"]}]},{\"@type\":\"ImageObject\",\"inLanguage\":\"az\",\"@id\":\"https:\\\/\\\/www.meydan.tv\\\/az\\\/article\\\/4-ildir-icra-bascisinin-qebuluna-duse-bilmirem\\\/#primaryimage\",\"url\":\"https:\\\/\\\/www.meydan.tv\\\/wp-content\\\/uploads\\\/46767-scaled.jpg\",\"contentUrl\":\"https:\\\/\\\/www.meydan.tv\\\/wp-content\\\/uploads\\\/46767-scaled.jpg\",\"width\":2560,\"height\":1920,\"caption\":\"Source:\"},{\"@type\":\"BreadcrumbList\",\"@id\":\"https:\\\/\\\/www.meydan.tv\\\/az\\\/article\\\/4-ildir-icra-bascisinin-qebuluna-duse-bilmirem\\\/#breadcrumb\",\"itemListElement\":[{\"@type\":\"ListItem\",\"position\":1,\"name\":\"Ana s\u0259hif\u0259\",\"item\":\"https:\\\/\\\/www.meydan.tv\\\/az\\\/\"},{\"@type\":\"ListItem\",\"position\":2,\"name\":\"B\u00f6lg\u0259\",\"item\":\"https:\\\/\\\/www.meydan.tv\\\/az\\\/section\\\/bolge\\\/\"},{\"@type\":\"ListItem\",\"position\":3,\"name\":\"&#8221;4 ildir icra ba\u015f\u00e7\u0131s\u0131n\u0131n q\u0259buluna d\u00fc\u015f\u0259 bilmir\u0259m&#8221;\"}]},{\"@type\":\"WebSite\",\"@id\":\"https:\\\/\\\/www.meydan.tv\\\/az\\\/#website\",\"url\":\"https:\\\/\\\/www.meydan.tv\\\/az\\\/\",\"name\":\"MEYDAN.TV\",\"description\":\"Meydan TV Az\u0259rbaycan\u0131n media m\u0259kan\u0131ndak\u0131 alternativ s\u0259sidir\",\"publisher\":{\"@id\":\"https:\\\/\\\/www.meydan.tv\\\/az\\\/#organization\"},\"potentialAction\":[{\"@type\":\"SearchAction\",\"target\":{\"@type\":\"EntryPoint\",\"urlTemplate\":\"https:\\\/\\\/www.meydan.tv\\\/az\\\/?s={search_term_string}\"},\"query-input\":{\"@type\":\"PropertyValueSpecification\",\"valueRequired\":true,\"valueName\":\"search_term_string\"}}],\"inLanguage\":\"az\"},{\"@type\":\"Organization\",\"@id\":\"https:\\\/\\\/www.meydan.tv\\\/az\\\/#organization\",\"name\":\"Meydan TV\",\"url\":\"https:\\\/\\\/www.meydan.tv\\\/az\\\/\",\"logo\":{\"@type\":\"ImageObject\",\"inLanguage\":\"az\",\"@id\":\"https:\\\/\\\/www.meydan.tv\\\/az\\\/#\\\/schema\\\/logo\\\/image\\\/\",\"url\":\"https:\\\/\\\/www.meydan.tv\\\/wp-content\\\/uploads\\\/2021\\\/07\\\/meydan-logo.svg\",\"contentUrl\":\"https:\\\/\\\/www.meydan.tv\\\/wp-content\\\/uploads\\\/2021\\\/07\\\/meydan-logo.svg\",\"width\":195,\"height\":46,\"caption\":\"Meydan TV\"},\"image\":{\"@id\":\"https:\\\/\\\/www.meydan.tv\\\/az\\\/#\\\/schema\\\/logo\\\/image\\\/\"}},{\"@type\":\"Person\",\"@id\":\"https:\\\/\\\/www.meydan.tv\\\/az\\\/#\\\/schema\\\/person\\\/10d11eccf6da3662cf5fdab9806ea91a\",\"name\":\"user-manager\"}]}<\/script>\n<!-- \/ Yoast SEO plugin. -->","yoast_head_json":{"title":"''4 ildir icra ba\u015f\u00e7\u0131s\u0131n\u0131n q\u0259buluna d\u00fc\u015f\u0259 bilmir\u0259m'' - MEYDAN.TV","robots":{"index":"index","follow":"follow","max-snippet":"max-snippet:-1","max-image-preview":"max-image-preview:large","max-video-preview":"max-video-preview:-1"},"canonical":"https:\/\/www.meydan.tv\/az\/article\/4-ildir-icra-bascisinin-qebuluna-duse-bilmirem\/","og_locale":"az_AZ","og_type":"article","og_title":"''4 ildir icra ba\u015f\u00e7\u0131s\u0131n\u0131n q\u0259buluna d\u00fc\u015f\u0259 bilmir\u0259m'' - MEYDAN.TV","og_description":"Himay\u0259sind\u0259 2 azya\u015fl\u0131 olan m\u00fc\u0259llim i\u015f axtar\u0131r","og_url":"https:\/\/www.meydan.tv\/az\/article\/4-ildir-icra-bascisinin-qebuluna-duse-bilmirem\/","og_site_name":"MEYDAN.TV","article_published_time":"2019-02-06T17:39:47+00:00","og_image":[{"width":2560,"height":1920,"url":"https:\/\/www.meydan.tv\/wp-content\/uploads\/46767-scaled.jpg","type":"image\/jpeg"}],"author":"user-manager","twitter_card":"summary_large_image","schema":{"@context":"https:\/\/schema.org","@graph":[{"@type":"Article","@id":"https:\/\/www.meydan.tv\/az\/article\/4-ildir-icra-bascisinin-qebuluna-duse-bilmirem\/#article","isPartOf":{"@id":"https:\/\/www.meydan.tv\/az\/article\/4-ildir-icra-bascisinin-qebuluna-duse-bilmirem\/"},"author":{"name":"user-manager","@id":"https:\/\/www.meydan.tv\/az\/#\/schema\/person\/10d11eccf6da3662cf5fdab9806ea91a"},"headline":"&#8221;4 ildir icra ba\u015f\u00e7\u0131s\u0131n\u0131n q\u0259buluna d\u00fc\u015f\u0259 bilmir\u0259m&#8221;","datePublished":"2019-02-06T17:39:47+00:00","mainEntityOfPage":{"@id":"https:\/\/www.meydan.tv\/az\/article\/4-ildir-icra-bascisinin-qebuluna-duse-bilmirem\/"},"wordCount":733,"publisher":{"@id":"https:\/\/www.meydan.tv\/az\/#organization"},"image":{"@id":"https:\/\/www.meydan.tv\/az\/article\/4-ildir-icra-bascisinin-qebuluna-duse-bilmirem\/#primaryimage"},"thumbnailUrl":"https:\/\/www.meydan.tv\/wp-content\/uploads\/46767-scaled.jpg","articleSection":["B\u00f6lg\u0259"],"inLanguage":"az"},{"@type":"WebPage","@id":"https:\/\/www.meydan.tv\/az\/article\/4-ildir-icra-bascisinin-qebuluna-duse-bilmirem\/","url":"https:\/\/www.meydan.tv\/az\/article\/4-ildir-icra-bascisinin-qebuluna-duse-bilmirem\/","name":"''4 ildir icra ba\u015f\u00e7\u0131s\u0131n\u0131n q\u0259buluna d\u00fc\u015f\u0259 bilmir\u0259m'' - MEYDAN.TV","isPartOf":{"@id":"https:\/\/www.meydan.tv\/az\/#website"},"primaryImageOfPage":{"@id":"https:\/\/www.meydan.tv\/az\/article\/4-ildir-icra-bascisinin-qebuluna-duse-bilmirem\/#primaryimage"},"image":{"@id":"https:\/\/www.meydan.tv\/az\/article\/4-ildir-icra-bascisinin-qebuluna-duse-bilmirem\/#primaryimage"},"thumbnailUrl":"https:\/\/www.meydan.tv\/wp-content\/uploads\/46767-scaled.jpg","datePublished":"2019-02-06T17:39:47+00:00","breadcrumb":{"@id":"https:\/\/www.meydan.tv\/az\/article\/4-ildir-icra-bascisinin-qebuluna-duse-bilmirem\/#breadcrumb"},"inLanguage":"az","potentialAction":[{"@type":"ReadAction","target":["https:\/\/www.meydan.tv\/az\/article\/4-ildir-icra-bascisinin-qebuluna-duse-bilmirem\/"]}]},{"@type":"ImageObject","inLanguage":"az","@id":"https:\/\/www.meydan.tv\/az\/article\/4-ildir-icra-bascisinin-qebuluna-duse-bilmirem\/#primaryimage","url":"https:\/\/www.meydan.tv\/wp-content\/uploads\/46767-scaled.jpg","contentUrl":"https:\/\/www.meydan.tv\/wp-content\/uploads\/46767-scaled.jpg","width":2560,"height":1920,"caption":"Source:"},{"@type":"BreadcrumbList","@id":"https:\/\/www.meydan.tv\/az\/article\/4-ildir-icra-bascisinin-qebuluna-duse-bilmirem\/#breadcrumb","itemListElement":[{"@type":"ListItem","position":1,"name":"Ana s\u0259hif\u0259","item":"https:\/\/www.meydan.tv\/az\/"},{"@type":"ListItem","position":2,"name":"B\u00f6lg\u0259","item":"https:\/\/www.meydan.tv\/az\/section\/bolge\/"},{"@type":"ListItem","position":3,"name":"&#8221;4 ildir icra ba\u015f\u00e7\u0131s\u0131n\u0131n q\u0259buluna d\u00fc\u015f\u0259 bilmir\u0259m&#8221;"}]},{"@type":"WebSite","@id":"https:\/\/www.meydan.tv\/az\/#website","url":"https:\/\/www.meydan.tv\/az\/","name":"MEYDAN.TV","description":"Meydan TV Az\u0259rbaycan\u0131n media m\u0259kan\u0131ndak\u0131 alternativ s\u0259sidir","publisher":{"@id":"https:\/\/www.meydan.tv\/az\/#organization"},"potentialAction":[{"@type":"SearchAction","target":{"@type":"EntryPoint","urlTemplate":"https:\/\/www.meydan.tv\/az\/?s={search_term_string}"},"query-input":{"@type":"PropertyValueSpecification","valueRequired":true,"valueName":"search_term_string"}}],"inLanguage":"az"},{"@type":"Organization","@id":"https:\/\/www.meydan.tv\/az\/#organization","name":"Meydan TV","url":"https:\/\/www.meydan.tv\/az\/","logo":{"@type":"ImageObject","inLanguage":"az","@id":"https:\/\/www.meydan.tv\/az\/#\/schema\/logo\/image\/","url":"https:\/\/www.meydan.tv\/wp-content\/uploads\/2021\/07\/meydan-logo.svg","contentUrl":"https:\/\/www.meydan.tv\/wp-content\/uploads\/2021\/07\/meydan-logo.svg","width":195,"height":46,"caption":"Meydan TV"},"image":{"@id":"https:\/\/www.meydan.tv\/az\/#\/schema\/logo\/image\/"}},{"@type":"Person","@id":"https:\/\/www.meydan.tv\/az\/#\/schema\/person\/10d11eccf6da3662cf5fdab9806ea91a","name":"user-manager"}]}},"_links":{"self":[{"href":"https:\/\/www.meydan.tv\/az\/wp-json\/wp\/v2\/posts\/193865","targetHints":{"allow":["GET"]}}],"collection":[{"href":"https:\/\/www.meydan.tv\/az\/wp-json\/wp\/v2\/posts"}],"about":[{"href":"https:\/\/www.meydan.tv\/az\/wp-json\/wp\/v2\/types\/post"}],"author":[{"embeddable":true,"href":"https:\/\/www.meydan.tv\/az\/wp-json\/wp\/v2\/users\/11"}],"replies":[{"embeddable":true,"href":"https:\/\/www.meydan.tv\/az\/wp-json\/wp\/v2\/comments?post=193865"}],"version-history":[{"count":0,"href":"https:\/\/www.meydan.tv\/az\/wp-json\/wp\/v2\/posts\/193865\/revisions"}],"wp:featuredmedia":[{"embeddable":true,"href":"https:\/\/www.meydan.tv\/az\/wp-json\/wp\/v2\/media\/117314"}],"wp:attachment":[{"href":"https:\/\/www.meydan.tv\/az\/wp-json\/wp\/v2\/media?parent=193865"}],"wp:term":[{"taxonomy":"category","embeddable":true,"href":"https:\/\/www.meydan.tv\/az\/wp-json\/wp\/v2\/categories?post=193865"},{"taxonomy":"post_tag","embeddable":true,"href":"https:\/\/www.meydan.tv\/az\/wp-json\/wp\/v2\/tags?post=193865"}],"curies":[{"name":"wp","href":"https:\/\/api.w.org\/{rel}","templated":true}]}}